{"id":4185,"date":"2018-05-22T17:54:27","date_gmt":"2018-05-22T20:54:27","guid":{"rendered":"http:\/\/newsinfoco.com.br\/?p=4185"},"modified":"2018-05-22T17:54:27","modified_gmt":"2018-05-22T20:54:27","slug":"tite-podera-ate-perder-a-copa-e-seguir-como-tecnico-da-selecao","status":"publish","type":"post","link":"https:\/\/newsinfoco.com.br\/inicio\/tite-podera-ate-perder-a-copa-e-seguir-como-tecnico-da-selecao\/","title":{"rendered":"Tite poder\u00e1 at\u00e9 perder a Copa. E seguir como t\u00e9cnico da Sele\u00e7\u00e3o"},"content":{"rendered":"<p style=\"text-align: justify;\"><span style=\"color: #000000;\">Ricardo Teixeira abandonou a presid\u00eancia da CBF \u00e0s v\u00e9speras da Copa de 2014. Mundial que ele mesmo trouxe ao Brasil. Havia contra ele fortes acusa\u00e7\u00f5es da Fifa, ligadas \u00e0 extinta ag\u00eancia de marketing, ISL. E tamb\u00e9m investiga\u00e7\u00f5es da Pol\u00edcia Federal envolvendo superfaturamento de um amistoso contra Portugal.\u00a0<\/span><\/p>\n<p style=\"text-align: justify;\"><span style=\"color: #000000;\">Jos\u00e9 Maria Marin est\u00e1 preso nos Estados Unidos, condenado por corrup\u00e7\u00e3o.<\/span><\/p><div class=\"newsi-conteudo_19\" id=\"newsi-1543846682\"><a href=\"https:\/\/www.instagram.com\/prefeituraalagoinhas?igsh=YzgzdDJ1bWR3aWI4\" aria-label=\"SAVE_20251006_221555\"><img loading=\"lazy\" decoding=\"async\" src=\"https:\/\/newsinfoco.com.br\/inicio\/wp-content\/uploads\/2025\/10\/SAVE_20251006_221555-rotated.jpg\" alt=\"\"  srcset=\"https:\/\/newsinfoco.com.br\/inicio\/wp-content\/uploads\/2025\/10\/SAVE_20251006_221555-rotated.jpg 1140w, https:\/\/newsinfoco.com.br\/inicio\/wp-content\/uploads\/2025\/10\/SAVE_20251006_221555-300x52.jpg 300w, https:\/\/newsinfoco.com.br\/inicio\/wp-content\/uploads\/2025\/10\/SAVE_20251006_221555-1024x177.jpg 1024w, https:\/\/newsinfoco.com.br\/inicio\/wp-content\/uploads\/2025\/10\/SAVE_20251006_221555-768x133.jpg 768w, https:\/\/newsinfoco.com.br\/inicio\/wp-content\/uploads\/2025\/10\/SAVE_20251006_221555-600x104.jpg 600w, https:\/\/newsinfoco.com.br\/inicio\/wp-content\/uploads\/2025\/10\/SAVE_20251006_221555-696x120.jpg 696w, https:\/\/newsinfoco.com.br\/inicio\/wp-content\/uploads\/2025\/10\/SAVE_20251006_221555-1068x185.jpg 1068w\" sizes=\"(max-width: 1140px) 100vw, 1140px\" width=\"1140\" height=\"197\"   \/><\/a><\/div>\n<p style=\"text-align: justify;\"><span style=\"color: #000000;\">Marco Polo del Nero foi banido do futebol, acusado de corrup\u00e7\u00e3o.<\/span><\/p>\n<p style=\"text-align: justify;\"><span style=\"color: #000000;\">O coronel Ant\u00f4nio Nunes \u00e9 um mero interino, sem voz ativa.<\/span><\/p>\n<p style=\"text-align: justify;\"><span style=\"color: #000000;\">Rog\u00e9rio Caboclo \u00e9 um desconhecido burocrata, que nunca exerceu cargo executivo no futebol. Foi eleito como novo presidente da CBF, a partir de 2019, porque foi indicado por Del Nero. Qualquer pessoa que Marco Polo escolhesse teria o cargo. At\u00e9 por conta da manobra eleitoreira que o ex-presidente promoveu, acabando com a democracia na elei\u00e7\u00e3o da entidade. O poder decis\u00f3rio \u00e9 todo das Federa\u00e7\u00f5es. Clubes se tornaram meros fantoches.<\/span><\/p>\n<p style=\"text-align: justify;\"><span style=\"color: #000000;\">Diante desse quadro, a CBF precisava de um escudo.<\/span><\/p>\n<p style=\"text-align: justify;\"><span style=\"color: #000000;\">E ele surgiu.<\/span><\/p>\n<p style=\"text-align: justify;\"><span style=\"color: #000000;\">Tite.<\/span><\/p>\n<p style=\"text-align: justify;\"><span style=\"color: #000000;\">Primeiro, ele salvou a Sele\u00e7\u00e3o Brasileira, seriamente amea\u00e7ada de ficar de fora da Copa da R\u00fassia, com a falta de rumo de Dunga. Depois, resgatou uma gera\u00e7\u00e3o de jogadores que estava condenada de maneira prematura.<\/span><\/p>\n<p style=\"text-align: justify;\"><span style=\"color: #000000;\">Conseguiu fazer com que Neymar percebesse a import\u00e2ncia do futebol coletivo. De maneira mais do que inteligente. Aceitou que deixasse de ser o capit\u00e3o permanente da Sele\u00e7\u00e3o. E valorizou os atributos de sua personalidade, al\u00e9m do futebol. Isso fez com que ganhassse um aliado fundamental.<\/span><\/p>\n<p style=\"text-align: justify;\"><span style=\"color: #000000;\">Os jogadores s\u00e3o fascinados por seu trabalho e por sua franqueza. Tamb\u00e9m querem que siga na Sele\u00e7\u00e3o Brasileira depois de julho.<\/span><\/p>\n<p style=\"text-align: justify;\"><span style=\"color: #000000;\">Tite revolucionou a maneira de trabalhar na CBF, criando departamento de an\u00e1lise de desempenho de atletas espalhados pelo mundo. H\u00e1 centenas de atletas com todos seus dados catalogados e renovados constantemente. Acabou o amadorismo.<\/span><\/p>\n<p style=\"text-align: justify;\"><span style=\"color: #000000;\">Tite criou uma rede de informa\u00e7\u00f5es essencial que garante cada convoca\u00e7\u00e3o.<\/span><\/p>\n<p style=\"text-align: justify;\"><span style=\"color: #000000;\">Sua mais recente ideia foi fazer com que analistas de desempenhos dos clubes examinassem cada detalhe de 27 sele\u00e7\u00f5es que disputar\u00e3o o Mundial. As sul-americanas j\u00e1 foram vistas e revistas nas Eliminat\u00f3rias. Fez o pedido para os 20 clubes que estavam na S\u00e9rie A em 2017.\u00a0<\/span><\/p>\n<p style=\"text-align: justify;\"><span style=\"color: #000000;\">O Atl\u00e9tico Goianienes cuidou da Fran\u00e7a, o Atl\u00e9tico Mineiro, da R\u00fassia, o Ava\u00ed, da Costa Rica, o Bahia, do Ir\u00e3, o Botafogo, do Jap\u00e3o e Su\u00e9cia, a Chapecoense, da Inglaterra, o Corinthians, da Ar\u00e1bia Saudita e Panam\u00e1, o Coritiba, da B\u00e9lgica, o Cruzeiro, da Pol\u00f4nia e Gr\u00e9cia, o Fluminense, do M\u00e9xiico, o Gr\u00eamio, do Marrocos e Su\u00ed\u00e7a, o Palmeiras, da Tun\u00edsia e Dinamarca, a Ponte Preta, da Espanha, Santos, de Portugal, o S\u00e3o Paulo, da Alemanha e Austr\u00e1lia, o Sport, da S\u00e9rvia, o Vasco, do Egito e Nig\u00e9ria e o Vit\u00f3ria, do Senegal.<\/span><\/p>\n<p style=\"text-align: justify;\"><span style=\"color: #000000;\">S\u00f3 o Flamengo se recusou a participar.\u00a0<\/span><\/p>\n<div class=\"media_box full-dimensions660x360\" style=\"text-align: justify;\">\n<div class=\"content_image\">\n<h4 class=\"legend_box  \"><span style=\"color: #000000;\">Tite entre Del Nero e coronel Nunes. Dirigentes orgulhosos e seu escudo<\/span><\/h4>\n<p><span class=\"credit_box \" style=\"color: #000000;\">CBF<\/span><\/div>\n<\/div>\n<p style=\"text-align: justify;\"><span style=\"color: #000000;\">Al\u00e9m do trabalho detalhado e in\u00e9dto, Tite conseguiu aproximar os clubes da CBF, em um momento delicad\u00edssimo. Al\u00e9m dos relat\u00f3rios que a Sele\u00e7\u00e3o levar\u00e1 para a R\u00fassia, os observadores do Ava\u00ed, do Gr\u00eamio e do Sport tiveram de organizar uma exposi\u00e7\u00e3o dos pontos fortes e fracos dos rivais Costa Rica, Su\u00ed\u00e7a e S\u00e9rvia, na primeira fase. As palestras para o pr\u00f3prio Tite e sua Comiss\u00e3o T\u00e9cnica, j\u00e1 come\u00e7aram, aqui na Granja Comary, o que tem deixado os funcion\u00e1rios dos clubes extremamente orgulhosos pela valoriza\u00e7\u00e3o.<\/span><\/p>\n<p style=\"text-align: justify;\"><span style=\"color: #000000;\">Em janeiro e fevereiro, Tite fez v\u00e1rias se\u00e7\u00f5es de entrevistas com os principais \u00f3rg\u00e3os de comunica\u00e7\u00e3o do pa\u00eds, como o portal R7. Ele exp\u00f4s sem medo suas convic\u00e7\u00f5es de futebol, da Sele\u00e7\u00e3o e da vida.\u00a0<\/span><\/p>\n<p style=\"text-align: justify;\"><span style=\"color: #000000;\">Ele trouxe uma aura de respeito impressionante \u00e0 CBF.<\/span><\/p>\n<div id=\"inner-ad-container\" class=\"open full-width\" style=\"text-align: justify;\"><\/div>\n<p style=\"text-align: justify;\"><span style=\"color: #000000;\">E a entidade quer que o treinador siga comandando o Brasil, depois do Mundial. Mesmo se o Brasil n\u00e3o conseguir o t\u00edtulo.\u00a0<\/span><\/p>\n<p style=\"text-align: justify;\"><span style=\"color: #000000;\">A ideia nasceu com o pr\u00f3prio Del Nero, depois da classifica\u00e7\u00e3o para a Copa do Mundo. Ele percebeu que n\u00e3o h\u00e1 no mercado algu\u00e9m com o curr\u00edculo, lideran\u00e7a, personalidade conciliat\u00f3ria e intelig\u00eancia. O treinador sabe, por exemplo, que a Granja Comary \u00e9 uma concentra\u00e7\u00e3o que n\u00e3o serve mais para a prepara\u00e7\u00e3o da Sele\u00e7\u00e3o para uma Copa.<\/span><\/p>\n<p style=\"text-align: justify;\"><span style=\"color: #000000;\">Por mais que melhore a sua infraestrutura, o essencial est\u00e1 envenenado. Os campos s\u00e3o cercados de montanhas. Mans\u00f5es e favelas, como a de Santa Cec\u00edlia, s\u00e3o excelentes lugares para observa\u00e7\u00e3o. Treinos secretos s\u00e3o imposs\u00edveis. Al\u00e9m da neblina que costuma interromper coletivos. E do frio desnecess\u00e1rio, como no caso da R\u00fassia, onde a Copa ser\u00e1 disputada em pleno ver\u00e3o.<\/span><\/p>\n<p style=\"text-align: justify;\"><span style=\"color: #000000;\">Mas Tite fez quest\u00e3o de passar uma semana por aqui. Agrada c\u00fapula da CBF e seus patrocinadores, que s\u00e3o mostrados \u00e0 exaust\u00e3o nas imensas placas espalhadas pela concentra\u00e7\u00e3o. Isso \u00e9 pro\u00edbido no Mundial.\u00a0<\/span><\/p>\n<div class=\"media_box full-dimensions660x360\" style=\"text-align: justify;\">\n<div class=\"content_image\">\n<h4 class=\"legend_box  \"><span style=\"color: #000000;\">Os jogadores querem que Tite siga na Sele\u00e7\u00e3o ap\u00f3s o Mundial<\/span><\/h4>\n<p><span class=\"credit_box \" style=\"color: #000000;\">CBF<\/span><\/div>\n<\/div>\n<p style=\"text-align: justify;\"><span style=\"color: #000000;\">Se o t\u00e9cnico sair, por qualquer motivo depois da Copa da R\u00fassia, o cen\u00e1rio \u00e9 escasso. Renato Ga\u00facho e F\u00e1bio Carille s\u00e3o os candidatos naturais por seus trabalhos vitoriosos no Gr\u00eamio e Corinthians. Mas est\u00e3o longe de ser unanimidade na CBF. Renato por sua personalidade forte. E Carille por sua inexperi\u00eancia.\u00a0<\/span><\/p>\n<p style=\"text-align: justify;\"><span style=\"color: #000000;\">Mano Menezes fracassou quando teve o comando da Sele\u00e7\u00e3o.<\/span><\/p>\n<p style=\"text-align: justify;\"><span style=\"color: #000000;\">A Sele\u00e7\u00e3o continua vetada para t\u00e9cnico estrangeiro.<\/span><\/p>\n<p style=\"text-align: justify;\"><span style=\"color: #000000;\">Por tudo isso, Tite ter\u00e1 a chance de seguir at\u00e9 2022, no Catar.<\/span><\/p>\n<p style=\"text-align: justify;\"><span style=\"color: #000000;\">Nenhum treinador seguiu na Sele\u00e7\u00e3o depois da derrota em um Mundial. Tel\u00ea Santana perdeu a Copa de 1982. Mas Parreira, Edu Coimbra e Evaristo de Macedo passaram at\u00e9 que voltasse em 1986. Zagallo foi o \u00fanico que ficou em dois Mundiais seguidos. Tinha o apoio da Ditadura Militar. Venceu em 1970 e fracassou em 1974.<\/span><\/p>\n<p style=\"text-align: justify;\"><span style=\"color: #000000;\">Tite tem o sonho de assumir uma equipe europeia. Mas seus 19 jogos na Sele\u00e7\u00e3o Brasileira n\u00e3o foram suficientes para impressionar os grandes clubes do mundo. E a temporada de 2018\/2019 j\u00e1 est\u00e1 alinhada para Real Madrid, Barcelona, Bayern, PSG, Manchester United, Juventus.<\/span><\/p>\n<p style=\"text-align: justify;\"><span style=\"color: #000000;\">O treinador e Edu j\u00e1 reafirmaram v\u00e1rias vezes que seria excelente ter um ciclo de quatro anos na Sele\u00e7\u00e3o. Para montar n\u00e3o s\u00f3 um time para o Mundial do Catar, mas para impor a filosofia na base. Que garantiria equipes fortes para as pr\u00f3ximas Copas.<\/span><\/p>\n<p style=\"text-align: justify;\"><span style=\"color: #000000;\">Tite ganha cerca de R$ 900 mil. Dinheiro n\u00e3o \u00e9 problema para a CBF. O patrim\u00f4nio da entidade n\u00e3o para de crescer. J\u00e1 passa dos R$ 700 milh\u00f5es.<\/span><\/p>\n<p style=\"text-align: justify;\"><span style=\"color: #000000;\">A princ\u00edpio, o treinador n\u00e3o quer falar sobre renova\u00e7\u00e3o. Sabe que toda a aura atual pode ruir, diante de um desastre na R\u00fassia. Como aconteceu com Luiz Felipe Scolari. Ele era unamidade depois da conquista da Copa das Confedera\u00e7\u00f5es. E quase foi enxotado da CBF ap\u00f3s os 7 a 1 para a Alemanha e a derrota por 3 a 0 para a Holanda, na disputa do terceiro lugar da Copa de 2014.\u00a0<\/span><\/p>\n<div class=\"media_box full-dimensions660x360\" style=\"text-align: justify;\">\n<div class=\"content_image\">\n<h4 class=\"legend_box  \"><span style=\"color: #000000;\">Felip\u00e3o tamb\u00e9m era unanimidade ap\u00f3s a Copa das Confedera\u00e7\u00f5es<\/span><\/h4>\n<\/div>\n<\/div>\n<p style=\"text-align: justify;\"><span style=\"color: #000000;\">Caboclo e o coronel Ant\u00f4nio Nunes querem Tite ap\u00f3s o Mundial.<\/span><\/p>\n<p style=\"text-align: justify;\"><span style=\"color: #000000;\">Seguem religiosamente o que desejava Del Nero.<\/span><\/p>\n<p style=\"text-align: justify;\"><span style=\"color: #000000;\">O treinador sabe dessa inten\u00e7\u00e3o.<\/span><\/p>\n<p style=\"text-align: justify;\"><span style=\"color: #000000;\">Mas s\u00f3 vai definir seu futuro depois da \u00faltima partida do Brasil na Copa.<\/span><\/p>\n<p style=\"text-align: justify;\"><span style=\"color: #000000;\">Tem a vis\u00e3o que tudo pode mudar.<\/span><\/p>\n<p style=\"text-align: justify;\"><span style=\"color: #000000;\">Principalmente partindo do comando do futebol neste pa\u00eds&#8230;<\/span><\/p>\n<p>&nbsp;<\/p>\n<h6 style=\"text-align: right;\">Fonte:R7<\/h6>\n<div class='share-to-whatsapp-wrapper'><div class='share-on-whsp'>Share on: <\/div><a data-text='Tite poder\u00e1 at\u00e9 perder a Copa. E seguir como t\u00e9cnico da Sele\u00e7\u00e3o' data-link='https:\/\/newsinfoco.com.br\/inicio\/tite-podera-ate-perder-a-copa-e-seguir-como-tecnico-da-selecao\/' class='whatsapp-button whatsapp-share'>WhatsApp<\/a><div class='clear '><\/div><\/div>","protected":false},"excerpt":{"rendered":"<p>Ricardo Teixeira abandonou a presid\u00eancia da CBF \u00e0s v\u00e9speras da Copa de 2014. Mundial que ele mesmo trouxe ao Brasil. Havia contra ele fortes acusa\u00e7\u00f5es da Fifa, ligadas \u00e0 extinta ag\u00eancia de marketing, ISL. E tamb\u00e9m investiga\u00e7\u00f5es da Pol\u00edcia Federal envolvendo superfaturamento de um amistoso contra Portugal.\u00a0 Jos\u00e9 Maria Marin est\u00e1 preso nos Estados Unidos, [&hellip;]<\/p>\n","protected":false},"author":1,"featured_media":4186,"comment_status":"open","ping_status":"open","sticky":false,"template":"","format":"standard","meta":{"om_disable_all_campaigns":false,"_exactmetrics_skip_tracking":false,"_exactmetrics_sitenote_active":false,"_exactmetrics_sitenote_note":"","_exactmetrics_sitenote_category":0,"footnotes":""},"categories":[36],"tags":[],"class_list":["post-4185","post","type-post","status-publish","format-standard","has-post-thumbnail","hentry","category-esporte"],"aioseo_notices":[],"_links":{"self":[{"href":"https:\/\/newsinfoco.com.br\/inicio\/wp-json\/wp\/v2\/posts\/4185","targetHints":{"allow":["GET"]}}],"collection":[{"href":"https:\/\/newsinfoco.com.br\/inicio\/wp-json\/wp\/v2\/posts"}],"about":[{"href":"https:\/\/newsinfoco.com.br\/inicio\/wp-json\/wp\/v2\/types\/post"}],"author":[{"embeddable":true,"href":"https:\/\/newsinfoco.com.br\/inicio\/wp-json\/wp\/v2\/users\/1"}],"replies":[{"embeddable":true,"href":"https:\/\/newsinfoco.com.br\/inicio\/wp-json\/wp\/v2\/comments?post=4185"}],"version-history":[{"count":0,"href":"https:\/\/newsinfoco.com.br\/inicio\/wp-json\/wp\/v2\/posts\/4185\/revisions"}],"wp:featuredmedia":[{"embeddable":true,"href":"https:\/\/newsinfoco.com.br\/inicio\/wp-json\/wp\/v2\/media\/4186"}],"wp:attachment":[{"href":"https:\/\/newsinfoco.com.br\/inicio\/wp-json\/wp\/v2\/media?parent=4185"}],"wp:term":[{"taxonomy":"category","embeddable":true,"href":"https:\/\/newsinfoco.com.br\/inicio\/wp-json\/wp\/v2\/categories?post=4185"},{"taxonomy":"post_tag","embeddable":true,"href":"https:\/\/newsinfoco.com.br\/inicio\/wp-json\/wp\/v2\/tags?post=4185"}],"curies":[{"name":"wp","href":"https:\/\/api.w.org\/{rel}","templated":true}]}}