{"id":4198,"date":"2018-05-23T08:17:06","date_gmt":"2018-05-23T11:17:06","guid":{"rendered":"http:\/\/newsinfoco.com.br\/?p=4198"},"modified":"2018-05-23T08:17:06","modified_gmt":"2018-05-23T11:17:06","slug":"ministro-reforca-compromisso-do-mec-em-ampliar-vagas-no-ensino-integral","status":"publish","type":"post","link":"https:\/\/newsinfoco.com.br\/inicio\/ministro-reforca-compromisso-do-mec-em-ampliar-vagas-no-ensino-integral\/","title":{"rendered":"Ministro refor\u00e7a compromisso do MEC em ampliar vagas no ensino integral"},"content":{"rendered":"<p style=\"text-align: justify;\"><span style=\"color: #000000;\">O ministro da Educa\u00e7\u00e3o, Rossieli Soares, visitou, na sexta-feira, 18, as Escolas de Ensino M\u00e9dio em Tempo Integral C\u00edcero Dias, em Recife, e a de Refer\u00eancia em Ensino M\u00e9dio de Paulista, no munic\u00edpio de Paulista, na regi\u00e3o metropolitana. Na ocasi\u00e3o, o ministro refor\u00e7ou o compromisso do minist\u00e9rio na amplia\u00e7\u00e3o das vagas do ensino em tempo integral em todo o pa\u00eds. \u201cTemos que focar na constru\u00e7\u00e3o de uma escola que fa\u00e7a sentido para o jovem brasileiro. \u00c9 preciso espalhar esses modelos que d\u00e3o certo. \u00c9 muito importante levar essa experi\u00eancia para outros lugares do Brasil\u201d, disse o ministro, destacando que essa \u00e9 uma das prioridades da atual gest\u00e3o.<\/span><\/p>\n<p style=\"text-align: justify;\"><span style=\"color: #000000;\">Segundo dados do Censo Escolar de 2017, as matr\u00edculas em escolas de tempo integral no ensino m\u00e9dio subiram 22% nas escolas p\u00fablicas de todo o pa\u00eds. O modelo \u00e9 baseado no projeto pioneiro de Pernambuco, iniciado quando o ex-ministro da Educa\u00e7\u00e3o Mendon\u00e7a Filho foi vice-governador e governador do estado (1999-2006). Durante a visita, Rossieli destacou as parceiras com os estados na implanta\u00e7\u00e3o das escolas em tempo integral.<\/span><\/p><div class=\"newsi-conteudo_19\" id=\"newsi-3495180032\"><a href=\"https:\/\/www.instagram.com\/prefeituraalagoinhas?igsh=YzgzdDJ1bWR3aWI4\" aria-label=\"SAVE_20251006_221555\"><img loading=\"lazy\" decoding=\"async\" src=\"https:\/\/newsinfoco.com.br\/inicio\/wp-content\/uploads\/2025\/10\/SAVE_20251006_221555-rotated.jpg\" alt=\"\"  srcset=\"https:\/\/newsinfoco.com.br\/inicio\/wp-content\/uploads\/2025\/10\/SAVE_20251006_221555-rotated.jpg 1140w, https:\/\/newsinfoco.com.br\/inicio\/wp-content\/uploads\/2025\/10\/SAVE_20251006_221555-300x52.jpg 300w, https:\/\/newsinfoco.com.br\/inicio\/wp-content\/uploads\/2025\/10\/SAVE_20251006_221555-1024x177.jpg 1024w, https:\/\/newsinfoco.com.br\/inicio\/wp-content\/uploads\/2025\/10\/SAVE_20251006_221555-768x133.jpg 768w, https:\/\/newsinfoco.com.br\/inicio\/wp-content\/uploads\/2025\/10\/SAVE_20251006_221555-600x104.jpg 600w, https:\/\/newsinfoco.com.br\/inicio\/wp-content\/uploads\/2025\/10\/SAVE_20251006_221555-696x120.jpg 696w, https:\/\/newsinfoco.com.br\/inicio\/wp-content\/uploads\/2025\/10\/SAVE_20251006_221555-1068x185.jpg 1068w\" sizes=\"(max-width: 1140px) 100vw, 1140px\" width=\"1140\" height=\"197\"   \/><\/a><\/div>\n<p style=\"text-align: justify;\"><span style=\"color: #000000;\">\u201cEm parceria com o governo do estado [de Pernambuco], acertamos alguns investimentos em escolas desde Fernando de Noronha at\u00e9 escolas do interior\u201d, disse Rossieli, lembrando que recentemente esteve com o governador de Pernambuco, Paulo C\u00e2mara, para tratar desses projetos.<\/span><\/p>\n<p style=\"text-align: justify;\"><span style=\"color: #000000;\">De acordo com o secret\u00e1rio de Educa\u00e7\u00e3o de Pernambuco, Fred Amancio, al\u00e9m da constru\u00e7\u00e3o de v\u00e1rias quadras cobertas, h\u00e1 um m\u00eas, foi inaugurada mais uma escola t\u00e9cnica em Pernambuco, e outras oito est\u00e3o em obra. \u201cTemos a estrutura mais antiga e a maior rede de ensino m\u00e9dio integral do pa\u00eds. S\u00e3o 387 unidades, que abrigam mais da metade dos estudantes dessa fase escolar\u201d, enfatizou Fred Amancio.<\/span><\/p>\n<p style=\"text-align: justify;\"><span style=\"color: #000000;\">No caso da escola em Paulista, segundo o ministro, ela \u00e9 a \u00fanica do pa\u00eds financiada pelo MEC para oferecer dois turnos integrais, um das 7h \u00e0s 14h, e o outro das 14h30 \u00e0s 20h40, o que permite um maior n\u00famero de matr\u00edculas.<\/span><\/p>\n<p style=\"text-align: justify;\"><span style=\"color: #000000;\"><strong>Prioridade<\/strong>\u00a0\u2013 O aumento das matr\u00edculas est\u00e1 diretamente relacionado \u00e0 Pol\u00edtica de Fomento \u00e0s Escolas de Ensino M\u00e9dio em Tempo Integral. S\u00f3 neste ano o MEC pretende ampliar de 516 escolas financiadas pelo MEC, em 2017, para 967 em 2018, representando um aumento de 87% de institui\u00e7\u00f5es atendidas em todo o pa\u00eds. No total, o MEC apoiar\u00e1 progressivamente 500 mil matr\u00edculas nas escolas de Ensino M\u00e9dio em Tempo Integral e at\u00e9 2020, os investimentos podem alcan\u00e7ar R$ 1,5 bilh\u00e3o.<\/span><\/p>\n<p>&nbsp;<\/p>\n<h6 style=\"text-align: right;\">Fonte:Portalmec<\/h6>\n<div class='share-to-whatsapp-wrapper'><div class='share-on-whsp'>Share on: <\/div><a data-text='Ministro refor\u00e7a compromisso do MEC em ampliar vagas no ensino integral' data-link='https:\/\/newsinfoco.com.br\/inicio\/ministro-reforca-compromisso-do-mec-em-ampliar-vagas-no-ensino-integral\/' class='whatsapp-button whatsapp-share'>WhatsApp<\/a><div class='clear '><\/div><\/div>","protected":false},"excerpt":{"rendered":"<p>O ministro da Educa\u00e7\u00e3o, Rossieli Soares, visitou, na sexta-feira, 18, as Escolas de Ensino M\u00e9dio em Tempo Integral C\u00edcero Dias, em Recife, e a de Refer\u00eancia em Ensino M\u00e9dio de Paulista, no munic\u00edpio de Paulista, na regi\u00e3o metropolitana. Na ocasi\u00e3o, o ministro refor\u00e7ou o compromisso do minist\u00e9rio na amplia\u00e7\u00e3o das vagas do ensino em tempo [&hellip;]<\/p>\n","protected":false},"author":1,"featured_media":4199,"comment_status":"open","ping_status":"open","sticky":false,"template":"","format":"standard","meta":{"om_disable_all_campaigns":false,"_exactmetrics_skip_tracking":false,"_exactmetrics_sitenote_active":false,"_exactmetrics_sitenote_note":"","_exactmetrics_sitenote_category":0,"footnotes":""},"categories":[32],"tags":[],"class_list":["post-4198","post","type-post","status-publish","format-standard","has-post-thumbnail","hentry","category-educacao"],"aioseo_notices":[],"_links":{"self":[{"href":"https:\/\/newsinfoco.com.br\/inicio\/wp-json\/wp\/v2\/posts\/4198","targetHints":{"allow":["GET"]}}],"collection":[{"href":"https:\/\/newsinfoco.com.br\/inicio\/wp-json\/wp\/v2\/posts"}],"about":[{"href":"https:\/\/newsinfoco.com.br\/inicio\/wp-json\/wp\/v2\/types\/post"}],"author":[{"embeddable":true,"href":"https:\/\/newsinfoco.com.br\/inicio\/wp-json\/wp\/v2\/users\/1"}],"replies":[{"embeddable":true,"href":"https:\/\/newsinfoco.com.br\/inicio\/wp-json\/wp\/v2\/comments?post=4198"}],"version-history":[{"count":0,"href":"https:\/\/newsinfoco.com.br\/inicio\/wp-json\/wp\/v2\/posts\/4198\/revisions"}],"wp:featuredmedia":[{"embeddable":true,"href":"https:\/\/newsinfoco.com.br\/inicio\/wp-json\/wp\/v2\/media\/4199"}],"wp:attachment":[{"href":"https:\/\/newsinfoco.com.br\/inicio\/wp-json\/wp\/v2\/media?parent=4198"}],"wp:term":[{"taxonomy":"category","embeddable":true,"href":"https:\/\/newsinfoco.com.br\/inicio\/wp-json\/wp\/v2\/categories?post=4198"},{"taxonomy":"post_tag","embeddable":true,"href":"https:\/\/newsinfoco.com.br\/inicio\/wp-json\/wp\/v2\/tags?post=4198"}],"curies":[{"name":"wp","href":"https:\/\/api.w.org\/{rel}","templated":true}]}}