{"id":4201,"date":"2018-05-23T08:23:57","date_gmt":"2018-05-23T11:23:57","guid":{"rendered":"http:\/\/newsinfoco.com.br\/?p=4201"},"modified":"2018-05-23T08:23:57","modified_gmt":"2018-05-23T11:23:57","slug":"governo-federal-anuncia-que-pretende-zerar-imposto-sobre-diesel","status":"publish","type":"post","link":"https:\/\/newsinfoco.com.br\/inicio\/governo-federal-anuncia-que-pretende-zerar-imposto-sobre-diesel\/","title":{"rendered":"Governo Federal anuncia que pretende zerar imposto sobre diesel"},"content":{"rendered":"<figure class=\"foto-legenda gd12\">\n<div class=\"seedtag-gohan seedtag-adunit\">\n<div class=\"st-container\" style=\"text-align: justify;\"><\/div>\n<\/div>\n<\/figure>\n<p class=\" \" style=\"text-align: justify;\"><span style=\"color: #000000;\">Eun\u00edcio Oliveira (MDB-CE), presidente do Senado, e Rodrigo Maia, presidente da C\u00e2mara dos Deputados, anunciaram que o\u00a0<strong>governo federal<\/strong>\u00a0\u00a0pretende zerar a Contribui\u00e7\u00e3o de Interven\u00e7\u00e3o no Dom\u00ednio Econ\u00f4mico (\u00a0<strong>Cide<\/strong>\u00a0) cobrada sobre o\u00a0<strong>diesel<\/strong>\u00a0. A ideia inicial era zerar o tributo tamb\u00e9m para a gasolina, mas o governo desistiu do plano.\u00a0<\/span><\/p>\n<p style=\"text-align: justify;\"><span style=\"color: #000000;\">Em an\u00fancio conjunto, os dois informaram que os recursos que poder\u00e3o ser obtidos com o projeto que reonera setores da economia, ainda em tramita\u00e7\u00e3o no Congresso, ser\u00e3o usados para reduzir o impacto sobre o aumento do pre\u00e7o do\u00a0<strong>diesel<\/strong>\u00a0.<\/span><\/p><div class=\"newsi-conteudo_19\" id=\"newsi-599467952\"><a href=\"https:\/\/www.instagram.com\/prefeituraalagoinhas?igsh=YzgzdDJ1bWR3aWI4\" aria-label=\"SAVE_20251006_221555\"><img loading=\"lazy\" decoding=\"async\" src=\"https:\/\/newsinfoco.com.br\/inicio\/wp-content\/uploads\/2025\/10\/SAVE_20251006_221555-rotated.jpg\" alt=\"\"  srcset=\"https:\/\/newsinfoco.com.br\/inicio\/wp-content\/uploads\/2025\/10\/SAVE_20251006_221555-rotated.jpg 1140w, https:\/\/newsinfoco.com.br\/inicio\/wp-content\/uploads\/2025\/10\/SAVE_20251006_221555-300x52.jpg 300w, https:\/\/newsinfoco.com.br\/inicio\/wp-content\/uploads\/2025\/10\/SAVE_20251006_221555-1024x177.jpg 1024w, https:\/\/newsinfoco.com.br\/inicio\/wp-content\/uploads\/2025\/10\/SAVE_20251006_221555-768x133.jpg 768w, https:\/\/newsinfoco.com.br\/inicio\/wp-content\/uploads\/2025\/10\/SAVE_20251006_221555-600x104.jpg 600w, https:\/\/newsinfoco.com.br\/inicio\/wp-content\/uploads\/2025\/10\/SAVE_20251006_221555-696x120.jpg 696w, https:\/\/newsinfoco.com.br\/inicio\/wp-content\/uploads\/2025\/10\/SAVE_20251006_221555-1068x185.jpg 1068w\" sizes=\"(max-width: 1140px) 100vw, 1140px\" width=\"1140\" height=\"197\"   \/><\/a><\/div>\n<p style=\"text-align: justify;\"><span style=\"color: #000000;\">Maia e Eun\u00edcio disseram que a decis\u00e3o foi acertada com o ministro da Fazenda, Eduardo Guardia. Antes, o ministro dizia considerar\u00a0\u201creduzido\u201d\u00a0o espa\u00e7o para diminuir os tributos dos combust\u00edveis. Guardia esteve com o presidente do Senado, e, ao deixar o gabinete,\u00a0n\u00e3o confirmou o an\u00fancio\u00a0feito pelos parlamentares.<\/span><\/p>\n<p style=\"text-align: justify;\"><span style=\"color: #000000;\">Desde segunda-feira (21), caminhoneiros bloqueiam estradas em protesto contra o aumento dos combust\u00edveis em v\u00e1rios estados. S\u00f3 na semana passada, o valor do diesel e da gasolina nas refinarias\u00a0subiu cinco vezes\u00a0consecutivas.<\/span><\/p>\n<p style=\"text-align: justify;\"><span style=\"color: #000000;\">\u201cEm acordo com o ministro da Fazenda, acertamos que a Cide ser\u00e1 zerada com o objetivo de reduzir o pre\u00e7o do diesel. E, tamb\u00e9m, os recursos da reonera\u00e7\u00e3o ser\u00e3o todos utilizados para reduzir o impacto sobre o diesel\u201d, escreveu Eun\u00edcio Oliveira na rede social.<\/span><\/p>\n<p style=\"text-align: justify;\"><span style=\"color: #000000;\">\u201cFechamos aqui a aprova\u00e7\u00e3o [do projeto] da reonera\u00e7\u00e3o, a arrecada\u00e7\u00e3o vai toda para redu\u00e7\u00e3o do diesel\u201d, afirmou Maia em v\u00eddeo no qual aparece ao lado de Eun\u00edcio.<\/span><\/p>\n<p style=\"text-align: justify;\"><span style=\"color: #000000;\">Em entrevista, o presidente da C\u00e2mara esclareceu: &#8220;N\u00f3s t\u00ednhamos feito a proposta de zerar a Cide, e o presidente me deu a informa\u00e7\u00e3o de que, para o diesel, ele vai zerar a\u00a0<strong>Cide<\/strong>\u00a0&#8220;. Em mensagem no Twitter, ele havia dito que a Cide seria zerada com o objetivo de reduzir o pre\u00e7o da gasolina e do\u00a0<strong>diesel<\/strong>\u00a0.<\/span><\/p>\n<h6 style=\"text-align: right;\"><strong>Fonte:ig<\/strong><\/h6>\n<div class='share-to-whatsapp-wrapper'><div class='share-on-whsp'>Share on: <\/div><a data-text='Governo Federal anuncia que pretende zerar imposto sobre diesel' data-link='https:\/\/newsinfoco.com.br\/inicio\/governo-federal-anuncia-que-pretende-zerar-imposto-sobre-diesel\/' class='whatsapp-button whatsapp-share'>WhatsApp<\/a><div class='clear '><\/div><\/div>","protected":false},"excerpt":{"rendered":"<p>Eun\u00edcio Oliveira (MDB-CE), presidente do Senado, e Rodrigo Maia, presidente da C\u00e2mara dos Deputados, anunciaram que o\u00a0governo federal\u00a0\u00a0pretende zerar a Contribui\u00e7\u00e3o de Interven\u00e7\u00e3o no Dom\u00ednio Econ\u00f4mico (\u00a0Cide\u00a0) cobrada sobre o\u00a0diesel\u00a0. A ideia inicial era zerar o tributo tamb\u00e9m para a gasolina, mas o governo desistiu do plano.\u00a0 Em an\u00fancio conjunto, os dois informaram que os [&hellip;]<\/p>\n","protected":false},"author":1,"featured_media":4202,"comment_status":"open","ping_status":"open","sticky":false,"template":"","format":"standard","meta":{"om_disable_all_campaigns":false,"_exactmetrics_skip_tracking":false,"_exactmetrics_sitenote_active":false,"_exactmetrics_sitenote_note":"","_exactmetrics_sitenote_category":0,"footnotes":""},"categories":[21],"tags":[],"class_list":["post-4201","post","type-post","status-publish","format-standard","has-post-thumbnail","hentry","category-brasil"],"aioseo_notices":[],"_links":{"self":[{"href":"https:\/\/newsinfoco.com.br\/inicio\/wp-json\/wp\/v2\/posts\/4201","targetHints":{"allow":["GET"]}}],"collection":[{"href":"https:\/\/newsinfoco.com.br\/inicio\/wp-json\/wp\/v2\/posts"}],"about":[{"href":"https:\/\/newsinfoco.com.br\/inicio\/wp-json\/wp\/v2\/types\/post"}],"author":[{"embeddable":true,"href":"https:\/\/newsinfoco.com.br\/inicio\/wp-json\/wp\/v2\/users\/1"}],"replies":[{"embeddable":true,"href":"https:\/\/newsinfoco.com.br\/inicio\/wp-json\/wp\/v2\/comments?post=4201"}],"version-history":[{"count":0,"href":"https:\/\/newsinfoco.com.br\/inicio\/wp-json\/wp\/v2\/posts\/4201\/revisions"}],"wp:featuredmedia":[{"embeddable":true,"href":"https:\/\/newsinfoco.com.br\/inicio\/wp-json\/wp\/v2\/media\/4202"}],"wp:attachment":[{"href":"https:\/\/newsinfoco.com.br\/inicio\/wp-json\/wp\/v2\/media?parent=4201"}],"wp:term":[{"taxonomy":"category","embeddable":true,"href":"https:\/\/newsinfoco.com.br\/inicio\/wp-json\/wp\/v2\/categories?post=4201"},{"taxonomy":"post_tag","embeddable":true,"href":"https:\/\/newsinfoco.com.br\/inicio\/wp-json\/wp\/v2\/tags?post=4201"}],"curies":[{"name":"wp","href":"https:\/\/api.w.org\/{rel}","templated":true}]}}