{"id":4229,"date":"2018-05-23T19:37:39","date_gmt":"2018-05-23T22:37:39","guid":{"rendered":"http:\/\/newsinfoco.com.br\/?p=4229"},"modified":"2018-05-23T19:37:39","modified_gmt":"2018-05-23T22:37:39","slug":"secretaria-de-assistencia-social-realiza-programacao-especial-nos-cras-de-boa-uniao-e-praca-do-ceu","status":"publish","type":"post","link":"https:\/\/newsinfoco.com.br\/inicio\/secretaria-de-assistencia-social-realiza-programacao-especial-nos-cras-de-boa-uniao-e-praca-do-ceu\/","title":{"rendered":"Secretaria de Assist\u00eancia Social realiza programa\u00e7\u00e3o especial nos CRAS de Boa Uni\u00e3o e Pra\u00e7a do CEU"},"content":{"rendered":"<p><img decoding=\"async\" src=\"https:\/\/www.alagoinhas.ba.gov.br\/wp-content\/uploads\/2018\/05\/WhatsApp-Image-2018-05-23-at-10.23.21-1024x768.jpeg\" \/><\/p>\n<p style=\"text-align: justify;\"><span style=\"color: #000000;\">Durante todo m\u00eas de maio a Secretaria Municipal de Assist\u00eancia Social (SEMAS), realizou uma s\u00e9rie de atividades especiais em comemora\u00e7\u00e3o ao Maio Mulher. Para encerrar o per\u00edodo de comemora\u00e7\u00f5es, as equipes do Centro de Refer\u00eancia de Assist\u00eancia Social (CRAS) de Boa Uni\u00e3o e Pra\u00e7a do CEU organizaram diversas atividades recreativas para as m\u00e3es assistidas pelo CRAS e para outras mulheres das comunidades que desejassem participar do evento nos dias 22\/06 e 23\/06. Logo no per\u00edodo da manh\u00e3 as mulheres dan\u00e7aram muita zumba e participaram de um caf\u00e9 da manh\u00e3 caprichado, em seguida no per\u00edodo da tarde, aconteceu a oficina de dan\u00e7a e do Cine CR<\/span><\/p>\n<h6 style=\"text-align: right;\"><span style=\"color: #999999;\">Fonte: SECOM SEMAS CRAS Prefeitura<\/span><\/h6>\n<div class='share-to-whatsapp-wrapper'><div class='share-on-whsp'>Share on: <\/div><a data-text='Secretaria de Assist\u00eancia Social realiza programa\u00e7\u00e3o especial nos CRAS de Boa Uni\u00e3o e Pra\u00e7a do CEU' data-link='https:\/\/newsinfoco.com.br\/inicio\/secretaria-de-assistencia-social-realiza-programacao-especial-nos-cras-de-boa-uniao-e-praca-do-ceu\/' class='whatsapp-button whatsapp-share'>WhatsApp<\/a><div class='clear '><\/div><\/div>","protected":false},"excerpt":{"rendered":"<p>Durante todo m\u00eas de maio a Secretaria Municipal de Assist\u00eancia Social (SEMAS), realizou uma s\u00e9rie de atividades especiais em comemora\u00e7\u00e3o ao Maio Mulher. Para encerrar o per\u00edodo de comemora\u00e7\u00f5es, as equipes do Centro de Refer\u00eancia de Assist\u00eancia Social (CRAS) de Boa Uni\u00e3o e Pra\u00e7a do CEU organizaram diversas atividades recreativas para as m\u00e3es assistidas pelo [&hellip;]<\/p>\n","protected":false},"author":1,"featured_media":301,"comment_status":"open","ping_status":"open","sticky":false,"template":"","format":"standard","meta":{"om_disable_all_campaigns":false,"_exactmetrics_skip_tracking":false,"_exactmetrics_sitenote_active":false,"_exactmetrics_sitenote_note":"","_exactmetrics_sitenote_category":0,"footnotes":""},"categories":[38,30],"tags":[53,65,54,59],"class_list":["post-4229","post","type-post","status-publish","format-standard","has-post-thumbnail","hentry","category-alagoinhas-e-regiao","category-destaque","tag-alagoinhas","tag-cras","tag-prefeitura","tag-semas"],"aioseo_notices":[],"_links":{"self":[{"href":"https:\/\/newsinfoco.com.br\/inicio\/wp-json\/wp\/v2\/posts\/4229","targetHints":{"allow":["GET"]}}],"collection":[{"href":"https:\/\/newsinfoco.com.br\/inicio\/wp-json\/wp\/v2\/posts"}],"about":[{"href":"https:\/\/newsinfoco.com.br\/inicio\/wp-json\/wp\/v2\/types\/post"}],"author":[{"embeddable":true,"href":"https:\/\/newsinfoco.com.br\/inicio\/wp-json\/wp\/v2\/users\/1"}],"replies":[{"embeddable":true,"href":"https:\/\/newsinfoco.com.br\/inicio\/wp-json\/wp\/v2\/comments?post=4229"}],"version-history":[{"count":0,"href":"https:\/\/newsinfoco.com.br\/inicio\/wp-json\/wp\/v2\/posts\/4229\/revisions"}],"wp:featuredmedia":[{"embeddable":true,"href":"https:\/\/newsinfoco.com.br\/inicio\/wp-json\/wp\/v2\/media\/301"}],"wp:attachment":[{"href":"https:\/\/newsinfoco.com.br\/inicio\/wp-json\/wp\/v2\/media?parent=4229"}],"wp:term":[{"taxonomy":"category","embeddable":true,"href":"https:\/\/newsinfoco.com.br\/inicio\/wp-json\/wp\/v2\/categories?post=4229"},{"taxonomy":"post_tag","embeddable":true,"href":"https:\/\/newsinfoco.com.br\/inicio\/wp-json\/wp\/v2\/tags?post=4229"}],"curies":[{"name":"wp","href":"https:\/\/api.w.org\/{rel}","templated":true}]}}