{"id":4233,"date":"2018-05-23T19:47:35","date_gmt":"2018-05-23T22:47:35","guid":{"rendered":"http:\/\/newsinfoco.com.br\/?p=4233"},"modified":"2018-05-23T19:47:35","modified_gmt":"2018-05-23T22:47:35","slug":"cadastramento-de-ambulantes-para-o-sao-joao-2018-vai-ate-o-dia-08-de-junho","status":"publish","type":"post","link":"https:\/\/newsinfoco.com.br\/inicio\/cadastramento-de-ambulantes-para-o-sao-joao-2018-vai-ate-o-dia-08-de-junho\/","title":{"rendered":"Cadastramento de ambulantes para o S\u00e3o Jo\u00e3o 2018 vai at\u00e9 o dia 08 de junho"},"content":{"rendered":"<p style=\"text-align: justify;\"><span style=\"color: #000000;\">A Prefeitura Municipal, por meio da Secretaria de Servi\u00e7os P\u00fablicos \u2013 SESEP informa que os cadastramentos para os festejos juninos de 2018 ocorrer\u00e3o conforme o seguinte cronograma:<\/span><\/p>\n<p style=\"text-align: justify;\"><span style=\"color: #000000;\">\u2013 De 23 a 25 de maio de 2018 \u2013 Barracas de fogos varejistas, fogueiras de madeira e bancas de artesanato e acess\u00f3rios juninos;<\/span><\/p><div class=\"newsi-conteudo_19\" id=\"newsi-549273421\"><a href=\"https:\/\/www.instagram.com\/prefeituraalagoinhas?igsh=YzgzdDJ1bWR3aWI4\" aria-label=\"SAVE_20251006_221555\"><img loading=\"lazy\" decoding=\"async\" src=\"https:\/\/newsinfoco.com.br\/inicio\/wp-content\/uploads\/2025\/10\/SAVE_20251006_221555-rotated.jpg\" alt=\"\"  srcset=\"https:\/\/newsinfoco.com.br\/inicio\/wp-content\/uploads\/2025\/10\/SAVE_20251006_221555-rotated.jpg 1140w, https:\/\/newsinfoco.com.br\/inicio\/wp-content\/uploads\/2025\/10\/SAVE_20251006_221555-300x52.jpg 300w, https:\/\/newsinfoco.com.br\/inicio\/wp-content\/uploads\/2025\/10\/SAVE_20251006_221555-1024x177.jpg 1024w, https:\/\/newsinfoco.com.br\/inicio\/wp-content\/uploads\/2025\/10\/SAVE_20251006_221555-768x133.jpg 768w, https:\/\/newsinfoco.com.br\/inicio\/wp-content\/uploads\/2025\/10\/SAVE_20251006_221555-600x104.jpg 600w, https:\/\/newsinfoco.com.br\/inicio\/wp-content\/uploads\/2025\/10\/SAVE_20251006_221555-696x120.jpg 696w, https:\/\/newsinfoco.com.br\/inicio\/wp-content\/uploads\/2025\/10\/SAVE_20251006_221555-1068x185.jpg 1068w\" sizes=\"(max-width: 1140px) 100vw, 1140px\" width=\"1140\" height=\"197\"   \/><\/a><\/div>\n<p style=\"text-align: justify;\"><span style=\"color: #000000;\">\u2013 De 28 de maio a 08 de junho- Barracas de alimentos, trailler e food truck, barracas de bebidas t\u00edpicas, coquetel, balaios de amendoin, isopor, churrasco, baleiros e pipoca.<\/span><\/p>\n<p style=\"text-align: justify;\"><span style=\"color: #000000;\">Os interessados em comercializar no evento dever\u00e3o comparecer das 8h \u00e0s 12h, ao pr\u00e9dio da SESEP, na Coordena\u00e7\u00e3o de Posturas, munidos de RG e CPF,<\/span><\/p>\n<p style=\"text-align: justify;\"><span style=\"color: #000000;\">A SESEP fica localizada \u00e1 Rua Dr. Carlos Azevedo (antiga Rua da Usina).<\/span><\/p>\n<p style=\"text-align: justify;\"><span style=\"color: #000000;\">OBS: S\u00f3 ser\u00e1 permitido um cadastro por pessoa.<\/span><\/p>\n<h6 style=\"text-align: right;\"><span style=\"color: #999999;\">Fonte: SECOM SESEP Prefeitura<\/span><\/h6>\n<p style=\"text-align: justify;\">\n<div class='share-to-whatsapp-wrapper'><div class='share-on-whsp'>Share on: <\/div><a data-text='Cadastramento de ambulantes para o S\u00e3o Jo\u00e3o 2018 vai at\u00e9 o dia 08 de junho' data-link='https:\/\/newsinfoco.com.br\/inicio\/cadastramento-de-ambulantes-para-o-sao-joao-2018-vai-ate-o-dia-08-de-junho\/' class='whatsapp-button whatsapp-share'>WhatsApp<\/a><div class='clear '><\/div><\/div>","protected":false},"excerpt":{"rendered":"<p>A Prefeitura Municipal, por meio da Secretaria de Servi\u00e7os P\u00fablicos \u2013 SESEP informa que os cadastramentos para os festejos juninos de 2018 ocorrer\u00e3o conforme o seguinte cronograma: \u2013 De 23 a 25 de maio de 2018 \u2013 Barracas de fogos varejistas, fogueiras de madeira e bancas de artesanato e acess\u00f3rios juninos; \u2013 De 28 de [&hellip;]<\/p>\n","protected":false},"author":1,"featured_media":4234,"comment_status":"open","ping_status":"open","sticky":false,"template":"","format":"standard","meta":{"om_disable_all_campaigns":false,"_exactmetrics_skip_tracking":false,"_exactmetrics_sitenote_active":false,"_exactmetrics_sitenote_note":"","_exactmetrics_sitenote_category":0,"footnotes":""},"categories":[38,30],"tags":[53,54,62],"class_list":["post-4233","post","type-post","status-publish","format-standard","has-post-thumbnail","hentry","category-alagoinhas-e-regiao","category-destaque","tag-alagoinhas","tag-prefeitura","tag-sesep"],"aioseo_notices":[],"_links":{"self":[{"href":"https:\/\/newsinfoco.com.br\/inicio\/wp-json\/wp\/v2\/posts\/4233","targetHints":{"allow":["GET"]}}],"collection":[{"href":"https:\/\/newsinfoco.com.br\/inicio\/wp-json\/wp\/v2\/posts"}],"about":[{"href":"https:\/\/newsinfoco.com.br\/inicio\/wp-json\/wp\/v2\/types\/post"}],"author":[{"embeddable":true,"href":"https:\/\/newsinfoco.com.br\/inicio\/wp-json\/wp\/v2\/users\/1"}],"replies":[{"embeddable":true,"href":"https:\/\/newsinfoco.com.br\/inicio\/wp-json\/wp\/v2\/comments?post=4233"}],"version-history":[{"count":0,"href":"https:\/\/newsinfoco.com.br\/inicio\/wp-json\/wp\/v2\/posts\/4233\/revisions"}],"wp:featuredmedia":[{"embeddable":true,"href":"https:\/\/newsinfoco.com.br\/inicio\/wp-json\/wp\/v2\/media\/4234"}],"wp:attachment":[{"href":"https:\/\/newsinfoco.com.br\/inicio\/wp-json\/wp\/v2\/media?parent=4233"}],"wp:term":[{"taxonomy":"category","embeddable":true,"href":"https:\/\/newsinfoco.com.br\/inicio\/wp-json\/wp\/v2\/categories?post=4233"},{"taxonomy":"post_tag","embeddable":true,"href":"https:\/\/newsinfoco.com.br\/inicio\/wp-json\/wp\/v2\/tags?post=4233"}],"curies":[{"name":"wp","href":"https:\/\/api.w.org\/{rel}","templated":true}]}}