{"id":42471,"date":"2025-06-12T13:53:49","date_gmt":"2025-06-12T16:53:49","guid":{"rendered":"https:\/\/newsinfoco.com.br\/inicio\/?p=42471"},"modified":"2025-06-12T13:53:49","modified_gmt":"2025-06-12T16:53:49","slug":"comercio-tem-queda-de-04-em-abril-diz-pesquisa-do-ibge","status":"publish","type":"post","link":"https:\/\/newsinfoco.com.br\/inicio\/comercio-tem-queda-de-04-em-abril-diz-pesquisa-do-ibge\/","title":{"rendered":"Com\u00e9rcio tem queda de 0,4% em abril, diz pesquisa do IBGE"},"content":{"rendered":"<p>O volume de vendas do com\u00e9rcio varejista apresentou queda de 0,4% em abril deste ano, na compara\u00e7\u00e3o com o m\u00eas anterior. O resultado veio depois de tr\u00eas altas consecutivas. Os dados s\u00e3o da Pesquisa Mensal do Com\u00e9rcio (PMC), feita pelo Instituto Brasileiro de Geografia e Estat\u00edstica (IBGE), divulgada nesta quinta-feira (12).<\/p>\n<p>Apesar disso, o setor havia apresentado altas de 0,3% no trimestre encerrado em abril, 4,8% na compara\u00e7\u00e3o com abril de 2024, 2,1% no acumulado do ano e 3,4% no acumulado de 12 meses.<\/p>\n<div>\n<div>\n<div class=\"trv-player-container\">\n<div class=\"trv-wrapper\">\n<div id=\"br_video_player_96391d9a326afa18efc42c8b173ef29dc3c659f9\" class=\"trvd_video_player trvdinstream\">\n<div class=\"media-player\">\n<div class=\"trv-video\">\n<div id=\"truvid_ima_container78337\" class=\"truvid_ima_container\">\n<div>\n<div>\n<div class=\"conteudo_post\">\n<p>A queda de 0,4% de mar\u00e7o para abril foi puxada por quatro atividades: combust\u00edveis e lubrificantes (-1,7%), equipamentos e material para escrit\u00f3rio, inform\u00e1tica e comunica\u00e7\u00e3o (-1,3%), hiper, supermercados, produtos aliment\u00edcios, bebidas e fumo (-0,8%) e m\u00f3veis e eletrodom\u00e9sticos (-0,3%).<\/p>\n<p>A receita nominal do com\u00e9rcio varejista variou 0,1% de mar\u00e7o para abril, 11,5% na compara\u00e7\u00e3o com abril de 2024, 8,2% no acumulado do ano e 8,7% no acumulado de 12 meses.<\/p>\n<\/div>\n<div id=\"div-share\">Bahia.Ba<\/div>\n<\/div>\n<\/div>\n<\/div>\n<\/div>\n<\/div>\n<\/div>\n<\/div>\n<\/div>\n<\/div>\n<\/div>\n<div class='share-to-whatsapp-wrapper'><div class='share-on-whsp'>Share on: <\/div><a data-text='Com\u00e9rcio tem queda de 0,4% em abril, diz pesquisa do IBGE' data-link='https:\/\/newsinfoco.com.br\/inicio\/comercio-tem-queda-de-04-em-abril-diz-pesquisa-do-ibge\/' class='whatsapp-button whatsapp-share'>WhatsApp<\/a><div class='clear '><\/div><\/div>","protected":false},"excerpt":{"rendered":"<p>O volume de vendas do com\u00e9rcio varejista apresentou queda de 0,4% em abril deste ano, na compara\u00e7\u00e3o com o m\u00eas anterior. O resultado veio depois de tr\u00eas altas consecutivas. Os dados s\u00e3o da Pesquisa Mensal do Com\u00e9rcio (PMC), feita pelo Instituto Brasileiro de Geografia e Estat\u00edstica (IBGE), divulgada nesta quinta-feira (12). Apesar disso, o setor [&hellip;]<\/p>\n","protected":false},"author":1,"featured_media":42472,"comment_status":"closed","ping_status":"closed","sticky":false,"template":"","format":"standard","meta":{"om_disable_all_campaigns":false,"rop_custom_images_group":[],"rop_custom_messages_group":[],"rop_publish_now":"initial","rop_publish_now_accounts":[],"rop_publish_now_history":[],"rop_publish_now_status":"pending","_exactmetrics_skip_tracking":false,"footnotes":""},"categories":[21],"tags":[],"class_list":["post-42471","post","type-post","status-publish","format-standard","has-post-thumbnail","hentry","category-brasil"],"aioseo_notices":[],"aioseo_head":"\n\t\t<!-- All in One SEO 4.9.10 - aioseo.com -->\n\t<meta name=\"description\" content=\"O volume de vendas do com\u00e9rcio varejista apresentou queda de 0,4% em abril deste ano, na compara\u00e7\u00e3o com o m\u00eas anterior. O resultado veio depois de tr\u00eas altas consecutivas. Os dados s\u00e3o da Pesquisa Mensal do Com\u00e9rcio (PMC), feita pelo Instituto Brasileiro de Geografia e Estat\u00edstica (IBGE), divulgada nesta quinta-feira (12). Apesar disso, o setor\" \/>\n\t<meta name=\"robots\" content=\"max-image-preview:large\" \/>\n\t<meta name=\"author\" content=\"administrador\"\/>\n\t<link rel=\"canonical\" href=\"https:\/\/newsinfoco.com.br\/inicio\/comercio-tem-queda-de-04-em-abril-diz-pesquisa-do-ibge\/\" \/>\n\t<meta name=\"generator\" content=\"All in One SEO (AIOSEO) 4.9.10\" \/>\n\t\t<meta property=\"og:locale\" content=\"pt_BR\" \/>\n\t\t<meta property=\"og:site_name\" content=\"News In Foco - Editado por Caio Pimenta - O principal site de noticias de Alagoinhas e regi\u00e3o\" \/>\n\t\t<meta property=\"og:type\" content=\"article\" \/>\n\t\t<meta property=\"og:title\" content=\"Com\u00e9rcio tem queda de 0,4% em abril, diz pesquisa do IBGE - News In Foco - Editado por Caio Pimenta\" \/>\n\t\t<meta property=\"og:description\" content=\"O volume de vendas do com\u00e9rcio varejista apresentou queda de 0,4% em abril deste ano, na compara\u00e7\u00e3o com o m\u00eas anterior. O resultado veio depois de tr\u00eas altas consecutivas. Os dados s\u00e3o da Pesquisa Mensal do Com\u00e9rcio (PMC), feita pelo Instituto Brasileiro de Geografia e Estat\u00edstica (IBGE), divulgada nesta quinta-feira (12). Apesar disso, o setor\" \/>\n\t\t<meta property=\"og:url\" content=\"https:\/\/newsinfoco.com.br\/inicio\/comercio-tem-queda-de-04-em-abril-diz-pesquisa-do-ibge\/\" \/>\n\t\t<meta property=\"article:published_time\" content=\"2025-06-12T16:53:49+00:00\" \/>\n\t\t<meta property=\"article:modified_time\" content=\"2025-06-12T16:53:49+00:00\" \/>\n\t\t<meta name=\"twitter:card\" content=\"summary_large_image\" \/>\n\t\t<meta name=\"twitter:title\" content=\"Com\u00e9rcio tem queda de 0,4% em abril, diz pesquisa do IBGE - News In Foco - Editado por Caio Pimenta\" \/>\n\t\t<meta name=\"twitter:description\" content=\"O volume de vendas do com\u00e9rcio varejista apresentou queda de 0,4% em abril deste ano, na compara\u00e7\u00e3o com o m\u00eas anterior. O resultado veio depois de tr\u00eas altas consecutivas. Os dados s\u00e3o da Pesquisa Mensal do Com\u00e9rcio (PMC), feita pelo Instituto Brasileiro de Geografia e Estat\u00edstica (IBGE), divulgada nesta quinta-feira (12). Apesar disso, o setor\" \/>\n\t\t<script type=\"application\/ld+json\" class=\"aioseo-schema\">\n\t\t\t{\"@context\":\"https:\\\/\\\/schema.org\",\"@graph\":[{\"@type\":\"BlogPosting\",\"@id\":\"https:\\\/\\\/newsinfoco.com.br\\\/inicio\\\/comercio-tem-queda-de-04-em-abril-diz-pesquisa-do-ibge\\\/#blogposting\",\"name\":\"Com\\u00e9rcio tem queda de 0,4% em abril, diz pesquisa do IBGE - News In Foco - Editado por Caio Pimenta\",\"headline\":\"Com\\u00e9rcio tem queda de 0,4% em abril, diz pesquisa do IBGE\",\"author\":{\"@id\":\"https:\\\/\\\/newsinfoco.com.br\\\/inicio\\\/author\\\/administrador\\\/#author\"},\"publisher\":{\"@id\":\"https:\\\/\\\/newsinfoco.com.br\\\/inicio\\\/#organization\"},\"image\":{\"@type\":\"ImageObject\",\"url\":\"https:\\\/\\\/newsinfoco.com.br\\\/inicio\\\/wp-content\\\/uploads\\\/2025\\\/06\\\/Comercio-Valter-Campanato-Agencia-Brasil.jpg\",\"width\":600,\"height\":420},\"datePublished\":\"2025-06-12T13:53:49-03:00\",\"dateModified\":\"2025-06-12T13:53:49-03:00\",\"inLanguage\":\"pt-BR\",\"mainEntityOfPage\":{\"@id\":\"https:\\\/\\\/newsinfoco.com.br\\\/inicio\\\/comercio-tem-queda-de-04-em-abril-diz-pesquisa-do-ibge\\\/#webpage\"},\"isPartOf\":{\"@id\":\"https:\\\/\\\/newsinfoco.com.br\\\/inicio\\\/comercio-tem-queda-de-04-em-abril-diz-pesquisa-do-ibge\\\/#webpage\"},\"articleSection\":\"Brasil\"},{\"@type\":\"BreadcrumbList\",\"@id\":\"https:\\\/\\\/newsinfoco.com.br\\\/inicio\\\/comercio-tem-queda-de-04-em-abril-diz-pesquisa-do-ibge\\\/#breadcrumblist\",\"itemListElement\":[{\"@type\":\"ListItem\",\"@id\":\"https:\\\/\\\/newsinfoco.com.br\\\/inicio#listItem\",\"position\":1,\"name\":\"In\\u00edcio\",\"item\":\"https:\\\/\\\/newsinfoco.com.br\\\/inicio\",\"nextItem\":{\"@type\":\"ListItem\",\"@id\":\"https:\\\/\\\/newsinfoco.com.br\\\/inicio\\\/category\\\/brasil\\\/#listItem\",\"name\":\"Brasil\"}},{\"@type\":\"ListItem\",\"@id\":\"https:\\\/\\\/newsinfoco.com.br\\\/inicio\\\/category\\\/brasil\\\/#listItem\",\"position\":2,\"name\":\"Brasil\",\"item\":\"https:\\\/\\\/newsinfoco.com.br\\\/inicio\\\/category\\\/brasil\\\/\",\"nextItem\":{\"@type\":\"ListItem\",\"@id\":\"https:\\\/\\\/newsinfoco.com.br\\\/inicio\\\/comercio-tem-queda-de-04-em-abril-diz-pesquisa-do-ibge\\\/#listItem\",\"name\":\"Com\\u00e9rcio tem queda de 0,4% em abril, diz pesquisa do IBGE\"},\"previousItem\":{\"@type\":\"ListItem\",\"@id\":\"https:\\\/\\\/newsinfoco.com.br\\\/inicio#listItem\",\"name\":\"In\\u00edcio\"}},{\"@type\":\"ListItem\",\"@id\":\"https:\\\/\\\/newsinfoco.com.br\\\/inicio\\\/comercio-tem-queda-de-04-em-abril-diz-pesquisa-do-ibge\\\/#listItem\",\"position\":3,\"name\":\"Com\\u00e9rcio tem queda de 0,4% em abril, diz pesquisa do IBGE\",\"previousItem\":{\"@type\":\"ListItem\",\"@id\":\"https:\\\/\\\/newsinfoco.com.br\\\/inicio\\\/category\\\/brasil\\\/#listItem\",\"name\":\"Brasil\"}}]},{\"@type\":\"Organization\",\"@id\":\"https:\\\/\\\/newsinfoco.com.br\\\/inicio\\\/#organization\",\"name\":\"News In Foco - Editado por Caio Pimenta\",\"description\":\"O principal site de noticias de Alagoinhas e regi\\u00e3o\",\"url\":\"https:\\\/\\\/newsinfoco.com.br\\\/inicio\\\/\"},{\"@type\":\"Person\",\"@id\":\"https:\\\/\\\/newsinfoco.com.br\\\/inicio\\\/author\\\/administrador\\\/#author\",\"url\":\"https:\\\/\\\/newsinfoco.com.br\\\/inicio\\\/author\\\/administrador\\\/\",\"name\":\"administrador\",\"image\":{\"@type\":\"ImageObject\",\"@id\":\"https:\\\/\\\/newsinfoco.com.br\\\/inicio\\\/comercio-tem-queda-de-04-em-abril-diz-pesquisa-do-ibge\\\/#authorImage\",\"url\":\"https:\\\/\\\/secure.gravatar.com\\\/avatar\\\/c17a617433de8c1dc9584bb79aab7563b46f5bb7e1728c9b17d9cc3ce6a08e49?s=96&d=mm&r=g\",\"width\":96,\"height\":96,\"caption\":\"administrador\"}},{\"@type\":\"WebPage\",\"@id\":\"https:\\\/\\\/newsinfoco.com.br\\\/inicio\\\/comercio-tem-queda-de-04-em-abril-diz-pesquisa-do-ibge\\\/#webpage\",\"url\":\"https:\\\/\\\/newsinfoco.com.br\\\/inicio\\\/comercio-tem-queda-de-04-em-abril-diz-pesquisa-do-ibge\\\/\",\"name\":\"Com\\u00e9rcio tem queda de 0,4% em abril, diz pesquisa do IBGE - News In Foco - Editado por Caio Pimenta\",\"description\":\"O volume de vendas do com\\u00e9rcio varejista apresentou queda de 0,4% em abril deste ano, na compara\\u00e7\\u00e3o com o m\\u00eas anterior. O resultado veio depois de tr\\u00eas altas consecutivas. Os dados s\\u00e3o da Pesquisa Mensal do Com\\u00e9rcio (PMC), feita pelo Instituto Brasileiro de Geografia e Estat\\u00edstica (IBGE), divulgada nesta quinta-feira (12). Apesar disso, o setor\",\"inLanguage\":\"pt-BR\",\"isPartOf\":{\"@id\":\"https:\\\/\\\/newsinfoco.com.br\\\/inicio\\\/#website\"},\"breadcrumb\":{\"@id\":\"https:\\\/\\\/newsinfoco.com.br\\\/inicio\\\/comercio-tem-queda-de-04-em-abril-diz-pesquisa-do-ibge\\\/#breadcrumblist\"},\"author\":{\"@id\":\"https:\\\/\\\/newsinfoco.com.br\\\/inicio\\\/author\\\/administrador\\\/#author\"},\"creator\":{\"@id\":\"https:\\\/\\\/newsinfoco.com.br\\\/inicio\\\/author\\\/administrador\\\/#author\"},\"image\":{\"@type\":\"ImageObject\",\"url\":\"https:\\\/\\\/newsinfoco.com.br\\\/inicio\\\/wp-content\\\/uploads\\\/2025\\\/06\\\/Comercio-Valter-Campanato-Agencia-Brasil.jpg\",\"@id\":\"https:\\\/\\\/newsinfoco.com.br\\\/inicio\\\/comercio-tem-queda-de-04-em-abril-diz-pesquisa-do-ibge\\\/#mainImage\",\"width\":600,\"height\":420},\"primaryImageOfPage\":{\"@id\":\"https:\\\/\\\/newsinfoco.com.br\\\/inicio\\\/comercio-tem-queda-de-04-em-abril-diz-pesquisa-do-ibge\\\/#mainImage\"},\"datePublished\":\"2025-06-12T13:53:49-03:00\",\"dateModified\":\"2025-06-12T13:53:49-03:00\"},{\"@type\":\"WebSite\",\"@id\":\"https:\\\/\\\/newsinfoco.com.br\\\/inicio\\\/#website\",\"url\":\"https:\\\/\\\/newsinfoco.com.br\\\/inicio\\\/\",\"name\":\"News In Foco - Editado por Caio Pimenta\",\"description\":\"O principal site de noticias de Alagoinhas e regi\\u00e3o\",\"inLanguage\":\"pt-BR\",\"publisher\":{\"@id\":\"https:\\\/\\\/newsinfoco.com.br\\\/inicio\\\/#organization\"}}]}\n\t\t<\/script>\n\t\t<!-- All in One SEO -->\n\n","aioseo_head_json":{"title":"Com\u00e9rcio tem queda de 0,4% em abril, diz pesquisa do IBGE - News In Foco - Editado por Caio Pimenta","description":"O volume de vendas do com\u00e9rcio varejista apresentou queda de 0,4% em abril deste ano, na compara\u00e7\u00e3o com o m\u00eas anterior. O resultado veio depois de tr\u00eas altas consecutivas. Os dados s\u00e3o da Pesquisa Mensal do Com\u00e9rcio (PMC), feita pelo Instituto Brasileiro de Geografia e Estat\u00edstica (IBGE), divulgada nesta quinta-feira (12). Apesar disso, o setor","canonical_url":"https:\/\/newsinfoco.com.br\/inicio\/comercio-tem-queda-de-04-em-abril-diz-pesquisa-do-ibge\/","robots":"max-image-preview:large","keywords":"","webmasterTools":{"miscellaneous":""},"schema":{"@context":"https:\/\/schema.org","@graph":[{"@type":"BlogPosting","@id":"https:\/\/newsinfoco.com.br\/inicio\/comercio-tem-queda-de-04-em-abril-diz-pesquisa-do-ibge\/#blogposting","name":"Com\u00e9rcio tem queda de 0,4% em abril, diz pesquisa do IBGE - News In Foco - Editado por Caio Pimenta","headline":"Com\u00e9rcio tem queda de 0,4% em abril, diz pesquisa do IBGE","author":{"@id":"https:\/\/newsinfoco.com.br\/inicio\/author\/administrador\/#author"},"publisher":{"@id":"https:\/\/newsinfoco.com.br\/inicio\/#organization"},"image":{"@type":"ImageObject","url":"https:\/\/newsinfoco.com.br\/inicio\/wp-content\/uploads\/2025\/06\/Comercio-Valter-Campanato-Agencia-Brasil.jpg","width":600,"height":420},"datePublished":"2025-06-12T13:53:49-03:00","dateModified":"2025-06-12T13:53:49-03:00","inLanguage":"pt-BR","mainEntityOfPage":{"@id":"https:\/\/newsinfoco.com.br\/inicio\/comercio-tem-queda-de-04-em-abril-diz-pesquisa-do-ibge\/#webpage"},"isPartOf":{"@id":"https:\/\/newsinfoco.com.br\/inicio\/comercio-tem-queda-de-04-em-abril-diz-pesquisa-do-ibge\/#webpage"},"articleSection":"Brasil"},{"@type":"BreadcrumbList","@id":"https:\/\/newsinfoco.com.br\/inicio\/comercio-tem-queda-de-04-em-abril-diz-pesquisa-do-ibge\/#breadcrumblist","itemListElement":[{"@type":"ListItem","@id":"https:\/\/newsinfoco.com.br\/inicio#listItem","position":1,"name":"In\u00edcio","item":"https:\/\/newsinfoco.com.br\/inicio","nextItem":{"@type":"ListItem","@id":"https:\/\/newsinfoco.com.br\/inicio\/category\/brasil\/#listItem","name":"Brasil"}},{"@type":"ListItem","@id":"https:\/\/newsinfoco.com.br\/inicio\/category\/brasil\/#listItem","position":2,"name":"Brasil","item":"https:\/\/newsinfoco.com.br\/inicio\/category\/brasil\/","nextItem":{"@type":"ListItem","@id":"https:\/\/newsinfoco.com.br\/inicio\/comercio-tem-queda-de-04-em-abril-diz-pesquisa-do-ibge\/#listItem","name":"Com\u00e9rcio tem queda de 0,4% em abril, diz pesquisa do IBGE"},"previousItem":{"@type":"ListItem","@id":"https:\/\/newsinfoco.com.br\/inicio#listItem","name":"In\u00edcio"}},{"@type":"ListItem","@id":"https:\/\/newsinfoco.com.br\/inicio\/comercio-tem-queda-de-04-em-abril-diz-pesquisa-do-ibge\/#listItem","position":3,"name":"Com\u00e9rcio tem queda de 0,4% em abril, diz pesquisa do IBGE","previousItem":{"@type":"ListItem","@id":"https:\/\/newsinfoco.com.br\/inicio\/category\/brasil\/#listItem","name":"Brasil"}}]},{"@type":"Organization","@id":"https:\/\/newsinfoco.com.br\/inicio\/#organization","name":"News In Foco - Editado por Caio Pimenta","description":"O principal site de noticias de Alagoinhas e regi\u00e3o","url":"https:\/\/newsinfoco.com.br\/inicio\/"},{"@type":"Person","@id":"https:\/\/newsinfoco.com.br\/inicio\/author\/administrador\/#author","url":"https:\/\/newsinfoco.com.br\/inicio\/author\/administrador\/","name":"administrador","image":{"@type":"ImageObject","@id":"https:\/\/newsinfoco.com.br\/inicio\/comercio-tem-queda-de-04-em-abril-diz-pesquisa-do-ibge\/#authorImage","url":"https:\/\/secure.gravatar.com\/avatar\/c17a617433de8c1dc9584bb79aab7563b46f5bb7e1728c9b17d9cc3ce6a08e49?s=96&d=mm&r=g","width":96,"height":96,"caption":"administrador"}},{"@type":"WebPage","@id":"https:\/\/newsinfoco.com.br\/inicio\/comercio-tem-queda-de-04-em-abril-diz-pesquisa-do-ibge\/#webpage","url":"https:\/\/newsinfoco.com.br\/inicio\/comercio-tem-queda-de-04-em-abril-diz-pesquisa-do-ibge\/","name":"Com\u00e9rcio tem queda de 0,4% em abril, diz pesquisa do IBGE - News In Foco - Editado por Caio Pimenta","description":"O volume de vendas do com\u00e9rcio varejista apresentou queda de 0,4% em abril deste ano, na compara\u00e7\u00e3o com o m\u00eas anterior. O resultado veio depois de tr\u00eas altas consecutivas. Os dados s\u00e3o da Pesquisa Mensal do Com\u00e9rcio (PMC), feita pelo Instituto Brasileiro de Geografia e Estat\u00edstica (IBGE), divulgada nesta quinta-feira (12). Apesar disso, o setor","inLanguage":"pt-BR","isPartOf":{"@id":"https:\/\/newsinfoco.com.br\/inicio\/#website"},"breadcrumb":{"@id":"https:\/\/newsinfoco.com.br\/inicio\/comercio-tem-queda-de-04-em-abril-diz-pesquisa-do-ibge\/#breadcrumblist"},"author":{"@id":"https:\/\/newsinfoco.com.br\/inicio\/author\/administrador\/#author"},"creator":{"@id":"https:\/\/newsinfoco.com.br\/inicio\/author\/administrador\/#author"},"image":{"@type":"ImageObject","url":"https:\/\/newsinfoco.com.br\/inicio\/wp-content\/uploads\/2025\/06\/Comercio-Valter-Campanato-Agencia-Brasil.jpg","@id":"https:\/\/newsinfoco.com.br\/inicio\/comercio-tem-queda-de-04-em-abril-diz-pesquisa-do-ibge\/#mainImage","width":600,"height":420},"primaryImageOfPage":{"@id":"https:\/\/newsinfoco.com.br\/inicio\/comercio-tem-queda-de-04-em-abril-diz-pesquisa-do-ibge\/#mainImage"},"datePublished":"2025-06-12T13:53:49-03:00","dateModified":"2025-06-12T13:53:49-03:00"},{"@type":"WebSite","@id":"https:\/\/newsinfoco.com.br\/inicio\/#website","url":"https:\/\/newsinfoco.com.br\/inicio\/","name":"News In Foco - Editado por Caio Pimenta","description":"O principal site de noticias de Alagoinhas e regi\u00e3o","inLanguage":"pt-BR","publisher":{"@id":"https:\/\/newsinfoco.com.br\/inicio\/#organization"}}]},"og:locale":"pt_BR","og:site_name":"News In Foco - Editado por Caio Pimenta - O principal site de noticias de Alagoinhas e regi\u00e3o","og:type":"article","og:title":"Com\u00e9rcio tem queda de 0,4% em abril, diz pesquisa do IBGE - News In Foco - Editado por Caio Pimenta","og:description":"O volume de vendas do com\u00e9rcio varejista apresentou queda de 0,4% em abril deste ano, na compara\u00e7\u00e3o com o m\u00eas anterior. O resultado veio depois de tr\u00eas altas consecutivas. Os dados s\u00e3o da Pesquisa Mensal do Com\u00e9rcio (PMC), feita pelo Instituto Brasileiro de Geografia e Estat\u00edstica (IBGE), divulgada nesta quinta-feira (12). Apesar disso, o setor","og:url":"https:\/\/newsinfoco.com.br\/inicio\/comercio-tem-queda-de-04-em-abril-diz-pesquisa-do-ibge\/","article:published_time":"2025-06-12T16:53:49+00:00","article:modified_time":"2025-06-12T16:53:49+00:00","twitter:card":"summary_large_image","twitter:title":"Com\u00e9rcio tem queda de 0,4% em abril, diz pesquisa do IBGE - News In Foco - Editado por Caio Pimenta","twitter:description":"O volume de vendas do com\u00e9rcio varejista apresentou queda de 0,4% em abril deste ano, na compara\u00e7\u00e3o com o m\u00eas anterior. O resultado veio depois de tr\u00eas altas consecutivas. Os dados s\u00e3o da Pesquisa Mensal do Com\u00e9rcio (PMC), feita pelo Instituto Brasileiro de Geografia e Estat\u00edstica (IBGE), divulgada nesta quinta-feira (12). Apesar disso, o setor"},"aioseo_meta_data":{"post_id":"42471","title":null,"description":null,"keywords":null,"keyphrases":{"focus":{"keyphrase":"","score":0,"analysis":{"keyphraseInTitle":{"score":0,"maxScore":9,"error":1}}},"additional":[]},"primary_term":null,"canonical_url":null,"og_title":null,"og_description":null,"og_object_type":"default","og_image_type":"default","og_image_url":null,"og_image_width":null,"og_image_height":null,"og_image_custom_url":null,"og_image_custom_fields":null,"og_video":"","og_custom_url":null,"og_article_section":null,"og_article_tags":null,"twitter_use_og":false,"twitter_card":"default","twitter_image_type":"default","twitter_image_url":null,"twitter_image_custom_url":null,"twitter_image_custom_fields":null,"twitter_title":null,"twitter_description":null,"schema":{"blockGraphs":[],"customGraphs":[],"default":{"data":{"Article":[],"Course":[],"Dataset":[],"FAQPage":[],"Movie":[],"Person":[],"Product":[],"ProductReview":[],"Car":[],"Recipe":[],"Service":[],"SoftwareApplication":[],"WebPage":[]},"graphName":"BlogPosting","isEnabled":true},"graphs":[]},"schema_type":"default","schema_type_options":null,"pillar_content":false,"robots_default":true,"robots_noindex":false,"robots_noarchive":false,"robots_nosnippet":false,"robots_nofollow":false,"robots_noimageindex":false,"robots_noodp":false,"robots_notranslate":false,"robots_max_snippet":"-1","robots_max_videopreview":"-1","robots_max_imagepreview":"large","priority":null,"frequency":"default","local_seo":null,"breadcrumb_settings":null,"limit_modified_date":false,"ai":null,"created":"2025-06-12 16:53:49","updated":"2025-07-11 13:58:18","seo_analyzer_scan_date":null},"aioseo_breadcrumb":"<div class=\"aioseo-breadcrumbs\"><span class=\"aioseo-breadcrumb\">\n\t\t\t<a href=\"https:\/\/newsinfoco.com.br\/inicio\" title=\"In\u00edcio\">In\u00edcio<\/a>\n\t\t<\/span><span class=\"aioseo-breadcrumb-separator\">&raquo;<\/span><span class=\"aioseo-breadcrumb\">\n\t\t\t<a href=\"https:\/\/newsinfoco.com.br\/inicio\/category\/brasil\/\" title=\"Brasil\">Brasil<\/a>\n\t\t<\/span><span class=\"aioseo-breadcrumb-separator\">&raquo;<\/span><span class=\"aioseo-breadcrumb\">\n\t\t\tCom\u00e9rcio tem queda de 0,4% em abril, diz pesquisa do IBGE\n\t\t<\/span><\/div>","aioseo_breadcrumb_json":[{"label":"In\u00edcio","link":"https:\/\/newsinfoco.com.br\/inicio"},{"label":"Brasil","link":"https:\/\/newsinfoco.com.br\/inicio\/category\/brasil\/"},{"label":"Com\u00e9rcio tem queda de 0,4% em abril, diz pesquisa do IBGE","link":"https:\/\/newsinfoco.com.br\/inicio\/comercio-tem-queda-de-04-em-abril-diz-pesquisa-do-ibge\/"}],"_links":{"self":[{"href":"https:\/\/newsinfoco.com.br\/inicio\/wp-json\/wp\/v2\/posts\/42471","targetHints":{"allow":["GET"]}}],"collection":[{"href":"https:\/\/newsinfoco.com.br\/inicio\/wp-json\/wp\/v2\/posts"}],"about":[{"href":"https:\/\/newsinfoco.com.br\/inicio\/wp-json\/wp\/v2\/types\/post"}],"author":[{"embeddable":true,"href":"https:\/\/newsinfoco.com.br\/inicio\/wp-json\/wp\/v2\/users\/1"}],"replies":[{"embeddable":true,"href":"https:\/\/newsinfoco.com.br\/inicio\/wp-json\/wp\/v2\/comments?post=42471"}],"version-history":[{"count":1,"href":"https:\/\/newsinfoco.com.br\/inicio\/wp-json\/wp\/v2\/posts\/42471\/revisions"}],"predecessor-version":[{"id":42473,"href":"https:\/\/newsinfoco.com.br\/inicio\/wp-json\/wp\/v2\/posts\/42471\/revisions\/42473"}],"wp:featuredmedia":[{"embeddable":true,"href":"https:\/\/newsinfoco.com.br\/inicio\/wp-json\/wp\/v2\/media\/42472"}],"wp:attachment":[{"href":"https:\/\/newsinfoco.com.br\/inicio\/wp-json\/wp\/v2\/media?parent=42471"}],"wp:term":[{"taxonomy":"category","embeddable":true,"href":"https:\/\/newsinfoco.com.br\/inicio\/wp-json\/wp\/v2\/categories?post=42471"},{"taxonomy":"post_tag","embeddable":true,"href":"https:\/\/newsinfoco.com.br\/inicio\/wp-json\/wp\/v2\/tags?post=42471"}],"curies":[{"name":"wp","href":"https:\/\/api.w.org\/{rel}","templated":true}]}}