{"id":42474,"date":"2025-06-12T14:02:29","date_gmt":"2025-06-12T17:02:29","guid":{"rendered":"https:\/\/newsinfoco.com.br\/inicio\/?p=42474"},"modified":"2025-06-12T14:02:29","modified_gmt":"2025-06-12T17:02:29","slug":"nova-mp-preve-contencao-de-despesas-no-pe-de-meia-auxilio-doenca-e-seguro-defeso-entenda","status":"publish","type":"post","link":"https:\/\/newsinfoco.com.br\/inicio\/nova-mp-preve-contencao-de-despesas-no-pe-de-meia-auxilio-doenca-e-seguro-defeso-entenda\/","title":{"rendered":"Nova MP prev\u00ea conten\u00e7\u00e3o de despesas no P\u00e9-de-Meia, aux\u00edlio-doen\u00e7a e seguro-defeso; entenda"},"content":{"rendered":"<p>A medida provis\u00f3ria (MP) publicada pelo governo Federal na quinta-feira (11), que elevou a tributa\u00e7\u00e3o sobre investimentos, trouxe tamb\u00e9m um pacote de medidas para conten\u00e7\u00e3o de despesas. Estas altera\u00e7\u00f5es atingem benef\u00edcios como o seguro-defeso, o aux\u00edlio-doen\u00e7a via Atestmed, e o programa P\u00e9-de-Meia.<\/p>\n<p>Segundo mat\u00e9ria do InfoMoney, o an\u00fancio veio ap\u00f3s forte press\u00e3o do Congresso Nacional e do setor produtivo por medidas de controle de gastos para equilibrar a proposta de aumento de tributos sobre aplica\u00e7\u00f5es financeiras, com o fim da isen\u00e7\u00e3o para LCI, LCA, CRI, CRA e dividendos de FIIs e Fiagros, al\u00e9m da unifica\u00e7\u00e3o da al\u00edquota de IR, em 17,5%, para diversas modalidades de investimentos.<\/p>\n<p><strong>Educa\u00e7\u00e3o<\/strong><\/p>\n<p>Uma das principais mudan\u00e7as propostas \u00e9 a contabiliza\u00e7\u00e3o dos gastos do programa P\u00e9-de-Meia no piso constitucional da educa\u00e7\u00e3o, j\u00e1 que o programa concede incentivos financeiros para estudantes do ensino m\u00e9dio. Com isso, a despesa estimada em R$ 12 bilh\u00f5es para 2026 passaria a ser absorvida dentro dos 18% m\u00ednimos da receita l\u00edquida de impostos que a Uni\u00e3o deve aplicar na \u00e1rea, liberando espa\u00e7o or\u00e7ament\u00e1rio em outras frentes.<\/p>\n<p><strong>Seguro-defeso<\/strong><\/p>\n<p>O texto prev\u00ea ajustes tamb\u00e9m nos crit\u00e9rios para o acesso ao seguro-defeso, benef\u00edcio pago a pescadores artesanais durante o per\u00edodo de proibi\u00e7\u00e3o da pesca, estabelecendo um teto para a dota\u00e7\u00e3o or\u00e7ament\u00e1ria, o que impede que os gastos com o programa ultrapasse o valor previsto na Lei Or\u00e7ament\u00e1ria Anual (LOA). De acordo com o jornal Folha de S\u00e3o Paulo, que ouviu um t\u00e9cnico da Fazenda, esse limite foi fixado em R$ 6,5 bilh\u00f5es para 2025.<\/p>\n<p>Al\u00e9m disso, a homologa\u00e7\u00e3o do registro de pescador pela prefeitura do munic\u00edpio passa a ser obrigat\u00f3ria, em substitui\u00e7\u00e3o ao modelo atual, em que o pleito \u00e9 realizado diretamente no sistema federal. Ainda de acordo com o governo, um outro decreto, com regras adicionais, ainda ser\u00e1 editado, que contar\u00e1 com o uso de biometria e o cruzamento de dados para coibir fraudes.<\/p>\n<p><strong>Aux\u00edlio-doen\u00e7a<\/strong><\/p>\n<p>Outra altera\u00e7\u00e3o prevista no texto \u00e9 a limita\u00e7\u00e3o no prazo para concess\u00e3o do aux\u00edlio-doen\u00e7a pelo sistema Atestmed, que permite a obten\u00e7\u00e3o do benef\u00edcio com an\u00e1lise apenas documental, reduzindo o prazo m\u00e1ximo de 180 para 30 dias. Extens\u00f5es exigir\u00e3o per\u00edcia presencial ou telemedicina. O prazo pode ser revisto por ato do Poder Executivo, desde que seja justificado.<\/p>\n<div>\n<div>\n<div class=\"trv-player-container\">\n<div class=\"trv-wrapper\">\n<div id=\"br_video_player_dd0fd5d2b94f8e434a762c8b173ef29dc3c659f9\" class=\"trvd_video_player trvdinstream\">\n<div class=\"media-player\"><\/div>\n<div class=\"trv-autoskip-container\">\n<div class=\"trv-autoskip-background\">\n<div class=\"trv-autoskip-line-top\">\n<div>\n<div class=\"conteudo_post\">\n<p><strong>Teto para contribui\u00e7\u00e3o federal<\/strong><\/p>\n<p>Por fim, a compensa\u00e7\u00e3o financeira que a Uni\u00e3o paga a estados e munic\u00edpios pela incorpora\u00e7\u00e3o de tempo de contribui\u00e7\u00e3o de servidores p\u00fablicos ao regime geral da Previd\u00eancia Social (RGPS) tamb\u00e9m passar\u00e1 a ter um teto or\u00e7ament\u00e1rio, conforme previsto no or\u00e7amento sancionado.<\/p>\n<\/div>\n<div id=\"div-share\">Bahia.Ba<\/div>\n<\/div>\n<\/div>\n<div class=\"trv-autoskip-line-right\">\n<div><\/div>\n<\/div>\n<div class=\"trv-autoskip-line-bottom\">\n<div><\/div>\n<\/div>\n<div class=\"trv-autoskip-line-left\">\n<div><\/div>\n<\/div>\n<\/div>\n<div class=\"autoskip-btn autoskip-btn-blue\"><\/div>\n<div class=\"autoskip-btn autoskip-btn-gray\"><\/div>\n<\/div>\n<div><\/div>\n<p><img decoding=\"async\" src=\"https:\/\/ads.stickyadstv.com\/auto-user-sync?_fw_gdpr=0&amp;_fw_gdpr_consent=\" \/><img decoding=\"async\" src=\"https:\/\/ads.stickyadstv.com\/user-matching?id=2545&amp;_fw_gdpr=0&amp;_fw_gdpr_consent=\" \/><\/div>\n<\/div>\n<\/div>\n<\/div>\n<\/div>\n<div class='share-to-whatsapp-wrapper'><div class='share-on-whsp'>Share on: <\/div><a data-text='Nova MP prev\u00ea conten\u00e7\u00e3o de despesas no P\u00e9-de-Meia, aux\u00edlio-doen\u00e7a e seguro-defeso; entenda' data-link='https:\/\/newsinfoco.com.br\/inicio\/nova-mp-preve-contencao-de-despesas-no-pe-de-meia-auxilio-doenca-e-seguro-defeso-entenda\/' class='whatsapp-button whatsapp-share'>WhatsApp<\/a><div class='clear '><\/div><\/div>","protected":false},"excerpt":{"rendered":"<p>A medida provis\u00f3ria (MP) publicada pelo governo Federal na quinta-feira (11), que elevou a tributa\u00e7\u00e3o sobre investimentos, trouxe tamb\u00e9m um pacote de medidas para conten\u00e7\u00e3o de despesas. Estas altera\u00e7\u00f5es atingem benef\u00edcios como o seguro-defeso, o aux\u00edlio-doen\u00e7a via Atestmed, e o programa P\u00e9-de-Meia. Segundo mat\u00e9ria do InfoMoney, o an\u00fancio veio ap\u00f3s forte press\u00e3o do Congresso Nacional [&hellip;]<\/p>\n","protected":false},"author":1,"featured_media":42475,"comment_status":"closed","ping_status":"closed","sticky":false,"template":"","format":"standard","meta":{"om_disable_all_campaigns":false,"rop_custom_images_group":[],"rop_custom_messages_group":[],"rop_publish_now":"initial","rop_publish_now_accounts":[],"rop_publish_now_history":[],"rop_publish_now_status":"pending","_exactmetrics_skip_tracking":false,"footnotes":""},"categories":[21],"tags":[],"class_list":["post-42474","post","type-post","status-publish","format-standard","has-post-thumbnail","hentry","category-brasil"],"aioseo_notices":[],"aioseo_head":"\n\t\t<!-- All in One SEO 4.9.10 - aioseo.com -->\n\t<meta name=\"description\" content=\"A medida provis\u00f3ria (MP) publicada pelo governo Federal na quinta-feira (11), que elevou a tributa\u00e7\u00e3o sobre investimentos, trouxe tamb\u00e9m um pacote de medidas para conten\u00e7\u00e3o de despesas. Estas altera\u00e7\u00f5es atingem benef\u00edcios como o seguro-defeso, o aux\u00edlio-doen\u00e7a via Atestmed, e o programa P\u00e9-de-Meia. Segundo mat\u00e9ria do InfoMoney, o an\u00fancio veio ap\u00f3s forte press\u00e3o do Congresso Nacional\" \/>\n\t<meta name=\"robots\" content=\"max-image-preview:large\" \/>\n\t<meta name=\"author\" content=\"administrador\"\/>\n\t<link rel=\"canonical\" href=\"https:\/\/newsinfoco.com.br\/inicio\/nova-mp-preve-contencao-de-despesas-no-pe-de-meia-auxilio-doenca-e-seguro-defeso-entenda\/\" \/>\n\t<meta name=\"generator\" content=\"All in One SEO (AIOSEO) 4.9.10\" \/>\n\t\t<meta property=\"og:locale\" content=\"pt_BR\" \/>\n\t\t<meta property=\"og:site_name\" content=\"News In Foco - Editado por Caio Pimenta - O principal site de noticias de Alagoinhas e regi\u00e3o\" \/>\n\t\t<meta property=\"og:type\" content=\"article\" \/>\n\t\t<meta property=\"og:title\" content=\"Nova MP prev\u00ea conten\u00e7\u00e3o de despesas no P\u00e9-de-Meia, aux\u00edlio-doen\u00e7a e seguro-defeso; entenda - News In Foco - Editado por Caio Pimenta\" \/>\n\t\t<meta property=\"og:description\" content=\"A medida provis\u00f3ria (MP) publicada pelo governo Federal na quinta-feira (11), que elevou a tributa\u00e7\u00e3o sobre investimentos, trouxe tamb\u00e9m um pacote de medidas para conten\u00e7\u00e3o de despesas. Estas altera\u00e7\u00f5es atingem benef\u00edcios como o seguro-defeso, o aux\u00edlio-doen\u00e7a via Atestmed, e o programa P\u00e9-de-Meia. Segundo mat\u00e9ria do InfoMoney, o an\u00fancio veio ap\u00f3s forte press\u00e3o do Congresso Nacional\" \/>\n\t\t<meta property=\"og:url\" content=\"https:\/\/newsinfoco.com.br\/inicio\/nova-mp-preve-contencao-de-despesas-no-pe-de-meia-auxilio-doenca-e-seguro-defeso-entenda\/\" \/>\n\t\t<meta property=\"article:published_time\" content=\"2025-06-12T17:02:29+00:00\" \/>\n\t\t<meta property=\"article:modified_time\" content=\"2025-06-12T17:02:29+00:00\" \/>\n\t\t<meta name=\"twitter:card\" content=\"summary_large_image\" \/>\n\t\t<meta name=\"twitter:title\" content=\"Nova MP prev\u00ea conten\u00e7\u00e3o de despesas no P\u00e9-de-Meia, aux\u00edlio-doen\u00e7a e seguro-defeso; entenda - News In Foco - Editado por Caio Pimenta\" \/>\n\t\t<meta name=\"twitter:description\" content=\"A medida provis\u00f3ria (MP) publicada pelo governo Federal na quinta-feira (11), que elevou a tributa\u00e7\u00e3o sobre investimentos, trouxe tamb\u00e9m um pacote de medidas para conten\u00e7\u00e3o de despesas. Estas altera\u00e7\u00f5es atingem benef\u00edcios como o seguro-defeso, o aux\u00edlio-doen\u00e7a via Atestmed, e o programa P\u00e9-de-Meia. Segundo mat\u00e9ria do InfoMoney, o an\u00fancio veio ap\u00f3s forte press\u00e3o do Congresso Nacional\" \/>\n\t\t<script type=\"application\/ld+json\" class=\"aioseo-schema\">\n\t\t\t{\"@context\":\"https:\\\/\\\/schema.org\",\"@graph\":[{\"@type\":\"BlogPosting\",\"@id\":\"https:\\\/\\\/newsinfoco.com.br\\\/inicio\\\/nova-mp-preve-contencao-de-despesas-no-pe-de-meia-auxilio-doenca-e-seguro-defeso-entenda\\\/#blogposting\",\"name\":\"Nova MP prev\\u00ea conten\\u00e7\\u00e3o de despesas no P\\u00e9-de-Meia, aux\\u00edlio-doen\\u00e7a e seguro-defeso; entenda - News In Foco - Editado por Caio Pimenta\",\"headline\":\"Nova MP prev\\u00ea conten\\u00e7\\u00e3o de despesas no P\\u00e9-de-Meia, aux\\u00edlio-doen\\u00e7a e seguro-defeso; entenda\",\"author\":{\"@id\":\"https:\\\/\\\/newsinfoco.com.br\\\/inicio\\\/author\\\/administrador\\\/#author\"},\"publisher\":{\"@id\":\"https:\\\/\\\/newsinfoco.com.br\\\/inicio\\\/#organization\"},\"image\":{\"@type\":\"ImageObject\",\"url\":\"https:\\\/\\\/newsinfoco.com.br\\\/inicio\\\/wp-content\\\/uploads\\\/2025\\\/06\\\/Conselho-de-etica-1.jpg\",\"width\":600,\"height\":420,\"caption\":\"Pal\\u00e1cio do Congresso Nacional na Esplanada dos Minist\\u00e9rios em Bras\\u00edlia\"},\"datePublished\":\"2025-06-12T14:02:29-03:00\",\"dateModified\":\"2025-06-12T14:02:29-03:00\",\"inLanguage\":\"pt-BR\",\"mainEntityOfPage\":{\"@id\":\"https:\\\/\\\/newsinfoco.com.br\\\/inicio\\\/nova-mp-preve-contencao-de-despesas-no-pe-de-meia-auxilio-doenca-e-seguro-defeso-entenda\\\/#webpage\"},\"isPartOf\":{\"@id\":\"https:\\\/\\\/newsinfoco.com.br\\\/inicio\\\/nova-mp-preve-contencao-de-despesas-no-pe-de-meia-auxilio-doenca-e-seguro-defeso-entenda\\\/#webpage\"},\"articleSection\":\"Brasil\"},{\"@type\":\"BreadcrumbList\",\"@id\":\"https:\\\/\\\/newsinfoco.com.br\\\/inicio\\\/nova-mp-preve-contencao-de-despesas-no-pe-de-meia-auxilio-doenca-e-seguro-defeso-entenda\\\/#breadcrumblist\",\"itemListElement\":[{\"@type\":\"ListItem\",\"@id\":\"https:\\\/\\\/newsinfoco.com.br\\\/inicio#listItem\",\"position\":1,\"name\":\"In\\u00edcio\",\"item\":\"https:\\\/\\\/newsinfoco.com.br\\\/inicio\",\"nextItem\":{\"@type\":\"ListItem\",\"@id\":\"https:\\\/\\\/newsinfoco.com.br\\\/inicio\\\/category\\\/brasil\\\/#listItem\",\"name\":\"Brasil\"}},{\"@type\":\"ListItem\",\"@id\":\"https:\\\/\\\/newsinfoco.com.br\\\/inicio\\\/category\\\/brasil\\\/#listItem\",\"position\":2,\"name\":\"Brasil\",\"item\":\"https:\\\/\\\/newsinfoco.com.br\\\/inicio\\\/category\\\/brasil\\\/\",\"nextItem\":{\"@type\":\"ListItem\",\"@id\":\"https:\\\/\\\/newsinfoco.com.br\\\/inicio\\\/nova-mp-preve-contencao-de-despesas-no-pe-de-meia-auxilio-doenca-e-seguro-defeso-entenda\\\/#listItem\",\"name\":\"Nova MP prev\\u00ea conten\\u00e7\\u00e3o de despesas no P\\u00e9-de-Meia, aux\\u00edlio-doen\\u00e7a e seguro-defeso; entenda\"},\"previousItem\":{\"@type\":\"ListItem\",\"@id\":\"https:\\\/\\\/newsinfoco.com.br\\\/inicio#listItem\",\"name\":\"In\\u00edcio\"}},{\"@type\":\"ListItem\",\"@id\":\"https:\\\/\\\/newsinfoco.com.br\\\/inicio\\\/nova-mp-preve-contencao-de-despesas-no-pe-de-meia-auxilio-doenca-e-seguro-defeso-entenda\\\/#listItem\",\"position\":3,\"name\":\"Nova MP prev\\u00ea conten\\u00e7\\u00e3o de despesas no P\\u00e9-de-Meia, aux\\u00edlio-doen\\u00e7a e seguro-defeso; entenda\",\"previousItem\":{\"@type\":\"ListItem\",\"@id\":\"https:\\\/\\\/newsinfoco.com.br\\\/inicio\\\/category\\\/brasil\\\/#listItem\",\"name\":\"Brasil\"}}]},{\"@type\":\"Organization\",\"@id\":\"https:\\\/\\\/newsinfoco.com.br\\\/inicio\\\/#organization\",\"name\":\"News In Foco - Editado por Caio Pimenta\",\"description\":\"O principal site de noticias de Alagoinhas e regi\\u00e3o\",\"url\":\"https:\\\/\\\/newsinfoco.com.br\\\/inicio\\\/\"},{\"@type\":\"Person\",\"@id\":\"https:\\\/\\\/newsinfoco.com.br\\\/inicio\\\/author\\\/administrador\\\/#author\",\"url\":\"https:\\\/\\\/newsinfoco.com.br\\\/inicio\\\/author\\\/administrador\\\/\",\"name\":\"administrador\",\"image\":{\"@type\":\"ImageObject\",\"@id\":\"https:\\\/\\\/newsinfoco.com.br\\\/inicio\\\/nova-mp-preve-contencao-de-despesas-no-pe-de-meia-auxilio-doenca-e-seguro-defeso-entenda\\\/#authorImage\",\"url\":\"https:\\\/\\\/secure.gravatar.com\\\/avatar\\\/c17a617433de8c1dc9584bb79aab7563b46f5bb7e1728c9b17d9cc3ce6a08e49?s=96&d=mm&r=g\",\"width\":96,\"height\":96,\"caption\":\"administrador\"}},{\"@type\":\"WebPage\",\"@id\":\"https:\\\/\\\/newsinfoco.com.br\\\/inicio\\\/nova-mp-preve-contencao-de-despesas-no-pe-de-meia-auxilio-doenca-e-seguro-defeso-entenda\\\/#webpage\",\"url\":\"https:\\\/\\\/newsinfoco.com.br\\\/inicio\\\/nova-mp-preve-contencao-de-despesas-no-pe-de-meia-auxilio-doenca-e-seguro-defeso-entenda\\\/\",\"name\":\"Nova MP prev\\u00ea conten\\u00e7\\u00e3o de despesas no P\\u00e9-de-Meia, aux\\u00edlio-doen\\u00e7a e seguro-defeso; entenda - News In Foco - Editado por Caio Pimenta\",\"description\":\"A medida provis\\u00f3ria (MP) publicada pelo governo Federal na quinta-feira (11), que elevou a tributa\\u00e7\\u00e3o sobre investimentos, trouxe tamb\\u00e9m um pacote de medidas para conten\\u00e7\\u00e3o de despesas. Estas altera\\u00e7\\u00f5es atingem benef\\u00edcios como o seguro-defeso, o aux\\u00edlio-doen\\u00e7a via Atestmed, e o programa P\\u00e9-de-Meia. Segundo mat\\u00e9ria do InfoMoney, o an\\u00fancio veio ap\\u00f3s forte press\\u00e3o do Congresso Nacional\",\"inLanguage\":\"pt-BR\",\"isPartOf\":{\"@id\":\"https:\\\/\\\/newsinfoco.com.br\\\/inicio\\\/#website\"},\"breadcrumb\":{\"@id\":\"https:\\\/\\\/newsinfoco.com.br\\\/inicio\\\/nova-mp-preve-contencao-de-despesas-no-pe-de-meia-auxilio-doenca-e-seguro-defeso-entenda\\\/#breadcrumblist\"},\"author\":{\"@id\":\"https:\\\/\\\/newsinfoco.com.br\\\/inicio\\\/author\\\/administrador\\\/#author\"},\"creator\":{\"@id\":\"https:\\\/\\\/newsinfoco.com.br\\\/inicio\\\/author\\\/administrador\\\/#author\"},\"image\":{\"@type\":\"ImageObject\",\"url\":\"https:\\\/\\\/newsinfoco.com.br\\\/inicio\\\/wp-content\\\/uploads\\\/2025\\\/06\\\/Conselho-de-etica-1.jpg\",\"@id\":\"https:\\\/\\\/newsinfoco.com.br\\\/inicio\\\/nova-mp-preve-contencao-de-despesas-no-pe-de-meia-auxilio-doenca-e-seguro-defeso-entenda\\\/#mainImage\",\"width\":600,\"height\":420,\"caption\":\"Pal\\u00e1cio do Congresso Nacional na Esplanada dos Minist\\u00e9rios em Bras\\u00edlia\"},\"primaryImageOfPage\":{\"@id\":\"https:\\\/\\\/newsinfoco.com.br\\\/inicio\\\/nova-mp-preve-contencao-de-despesas-no-pe-de-meia-auxilio-doenca-e-seguro-defeso-entenda\\\/#mainImage\"},\"datePublished\":\"2025-06-12T14:02:29-03:00\",\"dateModified\":\"2025-06-12T14:02:29-03:00\"},{\"@type\":\"WebSite\",\"@id\":\"https:\\\/\\\/newsinfoco.com.br\\\/inicio\\\/#website\",\"url\":\"https:\\\/\\\/newsinfoco.com.br\\\/inicio\\\/\",\"name\":\"News In Foco - Editado por Caio Pimenta\",\"description\":\"O principal site de noticias de Alagoinhas e regi\\u00e3o\",\"inLanguage\":\"pt-BR\",\"publisher\":{\"@id\":\"https:\\\/\\\/newsinfoco.com.br\\\/inicio\\\/#organization\"}}]}\n\t\t<\/script>\n\t\t<!-- All in One SEO -->\n\n","aioseo_head_json":{"title":"Nova MP prev\u00ea conten\u00e7\u00e3o de despesas no P\u00e9-de-Meia, aux\u00edlio-doen\u00e7a e seguro-defeso; entenda - News In Foco - Editado por Caio Pimenta","description":"A medida provis\u00f3ria (MP) publicada pelo governo Federal na quinta-feira (11), que elevou a tributa\u00e7\u00e3o sobre investimentos, trouxe tamb\u00e9m um pacote de medidas para conten\u00e7\u00e3o de despesas. Estas altera\u00e7\u00f5es atingem benef\u00edcios como o seguro-defeso, o aux\u00edlio-doen\u00e7a via Atestmed, e o programa P\u00e9-de-Meia. Segundo mat\u00e9ria do InfoMoney, o an\u00fancio veio ap\u00f3s forte press\u00e3o do Congresso Nacional","canonical_url":"https:\/\/newsinfoco.com.br\/inicio\/nova-mp-preve-contencao-de-despesas-no-pe-de-meia-auxilio-doenca-e-seguro-defeso-entenda\/","robots":"max-image-preview:large","keywords":"","webmasterTools":{"miscellaneous":""},"schema":{"@context":"https:\/\/schema.org","@graph":[{"@type":"BlogPosting","@id":"https:\/\/newsinfoco.com.br\/inicio\/nova-mp-preve-contencao-de-despesas-no-pe-de-meia-auxilio-doenca-e-seguro-defeso-entenda\/#blogposting","name":"Nova MP prev\u00ea conten\u00e7\u00e3o de despesas no P\u00e9-de-Meia, aux\u00edlio-doen\u00e7a e seguro-defeso; entenda - News In Foco - Editado por Caio Pimenta","headline":"Nova MP prev\u00ea conten\u00e7\u00e3o de despesas no P\u00e9-de-Meia, aux\u00edlio-doen\u00e7a e seguro-defeso; entenda","author":{"@id":"https:\/\/newsinfoco.com.br\/inicio\/author\/administrador\/#author"},"publisher":{"@id":"https:\/\/newsinfoco.com.br\/inicio\/#organization"},"image":{"@type":"ImageObject","url":"https:\/\/newsinfoco.com.br\/inicio\/wp-content\/uploads\/2025\/06\/Conselho-de-etica-1.jpg","width":600,"height":420,"caption":"Pal\u00e1cio do Congresso Nacional na Esplanada dos Minist\u00e9rios em Bras\u00edlia"},"datePublished":"2025-06-12T14:02:29-03:00","dateModified":"2025-06-12T14:02:29-03:00","inLanguage":"pt-BR","mainEntityOfPage":{"@id":"https:\/\/newsinfoco.com.br\/inicio\/nova-mp-preve-contencao-de-despesas-no-pe-de-meia-auxilio-doenca-e-seguro-defeso-entenda\/#webpage"},"isPartOf":{"@id":"https:\/\/newsinfoco.com.br\/inicio\/nova-mp-preve-contencao-de-despesas-no-pe-de-meia-auxilio-doenca-e-seguro-defeso-entenda\/#webpage"},"articleSection":"Brasil"},{"@type":"BreadcrumbList","@id":"https:\/\/newsinfoco.com.br\/inicio\/nova-mp-preve-contencao-de-despesas-no-pe-de-meia-auxilio-doenca-e-seguro-defeso-entenda\/#breadcrumblist","itemListElement":[{"@type":"ListItem","@id":"https:\/\/newsinfoco.com.br\/inicio#listItem","position":1,"name":"In\u00edcio","item":"https:\/\/newsinfoco.com.br\/inicio","nextItem":{"@type":"ListItem","@id":"https:\/\/newsinfoco.com.br\/inicio\/category\/brasil\/#listItem","name":"Brasil"}},{"@type":"ListItem","@id":"https:\/\/newsinfoco.com.br\/inicio\/category\/brasil\/#listItem","position":2,"name":"Brasil","item":"https:\/\/newsinfoco.com.br\/inicio\/category\/brasil\/","nextItem":{"@type":"ListItem","@id":"https:\/\/newsinfoco.com.br\/inicio\/nova-mp-preve-contencao-de-despesas-no-pe-de-meia-auxilio-doenca-e-seguro-defeso-entenda\/#listItem","name":"Nova MP prev\u00ea conten\u00e7\u00e3o de despesas no P\u00e9-de-Meia, aux\u00edlio-doen\u00e7a e seguro-defeso; entenda"},"previousItem":{"@type":"ListItem","@id":"https:\/\/newsinfoco.com.br\/inicio#listItem","name":"In\u00edcio"}},{"@type":"ListItem","@id":"https:\/\/newsinfoco.com.br\/inicio\/nova-mp-preve-contencao-de-despesas-no-pe-de-meia-auxilio-doenca-e-seguro-defeso-entenda\/#listItem","position":3,"name":"Nova MP prev\u00ea conten\u00e7\u00e3o de despesas no P\u00e9-de-Meia, aux\u00edlio-doen\u00e7a e seguro-defeso; entenda","previousItem":{"@type":"ListItem","@id":"https:\/\/newsinfoco.com.br\/inicio\/category\/brasil\/#listItem","name":"Brasil"}}]},{"@type":"Organization","@id":"https:\/\/newsinfoco.com.br\/inicio\/#organization","name":"News In Foco - Editado por Caio Pimenta","description":"O principal site de noticias de Alagoinhas e regi\u00e3o","url":"https:\/\/newsinfoco.com.br\/inicio\/"},{"@type":"Person","@id":"https:\/\/newsinfoco.com.br\/inicio\/author\/administrador\/#author","url":"https:\/\/newsinfoco.com.br\/inicio\/author\/administrador\/","name":"administrador","image":{"@type":"ImageObject","@id":"https:\/\/newsinfoco.com.br\/inicio\/nova-mp-preve-contencao-de-despesas-no-pe-de-meia-auxilio-doenca-e-seguro-defeso-entenda\/#authorImage","url":"https:\/\/secure.gravatar.com\/avatar\/c17a617433de8c1dc9584bb79aab7563b46f5bb7e1728c9b17d9cc3ce6a08e49?s=96&d=mm&r=g","width":96,"height":96,"caption":"administrador"}},{"@type":"WebPage","@id":"https:\/\/newsinfoco.com.br\/inicio\/nova-mp-preve-contencao-de-despesas-no-pe-de-meia-auxilio-doenca-e-seguro-defeso-entenda\/#webpage","url":"https:\/\/newsinfoco.com.br\/inicio\/nova-mp-preve-contencao-de-despesas-no-pe-de-meia-auxilio-doenca-e-seguro-defeso-entenda\/","name":"Nova MP prev\u00ea conten\u00e7\u00e3o de despesas no P\u00e9-de-Meia, aux\u00edlio-doen\u00e7a e seguro-defeso; entenda - News In Foco - Editado por Caio Pimenta","description":"A medida provis\u00f3ria (MP) publicada pelo governo Federal na quinta-feira (11), que elevou a tributa\u00e7\u00e3o sobre investimentos, trouxe tamb\u00e9m um pacote de medidas para conten\u00e7\u00e3o de despesas. Estas altera\u00e7\u00f5es atingem benef\u00edcios como o seguro-defeso, o aux\u00edlio-doen\u00e7a via Atestmed, e o programa P\u00e9-de-Meia. Segundo mat\u00e9ria do InfoMoney, o an\u00fancio veio ap\u00f3s forte press\u00e3o do Congresso Nacional","inLanguage":"pt-BR","isPartOf":{"@id":"https:\/\/newsinfoco.com.br\/inicio\/#website"},"breadcrumb":{"@id":"https:\/\/newsinfoco.com.br\/inicio\/nova-mp-preve-contencao-de-despesas-no-pe-de-meia-auxilio-doenca-e-seguro-defeso-entenda\/#breadcrumblist"},"author":{"@id":"https:\/\/newsinfoco.com.br\/inicio\/author\/administrador\/#author"},"creator":{"@id":"https:\/\/newsinfoco.com.br\/inicio\/author\/administrador\/#author"},"image":{"@type":"ImageObject","url":"https:\/\/newsinfoco.com.br\/inicio\/wp-content\/uploads\/2025\/06\/Conselho-de-etica-1.jpg","@id":"https:\/\/newsinfoco.com.br\/inicio\/nova-mp-preve-contencao-de-despesas-no-pe-de-meia-auxilio-doenca-e-seguro-defeso-entenda\/#mainImage","width":600,"height":420,"caption":"Pal\u00e1cio do Congresso Nacional na Esplanada dos Minist\u00e9rios em Bras\u00edlia"},"primaryImageOfPage":{"@id":"https:\/\/newsinfoco.com.br\/inicio\/nova-mp-preve-contencao-de-despesas-no-pe-de-meia-auxilio-doenca-e-seguro-defeso-entenda\/#mainImage"},"datePublished":"2025-06-12T14:02:29-03:00","dateModified":"2025-06-12T14:02:29-03:00"},{"@type":"WebSite","@id":"https:\/\/newsinfoco.com.br\/inicio\/#website","url":"https:\/\/newsinfoco.com.br\/inicio\/","name":"News In Foco - Editado por Caio Pimenta","description":"O principal site de noticias de Alagoinhas e regi\u00e3o","inLanguage":"pt-BR","publisher":{"@id":"https:\/\/newsinfoco.com.br\/inicio\/#organization"}}]},"og:locale":"pt_BR","og:site_name":"News In Foco - Editado por Caio Pimenta - O principal site de noticias de Alagoinhas e regi\u00e3o","og:type":"article","og:title":"Nova MP prev\u00ea conten\u00e7\u00e3o de despesas no P\u00e9-de-Meia, aux\u00edlio-doen\u00e7a e seguro-defeso; entenda - News In Foco - Editado por Caio Pimenta","og:description":"A medida provis\u00f3ria (MP) publicada pelo governo Federal na quinta-feira (11), que elevou a tributa\u00e7\u00e3o sobre investimentos, trouxe tamb\u00e9m um pacote de medidas para conten\u00e7\u00e3o de despesas. Estas altera\u00e7\u00f5es atingem benef\u00edcios como o seguro-defeso, o aux\u00edlio-doen\u00e7a via Atestmed, e o programa P\u00e9-de-Meia. Segundo mat\u00e9ria do InfoMoney, o an\u00fancio veio ap\u00f3s forte press\u00e3o do Congresso Nacional","og:url":"https:\/\/newsinfoco.com.br\/inicio\/nova-mp-preve-contencao-de-despesas-no-pe-de-meia-auxilio-doenca-e-seguro-defeso-entenda\/","article:published_time":"2025-06-12T17:02:29+00:00","article:modified_time":"2025-06-12T17:02:29+00:00","twitter:card":"summary_large_image","twitter:title":"Nova MP prev\u00ea conten\u00e7\u00e3o de despesas no P\u00e9-de-Meia, aux\u00edlio-doen\u00e7a e seguro-defeso; entenda - News In Foco - Editado por Caio Pimenta","twitter:description":"A medida provis\u00f3ria (MP) publicada pelo governo Federal na quinta-feira (11), que elevou a tributa\u00e7\u00e3o sobre investimentos, trouxe tamb\u00e9m um pacote de medidas para conten\u00e7\u00e3o de despesas. Estas altera\u00e7\u00f5es atingem benef\u00edcios como o seguro-defeso, o aux\u00edlio-doen\u00e7a via Atestmed, e o programa P\u00e9-de-Meia. Segundo mat\u00e9ria do InfoMoney, o an\u00fancio veio ap\u00f3s forte press\u00e3o do Congresso Nacional"},"aioseo_meta_data":{"post_id":"42474","title":null,"description":null,"keywords":null,"keyphrases":{"focus":{"keyphrase":"","score":0,"analysis":{"keyphraseInTitle":{"score":0,"maxScore":9,"error":1}}},"additional":[]},"primary_term":null,"canonical_url":null,"og_title":null,"og_description":null,"og_object_type":"default","og_image_type":"default","og_image_url":null,"og_image_width":null,"og_image_height":null,"og_image_custom_url":null,"og_image_custom_fields":null,"og_video":"","og_custom_url":null,"og_article_section":null,"og_article_tags":null,"twitter_use_og":false,"twitter_card":"default","twitter_image_type":"default","twitter_image_url":null,"twitter_image_custom_url":null,"twitter_image_custom_fields":null,"twitter_title":null,"twitter_description":null,"schema":{"blockGraphs":[],"customGraphs":[],"default":{"data":{"Article":[],"Course":[],"Dataset":[],"FAQPage":[],"Movie":[],"Person":[],"Product":[],"ProductReview":[],"Car":[],"Recipe":[],"Service":[],"SoftwareApplication":[],"WebPage":[]},"graphName":"BlogPosting","isEnabled":true},"graphs":[]},"schema_type":"default","schema_type_options":null,"pillar_content":false,"robots_default":true,"robots_noindex":false,"robots_noarchive":false,"robots_nosnippet":false,"robots_nofollow":false,"robots_noimageindex":false,"robots_noodp":false,"robots_notranslate":false,"robots_max_snippet":"-1","robots_max_videopreview":"-1","robots_max_imagepreview":"large","priority":null,"frequency":"default","local_seo":null,"breadcrumb_settings":null,"limit_modified_date":false,"ai":null,"created":"2025-06-12 17:02:29","updated":"2025-07-11 13:58:18","seo_analyzer_scan_date":null},"aioseo_breadcrumb":"<div class=\"aioseo-breadcrumbs\"><span class=\"aioseo-breadcrumb\">\n\t\t\t<a href=\"https:\/\/newsinfoco.com.br\/inicio\" title=\"In\u00edcio\">In\u00edcio<\/a>\n\t\t<\/span><span class=\"aioseo-breadcrumb-separator\">&raquo;<\/span><span class=\"aioseo-breadcrumb\">\n\t\t\t<a href=\"https:\/\/newsinfoco.com.br\/inicio\/category\/brasil\/\" title=\"Brasil\">Brasil<\/a>\n\t\t<\/span><span class=\"aioseo-breadcrumb-separator\">&raquo;<\/span><span class=\"aioseo-breadcrumb\">\n\t\t\tNova MP prev\u00ea conten\u00e7\u00e3o de despesas no P\u00e9-de-Meia, aux\u00edlio-doen\u00e7a e seguro-defeso; entenda\n\t\t<\/span><\/div>","aioseo_breadcrumb_json":[{"label":"In\u00edcio","link":"https:\/\/newsinfoco.com.br\/inicio"},{"label":"Brasil","link":"https:\/\/newsinfoco.com.br\/inicio\/category\/brasil\/"},{"label":"Nova MP prev\u00ea conten\u00e7\u00e3o de despesas no P\u00e9-de-Meia, aux\u00edlio-doen\u00e7a e seguro-defeso; entenda","link":"https:\/\/newsinfoco.com.br\/inicio\/nova-mp-preve-contencao-de-despesas-no-pe-de-meia-auxilio-doenca-e-seguro-defeso-entenda\/"}],"_links":{"self":[{"href":"https:\/\/newsinfoco.com.br\/inicio\/wp-json\/wp\/v2\/posts\/42474","targetHints":{"allow":["GET"]}}],"collection":[{"href":"https:\/\/newsinfoco.com.br\/inicio\/wp-json\/wp\/v2\/posts"}],"about":[{"href":"https:\/\/newsinfoco.com.br\/inicio\/wp-json\/wp\/v2\/types\/post"}],"author":[{"embeddable":true,"href":"https:\/\/newsinfoco.com.br\/inicio\/wp-json\/wp\/v2\/users\/1"}],"replies":[{"embeddable":true,"href":"https:\/\/newsinfoco.com.br\/inicio\/wp-json\/wp\/v2\/comments?post=42474"}],"version-history":[{"count":1,"href":"https:\/\/newsinfoco.com.br\/inicio\/wp-json\/wp\/v2\/posts\/42474\/revisions"}],"predecessor-version":[{"id":42476,"href":"https:\/\/newsinfoco.com.br\/inicio\/wp-json\/wp\/v2\/posts\/42474\/revisions\/42476"}],"wp:featuredmedia":[{"embeddable":true,"href":"https:\/\/newsinfoco.com.br\/inicio\/wp-json\/wp\/v2\/media\/42475"}],"wp:attachment":[{"href":"https:\/\/newsinfoco.com.br\/inicio\/wp-json\/wp\/v2\/media?parent=42474"}],"wp:term":[{"taxonomy":"category","embeddable":true,"href":"https:\/\/newsinfoco.com.br\/inicio\/wp-json\/wp\/v2\/categories?post=42474"},{"taxonomy":"post_tag","embeddable":true,"href":"https:\/\/newsinfoco.com.br\/inicio\/wp-json\/wp\/v2\/tags?post=42474"}],"curies":[{"name":"wp","href":"https:\/\/api.w.org\/{rel}","templated":true}]}}