{"id":42502,"date":"2025-06-14T13:33:24","date_gmt":"2025-06-14T16:33:24","guid":{"rendered":"https:\/\/newsinfoco.com.br\/inicio\/?p=42502"},"modified":"2025-06-14T13:33:24","modified_gmt":"2025-06-14T16:33:24","slug":"comunidade-do-alto-do-santo-antonio-recebe-estatua-do-padroeiro-de-alagoinhas","status":"publish","type":"post","link":"https:\/\/newsinfoco.com.br\/inicio\/comunidade-do-alto-do-santo-antonio-recebe-estatua-do-padroeiro-de-alagoinhas\/","title":{"rendered":"Comunidade do Alto do Santo Ant\u00f4nio recebe est\u00e1tua do padroeiro de Alagoinhas"},"content":{"rendered":"<p>Na manh\u00e3 desta sexta-feira, 13 de junho, data dedicada a Santo Ant\u00f4nio, foi entregue oficialmente \u00e0 comunidade do Alto do Santo Ant\u00f4nio, uma est\u00e1tua do padroeiro da cidade. A escultura foi instalada na Pra\u00e7a do Cruzeirinho, ponto simb\u00f3lico e de visibilidade no bairro.<\/p>\n<p>A est\u00e1tua, com cerca de tr\u00eas metros de altura, \u00e9 obra do artista visual Juarez Anuncia\u00e7\u00e3o, e foi produzida com recursos pr\u00f3prios. O artista presenteou a professora Iraci Gama com a pe\u00e7a, que, por sua vez, decidiu doar a imagem \u00e0 comunidade em um gesto de devo\u00e7\u00e3o ao padroeiro. Ela conta que procurou o presidente da Associa\u00e7\u00e3o de Moradores do Alto do Santo Ant\u00f4nio, Anailton Machado, e apresentou a proposta. Depois de deliberar com a comunidade, todos receberam com alegria a oferta.<\/p>\n<p>Iraci Gama destacou que a figura de Santo Ant\u00f4nio \u00e9 central na hist\u00f3ria de Alagoinhas e relembrou a longa rela\u00e7\u00e3o do munic\u00edpio com o santo. \u201cSanto Ant\u00f4nio est\u00e1 conosco desde que \u00e9ramos um arraial. H\u00e1 mais de 200 anos, em 1816, passamos a freguesia de Santo Ant\u00f4nio e, depois, a vila de Santo Ant\u00f4nio. Ent\u00e3o, trata-se de uma figura nossa. Estou feliz de que ele esteja aqui do alto, como uma lembran\u00e7a, como uma simbologia, para tocar o cora\u00e7\u00e3o do povo de Alagoinhas, lembrando que precisamos amar a Deus e, para amar a Deus, temos que amar o nosso pr\u00f3ximo primeiro lugar\u201d, disse a doadora da est\u00e1tua.<\/p>\n<p>A Prefeitura de Alagoinhas se uniu ao gesto com uma obra de requalifica\u00e7\u00e3o na Pra\u00e7a do Cruzeirinho, garantindo que o local estivesse preparado para receber a imagem. O prefeito Gustavo Carmo acompanhou a entrega e destacou a import\u00e2ncia simb\u00f3lica da imagem. \u201cSanto Ant\u00f4nio faz parte da alma de Alagoinhas. Ele representa a f\u00e9, a hist\u00f3ria nosso povo. Ver essa est\u00e1tua, aqui, no alto, olhando pela cidade, \u00e9 ver um pouco da nossa identidade sendo celebrada\u201d, declarou.<\/p>\n<p>Para Anailton Machado, a presen\u00e7a da est\u00e1tua no bairro \u00e9 um marco para os moradores. \u201c\u00c9 mesmo um presente para a comunidade, que ficou muito feliz. Foi emocionante poder ver isso acontecer\u201d, resumiu o presidente da associa\u00e7\u00e3o.<\/p>\n<p>A solenidade de entrega contou ainda com a b\u00ean\u00e7\u00e3o do bispo Dom Francisco Vidal, que, em sua fala, lembrou a grande abrang\u00eancia da influ\u00eancia do santo. \u201cSanto Ant\u00f4nio tornou-se um ser universal. Sua pessoa e seus escritos s\u00e3o considerados em todo o mundo. Foi uma pessoa iluminada que deixou seu legado atrav\u00e9s da hist\u00f3ria e chega at\u00e9 os dias de hoje\u201d, destacou o bispo.<\/p>\n<p>A Prefeitura de Alagoinhas se uniu ao gesto com uma obra de requalifica\u00e7\u00e3o na Pra\u00e7a do Cruzeirinho, garantindo que o local estivesse preparado para receber a imagem. O prefeito Gustavo Carmo acompanhou a entrega e destacou a import\u00e2ncia simb\u00f3lica da imagem. \u201cSanto Ant\u00f4nio faz parte da alma de Alagoinhas. Ele representa a f\u00e9, a hist\u00f3ria nosso povo. Ver essa est\u00e1tua, aqui, no alto, olhando pela cidade, \u00e9 ver um pouco da nossa identidade sendo celebrada\u201d, declarou.<\/p>\n<p>Para Anailton Machado, a presen\u00e7a da est\u00e1tua no bairro \u00e9 um marco para os moradores. \u201c\u00c9 mesmo um presente para a comunidade, que ficou muito feliz. Foi emocionante poder ver isso acontecer\u201d, resumiu o presidente da associa\u00e7\u00e3o.<\/p>\n<p>A solenidade de entrega contou ainda com a b\u00ean\u00e7\u00e3o do bispo Dom Francisco Vidal, que, em sua fala, lembrou a grande abrang\u00eancia da influ\u00eancia do santo. \u201cSanto Ant\u00f4nio tornou-se um ser universal. Sua pessoa e seus escritos s\u00e3o considerados em todo o mundo. Foi uma pessoa iluminada que deixou seu legado atrav\u00e9s da hist\u00f3ria e chega at\u00e9 os dias de hoje\u201d, destacou o bispo.<\/p>\n<p>A Prefeitura de Alagoinhas se uniu ao gesto com uma obra de requalifica\u00e7\u00e3o na Pra\u00e7a do Cruzeirinho, garantindo que o local estivesse preparado para receber a imagem. O prefeito Gustavo Carmo acompanhou a entrega e destacou a import\u00e2ncia simb\u00f3lica da imagem. \u201cSanto Ant\u00f4nio faz parte da alma de Alagoinhas. Ele representa a f\u00e9, a hist\u00f3ria nosso povo. Ver essa est\u00e1tua, aqui, no alto, olhando pela cidade, \u00e9 ver um pouco da nossa identidade sendo celebrada\u201d, declarou.<\/p>\n<p>Para Anailton Machado, a presen\u00e7a da est\u00e1tua no bairro \u00e9 um marco para os moradores. \u201c\u00c9 mesmo um presente para a comunidade, que ficou muito feliz. Foi emocionante poder ver isso acontecer\u201d, resumiu o presidente da associa\u00e7\u00e3o.<\/p>\n<p>A solenidade de entrega contou ainda com a b\u00ean\u00e7\u00e3o do bispo Dom Francisco Vidal, que, em sua fala, lembrou a grande abrang\u00eancia da influ\u00eancia do santo. \u201cSanto Ant\u00f4nio tornou-se um ser universal. Sua pessoa e seus escritos s\u00e3o considerados em todo o mundo. Foi uma pessoa iluminada que deixou seu legado atrav\u00e9s da hist\u00f3ria e chega at\u00e9 os dias de hoje\u201d, destacou o bispo.<\/p>\n<p>&nbsp;<\/p>\n<div class='share-to-whatsapp-wrapper'><div class='share-on-whsp'>Share on: <\/div><a data-text='Comunidade do Alto do Santo Ant\u00f4nio recebe est\u00e1tua do padroeiro de Alagoinhas' data-link='https:\/\/newsinfoco.com.br\/inicio\/comunidade-do-alto-do-santo-antonio-recebe-estatua-do-padroeiro-de-alagoinhas\/' class='whatsapp-button whatsapp-share'>WhatsApp<\/a><div class='clear '><\/div><\/div>","protected":false},"excerpt":{"rendered":"<p>Na manh\u00e3 desta sexta-feira, 13 de junho, data dedicada a Santo Ant\u00f4nio, foi entregue oficialmente \u00e0 comunidade do Alto do Santo Ant\u00f4nio, uma est\u00e1tua do padroeiro da cidade. A escultura foi instalada na Pra\u00e7a do Cruzeirinho, ponto simb\u00f3lico e de visibilidade no bairro. A est\u00e1tua, com cerca de tr\u00eas metros de altura, \u00e9 obra do [&hellip;]<\/p>\n","protected":false},"author":1,"featured_media":42504,"comment_status":"closed","ping_status":"closed","sticky":false,"template":"","format":"standard","meta":{"om_disable_all_campaigns":false,"rop_custom_images_group":[],"rop_custom_messages_group":[],"rop_publish_now":"initial","rop_publish_now_accounts":[],"rop_publish_now_history":[],"rop_publish_now_status":"pending","_exactmetrics_skip_tracking":false,"footnotes":""},"categories":[38,167],"tags":[],"class_list":["post-42502","post","type-post","status-publish","format-standard","has-post-thumbnail","hentry","category-alagoinhas-e-regiao","category-exclusivas"],"aioseo_notices":[],"aioseo_head":"\n\t\t<!-- All in One SEO 4.9.10 - aioseo.com -->\n\t<meta name=\"description\" content=\"Na manh\u00e3 desta sexta-feira, 13 de junho, data dedicada a Santo Ant\u00f4nio, foi entregue oficialmente \u00e0 comunidade do Alto do Santo Ant\u00f4nio, uma est\u00e1tua do padroeiro da cidade. A escultura foi instalada na Pra\u00e7a do Cruzeirinho, ponto simb\u00f3lico e de visibilidade no bairro. A est\u00e1tua, com cerca de tr\u00eas metros de altura, \u00e9 obra do\" \/>\n\t<meta name=\"robots\" content=\"max-image-preview:large\" \/>\n\t<meta name=\"author\" content=\"administrador\"\/>\n\t<link rel=\"canonical\" href=\"https:\/\/newsinfoco.com.br\/inicio\/comunidade-do-alto-do-santo-antonio-recebe-estatua-do-padroeiro-de-alagoinhas\/\" \/>\n\t<meta name=\"generator\" content=\"All in One SEO (AIOSEO) 4.9.10\" \/>\n\t\t<meta property=\"og:locale\" content=\"pt_BR\" \/>\n\t\t<meta property=\"og:site_name\" content=\"News In Foco - Editado por Caio Pimenta - O principal site de noticias de Alagoinhas e regi\u00e3o\" \/>\n\t\t<meta property=\"og:type\" content=\"article\" \/>\n\t\t<meta property=\"og:title\" content=\"Comunidade do Alto do Santo Ant\u00f4nio recebe est\u00e1tua do padroeiro de Alagoinhas - News In Foco - Editado por Caio Pimenta\" \/>\n\t\t<meta property=\"og:description\" content=\"Na manh\u00e3 desta sexta-feira, 13 de junho, data dedicada a Santo Ant\u00f4nio, foi entregue oficialmente \u00e0 comunidade do Alto do Santo Ant\u00f4nio, uma est\u00e1tua do padroeiro da cidade. A escultura foi instalada na Pra\u00e7a do Cruzeirinho, ponto simb\u00f3lico e de visibilidade no bairro. A est\u00e1tua, com cerca de tr\u00eas metros de altura, \u00e9 obra do\" \/>\n\t\t<meta property=\"og:url\" content=\"https:\/\/newsinfoco.com.br\/inicio\/comunidade-do-alto-do-santo-antonio-recebe-estatua-do-padroeiro-de-alagoinhas\/\" \/>\n\t\t<meta property=\"article:published_time\" content=\"2025-06-14T16:33:24+00:00\" \/>\n\t\t<meta property=\"article:modified_time\" content=\"2025-06-14T16:33:24+00:00\" \/>\n\t\t<meta name=\"twitter:card\" content=\"summary_large_image\" \/>\n\t\t<meta name=\"twitter:title\" content=\"Comunidade do Alto do Santo Ant\u00f4nio recebe est\u00e1tua do padroeiro de Alagoinhas - News In Foco - Editado por Caio Pimenta\" \/>\n\t\t<meta name=\"twitter:description\" content=\"Na manh\u00e3 desta sexta-feira, 13 de junho, data dedicada a Santo Ant\u00f4nio, foi entregue oficialmente \u00e0 comunidade do Alto do Santo Ant\u00f4nio, uma est\u00e1tua do padroeiro da cidade. A escultura foi instalada na Pra\u00e7a do Cruzeirinho, ponto simb\u00f3lico e de visibilidade no bairro. A est\u00e1tua, com cerca de tr\u00eas metros de altura, \u00e9 obra do\" \/>\n\t\t<script type=\"application\/ld+json\" class=\"aioseo-schema\">\n\t\t\t{\"@context\":\"https:\\\/\\\/schema.org\",\"@graph\":[{\"@type\":\"BlogPosting\",\"@id\":\"https:\\\/\\\/newsinfoco.com.br\\\/inicio\\\/comunidade-do-alto-do-santo-antonio-recebe-estatua-do-padroeiro-de-alagoinhas\\\/#blogposting\",\"name\":\"Comunidade do Alto do Santo Ant\\u00f4nio recebe est\\u00e1tua do padroeiro de Alagoinhas - News In Foco - Editado por Caio Pimenta\",\"headline\":\"Comunidade do Alto do Santo Ant\\u00f4nio recebe est\\u00e1tua do padroeiro de Alagoinhas\",\"author\":{\"@id\":\"https:\\\/\\\/newsinfoco.com.br\\\/inicio\\\/author\\\/administrador\\\/#author\"},\"publisher\":{\"@id\":\"https:\\\/\\\/newsinfoco.com.br\\\/inicio\\\/#organization\"},\"image\":{\"@type\":\"ImageObject\",\"url\":\"https:\\\/\\\/newsinfoco.com.br\\\/inicio\\\/wp-content\\\/uploads\\\/2025\\\/06\\\/6544fac3-577a-4489-be5c-783330e6e26d-1.jpeg\",\"width\":1280,\"height\":853},\"datePublished\":\"2025-06-14T13:33:24-03:00\",\"dateModified\":\"2025-06-14T13:33:24-03:00\",\"inLanguage\":\"pt-BR\",\"mainEntityOfPage\":{\"@id\":\"https:\\\/\\\/newsinfoco.com.br\\\/inicio\\\/comunidade-do-alto-do-santo-antonio-recebe-estatua-do-padroeiro-de-alagoinhas\\\/#webpage\"},\"isPartOf\":{\"@id\":\"https:\\\/\\\/newsinfoco.com.br\\\/inicio\\\/comunidade-do-alto-do-santo-antonio-recebe-estatua-do-padroeiro-de-alagoinhas\\\/#webpage\"},\"articleSection\":\"Alagoinhas e Regi\\u00e3o, Manchete\"},{\"@type\":\"BreadcrumbList\",\"@id\":\"https:\\\/\\\/newsinfoco.com.br\\\/inicio\\\/comunidade-do-alto-do-santo-antonio-recebe-estatua-do-padroeiro-de-alagoinhas\\\/#breadcrumblist\",\"itemListElement\":[{\"@type\":\"ListItem\",\"@id\":\"https:\\\/\\\/newsinfoco.com.br\\\/inicio#listItem\",\"position\":1,\"name\":\"In\\u00edcio\",\"item\":\"https:\\\/\\\/newsinfoco.com.br\\\/inicio\",\"nextItem\":{\"@type\":\"ListItem\",\"@id\":\"https:\\\/\\\/newsinfoco.com.br\\\/inicio\\\/category\\\/alagoinhas-e-regiao\\\/#listItem\",\"name\":\"Alagoinhas e Regi\\u00e3o\"}},{\"@type\":\"ListItem\",\"@id\":\"https:\\\/\\\/newsinfoco.com.br\\\/inicio\\\/category\\\/alagoinhas-e-regiao\\\/#listItem\",\"position\":2,\"name\":\"Alagoinhas e Regi\\u00e3o\",\"item\":\"https:\\\/\\\/newsinfoco.com.br\\\/inicio\\\/category\\\/alagoinhas-e-regiao\\\/\",\"nextItem\":{\"@type\":\"ListItem\",\"@id\":\"https:\\\/\\\/newsinfoco.com.br\\\/inicio\\\/comunidade-do-alto-do-santo-antonio-recebe-estatua-do-padroeiro-de-alagoinhas\\\/#listItem\",\"name\":\"Comunidade do Alto do Santo Ant\\u00f4nio recebe est\\u00e1tua do padroeiro de Alagoinhas\"},\"previousItem\":{\"@type\":\"ListItem\",\"@id\":\"https:\\\/\\\/newsinfoco.com.br\\\/inicio#listItem\",\"name\":\"In\\u00edcio\"}},{\"@type\":\"ListItem\",\"@id\":\"https:\\\/\\\/newsinfoco.com.br\\\/inicio\\\/comunidade-do-alto-do-santo-antonio-recebe-estatua-do-padroeiro-de-alagoinhas\\\/#listItem\",\"position\":3,\"name\":\"Comunidade do Alto do Santo Ant\\u00f4nio recebe est\\u00e1tua do padroeiro de Alagoinhas\",\"previousItem\":{\"@type\":\"ListItem\",\"@id\":\"https:\\\/\\\/newsinfoco.com.br\\\/inicio\\\/category\\\/alagoinhas-e-regiao\\\/#listItem\",\"name\":\"Alagoinhas e Regi\\u00e3o\"}}]},{\"@type\":\"Organization\",\"@id\":\"https:\\\/\\\/newsinfoco.com.br\\\/inicio\\\/#organization\",\"name\":\"News In Foco - Editado por Caio Pimenta\",\"description\":\"O principal site de noticias de Alagoinhas e regi\\u00e3o\",\"url\":\"https:\\\/\\\/newsinfoco.com.br\\\/inicio\\\/\"},{\"@type\":\"Person\",\"@id\":\"https:\\\/\\\/newsinfoco.com.br\\\/inicio\\\/author\\\/administrador\\\/#author\",\"url\":\"https:\\\/\\\/newsinfoco.com.br\\\/inicio\\\/author\\\/administrador\\\/\",\"name\":\"administrador\",\"image\":{\"@type\":\"ImageObject\",\"@id\":\"https:\\\/\\\/newsinfoco.com.br\\\/inicio\\\/comunidade-do-alto-do-santo-antonio-recebe-estatua-do-padroeiro-de-alagoinhas\\\/#authorImage\",\"url\":\"https:\\\/\\\/secure.gravatar.com\\\/avatar\\\/c17a617433de8c1dc9584bb79aab7563b46f5bb7e1728c9b17d9cc3ce6a08e49?s=96&d=mm&r=g\",\"width\":96,\"height\":96,\"caption\":\"administrador\"}},{\"@type\":\"WebPage\",\"@id\":\"https:\\\/\\\/newsinfoco.com.br\\\/inicio\\\/comunidade-do-alto-do-santo-antonio-recebe-estatua-do-padroeiro-de-alagoinhas\\\/#webpage\",\"url\":\"https:\\\/\\\/newsinfoco.com.br\\\/inicio\\\/comunidade-do-alto-do-santo-antonio-recebe-estatua-do-padroeiro-de-alagoinhas\\\/\",\"name\":\"Comunidade do Alto do Santo Ant\\u00f4nio recebe est\\u00e1tua do padroeiro de Alagoinhas - News In Foco - Editado por Caio Pimenta\",\"description\":\"Na manh\\u00e3 desta sexta-feira, 13 de junho, data dedicada a Santo Ant\\u00f4nio, foi entregue oficialmente \\u00e0 comunidade do Alto do Santo Ant\\u00f4nio, uma est\\u00e1tua do padroeiro da cidade. A escultura foi instalada na Pra\\u00e7a do Cruzeirinho, ponto simb\\u00f3lico e de visibilidade no bairro. A est\\u00e1tua, com cerca de tr\\u00eas metros de altura, \\u00e9 obra do\",\"inLanguage\":\"pt-BR\",\"isPartOf\":{\"@id\":\"https:\\\/\\\/newsinfoco.com.br\\\/inicio\\\/#website\"},\"breadcrumb\":{\"@id\":\"https:\\\/\\\/newsinfoco.com.br\\\/inicio\\\/comunidade-do-alto-do-santo-antonio-recebe-estatua-do-padroeiro-de-alagoinhas\\\/#breadcrumblist\"},\"author\":{\"@id\":\"https:\\\/\\\/newsinfoco.com.br\\\/inicio\\\/author\\\/administrador\\\/#author\"},\"creator\":{\"@id\":\"https:\\\/\\\/newsinfoco.com.br\\\/inicio\\\/author\\\/administrador\\\/#author\"},\"image\":{\"@type\":\"ImageObject\",\"url\":\"https:\\\/\\\/newsinfoco.com.br\\\/inicio\\\/wp-content\\\/uploads\\\/2025\\\/06\\\/6544fac3-577a-4489-be5c-783330e6e26d-1.jpeg\",\"@id\":\"https:\\\/\\\/newsinfoco.com.br\\\/inicio\\\/comunidade-do-alto-do-santo-antonio-recebe-estatua-do-padroeiro-de-alagoinhas\\\/#mainImage\",\"width\":1280,\"height\":853},\"primaryImageOfPage\":{\"@id\":\"https:\\\/\\\/newsinfoco.com.br\\\/inicio\\\/comunidade-do-alto-do-santo-antonio-recebe-estatua-do-padroeiro-de-alagoinhas\\\/#mainImage\"},\"datePublished\":\"2025-06-14T13:33:24-03:00\",\"dateModified\":\"2025-06-14T13:33:24-03:00\"},{\"@type\":\"WebSite\",\"@id\":\"https:\\\/\\\/newsinfoco.com.br\\\/inicio\\\/#website\",\"url\":\"https:\\\/\\\/newsinfoco.com.br\\\/inicio\\\/\",\"name\":\"News In Foco - Editado por Caio Pimenta\",\"description\":\"O principal site de noticias de Alagoinhas e regi\\u00e3o\",\"inLanguage\":\"pt-BR\",\"publisher\":{\"@id\":\"https:\\\/\\\/newsinfoco.com.br\\\/inicio\\\/#organization\"}}]}\n\t\t<\/script>\n\t\t<!-- All in One SEO -->\n\n","aioseo_head_json":{"title":"Comunidade do Alto do Santo Ant\u00f4nio recebe est\u00e1tua do padroeiro de Alagoinhas - News In Foco - Editado por Caio Pimenta","description":"Na manh\u00e3 desta sexta-feira, 13 de junho, data dedicada a Santo Ant\u00f4nio, foi entregue oficialmente \u00e0 comunidade do Alto do Santo Ant\u00f4nio, uma est\u00e1tua do padroeiro da cidade. A escultura foi instalada na Pra\u00e7a do Cruzeirinho, ponto simb\u00f3lico e de visibilidade no bairro. A est\u00e1tua, com cerca de tr\u00eas metros de altura, \u00e9 obra do","canonical_url":"https:\/\/newsinfoco.com.br\/inicio\/comunidade-do-alto-do-santo-antonio-recebe-estatua-do-padroeiro-de-alagoinhas\/","robots":"max-image-preview:large","keywords":"","webmasterTools":{"miscellaneous":""},"schema":{"@context":"https:\/\/schema.org","@graph":[{"@type":"BlogPosting","@id":"https:\/\/newsinfoco.com.br\/inicio\/comunidade-do-alto-do-santo-antonio-recebe-estatua-do-padroeiro-de-alagoinhas\/#blogposting","name":"Comunidade do Alto do Santo Ant\u00f4nio recebe est\u00e1tua do padroeiro de Alagoinhas - News In Foco - Editado por Caio Pimenta","headline":"Comunidade do Alto do Santo Ant\u00f4nio recebe est\u00e1tua do padroeiro de Alagoinhas","author":{"@id":"https:\/\/newsinfoco.com.br\/inicio\/author\/administrador\/#author"},"publisher":{"@id":"https:\/\/newsinfoco.com.br\/inicio\/#organization"},"image":{"@type":"ImageObject","url":"https:\/\/newsinfoco.com.br\/inicio\/wp-content\/uploads\/2025\/06\/6544fac3-577a-4489-be5c-783330e6e26d-1.jpeg","width":1280,"height":853},"datePublished":"2025-06-14T13:33:24-03:00","dateModified":"2025-06-14T13:33:24-03:00","inLanguage":"pt-BR","mainEntityOfPage":{"@id":"https:\/\/newsinfoco.com.br\/inicio\/comunidade-do-alto-do-santo-antonio-recebe-estatua-do-padroeiro-de-alagoinhas\/#webpage"},"isPartOf":{"@id":"https:\/\/newsinfoco.com.br\/inicio\/comunidade-do-alto-do-santo-antonio-recebe-estatua-do-padroeiro-de-alagoinhas\/#webpage"},"articleSection":"Alagoinhas e Regi\u00e3o, Manchete"},{"@type":"BreadcrumbList","@id":"https:\/\/newsinfoco.com.br\/inicio\/comunidade-do-alto-do-santo-antonio-recebe-estatua-do-padroeiro-de-alagoinhas\/#breadcrumblist","itemListElement":[{"@type":"ListItem","@id":"https:\/\/newsinfoco.com.br\/inicio#listItem","position":1,"name":"In\u00edcio","item":"https:\/\/newsinfoco.com.br\/inicio","nextItem":{"@type":"ListItem","@id":"https:\/\/newsinfoco.com.br\/inicio\/category\/alagoinhas-e-regiao\/#listItem","name":"Alagoinhas e Regi\u00e3o"}},{"@type":"ListItem","@id":"https:\/\/newsinfoco.com.br\/inicio\/category\/alagoinhas-e-regiao\/#listItem","position":2,"name":"Alagoinhas e Regi\u00e3o","item":"https:\/\/newsinfoco.com.br\/inicio\/category\/alagoinhas-e-regiao\/","nextItem":{"@type":"ListItem","@id":"https:\/\/newsinfoco.com.br\/inicio\/comunidade-do-alto-do-santo-antonio-recebe-estatua-do-padroeiro-de-alagoinhas\/#listItem","name":"Comunidade do Alto do Santo Ant\u00f4nio recebe est\u00e1tua do padroeiro de Alagoinhas"},"previousItem":{"@type":"ListItem","@id":"https:\/\/newsinfoco.com.br\/inicio#listItem","name":"In\u00edcio"}},{"@type":"ListItem","@id":"https:\/\/newsinfoco.com.br\/inicio\/comunidade-do-alto-do-santo-antonio-recebe-estatua-do-padroeiro-de-alagoinhas\/#listItem","position":3,"name":"Comunidade do Alto do Santo Ant\u00f4nio recebe est\u00e1tua do padroeiro de Alagoinhas","previousItem":{"@type":"ListItem","@id":"https:\/\/newsinfoco.com.br\/inicio\/category\/alagoinhas-e-regiao\/#listItem","name":"Alagoinhas e Regi\u00e3o"}}]},{"@type":"Organization","@id":"https:\/\/newsinfoco.com.br\/inicio\/#organization","name":"News In Foco - Editado por Caio Pimenta","description":"O principal site de noticias de Alagoinhas e regi\u00e3o","url":"https:\/\/newsinfoco.com.br\/inicio\/"},{"@type":"Person","@id":"https:\/\/newsinfoco.com.br\/inicio\/author\/administrador\/#author","url":"https:\/\/newsinfoco.com.br\/inicio\/author\/administrador\/","name":"administrador","image":{"@type":"ImageObject","@id":"https:\/\/newsinfoco.com.br\/inicio\/comunidade-do-alto-do-santo-antonio-recebe-estatua-do-padroeiro-de-alagoinhas\/#authorImage","url":"https:\/\/secure.gravatar.com\/avatar\/c17a617433de8c1dc9584bb79aab7563b46f5bb7e1728c9b17d9cc3ce6a08e49?s=96&d=mm&r=g","width":96,"height":96,"caption":"administrador"}},{"@type":"WebPage","@id":"https:\/\/newsinfoco.com.br\/inicio\/comunidade-do-alto-do-santo-antonio-recebe-estatua-do-padroeiro-de-alagoinhas\/#webpage","url":"https:\/\/newsinfoco.com.br\/inicio\/comunidade-do-alto-do-santo-antonio-recebe-estatua-do-padroeiro-de-alagoinhas\/","name":"Comunidade do Alto do Santo Ant\u00f4nio recebe est\u00e1tua do padroeiro de Alagoinhas - News In Foco - Editado por Caio Pimenta","description":"Na manh\u00e3 desta sexta-feira, 13 de junho, data dedicada a Santo Ant\u00f4nio, foi entregue oficialmente \u00e0 comunidade do Alto do Santo Ant\u00f4nio, uma est\u00e1tua do padroeiro da cidade. A escultura foi instalada na Pra\u00e7a do Cruzeirinho, ponto simb\u00f3lico e de visibilidade no bairro. A est\u00e1tua, com cerca de tr\u00eas metros de altura, \u00e9 obra do","inLanguage":"pt-BR","isPartOf":{"@id":"https:\/\/newsinfoco.com.br\/inicio\/#website"},"breadcrumb":{"@id":"https:\/\/newsinfoco.com.br\/inicio\/comunidade-do-alto-do-santo-antonio-recebe-estatua-do-padroeiro-de-alagoinhas\/#breadcrumblist"},"author":{"@id":"https:\/\/newsinfoco.com.br\/inicio\/author\/administrador\/#author"},"creator":{"@id":"https:\/\/newsinfoco.com.br\/inicio\/author\/administrador\/#author"},"image":{"@type":"ImageObject","url":"https:\/\/newsinfoco.com.br\/inicio\/wp-content\/uploads\/2025\/06\/6544fac3-577a-4489-be5c-783330e6e26d-1.jpeg","@id":"https:\/\/newsinfoco.com.br\/inicio\/comunidade-do-alto-do-santo-antonio-recebe-estatua-do-padroeiro-de-alagoinhas\/#mainImage","width":1280,"height":853},"primaryImageOfPage":{"@id":"https:\/\/newsinfoco.com.br\/inicio\/comunidade-do-alto-do-santo-antonio-recebe-estatua-do-padroeiro-de-alagoinhas\/#mainImage"},"datePublished":"2025-06-14T13:33:24-03:00","dateModified":"2025-06-14T13:33:24-03:00"},{"@type":"WebSite","@id":"https:\/\/newsinfoco.com.br\/inicio\/#website","url":"https:\/\/newsinfoco.com.br\/inicio\/","name":"News In Foco - Editado por Caio Pimenta","description":"O principal site de noticias de Alagoinhas e regi\u00e3o","inLanguage":"pt-BR","publisher":{"@id":"https:\/\/newsinfoco.com.br\/inicio\/#organization"}}]},"og:locale":"pt_BR","og:site_name":"News In Foco - Editado por Caio Pimenta - O principal site de noticias de Alagoinhas e regi\u00e3o","og:type":"article","og:title":"Comunidade do Alto do Santo Ant\u00f4nio recebe est\u00e1tua do padroeiro de Alagoinhas - News In Foco - Editado por Caio Pimenta","og:description":"Na manh\u00e3 desta sexta-feira, 13 de junho, data dedicada a Santo Ant\u00f4nio, foi entregue oficialmente \u00e0 comunidade do Alto do Santo Ant\u00f4nio, uma est\u00e1tua do padroeiro da cidade. A escultura foi instalada na Pra\u00e7a do Cruzeirinho, ponto simb\u00f3lico e de visibilidade no bairro. A est\u00e1tua, com cerca de tr\u00eas metros de altura, \u00e9 obra do","og:url":"https:\/\/newsinfoco.com.br\/inicio\/comunidade-do-alto-do-santo-antonio-recebe-estatua-do-padroeiro-de-alagoinhas\/","article:published_time":"2025-06-14T16:33:24+00:00","article:modified_time":"2025-06-14T16:33:24+00:00","twitter:card":"summary_large_image","twitter:title":"Comunidade do Alto do Santo Ant\u00f4nio recebe est\u00e1tua do padroeiro de Alagoinhas - News In Foco - Editado por Caio Pimenta","twitter:description":"Na manh\u00e3 desta sexta-feira, 13 de junho, data dedicada a Santo Ant\u00f4nio, foi entregue oficialmente \u00e0 comunidade do Alto do Santo Ant\u00f4nio, uma est\u00e1tua do padroeiro da cidade. A escultura foi instalada na Pra\u00e7a do Cruzeirinho, ponto simb\u00f3lico e de visibilidade no bairro. A est\u00e1tua, com cerca de tr\u00eas metros de altura, \u00e9 obra do"},"aioseo_meta_data":{"post_id":"42502","title":null,"description":null,"keywords":null,"keyphrases":{"focus":{"keyphrase":"","score":0,"analysis":{"keyphraseInTitle":{"score":0,"maxScore":9,"error":1}}},"additional":[]},"primary_term":null,"canonical_url":null,"og_title":null,"og_description":null,"og_object_type":"default","og_image_type":"default","og_image_url":null,"og_image_width":null,"og_image_height":null,"og_image_custom_url":null,"og_image_custom_fields":null,"og_video":"","og_custom_url":null,"og_article_section":null,"og_article_tags":null,"twitter_use_og":false,"twitter_card":"default","twitter_image_type":"default","twitter_image_url":null,"twitter_image_custom_url":null,"twitter_image_custom_fields":null,"twitter_title":null,"twitter_description":null,"schema":{"blockGraphs":[],"customGraphs":[],"default":{"data":{"Article":[],"Course":[],"Dataset":[],"FAQPage":[],"Movie":[],"Person":[],"Product":[],"ProductReview":[],"Car":[],"Recipe":[],"Service":[],"SoftwareApplication":[],"WebPage":[]},"graphName":"BlogPosting","isEnabled":true},"graphs":[]},"schema_type":"default","schema_type_options":null,"pillar_content":false,"robots_default":true,"robots_noindex":false,"robots_noarchive":false,"robots_nosnippet":false,"robots_nofollow":false,"robots_noimageindex":false,"robots_noodp":false,"robots_notranslate":false,"robots_max_snippet":"-1","robots_max_videopreview":"-1","robots_max_imagepreview":"large","priority":null,"frequency":"default","local_seo":null,"breadcrumb_settings":null,"limit_modified_date":false,"ai":null,"created":"2025-06-14 16:33:25","updated":"2025-07-11 13:58:18","seo_analyzer_scan_date":null},"aioseo_breadcrumb":"<div class=\"aioseo-breadcrumbs\"><span class=\"aioseo-breadcrumb\">\n\t\t\t<a href=\"https:\/\/newsinfoco.com.br\/inicio\" title=\"In\u00edcio\">In\u00edcio<\/a>\n\t\t<\/span><span class=\"aioseo-breadcrumb-separator\">&raquo;<\/span><span class=\"aioseo-breadcrumb\">\n\t\t\t<a href=\"https:\/\/newsinfoco.com.br\/inicio\/category\/alagoinhas-e-regiao\/\" title=\"Alagoinhas e Regi\u00e3o\">Alagoinhas e Regi\u00e3o<\/a>\n\t\t<\/span><span class=\"aioseo-breadcrumb-separator\">&raquo;<\/span><span class=\"aioseo-breadcrumb\">\n\t\t\tComunidade do Alto do Santo Ant\u00f4nio recebe est\u00e1tua do padroeiro de Alagoinhas\n\t\t<\/span><\/div>","aioseo_breadcrumb_json":[{"label":"In\u00edcio","link":"https:\/\/newsinfoco.com.br\/inicio"},{"label":"Alagoinhas e Regi\u00e3o","link":"https:\/\/newsinfoco.com.br\/inicio\/category\/alagoinhas-e-regiao\/"},{"label":"Comunidade do Alto do Santo Ant\u00f4nio recebe est\u00e1tua do padroeiro de Alagoinhas","link":"https:\/\/newsinfoco.com.br\/inicio\/comunidade-do-alto-do-santo-antonio-recebe-estatua-do-padroeiro-de-alagoinhas\/"}],"_links":{"self":[{"href":"https:\/\/newsinfoco.com.br\/inicio\/wp-json\/wp\/v2\/posts\/42502","targetHints":{"allow":["GET"]}}],"collection":[{"href":"https:\/\/newsinfoco.com.br\/inicio\/wp-json\/wp\/v2\/posts"}],"about":[{"href":"https:\/\/newsinfoco.com.br\/inicio\/wp-json\/wp\/v2\/types\/post"}],"author":[{"embeddable":true,"href":"https:\/\/newsinfoco.com.br\/inicio\/wp-json\/wp\/v2\/users\/1"}],"replies":[{"embeddable":true,"href":"https:\/\/newsinfoco.com.br\/inicio\/wp-json\/wp\/v2\/comments?post=42502"}],"version-history":[{"count":1,"href":"https:\/\/newsinfoco.com.br\/inicio\/wp-json\/wp\/v2\/posts\/42502\/revisions"}],"predecessor-version":[{"id":42505,"href":"https:\/\/newsinfoco.com.br\/inicio\/wp-json\/wp\/v2\/posts\/42502\/revisions\/42505"}],"wp:featuredmedia":[{"embeddable":true,"href":"https:\/\/newsinfoco.com.br\/inicio\/wp-json\/wp\/v2\/media\/42504"}],"wp:attachment":[{"href":"https:\/\/newsinfoco.com.br\/inicio\/wp-json\/wp\/v2\/media?parent=42502"}],"wp:term":[{"taxonomy":"category","embeddable":true,"href":"https:\/\/newsinfoco.com.br\/inicio\/wp-json\/wp\/v2\/categories?post=42502"},{"taxonomy":"post_tag","embeddable":true,"href":"https:\/\/newsinfoco.com.br\/inicio\/wp-json\/wp\/v2\/tags?post=42502"}],"curies":[{"name":"wp","href":"https:\/\/api.w.org\/{rel}","templated":true}]}}