{"id":42507,"date":"2025-06-14T13:49:44","date_gmt":"2025-06-14T16:49:44","guid":{"rendered":"https:\/\/newsinfoco.com.br\/inicio\/?p=42507"},"modified":"2025-06-14T13:49:44","modified_gmt":"2025-06-14T16:49:44","slug":"sao-joao-de-alagoinhas-smt-anuncia-mudancas-temporarias-no-transito-entre-os-dias-21-e-23-de-junho","status":"publish","type":"post","link":"https:\/\/newsinfoco.com.br\/inicio\/sao-joao-de-alagoinhas-smt-anuncia-mudancas-temporarias-no-transito-entre-os-dias-21-e-23-de-junho\/","title":{"rendered":"S\u00e3o Jo\u00e3o de Alagoinhas: SMT anuncia mudan\u00e7as tempor\u00e1rias no tr\u00e2nsito entre os dias 21 e 23 de junho"},"content":{"rendered":"<p>A Superintend\u00eancia Municipal de Tr\u00e2nsito (SMT) divulgou, nesta sexta-feira, 13, um comunicado oficial com as interven\u00e7\u00f5es que ser\u00e3o implementadas no tr\u00e2nsito de Alagoinhas durante os festejos de S\u00e3o Jo\u00e3o, entre os dias 21 e 23 de junho, no Carneir\u00e3o. As interven\u00e7\u00f5es visam garantir seguran\u00e7a vi\u00e1ria, contribuindo para a fluidez do tr\u00e1fego durante o evento.<\/p>\n<p>\u201cEssas mudan\u00e7as t\u00eam como objetivo minimizar os impactos no tr\u00e1fego local, preservar a ordem p\u00fablica e assegurar a seguran\u00e7a vi\u00e1ria nas imedia\u00e7\u00f5es do est\u00e1dio, que receber\u00e1 grande fluxo de pessoas durante os tr\u00eas dias de programa\u00e7\u00e3o\u201d, explicou o superintendente da SMT, Pedro Sobral, que refor\u00e7ou ainda que os agentes de tr\u00e2nsito estar\u00e3o atuando, nas \u00e1reas de interven\u00e7\u00e3o, orientando condutores e pedestres.<\/p>\n<p>As principais altera\u00e7\u00f5es no tr\u00e2nsito apresentadas pela equipe da SMT s\u00e3o: invers\u00e3o no sentido do fluxo de ve\u00edculos na transversal lateral ao Hospital Regional Dantas Bi\u00e3o (ao lado da emerg\u00eancia); implanta\u00e7\u00e3o de sentido duplo de circula\u00e7\u00e3o na rua Dr. Dantas Bi\u00e3o (no trecho entre o Hemoba e o Hospital Regional); proibi\u00e7\u00e3o de estacionamento em um dos lados da rua Dr. Dantas Bi\u00e3o (visando \u00e0 fluidez no tr\u00e1fego); autoriza\u00e7\u00e3o para estacionamento na ciclofaixa (no trecho compreendido entre a Santa Casa de Alagoinhas e a esquina do Hospital Regional); interdi\u00e7\u00e3o parcial da travessa Dr. Dantas Bi\u00e3o (na lateral do Est\u00e1dio Carneir\u00e3o); e circula\u00e7\u00e3o exclusiva para transporte p\u00fablico municipal na rua Maria Feij\u00f3.<\/p>\n<p>A Prefeitura de Alagoinhas solicita a colabora\u00e7\u00e3o de todos os cidad\u00e3os, destacando que as medidas s\u00e3o tempor\u00e1rias e fundamentais para que o S\u00e3o Jo\u00e3o 2025 aconte\u00e7a com seguran\u00e7a e organiza\u00e7\u00e3o.<\/p>\n<div class='share-to-whatsapp-wrapper'><div class='share-on-whsp'>Share on: <\/div><a data-text='S\u00e3o Jo\u00e3o de Alagoinhas: SMT anuncia mudan\u00e7as tempor\u00e1rias no tr\u00e2nsito entre os dias 21 e 23 de junho' data-link='https:\/\/newsinfoco.com.br\/inicio\/sao-joao-de-alagoinhas-smt-anuncia-mudancas-temporarias-no-transito-entre-os-dias-21-e-23-de-junho\/' class='whatsapp-button whatsapp-share'>WhatsApp<\/a><div class='clear '><\/div><\/div>","protected":false},"excerpt":{"rendered":"<p>A Superintend\u00eancia Municipal de Tr\u00e2nsito (SMT) divulgou, nesta sexta-feira, 13, um comunicado oficial com as interven\u00e7\u00f5es que ser\u00e3o implementadas no tr\u00e2nsito de Alagoinhas durante os festejos de S\u00e3o Jo\u00e3o, entre os dias 21 e 23 de junho, no Carneir\u00e3o. As interven\u00e7\u00f5es visam garantir seguran\u00e7a vi\u00e1ria, contribuindo para a fluidez do tr\u00e1fego durante o evento. \u201cEssas [&hellip;]<\/p>\n","protected":false},"author":1,"featured_media":42508,"comment_status":"closed","ping_status":"closed","sticky":false,"template":"","format":"standard","meta":{"om_disable_all_campaigns":false,"rop_custom_images_group":[],"rop_custom_messages_group":[],"rop_publish_now":"initial","rop_publish_now_accounts":[],"rop_publish_now_history":[],"rop_publish_now_status":"pending","_exactmetrics_skip_tracking":false,"footnotes":""},"categories":[38,167],"tags":[],"class_list":["post-42507","post","type-post","status-publish","format-standard","has-post-thumbnail","hentry","category-alagoinhas-e-regiao","category-exclusivas"],"aioseo_notices":[],"aioseo_head":"\n\t\t<!-- All in One SEO 4.9.10 - aioseo.com -->\n\t<meta name=\"description\" content=\"A Superintend\u00eancia Municipal de Tr\u00e2nsito (SMT) divulgou, nesta sexta-feira, 13, um comunicado oficial com as interven\u00e7\u00f5es que ser\u00e3o implementadas no tr\u00e2nsito de Alagoinhas durante os festejos de S\u00e3o Jo\u00e3o, entre os dias 21 e 23 de junho, no Carneir\u00e3o. As interven\u00e7\u00f5es visam garantir seguran\u00e7a vi\u00e1ria, contribuindo para a fluidez do tr\u00e1fego durante o evento. \u201cEssas\" \/>\n\t<meta name=\"robots\" content=\"max-image-preview:large\" \/>\n\t<meta name=\"author\" content=\"administrador\"\/>\n\t<link rel=\"canonical\" href=\"https:\/\/newsinfoco.com.br\/inicio\/sao-joao-de-alagoinhas-smt-anuncia-mudancas-temporarias-no-transito-entre-os-dias-21-e-23-de-junho\/\" \/>\n\t<meta name=\"generator\" content=\"All in One SEO (AIOSEO) 4.9.10\" \/>\n\t\t<meta property=\"og:locale\" content=\"pt_BR\" \/>\n\t\t<meta property=\"og:site_name\" content=\"News In Foco - Editado por Caio Pimenta - O principal site de noticias de Alagoinhas e regi\u00e3o\" \/>\n\t\t<meta property=\"og:type\" content=\"article\" \/>\n\t\t<meta property=\"og:title\" content=\"S\u00e3o Jo\u00e3o de Alagoinhas: SMT anuncia mudan\u00e7as tempor\u00e1rias no tr\u00e2nsito entre os dias 21 e 23 de junho - News In Foco - Editado por Caio Pimenta\" \/>\n\t\t<meta property=\"og:description\" content=\"A Superintend\u00eancia Municipal de Tr\u00e2nsito (SMT) divulgou, nesta sexta-feira, 13, um comunicado oficial com as interven\u00e7\u00f5es que ser\u00e3o implementadas no tr\u00e2nsito de Alagoinhas durante os festejos de S\u00e3o Jo\u00e3o, entre os dias 21 e 23 de junho, no Carneir\u00e3o. As interven\u00e7\u00f5es visam garantir seguran\u00e7a vi\u00e1ria, contribuindo para a fluidez do tr\u00e1fego durante o evento. \u201cEssas\" \/>\n\t\t<meta property=\"og:url\" content=\"https:\/\/newsinfoco.com.br\/inicio\/sao-joao-de-alagoinhas-smt-anuncia-mudancas-temporarias-no-transito-entre-os-dias-21-e-23-de-junho\/\" \/>\n\t\t<meta property=\"article:published_time\" content=\"2025-06-14T16:49:44+00:00\" \/>\n\t\t<meta property=\"article:modified_time\" content=\"2025-06-14T16:49:44+00:00\" \/>\n\t\t<meta name=\"twitter:card\" content=\"summary_large_image\" \/>\n\t\t<meta name=\"twitter:title\" content=\"S\u00e3o Jo\u00e3o de Alagoinhas: SMT anuncia mudan\u00e7as tempor\u00e1rias no tr\u00e2nsito entre os dias 21 e 23 de junho - News In Foco - Editado por Caio Pimenta\" \/>\n\t\t<meta name=\"twitter:description\" content=\"A Superintend\u00eancia Municipal de Tr\u00e2nsito (SMT) divulgou, nesta sexta-feira, 13, um comunicado oficial com as interven\u00e7\u00f5es que ser\u00e3o implementadas no tr\u00e2nsito de Alagoinhas durante os festejos de S\u00e3o Jo\u00e3o, entre os dias 21 e 23 de junho, no Carneir\u00e3o. As interven\u00e7\u00f5es visam garantir seguran\u00e7a vi\u00e1ria, contribuindo para a fluidez do tr\u00e1fego durante o evento. \u201cEssas\" \/>\n\t\t<script type=\"application\/ld+json\" class=\"aioseo-schema\">\n\t\t\t{\"@context\":\"https:\\\/\\\/schema.org\",\"@graph\":[{\"@type\":\"BlogPosting\",\"@id\":\"https:\\\/\\\/newsinfoco.com.br\\\/inicio\\\/sao-joao-de-alagoinhas-smt-anuncia-mudancas-temporarias-no-transito-entre-os-dias-21-e-23-de-junho\\\/#blogposting\",\"name\":\"S\\u00e3o Jo\\u00e3o de Alagoinhas: SMT anuncia mudan\\u00e7as tempor\\u00e1rias no tr\\u00e2nsito entre os dias 21 e 23 de junho - News In Foco - Editado por Caio Pimenta\",\"headline\":\"S\\u00e3o Jo\\u00e3o de Alagoinhas: SMT anuncia mudan\\u00e7as tempor\\u00e1rias no tr\\u00e2nsito entre os dias 21 e 23 de junho\",\"author\":{\"@id\":\"https:\\\/\\\/newsinfoco.com.br\\\/inicio\\\/author\\\/administrador\\\/#author\"},\"publisher\":{\"@id\":\"https:\\\/\\\/newsinfoco.com.br\\\/inicio\\\/#organization\"},\"image\":{\"@type\":\"ImageObject\",\"url\":\"https:\\\/\\\/newsinfoco.com.br\\\/inicio\\\/wp-content\\\/uploads\\\/2025\\\/06\\\/WhatsApp-Image-2025-06-13-at-13.41.24.jpeg\",\"width\":828,\"height\":450},\"datePublished\":\"2025-06-14T13:49:44-03:00\",\"dateModified\":\"2025-06-14T13:49:44-03:00\",\"inLanguage\":\"pt-BR\",\"mainEntityOfPage\":{\"@id\":\"https:\\\/\\\/newsinfoco.com.br\\\/inicio\\\/sao-joao-de-alagoinhas-smt-anuncia-mudancas-temporarias-no-transito-entre-os-dias-21-e-23-de-junho\\\/#webpage\"},\"isPartOf\":{\"@id\":\"https:\\\/\\\/newsinfoco.com.br\\\/inicio\\\/sao-joao-de-alagoinhas-smt-anuncia-mudancas-temporarias-no-transito-entre-os-dias-21-e-23-de-junho\\\/#webpage\"},\"articleSection\":\"Alagoinhas e Regi\\u00e3o, Manchete\"},{\"@type\":\"BreadcrumbList\",\"@id\":\"https:\\\/\\\/newsinfoco.com.br\\\/inicio\\\/sao-joao-de-alagoinhas-smt-anuncia-mudancas-temporarias-no-transito-entre-os-dias-21-e-23-de-junho\\\/#breadcrumblist\",\"itemListElement\":[{\"@type\":\"ListItem\",\"@id\":\"https:\\\/\\\/newsinfoco.com.br\\\/inicio#listItem\",\"position\":1,\"name\":\"In\\u00edcio\",\"item\":\"https:\\\/\\\/newsinfoco.com.br\\\/inicio\",\"nextItem\":{\"@type\":\"ListItem\",\"@id\":\"https:\\\/\\\/newsinfoco.com.br\\\/inicio\\\/category\\\/alagoinhas-e-regiao\\\/#listItem\",\"name\":\"Alagoinhas e Regi\\u00e3o\"}},{\"@type\":\"ListItem\",\"@id\":\"https:\\\/\\\/newsinfoco.com.br\\\/inicio\\\/category\\\/alagoinhas-e-regiao\\\/#listItem\",\"position\":2,\"name\":\"Alagoinhas e Regi\\u00e3o\",\"item\":\"https:\\\/\\\/newsinfoco.com.br\\\/inicio\\\/category\\\/alagoinhas-e-regiao\\\/\",\"nextItem\":{\"@type\":\"ListItem\",\"@id\":\"https:\\\/\\\/newsinfoco.com.br\\\/inicio\\\/sao-joao-de-alagoinhas-smt-anuncia-mudancas-temporarias-no-transito-entre-os-dias-21-e-23-de-junho\\\/#listItem\",\"name\":\"S\\u00e3o Jo\\u00e3o de Alagoinhas: SMT anuncia mudan\\u00e7as tempor\\u00e1rias no tr\\u00e2nsito entre os dias 21 e 23 de junho\"},\"previousItem\":{\"@type\":\"ListItem\",\"@id\":\"https:\\\/\\\/newsinfoco.com.br\\\/inicio#listItem\",\"name\":\"In\\u00edcio\"}},{\"@type\":\"ListItem\",\"@id\":\"https:\\\/\\\/newsinfoco.com.br\\\/inicio\\\/sao-joao-de-alagoinhas-smt-anuncia-mudancas-temporarias-no-transito-entre-os-dias-21-e-23-de-junho\\\/#listItem\",\"position\":3,\"name\":\"S\\u00e3o Jo\\u00e3o de Alagoinhas: SMT anuncia mudan\\u00e7as tempor\\u00e1rias no tr\\u00e2nsito entre os dias 21 e 23 de junho\",\"previousItem\":{\"@type\":\"ListItem\",\"@id\":\"https:\\\/\\\/newsinfoco.com.br\\\/inicio\\\/category\\\/alagoinhas-e-regiao\\\/#listItem\",\"name\":\"Alagoinhas e Regi\\u00e3o\"}}]},{\"@type\":\"Organization\",\"@id\":\"https:\\\/\\\/newsinfoco.com.br\\\/inicio\\\/#organization\",\"name\":\"News In Foco - Editado por Caio Pimenta\",\"description\":\"O principal site de noticias de Alagoinhas e regi\\u00e3o\",\"url\":\"https:\\\/\\\/newsinfoco.com.br\\\/inicio\\\/\"},{\"@type\":\"Person\",\"@id\":\"https:\\\/\\\/newsinfoco.com.br\\\/inicio\\\/author\\\/administrador\\\/#author\",\"url\":\"https:\\\/\\\/newsinfoco.com.br\\\/inicio\\\/author\\\/administrador\\\/\",\"name\":\"administrador\",\"image\":{\"@type\":\"ImageObject\",\"@id\":\"https:\\\/\\\/newsinfoco.com.br\\\/inicio\\\/sao-joao-de-alagoinhas-smt-anuncia-mudancas-temporarias-no-transito-entre-os-dias-21-e-23-de-junho\\\/#authorImage\",\"url\":\"https:\\\/\\\/secure.gravatar.com\\\/avatar\\\/c17a617433de8c1dc9584bb79aab7563b46f5bb7e1728c9b17d9cc3ce6a08e49?s=96&d=mm&r=g\",\"width\":96,\"height\":96,\"caption\":\"administrador\"}},{\"@type\":\"WebPage\",\"@id\":\"https:\\\/\\\/newsinfoco.com.br\\\/inicio\\\/sao-joao-de-alagoinhas-smt-anuncia-mudancas-temporarias-no-transito-entre-os-dias-21-e-23-de-junho\\\/#webpage\",\"url\":\"https:\\\/\\\/newsinfoco.com.br\\\/inicio\\\/sao-joao-de-alagoinhas-smt-anuncia-mudancas-temporarias-no-transito-entre-os-dias-21-e-23-de-junho\\\/\",\"name\":\"S\\u00e3o Jo\\u00e3o de Alagoinhas: SMT anuncia mudan\\u00e7as tempor\\u00e1rias no tr\\u00e2nsito entre os dias 21 e 23 de junho - News In Foco - Editado por Caio Pimenta\",\"description\":\"A Superintend\\u00eancia Municipal de Tr\\u00e2nsito (SMT) divulgou, nesta sexta-feira, 13, um comunicado oficial com as interven\\u00e7\\u00f5es que ser\\u00e3o implementadas no tr\\u00e2nsito de Alagoinhas durante os festejos de S\\u00e3o Jo\\u00e3o, entre os dias 21 e 23 de junho, no Carneir\\u00e3o. As interven\\u00e7\\u00f5es visam garantir seguran\\u00e7a vi\\u00e1ria, contribuindo para a fluidez do tr\\u00e1fego durante o evento. \\u201cEssas\",\"inLanguage\":\"pt-BR\",\"isPartOf\":{\"@id\":\"https:\\\/\\\/newsinfoco.com.br\\\/inicio\\\/#website\"},\"breadcrumb\":{\"@id\":\"https:\\\/\\\/newsinfoco.com.br\\\/inicio\\\/sao-joao-de-alagoinhas-smt-anuncia-mudancas-temporarias-no-transito-entre-os-dias-21-e-23-de-junho\\\/#breadcrumblist\"},\"author\":{\"@id\":\"https:\\\/\\\/newsinfoco.com.br\\\/inicio\\\/author\\\/administrador\\\/#author\"},\"creator\":{\"@id\":\"https:\\\/\\\/newsinfoco.com.br\\\/inicio\\\/author\\\/administrador\\\/#author\"},\"image\":{\"@type\":\"ImageObject\",\"url\":\"https:\\\/\\\/newsinfoco.com.br\\\/inicio\\\/wp-content\\\/uploads\\\/2025\\\/06\\\/WhatsApp-Image-2025-06-13-at-13.41.24.jpeg\",\"@id\":\"https:\\\/\\\/newsinfoco.com.br\\\/inicio\\\/sao-joao-de-alagoinhas-smt-anuncia-mudancas-temporarias-no-transito-entre-os-dias-21-e-23-de-junho\\\/#mainImage\",\"width\":828,\"height\":450},\"primaryImageOfPage\":{\"@id\":\"https:\\\/\\\/newsinfoco.com.br\\\/inicio\\\/sao-joao-de-alagoinhas-smt-anuncia-mudancas-temporarias-no-transito-entre-os-dias-21-e-23-de-junho\\\/#mainImage\"},\"datePublished\":\"2025-06-14T13:49:44-03:00\",\"dateModified\":\"2025-06-14T13:49:44-03:00\"},{\"@type\":\"WebSite\",\"@id\":\"https:\\\/\\\/newsinfoco.com.br\\\/inicio\\\/#website\",\"url\":\"https:\\\/\\\/newsinfoco.com.br\\\/inicio\\\/\",\"name\":\"News In Foco - Editado por Caio Pimenta\",\"description\":\"O principal site de noticias de Alagoinhas e regi\\u00e3o\",\"inLanguage\":\"pt-BR\",\"publisher\":{\"@id\":\"https:\\\/\\\/newsinfoco.com.br\\\/inicio\\\/#organization\"}}]}\n\t\t<\/script>\n\t\t<!-- All in One SEO -->\n\n","aioseo_head_json":{"title":"S\u00e3o Jo\u00e3o de Alagoinhas: SMT anuncia mudan\u00e7as tempor\u00e1rias no tr\u00e2nsito entre os dias 21 e 23 de junho - News In Foco - Editado por Caio Pimenta","description":"A Superintend\u00eancia Municipal de Tr\u00e2nsito (SMT) divulgou, nesta sexta-feira, 13, um comunicado oficial com as interven\u00e7\u00f5es que ser\u00e3o implementadas no tr\u00e2nsito de Alagoinhas durante os festejos de S\u00e3o Jo\u00e3o, entre os dias 21 e 23 de junho, no Carneir\u00e3o. As interven\u00e7\u00f5es visam garantir seguran\u00e7a vi\u00e1ria, contribuindo para a fluidez do tr\u00e1fego durante o evento. \u201cEssas","canonical_url":"https:\/\/newsinfoco.com.br\/inicio\/sao-joao-de-alagoinhas-smt-anuncia-mudancas-temporarias-no-transito-entre-os-dias-21-e-23-de-junho\/","robots":"max-image-preview:large","keywords":"","webmasterTools":{"miscellaneous":""},"schema":{"@context":"https:\/\/schema.org","@graph":[{"@type":"BlogPosting","@id":"https:\/\/newsinfoco.com.br\/inicio\/sao-joao-de-alagoinhas-smt-anuncia-mudancas-temporarias-no-transito-entre-os-dias-21-e-23-de-junho\/#blogposting","name":"S\u00e3o Jo\u00e3o de Alagoinhas: SMT anuncia mudan\u00e7as tempor\u00e1rias no tr\u00e2nsito entre os dias 21 e 23 de junho - News In Foco - Editado por Caio Pimenta","headline":"S\u00e3o Jo\u00e3o de Alagoinhas: SMT anuncia mudan\u00e7as tempor\u00e1rias no tr\u00e2nsito entre os dias 21 e 23 de junho","author":{"@id":"https:\/\/newsinfoco.com.br\/inicio\/author\/administrador\/#author"},"publisher":{"@id":"https:\/\/newsinfoco.com.br\/inicio\/#organization"},"image":{"@type":"ImageObject","url":"https:\/\/newsinfoco.com.br\/inicio\/wp-content\/uploads\/2025\/06\/WhatsApp-Image-2025-06-13-at-13.41.24.jpeg","width":828,"height":450},"datePublished":"2025-06-14T13:49:44-03:00","dateModified":"2025-06-14T13:49:44-03:00","inLanguage":"pt-BR","mainEntityOfPage":{"@id":"https:\/\/newsinfoco.com.br\/inicio\/sao-joao-de-alagoinhas-smt-anuncia-mudancas-temporarias-no-transito-entre-os-dias-21-e-23-de-junho\/#webpage"},"isPartOf":{"@id":"https:\/\/newsinfoco.com.br\/inicio\/sao-joao-de-alagoinhas-smt-anuncia-mudancas-temporarias-no-transito-entre-os-dias-21-e-23-de-junho\/#webpage"},"articleSection":"Alagoinhas e Regi\u00e3o, Manchete"},{"@type":"BreadcrumbList","@id":"https:\/\/newsinfoco.com.br\/inicio\/sao-joao-de-alagoinhas-smt-anuncia-mudancas-temporarias-no-transito-entre-os-dias-21-e-23-de-junho\/#breadcrumblist","itemListElement":[{"@type":"ListItem","@id":"https:\/\/newsinfoco.com.br\/inicio#listItem","position":1,"name":"In\u00edcio","item":"https:\/\/newsinfoco.com.br\/inicio","nextItem":{"@type":"ListItem","@id":"https:\/\/newsinfoco.com.br\/inicio\/category\/alagoinhas-e-regiao\/#listItem","name":"Alagoinhas e Regi\u00e3o"}},{"@type":"ListItem","@id":"https:\/\/newsinfoco.com.br\/inicio\/category\/alagoinhas-e-regiao\/#listItem","position":2,"name":"Alagoinhas e Regi\u00e3o","item":"https:\/\/newsinfoco.com.br\/inicio\/category\/alagoinhas-e-regiao\/","nextItem":{"@type":"ListItem","@id":"https:\/\/newsinfoco.com.br\/inicio\/sao-joao-de-alagoinhas-smt-anuncia-mudancas-temporarias-no-transito-entre-os-dias-21-e-23-de-junho\/#listItem","name":"S\u00e3o Jo\u00e3o de Alagoinhas: SMT anuncia mudan\u00e7as tempor\u00e1rias no tr\u00e2nsito entre os dias 21 e 23 de junho"},"previousItem":{"@type":"ListItem","@id":"https:\/\/newsinfoco.com.br\/inicio#listItem","name":"In\u00edcio"}},{"@type":"ListItem","@id":"https:\/\/newsinfoco.com.br\/inicio\/sao-joao-de-alagoinhas-smt-anuncia-mudancas-temporarias-no-transito-entre-os-dias-21-e-23-de-junho\/#listItem","position":3,"name":"S\u00e3o Jo\u00e3o de Alagoinhas: SMT anuncia mudan\u00e7as tempor\u00e1rias no tr\u00e2nsito entre os dias 21 e 23 de junho","previousItem":{"@type":"ListItem","@id":"https:\/\/newsinfoco.com.br\/inicio\/category\/alagoinhas-e-regiao\/#listItem","name":"Alagoinhas e Regi\u00e3o"}}]},{"@type":"Organization","@id":"https:\/\/newsinfoco.com.br\/inicio\/#organization","name":"News In Foco - Editado por Caio Pimenta","description":"O principal site de noticias de Alagoinhas e regi\u00e3o","url":"https:\/\/newsinfoco.com.br\/inicio\/"},{"@type":"Person","@id":"https:\/\/newsinfoco.com.br\/inicio\/author\/administrador\/#author","url":"https:\/\/newsinfoco.com.br\/inicio\/author\/administrador\/","name":"administrador","image":{"@type":"ImageObject","@id":"https:\/\/newsinfoco.com.br\/inicio\/sao-joao-de-alagoinhas-smt-anuncia-mudancas-temporarias-no-transito-entre-os-dias-21-e-23-de-junho\/#authorImage","url":"https:\/\/secure.gravatar.com\/avatar\/c17a617433de8c1dc9584bb79aab7563b46f5bb7e1728c9b17d9cc3ce6a08e49?s=96&d=mm&r=g","width":96,"height":96,"caption":"administrador"}},{"@type":"WebPage","@id":"https:\/\/newsinfoco.com.br\/inicio\/sao-joao-de-alagoinhas-smt-anuncia-mudancas-temporarias-no-transito-entre-os-dias-21-e-23-de-junho\/#webpage","url":"https:\/\/newsinfoco.com.br\/inicio\/sao-joao-de-alagoinhas-smt-anuncia-mudancas-temporarias-no-transito-entre-os-dias-21-e-23-de-junho\/","name":"S\u00e3o Jo\u00e3o de Alagoinhas: SMT anuncia mudan\u00e7as tempor\u00e1rias no tr\u00e2nsito entre os dias 21 e 23 de junho - News In Foco - Editado por Caio Pimenta","description":"A Superintend\u00eancia Municipal de Tr\u00e2nsito (SMT) divulgou, nesta sexta-feira, 13, um comunicado oficial com as interven\u00e7\u00f5es que ser\u00e3o implementadas no tr\u00e2nsito de Alagoinhas durante os festejos de S\u00e3o Jo\u00e3o, entre os dias 21 e 23 de junho, no Carneir\u00e3o. As interven\u00e7\u00f5es visam garantir seguran\u00e7a vi\u00e1ria, contribuindo para a fluidez do tr\u00e1fego durante o evento. \u201cEssas","inLanguage":"pt-BR","isPartOf":{"@id":"https:\/\/newsinfoco.com.br\/inicio\/#website"},"breadcrumb":{"@id":"https:\/\/newsinfoco.com.br\/inicio\/sao-joao-de-alagoinhas-smt-anuncia-mudancas-temporarias-no-transito-entre-os-dias-21-e-23-de-junho\/#breadcrumblist"},"author":{"@id":"https:\/\/newsinfoco.com.br\/inicio\/author\/administrador\/#author"},"creator":{"@id":"https:\/\/newsinfoco.com.br\/inicio\/author\/administrador\/#author"},"image":{"@type":"ImageObject","url":"https:\/\/newsinfoco.com.br\/inicio\/wp-content\/uploads\/2025\/06\/WhatsApp-Image-2025-06-13-at-13.41.24.jpeg","@id":"https:\/\/newsinfoco.com.br\/inicio\/sao-joao-de-alagoinhas-smt-anuncia-mudancas-temporarias-no-transito-entre-os-dias-21-e-23-de-junho\/#mainImage","width":828,"height":450},"primaryImageOfPage":{"@id":"https:\/\/newsinfoco.com.br\/inicio\/sao-joao-de-alagoinhas-smt-anuncia-mudancas-temporarias-no-transito-entre-os-dias-21-e-23-de-junho\/#mainImage"},"datePublished":"2025-06-14T13:49:44-03:00","dateModified":"2025-06-14T13:49:44-03:00"},{"@type":"WebSite","@id":"https:\/\/newsinfoco.com.br\/inicio\/#website","url":"https:\/\/newsinfoco.com.br\/inicio\/","name":"News In Foco - Editado por Caio Pimenta","description":"O principal site de noticias de Alagoinhas e regi\u00e3o","inLanguage":"pt-BR","publisher":{"@id":"https:\/\/newsinfoco.com.br\/inicio\/#organization"}}]},"og:locale":"pt_BR","og:site_name":"News In Foco - Editado por Caio Pimenta - O principal site de noticias de Alagoinhas e regi\u00e3o","og:type":"article","og:title":"S\u00e3o Jo\u00e3o de Alagoinhas: SMT anuncia mudan\u00e7as tempor\u00e1rias no tr\u00e2nsito entre os dias 21 e 23 de junho - News In Foco - Editado por Caio Pimenta","og:description":"A Superintend\u00eancia Municipal de Tr\u00e2nsito (SMT) divulgou, nesta sexta-feira, 13, um comunicado oficial com as interven\u00e7\u00f5es que ser\u00e3o implementadas no tr\u00e2nsito de Alagoinhas durante os festejos de S\u00e3o Jo\u00e3o, entre os dias 21 e 23 de junho, no Carneir\u00e3o. As interven\u00e7\u00f5es visam garantir seguran\u00e7a vi\u00e1ria, contribuindo para a fluidez do tr\u00e1fego durante o evento. \u201cEssas","og:url":"https:\/\/newsinfoco.com.br\/inicio\/sao-joao-de-alagoinhas-smt-anuncia-mudancas-temporarias-no-transito-entre-os-dias-21-e-23-de-junho\/","article:published_time":"2025-06-14T16:49:44+00:00","article:modified_time":"2025-06-14T16:49:44+00:00","twitter:card":"summary_large_image","twitter:title":"S\u00e3o Jo\u00e3o de Alagoinhas: SMT anuncia mudan\u00e7as tempor\u00e1rias no tr\u00e2nsito entre os dias 21 e 23 de junho - News In Foco - Editado por Caio Pimenta","twitter:description":"A Superintend\u00eancia Municipal de Tr\u00e2nsito (SMT) divulgou, nesta sexta-feira, 13, um comunicado oficial com as interven\u00e7\u00f5es que ser\u00e3o implementadas no tr\u00e2nsito de Alagoinhas durante os festejos de S\u00e3o Jo\u00e3o, entre os dias 21 e 23 de junho, no Carneir\u00e3o. As interven\u00e7\u00f5es visam garantir seguran\u00e7a vi\u00e1ria, contribuindo para a fluidez do tr\u00e1fego durante o evento. \u201cEssas"},"aioseo_meta_data":{"post_id":"42507","title":null,"description":null,"keywords":null,"keyphrases":{"focus":{"keyphrase":"","score":0,"analysis":{"keyphraseInTitle":{"score":0,"maxScore":9,"error":1}}},"additional":[]},"primary_term":null,"canonical_url":null,"og_title":null,"og_description":null,"og_object_type":"default","og_image_type":"default","og_image_url":null,"og_image_width":null,"og_image_height":null,"og_image_custom_url":null,"og_image_custom_fields":null,"og_video":"","og_custom_url":null,"og_article_section":null,"og_article_tags":null,"twitter_use_og":false,"twitter_card":"default","twitter_image_type":"default","twitter_image_url":null,"twitter_image_custom_url":null,"twitter_image_custom_fields":null,"twitter_title":null,"twitter_description":null,"schema":{"blockGraphs":[],"customGraphs":[],"default":{"data":{"Article":[],"Course":[],"Dataset":[],"FAQPage":[],"Movie":[],"Person":[],"Product":[],"ProductReview":[],"Car":[],"Recipe":[],"Service":[],"SoftwareApplication":[],"WebPage":[]},"graphName":"BlogPosting","isEnabled":true},"graphs":[]},"schema_type":"default","schema_type_options":null,"pillar_content":false,"robots_default":true,"robots_noindex":false,"robots_noarchive":false,"robots_nosnippet":false,"robots_nofollow":false,"robots_noimageindex":false,"robots_noodp":false,"robots_notranslate":false,"robots_max_snippet":"-1","robots_max_videopreview":"-1","robots_max_imagepreview":"large","priority":null,"frequency":"default","local_seo":null,"breadcrumb_settings":null,"limit_modified_date":false,"ai":null,"created":"2025-06-14 16:49:44","updated":"2025-07-11 13:58:18","seo_analyzer_scan_date":null},"aioseo_breadcrumb":"<div class=\"aioseo-breadcrumbs\"><span class=\"aioseo-breadcrumb\">\n\t\t\t<a href=\"https:\/\/newsinfoco.com.br\/inicio\" title=\"In\u00edcio\">In\u00edcio<\/a>\n\t\t<\/span><span class=\"aioseo-breadcrumb-separator\">&raquo;<\/span><span class=\"aioseo-breadcrumb\">\n\t\t\t<a href=\"https:\/\/newsinfoco.com.br\/inicio\/category\/alagoinhas-e-regiao\/\" title=\"Alagoinhas e Regi\u00e3o\">Alagoinhas e Regi\u00e3o<\/a>\n\t\t<\/span><span class=\"aioseo-breadcrumb-separator\">&raquo;<\/span><span class=\"aioseo-breadcrumb\">\n\t\t\tS\u00e3o Jo\u00e3o de Alagoinhas: SMT anuncia mudan\u00e7as tempor\u00e1rias no tr\u00e2nsito entre os dias 21 e 23 de junho\n\t\t<\/span><\/div>","aioseo_breadcrumb_json":[{"label":"In\u00edcio","link":"https:\/\/newsinfoco.com.br\/inicio"},{"label":"Alagoinhas e Regi\u00e3o","link":"https:\/\/newsinfoco.com.br\/inicio\/category\/alagoinhas-e-regiao\/"},{"label":"S\u00e3o Jo\u00e3o de Alagoinhas: SMT anuncia mudan\u00e7as tempor\u00e1rias no tr\u00e2nsito entre os dias 21 e 23 de junho","link":"https:\/\/newsinfoco.com.br\/inicio\/sao-joao-de-alagoinhas-smt-anuncia-mudancas-temporarias-no-transito-entre-os-dias-21-e-23-de-junho\/"}],"_links":{"self":[{"href":"https:\/\/newsinfoco.com.br\/inicio\/wp-json\/wp\/v2\/posts\/42507","targetHints":{"allow":["GET"]}}],"collection":[{"href":"https:\/\/newsinfoco.com.br\/inicio\/wp-json\/wp\/v2\/posts"}],"about":[{"href":"https:\/\/newsinfoco.com.br\/inicio\/wp-json\/wp\/v2\/types\/post"}],"author":[{"embeddable":true,"href":"https:\/\/newsinfoco.com.br\/inicio\/wp-json\/wp\/v2\/users\/1"}],"replies":[{"embeddable":true,"href":"https:\/\/newsinfoco.com.br\/inicio\/wp-json\/wp\/v2\/comments?post=42507"}],"version-history":[{"count":1,"href":"https:\/\/newsinfoco.com.br\/inicio\/wp-json\/wp\/v2\/posts\/42507\/revisions"}],"predecessor-version":[{"id":42509,"href":"https:\/\/newsinfoco.com.br\/inicio\/wp-json\/wp\/v2\/posts\/42507\/revisions\/42509"}],"wp:featuredmedia":[{"embeddable":true,"href":"https:\/\/newsinfoco.com.br\/inicio\/wp-json\/wp\/v2\/media\/42508"}],"wp:attachment":[{"href":"https:\/\/newsinfoco.com.br\/inicio\/wp-json\/wp\/v2\/media?parent=42507"}],"wp:term":[{"taxonomy":"category","embeddable":true,"href":"https:\/\/newsinfoco.com.br\/inicio\/wp-json\/wp\/v2\/categories?post=42507"},{"taxonomy":"post_tag","embeddable":true,"href":"https:\/\/newsinfoco.com.br\/inicio\/wp-json\/wp\/v2\/tags?post=42507"}],"curies":[{"name":"wp","href":"https:\/\/api.w.org\/{rel}","templated":true}]}}