{"id":42510,"date":"2025-06-14T13:58:45","date_gmt":"2025-06-14T16:58:45","guid":{"rendered":"https:\/\/newsinfoco.com.br\/inicio\/?p=42510"},"modified":"2025-06-14T14:36:48","modified_gmt":"2025-06-14T17:36:48","slug":"thor-de-ninha-defende-debate-publico-sobre-municipalizacao-aperfeicoamento-do-bolsa-atleta-e-investimentos-na-regiao-do-mangalo","status":"publish","type":"post","link":"https:\/\/newsinfoco.com.br\/inicio\/thor-de-ninha-defende-debate-publico-sobre-municipalizacao-aperfeicoamento-do-bolsa-atleta-e-investimentos-na-regiao-do-mangalo\/","title":{"rendered":"Thor de Ninha defende debate p\u00fablico sobre municipaliza\u00e7\u00e3o, aperfei\u00e7oamento do Bolsa Atleta e investimentos na regi\u00e3o do Mangal\u00f4"},"content":{"rendered":"<p>Na sess\u00e3o ordin\u00e1ria da \u00faltima ter\u00e7a (10), o vereador Thor de Ninha (PT) fez um balan\u00e7o de reuni\u00f5es recentes envolvendo temas de grande relev\u00e2ncia para a cidade, destacando a necessidade de di\u00e1logo entre o Legislativo, o Executivo e a sociedade civil.<\/p>\n<p>Um dos pontos centrais da fala do parlamentar foi a reuni\u00e3o realizada com a diretora do N\u00facleo Territorial de Educa\u00e7\u00e3o (NTE), Marlene Pimentel, sobre o processo de municipaliza\u00e7\u00e3o de escolas estaduais, a exemplo da Escola Maria Jos\u00e9 Bastos.<\/p>\n<p>Thor informou que n\u00e3o haver\u00e1 municipaliza\u00e7\u00f5es neste ano, mas defendeu que o tema continue sendo amplamente discutido. \u201cA municipaliza\u00e7\u00e3o mexe com a vida de diversos profissionais e impacta diretamente tamb\u00e9m os estudantes, que podem perder benef\u00edcios estaduais\u201d, afirmou.<\/p>\n<p>O vereador tamb\u00e9m relatou uma reuni\u00e3o com atletas de artes marciais, atletismo e representantes do Conselho Municipal de Esporte, para discutir ajustes na legisla\u00e7\u00e3o do programa Bolsa Atleta, de autoria do vereador Anderson Baqueiro.<\/p>\n<p>Segundo Thor, duas altera\u00e7\u00f5es est\u00e3o sendo propostas: reduzir a idade m\u00ednima para participa\u00e7\u00e3o, hoje fixada em 12 anos, para atender atletas mais jovens j\u00e1 ranqueados; e diminuir de tr\u00eas para um ano o tempo m\u00ednimo de resid\u00eancia em Alagoinhas exigido para acesso ao benef\u00edcio. \u201cS\u00e3o ajustes necess\u00e1rios para garantir maior inclus\u00e3o e participa\u00e7\u00e3o no programa. Vamos dialogar com o autor da lei e trazer as propostas para aprecia\u00e7\u00e3o desta Casa\u201d, garantiu.<\/p>\n<div class=\"wp-block-image\">\n<div class=\"elementor-column elementor-col-50 elementor-top-column elementor-element elementor-element-166fa74c\" data-id=\"166fa74c\" data-element_type=\"column\">\n<div class=\"elementor-widget-wrap elementor-element-populated\">\n<div class=\"elementor-element elementor-element-8956c80 elementor-widget elementor-widget-theme-post-content\" data-id=\"8956c80\" data-element_type=\"widget\" data-widget_type=\"theme-post-content.default\">\n<div class=\"elementor-widget-container\">\n<p>O parlamentar tamb\u00e9m destacou a reuni\u00e3o promovida pelo Instituto Federal Baiano \u2013 Campus Alagoinhas -, com participa\u00e7\u00e3o de professores, representantes do poder p\u00fablico, Sicom\u00e9rcio, Central de Abastecimento e outras entidades. O debate extrapolou a pauta inicial sobre melhorias na Central de Abastecimento e se ampliou para temas como transporte p\u00fablico, participa\u00e7\u00e3o popular e articula\u00e7\u00e3o entre universidade e poder p\u00fablico.<\/p>\n<p>\u201cA rela\u00e7\u00e3o com as universidades pode contribuir muito com o desenvolvimento da cidade. O IF Baiano, por exemplo, j\u00e1 colaborou com projetos de lei como o C\u00f3digo de Arboriza\u00e7\u00e3o Urbana e a legisla\u00e7\u00e3o sobre descarte de \u00f3leo em postos de combust\u00edveis\u201d, afirmou.<\/p>\n<p>Por fim, o vereador informou que participaria de uma reuni\u00e3o na Escola J\u00falio Leal, no bairro do Mangal\u00f4, com lideran\u00e7as comunit\u00e1rias e representantes da Secretaria de Desenvolvimento Econ\u00f4mico e Emprego, para discutir novos investimentos na regi\u00e3o.<\/p>\n<p>Segundo ele, o objetivo \u00e9 reverter o hist\u00f3rico de desigualdade nos investimentos entre diferentes \u00e1reas da cidade. \u201cNo Centro sempre houve altos investimentos, agora \u00e9 hora de olhar com aten\u00e7\u00e3o para o lado de l\u00e1 da linha \u2013 a comunidade do Mangal\u00f4 merece\u201d, declarou.<\/p>\n<p>Entre os avan\u00e7os j\u00e1 previstos est\u00e3o a cobertura da quadra esportiva, a possibilidade da constru\u00e7\u00e3o de uma creche, al\u00e9m de pavimenta\u00e7\u00f5es e obras viabilizadas via or\u00e7amento participativo. O vereador ressaltou que esse movimento \u00e9 resultado da articula\u00e7\u00e3o com a Prefeitura, baseado pelo compromisso com o desenvolvimento de toda a cidade: \u201c\u00c9 hora de garantir que nenhuma regi\u00e3o continue esquecida\u201d.<\/p>\n<p><strong>Para assistir a sess\u00e3o na \u00edntegra, clique no link:\u00a0<\/strong><a href=\"https:\/\/www.youtube.com\/watch?v=2YVlDf3JBf8&amp;pp=ygUUdHYgY2FtYXJhIGFsYWdvaW5oYXM%3D\"><strong>TV C\u00e2mara Alagoinhas<\/strong><\/a><\/p>\n<p><strong>Ascom \u2013 C\u00e2mara Municipal de Alagoinhas<\/strong><\/p>\n<p><strong>Foto \u2013 Jh\u00f4 Paz<\/strong><\/p>\n<\/div>\n<\/div>\n<\/div>\n<\/div>\n<div class=\"elementor-column elementor-col-50 elementor-top-column elementor-element elementor-element-263f143b\" data-id=\"263f143b\" data-element_type=\"column\">\n<div class=\"elementor-widget-wrap elementor-element-populated\">\n<div class=\"elementor-element elementor-element-19118fd7 elementor-widget elementor-widget-heading\" data-id=\"19118fd7\" data-element_type=\"widget\" data-widget_type=\"heading.default\">\n<div class=\"elementor-widget-container\"><\/div>\n<\/div>\n<\/div>\n<\/div>\n<\/div>\n<div class='share-to-whatsapp-wrapper'><div class='share-on-whsp'>Share on: <\/div><a data-text='Thor de Ninha defende debate p\u00fablico sobre municipaliza\u00e7\u00e3o, aperfei\u00e7oamento do Bolsa Atleta e investimentos na regi\u00e3o do Mangal\u00f4' data-link='https:\/\/newsinfoco.com.br\/inicio\/thor-de-ninha-defende-debate-publico-sobre-municipalizacao-aperfeicoamento-do-bolsa-atleta-e-investimentos-na-regiao-do-mangalo\/' class='whatsapp-button whatsapp-share'>WhatsApp<\/a><div class='clear '><\/div><\/div>","protected":false},"excerpt":{"rendered":"<p>Na sess\u00e3o ordin\u00e1ria da \u00faltima ter\u00e7a (10), o vereador Thor de Ninha (PT) fez um balan\u00e7o de reuni\u00f5es recentes envolvendo temas de grande relev\u00e2ncia para a cidade, destacando a necessidade de di\u00e1logo entre o Legislativo, o Executivo e a sociedade civil. Um dos pontos centrais da fala do parlamentar foi a reuni\u00e3o realizada com a [&hellip;]<\/p>\n","protected":false},"author":1,"featured_media":42511,"comment_status":"closed","ping_status":"closed","sticky":false,"template":"","format":"standard","meta":{"om_disable_all_campaigns":false,"rop_custom_images_group":[],"rop_custom_messages_group":[],"rop_publish_now":"initial","rop_publish_now_accounts":[],"rop_publish_now_history":[],"rop_publish_now_status":"pending","_exactmetrics_skip_tracking":false,"footnotes":""},"categories":[19],"tags":[],"class_list":["post-42510","post","type-post","status-publish","format-standard","has-post-thumbnail","hentry","category-bahia"],"aioseo_notices":[],"aioseo_head":"\n\t\t<!-- All in One SEO 4.9.10 - aioseo.com -->\n\t<meta name=\"description\" content=\"Na sess\u00e3o ordin\u00e1ria da \u00faltima ter\u00e7a (10), o vereador Thor de Ninha (PT) fez um balan\u00e7o de reuni\u00f5es recentes envolvendo temas de grande relev\u00e2ncia para a cidade, destacando a necessidade de di\u00e1logo entre o Legislativo, o Executivo e a sociedade civil. Um dos pontos centrais da fala do parlamentar foi a reuni\u00e3o realizada com a\" \/>\n\t<meta name=\"robots\" content=\"max-image-preview:large\" \/>\n\t<meta name=\"author\" content=\"administrador\"\/>\n\t<link rel=\"canonical\" href=\"https:\/\/newsinfoco.com.br\/inicio\/thor-de-ninha-defende-debate-publico-sobre-municipalizacao-aperfeicoamento-do-bolsa-atleta-e-investimentos-na-regiao-do-mangalo\/\" \/>\n\t<meta name=\"generator\" content=\"All in One SEO (AIOSEO) 4.9.10\" \/>\n\t\t<meta property=\"og:locale\" content=\"pt_BR\" \/>\n\t\t<meta property=\"og:site_name\" content=\"News In Foco - Editado por Caio Pimenta - O principal site de noticias de Alagoinhas e regi\u00e3o\" \/>\n\t\t<meta property=\"og:type\" content=\"article\" \/>\n\t\t<meta property=\"og:title\" content=\"Thor de Ninha defende debate p\u00fablico sobre municipaliza\u00e7\u00e3o, aperfei\u00e7oamento do Bolsa Atleta e investimentos na regi\u00e3o do Mangal\u00f4 - News In Foco - Editado por Caio Pimenta\" \/>\n\t\t<meta property=\"og:description\" content=\"Na sess\u00e3o ordin\u00e1ria da \u00faltima ter\u00e7a (10), o vereador Thor de Ninha (PT) fez um balan\u00e7o de reuni\u00f5es recentes envolvendo temas de grande relev\u00e2ncia para a cidade, destacando a necessidade de di\u00e1logo entre o Legislativo, o Executivo e a sociedade civil. Um dos pontos centrais da fala do parlamentar foi a reuni\u00e3o realizada com a\" \/>\n\t\t<meta property=\"og:url\" content=\"https:\/\/newsinfoco.com.br\/inicio\/thor-de-ninha-defende-debate-publico-sobre-municipalizacao-aperfeicoamento-do-bolsa-atleta-e-investimentos-na-regiao-do-mangalo\/\" \/>\n\t\t<meta property=\"article:published_time\" content=\"2025-06-14T16:58:45+00:00\" \/>\n\t\t<meta property=\"article:modified_time\" content=\"2025-06-14T17:36:48+00:00\" \/>\n\t\t<meta name=\"twitter:card\" content=\"summary_large_image\" \/>\n\t\t<meta name=\"twitter:title\" content=\"Thor de Ninha defende debate p\u00fablico sobre municipaliza\u00e7\u00e3o, aperfei\u00e7oamento do Bolsa Atleta e investimentos na regi\u00e3o do Mangal\u00f4 - News In Foco - Editado por Caio Pimenta\" \/>\n\t\t<meta name=\"twitter:description\" content=\"Na sess\u00e3o ordin\u00e1ria da \u00faltima ter\u00e7a (10), o vereador Thor de Ninha (PT) fez um balan\u00e7o de reuni\u00f5es recentes envolvendo temas de grande relev\u00e2ncia para a cidade, destacando a necessidade de di\u00e1logo entre o Legislativo, o Executivo e a sociedade civil. Um dos pontos centrais da fala do parlamentar foi a reuni\u00e3o realizada com a\" \/>\n\t\t<script type=\"application\/ld+json\" class=\"aioseo-schema\">\n\t\t\t{\"@context\":\"https:\\\/\\\/schema.org\",\"@graph\":[{\"@type\":\"BlogPosting\",\"@id\":\"https:\\\/\\\/newsinfoco.com.br\\\/inicio\\\/thor-de-ninha-defende-debate-publico-sobre-municipalizacao-aperfeicoamento-do-bolsa-atleta-e-investimentos-na-regiao-do-mangalo\\\/#blogposting\",\"name\":\"Thor de Ninha defende debate p\\u00fablico sobre municipaliza\\u00e7\\u00e3o, aperfei\\u00e7oamento do Bolsa Atleta e investimentos na regi\\u00e3o do Mangal\\u00f4 - News In Foco - Editado por Caio Pimenta\",\"headline\":\"Thor de Ninha defende debate p\\u00fablico sobre municipaliza\\u00e7\\u00e3o, aperfei\\u00e7oamento do Bolsa Atleta e investimentos na regi\\u00e3o do Mangal\\u00f4\",\"author\":{\"@id\":\"https:\\\/\\\/newsinfoco.com.br\\\/inicio\\\/author\\\/administrador\\\/#author\"},\"publisher\":{\"@id\":\"https:\\\/\\\/newsinfoco.com.br\\\/inicio\\\/#organization\"},\"image\":{\"@type\":\"ImageObject\",\"url\":\"https:\\\/\\\/newsinfoco.com.br\\\/inicio\\\/wp-content\\\/uploads\\\/2025\\\/06\\\/Thor-1.jpg\",\"width\":1280,\"height\":720},\"datePublished\":\"2025-06-14T13:58:45-03:00\",\"dateModified\":\"2025-06-14T14:36:48-03:00\",\"inLanguage\":\"pt-BR\",\"mainEntityOfPage\":{\"@id\":\"https:\\\/\\\/newsinfoco.com.br\\\/inicio\\\/thor-de-ninha-defende-debate-publico-sobre-municipalizacao-aperfeicoamento-do-bolsa-atleta-e-investimentos-na-regiao-do-mangalo\\\/#webpage\"},\"isPartOf\":{\"@id\":\"https:\\\/\\\/newsinfoco.com.br\\\/inicio\\\/thor-de-ninha-defende-debate-publico-sobre-municipalizacao-aperfeicoamento-do-bolsa-atleta-e-investimentos-na-regiao-do-mangalo\\\/#webpage\"},\"articleSection\":\"Bahia\"},{\"@type\":\"BreadcrumbList\",\"@id\":\"https:\\\/\\\/newsinfoco.com.br\\\/inicio\\\/thor-de-ninha-defende-debate-publico-sobre-municipalizacao-aperfeicoamento-do-bolsa-atleta-e-investimentos-na-regiao-do-mangalo\\\/#breadcrumblist\",\"itemListElement\":[{\"@type\":\"ListItem\",\"@id\":\"https:\\\/\\\/newsinfoco.com.br\\\/inicio#listItem\",\"position\":1,\"name\":\"In\\u00edcio\",\"item\":\"https:\\\/\\\/newsinfoco.com.br\\\/inicio\",\"nextItem\":{\"@type\":\"ListItem\",\"@id\":\"https:\\\/\\\/newsinfoco.com.br\\\/inicio\\\/category\\\/bahia\\\/#listItem\",\"name\":\"Bahia\"}},{\"@type\":\"ListItem\",\"@id\":\"https:\\\/\\\/newsinfoco.com.br\\\/inicio\\\/category\\\/bahia\\\/#listItem\",\"position\":2,\"name\":\"Bahia\",\"item\":\"https:\\\/\\\/newsinfoco.com.br\\\/inicio\\\/category\\\/bahia\\\/\",\"nextItem\":{\"@type\":\"ListItem\",\"@id\":\"https:\\\/\\\/newsinfoco.com.br\\\/inicio\\\/thor-de-ninha-defende-debate-publico-sobre-municipalizacao-aperfeicoamento-do-bolsa-atleta-e-investimentos-na-regiao-do-mangalo\\\/#listItem\",\"name\":\"Thor de Ninha defende debate p\\u00fablico sobre municipaliza\\u00e7\\u00e3o, aperfei\\u00e7oamento do Bolsa Atleta e investimentos na regi\\u00e3o do Mangal\\u00f4\"},\"previousItem\":{\"@type\":\"ListItem\",\"@id\":\"https:\\\/\\\/newsinfoco.com.br\\\/inicio#listItem\",\"name\":\"In\\u00edcio\"}},{\"@type\":\"ListItem\",\"@id\":\"https:\\\/\\\/newsinfoco.com.br\\\/inicio\\\/thor-de-ninha-defende-debate-publico-sobre-municipalizacao-aperfeicoamento-do-bolsa-atleta-e-investimentos-na-regiao-do-mangalo\\\/#listItem\",\"position\":3,\"name\":\"Thor de Ninha defende debate p\\u00fablico sobre municipaliza\\u00e7\\u00e3o, aperfei\\u00e7oamento do Bolsa Atleta e investimentos na regi\\u00e3o do Mangal\\u00f4\",\"previousItem\":{\"@type\":\"ListItem\",\"@id\":\"https:\\\/\\\/newsinfoco.com.br\\\/inicio\\\/category\\\/bahia\\\/#listItem\",\"name\":\"Bahia\"}}]},{\"@type\":\"Organization\",\"@id\":\"https:\\\/\\\/newsinfoco.com.br\\\/inicio\\\/#organization\",\"name\":\"News In Foco - Editado por Caio Pimenta\",\"description\":\"O principal site de noticias de Alagoinhas e regi\\u00e3o\",\"url\":\"https:\\\/\\\/newsinfoco.com.br\\\/inicio\\\/\"},{\"@type\":\"Person\",\"@id\":\"https:\\\/\\\/newsinfoco.com.br\\\/inicio\\\/author\\\/administrador\\\/#author\",\"url\":\"https:\\\/\\\/newsinfoco.com.br\\\/inicio\\\/author\\\/administrador\\\/\",\"name\":\"administrador\",\"image\":{\"@type\":\"ImageObject\",\"@id\":\"https:\\\/\\\/newsinfoco.com.br\\\/inicio\\\/thor-de-ninha-defende-debate-publico-sobre-municipalizacao-aperfeicoamento-do-bolsa-atleta-e-investimentos-na-regiao-do-mangalo\\\/#authorImage\",\"url\":\"https:\\\/\\\/secure.gravatar.com\\\/avatar\\\/c17a617433de8c1dc9584bb79aab7563b46f5bb7e1728c9b17d9cc3ce6a08e49?s=96&d=mm&r=g\",\"width\":96,\"height\":96,\"caption\":\"administrador\"}},{\"@type\":\"WebPage\",\"@id\":\"https:\\\/\\\/newsinfoco.com.br\\\/inicio\\\/thor-de-ninha-defende-debate-publico-sobre-municipalizacao-aperfeicoamento-do-bolsa-atleta-e-investimentos-na-regiao-do-mangalo\\\/#webpage\",\"url\":\"https:\\\/\\\/newsinfoco.com.br\\\/inicio\\\/thor-de-ninha-defende-debate-publico-sobre-municipalizacao-aperfeicoamento-do-bolsa-atleta-e-investimentos-na-regiao-do-mangalo\\\/\",\"name\":\"Thor de Ninha defende debate p\\u00fablico sobre municipaliza\\u00e7\\u00e3o, aperfei\\u00e7oamento do Bolsa Atleta e investimentos na regi\\u00e3o do Mangal\\u00f4 - News In Foco - Editado por Caio Pimenta\",\"description\":\"Na sess\\u00e3o ordin\\u00e1ria da \\u00faltima ter\\u00e7a (10), o vereador Thor de Ninha (PT) fez um balan\\u00e7o de reuni\\u00f5es recentes envolvendo temas de grande relev\\u00e2ncia para a cidade, destacando a necessidade de di\\u00e1logo entre o Legislativo, o Executivo e a sociedade civil. Um dos pontos centrais da fala do parlamentar foi a reuni\\u00e3o realizada com a\",\"inLanguage\":\"pt-BR\",\"isPartOf\":{\"@id\":\"https:\\\/\\\/newsinfoco.com.br\\\/inicio\\\/#website\"},\"breadcrumb\":{\"@id\":\"https:\\\/\\\/newsinfoco.com.br\\\/inicio\\\/thor-de-ninha-defende-debate-publico-sobre-municipalizacao-aperfeicoamento-do-bolsa-atleta-e-investimentos-na-regiao-do-mangalo\\\/#breadcrumblist\"},\"author\":{\"@id\":\"https:\\\/\\\/newsinfoco.com.br\\\/inicio\\\/author\\\/administrador\\\/#author\"},\"creator\":{\"@id\":\"https:\\\/\\\/newsinfoco.com.br\\\/inicio\\\/author\\\/administrador\\\/#author\"},\"image\":{\"@type\":\"ImageObject\",\"url\":\"https:\\\/\\\/newsinfoco.com.br\\\/inicio\\\/wp-content\\\/uploads\\\/2025\\\/06\\\/Thor-1.jpg\",\"@id\":\"https:\\\/\\\/newsinfoco.com.br\\\/inicio\\\/thor-de-ninha-defende-debate-publico-sobre-municipalizacao-aperfeicoamento-do-bolsa-atleta-e-investimentos-na-regiao-do-mangalo\\\/#mainImage\",\"width\":1280,\"height\":720},\"primaryImageOfPage\":{\"@id\":\"https:\\\/\\\/newsinfoco.com.br\\\/inicio\\\/thor-de-ninha-defende-debate-publico-sobre-municipalizacao-aperfeicoamento-do-bolsa-atleta-e-investimentos-na-regiao-do-mangalo\\\/#mainImage\"},\"datePublished\":\"2025-06-14T13:58:45-03:00\",\"dateModified\":\"2025-06-14T14:36:48-03:00\"},{\"@type\":\"WebSite\",\"@id\":\"https:\\\/\\\/newsinfoco.com.br\\\/inicio\\\/#website\",\"url\":\"https:\\\/\\\/newsinfoco.com.br\\\/inicio\\\/\",\"name\":\"News In Foco - Editado por Caio Pimenta\",\"description\":\"O principal site de noticias de Alagoinhas e regi\\u00e3o\",\"inLanguage\":\"pt-BR\",\"publisher\":{\"@id\":\"https:\\\/\\\/newsinfoco.com.br\\\/inicio\\\/#organization\"}}]}\n\t\t<\/script>\n\t\t<!-- All in One SEO -->\n\n","aioseo_head_json":{"title":"Thor de Ninha defende debate p\u00fablico sobre municipaliza\u00e7\u00e3o, aperfei\u00e7oamento do Bolsa Atleta e investimentos na regi\u00e3o do Mangal\u00f4 - News In Foco - Editado por Caio Pimenta","description":"Na sess\u00e3o ordin\u00e1ria da \u00faltima ter\u00e7a (10), o vereador Thor de Ninha (PT) fez um balan\u00e7o de reuni\u00f5es recentes envolvendo temas de grande relev\u00e2ncia para a cidade, destacando a necessidade de di\u00e1logo entre o Legislativo, o Executivo e a sociedade civil. Um dos pontos centrais da fala do parlamentar foi a reuni\u00e3o realizada com a","canonical_url":"https:\/\/newsinfoco.com.br\/inicio\/thor-de-ninha-defende-debate-publico-sobre-municipalizacao-aperfeicoamento-do-bolsa-atleta-e-investimentos-na-regiao-do-mangalo\/","robots":"max-image-preview:large","keywords":"","webmasterTools":{"miscellaneous":""},"schema":{"@context":"https:\/\/schema.org","@graph":[{"@type":"BlogPosting","@id":"https:\/\/newsinfoco.com.br\/inicio\/thor-de-ninha-defende-debate-publico-sobre-municipalizacao-aperfeicoamento-do-bolsa-atleta-e-investimentos-na-regiao-do-mangalo\/#blogposting","name":"Thor de Ninha defende debate p\u00fablico sobre municipaliza\u00e7\u00e3o, aperfei\u00e7oamento do Bolsa Atleta e investimentos na regi\u00e3o do Mangal\u00f4 - News In Foco - Editado por Caio Pimenta","headline":"Thor de Ninha defende debate p\u00fablico sobre municipaliza\u00e7\u00e3o, aperfei\u00e7oamento do Bolsa Atleta e investimentos na regi\u00e3o do Mangal\u00f4","author":{"@id":"https:\/\/newsinfoco.com.br\/inicio\/author\/administrador\/#author"},"publisher":{"@id":"https:\/\/newsinfoco.com.br\/inicio\/#organization"},"image":{"@type":"ImageObject","url":"https:\/\/newsinfoco.com.br\/inicio\/wp-content\/uploads\/2025\/06\/Thor-1.jpg","width":1280,"height":720},"datePublished":"2025-06-14T13:58:45-03:00","dateModified":"2025-06-14T14:36:48-03:00","inLanguage":"pt-BR","mainEntityOfPage":{"@id":"https:\/\/newsinfoco.com.br\/inicio\/thor-de-ninha-defende-debate-publico-sobre-municipalizacao-aperfeicoamento-do-bolsa-atleta-e-investimentos-na-regiao-do-mangalo\/#webpage"},"isPartOf":{"@id":"https:\/\/newsinfoco.com.br\/inicio\/thor-de-ninha-defende-debate-publico-sobre-municipalizacao-aperfeicoamento-do-bolsa-atleta-e-investimentos-na-regiao-do-mangalo\/#webpage"},"articleSection":"Bahia"},{"@type":"BreadcrumbList","@id":"https:\/\/newsinfoco.com.br\/inicio\/thor-de-ninha-defende-debate-publico-sobre-municipalizacao-aperfeicoamento-do-bolsa-atleta-e-investimentos-na-regiao-do-mangalo\/#breadcrumblist","itemListElement":[{"@type":"ListItem","@id":"https:\/\/newsinfoco.com.br\/inicio#listItem","position":1,"name":"In\u00edcio","item":"https:\/\/newsinfoco.com.br\/inicio","nextItem":{"@type":"ListItem","@id":"https:\/\/newsinfoco.com.br\/inicio\/category\/bahia\/#listItem","name":"Bahia"}},{"@type":"ListItem","@id":"https:\/\/newsinfoco.com.br\/inicio\/category\/bahia\/#listItem","position":2,"name":"Bahia","item":"https:\/\/newsinfoco.com.br\/inicio\/category\/bahia\/","nextItem":{"@type":"ListItem","@id":"https:\/\/newsinfoco.com.br\/inicio\/thor-de-ninha-defende-debate-publico-sobre-municipalizacao-aperfeicoamento-do-bolsa-atleta-e-investimentos-na-regiao-do-mangalo\/#listItem","name":"Thor de Ninha defende debate p\u00fablico sobre municipaliza\u00e7\u00e3o, aperfei\u00e7oamento do Bolsa Atleta e investimentos na regi\u00e3o do Mangal\u00f4"},"previousItem":{"@type":"ListItem","@id":"https:\/\/newsinfoco.com.br\/inicio#listItem","name":"In\u00edcio"}},{"@type":"ListItem","@id":"https:\/\/newsinfoco.com.br\/inicio\/thor-de-ninha-defende-debate-publico-sobre-municipalizacao-aperfeicoamento-do-bolsa-atleta-e-investimentos-na-regiao-do-mangalo\/#listItem","position":3,"name":"Thor de Ninha defende debate p\u00fablico sobre municipaliza\u00e7\u00e3o, aperfei\u00e7oamento do Bolsa Atleta e investimentos na regi\u00e3o do Mangal\u00f4","previousItem":{"@type":"ListItem","@id":"https:\/\/newsinfoco.com.br\/inicio\/category\/bahia\/#listItem","name":"Bahia"}}]},{"@type":"Organization","@id":"https:\/\/newsinfoco.com.br\/inicio\/#organization","name":"News In Foco - Editado por Caio Pimenta","description":"O principal site de noticias de Alagoinhas e regi\u00e3o","url":"https:\/\/newsinfoco.com.br\/inicio\/"},{"@type":"Person","@id":"https:\/\/newsinfoco.com.br\/inicio\/author\/administrador\/#author","url":"https:\/\/newsinfoco.com.br\/inicio\/author\/administrador\/","name":"administrador","image":{"@type":"ImageObject","@id":"https:\/\/newsinfoco.com.br\/inicio\/thor-de-ninha-defende-debate-publico-sobre-municipalizacao-aperfeicoamento-do-bolsa-atleta-e-investimentos-na-regiao-do-mangalo\/#authorImage","url":"https:\/\/secure.gravatar.com\/avatar\/c17a617433de8c1dc9584bb79aab7563b46f5bb7e1728c9b17d9cc3ce6a08e49?s=96&d=mm&r=g","width":96,"height":96,"caption":"administrador"}},{"@type":"WebPage","@id":"https:\/\/newsinfoco.com.br\/inicio\/thor-de-ninha-defende-debate-publico-sobre-municipalizacao-aperfeicoamento-do-bolsa-atleta-e-investimentos-na-regiao-do-mangalo\/#webpage","url":"https:\/\/newsinfoco.com.br\/inicio\/thor-de-ninha-defende-debate-publico-sobre-municipalizacao-aperfeicoamento-do-bolsa-atleta-e-investimentos-na-regiao-do-mangalo\/","name":"Thor de Ninha defende debate p\u00fablico sobre municipaliza\u00e7\u00e3o, aperfei\u00e7oamento do Bolsa Atleta e investimentos na regi\u00e3o do Mangal\u00f4 - News In Foco - Editado por Caio Pimenta","description":"Na sess\u00e3o ordin\u00e1ria da \u00faltima ter\u00e7a (10), o vereador Thor de Ninha (PT) fez um balan\u00e7o de reuni\u00f5es recentes envolvendo temas de grande relev\u00e2ncia para a cidade, destacando a necessidade de di\u00e1logo entre o Legislativo, o Executivo e a sociedade civil. Um dos pontos centrais da fala do parlamentar foi a reuni\u00e3o realizada com a","inLanguage":"pt-BR","isPartOf":{"@id":"https:\/\/newsinfoco.com.br\/inicio\/#website"},"breadcrumb":{"@id":"https:\/\/newsinfoco.com.br\/inicio\/thor-de-ninha-defende-debate-publico-sobre-municipalizacao-aperfeicoamento-do-bolsa-atleta-e-investimentos-na-regiao-do-mangalo\/#breadcrumblist"},"author":{"@id":"https:\/\/newsinfoco.com.br\/inicio\/author\/administrador\/#author"},"creator":{"@id":"https:\/\/newsinfoco.com.br\/inicio\/author\/administrador\/#author"},"image":{"@type":"ImageObject","url":"https:\/\/newsinfoco.com.br\/inicio\/wp-content\/uploads\/2025\/06\/Thor-1.jpg","@id":"https:\/\/newsinfoco.com.br\/inicio\/thor-de-ninha-defende-debate-publico-sobre-municipalizacao-aperfeicoamento-do-bolsa-atleta-e-investimentos-na-regiao-do-mangalo\/#mainImage","width":1280,"height":720},"primaryImageOfPage":{"@id":"https:\/\/newsinfoco.com.br\/inicio\/thor-de-ninha-defende-debate-publico-sobre-municipalizacao-aperfeicoamento-do-bolsa-atleta-e-investimentos-na-regiao-do-mangalo\/#mainImage"},"datePublished":"2025-06-14T13:58:45-03:00","dateModified":"2025-06-14T14:36:48-03:00"},{"@type":"WebSite","@id":"https:\/\/newsinfoco.com.br\/inicio\/#website","url":"https:\/\/newsinfoco.com.br\/inicio\/","name":"News In Foco - Editado por Caio Pimenta","description":"O principal site de noticias de Alagoinhas e regi\u00e3o","inLanguage":"pt-BR","publisher":{"@id":"https:\/\/newsinfoco.com.br\/inicio\/#organization"}}]},"og:locale":"pt_BR","og:site_name":"News In Foco - Editado por Caio Pimenta - O principal site de noticias de Alagoinhas e regi\u00e3o","og:type":"article","og:title":"Thor de Ninha defende debate p\u00fablico sobre municipaliza\u00e7\u00e3o, aperfei\u00e7oamento do Bolsa Atleta e investimentos na regi\u00e3o do Mangal\u00f4 - News In Foco - Editado por Caio Pimenta","og:description":"Na sess\u00e3o ordin\u00e1ria da \u00faltima ter\u00e7a (10), o vereador Thor de Ninha (PT) fez um balan\u00e7o de reuni\u00f5es recentes envolvendo temas de grande relev\u00e2ncia para a cidade, destacando a necessidade de di\u00e1logo entre o Legislativo, o Executivo e a sociedade civil. Um dos pontos centrais da fala do parlamentar foi a reuni\u00e3o realizada com a","og:url":"https:\/\/newsinfoco.com.br\/inicio\/thor-de-ninha-defende-debate-publico-sobre-municipalizacao-aperfeicoamento-do-bolsa-atleta-e-investimentos-na-regiao-do-mangalo\/","article:published_time":"2025-06-14T16:58:45+00:00","article:modified_time":"2025-06-14T17:36:48+00:00","twitter:card":"summary_large_image","twitter:title":"Thor de Ninha defende debate p\u00fablico sobre municipaliza\u00e7\u00e3o, aperfei\u00e7oamento do Bolsa Atleta e investimentos na regi\u00e3o do Mangal\u00f4 - News In Foco - Editado por Caio Pimenta","twitter:description":"Na sess\u00e3o ordin\u00e1ria da \u00faltima ter\u00e7a (10), o vereador Thor de Ninha (PT) fez um balan\u00e7o de reuni\u00f5es recentes envolvendo temas de grande relev\u00e2ncia para a cidade, destacando a necessidade de di\u00e1logo entre o Legislativo, o Executivo e a sociedade civil. Um dos pontos centrais da fala do parlamentar foi a reuni\u00e3o realizada com a"},"aioseo_meta_data":{"post_id":"42510","title":null,"description":null,"keywords":null,"keyphrases":{"focus":{"keyphrase":"","score":0,"analysis":{"keyphraseInTitle":{"score":0,"maxScore":9,"error":1}}},"additional":[]},"primary_term":null,"canonical_url":null,"og_title":null,"og_description":null,"og_object_type":"default","og_image_type":"default","og_image_url":null,"og_image_width":null,"og_image_height":null,"og_image_custom_url":null,"og_image_custom_fields":null,"og_video":"","og_custom_url":null,"og_article_section":null,"og_article_tags":null,"twitter_use_og":false,"twitter_card":"default","twitter_image_type":"default","twitter_image_url":null,"twitter_image_custom_url":null,"twitter_image_custom_fields":null,"twitter_title":null,"twitter_description":null,"schema":{"blockGraphs":[],"customGraphs":[],"default":{"data":{"Article":[],"Course":[],"Dataset":[],"FAQPage":[],"Movie":[],"Person":[],"Product":[],"ProductReview":[],"Car":[],"Recipe":[],"Service":[],"SoftwareApplication":[],"WebPage":[]},"graphName":"BlogPosting","isEnabled":true},"graphs":[]},"schema_type":"default","schema_type_options":null,"pillar_content":false,"robots_default":true,"robots_noindex":false,"robots_noarchive":false,"robots_nosnippet":false,"robots_nofollow":false,"robots_noimageindex":false,"robots_noodp":false,"robots_notranslate":false,"robots_max_snippet":"-1","robots_max_videopreview":"-1","robots_max_imagepreview":"large","priority":null,"frequency":"default","local_seo":null,"breadcrumb_settings":null,"limit_modified_date":false,"ai":null,"created":"2025-06-14 16:58:45","updated":"2025-07-11 13:58:59","seo_analyzer_scan_date":null},"aioseo_breadcrumb":"<div class=\"aioseo-breadcrumbs\"><span class=\"aioseo-breadcrumb\">\n\t\t\t<a href=\"https:\/\/newsinfoco.com.br\/inicio\" title=\"In\u00edcio\">In\u00edcio<\/a>\n\t\t<\/span><span class=\"aioseo-breadcrumb-separator\">&raquo;<\/span><span class=\"aioseo-breadcrumb\">\n\t\t\t<a href=\"https:\/\/newsinfoco.com.br\/inicio\/category\/bahia\/\" title=\"Bahia\">Bahia<\/a>\n\t\t<\/span><span class=\"aioseo-breadcrumb-separator\">&raquo;<\/span><span class=\"aioseo-breadcrumb\">\n\t\t\tThor de Ninha defende debate p\u00fablico sobre municipaliza\u00e7\u00e3o, aperfei\u00e7oamento do Bolsa Atleta e investimentos na regi\u00e3o do Mangal\u00f4\n\t\t<\/span><\/div>","aioseo_breadcrumb_json":[{"label":"In\u00edcio","link":"https:\/\/newsinfoco.com.br\/inicio"},{"label":"Bahia","link":"https:\/\/newsinfoco.com.br\/inicio\/category\/bahia\/"},{"label":"Thor de Ninha defende debate p\u00fablico sobre municipaliza\u00e7\u00e3o, aperfei\u00e7oamento do Bolsa Atleta e investimentos na regi\u00e3o do Mangal\u00f4","link":"https:\/\/newsinfoco.com.br\/inicio\/thor-de-ninha-defende-debate-publico-sobre-municipalizacao-aperfeicoamento-do-bolsa-atleta-e-investimentos-na-regiao-do-mangalo\/"}],"_links":{"self":[{"href":"https:\/\/newsinfoco.com.br\/inicio\/wp-json\/wp\/v2\/posts\/42510","targetHints":{"allow":["GET"]}}],"collection":[{"href":"https:\/\/newsinfoco.com.br\/inicio\/wp-json\/wp\/v2\/posts"}],"about":[{"href":"https:\/\/newsinfoco.com.br\/inicio\/wp-json\/wp\/v2\/types\/post"}],"author":[{"embeddable":true,"href":"https:\/\/newsinfoco.com.br\/inicio\/wp-json\/wp\/v2\/users\/1"}],"replies":[{"embeddable":true,"href":"https:\/\/newsinfoco.com.br\/inicio\/wp-json\/wp\/v2\/comments?post=42510"}],"version-history":[{"count":1,"href":"https:\/\/newsinfoco.com.br\/inicio\/wp-json\/wp\/v2\/posts\/42510\/revisions"}],"predecessor-version":[{"id":42512,"href":"https:\/\/newsinfoco.com.br\/inicio\/wp-json\/wp\/v2\/posts\/42510\/revisions\/42512"}],"wp:featuredmedia":[{"embeddable":true,"href":"https:\/\/newsinfoco.com.br\/inicio\/wp-json\/wp\/v2\/media\/42511"}],"wp:attachment":[{"href":"https:\/\/newsinfoco.com.br\/inicio\/wp-json\/wp\/v2\/media?parent=42510"}],"wp:term":[{"taxonomy":"category","embeddable":true,"href":"https:\/\/newsinfoco.com.br\/inicio\/wp-json\/wp\/v2\/categories?post=42510"},{"taxonomy":"post_tag","embeddable":true,"href":"https:\/\/newsinfoco.com.br\/inicio\/wp-json\/wp\/v2\/tags?post=42510"}],"curies":[{"name":"wp","href":"https:\/\/api.w.org\/{rel}","templated":true}]}}