{"id":42538,"date":"2025-06-15T09:27:58","date_gmt":"2025-06-15T12:27:58","guid":{"rendered":"https:\/\/newsinfoco.com.br\/inicio\/?p=42538"},"modified":"2025-06-15T09:27:58","modified_gmt":"2025-06-15T12:27:58","slug":"sao-joao-de-alagoinhas-primeira-noite-da-vila-de-santo-antonio-esquenta-o-clima-na-cidade","status":"publish","type":"post","link":"https:\/\/newsinfoco.com.br\/inicio\/sao-joao-de-alagoinhas-primeira-noite-da-vila-de-santo-antonio-esquenta-o-clima-na-cidade\/","title":{"rendered":"S\u00e3o Jo\u00e3o de Alagoinhas: primeira noite da Vila de Santo Ant\u00f4nio esquenta o clima na cidade"},"content":{"rendered":"<p>A festa na Vila de Santo Ant\u00f4nio come\u00e7ou nesse s\u00e1bado, 14, e oficialmente deu in\u00edcio ao S\u00e3o Jo\u00e3o de Alagoinhas. Com bandeirolas, luzes, comidas e bebidas t\u00edpicas e um coreto como palco das atra\u00e7\u00f5es musicais, o espa\u00e7o foi cuidadosamente preparado para oferecer ao p\u00fablico uma experi\u00eancia da cultura e tradi\u00e7\u00e3o nordestinas.<\/p>\n<p>Logo na abertura, quem deu o tom do arrasta-p\u00e9 foi Paroara do Acordeon, que com sua sanfona trouxe cl\u00e1ssicos do forr\u00f3 e da m\u00fasica popular brasileira. O artista fez quest\u00e3o de ressaltar a import\u00e2ncia da valoriza\u00e7\u00e3o da cultura local.<\/p>\n<p>\u201cA gente est\u00e1 no Nordeste, ent\u00e3o o nordestino tem que valorizar o que \u00e9 seu: nossa m\u00fasica regional, os trios de forr\u00f3. Esse ano nosso S\u00e3o Jo\u00e3o tem as grandes atra\u00e7\u00f5es do forr\u00f3 p\u00e9-de-serra, do forr\u00f3 verdadeiro. \u00c9 isso que me deixa feliz. \u00c9 o melhor S\u00e3o Jo\u00e3o de todos os tempos\u201d, celebrou Paroara, destacando os nomes consagrados que comp\u00f5em a programa\u00e7\u00e3o dos festejos juninos de Alagoinhas.<\/p>\n<p>No Espa\u00e7o Balanc\u00ea, destinado a apresenta\u00e7\u00f5es culturais, a emo\u00e7\u00e3o e a f\u00e9 do sertanejo foram destaque na performance do Ballet Eder, vindo da cidade de Entre Rios. O grupo apresentou o espet\u00e1culo \u201cResgate do Sert\u00e3o\u201d, uma mistura de ballet cl\u00e1ssico com ritmos nordestinos, como o frevo e o xaxado.<\/p>\n<p>\u201cEssa apresenta\u00e7\u00e3o foi criada especialmente para a Vila de Santo Ant\u00f4nio, considerando a proposta de valorizar as tradi\u00e7\u00f5es nordestinas. Ensaiamos muito e hoje o p\u00fablico p\u00f4de acompanhar pela primeira vez. Estamos muito felizes\u201d, contou Patr\u00edcia Ramos, gestora do Ballet Eder, que tem mais de duas d\u00e9cadas de dedica\u00e7\u00e3o \u00e0 dan\u00e7a.<\/p>\n<p>E a noite seguiu com mais m\u00fasica de raiz: Tonho P\u00e9 de Serra e Junior Lima subiram ao palco e mantiveram o p\u00fablico animado, garantindo que n\u00e3o houvesse desculpa para ficar parado.<\/p>\n<p>A atmosfera da Vila conquistou quem foi para curtir e registrar o momento. A vendedora Roberta Severo elogiou a estrutura da festa: \u201cFicou tudo lindo! As luzes, a decora\u00e7\u00e3o&#8230; aproveitei para tirar v\u00e1rias fotos com as amigas e, claro, para dan\u00e7ar muito!\u201d<\/p>\n<p>Entre o p\u00fablico apaixonado pelas festas juninas, estava o casal de comerciantes Edinete e Josivan Mendes, que est\u00e3o celebrando juntos o 17\u00ba S\u00e3o Jo\u00e3o. \u201cEssa \u00e9 nossa festa preferida. A Vila est\u00e1 maravilhosa, com um clima junino perfeito. M\u00fasica boa e espa\u00e7o agrad\u00e1vel. \u00c9 o S\u00e3o Jo\u00e3o que a gente ama\u201d, disse Edinete.<\/p>\n<p>O prefeito Gustavo Carmo, acompanhado da secret\u00e1ria de Planejamento e Capta\u00e7\u00e3o de Recursos e primeira-dama, Lianne Carmo, fez quest\u00e3o de aproveitar a abertura da Vila. Ele falou com entusiasmo sobre o sucesso da primeira noite. \u201cQue bom que chegou a hora! A Vila de Santo Ant\u00f4nio foi preparada com muito carinho para oferecer ao p\u00fablico uma verdadeira experi\u00eancia de festa nordestina, do interior. E nesse per\u00edodo vai receber a popula\u00e7\u00e3o com muito forr\u00f3, tradi\u00e7\u00e3o e alegria\u201d, afirmou o gestor.<\/p>\n<p>A programa\u00e7\u00e3o da Vila de Santo Ant\u00f4nio segue at\u00e9 o dia 23 de junho, com atra\u00e7\u00f5es culturais e musicais todas as noites. Com clima acolhedor e muito forr\u00f3, o espa\u00e7o \u00e9 um ponto de encontro para fam\u00edlias alagoinhenses, visitantes e todos os amantes da cultura junina.<\/p>\n<p>Confira a programa\u00e7\u00e3o dos pr\u00f3ximos dias da Vila:<\/p>\n<p>15\/06<br \/>\nSam Ara\u00fajo<br \/>\nChiquinho<br \/>\nOxe Mainha<br \/>\nOrlandinho<\/p>\n<p>16\/06<br \/>\nAra\u00fajo do Forr\u00f3<br \/>\nMarcio Brandon<br \/>\nSinha Encrenca<\/p>\n<p>17\/06<br \/>\nCl\u00e1udio do Forr\u00f3<br \/>\nPaulinho Torres<br \/>\nForr\u00f3 Beija-Flor<\/p>\n<p>18\/06<br \/>\n\u00canio Andrade<br \/>\nHerisson Estilazado<br \/>\nWilsinho<\/p>\n<p>19\/06<br \/>\nTiziu do Acordeon<br \/>\nDolly<br \/>\nAndrey Casa Nova<\/p>\n<p>20\/06<br \/>\nNagela Ramos<br \/>\nForr\u00f3 com Pimenta<br \/>\nGabriel Bandarra e Banda da Lua<\/p>\n<p>21\/06<br \/>\nBir\u00e3o do Acordeon (antecede o S\u00e3o Jo\u00e3o do palco principal na Villa do Forr\u00f3 \u00e0s 18h)<\/p>\n<p>22\/06<br \/>\n\u00cdcaro Mendes<br \/>\n(antecede o S\u00e3o Jo\u00e3o do palco principal na Villa do Forr\u00f3 \u00e0s 18h)<\/p>\n<p>23\/06<br \/>\nLicor com Mel<br \/>\n(antecede o S\u00e3o Jo\u00e3o do palco principal na Villa do Forr\u00f3 \u00e0s 18h)<\/p>\n<div class='share-to-whatsapp-wrapper'><div class='share-on-whsp'>Share on: <\/div><a data-text='S\u00e3o Jo\u00e3o de Alagoinhas: primeira noite da Vila de Santo Ant\u00f4nio esquenta o clima na cidade' data-link='https:\/\/newsinfoco.com.br\/inicio\/sao-joao-de-alagoinhas-primeira-noite-da-vila-de-santo-antonio-esquenta-o-clima-na-cidade\/' class='whatsapp-button whatsapp-share'>WhatsApp<\/a><div class='clear '><\/div><\/div>","protected":false},"excerpt":{"rendered":"<p>A festa na Vila de Santo Ant\u00f4nio come\u00e7ou nesse s\u00e1bado, 14, e oficialmente deu in\u00edcio ao S\u00e3o Jo\u00e3o de Alagoinhas. Com bandeirolas, luzes, comidas e bebidas t\u00edpicas e um coreto como palco das atra\u00e7\u00f5es musicais, o espa\u00e7o foi cuidadosamente preparado para oferecer ao p\u00fablico uma experi\u00eancia da cultura e tradi\u00e7\u00e3o nordestinas. Logo na abertura, quem [&hellip;]<\/p>\n","protected":false},"author":1,"featured_media":42539,"comment_status":"closed","ping_status":"closed","sticky":false,"template":"","format":"standard","meta":{"om_disable_all_campaigns":false,"rop_custom_images_group":[],"rop_custom_messages_group":[],"rop_publish_now":"initial","rop_publish_now_accounts":[],"rop_publish_now_history":[],"rop_publish_now_status":"pending","_exactmetrics_skip_tracking":false,"footnotes":""},"categories":[38,167],"tags":[],"class_list":["post-42538","post","type-post","status-publish","format-standard","has-post-thumbnail","hentry","category-alagoinhas-e-regiao","category-exclusivas"],"aioseo_notices":[],"aioseo_head":"\n\t\t<!-- All in One SEO 4.9.10 - aioseo.com -->\n\t<meta name=\"description\" content=\"A festa na Vila de Santo Ant\u00f4nio come\u00e7ou nesse s\u00e1bado, 14, e oficialmente deu in\u00edcio ao S\u00e3o Jo\u00e3o de Alagoinhas. Com bandeirolas, luzes, comidas e bebidas t\u00edpicas e um coreto como palco das atra\u00e7\u00f5es musicais, o espa\u00e7o foi cuidadosamente preparado para oferecer ao p\u00fablico uma experi\u00eancia da cultura e tradi\u00e7\u00e3o nordestinas. Logo na abertura, quem\" \/>\n\t<meta name=\"robots\" content=\"max-image-preview:large\" \/>\n\t<meta name=\"author\" content=\"administrador\"\/>\n\t<link rel=\"canonical\" href=\"https:\/\/newsinfoco.com.br\/inicio\/sao-joao-de-alagoinhas-primeira-noite-da-vila-de-santo-antonio-esquenta-o-clima-na-cidade\/\" \/>\n\t<meta name=\"generator\" content=\"All in One SEO (AIOSEO) 4.9.10\" \/>\n\t\t<meta property=\"og:locale\" content=\"pt_BR\" \/>\n\t\t<meta property=\"og:site_name\" content=\"News In Foco - Editado por Caio Pimenta - O principal site de noticias de Alagoinhas e regi\u00e3o\" \/>\n\t\t<meta property=\"og:type\" content=\"article\" \/>\n\t\t<meta property=\"og:title\" content=\"S\u00e3o Jo\u00e3o de Alagoinhas: primeira noite da Vila de Santo Ant\u00f4nio esquenta o clima na cidade - News In Foco - Editado por Caio Pimenta\" \/>\n\t\t<meta property=\"og:description\" content=\"A festa na Vila de Santo Ant\u00f4nio come\u00e7ou nesse s\u00e1bado, 14, e oficialmente deu in\u00edcio ao S\u00e3o Jo\u00e3o de Alagoinhas. Com bandeirolas, luzes, comidas e bebidas t\u00edpicas e um coreto como palco das atra\u00e7\u00f5es musicais, o espa\u00e7o foi cuidadosamente preparado para oferecer ao p\u00fablico uma experi\u00eancia da cultura e tradi\u00e7\u00e3o nordestinas. Logo na abertura, quem\" \/>\n\t\t<meta property=\"og:url\" content=\"https:\/\/newsinfoco.com.br\/inicio\/sao-joao-de-alagoinhas-primeira-noite-da-vila-de-santo-antonio-esquenta-o-clima-na-cidade\/\" \/>\n\t\t<meta property=\"article:published_time\" content=\"2025-06-15T12:27:58+00:00\" \/>\n\t\t<meta property=\"article:modified_time\" content=\"2025-06-15T12:27:58+00:00\" \/>\n\t\t<meta name=\"twitter:card\" content=\"summary_large_image\" \/>\n\t\t<meta name=\"twitter:title\" content=\"S\u00e3o Jo\u00e3o de Alagoinhas: primeira noite da Vila de Santo Ant\u00f4nio esquenta o clima na cidade - News In Foco - Editado por Caio Pimenta\" \/>\n\t\t<meta name=\"twitter:description\" content=\"A festa na Vila de Santo Ant\u00f4nio come\u00e7ou nesse s\u00e1bado, 14, e oficialmente deu in\u00edcio ao S\u00e3o Jo\u00e3o de Alagoinhas. Com bandeirolas, luzes, comidas e bebidas t\u00edpicas e um coreto como palco das atra\u00e7\u00f5es musicais, o espa\u00e7o foi cuidadosamente preparado para oferecer ao p\u00fablico uma experi\u00eancia da cultura e tradi\u00e7\u00e3o nordestinas. Logo na abertura, quem\" \/>\n\t\t<script type=\"application\/ld+json\" class=\"aioseo-schema\">\n\t\t\t{\"@context\":\"https:\\\/\\\/schema.org\",\"@graph\":[{\"@type\":\"BlogPosting\",\"@id\":\"https:\\\/\\\/newsinfoco.com.br\\\/inicio\\\/sao-joao-de-alagoinhas-primeira-noite-da-vila-de-santo-antonio-esquenta-o-clima-na-cidade\\\/#blogposting\",\"name\":\"S\\u00e3o Jo\\u00e3o de Alagoinhas: primeira noite da Vila de Santo Ant\\u00f4nio esquenta o clima na cidade - News In Foco - Editado por Caio Pimenta\",\"headline\":\"S\\u00e3o Jo\\u00e3o de Alagoinhas: primeira noite da Vila de Santo Ant\\u00f4nio esquenta o clima na cidade\",\"author\":{\"@id\":\"https:\\\/\\\/newsinfoco.com.br\\\/inicio\\\/author\\\/administrador\\\/#author\"},\"publisher\":{\"@id\":\"https:\\\/\\\/newsinfoco.com.br\\\/inicio\\\/#organization\"},\"image\":{\"@type\":\"ImageObject\",\"url\":\"https:\\\/\\\/newsinfoco.com.br\\\/inicio\\\/wp-content\\\/uploads\\\/2025\\\/06\\\/IMG-20250615-WA0047.jpg\",\"width\":1600,\"height\":1093},\"datePublished\":\"2025-06-15T09:27:58-03:00\",\"dateModified\":\"2025-06-15T09:27:58-03:00\",\"inLanguage\":\"pt-BR\",\"mainEntityOfPage\":{\"@id\":\"https:\\\/\\\/newsinfoco.com.br\\\/inicio\\\/sao-joao-de-alagoinhas-primeira-noite-da-vila-de-santo-antonio-esquenta-o-clima-na-cidade\\\/#webpage\"},\"isPartOf\":{\"@id\":\"https:\\\/\\\/newsinfoco.com.br\\\/inicio\\\/sao-joao-de-alagoinhas-primeira-noite-da-vila-de-santo-antonio-esquenta-o-clima-na-cidade\\\/#webpage\"},\"articleSection\":\"Alagoinhas e Regi\\u00e3o, Manchete\"},{\"@type\":\"BreadcrumbList\",\"@id\":\"https:\\\/\\\/newsinfoco.com.br\\\/inicio\\\/sao-joao-de-alagoinhas-primeira-noite-da-vila-de-santo-antonio-esquenta-o-clima-na-cidade\\\/#breadcrumblist\",\"itemListElement\":[{\"@type\":\"ListItem\",\"@id\":\"https:\\\/\\\/newsinfoco.com.br\\\/inicio#listItem\",\"position\":1,\"name\":\"In\\u00edcio\",\"item\":\"https:\\\/\\\/newsinfoco.com.br\\\/inicio\",\"nextItem\":{\"@type\":\"ListItem\",\"@id\":\"https:\\\/\\\/newsinfoco.com.br\\\/inicio\\\/category\\\/alagoinhas-e-regiao\\\/#listItem\",\"name\":\"Alagoinhas e Regi\\u00e3o\"}},{\"@type\":\"ListItem\",\"@id\":\"https:\\\/\\\/newsinfoco.com.br\\\/inicio\\\/category\\\/alagoinhas-e-regiao\\\/#listItem\",\"position\":2,\"name\":\"Alagoinhas e Regi\\u00e3o\",\"item\":\"https:\\\/\\\/newsinfoco.com.br\\\/inicio\\\/category\\\/alagoinhas-e-regiao\\\/\",\"nextItem\":{\"@type\":\"ListItem\",\"@id\":\"https:\\\/\\\/newsinfoco.com.br\\\/inicio\\\/sao-joao-de-alagoinhas-primeira-noite-da-vila-de-santo-antonio-esquenta-o-clima-na-cidade\\\/#listItem\",\"name\":\"S\\u00e3o Jo\\u00e3o de Alagoinhas: primeira noite da Vila de Santo Ant\\u00f4nio esquenta o clima na cidade\"},\"previousItem\":{\"@type\":\"ListItem\",\"@id\":\"https:\\\/\\\/newsinfoco.com.br\\\/inicio#listItem\",\"name\":\"In\\u00edcio\"}},{\"@type\":\"ListItem\",\"@id\":\"https:\\\/\\\/newsinfoco.com.br\\\/inicio\\\/sao-joao-de-alagoinhas-primeira-noite-da-vila-de-santo-antonio-esquenta-o-clima-na-cidade\\\/#listItem\",\"position\":3,\"name\":\"S\\u00e3o Jo\\u00e3o de Alagoinhas: primeira noite da Vila de Santo Ant\\u00f4nio esquenta o clima na cidade\",\"previousItem\":{\"@type\":\"ListItem\",\"@id\":\"https:\\\/\\\/newsinfoco.com.br\\\/inicio\\\/category\\\/alagoinhas-e-regiao\\\/#listItem\",\"name\":\"Alagoinhas e Regi\\u00e3o\"}}]},{\"@type\":\"Organization\",\"@id\":\"https:\\\/\\\/newsinfoco.com.br\\\/inicio\\\/#organization\",\"name\":\"News In Foco - Editado por Caio Pimenta\",\"description\":\"O principal site de noticias de Alagoinhas e regi\\u00e3o\",\"url\":\"https:\\\/\\\/newsinfoco.com.br\\\/inicio\\\/\"},{\"@type\":\"Person\",\"@id\":\"https:\\\/\\\/newsinfoco.com.br\\\/inicio\\\/author\\\/administrador\\\/#author\",\"url\":\"https:\\\/\\\/newsinfoco.com.br\\\/inicio\\\/author\\\/administrador\\\/\",\"name\":\"administrador\",\"image\":{\"@type\":\"ImageObject\",\"@id\":\"https:\\\/\\\/newsinfoco.com.br\\\/inicio\\\/sao-joao-de-alagoinhas-primeira-noite-da-vila-de-santo-antonio-esquenta-o-clima-na-cidade\\\/#authorImage\",\"url\":\"https:\\\/\\\/secure.gravatar.com\\\/avatar\\\/c17a617433de8c1dc9584bb79aab7563b46f5bb7e1728c9b17d9cc3ce6a08e49?s=96&d=mm&r=g\",\"width\":96,\"height\":96,\"caption\":\"administrador\"}},{\"@type\":\"WebPage\",\"@id\":\"https:\\\/\\\/newsinfoco.com.br\\\/inicio\\\/sao-joao-de-alagoinhas-primeira-noite-da-vila-de-santo-antonio-esquenta-o-clima-na-cidade\\\/#webpage\",\"url\":\"https:\\\/\\\/newsinfoco.com.br\\\/inicio\\\/sao-joao-de-alagoinhas-primeira-noite-da-vila-de-santo-antonio-esquenta-o-clima-na-cidade\\\/\",\"name\":\"S\\u00e3o Jo\\u00e3o de Alagoinhas: primeira noite da Vila de Santo Ant\\u00f4nio esquenta o clima na cidade - News In Foco - Editado por Caio Pimenta\",\"description\":\"A festa na Vila de Santo Ant\\u00f4nio come\\u00e7ou nesse s\\u00e1bado, 14, e oficialmente deu in\\u00edcio ao S\\u00e3o Jo\\u00e3o de Alagoinhas. Com bandeirolas, luzes, comidas e bebidas t\\u00edpicas e um coreto como palco das atra\\u00e7\\u00f5es musicais, o espa\\u00e7o foi cuidadosamente preparado para oferecer ao p\\u00fablico uma experi\\u00eancia da cultura e tradi\\u00e7\\u00e3o nordestinas. Logo na abertura, quem\",\"inLanguage\":\"pt-BR\",\"isPartOf\":{\"@id\":\"https:\\\/\\\/newsinfoco.com.br\\\/inicio\\\/#website\"},\"breadcrumb\":{\"@id\":\"https:\\\/\\\/newsinfoco.com.br\\\/inicio\\\/sao-joao-de-alagoinhas-primeira-noite-da-vila-de-santo-antonio-esquenta-o-clima-na-cidade\\\/#breadcrumblist\"},\"author\":{\"@id\":\"https:\\\/\\\/newsinfoco.com.br\\\/inicio\\\/author\\\/administrador\\\/#author\"},\"creator\":{\"@id\":\"https:\\\/\\\/newsinfoco.com.br\\\/inicio\\\/author\\\/administrador\\\/#author\"},\"image\":{\"@type\":\"ImageObject\",\"url\":\"https:\\\/\\\/newsinfoco.com.br\\\/inicio\\\/wp-content\\\/uploads\\\/2025\\\/06\\\/IMG-20250615-WA0047.jpg\",\"@id\":\"https:\\\/\\\/newsinfoco.com.br\\\/inicio\\\/sao-joao-de-alagoinhas-primeira-noite-da-vila-de-santo-antonio-esquenta-o-clima-na-cidade\\\/#mainImage\",\"width\":1600,\"height\":1093},\"primaryImageOfPage\":{\"@id\":\"https:\\\/\\\/newsinfoco.com.br\\\/inicio\\\/sao-joao-de-alagoinhas-primeira-noite-da-vila-de-santo-antonio-esquenta-o-clima-na-cidade\\\/#mainImage\"},\"datePublished\":\"2025-06-15T09:27:58-03:00\",\"dateModified\":\"2025-06-15T09:27:58-03:00\"},{\"@type\":\"WebSite\",\"@id\":\"https:\\\/\\\/newsinfoco.com.br\\\/inicio\\\/#website\",\"url\":\"https:\\\/\\\/newsinfoco.com.br\\\/inicio\\\/\",\"name\":\"News In Foco - Editado por Caio Pimenta\",\"description\":\"O principal site de noticias de Alagoinhas e regi\\u00e3o\",\"inLanguage\":\"pt-BR\",\"publisher\":{\"@id\":\"https:\\\/\\\/newsinfoco.com.br\\\/inicio\\\/#organization\"}}]}\n\t\t<\/script>\n\t\t<!-- All in One SEO -->\n\n","aioseo_head_json":{"title":"S\u00e3o Jo\u00e3o de Alagoinhas: primeira noite da Vila de Santo Ant\u00f4nio esquenta o clima na cidade - News In Foco - Editado por Caio Pimenta","description":"A festa na Vila de Santo Ant\u00f4nio come\u00e7ou nesse s\u00e1bado, 14, e oficialmente deu in\u00edcio ao S\u00e3o Jo\u00e3o de Alagoinhas. Com bandeirolas, luzes, comidas e bebidas t\u00edpicas e um coreto como palco das atra\u00e7\u00f5es musicais, o espa\u00e7o foi cuidadosamente preparado para oferecer ao p\u00fablico uma experi\u00eancia da cultura e tradi\u00e7\u00e3o nordestinas. Logo na abertura, quem","canonical_url":"https:\/\/newsinfoco.com.br\/inicio\/sao-joao-de-alagoinhas-primeira-noite-da-vila-de-santo-antonio-esquenta-o-clima-na-cidade\/","robots":"max-image-preview:large","keywords":"","webmasterTools":{"miscellaneous":""},"schema":{"@context":"https:\/\/schema.org","@graph":[{"@type":"BlogPosting","@id":"https:\/\/newsinfoco.com.br\/inicio\/sao-joao-de-alagoinhas-primeira-noite-da-vila-de-santo-antonio-esquenta-o-clima-na-cidade\/#blogposting","name":"S\u00e3o Jo\u00e3o de Alagoinhas: primeira noite da Vila de Santo Ant\u00f4nio esquenta o clima na cidade - News In Foco - Editado por Caio Pimenta","headline":"S\u00e3o Jo\u00e3o de Alagoinhas: primeira noite da Vila de Santo Ant\u00f4nio esquenta o clima na cidade","author":{"@id":"https:\/\/newsinfoco.com.br\/inicio\/author\/administrador\/#author"},"publisher":{"@id":"https:\/\/newsinfoco.com.br\/inicio\/#organization"},"image":{"@type":"ImageObject","url":"https:\/\/newsinfoco.com.br\/inicio\/wp-content\/uploads\/2025\/06\/IMG-20250615-WA0047.jpg","width":1600,"height":1093},"datePublished":"2025-06-15T09:27:58-03:00","dateModified":"2025-06-15T09:27:58-03:00","inLanguage":"pt-BR","mainEntityOfPage":{"@id":"https:\/\/newsinfoco.com.br\/inicio\/sao-joao-de-alagoinhas-primeira-noite-da-vila-de-santo-antonio-esquenta-o-clima-na-cidade\/#webpage"},"isPartOf":{"@id":"https:\/\/newsinfoco.com.br\/inicio\/sao-joao-de-alagoinhas-primeira-noite-da-vila-de-santo-antonio-esquenta-o-clima-na-cidade\/#webpage"},"articleSection":"Alagoinhas e Regi\u00e3o, Manchete"},{"@type":"BreadcrumbList","@id":"https:\/\/newsinfoco.com.br\/inicio\/sao-joao-de-alagoinhas-primeira-noite-da-vila-de-santo-antonio-esquenta-o-clima-na-cidade\/#breadcrumblist","itemListElement":[{"@type":"ListItem","@id":"https:\/\/newsinfoco.com.br\/inicio#listItem","position":1,"name":"In\u00edcio","item":"https:\/\/newsinfoco.com.br\/inicio","nextItem":{"@type":"ListItem","@id":"https:\/\/newsinfoco.com.br\/inicio\/category\/alagoinhas-e-regiao\/#listItem","name":"Alagoinhas e Regi\u00e3o"}},{"@type":"ListItem","@id":"https:\/\/newsinfoco.com.br\/inicio\/category\/alagoinhas-e-regiao\/#listItem","position":2,"name":"Alagoinhas e Regi\u00e3o","item":"https:\/\/newsinfoco.com.br\/inicio\/category\/alagoinhas-e-regiao\/","nextItem":{"@type":"ListItem","@id":"https:\/\/newsinfoco.com.br\/inicio\/sao-joao-de-alagoinhas-primeira-noite-da-vila-de-santo-antonio-esquenta-o-clima-na-cidade\/#listItem","name":"S\u00e3o Jo\u00e3o de Alagoinhas: primeira noite da Vila de Santo Ant\u00f4nio esquenta o clima na cidade"},"previousItem":{"@type":"ListItem","@id":"https:\/\/newsinfoco.com.br\/inicio#listItem","name":"In\u00edcio"}},{"@type":"ListItem","@id":"https:\/\/newsinfoco.com.br\/inicio\/sao-joao-de-alagoinhas-primeira-noite-da-vila-de-santo-antonio-esquenta-o-clima-na-cidade\/#listItem","position":3,"name":"S\u00e3o Jo\u00e3o de Alagoinhas: primeira noite da Vila de Santo Ant\u00f4nio esquenta o clima na cidade","previousItem":{"@type":"ListItem","@id":"https:\/\/newsinfoco.com.br\/inicio\/category\/alagoinhas-e-regiao\/#listItem","name":"Alagoinhas e Regi\u00e3o"}}]},{"@type":"Organization","@id":"https:\/\/newsinfoco.com.br\/inicio\/#organization","name":"News In Foco - Editado por Caio Pimenta","description":"O principal site de noticias de Alagoinhas e regi\u00e3o","url":"https:\/\/newsinfoco.com.br\/inicio\/"},{"@type":"Person","@id":"https:\/\/newsinfoco.com.br\/inicio\/author\/administrador\/#author","url":"https:\/\/newsinfoco.com.br\/inicio\/author\/administrador\/","name":"administrador","image":{"@type":"ImageObject","@id":"https:\/\/newsinfoco.com.br\/inicio\/sao-joao-de-alagoinhas-primeira-noite-da-vila-de-santo-antonio-esquenta-o-clima-na-cidade\/#authorImage","url":"https:\/\/secure.gravatar.com\/avatar\/c17a617433de8c1dc9584bb79aab7563b46f5bb7e1728c9b17d9cc3ce6a08e49?s=96&d=mm&r=g","width":96,"height":96,"caption":"administrador"}},{"@type":"WebPage","@id":"https:\/\/newsinfoco.com.br\/inicio\/sao-joao-de-alagoinhas-primeira-noite-da-vila-de-santo-antonio-esquenta-o-clima-na-cidade\/#webpage","url":"https:\/\/newsinfoco.com.br\/inicio\/sao-joao-de-alagoinhas-primeira-noite-da-vila-de-santo-antonio-esquenta-o-clima-na-cidade\/","name":"S\u00e3o Jo\u00e3o de Alagoinhas: primeira noite da Vila de Santo Ant\u00f4nio esquenta o clima na cidade - News In Foco - Editado por Caio Pimenta","description":"A festa na Vila de Santo Ant\u00f4nio come\u00e7ou nesse s\u00e1bado, 14, e oficialmente deu in\u00edcio ao S\u00e3o Jo\u00e3o de Alagoinhas. Com bandeirolas, luzes, comidas e bebidas t\u00edpicas e um coreto como palco das atra\u00e7\u00f5es musicais, o espa\u00e7o foi cuidadosamente preparado para oferecer ao p\u00fablico uma experi\u00eancia da cultura e tradi\u00e7\u00e3o nordestinas. Logo na abertura, quem","inLanguage":"pt-BR","isPartOf":{"@id":"https:\/\/newsinfoco.com.br\/inicio\/#website"},"breadcrumb":{"@id":"https:\/\/newsinfoco.com.br\/inicio\/sao-joao-de-alagoinhas-primeira-noite-da-vila-de-santo-antonio-esquenta-o-clima-na-cidade\/#breadcrumblist"},"author":{"@id":"https:\/\/newsinfoco.com.br\/inicio\/author\/administrador\/#author"},"creator":{"@id":"https:\/\/newsinfoco.com.br\/inicio\/author\/administrador\/#author"},"image":{"@type":"ImageObject","url":"https:\/\/newsinfoco.com.br\/inicio\/wp-content\/uploads\/2025\/06\/IMG-20250615-WA0047.jpg","@id":"https:\/\/newsinfoco.com.br\/inicio\/sao-joao-de-alagoinhas-primeira-noite-da-vila-de-santo-antonio-esquenta-o-clima-na-cidade\/#mainImage","width":1600,"height":1093},"primaryImageOfPage":{"@id":"https:\/\/newsinfoco.com.br\/inicio\/sao-joao-de-alagoinhas-primeira-noite-da-vila-de-santo-antonio-esquenta-o-clima-na-cidade\/#mainImage"},"datePublished":"2025-06-15T09:27:58-03:00","dateModified":"2025-06-15T09:27:58-03:00"},{"@type":"WebSite","@id":"https:\/\/newsinfoco.com.br\/inicio\/#website","url":"https:\/\/newsinfoco.com.br\/inicio\/","name":"News In Foco - Editado por Caio Pimenta","description":"O principal site de noticias de Alagoinhas e regi\u00e3o","inLanguage":"pt-BR","publisher":{"@id":"https:\/\/newsinfoco.com.br\/inicio\/#organization"}}]},"og:locale":"pt_BR","og:site_name":"News In Foco - Editado por Caio Pimenta - O principal site de noticias de Alagoinhas e regi\u00e3o","og:type":"article","og:title":"S\u00e3o Jo\u00e3o de Alagoinhas: primeira noite da Vila de Santo Ant\u00f4nio esquenta o clima na cidade - News In Foco - Editado por Caio Pimenta","og:description":"A festa na Vila de Santo Ant\u00f4nio come\u00e7ou nesse s\u00e1bado, 14, e oficialmente deu in\u00edcio ao S\u00e3o Jo\u00e3o de Alagoinhas. Com bandeirolas, luzes, comidas e bebidas t\u00edpicas e um coreto como palco das atra\u00e7\u00f5es musicais, o espa\u00e7o foi cuidadosamente preparado para oferecer ao p\u00fablico uma experi\u00eancia da cultura e tradi\u00e7\u00e3o nordestinas. Logo na abertura, quem","og:url":"https:\/\/newsinfoco.com.br\/inicio\/sao-joao-de-alagoinhas-primeira-noite-da-vila-de-santo-antonio-esquenta-o-clima-na-cidade\/","article:published_time":"2025-06-15T12:27:58+00:00","article:modified_time":"2025-06-15T12:27:58+00:00","twitter:card":"summary_large_image","twitter:title":"S\u00e3o Jo\u00e3o de Alagoinhas: primeira noite da Vila de Santo Ant\u00f4nio esquenta o clima na cidade - News In Foco - Editado por Caio Pimenta","twitter:description":"A festa na Vila de Santo Ant\u00f4nio come\u00e7ou nesse s\u00e1bado, 14, e oficialmente deu in\u00edcio ao S\u00e3o Jo\u00e3o de Alagoinhas. Com bandeirolas, luzes, comidas e bebidas t\u00edpicas e um coreto como palco das atra\u00e7\u00f5es musicais, o espa\u00e7o foi cuidadosamente preparado para oferecer ao p\u00fablico uma experi\u00eancia da cultura e tradi\u00e7\u00e3o nordestinas. Logo na abertura, quem"},"aioseo_meta_data":{"post_id":"42538","title":null,"description":null,"keywords":null,"keyphrases":{"focus":{"keyphrase":"","score":0,"analysis":{"keyphraseInTitle":{"score":0,"maxScore":9,"error":1}}},"additional":[]},"primary_term":null,"canonical_url":null,"og_title":null,"og_description":null,"og_object_type":"default","og_image_type":"default","og_image_url":null,"og_image_width":null,"og_image_height":null,"og_image_custom_url":null,"og_image_custom_fields":null,"og_video":"","og_custom_url":null,"og_article_section":null,"og_article_tags":null,"twitter_use_og":false,"twitter_card":"default","twitter_image_type":"default","twitter_image_url":null,"twitter_image_custom_url":null,"twitter_image_custom_fields":null,"twitter_title":null,"twitter_description":null,"schema":{"blockGraphs":[],"customGraphs":[],"default":{"data":{"Article":[],"Course":[],"Dataset":[],"FAQPage":[],"Movie":[],"Person":[],"Product":[],"ProductReview":[],"Car":[],"Recipe":[],"Service":[],"SoftwareApplication":[],"WebPage":[]},"graphName":"BlogPosting","isEnabled":true},"graphs":[]},"schema_type":"default","schema_type_options":null,"pillar_content":false,"robots_default":true,"robots_noindex":false,"robots_noarchive":false,"robots_nosnippet":false,"robots_nofollow":false,"robots_noimageindex":false,"robots_noodp":false,"robots_notranslate":false,"robots_max_snippet":"-1","robots_max_videopreview":"-1","robots_max_imagepreview":"large","priority":null,"frequency":"default","local_seo":null,"breadcrumb_settings":null,"limit_modified_date":false,"ai":null,"created":"2025-06-15 12:27:58","updated":"2025-07-11 13:58:59","seo_analyzer_scan_date":null},"aioseo_breadcrumb":"<div class=\"aioseo-breadcrumbs\"><span class=\"aioseo-breadcrumb\">\n\t\t\t<a href=\"https:\/\/newsinfoco.com.br\/inicio\" title=\"In\u00edcio\">In\u00edcio<\/a>\n\t\t<\/span><span class=\"aioseo-breadcrumb-separator\">&raquo;<\/span><span class=\"aioseo-breadcrumb\">\n\t\t\t<a href=\"https:\/\/newsinfoco.com.br\/inicio\/category\/alagoinhas-e-regiao\/\" title=\"Alagoinhas e Regi\u00e3o\">Alagoinhas e Regi\u00e3o<\/a>\n\t\t<\/span><span class=\"aioseo-breadcrumb-separator\">&raquo;<\/span><span class=\"aioseo-breadcrumb\">\n\t\t\tS\u00e3o Jo\u00e3o de Alagoinhas: primeira noite da Vila de Santo Ant\u00f4nio esquenta o clima na cidade\n\t\t<\/span><\/div>","aioseo_breadcrumb_json":[{"label":"In\u00edcio","link":"https:\/\/newsinfoco.com.br\/inicio"},{"label":"Alagoinhas e Regi\u00e3o","link":"https:\/\/newsinfoco.com.br\/inicio\/category\/alagoinhas-e-regiao\/"},{"label":"S\u00e3o Jo\u00e3o de Alagoinhas: primeira noite da Vila de Santo Ant\u00f4nio esquenta o clima na cidade","link":"https:\/\/newsinfoco.com.br\/inicio\/sao-joao-de-alagoinhas-primeira-noite-da-vila-de-santo-antonio-esquenta-o-clima-na-cidade\/"}],"_links":{"self":[{"href":"https:\/\/newsinfoco.com.br\/inicio\/wp-json\/wp\/v2\/posts\/42538","targetHints":{"allow":["GET"]}}],"collection":[{"href":"https:\/\/newsinfoco.com.br\/inicio\/wp-json\/wp\/v2\/posts"}],"about":[{"href":"https:\/\/newsinfoco.com.br\/inicio\/wp-json\/wp\/v2\/types\/post"}],"author":[{"embeddable":true,"href":"https:\/\/newsinfoco.com.br\/inicio\/wp-json\/wp\/v2\/users\/1"}],"replies":[{"embeddable":true,"href":"https:\/\/newsinfoco.com.br\/inicio\/wp-json\/wp\/v2\/comments?post=42538"}],"version-history":[{"count":1,"href":"https:\/\/newsinfoco.com.br\/inicio\/wp-json\/wp\/v2\/posts\/42538\/revisions"}],"predecessor-version":[{"id":42540,"href":"https:\/\/newsinfoco.com.br\/inicio\/wp-json\/wp\/v2\/posts\/42538\/revisions\/42540"}],"wp:featuredmedia":[{"embeddable":true,"href":"https:\/\/newsinfoco.com.br\/inicio\/wp-json\/wp\/v2\/media\/42539"}],"wp:attachment":[{"href":"https:\/\/newsinfoco.com.br\/inicio\/wp-json\/wp\/v2\/media?parent=42538"}],"wp:term":[{"taxonomy":"category","embeddable":true,"href":"https:\/\/newsinfoco.com.br\/inicio\/wp-json\/wp\/v2\/categories?post=42538"},{"taxonomy":"post_tag","embeddable":true,"href":"https:\/\/newsinfoco.com.br\/inicio\/wp-json\/wp\/v2\/tags?post=42538"}],"curies":[{"name":"wp","href":"https:\/\/api.w.org\/{rel}","templated":true}]}}