{"id":42544,"date":"2025-06-17T15:16:14","date_gmt":"2025-06-17T18:16:14","guid":{"rendered":"https:\/\/newsinfoco.com.br\/inicio\/?p=42544"},"modified":"2025-06-17T15:16:14","modified_gmt":"2025-06-17T18:16:14","slug":"guarda-civil-municipal-de-alagoinhas-participa-de-palestra-com-promotora-de-justica-sobre-seguranca-publica","status":"publish","type":"post","link":"https:\/\/newsinfoco.com.br\/inicio\/guarda-civil-municipal-de-alagoinhas-participa-de-palestra-com-promotora-de-justica-sobre-seguranca-publica\/","title":{"rendered":"Guarda Civil Municipal de Alagoinhas participa de palestra com Promotora de Justi\u00e7a sobre seguran\u00e7a p\u00fablica"},"content":{"rendered":"<p>A Guarda Civil Municipal (GCM) de Alagoinhas participou de uma palestra com foco nos aspectos jur\u00eddicos e pr\u00e1ticos da atua\u00e7\u00e3o da corpora\u00e7\u00e3o no Sistema \u00danico de Seguran\u00e7a P\u00fablica. O evento, que ocorreu na manh\u00e3 desta ter\u00e7a-feira, 17, no audit\u00f3rio do Hotel Absolar, teve como palestrante a Promotora de Justi\u00e7a de Alagoinhas, Samara Oliveira.<\/p>\n<p>O encontro, realizado pela Secretaria de Mobilidade e Ordem P\u00fablica (Semorp), teve como objetivo aproximar o Minist\u00e9rio P\u00fablico (MP) da GCM e da atual gest\u00e3o municipal, al\u00e9m de oferecer orienta\u00e7\u00f5es t\u00e9cnicas e legais sobre o papel da Guarda dentro do sistema de seguran\u00e7a p\u00fablica.<\/p>\n<p>A promotora destacou a import\u00e2ncia desse di\u00e1logo institucional e da atua\u00e7\u00e3o integrada entre os \u00f3rg\u00e3os de fiscaliza\u00e7\u00e3o e as for\u00e7as de seguran\u00e7a.<\/p>\n<p>\u201cTratamos aqui da posi\u00e7\u00e3o da Guarda como integrante do sistema e do papel de fiscaliza\u00e7\u00e3o do Minist\u00e9rio P\u00fablico no \u00e2mbito do controle externo da atua\u00e7\u00e3o policial e dos demais integrantes da seguran\u00e7a p\u00fablica. Tamb\u00e9m discutimos posicionamentos jurisprudenciais, entendimentos consolidados ou em debate, que interferem diretamente na rotina da Guarda Municipal. \u00c9 essencial essa aproxima\u00e7\u00e3o para que possamos mostrar como funciona nosso dia a dia de fiscaliza\u00e7\u00e3o e o que se espera da atua\u00e7\u00e3o da corpora\u00e7\u00e3o\u201d, explicou Samara.<\/p>\n<p>A comandante da GCM, Silv\u00e2nia Soares, destacou a import\u00e2ncia do evento para o fortalecimento da atua\u00e7\u00e3o da Guarda: \u201cPara n\u00f3s, esse \u00e9 um momento muito importante porque vamos adquirir conhecimentos que vamos utilizar em nosso cotidiano, que vai refletir diretamente em nossa atua\u00e7\u00e3o. Consideramos tamb\u00e9m um reconhecimento de nosso trabalho\u201d.<\/p>\n<p>J\u00e1 o secret\u00e1rio Hilton Ribeiro, titular da Semorp, refor\u00e7ou que a iniciativa teve como objetivo principal promover uma aproxima\u00e7\u00e3o institucional com o Minist\u00e9rio P\u00fablico. \u201c\u00c9 fundamental que tenhamos essa converg\u00eancia. Precisamos desse momento de orienta\u00e7\u00e3o, para dar ao nosso efetivo o conhecimento necess\u00e1rio para uma boa atua\u00e7\u00e3o, dentro da legalidade e dos par\u00e2metros constitucionais. Nada melhor que um representante do Minist\u00e9rio P\u00fablico para conduzir essa palestra\u201d, afirmou.<\/p>\n<h5>Fotos: Roberto Fonseca\/Secom\/Alagoinhas<\/h5>\n<div class='share-to-whatsapp-wrapper'><div class='share-on-whsp'>Share on: <\/div><a data-text='Guarda Civil Municipal de Alagoinhas participa de palestra com Promotora de Justi\u00e7a sobre seguran\u00e7a p\u00fablica' data-link='https:\/\/newsinfoco.com.br\/inicio\/guarda-civil-municipal-de-alagoinhas-participa-de-palestra-com-promotora-de-justica-sobre-seguranca-publica\/' class='whatsapp-button whatsapp-share'>WhatsApp<\/a><div class='clear '><\/div><\/div>","protected":false},"excerpt":{"rendered":"<p>A Guarda Civil Municipal (GCM) de Alagoinhas participou de uma palestra com foco nos aspectos jur\u00eddicos e pr\u00e1ticos da atua\u00e7\u00e3o da corpora\u00e7\u00e3o no Sistema \u00danico de Seguran\u00e7a P\u00fablica. O evento, que ocorreu na manh\u00e3 desta ter\u00e7a-feira, 17, no audit\u00f3rio do Hotel Absolar, teve como palestrante a Promotora de Justi\u00e7a de Alagoinhas, Samara Oliveira. O encontro, [&hellip;]<\/p>\n","protected":false},"author":1,"featured_media":42545,"comment_status":"closed","ping_status":"closed","sticky":false,"template":"","format":"standard","meta":{"om_disable_all_campaigns":false,"rop_custom_images_group":[],"rop_custom_messages_group":[],"rop_publish_now":"initial","rop_publish_now_accounts":[],"rop_publish_now_history":[],"rop_publish_now_status":"pending","_exactmetrics_skip_tracking":false,"footnotes":""},"categories":[38,167],"tags":[],"class_list":["post-42544","post","type-post","status-publish","format-standard","has-post-thumbnail","hentry","category-alagoinhas-e-regiao","category-exclusivas"],"aioseo_notices":[],"aioseo_head":"\n\t\t<!-- All in One SEO 4.9.10 - aioseo.com -->\n\t<meta name=\"description\" content=\"A Guarda Civil Municipal (GCM) de Alagoinhas participou de uma palestra com foco nos aspectos jur\u00eddicos e pr\u00e1ticos da atua\u00e7\u00e3o da corpora\u00e7\u00e3o no Sistema \u00danico de Seguran\u00e7a P\u00fablica. O evento, que ocorreu na manh\u00e3 desta ter\u00e7a-feira, 17, no audit\u00f3rio do Hotel Absolar, teve como palestrante a Promotora de Justi\u00e7a de Alagoinhas, Samara Oliveira. O encontro,\" \/>\n\t<meta name=\"robots\" content=\"max-image-preview:large\" \/>\n\t<meta name=\"author\" content=\"administrador\"\/>\n\t<link rel=\"canonical\" href=\"https:\/\/newsinfoco.com.br\/inicio\/guarda-civil-municipal-de-alagoinhas-participa-de-palestra-com-promotora-de-justica-sobre-seguranca-publica\/\" \/>\n\t<meta name=\"generator\" content=\"All in One SEO (AIOSEO) 4.9.10\" \/>\n\t\t<meta property=\"og:locale\" content=\"pt_BR\" \/>\n\t\t<meta property=\"og:site_name\" content=\"News In Foco - Editado por Caio Pimenta - O principal site de noticias de Alagoinhas e regi\u00e3o\" \/>\n\t\t<meta property=\"og:type\" content=\"article\" \/>\n\t\t<meta property=\"og:title\" content=\"Guarda Civil Municipal de Alagoinhas participa de palestra com Promotora de Justi\u00e7a sobre seguran\u00e7a p\u00fablica - News In Foco - Editado por Caio Pimenta\" \/>\n\t\t<meta property=\"og:description\" content=\"A Guarda Civil Municipal (GCM) de Alagoinhas participou de uma palestra com foco nos aspectos jur\u00eddicos e pr\u00e1ticos da atua\u00e7\u00e3o da corpora\u00e7\u00e3o no Sistema \u00danico de Seguran\u00e7a P\u00fablica. O evento, que ocorreu na manh\u00e3 desta ter\u00e7a-feira, 17, no audit\u00f3rio do Hotel Absolar, teve como palestrante a Promotora de Justi\u00e7a de Alagoinhas, Samara Oliveira. O encontro,\" \/>\n\t\t<meta property=\"og:url\" content=\"https:\/\/newsinfoco.com.br\/inicio\/guarda-civil-municipal-de-alagoinhas-participa-de-palestra-com-promotora-de-justica-sobre-seguranca-publica\/\" \/>\n\t\t<meta property=\"article:published_time\" content=\"2025-06-17T18:16:14+00:00\" \/>\n\t\t<meta property=\"article:modified_time\" content=\"2025-06-17T18:16:14+00:00\" \/>\n\t\t<meta name=\"twitter:card\" content=\"summary_large_image\" \/>\n\t\t<meta name=\"twitter:title\" content=\"Guarda Civil Municipal de Alagoinhas participa de palestra com Promotora de Justi\u00e7a sobre seguran\u00e7a p\u00fablica - News In Foco - Editado por Caio Pimenta\" \/>\n\t\t<meta name=\"twitter:description\" content=\"A Guarda Civil Municipal (GCM) de Alagoinhas participou de uma palestra com foco nos aspectos jur\u00eddicos e pr\u00e1ticos da atua\u00e7\u00e3o da corpora\u00e7\u00e3o no Sistema \u00danico de Seguran\u00e7a P\u00fablica. O evento, que ocorreu na manh\u00e3 desta ter\u00e7a-feira, 17, no audit\u00f3rio do Hotel Absolar, teve como palestrante a Promotora de Justi\u00e7a de Alagoinhas, Samara Oliveira. O encontro,\" \/>\n\t\t<script type=\"application\/ld+json\" class=\"aioseo-schema\">\n\t\t\t{\"@context\":\"https:\\\/\\\/schema.org\",\"@graph\":[{\"@type\":\"BlogPosting\",\"@id\":\"https:\\\/\\\/newsinfoco.com.br\\\/inicio\\\/guarda-civil-municipal-de-alagoinhas-participa-de-palestra-com-promotora-de-justica-sobre-seguranca-publica\\\/#blogposting\",\"name\":\"Guarda Civil Municipal de Alagoinhas participa de palestra com Promotora de Justi\\u00e7a sobre seguran\\u00e7a p\\u00fablica - News In Foco - Editado por Caio Pimenta\",\"headline\":\"Guarda Civil Municipal de Alagoinhas participa de palestra com Promotora de Justi\\u00e7a sobre seguran\\u00e7a p\\u00fablica\",\"author\":{\"@id\":\"https:\\\/\\\/newsinfoco.com.br\\\/inicio\\\/author\\\/administrador\\\/#author\"},\"publisher\":{\"@id\":\"https:\\\/\\\/newsinfoco.com.br\\\/inicio\\\/#organization\"},\"image\":{\"@type\":\"ImageObject\",\"url\":\"https:\\\/\\\/newsinfoco.com.br\\\/inicio\\\/wp-content\\\/uploads\\\/2025\\\/06\\\/253e3af5-66ee-4483-801d-9f35e2f4d5cf.jpeg\",\"width\":1600,\"height\":1066},\"datePublished\":\"2025-06-17T15:16:14-03:00\",\"dateModified\":\"2025-06-17T15:16:14-03:00\",\"inLanguage\":\"pt-BR\",\"mainEntityOfPage\":{\"@id\":\"https:\\\/\\\/newsinfoco.com.br\\\/inicio\\\/guarda-civil-municipal-de-alagoinhas-participa-de-palestra-com-promotora-de-justica-sobre-seguranca-publica\\\/#webpage\"},\"isPartOf\":{\"@id\":\"https:\\\/\\\/newsinfoco.com.br\\\/inicio\\\/guarda-civil-municipal-de-alagoinhas-participa-de-palestra-com-promotora-de-justica-sobre-seguranca-publica\\\/#webpage\"},\"articleSection\":\"Alagoinhas e Regi\\u00e3o, Manchete\"},{\"@type\":\"BreadcrumbList\",\"@id\":\"https:\\\/\\\/newsinfoco.com.br\\\/inicio\\\/guarda-civil-municipal-de-alagoinhas-participa-de-palestra-com-promotora-de-justica-sobre-seguranca-publica\\\/#breadcrumblist\",\"itemListElement\":[{\"@type\":\"ListItem\",\"@id\":\"https:\\\/\\\/newsinfoco.com.br\\\/inicio#listItem\",\"position\":1,\"name\":\"In\\u00edcio\",\"item\":\"https:\\\/\\\/newsinfoco.com.br\\\/inicio\",\"nextItem\":{\"@type\":\"ListItem\",\"@id\":\"https:\\\/\\\/newsinfoco.com.br\\\/inicio\\\/category\\\/alagoinhas-e-regiao\\\/#listItem\",\"name\":\"Alagoinhas e Regi\\u00e3o\"}},{\"@type\":\"ListItem\",\"@id\":\"https:\\\/\\\/newsinfoco.com.br\\\/inicio\\\/category\\\/alagoinhas-e-regiao\\\/#listItem\",\"position\":2,\"name\":\"Alagoinhas e Regi\\u00e3o\",\"item\":\"https:\\\/\\\/newsinfoco.com.br\\\/inicio\\\/category\\\/alagoinhas-e-regiao\\\/\",\"nextItem\":{\"@type\":\"ListItem\",\"@id\":\"https:\\\/\\\/newsinfoco.com.br\\\/inicio\\\/guarda-civil-municipal-de-alagoinhas-participa-de-palestra-com-promotora-de-justica-sobre-seguranca-publica\\\/#listItem\",\"name\":\"Guarda Civil Municipal de Alagoinhas participa de palestra com Promotora de Justi\\u00e7a sobre seguran\\u00e7a p\\u00fablica\"},\"previousItem\":{\"@type\":\"ListItem\",\"@id\":\"https:\\\/\\\/newsinfoco.com.br\\\/inicio#listItem\",\"name\":\"In\\u00edcio\"}},{\"@type\":\"ListItem\",\"@id\":\"https:\\\/\\\/newsinfoco.com.br\\\/inicio\\\/guarda-civil-municipal-de-alagoinhas-participa-de-palestra-com-promotora-de-justica-sobre-seguranca-publica\\\/#listItem\",\"position\":3,\"name\":\"Guarda Civil Municipal de Alagoinhas participa de palestra com Promotora de Justi\\u00e7a sobre seguran\\u00e7a p\\u00fablica\",\"previousItem\":{\"@type\":\"ListItem\",\"@id\":\"https:\\\/\\\/newsinfoco.com.br\\\/inicio\\\/category\\\/alagoinhas-e-regiao\\\/#listItem\",\"name\":\"Alagoinhas e Regi\\u00e3o\"}}]},{\"@type\":\"Organization\",\"@id\":\"https:\\\/\\\/newsinfoco.com.br\\\/inicio\\\/#organization\",\"name\":\"News In Foco - Editado por Caio Pimenta\",\"description\":\"O principal site de noticias de Alagoinhas e regi\\u00e3o\",\"url\":\"https:\\\/\\\/newsinfoco.com.br\\\/inicio\\\/\"},{\"@type\":\"Person\",\"@id\":\"https:\\\/\\\/newsinfoco.com.br\\\/inicio\\\/author\\\/administrador\\\/#author\",\"url\":\"https:\\\/\\\/newsinfoco.com.br\\\/inicio\\\/author\\\/administrador\\\/\",\"name\":\"administrador\",\"image\":{\"@type\":\"ImageObject\",\"@id\":\"https:\\\/\\\/newsinfoco.com.br\\\/inicio\\\/guarda-civil-municipal-de-alagoinhas-participa-de-palestra-com-promotora-de-justica-sobre-seguranca-publica\\\/#authorImage\",\"url\":\"https:\\\/\\\/secure.gravatar.com\\\/avatar\\\/c17a617433de8c1dc9584bb79aab7563b46f5bb7e1728c9b17d9cc3ce6a08e49?s=96&d=mm&r=g\",\"width\":96,\"height\":96,\"caption\":\"administrador\"}},{\"@type\":\"WebPage\",\"@id\":\"https:\\\/\\\/newsinfoco.com.br\\\/inicio\\\/guarda-civil-municipal-de-alagoinhas-participa-de-palestra-com-promotora-de-justica-sobre-seguranca-publica\\\/#webpage\",\"url\":\"https:\\\/\\\/newsinfoco.com.br\\\/inicio\\\/guarda-civil-municipal-de-alagoinhas-participa-de-palestra-com-promotora-de-justica-sobre-seguranca-publica\\\/\",\"name\":\"Guarda Civil Municipal de Alagoinhas participa de palestra com Promotora de Justi\\u00e7a sobre seguran\\u00e7a p\\u00fablica - News In Foco - Editado por Caio Pimenta\",\"description\":\"A Guarda Civil Municipal (GCM) de Alagoinhas participou de uma palestra com foco nos aspectos jur\\u00eddicos e pr\\u00e1ticos da atua\\u00e7\\u00e3o da corpora\\u00e7\\u00e3o no Sistema \\u00danico de Seguran\\u00e7a P\\u00fablica. O evento, que ocorreu na manh\\u00e3 desta ter\\u00e7a-feira, 17, no audit\\u00f3rio do Hotel Absolar, teve como palestrante a Promotora de Justi\\u00e7a de Alagoinhas, Samara Oliveira. O encontro,\",\"inLanguage\":\"pt-BR\",\"isPartOf\":{\"@id\":\"https:\\\/\\\/newsinfoco.com.br\\\/inicio\\\/#website\"},\"breadcrumb\":{\"@id\":\"https:\\\/\\\/newsinfoco.com.br\\\/inicio\\\/guarda-civil-municipal-de-alagoinhas-participa-de-palestra-com-promotora-de-justica-sobre-seguranca-publica\\\/#breadcrumblist\"},\"author\":{\"@id\":\"https:\\\/\\\/newsinfoco.com.br\\\/inicio\\\/author\\\/administrador\\\/#author\"},\"creator\":{\"@id\":\"https:\\\/\\\/newsinfoco.com.br\\\/inicio\\\/author\\\/administrador\\\/#author\"},\"image\":{\"@type\":\"ImageObject\",\"url\":\"https:\\\/\\\/newsinfoco.com.br\\\/inicio\\\/wp-content\\\/uploads\\\/2025\\\/06\\\/253e3af5-66ee-4483-801d-9f35e2f4d5cf.jpeg\",\"@id\":\"https:\\\/\\\/newsinfoco.com.br\\\/inicio\\\/guarda-civil-municipal-de-alagoinhas-participa-de-palestra-com-promotora-de-justica-sobre-seguranca-publica\\\/#mainImage\",\"width\":1600,\"height\":1066},\"primaryImageOfPage\":{\"@id\":\"https:\\\/\\\/newsinfoco.com.br\\\/inicio\\\/guarda-civil-municipal-de-alagoinhas-participa-de-palestra-com-promotora-de-justica-sobre-seguranca-publica\\\/#mainImage\"},\"datePublished\":\"2025-06-17T15:16:14-03:00\",\"dateModified\":\"2025-06-17T15:16:14-03:00\"},{\"@type\":\"WebSite\",\"@id\":\"https:\\\/\\\/newsinfoco.com.br\\\/inicio\\\/#website\",\"url\":\"https:\\\/\\\/newsinfoco.com.br\\\/inicio\\\/\",\"name\":\"News In Foco - Editado por Caio Pimenta\",\"description\":\"O principal site de noticias de Alagoinhas e regi\\u00e3o\",\"inLanguage\":\"pt-BR\",\"publisher\":{\"@id\":\"https:\\\/\\\/newsinfoco.com.br\\\/inicio\\\/#organization\"}}]}\n\t\t<\/script>\n\t\t<!-- All in One SEO -->\n\n","aioseo_head_json":{"title":"Guarda Civil Municipal de Alagoinhas participa de palestra com Promotora de Justi\u00e7a sobre seguran\u00e7a p\u00fablica - News In Foco - Editado por Caio Pimenta","description":"A Guarda Civil Municipal (GCM) de Alagoinhas participou de uma palestra com foco nos aspectos jur\u00eddicos e pr\u00e1ticos da atua\u00e7\u00e3o da corpora\u00e7\u00e3o no Sistema \u00danico de Seguran\u00e7a P\u00fablica. O evento, que ocorreu na manh\u00e3 desta ter\u00e7a-feira, 17, no audit\u00f3rio do Hotel Absolar, teve como palestrante a Promotora de Justi\u00e7a de Alagoinhas, Samara Oliveira. O encontro,","canonical_url":"https:\/\/newsinfoco.com.br\/inicio\/guarda-civil-municipal-de-alagoinhas-participa-de-palestra-com-promotora-de-justica-sobre-seguranca-publica\/","robots":"max-image-preview:large","keywords":"","webmasterTools":{"miscellaneous":""},"schema":{"@context":"https:\/\/schema.org","@graph":[{"@type":"BlogPosting","@id":"https:\/\/newsinfoco.com.br\/inicio\/guarda-civil-municipal-de-alagoinhas-participa-de-palestra-com-promotora-de-justica-sobre-seguranca-publica\/#blogposting","name":"Guarda Civil Municipal de Alagoinhas participa de palestra com Promotora de Justi\u00e7a sobre seguran\u00e7a p\u00fablica - News In Foco - Editado por Caio Pimenta","headline":"Guarda Civil Municipal de Alagoinhas participa de palestra com Promotora de Justi\u00e7a sobre seguran\u00e7a p\u00fablica","author":{"@id":"https:\/\/newsinfoco.com.br\/inicio\/author\/administrador\/#author"},"publisher":{"@id":"https:\/\/newsinfoco.com.br\/inicio\/#organization"},"image":{"@type":"ImageObject","url":"https:\/\/newsinfoco.com.br\/inicio\/wp-content\/uploads\/2025\/06\/253e3af5-66ee-4483-801d-9f35e2f4d5cf.jpeg","width":1600,"height":1066},"datePublished":"2025-06-17T15:16:14-03:00","dateModified":"2025-06-17T15:16:14-03:00","inLanguage":"pt-BR","mainEntityOfPage":{"@id":"https:\/\/newsinfoco.com.br\/inicio\/guarda-civil-municipal-de-alagoinhas-participa-de-palestra-com-promotora-de-justica-sobre-seguranca-publica\/#webpage"},"isPartOf":{"@id":"https:\/\/newsinfoco.com.br\/inicio\/guarda-civil-municipal-de-alagoinhas-participa-de-palestra-com-promotora-de-justica-sobre-seguranca-publica\/#webpage"},"articleSection":"Alagoinhas e Regi\u00e3o, Manchete"},{"@type":"BreadcrumbList","@id":"https:\/\/newsinfoco.com.br\/inicio\/guarda-civil-municipal-de-alagoinhas-participa-de-palestra-com-promotora-de-justica-sobre-seguranca-publica\/#breadcrumblist","itemListElement":[{"@type":"ListItem","@id":"https:\/\/newsinfoco.com.br\/inicio#listItem","position":1,"name":"In\u00edcio","item":"https:\/\/newsinfoco.com.br\/inicio","nextItem":{"@type":"ListItem","@id":"https:\/\/newsinfoco.com.br\/inicio\/category\/alagoinhas-e-regiao\/#listItem","name":"Alagoinhas e Regi\u00e3o"}},{"@type":"ListItem","@id":"https:\/\/newsinfoco.com.br\/inicio\/category\/alagoinhas-e-regiao\/#listItem","position":2,"name":"Alagoinhas e Regi\u00e3o","item":"https:\/\/newsinfoco.com.br\/inicio\/category\/alagoinhas-e-regiao\/","nextItem":{"@type":"ListItem","@id":"https:\/\/newsinfoco.com.br\/inicio\/guarda-civil-municipal-de-alagoinhas-participa-de-palestra-com-promotora-de-justica-sobre-seguranca-publica\/#listItem","name":"Guarda Civil Municipal de Alagoinhas participa de palestra com Promotora de Justi\u00e7a sobre seguran\u00e7a p\u00fablica"},"previousItem":{"@type":"ListItem","@id":"https:\/\/newsinfoco.com.br\/inicio#listItem","name":"In\u00edcio"}},{"@type":"ListItem","@id":"https:\/\/newsinfoco.com.br\/inicio\/guarda-civil-municipal-de-alagoinhas-participa-de-palestra-com-promotora-de-justica-sobre-seguranca-publica\/#listItem","position":3,"name":"Guarda Civil Municipal de Alagoinhas participa de palestra com Promotora de Justi\u00e7a sobre seguran\u00e7a p\u00fablica","previousItem":{"@type":"ListItem","@id":"https:\/\/newsinfoco.com.br\/inicio\/category\/alagoinhas-e-regiao\/#listItem","name":"Alagoinhas e Regi\u00e3o"}}]},{"@type":"Organization","@id":"https:\/\/newsinfoco.com.br\/inicio\/#organization","name":"News In Foco - Editado por Caio Pimenta","description":"O principal site de noticias de Alagoinhas e regi\u00e3o","url":"https:\/\/newsinfoco.com.br\/inicio\/"},{"@type":"Person","@id":"https:\/\/newsinfoco.com.br\/inicio\/author\/administrador\/#author","url":"https:\/\/newsinfoco.com.br\/inicio\/author\/administrador\/","name":"administrador","image":{"@type":"ImageObject","@id":"https:\/\/newsinfoco.com.br\/inicio\/guarda-civil-municipal-de-alagoinhas-participa-de-palestra-com-promotora-de-justica-sobre-seguranca-publica\/#authorImage","url":"https:\/\/secure.gravatar.com\/avatar\/c17a617433de8c1dc9584bb79aab7563b46f5bb7e1728c9b17d9cc3ce6a08e49?s=96&d=mm&r=g","width":96,"height":96,"caption":"administrador"}},{"@type":"WebPage","@id":"https:\/\/newsinfoco.com.br\/inicio\/guarda-civil-municipal-de-alagoinhas-participa-de-palestra-com-promotora-de-justica-sobre-seguranca-publica\/#webpage","url":"https:\/\/newsinfoco.com.br\/inicio\/guarda-civil-municipal-de-alagoinhas-participa-de-palestra-com-promotora-de-justica-sobre-seguranca-publica\/","name":"Guarda Civil Municipal de Alagoinhas participa de palestra com Promotora de Justi\u00e7a sobre seguran\u00e7a p\u00fablica - News In Foco - Editado por Caio Pimenta","description":"A Guarda Civil Municipal (GCM) de Alagoinhas participou de uma palestra com foco nos aspectos jur\u00eddicos e pr\u00e1ticos da atua\u00e7\u00e3o da corpora\u00e7\u00e3o no Sistema \u00danico de Seguran\u00e7a P\u00fablica. O evento, que ocorreu na manh\u00e3 desta ter\u00e7a-feira, 17, no audit\u00f3rio do Hotel Absolar, teve como palestrante a Promotora de Justi\u00e7a de Alagoinhas, Samara Oliveira. O encontro,","inLanguage":"pt-BR","isPartOf":{"@id":"https:\/\/newsinfoco.com.br\/inicio\/#website"},"breadcrumb":{"@id":"https:\/\/newsinfoco.com.br\/inicio\/guarda-civil-municipal-de-alagoinhas-participa-de-palestra-com-promotora-de-justica-sobre-seguranca-publica\/#breadcrumblist"},"author":{"@id":"https:\/\/newsinfoco.com.br\/inicio\/author\/administrador\/#author"},"creator":{"@id":"https:\/\/newsinfoco.com.br\/inicio\/author\/administrador\/#author"},"image":{"@type":"ImageObject","url":"https:\/\/newsinfoco.com.br\/inicio\/wp-content\/uploads\/2025\/06\/253e3af5-66ee-4483-801d-9f35e2f4d5cf.jpeg","@id":"https:\/\/newsinfoco.com.br\/inicio\/guarda-civil-municipal-de-alagoinhas-participa-de-palestra-com-promotora-de-justica-sobre-seguranca-publica\/#mainImage","width":1600,"height":1066},"primaryImageOfPage":{"@id":"https:\/\/newsinfoco.com.br\/inicio\/guarda-civil-municipal-de-alagoinhas-participa-de-palestra-com-promotora-de-justica-sobre-seguranca-publica\/#mainImage"},"datePublished":"2025-06-17T15:16:14-03:00","dateModified":"2025-06-17T15:16:14-03:00"},{"@type":"WebSite","@id":"https:\/\/newsinfoco.com.br\/inicio\/#website","url":"https:\/\/newsinfoco.com.br\/inicio\/","name":"News In Foco - Editado por Caio Pimenta","description":"O principal site de noticias de Alagoinhas e regi\u00e3o","inLanguage":"pt-BR","publisher":{"@id":"https:\/\/newsinfoco.com.br\/inicio\/#organization"}}]},"og:locale":"pt_BR","og:site_name":"News In Foco - Editado por Caio Pimenta - O principal site de noticias de Alagoinhas e regi\u00e3o","og:type":"article","og:title":"Guarda Civil Municipal de Alagoinhas participa de palestra com Promotora de Justi\u00e7a sobre seguran\u00e7a p\u00fablica - News In Foco - Editado por Caio Pimenta","og:description":"A Guarda Civil Municipal (GCM) de Alagoinhas participou de uma palestra com foco nos aspectos jur\u00eddicos e pr\u00e1ticos da atua\u00e7\u00e3o da corpora\u00e7\u00e3o no Sistema \u00danico de Seguran\u00e7a P\u00fablica. O evento, que ocorreu na manh\u00e3 desta ter\u00e7a-feira, 17, no audit\u00f3rio do Hotel Absolar, teve como palestrante a Promotora de Justi\u00e7a de Alagoinhas, Samara Oliveira. O encontro,","og:url":"https:\/\/newsinfoco.com.br\/inicio\/guarda-civil-municipal-de-alagoinhas-participa-de-palestra-com-promotora-de-justica-sobre-seguranca-publica\/","article:published_time":"2025-06-17T18:16:14+00:00","article:modified_time":"2025-06-17T18:16:14+00:00","twitter:card":"summary_large_image","twitter:title":"Guarda Civil Municipal de Alagoinhas participa de palestra com Promotora de Justi\u00e7a sobre seguran\u00e7a p\u00fablica - News In Foco - Editado por Caio Pimenta","twitter:description":"A Guarda Civil Municipal (GCM) de Alagoinhas participou de uma palestra com foco nos aspectos jur\u00eddicos e pr\u00e1ticos da atua\u00e7\u00e3o da corpora\u00e7\u00e3o no Sistema \u00danico de Seguran\u00e7a P\u00fablica. O evento, que ocorreu na manh\u00e3 desta ter\u00e7a-feira, 17, no audit\u00f3rio do Hotel Absolar, teve como palestrante a Promotora de Justi\u00e7a de Alagoinhas, Samara Oliveira. O encontro,"},"aioseo_meta_data":{"post_id":"42544","title":null,"description":null,"keywords":null,"keyphrases":{"focus":{"keyphrase":"","score":0,"analysis":{"keyphraseInTitle":{"score":0,"maxScore":9,"error":1}}},"additional":[]},"primary_term":null,"canonical_url":null,"og_title":null,"og_description":null,"og_object_type":"default","og_image_type":"default","og_image_url":null,"og_image_width":null,"og_image_height":null,"og_image_custom_url":null,"og_image_custom_fields":null,"og_video":"","og_custom_url":null,"og_article_section":null,"og_article_tags":null,"twitter_use_og":false,"twitter_card":"default","twitter_image_type":"default","twitter_image_url":null,"twitter_image_custom_url":null,"twitter_image_custom_fields":null,"twitter_title":null,"twitter_description":null,"schema":{"blockGraphs":[],"customGraphs":[],"default":{"data":{"Article":[],"Course":[],"Dataset":[],"FAQPage":[],"Movie":[],"Person":[],"Product":[],"ProductReview":[],"Car":[],"Recipe":[],"Service":[],"SoftwareApplication":[],"WebPage":[]},"graphName":"BlogPosting","isEnabled":true},"graphs":[]},"schema_type":"default","schema_type_options":null,"pillar_content":false,"robots_default":true,"robots_noindex":false,"robots_noarchive":false,"robots_nosnippet":false,"robots_nofollow":false,"robots_noimageindex":false,"robots_noodp":false,"robots_notranslate":false,"robots_max_snippet":"-1","robots_max_videopreview":"-1","robots_max_imagepreview":"large","priority":null,"frequency":"default","local_seo":null,"breadcrumb_settings":null,"limit_modified_date":false,"ai":null,"created":"2025-06-17 18:16:14","updated":"2025-07-11 14:00:16","seo_analyzer_scan_date":null},"aioseo_breadcrumb":"<div class=\"aioseo-breadcrumbs\"><span class=\"aioseo-breadcrumb\">\n\t\t\t<a href=\"https:\/\/newsinfoco.com.br\/inicio\" title=\"In\u00edcio\">In\u00edcio<\/a>\n\t\t<\/span><span class=\"aioseo-breadcrumb-separator\">&raquo;<\/span><span class=\"aioseo-breadcrumb\">\n\t\t\t<a href=\"https:\/\/newsinfoco.com.br\/inicio\/category\/alagoinhas-e-regiao\/\" title=\"Alagoinhas e Regi\u00e3o\">Alagoinhas e Regi\u00e3o<\/a>\n\t\t<\/span><span class=\"aioseo-breadcrumb-separator\">&raquo;<\/span><span class=\"aioseo-breadcrumb\">\n\t\t\tGuarda Civil Municipal de Alagoinhas participa de palestra com Promotora de Justi\u00e7a sobre seguran\u00e7a p\u00fablica\n\t\t<\/span><\/div>","aioseo_breadcrumb_json":[{"label":"In\u00edcio","link":"https:\/\/newsinfoco.com.br\/inicio"},{"label":"Alagoinhas e Regi\u00e3o","link":"https:\/\/newsinfoco.com.br\/inicio\/category\/alagoinhas-e-regiao\/"},{"label":"Guarda Civil Municipal de Alagoinhas participa de palestra com Promotora de Justi\u00e7a sobre seguran\u00e7a p\u00fablica","link":"https:\/\/newsinfoco.com.br\/inicio\/guarda-civil-municipal-de-alagoinhas-participa-de-palestra-com-promotora-de-justica-sobre-seguranca-publica\/"}],"_links":{"self":[{"href":"https:\/\/newsinfoco.com.br\/inicio\/wp-json\/wp\/v2\/posts\/42544","targetHints":{"allow":["GET"]}}],"collection":[{"href":"https:\/\/newsinfoco.com.br\/inicio\/wp-json\/wp\/v2\/posts"}],"about":[{"href":"https:\/\/newsinfoco.com.br\/inicio\/wp-json\/wp\/v2\/types\/post"}],"author":[{"embeddable":true,"href":"https:\/\/newsinfoco.com.br\/inicio\/wp-json\/wp\/v2\/users\/1"}],"replies":[{"embeddable":true,"href":"https:\/\/newsinfoco.com.br\/inicio\/wp-json\/wp\/v2\/comments?post=42544"}],"version-history":[{"count":1,"href":"https:\/\/newsinfoco.com.br\/inicio\/wp-json\/wp\/v2\/posts\/42544\/revisions"}],"predecessor-version":[{"id":42546,"href":"https:\/\/newsinfoco.com.br\/inicio\/wp-json\/wp\/v2\/posts\/42544\/revisions\/42546"}],"wp:featuredmedia":[{"embeddable":true,"href":"https:\/\/newsinfoco.com.br\/inicio\/wp-json\/wp\/v2\/media\/42545"}],"wp:attachment":[{"href":"https:\/\/newsinfoco.com.br\/inicio\/wp-json\/wp\/v2\/media?parent=42544"}],"wp:term":[{"taxonomy":"category","embeddable":true,"href":"https:\/\/newsinfoco.com.br\/inicio\/wp-json\/wp\/v2\/categories?post=42544"},{"taxonomy":"post_tag","embeddable":true,"href":"https:\/\/newsinfoco.com.br\/inicio\/wp-json\/wp\/v2\/tags?post=42544"}],"curies":[{"name":"wp","href":"https:\/\/api.w.org\/{rel}","templated":true}]}}