{"id":42557,"date":"2025-06-17T15:58:54","date_gmt":"2025-06-17T18:58:54","guid":{"rendered":"https:\/\/newsinfoco.com.br\/inicio\/?p=42557"},"modified":"2025-06-17T15:58:54","modified_gmt":"2025-06-17T18:58:54","slug":"bolsonaro-volta-a-falar-em-perseguicao-apos-indiciamento-no-caso-da-abin-paralela","status":"publish","type":"post","link":"https:\/\/newsinfoco.com.br\/inicio\/bolsonaro-volta-a-falar-em-perseguicao-apos-indiciamento-no-caso-da-abin-paralela\/","title":{"rendered":"Bolsonaro volta a falar em persegui\u00e7\u00e3o ap\u00f3s indiciamento no caso da \u2018Abin paralela\u2019"},"content":{"rendered":"<p>&nbsp;<\/p>\n<p data-start=\"403\" data-end=\"630\">Ap\u00f3s ser indiciado pela Pol\u00edcia Federal no caso da chamada \u201cAbin paralela\u201d, o ex-presidente Jair Bolsonaro (PL) afirmou nesta ter\u00e7a-feira (17\/6) que duvida que exista algu\u00e9m no Brasil que tenha sido mais perseguido do que ele.<\/p>\n<p data-start=\"403\" data-end=\"630\">\u201cEu duvido que algu\u00e9m no Brasil foi mais perseguido do que eu. Mas vale a pena. Temos que enfrentar os desafios. N\u00f3s mexemos com o sistema. Um sistema podre, carcomido\u201d, disse Bolsonaro durante agenda p\u00fablica em Presidente Prudente, no interior de S\u00e3o Paulo.<\/p>\n<p data-start=\"894\" data-end=\"1236\">A declara\u00e7\u00e3o foi feita durante a Feira Internacional da Cadeia Produtiva da Carne (Feicorte), evento que contou tamb\u00e9m com a presen\u00e7a do governador de S\u00e3o Paulo, Tarc\u00edsio de Freitas (Republicanos), e de outras figuras pol\u00edticas paulistas, como o secret\u00e1rio de Governo, Gilberto Kassab (PSD), que foi elogiado por Bolsonaro durante o discurso.<\/p>\n<p data-start=\"1238\" data-end=\"1478\">Durante sua fala, o ex-presidente comparou nomes de sua gest\u00e3o com integrantes do atual governo Lula (PT), questionando a plateia: \u201cD\u00e1 para comparar Paulo Guedes com Haddad? Renan Filho com Tarc\u00edsio? D\u00e1 para comparar Janja com a Michelle?\u201d.<\/p>\n<p data-start=\"1480\" data-end=\"1707\">Al\u00e9m de Bolsonaro, participaram do evento o vice-governador de S\u00e3o Paulo, Fel\u00edcio Ramuth (PSD); o presidente da Assembleia Legislativa, Andr\u00e9 do Prado (PL); e o secret\u00e1rio estadual de Agricultura, Guilherme Piai (Republicanos).<\/p>\n<p data-start=\"1754\" data-end=\"2015\">A Pol\u00edcia Federal concluiu e enviou ao Supremo Tribunal Federal (STF) o inqu\u00e9rito que investigou a exist\u00eancia de uma estrutura ilegal de espionagem dentro da Ag\u00eancia Brasileira de Intelig\u00eancia (Abin), durante o governo Bolsonaro, conhecida como \u201cAbin paralela\u201d.<\/p>\n<p data-start=\"2017\" data-end=\"2074\">No relat\u00f3rio final, a PF indiciou 35 pessoas, entre elas:<\/p>\n<ul data-start=\"2075\" data-end=\"2293\">\n<li data-start=\"2075\" data-end=\"2113\">\n<p data-start=\"2077\" data-end=\"2113\">o ex-presidente Jair Bolsonaro (PL);<\/p>\n<\/li>\n<li data-start=\"2114\" data-end=\"2181\">\n<p data-start=\"2116\" data-end=\"2181\">o deputado federal Alexandre Ramagem (PL-RJ), ex-diretor da Abin;<\/p>\n<\/li>\n<li data-start=\"2182\" data-end=\"2244\">\n<p data-start=\"2184\" data-end=\"2244\">o vereador Carlos Bolsonaro (PL-RJ), filho do ex-presidente;<\/p>\n<\/li>\n<li data-start=\"2245\" data-end=\"2293\">\n<p data-start=\"2247\" data-end=\"2293\">o atual diretor da Abin, Luiz Fernando Corr\u00eaa.<\/p>\n<\/li>\n<\/ul>\n<p data-start=\"2295\" data-end=\"2632\">A investiga\u00e7\u00e3o apontou o uso da Abin para monitoramento de opositores pol\u00edticos entre 2019 e 2021. Segundo a PF, a espionagem era feita por meio do software israelense First Mile, que permite rastrear a localiza\u00e7\u00e3o de pessoas a partir de dados de antenas de telecomunica\u00e7\u00e3o. A ferramenta foi adquirida durante o governo Michel Temer.<\/p>\n<p data-start=\"2674\" data-end=\"2953\">A participa\u00e7\u00e3o de Bolsonaro ao lado de Tarc\u00edsio ocorre em meio a especula\u00e7\u00f5es sobre a elei\u00e7\u00e3o presidencial de 2026. Integrantes do grupo bolsonarista discutem a possibilidade de o governador paulista liderar a chapa como candidato \u00e0 Presid\u00eancia, com Michelle Bolsonaro como vice.<\/p>\n<div>\n<div>\n<div class=\"trv-player-container\">\n<div class=\"trv-wrapper\">\n<div id=\"br_video_player_528dfad6c6c806ff22b7c695f477b49dc3c659f9\" class=\"trvd_video_player trvdinstream\">\n<div class=\"media-player\">\n<div class=\"trv-video\">\n<div id=\"truvid_ima_container71417\" class=\"truvid_ima_container\">\n<div>\n<div>\n<div>\n<div class=\"conteudo_post\">\n<p data-start=\"2955\" data-end=\"3203\">Nos bastidores, aliados avaliam que, caso eleito, Tarc\u00edsio poderia conceder indulto ao ex-presidente, caso ele venha a ser condenado pelo STF. A presen\u00e7a de Michelle como vice elevaria a press\u00e3o nesse sentido, al\u00e9m de mobilizar a base bolsonarista.<\/p>\n<p data-start=\"3205\" data-end=\"3527\" data-is-last-node=\"\" data-is-only-node=\"\">Segundo interlocutores pr\u00f3ximos a Tarc\u00edsio, o governador \u00e9 \u201cextremamente leal\u201d a Bolsonaro e estaria disposto a seguir todas as orienta\u00e7\u00f5es do ex-presidente para 2026. Publicamente, no entanto, Tarc\u00edsio continua afirmando que disputar\u00e1 a reelei\u00e7\u00e3o ao governo paulista e que Bolsonaro \u00e9 seu candidato natural \u00e0 Presid\u00eancia.<\/p>\n<\/div>\n<div id=\"div-share\">Bahia.Ba<\/div>\n<\/div>\n<\/div>\n<\/div>\n<\/div>\n<\/div>\n<\/div>\n<\/div>\n<\/div>\n<\/div>\n<\/div>\n<\/div>\n<div class='share-to-whatsapp-wrapper'><div class='share-on-whsp'>Share on: <\/div><a data-text='Bolsonaro volta a falar em persegui\u00e7\u00e3o ap\u00f3s indiciamento no caso da \u2018Abin paralela\u2019' data-link='https:\/\/newsinfoco.com.br\/inicio\/bolsonaro-volta-a-falar-em-perseguicao-apos-indiciamento-no-caso-da-abin-paralela\/' class='whatsapp-button whatsapp-share'>WhatsApp<\/a><div class='clear '><\/div><\/div>","protected":false},"excerpt":{"rendered":"<p>&nbsp; Ap\u00f3s ser indiciado pela Pol\u00edcia Federal no caso da chamada \u201cAbin paralela\u201d, o ex-presidente Jair Bolsonaro (PL) afirmou nesta ter\u00e7a-feira (17\/6) que duvida que exista algu\u00e9m no Brasil que tenha sido mais perseguido do que ele. \u201cEu duvido que algu\u00e9m no Brasil foi mais perseguido do que eu. Mas vale a pena. Temos que [&hellip;]<\/p>\n","protected":false},"author":1,"featured_media":42558,"comment_status":"closed","ping_status":"closed","sticky":false,"template":"","format":"standard","meta":{"om_disable_all_campaigns":false,"rop_custom_images_group":[],"rop_custom_messages_group":[],"rop_publish_now":"initial","rop_publish_now_accounts":[],"rop_publish_now_history":[],"rop_publish_now_status":"pending","_exactmetrics_skip_tracking":false,"footnotes":""},"categories":[21],"tags":[],"class_list":["post-42557","post","type-post","status-publish","format-standard","has-post-thumbnail","hentry","category-brasil"],"aioseo_notices":[],"aioseo_head":"\n\t\t<!-- All in One SEO 4.9.10 - aioseo.com -->\n\t<meta name=\"description\" content=\"Ap\u00f3s ser indiciado pela Pol\u00edcia Federal no caso da chamada \u201cAbin paralela\u201d, o ex-presidente Jair Bolsonaro (PL) afirmou nesta ter\u00e7a-feira (17\/6) que duvida que exista algu\u00e9m no Brasil que tenha sido mais perseguido do que ele. \u201cEu duvido que algu\u00e9m no Brasil foi mais perseguido do que eu. Mas vale a pena. Temos que\" \/>\n\t<meta name=\"robots\" content=\"max-image-preview:large\" \/>\n\t<meta name=\"author\" content=\"administrador\"\/>\n\t<link rel=\"canonical\" href=\"https:\/\/newsinfoco.com.br\/inicio\/bolsonaro-volta-a-falar-em-perseguicao-apos-indiciamento-no-caso-da-abin-paralela\/\" \/>\n\t<meta name=\"generator\" content=\"All in One SEO (AIOSEO) 4.9.10\" \/>\n\t\t<meta property=\"og:locale\" content=\"pt_BR\" \/>\n\t\t<meta property=\"og:site_name\" content=\"News In Foco - Editado por Caio Pimenta - O principal site de noticias de Alagoinhas e regi\u00e3o\" \/>\n\t\t<meta property=\"og:type\" content=\"article\" \/>\n\t\t<meta property=\"og:title\" content=\"Bolsonaro volta a falar em persegui\u00e7\u00e3o ap\u00f3s indiciamento no caso da \u2018Abin paralela\u2019 - News In Foco - Editado por Caio Pimenta\" \/>\n\t\t<meta property=\"og:description\" content=\"Ap\u00f3s ser indiciado pela Pol\u00edcia Federal no caso da chamada \u201cAbin paralela\u201d, o ex-presidente Jair Bolsonaro (PL) afirmou nesta ter\u00e7a-feira (17\/6) que duvida que exista algu\u00e9m no Brasil que tenha sido mais perseguido do que ele. \u201cEu duvido que algu\u00e9m no Brasil foi mais perseguido do que eu. Mas vale a pena. Temos que\" \/>\n\t\t<meta property=\"og:url\" content=\"https:\/\/newsinfoco.com.br\/inicio\/bolsonaro-volta-a-falar-em-perseguicao-apos-indiciamento-no-caso-da-abin-paralela\/\" \/>\n\t\t<meta property=\"article:published_time\" content=\"2025-06-17T18:58:54+00:00\" \/>\n\t\t<meta property=\"article:modified_time\" content=\"2025-06-17T18:58:54+00:00\" \/>\n\t\t<meta name=\"twitter:card\" content=\"summary_large_image\" \/>\n\t\t<meta name=\"twitter:title\" content=\"Bolsonaro volta a falar em persegui\u00e7\u00e3o ap\u00f3s indiciamento no caso da \u2018Abin paralela\u2019 - News In Foco - Editado por Caio Pimenta\" \/>\n\t\t<meta name=\"twitter:description\" content=\"Ap\u00f3s ser indiciado pela Pol\u00edcia Federal no caso da chamada \u201cAbin paralela\u201d, o ex-presidente Jair Bolsonaro (PL) afirmou nesta ter\u00e7a-feira (17\/6) que duvida que exista algu\u00e9m no Brasil que tenha sido mais perseguido do que ele. \u201cEu duvido que algu\u00e9m no Brasil foi mais perseguido do que eu. Mas vale a pena. Temos que\" \/>\n\t\t<script type=\"application\/ld+json\" class=\"aioseo-schema\">\n\t\t\t{\"@context\":\"https:\\\/\\\/schema.org\",\"@graph\":[{\"@type\":\"BlogPosting\",\"@id\":\"https:\\\/\\\/newsinfoco.com.br\\\/inicio\\\/bolsonaro-volta-a-falar-em-perseguicao-apos-indiciamento-no-caso-da-abin-paralela\\\/#blogposting\",\"name\":\"Bolsonaro volta a falar em persegui\\u00e7\\u00e3o ap\\u00f3s indiciamento no caso da \\u2018Abin paralela\\u2019 - News In Foco - Editado por Caio Pimenta\",\"headline\":\"Bolsonaro volta a falar em persegui\\u00e7\\u00e3o ap\\u00f3s indiciamento no caso da \\u2018Abin paralela\\u2019\",\"author\":{\"@id\":\"https:\\\/\\\/newsinfoco.com.br\\\/inicio\\\/author\\\/administrador\\\/#author\"},\"publisher\":{\"@id\":\"https:\\\/\\\/newsinfoco.com.br\\\/inicio\\\/#organization\"},\"image\":{\"@type\":\"ImageObject\",\"url\":\"https:\\\/\\\/newsinfoco.com.br\\\/inicio\\\/wp-content\\\/uploads\\\/2025\\\/06\\\/Bolsonaro-Reproducao-TV-Globo-3.jpg\",\"width\":600,\"height\":420},\"datePublished\":\"2025-06-17T15:58:54-03:00\",\"dateModified\":\"2025-06-17T15:58:54-03:00\",\"inLanguage\":\"pt-BR\",\"mainEntityOfPage\":{\"@id\":\"https:\\\/\\\/newsinfoco.com.br\\\/inicio\\\/bolsonaro-volta-a-falar-em-perseguicao-apos-indiciamento-no-caso-da-abin-paralela\\\/#webpage\"},\"isPartOf\":{\"@id\":\"https:\\\/\\\/newsinfoco.com.br\\\/inicio\\\/bolsonaro-volta-a-falar-em-perseguicao-apos-indiciamento-no-caso-da-abin-paralela\\\/#webpage\"},\"articleSection\":\"Brasil\"},{\"@type\":\"BreadcrumbList\",\"@id\":\"https:\\\/\\\/newsinfoco.com.br\\\/inicio\\\/bolsonaro-volta-a-falar-em-perseguicao-apos-indiciamento-no-caso-da-abin-paralela\\\/#breadcrumblist\",\"itemListElement\":[{\"@type\":\"ListItem\",\"@id\":\"https:\\\/\\\/newsinfoco.com.br\\\/inicio#listItem\",\"position\":1,\"name\":\"In\\u00edcio\",\"item\":\"https:\\\/\\\/newsinfoco.com.br\\\/inicio\",\"nextItem\":{\"@type\":\"ListItem\",\"@id\":\"https:\\\/\\\/newsinfoco.com.br\\\/inicio\\\/category\\\/brasil\\\/#listItem\",\"name\":\"Brasil\"}},{\"@type\":\"ListItem\",\"@id\":\"https:\\\/\\\/newsinfoco.com.br\\\/inicio\\\/category\\\/brasil\\\/#listItem\",\"position\":2,\"name\":\"Brasil\",\"item\":\"https:\\\/\\\/newsinfoco.com.br\\\/inicio\\\/category\\\/brasil\\\/\",\"nextItem\":{\"@type\":\"ListItem\",\"@id\":\"https:\\\/\\\/newsinfoco.com.br\\\/inicio\\\/bolsonaro-volta-a-falar-em-perseguicao-apos-indiciamento-no-caso-da-abin-paralela\\\/#listItem\",\"name\":\"Bolsonaro volta a falar em persegui\\u00e7\\u00e3o ap\\u00f3s indiciamento no caso da \\u2018Abin paralela\\u2019\"},\"previousItem\":{\"@type\":\"ListItem\",\"@id\":\"https:\\\/\\\/newsinfoco.com.br\\\/inicio#listItem\",\"name\":\"In\\u00edcio\"}},{\"@type\":\"ListItem\",\"@id\":\"https:\\\/\\\/newsinfoco.com.br\\\/inicio\\\/bolsonaro-volta-a-falar-em-perseguicao-apos-indiciamento-no-caso-da-abin-paralela\\\/#listItem\",\"position\":3,\"name\":\"Bolsonaro volta a falar em persegui\\u00e7\\u00e3o ap\\u00f3s indiciamento no caso da \\u2018Abin paralela\\u2019\",\"previousItem\":{\"@type\":\"ListItem\",\"@id\":\"https:\\\/\\\/newsinfoco.com.br\\\/inicio\\\/category\\\/brasil\\\/#listItem\",\"name\":\"Brasil\"}}]},{\"@type\":\"Organization\",\"@id\":\"https:\\\/\\\/newsinfoco.com.br\\\/inicio\\\/#organization\",\"name\":\"News In Foco - Editado por Caio Pimenta\",\"description\":\"O principal site de noticias de Alagoinhas e regi\\u00e3o\",\"url\":\"https:\\\/\\\/newsinfoco.com.br\\\/inicio\\\/\"},{\"@type\":\"Person\",\"@id\":\"https:\\\/\\\/newsinfoco.com.br\\\/inicio\\\/author\\\/administrador\\\/#author\",\"url\":\"https:\\\/\\\/newsinfoco.com.br\\\/inicio\\\/author\\\/administrador\\\/\",\"name\":\"administrador\",\"image\":{\"@type\":\"ImageObject\",\"@id\":\"https:\\\/\\\/newsinfoco.com.br\\\/inicio\\\/bolsonaro-volta-a-falar-em-perseguicao-apos-indiciamento-no-caso-da-abin-paralela\\\/#authorImage\",\"url\":\"https:\\\/\\\/secure.gravatar.com\\\/avatar\\\/c17a617433de8c1dc9584bb79aab7563b46f5bb7e1728c9b17d9cc3ce6a08e49?s=96&d=mm&r=g\",\"width\":96,\"height\":96,\"caption\":\"administrador\"}},{\"@type\":\"WebPage\",\"@id\":\"https:\\\/\\\/newsinfoco.com.br\\\/inicio\\\/bolsonaro-volta-a-falar-em-perseguicao-apos-indiciamento-no-caso-da-abin-paralela\\\/#webpage\",\"url\":\"https:\\\/\\\/newsinfoco.com.br\\\/inicio\\\/bolsonaro-volta-a-falar-em-perseguicao-apos-indiciamento-no-caso-da-abin-paralela\\\/\",\"name\":\"Bolsonaro volta a falar em persegui\\u00e7\\u00e3o ap\\u00f3s indiciamento no caso da \\u2018Abin paralela\\u2019 - News In Foco - Editado por Caio Pimenta\",\"description\":\"Ap\\u00f3s ser indiciado pela Pol\\u00edcia Federal no caso da chamada \\u201cAbin paralela\\u201d, o ex-presidente Jair Bolsonaro (PL) afirmou nesta ter\\u00e7a-feira (17\\\/6) que duvida que exista algu\\u00e9m no Brasil que tenha sido mais perseguido do que ele. \\u201cEu duvido que algu\\u00e9m no Brasil foi mais perseguido do que eu. Mas vale a pena. Temos que\",\"inLanguage\":\"pt-BR\",\"isPartOf\":{\"@id\":\"https:\\\/\\\/newsinfoco.com.br\\\/inicio\\\/#website\"},\"breadcrumb\":{\"@id\":\"https:\\\/\\\/newsinfoco.com.br\\\/inicio\\\/bolsonaro-volta-a-falar-em-perseguicao-apos-indiciamento-no-caso-da-abin-paralela\\\/#breadcrumblist\"},\"author\":{\"@id\":\"https:\\\/\\\/newsinfoco.com.br\\\/inicio\\\/author\\\/administrador\\\/#author\"},\"creator\":{\"@id\":\"https:\\\/\\\/newsinfoco.com.br\\\/inicio\\\/author\\\/administrador\\\/#author\"},\"image\":{\"@type\":\"ImageObject\",\"url\":\"https:\\\/\\\/newsinfoco.com.br\\\/inicio\\\/wp-content\\\/uploads\\\/2025\\\/06\\\/Bolsonaro-Reproducao-TV-Globo-3.jpg\",\"@id\":\"https:\\\/\\\/newsinfoco.com.br\\\/inicio\\\/bolsonaro-volta-a-falar-em-perseguicao-apos-indiciamento-no-caso-da-abin-paralela\\\/#mainImage\",\"width\":600,\"height\":420},\"primaryImageOfPage\":{\"@id\":\"https:\\\/\\\/newsinfoco.com.br\\\/inicio\\\/bolsonaro-volta-a-falar-em-perseguicao-apos-indiciamento-no-caso-da-abin-paralela\\\/#mainImage\"},\"datePublished\":\"2025-06-17T15:58:54-03:00\",\"dateModified\":\"2025-06-17T15:58:54-03:00\"},{\"@type\":\"WebSite\",\"@id\":\"https:\\\/\\\/newsinfoco.com.br\\\/inicio\\\/#website\",\"url\":\"https:\\\/\\\/newsinfoco.com.br\\\/inicio\\\/\",\"name\":\"News In Foco - Editado por Caio Pimenta\",\"description\":\"O principal site de noticias de Alagoinhas e regi\\u00e3o\",\"inLanguage\":\"pt-BR\",\"publisher\":{\"@id\":\"https:\\\/\\\/newsinfoco.com.br\\\/inicio\\\/#organization\"}}]}\n\t\t<\/script>\n\t\t<!-- All in One SEO -->\n\n","aioseo_head_json":{"title":"Bolsonaro volta a falar em persegui\u00e7\u00e3o ap\u00f3s indiciamento no caso da \u2018Abin paralela\u2019 - News In Foco - Editado por Caio Pimenta","description":"Ap\u00f3s ser indiciado pela Pol\u00edcia Federal no caso da chamada \u201cAbin paralela\u201d, o ex-presidente Jair Bolsonaro (PL) afirmou nesta ter\u00e7a-feira (17\/6) que duvida que exista algu\u00e9m no Brasil que tenha sido mais perseguido do que ele. \u201cEu duvido que algu\u00e9m no Brasil foi mais perseguido do que eu. Mas vale a pena. Temos que","canonical_url":"https:\/\/newsinfoco.com.br\/inicio\/bolsonaro-volta-a-falar-em-perseguicao-apos-indiciamento-no-caso-da-abin-paralela\/","robots":"max-image-preview:large","keywords":"","webmasterTools":{"miscellaneous":""},"schema":{"@context":"https:\/\/schema.org","@graph":[{"@type":"BlogPosting","@id":"https:\/\/newsinfoco.com.br\/inicio\/bolsonaro-volta-a-falar-em-perseguicao-apos-indiciamento-no-caso-da-abin-paralela\/#blogposting","name":"Bolsonaro volta a falar em persegui\u00e7\u00e3o ap\u00f3s indiciamento no caso da \u2018Abin paralela\u2019 - News In Foco - Editado por Caio Pimenta","headline":"Bolsonaro volta a falar em persegui\u00e7\u00e3o ap\u00f3s indiciamento no caso da \u2018Abin paralela\u2019","author":{"@id":"https:\/\/newsinfoco.com.br\/inicio\/author\/administrador\/#author"},"publisher":{"@id":"https:\/\/newsinfoco.com.br\/inicio\/#organization"},"image":{"@type":"ImageObject","url":"https:\/\/newsinfoco.com.br\/inicio\/wp-content\/uploads\/2025\/06\/Bolsonaro-Reproducao-TV-Globo-3.jpg","width":600,"height":420},"datePublished":"2025-06-17T15:58:54-03:00","dateModified":"2025-06-17T15:58:54-03:00","inLanguage":"pt-BR","mainEntityOfPage":{"@id":"https:\/\/newsinfoco.com.br\/inicio\/bolsonaro-volta-a-falar-em-perseguicao-apos-indiciamento-no-caso-da-abin-paralela\/#webpage"},"isPartOf":{"@id":"https:\/\/newsinfoco.com.br\/inicio\/bolsonaro-volta-a-falar-em-perseguicao-apos-indiciamento-no-caso-da-abin-paralela\/#webpage"},"articleSection":"Brasil"},{"@type":"BreadcrumbList","@id":"https:\/\/newsinfoco.com.br\/inicio\/bolsonaro-volta-a-falar-em-perseguicao-apos-indiciamento-no-caso-da-abin-paralela\/#breadcrumblist","itemListElement":[{"@type":"ListItem","@id":"https:\/\/newsinfoco.com.br\/inicio#listItem","position":1,"name":"In\u00edcio","item":"https:\/\/newsinfoco.com.br\/inicio","nextItem":{"@type":"ListItem","@id":"https:\/\/newsinfoco.com.br\/inicio\/category\/brasil\/#listItem","name":"Brasil"}},{"@type":"ListItem","@id":"https:\/\/newsinfoco.com.br\/inicio\/category\/brasil\/#listItem","position":2,"name":"Brasil","item":"https:\/\/newsinfoco.com.br\/inicio\/category\/brasil\/","nextItem":{"@type":"ListItem","@id":"https:\/\/newsinfoco.com.br\/inicio\/bolsonaro-volta-a-falar-em-perseguicao-apos-indiciamento-no-caso-da-abin-paralela\/#listItem","name":"Bolsonaro volta a falar em persegui\u00e7\u00e3o ap\u00f3s indiciamento no caso da \u2018Abin paralela\u2019"},"previousItem":{"@type":"ListItem","@id":"https:\/\/newsinfoco.com.br\/inicio#listItem","name":"In\u00edcio"}},{"@type":"ListItem","@id":"https:\/\/newsinfoco.com.br\/inicio\/bolsonaro-volta-a-falar-em-perseguicao-apos-indiciamento-no-caso-da-abin-paralela\/#listItem","position":3,"name":"Bolsonaro volta a falar em persegui\u00e7\u00e3o ap\u00f3s indiciamento no caso da \u2018Abin paralela\u2019","previousItem":{"@type":"ListItem","@id":"https:\/\/newsinfoco.com.br\/inicio\/category\/brasil\/#listItem","name":"Brasil"}}]},{"@type":"Organization","@id":"https:\/\/newsinfoco.com.br\/inicio\/#organization","name":"News In Foco - Editado por Caio Pimenta","description":"O principal site de noticias de Alagoinhas e regi\u00e3o","url":"https:\/\/newsinfoco.com.br\/inicio\/"},{"@type":"Person","@id":"https:\/\/newsinfoco.com.br\/inicio\/author\/administrador\/#author","url":"https:\/\/newsinfoco.com.br\/inicio\/author\/administrador\/","name":"administrador","image":{"@type":"ImageObject","@id":"https:\/\/newsinfoco.com.br\/inicio\/bolsonaro-volta-a-falar-em-perseguicao-apos-indiciamento-no-caso-da-abin-paralela\/#authorImage","url":"https:\/\/secure.gravatar.com\/avatar\/c17a617433de8c1dc9584bb79aab7563b46f5bb7e1728c9b17d9cc3ce6a08e49?s=96&d=mm&r=g","width":96,"height":96,"caption":"administrador"}},{"@type":"WebPage","@id":"https:\/\/newsinfoco.com.br\/inicio\/bolsonaro-volta-a-falar-em-perseguicao-apos-indiciamento-no-caso-da-abin-paralela\/#webpage","url":"https:\/\/newsinfoco.com.br\/inicio\/bolsonaro-volta-a-falar-em-perseguicao-apos-indiciamento-no-caso-da-abin-paralela\/","name":"Bolsonaro volta a falar em persegui\u00e7\u00e3o ap\u00f3s indiciamento no caso da \u2018Abin paralela\u2019 - News In Foco - Editado por Caio Pimenta","description":"Ap\u00f3s ser indiciado pela Pol\u00edcia Federal no caso da chamada \u201cAbin paralela\u201d, o ex-presidente Jair Bolsonaro (PL) afirmou nesta ter\u00e7a-feira (17\/6) que duvida que exista algu\u00e9m no Brasil que tenha sido mais perseguido do que ele. \u201cEu duvido que algu\u00e9m no Brasil foi mais perseguido do que eu. Mas vale a pena. Temos que","inLanguage":"pt-BR","isPartOf":{"@id":"https:\/\/newsinfoco.com.br\/inicio\/#website"},"breadcrumb":{"@id":"https:\/\/newsinfoco.com.br\/inicio\/bolsonaro-volta-a-falar-em-perseguicao-apos-indiciamento-no-caso-da-abin-paralela\/#breadcrumblist"},"author":{"@id":"https:\/\/newsinfoco.com.br\/inicio\/author\/administrador\/#author"},"creator":{"@id":"https:\/\/newsinfoco.com.br\/inicio\/author\/administrador\/#author"},"image":{"@type":"ImageObject","url":"https:\/\/newsinfoco.com.br\/inicio\/wp-content\/uploads\/2025\/06\/Bolsonaro-Reproducao-TV-Globo-3.jpg","@id":"https:\/\/newsinfoco.com.br\/inicio\/bolsonaro-volta-a-falar-em-perseguicao-apos-indiciamento-no-caso-da-abin-paralela\/#mainImage","width":600,"height":420},"primaryImageOfPage":{"@id":"https:\/\/newsinfoco.com.br\/inicio\/bolsonaro-volta-a-falar-em-perseguicao-apos-indiciamento-no-caso-da-abin-paralela\/#mainImage"},"datePublished":"2025-06-17T15:58:54-03:00","dateModified":"2025-06-17T15:58:54-03:00"},{"@type":"WebSite","@id":"https:\/\/newsinfoco.com.br\/inicio\/#website","url":"https:\/\/newsinfoco.com.br\/inicio\/","name":"News In Foco - Editado por Caio Pimenta","description":"O principal site de noticias de Alagoinhas e regi\u00e3o","inLanguage":"pt-BR","publisher":{"@id":"https:\/\/newsinfoco.com.br\/inicio\/#organization"}}]},"og:locale":"pt_BR","og:site_name":"News In Foco - Editado por Caio Pimenta - O principal site de noticias de Alagoinhas e regi\u00e3o","og:type":"article","og:title":"Bolsonaro volta a falar em persegui\u00e7\u00e3o ap\u00f3s indiciamento no caso da \u2018Abin paralela\u2019 - News In Foco - Editado por Caio Pimenta","og:description":"Ap\u00f3s ser indiciado pela Pol\u00edcia Federal no caso da chamada \u201cAbin paralela\u201d, o ex-presidente Jair Bolsonaro (PL) afirmou nesta ter\u00e7a-feira (17\/6) que duvida que exista algu\u00e9m no Brasil que tenha sido mais perseguido do que ele. \u201cEu duvido que algu\u00e9m no Brasil foi mais perseguido do que eu. Mas vale a pena. Temos que","og:url":"https:\/\/newsinfoco.com.br\/inicio\/bolsonaro-volta-a-falar-em-perseguicao-apos-indiciamento-no-caso-da-abin-paralela\/","article:published_time":"2025-06-17T18:58:54+00:00","article:modified_time":"2025-06-17T18:58:54+00:00","twitter:card":"summary_large_image","twitter:title":"Bolsonaro volta a falar em persegui\u00e7\u00e3o ap\u00f3s indiciamento no caso da \u2018Abin paralela\u2019 - News In Foco - Editado por Caio Pimenta","twitter:description":"Ap\u00f3s ser indiciado pela Pol\u00edcia Federal no caso da chamada \u201cAbin paralela\u201d, o ex-presidente Jair Bolsonaro (PL) afirmou nesta ter\u00e7a-feira (17\/6) que duvida que exista algu\u00e9m no Brasil que tenha sido mais perseguido do que ele. \u201cEu duvido que algu\u00e9m no Brasil foi mais perseguido do que eu. Mas vale a pena. Temos que"},"aioseo_meta_data":{"post_id":"42557","title":null,"description":null,"keywords":null,"keyphrases":{"focus":{"keyphrase":"","score":0,"analysis":{"keyphraseInTitle":{"score":0,"maxScore":9,"error":1}}},"additional":[]},"primary_term":null,"canonical_url":null,"og_title":null,"og_description":null,"og_object_type":"default","og_image_type":"default","og_image_url":null,"og_image_width":null,"og_image_height":null,"og_image_custom_url":null,"og_image_custom_fields":null,"og_video":"","og_custom_url":null,"og_article_section":null,"og_article_tags":null,"twitter_use_og":false,"twitter_card":"default","twitter_image_type":"default","twitter_image_url":null,"twitter_image_custom_url":null,"twitter_image_custom_fields":null,"twitter_title":null,"twitter_description":null,"schema":{"blockGraphs":[],"customGraphs":[],"default":{"data":{"Article":[],"Course":[],"Dataset":[],"FAQPage":[],"Movie":[],"Person":[],"Product":[],"ProductReview":[],"Car":[],"Recipe":[],"Service":[],"SoftwareApplication":[],"WebPage":[]},"graphName":"BlogPosting","isEnabled":true},"graphs":[]},"schema_type":"default","schema_type_options":null,"pillar_content":false,"robots_default":true,"robots_noindex":false,"robots_noarchive":false,"robots_nosnippet":false,"robots_nofollow":false,"robots_noimageindex":false,"robots_noodp":false,"robots_notranslate":false,"robots_max_snippet":"-1","robots_max_videopreview":"-1","robots_max_imagepreview":"large","priority":null,"frequency":"default","local_seo":null,"breadcrumb_settings":null,"limit_modified_date":false,"ai":null,"created":"2025-06-17 18:58:54","updated":"2025-07-11 14:00:16","seo_analyzer_scan_date":null},"aioseo_breadcrumb":"<div class=\"aioseo-breadcrumbs\"><span class=\"aioseo-breadcrumb\">\n\t\t\t<a href=\"https:\/\/newsinfoco.com.br\/inicio\" title=\"In\u00edcio\">In\u00edcio<\/a>\n\t\t<\/span><span class=\"aioseo-breadcrumb-separator\">&raquo;<\/span><span class=\"aioseo-breadcrumb\">\n\t\t\t<a href=\"https:\/\/newsinfoco.com.br\/inicio\/category\/brasil\/\" title=\"Brasil\">Brasil<\/a>\n\t\t<\/span><span class=\"aioseo-breadcrumb-separator\">&raquo;<\/span><span class=\"aioseo-breadcrumb\">\n\t\t\tBolsonaro volta a falar em persegui\u00e7\u00e3o ap\u00f3s indiciamento no caso da \u2018Abin paralela\u2019\n\t\t<\/span><\/div>","aioseo_breadcrumb_json":[{"label":"In\u00edcio","link":"https:\/\/newsinfoco.com.br\/inicio"},{"label":"Brasil","link":"https:\/\/newsinfoco.com.br\/inicio\/category\/brasil\/"},{"label":"Bolsonaro volta a falar em persegui\u00e7\u00e3o ap\u00f3s indiciamento no caso da \u2018Abin paralela\u2019","link":"https:\/\/newsinfoco.com.br\/inicio\/bolsonaro-volta-a-falar-em-perseguicao-apos-indiciamento-no-caso-da-abin-paralela\/"}],"_links":{"self":[{"href":"https:\/\/newsinfoco.com.br\/inicio\/wp-json\/wp\/v2\/posts\/42557","targetHints":{"allow":["GET"]}}],"collection":[{"href":"https:\/\/newsinfoco.com.br\/inicio\/wp-json\/wp\/v2\/posts"}],"about":[{"href":"https:\/\/newsinfoco.com.br\/inicio\/wp-json\/wp\/v2\/types\/post"}],"author":[{"embeddable":true,"href":"https:\/\/newsinfoco.com.br\/inicio\/wp-json\/wp\/v2\/users\/1"}],"replies":[{"embeddable":true,"href":"https:\/\/newsinfoco.com.br\/inicio\/wp-json\/wp\/v2\/comments?post=42557"}],"version-history":[{"count":1,"href":"https:\/\/newsinfoco.com.br\/inicio\/wp-json\/wp\/v2\/posts\/42557\/revisions"}],"predecessor-version":[{"id":42559,"href":"https:\/\/newsinfoco.com.br\/inicio\/wp-json\/wp\/v2\/posts\/42557\/revisions\/42559"}],"wp:featuredmedia":[{"embeddable":true,"href":"https:\/\/newsinfoco.com.br\/inicio\/wp-json\/wp\/v2\/media\/42558"}],"wp:attachment":[{"href":"https:\/\/newsinfoco.com.br\/inicio\/wp-json\/wp\/v2\/media?parent=42557"}],"wp:term":[{"taxonomy":"category","embeddable":true,"href":"https:\/\/newsinfoco.com.br\/inicio\/wp-json\/wp\/v2\/categories?post=42557"},{"taxonomy":"post_tag","embeddable":true,"href":"https:\/\/newsinfoco.com.br\/inicio\/wp-json\/wp\/v2\/tags?post=42557"}],"curies":[{"name":"wp","href":"https:\/\/api.w.org\/{rel}","templated":true}]}}