{"id":42569,"date":"2025-06-17T16:47:44","date_gmt":"2025-06-17T19:47:44","guid":{"rendered":"https:\/\/newsinfoco.com.br\/inicio\/?p=42569"},"modified":"2025-06-17T16:47:44","modified_gmt":"2025-06-17T19:47:44","slug":"festejos-juninos-movimentam-oito-zonas-turisticas-da-bahia","status":"publish","type":"post","link":"https:\/\/newsinfoco.com.br\/inicio\/festejos-juninos-movimentam-oito-zonas-turisticas-da-bahia\/","title":{"rendered":"Festejos juninos movimentam oito zonas tur\u00edsticas da Bahia"},"content":{"rendered":"<p>Com o ponto alto das homenagens a Santo Ant\u00f4nio, na \u00faltima sexta-feira (13), o clima junino tomou conta da Bahia, no fim de semana, repleto de festividades antes do S\u00e3o Jo\u00e3o. Em oito zonas tur\u00edsticas, a cultura nordestina foi celebrada, com o apoio da Secretaria de Turismo do Estado (Setur-BA).<\/p>\n<p>Em Salvador, na zona tur\u00edstica Ba\u00eda de Todos-os-Santos, a sede da Associa\u00e7\u00e3o Baiana dos Deficientes F\u00edsicos (Abadef-BA), no Campo Grande, foi palco do Forr\u00f3 da Inclus\u00e3o, que animou pessoas com defici\u00eancia (PcD) e convidados. Al\u00e9m de m\u00fasica, quadrilha e pratos t\u00edpicos, houve uma exposi\u00e7\u00e3o fotogr\u00e1fica sobre turismo inclusivo.<\/p>\n<p>A primeira-dama do Estado e presidente das Volunt\u00e1rias Sociais, Tatiana Velloso, e a chefe de gabinete da Setur-BA, Giulliana Brito, participaram do evento.<br \/>\n\u201c\u00c9 gratificante ver nossos associados manifestando a sua alegria nos festejos juninos, com esse apoio fundamental do Governo do Estado, que tem sido um grande parceiro da entidade em a\u00e7\u00f5es de inclus\u00e3o\u201d, disse a presidente da Abadef-BA, Silvanete Brand\u00e3o.<\/p>\n<p>Ainda na capital, o bar Primeira Sa\u00edda, na Pituba, recebeu mais uma edi\u00e7\u00e3o do Forr\u00f3 News, organizado pelo Sindicato dos Jornalistas da Bahia (Sinjorba); e a Feira de S\u00e3o Joaquim, na Cidade Baixa, ofereceu samba junino e forr\u00f3 p\u00e9 de serra aos comerciantes e visitantes.<\/p>\n<p>Na Costa do Cacau, Itacar\u00e9 festejou o padroeiro Santo Ant\u00f4nio, no Centro Cultural Barrac\u00e3o, com a participa\u00e7\u00e3o de cerca de cinco mil pessoas, entre moradores e turistas. Na mesma regi\u00e3o, Itabuna sediou o Arrai\u00e1 da Comunidade, no campo do bairro S\u00e3o Pedro, com atra\u00e7\u00f5es como Cavaleiros do Forr\u00f3, Devinho Novaes, Filomena Bagaceira e Pagodart, entre outras.<\/p>\n<p>Nos Caminhos do Sert\u00e3o, a 8\u00aa edi\u00e7\u00e3o do Arrai\u00e1 da Aresol reuniu quase 20 mil pessoas em Monte Santo, atraindo habitantes de munic\u00edpios pr\u00f3ximos. \u201cTivemos manifesta\u00e7\u00f5es culturais e brincadeiras juninas para a crian\u00e7ada. O S\u00e3o Jo\u00e3o chegou forte em Monte Santo, com o importante apoio da Setur-BA\u201d, relatou o organizador do evento, Lu\u00eds Costa. Na mesma zona tur\u00edstica, o Arrai\u00e1 de Capela do Alto Alegre movimentou a cidade.<\/p>\n<p>Nos Caminhos do Oeste, o munic\u00edpio de Santana promoveu o S\u00e3o Jo\u00e3o no Cal\u00e7ad\u00e3o, com diversas atra\u00e7\u00f5es. Ainda na regi\u00e3o, Ibotirama sediou o Arrai\u00e1 da Capital do C\u00e9u, que incluiu o tradicional Passeio Matuto. Na Chapada Diamantina, Mundo Novo foi palco do Festival Sabores e Saberes, com sanfoneiros, fanfarras, sarau liter\u00e1rio, concurso gastron\u00f4mico, cozinha show e feira da economia solid\u00e1ria. Em Ipir\u00e1, tamb\u00e9m na Chapada, aconteceu o S\u00e3o Jo\u00e3o Velho Antecipado, mantendo a tradi\u00e7\u00e3o forrozeira.<\/p>\n<div>\n<div class=\"trv-player-container\">\n<div class=\"trv-wrapper\">\n<div id=\"br_video_player_90730222cf48f1327170c695f477b49dc3c659f9\" class=\"trvd_video_player trvdinstream\">\n<div class=\"media-player\">\n<div class=\"trv-video\">\n<div id=\"truvid_ima_container43524\" class=\"truvid_ima_container\">\n<div class=\"conteudo_post\">\n<p>Nos Lagos e C\u00e2nions do S\u00e3o Francisco, Abar\u00e9 recebeu a Festa da Agricultura Familiar da Associa\u00e7\u00e3o Adesca, com a comemora\u00e7\u00e3o dos 12 anos da entidade, em clima junino. Na Costa do Descobrimento, os 36 anos de emancipa\u00e7\u00e3o pol\u00edtica de Itabela foram festejados no Arrai\u00e1 Bela, na Pra\u00e7a da Matriz. E nos Caminhos do Jiquiri\u00e7\u00e1, o Arrai\u00e1 do Toim abriu oficialmente o calend\u00e1rio junino de Mutu\u00edpe.<\/p>\n<p>Outras iniciativas juninas com o apoio da Setur-BA, que movimentaram o fim de semana no interior baiano, foram as seguintes: Festa de Santo Ant\u00f4nio (Itiru\u00e7u e Gl\u00f3ria), Forr\u00f3 do Nem (Bom Jesus dos Passos), Anivers\u00e1rio de 36 anos de Varzedo, S\u00e3o Jo\u00e3o Antecipado (Itap\u00e9, Tapiramut\u00e1, \u00c9rico Cardoso e Una) e S\u00e3o Pedro de Tradi\u00e7\u00e3o (Andorinha).<\/p>\n<\/div>\n<div id=\"div-share\">Bahia.Ba<\/div>\n<\/div>\n<\/div>\n<\/div>\n<\/div>\n<\/div>\n<\/div>\n<\/div>\n<div class='share-to-whatsapp-wrapper'><div class='share-on-whsp'>Share on: <\/div><a data-text='Festejos juninos movimentam oito zonas tur\u00edsticas da Bahia' data-link='https:\/\/newsinfoco.com.br\/inicio\/festejos-juninos-movimentam-oito-zonas-turisticas-da-bahia\/' class='whatsapp-button whatsapp-share'>WhatsApp<\/a><div class='clear '><\/div><\/div>","protected":false},"excerpt":{"rendered":"<p>Com o ponto alto das homenagens a Santo Ant\u00f4nio, na \u00faltima sexta-feira (13), o clima junino tomou conta da Bahia, no fim de semana, repleto de festividades antes do S\u00e3o Jo\u00e3o. Em oito zonas tur\u00edsticas, a cultura nordestina foi celebrada, com o apoio da Secretaria de Turismo do Estado (Setur-BA). Em Salvador, na zona tur\u00edstica [&hellip;]<\/p>\n","protected":false},"author":1,"featured_media":42570,"comment_status":"closed","ping_status":"closed","sticky":false,"template":"","format":"standard","meta":{"om_disable_all_campaigns":false,"rop_custom_images_group":[],"rop_custom_messages_group":[],"rop_publish_now":"initial","rop_publish_now_accounts":[],"rop_publish_now_history":[],"rop_publish_now_status":"pending","_exactmetrics_skip_tracking":false,"footnotes":""},"categories":[19],"tags":[],"class_list":["post-42569","post","type-post","status-publish","format-standard","has-post-thumbnail","hentry","category-bahia"],"aioseo_notices":[],"aioseo_head":"\n\t\t<!-- All in One SEO 4.9.10 - aioseo.com -->\n\t<meta name=\"description\" content=\"Com o ponto alto das homenagens a Santo Ant\u00f4nio, na \u00faltima sexta-feira (13), o clima junino tomou conta da Bahia, no fim de semana, repleto de festividades antes do S\u00e3o Jo\u00e3o. Em oito zonas tur\u00edsticas, a cultura nordestina foi celebrada, com o apoio da Secretaria de Turismo do Estado (Setur-BA). Em Salvador, na zona tur\u00edstica\" \/>\n\t<meta name=\"robots\" content=\"max-image-preview:large\" \/>\n\t<meta name=\"author\" content=\"administrador\"\/>\n\t<link rel=\"canonical\" href=\"https:\/\/newsinfoco.com.br\/inicio\/festejos-juninos-movimentam-oito-zonas-turisticas-da-bahia\/\" \/>\n\t<meta name=\"generator\" content=\"All in One SEO (AIOSEO) 4.9.10\" \/>\n\t\t<meta property=\"og:locale\" content=\"pt_BR\" \/>\n\t\t<meta property=\"og:site_name\" content=\"News In Foco - Editado por Caio Pimenta - O principal site de noticias de Alagoinhas e regi\u00e3o\" \/>\n\t\t<meta property=\"og:type\" content=\"article\" \/>\n\t\t<meta property=\"og:title\" content=\"Festejos juninos movimentam oito zonas tur\u00edsticas da Bahia - News In Foco - Editado por Caio Pimenta\" \/>\n\t\t<meta property=\"og:description\" content=\"Com o ponto alto das homenagens a Santo Ant\u00f4nio, na \u00faltima sexta-feira (13), o clima junino tomou conta da Bahia, no fim de semana, repleto de festividades antes do S\u00e3o Jo\u00e3o. Em oito zonas tur\u00edsticas, a cultura nordestina foi celebrada, com o apoio da Secretaria de Turismo do Estado (Setur-BA). Em Salvador, na zona tur\u00edstica\" \/>\n\t\t<meta property=\"og:url\" content=\"https:\/\/newsinfoco.com.br\/inicio\/festejos-juninos-movimentam-oito-zonas-turisticas-da-bahia\/\" \/>\n\t\t<meta property=\"article:published_time\" content=\"2025-06-17T19:47:44+00:00\" \/>\n\t\t<meta property=\"article:modified_time\" content=\"2025-06-17T19:47:44+00:00\" \/>\n\t\t<meta name=\"twitter:card\" content=\"summary_large_image\" \/>\n\t\t<meta name=\"twitter:title\" content=\"Festejos juninos movimentam oito zonas tur\u00edsticas da Bahia - News In Foco - Editado por Caio Pimenta\" \/>\n\t\t<meta name=\"twitter:description\" content=\"Com o ponto alto das homenagens a Santo Ant\u00f4nio, na \u00faltima sexta-feira (13), o clima junino tomou conta da Bahia, no fim de semana, repleto de festividades antes do S\u00e3o Jo\u00e3o. Em oito zonas tur\u00edsticas, a cultura nordestina foi celebrada, com o apoio da Secretaria de Turismo do Estado (Setur-BA). Em Salvador, na zona tur\u00edstica\" \/>\n\t\t<script type=\"application\/ld+json\" class=\"aioseo-schema\">\n\t\t\t{\"@context\":\"https:\\\/\\\/schema.org\",\"@graph\":[{\"@type\":\"BlogPosting\",\"@id\":\"https:\\\/\\\/newsinfoco.com.br\\\/inicio\\\/festejos-juninos-movimentam-oito-zonas-turisticas-da-bahia\\\/#blogposting\",\"name\":\"Festejos juninos movimentam oito zonas tur\\u00edsticas da Bahia - News In Foco - Editado por Caio Pimenta\",\"headline\":\"Festejos juninos movimentam oito zonas tur\\u00edsticas da Bahia\",\"author\":{\"@id\":\"https:\\\/\\\/newsinfoco.com.br\\\/inicio\\\/author\\\/administrador\\\/#author\"},\"publisher\":{\"@id\":\"https:\\\/\\\/newsinfoco.com.br\\\/inicio\\\/#organization\"},\"image\":{\"@type\":\"ImageObject\",\"url\":\"https:\\\/\\\/newsinfoco.com.br\\\/inicio\\\/wp-content\\\/uploads\\\/2025\\\/06\\\/setur-1.jpg\",\"width\":600,\"height\":420},\"datePublished\":\"2025-06-17T16:47:44-03:00\",\"dateModified\":\"2025-06-17T16:47:44-03:00\",\"inLanguage\":\"pt-BR\",\"mainEntityOfPage\":{\"@id\":\"https:\\\/\\\/newsinfoco.com.br\\\/inicio\\\/festejos-juninos-movimentam-oito-zonas-turisticas-da-bahia\\\/#webpage\"},\"isPartOf\":{\"@id\":\"https:\\\/\\\/newsinfoco.com.br\\\/inicio\\\/festejos-juninos-movimentam-oito-zonas-turisticas-da-bahia\\\/#webpage\"},\"articleSection\":\"Bahia\"},{\"@type\":\"BreadcrumbList\",\"@id\":\"https:\\\/\\\/newsinfoco.com.br\\\/inicio\\\/festejos-juninos-movimentam-oito-zonas-turisticas-da-bahia\\\/#breadcrumblist\",\"itemListElement\":[{\"@type\":\"ListItem\",\"@id\":\"https:\\\/\\\/newsinfoco.com.br\\\/inicio#listItem\",\"position\":1,\"name\":\"In\\u00edcio\",\"item\":\"https:\\\/\\\/newsinfoco.com.br\\\/inicio\",\"nextItem\":{\"@type\":\"ListItem\",\"@id\":\"https:\\\/\\\/newsinfoco.com.br\\\/inicio\\\/category\\\/bahia\\\/#listItem\",\"name\":\"Bahia\"}},{\"@type\":\"ListItem\",\"@id\":\"https:\\\/\\\/newsinfoco.com.br\\\/inicio\\\/category\\\/bahia\\\/#listItem\",\"position\":2,\"name\":\"Bahia\",\"item\":\"https:\\\/\\\/newsinfoco.com.br\\\/inicio\\\/category\\\/bahia\\\/\",\"nextItem\":{\"@type\":\"ListItem\",\"@id\":\"https:\\\/\\\/newsinfoco.com.br\\\/inicio\\\/festejos-juninos-movimentam-oito-zonas-turisticas-da-bahia\\\/#listItem\",\"name\":\"Festejos juninos movimentam oito zonas tur\\u00edsticas da Bahia\"},\"previousItem\":{\"@type\":\"ListItem\",\"@id\":\"https:\\\/\\\/newsinfoco.com.br\\\/inicio#listItem\",\"name\":\"In\\u00edcio\"}},{\"@type\":\"ListItem\",\"@id\":\"https:\\\/\\\/newsinfoco.com.br\\\/inicio\\\/festejos-juninos-movimentam-oito-zonas-turisticas-da-bahia\\\/#listItem\",\"position\":3,\"name\":\"Festejos juninos movimentam oito zonas tur\\u00edsticas da Bahia\",\"previousItem\":{\"@type\":\"ListItem\",\"@id\":\"https:\\\/\\\/newsinfoco.com.br\\\/inicio\\\/category\\\/bahia\\\/#listItem\",\"name\":\"Bahia\"}}]},{\"@type\":\"Organization\",\"@id\":\"https:\\\/\\\/newsinfoco.com.br\\\/inicio\\\/#organization\",\"name\":\"News In Foco - Editado por Caio Pimenta\",\"description\":\"O principal site de noticias de Alagoinhas e regi\\u00e3o\",\"url\":\"https:\\\/\\\/newsinfoco.com.br\\\/inicio\\\/\"},{\"@type\":\"Person\",\"@id\":\"https:\\\/\\\/newsinfoco.com.br\\\/inicio\\\/author\\\/administrador\\\/#author\",\"url\":\"https:\\\/\\\/newsinfoco.com.br\\\/inicio\\\/author\\\/administrador\\\/\",\"name\":\"administrador\",\"image\":{\"@type\":\"ImageObject\",\"@id\":\"https:\\\/\\\/newsinfoco.com.br\\\/inicio\\\/festejos-juninos-movimentam-oito-zonas-turisticas-da-bahia\\\/#authorImage\",\"url\":\"https:\\\/\\\/secure.gravatar.com\\\/avatar\\\/c17a617433de8c1dc9584bb79aab7563b46f5bb7e1728c9b17d9cc3ce6a08e49?s=96&d=mm&r=g\",\"width\":96,\"height\":96,\"caption\":\"administrador\"}},{\"@type\":\"WebPage\",\"@id\":\"https:\\\/\\\/newsinfoco.com.br\\\/inicio\\\/festejos-juninos-movimentam-oito-zonas-turisticas-da-bahia\\\/#webpage\",\"url\":\"https:\\\/\\\/newsinfoco.com.br\\\/inicio\\\/festejos-juninos-movimentam-oito-zonas-turisticas-da-bahia\\\/\",\"name\":\"Festejos juninos movimentam oito zonas tur\\u00edsticas da Bahia - News In Foco - Editado por Caio Pimenta\",\"description\":\"Com o ponto alto das homenagens a Santo Ant\\u00f4nio, na \\u00faltima sexta-feira (13), o clima junino tomou conta da Bahia, no fim de semana, repleto de festividades antes do S\\u00e3o Jo\\u00e3o. Em oito zonas tur\\u00edsticas, a cultura nordestina foi celebrada, com o apoio da Secretaria de Turismo do Estado (Setur-BA). Em Salvador, na zona tur\\u00edstica\",\"inLanguage\":\"pt-BR\",\"isPartOf\":{\"@id\":\"https:\\\/\\\/newsinfoco.com.br\\\/inicio\\\/#website\"},\"breadcrumb\":{\"@id\":\"https:\\\/\\\/newsinfoco.com.br\\\/inicio\\\/festejos-juninos-movimentam-oito-zonas-turisticas-da-bahia\\\/#breadcrumblist\"},\"author\":{\"@id\":\"https:\\\/\\\/newsinfoco.com.br\\\/inicio\\\/author\\\/administrador\\\/#author\"},\"creator\":{\"@id\":\"https:\\\/\\\/newsinfoco.com.br\\\/inicio\\\/author\\\/administrador\\\/#author\"},\"image\":{\"@type\":\"ImageObject\",\"url\":\"https:\\\/\\\/newsinfoco.com.br\\\/inicio\\\/wp-content\\\/uploads\\\/2025\\\/06\\\/setur-1.jpg\",\"@id\":\"https:\\\/\\\/newsinfoco.com.br\\\/inicio\\\/festejos-juninos-movimentam-oito-zonas-turisticas-da-bahia\\\/#mainImage\",\"width\":600,\"height\":420},\"primaryImageOfPage\":{\"@id\":\"https:\\\/\\\/newsinfoco.com.br\\\/inicio\\\/festejos-juninos-movimentam-oito-zonas-turisticas-da-bahia\\\/#mainImage\"},\"datePublished\":\"2025-06-17T16:47:44-03:00\",\"dateModified\":\"2025-06-17T16:47:44-03:00\"},{\"@type\":\"WebSite\",\"@id\":\"https:\\\/\\\/newsinfoco.com.br\\\/inicio\\\/#website\",\"url\":\"https:\\\/\\\/newsinfoco.com.br\\\/inicio\\\/\",\"name\":\"News In Foco - Editado por Caio Pimenta\",\"description\":\"O principal site de noticias de Alagoinhas e regi\\u00e3o\",\"inLanguage\":\"pt-BR\",\"publisher\":{\"@id\":\"https:\\\/\\\/newsinfoco.com.br\\\/inicio\\\/#organization\"}}]}\n\t\t<\/script>\n\t\t<!-- All in One SEO -->\n\n","aioseo_head_json":{"title":"Festejos juninos movimentam oito zonas tur\u00edsticas da Bahia - News In Foco - Editado por Caio Pimenta","description":"Com o ponto alto das homenagens a Santo Ant\u00f4nio, na \u00faltima sexta-feira (13), o clima junino tomou conta da Bahia, no fim de semana, repleto de festividades antes do S\u00e3o Jo\u00e3o. Em oito zonas tur\u00edsticas, a cultura nordestina foi celebrada, com o apoio da Secretaria de Turismo do Estado (Setur-BA). Em Salvador, na zona tur\u00edstica","canonical_url":"https:\/\/newsinfoco.com.br\/inicio\/festejos-juninos-movimentam-oito-zonas-turisticas-da-bahia\/","robots":"max-image-preview:large","keywords":"","webmasterTools":{"miscellaneous":""},"schema":{"@context":"https:\/\/schema.org","@graph":[{"@type":"BlogPosting","@id":"https:\/\/newsinfoco.com.br\/inicio\/festejos-juninos-movimentam-oito-zonas-turisticas-da-bahia\/#blogposting","name":"Festejos juninos movimentam oito zonas tur\u00edsticas da Bahia - News In Foco - Editado por Caio Pimenta","headline":"Festejos juninos movimentam oito zonas tur\u00edsticas da Bahia","author":{"@id":"https:\/\/newsinfoco.com.br\/inicio\/author\/administrador\/#author"},"publisher":{"@id":"https:\/\/newsinfoco.com.br\/inicio\/#organization"},"image":{"@type":"ImageObject","url":"https:\/\/newsinfoco.com.br\/inicio\/wp-content\/uploads\/2025\/06\/setur-1.jpg","width":600,"height":420},"datePublished":"2025-06-17T16:47:44-03:00","dateModified":"2025-06-17T16:47:44-03:00","inLanguage":"pt-BR","mainEntityOfPage":{"@id":"https:\/\/newsinfoco.com.br\/inicio\/festejos-juninos-movimentam-oito-zonas-turisticas-da-bahia\/#webpage"},"isPartOf":{"@id":"https:\/\/newsinfoco.com.br\/inicio\/festejos-juninos-movimentam-oito-zonas-turisticas-da-bahia\/#webpage"},"articleSection":"Bahia"},{"@type":"BreadcrumbList","@id":"https:\/\/newsinfoco.com.br\/inicio\/festejos-juninos-movimentam-oito-zonas-turisticas-da-bahia\/#breadcrumblist","itemListElement":[{"@type":"ListItem","@id":"https:\/\/newsinfoco.com.br\/inicio#listItem","position":1,"name":"In\u00edcio","item":"https:\/\/newsinfoco.com.br\/inicio","nextItem":{"@type":"ListItem","@id":"https:\/\/newsinfoco.com.br\/inicio\/category\/bahia\/#listItem","name":"Bahia"}},{"@type":"ListItem","@id":"https:\/\/newsinfoco.com.br\/inicio\/category\/bahia\/#listItem","position":2,"name":"Bahia","item":"https:\/\/newsinfoco.com.br\/inicio\/category\/bahia\/","nextItem":{"@type":"ListItem","@id":"https:\/\/newsinfoco.com.br\/inicio\/festejos-juninos-movimentam-oito-zonas-turisticas-da-bahia\/#listItem","name":"Festejos juninos movimentam oito zonas tur\u00edsticas da Bahia"},"previousItem":{"@type":"ListItem","@id":"https:\/\/newsinfoco.com.br\/inicio#listItem","name":"In\u00edcio"}},{"@type":"ListItem","@id":"https:\/\/newsinfoco.com.br\/inicio\/festejos-juninos-movimentam-oito-zonas-turisticas-da-bahia\/#listItem","position":3,"name":"Festejos juninos movimentam oito zonas tur\u00edsticas da Bahia","previousItem":{"@type":"ListItem","@id":"https:\/\/newsinfoco.com.br\/inicio\/category\/bahia\/#listItem","name":"Bahia"}}]},{"@type":"Organization","@id":"https:\/\/newsinfoco.com.br\/inicio\/#organization","name":"News In Foco - Editado por Caio Pimenta","description":"O principal site de noticias de Alagoinhas e regi\u00e3o","url":"https:\/\/newsinfoco.com.br\/inicio\/"},{"@type":"Person","@id":"https:\/\/newsinfoco.com.br\/inicio\/author\/administrador\/#author","url":"https:\/\/newsinfoco.com.br\/inicio\/author\/administrador\/","name":"administrador","image":{"@type":"ImageObject","@id":"https:\/\/newsinfoco.com.br\/inicio\/festejos-juninos-movimentam-oito-zonas-turisticas-da-bahia\/#authorImage","url":"https:\/\/secure.gravatar.com\/avatar\/c17a617433de8c1dc9584bb79aab7563b46f5bb7e1728c9b17d9cc3ce6a08e49?s=96&d=mm&r=g","width":96,"height":96,"caption":"administrador"}},{"@type":"WebPage","@id":"https:\/\/newsinfoco.com.br\/inicio\/festejos-juninos-movimentam-oito-zonas-turisticas-da-bahia\/#webpage","url":"https:\/\/newsinfoco.com.br\/inicio\/festejos-juninos-movimentam-oito-zonas-turisticas-da-bahia\/","name":"Festejos juninos movimentam oito zonas tur\u00edsticas da Bahia - News In Foco - Editado por Caio Pimenta","description":"Com o ponto alto das homenagens a Santo Ant\u00f4nio, na \u00faltima sexta-feira (13), o clima junino tomou conta da Bahia, no fim de semana, repleto de festividades antes do S\u00e3o Jo\u00e3o. Em oito zonas tur\u00edsticas, a cultura nordestina foi celebrada, com o apoio da Secretaria de Turismo do Estado (Setur-BA). Em Salvador, na zona tur\u00edstica","inLanguage":"pt-BR","isPartOf":{"@id":"https:\/\/newsinfoco.com.br\/inicio\/#website"},"breadcrumb":{"@id":"https:\/\/newsinfoco.com.br\/inicio\/festejos-juninos-movimentam-oito-zonas-turisticas-da-bahia\/#breadcrumblist"},"author":{"@id":"https:\/\/newsinfoco.com.br\/inicio\/author\/administrador\/#author"},"creator":{"@id":"https:\/\/newsinfoco.com.br\/inicio\/author\/administrador\/#author"},"image":{"@type":"ImageObject","url":"https:\/\/newsinfoco.com.br\/inicio\/wp-content\/uploads\/2025\/06\/setur-1.jpg","@id":"https:\/\/newsinfoco.com.br\/inicio\/festejos-juninos-movimentam-oito-zonas-turisticas-da-bahia\/#mainImage","width":600,"height":420},"primaryImageOfPage":{"@id":"https:\/\/newsinfoco.com.br\/inicio\/festejos-juninos-movimentam-oito-zonas-turisticas-da-bahia\/#mainImage"},"datePublished":"2025-06-17T16:47:44-03:00","dateModified":"2025-06-17T16:47:44-03:00"},{"@type":"WebSite","@id":"https:\/\/newsinfoco.com.br\/inicio\/#website","url":"https:\/\/newsinfoco.com.br\/inicio\/","name":"News In Foco - Editado por Caio Pimenta","description":"O principal site de noticias de Alagoinhas e regi\u00e3o","inLanguage":"pt-BR","publisher":{"@id":"https:\/\/newsinfoco.com.br\/inicio\/#organization"}}]},"og:locale":"pt_BR","og:site_name":"News In Foco - Editado por Caio Pimenta - O principal site de noticias de Alagoinhas e regi\u00e3o","og:type":"article","og:title":"Festejos juninos movimentam oito zonas tur\u00edsticas da Bahia - News In Foco - Editado por Caio Pimenta","og:description":"Com o ponto alto das homenagens a Santo Ant\u00f4nio, na \u00faltima sexta-feira (13), o clima junino tomou conta da Bahia, no fim de semana, repleto de festividades antes do S\u00e3o Jo\u00e3o. Em oito zonas tur\u00edsticas, a cultura nordestina foi celebrada, com o apoio da Secretaria de Turismo do Estado (Setur-BA). Em Salvador, na zona tur\u00edstica","og:url":"https:\/\/newsinfoco.com.br\/inicio\/festejos-juninos-movimentam-oito-zonas-turisticas-da-bahia\/","article:published_time":"2025-06-17T19:47:44+00:00","article:modified_time":"2025-06-17T19:47:44+00:00","twitter:card":"summary_large_image","twitter:title":"Festejos juninos movimentam oito zonas tur\u00edsticas da Bahia - News In Foco - Editado por Caio Pimenta","twitter:description":"Com o ponto alto das homenagens a Santo Ant\u00f4nio, na \u00faltima sexta-feira (13), o clima junino tomou conta da Bahia, no fim de semana, repleto de festividades antes do S\u00e3o Jo\u00e3o. Em oito zonas tur\u00edsticas, a cultura nordestina foi celebrada, com o apoio da Secretaria de Turismo do Estado (Setur-BA). Em Salvador, na zona tur\u00edstica"},"aioseo_meta_data":{"post_id":"42569","title":null,"description":null,"keywords":null,"keyphrases":{"focus":{"keyphrase":"","score":0,"analysis":{"keyphraseInTitle":{"score":0,"maxScore":9,"error":1}}},"additional":[]},"primary_term":null,"canonical_url":null,"og_title":null,"og_description":null,"og_object_type":"default","og_image_type":"default","og_image_url":null,"og_image_width":null,"og_image_height":null,"og_image_custom_url":null,"og_image_custom_fields":null,"og_video":"","og_custom_url":null,"og_article_section":null,"og_article_tags":null,"twitter_use_og":false,"twitter_card":"default","twitter_image_type":"default","twitter_image_url":null,"twitter_image_custom_url":null,"twitter_image_custom_fields":null,"twitter_title":null,"twitter_description":null,"schema":{"blockGraphs":[],"customGraphs":[],"default":{"data":{"Article":[],"Course":[],"Dataset":[],"FAQPage":[],"Movie":[],"Person":[],"Product":[],"ProductReview":[],"Car":[],"Recipe":[],"Service":[],"SoftwareApplication":[],"WebPage":[]},"graphName":"BlogPosting","isEnabled":true},"graphs":[]},"schema_type":"default","schema_type_options":null,"pillar_content":false,"robots_default":true,"robots_noindex":false,"robots_noarchive":false,"robots_nosnippet":false,"robots_nofollow":false,"robots_noimageindex":false,"robots_noodp":false,"robots_notranslate":false,"robots_max_snippet":"-1","robots_max_videopreview":"-1","robots_max_imagepreview":"large","priority":null,"frequency":"default","local_seo":null,"breadcrumb_settings":null,"limit_modified_date":false,"ai":null,"created":"2025-06-17 19:47:44","updated":"2025-07-11 14:00:16","seo_analyzer_scan_date":null},"aioseo_breadcrumb":"<div class=\"aioseo-breadcrumbs\"><span class=\"aioseo-breadcrumb\">\n\t\t\t<a href=\"https:\/\/newsinfoco.com.br\/inicio\" title=\"In\u00edcio\">In\u00edcio<\/a>\n\t\t<\/span><span class=\"aioseo-breadcrumb-separator\">&raquo;<\/span><span class=\"aioseo-breadcrumb\">\n\t\t\t<a href=\"https:\/\/newsinfoco.com.br\/inicio\/category\/bahia\/\" title=\"Bahia\">Bahia<\/a>\n\t\t<\/span><span class=\"aioseo-breadcrumb-separator\">&raquo;<\/span><span class=\"aioseo-breadcrumb\">\n\t\t\tFestejos juninos movimentam oito zonas tur\u00edsticas da Bahia\n\t\t<\/span><\/div>","aioseo_breadcrumb_json":[{"label":"In\u00edcio","link":"https:\/\/newsinfoco.com.br\/inicio"},{"label":"Bahia","link":"https:\/\/newsinfoco.com.br\/inicio\/category\/bahia\/"},{"label":"Festejos juninos movimentam oito zonas tur\u00edsticas da Bahia","link":"https:\/\/newsinfoco.com.br\/inicio\/festejos-juninos-movimentam-oito-zonas-turisticas-da-bahia\/"}],"_links":{"self":[{"href":"https:\/\/newsinfoco.com.br\/inicio\/wp-json\/wp\/v2\/posts\/42569","targetHints":{"allow":["GET"]}}],"collection":[{"href":"https:\/\/newsinfoco.com.br\/inicio\/wp-json\/wp\/v2\/posts"}],"about":[{"href":"https:\/\/newsinfoco.com.br\/inicio\/wp-json\/wp\/v2\/types\/post"}],"author":[{"embeddable":true,"href":"https:\/\/newsinfoco.com.br\/inicio\/wp-json\/wp\/v2\/users\/1"}],"replies":[{"embeddable":true,"href":"https:\/\/newsinfoco.com.br\/inicio\/wp-json\/wp\/v2\/comments?post=42569"}],"version-history":[{"count":1,"href":"https:\/\/newsinfoco.com.br\/inicio\/wp-json\/wp\/v2\/posts\/42569\/revisions"}],"predecessor-version":[{"id":42571,"href":"https:\/\/newsinfoco.com.br\/inicio\/wp-json\/wp\/v2\/posts\/42569\/revisions\/42571"}],"wp:featuredmedia":[{"embeddable":true,"href":"https:\/\/newsinfoco.com.br\/inicio\/wp-json\/wp\/v2\/media\/42570"}],"wp:attachment":[{"href":"https:\/\/newsinfoco.com.br\/inicio\/wp-json\/wp\/v2\/media?parent=42569"}],"wp:term":[{"taxonomy":"category","embeddable":true,"href":"https:\/\/newsinfoco.com.br\/inicio\/wp-json\/wp\/v2\/categories?post=42569"},{"taxonomy":"post_tag","embeddable":true,"href":"https:\/\/newsinfoco.com.br\/inicio\/wp-json\/wp\/v2\/tags?post=42569"}],"curies":[{"name":"wp","href":"https:\/\/api.w.org\/{rel}","templated":true}]}}