{"id":42612,"date":"2025-06-18T16:08:39","date_gmt":"2025-06-18T19:08:39","guid":{"rendered":"https:\/\/newsinfoco.com.br\/inicio\/?p=42612"},"modified":"2025-06-18T16:08:39","modified_gmt":"2025-06-18T19:08:39","slug":"vetos-de-lula-em-beneficios-para-energia-alternativa-sao-derrubados","status":"publish","type":"post","link":"https:\/\/newsinfoco.com.br\/inicio\/vetos-de-lula-em-beneficios-para-energia-alternativa-sao-derrubados\/","title":{"rendered":"Vetos de Lula em benef\u00edcios para energia alternativa s\u00e3o derrubados"},"content":{"rendered":"<p>O Congresso Nacional derrubou na ter\u00e7a-feira (17) parte dos vetos do presidente Luiz In\u00e1cio Lula da Silva (PT) aos \u201cjabutis\u201d, jarg\u00e3o dado a trechos inseridos em projetos de lei que n\u00e3o possuem rela\u00e7\u00e3o com o tema original dos textos, na legisla\u00e7\u00e3o que regulamenta a instala\u00e7\u00e3o de equipamentos para energia e\u00f3lica em alto-mar (offshore) no Brasil.<\/p>\n<p>Segundo mat\u00e9ria do InfoMoney, os vetos derrubados estabeleciam a obrigatoriedade de contratar usinas geradoras de energia, o que ser\u00e1 pago por todos os brasileiros atrav\u00e9s das contas de luz. O impacto desta derrubada \u00e9 estimado em at\u00e9 R$ 197 bilh\u00f5es no total at\u00e9 2050, de acordo com a Abrace, associa\u00e7\u00e3o que representa grandes consumidores de energia.<\/p>\n<p>Os vetos foram derrubados ap\u00f3s um acordo entre governo e parlamentares. Parte das propostas barradas por Lula tiveram a an\u00e1lise adiada para outras sess\u00f5es do Congresso, como os trechos referentes a dispositivos da lei que obrigavam a contrata\u00e7\u00e3o de t\u00e9rmicas a g\u00e1s e a carv\u00e3o.<\/p>\n<p>O governo negocia ainda a adi\u00e7\u00e3o de parte destes vetos ainda n\u00e3o analisados em uma medida provis\u00f3ria ou projeto de lei para serem negociados.<\/p>\n<p><strong>O que foi derrubado<\/strong><\/p>\n<p><strong>-Contrata\u00e7\u00e3o compuls\u00f3ria de pequenas centrais hidrel\u00e9tricas<\/strong><\/p>\n<p><strong>Como \u00e9 hoje:<\/strong>\u00a0a contrata\u00e7\u00e3o \u00e9 condicionada ao crescimento da demanda das distribuidoras, em compasso com o consumo de energia no pa\u00eds.<\/p>\n<p><strong>O que o Congresso determina, ap\u00f3s a derrubada do veto:<\/strong>\u00a0contrata\u00e7\u00e3o compuls\u00f3ria de 4,9 GW, mesmo se n\u00e3o houver necessidade.<\/p>\n<p>&nbsp;<\/p>\n<p><strong>-Extens\u00e3o dos contratos do Proinfa (Programa de Incentivo \u00e0s Fontes Alternativas de Energia El\u00e9trica)<\/strong><\/p>\n<p><strong>Como \u00e9 hoje:<\/strong>\u00a0a extens\u00e3o est\u00e1 condicionada \u00e0 avalia\u00e7\u00e3o da Aneel e \u00e0 redu\u00e7\u00e3o do pre\u00e7o dos contratos.<\/p>\n<p><strong>O que o Congresso determina, ap\u00f3s a derrubada do veto:<\/strong>\u00a0retira a necessidade de avalia\u00e7\u00e3o por parte da Aneel e atenua a redu\u00e7\u00e3o dos novos pre\u00e7os dos contratos.<\/p>\n<p><strong>-Constru\u00e7\u00e3o de planta de hidrog\u00eanio<\/strong><\/p>\n<p><strong>Como \u00e9 hoje:<\/strong>\u00a0n\u00e3o h\u00e1 determina\u00e7\u00f5es sobre o assunto em vig\u00eancia.<\/p>\n<p><strong>O que o Congresso determina, ap\u00f3s a derrubada do veto:<\/strong>\u00a0contrata\u00e7\u00e3o compuls\u00f3ria de 250 MW.<\/p>\n<p><strong>-Contrata\u00e7\u00e3o compuls\u00f3ria de energia e\u00f3lica na Regi\u00e3o Sul<\/strong><\/p>\n<div>\n<div>\n<div class=\"trv-player-container\">\n<div class=\"trv-wrapper\">\n<div id=\"br_video_player_6542b9421da10a35b87ec695f477b49dc3c659f9\" class=\"trvd_video_player trvdinstream\">\n<div class=\"media-player\">\n<div class=\"trv-video\">\n<div id=\"truvid_ima_container49082\" class=\"truvid_ima_container\">\n<div>\n<div>\n<div class=\"conteudo_post\">\n<p><strong>Como \u00e9 hoje:<\/strong>\u00a0n\u00e3o h\u00e1 determina\u00e7\u00f5es sobre o assunto em vig\u00eancia.<\/p>\n<p><strong>O que o Congresso determina, ap\u00f3s a derrubada do veto:<\/strong>\u00a0contrata\u00e7\u00e3o compuls\u00f3ria de 300 MW.<\/p>\n<\/div>\n<div id=\"div-share\">Baseado em mat\u00e9ria do Bahia.Ba<\/div>\n<\/div>\n<\/div>\n<\/div>\n<\/div>\n<\/div>\n<\/div>\n<\/div>\n<\/div>\n<\/div>\n<\/div>\n<div class='share-to-whatsapp-wrapper'><div class='share-on-whsp'>Share on: <\/div><a data-text='Vetos de Lula em benef\u00edcios para energia alternativa s\u00e3o derrubados' data-link='https:\/\/newsinfoco.com.br\/inicio\/vetos-de-lula-em-beneficios-para-energia-alternativa-sao-derrubados\/' class='whatsapp-button whatsapp-share'>WhatsApp<\/a><div class='clear '><\/div><\/div>","protected":false},"excerpt":{"rendered":"<p>O Congresso Nacional derrubou na ter\u00e7a-feira (17) parte dos vetos do presidente Luiz In\u00e1cio Lula da Silva (PT) aos \u201cjabutis\u201d, jarg\u00e3o dado a trechos inseridos em projetos de lei que n\u00e3o possuem rela\u00e7\u00e3o com o tema original dos textos, na legisla\u00e7\u00e3o que regulamenta a instala\u00e7\u00e3o de equipamentos para energia e\u00f3lica em alto-mar (offshore) no Brasil. [&hellip;]<\/p>\n","protected":false},"author":1,"featured_media":42613,"comment_status":"closed","ping_status":"closed","sticky":false,"template":"","format":"standard","meta":{"om_disable_all_campaigns":false,"rop_custom_images_group":[],"rop_custom_messages_group":[],"rop_publish_now":"initial","rop_publish_now_accounts":[],"rop_publish_now_history":[],"rop_publish_now_status":"pending","_exactmetrics_skip_tracking":false,"footnotes":""},"categories":[21],"tags":[],"class_list":["post-42612","post","type-post","status-publish","format-standard","has-post-thumbnail","hentry","category-brasil"],"aioseo_notices":[],"aioseo_head":"\n\t\t<!-- All in One SEO 4.9.10 - aioseo.com -->\n\t<meta name=\"description\" content=\"O Congresso Nacional derrubou na ter\u00e7a-feira (17) parte dos vetos do presidente Luiz In\u00e1cio Lula da Silva (PT) aos \u201cjabutis\u201d, jarg\u00e3o dado a trechos inseridos em projetos de lei que n\u00e3o possuem rela\u00e7\u00e3o com o tema original dos textos, na legisla\u00e7\u00e3o que regulamenta a instala\u00e7\u00e3o de equipamentos para energia e\u00f3lica em alto-mar (offshore) no Brasil.\" \/>\n\t<meta name=\"robots\" content=\"max-image-preview:large\" \/>\n\t<meta name=\"author\" content=\"administrador\"\/>\n\t<link rel=\"canonical\" href=\"https:\/\/newsinfoco.com.br\/inicio\/vetos-de-lula-em-beneficios-para-energia-alternativa-sao-derrubados\/\" \/>\n\t<meta name=\"generator\" content=\"All in One SEO (AIOSEO) 4.9.10\" \/>\n\t\t<meta property=\"og:locale\" content=\"pt_BR\" \/>\n\t\t<meta property=\"og:site_name\" content=\"News In Foco - Editado por Caio Pimenta - O principal site de noticias de Alagoinhas e regi\u00e3o\" \/>\n\t\t<meta property=\"og:type\" content=\"article\" \/>\n\t\t<meta property=\"og:title\" content=\"Vetos de Lula em benef\u00edcios para energia alternativa s\u00e3o derrubados - News In Foco - Editado por Caio Pimenta\" \/>\n\t\t<meta property=\"og:description\" content=\"O Congresso Nacional derrubou na ter\u00e7a-feira (17) parte dos vetos do presidente Luiz In\u00e1cio Lula da Silva (PT) aos \u201cjabutis\u201d, jarg\u00e3o dado a trechos inseridos em projetos de lei que n\u00e3o possuem rela\u00e7\u00e3o com o tema original dos textos, na legisla\u00e7\u00e3o que regulamenta a instala\u00e7\u00e3o de equipamentos para energia e\u00f3lica em alto-mar (offshore) no Brasil.\" \/>\n\t\t<meta property=\"og:url\" content=\"https:\/\/newsinfoco.com.br\/inicio\/vetos-de-lula-em-beneficios-para-energia-alternativa-sao-derrubados\/\" \/>\n\t\t<meta property=\"article:published_time\" content=\"2025-06-18T19:08:39+00:00\" \/>\n\t\t<meta property=\"article:modified_time\" content=\"2025-06-18T19:08:39+00:00\" \/>\n\t\t<meta name=\"twitter:card\" content=\"summary_large_image\" \/>\n\t\t<meta name=\"twitter:title\" content=\"Vetos de Lula em benef\u00edcios para energia alternativa s\u00e3o derrubados - News In Foco - Editado por Caio Pimenta\" \/>\n\t\t<meta name=\"twitter:description\" content=\"O Congresso Nacional derrubou na ter\u00e7a-feira (17) parte dos vetos do presidente Luiz In\u00e1cio Lula da Silva (PT) aos \u201cjabutis\u201d, jarg\u00e3o dado a trechos inseridos em projetos de lei que n\u00e3o possuem rela\u00e7\u00e3o com o tema original dos textos, na legisla\u00e7\u00e3o que regulamenta a instala\u00e7\u00e3o de equipamentos para energia e\u00f3lica em alto-mar (offshore) no Brasil.\" \/>\n\t\t<script type=\"application\/ld+json\" class=\"aioseo-schema\">\n\t\t\t{\"@context\":\"https:\\\/\\\/schema.org\",\"@graph\":[{\"@type\":\"BlogPosting\",\"@id\":\"https:\\\/\\\/newsinfoco.com.br\\\/inicio\\\/vetos-de-lula-em-beneficios-para-energia-alternativa-sao-derrubados\\\/#blogposting\",\"name\":\"Vetos de Lula em benef\\u00edcios para energia alternativa s\\u00e3o derrubados - News In Foco - Editado por Caio Pimenta\",\"headline\":\"Vetos de Lula em benef\\u00edcios para energia alternativa s\\u00e3o derrubados\",\"author\":{\"@id\":\"https:\\\/\\\/newsinfoco.com.br\\\/inicio\\\/author\\\/administrador\\\/#author\"},\"publisher\":{\"@id\":\"https:\\\/\\\/newsinfoco.com.br\\\/inicio\\\/#organization\"},\"image\":{\"@type\":\"ImageObject\",\"url\":\"https:\\\/\\\/newsinfoco.com.br\\\/inicio\\\/wp-content\\\/uploads\\\/2025\\\/06\\\/Congresso-Nacional-Joedson-Alves-Agencia-Brasil-ARQUIVO.jpg\",\"width\":600,\"height\":420},\"datePublished\":\"2025-06-18T16:08:39-03:00\",\"dateModified\":\"2025-06-18T16:08:39-03:00\",\"inLanguage\":\"pt-BR\",\"mainEntityOfPage\":{\"@id\":\"https:\\\/\\\/newsinfoco.com.br\\\/inicio\\\/vetos-de-lula-em-beneficios-para-energia-alternativa-sao-derrubados\\\/#webpage\"},\"isPartOf\":{\"@id\":\"https:\\\/\\\/newsinfoco.com.br\\\/inicio\\\/vetos-de-lula-em-beneficios-para-energia-alternativa-sao-derrubados\\\/#webpage\"},\"articleSection\":\"Brasil\"},{\"@type\":\"BreadcrumbList\",\"@id\":\"https:\\\/\\\/newsinfoco.com.br\\\/inicio\\\/vetos-de-lula-em-beneficios-para-energia-alternativa-sao-derrubados\\\/#breadcrumblist\",\"itemListElement\":[{\"@type\":\"ListItem\",\"@id\":\"https:\\\/\\\/newsinfoco.com.br\\\/inicio#listItem\",\"position\":1,\"name\":\"In\\u00edcio\",\"item\":\"https:\\\/\\\/newsinfoco.com.br\\\/inicio\",\"nextItem\":{\"@type\":\"ListItem\",\"@id\":\"https:\\\/\\\/newsinfoco.com.br\\\/inicio\\\/category\\\/brasil\\\/#listItem\",\"name\":\"Brasil\"}},{\"@type\":\"ListItem\",\"@id\":\"https:\\\/\\\/newsinfoco.com.br\\\/inicio\\\/category\\\/brasil\\\/#listItem\",\"position\":2,\"name\":\"Brasil\",\"item\":\"https:\\\/\\\/newsinfoco.com.br\\\/inicio\\\/category\\\/brasil\\\/\",\"nextItem\":{\"@type\":\"ListItem\",\"@id\":\"https:\\\/\\\/newsinfoco.com.br\\\/inicio\\\/vetos-de-lula-em-beneficios-para-energia-alternativa-sao-derrubados\\\/#listItem\",\"name\":\"Vetos de Lula em benef\\u00edcios para energia alternativa s\\u00e3o derrubados\"},\"previousItem\":{\"@type\":\"ListItem\",\"@id\":\"https:\\\/\\\/newsinfoco.com.br\\\/inicio#listItem\",\"name\":\"In\\u00edcio\"}},{\"@type\":\"ListItem\",\"@id\":\"https:\\\/\\\/newsinfoco.com.br\\\/inicio\\\/vetos-de-lula-em-beneficios-para-energia-alternativa-sao-derrubados\\\/#listItem\",\"position\":3,\"name\":\"Vetos de Lula em benef\\u00edcios para energia alternativa s\\u00e3o derrubados\",\"previousItem\":{\"@type\":\"ListItem\",\"@id\":\"https:\\\/\\\/newsinfoco.com.br\\\/inicio\\\/category\\\/brasil\\\/#listItem\",\"name\":\"Brasil\"}}]},{\"@type\":\"Organization\",\"@id\":\"https:\\\/\\\/newsinfoco.com.br\\\/inicio\\\/#organization\",\"name\":\"News In Foco - Editado por Caio Pimenta\",\"description\":\"O principal site de noticias de Alagoinhas e regi\\u00e3o\",\"url\":\"https:\\\/\\\/newsinfoco.com.br\\\/inicio\\\/\"},{\"@type\":\"Person\",\"@id\":\"https:\\\/\\\/newsinfoco.com.br\\\/inicio\\\/author\\\/administrador\\\/#author\",\"url\":\"https:\\\/\\\/newsinfoco.com.br\\\/inicio\\\/author\\\/administrador\\\/\",\"name\":\"administrador\",\"image\":{\"@type\":\"ImageObject\",\"@id\":\"https:\\\/\\\/newsinfoco.com.br\\\/inicio\\\/vetos-de-lula-em-beneficios-para-energia-alternativa-sao-derrubados\\\/#authorImage\",\"url\":\"https:\\\/\\\/secure.gravatar.com\\\/avatar\\\/c17a617433de8c1dc9584bb79aab7563b46f5bb7e1728c9b17d9cc3ce6a08e49?s=96&d=mm&r=g\",\"width\":96,\"height\":96,\"caption\":\"administrador\"}},{\"@type\":\"WebPage\",\"@id\":\"https:\\\/\\\/newsinfoco.com.br\\\/inicio\\\/vetos-de-lula-em-beneficios-para-energia-alternativa-sao-derrubados\\\/#webpage\",\"url\":\"https:\\\/\\\/newsinfoco.com.br\\\/inicio\\\/vetos-de-lula-em-beneficios-para-energia-alternativa-sao-derrubados\\\/\",\"name\":\"Vetos de Lula em benef\\u00edcios para energia alternativa s\\u00e3o derrubados - News In Foco - Editado por Caio Pimenta\",\"description\":\"O Congresso Nacional derrubou na ter\\u00e7a-feira (17) parte dos vetos do presidente Luiz In\\u00e1cio Lula da Silva (PT) aos \\u201cjabutis\\u201d, jarg\\u00e3o dado a trechos inseridos em projetos de lei que n\\u00e3o possuem rela\\u00e7\\u00e3o com o tema original dos textos, na legisla\\u00e7\\u00e3o que regulamenta a instala\\u00e7\\u00e3o de equipamentos para energia e\\u00f3lica em alto-mar (offshore) no Brasil.\",\"inLanguage\":\"pt-BR\",\"isPartOf\":{\"@id\":\"https:\\\/\\\/newsinfoco.com.br\\\/inicio\\\/#website\"},\"breadcrumb\":{\"@id\":\"https:\\\/\\\/newsinfoco.com.br\\\/inicio\\\/vetos-de-lula-em-beneficios-para-energia-alternativa-sao-derrubados\\\/#breadcrumblist\"},\"author\":{\"@id\":\"https:\\\/\\\/newsinfoco.com.br\\\/inicio\\\/author\\\/administrador\\\/#author\"},\"creator\":{\"@id\":\"https:\\\/\\\/newsinfoco.com.br\\\/inicio\\\/author\\\/administrador\\\/#author\"},\"image\":{\"@type\":\"ImageObject\",\"url\":\"https:\\\/\\\/newsinfoco.com.br\\\/inicio\\\/wp-content\\\/uploads\\\/2025\\\/06\\\/Congresso-Nacional-Joedson-Alves-Agencia-Brasil-ARQUIVO.jpg\",\"@id\":\"https:\\\/\\\/newsinfoco.com.br\\\/inicio\\\/vetos-de-lula-em-beneficios-para-energia-alternativa-sao-derrubados\\\/#mainImage\",\"width\":600,\"height\":420},\"primaryImageOfPage\":{\"@id\":\"https:\\\/\\\/newsinfoco.com.br\\\/inicio\\\/vetos-de-lula-em-beneficios-para-energia-alternativa-sao-derrubados\\\/#mainImage\"},\"datePublished\":\"2025-06-18T16:08:39-03:00\",\"dateModified\":\"2025-06-18T16:08:39-03:00\"},{\"@type\":\"WebSite\",\"@id\":\"https:\\\/\\\/newsinfoco.com.br\\\/inicio\\\/#website\",\"url\":\"https:\\\/\\\/newsinfoco.com.br\\\/inicio\\\/\",\"name\":\"News In Foco - Editado por Caio Pimenta\",\"description\":\"O principal site de noticias de Alagoinhas e regi\\u00e3o\",\"inLanguage\":\"pt-BR\",\"publisher\":{\"@id\":\"https:\\\/\\\/newsinfoco.com.br\\\/inicio\\\/#organization\"}}]}\n\t\t<\/script>\n\t\t<!-- All in One SEO -->\n\n","aioseo_head_json":{"title":"Vetos de Lula em benef\u00edcios para energia alternativa s\u00e3o derrubados - News In Foco - Editado por Caio Pimenta","description":"O Congresso Nacional derrubou na ter\u00e7a-feira (17) parte dos vetos do presidente Luiz In\u00e1cio Lula da Silva (PT) aos \u201cjabutis\u201d, jarg\u00e3o dado a trechos inseridos em projetos de lei que n\u00e3o possuem rela\u00e7\u00e3o com o tema original dos textos, na legisla\u00e7\u00e3o que regulamenta a instala\u00e7\u00e3o de equipamentos para energia e\u00f3lica em alto-mar (offshore) no Brasil.","canonical_url":"https:\/\/newsinfoco.com.br\/inicio\/vetos-de-lula-em-beneficios-para-energia-alternativa-sao-derrubados\/","robots":"max-image-preview:large","keywords":"","webmasterTools":{"miscellaneous":""},"schema":{"@context":"https:\/\/schema.org","@graph":[{"@type":"BlogPosting","@id":"https:\/\/newsinfoco.com.br\/inicio\/vetos-de-lula-em-beneficios-para-energia-alternativa-sao-derrubados\/#blogposting","name":"Vetos de Lula em benef\u00edcios para energia alternativa s\u00e3o derrubados - News In Foco - Editado por Caio Pimenta","headline":"Vetos de Lula em benef\u00edcios para energia alternativa s\u00e3o derrubados","author":{"@id":"https:\/\/newsinfoco.com.br\/inicio\/author\/administrador\/#author"},"publisher":{"@id":"https:\/\/newsinfoco.com.br\/inicio\/#organization"},"image":{"@type":"ImageObject","url":"https:\/\/newsinfoco.com.br\/inicio\/wp-content\/uploads\/2025\/06\/Congresso-Nacional-Joedson-Alves-Agencia-Brasil-ARQUIVO.jpg","width":600,"height":420},"datePublished":"2025-06-18T16:08:39-03:00","dateModified":"2025-06-18T16:08:39-03:00","inLanguage":"pt-BR","mainEntityOfPage":{"@id":"https:\/\/newsinfoco.com.br\/inicio\/vetos-de-lula-em-beneficios-para-energia-alternativa-sao-derrubados\/#webpage"},"isPartOf":{"@id":"https:\/\/newsinfoco.com.br\/inicio\/vetos-de-lula-em-beneficios-para-energia-alternativa-sao-derrubados\/#webpage"},"articleSection":"Brasil"},{"@type":"BreadcrumbList","@id":"https:\/\/newsinfoco.com.br\/inicio\/vetos-de-lula-em-beneficios-para-energia-alternativa-sao-derrubados\/#breadcrumblist","itemListElement":[{"@type":"ListItem","@id":"https:\/\/newsinfoco.com.br\/inicio#listItem","position":1,"name":"In\u00edcio","item":"https:\/\/newsinfoco.com.br\/inicio","nextItem":{"@type":"ListItem","@id":"https:\/\/newsinfoco.com.br\/inicio\/category\/brasil\/#listItem","name":"Brasil"}},{"@type":"ListItem","@id":"https:\/\/newsinfoco.com.br\/inicio\/category\/brasil\/#listItem","position":2,"name":"Brasil","item":"https:\/\/newsinfoco.com.br\/inicio\/category\/brasil\/","nextItem":{"@type":"ListItem","@id":"https:\/\/newsinfoco.com.br\/inicio\/vetos-de-lula-em-beneficios-para-energia-alternativa-sao-derrubados\/#listItem","name":"Vetos de Lula em benef\u00edcios para energia alternativa s\u00e3o derrubados"},"previousItem":{"@type":"ListItem","@id":"https:\/\/newsinfoco.com.br\/inicio#listItem","name":"In\u00edcio"}},{"@type":"ListItem","@id":"https:\/\/newsinfoco.com.br\/inicio\/vetos-de-lula-em-beneficios-para-energia-alternativa-sao-derrubados\/#listItem","position":3,"name":"Vetos de Lula em benef\u00edcios para energia alternativa s\u00e3o derrubados","previousItem":{"@type":"ListItem","@id":"https:\/\/newsinfoco.com.br\/inicio\/category\/brasil\/#listItem","name":"Brasil"}}]},{"@type":"Organization","@id":"https:\/\/newsinfoco.com.br\/inicio\/#organization","name":"News In Foco - Editado por Caio Pimenta","description":"O principal site de noticias de Alagoinhas e regi\u00e3o","url":"https:\/\/newsinfoco.com.br\/inicio\/"},{"@type":"Person","@id":"https:\/\/newsinfoco.com.br\/inicio\/author\/administrador\/#author","url":"https:\/\/newsinfoco.com.br\/inicio\/author\/administrador\/","name":"administrador","image":{"@type":"ImageObject","@id":"https:\/\/newsinfoco.com.br\/inicio\/vetos-de-lula-em-beneficios-para-energia-alternativa-sao-derrubados\/#authorImage","url":"https:\/\/secure.gravatar.com\/avatar\/c17a617433de8c1dc9584bb79aab7563b46f5bb7e1728c9b17d9cc3ce6a08e49?s=96&d=mm&r=g","width":96,"height":96,"caption":"administrador"}},{"@type":"WebPage","@id":"https:\/\/newsinfoco.com.br\/inicio\/vetos-de-lula-em-beneficios-para-energia-alternativa-sao-derrubados\/#webpage","url":"https:\/\/newsinfoco.com.br\/inicio\/vetos-de-lula-em-beneficios-para-energia-alternativa-sao-derrubados\/","name":"Vetos de Lula em benef\u00edcios para energia alternativa s\u00e3o derrubados - News In Foco - Editado por Caio Pimenta","description":"O Congresso Nacional derrubou na ter\u00e7a-feira (17) parte dos vetos do presidente Luiz In\u00e1cio Lula da Silva (PT) aos \u201cjabutis\u201d, jarg\u00e3o dado a trechos inseridos em projetos de lei que n\u00e3o possuem rela\u00e7\u00e3o com o tema original dos textos, na legisla\u00e7\u00e3o que regulamenta a instala\u00e7\u00e3o de equipamentos para energia e\u00f3lica em alto-mar (offshore) no Brasil.","inLanguage":"pt-BR","isPartOf":{"@id":"https:\/\/newsinfoco.com.br\/inicio\/#website"},"breadcrumb":{"@id":"https:\/\/newsinfoco.com.br\/inicio\/vetos-de-lula-em-beneficios-para-energia-alternativa-sao-derrubados\/#breadcrumblist"},"author":{"@id":"https:\/\/newsinfoco.com.br\/inicio\/author\/administrador\/#author"},"creator":{"@id":"https:\/\/newsinfoco.com.br\/inicio\/author\/administrador\/#author"},"image":{"@type":"ImageObject","url":"https:\/\/newsinfoco.com.br\/inicio\/wp-content\/uploads\/2025\/06\/Congresso-Nacional-Joedson-Alves-Agencia-Brasil-ARQUIVO.jpg","@id":"https:\/\/newsinfoco.com.br\/inicio\/vetos-de-lula-em-beneficios-para-energia-alternativa-sao-derrubados\/#mainImage","width":600,"height":420},"primaryImageOfPage":{"@id":"https:\/\/newsinfoco.com.br\/inicio\/vetos-de-lula-em-beneficios-para-energia-alternativa-sao-derrubados\/#mainImage"},"datePublished":"2025-06-18T16:08:39-03:00","dateModified":"2025-06-18T16:08:39-03:00"},{"@type":"WebSite","@id":"https:\/\/newsinfoco.com.br\/inicio\/#website","url":"https:\/\/newsinfoco.com.br\/inicio\/","name":"News In Foco - Editado por Caio Pimenta","description":"O principal site de noticias de Alagoinhas e regi\u00e3o","inLanguage":"pt-BR","publisher":{"@id":"https:\/\/newsinfoco.com.br\/inicio\/#organization"}}]},"og:locale":"pt_BR","og:site_name":"News In Foco - Editado por Caio Pimenta - O principal site de noticias de Alagoinhas e regi\u00e3o","og:type":"article","og:title":"Vetos de Lula em benef\u00edcios para energia alternativa s\u00e3o derrubados - News In Foco - Editado por Caio Pimenta","og:description":"O Congresso Nacional derrubou na ter\u00e7a-feira (17) parte dos vetos do presidente Luiz In\u00e1cio Lula da Silva (PT) aos \u201cjabutis\u201d, jarg\u00e3o dado a trechos inseridos em projetos de lei que n\u00e3o possuem rela\u00e7\u00e3o com o tema original dos textos, na legisla\u00e7\u00e3o que regulamenta a instala\u00e7\u00e3o de equipamentos para energia e\u00f3lica em alto-mar (offshore) no Brasil.","og:url":"https:\/\/newsinfoco.com.br\/inicio\/vetos-de-lula-em-beneficios-para-energia-alternativa-sao-derrubados\/","article:published_time":"2025-06-18T19:08:39+00:00","article:modified_time":"2025-06-18T19:08:39+00:00","twitter:card":"summary_large_image","twitter:title":"Vetos de Lula em benef\u00edcios para energia alternativa s\u00e3o derrubados - News In Foco - Editado por Caio Pimenta","twitter:description":"O Congresso Nacional derrubou na ter\u00e7a-feira (17) parte dos vetos do presidente Luiz In\u00e1cio Lula da Silva (PT) aos \u201cjabutis\u201d, jarg\u00e3o dado a trechos inseridos em projetos de lei que n\u00e3o possuem rela\u00e7\u00e3o com o tema original dos textos, na legisla\u00e7\u00e3o que regulamenta a instala\u00e7\u00e3o de equipamentos para energia e\u00f3lica em alto-mar (offshore) no Brasil."},"aioseo_meta_data":{"post_id":"42612","title":null,"description":null,"keywords":null,"keyphrases":{"focus":{"keyphrase":"","score":0,"analysis":{"keyphraseInTitle":{"score":0,"maxScore":9,"error":1}}},"additional":[]},"primary_term":null,"canonical_url":null,"og_title":null,"og_description":null,"og_object_type":"default","og_image_type":"default","og_image_url":null,"og_image_width":null,"og_image_height":null,"og_image_custom_url":null,"og_image_custom_fields":null,"og_video":"","og_custom_url":null,"og_article_section":null,"og_article_tags":null,"twitter_use_og":false,"twitter_card":"default","twitter_image_type":"default","twitter_image_url":null,"twitter_image_custom_url":null,"twitter_image_custom_fields":null,"twitter_title":null,"twitter_description":null,"schema":{"blockGraphs":[],"customGraphs":[],"default":{"data":{"Article":[],"Course":[],"Dataset":[],"FAQPage":[],"Movie":[],"Person":[],"Product":[],"ProductReview":[],"Car":[],"Recipe":[],"Service":[],"SoftwareApplication":[],"WebPage":[]},"graphName":"BlogPosting","isEnabled":true},"graphs":[]},"schema_type":"default","schema_type_options":null,"pillar_content":false,"robots_default":true,"robots_noindex":false,"robots_noarchive":false,"robots_nosnippet":false,"robots_nofollow":false,"robots_noimageindex":false,"robots_noodp":false,"robots_notranslate":false,"robots_max_snippet":"-1","robots_max_videopreview":"-1","robots_max_imagepreview":"large","priority":null,"frequency":"default","local_seo":null,"breadcrumb_settings":null,"limit_modified_date":false,"ai":null,"created":"2025-06-18 19:08:39","updated":"2025-07-11 14:01:51","seo_analyzer_scan_date":null},"aioseo_breadcrumb":"<div class=\"aioseo-breadcrumbs\"><span class=\"aioseo-breadcrumb\">\n\t\t\t<a href=\"https:\/\/newsinfoco.com.br\/inicio\" title=\"In\u00edcio\">In\u00edcio<\/a>\n\t\t<\/span><span class=\"aioseo-breadcrumb-separator\">&raquo;<\/span><span class=\"aioseo-breadcrumb\">\n\t\t\t<a href=\"https:\/\/newsinfoco.com.br\/inicio\/category\/brasil\/\" title=\"Brasil\">Brasil<\/a>\n\t\t<\/span><span class=\"aioseo-breadcrumb-separator\">&raquo;<\/span><span class=\"aioseo-breadcrumb\">\n\t\t\tVetos de Lula em benef\u00edcios para energia alternativa s\u00e3o derrubados\n\t\t<\/span><\/div>","aioseo_breadcrumb_json":[{"label":"In\u00edcio","link":"https:\/\/newsinfoco.com.br\/inicio"},{"label":"Brasil","link":"https:\/\/newsinfoco.com.br\/inicio\/category\/brasil\/"},{"label":"Vetos de Lula em benef\u00edcios para energia alternativa s\u00e3o derrubados","link":"https:\/\/newsinfoco.com.br\/inicio\/vetos-de-lula-em-beneficios-para-energia-alternativa-sao-derrubados\/"}],"_links":{"self":[{"href":"https:\/\/newsinfoco.com.br\/inicio\/wp-json\/wp\/v2\/posts\/42612","targetHints":{"allow":["GET"]}}],"collection":[{"href":"https:\/\/newsinfoco.com.br\/inicio\/wp-json\/wp\/v2\/posts"}],"about":[{"href":"https:\/\/newsinfoco.com.br\/inicio\/wp-json\/wp\/v2\/types\/post"}],"author":[{"embeddable":true,"href":"https:\/\/newsinfoco.com.br\/inicio\/wp-json\/wp\/v2\/users\/1"}],"replies":[{"embeddable":true,"href":"https:\/\/newsinfoco.com.br\/inicio\/wp-json\/wp\/v2\/comments?post=42612"}],"version-history":[{"count":1,"href":"https:\/\/newsinfoco.com.br\/inicio\/wp-json\/wp\/v2\/posts\/42612\/revisions"}],"predecessor-version":[{"id":42614,"href":"https:\/\/newsinfoco.com.br\/inicio\/wp-json\/wp\/v2\/posts\/42612\/revisions\/42614"}],"wp:featuredmedia":[{"embeddable":true,"href":"https:\/\/newsinfoco.com.br\/inicio\/wp-json\/wp\/v2\/media\/42613"}],"wp:attachment":[{"href":"https:\/\/newsinfoco.com.br\/inicio\/wp-json\/wp\/v2\/media?parent=42612"}],"wp:term":[{"taxonomy":"category","embeddable":true,"href":"https:\/\/newsinfoco.com.br\/inicio\/wp-json\/wp\/v2\/categories?post=42612"},{"taxonomy":"post_tag","embeddable":true,"href":"https:\/\/newsinfoco.com.br\/inicio\/wp-json\/wp\/v2\/tags?post=42612"}],"curies":[{"name":"wp","href":"https:\/\/api.w.org\/{rel}","templated":true}]}}