{"id":42632,"date":"2025-06-20T11:11:01","date_gmt":"2025-06-20T14:11:01","guid":{"rendered":"https:\/\/newsinfoco.com.br\/inicio\/?p=42632"},"modified":"2025-06-20T11:11:01","modified_gmt":"2025-06-20T14:11:01","slug":"moraes-manda-investigar-juiz-que-soltou-condenado-que-quebrou-relogio-no-8-1","status":"publish","type":"post","link":"https:\/\/newsinfoco.com.br\/inicio\/moraes-manda-investigar-juiz-que-soltou-condenado-que-quebrou-relogio-no-8-1\/","title":{"rendered":"Moraes manda investigar juiz que soltou condenado que quebrou rel\u00f3gio no 8\/1"},"content":{"rendered":"<p>O ministro Alexandre de Moraes, do STF (Supremo Tribunal Federal), determinou a abertura de investiga\u00e7\u00e3o contra o juiz Louren\u00e7o Migliorini Fonseca Ribeiro, do TJ-MG (Tribunal de Justi\u00e7a de Minas Gerais), por ter autorizado a soltura de Ant\u00f4nio Cl\u00e1udio Alves Ferreira, condenado a 17 anos de pris\u00e3o pelos atos golpistas de 8 de janeiro.<\/p>\n<p>Na decis\u00e3o, Moraes afirmou que o magistrado mineiro atuou fora da sua compet\u00eancia. \u201cO juiz de direito Louren\u00e7o Migliorini Fonseca Ribeiro proferiu decis\u00e3o fora do \u00e2mbito de sua compet\u00eancia, n\u00e3o havendo qualquer decis\u00e3o desta Suprema Corte que tenha lhe atribu\u00eddo compet\u00eancia para qualquer medida, a n\u00e3o ser a mera emiss\u00e3o do atestado de pena\u201d, escreveu.<\/p>\n<p>Ferreira ficou conhecido por ter destru\u00eddo o rel\u00f3gio hist\u00f3rico de Balthazar Martinot, pe\u00e7a do s\u00e9culo 17 localizada no Pal\u00e1cio do Planalto, durante a invas\u00e3o de 8 de janeiro.<\/p>\n<p>Na \u00faltima segunda-feira (16), o juiz de Uberl\u00e2ndia determinou a soltura do condenado, alegando que ele j\u00e1 preenchia os requisitos para a progress\u00e3o do regime fechado para o semiaberto. O magistrado tamb\u00e9m autorizou que Ferreira sa\u00edsse da pris\u00e3o sem tornozeleira eletr\u00f4nica, devido \u00e0 falta do equipamento no estado.<\/p>\n<p>\u201cConsiderando que o reeducando n\u00e3o pode ser prejudicado em raz\u00e3o da morosidade do Estado, determino o imediato cumprimento do alvar\u00e1 de soltura sem tornozeleira\u201d, escreveu o juiz.<\/p>\n<p>Moraes, por\u00e9m, voltou a determinar a pris\u00e3o de Ferreira na quinta-feira (19), argumentando que a progress\u00e3o s\u00f3 poderia ser decidida pelo pr\u00f3prio STF e ap\u00f3s o cumprimento de, no m\u00ednimo, 25% da pena, j\u00e1 que os crimes envolveram viol\u00eancia e grave amea\u00e7a.<\/p>\n<div>\n<div>\n<div class=\"trv-player-container\">\n<div class=\"trv-wrapper\">\n<div id=\"br_video_player_b7990153bdfa1f01de95c695f477b49dc3c659f9\" class=\"trvd_video_player trvdinstream\">\n<div class=\"media-player\">\n<div class=\"trv-video\">\n<div id=\"truvid_ima_container9215\" class=\"truvid_ima_container\">\n<div>\n<div>\n<div class=\"conteudo_post\">\n<p>O ministro tamb\u00e9m afirmou que a decis\u00e3o do TJ-MG violou a compet\u00eancia da Suprema Corte e contrariou a legisla\u00e7\u00e3o penal.<\/p>\n<p>A investiga\u00e7\u00e3o contra o juiz ser\u00e1 conduzida pela autoridade policial que atua junto ao STF.<\/p>\n<\/div>\n<div id=\"div-share\">Bahia.Ba<\/div>\n<\/div>\n<\/div>\n<\/div>\n<\/div>\n<\/div>\n<\/div>\n<\/div>\n<\/div>\n<\/div>\n<\/div>\n<div class='share-to-whatsapp-wrapper'><div class='share-on-whsp'>Share on: <\/div><a data-text='Moraes manda investigar juiz que soltou condenado que quebrou rel\u00f3gio no 8\/1' data-link='https:\/\/newsinfoco.com.br\/inicio\/moraes-manda-investigar-juiz-que-soltou-condenado-que-quebrou-relogio-no-8-1\/' class='whatsapp-button whatsapp-share'>WhatsApp<\/a><div class='clear '><\/div><\/div>","protected":false},"excerpt":{"rendered":"<p>O ministro Alexandre de Moraes, do STF (Supremo Tribunal Federal), determinou a abertura de investiga\u00e7\u00e3o contra o juiz Louren\u00e7o Migliorini Fonseca Ribeiro, do TJ-MG (Tribunal de Justi\u00e7a de Minas Gerais), por ter autorizado a soltura de Ant\u00f4nio Cl\u00e1udio Alves Ferreira, condenado a 17 anos de pris\u00e3o pelos atos golpistas de 8 de janeiro. Na decis\u00e3o, [&hellip;]<\/p>\n","protected":false},"author":1,"featured_media":42633,"comment_status":"closed","ping_status":"closed","sticky":false,"template":"","format":"standard","meta":{"om_disable_all_campaigns":false,"rop_custom_images_group":[],"rop_custom_messages_group":[],"rop_publish_now":"initial","rop_publish_now_accounts":[],"rop_publish_now_history":[],"rop_publish_now_status":"pending","_exactmetrics_skip_tracking":false,"footnotes":""},"categories":[21],"tags":[],"class_list":["post-42632","post","type-post","status-publish","format-standard","has-post-thumbnail","hentry","category-brasil"],"aioseo_notices":[],"aioseo_head":"\n\t\t<!-- All in One SEO 4.9.10 - aioseo.com -->\n\t<meta name=\"description\" content=\"O ministro Alexandre de Moraes, do STF (Supremo Tribunal Federal), determinou a abertura de investiga\u00e7\u00e3o contra o juiz Louren\u00e7o Migliorini Fonseca Ribeiro, do TJ-MG (Tribunal de Justi\u00e7a de Minas Gerais), por ter autorizado a soltura de Ant\u00f4nio Cl\u00e1udio Alves Ferreira, condenado a 17 anos de pris\u00e3o pelos atos golpistas de 8 de janeiro. Na decis\u00e3o,\" \/>\n\t<meta name=\"robots\" content=\"max-image-preview:large\" \/>\n\t<meta name=\"author\" content=\"administrador\"\/>\n\t<link rel=\"canonical\" href=\"https:\/\/newsinfoco.com.br\/inicio\/moraes-manda-investigar-juiz-que-soltou-condenado-que-quebrou-relogio-no-8-1\/\" \/>\n\t<meta name=\"generator\" content=\"All in One SEO (AIOSEO) 4.9.10\" \/>\n\t\t<meta property=\"og:locale\" content=\"pt_BR\" \/>\n\t\t<meta property=\"og:site_name\" content=\"News In Foco - Editado por Caio Pimenta - O principal site de noticias de Alagoinhas e regi\u00e3o\" \/>\n\t\t<meta property=\"og:type\" content=\"article\" \/>\n\t\t<meta property=\"og:title\" content=\"Moraes manda investigar juiz que soltou condenado que quebrou rel\u00f3gio no 8\/1 - News In Foco - Editado por Caio Pimenta\" \/>\n\t\t<meta property=\"og:description\" content=\"O ministro Alexandre de Moraes, do STF (Supremo Tribunal Federal), determinou a abertura de investiga\u00e7\u00e3o contra o juiz Louren\u00e7o Migliorini Fonseca Ribeiro, do TJ-MG (Tribunal de Justi\u00e7a de Minas Gerais), por ter autorizado a soltura de Ant\u00f4nio Cl\u00e1udio Alves Ferreira, condenado a 17 anos de pris\u00e3o pelos atos golpistas de 8 de janeiro. Na decis\u00e3o,\" \/>\n\t\t<meta property=\"og:url\" content=\"https:\/\/newsinfoco.com.br\/inicio\/moraes-manda-investigar-juiz-que-soltou-condenado-que-quebrou-relogio-no-8-1\/\" \/>\n\t\t<meta property=\"article:published_time\" content=\"2025-06-20T14:11:01+00:00\" \/>\n\t\t<meta property=\"article:modified_time\" content=\"2025-06-20T14:11:01+00:00\" \/>\n\t\t<meta name=\"twitter:card\" content=\"summary_large_image\" \/>\n\t\t<meta name=\"twitter:title\" content=\"Moraes manda investigar juiz que soltou condenado que quebrou rel\u00f3gio no 8\/1 - News In Foco - Editado por Caio Pimenta\" \/>\n\t\t<meta name=\"twitter:description\" content=\"O ministro Alexandre de Moraes, do STF (Supremo Tribunal Federal), determinou a abertura de investiga\u00e7\u00e3o contra o juiz Louren\u00e7o Migliorini Fonseca Ribeiro, do TJ-MG (Tribunal de Justi\u00e7a de Minas Gerais), por ter autorizado a soltura de Ant\u00f4nio Cl\u00e1udio Alves Ferreira, condenado a 17 anos de pris\u00e3o pelos atos golpistas de 8 de janeiro. Na decis\u00e3o,\" \/>\n\t\t<script type=\"application\/ld+json\" class=\"aioseo-schema\">\n\t\t\t{\"@context\":\"https:\\\/\\\/schema.org\",\"@graph\":[{\"@type\":\"BlogPosting\",\"@id\":\"https:\\\/\\\/newsinfoco.com.br\\\/inicio\\\/moraes-manda-investigar-juiz-que-soltou-condenado-que-quebrou-relogio-no-8-1\\\/#blogposting\",\"name\":\"Moraes manda investigar juiz que soltou condenado que quebrou rel\\u00f3gio no 8\\\/1 - News In Foco - Editado por Caio Pimenta\",\"headline\":\"Moraes manda investigar juiz que soltou condenado que quebrou rel\\u00f3gio no 8\\\/1\",\"author\":{\"@id\":\"https:\\\/\\\/newsinfoco.com.br\\\/inicio\\\/author\\\/administrador\\\/#author\"},\"publisher\":{\"@id\":\"https:\\\/\\\/newsinfoco.com.br\\\/inicio\\\/#organization\"},\"image\":{\"@type\":\"ImageObject\",\"url\":\"https:\\\/\\\/newsinfoco.com.br\\\/inicio\\\/wp-content\\\/uploads\\\/2025\\\/06\\\/moraes-1.png\",\"width\":600,\"height\":420},\"datePublished\":\"2025-06-20T11:11:01-03:00\",\"dateModified\":\"2025-06-20T11:11:01-03:00\",\"inLanguage\":\"pt-BR\",\"mainEntityOfPage\":{\"@id\":\"https:\\\/\\\/newsinfoco.com.br\\\/inicio\\\/moraes-manda-investigar-juiz-que-soltou-condenado-que-quebrou-relogio-no-8-1\\\/#webpage\"},\"isPartOf\":{\"@id\":\"https:\\\/\\\/newsinfoco.com.br\\\/inicio\\\/moraes-manda-investigar-juiz-que-soltou-condenado-que-quebrou-relogio-no-8-1\\\/#webpage\"},\"articleSection\":\"Brasil\"},{\"@type\":\"BreadcrumbList\",\"@id\":\"https:\\\/\\\/newsinfoco.com.br\\\/inicio\\\/moraes-manda-investigar-juiz-que-soltou-condenado-que-quebrou-relogio-no-8-1\\\/#breadcrumblist\",\"itemListElement\":[{\"@type\":\"ListItem\",\"@id\":\"https:\\\/\\\/newsinfoco.com.br\\\/inicio#listItem\",\"position\":1,\"name\":\"In\\u00edcio\",\"item\":\"https:\\\/\\\/newsinfoco.com.br\\\/inicio\",\"nextItem\":{\"@type\":\"ListItem\",\"@id\":\"https:\\\/\\\/newsinfoco.com.br\\\/inicio\\\/category\\\/brasil\\\/#listItem\",\"name\":\"Brasil\"}},{\"@type\":\"ListItem\",\"@id\":\"https:\\\/\\\/newsinfoco.com.br\\\/inicio\\\/category\\\/brasil\\\/#listItem\",\"position\":2,\"name\":\"Brasil\",\"item\":\"https:\\\/\\\/newsinfoco.com.br\\\/inicio\\\/category\\\/brasil\\\/\",\"nextItem\":{\"@type\":\"ListItem\",\"@id\":\"https:\\\/\\\/newsinfoco.com.br\\\/inicio\\\/moraes-manda-investigar-juiz-que-soltou-condenado-que-quebrou-relogio-no-8-1\\\/#listItem\",\"name\":\"Moraes manda investigar juiz que soltou condenado que quebrou rel\\u00f3gio no 8\\\/1\"},\"previousItem\":{\"@type\":\"ListItem\",\"@id\":\"https:\\\/\\\/newsinfoco.com.br\\\/inicio#listItem\",\"name\":\"In\\u00edcio\"}},{\"@type\":\"ListItem\",\"@id\":\"https:\\\/\\\/newsinfoco.com.br\\\/inicio\\\/moraes-manda-investigar-juiz-que-soltou-condenado-que-quebrou-relogio-no-8-1\\\/#listItem\",\"position\":3,\"name\":\"Moraes manda investigar juiz que soltou condenado que quebrou rel\\u00f3gio no 8\\\/1\",\"previousItem\":{\"@type\":\"ListItem\",\"@id\":\"https:\\\/\\\/newsinfoco.com.br\\\/inicio\\\/category\\\/brasil\\\/#listItem\",\"name\":\"Brasil\"}}]},{\"@type\":\"Organization\",\"@id\":\"https:\\\/\\\/newsinfoco.com.br\\\/inicio\\\/#organization\",\"name\":\"News In Foco - Editado por Caio Pimenta\",\"description\":\"O principal site de noticias de Alagoinhas e regi\\u00e3o\",\"url\":\"https:\\\/\\\/newsinfoco.com.br\\\/inicio\\\/\"},{\"@type\":\"Person\",\"@id\":\"https:\\\/\\\/newsinfoco.com.br\\\/inicio\\\/author\\\/administrador\\\/#author\",\"url\":\"https:\\\/\\\/newsinfoco.com.br\\\/inicio\\\/author\\\/administrador\\\/\",\"name\":\"administrador\",\"image\":{\"@type\":\"ImageObject\",\"@id\":\"https:\\\/\\\/newsinfoco.com.br\\\/inicio\\\/moraes-manda-investigar-juiz-que-soltou-condenado-que-quebrou-relogio-no-8-1\\\/#authorImage\",\"url\":\"https:\\\/\\\/secure.gravatar.com\\\/avatar\\\/c17a617433de8c1dc9584bb79aab7563b46f5bb7e1728c9b17d9cc3ce6a08e49?s=96&d=mm&r=g\",\"width\":96,\"height\":96,\"caption\":\"administrador\"}},{\"@type\":\"WebPage\",\"@id\":\"https:\\\/\\\/newsinfoco.com.br\\\/inicio\\\/moraes-manda-investigar-juiz-que-soltou-condenado-que-quebrou-relogio-no-8-1\\\/#webpage\",\"url\":\"https:\\\/\\\/newsinfoco.com.br\\\/inicio\\\/moraes-manda-investigar-juiz-que-soltou-condenado-que-quebrou-relogio-no-8-1\\\/\",\"name\":\"Moraes manda investigar juiz que soltou condenado que quebrou rel\\u00f3gio no 8\\\/1 - News In Foco - Editado por Caio Pimenta\",\"description\":\"O ministro Alexandre de Moraes, do STF (Supremo Tribunal Federal), determinou a abertura de investiga\\u00e7\\u00e3o contra o juiz Louren\\u00e7o Migliorini Fonseca Ribeiro, do TJ-MG (Tribunal de Justi\\u00e7a de Minas Gerais), por ter autorizado a soltura de Ant\\u00f4nio Cl\\u00e1udio Alves Ferreira, condenado a 17 anos de pris\\u00e3o pelos atos golpistas de 8 de janeiro. Na decis\\u00e3o,\",\"inLanguage\":\"pt-BR\",\"isPartOf\":{\"@id\":\"https:\\\/\\\/newsinfoco.com.br\\\/inicio\\\/#website\"},\"breadcrumb\":{\"@id\":\"https:\\\/\\\/newsinfoco.com.br\\\/inicio\\\/moraes-manda-investigar-juiz-que-soltou-condenado-que-quebrou-relogio-no-8-1\\\/#breadcrumblist\"},\"author\":{\"@id\":\"https:\\\/\\\/newsinfoco.com.br\\\/inicio\\\/author\\\/administrador\\\/#author\"},\"creator\":{\"@id\":\"https:\\\/\\\/newsinfoco.com.br\\\/inicio\\\/author\\\/administrador\\\/#author\"},\"image\":{\"@type\":\"ImageObject\",\"url\":\"https:\\\/\\\/newsinfoco.com.br\\\/inicio\\\/wp-content\\\/uploads\\\/2025\\\/06\\\/moraes-1.png\",\"@id\":\"https:\\\/\\\/newsinfoco.com.br\\\/inicio\\\/moraes-manda-investigar-juiz-que-soltou-condenado-que-quebrou-relogio-no-8-1\\\/#mainImage\",\"width\":600,\"height\":420},\"primaryImageOfPage\":{\"@id\":\"https:\\\/\\\/newsinfoco.com.br\\\/inicio\\\/moraes-manda-investigar-juiz-que-soltou-condenado-que-quebrou-relogio-no-8-1\\\/#mainImage\"},\"datePublished\":\"2025-06-20T11:11:01-03:00\",\"dateModified\":\"2025-06-20T11:11:01-03:00\"},{\"@type\":\"WebSite\",\"@id\":\"https:\\\/\\\/newsinfoco.com.br\\\/inicio\\\/#website\",\"url\":\"https:\\\/\\\/newsinfoco.com.br\\\/inicio\\\/\",\"name\":\"News In Foco - Editado por Caio Pimenta\",\"description\":\"O principal site de noticias de Alagoinhas e regi\\u00e3o\",\"inLanguage\":\"pt-BR\",\"publisher\":{\"@id\":\"https:\\\/\\\/newsinfoco.com.br\\\/inicio\\\/#organization\"}}]}\n\t\t<\/script>\n\t\t<!-- All in One SEO -->\n\n","aioseo_head_json":{"title":"Moraes manda investigar juiz que soltou condenado que quebrou rel\u00f3gio no 8\/1 - News In Foco - Editado por Caio Pimenta","description":"O ministro Alexandre de Moraes, do STF (Supremo Tribunal Federal), determinou a abertura de investiga\u00e7\u00e3o contra o juiz Louren\u00e7o Migliorini Fonseca Ribeiro, do TJ-MG (Tribunal de Justi\u00e7a de Minas Gerais), por ter autorizado a soltura de Ant\u00f4nio Cl\u00e1udio Alves Ferreira, condenado a 17 anos de pris\u00e3o pelos atos golpistas de 8 de janeiro. Na decis\u00e3o,","canonical_url":"https:\/\/newsinfoco.com.br\/inicio\/moraes-manda-investigar-juiz-que-soltou-condenado-que-quebrou-relogio-no-8-1\/","robots":"max-image-preview:large","keywords":"","webmasterTools":{"miscellaneous":""},"schema":{"@context":"https:\/\/schema.org","@graph":[{"@type":"BlogPosting","@id":"https:\/\/newsinfoco.com.br\/inicio\/moraes-manda-investigar-juiz-que-soltou-condenado-que-quebrou-relogio-no-8-1\/#blogposting","name":"Moraes manda investigar juiz que soltou condenado que quebrou rel\u00f3gio no 8\/1 - News In Foco - Editado por Caio Pimenta","headline":"Moraes manda investigar juiz que soltou condenado que quebrou rel\u00f3gio no 8\/1","author":{"@id":"https:\/\/newsinfoco.com.br\/inicio\/author\/administrador\/#author"},"publisher":{"@id":"https:\/\/newsinfoco.com.br\/inicio\/#organization"},"image":{"@type":"ImageObject","url":"https:\/\/newsinfoco.com.br\/inicio\/wp-content\/uploads\/2025\/06\/moraes-1.png","width":600,"height":420},"datePublished":"2025-06-20T11:11:01-03:00","dateModified":"2025-06-20T11:11:01-03:00","inLanguage":"pt-BR","mainEntityOfPage":{"@id":"https:\/\/newsinfoco.com.br\/inicio\/moraes-manda-investigar-juiz-que-soltou-condenado-que-quebrou-relogio-no-8-1\/#webpage"},"isPartOf":{"@id":"https:\/\/newsinfoco.com.br\/inicio\/moraes-manda-investigar-juiz-que-soltou-condenado-que-quebrou-relogio-no-8-1\/#webpage"},"articleSection":"Brasil"},{"@type":"BreadcrumbList","@id":"https:\/\/newsinfoco.com.br\/inicio\/moraes-manda-investigar-juiz-que-soltou-condenado-que-quebrou-relogio-no-8-1\/#breadcrumblist","itemListElement":[{"@type":"ListItem","@id":"https:\/\/newsinfoco.com.br\/inicio#listItem","position":1,"name":"In\u00edcio","item":"https:\/\/newsinfoco.com.br\/inicio","nextItem":{"@type":"ListItem","@id":"https:\/\/newsinfoco.com.br\/inicio\/category\/brasil\/#listItem","name":"Brasil"}},{"@type":"ListItem","@id":"https:\/\/newsinfoco.com.br\/inicio\/category\/brasil\/#listItem","position":2,"name":"Brasil","item":"https:\/\/newsinfoco.com.br\/inicio\/category\/brasil\/","nextItem":{"@type":"ListItem","@id":"https:\/\/newsinfoco.com.br\/inicio\/moraes-manda-investigar-juiz-que-soltou-condenado-que-quebrou-relogio-no-8-1\/#listItem","name":"Moraes manda investigar juiz que soltou condenado que quebrou rel\u00f3gio no 8\/1"},"previousItem":{"@type":"ListItem","@id":"https:\/\/newsinfoco.com.br\/inicio#listItem","name":"In\u00edcio"}},{"@type":"ListItem","@id":"https:\/\/newsinfoco.com.br\/inicio\/moraes-manda-investigar-juiz-que-soltou-condenado-que-quebrou-relogio-no-8-1\/#listItem","position":3,"name":"Moraes manda investigar juiz que soltou condenado que quebrou rel\u00f3gio no 8\/1","previousItem":{"@type":"ListItem","@id":"https:\/\/newsinfoco.com.br\/inicio\/category\/brasil\/#listItem","name":"Brasil"}}]},{"@type":"Organization","@id":"https:\/\/newsinfoco.com.br\/inicio\/#organization","name":"News In Foco - Editado por Caio Pimenta","description":"O principal site de noticias de Alagoinhas e regi\u00e3o","url":"https:\/\/newsinfoco.com.br\/inicio\/"},{"@type":"Person","@id":"https:\/\/newsinfoco.com.br\/inicio\/author\/administrador\/#author","url":"https:\/\/newsinfoco.com.br\/inicio\/author\/administrador\/","name":"administrador","image":{"@type":"ImageObject","@id":"https:\/\/newsinfoco.com.br\/inicio\/moraes-manda-investigar-juiz-que-soltou-condenado-que-quebrou-relogio-no-8-1\/#authorImage","url":"https:\/\/secure.gravatar.com\/avatar\/c17a617433de8c1dc9584bb79aab7563b46f5bb7e1728c9b17d9cc3ce6a08e49?s=96&d=mm&r=g","width":96,"height":96,"caption":"administrador"}},{"@type":"WebPage","@id":"https:\/\/newsinfoco.com.br\/inicio\/moraes-manda-investigar-juiz-que-soltou-condenado-que-quebrou-relogio-no-8-1\/#webpage","url":"https:\/\/newsinfoco.com.br\/inicio\/moraes-manda-investigar-juiz-que-soltou-condenado-que-quebrou-relogio-no-8-1\/","name":"Moraes manda investigar juiz que soltou condenado que quebrou rel\u00f3gio no 8\/1 - News In Foco - Editado por Caio Pimenta","description":"O ministro Alexandre de Moraes, do STF (Supremo Tribunal Federal), determinou a abertura de investiga\u00e7\u00e3o contra o juiz Louren\u00e7o Migliorini Fonseca Ribeiro, do TJ-MG (Tribunal de Justi\u00e7a de Minas Gerais), por ter autorizado a soltura de Ant\u00f4nio Cl\u00e1udio Alves Ferreira, condenado a 17 anos de pris\u00e3o pelos atos golpistas de 8 de janeiro. Na decis\u00e3o,","inLanguage":"pt-BR","isPartOf":{"@id":"https:\/\/newsinfoco.com.br\/inicio\/#website"},"breadcrumb":{"@id":"https:\/\/newsinfoco.com.br\/inicio\/moraes-manda-investigar-juiz-que-soltou-condenado-que-quebrou-relogio-no-8-1\/#breadcrumblist"},"author":{"@id":"https:\/\/newsinfoco.com.br\/inicio\/author\/administrador\/#author"},"creator":{"@id":"https:\/\/newsinfoco.com.br\/inicio\/author\/administrador\/#author"},"image":{"@type":"ImageObject","url":"https:\/\/newsinfoco.com.br\/inicio\/wp-content\/uploads\/2025\/06\/moraes-1.png","@id":"https:\/\/newsinfoco.com.br\/inicio\/moraes-manda-investigar-juiz-que-soltou-condenado-que-quebrou-relogio-no-8-1\/#mainImage","width":600,"height":420},"primaryImageOfPage":{"@id":"https:\/\/newsinfoco.com.br\/inicio\/moraes-manda-investigar-juiz-que-soltou-condenado-que-quebrou-relogio-no-8-1\/#mainImage"},"datePublished":"2025-06-20T11:11:01-03:00","dateModified":"2025-06-20T11:11:01-03:00"},{"@type":"WebSite","@id":"https:\/\/newsinfoco.com.br\/inicio\/#website","url":"https:\/\/newsinfoco.com.br\/inicio\/","name":"News In Foco - Editado por Caio Pimenta","description":"O principal site de noticias de Alagoinhas e regi\u00e3o","inLanguage":"pt-BR","publisher":{"@id":"https:\/\/newsinfoco.com.br\/inicio\/#organization"}}]},"og:locale":"pt_BR","og:site_name":"News In Foco - Editado por Caio Pimenta - O principal site de noticias de Alagoinhas e regi\u00e3o","og:type":"article","og:title":"Moraes manda investigar juiz que soltou condenado que quebrou rel\u00f3gio no 8\/1 - News In Foco - Editado por Caio Pimenta","og:description":"O ministro Alexandre de Moraes, do STF (Supremo Tribunal Federal), determinou a abertura de investiga\u00e7\u00e3o contra o juiz Louren\u00e7o Migliorini Fonseca Ribeiro, do TJ-MG (Tribunal de Justi\u00e7a de Minas Gerais), por ter autorizado a soltura de Ant\u00f4nio Cl\u00e1udio Alves Ferreira, condenado a 17 anos de pris\u00e3o pelos atos golpistas de 8 de janeiro. Na decis\u00e3o,","og:url":"https:\/\/newsinfoco.com.br\/inicio\/moraes-manda-investigar-juiz-que-soltou-condenado-que-quebrou-relogio-no-8-1\/","article:published_time":"2025-06-20T14:11:01+00:00","article:modified_time":"2025-06-20T14:11:01+00:00","twitter:card":"summary_large_image","twitter:title":"Moraes manda investigar juiz que soltou condenado que quebrou rel\u00f3gio no 8\/1 - News In Foco - Editado por Caio Pimenta","twitter:description":"O ministro Alexandre de Moraes, do STF (Supremo Tribunal Federal), determinou a abertura de investiga\u00e7\u00e3o contra o juiz Louren\u00e7o Migliorini Fonseca Ribeiro, do TJ-MG (Tribunal de Justi\u00e7a de Minas Gerais), por ter autorizado a soltura de Ant\u00f4nio Cl\u00e1udio Alves Ferreira, condenado a 17 anos de pris\u00e3o pelos atos golpistas de 8 de janeiro. Na decis\u00e3o,"},"aioseo_meta_data":{"post_id":"42632","title":null,"description":null,"keywords":null,"keyphrases":{"focus":{"keyphrase":"","score":0,"analysis":{"keyphraseInTitle":{"score":0,"maxScore":9,"error":1}}},"additional":[]},"primary_term":null,"canonical_url":null,"og_title":null,"og_description":null,"og_object_type":"default","og_image_type":"default","og_image_url":null,"og_image_width":null,"og_image_height":null,"og_image_custom_url":null,"og_image_custom_fields":null,"og_video":"","og_custom_url":null,"og_article_section":null,"og_article_tags":null,"twitter_use_og":false,"twitter_card":"default","twitter_image_type":"default","twitter_image_url":null,"twitter_image_custom_url":null,"twitter_image_custom_fields":null,"twitter_title":null,"twitter_description":null,"schema":{"blockGraphs":[],"customGraphs":[],"default":{"data":{"Article":[],"Course":[],"Dataset":[],"FAQPage":[],"Movie":[],"Person":[],"Product":[],"ProductReview":[],"Car":[],"Recipe":[],"Service":[],"SoftwareApplication":[],"WebPage":[]},"graphName":"BlogPosting","isEnabled":true},"graphs":[]},"schema_type":"default","schema_type_options":null,"pillar_content":false,"robots_default":true,"robots_noindex":false,"robots_noarchive":false,"robots_nosnippet":false,"robots_nofollow":false,"robots_noimageindex":false,"robots_noodp":false,"robots_notranslate":false,"robots_max_snippet":"-1","robots_max_videopreview":"-1","robots_max_imagepreview":"large","priority":null,"frequency":"default","local_seo":null,"breadcrumb_settings":null,"limit_modified_date":false,"ai":null,"created":"2025-06-20 14:11:01","updated":"2025-07-11 14:01:51","seo_analyzer_scan_date":null},"aioseo_breadcrumb":"<div class=\"aioseo-breadcrumbs\"><span class=\"aioseo-breadcrumb\">\n\t\t\t<a href=\"https:\/\/newsinfoco.com.br\/inicio\" title=\"In\u00edcio\">In\u00edcio<\/a>\n\t\t<\/span><span class=\"aioseo-breadcrumb-separator\">&raquo;<\/span><span class=\"aioseo-breadcrumb\">\n\t\t\t<a href=\"https:\/\/newsinfoco.com.br\/inicio\/category\/brasil\/\" title=\"Brasil\">Brasil<\/a>\n\t\t<\/span><span class=\"aioseo-breadcrumb-separator\">&raquo;<\/span><span class=\"aioseo-breadcrumb\">\n\t\t\tMoraes manda investigar juiz que soltou condenado que quebrou rel\u00f3gio no 8\/1\n\t\t<\/span><\/div>","aioseo_breadcrumb_json":[{"label":"In\u00edcio","link":"https:\/\/newsinfoco.com.br\/inicio"},{"label":"Brasil","link":"https:\/\/newsinfoco.com.br\/inicio\/category\/brasil\/"},{"label":"Moraes manda investigar juiz que soltou condenado que quebrou rel\u00f3gio no 8\/1","link":"https:\/\/newsinfoco.com.br\/inicio\/moraes-manda-investigar-juiz-que-soltou-condenado-que-quebrou-relogio-no-8-1\/"}],"_links":{"self":[{"href":"https:\/\/newsinfoco.com.br\/inicio\/wp-json\/wp\/v2\/posts\/42632","targetHints":{"allow":["GET"]}}],"collection":[{"href":"https:\/\/newsinfoco.com.br\/inicio\/wp-json\/wp\/v2\/posts"}],"about":[{"href":"https:\/\/newsinfoco.com.br\/inicio\/wp-json\/wp\/v2\/types\/post"}],"author":[{"embeddable":true,"href":"https:\/\/newsinfoco.com.br\/inicio\/wp-json\/wp\/v2\/users\/1"}],"replies":[{"embeddable":true,"href":"https:\/\/newsinfoco.com.br\/inicio\/wp-json\/wp\/v2\/comments?post=42632"}],"version-history":[{"count":1,"href":"https:\/\/newsinfoco.com.br\/inicio\/wp-json\/wp\/v2\/posts\/42632\/revisions"}],"predecessor-version":[{"id":42634,"href":"https:\/\/newsinfoco.com.br\/inicio\/wp-json\/wp\/v2\/posts\/42632\/revisions\/42634"}],"wp:featuredmedia":[{"embeddable":true,"href":"https:\/\/newsinfoco.com.br\/inicio\/wp-json\/wp\/v2\/media\/42633"}],"wp:attachment":[{"href":"https:\/\/newsinfoco.com.br\/inicio\/wp-json\/wp\/v2\/media?parent=42632"}],"wp:term":[{"taxonomy":"category","embeddable":true,"href":"https:\/\/newsinfoco.com.br\/inicio\/wp-json\/wp\/v2\/categories?post=42632"},{"taxonomy":"post_tag","embeddable":true,"href":"https:\/\/newsinfoco.com.br\/inicio\/wp-json\/wp\/v2\/tags?post=42632"}],"curies":[{"name":"wp","href":"https:\/\/api.w.org\/{rel}","templated":true}]}}