{"id":42635,"date":"2025-06-20T11:17:32","date_gmt":"2025-06-20T14:17:32","guid":{"rendered":"https:\/\/newsinfoco.com.br\/inicio\/?p=42635"},"modified":"2025-06-20T11:17:32","modified_gmt":"2025-06-20T14:17:32","slug":"lula-afirma-que-conversou-com-cristina-kirchner-apos-condenacao-ela-ate-chorou","status":"publish","type":"post","link":"https:\/\/newsinfoco.com.br\/inicio\/lula-afirma-que-conversou-com-cristina-kirchner-apos-condenacao-ela-ate-chorou\/","title":{"rendered":"Lula afirma que conversou com Cristina Kirchner ap\u00f3s condena\u00e7\u00e3o: \u2018Ela at\u00e9 chorou\u2019"},"content":{"rendered":"<p>O presidente Luiz In\u00e1cio Lula da Silva (PT) afirmou na quinta-feira (19) que a ex-presidente da Argentina, Cristina Kirchner, chorou em liga\u00e7\u00e3o com o petista ap\u00f3s ser condenada a seis anos de pris\u00e3o por corrup\u00e7\u00e3o em seu pa\u00eds. A condena\u00e7\u00e3o de Kirchner tem sido comparada por lideran\u00e7as do PT com a pris\u00e3o de Lula em 2018, durante a Opera\u00e7\u00e3o Lava Jato.<\/p>\n<p>Segundo mat\u00e9ria do Estad\u00e3o, Lula tamb\u00e9m disse que ligou para a ex-presidente argentina logo ap\u00f3s saber de sua condena\u00e7\u00e3o, para prestar solidariedade e apoio.<\/p>\n<p>\u201cEla at\u00e9 chorou\u201d, disse o presidente. \u201cEu falei, Cristina, eu estou te ligando porque eu quero que voc\u00ea saiba que a minha amizade com voc\u00ea n\u00e3o era porque voc\u00ea era presidente e eu era presidente. A minha amizade com voc\u00ea \u00e9 porque eu sou gente e voc\u00ea \u00e9 gente\u201d, afirmou o petista em entrevista ao podcast Mano a Mano\u201d, apresentado pelo cantor Mano Brown.<\/p>\n<p>Lula possui uma visita a ex-presidente da Argentina em sua agenda para julho. O encontro deve ocorrer durante a passagem do petista por Buenos Aires, onde participa da c\u00fapula do Mercosul, que ocorrer\u00e1 em Buenos Aires, entre os dias 2 e 3. A informa\u00e7\u00e3o \u00e9 do deputado Paulo Pimenta (PT-RS), ex-ministro da Secretaria de Comunica\u00e7\u00e3o Social (Secom), que esteve Argentina na quarta-feira (18), como representante do PT para prestar solidariedade a Cristina Kirchner.<\/p>\n<p>Kirchner foi condenada por contratos superfaturados em obras p\u00fablicas e fraudes em licita\u00e7\u00f5es na prov\u00edncia de Santa Cruz durante sua presid\u00eancia. A pena \u00e9 de 6 anos de pris\u00e3o, e ela tamb\u00e9m teve os direitos pol\u00edticos cassados. Cristina alega inoc\u00eancia e diz ser v\u00edtima de persegui\u00e7\u00e3o judicial.<\/p>\n<div>\n<div>\n<div class=\"trv-player-container\">\n<div class=\"trv-wrapper\">\n<div id=\"br_video_player_1ae82891c6f6b710ac09c695f477b49dc3c659f9\" class=\"trvd_video_player trvdinstream\">\n<div class=\"media-player\">\n<div class=\"trv-video\">\n<div id=\"truvid_ima_container40964\" class=\"truvid_ima_container\">\n<div>\n<div>\n<div>\n<p>O presidente Luiz In\u00e1cio Lula da Silva (PT) afirmou na quinta-feira (19) que a ex-presidente da Argentina, Cristina Kirchner, chorou em liga\u00e7\u00e3o com o petista ap\u00f3s ser condenada a seis anos de pris\u00e3o por corrup\u00e7\u00e3o em seu pa\u00eds. A condena\u00e7\u00e3o de Kirchner tem sido comparada por lideran\u00e7as do PT com a pris\u00e3o de Lula em 2018, durante a Opera\u00e7\u00e3o Lava Jato.<\/p>\n<p>Segundo mat\u00e9ria do Estad\u00e3o, Lula tamb\u00e9m disse que ligou para a ex-presidente argentina logo ap\u00f3s saber de sua condena\u00e7\u00e3o, para prestar solidariedade e apoio.<\/p>\n<p>\u201cEla at\u00e9 chorou\u201d, disse o presidente. \u201cEu falei, Cristina, eu estou te ligando porque eu quero que voc\u00ea saiba que a minha amizade com voc\u00ea n\u00e3o era porque voc\u00ea era presidente e eu era presidente. A minha amizade com voc\u00ea \u00e9 porque eu sou gente e voc\u00ea \u00e9 gente\u201d, afirmou o petista em entrevista ao podcast Mano a Mano\u201d, apresentado pelo cantor Mano Brown.<\/p>\n<p>Lula possui uma visita a ex-presidente da Argentina em sua agenda para julho. O encontro deve ocorrer durante a passagem do petista por Buenos Aires, onde participa da c\u00fapula do Mercosul, que ocorrer\u00e1 em Buenos Aires, entre os dias 2 e 3. A informa\u00e7\u00e3o \u00e9 do deputado Paulo Pimenta (PT-RS), ex-ministro da Secretaria de Comunica\u00e7\u00e3o Social (Secom), que esteve Argentina na quarta-feira (18), como representante do PT para prestar solidariedade a Cristina Kirchner.<\/p>\n<p>Kirchner foi condenada por contratos superfaturados em obras p\u00fablicas e fraudes em licita\u00e7\u00f5es na prov\u00edncia de Santa Cruz durante sua presid\u00eancia. A pena \u00e9 de 6 anos de pris\u00e3o, e ela tamb\u00e9m teve os direitos pol\u00edticos cassados. Cristina alega inoc\u00eancia e diz ser v\u00edtima de persegui\u00e7\u00e3o judicial.<\/p>\n<div>\n<div>\n<div class=\"trv-player-container\">\n<div class=\"trv-wrapper\">\n<div id=\"br_video_player_1ae82891c6f6b710ac09c695f477b49dc3c659f9\" class=\"trvd_video_player trvdinstream\">\n<div class=\"media-player\">\n<div class=\"trv-video\">\n<div id=\"truvid_ima_container40964\" class=\"truvid_ima_container\">\n<div>\n<div>\n<div>\n<div>\n<div>\n<div class=\"trv-player-container\">\n<div class=\"trv-wrapper\">\n<div id=\"br_video_player_1ae82891c6f6b710ac09c695f477b49dc3c659f9\" class=\"trvd_video_player trvdinstream\">\n<div class=\"media-player\">\n<div class=\"trv-video\">\n<div id=\"truvid_ima_container40964\" class=\"truvid_ima_container\">\n<div>\n<div>\n<div>\n<div id=\"div-share\">Bahia.Ba<\/div>\n<\/div>\n<\/div>\n<\/div>\n<\/div>\n<\/div>\n<\/div>\n<\/div>\n<\/div>\n<\/div>\n<\/div>\n<\/div>\n<\/div>\n<\/div>\n<\/div>\n<\/div>\n<\/div>\n<\/div>\n<\/div>\n<\/div>\n<\/div>\n<\/div>\n<\/div>\n<\/div>\n<\/div>\n<\/div>\n<\/div>\n<\/div>\n<\/div>\n<\/div>\n<\/div>\n<\/div>\n<\/div>\n<\/div>\n<div class='share-to-whatsapp-wrapper'><div class='share-on-whsp'>Share on: <\/div><a data-text='Lula afirma que conversou com Cristina Kirchner ap\u00f3s condena\u00e7\u00e3o: \u2018Ela at\u00e9 chorou\u2019' data-link='https:\/\/newsinfoco.com.br\/inicio\/lula-afirma-que-conversou-com-cristina-kirchner-apos-condenacao-ela-ate-chorou\/' class='whatsapp-button whatsapp-share'>WhatsApp<\/a><div class='clear '><\/div><\/div>","protected":false},"excerpt":{"rendered":"<p>O presidente Luiz In\u00e1cio Lula da Silva (PT) afirmou na quinta-feira (19) que a ex-presidente da Argentina, Cristina Kirchner, chorou em liga\u00e7\u00e3o com o petista ap\u00f3s ser condenada a seis anos de pris\u00e3o por corrup\u00e7\u00e3o em seu pa\u00eds. A condena\u00e7\u00e3o de Kirchner tem sido comparada por lideran\u00e7as do PT com a pris\u00e3o de Lula em [&hellip;]<\/p>\n","protected":false},"author":1,"featured_media":42636,"comment_status":"closed","ping_status":"closed","sticky":false,"template":"","format":"standard","meta":{"om_disable_all_campaigns":false,"rop_custom_images_group":[],"rop_custom_messages_group":[],"rop_publish_now":"initial","rop_publish_now_accounts":[],"rop_publish_now_history":[],"rop_publish_now_status":"pending","_exactmetrics_skip_tracking":false,"footnotes":""},"categories":[21],"tags":[],"class_list":["post-42635","post","type-post","status-publish","format-standard","has-post-thumbnail","hentry","category-brasil"],"aioseo_notices":[],"aioseo_head":"\n\t\t<!-- All in One SEO 4.9.10 - aioseo.com -->\n\t<meta name=\"description\" content=\"O presidente Luiz In\u00e1cio Lula da Silva (PT) afirmou na quinta-feira (19) que a ex-presidente da Argentina, Cristina Kirchner, chorou em liga\u00e7\u00e3o com o petista ap\u00f3s ser condenada a seis anos de pris\u00e3o por corrup\u00e7\u00e3o em seu pa\u00eds. A condena\u00e7\u00e3o de Kirchner tem sido comparada por lideran\u00e7as do PT com a pris\u00e3o de Lula em\" \/>\n\t<meta name=\"robots\" content=\"max-image-preview:large\" \/>\n\t<meta name=\"author\" content=\"administrador\"\/>\n\t<link rel=\"canonical\" href=\"https:\/\/newsinfoco.com.br\/inicio\/lula-afirma-que-conversou-com-cristina-kirchner-apos-condenacao-ela-ate-chorou\/\" \/>\n\t<meta name=\"generator\" content=\"All in One SEO (AIOSEO) 4.9.10\" \/>\n\t\t<meta property=\"og:locale\" content=\"pt_BR\" \/>\n\t\t<meta property=\"og:site_name\" content=\"News In Foco - Editado por Caio Pimenta - O principal site de noticias de Alagoinhas e regi\u00e3o\" \/>\n\t\t<meta property=\"og:type\" content=\"article\" \/>\n\t\t<meta property=\"og:title\" content=\"Lula afirma que conversou com Cristina Kirchner ap\u00f3s condena\u00e7\u00e3o: \u2018Ela at\u00e9 chorou\u2019 - News In Foco - Editado por Caio Pimenta\" \/>\n\t\t<meta property=\"og:description\" content=\"O presidente Luiz In\u00e1cio Lula da Silva (PT) afirmou na quinta-feira (19) que a ex-presidente da Argentina, Cristina Kirchner, chorou em liga\u00e7\u00e3o com o petista ap\u00f3s ser condenada a seis anos de pris\u00e3o por corrup\u00e7\u00e3o em seu pa\u00eds. A condena\u00e7\u00e3o de Kirchner tem sido comparada por lideran\u00e7as do PT com a pris\u00e3o de Lula em\" \/>\n\t\t<meta property=\"og:url\" content=\"https:\/\/newsinfoco.com.br\/inicio\/lula-afirma-que-conversou-com-cristina-kirchner-apos-condenacao-ela-ate-chorou\/\" \/>\n\t\t<meta property=\"article:published_time\" content=\"2025-06-20T14:17:32+00:00\" \/>\n\t\t<meta property=\"article:modified_time\" content=\"2025-06-20T14:17:32+00:00\" \/>\n\t\t<meta name=\"twitter:card\" content=\"summary_large_image\" \/>\n\t\t<meta name=\"twitter:title\" content=\"Lula afirma que conversou com Cristina Kirchner ap\u00f3s condena\u00e7\u00e3o: \u2018Ela at\u00e9 chorou\u2019 - News In Foco - Editado por Caio Pimenta\" \/>\n\t\t<meta name=\"twitter:description\" content=\"O presidente Luiz In\u00e1cio Lula da Silva (PT) afirmou na quinta-feira (19) que a ex-presidente da Argentina, Cristina Kirchner, chorou em liga\u00e7\u00e3o com o petista ap\u00f3s ser condenada a seis anos de pris\u00e3o por corrup\u00e7\u00e3o em seu pa\u00eds. A condena\u00e7\u00e3o de Kirchner tem sido comparada por lideran\u00e7as do PT com a pris\u00e3o de Lula em\" \/>\n\t\t<script type=\"application\/ld+json\" class=\"aioseo-schema\">\n\t\t\t{\"@context\":\"https:\\\/\\\/schema.org\",\"@graph\":[{\"@type\":\"BlogPosting\",\"@id\":\"https:\\\/\\\/newsinfoco.com.br\\\/inicio\\\/lula-afirma-que-conversou-com-cristina-kirchner-apos-condenacao-ela-ate-chorou\\\/#blogposting\",\"name\":\"Lula afirma que conversou com Cristina Kirchner ap\\u00f3s condena\\u00e7\\u00e3o: \\u2018Ela at\\u00e9 chorou\\u2019 - News In Foco - Editado por Caio Pimenta\",\"headline\":\"Lula afirma que conversou com Cristina Kirchner ap\\u00f3s condena\\u00e7\\u00e3o: \\u2018Ela at\\u00e9 chorou\\u2019\",\"author\":{\"@id\":\"https:\\\/\\\/newsinfoco.com.br\\\/inicio\\\/author\\\/administrador\\\/#author\"},\"publisher\":{\"@id\":\"https:\\\/\\\/newsinfoco.com.br\\\/inicio\\\/#organization\"},\"image\":{\"@type\":\"ImageObject\",\"url\":\"https:\\\/\\\/newsinfoco.com.br\\\/inicio\\\/wp-content\\\/uploads\\\/2025\\\/06\\\/RS_Kirchner_Lula_Foto_Ricardo_Stuckert_06-06-2015-850x567-1.jpg\",\"width\":600,\"height\":420},\"datePublished\":\"2025-06-20T11:17:32-03:00\",\"dateModified\":\"2025-06-20T11:17:32-03:00\",\"inLanguage\":\"pt-BR\",\"mainEntityOfPage\":{\"@id\":\"https:\\\/\\\/newsinfoco.com.br\\\/inicio\\\/lula-afirma-que-conversou-com-cristina-kirchner-apos-condenacao-ela-ate-chorou\\\/#webpage\"},\"isPartOf\":{\"@id\":\"https:\\\/\\\/newsinfoco.com.br\\\/inicio\\\/lula-afirma-que-conversou-com-cristina-kirchner-apos-condenacao-ela-ate-chorou\\\/#webpage\"},\"articleSection\":\"Brasil\"},{\"@type\":\"BreadcrumbList\",\"@id\":\"https:\\\/\\\/newsinfoco.com.br\\\/inicio\\\/lula-afirma-que-conversou-com-cristina-kirchner-apos-condenacao-ela-ate-chorou\\\/#breadcrumblist\",\"itemListElement\":[{\"@type\":\"ListItem\",\"@id\":\"https:\\\/\\\/newsinfoco.com.br\\\/inicio#listItem\",\"position\":1,\"name\":\"In\\u00edcio\",\"item\":\"https:\\\/\\\/newsinfoco.com.br\\\/inicio\",\"nextItem\":{\"@type\":\"ListItem\",\"@id\":\"https:\\\/\\\/newsinfoco.com.br\\\/inicio\\\/category\\\/brasil\\\/#listItem\",\"name\":\"Brasil\"}},{\"@type\":\"ListItem\",\"@id\":\"https:\\\/\\\/newsinfoco.com.br\\\/inicio\\\/category\\\/brasil\\\/#listItem\",\"position\":2,\"name\":\"Brasil\",\"item\":\"https:\\\/\\\/newsinfoco.com.br\\\/inicio\\\/category\\\/brasil\\\/\",\"nextItem\":{\"@type\":\"ListItem\",\"@id\":\"https:\\\/\\\/newsinfoco.com.br\\\/inicio\\\/lula-afirma-que-conversou-com-cristina-kirchner-apos-condenacao-ela-ate-chorou\\\/#listItem\",\"name\":\"Lula afirma que conversou com Cristina Kirchner ap\\u00f3s condena\\u00e7\\u00e3o: \\u2018Ela at\\u00e9 chorou\\u2019\"},\"previousItem\":{\"@type\":\"ListItem\",\"@id\":\"https:\\\/\\\/newsinfoco.com.br\\\/inicio#listItem\",\"name\":\"In\\u00edcio\"}},{\"@type\":\"ListItem\",\"@id\":\"https:\\\/\\\/newsinfoco.com.br\\\/inicio\\\/lula-afirma-que-conversou-com-cristina-kirchner-apos-condenacao-ela-ate-chorou\\\/#listItem\",\"position\":3,\"name\":\"Lula afirma que conversou com Cristina Kirchner ap\\u00f3s condena\\u00e7\\u00e3o: \\u2018Ela at\\u00e9 chorou\\u2019\",\"previousItem\":{\"@type\":\"ListItem\",\"@id\":\"https:\\\/\\\/newsinfoco.com.br\\\/inicio\\\/category\\\/brasil\\\/#listItem\",\"name\":\"Brasil\"}}]},{\"@type\":\"Organization\",\"@id\":\"https:\\\/\\\/newsinfoco.com.br\\\/inicio\\\/#organization\",\"name\":\"News In Foco - Editado por Caio Pimenta\",\"description\":\"O principal site de noticias de Alagoinhas e regi\\u00e3o\",\"url\":\"https:\\\/\\\/newsinfoco.com.br\\\/inicio\\\/\"},{\"@type\":\"Person\",\"@id\":\"https:\\\/\\\/newsinfoco.com.br\\\/inicio\\\/author\\\/administrador\\\/#author\",\"url\":\"https:\\\/\\\/newsinfoco.com.br\\\/inicio\\\/author\\\/administrador\\\/\",\"name\":\"administrador\",\"image\":{\"@type\":\"ImageObject\",\"@id\":\"https:\\\/\\\/newsinfoco.com.br\\\/inicio\\\/lula-afirma-que-conversou-com-cristina-kirchner-apos-condenacao-ela-ate-chorou\\\/#authorImage\",\"url\":\"https:\\\/\\\/secure.gravatar.com\\\/avatar\\\/c17a617433de8c1dc9584bb79aab7563b46f5bb7e1728c9b17d9cc3ce6a08e49?s=96&d=mm&r=g\",\"width\":96,\"height\":96,\"caption\":\"administrador\"}},{\"@type\":\"WebPage\",\"@id\":\"https:\\\/\\\/newsinfoco.com.br\\\/inicio\\\/lula-afirma-que-conversou-com-cristina-kirchner-apos-condenacao-ela-ate-chorou\\\/#webpage\",\"url\":\"https:\\\/\\\/newsinfoco.com.br\\\/inicio\\\/lula-afirma-que-conversou-com-cristina-kirchner-apos-condenacao-ela-ate-chorou\\\/\",\"name\":\"Lula afirma que conversou com Cristina Kirchner ap\\u00f3s condena\\u00e7\\u00e3o: \\u2018Ela at\\u00e9 chorou\\u2019 - News In Foco - Editado por Caio Pimenta\",\"description\":\"O presidente Luiz In\\u00e1cio Lula da Silva (PT) afirmou na quinta-feira (19) que a ex-presidente da Argentina, Cristina Kirchner, chorou em liga\\u00e7\\u00e3o com o petista ap\\u00f3s ser condenada a seis anos de pris\\u00e3o por corrup\\u00e7\\u00e3o em seu pa\\u00eds. A condena\\u00e7\\u00e3o de Kirchner tem sido comparada por lideran\\u00e7as do PT com a pris\\u00e3o de Lula em\",\"inLanguage\":\"pt-BR\",\"isPartOf\":{\"@id\":\"https:\\\/\\\/newsinfoco.com.br\\\/inicio\\\/#website\"},\"breadcrumb\":{\"@id\":\"https:\\\/\\\/newsinfoco.com.br\\\/inicio\\\/lula-afirma-que-conversou-com-cristina-kirchner-apos-condenacao-ela-ate-chorou\\\/#breadcrumblist\"},\"author\":{\"@id\":\"https:\\\/\\\/newsinfoco.com.br\\\/inicio\\\/author\\\/administrador\\\/#author\"},\"creator\":{\"@id\":\"https:\\\/\\\/newsinfoco.com.br\\\/inicio\\\/author\\\/administrador\\\/#author\"},\"image\":{\"@type\":\"ImageObject\",\"url\":\"https:\\\/\\\/newsinfoco.com.br\\\/inicio\\\/wp-content\\\/uploads\\\/2025\\\/06\\\/RS_Kirchner_Lula_Foto_Ricardo_Stuckert_06-06-2015-850x567-1.jpg\",\"@id\":\"https:\\\/\\\/newsinfoco.com.br\\\/inicio\\\/lula-afirma-que-conversou-com-cristina-kirchner-apos-condenacao-ela-ate-chorou\\\/#mainImage\",\"width\":600,\"height\":420},\"primaryImageOfPage\":{\"@id\":\"https:\\\/\\\/newsinfoco.com.br\\\/inicio\\\/lula-afirma-que-conversou-com-cristina-kirchner-apos-condenacao-ela-ate-chorou\\\/#mainImage\"},\"datePublished\":\"2025-06-20T11:17:32-03:00\",\"dateModified\":\"2025-06-20T11:17:32-03:00\"},{\"@type\":\"WebSite\",\"@id\":\"https:\\\/\\\/newsinfoco.com.br\\\/inicio\\\/#website\",\"url\":\"https:\\\/\\\/newsinfoco.com.br\\\/inicio\\\/\",\"name\":\"News In Foco - Editado por Caio Pimenta\",\"description\":\"O principal site de noticias de Alagoinhas e regi\\u00e3o\",\"inLanguage\":\"pt-BR\",\"publisher\":{\"@id\":\"https:\\\/\\\/newsinfoco.com.br\\\/inicio\\\/#organization\"}}]}\n\t\t<\/script>\n\t\t<!-- All in One SEO -->\n\n","aioseo_head_json":{"title":"Lula afirma que conversou com Cristina Kirchner ap\u00f3s condena\u00e7\u00e3o: \u2018Ela at\u00e9 chorou\u2019 - News In Foco - Editado por Caio Pimenta","description":"O presidente Luiz In\u00e1cio Lula da Silva (PT) afirmou na quinta-feira (19) que a ex-presidente da Argentina, Cristina Kirchner, chorou em liga\u00e7\u00e3o com o petista ap\u00f3s ser condenada a seis anos de pris\u00e3o por corrup\u00e7\u00e3o em seu pa\u00eds. A condena\u00e7\u00e3o de Kirchner tem sido comparada por lideran\u00e7as do PT com a pris\u00e3o de Lula em","canonical_url":"https:\/\/newsinfoco.com.br\/inicio\/lula-afirma-que-conversou-com-cristina-kirchner-apos-condenacao-ela-ate-chorou\/","robots":"max-image-preview:large","keywords":"","webmasterTools":{"miscellaneous":""},"schema":{"@context":"https:\/\/schema.org","@graph":[{"@type":"BlogPosting","@id":"https:\/\/newsinfoco.com.br\/inicio\/lula-afirma-que-conversou-com-cristina-kirchner-apos-condenacao-ela-ate-chorou\/#blogposting","name":"Lula afirma que conversou com Cristina Kirchner ap\u00f3s condena\u00e7\u00e3o: \u2018Ela at\u00e9 chorou\u2019 - News In Foco - Editado por Caio Pimenta","headline":"Lula afirma que conversou com Cristina Kirchner ap\u00f3s condena\u00e7\u00e3o: \u2018Ela at\u00e9 chorou\u2019","author":{"@id":"https:\/\/newsinfoco.com.br\/inicio\/author\/administrador\/#author"},"publisher":{"@id":"https:\/\/newsinfoco.com.br\/inicio\/#organization"},"image":{"@type":"ImageObject","url":"https:\/\/newsinfoco.com.br\/inicio\/wp-content\/uploads\/2025\/06\/RS_Kirchner_Lula_Foto_Ricardo_Stuckert_06-06-2015-850x567-1.jpg","width":600,"height":420},"datePublished":"2025-06-20T11:17:32-03:00","dateModified":"2025-06-20T11:17:32-03:00","inLanguage":"pt-BR","mainEntityOfPage":{"@id":"https:\/\/newsinfoco.com.br\/inicio\/lula-afirma-que-conversou-com-cristina-kirchner-apos-condenacao-ela-ate-chorou\/#webpage"},"isPartOf":{"@id":"https:\/\/newsinfoco.com.br\/inicio\/lula-afirma-que-conversou-com-cristina-kirchner-apos-condenacao-ela-ate-chorou\/#webpage"},"articleSection":"Brasil"},{"@type":"BreadcrumbList","@id":"https:\/\/newsinfoco.com.br\/inicio\/lula-afirma-que-conversou-com-cristina-kirchner-apos-condenacao-ela-ate-chorou\/#breadcrumblist","itemListElement":[{"@type":"ListItem","@id":"https:\/\/newsinfoco.com.br\/inicio#listItem","position":1,"name":"In\u00edcio","item":"https:\/\/newsinfoco.com.br\/inicio","nextItem":{"@type":"ListItem","@id":"https:\/\/newsinfoco.com.br\/inicio\/category\/brasil\/#listItem","name":"Brasil"}},{"@type":"ListItem","@id":"https:\/\/newsinfoco.com.br\/inicio\/category\/brasil\/#listItem","position":2,"name":"Brasil","item":"https:\/\/newsinfoco.com.br\/inicio\/category\/brasil\/","nextItem":{"@type":"ListItem","@id":"https:\/\/newsinfoco.com.br\/inicio\/lula-afirma-que-conversou-com-cristina-kirchner-apos-condenacao-ela-ate-chorou\/#listItem","name":"Lula afirma que conversou com Cristina Kirchner ap\u00f3s condena\u00e7\u00e3o: \u2018Ela at\u00e9 chorou\u2019"},"previousItem":{"@type":"ListItem","@id":"https:\/\/newsinfoco.com.br\/inicio#listItem","name":"In\u00edcio"}},{"@type":"ListItem","@id":"https:\/\/newsinfoco.com.br\/inicio\/lula-afirma-que-conversou-com-cristina-kirchner-apos-condenacao-ela-ate-chorou\/#listItem","position":3,"name":"Lula afirma que conversou com Cristina Kirchner ap\u00f3s condena\u00e7\u00e3o: \u2018Ela at\u00e9 chorou\u2019","previousItem":{"@type":"ListItem","@id":"https:\/\/newsinfoco.com.br\/inicio\/category\/brasil\/#listItem","name":"Brasil"}}]},{"@type":"Organization","@id":"https:\/\/newsinfoco.com.br\/inicio\/#organization","name":"News In Foco - Editado por Caio Pimenta","description":"O principal site de noticias de Alagoinhas e regi\u00e3o","url":"https:\/\/newsinfoco.com.br\/inicio\/"},{"@type":"Person","@id":"https:\/\/newsinfoco.com.br\/inicio\/author\/administrador\/#author","url":"https:\/\/newsinfoco.com.br\/inicio\/author\/administrador\/","name":"administrador","image":{"@type":"ImageObject","@id":"https:\/\/newsinfoco.com.br\/inicio\/lula-afirma-que-conversou-com-cristina-kirchner-apos-condenacao-ela-ate-chorou\/#authorImage","url":"https:\/\/secure.gravatar.com\/avatar\/c17a617433de8c1dc9584bb79aab7563b46f5bb7e1728c9b17d9cc3ce6a08e49?s=96&d=mm&r=g","width":96,"height":96,"caption":"administrador"}},{"@type":"WebPage","@id":"https:\/\/newsinfoco.com.br\/inicio\/lula-afirma-que-conversou-com-cristina-kirchner-apos-condenacao-ela-ate-chorou\/#webpage","url":"https:\/\/newsinfoco.com.br\/inicio\/lula-afirma-que-conversou-com-cristina-kirchner-apos-condenacao-ela-ate-chorou\/","name":"Lula afirma que conversou com Cristina Kirchner ap\u00f3s condena\u00e7\u00e3o: \u2018Ela at\u00e9 chorou\u2019 - News In Foco - Editado por Caio Pimenta","description":"O presidente Luiz In\u00e1cio Lula da Silva (PT) afirmou na quinta-feira (19) que a ex-presidente da Argentina, Cristina Kirchner, chorou em liga\u00e7\u00e3o com o petista ap\u00f3s ser condenada a seis anos de pris\u00e3o por corrup\u00e7\u00e3o em seu pa\u00eds. A condena\u00e7\u00e3o de Kirchner tem sido comparada por lideran\u00e7as do PT com a pris\u00e3o de Lula em","inLanguage":"pt-BR","isPartOf":{"@id":"https:\/\/newsinfoco.com.br\/inicio\/#website"},"breadcrumb":{"@id":"https:\/\/newsinfoco.com.br\/inicio\/lula-afirma-que-conversou-com-cristina-kirchner-apos-condenacao-ela-ate-chorou\/#breadcrumblist"},"author":{"@id":"https:\/\/newsinfoco.com.br\/inicio\/author\/administrador\/#author"},"creator":{"@id":"https:\/\/newsinfoco.com.br\/inicio\/author\/administrador\/#author"},"image":{"@type":"ImageObject","url":"https:\/\/newsinfoco.com.br\/inicio\/wp-content\/uploads\/2025\/06\/RS_Kirchner_Lula_Foto_Ricardo_Stuckert_06-06-2015-850x567-1.jpg","@id":"https:\/\/newsinfoco.com.br\/inicio\/lula-afirma-que-conversou-com-cristina-kirchner-apos-condenacao-ela-ate-chorou\/#mainImage","width":600,"height":420},"primaryImageOfPage":{"@id":"https:\/\/newsinfoco.com.br\/inicio\/lula-afirma-que-conversou-com-cristina-kirchner-apos-condenacao-ela-ate-chorou\/#mainImage"},"datePublished":"2025-06-20T11:17:32-03:00","dateModified":"2025-06-20T11:17:32-03:00"},{"@type":"WebSite","@id":"https:\/\/newsinfoco.com.br\/inicio\/#website","url":"https:\/\/newsinfoco.com.br\/inicio\/","name":"News In Foco - Editado por Caio Pimenta","description":"O principal site de noticias de Alagoinhas e regi\u00e3o","inLanguage":"pt-BR","publisher":{"@id":"https:\/\/newsinfoco.com.br\/inicio\/#organization"}}]},"og:locale":"pt_BR","og:site_name":"News In Foco - Editado por Caio Pimenta - O principal site de noticias de Alagoinhas e regi\u00e3o","og:type":"article","og:title":"Lula afirma que conversou com Cristina Kirchner ap\u00f3s condena\u00e7\u00e3o: \u2018Ela at\u00e9 chorou\u2019 - News In Foco - Editado por Caio Pimenta","og:description":"O presidente Luiz In\u00e1cio Lula da Silva (PT) afirmou na quinta-feira (19) que a ex-presidente da Argentina, Cristina Kirchner, chorou em liga\u00e7\u00e3o com o petista ap\u00f3s ser condenada a seis anos de pris\u00e3o por corrup\u00e7\u00e3o em seu pa\u00eds. A condena\u00e7\u00e3o de Kirchner tem sido comparada por lideran\u00e7as do PT com a pris\u00e3o de Lula em","og:url":"https:\/\/newsinfoco.com.br\/inicio\/lula-afirma-que-conversou-com-cristina-kirchner-apos-condenacao-ela-ate-chorou\/","article:published_time":"2025-06-20T14:17:32+00:00","article:modified_time":"2025-06-20T14:17:32+00:00","twitter:card":"summary_large_image","twitter:title":"Lula afirma que conversou com Cristina Kirchner ap\u00f3s condena\u00e7\u00e3o: \u2018Ela at\u00e9 chorou\u2019 - News In Foco - Editado por Caio Pimenta","twitter:description":"O presidente Luiz In\u00e1cio Lula da Silva (PT) afirmou na quinta-feira (19) que a ex-presidente da Argentina, Cristina Kirchner, chorou em liga\u00e7\u00e3o com o petista ap\u00f3s ser condenada a seis anos de pris\u00e3o por corrup\u00e7\u00e3o em seu pa\u00eds. A condena\u00e7\u00e3o de Kirchner tem sido comparada por lideran\u00e7as do PT com a pris\u00e3o de Lula em"},"aioseo_meta_data":{"post_id":"42635","title":null,"description":null,"keywords":null,"keyphrases":{"focus":{"keyphrase":"","score":0,"analysis":{"keyphraseInTitle":{"score":0,"maxScore":9,"error":1}}},"additional":[]},"primary_term":null,"canonical_url":null,"og_title":null,"og_description":null,"og_object_type":"default","og_image_type":"default","og_image_url":null,"og_image_width":null,"og_image_height":null,"og_image_custom_url":null,"og_image_custom_fields":null,"og_video":"","og_custom_url":null,"og_article_section":null,"og_article_tags":null,"twitter_use_og":false,"twitter_card":"default","twitter_image_type":"default","twitter_image_url":null,"twitter_image_custom_url":null,"twitter_image_custom_fields":null,"twitter_title":null,"twitter_description":null,"schema":{"blockGraphs":[],"customGraphs":[],"default":{"data":{"Article":[],"Course":[],"Dataset":[],"FAQPage":[],"Movie":[],"Person":[],"Product":[],"ProductReview":[],"Car":[],"Recipe":[],"Service":[],"SoftwareApplication":[],"WebPage":[]},"graphName":"BlogPosting","isEnabled":true},"graphs":[]},"schema_type":"default","schema_type_options":null,"pillar_content":false,"robots_default":true,"robots_noindex":false,"robots_noarchive":false,"robots_nosnippet":false,"robots_nofollow":false,"robots_noimageindex":false,"robots_noodp":false,"robots_notranslate":false,"robots_max_snippet":"-1","robots_max_videopreview":"-1","robots_max_imagepreview":"large","priority":null,"frequency":"default","local_seo":null,"breadcrumb_settings":null,"limit_modified_date":false,"ai":null,"created":"2025-06-20 14:17:32","updated":"2025-07-11 14:02:44","seo_analyzer_scan_date":null},"aioseo_breadcrumb":"<div class=\"aioseo-breadcrumbs\"><span class=\"aioseo-breadcrumb\">\n\t\t\t<a href=\"https:\/\/newsinfoco.com.br\/inicio\" title=\"In\u00edcio\">In\u00edcio<\/a>\n\t\t<\/span><span class=\"aioseo-breadcrumb-separator\">&raquo;<\/span><span class=\"aioseo-breadcrumb\">\n\t\t\t<a href=\"https:\/\/newsinfoco.com.br\/inicio\/category\/brasil\/\" title=\"Brasil\">Brasil<\/a>\n\t\t<\/span><span class=\"aioseo-breadcrumb-separator\">&raquo;<\/span><span class=\"aioseo-breadcrumb\">\n\t\t\tLula afirma que conversou com Cristina Kirchner ap\u00f3s condena\u00e7\u00e3o: \u2018Ela at\u00e9 chorou\u2019\n\t\t<\/span><\/div>","aioseo_breadcrumb_json":[{"label":"In\u00edcio","link":"https:\/\/newsinfoco.com.br\/inicio"},{"label":"Brasil","link":"https:\/\/newsinfoco.com.br\/inicio\/category\/brasil\/"},{"label":"Lula afirma que conversou com Cristina Kirchner ap\u00f3s condena\u00e7\u00e3o: \u2018Ela at\u00e9 chorou\u2019","link":"https:\/\/newsinfoco.com.br\/inicio\/lula-afirma-que-conversou-com-cristina-kirchner-apos-condenacao-ela-ate-chorou\/"}],"_links":{"self":[{"href":"https:\/\/newsinfoco.com.br\/inicio\/wp-json\/wp\/v2\/posts\/42635","targetHints":{"allow":["GET"]}}],"collection":[{"href":"https:\/\/newsinfoco.com.br\/inicio\/wp-json\/wp\/v2\/posts"}],"about":[{"href":"https:\/\/newsinfoco.com.br\/inicio\/wp-json\/wp\/v2\/types\/post"}],"author":[{"embeddable":true,"href":"https:\/\/newsinfoco.com.br\/inicio\/wp-json\/wp\/v2\/users\/1"}],"replies":[{"embeddable":true,"href":"https:\/\/newsinfoco.com.br\/inicio\/wp-json\/wp\/v2\/comments?post=42635"}],"version-history":[{"count":1,"href":"https:\/\/newsinfoco.com.br\/inicio\/wp-json\/wp\/v2\/posts\/42635\/revisions"}],"predecessor-version":[{"id":42637,"href":"https:\/\/newsinfoco.com.br\/inicio\/wp-json\/wp\/v2\/posts\/42635\/revisions\/42637"}],"wp:featuredmedia":[{"embeddable":true,"href":"https:\/\/newsinfoco.com.br\/inicio\/wp-json\/wp\/v2\/media\/42636"}],"wp:attachment":[{"href":"https:\/\/newsinfoco.com.br\/inicio\/wp-json\/wp\/v2\/media?parent=42635"}],"wp:term":[{"taxonomy":"category","embeddable":true,"href":"https:\/\/newsinfoco.com.br\/inicio\/wp-json\/wp\/v2\/categories?post=42635"},{"taxonomy":"post_tag","embeddable":true,"href":"https:\/\/newsinfoco.com.br\/inicio\/wp-json\/wp\/v2\/tags?post=42635"}],"curies":[{"name":"wp","href":"https:\/\/api.w.org\/{rel}","templated":true}]}}