{"id":42641,"date":"2025-06-20T11:32:23","date_gmt":"2025-06-20T14:32:23","guid":{"rendered":"https:\/\/newsinfoco.com.br\/inicio\/?p=42641"},"modified":"2025-06-20T11:32:23","modified_gmt":"2025-06-20T14:32:23","slug":"camara-notifica-defesa-de-carla-zambelli-sobre-a-cassacao-do-mandato","status":"publish","type":"post","link":"https:\/\/newsinfoco.com.br\/inicio\/camara-notifica-defesa-de-carla-zambelli-sobre-a-cassacao-do-mandato\/","title":{"rendered":"C\u00e2mara notifica defesa de Carla Zambelli sobre a cassa\u00e7\u00e3o do mandato"},"content":{"rendered":"<p><main><\/p>\n<div class=\"container\">\n<div class=\"main-interno \">\n<div class=\"grid-base-int\">\n<div class=\"materia-conteudo\">\n<div class=\"materia\">\n<div class=\"conteudo_post\">\n<p>A deputada Carla Zambelli (PL-SP) foi notificada por e-mail sobre o in\u00edcio do processo, que pode levar \u00e0 perda do seu mandato. A Comiss\u00e3o de Constitui\u00e7\u00e3o e Justi\u00e7a (CCJ) da C\u00e2mara dos Deputados notificou a defesa da parlamentar na ter\u00e7a-feira (18).<\/p>\n<p>Condenada de forma definitiva pelo Supremo Tribunal Federal (STF), o rito para a poss\u00edvel cassa\u00e7\u00e3o j\u00e1 teve in\u00edcio. O presidente da C\u00e2mara, Hugo Motta (Republicanos-PB), encaminhou a decis\u00e3o ao presidente da CCJ, deputado Paulo Azi (Uni\u00e3o-BA).<\/p>\n<p>As regras da C\u00e2mara para quando um parlamentar \u00e9 condenado criminalmente com tr\u00e2nsito em julgado, ou seja, quando n\u00e3o cabe mais recurso, \u00e9 que seja feito uma an\u00e1lise sobre a perda do mandato come\u00e7a pela CCJ.<\/p>\n<div>\n<div>\n<div class=\"trv-player-container\">\n<div class=\"trv-wrapper\">\n<div id=\"br_video_player_280b37188f68faa359eac695f477b49dc3c659f9\" class=\"trvd_video_player trvdinstream\">\n<div class=\"media-player\">\n<div class=\"trv-video\">\n<div id=\"truvid_ima_container16226\" class=\"truvid_ima_container\">\n<div>\n<div><\/div>\n<\/div>\n<\/div>\n<\/div>\n<\/div>\n<\/div>\n<\/div>\n<\/div>\n<\/div>\n<\/div>\n<\/div>\n<\/div>\n<\/div>\n<\/div>\n<\/div>\n<\/div>\n<p><\/main><\/p>\n<div id=\"fb-root\" class=\" fb_reset\">\n<div>\n<div>\n<div class=\"conteudo_post\">\n<p>Azi designou o deputado Diego Garcia (Republicanos-PR) como relator do caso deu in\u00edcio \u00e0s tentativas de notificar a deputada, o que agora foi formalizado. Zambelli ter\u00e1 at\u00e9 cinco sess\u00f5es do plen\u00e1rio para apresentar sua defesa.<\/p>\n<p>Ap\u00f3s esse processo, a CCJ ter\u00e1 tamb\u00e9m cinco sess\u00f5es para votar um parecer, seja pela cassa\u00e7\u00e3o ou n\u00e3o do mandato. Com o resultado da comiss\u00e3o definido, ele ser\u00e1 levado ao plen\u00e1rio da Casa. Para ter o mandato de Zambelli cassado, a proposta ter\u00e1 que ter ao menos 257 votos favor\u00e1veis, o equivalente \u00e0 maioria absoluta da Casa.<\/p>\n<\/div>\n<div id=\"div-share\">Bahia.Ba<\/div>\n<\/div>\n<\/div>\n<\/div>\n<div class='share-to-whatsapp-wrapper'><div class='share-on-whsp'>Share on: <\/div><a data-text='C\u00e2mara notifica defesa de Carla Zambelli sobre a cassa\u00e7\u00e3o do mandato' data-link='https:\/\/newsinfoco.com.br\/inicio\/camara-notifica-defesa-de-carla-zambelli-sobre-a-cassacao-do-mandato\/' class='whatsapp-button whatsapp-share'>WhatsApp<\/a><div class='clear '><\/div><\/div>","protected":false},"excerpt":{"rendered":"<p>A deputada Carla Zambelli (PL-SP) foi notificada por e-mail sobre o in\u00edcio do processo, que pode levar \u00e0 perda do seu mandato. A Comiss\u00e3o de Constitui\u00e7\u00e3o e Justi\u00e7a (CCJ) da C\u00e2mara dos Deputados notificou a defesa da parlamentar na ter\u00e7a-feira (18). Condenada de forma definitiva pelo Supremo Tribunal Federal (STF), o rito para a poss\u00edvel [&hellip;]<\/p>\n","protected":false},"author":1,"featured_media":42642,"comment_status":"closed","ping_status":"closed","sticky":false,"template":"","format":"standard","meta":{"om_disable_all_campaigns":false,"rop_custom_images_group":[],"rop_custom_messages_group":[],"rop_publish_now":"initial","rop_publish_now_accounts":[],"rop_publish_now_history":[],"rop_publish_now_status":"pending","_exactmetrics_skip_tracking":false,"footnotes":""},"categories":[21],"tags":[],"class_list":["post-42641","post","type-post","status-publish","format-standard","has-post-thumbnail","hentry","category-brasil"],"aioseo_notices":[],"aioseo_head":"\n\t\t<!-- All in One SEO 4.9.10 - aioseo.com -->\n\t<meta name=\"description\" content=\"A deputada Carla Zambelli (PL-SP) foi notificada por e-mail sobre o in\u00edcio do processo, que pode levar \u00e0 perda do seu mandato. A Comiss\u00e3o de Constitui\u00e7\u00e3o e Justi\u00e7a (CCJ) da C\u00e2mara dos Deputados notificou a defesa da parlamentar na ter\u00e7a-feira (18). Condenada de forma definitiva pelo Supremo Tribunal Federal (STF), o rito para a poss\u00edvel\" \/>\n\t<meta name=\"robots\" content=\"max-image-preview:large\" \/>\n\t<meta name=\"author\" content=\"administrador\"\/>\n\t<link rel=\"canonical\" href=\"https:\/\/newsinfoco.com.br\/inicio\/camara-notifica-defesa-de-carla-zambelli-sobre-a-cassacao-do-mandato\/\" \/>\n\t<meta name=\"generator\" content=\"All in One SEO (AIOSEO) 4.9.10\" \/>\n\t\t<meta property=\"og:locale\" content=\"pt_BR\" \/>\n\t\t<meta property=\"og:site_name\" content=\"News In Foco - Editado por Caio Pimenta - O principal site de noticias de Alagoinhas e regi\u00e3o\" \/>\n\t\t<meta property=\"og:type\" content=\"article\" \/>\n\t\t<meta property=\"og:title\" content=\"C\u00e2mara notifica defesa de Carla Zambelli sobre a cassa\u00e7\u00e3o do mandato - News In Foco - Editado por Caio Pimenta\" \/>\n\t\t<meta property=\"og:description\" content=\"A deputada Carla Zambelli (PL-SP) foi notificada por e-mail sobre o in\u00edcio do processo, que pode levar \u00e0 perda do seu mandato. A Comiss\u00e3o de Constitui\u00e7\u00e3o e Justi\u00e7a (CCJ) da C\u00e2mara dos Deputados notificou a defesa da parlamentar na ter\u00e7a-feira (18). Condenada de forma definitiva pelo Supremo Tribunal Federal (STF), o rito para a poss\u00edvel\" \/>\n\t\t<meta property=\"og:url\" content=\"https:\/\/newsinfoco.com.br\/inicio\/camara-notifica-defesa-de-carla-zambelli-sobre-a-cassacao-do-mandato\/\" \/>\n\t\t<meta property=\"article:published_time\" content=\"2025-06-20T14:32:23+00:00\" \/>\n\t\t<meta property=\"article:modified_time\" content=\"2025-06-20T14:32:23+00:00\" \/>\n\t\t<meta name=\"twitter:card\" content=\"summary_large_image\" \/>\n\t\t<meta name=\"twitter:title\" content=\"C\u00e2mara notifica defesa de Carla Zambelli sobre a cassa\u00e7\u00e3o do mandato - News In Foco - Editado por Caio Pimenta\" \/>\n\t\t<meta name=\"twitter:description\" content=\"A deputada Carla Zambelli (PL-SP) foi notificada por e-mail sobre o in\u00edcio do processo, que pode levar \u00e0 perda do seu mandato. A Comiss\u00e3o de Constitui\u00e7\u00e3o e Justi\u00e7a (CCJ) da C\u00e2mara dos Deputados notificou a defesa da parlamentar na ter\u00e7a-feira (18). Condenada de forma definitiva pelo Supremo Tribunal Federal (STF), o rito para a poss\u00edvel\" \/>\n\t\t<script type=\"application\/ld+json\" class=\"aioseo-schema\">\n\t\t\t{\"@context\":\"https:\\\/\\\/schema.org\",\"@graph\":[{\"@type\":\"BlogPosting\",\"@id\":\"https:\\\/\\\/newsinfoco.com.br\\\/inicio\\\/camara-notifica-defesa-de-carla-zambelli-sobre-a-cassacao-do-mandato\\\/#blogposting\",\"name\":\"C\\u00e2mara notifica defesa de Carla Zambelli sobre a cassa\\u00e7\\u00e3o do mandato - News In Foco - Editado por Caio Pimenta\",\"headline\":\"C\\u00e2mara notifica defesa de Carla Zambelli sobre a cassa\\u00e7\\u00e3o do mandato\",\"author\":{\"@id\":\"https:\\\/\\\/newsinfoco.com.br\\\/inicio\\\/author\\\/administrador\\\/#author\"},\"publisher\":{\"@id\":\"https:\\\/\\\/newsinfoco.com.br\\\/inicio\\\/#organization\"},\"image\":{\"@type\":\"ImageObject\",\"url\":\"https:\\\/\\\/newsinfoco.com.br\\\/inicio\\\/wp-content\\\/uploads\\\/2025\\\/06\\\/ZAMBELLI-2-3.png\",\"width\":600,\"height\":420},\"datePublished\":\"2025-06-20T11:32:23-03:00\",\"dateModified\":\"2025-06-20T11:32:23-03:00\",\"inLanguage\":\"pt-BR\",\"mainEntityOfPage\":{\"@id\":\"https:\\\/\\\/newsinfoco.com.br\\\/inicio\\\/camara-notifica-defesa-de-carla-zambelli-sobre-a-cassacao-do-mandato\\\/#webpage\"},\"isPartOf\":{\"@id\":\"https:\\\/\\\/newsinfoco.com.br\\\/inicio\\\/camara-notifica-defesa-de-carla-zambelli-sobre-a-cassacao-do-mandato\\\/#webpage\"},\"articleSection\":\"Brasil\"},{\"@type\":\"BreadcrumbList\",\"@id\":\"https:\\\/\\\/newsinfoco.com.br\\\/inicio\\\/camara-notifica-defesa-de-carla-zambelli-sobre-a-cassacao-do-mandato\\\/#breadcrumblist\",\"itemListElement\":[{\"@type\":\"ListItem\",\"@id\":\"https:\\\/\\\/newsinfoco.com.br\\\/inicio#listItem\",\"position\":1,\"name\":\"In\\u00edcio\",\"item\":\"https:\\\/\\\/newsinfoco.com.br\\\/inicio\",\"nextItem\":{\"@type\":\"ListItem\",\"@id\":\"https:\\\/\\\/newsinfoco.com.br\\\/inicio\\\/category\\\/brasil\\\/#listItem\",\"name\":\"Brasil\"}},{\"@type\":\"ListItem\",\"@id\":\"https:\\\/\\\/newsinfoco.com.br\\\/inicio\\\/category\\\/brasil\\\/#listItem\",\"position\":2,\"name\":\"Brasil\",\"item\":\"https:\\\/\\\/newsinfoco.com.br\\\/inicio\\\/category\\\/brasil\\\/\",\"nextItem\":{\"@type\":\"ListItem\",\"@id\":\"https:\\\/\\\/newsinfoco.com.br\\\/inicio\\\/camara-notifica-defesa-de-carla-zambelli-sobre-a-cassacao-do-mandato\\\/#listItem\",\"name\":\"C\\u00e2mara notifica defesa de Carla Zambelli sobre a cassa\\u00e7\\u00e3o do mandato\"},\"previousItem\":{\"@type\":\"ListItem\",\"@id\":\"https:\\\/\\\/newsinfoco.com.br\\\/inicio#listItem\",\"name\":\"In\\u00edcio\"}},{\"@type\":\"ListItem\",\"@id\":\"https:\\\/\\\/newsinfoco.com.br\\\/inicio\\\/camara-notifica-defesa-de-carla-zambelli-sobre-a-cassacao-do-mandato\\\/#listItem\",\"position\":3,\"name\":\"C\\u00e2mara notifica defesa de Carla Zambelli sobre a cassa\\u00e7\\u00e3o do mandato\",\"previousItem\":{\"@type\":\"ListItem\",\"@id\":\"https:\\\/\\\/newsinfoco.com.br\\\/inicio\\\/category\\\/brasil\\\/#listItem\",\"name\":\"Brasil\"}}]},{\"@type\":\"Organization\",\"@id\":\"https:\\\/\\\/newsinfoco.com.br\\\/inicio\\\/#organization\",\"name\":\"News In Foco - Editado por Caio Pimenta\",\"description\":\"O principal site de noticias de Alagoinhas e regi\\u00e3o\",\"url\":\"https:\\\/\\\/newsinfoco.com.br\\\/inicio\\\/\"},{\"@type\":\"Person\",\"@id\":\"https:\\\/\\\/newsinfoco.com.br\\\/inicio\\\/author\\\/administrador\\\/#author\",\"url\":\"https:\\\/\\\/newsinfoco.com.br\\\/inicio\\\/author\\\/administrador\\\/\",\"name\":\"administrador\",\"image\":{\"@type\":\"ImageObject\",\"@id\":\"https:\\\/\\\/newsinfoco.com.br\\\/inicio\\\/camara-notifica-defesa-de-carla-zambelli-sobre-a-cassacao-do-mandato\\\/#authorImage\",\"url\":\"https:\\\/\\\/secure.gravatar.com\\\/avatar\\\/c17a617433de8c1dc9584bb79aab7563b46f5bb7e1728c9b17d9cc3ce6a08e49?s=96&d=mm&r=g\",\"width\":96,\"height\":96,\"caption\":\"administrador\"}},{\"@type\":\"WebPage\",\"@id\":\"https:\\\/\\\/newsinfoco.com.br\\\/inicio\\\/camara-notifica-defesa-de-carla-zambelli-sobre-a-cassacao-do-mandato\\\/#webpage\",\"url\":\"https:\\\/\\\/newsinfoco.com.br\\\/inicio\\\/camara-notifica-defesa-de-carla-zambelli-sobre-a-cassacao-do-mandato\\\/\",\"name\":\"C\\u00e2mara notifica defesa de Carla Zambelli sobre a cassa\\u00e7\\u00e3o do mandato - News In Foco - Editado por Caio Pimenta\",\"description\":\"A deputada Carla Zambelli (PL-SP) foi notificada por e-mail sobre o in\\u00edcio do processo, que pode levar \\u00e0 perda do seu mandato. A Comiss\\u00e3o de Constitui\\u00e7\\u00e3o e Justi\\u00e7a (CCJ) da C\\u00e2mara dos Deputados notificou a defesa da parlamentar na ter\\u00e7a-feira (18). Condenada de forma definitiva pelo Supremo Tribunal Federal (STF), o rito para a poss\\u00edvel\",\"inLanguage\":\"pt-BR\",\"isPartOf\":{\"@id\":\"https:\\\/\\\/newsinfoco.com.br\\\/inicio\\\/#website\"},\"breadcrumb\":{\"@id\":\"https:\\\/\\\/newsinfoco.com.br\\\/inicio\\\/camara-notifica-defesa-de-carla-zambelli-sobre-a-cassacao-do-mandato\\\/#breadcrumblist\"},\"author\":{\"@id\":\"https:\\\/\\\/newsinfoco.com.br\\\/inicio\\\/author\\\/administrador\\\/#author\"},\"creator\":{\"@id\":\"https:\\\/\\\/newsinfoco.com.br\\\/inicio\\\/author\\\/administrador\\\/#author\"},\"image\":{\"@type\":\"ImageObject\",\"url\":\"https:\\\/\\\/newsinfoco.com.br\\\/inicio\\\/wp-content\\\/uploads\\\/2025\\\/06\\\/ZAMBELLI-2-3.png\",\"@id\":\"https:\\\/\\\/newsinfoco.com.br\\\/inicio\\\/camara-notifica-defesa-de-carla-zambelli-sobre-a-cassacao-do-mandato\\\/#mainImage\",\"width\":600,\"height\":420},\"primaryImageOfPage\":{\"@id\":\"https:\\\/\\\/newsinfoco.com.br\\\/inicio\\\/camara-notifica-defesa-de-carla-zambelli-sobre-a-cassacao-do-mandato\\\/#mainImage\"},\"datePublished\":\"2025-06-20T11:32:23-03:00\",\"dateModified\":\"2025-06-20T11:32:23-03:00\"},{\"@type\":\"WebSite\",\"@id\":\"https:\\\/\\\/newsinfoco.com.br\\\/inicio\\\/#website\",\"url\":\"https:\\\/\\\/newsinfoco.com.br\\\/inicio\\\/\",\"name\":\"News In Foco - Editado por Caio Pimenta\",\"description\":\"O principal site de noticias de Alagoinhas e regi\\u00e3o\",\"inLanguage\":\"pt-BR\",\"publisher\":{\"@id\":\"https:\\\/\\\/newsinfoco.com.br\\\/inicio\\\/#organization\"}}]}\n\t\t<\/script>\n\t\t<!-- All in One SEO -->\n\n","aioseo_head_json":{"title":"C\u00e2mara notifica defesa de Carla Zambelli sobre a cassa\u00e7\u00e3o do mandato - News In Foco - Editado por Caio Pimenta","description":"A deputada Carla Zambelli (PL-SP) foi notificada por e-mail sobre o in\u00edcio do processo, que pode levar \u00e0 perda do seu mandato. A Comiss\u00e3o de Constitui\u00e7\u00e3o e Justi\u00e7a (CCJ) da C\u00e2mara dos Deputados notificou a defesa da parlamentar na ter\u00e7a-feira (18). Condenada de forma definitiva pelo Supremo Tribunal Federal (STF), o rito para a poss\u00edvel","canonical_url":"https:\/\/newsinfoco.com.br\/inicio\/camara-notifica-defesa-de-carla-zambelli-sobre-a-cassacao-do-mandato\/","robots":"max-image-preview:large","keywords":"","webmasterTools":{"miscellaneous":""},"schema":{"@context":"https:\/\/schema.org","@graph":[{"@type":"BlogPosting","@id":"https:\/\/newsinfoco.com.br\/inicio\/camara-notifica-defesa-de-carla-zambelli-sobre-a-cassacao-do-mandato\/#blogposting","name":"C\u00e2mara notifica defesa de Carla Zambelli sobre a cassa\u00e7\u00e3o do mandato - News In Foco - Editado por Caio Pimenta","headline":"C\u00e2mara notifica defesa de Carla Zambelli sobre a cassa\u00e7\u00e3o do mandato","author":{"@id":"https:\/\/newsinfoco.com.br\/inicio\/author\/administrador\/#author"},"publisher":{"@id":"https:\/\/newsinfoco.com.br\/inicio\/#organization"},"image":{"@type":"ImageObject","url":"https:\/\/newsinfoco.com.br\/inicio\/wp-content\/uploads\/2025\/06\/ZAMBELLI-2-3.png","width":600,"height":420},"datePublished":"2025-06-20T11:32:23-03:00","dateModified":"2025-06-20T11:32:23-03:00","inLanguage":"pt-BR","mainEntityOfPage":{"@id":"https:\/\/newsinfoco.com.br\/inicio\/camara-notifica-defesa-de-carla-zambelli-sobre-a-cassacao-do-mandato\/#webpage"},"isPartOf":{"@id":"https:\/\/newsinfoco.com.br\/inicio\/camara-notifica-defesa-de-carla-zambelli-sobre-a-cassacao-do-mandato\/#webpage"},"articleSection":"Brasil"},{"@type":"BreadcrumbList","@id":"https:\/\/newsinfoco.com.br\/inicio\/camara-notifica-defesa-de-carla-zambelli-sobre-a-cassacao-do-mandato\/#breadcrumblist","itemListElement":[{"@type":"ListItem","@id":"https:\/\/newsinfoco.com.br\/inicio#listItem","position":1,"name":"In\u00edcio","item":"https:\/\/newsinfoco.com.br\/inicio","nextItem":{"@type":"ListItem","@id":"https:\/\/newsinfoco.com.br\/inicio\/category\/brasil\/#listItem","name":"Brasil"}},{"@type":"ListItem","@id":"https:\/\/newsinfoco.com.br\/inicio\/category\/brasil\/#listItem","position":2,"name":"Brasil","item":"https:\/\/newsinfoco.com.br\/inicio\/category\/brasil\/","nextItem":{"@type":"ListItem","@id":"https:\/\/newsinfoco.com.br\/inicio\/camara-notifica-defesa-de-carla-zambelli-sobre-a-cassacao-do-mandato\/#listItem","name":"C\u00e2mara notifica defesa de Carla Zambelli sobre a cassa\u00e7\u00e3o do mandato"},"previousItem":{"@type":"ListItem","@id":"https:\/\/newsinfoco.com.br\/inicio#listItem","name":"In\u00edcio"}},{"@type":"ListItem","@id":"https:\/\/newsinfoco.com.br\/inicio\/camara-notifica-defesa-de-carla-zambelli-sobre-a-cassacao-do-mandato\/#listItem","position":3,"name":"C\u00e2mara notifica defesa de Carla Zambelli sobre a cassa\u00e7\u00e3o do mandato","previousItem":{"@type":"ListItem","@id":"https:\/\/newsinfoco.com.br\/inicio\/category\/brasil\/#listItem","name":"Brasil"}}]},{"@type":"Organization","@id":"https:\/\/newsinfoco.com.br\/inicio\/#organization","name":"News In Foco - Editado por Caio Pimenta","description":"O principal site de noticias de Alagoinhas e regi\u00e3o","url":"https:\/\/newsinfoco.com.br\/inicio\/"},{"@type":"Person","@id":"https:\/\/newsinfoco.com.br\/inicio\/author\/administrador\/#author","url":"https:\/\/newsinfoco.com.br\/inicio\/author\/administrador\/","name":"administrador","image":{"@type":"ImageObject","@id":"https:\/\/newsinfoco.com.br\/inicio\/camara-notifica-defesa-de-carla-zambelli-sobre-a-cassacao-do-mandato\/#authorImage","url":"https:\/\/secure.gravatar.com\/avatar\/c17a617433de8c1dc9584bb79aab7563b46f5bb7e1728c9b17d9cc3ce6a08e49?s=96&d=mm&r=g","width":96,"height":96,"caption":"administrador"}},{"@type":"WebPage","@id":"https:\/\/newsinfoco.com.br\/inicio\/camara-notifica-defesa-de-carla-zambelli-sobre-a-cassacao-do-mandato\/#webpage","url":"https:\/\/newsinfoco.com.br\/inicio\/camara-notifica-defesa-de-carla-zambelli-sobre-a-cassacao-do-mandato\/","name":"C\u00e2mara notifica defesa de Carla Zambelli sobre a cassa\u00e7\u00e3o do mandato - News In Foco - Editado por Caio Pimenta","description":"A deputada Carla Zambelli (PL-SP) foi notificada por e-mail sobre o in\u00edcio do processo, que pode levar \u00e0 perda do seu mandato. A Comiss\u00e3o de Constitui\u00e7\u00e3o e Justi\u00e7a (CCJ) da C\u00e2mara dos Deputados notificou a defesa da parlamentar na ter\u00e7a-feira (18). Condenada de forma definitiva pelo Supremo Tribunal Federal (STF), o rito para a poss\u00edvel","inLanguage":"pt-BR","isPartOf":{"@id":"https:\/\/newsinfoco.com.br\/inicio\/#website"},"breadcrumb":{"@id":"https:\/\/newsinfoco.com.br\/inicio\/camara-notifica-defesa-de-carla-zambelli-sobre-a-cassacao-do-mandato\/#breadcrumblist"},"author":{"@id":"https:\/\/newsinfoco.com.br\/inicio\/author\/administrador\/#author"},"creator":{"@id":"https:\/\/newsinfoco.com.br\/inicio\/author\/administrador\/#author"},"image":{"@type":"ImageObject","url":"https:\/\/newsinfoco.com.br\/inicio\/wp-content\/uploads\/2025\/06\/ZAMBELLI-2-3.png","@id":"https:\/\/newsinfoco.com.br\/inicio\/camara-notifica-defesa-de-carla-zambelli-sobre-a-cassacao-do-mandato\/#mainImage","width":600,"height":420},"primaryImageOfPage":{"@id":"https:\/\/newsinfoco.com.br\/inicio\/camara-notifica-defesa-de-carla-zambelli-sobre-a-cassacao-do-mandato\/#mainImage"},"datePublished":"2025-06-20T11:32:23-03:00","dateModified":"2025-06-20T11:32:23-03:00"},{"@type":"WebSite","@id":"https:\/\/newsinfoco.com.br\/inicio\/#website","url":"https:\/\/newsinfoco.com.br\/inicio\/","name":"News In Foco - Editado por Caio Pimenta","description":"O principal site de noticias de Alagoinhas e regi\u00e3o","inLanguage":"pt-BR","publisher":{"@id":"https:\/\/newsinfoco.com.br\/inicio\/#organization"}}]},"og:locale":"pt_BR","og:site_name":"News In Foco - Editado por Caio Pimenta - O principal site de noticias de Alagoinhas e regi\u00e3o","og:type":"article","og:title":"C\u00e2mara notifica defesa de Carla Zambelli sobre a cassa\u00e7\u00e3o do mandato - News In Foco - Editado por Caio Pimenta","og:description":"A deputada Carla Zambelli (PL-SP) foi notificada por e-mail sobre o in\u00edcio do processo, que pode levar \u00e0 perda do seu mandato. A Comiss\u00e3o de Constitui\u00e7\u00e3o e Justi\u00e7a (CCJ) da C\u00e2mara dos Deputados notificou a defesa da parlamentar na ter\u00e7a-feira (18). Condenada de forma definitiva pelo Supremo Tribunal Federal (STF), o rito para a poss\u00edvel","og:url":"https:\/\/newsinfoco.com.br\/inicio\/camara-notifica-defesa-de-carla-zambelli-sobre-a-cassacao-do-mandato\/","article:published_time":"2025-06-20T14:32:23+00:00","article:modified_time":"2025-06-20T14:32:23+00:00","twitter:card":"summary_large_image","twitter:title":"C\u00e2mara notifica defesa de Carla Zambelli sobre a cassa\u00e7\u00e3o do mandato - News In Foco - Editado por Caio Pimenta","twitter:description":"A deputada Carla Zambelli (PL-SP) foi notificada por e-mail sobre o in\u00edcio do processo, que pode levar \u00e0 perda do seu mandato. A Comiss\u00e3o de Constitui\u00e7\u00e3o e Justi\u00e7a (CCJ) da C\u00e2mara dos Deputados notificou a defesa da parlamentar na ter\u00e7a-feira (18). Condenada de forma definitiva pelo Supremo Tribunal Federal (STF), o rito para a poss\u00edvel"},"aioseo_meta_data":{"post_id":"42641","title":null,"description":null,"keywords":null,"keyphrases":{"focus":{"keyphrase":"","score":0,"analysis":{"keyphraseInTitle":{"score":0,"maxScore":9,"error":1}}},"additional":[]},"primary_term":null,"canonical_url":null,"og_title":null,"og_description":null,"og_object_type":"default","og_image_type":"default","og_image_url":null,"og_image_width":null,"og_image_height":null,"og_image_custom_url":null,"og_image_custom_fields":null,"og_video":"","og_custom_url":null,"og_article_section":null,"og_article_tags":null,"twitter_use_og":false,"twitter_card":"default","twitter_image_type":"default","twitter_image_url":null,"twitter_image_custom_url":null,"twitter_image_custom_fields":null,"twitter_title":null,"twitter_description":null,"schema":{"blockGraphs":[],"customGraphs":[],"default":{"data":{"Article":[],"Course":[],"Dataset":[],"FAQPage":[],"Movie":[],"Person":[],"Product":[],"ProductReview":[],"Car":[],"Recipe":[],"Service":[],"SoftwareApplication":[],"WebPage":[]},"graphName":"BlogPosting","isEnabled":true},"graphs":[]},"schema_type":"default","schema_type_options":null,"pillar_content":false,"robots_default":true,"robots_noindex":false,"robots_noarchive":false,"robots_nosnippet":false,"robots_nofollow":false,"robots_noimageindex":false,"robots_noodp":false,"robots_notranslate":false,"robots_max_snippet":"-1","robots_max_videopreview":"-1","robots_max_imagepreview":"large","priority":null,"frequency":"default","local_seo":null,"breadcrumb_settings":null,"limit_modified_date":false,"ai":null,"created":"2025-06-20 14:32:23","updated":"2025-07-11 14:02:44","seo_analyzer_scan_date":null},"aioseo_breadcrumb":"<div class=\"aioseo-breadcrumbs\"><span class=\"aioseo-breadcrumb\">\n\t\t\t<a href=\"https:\/\/newsinfoco.com.br\/inicio\" title=\"In\u00edcio\">In\u00edcio<\/a>\n\t\t<\/span><span class=\"aioseo-breadcrumb-separator\">&raquo;<\/span><span class=\"aioseo-breadcrumb\">\n\t\t\t<a href=\"https:\/\/newsinfoco.com.br\/inicio\/category\/brasil\/\" title=\"Brasil\">Brasil<\/a>\n\t\t<\/span><span class=\"aioseo-breadcrumb-separator\">&raquo;<\/span><span class=\"aioseo-breadcrumb\">\n\t\t\tC\u00e2mara notifica defesa de Carla Zambelli sobre a cassa\u00e7\u00e3o do mandato\n\t\t<\/span><\/div>","aioseo_breadcrumb_json":[{"label":"In\u00edcio","link":"https:\/\/newsinfoco.com.br\/inicio"},{"label":"Brasil","link":"https:\/\/newsinfoco.com.br\/inicio\/category\/brasil\/"},{"label":"C\u00e2mara notifica defesa de Carla Zambelli sobre a cassa\u00e7\u00e3o do mandato","link":"https:\/\/newsinfoco.com.br\/inicio\/camara-notifica-defesa-de-carla-zambelli-sobre-a-cassacao-do-mandato\/"}],"_links":{"self":[{"href":"https:\/\/newsinfoco.com.br\/inicio\/wp-json\/wp\/v2\/posts\/42641","targetHints":{"allow":["GET"]}}],"collection":[{"href":"https:\/\/newsinfoco.com.br\/inicio\/wp-json\/wp\/v2\/posts"}],"about":[{"href":"https:\/\/newsinfoco.com.br\/inicio\/wp-json\/wp\/v2\/types\/post"}],"author":[{"embeddable":true,"href":"https:\/\/newsinfoco.com.br\/inicio\/wp-json\/wp\/v2\/users\/1"}],"replies":[{"embeddable":true,"href":"https:\/\/newsinfoco.com.br\/inicio\/wp-json\/wp\/v2\/comments?post=42641"}],"version-history":[{"count":1,"href":"https:\/\/newsinfoco.com.br\/inicio\/wp-json\/wp\/v2\/posts\/42641\/revisions"}],"predecessor-version":[{"id":42643,"href":"https:\/\/newsinfoco.com.br\/inicio\/wp-json\/wp\/v2\/posts\/42641\/revisions\/42643"}],"wp:featuredmedia":[{"embeddable":true,"href":"https:\/\/newsinfoco.com.br\/inicio\/wp-json\/wp\/v2\/media\/42642"}],"wp:attachment":[{"href":"https:\/\/newsinfoco.com.br\/inicio\/wp-json\/wp\/v2\/media?parent=42641"}],"wp:term":[{"taxonomy":"category","embeddable":true,"href":"https:\/\/newsinfoco.com.br\/inicio\/wp-json\/wp\/v2\/categories?post=42641"},{"taxonomy":"post_tag","embeddable":true,"href":"https:\/\/newsinfoco.com.br\/inicio\/wp-json\/wp\/v2\/tags?post=42641"}],"curies":[{"name":"wp","href":"https:\/\/api.w.org\/{rel}","templated":true}]}}