{"id":42647,"date":"2025-06-20T11:50:33","date_gmt":"2025-06-20T14:50:33","guid":{"rendered":"https:\/\/newsinfoco.com.br\/inicio\/?p=42647"},"modified":"2025-06-20T11:50:33","modified_gmt":"2025-06-20T14:50:33","slug":"acesso-liberado-ponte-da-fonte-dos-padres-e-entregue-com-nova-estrutura","status":"publish","type":"post","link":"https:\/\/newsinfoco.com.br\/inicio\/acesso-liberado-ponte-da-fonte-dos-padres-e-entregue-com-nova-estrutura\/","title":{"rendered":"Acesso liberado: ponte da Fonte dos Padres \u00e9 entregue com nova estrutura"},"content":{"rendered":"<p>Ap\u00f3s um trabalho intensivo na ponte localizada na regi\u00e3o da Fonte dos Padres, a Prefeitura de Alagoinhas liberou o acesso ao local, o que facilitar\u00e1 o tr\u00e2nsito na regi\u00e3o e nos bairros vizinhos. Os servi\u00e7os de reconstru\u00e7\u00e3o da estrutura come\u00e7aram logo depois que parte da antiga ponte caiu, devido \u00e0s chuvas no in\u00edcio de maio. Na ocasi\u00e3o, o prefeito Gustavo Carmo e as equipes da Secretaria Municipal de Obras e Projetos (Seop) se empenharam para que o problema fosse resolvido antes do per\u00edodo junino, e o cronograma foi cumprido dentro do previsto.<\/p>\n<p>\u201cO acesso est\u00e1 liberado na ponte da Fonte dos Padres. Nosso compromisso de entregar a obra antes do S\u00e3o Jo\u00e3o foi honrado. Todos n\u00f3s sabemos que, no \u00faltimo dia 5 de maio, as chuvas destru\u00edram essa ponte, mas, em tempo recorde, no dia 11 de maio, demos ordem de servi\u00e7o e eu assumi o compromisso com a popula\u00e7\u00e3o de Alagoinhas de garantir a trafegabilidade antes do S\u00e3o Jo\u00e3o. Esta \u00e9 uma obra que veio para ficar, oferecendo plena capacidade para o escoamento das \u00e1guas das macrodrenagens que foram feitas recentemente em Alagoinhas. Quero parabenizar toda a equipe da Seop e os trabalhadores que atuaram nessa obra. A ponte est\u00e1 conclu\u00edda e, quando o tempo melhorar, depois do S\u00e3o Jo\u00e3o, faremos a pavimenta\u00e7\u00e3o asf\u00e1ltica e os acabamentos da passagem dos pedestres\u201d, informou o prefeito Gustavo Carmo.<\/p>\n<p>De acordo com a secret\u00e1ria da Seop, Gal Reis, a equipe agiu com agilidade e priorizou tanto o projeto quanto o processo licitat\u00f3rio, permitindo o in\u00edcio das obras apenas algumas semanas ap\u00f3s o incidente.<\/p>\n<p>\u201cSeguimos todo o tr\u00e2mite de uma licita\u00e7\u00e3o emergencial, mas a estrutura que estamos entregando \u00e9 definitiva e feita com muita responsabilidade. Agora temos 64 aduelas assentadas, antes eram apenas duas manilhas de mil. Vamos aguardar que o asfalto esteja completamente seco para aplicarmos o concreto betuminoso usinado a quente (asfalto CBUQ), caso contr\u00e1rio, o asfalto apresentaria o famoso borrachudo, que s\u00e3o depress\u00f5es e partes amolecidas, principalmente por causa da passagem dos ve\u00edculos. O acesso j\u00e1 est\u00e1 garantido, e hoje temos uma ponte adequada e definitiva\u201d, explicou Gal.<\/p>\n<p>O engenheiro Andr\u00e9 Luiz Moraes reiterou que a estrutura da ponte precisou ser \u00a0totalmente refeita, j\u00e1 que as drenagens das regi\u00f5es do Santa Terezinha, Cavada e A8 passam pela localidade. \u201cPrecisamos mudar a configura\u00e7\u00e3o da ponte que caiu e agora temos uma nova estrutura com aduelas adequadas para captar toda a \u00e1gua das bacias que cruzam o local. Depois que o solo estiver completamente enxuto, vamos fazer a pavimenta\u00e7\u00e3o asf\u00e1ltica, a defensa New Jersey e o guarda-corpo em a\u00e7o inoxid\u00e1vel finalizando totalmente o projeto\u201d.v<\/p>\n<div class='share-to-whatsapp-wrapper'><div class='share-on-whsp'>Share on: <\/div><a data-text='Acesso liberado: ponte da Fonte dos Padres \u00e9 entregue com nova estrutura' data-link='https:\/\/newsinfoco.com.br\/inicio\/acesso-liberado-ponte-da-fonte-dos-padres-e-entregue-com-nova-estrutura\/' class='whatsapp-button whatsapp-share'>WhatsApp<\/a><div class='clear '><\/div><\/div>","protected":false},"excerpt":{"rendered":"<p>Ap\u00f3s um trabalho intensivo na ponte localizada na regi\u00e3o da Fonte dos Padres, a Prefeitura de Alagoinhas liberou o acesso ao local, o que facilitar\u00e1 o tr\u00e2nsito na regi\u00e3o e nos bairros vizinhos. Os servi\u00e7os de reconstru\u00e7\u00e3o da estrutura come\u00e7aram logo depois que parte da antiga ponte caiu, devido \u00e0s chuvas no in\u00edcio de maio. [&hellip;]<\/p>\n","protected":false},"author":1,"featured_media":42648,"comment_status":"closed","ping_status":"closed","sticky":false,"template":"","format":"standard","meta":{"om_disable_all_campaigns":false,"rop_custom_images_group":[],"rop_custom_messages_group":[],"rop_publish_now":"initial","rop_publish_now_accounts":[],"rop_publish_now_history":[],"rop_publish_now_status":"pending","_exactmetrics_skip_tracking":false,"footnotes":""},"categories":[38,167],"tags":[],"class_list":["post-42647","post","type-post","status-publish","format-standard","has-post-thumbnail","hentry","category-alagoinhas-e-regiao","category-exclusivas"],"aioseo_notices":[],"aioseo_head":"\n\t\t<!-- All in One SEO 4.9.10 - aioseo.com -->\n\t<meta name=\"description\" content=\"Ap\u00f3s um trabalho intensivo na ponte localizada na regi\u00e3o da Fonte dos Padres, a Prefeitura de Alagoinhas liberou o acesso ao local, o que facilitar\u00e1 o tr\u00e2nsito na regi\u00e3o e nos bairros vizinhos. Os servi\u00e7os de reconstru\u00e7\u00e3o da estrutura come\u00e7aram logo depois que parte da antiga ponte caiu, devido \u00e0s chuvas no in\u00edcio de maio.\" \/>\n\t<meta name=\"robots\" content=\"max-image-preview:large\" \/>\n\t<meta name=\"author\" content=\"administrador\"\/>\n\t<link rel=\"canonical\" href=\"https:\/\/newsinfoco.com.br\/inicio\/acesso-liberado-ponte-da-fonte-dos-padres-e-entregue-com-nova-estrutura\/\" \/>\n\t<meta name=\"generator\" content=\"All in One SEO (AIOSEO) 4.9.10\" \/>\n\t\t<meta property=\"og:locale\" content=\"pt_BR\" \/>\n\t\t<meta property=\"og:site_name\" content=\"News In Foco - Editado por Caio Pimenta - O principal site de noticias de Alagoinhas e regi\u00e3o\" \/>\n\t\t<meta property=\"og:type\" content=\"article\" \/>\n\t\t<meta property=\"og:title\" content=\"Acesso liberado: ponte da Fonte dos Padres \u00e9 entregue com nova estrutura - News In Foco - Editado por Caio Pimenta\" \/>\n\t\t<meta property=\"og:description\" content=\"Ap\u00f3s um trabalho intensivo na ponte localizada na regi\u00e3o da Fonte dos Padres, a Prefeitura de Alagoinhas liberou o acesso ao local, o que facilitar\u00e1 o tr\u00e2nsito na regi\u00e3o e nos bairros vizinhos. Os servi\u00e7os de reconstru\u00e7\u00e3o da estrutura come\u00e7aram logo depois que parte da antiga ponte caiu, devido \u00e0s chuvas no in\u00edcio de maio.\" \/>\n\t\t<meta property=\"og:url\" content=\"https:\/\/newsinfoco.com.br\/inicio\/acesso-liberado-ponte-da-fonte-dos-padres-e-entregue-com-nova-estrutura\/\" \/>\n\t\t<meta property=\"article:published_time\" content=\"2025-06-20T14:50:33+00:00\" \/>\n\t\t<meta property=\"article:modified_time\" content=\"2025-06-20T14:50:33+00:00\" \/>\n\t\t<meta name=\"twitter:card\" content=\"summary_large_image\" \/>\n\t\t<meta name=\"twitter:title\" content=\"Acesso liberado: ponte da Fonte dos Padres \u00e9 entregue com nova estrutura - News In Foco - Editado por Caio Pimenta\" \/>\n\t\t<meta name=\"twitter:description\" content=\"Ap\u00f3s um trabalho intensivo na ponte localizada na regi\u00e3o da Fonte dos Padres, a Prefeitura de Alagoinhas liberou o acesso ao local, o que facilitar\u00e1 o tr\u00e2nsito na regi\u00e3o e nos bairros vizinhos. Os servi\u00e7os de reconstru\u00e7\u00e3o da estrutura come\u00e7aram logo depois que parte da antiga ponte caiu, devido \u00e0s chuvas no in\u00edcio de maio.\" \/>\n\t\t<script type=\"application\/ld+json\" class=\"aioseo-schema\">\n\t\t\t{\"@context\":\"https:\\\/\\\/schema.org\",\"@graph\":[{\"@type\":\"BlogPosting\",\"@id\":\"https:\\\/\\\/newsinfoco.com.br\\\/inicio\\\/acesso-liberado-ponte-da-fonte-dos-padres-e-entregue-com-nova-estrutura\\\/#blogposting\",\"name\":\"Acesso liberado: ponte da Fonte dos Padres \\u00e9 entregue com nova estrutura - News In Foco - Editado por Caio Pimenta\",\"headline\":\"Acesso liberado: ponte da Fonte dos Padres \\u00e9 entregue com nova estrutura\",\"author\":{\"@id\":\"https:\\\/\\\/newsinfoco.com.br\\\/inicio\\\/author\\\/administrador\\\/#author\"},\"publisher\":{\"@id\":\"https:\\\/\\\/newsinfoco.com.br\\\/inicio\\\/#organization\"},\"image\":{\"@type\":\"ImageObject\",\"url\":\"https:\\\/\\\/newsinfoco.com.br\\\/inicio\\\/wp-content\\\/uploads\\\/2025\\\/06\\\/WhatsApp-Image-2025-06-19-at-14.18.24.jpeg\",\"width\":1600,\"height\":1066},\"datePublished\":\"2025-06-20T11:50:33-03:00\",\"dateModified\":\"2025-06-20T11:50:33-03:00\",\"inLanguage\":\"pt-BR\",\"mainEntityOfPage\":{\"@id\":\"https:\\\/\\\/newsinfoco.com.br\\\/inicio\\\/acesso-liberado-ponte-da-fonte-dos-padres-e-entregue-com-nova-estrutura\\\/#webpage\"},\"isPartOf\":{\"@id\":\"https:\\\/\\\/newsinfoco.com.br\\\/inicio\\\/acesso-liberado-ponte-da-fonte-dos-padres-e-entregue-com-nova-estrutura\\\/#webpage\"},\"articleSection\":\"Alagoinhas e Regi\\u00e3o, Manchete\"},{\"@type\":\"BreadcrumbList\",\"@id\":\"https:\\\/\\\/newsinfoco.com.br\\\/inicio\\\/acesso-liberado-ponte-da-fonte-dos-padres-e-entregue-com-nova-estrutura\\\/#breadcrumblist\",\"itemListElement\":[{\"@type\":\"ListItem\",\"@id\":\"https:\\\/\\\/newsinfoco.com.br\\\/inicio#listItem\",\"position\":1,\"name\":\"In\\u00edcio\",\"item\":\"https:\\\/\\\/newsinfoco.com.br\\\/inicio\",\"nextItem\":{\"@type\":\"ListItem\",\"@id\":\"https:\\\/\\\/newsinfoco.com.br\\\/inicio\\\/category\\\/alagoinhas-e-regiao\\\/#listItem\",\"name\":\"Alagoinhas e Regi\\u00e3o\"}},{\"@type\":\"ListItem\",\"@id\":\"https:\\\/\\\/newsinfoco.com.br\\\/inicio\\\/category\\\/alagoinhas-e-regiao\\\/#listItem\",\"position\":2,\"name\":\"Alagoinhas e Regi\\u00e3o\",\"item\":\"https:\\\/\\\/newsinfoco.com.br\\\/inicio\\\/category\\\/alagoinhas-e-regiao\\\/\",\"nextItem\":{\"@type\":\"ListItem\",\"@id\":\"https:\\\/\\\/newsinfoco.com.br\\\/inicio\\\/acesso-liberado-ponte-da-fonte-dos-padres-e-entregue-com-nova-estrutura\\\/#listItem\",\"name\":\"Acesso liberado: ponte da Fonte dos Padres \\u00e9 entregue com nova estrutura\"},\"previousItem\":{\"@type\":\"ListItem\",\"@id\":\"https:\\\/\\\/newsinfoco.com.br\\\/inicio#listItem\",\"name\":\"In\\u00edcio\"}},{\"@type\":\"ListItem\",\"@id\":\"https:\\\/\\\/newsinfoco.com.br\\\/inicio\\\/acesso-liberado-ponte-da-fonte-dos-padres-e-entregue-com-nova-estrutura\\\/#listItem\",\"position\":3,\"name\":\"Acesso liberado: ponte da Fonte dos Padres \\u00e9 entregue com nova estrutura\",\"previousItem\":{\"@type\":\"ListItem\",\"@id\":\"https:\\\/\\\/newsinfoco.com.br\\\/inicio\\\/category\\\/alagoinhas-e-regiao\\\/#listItem\",\"name\":\"Alagoinhas e Regi\\u00e3o\"}}]},{\"@type\":\"Organization\",\"@id\":\"https:\\\/\\\/newsinfoco.com.br\\\/inicio\\\/#organization\",\"name\":\"News In Foco - Editado por Caio Pimenta\",\"description\":\"O principal site de noticias de Alagoinhas e regi\\u00e3o\",\"url\":\"https:\\\/\\\/newsinfoco.com.br\\\/inicio\\\/\"},{\"@type\":\"Person\",\"@id\":\"https:\\\/\\\/newsinfoco.com.br\\\/inicio\\\/author\\\/administrador\\\/#author\",\"url\":\"https:\\\/\\\/newsinfoco.com.br\\\/inicio\\\/author\\\/administrador\\\/\",\"name\":\"administrador\",\"image\":{\"@type\":\"ImageObject\",\"@id\":\"https:\\\/\\\/newsinfoco.com.br\\\/inicio\\\/acesso-liberado-ponte-da-fonte-dos-padres-e-entregue-com-nova-estrutura\\\/#authorImage\",\"url\":\"https:\\\/\\\/secure.gravatar.com\\\/avatar\\\/c17a617433de8c1dc9584bb79aab7563b46f5bb7e1728c9b17d9cc3ce6a08e49?s=96&d=mm&r=g\",\"width\":96,\"height\":96,\"caption\":\"administrador\"}},{\"@type\":\"WebPage\",\"@id\":\"https:\\\/\\\/newsinfoco.com.br\\\/inicio\\\/acesso-liberado-ponte-da-fonte-dos-padres-e-entregue-com-nova-estrutura\\\/#webpage\",\"url\":\"https:\\\/\\\/newsinfoco.com.br\\\/inicio\\\/acesso-liberado-ponte-da-fonte-dos-padres-e-entregue-com-nova-estrutura\\\/\",\"name\":\"Acesso liberado: ponte da Fonte dos Padres \\u00e9 entregue com nova estrutura - News In Foco - Editado por Caio Pimenta\",\"description\":\"Ap\\u00f3s um trabalho intensivo na ponte localizada na regi\\u00e3o da Fonte dos Padres, a Prefeitura de Alagoinhas liberou o acesso ao local, o que facilitar\\u00e1 o tr\\u00e2nsito na regi\\u00e3o e nos bairros vizinhos. Os servi\\u00e7os de reconstru\\u00e7\\u00e3o da estrutura come\\u00e7aram logo depois que parte da antiga ponte caiu, devido \\u00e0s chuvas no in\\u00edcio de maio.\",\"inLanguage\":\"pt-BR\",\"isPartOf\":{\"@id\":\"https:\\\/\\\/newsinfoco.com.br\\\/inicio\\\/#website\"},\"breadcrumb\":{\"@id\":\"https:\\\/\\\/newsinfoco.com.br\\\/inicio\\\/acesso-liberado-ponte-da-fonte-dos-padres-e-entregue-com-nova-estrutura\\\/#breadcrumblist\"},\"author\":{\"@id\":\"https:\\\/\\\/newsinfoco.com.br\\\/inicio\\\/author\\\/administrador\\\/#author\"},\"creator\":{\"@id\":\"https:\\\/\\\/newsinfoco.com.br\\\/inicio\\\/author\\\/administrador\\\/#author\"},\"image\":{\"@type\":\"ImageObject\",\"url\":\"https:\\\/\\\/newsinfoco.com.br\\\/inicio\\\/wp-content\\\/uploads\\\/2025\\\/06\\\/WhatsApp-Image-2025-06-19-at-14.18.24.jpeg\",\"@id\":\"https:\\\/\\\/newsinfoco.com.br\\\/inicio\\\/acesso-liberado-ponte-da-fonte-dos-padres-e-entregue-com-nova-estrutura\\\/#mainImage\",\"width\":1600,\"height\":1066},\"primaryImageOfPage\":{\"@id\":\"https:\\\/\\\/newsinfoco.com.br\\\/inicio\\\/acesso-liberado-ponte-da-fonte-dos-padres-e-entregue-com-nova-estrutura\\\/#mainImage\"},\"datePublished\":\"2025-06-20T11:50:33-03:00\",\"dateModified\":\"2025-06-20T11:50:33-03:00\"},{\"@type\":\"WebSite\",\"@id\":\"https:\\\/\\\/newsinfoco.com.br\\\/inicio\\\/#website\",\"url\":\"https:\\\/\\\/newsinfoco.com.br\\\/inicio\\\/\",\"name\":\"News In Foco - Editado por Caio Pimenta\",\"description\":\"O principal site de noticias de Alagoinhas e regi\\u00e3o\",\"inLanguage\":\"pt-BR\",\"publisher\":{\"@id\":\"https:\\\/\\\/newsinfoco.com.br\\\/inicio\\\/#organization\"}}]}\n\t\t<\/script>\n\t\t<!-- All in One SEO -->\n\n","aioseo_head_json":{"title":"Acesso liberado: ponte da Fonte dos Padres \u00e9 entregue com nova estrutura - News In Foco - Editado por Caio Pimenta","description":"Ap\u00f3s um trabalho intensivo na ponte localizada na regi\u00e3o da Fonte dos Padres, a Prefeitura de Alagoinhas liberou o acesso ao local, o que facilitar\u00e1 o tr\u00e2nsito na regi\u00e3o e nos bairros vizinhos. Os servi\u00e7os de reconstru\u00e7\u00e3o da estrutura come\u00e7aram logo depois que parte da antiga ponte caiu, devido \u00e0s chuvas no in\u00edcio de maio.","canonical_url":"https:\/\/newsinfoco.com.br\/inicio\/acesso-liberado-ponte-da-fonte-dos-padres-e-entregue-com-nova-estrutura\/","robots":"max-image-preview:large","keywords":"","webmasterTools":{"miscellaneous":""},"schema":{"@context":"https:\/\/schema.org","@graph":[{"@type":"BlogPosting","@id":"https:\/\/newsinfoco.com.br\/inicio\/acesso-liberado-ponte-da-fonte-dos-padres-e-entregue-com-nova-estrutura\/#blogposting","name":"Acesso liberado: ponte da Fonte dos Padres \u00e9 entregue com nova estrutura - News In Foco - Editado por Caio Pimenta","headline":"Acesso liberado: ponte da Fonte dos Padres \u00e9 entregue com nova estrutura","author":{"@id":"https:\/\/newsinfoco.com.br\/inicio\/author\/administrador\/#author"},"publisher":{"@id":"https:\/\/newsinfoco.com.br\/inicio\/#organization"},"image":{"@type":"ImageObject","url":"https:\/\/newsinfoco.com.br\/inicio\/wp-content\/uploads\/2025\/06\/WhatsApp-Image-2025-06-19-at-14.18.24.jpeg","width":1600,"height":1066},"datePublished":"2025-06-20T11:50:33-03:00","dateModified":"2025-06-20T11:50:33-03:00","inLanguage":"pt-BR","mainEntityOfPage":{"@id":"https:\/\/newsinfoco.com.br\/inicio\/acesso-liberado-ponte-da-fonte-dos-padres-e-entregue-com-nova-estrutura\/#webpage"},"isPartOf":{"@id":"https:\/\/newsinfoco.com.br\/inicio\/acesso-liberado-ponte-da-fonte-dos-padres-e-entregue-com-nova-estrutura\/#webpage"},"articleSection":"Alagoinhas e Regi\u00e3o, Manchete"},{"@type":"BreadcrumbList","@id":"https:\/\/newsinfoco.com.br\/inicio\/acesso-liberado-ponte-da-fonte-dos-padres-e-entregue-com-nova-estrutura\/#breadcrumblist","itemListElement":[{"@type":"ListItem","@id":"https:\/\/newsinfoco.com.br\/inicio#listItem","position":1,"name":"In\u00edcio","item":"https:\/\/newsinfoco.com.br\/inicio","nextItem":{"@type":"ListItem","@id":"https:\/\/newsinfoco.com.br\/inicio\/category\/alagoinhas-e-regiao\/#listItem","name":"Alagoinhas e Regi\u00e3o"}},{"@type":"ListItem","@id":"https:\/\/newsinfoco.com.br\/inicio\/category\/alagoinhas-e-regiao\/#listItem","position":2,"name":"Alagoinhas e Regi\u00e3o","item":"https:\/\/newsinfoco.com.br\/inicio\/category\/alagoinhas-e-regiao\/","nextItem":{"@type":"ListItem","@id":"https:\/\/newsinfoco.com.br\/inicio\/acesso-liberado-ponte-da-fonte-dos-padres-e-entregue-com-nova-estrutura\/#listItem","name":"Acesso liberado: ponte da Fonte dos Padres \u00e9 entregue com nova estrutura"},"previousItem":{"@type":"ListItem","@id":"https:\/\/newsinfoco.com.br\/inicio#listItem","name":"In\u00edcio"}},{"@type":"ListItem","@id":"https:\/\/newsinfoco.com.br\/inicio\/acesso-liberado-ponte-da-fonte-dos-padres-e-entregue-com-nova-estrutura\/#listItem","position":3,"name":"Acesso liberado: ponte da Fonte dos Padres \u00e9 entregue com nova estrutura","previousItem":{"@type":"ListItem","@id":"https:\/\/newsinfoco.com.br\/inicio\/category\/alagoinhas-e-regiao\/#listItem","name":"Alagoinhas e Regi\u00e3o"}}]},{"@type":"Organization","@id":"https:\/\/newsinfoco.com.br\/inicio\/#organization","name":"News In Foco - Editado por Caio Pimenta","description":"O principal site de noticias de Alagoinhas e regi\u00e3o","url":"https:\/\/newsinfoco.com.br\/inicio\/"},{"@type":"Person","@id":"https:\/\/newsinfoco.com.br\/inicio\/author\/administrador\/#author","url":"https:\/\/newsinfoco.com.br\/inicio\/author\/administrador\/","name":"administrador","image":{"@type":"ImageObject","@id":"https:\/\/newsinfoco.com.br\/inicio\/acesso-liberado-ponte-da-fonte-dos-padres-e-entregue-com-nova-estrutura\/#authorImage","url":"https:\/\/secure.gravatar.com\/avatar\/c17a617433de8c1dc9584bb79aab7563b46f5bb7e1728c9b17d9cc3ce6a08e49?s=96&d=mm&r=g","width":96,"height":96,"caption":"administrador"}},{"@type":"WebPage","@id":"https:\/\/newsinfoco.com.br\/inicio\/acesso-liberado-ponte-da-fonte-dos-padres-e-entregue-com-nova-estrutura\/#webpage","url":"https:\/\/newsinfoco.com.br\/inicio\/acesso-liberado-ponte-da-fonte-dos-padres-e-entregue-com-nova-estrutura\/","name":"Acesso liberado: ponte da Fonte dos Padres \u00e9 entregue com nova estrutura - News In Foco - Editado por Caio Pimenta","description":"Ap\u00f3s um trabalho intensivo na ponte localizada na regi\u00e3o da Fonte dos Padres, a Prefeitura de Alagoinhas liberou o acesso ao local, o que facilitar\u00e1 o tr\u00e2nsito na regi\u00e3o e nos bairros vizinhos. Os servi\u00e7os de reconstru\u00e7\u00e3o da estrutura come\u00e7aram logo depois que parte da antiga ponte caiu, devido \u00e0s chuvas no in\u00edcio de maio.","inLanguage":"pt-BR","isPartOf":{"@id":"https:\/\/newsinfoco.com.br\/inicio\/#website"},"breadcrumb":{"@id":"https:\/\/newsinfoco.com.br\/inicio\/acesso-liberado-ponte-da-fonte-dos-padres-e-entregue-com-nova-estrutura\/#breadcrumblist"},"author":{"@id":"https:\/\/newsinfoco.com.br\/inicio\/author\/administrador\/#author"},"creator":{"@id":"https:\/\/newsinfoco.com.br\/inicio\/author\/administrador\/#author"},"image":{"@type":"ImageObject","url":"https:\/\/newsinfoco.com.br\/inicio\/wp-content\/uploads\/2025\/06\/WhatsApp-Image-2025-06-19-at-14.18.24.jpeg","@id":"https:\/\/newsinfoco.com.br\/inicio\/acesso-liberado-ponte-da-fonte-dos-padres-e-entregue-com-nova-estrutura\/#mainImage","width":1600,"height":1066},"primaryImageOfPage":{"@id":"https:\/\/newsinfoco.com.br\/inicio\/acesso-liberado-ponte-da-fonte-dos-padres-e-entregue-com-nova-estrutura\/#mainImage"},"datePublished":"2025-06-20T11:50:33-03:00","dateModified":"2025-06-20T11:50:33-03:00"},{"@type":"WebSite","@id":"https:\/\/newsinfoco.com.br\/inicio\/#website","url":"https:\/\/newsinfoco.com.br\/inicio\/","name":"News In Foco - Editado por Caio Pimenta","description":"O principal site de noticias de Alagoinhas e regi\u00e3o","inLanguage":"pt-BR","publisher":{"@id":"https:\/\/newsinfoco.com.br\/inicio\/#organization"}}]},"og:locale":"pt_BR","og:site_name":"News In Foco - Editado por Caio Pimenta - O principal site de noticias de Alagoinhas e regi\u00e3o","og:type":"article","og:title":"Acesso liberado: ponte da Fonte dos Padres \u00e9 entregue com nova estrutura - News In Foco - Editado por Caio Pimenta","og:description":"Ap\u00f3s um trabalho intensivo na ponte localizada na regi\u00e3o da Fonte dos Padres, a Prefeitura de Alagoinhas liberou o acesso ao local, o que facilitar\u00e1 o tr\u00e2nsito na regi\u00e3o e nos bairros vizinhos. Os servi\u00e7os de reconstru\u00e7\u00e3o da estrutura come\u00e7aram logo depois que parte da antiga ponte caiu, devido \u00e0s chuvas no in\u00edcio de maio.","og:url":"https:\/\/newsinfoco.com.br\/inicio\/acesso-liberado-ponte-da-fonte-dos-padres-e-entregue-com-nova-estrutura\/","article:published_time":"2025-06-20T14:50:33+00:00","article:modified_time":"2025-06-20T14:50:33+00:00","twitter:card":"summary_large_image","twitter:title":"Acesso liberado: ponte da Fonte dos Padres \u00e9 entregue com nova estrutura - News In Foco - Editado por Caio Pimenta","twitter:description":"Ap\u00f3s um trabalho intensivo na ponte localizada na regi\u00e3o da Fonte dos Padres, a Prefeitura de Alagoinhas liberou o acesso ao local, o que facilitar\u00e1 o tr\u00e2nsito na regi\u00e3o e nos bairros vizinhos. Os servi\u00e7os de reconstru\u00e7\u00e3o da estrutura come\u00e7aram logo depois que parte da antiga ponte caiu, devido \u00e0s chuvas no in\u00edcio de maio."},"aioseo_meta_data":{"post_id":"42647","title":null,"description":null,"keywords":null,"keyphrases":{"focus":{"keyphrase":"","score":0,"analysis":{"keyphraseInTitle":{"score":0,"maxScore":9,"error":1}}},"additional":[]},"primary_term":null,"canonical_url":null,"og_title":null,"og_description":null,"og_object_type":"default","og_image_type":"default","og_image_url":null,"og_image_width":null,"og_image_height":null,"og_image_custom_url":null,"og_image_custom_fields":null,"og_video":"","og_custom_url":null,"og_article_section":null,"og_article_tags":null,"twitter_use_og":false,"twitter_card":"default","twitter_image_type":"default","twitter_image_url":null,"twitter_image_custom_url":null,"twitter_image_custom_fields":null,"twitter_title":null,"twitter_description":null,"schema":{"blockGraphs":[],"customGraphs":[],"default":{"data":{"Article":[],"Course":[],"Dataset":[],"FAQPage":[],"Movie":[],"Person":[],"Product":[],"ProductReview":[],"Car":[],"Recipe":[],"Service":[],"SoftwareApplication":[],"WebPage":[]},"graphName":"BlogPosting","isEnabled":true},"graphs":[]},"schema_type":"default","schema_type_options":null,"pillar_content":false,"robots_default":true,"robots_noindex":false,"robots_noarchive":false,"robots_nosnippet":false,"robots_nofollow":false,"robots_noimageindex":false,"robots_noodp":false,"robots_notranslate":false,"robots_max_snippet":"-1","robots_max_videopreview":"-1","robots_max_imagepreview":"large","priority":null,"frequency":"default","local_seo":null,"breadcrumb_settings":null,"limit_modified_date":false,"ai":null,"created":"2025-06-20 14:50:33","updated":"2025-07-11 14:02:44","seo_analyzer_scan_date":null},"aioseo_breadcrumb":"<div class=\"aioseo-breadcrumbs\"><span class=\"aioseo-breadcrumb\">\n\t\t\t<a href=\"https:\/\/newsinfoco.com.br\/inicio\" title=\"In\u00edcio\">In\u00edcio<\/a>\n\t\t<\/span><span class=\"aioseo-breadcrumb-separator\">&raquo;<\/span><span class=\"aioseo-breadcrumb\">\n\t\t\t<a href=\"https:\/\/newsinfoco.com.br\/inicio\/category\/alagoinhas-e-regiao\/\" title=\"Alagoinhas e Regi\u00e3o\">Alagoinhas e Regi\u00e3o<\/a>\n\t\t<\/span><span class=\"aioseo-breadcrumb-separator\">&raquo;<\/span><span class=\"aioseo-breadcrumb\">\n\t\t\tAcesso liberado: ponte da Fonte dos Padres \u00e9 entregue com nova estrutura\n\t\t<\/span><\/div>","aioseo_breadcrumb_json":[{"label":"In\u00edcio","link":"https:\/\/newsinfoco.com.br\/inicio"},{"label":"Alagoinhas e Regi\u00e3o","link":"https:\/\/newsinfoco.com.br\/inicio\/category\/alagoinhas-e-regiao\/"},{"label":"Acesso liberado: ponte da Fonte dos Padres \u00e9 entregue com nova estrutura","link":"https:\/\/newsinfoco.com.br\/inicio\/acesso-liberado-ponte-da-fonte-dos-padres-e-entregue-com-nova-estrutura\/"}],"_links":{"self":[{"href":"https:\/\/newsinfoco.com.br\/inicio\/wp-json\/wp\/v2\/posts\/42647","targetHints":{"allow":["GET"]}}],"collection":[{"href":"https:\/\/newsinfoco.com.br\/inicio\/wp-json\/wp\/v2\/posts"}],"about":[{"href":"https:\/\/newsinfoco.com.br\/inicio\/wp-json\/wp\/v2\/types\/post"}],"author":[{"embeddable":true,"href":"https:\/\/newsinfoco.com.br\/inicio\/wp-json\/wp\/v2\/users\/1"}],"replies":[{"embeddable":true,"href":"https:\/\/newsinfoco.com.br\/inicio\/wp-json\/wp\/v2\/comments?post=42647"}],"version-history":[{"count":1,"href":"https:\/\/newsinfoco.com.br\/inicio\/wp-json\/wp\/v2\/posts\/42647\/revisions"}],"predecessor-version":[{"id":42649,"href":"https:\/\/newsinfoco.com.br\/inicio\/wp-json\/wp\/v2\/posts\/42647\/revisions\/42649"}],"wp:featuredmedia":[{"embeddable":true,"href":"https:\/\/newsinfoco.com.br\/inicio\/wp-json\/wp\/v2\/media\/42648"}],"wp:attachment":[{"href":"https:\/\/newsinfoco.com.br\/inicio\/wp-json\/wp\/v2\/media?parent=42647"}],"wp:term":[{"taxonomy":"category","embeddable":true,"href":"https:\/\/newsinfoco.com.br\/inicio\/wp-json\/wp\/v2\/categories?post=42647"},{"taxonomy":"post_tag","embeddable":true,"href":"https:\/\/newsinfoco.com.br\/inicio\/wp-json\/wp\/v2\/tags?post=42647"}],"curies":[{"name":"wp","href":"https:\/\/api.w.org\/{rel}","templated":true}]}}