{"id":43837,"date":"2025-08-01T14:00:51","date_gmt":"2025-08-01T17:00:51","guid":{"rendered":"https:\/\/newsinfoco.com.br\/inicio\/?p=43837"},"modified":"2025-08-01T14:00:51","modified_gmt":"2025-08-01T17:00:51","slug":"sdra-reforca-fiscalizacao-contra-poluicao-sonora-no-municipio","status":"publish","type":"post","link":"https:\/\/newsinfoco.com.br\/inicio\/sdra-reforca-fiscalizacao-contra-poluicao-sonora-no-municipio\/","title":{"rendered":"SDRA refor\u00e7a fiscaliza\u00e7\u00e3o contra polui\u00e7\u00e3o sonora no munic\u00edpio"},"content":{"rendered":"<p>A Secretaria Municipal de Desenvolvimento Rural e Meio Ambiente (SDRA) mant\u00e9m uma atua\u00e7\u00e3o constante, por meio de sua pasta de Meio Ambiente, voltada ao monitoramento e \u00e0 repress\u00e3o da polui\u00e7\u00e3o sonora no munic\u00edpio. Esse trabalho \u00e9 realizado em parceria com o Minist\u00e9rio P\u00fablico, a Secretaria Municipal de Cultura, Esporte e Turismo (Secet), a Secretaria Municipal de Mobilidade e Ordem P\u00fablica (Semorp), a Superintend\u00eancia Municipal de Tr\u00e2nsito (SMT), a Pol\u00edcia Militar, o Corpo de Bombeiros e a Guarda Civil.<\/p>\n<p>De acordo com Ed Silva, fiscal ambiental e respons\u00e1vel t\u00e9cnico pelo controle da polui\u00e7\u00e3o sonora e ordenamento de eventos da SDRA, desde 2012 Alagoinhas conta com o C\u00f3digo Municipal do Meio Ambiente, institu\u00eddo pela Lei n\u00ba 83\/2012, que regulamenta qualquer evento p\u00fablico ou particular fora de resid\u00eancias.<\/p>\n<p>Se a festa n\u00e3o ocorrer em uma casa particular, o cidad\u00e3o deve abrir processo na SDRA, preenchendo o \u2018Requerimento para Realiza\u00e7\u00e3o de Evento Espor\u00e1dico\u2019. Em seguida, o interessado deve buscar os demais \u00f3rg\u00e3os envolvidos, como a Secet, Semorp, SMT, Pol\u00edcia Militar, Bombeiros e Guarda Civil. Em casos espec\u00edficos, como festas com cobran\u00e7a de ingresso, tamb\u00e9m \u00e9 necess\u00e1ria a assinatura da Vara da Inf\u00e2ncia e Juventude. Todas essas libera\u00e7\u00f5es s\u00e3o obrigat\u00f3rias para a autoriza\u00e7\u00e3o do evento\u201d, explica Ed.<\/p>\n<p>Ap\u00f3s a coleta de todas as assinaturas, o solicitante retorna \u00e0 SDRA, onde recebe a Autoriza\u00e7\u00e3o Final de Evento Espor\u00e1dico. \u201cNosso papel \u00e9 assegurar que o evento n\u00e3o produza polui\u00e7\u00e3o sonora. Por isso, realizamos fiscaliza\u00e7\u00f5es em festas, bares e outros espa\u00e7os com aglomera\u00e7\u00e3o. Os t\u00e9cnicos da SDRA est\u00e3o atuando intensamente para verificar se as atividades possuem a devida autoriza\u00e7\u00e3o. Caso contr\u00e1rio, aplicamos san\u00e7\u00f5es, que podem variar de multas a interdi\u00e7\u00e3o do local. Os valores das penalidades v\u00e3o de R$ 500 a R$ 50 mil, conforme a Lei Federal de Crimes Ambientais. Fiscalizamos tanto eventos liberados quanto os clandestinos. Essa pr\u00e1tica j\u00e1 acontece desde 2012, mas foi intensificada com a entrada da SDRA na Circunscri\u00e7\u00e3o Interinstitucional de Seguran\u00e7a P\u00fablica (CISP)\u201d, completa.<\/p>\n<p><strong>Fiscaliza\u00e7\u00f5es e den\u00fancias<\/strong><\/p>\n<p>A SDRA atua a partir de den\u00fancias recebidas via Minist\u00e9rio P\u00fablico, Ouvidoria Municipal ou pelo WhatsApp oficial da secretaria: (75) 3423-8365. As den\u00fancias podem ser feitas durante ou ap\u00f3s o evento, sendo que os t\u00e9cnicos apuram as informa\u00e7\u00f5es e notificam ou autuam os respons\u00e1veis, quando necess\u00e1rio. \u201cTanto den\u00fancias quanto pedidos de informa\u00e7\u00e3o podem ser encaminhados por WhatsApp. Importante ressaltar que o inc\u00f4modo com barulho pode ser reportado a qualquer hora, em qualquer dia da semana, n\u00e3o estando restrito ao per\u00edodo noturno. O cidad\u00e3o pode nos acionar por telefone ou comparecer pessoalmente \u00e0 sede da SDRA, localizada na Avenida Soror Joana Ang\u00e9lica, s\/n, 1\u00ba andar, pr\u00f3xima \u00e0 Prefeitura. Garantimos o sigilo da identidade do denunciante\u201d, afirma Ed.<\/p>\n<p>Al\u00e9m das multas, pode haver apreens\u00e3o dos equipamentos de som, como caixas ac\u00fasticas, instrumentos musicais, amplificadores e at\u00e9 pared\u00f5es automotivos. \u201cCaso haja resist\u00eancia \u00e0 fiscaliza\u00e7\u00e3o, atitudes agressivas ou descumprimento das determina\u00e7\u00f5es legais, o infrator pode ser encaminhado \u00e0 delegacia. Atuamos em conjunto com a Pol\u00edcia Militar, Guarda Civil, SMT e demais pastas envolvidas no processo de libera\u00e7\u00e3o de eventos em espa\u00e7os p\u00fablicos\u201d, destaca o fiscal.<\/p>\n<p>Ed Silva frisa que o objetivo da Prefeitura n\u00e3o \u00e9 proibir festas ou manifesta\u00e7\u00f5es culturais, mas sim reorganizar a realiza\u00e7\u00e3o desses eventos, considerando os impactos causados pela polui\u00e7\u00e3o sonora e pelo uso desordenado do espa\u00e7o urbano. \u201cPara eventos com at\u00e9 15 mil pessoas, \u00e9 necess\u00e1rio que os organizadores iniciem o processo com pelo menos 20 dias de anteced\u00eancia. J\u00e1 para festas que estimam p\u00fablico superior a 15 mil, a anteced\u00eancia m\u00ednima \u00e9 de 60 dias. E, se o local tiver hist\u00f3rico de infra\u00e7\u00f5es relacionadas ao barulho, o pedido ser\u00e1 indeferido e a realiza\u00e7\u00e3o do evento, vetada\u201d.<\/p>\n<p>O secret\u00e1rio da SDRA, Djalma Santos, explica que a inten\u00e7\u00e3o \u00e9 garantir harmonia na cidade. \u201cA nossa Secret\u00e1ria, por meio dos seus fiscais, vem atuando, em parceria com a Pol\u00edcia Militar, a Semorp, Minist\u00e9rio P\u00fablico e nossos outros parceiros, com o objetivo de combater a polui\u00e7\u00e3o sonora no munic\u00edpio. O foco \u00e9 reduzir significativamente os abusos. Ultimamente, temos observado um aumento expressivo tanto dos chamados \u2018pared\u00f5es de som\u2019 quanto de festas diversas realizadas em \u00e1reas urbanas e perif\u00e9ricas. Isso tem gerado muitas queixas da popula\u00e7\u00e3o, especialmente de moradores idosos ou com problemas de sa\u00fade, que se veem prejudicados com o excesso de barulho. Por isso, estamos intensificando as a\u00e7\u00f5es de fiscaliza\u00e7\u00e3o principalmente \u00e0s quintas, sextas, s\u00e1bados e domingos\u201d, finaliza Djalma.<\/p>\n<p>Foto: Roberto Fonseca<\/p>\n<div class='share-to-whatsapp-wrapper'><div class='share-on-whsp'>Share on: <\/div><a data-text='SDRA refor\u00e7a fiscaliza\u00e7\u00e3o contra polui\u00e7\u00e3o sonora no munic\u00edpio' data-link='https:\/\/newsinfoco.com.br\/inicio\/sdra-reforca-fiscalizacao-contra-poluicao-sonora-no-municipio\/' class='whatsapp-button whatsapp-share'>WhatsApp<\/a><div class='clear '><\/div><\/div>","protected":false},"excerpt":{"rendered":"<p>A Secretaria Municipal de Desenvolvimento Rural e Meio Ambiente (SDRA) mant\u00e9m uma atua\u00e7\u00e3o constante, por meio de sua pasta de Meio Ambiente, voltada ao monitoramento e \u00e0 repress\u00e3o da polui\u00e7\u00e3o sonora no munic\u00edpio. Esse trabalho \u00e9 realizado em parceria com o Minist\u00e9rio P\u00fablico, a Secretaria Municipal de Cultura, Esporte e Turismo (Secet), a Secretaria Municipal [&hellip;]<\/p>\n","protected":false},"author":1,"featured_media":43838,"comment_status":"closed","ping_status":"closed","sticky":false,"template":"","format":"standard","meta":{"om_disable_all_campaigns":false,"rop_custom_images_group":[],"rop_custom_messages_group":[],"rop_publish_now":"initial","rop_publish_now_accounts":[],"rop_publish_now_history":[],"rop_publish_now_status":"pending","_exactmetrics_skip_tracking":false,"footnotes":""},"categories":[38,167],"tags":[],"class_list":["post-43837","post","type-post","status-publish","format-standard","has-post-thumbnail","hentry","category-alagoinhas-e-regiao","category-exclusivas"],"aioseo_notices":[],"aioseo_head":"\n\t\t<!-- All in One SEO 4.9.10 - aioseo.com -->\n\t<meta name=\"description\" content=\"A Secretaria Municipal de Desenvolvimento Rural e Meio Ambiente (SDRA) mant\u00e9m uma atua\u00e7\u00e3o constante, por meio de sua pasta de Meio Ambiente, voltada ao monitoramento e \u00e0 repress\u00e3o da polui\u00e7\u00e3o sonora no munic\u00edpio. Esse trabalho \u00e9 realizado em parceria com o Minist\u00e9rio P\u00fablico, a Secretaria Municipal de Cultura, Esporte e Turismo (Secet), a Secretaria Municipal\" \/>\n\t<meta name=\"robots\" content=\"max-image-preview:large\" \/>\n\t<meta name=\"author\" content=\"administrador\"\/>\n\t<link rel=\"canonical\" href=\"https:\/\/newsinfoco.com.br\/inicio\/sdra-reforca-fiscalizacao-contra-poluicao-sonora-no-municipio\/\" \/>\n\t<meta name=\"generator\" content=\"All in One SEO (AIOSEO) 4.9.10\" \/>\n\t\t<meta property=\"og:locale\" content=\"pt_BR\" \/>\n\t\t<meta property=\"og:site_name\" content=\"News In Foco - Editado por Caio Pimenta - O principal site de noticias de Alagoinhas e regi\u00e3o\" \/>\n\t\t<meta property=\"og:type\" content=\"article\" \/>\n\t\t<meta property=\"og:title\" content=\"SDRA refor\u00e7a fiscaliza\u00e7\u00e3o contra polui\u00e7\u00e3o sonora no munic\u00edpio - News In Foco - Editado por Caio Pimenta\" \/>\n\t\t<meta property=\"og:description\" content=\"A Secretaria Municipal de Desenvolvimento Rural e Meio Ambiente (SDRA) mant\u00e9m uma atua\u00e7\u00e3o constante, por meio de sua pasta de Meio Ambiente, voltada ao monitoramento e \u00e0 repress\u00e3o da polui\u00e7\u00e3o sonora no munic\u00edpio. Esse trabalho \u00e9 realizado em parceria com o Minist\u00e9rio P\u00fablico, a Secretaria Municipal de Cultura, Esporte e Turismo (Secet), a Secretaria Municipal\" \/>\n\t\t<meta property=\"og:url\" content=\"https:\/\/newsinfoco.com.br\/inicio\/sdra-reforca-fiscalizacao-contra-poluicao-sonora-no-municipio\/\" \/>\n\t\t<meta property=\"article:published_time\" content=\"2025-08-01T17:00:51+00:00\" \/>\n\t\t<meta property=\"article:modified_time\" content=\"2025-08-01T17:00:51+00:00\" \/>\n\t\t<meta name=\"twitter:card\" content=\"summary_large_image\" \/>\n\t\t<meta name=\"twitter:title\" content=\"SDRA refor\u00e7a fiscaliza\u00e7\u00e3o contra polui\u00e7\u00e3o sonora no munic\u00edpio - News In Foco - Editado por Caio Pimenta\" \/>\n\t\t<meta name=\"twitter:description\" content=\"A Secretaria Municipal de Desenvolvimento Rural e Meio Ambiente (SDRA) mant\u00e9m uma atua\u00e7\u00e3o constante, por meio de sua pasta de Meio Ambiente, voltada ao monitoramento e \u00e0 repress\u00e3o da polui\u00e7\u00e3o sonora no munic\u00edpio. Esse trabalho \u00e9 realizado em parceria com o Minist\u00e9rio P\u00fablico, a Secretaria Municipal de Cultura, Esporte e Turismo (Secet), a Secretaria Municipal\" \/>\n\t\t<script type=\"application\/ld+json\" class=\"aioseo-schema\">\n\t\t\t{\"@context\":\"https:\\\/\\\/schema.org\",\"@graph\":[{\"@type\":\"BlogPosting\",\"@id\":\"https:\\\/\\\/newsinfoco.com.br\\\/inicio\\\/sdra-reforca-fiscalizacao-contra-poluicao-sonora-no-municipio\\\/#blogposting\",\"name\":\"SDRA refor\\u00e7a fiscaliza\\u00e7\\u00e3o contra polui\\u00e7\\u00e3o sonora no munic\\u00edpio - News In Foco - Editado por Caio Pimenta\",\"headline\":\"SDRA refor\\u00e7a fiscaliza\\u00e7\\u00e3o contra polui\\u00e7\\u00e3o sonora no munic\\u00edpio\",\"author\":{\"@id\":\"https:\\\/\\\/newsinfoco.com.br\\\/inicio\\\/author\\\/administrador\\\/#author\"},\"publisher\":{\"@id\":\"https:\\\/\\\/newsinfoco.com.br\\\/inicio\\\/#organization\"},\"image\":{\"@type\":\"ImageObject\",\"url\":\"https:\\\/\\\/newsinfoco.com.br\\\/inicio\\\/wp-content\\\/uploads\\\/2025\\\/08\\\/WhatsApp-Image-2025-07-31-at-14.49.55.jpeg\",\"width\":1594,\"height\":641},\"datePublished\":\"2025-08-01T14:00:51-03:00\",\"dateModified\":\"2025-08-01T14:00:51-03:00\",\"inLanguage\":\"pt-BR\",\"mainEntityOfPage\":{\"@id\":\"https:\\\/\\\/newsinfoco.com.br\\\/inicio\\\/sdra-reforca-fiscalizacao-contra-poluicao-sonora-no-municipio\\\/#webpage\"},\"isPartOf\":{\"@id\":\"https:\\\/\\\/newsinfoco.com.br\\\/inicio\\\/sdra-reforca-fiscalizacao-contra-poluicao-sonora-no-municipio\\\/#webpage\"},\"articleSection\":\"Alagoinhas e Regi\\u00e3o, Manchete\"},{\"@type\":\"BreadcrumbList\",\"@id\":\"https:\\\/\\\/newsinfoco.com.br\\\/inicio\\\/sdra-reforca-fiscalizacao-contra-poluicao-sonora-no-municipio\\\/#breadcrumblist\",\"itemListElement\":[{\"@type\":\"ListItem\",\"@id\":\"https:\\\/\\\/newsinfoco.com.br\\\/inicio#listItem\",\"position\":1,\"name\":\"In\\u00edcio\",\"item\":\"https:\\\/\\\/newsinfoco.com.br\\\/inicio\",\"nextItem\":{\"@type\":\"ListItem\",\"@id\":\"https:\\\/\\\/newsinfoco.com.br\\\/inicio\\\/category\\\/alagoinhas-e-regiao\\\/#listItem\",\"name\":\"Alagoinhas e Regi\\u00e3o\"}},{\"@type\":\"ListItem\",\"@id\":\"https:\\\/\\\/newsinfoco.com.br\\\/inicio\\\/category\\\/alagoinhas-e-regiao\\\/#listItem\",\"position\":2,\"name\":\"Alagoinhas e Regi\\u00e3o\",\"item\":\"https:\\\/\\\/newsinfoco.com.br\\\/inicio\\\/category\\\/alagoinhas-e-regiao\\\/\",\"nextItem\":{\"@type\":\"ListItem\",\"@id\":\"https:\\\/\\\/newsinfoco.com.br\\\/inicio\\\/sdra-reforca-fiscalizacao-contra-poluicao-sonora-no-municipio\\\/#listItem\",\"name\":\"SDRA refor\\u00e7a fiscaliza\\u00e7\\u00e3o contra polui\\u00e7\\u00e3o sonora no munic\\u00edpio\"},\"previousItem\":{\"@type\":\"ListItem\",\"@id\":\"https:\\\/\\\/newsinfoco.com.br\\\/inicio#listItem\",\"name\":\"In\\u00edcio\"}},{\"@type\":\"ListItem\",\"@id\":\"https:\\\/\\\/newsinfoco.com.br\\\/inicio\\\/sdra-reforca-fiscalizacao-contra-poluicao-sonora-no-municipio\\\/#listItem\",\"position\":3,\"name\":\"SDRA refor\\u00e7a fiscaliza\\u00e7\\u00e3o contra polui\\u00e7\\u00e3o sonora no munic\\u00edpio\",\"previousItem\":{\"@type\":\"ListItem\",\"@id\":\"https:\\\/\\\/newsinfoco.com.br\\\/inicio\\\/category\\\/alagoinhas-e-regiao\\\/#listItem\",\"name\":\"Alagoinhas e Regi\\u00e3o\"}}]},{\"@type\":\"Organization\",\"@id\":\"https:\\\/\\\/newsinfoco.com.br\\\/inicio\\\/#organization\",\"name\":\"News In Foco - Editado por Caio Pimenta\",\"description\":\"O principal site de noticias de Alagoinhas e regi\\u00e3o\",\"url\":\"https:\\\/\\\/newsinfoco.com.br\\\/inicio\\\/\"},{\"@type\":\"Person\",\"@id\":\"https:\\\/\\\/newsinfoco.com.br\\\/inicio\\\/author\\\/administrador\\\/#author\",\"url\":\"https:\\\/\\\/newsinfoco.com.br\\\/inicio\\\/author\\\/administrador\\\/\",\"name\":\"administrador\",\"image\":{\"@type\":\"ImageObject\",\"@id\":\"https:\\\/\\\/newsinfoco.com.br\\\/inicio\\\/sdra-reforca-fiscalizacao-contra-poluicao-sonora-no-municipio\\\/#authorImage\",\"url\":\"https:\\\/\\\/secure.gravatar.com\\\/avatar\\\/c17a617433de8c1dc9584bb79aab7563b46f5bb7e1728c9b17d9cc3ce6a08e49?s=96&d=mm&r=g\",\"width\":96,\"height\":96,\"caption\":\"administrador\"}},{\"@type\":\"WebPage\",\"@id\":\"https:\\\/\\\/newsinfoco.com.br\\\/inicio\\\/sdra-reforca-fiscalizacao-contra-poluicao-sonora-no-municipio\\\/#webpage\",\"url\":\"https:\\\/\\\/newsinfoco.com.br\\\/inicio\\\/sdra-reforca-fiscalizacao-contra-poluicao-sonora-no-municipio\\\/\",\"name\":\"SDRA refor\\u00e7a fiscaliza\\u00e7\\u00e3o contra polui\\u00e7\\u00e3o sonora no munic\\u00edpio - News In Foco - Editado por Caio Pimenta\",\"description\":\"A Secretaria Municipal de Desenvolvimento Rural e Meio Ambiente (SDRA) mant\\u00e9m uma atua\\u00e7\\u00e3o constante, por meio de sua pasta de Meio Ambiente, voltada ao monitoramento e \\u00e0 repress\\u00e3o da polui\\u00e7\\u00e3o sonora no munic\\u00edpio. Esse trabalho \\u00e9 realizado em parceria com o Minist\\u00e9rio P\\u00fablico, a Secretaria Municipal de Cultura, Esporte e Turismo (Secet), a Secretaria Municipal\",\"inLanguage\":\"pt-BR\",\"isPartOf\":{\"@id\":\"https:\\\/\\\/newsinfoco.com.br\\\/inicio\\\/#website\"},\"breadcrumb\":{\"@id\":\"https:\\\/\\\/newsinfoco.com.br\\\/inicio\\\/sdra-reforca-fiscalizacao-contra-poluicao-sonora-no-municipio\\\/#breadcrumblist\"},\"author\":{\"@id\":\"https:\\\/\\\/newsinfoco.com.br\\\/inicio\\\/author\\\/administrador\\\/#author\"},\"creator\":{\"@id\":\"https:\\\/\\\/newsinfoco.com.br\\\/inicio\\\/author\\\/administrador\\\/#author\"},\"image\":{\"@type\":\"ImageObject\",\"url\":\"https:\\\/\\\/newsinfoco.com.br\\\/inicio\\\/wp-content\\\/uploads\\\/2025\\\/08\\\/WhatsApp-Image-2025-07-31-at-14.49.55.jpeg\",\"@id\":\"https:\\\/\\\/newsinfoco.com.br\\\/inicio\\\/sdra-reforca-fiscalizacao-contra-poluicao-sonora-no-municipio\\\/#mainImage\",\"width\":1594,\"height\":641},\"primaryImageOfPage\":{\"@id\":\"https:\\\/\\\/newsinfoco.com.br\\\/inicio\\\/sdra-reforca-fiscalizacao-contra-poluicao-sonora-no-municipio\\\/#mainImage\"},\"datePublished\":\"2025-08-01T14:00:51-03:00\",\"dateModified\":\"2025-08-01T14:00:51-03:00\"},{\"@type\":\"WebSite\",\"@id\":\"https:\\\/\\\/newsinfoco.com.br\\\/inicio\\\/#website\",\"url\":\"https:\\\/\\\/newsinfoco.com.br\\\/inicio\\\/\",\"name\":\"News In Foco - Editado por Caio Pimenta\",\"description\":\"O principal site de noticias de Alagoinhas e regi\\u00e3o\",\"inLanguage\":\"pt-BR\",\"publisher\":{\"@id\":\"https:\\\/\\\/newsinfoco.com.br\\\/inicio\\\/#organization\"}}]}\n\t\t<\/script>\n\t\t<!-- All in One SEO -->\n\n","aioseo_head_json":{"title":"SDRA refor\u00e7a fiscaliza\u00e7\u00e3o contra polui\u00e7\u00e3o sonora no munic\u00edpio - News In Foco - Editado por Caio Pimenta","description":"A Secretaria Municipal de Desenvolvimento Rural e Meio Ambiente (SDRA) mant\u00e9m uma atua\u00e7\u00e3o constante, por meio de sua pasta de Meio Ambiente, voltada ao monitoramento e \u00e0 repress\u00e3o da polui\u00e7\u00e3o sonora no munic\u00edpio. Esse trabalho \u00e9 realizado em parceria com o Minist\u00e9rio P\u00fablico, a Secretaria Municipal de Cultura, Esporte e Turismo (Secet), a Secretaria Municipal","canonical_url":"https:\/\/newsinfoco.com.br\/inicio\/sdra-reforca-fiscalizacao-contra-poluicao-sonora-no-municipio\/","robots":"max-image-preview:large","keywords":"","webmasterTools":{"miscellaneous":""},"schema":{"@context":"https:\/\/schema.org","@graph":[{"@type":"BlogPosting","@id":"https:\/\/newsinfoco.com.br\/inicio\/sdra-reforca-fiscalizacao-contra-poluicao-sonora-no-municipio\/#blogposting","name":"SDRA refor\u00e7a fiscaliza\u00e7\u00e3o contra polui\u00e7\u00e3o sonora no munic\u00edpio - News In Foco - Editado por Caio Pimenta","headline":"SDRA refor\u00e7a fiscaliza\u00e7\u00e3o contra polui\u00e7\u00e3o sonora no munic\u00edpio","author":{"@id":"https:\/\/newsinfoco.com.br\/inicio\/author\/administrador\/#author"},"publisher":{"@id":"https:\/\/newsinfoco.com.br\/inicio\/#organization"},"image":{"@type":"ImageObject","url":"https:\/\/newsinfoco.com.br\/inicio\/wp-content\/uploads\/2025\/08\/WhatsApp-Image-2025-07-31-at-14.49.55.jpeg","width":1594,"height":641},"datePublished":"2025-08-01T14:00:51-03:00","dateModified":"2025-08-01T14:00:51-03:00","inLanguage":"pt-BR","mainEntityOfPage":{"@id":"https:\/\/newsinfoco.com.br\/inicio\/sdra-reforca-fiscalizacao-contra-poluicao-sonora-no-municipio\/#webpage"},"isPartOf":{"@id":"https:\/\/newsinfoco.com.br\/inicio\/sdra-reforca-fiscalizacao-contra-poluicao-sonora-no-municipio\/#webpage"},"articleSection":"Alagoinhas e Regi\u00e3o, Manchete"},{"@type":"BreadcrumbList","@id":"https:\/\/newsinfoco.com.br\/inicio\/sdra-reforca-fiscalizacao-contra-poluicao-sonora-no-municipio\/#breadcrumblist","itemListElement":[{"@type":"ListItem","@id":"https:\/\/newsinfoco.com.br\/inicio#listItem","position":1,"name":"In\u00edcio","item":"https:\/\/newsinfoco.com.br\/inicio","nextItem":{"@type":"ListItem","@id":"https:\/\/newsinfoco.com.br\/inicio\/category\/alagoinhas-e-regiao\/#listItem","name":"Alagoinhas e Regi\u00e3o"}},{"@type":"ListItem","@id":"https:\/\/newsinfoco.com.br\/inicio\/category\/alagoinhas-e-regiao\/#listItem","position":2,"name":"Alagoinhas e Regi\u00e3o","item":"https:\/\/newsinfoco.com.br\/inicio\/category\/alagoinhas-e-regiao\/","nextItem":{"@type":"ListItem","@id":"https:\/\/newsinfoco.com.br\/inicio\/sdra-reforca-fiscalizacao-contra-poluicao-sonora-no-municipio\/#listItem","name":"SDRA refor\u00e7a fiscaliza\u00e7\u00e3o contra polui\u00e7\u00e3o sonora no munic\u00edpio"},"previousItem":{"@type":"ListItem","@id":"https:\/\/newsinfoco.com.br\/inicio#listItem","name":"In\u00edcio"}},{"@type":"ListItem","@id":"https:\/\/newsinfoco.com.br\/inicio\/sdra-reforca-fiscalizacao-contra-poluicao-sonora-no-municipio\/#listItem","position":3,"name":"SDRA refor\u00e7a fiscaliza\u00e7\u00e3o contra polui\u00e7\u00e3o sonora no munic\u00edpio","previousItem":{"@type":"ListItem","@id":"https:\/\/newsinfoco.com.br\/inicio\/category\/alagoinhas-e-regiao\/#listItem","name":"Alagoinhas e Regi\u00e3o"}}]},{"@type":"Organization","@id":"https:\/\/newsinfoco.com.br\/inicio\/#organization","name":"News In Foco - Editado por Caio Pimenta","description":"O principal site de noticias de Alagoinhas e regi\u00e3o","url":"https:\/\/newsinfoco.com.br\/inicio\/"},{"@type":"Person","@id":"https:\/\/newsinfoco.com.br\/inicio\/author\/administrador\/#author","url":"https:\/\/newsinfoco.com.br\/inicio\/author\/administrador\/","name":"administrador","image":{"@type":"ImageObject","@id":"https:\/\/newsinfoco.com.br\/inicio\/sdra-reforca-fiscalizacao-contra-poluicao-sonora-no-municipio\/#authorImage","url":"https:\/\/secure.gravatar.com\/avatar\/c17a617433de8c1dc9584bb79aab7563b46f5bb7e1728c9b17d9cc3ce6a08e49?s=96&d=mm&r=g","width":96,"height":96,"caption":"administrador"}},{"@type":"WebPage","@id":"https:\/\/newsinfoco.com.br\/inicio\/sdra-reforca-fiscalizacao-contra-poluicao-sonora-no-municipio\/#webpage","url":"https:\/\/newsinfoco.com.br\/inicio\/sdra-reforca-fiscalizacao-contra-poluicao-sonora-no-municipio\/","name":"SDRA refor\u00e7a fiscaliza\u00e7\u00e3o contra polui\u00e7\u00e3o sonora no munic\u00edpio - News In Foco - Editado por Caio Pimenta","description":"A Secretaria Municipal de Desenvolvimento Rural e Meio Ambiente (SDRA) mant\u00e9m uma atua\u00e7\u00e3o constante, por meio de sua pasta de Meio Ambiente, voltada ao monitoramento e \u00e0 repress\u00e3o da polui\u00e7\u00e3o sonora no munic\u00edpio. Esse trabalho \u00e9 realizado em parceria com o Minist\u00e9rio P\u00fablico, a Secretaria Municipal de Cultura, Esporte e Turismo (Secet), a Secretaria Municipal","inLanguage":"pt-BR","isPartOf":{"@id":"https:\/\/newsinfoco.com.br\/inicio\/#website"},"breadcrumb":{"@id":"https:\/\/newsinfoco.com.br\/inicio\/sdra-reforca-fiscalizacao-contra-poluicao-sonora-no-municipio\/#breadcrumblist"},"author":{"@id":"https:\/\/newsinfoco.com.br\/inicio\/author\/administrador\/#author"},"creator":{"@id":"https:\/\/newsinfoco.com.br\/inicio\/author\/administrador\/#author"},"image":{"@type":"ImageObject","url":"https:\/\/newsinfoco.com.br\/inicio\/wp-content\/uploads\/2025\/08\/WhatsApp-Image-2025-07-31-at-14.49.55.jpeg","@id":"https:\/\/newsinfoco.com.br\/inicio\/sdra-reforca-fiscalizacao-contra-poluicao-sonora-no-municipio\/#mainImage","width":1594,"height":641},"primaryImageOfPage":{"@id":"https:\/\/newsinfoco.com.br\/inicio\/sdra-reforca-fiscalizacao-contra-poluicao-sonora-no-municipio\/#mainImage"},"datePublished":"2025-08-01T14:00:51-03:00","dateModified":"2025-08-01T14:00:51-03:00"},{"@type":"WebSite","@id":"https:\/\/newsinfoco.com.br\/inicio\/#website","url":"https:\/\/newsinfoco.com.br\/inicio\/","name":"News In Foco - Editado por Caio Pimenta","description":"O principal site de noticias de Alagoinhas e regi\u00e3o","inLanguage":"pt-BR","publisher":{"@id":"https:\/\/newsinfoco.com.br\/inicio\/#organization"}}]},"og:locale":"pt_BR","og:site_name":"News In Foco - Editado por Caio Pimenta - O principal site de noticias de Alagoinhas e regi\u00e3o","og:type":"article","og:title":"SDRA refor\u00e7a fiscaliza\u00e7\u00e3o contra polui\u00e7\u00e3o sonora no munic\u00edpio - News In Foco - Editado por Caio Pimenta","og:description":"A Secretaria Municipal de Desenvolvimento Rural e Meio Ambiente (SDRA) mant\u00e9m uma atua\u00e7\u00e3o constante, por meio de sua pasta de Meio Ambiente, voltada ao monitoramento e \u00e0 repress\u00e3o da polui\u00e7\u00e3o sonora no munic\u00edpio. Esse trabalho \u00e9 realizado em parceria com o Minist\u00e9rio P\u00fablico, a Secretaria Municipal de Cultura, Esporte e Turismo (Secet), a Secretaria Municipal","og:url":"https:\/\/newsinfoco.com.br\/inicio\/sdra-reforca-fiscalizacao-contra-poluicao-sonora-no-municipio\/","article:published_time":"2025-08-01T17:00:51+00:00","article:modified_time":"2025-08-01T17:00:51+00:00","twitter:card":"summary_large_image","twitter:title":"SDRA refor\u00e7a fiscaliza\u00e7\u00e3o contra polui\u00e7\u00e3o sonora no munic\u00edpio - News In Foco - Editado por Caio Pimenta","twitter:description":"A Secretaria Municipal de Desenvolvimento Rural e Meio Ambiente (SDRA) mant\u00e9m uma atua\u00e7\u00e3o constante, por meio de sua pasta de Meio Ambiente, voltada ao monitoramento e \u00e0 repress\u00e3o da polui\u00e7\u00e3o sonora no munic\u00edpio. Esse trabalho \u00e9 realizado em parceria com o Minist\u00e9rio P\u00fablico, a Secretaria Municipal de Cultura, Esporte e Turismo (Secet), a Secretaria Municipal"},"aioseo_meta_data":{"post_id":"43837","title":null,"description":null,"keywords":null,"keyphrases":{"focus":{"keyphrase":"","score":0,"analysis":{"keyphraseInTitle":{"score":0,"maxScore":9,"error":1}}},"additional":[]},"primary_term":null,"canonical_url":null,"og_title":null,"og_description":null,"og_object_type":"default","og_image_type":"default","og_image_url":null,"og_image_width":null,"og_image_height":null,"og_image_custom_url":null,"og_image_custom_fields":null,"og_video":"","og_custom_url":null,"og_article_section":null,"og_article_tags":null,"twitter_use_og":false,"twitter_card":"default","twitter_image_type":"default","twitter_image_url":null,"twitter_image_custom_url":null,"twitter_image_custom_fields":null,"twitter_title":null,"twitter_description":null,"schema":{"blockGraphs":[],"customGraphs":[],"default":{"data":{"Article":[],"Course":[],"Dataset":[],"FAQPage":[],"Movie":[],"Person":[],"Product":[],"ProductReview":[],"Car":[],"Recipe":[],"Service":[],"SoftwareApplication":[],"WebPage":[]},"graphName":"BlogPosting","isEnabled":true},"graphs":[]},"schema_type":"default","schema_type_options":null,"pillar_content":false,"robots_default":true,"robots_noindex":false,"robots_noarchive":false,"robots_nosnippet":false,"robots_nofollow":false,"robots_noimageindex":false,"robots_noodp":false,"robots_notranslate":false,"robots_max_snippet":"-1","robots_max_videopreview":"-1","robots_max_imagepreview":"large","priority":null,"frequency":"default","local_seo":null,"breadcrumb_settings":null,"limit_modified_date":false,"ai":{"faqs":[],"keyPoints":[],"titles":[],"descriptions":[],"socialPosts":{"email":[],"linkedin":[],"twitter":[],"facebook":[],"instagram":[]}},"created":"2025-08-01 17:00:51","updated":"2025-08-01 17:14:53","seo_analyzer_scan_date":null},"aioseo_breadcrumb":"<div class=\"aioseo-breadcrumbs\"><span class=\"aioseo-breadcrumb\">\n\t\t\t<a href=\"https:\/\/newsinfoco.com.br\/inicio\" title=\"In\u00edcio\">In\u00edcio<\/a>\n\t\t<\/span><span class=\"aioseo-breadcrumb-separator\">&raquo;<\/span><span class=\"aioseo-breadcrumb\">\n\t\t\t<a href=\"https:\/\/newsinfoco.com.br\/inicio\/category\/alagoinhas-e-regiao\/\" title=\"Alagoinhas e Regi\u00e3o\">Alagoinhas e Regi\u00e3o<\/a>\n\t\t<\/span><span class=\"aioseo-breadcrumb-separator\">&raquo;<\/span><span class=\"aioseo-breadcrumb\">\n\t\t\tSDRA refor\u00e7a fiscaliza\u00e7\u00e3o contra polui\u00e7\u00e3o sonora no munic\u00edpio\n\t\t<\/span><\/div>","aioseo_breadcrumb_json":[{"label":"In\u00edcio","link":"https:\/\/newsinfoco.com.br\/inicio"},{"label":"Alagoinhas e Regi\u00e3o","link":"https:\/\/newsinfoco.com.br\/inicio\/category\/alagoinhas-e-regiao\/"},{"label":"SDRA refor\u00e7a fiscaliza\u00e7\u00e3o contra polui\u00e7\u00e3o sonora no munic\u00edpio","link":"https:\/\/newsinfoco.com.br\/inicio\/sdra-reforca-fiscalizacao-contra-poluicao-sonora-no-municipio\/"}],"_links":{"self":[{"href":"https:\/\/newsinfoco.com.br\/inicio\/wp-json\/wp\/v2\/posts\/43837","targetHints":{"allow":["GET"]}}],"collection":[{"href":"https:\/\/newsinfoco.com.br\/inicio\/wp-json\/wp\/v2\/posts"}],"about":[{"href":"https:\/\/newsinfoco.com.br\/inicio\/wp-json\/wp\/v2\/types\/post"}],"author":[{"embeddable":true,"href":"https:\/\/newsinfoco.com.br\/inicio\/wp-json\/wp\/v2\/users\/1"}],"replies":[{"embeddable":true,"href":"https:\/\/newsinfoco.com.br\/inicio\/wp-json\/wp\/v2\/comments?post=43837"}],"version-history":[{"count":1,"href":"https:\/\/newsinfoco.com.br\/inicio\/wp-json\/wp\/v2\/posts\/43837\/revisions"}],"predecessor-version":[{"id":43839,"href":"https:\/\/newsinfoco.com.br\/inicio\/wp-json\/wp\/v2\/posts\/43837\/revisions\/43839"}],"wp:featuredmedia":[{"embeddable":true,"href":"https:\/\/newsinfoco.com.br\/inicio\/wp-json\/wp\/v2\/media\/43838"}],"wp:attachment":[{"href":"https:\/\/newsinfoco.com.br\/inicio\/wp-json\/wp\/v2\/media?parent=43837"}],"wp:term":[{"taxonomy":"category","embeddable":true,"href":"https:\/\/newsinfoco.com.br\/inicio\/wp-json\/wp\/v2\/categories?post=43837"},{"taxonomy":"post_tag","embeddable":true,"href":"https:\/\/newsinfoco.com.br\/inicio\/wp-json\/wp\/v2\/tags?post=43837"}],"curies":[{"name":"wp","href":"https:\/\/api.w.org\/{rel}","templated":true}]}}