{"id":43842,"date":"2025-08-01T14:13:45","date_gmt":"2025-08-01T17:13:45","guid":{"rendered":"https:\/\/newsinfoco.com.br\/inicio\/?p=43842"},"modified":"2025-08-01T14:13:45","modified_gmt":"2025-08-01T17:13:45","slug":"cidadao-de-alagoinhas-tem-ate-o-dia-6-de-agosto-para-participar-de-escuta-publica","status":"publish","type":"post","link":"https:\/\/newsinfoco.com.br\/inicio\/cidadao-de-alagoinhas-tem-ate-o-dia-6-de-agosto-para-participar-de-escuta-publica\/","title":{"rendered":"Cidad\u00e3o de Alagoinhas tem at\u00e9 o dia 6 de agosto para participar de escuta p\u00fablica"},"content":{"rendered":"<p>A Prefeitura Municipal de Alagoinhas, por meio do Gabinete do Vice-Prefeito (GAVIPRE), da Superintend\u00eancia de Participa\u00e7\u00e3o Popular (SPP) e da Secretaria de Planejamento e Capta\u00e7\u00e3o de Recursos (Seplac), dando continuidade ao ciclo de escutas p\u00fablicas, convida a popula\u00e7\u00e3o de Alagoinhas a contribuir para o Planejamento Participativo Digital que tem por finalidade auxiliar na constru\u00e7\u00e3o das ferramentas de Planejamento Or\u00e7ament\u00e1rio Municipal: Lei Or\u00e7ament\u00e1ria Anual (2026), Plano Plurianual (PPA 2026\/2029) e Plano Diretor de Desenvolvimento Municipal (PDDM).<\/p>\n<p>Como parte do compromisso com a democratiza\u00e7\u00e3o da gest\u00e3o p\u00fablica e o fortalecimento da participa\u00e7\u00e3o popular, esta consulta p\u00fablica \u00e9 mais uma forma de garantir que todas as vozes possam ser ouvidas mesmo aquelas que, por qualquer motivo, n\u00e3o puderam estar presentes durante as Oficinas de Planejamento Participativo que percorreram as 14 regi\u00f5es administrativas da cidade, al\u00e9m das 4 oficinas tem\u00e1ticas voltadas a servidores p\u00fablicos e representantes da sociedade civil. A escuta p\u00fablica vai at\u00e9 o dia 6 e pode ser feita acessando o link abaixo:<\/p>\n<p><a href=\"https:\/\/forms.office.com\/pages\/responsepage.aspx?id=DQSIkWdsW0yxEjajBLZtrQAAAAAAAAAAAAMAAY7YtY1UQUIyQlVCVlFMOVkxRlZWUks5QVhVOUw3Wi4u&amp;origin=lprLink&amp;route=shorturl\">ESCUTA P\u00daBLICA<\/a><\/p>\n<p>Aqui voc\u00ea poder\u00e1:<br \/>\n\u2013 Apontar as demandas da sua comunidade;<br \/>\n\u2013 Sugerir ideias para o futuro da cidade;<br \/>\n\u2013 Avaliar sua experi\u00eancia nas oficinas (se participou presencialmente).<br \/>\nContamos com voc\u00ea!<\/p>\n<div align=\"right\">\n<p>&nbsp;<\/p>\n<\/div>\n<div class='share-to-whatsapp-wrapper'><div class='share-on-whsp'>Share on: <\/div><a data-text='Cidad\u00e3o de Alagoinhas tem at\u00e9 o dia 6 de agosto para participar de escuta p\u00fablica' data-link='https:\/\/newsinfoco.com.br\/inicio\/cidadao-de-alagoinhas-tem-ate-o-dia-6-de-agosto-para-participar-de-escuta-publica\/' class='whatsapp-button whatsapp-share'>WhatsApp<\/a><div class='clear '><\/div><\/div>","protected":false},"excerpt":{"rendered":"<p>A Prefeitura Municipal de Alagoinhas, por meio do Gabinete do Vice-Prefeito (GAVIPRE), da Superintend\u00eancia de Participa\u00e7\u00e3o Popular (SPP) e da Secretaria de Planejamento e Capta\u00e7\u00e3o de Recursos (Seplac), dando continuidade ao ciclo de escutas p\u00fablicas, convida a popula\u00e7\u00e3o de Alagoinhas a contribuir para o Planejamento Participativo Digital que tem por finalidade auxiliar na constru\u00e7\u00e3o das [&hellip;]<\/p>\n","protected":false},"author":1,"featured_media":43843,"comment_status":"closed","ping_status":"closed","sticky":false,"template":"","format":"standard","meta":{"om_disable_all_campaigns":false,"rop_custom_images_group":[],"rop_custom_messages_group":[],"rop_publish_now":"initial","rop_publish_now_accounts":[],"rop_publish_now_history":[],"rop_publish_now_status":"pending","_exactmetrics_skip_tracking":false,"footnotes":""},"categories":[38,167],"tags":[],"class_list":["post-43842","post","type-post","status-publish","format-standard","has-post-thumbnail","hentry","category-alagoinhas-e-regiao","category-exclusivas"],"aioseo_notices":[],"aioseo_head":"\n\t\t<!-- All in One SEO 4.9.10 - aioseo.com -->\n\t<meta name=\"description\" content=\"A Prefeitura Municipal de Alagoinhas, por meio do Gabinete do Vice-Prefeito (GAVIPRE), da Superintend\u00eancia de Participa\u00e7\u00e3o Popular (SPP) e da Secretaria de Planejamento e Capta\u00e7\u00e3o de Recursos (Seplac), dando continuidade ao ciclo de escutas p\u00fablicas, convida a popula\u00e7\u00e3o de Alagoinhas a contribuir para o Planejamento Participativo Digital que tem por finalidade auxiliar na constru\u00e7\u00e3o das\" \/>\n\t<meta name=\"robots\" content=\"max-image-preview:large\" \/>\n\t<meta name=\"author\" content=\"administrador\"\/>\n\t<link rel=\"canonical\" href=\"https:\/\/newsinfoco.com.br\/inicio\/cidadao-de-alagoinhas-tem-ate-o-dia-6-de-agosto-para-participar-de-escuta-publica\/\" \/>\n\t<meta name=\"generator\" content=\"All in One SEO (AIOSEO) 4.9.10\" \/>\n\t\t<meta property=\"og:locale\" content=\"pt_BR\" \/>\n\t\t<meta property=\"og:site_name\" content=\"News In Foco - Editado por Caio Pimenta - O principal site de noticias de Alagoinhas e regi\u00e3o\" \/>\n\t\t<meta property=\"og:type\" content=\"article\" \/>\n\t\t<meta property=\"og:title\" content=\"Cidad\u00e3o de Alagoinhas tem at\u00e9 o dia 6 de agosto para participar de escuta p\u00fablica - News In Foco - Editado por Caio Pimenta\" \/>\n\t\t<meta property=\"og:description\" content=\"A Prefeitura Municipal de Alagoinhas, por meio do Gabinete do Vice-Prefeito (GAVIPRE), da Superintend\u00eancia de Participa\u00e7\u00e3o Popular (SPP) e da Secretaria de Planejamento e Capta\u00e7\u00e3o de Recursos (Seplac), dando continuidade ao ciclo de escutas p\u00fablicas, convida a popula\u00e7\u00e3o de Alagoinhas a contribuir para o Planejamento Participativo Digital que tem por finalidade auxiliar na constru\u00e7\u00e3o das\" \/>\n\t\t<meta property=\"og:url\" content=\"https:\/\/newsinfoco.com.br\/inicio\/cidadao-de-alagoinhas-tem-ate-o-dia-6-de-agosto-para-participar-de-escuta-publica\/\" \/>\n\t\t<meta property=\"article:published_time\" content=\"2025-08-01T17:13:45+00:00\" \/>\n\t\t<meta property=\"article:modified_time\" content=\"2025-08-01T17:13:45+00:00\" \/>\n\t\t<meta name=\"twitter:card\" content=\"summary_large_image\" \/>\n\t\t<meta name=\"twitter:title\" content=\"Cidad\u00e3o de Alagoinhas tem at\u00e9 o dia 6 de agosto para participar de escuta p\u00fablica - News In Foco - Editado por Caio Pimenta\" \/>\n\t\t<meta name=\"twitter:description\" content=\"A Prefeitura Municipal de Alagoinhas, por meio do Gabinete do Vice-Prefeito (GAVIPRE), da Superintend\u00eancia de Participa\u00e7\u00e3o Popular (SPP) e da Secretaria de Planejamento e Capta\u00e7\u00e3o de Recursos (Seplac), dando continuidade ao ciclo de escutas p\u00fablicas, convida a popula\u00e7\u00e3o de Alagoinhas a contribuir para o Planejamento Participativo Digital que tem por finalidade auxiliar na constru\u00e7\u00e3o das\" \/>\n\t\t<script type=\"application\/ld+json\" class=\"aioseo-schema\">\n\t\t\t{\"@context\":\"https:\\\/\\\/schema.org\",\"@graph\":[{\"@type\":\"BlogPosting\",\"@id\":\"https:\\\/\\\/newsinfoco.com.br\\\/inicio\\\/cidadao-de-alagoinhas-tem-ate-o-dia-6-de-agosto-para-participar-de-escuta-publica\\\/#blogposting\",\"name\":\"Cidad\\u00e3o de Alagoinhas tem at\\u00e9 o dia 6 de agosto para participar de escuta p\\u00fablica - News In Foco - Editado por Caio Pimenta\",\"headline\":\"Cidad\\u00e3o de Alagoinhas tem at\\u00e9 o dia 6 de agosto para participar de escuta p\\u00fablica\",\"author\":{\"@id\":\"https:\\\/\\\/newsinfoco.com.br\\\/inicio\\\/author\\\/administrador\\\/#author\"},\"publisher\":{\"@id\":\"https:\\\/\\\/newsinfoco.com.br\\\/inicio\\\/#organization\"},\"image\":{\"@type\":\"ImageObject\",\"url\":\"https:\\\/\\\/newsinfoco.com.br\\\/inicio\\\/wp-content\\\/uploads\\\/2025\\\/08\\\/audiencia-publica.jpg\",\"width\":500,\"height\":383},\"datePublished\":\"2025-08-01T14:13:45-03:00\",\"dateModified\":\"2025-08-01T14:13:45-03:00\",\"inLanguage\":\"pt-BR\",\"mainEntityOfPage\":{\"@id\":\"https:\\\/\\\/newsinfoco.com.br\\\/inicio\\\/cidadao-de-alagoinhas-tem-ate-o-dia-6-de-agosto-para-participar-de-escuta-publica\\\/#webpage\"},\"isPartOf\":{\"@id\":\"https:\\\/\\\/newsinfoco.com.br\\\/inicio\\\/cidadao-de-alagoinhas-tem-ate-o-dia-6-de-agosto-para-participar-de-escuta-publica\\\/#webpage\"},\"articleSection\":\"Alagoinhas e Regi\\u00e3o, Manchete\"},{\"@type\":\"BreadcrumbList\",\"@id\":\"https:\\\/\\\/newsinfoco.com.br\\\/inicio\\\/cidadao-de-alagoinhas-tem-ate-o-dia-6-de-agosto-para-participar-de-escuta-publica\\\/#breadcrumblist\",\"itemListElement\":[{\"@type\":\"ListItem\",\"@id\":\"https:\\\/\\\/newsinfoco.com.br\\\/inicio#listItem\",\"position\":1,\"name\":\"In\\u00edcio\",\"item\":\"https:\\\/\\\/newsinfoco.com.br\\\/inicio\",\"nextItem\":{\"@type\":\"ListItem\",\"@id\":\"https:\\\/\\\/newsinfoco.com.br\\\/inicio\\\/category\\\/alagoinhas-e-regiao\\\/#listItem\",\"name\":\"Alagoinhas e Regi\\u00e3o\"}},{\"@type\":\"ListItem\",\"@id\":\"https:\\\/\\\/newsinfoco.com.br\\\/inicio\\\/category\\\/alagoinhas-e-regiao\\\/#listItem\",\"position\":2,\"name\":\"Alagoinhas e Regi\\u00e3o\",\"item\":\"https:\\\/\\\/newsinfoco.com.br\\\/inicio\\\/category\\\/alagoinhas-e-regiao\\\/\",\"nextItem\":{\"@type\":\"ListItem\",\"@id\":\"https:\\\/\\\/newsinfoco.com.br\\\/inicio\\\/cidadao-de-alagoinhas-tem-ate-o-dia-6-de-agosto-para-participar-de-escuta-publica\\\/#listItem\",\"name\":\"Cidad\\u00e3o de Alagoinhas tem at\\u00e9 o dia 6 de agosto para participar de escuta p\\u00fablica\"},\"previousItem\":{\"@type\":\"ListItem\",\"@id\":\"https:\\\/\\\/newsinfoco.com.br\\\/inicio#listItem\",\"name\":\"In\\u00edcio\"}},{\"@type\":\"ListItem\",\"@id\":\"https:\\\/\\\/newsinfoco.com.br\\\/inicio\\\/cidadao-de-alagoinhas-tem-ate-o-dia-6-de-agosto-para-participar-de-escuta-publica\\\/#listItem\",\"position\":3,\"name\":\"Cidad\\u00e3o de Alagoinhas tem at\\u00e9 o dia 6 de agosto para participar de escuta p\\u00fablica\",\"previousItem\":{\"@type\":\"ListItem\",\"@id\":\"https:\\\/\\\/newsinfoco.com.br\\\/inicio\\\/category\\\/alagoinhas-e-regiao\\\/#listItem\",\"name\":\"Alagoinhas e Regi\\u00e3o\"}}]},{\"@type\":\"Organization\",\"@id\":\"https:\\\/\\\/newsinfoco.com.br\\\/inicio\\\/#organization\",\"name\":\"News In Foco - Editado por Caio Pimenta\",\"description\":\"O principal site de noticias de Alagoinhas e regi\\u00e3o\",\"url\":\"https:\\\/\\\/newsinfoco.com.br\\\/inicio\\\/\"},{\"@type\":\"Person\",\"@id\":\"https:\\\/\\\/newsinfoco.com.br\\\/inicio\\\/author\\\/administrador\\\/#author\",\"url\":\"https:\\\/\\\/newsinfoco.com.br\\\/inicio\\\/author\\\/administrador\\\/\",\"name\":\"administrador\",\"image\":{\"@type\":\"ImageObject\",\"@id\":\"https:\\\/\\\/newsinfoco.com.br\\\/inicio\\\/cidadao-de-alagoinhas-tem-ate-o-dia-6-de-agosto-para-participar-de-escuta-publica\\\/#authorImage\",\"url\":\"https:\\\/\\\/secure.gravatar.com\\\/avatar\\\/c17a617433de8c1dc9584bb79aab7563b46f5bb7e1728c9b17d9cc3ce6a08e49?s=96&d=mm&r=g\",\"width\":96,\"height\":96,\"caption\":\"administrador\"}},{\"@type\":\"WebPage\",\"@id\":\"https:\\\/\\\/newsinfoco.com.br\\\/inicio\\\/cidadao-de-alagoinhas-tem-ate-o-dia-6-de-agosto-para-participar-de-escuta-publica\\\/#webpage\",\"url\":\"https:\\\/\\\/newsinfoco.com.br\\\/inicio\\\/cidadao-de-alagoinhas-tem-ate-o-dia-6-de-agosto-para-participar-de-escuta-publica\\\/\",\"name\":\"Cidad\\u00e3o de Alagoinhas tem at\\u00e9 o dia 6 de agosto para participar de escuta p\\u00fablica - News In Foco - Editado por Caio Pimenta\",\"description\":\"A Prefeitura Municipal de Alagoinhas, por meio do Gabinete do Vice-Prefeito (GAVIPRE), da Superintend\\u00eancia de Participa\\u00e7\\u00e3o Popular (SPP) e da Secretaria de Planejamento e Capta\\u00e7\\u00e3o de Recursos (Seplac), dando continuidade ao ciclo de escutas p\\u00fablicas, convida a popula\\u00e7\\u00e3o de Alagoinhas a contribuir para o Planejamento Participativo Digital que tem por finalidade auxiliar na constru\\u00e7\\u00e3o das\",\"inLanguage\":\"pt-BR\",\"isPartOf\":{\"@id\":\"https:\\\/\\\/newsinfoco.com.br\\\/inicio\\\/#website\"},\"breadcrumb\":{\"@id\":\"https:\\\/\\\/newsinfoco.com.br\\\/inicio\\\/cidadao-de-alagoinhas-tem-ate-o-dia-6-de-agosto-para-participar-de-escuta-publica\\\/#breadcrumblist\"},\"author\":{\"@id\":\"https:\\\/\\\/newsinfoco.com.br\\\/inicio\\\/author\\\/administrador\\\/#author\"},\"creator\":{\"@id\":\"https:\\\/\\\/newsinfoco.com.br\\\/inicio\\\/author\\\/administrador\\\/#author\"},\"image\":{\"@type\":\"ImageObject\",\"url\":\"https:\\\/\\\/newsinfoco.com.br\\\/inicio\\\/wp-content\\\/uploads\\\/2025\\\/08\\\/audiencia-publica.jpg\",\"@id\":\"https:\\\/\\\/newsinfoco.com.br\\\/inicio\\\/cidadao-de-alagoinhas-tem-ate-o-dia-6-de-agosto-para-participar-de-escuta-publica\\\/#mainImage\",\"width\":500,\"height\":383},\"primaryImageOfPage\":{\"@id\":\"https:\\\/\\\/newsinfoco.com.br\\\/inicio\\\/cidadao-de-alagoinhas-tem-ate-o-dia-6-de-agosto-para-participar-de-escuta-publica\\\/#mainImage\"},\"datePublished\":\"2025-08-01T14:13:45-03:00\",\"dateModified\":\"2025-08-01T14:13:45-03:00\"},{\"@type\":\"WebSite\",\"@id\":\"https:\\\/\\\/newsinfoco.com.br\\\/inicio\\\/#website\",\"url\":\"https:\\\/\\\/newsinfoco.com.br\\\/inicio\\\/\",\"name\":\"News In Foco - Editado por Caio Pimenta\",\"description\":\"O principal site de noticias de Alagoinhas e regi\\u00e3o\",\"inLanguage\":\"pt-BR\",\"publisher\":{\"@id\":\"https:\\\/\\\/newsinfoco.com.br\\\/inicio\\\/#organization\"}}]}\n\t\t<\/script>\n\t\t<!-- All in One SEO -->\n\n","aioseo_head_json":{"title":"Cidad\u00e3o de Alagoinhas tem at\u00e9 o dia 6 de agosto para participar de escuta p\u00fablica - News In Foco - Editado por Caio Pimenta","description":"A Prefeitura Municipal de Alagoinhas, por meio do Gabinete do Vice-Prefeito (GAVIPRE), da Superintend\u00eancia de Participa\u00e7\u00e3o Popular (SPP) e da Secretaria de Planejamento e Capta\u00e7\u00e3o de Recursos (Seplac), dando continuidade ao ciclo de escutas p\u00fablicas, convida a popula\u00e7\u00e3o de Alagoinhas a contribuir para o Planejamento Participativo Digital que tem por finalidade auxiliar na constru\u00e7\u00e3o das","canonical_url":"https:\/\/newsinfoco.com.br\/inicio\/cidadao-de-alagoinhas-tem-ate-o-dia-6-de-agosto-para-participar-de-escuta-publica\/","robots":"max-image-preview:large","keywords":"","webmasterTools":{"miscellaneous":""},"schema":{"@context":"https:\/\/schema.org","@graph":[{"@type":"BlogPosting","@id":"https:\/\/newsinfoco.com.br\/inicio\/cidadao-de-alagoinhas-tem-ate-o-dia-6-de-agosto-para-participar-de-escuta-publica\/#blogposting","name":"Cidad\u00e3o de Alagoinhas tem at\u00e9 o dia 6 de agosto para participar de escuta p\u00fablica - News In Foco - Editado por Caio Pimenta","headline":"Cidad\u00e3o de Alagoinhas tem at\u00e9 o dia 6 de agosto para participar de escuta p\u00fablica","author":{"@id":"https:\/\/newsinfoco.com.br\/inicio\/author\/administrador\/#author"},"publisher":{"@id":"https:\/\/newsinfoco.com.br\/inicio\/#organization"},"image":{"@type":"ImageObject","url":"https:\/\/newsinfoco.com.br\/inicio\/wp-content\/uploads\/2025\/08\/audiencia-publica.jpg","width":500,"height":383},"datePublished":"2025-08-01T14:13:45-03:00","dateModified":"2025-08-01T14:13:45-03:00","inLanguage":"pt-BR","mainEntityOfPage":{"@id":"https:\/\/newsinfoco.com.br\/inicio\/cidadao-de-alagoinhas-tem-ate-o-dia-6-de-agosto-para-participar-de-escuta-publica\/#webpage"},"isPartOf":{"@id":"https:\/\/newsinfoco.com.br\/inicio\/cidadao-de-alagoinhas-tem-ate-o-dia-6-de-agosto-para-participar-de-escuta-publica\/#webpage"},"articleSection":"Alagoinhas e Regi\u00e3o, Manchete"},{"@type":"BreadcrumbList","@id":"https:\/\/newsinfoco.com.br\/inicio\/cidadao-de-alagoinhas-tem-ate-o-dia-6-de-agosto-para-participar-de-escuta-publica\/#breadcrumblist","itemListElement":[{"@type":"ListItem","@id":"https:\/\/newsinfoco.com.br\/inicio#listItem","position":1,"name":"In\u00edcio","item":"https:\/\/newsinfoco.com.br\/inicio","nextItem":{"@type":"ListItem","@id":"https:\/\/newsinfoco.com.br\/inicio\/category\/alagoinhas-e-regiao\/#listItem","name":"Alagoinhas e Regi\u00e3o"}},{"@type":"ListItem","@id":"https:\/\/newsinfoco.com.br\/inicio\/category\/alagoinhas-e-regiao\/#listItem","position":2,"name":"Alagoinhas e Regi\u00e3o","item":"https:\/\/newsinfoco.com.br\/inicio\/category\/alagoinhas-e-regiao\/","nextItem":{"@type":"ListItem","@id":"https:\/\/newsinfoco.com.br\/inicio\/cidadao-de-alagoinhas-tem-ate-o-dia-6-de-agosto-para-participar-de-escuta-publica\/#listItem","name":"Cidad\u00e3o de Alagoinhas tem at\u00e9 o dia 6 de agosto para participar de escuta p\u00fablica"},"previousItem":{"@type":"ListItem","@id":"https:\/\/newsinfoco.com.br\/inicio#listItem","name":"In\u00edcio"}},{"@type":"ListItem","@id":"https:\/\/newsinfoco.com.br\/inicio\/cidadao-de-alagoinhas-tem-ate-o-dia-6-de-agosto-para-participar-de-escuta-publica\/#listItem","position":3,"name":"Cidad\u00e3o de Alagoinhas tem at\u00e9 o dia 6 de agosto para participar de escuta p\u00fablica","previousItem":{"@type":"ListItem","@id":"https:\/\/newsinfoco.com.br\/inicio\/category\/alagoinhas-e-regiao\/#listItem","name":"Alagoinhas e Regi\u00e3o"}}]},{"@type":"Organization","@id":"https:\/\/newsinfoco.com.br\/inicio\/#organization","name":"News In Foco - Editado por Caio Pimenta","description":"O principal site de noticias de Alagoinhas e regi\u00e3o","url":"https:\/\/newsinfoco.com.br\/inicio\/"},{"@type":"Person","@id":"https:\/\/newsinfoco.com.br\/inicio\/author\/administrador\/#author","url":"https:\/\/newsinfoco.com.br\/inicio\/author\/administrador\/","name":"administrador","image":{"@type":"ImageObject","@id":"https:\/\/newsinfoco.com.br\/inicio\/cidadao-de-alagoinhas-tem-ate-o-dia-6-de-agosto-para-participar-de-escuta-publica\/#authorImage","url":"https:\/\/secure.gravatar.com\/avatar\/c17a617433de8c1dc9584bb79aab7563b46f5bb7e1728c9b17d9cc3ce6a08e49?s=96&d=mm&r=g","width":96,"height":96,"caption":"administrador"}},{"@type":"WebPage","@id":"https:\/\/newsinfoco.com.br\/inicio\/cidadao-de-alagoinhas-tem-ate-o-dia-6-de-agosto-para-participar-de-escuta-publica\/#webpage","url":"https:\/\/newsinfoco.com.br\/inicio\/cidadao-de-alagoinhas-tem-ate-o-dia-6-de-agosto-para-participar-de-escuta-publica\/","name":"Cidad\u00e3o de Alagoinhas tem at\u00e9 o dia 6 de agosto para participar de escuta p\u00fablica - News In Foco - Editado por Caio Pimenta","description":"A Prefeitura Municipal de Alagoinhas, por meio do Gabinete do Vice-Prefeito (GAVIPRE), da Superintend\u00eancia de Participa\u00e7\u00e3o Popular (SPP) e da Secretaria de Planejamento e Capta\u00e7\u00e3o de Recursos (Seplac), dando continuidade ao ciclo de escutas p\u00fablicas, convida a popula\u00e7\u00e3o de Alagoinhas a contribuir para o Planejamento Participativo Digital que tem por finalidade auxiliar na constru\u00e7\u00e3o das","inLanguage":"pt-BR","isPartOf":{"@id":"https:\/\/newsinfoco.com.br\/inicio\/#website"},"breadcrumb":{"@id":"https:\/\/newsinfoco.com.br\/inicio\/cidadao-de-alagoinhas-tem-ate-o-dia-6-de-agosto-para-participar-de-escuta-publica\/#breadcrumblist"},"author":{"@id":"https:\/\/newsinfoco.com.br\/inicio\/author\/administrador\/#author"},"creator":{"@id":"https:\/\/newsinfoco.com.br\/inicio\/author\/administrador\/#author"},"image":{"@type":"ImageObject","url":"https:\/\/newsinfoco.com.br\/inicio\/wp-content\/uploads\/2025\/08\/audiencia-publica.jpg","@id":"https:\/\/newsinfoco.com.br\/inicio\/cidadao-de-alagoinhas-tem-ate-o-dia-6-de-agosto-para-participar-de-escuta-publica\/#mainImage","width":500,"height":383},"primaryImageOfPage":{"@id":"https:\/\/newsinfoco.com.br\/inicio\/cidadao-de-alagoinhas-tem-ate-o-dia-6-de-agosto-para-participar-de-escuta-publica\/#mainImage"},"datePublished":"2025-08-01T14:13:45-03:00","dateModified":"2025-08-01T14:13:45-03:00"},{"@type":"WebSite","@id":"https:\/\/newsinfoco.com.br\/inicio\/#website","url":"https:\/\/newsinfoco.com.br\/inicio\/","name":"News In Foco - Editado por Caio Pimenta","description":"O principal site de noticias de Alagoinhas e regi\u00e3o","inLanguage":"pt-BR","publisher":{"@id":"https:\/\/newsinfoco.com.br\/inicio\/#organization"}}]},"og:locale":"pt_BR","og:site_name":"News In Foco - Editado por Caio Pimenta - O principal site de noticias de Alagoinhas e regi\u00e3o","og:type":"article","og:title":"Cidad\u00e3o de Alagoinhas tem at\u00e9 o dia 6 de agosto para participar de escuta p\u00fablica - News In Foco - Editado por Caio Pimenta","og:description":"A Prefeitura Municipal de Alagoinhas, por meio do Gabinete do Vice-Prefeito (GAVIPRE), da Superintend\u00eancia de Participa\u00e7\u00e3o Popular (SPP) e da Secretaria de Planejamento e Capta\u00e7\u00e3o de Recursos (Seplac), dando continuidade ao ciclo de escutas p\u00fablicas, convida a popula\u00e7\u00e3o de Alagoinhas a contribuir para o Planejamento Participativo Digital que tem por finalidade auxiliar na constru\u00e7\u00e3o das","og:url":"https:\/\/newsinfoco.com.br\/inicio\/cidadao-de-alagoinhas-tem-ate-o-dia-6-de-agosto-para-participar-de-escuta-publica\/","article:published_time":"2025-08-01T17:13:45+00:00","article:modified_time":"2025-08-01T17:13:45+00:00","twitter:card":"summary_large_image","twitter:title":"Cidad\u00e3o de Alagoinhas tem at\u00e9 o dia 6 de agosto para participar de escuta p\u00fablica - News In Foco - Editado por Caio Pimenta","twitter:description":"A Prefeitura Municipal de Alagoinhas, por meio do Gabinete do Vice-Prefeito (GAVIPRE), da Superintend\u00eancia de Participa\u00e7\u00e3o Popular (SPP) e da Secretaria de Planejamento e Capta\u00e7\u00e3o de Recursos (Seplac), dando continuidade ao ciclo de escutas p\u00fablicas, convida a popula\u00e7\u00e3o de Alagoinhas a contribuir para o Planejamento Participativo Digital que tem por finalidade auxiliar na constru\u00e7\u00e3o das"},"aioseo_meta_data":{"post_id":"43842","title":null,"description":null,"keywords":null,"keyphrases":{"focus":{"keyphrase":"","score":0,"analysis":{"keyphraseInTitle":{"score":0,"maxScore":9,"error":1}}},"additional":[]},"primary_term":null,"canonical_url":null,"og_title":null,"og_description":null,"og_object_type":"default","og_image_type":"default","og_image_url":null,"og_image_width":null,"og_image_height":null,"og_image_custom_url":null,"og_image_custom_fields":null,"og_video":"","og_custom_url":null,"og_article_section":null,"og_article_tags":null,"twitter_use_og":false,"twitter_card":"default","twitter_image_type":"default","twitter_image_url":null,"twitter_image_custom_url":null,"twitter_image_custom_fields":null,"twitter_title":null,"twitter_description":null,"schema":{"blockGraphs":[],"customGraphs":[],"default":{"data":{"Article":[],"Course":[],"Dataset":[],"FAQPage":[],"Movie":[],"Person":[],"Product":[],"ProductReview":[],"Car":[],"Recipe":[],"Service":[],"SoftwareApplication":[],"WebPage":[]},"graphName":"BlogPosting","isEnabled":true},"graphs":[]},"schema_type":"default","schema_type_options":null,"pillar_content":false,"robots_default":true,"robots_noindex":false,"robots_noarchive":false,"robots_nosnippet":false,"robots_nofollow":false,"robots_noimageindex":false,"robots_noodp":false,"robots_notranslate":false,"robots_max_snippet":"-1","robots_max_videopreview":"-1","robots_max_imagepreview":"large","priority":null,"frequency":"default","local_seo":null,"breadcrumb_settings":null,"limit_modified_date":false,"ai":{"faqs":[],"keyPoints":[],"titles":[],"descriptions":[],"socialPosts":{"email":[],"linkedin":[],"twitter":[],"facebook":[],"instagram":[]}},"created":"2025-08-01 17:13:45","updated":"2025-08-01 17:14:53","seo_analyzer_scan_date":null},"aioseo_breadcrumb":"<div class=\"aioseo-breadcrumbs\"><span class=\"aioseo-breadcrumb\">\n\t\t\t<a href=\"https:\/\/newsinfoco.com.br\/inicio\" title=\"In\u00edcio\">In\u00edcio<\/a>\n\t\t<\/span><span class=\"aioseo-breadcrumb-separator\">&raquo;<\/span><span class=\"aioseo-breadcrumb\">\n\t\t\t<a href=\"https:\/\/newsinfoco.com.br\/inicio\/category\/alagoinhas-e-regiao\/\" title=\"Alagoinhas e Regi\u00e3o\">Alagoinhas e Regi\u00e3o<\/a>\n\t\t<\/span><span class=\"aioseo-breadcrumb-separator\">&raquo;<\/span><span class=\"aioseo-breadcrumb\">\n\t\t\tCidad\u00e3o de Alagoinhas tem at\u00e9 o dia 6 de agosto para participar de escuta p\u00fablica\n\t\t<\/span><\/div>","aioseo_breadcrumb_json":[{"label":"In\u00edcio","link":"https:\/\/newsinfoco.com.br\/inicio"},{"label":"Alagoinhas e Regi\u00e3o","link":"https:\/\/newsinfoco.com.br\/inicio\/category\/alagoinhas-e-regiao\/"},{"label":"Cidad\u00e3o de Alagoinhas tem at\u00e9 o dia 6 de agosto para participar de escuta p\u00fablica","link":"https:\/\/newsinfoco.com.br\/inicio\/cidadao-de-alagoinhas-tem-ate-o-dia-6-de-agosto-para-participar-de-escuta-publica\/"}],"_links":{"self":[{"href":"https:\/\/newsinfoco.com.br\/inicio\/wp-json\/wp\/v2\/posts\/43842","targetHints":{"allow":["GET"]}}],"collection":[{"href":"https:\/\/newsinfoco.com.br\/inicio\/wp-json\/wp\/v2\/posts"}],"about":[{"href":"https:\/\/newsinfoco.com.br\/inicio\/wp-json\/wp\/v2\/types\/post"}],"author":[{"embeddable":true,"href":"https:\/\/newsinfoco.com.br\/inicio\/wp-json\/wp\/v2\/users\/1"}],"replies":[{"embeddable":true,"href":"https:\/\/newsinfoco.com.br\/inicio\/wp-json\/wp\/v2\/comments?post=43842"}],"version-history":[{"count":1,"href":"https:\/\/newsinfoco.com.br\/inicio\/wp-json\/wp\/v2\/posts\/43842\/revisions"}],"predecessor-version":[{"id":43844,"href":"https:\/\/newsinfoco.com.br\/inicio\/wp-json\/wp\/v2\/posts\/43842\/revisions\/43844"}],"wp:featuredmedia":[{"embeddable":true,"href":"https:\/\/newsinfoco.com.br\/inicio\/wp-json\/wp\/v2\/media\/43843"}],"wp:attachment":[{"href":"https:\/\/newsinfoco.com.br\/inicio\/wp-json\/wp\/v2\/media?parent=43842"}],"wp:term":[{"taxonomy":"category","embeddable":true,"href":"https:\/\/newsinfoco.com.br\/inicio\/wp-json\/wp\/v2\/categories?post=43842"},{"taxonomy":"post_tag","embeddable":true,"href":"https:\/\/newsinfoco.com.br\/inicio\/wp-json\/wp\/v2\/tags?post=43842"}],"curies":[{"name":"wp","href":"https:\/\/api.w.org\/{rel}","templated":true}]}}