{"id":43850,"date":"2025-08-01T14:40:52","date_gmt":"2025-08-01T17:40:52","guid":{"rendered":"https:\/\/newsinfoco.com.br\/inicio\/?p=43850"},"modified":"2025-08-01T14:40:52","modified_gmt":"2025-08-01T17:40:52","slug":"cop30-pode-mudar-de-local-apos-paises-reclamarem-de-precos-abusivos-em-hoteis-de-belem","status":"publish","type":"post","link":"https:\/\/newsinfoco.com.br\/inicio\/cop30-pode-mudar-de-local-apos-paises-reclamarem-de-precos-abusivos-em-hoteis-de-belem\/","title":{"rendered":"COP30 pode mudar de local ap\u00f3s pa\u00edses reclamarem de pre\u00e7os abusivos em hot\u00e9is de Bel\u00e9m"},"content":{"rendered":"<p>O presidente da COP30, Andr\u00e9 Corr\u00eaa do Lago, afirmou na quinta-feira (31) que pa\u00edses t\u00eam pressionado o Brasil a transferir a sede da confer\u00eancia clim\u00e1tica da ONU de Bel\u00e9m (PA) para outra cidade, diante da cobran\u00e7a de pre\u00e7os considerados abusivos pela rede hoteleira local. O evento est\u00e1 previsto para novembro de 2025.<\/p>\n<p>A declara\u00e7\u00e3o foi feita durante encontro promovido pela Associa\u00e7\u00e3o de Correspondentes Estrangeiros (AIE) em parceria com o Instituto Brasileiro de Petr\u00f3leo e G\u00e1s (IBP), no qual o embaixador demonstrou preocupa\u00e7\u00e3o com os impactos diplom\u00e1ticos da situa\u00e7\u00e3o.<\/p>\n<p>\u201cH\u00e1 uma sensa\u00e7\u00e3o de revolta, sobretudo por parte dos pa\u00edses em desenvolvimento, que est\u00e3o dizendo que n\u00e3o poder\u00e3o vir \u00e0 COP por causa dos pre\u00e7os extorsivos que est\u00e3o sendo cobrados\u201d, afirmou Corr\u00eaa do Lago.<\/p>\n<p>Segundo o diplomata, em alguns casos o valor das di\u00e1rias foi multiplicado por at\u00e9 15 vezes, o que tem dificultado a organiza\u00e7\u00e3o e provocado rea\u00e7\u00f5es de delega\u00e7\u00f5es internacionais. \u201cSe na maioria das cidades onde as COPs aconteceram os hot\u00e9is come\u00e7aram a pedir o dobro ou o triplo do valor, no caso de Bel\u00e9m, os hot\u00e9is est\u00e3o pedindo mais de 10 vezes os valores normais\u201d, disse.<\/p>\n<p>A crise se agravou ap\u00f3s o negociador africano Richard Muyungi afirmar \u00e0 ag\u00eancia Reuters que pa\u00edses chegaram a formalizar pedidos para que a confer\u00eancia seja realocada. \u201cFicou p\u00fablico que pa\u00edses est\u00e3o pedindo para o Brasil tirar a COP de Bel\u00e9m\u201d, declarou Corr\u00eaa do Lago.<\/p>\n<p>O presidente da COP30 afirmou ainda que os esfor\u00e7os para conter a escalada de pre\u00e7os continuam, mas alertou que parte do setor hoteleiro ainda n\u00e3o reconheceu a gravidade da situa\u00e7\u00e3o. A capital paraense foi escolhida pelo governo federal como sede da confer\u00eancia clim\u00e1tica da ONU, em evento considerado estrat\u00e9gico para a diplomacia ambiental brasileira.<\/p>\n<p><strong>Pre\u00e7os assustam internautas<\/strong><\/p>\n<p>Nas redes sociais, um internauta compartilhou um print dos valores extratosf\u00e9ricos de aluguel de casas em B\u00e9lem para a COP30. Com valores ultrapassando R$ 700 mil.<\/p>\n<p>Bahia.Ba<\/p>\n<div class='share-to-whatsapp-wrapper'><div class='share-on-whsp'>Share on: <\/div><a data-text='COP30 pode mudar de local ap\u00f3s pa\u00edses reclamarem de pre\u00e7os abusivos em hot\u00e9is de Bel\u00e9m' data-link='https:\/\/newsinfoco.com.br\/inicio\/cop30-pode-mudar-de-local-apos-paises-reclamarem-de-precos-abusivos-em-hoteis-de-belem\/' class='whatsapp-button whatsapp-share'>WhatsApp<\/a><div class='clear '><\/div><\/div>","protected":false},"excerpt":{"rendered":"<p>O presidente da COP30, Andr\u00e9 Corr\u00eaa do Lago, afirmou na quinta-feira (31) que pa\u00edses t\u00eam pressionado o Brasil a transferir a sede da confer\u00eancia clim\u00e1tica da ONU de Bel\u00e9m (PA) para outra cidade, diante da cobran\u00e7a de pre\u00e7os considerados abusivos pela rede hoteleira local. O evento est\u00e1 previsto para novembro de 2025. A declara\u00e7\u00e3o foi [&hellip;]<\/p>\n","protected":false},"author":1,"featured_media":43851,"comment_status":"closed","ping_status":"closed","sticky":false,"template":"","format":"standard","meta":{"om_disable_all_campaigns":false,"rop_custom_images_group":[],"rop_custom_messages_group":[],"rop_publish_now":"initial","rop_publish_now_accounts":[],"rop_publish_now_history":[],"rop_publish_now_status":"pending","_exactmetrics_skip_tracking":false,"footnotes":""},"categories":[21],"tags":[],"class_list":["post-43850","post","type-post","status-publish","format-standard","has-post-thumbnail","hentry","category-brasil"],"aioseo_notices":[],"aioseo_head":"\n\t\t<!-- All in One SEO 4.9.10 - aioseo.com -->\n\t<meta name=\"description\" content=\"O presidente da COP30, Andr\u00e9 Corr\u00eaa do Lago, afirmou na quinta-feira (31) que pa\u00edses t\u00eam pressionado o Brasil a transferir a sede da confer\u00eancia clim\u00e1tica da ONU de Bel\u00e9m (PA) para outra cidade, diante da cobran\u00e7a de pre\u00e7os considerados abusivos pela rede hoteleira local. O evento est\u00e1 previsto para novembro de 2025. A declara\u00e7\u00e3o foi\" \/>\n\t<meta name=\"robots\" content=\"max-image-preview:large\" \/>\n\t<meta name=\"author\" content=\"administrador\"\/>\n\t<link rel=\"canonical\" href=\"https:\/\/newsinfoco.com.br\/inicio\/cop30-pode-mudar-de-local-apos-paises-reclamarem-de-precos-abusivos-em-hoteis-de-belem\/\" \/>\n\t<meta name=\"generator\" content=\"All in One SEO (AIOSEO) 4.9.10\" \/>\n\t\t<meta property=\"og:locale\" content=\"pt_BR\" \/>\n\t\t<meta property=\"og:site_name\" content=\"News In Foco - Editado por Caio Pimenta - O principal site de noticias de Alagoinhas e regi\u00e3o\" \/>\n\t\t<meta property=\"og:type\" content=\"article\" \/>\n\t\t<meta property=\"og:title\" content=\"COP30 pode mudar de local ap\u00f3s pa\u00edses reclamarem de pre\u00e7os abusivos em hot\u00e9is de Bel\u00e9m - News In Foco - Editado por Caio Pimenta\" \/>\n\t\t<meta property=\"og:description\" content=\"O presidente da COP30, Andr\u00e9 Corr\u00eaa do Lago, afirmou na quinta-feira (31) que pa\u00edses t\u00eam pressionado o Brasil a transferir a sede da confer\u00eancia clim\u00e1tica da ONU de Bel\u00e9m (PA) para outra cidade, diante da cobran\u00e7a de pre\u00e7os considerados abusivos pela rede hoteleira local. O evento est\u00e1 previsto para novembro de 2025. A declara\u00e7\u00e3o foi\" \/>\n\t\t<meta property=\"og:url\" content=\"https:\/\/newsinfoco.com.br\/inicio\/cop30-pode-mudar-de-local-apos-paises-reclamarem-de-precos-abusivos-em-hoteis-de-belem\/\" \/>\n\t\t<meta property=\"article:published_time\" content=\"2025-08-01T17:40:52+00:00\" \/>\n\t\t<meta property=\"article:modified_time\" content=\"2025-08-01T17:40:52+00:00\" \/>\n\t\t<meta name=\"twitter:card\" content=\"summary_large_image\" \/>\n\t\t<meta name=\"twitter:title\" content=\"COP30 pode mudar de local ap\u00f3s pa\u00edses reclamarem de pre\u00e7os abusivos em hot\u00e9is de Bel\u00e9m - News In Foco - Editado por Caio Pimenta\" \/>\n\t\t<meta name=\"twitter:description\" content=\"O presidente da COP30, Andr\u00e9 Corr\u00eaa do Lago, afirmou na quinta-feira (31) que pa\u00edses t\u00eam pressionado o Brasil a transferir a sede da confer\u00eancia clim\u00e1tica da ONU de Bel\u00e9m (PA) para outra cidade, diante da cobran\u00e7a de pre\u00e7os considerados abusivos pela rede hoteleira local. O evento est\u00e1 previsto para novembro de 2025. A declara\u00e7\u00e3o foi\" \/>\n\t\t<script type=\"application\/ld+json\" class=\"aioseo-schema\">\n\t\t\t{\"@context\":\"https:\\\/\\\/schema.org\",\"@graph\":[{\"@type\":\"BlogPosting\",\"@id\":\"https:\\\/\\\/newsinfoco.com.br\\\/inicio\\\/cop30-pode-mudar-de-local-apos-paises-reclamarem-de-precos-abusivos-em-hoteis-de-belem\\\/#blogposting\",\"name\":\"COP30 pode mudar de local ap\\u00f3s pa\\u00edses reclamarem de pre\\u00e7os abusivos em hot\\u00e9is de Bel\\u00e9m - News In Foco - Editado por Caio Pimenta\",\"headline\":\"COP30 pode mudar de local ap\\u00f3s pa\\u00edses reclamarem de pre\\u00e7os abusivos em hot\\u00e9is de Bel\\u00e9m\",\"author\":{\"@id\":\"https:\\\/\\\/newsinfoco.com.br\\\/inicio\\\/author\\\/administrador\\\/#author\"},\"publisher\":{\"@id\":\"https:\\\/\\\/newsinfoco.com.br\\\/inicio\\\/#organization\"},\"image\":{\"@type\":\"ImageObject\",\"url\":\"https:\\\/\\\/newsinfoco.com.br\\\/inicio\\\/wp-content\\\/uploads\\\/2025\\\/08\\\/Leandro-de-Jesus-5.png\",\"width\":600,\"height\":420},\"datePublished\":\"2025-08-01T14:40:52-03:00\",\"dateModified\":\"2025-08-01T14:40:52-03:00\",\"inLanguage\":\"pt-BR\",\"mainEntityOfPage\":{\"@id\":\"https:\\\/\\\/newsinfoco.com.br\\\/inicio\\\/cop30-pode-mudar-de-local-apos-paises-reclamarem-de-precos-abusivos-em-hoteis-de-belem\\\/#webpage\"},\"isPartOf\":{\"@id\":\"https:\\\/\\\/newsinfoco.com.br\\\/inicio\\\/cop30-pode-mudar-de-local-apos-paises-reclamarem-de-precos-abusivos-em-hoteis-de-belem\\\/#webpage\"},\"articleSection\":\"Brasil\"},{\"@type\":\"BreadcrumbList\",\"@id\":\"https:\\\/\\\/newsinfoco.com.br\\\/inicio\\\/cop30-pode-mudar-de-local-apos-paises-reclamarem-de-precos-abusivos-em-hoteis-de-belem\\\/#breadcrumblist\",\"itemListElement\":[{\"@type\":\"ListItem\",\"@id\":\"https:\\\/\\\/newsinfoco.com.br\\\/inicio#listItem\",\"position\":1,\"name\":\"In\\u00edcio\",\"item\":\"https:\\\/\\\/newsinfoco.com.br\\\/inicio\",\"nextItem\":{\"@type\":\"ListItem\",\"@id\":\"https:\\\/\\\/newsinfoco.com.br\\\/inicio\\\/category\\\/brasil\\\/#listItem\",\"name\":\"Brasil\"}},{\"@type\":\"ListItem\",\"@id\":\"https:\\\/\\\/newsinfoco.com.br\\\/inicio\\\/category\\\/brasil\\\/#listItem\",\"position\":2,\"name\":\"Brasil\",\"item\":\"https:\\\/\\\/newsinfoco.com.br\\\/inicio\\\/category\\\/brasil\\\/\",\"nextItem\":{\"@type\":\"ListItem\",\"@id\":\"https:\\\/\\\/newsinfoco.com.br\\\/inicio\\\/cop30-pode-mudar-de-local-apos-paises-reclamarem-de-precos-abusivos-em-hoteis-de-belem\\\/#listItem\",\"name\":\"COP30 pode mudar de local ap\\u00f3s pa\\u00edses reclamarem de pre\\u00e7os abusivos em hot\\u00e9is de Bel\\u00e9m\"},\"previousItem\":{\"@type\":\"ListItem\",\"@id\":\"https:\\\/\\\/newsinfoco.com.br\\\/inicio#listItem\",\"name\":\"In\\u00edcio\"}},{\"@type\":\"ListItem\",\"@id\":\"https:\\\/\\\/newsinfoco.com.br\\\/inicio\\\/cop30-pode-mudar-de-local-apos-paises-reclamarem-de-precos-abusivos-em-hoteis-de-belem\\\/#listItem\",\"position\":3,\"name\":\"COP30 pode mudar de local ap\\u00f3s pa\\u00edses reclamarem de pre\\u00e7os abusivos em hot\\u00e9is de Bel\\u00e9m\",\"previousItem\":{\"@type\":\"ListItem\",\"@id\":\"https:\\\/\\\/newsinfoco.com.br\\\/inicio\\\/category\\\/brasil\\\/#listItem\",\"name\":\"Brasil\"}}]},{\"@type\":\"Organization\",\"@id\":\"https:\\\/\\\/newsinfoco.com.br\\\/inicio\\\/#organization\",\"name\":\"News In Foco - Editado por Caio Pimenta\",\"description\":\"O principal site de noticias de Alagoinhas e regi\\u00e3o\",\"url\":\"https:\\\/\\\/newsinfoco.com.br\\\/inicio\\\/\"},{\"@type\":\"Person\",\"@id\":\"https:\\\/\\\/newsinfoco.com.br\\\/inicio\\\/author\\\/administrador\\\/#author\",\"url\":\"https:\\\/\\\/newsinfoco.com.br\\\/inicio\\\/author\\\/administrador\\\/\",\"name\":\"administrador\",\"image\":{\"@type\":\"ImageObject\",\"@id\":\"https:\\\/\\\/newsinfoco.com.br\\\/inicio\\\/cop30-pode-mudar-de-local-apos-paises-reclamarem-de-precos-abusivos-em-hoteis-de-belem\\\/#authorImage\",\"url\":\"https:\\\/\\\/secure.gravatar.com\\\/avatar\\\/c17a617433de8c1dc9584bb79aab7563b46f5bb7e1728c9b17d9cc3ce6a08e49?s=96&d=mm&r=g\",\"width\":96,\"height\":96,\"caption\":\"administrador\"}},{\"@type\":\"WebPage\",\"@id\":\"https:\\\/\\\/newsinfoco.com.br\\\/inicio\\\/cop30-pode-mudar-de-local-apos-paises-reclamarem-de-precos-abusivos-em-hoteis-de-belem\\\/#webpage\",\"url\":\"https:\\\/\\\/newsinfoco.com.br\\\/inicio\\\/cop30-pode-mudar-de-local-apos-paises-reclamarem-de-precos-abusivos-em-hoteis-de-belem\\\/\",\"name\":\"COP30 pode mudar de local ap\\u00f3s pa\\u00edses reclamarem de pre\\u00e7os abusivos em hot\\u00e9is de Bel\\u00e9m - News In Foco - Editado por Caio Pimenta\",\"description\":\"O presidente da COP30, Andr\\u00e9 Corr\\u00eaa do Lago, afirmou na quinta-feira (31) que pa\\u00edses t\\u00eam pressionado o Brasil a transferir a sede da confer\\u00eancia clim\\u00e1tica da ONU de Bel\\u00e9m (PA) para outra cidade, diante da cobran\\u00e7a de pre\\u00e7os considerados abusivos pela rede hoteleira local. O evento est\\u00e1 previsto para novembro de 2025. A declara\\u00e7\\u00e3o foi\",\"inLanguage\":\"pt-BR\",\"isPartOf\":{\"@id\":\"https:\\\/\\\/newsinfoco.com.br\\\/inicio\\\/#website\"},\"breadcrumb\":{\"@id\":\"https:\\\/\\\/newsinfoco.com.br\\\/inicio\\\/cop30-pode-mudar-de-local-apos-paises-reclamarem-de-precos-abusivos-em-hoteis-de-belem\\\/#breadcrumblist\"},\"author\":{\"@id\":\"https:\\\/\\\/newsinfoco.com.br\\\/inicio\\\/author\\\/administrador\\\/#author\"},\"creator\":{\"@id\":\"https:\\\/\\\/newsinfoco.com.br\\\/inicio\\\/author\\\/administrador\\\/#author\"},\"image\":{\"@type\":\"ImageObject\",\"url\":\"https:\\\/\\\/newsinfoco.com.br\\\/inicio\\\/wp-content\\\/uploads\\\/2025\\\/08\\\/Leandro-de-Jesus-5.png\",\"@id\":\"https:\\\/\\\/newsinfoco.com.br\\\/inicio\\\/cop30-pode-mudar-de-local-apos-paises-reclamarem-de-precos-abusivos-em-hoteis-de-belem\\\/#mainImage\",\"width\":600,\"height\":420},\"primaryImageOfPage\":{\"@id\":\"https:\\\/\\\/newsinfoco.com.br\\\/inicio\\\/cop30-pode-mudar-de-local-apos-paises-reclamarem-de-precos-abusivos-em-hoteis-de-belem\\\/#mainImage\"},\"datePublished\":\"2025-08-01T14:40:52-03:00\",\"dateModified\":\"2025-08-01T14:40:52-03:00\"},{\"@type\":\"WebSite\",\"@id\":\"https:\\\/\\\/newsinfoco.com.br\\\/inicio\\\/#website\",\"url\":\"https:\\\/\\\/newsinfoco.com.br\\\/inicio\\\/\",\"name\":\"News In Foco - Editado por Caio Pimenta\",\"description\":\"O principal site de noticias de Alagoinhas e regi\\u00e3o\",\"inLanguage\":\"pt-BR\",\"publisher\":{\"@id\":\"https:\\\/\\\/newsinfoco.com.br\\\/inicio\\\/#organization\"}}]}\n\t\t<\/script>\n\t\t<!-- All in One SEO -->\n\n","aioseo_head_json":{"title":"COP30 pode mudar de local ap\u00f3s pa\u00edses reclamarem de pre\u00e7os abusivos em hot\u00e9is de Bel\u00e9m - News In Foco - Editado por Caio Pimenta","description":"O presidente da COP30, Andr\u00e9 Corr\u00eaa do Lago, afirmou na quinta-feira (31) que pa\u00edses t\u00eam pressionado o Brasil a transferir a sede da confer\u00eancia clim\u00e1tica da ONU de Bel\u00e9m (PA) para outra cidade, diante da cobran\u00e7a de pre\u00e7os considerados abusivos pela rede hoteleira local. O evento est\u00e1 previsto para novembro de 2025. A declara\u00e7\u00e3o foi","canonical_url":"https:\/\/newsinfoco.com.br\/inicio\/cop30-pode-mudar-de-local-apos-paises-reclamarem-de-precos-abusivos-em-hoteis-de-belem\/","robots":"max-image-preview:large","keywords":"","webmasterTools":{"miscellaneous":""},"schema":{"@context":"https:\/\/schema.org","@graph":[{"@type":"BlogPosting","@id":"https:\/\/newsinfoco.com.br\/inicio\/cop30-pode-mudar-de-local-apos-paises-reclamarem-de-precos-abusivos-em-hoteis-de-belem\/#blogposting","name":"COP30 pode mudar de local ap\u00f3s pa\u00edses reclamarem de pre\u00e7os abusivos em hot\u00e9is de Bel\u00e9m - News In Foco - Editado por Caio Pimenta","headline":"COP30 pode mudar de local ap\u00f3s pa\u00edses reclamarem de pre\u00e7os abusivos em hot\u00e9is de Bel\u00e9m","author":{"@id":"https:\/\/newsinfoco.com.br\/inicio\/author\/administrador\/#author"},"publisher":{"@id":"https:\/\/newsinfoco.com.br\/inicio\/#organization"},"image":{"@type":"ImageObject","url":"https:\/\/newsinfoco.com.br\/inicio\/wp-content\/uploads\/2025\/08\/Leandro-de-Jesus-5.png","width":600,"height":420},"datePublished":"2025-08-01T14:40:52-03:00","dateModified":"2025-08-01T14:40:52-03:00","inLanguage":"pt-BR","mainEntityOfPage":{"@id":"https:\/\/newsinfoco.com.br\/inicio\/cop30-pode-mudar-de-local-apos-paises-reclamarem-de-precos-abusivos-em-hoteis-de-belem\/#webpage"},"isPartOf":{"@id":"https:\/\/newsinfoco.com.br\/inicio\/cop30-pode-mudar-de-local-apos-paises-reclamarem-de-precos-abusivos-em-hoteis-de-belem\/#webpage"},"articleSection":"Brasil"},{"@type":"BreadcrumbList","@id":"https:\/\/newsinfoco.com.br\/inicio\/cop30-pode-mudar-de-local-apos-paises-reclamarem-de-precos-abusivos-em-hoteis-de-belem\/#breadcrumblist","itemListElement":[{"@type":"ListItem","@id":"https:\/\/newsinfoco.com.br\/inicio#listItem","position":1,"name":"In\u00edcio","item":"https:\/\/newsinfoco.com.br\/inicio","nextItem":{"@type":"ListItem","@id":"https:\/\/newsinfoco.com.br\/inicio\/category\/brasil\/#listItem","name":"Brasil"}},{"@type":"ListItem","@id":"https:\/\/newsinfoco.com.br\/inicio\/category\/brasil\/#listItem","position":2,"name":"Brasil","item":"https:\/\/newsinfoco.com.br\/inicio\/category\/brasil\/","nextItem":{"@type":"ListItem","@id":"https:\/\/newsinfoco.com.br\/inicio\/cop30-pode-mudar-de-local-apos-paises-reclamarem-de-precos-abusivos-em-hoteis-de-belem\/#listItem","name":"COP30 pode mudar de local ap\u00f3s pa\u00edses reclamarem de pre\u00e7os abusivos em hot\u00e9is de Bel\u00e9m"},"previousItem":{"@type":"ListItem","@id":"https:\/\/newsinfoco.com.br\/inicio#listItem","name":"In\u00edcio"}},{"@type":"ListItem","@id":"https:\/\/newsinfoco.com.br\/inicio\/cop30-pode-mudar-de-local-apos-paises-reclamarem-de-precos-abusivos-em-hoteis-de-belem\/#listItem","position":3,"name":"COP30 pode mudar de local ap\u00f3s pa\u00edses reclamarem de pre\u00e7os abusivos em hot\u00e9is de Bel\u00e9m","previousItem":{"@type":"ListItem","@id":"https:\/\/newsinfoco.com.br\/inicio\/category\/brasil\/#listItem","name":"Brasil"}}]},{"@type":"Organization","@id":"https:\/\/newsinfoco.com.br\/inicio\/#organization","name":"News In Foco - Editado por Caio Pimenta","description":"O principal site de noticias de Alagoinhas e regi\u00e3o","url":"https:\/\/newsinfoco.com.br\/inicio\/"},{"@type":"Person","@id":"https:\/\/newsinfoco.com.br\/inicio\/author\/administrador\/#author","url":"https:\/\/newsinfoco.com.br\/inicio\/author\/administrador\/","name":"administrador","image":{"@type":"ImageObject","@id":"https:\/\/newsinfoco.com.br\/inicio\/cop30-pode-mudar-de-local-apos-paises-reclamarem-de-precos-abusivos-em-hoteis-de-belem\/#authorImage","url":"https:\/\/secure.gravatar.com\/avatar\/c17a617433de8c1dc9584bb79aab7563b46f5bb7e1728c9b17d9cc3ce6a08e49?s=96&d=mm&r=g","width":96,"height":96,"caption":"administrador"}},{"@type":"WebPage","@id":"https:\/\/newsinfoco.com.br\/inicio\/cop30-pode-mudar-de-local-apos-paises-reclamarem-de-precos-abusivos-em-hoteis-de-belem\/#webpage","url":"https:\/\/newsinfoco.com.br\/inicio\/cop30-pode-mudar-de-local-apos-paises-reclamarem-de-precos-abusivos-em-hoteis-de-belem\/","name":"COP30 pode mudar de local ap\u00f3s pa\u00edses reclamarem de pre\u00e7os abusivos em hot\u00e9is de Bel\u00e9m - News In Foco - Editado por Caio Pimenta","description":"O presidente da COP30, Andr\u00e9 Corr\u00eaa do Lago, afirmou na quinta-feira (31) que pa\u00edses t\u00eam pressionado o Brasil a transferir a sede da confer\u00eancia clim\u00e1tica da ONU de Bel\u00e9m (PA) para outra cidade, diante da cobran\u00e7a de pre\u00e7os considerados abusivos pela rede hoteleira local. O evento est\u00e1 previsto para novembro de 2025. A declara\u00e7\u00e3o foi","inLanguage":"pt-BR","isPartOf":{"@id":"https:\/\/newsinfoco.com.br\/inicio\/#website"},"breadcrumb":{"@id":"https:\/\/newsinfoco.com.br\/inicio\/cop30-pode-mudar-de-local-apos-paises-reclamarem-de-precos-abusivos-em-hoteis-de-belem\/#breadcrumblist"},"author":{"@id":"https:\/\/newsinfoco.com.br\/inicio\/author\/administrador\/#author"},"creator":{"@id":"https:\/\/newsinfoco.com.br\/inicio\/author\/administrador\/#author"},"image":{"@type":"ImageObject","url":"https:\/\/newsinfoco.com.br\/inicio\/wp-content\/uploads\/2025\/08\/Leandro-de-Jesus-5.png","@id":"https:\/\/newsinfoco.com.br\/inicio\/cop30-pode-mudar-de-local-apos-paises-reclamarem-de-precos-abusivos-em-hoteis-de-belem\/#mainImage","width":600,"height":420},"primaryImageOfPage":{"@id":"https:\/\/newsinfoco.com.br\/inicio\/cop30-pode-mudar-de-local-apos-paises-reclamarem-de-precos-abusivos-em-hoteis-de-belem\/#mainImage"},"datePublished":"2025-08-01T14:40:52-03:00","dateModified":"2025-08-01T14:40:52-03:00"},{"@type":"WebSite","@id":"https:\/\/newsinfoco.com.br\/inicio\/#website","url":"https:\/\/newsinfoco.com.br\/inicio\/","name":"News In Foco - Editado por Caio Pimenta","description":"O principal site de noticias de Alagoinhas e regi\u00e3o","inLanguage":"pt-BR","publisher":{"@id":"https:\/\/newsinfoco.com.br\/inicio\/#organization"}}]},"og:locale":"pt_BR","og:site_name":"News In Foco - Editado por Caio Pimenta - O principal site de noticias de Alagoinhas e regi\u00e3o","og:type":"article","og:title":"COP30 pode mudar de local ap\u00f3s pa\u00edses reclamarem de pre\u00e7os abusivos em hot\u00e9is de Bel\u00e9m - News In Foco - Editado por Caio Pimenta","og:description":"O presidente da COP30, Andr\u00e9 Corr\u00eaa do Lago, afirmou na quinta-feira (31) que pa\u00edses t\u00eam pressionado o Brasil a transferir a sede da confer\u00eancia clim\u00e1tica da ONU de Bel\u00e9m (PA) para outra cidade, diante da cobran\u00e7a de pre\u00e7os considerados abusivos pela rede hoteleira local. O evento est\u00e1 previsto para novembro de 2025. A declara\u00e7\u00e3o foi","og:url":"https:\/\/newsinfoco.com.br\/inicio\/cop30-pode-mudar-de-local-apos-paises-reclamarem-de-precos-abusivos-em-hoteis-de-belem\/","article:published_time":"2025-08-01T17:40:52+00:00","article:modified_time":"2025-08-01T17:40:52+00:00","twitter:card":"summary_large_image","twitter:title":"COP30 pode mudar de local ap\u00f3s pa\u00edses reclamarem de pre\u00e7os abusivos em hot\u00e9is de Bel\u00e9m - News In Foco - Editado por Caio Pimenta","twitter:description":"O presidente da COP30, Andr\u00e9 Corr\u00eaa do Lago, afirmou na quinta-feira (31) que pa\u00edses t\u00eam pressionado o Brasil a transferir a sede da confer\u00eancia clim\u00e1tica da ONU de Bel\u00e9m (PA) para outra cidade, diante da cobran\u00e7a de pre\u00e7os considerados abusivos pela rede hoteleira local. O evento est\u00e1 previsto para novembro de 2025. A declara\u00e7\u00e3o foi"},"aioseo_meta_data":{"post_id":"43850","title":null,"description":null,"keywords":null,"keyphrases":{"focus":{"keyphrase":"","score":0,"analysis":{"keyphraseInTitle":{"score":0,"maxScore":9,"error":1}}},"additional":[]},"primary_term":null,"canonical_url":null,"og_title":null,"og_description":null,"og_object_type":"default","og_image_type":"default","og_image_url":null,"og_image_width":null,"og_image_height":null,"og_image_custom_url":null,"og_image_custom_fields":null,"og_video":"","og_custom_url":null,"og_article_section":null,"og_article_tags":null,"twitter_use_og":false,"twitter_card":"default","twitter_image_type":"default","twitter_image_url":null,"twitter_image_custom_url":null,"twitter_image_custom_fields":null,"twitter_title":null,"twitter_description":null,"schema":{"blockGraphs":[],"customGraphs":[],"default":{"data":{"Article":[],"Course":[],"Dataset":[],"FAQPage":[],"Movie":[],"Person":[],"Product":[],"ProductReview":[],"Car":[],"Recipe":[],"Service":[],"SoftwareApplication":[],"WebPage":[]},"graphName":"BlogPosting","isEnabled":true},"graphs":[]},"schema_type":"default","schema_type_options":null,"pillar_content":false,"robots_default":true,"robots_noindex":false,"robots_noarchive":false,"robots_nosnippet":false,"robots_nofollow":false,"robots_noimageindex":false,"robots_noodp":false,"robots_notranslate":false,"robots_max_snippet":"-1","robots_max_videopreview":"-1","robots_max_imagepreview":"large","priority":null,"frequency":"default","local_seo":null,"breadcrumb_settings":null,"limit_modified_date":false,"ai":{"faqs":[],"keyPoints":[],"titles":[],"descriptions":[],"socialPosts":{"email":[],"linkedin":[],"twitter":[],"facebook":[],"instagram":[]}},"created":"2025-08-01 17:40:52","updated":"2025-08-01 17:48:46","seo_analyzer_scan_date":null},"aioseo_breadcrumb":"<div class=\"aioseo-breadcrumbs\"><span class=\"aioseo-breadcrumb\">\n\t\t\t<a href=\"https:\/\/newsinfoco.com.br\/inicio\" title=\"In\u00edcio\">In\u00edcio<\/a>\n\t\t<\/span><span class=\"aioseo-breadcrumb-separator\">&raquo;<\/span><span class=\"aioseo-breadcrumb\">\n\t\t\t<a href=\"https:\/\/newsinfoco.com.br\/inicio\/category\/brasil\/\" title=\"Brasil\">Brasil<\/a>\n\t\t<\/span><span class=\"aioseo-breadcrumb-separator\">&raquo;<\/span><span class=\"aioseo-breadcrumb\">\n\t\t\tCOP30 pode mudar de local ap\u00f3s pa\u00edses reclamarem de pre\u00e7os abusivos em hot\u00e9is de Bel\u00e9m\n\t\t<\/span><\/div>","aioseo_breadcrumb_json":[{"label":"In\u00edcio","link":"https:\/\/newsinfoco.com.br\/inicio"},{"label":"Brasil","link":"https:\/\/newsinfoco.com.br\/inicio\/category\/brasil\/"},{"label":"COP30 pode mudar de local ap\u00f3s pa\u00edses reclamarem de pre\u00e7os abusivos em hot\u00e9is de Bel\u00e9m","link":"https:\/\/newsinfoco.com.br\/inicio\/cop30-pode-mudar-de-local-apos-paises-reclamarem-de-precos-abusivos-em-hoteis-de-belem\/"}],"_links":{"self":[{"href":"https:\/\/newsinfoco.com.br\/inicio\/wp-json\/wp\/v2\/posts\/43850","targetHints":{"allow":["GET"]}}],"collection":[{"href":"https:\/\/newsinfoco.com.br\/inicio\/wp-json\/wp\/v2\/posts"}],"about":[{"href":"https:\/\/newsinfoco.com.br\/inicio\/wp-json\/wp\/v2\/types\/post"}],"author":[{"embeddable":true,"href":"https:\/\/newsinfoco.com.br\/inicio\/wp-json\/wp\/v2\/users\/1"}],"replies":[{"embeddable":true,"href":"https:\/\/newsinfoco.com.br\/inicio\/wp-json\/wp\/v2\/comments?post=43850"}],"version-history":[{"count":1,"href":"https:\/\/newsinfoco.com.br\/inicio\/wp-json\/wp\/v2\/posts\/43850\/revisions"}],"predecessor-version":[{"id":43852,"href":"https:\/\/newsinfoco.com.br\/inicio\/wp-json\/wp\/v2\/posts\/43850\/revisions\/43852"}],"wp:featuredmedia":[{"embeddable":true,"href":"https:\/\/newsinfoco.com.br\/inicio\/wp-json\/wp\/v2\/media\/43851"}],"wp:attachment":[{"href":"https:\/\/newsinfoco.com.br\/inicio\/wp-json\/wp\/v2\/media?parent=43850"}],"wp:term":[{"taxonomy":"category","embeddable":true,"href":"https:\/\/newsinfoco.com.br\/inicio\/wp-json\/wp\/v2\/categories?post=43850"},{"taxonomy":"post_tag","embeddable":true,"href":"https:\/\/newsinfoco.com.br\/inicio\/wp-json\/wp\/v2\/tags?post=43850"}],"curies":[{"name":"wp","href":"https:\/\/api.w.org\/{rel}","templated":true}]}}