{"id":43859,"date":"2025-08-01T15:16:44","date_gmt":"2025-08-01T18:16:44","guid":{"rendered":"https:\/\/newsinfoco.com.br\/inicio\/?p=43859"},"modified":"2025-08-01T15:16:44","modified_gmt":"2025-08-01T18:16:44","slug":"apos-recesso-stf-retoma-sessoes-nesta-sexta-feira-e-fara-defesa-de-moraes","status":"publish","type":"post","link":"https:\/\/newsinfoco.com.br\/inicio\/apos-recesso-stf-retoma-sessoes-nesta-sexta-feira-e-fara-defesa-de-moraes\/","title":{"rendered":"Ap\u00f3s recesso, STF retoma sess\u00f5es nesta sexta-feira e far\u00e1 defesa de Moraes"},"content":{"rendered":"<p>Ap\u00f3s o recesso de julho, o Supremo Tribunal Federal (STF) retoma as sess\u00f5es do plen\u00e1rio, nesta sexta-feira (1\u00b0), \u00e0s 10h. O rein\u00edcio dos trabalhos dever\u00e1 ser marcado pelo primeiro pronunciamento conjunto dos ministros em defesa ao membro da Corte, Alexandre de Moraes.<\/p>\n<p>Moraes sofreu san\u00e7\u00f5es econ\u00f4micas impostas pelo governo do presidente dos Estados Unidos, Donald Trump, com base na Lei Magnitisky, ap\u00f3s abrir um inqu\u00e9rito para investigar o deputado federal Eduardo Bolsonaro (PL-SP), filho do ex-presidente, pela atua\u00e7\u00e3o junto ao l\u00edder norte-americano para promover medidas de retalia\u00e7\u00e3o contra o governo brasileiro e ministros do Supremo e tentar barrar o andamento da a\u00e7\u00e3o penal sobre a trama golpista.<\/p>\n<p>A Lei Magnitisky prev\u00ea a aplica\u00e7\u00e3o de restri\u00e7\u00f5es para quem \u00e9 considerado violador de direitos humanos. Dentre as puni\u00e7\u00f5es, bloqueia as contas banc\u00e1rias, ativos e aplica\u00e7\u00f5es financeiras nos EUA, a proibi\u00e7\u00e3o de transa\u00e7\u00f5es de empresas americanas com as pessoas sancionadas, al\u00e9m do impedimento de entrada no pa\u00eds<\/p>\n<p>No entanto, a aplica\u00e7\u00e3o de san\u00e7\u00f5es financeiras contra Alexandre de Moraes n\u00e3o deve ter o impacto esperado por Trump e os aliados do ex-presidente Jair Bolsonaro. O ministro n\u00e3o tem bens e nem contas em bancos sediados no pa\u00eds norte-americano, al\u00e9m de n\u00e3o ter o costume de viajar para a terra do Tio Sam.<\/p>\n<div>\n<div>\n<div class=\"trv-player-container\">\n<div class=\"trv-wrapper\">\n<div id=\"br_video_player_7643e4d0eae0b6a8756f5c53236e7f9dc3c659f9\" class=\"trvd_video_player trvdfloater trv-right\">\n<div class=\"conteudo_post\">\n<p>Al\u00e9m do pr\u00f3prio Moraes, o presidente da Corte, Lu\u00eds Roberto Barroso, e o decano, Gilmar Mendes devem se pronunciar.<\/p>\n<p>Tamb\u00e9m h\u00e1 expectativa sobre o posicionamento dos ministros Nunes Marques, Andr\u00e9 Mendon\u00e7a e Luiz Fux. No in\u00edcio deste m\u00eas, eles escaparam da primeira san\u00e7\u00e3o aplicada pelo governo Trump, que determinou a suspens\u00e3o dos vistos dos ministros do STF, e n\u00e3o demonstraram publicamente solidariedade aos colegas.<\/p>\n<\/div>\n<div id=\"div-share\">Bahia.Ba<\/div>\n<\/div>\n<\/div>\n<\/div>\n<\/div>\n<\/div>\n<div class='share-to-whatsapp-wrapper'><div class='share-on-whsp'>Share on: <\/div><a data-text='Ap\u00f3s recesso, STF retoma sess\u00f5es nesta sexta-feira e far\u00e1 defesa de Moraes' data-link='https:\/\/newsinfoco.com.br\/inicio\/apos-recesso-stf-retoma-sessoes-nesta-sexta-feira-e-fara-defesa-de-moraes\/' class='whatsapp-button whatsapp-share'>WhatsApp<\/a><div class='clear '><\/div><\/div>","protected":false},"excerpt":{"rendered":"<p>Ap\u00f3s o recesso de julho, o Supremo Tribunal Federal (STF) retoma as sess\u00f5es do plen\u00e1rio, nesta sexta-feira (1\u00b0), \u00e0s 10h. O rein\u00edcio dos trabalhos dever\u00e1 ser marcado pelo primeiro pronunciamento conjunto dos ministros em defesa ao membro da Corte, Alexandre de Moraes. Moraes sofreu san\u00e7\u00f5es econ\u00f4micas impostas pelo governo do presidente dos Estados Unidos, Donald [&hellip;]<\/p>\n","protected":false},"author":1,"featured_media":43860,"comment_status":"closed","ping_status":"closed","sticky":false,"template":"","format":"standard","meta":{"om_disable_all_campaigns":false,"rop_custom_images_group":[],"rop_custom_messages_group":[],"rop_publish_now":"initial","rop_publish_now_accounts":[],"rop_publish_now_history":[],"rop_publish_now_status":"pending","_exactmetrics_skip_tracking":false,"footnotes":""},"categories":[21],"tags":[],"class_list":["post-43859","post","type-post","status-publish","format-standard","has-post-thumbnail","hentry","category-brasil"],"aioseo_notices":[],"aioseo_head":"\n\t\t<!-- All in One SEO 4.9.10 - aioseo.com -->\n\t<meta name=\"description\" content=\"Ap\u00f3s o recesso de julho, o Supremo Tribunal Federal (STF) retoma as sess\u00f5es do plen\u00e1rio, nesta sexta-feira (1\u00b0), \u00e0s 10h. O rein\u00edcio dos trabalhos dever\u00e1 ser marcado pelo primeiro pronunciamento conjunto dos ministros em defesa ao membro da Corte, Alexandre de Moraes. Moraes sofreu san\u00e7\u00f5es econ\u00f4micas impostas pelo governo do presidente dos Estados Unidos, Donald\" \/>\n\t<meta name=\"robots\" content=\"max-image-preview:large\" \/>\n\t<meta name=\"author\" content=\"administrador\"\/>\n\t<link rel=\"canonical\" href=\"https:\/\/newsinfoco.com.br\/inicio\/apos-recesso-stf-retoma-sessoes-nesta-sexta-feira-e-fara-defesa-de-moraes\/\" \/>\n\t<meta name=\"generator\" content=\"All in One SEO (AIOSEO) 4.9.10\" \/>\n\t\t<meta property=\"og:locale\" content=\"pt_BR\" \/>\n\t\t<meta property=\"og:site_name\" content=\"News In Foco - Editado por Caio Pimenta - O principal site de noticias de Alagoinhas e regi\u00e3o\" \/>\n\t\t<meta property=\"og:type\" content=\"article\" \/>\n\t\t<meta property=\"og:title\" content=\"Ap\u00f3s recesso, STF retoma sess\u00f5es nesta sexta-feira e far\u00e1 defesa de Moraes - News In Foco - Editado por Caio Pimenta\" \/>\n\t\t<meta property=\"og:description\" content=\"Ap\u00f3s o recesso de julho, o Supremo Tribunal Federal (STF) retoma as sess\u00f5es do plen\u00e1rio, nesta sexta-feira (1\u00b0), \u00e0s 10h. O rein\u00edcio dos trabalhos dever\u00e1 ser marcado pelo primeiro pronunciamento conjunto dos ministros em defesa ao membro da Corte, Alexandre de Moraes. Moraes sofreu san\u00e7\u00f5es econ\u00f4micas impostas pelo governo do presidente dos Estados Unidos, Donald\" \/>\n\t\t<meta property=\"og:url\" content=\"https:\/\/newsinfoco.com.br\/inicio\/apos-recesso-stf-retoma-sessoes-nesta-sexta-feira-e-fara-defesa-de-moraes\/\" \/>\n\t\t<meta property=\"article:published_time\" content=\"2025-08-01T18:16:44+00:00\" \/>\n\t\t<meta property=\"article:modified_time\" content=\"2025-08-01T18:16:44+00:00\" \/>\n\t\t<meta name=\"twitter:card\" content=\"summary_large_image\" \/>\n\t\t<meta name=\"twitter:title\" content=\"Ap\u00f3s recesso, STF retoma sess\u00f5es nesta sexta-feira e far\u00e1 defesa de Moraes - News In Foco - Editado por Caio Pimenta\" \/>\n\t\t<meta name=\"twitter:description\" content=\"Ap\u00f3s o recesso de julho, o Supremo Tribunal Federal (STF) retoma as sess\u00f5es do plen\u00e1rio, nesta sexta-feira (1\u00b0), \u00e0s 10h. O rein\u00edcio dos trabalhos dever\u00e1 ser marcado pelo primeiro pronunciamento conjunto dos ministros em defesa ao membro da Corte, Alexandre de Moraes. Moraes sofreu san\u00e7\u00f5es econ\u00f4micas impostas pelo governo do presidente dos Estados Unidos, Donald\" \/>\n\t\t<script type=\"application\/ld+json\" class=\"aioseo-schema\">\n\t\t\t{\"@context\":\"https:\\\/\\\/schema.org\",\"@graph\":[{\"@type\":\"BlogPosting\",\"@id\":\"https:\\\/\\\/newsinfoco.com.br\\\/inicio\\\/apos-recesso-stf-retoma-sessoes-nesta-sexta-feira-e-fara-defesa-de-moraes\\\/#blogposting\",\"name\":\"Ap\\u00f3s recesso, STF retoma sess\\u00f5es nesta sexta-feira e far\\u00e1 defesa de Moraes - News In Foco - Editado por Caio Pimenta\",\"headline\":\"Ap\\u00f3s recesso, STF retoma sess\\u00f5es nesta sexta-feira e far\\u00e1 defesa de Moraes\",\"author\":{\"@id\":\"https:\\\/\\\/newsinfoco.com.br\\\/inicio\\\/author\\\/administrador\\\/#author\"},\"publisher\":{\"@id\":\"https:\\\/\\\/newsinfoco.com.br\\\/inicio\\\/#organization\"},\"image\":{\"@type\":\"ImageObject\",\"url\":\"https:\\\/\\\/newsinfoco.com.br\\\/inicio\\\/wp-content\\\/uploads\\\/2025\\\/08\\\/Alexandre-de-Moraes-Antonio-Augusto-STF.jpg\",\"width\":600,\"height\":420},\"datePublished\":\"2025-08-01T15:16:44-03:00\",\"dateModified\":\"2025-08-01T15:16:44-03:00\",\"inLanguage\":\"pt-BR\",\"mainEntityOfPage\":{\"@id\":\"https:\\\/\\\/newsinfoco.com.br\\\/inicio\\\/apos-recesso-stf-retoma-sessoes-nesta-sexta-feira-e-fara-defesa-de-moraes\\\/#webpage\"},\"isPartOf\":{\"@id\":\"https:\\\/\\\/newsinfoco.com.br\\\/inicio\\\/apos-recesso-stf-retoma-sessoes-nesta-sexta-feira-e-fara-defesa-de-moraes\\\/#webpage\"},\"articleSection\":\"Brasil\"},{\"@type\":\"BreadcrumbList\",\"@id\":\"https:\\\/\\\/newsinfoco.com.br\\\/inicio\\\/apos-recesso-stf-retoma-sessoes-nesta-sexta-feira-e-fara-defesa-de-moraes\\\/#breadcrumblist\",\"itemListElement\":[{\"@type\":\"ListItem\",\"@id\":\"https:\\\/\\\/newsinfoco.com.br\\\/inicio#listItem\",\"position\":1,\"name\":\"In\\u00edcio\",\"item\":\"https:\\\/\\\/newsinfoco.com.br\\\/inicio\",\"nextItem\":{\"@type\":\"ListItem\",\"@id\":\"https:\\\/\\\/newsinfoco.com.br\\\/inicio\\\/category\\\/brasil\\\/#listItem\",\"name\":\"Brasil\"}},{\"@type\":\"ListItem\",\"@id\":\"https:\\\/\\\/newsinfoco.com.br\\\/inicio\\\/category\\\/brasil\\\/#listItem\",\"position\":2,\"name\":\"Brasil\",\"item\":\"https:\\\/\\\/newsinfoco.com.br\\\/inicio\\\/category\\\/brasil\\\/\",\"nextItem\":{\"@type\":\"ListItem\",\"@id\":\"https:\\\/\\\/newsinfoco.com.br\\\/inicio\\\/apos-recesso-stf-retoma-sessoes-nesta-sexta-feira-e-fara-defesa-de-moraes\\\/#listItem\",\"name\":\"Ap\\u00f3s recesso, STF retoma sess\\u00f5es nesta sexta-feira e far\\u00e1 defesa de Moraes\"},\"previousItem\":{\"@type\":\"ListItem\",\"@id\":\"https:\\\/\\\/newsinfoco.com.br\\\/inicio#listItem\",\"name\":\"In\\u00edcio\"}},{\"@type\":\"ListItem\",\"@id\":\"https:\\\/\\\/newsinfoco.com.br\\\/inicio\\\/apos-recesso-stf-retoma-sessoes-nesta-sexta-feira-e-fara-defesa-de-moraes\\\/#listItem\",\"position\":3,\"name\":\"Ap\\u00f3s recesso, STF retoma sess\\u00f5es nesta sexta-feira e far\\u00e1 defesa de Moraes\",\"previousItem\":{\"@type\":\"ListItem\",\"@id\":\"https:\\\/\\\/newsinfoco.com.br\\\/inicio\\\/category\\\/brasil\\\/#listItem\",\"name\":\"Brasil\"}}]},{\"@type\":\"Organization\",\"@id\":\"https:\\\/\\\/newsinfoco.com.br\\\/inicio\\\/#organization\",\"name\":\"News In Foco - Editado por Caio Pimenta\",\"description\":\"O principal site de noticias de Alagoinhas e regi\\u00e3o\",\"url\":\"https:\\\/\\\/newsinfoco.com.br\\\/inicio\\\/\"},{\"@type\":\"Person\",\"@id\":\"https:\\\/\\\/newsinfoco.com.br\\\/inicio\\\/author\\\/administrador\\\/#author\",\"url\":\"https:\\\/\\\/newsinfoco.com.br\\\/inicio\\\/author\\\/administrador\\\/\",\"name\":\"administrador\",\"image\":{\"@type\":\"ImageObject\",\"@id\":\"https:\\\/\\\/newsinfoco.com.br\\\/inicio\\\/apos-recesso-stf-retoma-sessoes-nesta-sexta-feira-e-fara-defesa-de-moraes\\\/#authorImage\",\"url\":\"https:\\\/\\\/secure.gravatar.com\\\/avatar\\\/c17a617433de8c1dc9584bb79aab7563b46f5bb7e1728c9b17d9cc3ce6a08e49?s=96&d=mm&r=g\",\"width\":96,\"height\":96,\"caption\":\"administrador\"}},{\"@type\":\"WebPage\",\"@id\":\"https:\\\/\\\/newsinfoco.com.br\\\/inicio\\\/apos-recesso-stf-retoma-sessoes-nesta-sexta-feira-e-fara-defesa-de-moraes\\\/#webpage\",\"url\":\"https:\\\/\\\/newsinfoco.com.br\\\/inicio\\\/apos-recesso-stf-retoma-sessoes-nesta-sexta-feira-e-fara-defesa-de-moraes\\\/\",\"name\":\"Ap\\u00f3s recesso, STF retoma sess\\u00f5es nesta sexta-feira e far\\u00e1 defesa de Moraes - News In Foco - Editado por Caio Pimenta\",\"description\":\"Ap\\u00f3s o recesso de julho, o Supremo Tribunal Federal (STF) retoma as sess\\u00f5es do plen\\u00e1rio, nesta sexta-feira (1\\u00b0), \\u00e0s 10h. O rein\\u00edcio dos trabalhos dever\\u00e1 ser marcado pelo primeiro pronunciamento conjunto dos ministros em defesa ao membro da Corte, Alexandre de Moraes. Moraes sofreu san\\u00e7\\u00f5es econ\\u00f4micas impostas pelo governo do presidente dos Estados Unidos, Donald\",\"inLanguage\":\"pt-BR\",\"isPartOf\":{\"@id\":\"https:\\\/\\\/newsinfoco.com.br\\\/inicio\\\/#website\"},\"breadcrumb\":{\"@id\":\"https:\\\/\\\/newsinfoco.com.br\\\/inicio\\\/apos-recesso-stf-retoma-sessoes-nesta-sexta-feira-e-fara-defesa-de-moraes\\\/#breadcrumblist\"},\"author\":{\"@id\":\"https:\\\/\\\/newsinfoco.com.br\\\/inicio\\\/author\\\/administrador\\\/#author\"},\"creator\":{\"@id\":\"https:\\\/\\\/newsinfoco.com.br\\\/inicio\\\/author\\\/administrador\\\/#author\"},\"image\":{\"@type\":\"ImageObject\",\"url\":\"https:\\\/\\\/newsinfoco.com.br\\\/inicio\\\/wp-content\\\/uploads\\\/2025\\\/08\\\/Alexandre-de-Moraes-Antonio-Augusto-STF.jpg\",\"@id\":\"https:\\\/\\\/newsinfoco.com.br\\\/inicio\\\/apos-recesso-stf-retoma-sessoes-nesta-sexta-feira-e-fara-defesa-de-moraes\\\/#mainImage\",\"width\":600,\"height\":420},\"primaryImageOfPage\":{\"@id\":\"https:\\\/\\\/newsinfoco.com.br\\\/inicio\\\/apos-recesso-stf-retoma-sessoes-nesta-sexta-feira-e-fara-defesa-de-moraes\\\/#mainImage\"},\"datePublished\":\"2025-08-01T15:16:44-03:00\",\"dateModified\":\"2025-08-01T15:16:44-03:00\"},{\"@type\":\"WebSite\",\"@id\":\"https:\\\/\\\/newsinfoco.com.br\\\/inicio\\\/#website\",\"url\":\"https:\\\/\\\/newsinfoco.com.br\\\/inicio\\\/\",\"name\":\"News In Foco - Editado por Caio Pimenta\",\"description\":\"O principal site de noticias de Alagoinhas e regi\\u00e3o\",\"inLanguage\":\"pt-BR\",\"publisher\":{\"@id\":\"https:\\\/\\\/newsinfoco.com.br\\\/inicio\\\/#organization\"}}]}\n\t\t<\/script>\n\t\t<!-- All in One SEO -->\n\n","aioseo_head_json":{"title":"Ap\u00f3s recesso, STF retoma sess\u00f5es nesta sexta-feira e far\u00e1 defesa de Moraes - News In Foco - Editado por Caio Pimenta","description":"Ap\u00f3s o recesso de julho, o Supremo Tribunal Federal (STF) retoma as sess\u00f5es do plen\u00e1rio, nesta sexta-feira (1\u00b0), \u00e0s 10h. O rein\u00edcio dos trabalhos dever\u00e1 ser marcado pelo primeiro pronunciamento conjunto dos ministros em defesa ao membro da Corte, Alexandre de Moraes. Moraes sofreu san\u00e7\u00f5es econ\u00f4micas impostas pelo governo do presidente dos Estados Unidos, Donald","canonical_url":"https:\/\/newsinfoco.com.br\/inicio\/apos-recesso-stf-retoma-sessoes-nesta-sexta-feira-e-fara-defesa-de-moraes\/","robots":"max-image-preview:large","keywords":"","webmasterTools":{"miscellaneous":""},"schema":{"@context":"https:\/\/schema.org","@graph":[{"@type":"BlogPosting","@id":"https:\/\/newsinfoco.com.br\/inicio\/apos-recesso-stf-retoma-sessoes-nesta-sexta-feira-e-fara-defesa-de-moraes\/#blogposting","name":"Ap\u00f3s recesso, STF retoma sess\u00f5es nesta sexta-feira e far\u00e1 defesa de Moraes - News In Foco - Editado por Caio Pimenta","headline":"Ap\u00f3s recesso, STF retoma sess\u00f5es nesta sexta-feira e far\u00e1 defesa de Moraes","author":{"@id":"https:\/\/newsinfoco.com.br\/inicio\/author\/administrador\/#author"},"publisher":{"@id":"https:\/\/newsinfoco.com.br\/inicio\/#organization"},"image":{"@type":"ImageObject","url":"https:\/\/newsinfoco.com.br\/inicio\/wp-content\/uploads\/2025\/08\/Alexandre-de-Moraes-Antonio-Augusto-STF.jpg","width":600,"height":420},"datePublished":"2025-08-01T15:16:44-03:00","dateModified":"2025-08-01T15:16:44-03:00","inLanguage":"pt-BR","mainEntityOfPage":{"@id":"https:\/\/newsinfoco.com.br\/inicio\/apos-recesso-stf-retoma-sessoes-nesta-sexta-feira-e-fara-defesa-de-moraes\/#webpage"},"isPartOf":{"@id":"https:\/\/newsinfoco.com.br\/inicio\/apos-recesso-stf-retoma-sessoes-nesta-sexta-feira-e-fara-defesa-de-moraes\/#webpage"},"articleSection":"Brasil"},{"@type":"BreadcrumbList","@id":"https:\/\/newsinfoco.com.br\/inicio\/apos-recesso-stf-retoma-sessoes-nesta-sexta-feira-e-fara-defesa-de-moraes\/#breadcrumblist","itemListElement":[{"@type":"ListItem","@id":"https:\/\/newsinfoco.com.br\/inicio#listItem","position":1,"name":"In\u00edcio","item":"https:\/\/newsinfoco.com.br\/inicio","nextItem":{"@type":"ListItem","@id":"https:\/\/newsinfoco.com.br\/inicio\/category\/brasil\/#listItem","name":"Brasil"}},{"@type":"ListItem","@id":"https:\/\/newsinfoco.com.br\/inicio\/category\/brasil\/#listItem","position":2,"name":"Brasil","item":"https:\/\/newsinfoco.com.br\/inicio\/category\/brasil\/","nextItem":{"@type":"ListItem","@id":"https:\/\/newsinfoco.com.br\/inicio\/apos-recesso-stf-retoma-sessoes-nesta-sexta-feira-e-fara-defesa-de-moraes\/#listItem","name":"Ap\u00f3s recesso, STF retoma sess\u00f5es nesta sexta-feira e far\u00e1 defesa de Moraes"},"previousItem":{"@type":"ListItem","@id":"https:\/\/newsinfoco.com.br\/inicio#listItem","name":"In\u00edcio"}},{"@type":"ListItem","@id":"https:\/\/newsinfoco.com.br\/inicio\/apos-recesso-stf-retoma-sessoes-nesta-sexta-feira-e-fara-defesa-de-moraes\/#listItem","position":3,"name":"Ap\u00f3s recesso, STF retoma sess\u00f5es nesta sexta-feira e far\u00e1 defesa de Moraes","previousItem":{"@type":"ListItem","@id":"https:\/\/newsinfoco.com.br\/inicio\/category\/brasil\/#listItem","name":"Brasil"}}]},{"@type":"Organization","@id":"https:\/\/newsinfoco.com.br\/inicio\/#organization","name":"News In Foco - Editado por Caio Pimenta","description":"O principal site de noticias de Alagoinhas e regi\u00e3o","url":"https:\/\/newsinfoco.com.br\/inicio\/"},{"@type":"Person","@id":"https:\/\/newsinfoco.com.br\/inicio\/author\/administrador\/#author","url":"https:\/\/newsinfoco.com.br\/inicio\/author\/administrador\/","name":"administrador","image":{"@type":"ImageObject","@id":"https:\/\/newsinfoco.com.br\/inicio\/apos-recesso-stf-retoma-sessoes-nesta-sexta-feira-e-fara-defesa-de-moraes\/#authorImage","url":"https:\/\/secure.gravatar.com\/avatar\/c17a617433de8c1dc9584bb79aab7563b46f5bb7e1728c9b17d9cc3ce6a08e49?s=96&d=mm&r=g","width":96,"height":96,"caption":"administrador"}},{"@type":"WebPage","@id":"https:\/\/newsinfoco.com.br\/inicio\/apos-recesso-stf-retoma-sessoes-nesta-sexta-feira-e-fara-defesa-de-moraes\/#webpage","url":"https:\/\/newsinfoco.com.br\/inicio\/apos-recesso-stf-retoma-sessoes-nesta-sexta-feira-e-fara-defesa-de-moraes\/","name":"Ap\u00f3s recesso, STF retoma sess\u00f5es nesta sexta-feira e far\u00e1 defesa de Moraes - News In Foco - Editado por Caio Pimenta","description":"Ap\u00f3s o recesso de julho, o Supremo Tribunal Federal (STF) retoma as sess\u00f5es do plen\u00e1rio, nesta sexta-feira (1\u00b0), \u00e0s 10h. O rein\u00edcio dos trabalhos dever\u00e1 ser marcado pelo primeiro pronunciamento conjunto dos ministros em defesa ao membro da Corte, Alexandre de Moraes. Moraes sofreu san\u00e7\u00f5es econ\u00f4micas impostas pelo governo do presidente dos Estados Unidos, Donald","inLanguage":"pt-BR","isPartOf":{"@id":"https:\/\/newsinfoco.com.br\/inicio\/#website"},"breadcrumb":{"@id":"https:\/\/newsinfoco.com.br\/inicio\/apos-recesso-stf-retoma-sessoes-nesta-sexta-feira-e-fara-defesa-de-moraes\/#breadcrumblist"},"author":{"@id":"https:\/\/newsinfoco.com.br\/inicio\/author\/administrador\/#author"},"creator":{"@id":"https:\/\/newsinfoco.com.br\/inicio\/author\/administrador\/#author"},"image":{"@type":"ImageObject","url":"https:\/\/newsinfoco.com.br\/inicio\/wp-content\/uploads\/2025\/08\/Alexandre-de-Moraes-Antonio-Augusto-STF.jpg","@id":"https:\/\/newsinfoco.com.br\/inicio\/apos-recesso-stf-retoma-sessoes-nesta-sexta-feira-e-fara-defesa-de-moraes\/#mainImage","width":600,"height":420},"primaryImageOfPage":{"@id":"https:\/\/newsinfoco.com.br\/inicio\/apos-recesso-stf-retoma-sessoes-nesta-sexta-feira-e-fara-defesa-de-moraes\/#mainImage"},"datePublished":"2025-08-01T15:16:44-03:00","dateModified":"2025-08-01T15:16:44-03:00"},{"@type":"WebSite","@id":"https:\/\/newsinfoco.com.br\/inicio\/#website","url":"https:\/\/newsinfoco.com.br\/inicio\/","name":"News In Foco - Editado por Caio Pimenta","description":"O principal site de noticias de Alagoinhas e regi\u00e3o","inLanguage":"pt-BR","publisher":{"@id":"https:\/\/newsinfoco.com.br\/inicio\/#organization"}}]},"og:locale":"pt_BR","og:site_name":"News In Foco - Editado por Caio Pimenta - O principal site de noticias de Alagoinhas e regi\u00e3o","og:type":"article","og:title":"Ap\u00f3s recesso, STF retoma sess\u00f5es nesta sexta-feira e far\u00e1 defesa de Moraes - News In Foco - Editado por Caio Pimenta","og:description":"Ap\u00f3s o recesso de julho, o Supremo Tribunal Federal (STF) retoma as sess\u00f5es do plen\u00e1rio, nesta sexta-feira (1\u00b0), \u00e0s 10h. O rein\u00edcio dos trabalhos dever\u00e1 ser marcado pelo primeiro pronunciamento conjunto dos ministros em defesa ao membro da Corte, Alexandre de Moraes. Moraes sofreu san\u00e7\u00f5es econ\u00f4micas impostas pelo governo do presidente dos Estados Unidos, Donald","og:url":"https:\/\/newsinfoco.com.br\/inicio\/apos-recesso-stf-retoma-sessoes-nesta-sexta-feira-e-fara-defesa-de-moraes\/","article:published_time":"2025-08-01T18:16:44+00:00","article:modified_time":"2025-08-01T18:16:44+00:00","twitter:card":"summary_large_image","twitter:title":"Ap\u00f3s recesso, STF retoma sess\u00f5es nesta sexta-feira e far\u00e1 defesa de Moraes - News In Foco - Editado por Caio Pimenta","twitter:description":"Ap\u00f3s o recesso de julho, o Supremo Tribunal Federal (STF) retoma as sess\u00f5es do plen\u00e1rio, nesta sexta-feira (1\u00b0), \u00e0s 10h. O rein\u00edcio dos trabalhos dever\u00e1 ser marcado pelo primeiro pronunciamento conjunto dos ministros em defesa ao membro da Corte, Alexandre de Moraes. Moraes sofreu san\u00e7\u00f5es econ\u00f4micas impostas pelo governo do presidente dos Estados Unidos, Donald"},"aioseo_meta_data":{"post_id":"43859","title":null,"description":null,"keywords":null,"keyphrases":{"focus":{"keyphrase":"","score":0,"analysis":{"keyphraseInTitle":{"score":0,"maxScore":9,"error":1}}},"additional":[]},"primary_term":null,"canonical_url":null,"og_title":null,"og_description":null,"og_object_type":"default","og_image_type":"default","og_image_url":null,"og_image_width":null,"og_image_height":null,"og_image_custom_url":null,"og_image_custom_fields":null,"og_video":"","og_custom_url":null,"og_article_section":null,"og_article_tags":null,"twitter_use_og":false,"twitter_card":"default","twitter_image_type":"default","twitter_image_url":null,"twitter_image_custom_url":null,"twitter_image_custom_fields":null,"twitter_title":null,"twitter_description":null,"schema":{"blockGraphs":[],"customGraphs":[],"default":{"data":{"Article":[],"Course":[],"Dataset":[],"FAQPage":[],"Movie":[],"Person":[],"Product":[],"ProductReview":[],"Car":[],"Recipe":[],"Service":[],"SoftwareApplication":[],"WebPage":[]},"graphName":"BlogPosting","isEnabled":true},"graphs":[]},"schema_type":"default","schema_type_options":null,"pillar_content":false,"robots_default":true,"robots_noindex":false,"robots_noarchive":false,"robots_nosnippet":false,"robots_nofollow":false,"robots_noimageindex":false,"robots_noodp":false,"robots_notranslate":false,"robots_max_snippet":"-1","robots_max_videopreview":"-1","robots_max_imagepreview":"large","priority":null,"frequency":"default","local_seo":null,"breadcrumb_settings":null,"limit_modified_date":false,"ai":{"faqs":[],"keyPoints":[],"titles":[],"descriptions":[],"socialPosts":{"email":[],"linkedin":[],"twitter":[],"facebook":[],"instagram":[]}},"created":"2025-08-01 18:16:45","updated":"2025-08-01 18:20:45","seo_analyzer_scan_date":null},"aioseo_breadcrumb":"<div class=\"aioseo-breadcrumbs\"><span class=\"aioseo-breadcrumb\">\n\t\t\t<a href=\"https:\/\/newsinfoco.com.br\/inicio\" title=\"In\u00edcio\">In\u00edcio<\/a>\n\t\t<\/span><span class=\"aioseo-breadcrumb-separator\">&raquo;<\/span><span class=\"aioseo-breadcrumb\">\n\t\t\t<a href=\"https:\/\/newsinfoco.com.br\/inicio\/category\/brasil\/\" title=\"Brasil\">Brasil<\/a>\n\t\t<\/span><span class=\"aioseo-breadcrumb-separator\">&raquo;<\/span><span class=\"aioseo-breadcrumb\">\n\t\t\tAp\u00f3s recesso, STF retoma sess\u00f5es nesta sexta-feira e far\u00e1 defesa de Moraes\n\t\t<\/span><\/div>","aioseo_breadcrumb_json":[{"label":"In\u00edcio","link":"https:\/\/newsinfoco.com.br\/inicio"},{"label":"Brasil","link":"https:\/\/newsinfoco.com.br\/inicio\/category\/brasil\/"},{"label":"Ap\u00f3s recesso, STF retoma sess\u00f5es nesta sexta-feira e far\u00e1 defesa de Moraes","link":"https:\/\/newsinfoco.com.br\/inicio\/apos-recesso-stf-retoma-sessoes-nesta-sexta-feira-e-fara-defesa-de-moraes\/"}],"_links":{"self":[{"href":"https:\/\/newsinfoco.com.br\/inicio\/wp-json\/wp\/v2\/posts\/43859","targetHints":{"allow":["GET"]}}],"collection":[{"href":"https:\/\/newsinfoco.com.br\/inicio\/wp-json\/wp\/v2\/posts"}],"about":[{"href":"https:\/\/newsinfoco.com.br\/inicio\/wp-json\/wp\/v2\/types\/post"}],"author":[{"embeddable":true,"href":"https:\/\/newsinfoco.com.br\/inicio\/wp-json\/wp\/v2\/users\/1"}],"replies":[{"embeddable":true,"href":"https:\/\/newsinfoco.com.br\/inicio\/wp-json\/wp\/v2\/comments?post=43859"}],"version-history":[{"count":1,"href":"https:\/\/newsinfoco.com.br\/inicio\/wp-json\/wp\/v2\/posts\/43859\/revisions"}],"predecessor-version":[{"id":43861,"href":"https:\/\/newsinfoco.com.br\/inicio\/wp-json\/wp\/v2\/posts\/43859\/revisions\/43861"}],"wp:featuredmedia":[{"embeddable":true,"href":"https:\/\/newsinfoco.com.br\/inicio\/wp-json\/wp\/v2\/media\/43860"}],"wp:attachment":[{"href":"https:\/\/newsinfoco.com.br\/inicio\/wp-json\/wp\/v2\/media?parent=43859"}],"wp:term":[{"taxonomy":"category","embeddable":true,"href":"https:\/\/newsinfoco.com.br\/inicio\/wp-json\/wp\/v2\/categories?post=43859"},{"taxonomy":"post_tag","embeddable":true,"href":"https:\/\/newsinfoco.com.br\/inicio\/wp-json\/wp\/v2\/tags?post=43859"}],"curies":[{"name":"wp","href":"https:\/\/api.w.org\/{rel}","templated":true}]}}