{"id":43866,"date":"2025-08-01T15:42:27","date_gmt":"2025-08-01T18:42:27","guid":{"rendered":"https:\/\/newsinfoco.com.br\/inicio\/?p=43866"},"modified":"2025-08-01T15:42:27","modified_gmt":"2025-08-01T18:42:27","slug":"vereadores-expressam-indignacao-e-repudio-a-vetos-do-executivo-a-projetos-de-lei-aprovados-pela-camara-municipal-de-alagoinhas","status":"publish","type":"post","link":"https:\/\/newsinfoco.com.br\/inicio\/vereadores-expressam-indignacao-e-repudio-a-vetos-do-executivo-a-projetos-de-lei-aprovados-pela-camara-municipal-de-alagoinhas\/","title":{"rendered":"Vereadores expressam indigna\u00e7\u00e3o e rep\u00fadio a vetos do Executivo a projetos de lei aprovados pela C\u00e2mara Municipal de Alagoinhas"},"content":{"rendered":"<p>Uma onda de indigna\u00e7\u00e3o e rep\u00fadio tomou conta do plen\u00e1rio da C\u00e2mara Municipal de Alagoinhas durante a sess\u00e3o desta quinta-feira (31), em virtude dos vetos parciais e\/ou totais impostos pelo Executivo a diversos projetos de lei aprovados pelos parlamentares. A aus\u00eancia de di\u00e1logo e o desrespeito ao processo legislativo foram os principais pontos levantados pelos vereadores e vereadoras, que veem na medida um enfraquecimento da institui\u00e7\u00e3o e um preju\u00edzo direto \u00e0 popula\u00e7\u00e3o.<\/p>\n<p>\u201cDiversos projetos de autoria dessa Casa foram vetados, de autoria de v\u00e1rias vereadoras e vereadores, e projetos que j\u00e1 existem, inclusive, em muitas outras cidades, projetos que foram fundamentados com s\u00famulas do STF, com jurisprud\u00eancia de tribunais de justi\u00e7a,\u201d declarou a vereadora Luma Menezes, evidenciando o embasamento legal das propostas.<\/p>\n<p>A parlamentar pontuou que \u201ca Procuradoria dessa cidade, sem nenhum tipo de di\u00e1logo, sem nenhum tipo de tratativa com esta Casa, sem nenhum tipo de respeito com os vereadores e vereadoras, resolveu sair vetando todos os projetos de todo mundo.\u201d<\/p>\n<p>A vereadora ainda salientou que essa atitude prejudica diretamente a popula\u00e7\u00e3o, afirmando que \u201ca mensagem que a Procuradoria e automaticamente a prefeitura passam para esse munic\u00edpio \u00e9 que os direitos que estavam tentando ser garantidos atrav\u00e9s dessas legisla\u00e7\u00f5es n\u00e3o ser\u00e3o garantidos se depender dessa gest\u00e3o.\u201d Luma Menezes refor\u00e7ou que o veto \u00e9 compet\u00eancia privativa do \u00a0chefe do Executivo e que, portanto, o prefeito Gustavo Carmo \u201ctem ci\u00eancia e aprovou esse veto,\u201d possuindo \u201cresponsabilidade tamb\u00e9m na aus\u00eancia de respeito com essa Casa.\u201d<\/p>\n<p>O vereador Luciano Almeida tamb\u00e9m expressou sua \u201ctristeza\u201d e \u201crep\u00fadio\u201d pelo veto a um projeto de sua autoria que isentava o pagamento da Zona Azul para maiores de 60 anos e pessoas com defici\u00eancia. Ele criticou a falta de di\u00e1logo, classificando a situa\u00e7\u00e3o como uma \u201cditadura branca\u201d e manifestando saudades do di\u00e1logo com James Gaut\u00e9rio, ex-procurador-geral. \u201cEspero que essa C\u00e2mara tenha maturidade para n\u00f3s derrubarmos esse veto, e dar direito a essas pessoas que sofrem, que vivem na invisibilidade, e que precisam ter, a cada dia, mais direitos assegurados,\u201d finalizou o vereador.<\/p>\n<p>\u201cEu me encontro aqui, nessa cadeira, como vereador, e sou governo, tenho consci\u00eancia disso, e hoje recebemos nessa Casa uma enxurrada de vetos por parte do governo,\u201d afirmou o vereador Cl\u00e1udio Abi\u00fade. Ele revelou que teve uma lei de sua autoria, que trata de um banco de ra\u00e7\u00f5es e insumos para animais de rua, vetada, mesmo sendo uma \u201clei pr\u00f3-governo, evitando o despesa do governo.\u201d<\/p>\n<p>Abi\u00fade desabafou: \u201cAt\u00e9 hoje, nunca fui procurado pelo governo para tratar dessa derrubada de veto, ou mesmo desse veto. N\u00e3o fui procurado antes, n\u00e3o fui procurado depois.\u201d O vereador finalizou seu pronunciamento visivelmente indignado: \u201cEstou indignado com essa situa\u00e7\u00e3o, com esses vetos que vieram da falta de respeito, e acho que deveremos ser procurados com muita brevidade, para que os trabalhos daqui possam fluir.\u201d<\/p>\n<p>A vereadora Juci Cardoso questionou \u201ca quem interessa o enfraquecimento do Legislativo,\u201d e lembrou que a administra\u00e7\u00e3o p\u00fablica, apesar de harm\u00f4nica, \u00e9 composta por poderes independentes. Ela revelou que \u201c60% dos vetos do governo municipal s\u00e3o sobre direito das mulheres,\u201d com legislaturas feitas majoritariamente por ela e pela vereadora Luma, \u201cque foram vetadas sem nenhum tipo de di\u00e1logo.\u201d Juci Cardoso ressaltou que foram identificados \u201cerros de numera\u00e7\u00e3o,\u201d \u201cerros de ementa,\u201d e at\u00e9 mesmo \u201cveto de lei j\u00e1 promulgada pela Casa,\u201d indicando falta de profissionalismo. \u201c\u00c9 preciso ter respeito,\u201d pontuou a vereadora, destacando \u201cque nossa responsabilidade primeiro \u00e9 com o povo.\u201d<\/p>\n<p>O vereador Jorge da Farinha compartilhou sua experi\u00eancia como ex-secret\u00e1rio de Governo, recordando que \u201csempre teve esse di\u00e1logo nesta Casa\u201d com o Executivo. Ele enfatizou a import\u00e2ncia da comunica\u00e7\u00e3o: \u201cQuando a gente assume alguns cargos, a gente tem que ter cuidado. Inclusive, nosso prefeito, que eu tenho o maior respeito, j\u00e1 foi vereador desta Casa, sabe bem como \u00e9 que essa Casa funciona. A gente tem que dialogar, sem di\u00e1logo n\u00e3o se vai a lugar nenhum.\u201d O parlamentar questionou: \u201cComo \u00e9 que veta quase 70% dos projetos de vereadores desta Casa, n\u00e3o s\u00f3 vereador de oposi\u00e7\u00e3o, mas vereador da base, e n\u00e3o chama pra conversar, pra dialogar, pra explicar o porqu\u00ea de vetar aqueles artigos, o porqu\u00ea de vetar aquele projeto.\u201d<\/p>\n<p>O vereador Francisco Thor de Ninha refor\u00e7ou que a a\u00e7\u00e3o de vetar projetos \u201cdemonstra duas coisas. Ou a imaturidade daquele que est\u00e1 exercendo esse poder de veto, a Procuradoria no caso, n\u00e3o conhece a independ\u00eancia e a harmonia entre os poderes, e que uma a\u00e7\u00e3o como essa enfraquece totalmente o poder legislativo.\u201d Ele advertiu que \u201co enfraquecimento de uma C\u00e2mara de Vereadores, com a qualidade que essa C\u00e2mara tem, com a representatividade que essa C\u00e2mara tem, \u00e9 um preju\u00edzo pra cidade da Alagoinhas.\u201d<\/p>\n<p>O vereador expressou a frustra\u00e7\u00e3o de ver projetos \u201cdiscutidos com o governo\u201d serem vetados pelo pr\u00f3prio Executivo, e concluiu: \u201cN\u00e3o temos problemas com o veto, n\u00f3s temos problema com o desrespeito.\u201d<\/p>\n<p>O vereador Darlan Lucena solidarizou-se com os colegas sobre os vetos, \u201crefor\u00e7ando as palavras da vereadora Juci, de que os poderes s\u00e3o harm\u00f4nicos e independentes.\u201d Ele sugeriu ao governo que \u201cabra essa interlocu\u00e7\u00e3o com o Procurador\u201d.<\/p>\n<p>Em sua fala como l\u00edder do governo, o vereador Jos\u00e9 Ed\u00e9sio avaliou que o colegiado est\u00e1 \u201crevestido de um grau elevado de insatisfa\u00e7\u00e3o.\u201d Ele solidarizou-se com a vereadora Luma Menezes, destacando a \u201cgrandiosidade\u201d de seus projetos e o desrespeito da Procuradoria Jur\u00eddica em veta-los \u201csem nos ouvir.\u201d<\/p>\n<p>Ed\u00e9sio disse que a entrega de \u201cos t\u00edtulos sem trazer ao conhecimento desse colegiado \u00e9 um desrespeito, presidente. O governo tem que entender que essa Casa \u00e9 uma representatividade que existe dentro do munic\u00edpio, at\u00e9 porque est\u00e1 aqui o segundo maior poder constitu\u00eddo dentro do munic\u00edpio de Alagoinhas, e isso n\u00e3o iremos mais permitir.\u201d<\/p>\n<p>Os vereadores foram un\u00e2nimes em exigir maior di\u00e1logo e respeito por parte do Executivo, prometendo buscar todas as vias regimentais para que os projetos aprovados, que representam as demandas da popula\u00e7\u00e3o, sejam efetivamente implementados.<\/p>\n<p>Para assistir a sess\u00e3o na \u00edntegra, acesse o link: TV C\u00e2mara Alagoinhas<\/p>\n<p>Ascom \u2013 C\u00e2mara Municipal de Alagoinhas<\/p>\n<p>Fotos \u2013 Jh\u00f4 Paz<\/p>\n<div class='share-to-whatsapp-wrapper'><div class='share-on-whsp'>Share on: <\/div><a data-text='Vereadores expressam indigna\u00e7\u00e3o e rep\u00fadio a vetos do Executivo a projetos de lei aprovados pela C\u00e2mara Municipal de Alagoinhas' data-link='https:\/\/newsinfoco.com.br\/inicio\/vereadores-expressam-indignacao-e-repudio-a-vetos-do-executivo-a-projetos-de-lei-aprovados-pela-camara-municipal-de-alagoinhas\/' class='whatsapp-button whatsapp-share'>WhatsApp<\/a><div class='clear '><\/div><\/div>","protected":false},"excerpt":{"rendered":"<p>Uma onda de indigna\u00e7\u00e3o e rep\u00fadio tomou conta do plen\u00e1rio da C\u00e2mara Municipal de Alagoinhas durante a sess\u00e3o desta quinta-feira (31), em virtude dos vetos parciais e\/ou totais impostos pelo Executivo a diversos projetos de lei aprovados pelos parlamentares. A aus\u00eancia de di\u00e1logo e o desrespeito ao processo legislativo foram os principais pontos levantados pelos [&hellip;]<\/p>\n","protected":false},"author":1,"featured_media":41103,"comment_status":"closed","ping_status":"closed","sticky":false,"template":"","format":"standard","meta":{"om_disable_all_campaigns":false,"rop_custom_images_group":[],"rop_custom_messages_group":[],"rop_publish_now":"initial","rop_publish_now_accounts":[],"rop_publish_now_history":[],"rop_publish_now_status":"pending","_exactmetrics_skip_tracking":false,"footnotes":""},"categories":[38,30,167],"tags":[],"class_list":["post-43866","post","type-post","status-publish","format-standard","has-post-thumbnail","hentry","category-alagoinhas-e-regiao","category-destaque","category-exclusivas"],"aioseo_notices":[],"aioseo_head":"\n\t\t<!-- All in One SEO 4.9.10 - aioseo.com -->\n\t<meta name=\"description\" content=\"Uma onda de indigna\u00e7\u00e3o e rep\u00fadio tomou conta do plen\u00e1rio da C\u00e2mara Municipal de Alagoinhas durante a sess\u00e3o desta quinta-feira (31), em virtude dos vetos parciais e\/ou totais impostos pelo Executivo a diversos projetos de lei aprovados pelos parlamentares. A aus\u00eancia de di\u00e1logo e o desrespeito ao processo legislativo foram os principais pontos levantados pelos\" \/>\n\t<meta name=\"robots\" content=\"max-image-preview:large\" \/>\n\t<meta name=\"author\" content=\"administrador\"\/>\n\t<link rel=\"canonical\" href=\"https:\/\/newsinfoco.com.br\/inicio\/vereadores-expressam-indignacao-e-repudio-a-vetos-do-executivo-a-projetos-de-lei-aprovados-pela-camara-municipal-de-alagoinhas\/\" \/>\n\t<meta name=\"generator\" content=\"All in One SEO (AIOSEO) 4.9.10\" \/>\n\t\t<meta property=\"og:locale\" content=\"pt_BR\" \/>\n\t\t<meta property=\"og:site_name\" content=\"News In Foco - Editado por Caio Pimenta - O principal site de noticias de Alagoinhas e regi\u00e3o\" \/>\n\t\t<meta property=\"og:type\" content=\"article\" \/>\n\t\t<meta property=\"og:title\" content=\"Vereadores expressam indigna\u00e7\u00e3o e rep\u00fadio a vetos do Executivo a projetos de lei aprovados pela C\u00e2mara Municipal de Alagoinhas - News In Foco - Editado por Caio Pimenta\" \/>\n\t\t<meta property=\"og:description\" content=\"Uma onda de indigna\u00e7\u00e3o e rep\u00fadio tomou conta do plen\u00e1rio da C\u00e2mara Municipal de Alagoinhas durante a sess\u00e3o desta quinta-feira (31), em virtude dos vetos parciais e\/ou totais impostos pelo Executivo a diversos projetos de lei aprovados pelos parlamentares. A aus\u00eancia de di\u00e1logo e o desrespeito ao processo legislativo foram os principais pontos levantados pelos\" \/>\n\t\t<meta property=\"og:url\" content=\"https:\/\/newsinfoco.com.br\/inicio\/vereadores-expressam-indignacao-e-repudio-a-vetos-do-executivo-a-projetos-de-lei-aprovados-pela-camara-municipal-de-alagoinhas\/\" \/>\n\t\t<meta property=\"article:published_time\" content=\"2025-08-01T18:42:27+00:00\" \/>\n\t\t<meta property=\"article:modified_time\" content=\"2025-08-01T18:42:27+00:00\" \/>\n\t\t<meta name=\"twitter:card\" content=\"summary_large_image\" \/>\n\t\t<meta name=\"twitter:title\" content=\"Vereadores expressam indigna\u00e7\u00e3o e rep\u00fadio a vetos do Executivo a projetos de lei aprovados pela C\u00e2mara Municipal de Alagoinhas - News In Foco - Editado por Caio Pimenta\" \/>\n\t\t<meta name=\"twitter:description\" content=\"Uma onda de indigna\u00e7\u00e3o e rep\u00fadio tomou conta do plen\u00e1rio da C\u00e2mara Municipal de Alagoinhas durante a sess\u00e3o desta quinta-feira (31), em virtude dos vetos parciais e\/ou totais impostos pelo Executivo a diversos projetos de lei aprovados pelos parlamentares. A aus\u00eancia de di\u00e1logo e o desrespeito ao processo legislativo foram os principais pontos levantados pelos\" \/>\n\t\t<script type=\"application\/ld+json\" class=\"aioseo-schema\">\n\t\t\t{\"@context\":\"https:\\\/\\\/schema.org\",\"@graph\":[{\"@type\":\"BlogPosting\",\"@id\":\"https:\\\/\\\/newsinfoco.com.br\\\/inicio\\\/vereadores-expressam-indignacao-e-repudio-a-vetos-do-executivo-a-projetos-de-lei-aprovados-pela-camara-municipal-de-alagoinhas\\\/#blogposting\",\"name\":\"Vereadores expressam indigna\\u00e7\\u00e3o e rep\\u00fadio a vetos do Executivo a projetos de lei aprovados pela C\\u00e2mara Municipal de Alagoinhas - News In Foco - Editado por Caio Pimenta\",\"headline\":\"Vereadores expressam indigna\\u00e7\\u00e3o e rep\\u00fadio a vetos do Executivo a projetos de lei aprovados pela C\\u00e2mara Municipal de Alagoinhas\",\"author\":{\"@id\":\"https:\\\/\\\/newsinfoco.com.br\\\/inicio\\\/author\\\/administrador\\\/#author\"},\"publisher\":{\"@id\":\"https:\\\/\\\/newsinfoco.com.br\\\/inicio\\\/#organization\"},\"image\":{\"@type\":\"ImageObject\",\"url\":\"https:\\\/\\\/newsinfoco.com.br\\\/inicio\\\/wp-content\\\/uploads\\\/2025\\\/04\\\/Acontece-na-Camara-2048x1094-1.jpg\",\"width\":2048,\"height\":1094},\"datePublished\":\"2025-08-01T15:42:27-03:00\",\"dateModified\":\"2025-08-01T15:42:27-03:00\",\"inLanguage\":\"pt-BR\",\"mainEntityOfPage\":{\"@id\":\"https:\\\/\\\/newsinfoco.com.br\\\/inicio\\\/vereadores-expressam-indignacao-e-repudio-a-vetos-do-executivo-a-projetos-de-lei-aprovados-pela-camara-municipal-de-alagoinhas\\\/#webpage\"},\"isPartOf\":{\"@id\":\"https:\\\/\\\/newsinfoco.com.br\\\/inicio\\\/vereadores-expressam-indignacao-e-repudio-a-vetos-do-executivo-a-projetos-de-lei-aprovados-pela-camara-municipal-de-alagoinhas\\\/#webpage\"},\"articleSection\":\"Alagoinhas e Regi\\u00e3o, Destaque, Manchete\"},{\"@type\":\"BreadcrumbList\",\"@id\":\"https:\\\/\\\/newsinfoco.com.br\\\/inicio\\\/vereadores-expressam-indignacao-e-repudio-a-vetos-do-executivo-a-projetos-de-lei-aprovados-pela-camara-municipal-de-alagoinhas\\\/#breadcrumblist\",\"itemListElement\":[{\"@type\":\"ListItem\",\"@id\":\"https:\\\/\\\/newsinfoco.com.br\\\/inicio#listItem\",\"position\":1,\"name\":\"In\\u00edcio\",\"item\":\"https:\\\/\\\/newsinfoco.com.br\\\/inicio\",\"nextItem\":{\"@type\":\"ListItem\",\"@id\":\"https:\\\/\\\/newsinfoco.com.br\\\/inicio\\\/category\\\/destaque\\\/#listItem\",\"name\":\"Destaque\"}},{\"@type\":\"ListItem\",\"@id\":\"https:\\\/\\\/newsinfoco.com.br\\\/inicio\\\/category\\\/destaque\\\/#listItem\",\"position\":2,\"name\":\"Destaque\",\"item\":\"https:\\\/\\\/newsinfoco.com.br\\\/inicio\\\/category\\\/destaque\\\/\",\"nextItem\":{\"@type\":\"ListItem\",\"@id\":\"https:\\\/\\\/newsinfoco.com.br\\\/inicio\\\/vereadores-expressam-indignacao-e-repudio-a-vetos-do-executivo-a-projetos-de-lei-aprovados-pela-camara-municipal-de-alagoinhas\\\/#listItem\",\"name\":\"Vereadores expressam indigna\\u00e7\\u00e3o e rep\\u00fadio a vetos do Executivo a projetos de lei aprovados pela C\\u00e2mara Municipal de Alagoinhas\"},\"previousItem\":{\"@type\":\"ListItem\",\"@id\":\"https:\\\/\\\/newsinfoco.com.br\\\/inicio#listItem\",\"name\":\"In\\u00edcio\"}},{\"@type\":\"ListItem\",\"@id\":\"https:\\\/\\\/newsinfoco.com.br\\\/inicio\\\/vereadores-expressam-indignacao-e-repudio-a-vetos-do-executivo-a-projetos-de-lei-aprovados-pela-camara-municipal-de-alagoinhas\\\/#listItem\",\"position\":3,\"name\":\"Vereadores expressam indigna\\u00e7\\u00e3o e rep\\u00fadio a vetos do Executivo a projetos de lei aprovados pela C\\u00e2mara Municipal de Alagoinhas\",\"previousItem\":{\"@type\":\"ListItem\",\"@id\":\"https:\\\/\\\/newsinfoco.com.br\\\/inicio\\\/category\\\/destaque\\\/#listItem\",\"name\":\"Destaque\"}}]},{\"@type\":\"Organization\",\"@id\":\"https:\\\/\\\/newsinfoco.com.br\\\/inicio\\\/#organization\",\"name\":\"News In Foco - Editado por Caio Pimenta\",\"description\":\"O principal site de noticias de Alagoinhas e regi\\u00e3o\",\"url\":\"https:\\\/\\\/newsinfoco.com.br\\\/inicio\\\/\"},{\"@type\":\"Person\",\"@id\":\"https:\\\/\\\/newsinfoco.com.br\\\/inicio\\\/author\\\/administrador\\\/#author\",\"url\":\"https:\\\/\\\/newsinfoco.com.br\\\/inicio\\\/author\\\/administrador\\\/\",\"name\":\"administrador\",\"image\":{\"@type\":\"ImageObject\",\"@id\":\"https:\\\/\\\/newsinfoco.com.br\\\/inicio\\\/vereadores-expressam-indignacao-e-repudio-a-vetos-do-executivo-a-projetos-de-lei-aprovados-pela-camara-municipal-de-alagoinhas\\\/#authorImage\",\"url\":\"https:\\\/\\\/secure.gravatar.com\\\/avatar\\\/c17a617433de8c1dc9584bb79aab7563b46f5bb7e1728c9b17d9cc3ce6a08e49?s=96&d=mm&r=g\",\"width\":96,\"height\":96,\"caption\":\"administrador\"}},{\"@type\":\"WebPage\",\"@id\":\"https:\\\/\\\/newsinfoco.com.br\\\/inicio\\\/vereadores-expressam-indignacao-e-repudio-a-vetos-do-executivo-a-projetos-de-lei-aprovados-pela-camara-municipal-de-alagoinhas\\\/#webpage\",\"url\":\"https:\\\/\\\/newsinfoco.com.br\\\/inicio\\\/vereadores-expressam-indignacao-e-repudio-a-vetos-do-executivo-a-projetos-de-lei-aprovados-pela-camara-municipal-de-alagoinhas\\\/\",\"name\":\"Vereadores expressam indigna\\u00e7\\u00e3o e rep\\u00fadio a vetos do Executivo a projetos de lei aprovados pela C\\u00e2mara Municipal de Alagoinhas - News In Foco - Editado por Caio Pimenta\",\"description\":\"Uma onda de indigna\\u00e7\\u00e3o e rep\\u00fadio tomou conta do plen\\u00e1rio da C\\u00e2mara Municipal de Alagoinhas durante a sess\\u00e3o desta quinta-feira (31), em virtude dos vetos parciais e\\\/ou totais impostos pelo Executivo a diversos projetos de lei aprovados pelos parlamentares. A aus\\u00eancia de di\\u00e1logo e o desrespeito ao processo legislativo foram os principais pontos levantados pelos\",\"inLanguage\":\"pt-BR\",\"isPartOf\":{\"@id\":\"https:\\\/\\\/newsinfoco.com.br\\\/inicio\\\/#website\"},\"breadcrumb\":{\"@id\":\"https:\\\/\\\/newsinfoco.com.br\\\/inicio\\\/vereadores-expressam-indignacao-e-repudio-a-vetos-do-executivo-a-projetos-de-lei-aprovados-pela-camara-municipal-de-alagoinhas\\\/#breadcrumblist\"},\"author\":{\"@id\":\"https:\\\/\\\/newsinfoco.com.br\\\/inicio\\\/author\\\/administrador\\\/#author\"},\"creator\":{\"@id\":\"https:\\\/\\\/newsinfoco.com.br\\\/inicio\\\/author\\\/administrador\\\/#author\"},\"image\":{\"@type\":\"ImageObject\",\"url\":\"https:\\\/\\\/newsinfoco.com.br\\\/inicio\\\/wp-content\\\/uploads\\\/2025\\\/04\\\/Acontece-na-Camara-2048x1094-1.jpg\",\"@id\":\"https:\\\/\\\/newsinfoco.com.br\\\/inicio\\\/vereadores-expressam-indignacao-e-repudio-a-vetos-do-executivo-a-projetos-de-lei-aprovados-pela-camara-municipal-de-alagoinhas\\\/#mainImage\",\"width\":2048,\"height\":1094},\"primaryImageOfPage\":{\"@id\":\"https:\\\/\\\/newsinfoco.com.br\\\/inicio\\\/vereadores-expressam-indignacao-e-repudio-a-vetos-do-executivo-a-projetos-de-lei-aprovados-pela-camara-municipal-de-alagoinhas\\\/#mainImage\"},\"datePublished\":\"2025-08-01T15:42:27-03:00\",\"dateModified\":\"2025-08-01T15:42:27-03:00\"},{\"@type\":\"WebSite\",\"@id\":\"https:\\\/\\\/newsinfoco.com.br\\\/inicio\\\/#website\",\"url\":\"https:\\\/\\\/newsinfoco.com.br\\\/inicio\\\/\",\"name\":\"News In Foco - Editado por Caio Pimenta\",\"description\":\"O principal site de noticias de Alagoinhas e regi\\u00e3o\",\"inLanguage\":\"pt-BR\",\"publisher\":{\"@id\":\"https:\\\/\\\/newsinfoco.com.br\\\/inicio\\\/#organization\"}}]}\n\t\t<\/script>\n\t\t<!-- All in One SEO -->\n\n","aioseo_head_json":{"title":"Vereadores expressam indigna\u00e7\u00e3o e rep\u00fadio a vetos do Executivo a projetos de lei aprovados pela C\u00e2mara Municipal de Alagoinhas - News In Foco - Editado por Caio Pimenta","description":"Uma onda de indigna\u00e7\u00e3o e rep\u00fadio tomou conta do plen\u00e1rio da C\u00e2mara Municipal de Alagoinhas durante a sess\u00e3o desta quinta-feira (31), em virtude dos vetos parciais e\/ou totais impostos pelo Executivo a diversos projetos de lei aprovados pelos parlamentares. A aus\u00eancia de di\u00e1logo e o desrespeito ao processo legislativo foram os principais pontos levantados pelos","canonical_url":"https:\/\/newsinfoco.com.br\/inicio\/vereadores-expressam-indignacao-e-repudio-a-vetos-do-executivo-a-projetos-de-lei-aprovados-pela-camara-municipal-de-alagoinhas\/","robots":"max-image-preview:large","keywords":"","webmasterTools":{"miscellaneous":""},"schema":{"@context":"https:\/\/schema.org","@graph":[{"@type":"BlogPosting","@id":"https:\/\/newsinfoco.com.br\/inicio\/vereadores-expressam-indignacao-e-repudio-a-vetos-do-executivo-a-projetos-de-lei-aprovados-pela-camara-municipal-de-alagoinhas\/#blogposting","name":"Vereadores expressam indigna\u00e7\u00e3o e rep\u00fadio a vetos do Executivo a projetos de lei aprovados pela C\u00e2mara Municipal de Alagoinhas - News In Foco - Editado por Caio Pimenta","headline":"Vereadores expressam indigna\u00e7\u00e3o e rep\u00fadio a vetos do Executivo a projetos de lei aprovados pela C\u00e2mara Municipal de Alagoinhas","author":{"@id":"https:\/\/newsinfoco.com.br\/inicio\/author\/administrador\/#author"},"publisher":{"@id":"https:\/\/newsinfoco.com.br\/inicio\/#organization"},"image":{"@type":"ImageObject","url":"https:\/\/newsinfoco.com.br\/inicio\/wp-content\/uploads\/2025\/04\/Acontece-na-Camara-2048x1094-1.jpg","width":2048,"height":1094},"datePublished":"2025-08-01T15:42:27-03:00","dateModified":"2025-08-01T15:42:27-03:00","inLanguage":"pt-BR","mainEntityOfPage":{"@id":"https:\/\/newsinfoco.com.br\/inicio\/vereadores-expressam-indignacao-e-repudio-a-vetos-do-executivo-a-projetos-de-lei-aprovados-pela-camara-municipal-de-alagoinhas\/#webpage"},"isPartOf":{"@id":"https:\/\/newsinfoco.com.br\/inicio\/vereadores-expressam-indignacao-e-repudio-a-vetos-do-executivo-a-projetos-de-lei-aprovados-pela-camara-municipal-de-alagoinhas\/#webpage"},"articleSection":"Alagoinhas e Regi\u00e3o, Destaque, Manchete"},{"@type":"BreadcrumbList","@id":"https:\/\/newsinfoco.com.br\/inicio\/vereadores-expressam-indignacao-e-repudio-a-vetos-do-executivo-a-projetos-de-lei-aprovados-pela-camara-municipal-de-alagoinhas\/#breadcrumblist","itemListElement":[{"@type":"ListItem","@id":"https:\/\/newsinfoco.com.br\/inicio#listItem","position":1,"name":"In\u00edcio","item":"https:\/\/newsinfoco.com.br\/inicio","nextItem":{"@type":"ListItem","@id":"https:\/\/newsinfoco.com.br\/inicio\/category\/destaque\/#listItem","name":"Destaque"}},{"@type":"ListItem","@id":"https:\/\/newsinfoco.com.br\/inicio\/category\/destaque\/#listItem","position":2,"name":"Destaque","item":"https:\/\/newsinfoco.com.br\/inicio\/category\/destaque\/","nextItem":{"@type":"ListItem","@id":"https:\/\/newsinfoco.com.br\/inicio\/vereadores-expressam-indignacao-e-repudio-a-vetos-do-executivo-a-projetos-de-lei-aprovados-pela-camara-municipal-de-alagoinhas\/#listItem","name":"Vereadores expressam indigna\u00e7\u00e3o e rep\u00fadio a vetos do Executivo a projetos de lei aprovados pela C\u00e2mara Municipal de Alagoinhas"},"previousItem":{"@type":"ListItem","@id":"https:\/\/newsinfoco.com.br\/inicio#listItem","name":"In\u00edcio"}},{"@type":"ListItem","@id":"https:\/\/newsinfoco.com.br\/inicio\/vereadores-expressam-indignacao-e-repudio-a-vetos-do-executivo-a-projetos-de-lei-aprovados-pela-camara-municipal-de-alagoinhas\/#listItem","position":3,"name":"Vereadores expressam indigna\u00e7\u00e3o e rep\u00fadio a vetos do Executivo a projetos de lei aprovados pela C\u00e2mara Municipal de Alagoinhas","previousItem":{"@type":"ListItem","@id":"https:\/\/newsinfoco.com.br\/inicio\/category\/destaque\/#listItem","name":"Destaque"}}]},{"@type":"Organization","@id":"https:\/\/newsinfoco.com.br\/inicio\/#organization","name":"News In Foco - Editado por Caio Pimenta","description":"O principal site de noticias de Alagoinhas e regi\u00e3o","url":"https:\/\/newsinfoco.com.br\/inicio\/"},{"@type":"Person","@id":"https:\/\/newsinfoco.com.br\/inicio\/author\/administrador\/#author","url":"https:\/\/newsinfoco.com.br\/inicio\/author\/administrador\/","name":"administrador","image":{"@type":"ImageObject","@id":"https:\/\/newsinfoco.com.br\/inicio\/vereadores-expressam-indignacao-e-repudio-a-vetos-do-executivo-a-projetos-de-lei-aprovados-pela-camara-municipal-de-alagoinhas\/#authorImage","url":"https:\/\/secure.gravatar.com\/avatar\/c17a617433de8c1dc9584bb79aab7563b46f5bb7e1728c9b17d9cc3ce6a08e49?s=96&d=mm&r=g","width":96,"height":96,"caption":"administrador"}},{"@type":"WebPage","@id":"https:\/\/newsinfoco.com.br\/inicio\/vereadores-expressam-indignacao-e-repudio-a-vetos-do-executivo-a-projetos-de-lei-aprovados-pela-camara-municipal-de-alagoinhas\/#webpage","url":"https:\/\/newsinfoco.com.br\/inicio\/vereadores-expressam-indignacao-e-repudio-a-vetos-do-executivo-a-projetos-de-lei-aprovados-pela-camara-municipal-de-alagoinhas\/","name":"Vereadores expressam indigna\u00e7\u00e3o e rep\u00fadio a vetos do Executivo a projetos de lei aprovados pela C\u00e2mara Municipal de Alagoinhas - News In Foco - Editado por Caio Pimenta","description":"Uma onda de indigna\u00e7\u00e3o e rep\u00fadio tomou conta do plen\u00e1rio da C\u00e2mara Municipal de Alagoinhas durante a sess\u00e3o desta quinta-feira (31), em virtude dos vetos parciais e\/ou totais impostos pelo Executivo a diversos projetos de lei aprovados pelos parlamentares. A aus\u00eancia de di\u00e1logo e o desrespeito ao processo legislativo foram os principais pontos levantados pelos","inLanguage":"pt-BR","isPartOf":{"@id":"https:\/\/newsinfoco.com.br\/inicio\/#website"},"breadcrumb":{"@id":"https:\/\/newsinfoco.com.br\/inicio\/vereadores-expressam-indignacao-e-repudio-a-vetos-do-executivo-a-projetos-de-lei-aprovados-pela-camara-municipal-de-alagoinhas\/#breadcrumblist"},"author":{"@id":"https:\/\/newsinfoco.com.br\/inicio\/author\/administrador\/#author"},"creator":{"@id":"https:\/\/newsinfoco.com.br\/inicio\/author\/administrador\/#author"},"image":{"@type":"ImageObject","url":"https:\/\/newsinfoco.com.br\/inicio\/wp-content\/uploads\/2025\/04\/Acontece-na-Camara-2048x1094-1.jpg","@id":"https:\/\/newsinfoco.com.br\/inicio\/vereadores-expressam-indignacao-e-repudio-a-vetos-do-executivo-a-projetos-de-lei-aprovados-pela-camara-municipal-de-alagoinhas\/#mainImage","width":2048,"height":1094},"primaryImageOfPage":{"@id":"https:\/\/newsinfoco.com.br\/inicio\/vereadores-expressam-indignacao-e-repudio-a-vetos-do-executivo-a-projetos-de-lei-aprovados-pela-camara-municipal-de-alagoinhas\/#mainImage"},"datePublished":"2025-08-01T15:42:27-03:00","dateModified":"2025-08-01T15:42:27-03:00"},{"@type":"WebSite","@id":"https:\/\/newsinfoco.com.br\/inicio\/#website","url":"https:\/\/newsinfoco.com.br\/inicio\/","name":"News In Foco - Editado por Caio Pimenta","description":"O principal site de noticias de Alagoinhas e regi\u00e3o","inLanguage":"pt-BR","publisher":{"@id":"https:\/\/newsinfoco.com.br\/inicio\/#organization"}}]},"og:locale":"pt_BR","og:site_name":"News In Foco - Editado por Caio Pimenta - O principal site de noticias de Alagoinhas e regi\u00e3o","og:type":"article","og:title":"Vereadores expressam indigna\u00e7\u00e3o e rep\u00fadio a vetos do Executivo a projetos de lei aprovados pela C\u00e2mara Municipal de Alagoinhas - News In Foco - Editado por Caio Pimenta","og:description":"Uma onda de indigna\u00e7\u00e3o e rep\u00fadio tomou conta do plen\u00e1rio da C\u00e2mara Municipal de Alagoinhas durante a sess\u00e3o desta quinta-feira (31), em virtude dos vetos parciais e\/ou totais impostos pelo Executivo a diversos projetos de lei aprovados pelos parlamentares. A aus\u00eancia de di\u00e1logo e o desrespeito ao processo legislativo foram os principais pontos levantados pelos","og:url":"https:\/\/newsinfoco.com.br\/inicio\/vereadores-expressam-indignacao-e-repudio-a-vetos-do-executivo-a-projetos-de-lei-aprovados-pela-camara-municipal-de-alagoinhas\/","article:published_time":"2025-08-01T18:42:27+00:00","article:modified_time":"2025-08-01T18:42:27+00:00","twitter:card":"summary_large_image","twitter:title":"Vereadores expressam indigna\u00e7\u00e3o e rep\u00fadio a vetos do Executivo a projetos de lei aprovados pela C\u00e2mara Municipal de Alagoinhas - News In Foco - Editado por Caio Pimenta","twitter:description":"Uma onda de indigna\u00e7\u00e3o e rep\u00fadio tomou conta do plen\u00e1rio da C\u00e2mara Municipal de Alagoinhas durante a sess\u00e3o desta quinta-feira (31), em virtude dos vetos parciais e\/ou totais impostos pelo Executivo a diversos projetos de lei aprovados pelos parlamentares. A aus\u00eancia de di\u00e1logo e o desrespeito ao processo legislativo foram os principais pontos levantados pelos"},"aioseo_meta_data":{"post_id":"43866","title":null,"description":null,"keywords":null,"keyphrases":{"focus":{"keyphrase":"","score":0,"analysis":{"keyphraseInTitle":{"score":0,"maxScore":9,"error":1}}},"additional":[]},"primary_term":null,"canonical_url":null,"og_title":null,"og_description":null,"og_object_type":"default","og_image_type":"default","og_image_url":null,"og_image_width":null,"og_image_height":null,"og_image_custom_url":null,"og_image_custom_fields":null,"og_video":"","og_custom_url":null,"og_article_section":null,"og_article_tags":null,"twitter_use_og":false,"twitter_card":"default","twitter_image_type":"default","twitter_image_url":null,"twitter_image_custom_url":null,"twitter_image_custom_fields":null,"twitter_title":null,"twitter_description":null,"schema":{"blockGraphs":[],"customGraphs":[],"default":{"data":{"Article":[],"Course":[],"Dataset":[],"FAQPage":[],"Movie":[],"Person":[],"Product":[],"ProductReview":[],"Car":[],"Recipe":[],"Service":[],"SoftwareApplication":[],"WebPage":[]},"graphName":"BlogPosting","isEnabled":true},"graphs":[]},"schema_type":"default","schema_type_options":null,"pillar_content":false,"robots_default":true,"robots_noindex":false,"robots_noarchive":false,"robots_nosnippet":false,"robots_nofollow":false,"robots_noimageindex":false,"robots_noodp":false,"robots_notranslate":false,"robots_max_snippet":"-1","robots_max_videopreview":"-1","robots_max_imagepreview":"large","priority":null,"frequency":"default","local_seo":null,"breadcrumb_settings":null,"limit_modified_date":false,"ai":{"faqs":[],"keyPoints":[],"titles":[],"descriptions":[],"socialPosts":{"email":[],"linkedin":[],"twitter":[],"facebook":[],"instagram":[]}},"created":"2025-08-01 18:42:28","updated":"2025-08-01 18:53:16","seo_analyzer_scan_date":null},"aioseo_breadcrumb":"<div class=\"aioseo-breadcrumbs\"><span class=\"aioseo-breadcrumb\">\n\t\t\t<a href=\"https:\/\/newsinfoco.com.br\/inicio\" title=\"In\u00edcio\">In\u00edcio<\/a>\n\t\t<\/span><span class=\"aioseo-breadcrumb-separator\">&raquo;<\/span><span class=\"aioseo-breadcrumb\">\n\t\t\t<a href=\"https:\/\/newsinfoco.com.br\/inicio\/category\/destaque\/\" title=\"Destaque\">Destaque<\/a>\n\t\t<\/span><span class=\"aioseo-breadcrumb-separator\">&raquo;<\/span><span class=\"aioseo-breadcrumb\">\n\t\t\tVereadores expressam indigna\u00e7\u00e3o e rep\u00fadio a vetos do Executivo a projetos de lei aprovados pela C\u00e2mara Municipal de Alagoinhas\n\t\t<\/span><\/div>","aioseo_breadcrumb_json":[{"label":"In\u00edcio","link":"https:\/\/newsinfoco.com.br\/inicio"},{"label":"Destaque","link":"https:\/\/newsinfoco.com.br\/inicio\/category\/destaque\/"},{"label":"Vereadores expressam indigna\u00e7\u00e3o e rep\u00fadio a vetos do Executivo a projetos de lei aprovados pela C\u00e2mara Municipal de Alagoinhas","link":"https:\/\/newsinfoco.com.br\/inicio\/vereadores-expressam-indignacao-e-repudio-a-vetos-do-executivo-a-projetos-de-lei-aprovados-pela-camara-municipal-de-alagoinhas\/"}],"_links":{"self":[{"href":"https:\/\/newsinfoco.com.br\/inicio\/wp-json\/wp\/v2\/posts\/43866","targetHints":{"allow":["GET"]}}],"collection":[{"href":"https:\/\/newsinfoco.com.br\/inicio\/wp-json\/wp\/v2\/posts"}],"about":[{"href":"https:\/\/newsinfoco.com.br\/inicio\/wp-json\/wp\/v2\/types\/post"}],"author":[{"embeddable":true,"href":"https:\/\/newsinfoco.com.br\/inicio\/wp-json\/wp\/v2\/users\/1"}],"replies":[{"embeddable":true,"href":"https:\/\/newsinfoco.com.br\/inicio\/wp-json\/wp\/v2\/comments?post=43866"}],"version-history":[{"count":1,"href":"https:\/\/newsinfoco.com.br\/inicio\/wp-json\/wp\/v2\/posts\/43866\/revisions"}],"predecessor-version":[{"id":43868,"href":"https:\/\/newsinfoco.com.br\/inicio\/wp-json\/wp\/v2\/posts\/43866\/revisions\/43868"}],"wp:featuredmedia":[{"embeddable":true,"href":"https:\/\/newsinfoco.com.br\/inicio\/wp-json\/wp\/v2\/media\/41103"}],"wp:attachment":[{"href":"https:\/\/newsinfoco.com.br\/inicio\/wp-json\/wp\/v2\/media?parent=43866"}],"wp:term":[{"taxonomy":"category","embeddable":true,"href":"https:\/\/newsinfoco.com.br\/inicio\/wp-json\/wp\/v2\/categories?post=43866"},{"taxonomy":"post_tag","embeddable":true,"href":"https:\/\/newsinfoco.com.br\/inicio\/wp-json\/wp\/v2\/tags?post=43866"}],"curies":[{"name":"wp","href":"https:\/\/api.w.org\/{rel}","templated":true}]}}