{"id":43889,"date":"2025-08-02T14:46:00","date_gmt":"2025-08-02T17:46:00","guid":{"rendered":"https:\/\/newsinfoco.com.br\/inicio\/?p=43889"},"modified":"2025-08-02T14:46:00","modified_gmt":"2025-08-02T17:46:00","slug":"governo-abre-inscricoes-para-construcao-de-moradias-em-areas-rurais","status":"publish","type":"post","link":"https:\/\/newsinfoco.com.br\/inicio\/governo-abre-inscricoes-para-construcao-de-moradias-em-areas-rurais\/","title":{"rendered":"Governo abre inscri\u00e7\u00f5es para constru\u00e7\u00e3o de moradias em \u00e1reas rurais"},"content":{"rendered":"<p>Est\u00e3o abertas at\u00e9 o dia 2 de setembro de 2025 as inscri\u00e7\u00f5es para tr\u00eas editais p\u00fablicos da Companhia de Desenvolvimento e A\u00e7\u00e3o Regional (CAR), vinculada \u00e0 Secretaria de Desenvolvimento Rural (SDR), voltados \u00e0 Habita\u00e7\u00e3o Rural.<\/p>\n<p>As chamadas contemplam comunidades quilombolas, ind\u00edgenas, de fundo e fecho de pasto, al\u00e9m da finaliza\u00e7\u00e3o de moradias no campo. Juntos, os editais somam 1.873 unidades habitacionais e refor\u00e7am a pol\u00edtica estadual de valoriza\u00e7\u00e3o da vida no campo.<\/p>\n<p>As iniciativas fazem parte do Programa Minha Casa Minha Vida Rural Bahia, que visa garantir o direito \u00e0 moradia digna para popula\u00e7\u00f5es rurais de baixa renda.<\/p>\n<p>As Organiza\u00e7\u00f5es da Sociedade Civil (OSCs), como associa\u00e7\u00f5es, cooperativas, ONGs e federa\u00e7\u00f5es podem se inscrever nos tr\u00eas chamamentos, que abrangem diferentes p\u00fablicos e regi\u00f5es do estado.<\/p>\n<p>O Edital 003\/2025 \u2013 Quilombolas e comunidades de fundo e fecho de pasto \u00e9 destinado \u00e0 constru\u00e7\u00e3o de 791 novas unidades habitacionais em 27 munic\u00edpios baianos, com investimentos que somam mais de R$ 72,7 milh\u00f5es.<\/p>\n<p>As moradias beneficiar\u00e3o fam\u00edlias quilombolas e de comunidades tradicionais, levando dignidade, seguran\u00e7a e inclus\u00e3o social \u00e0s popula\u00e7\u00f5es historicamente exclu\u00eddas do acesso \u00e0 moradia, com recursos do Programa Minha Casa Minha Vida Rural e contra partida do Governo do Estado.<\/p>\n<p>O Edital 004\/2025 \u2013 Retomada de obras prev\u00ea a conclus\u00e3o de 984 unidades habitacionais em 15 munic\u00edpios baianos, com investimento total de R$ 49,4 milh\u00f5es.<\/p>\n<p>O objetivo \u00e9 dar continuidade a projetos habitacionais inacabados, garantindo que mais fam\u00edlias possam ter acesso \u00e0 casa pr\u00f3pria com qualidade e estrutura adequada, com recursos do Programa Minha Casa Minha Vida Rural e contrapartida do Governo do Estado.<\/p>\n<p>J\u00e1 o Edital 005\/2025 \u2013 Comunidades ind\u00edgenas \u00e9 voltado para comunidades ind\u00edgenas e contempla a constru\u00e7\u00e3o de 98 novas moradias em tr\u00eas munic\u00edpios baianos, com recursos do Programa Minha Casa Minha Vida Rural e contrapartida do Governo do Estado.<\/p>\n<p>\u00c9 uma a\u00e7\u00e3o essencial para garantir o direito \u00e0 habita\u00e7\u00e3o digna e respeitosa \u00e0s tradi\u00e7\u00f5es dessas comunidades.<\/p>\n<p>As propostas devem ser entregues presencialmente na sede da CAR, em Salvador, ou enviadas via Correios at\u00e9 o dia 1\u00ba de setembro, com recebimento final at\u00e9 o dia seguinte.<\/p>\n<p>Mais informa\u00e7\u00f5es, incluindo modelos de proposta, crit\u00e9rios de avalia\u00e7\u00e3o e documentos exigidos, est\u00e3o dispon\u00edveis nos pr\u00f3prios editais no site da CAR: https:\/\/www.ba.gov.br\/car.<\/p>\n<div>\n<div>\n<div class=\"trv-player-container\">\n<div class=\"trv-wrapper\">\n<div id=\"br_video_player_1b90bcd172b73b4124265c53236e7f9dc3c659f9\" class=\"trvd_video_player trvdfloater trv-right\">\n<div class=\"media-player\"><\/div>\n<div>\n<div>\n<div class=\"trv-player-container\">\n<div class=\"trv-wrapper\">\n<div id=\"br_video_player_1b90bcd172b73b4124265c53236e7f9dc3c659f9\" class=\"trvd_video_player trvdfloater trv-right\">\n<div>\n<div>\n<div class=\"trv-player-container\">\n<div class=\"trv-wrapper\">\n<div id=\"br_video_player_1b90bcd172b73b4124265c53236e7f9dc3c659f9\" class=\"trvd_video_player trvdfloater trv-right\">\n<div>\n<div>\n<div class=\"trv-player-container\">\n<div class=\"trv-wrapper\">\n<div id=\"br_video_player_1b90bcd172b73b4124265c53236e7f9dc3c659f9\" class=\"trvd_video_player trvdfloater trv-right\">\n<div>\n<div>\n<div class=\"trv-player-container\">\n<div class=\"trv-wrapper\">\n<div id=\"br_video_player_1b90bcd172b73b4124265c53236e7f9dc3c659f9\" class=\"trvd_video_player trvdfloater trv-right\">\n<div class=\"trv-autoskip-container\">\n<div class=\"trv-autoskip-background\">\n<div class=\"trv-autoskip-line-left\">\n<div>\n<div class=\"conteudo_post\">\n<p>A CAR vem refor\u00e7ando a transforma\u00e7\u00e3o no meio rural com foco em dignidade, seguran\u00e7a e perman\u00eancia no territ\u00f3rio.<\/p>\n<p>Esses editais se somam \u00e0s mais de 4 mil unidades j\u00e1 entregues nos \u00faltimos anos pelo Governo do Estado em comunidades ind\u00edgenas, quilombolas e assentamentos da reforma agr\u00e1ria.<\/p>\n<\/div>\n<div id=\"div-share\">Bahia.Ba<\/div>\n<\/div>\n<\/div>\n<\/div>\n<div class=\"autoskip-btn autoskip-btn-blue\"><\/div>\n<div class=\"autoskip-btn autoskip-btn-gray\"><\/div>\n<\/div>\n<div><\/div>\n<p><img decoding=\"async\" src=\"https:\/\/ads.stickyadstv.com\/auto-user-sync?_fw_gdpr=0&amp;_fw_gdpr_consent=\" \/><img decoding=\"async\" src=\"https:\/\/ads.stickyadstv.com\/user-matching?id=2545&amp;_fw_gdpr=0&amp;_fw_gdpr_consent=\" \/><\/div>\n<\/div>\n<\/div>\n<\/div>\n<\/div>\n<\/div>\n<\/div>\n<\/div>\n<\/div>\n<\/div>\n<\/div>\n<\/div>\n<\/div>\n<\/div>\n<\/div>\n<\/div>\n<\/div>\n<\/div>\n<\/div>\n<\/div>\n<\/div>\n<\/div>\n<\/div>\n<\/div>\n<\/div>\n<div class='share-to-whatsapp-wrapper'><div class='share-on-whsp'>Share on: <\/div><a data-text='Governo abre inscri\u00e7\u00f5es para constru\u00e7\u00e3o de moradias em \u00e1reas rurais' data-link='https:\/\/newsinfoco.com.br\/inicio\/governo-abre-inscricoes-para-construcao-de-moradias-em-areas-rurais\/' class='whatsapp-button whatsapp-share'>WhatsApp<\/a><div class='clear '><\/div><\/div>","protected":false},"excerpt":{"rendered":"<p>Est\u00e3o abertas at\u00e9 o dia 2 de setembro de 2025 as inscri\u00e7\u00f5es para tr\u00eas editais p\u00fablicos da Companhia de Desenvolvimento e A\u00e7\u00e3o Regional (CAR), vinculada \u00e0 Secretaria de Desenvolvimento Rural (SDR), voltados \u00e0 Habita\u00e7\u00e3o Rural. As chamadas contemplam comunidades quilombolas, ind\u00edgenas, de fundo e fecho de pasto, al\u00e9m da finaliza\u00e7\u00e3o de moradias no campo. Juntos, [&hellip;]<\/p>\n","protected":false},"author":1,"featured_media":43891,"comment_status":"closed","ping_status":"closed","sticky":false,"template":"","format":"standard","meta":{"om_disable_all_campaigns":false,"rop_custom_images_group":[],"rop_custom_messages_group":[],"rop_publish_now":"initial","rop_publish_now_accounts":[],"rop_publish_now_history":[],"rop_publish_now_status":"pending","_exactmetrics_skip_tracking":false,"footnotes":""},"categories":[19],"tags":[],"class_list":["post-43889","post","type-post","status-publish","format-standard","has-post-thumbnail","hentry","category-bahia"],"aioseo_notices":[],"aioseo_head":"\n\t\t<!-- All in One SEO 4.9.10 - aioseo.com -->\n\t<meta name=\"description\" content=\"Est\u00e3o abertas at\u00e9 o dia 2 de setembro de 2025 as inscri\u00e7\u00f5es para tr\u00eas editais p\u00fablicos da Companhia de Desenvolvimento e A\u00e7\u00e3o Regional (CAR), vinculada \u00e0 Secretaria de Desenvolvimento Rural (SDR), voltados \u00e0 Habita\u00e7\u00e3o Rural. As chamadas contemplam comunidades quilombolas, ind\u00edgenas, de fundo e fecho de pasto, al\u00e9m da finaliza\u00e7\u00e3o de moradias no campo. Juntos,\" \/>\n\t<meta name=\"robots\" content=\"max-image-preview:large\" \/>\n\t<meta name=\"author\" content=\"administrador\"\/>\n\t<link rel=\"canonical\" href=\"https:\/\/newsinfoco.com.br\/inicio\/governo-abre-inscricoes-para-construcao-de-moradias-em-areas-rurais\/\" \/>\n\t<meta name=\"generator\" content=\"All in One SEO (AIOSEO) 4.9.10\" \/>\n\t\t<meta property=\"og:locale\" content=\"pt_BR\" \/>\n\t\t<meta property=\"og:site_name\" content=\"News In Foco - Editado por Caio Pimenta - O principal site de noticias de Alagoinhas e regi\u00e3o\" \/>\n\t\t<meta property=\"og:type\" content=\"article\" \/>\n\t\t<meta property=\"og:title\" content=\"Governo abre inscri\u00e7\u00f5es para constru\u00e7\u00e3o de moradias em \u00e1reas rurais - News In Foco - Editado por Caio Pimenta\" \/>\n\t\t<meta property=\"og:description\" content=\"Est\u00e3o abertas at\u00e9 o dia 2 de setembro de 2025 as inscri\u00e7\u00f5es para tr\u00eas editais p\u00fablicos da Companhia de Desenvolvimento e A\u00e7\u00e3o Regional (CAR), vinculada \u00e0 Secretaria de Desenvolvimento Rural (SDR), voltados \u00e0 Habita\u00e7\u00e3o Rural. As chamadas contemplam comunidades quilombolas, ind\u00edgenas, de fundo e fecho de pasto, al\u00e9m da finaliza\u00e7\u00e3o de moradias no campo. Juntos,\" \/>\n\t\t<meta property=\"og:url\" content=\"https:\/\/newsinfoco.com.br\/inicio\/governo-abre-inscricoes-para-construcao-de-moradias-em-areas-rurais\/\" \/>\n\t\t<meta property=\"article:published_time\" content=\"2025-08-02T17:46:00+00:00\" \/>\n\t\t<meta property=\"article:modified_time\" content=\"2025-08-02T17:46:00+00:00\" \/>\n\t\t<meta name=\"twitter:card\" content=\"summary_large_image\" \/>\n\t\t<meta name=\"twitter:title\" content=\"Governo abre inscri\u00e7\u00f5es para constru\u00e7\u00e3o de moradias em \u00e1reas rurais - News In Foco - Editado por Caio Pimenta\" \/>\n\t\t<meta name=\"twitter:description\" content=\"Est\u00e3o abertas at\u00e9 o dia 2 de setembro de 2025 as inscri\u00e7\u00f5es para tr\u00eas editais p\u00fablicos da Companhia de Desenvolvimento e A\u00e7\u00e3o Regional (CAR), vinculada \u00e0 Secretaria de Desenvolvimento Rural (SDR), voltados \u00e0 Habita\u00e7\u00e3o Rural. As chamadas contemplam comunidades quilombolas, ind\u00edgenas, de fundo e fecho de pasto, al\u00e9m da finaliza\u00e7\u00e3o de moradias no campo. Juntos,\" \/>\n\t\t<script type=\"application\/ld+json\" class=\"aioseo-schema\">\n\t\t\t{\"@context\":\"https:\\\/\\\/schema.org\",\"@graph\":[{\"@type\":\"BlogPosting\",\"@id\":\"https:\\\/\\\/newsinfoco.com.br\\\/inicio\\\/governo-abre-inscricoes-para-construcao-de-moradias-em-areas-rurais\\\/#blogposting\",\"name\":\"Governo abre inscri\\u00e7\\u00f5es para constru\\u00e7\\u00e3o de moradias em \\u00e1reas rurais - News In Foco - Editado por Caio Pimenta\",\"headline\":\"Governo abre inscri\\u00e7\\u00f5es para constru\\u00e7\\u00e3o de moradias em \\u00e1reas rurais\",\"author\":{\"@id\":\"https:\\\/\\\/newsinfoco.com.br\\\/inicio\\\/author\\\/administrador\\\/#author\"},\"publisher\":{\"@id\":\"https:\\\/\\\/newsinfoco.com.br\\\/inicio\\\/#organization\"},\"image\":{\"@type\":\"ImageObject\",\"url\":\"https:\\\/\\\/newsinfoco.com.br\\\/inicio\\\/wp-content\\\/uploads\\\/2025\\\/08\\\/CAR-construcao-de-moradias-1.jpg\",\"width\":600,\"height\":420},\"datePublished\":\"2025-08-02T14:46:00-03:00\",\"dateModified\":\"2025-08-02T14:46:00-03:00\",\"inLanguage\":\"pt-BR\",\"mainEntityOfPage\":{\"@id\":\"https:\\\/\\\/newsinfoco.com.br\\\/inicio\\\/governo-abre-inscricoes-para-construcao-de-moradias-em-areas-rurais\\\/#webpage\"},\"isPartOf\":{\"@id\":\"https:\\\/\\\/newsinfoco.com.br\\\/inicio\\\/governo-abre-inscricoes-para-construcao-de-moradias-em-areas-rurais\\\/#webpage\"},\"articleSection\":\"Bahia\"},{\"@type\":\"BreadcrumbList\",\"@id\":\"https:\\\/\\\/newsinfoco.com.br\\\/inicio\\\/governo-abre-inscricoes-para-construcao-de-moradias-em-areas-rurais\\\/#breadcrumblist\",\"itemListElement\":[{\"@type\":\"ListItem\",\"@id\":\"https:\\\/\\\/newsinfoco.com.br\\\/inicio#listItem\",\"position\":1,\"name\":\"In\\u00edcio\",\"item\":\"https:\\\/\\\/newsinfoco.com.br\\\/inicio\",\"nextItem\":{\"@type\":\"ListItem\",\"@id\":\"https:\\\/\\\/newsinfoco.com.br\\\/inicio\\\/category\\\/bahia\\\/#listItem\",\"name\":\"Bahia\"}},{\"@type\":\"ListItem\",\"@id\":\"https:\\\/\\\/newsinfoco.com.br\\\/inicio\\\/category\\\/bahia\\\/#listItem\",\"position\":2,\"name\":\"Bahia\",\"item\":\"https:\\\/\\\/newsinfoco.com.br\\\/inicio\\\/category\\\/bahia\\\/\",\"nextItem\":{\"@type\":\"ListItem\",\"@id\":\"https:\\\/\\\/newsinfoco.com.br\\\/inicio\\\/governo-abre-inscricoes-para-construcao-de-moradias-em-areas-rurais\\\/#listItem\",\"name\":\"Governo abre inscri\\u00e7\\u00f5es para constru\\u00e7\\u00e3o de moradias em \\u00e1reas rurais\"},\"previousItem\":{\"@type\":\"ListItem\",\"@id\":\"https:\\\/\\\/newsinfoco.com.br\\\/inicio#listItem\",\"name\":\"In\\u00edcio\"}},{\"@type\":\"ListItem\",\"@id\":\"https:\\\/\\\/newsinfoco.com.br\\\/inicio\\\/governo-abre-inscricoes-para-construcao-de-moradias-em-areas-rurais\\\/#listItem\",\"position\":3,\"name\":\"Governo abre inscri\\u00e7\\u00f5es para constru\\u00e7\\u00e3o de moradias em \\u00e1reas rurais\",\"previousItem\":{\"@type\":\"ListItem\",\"@id\":\"https:\\\/\\\/newsinfoco.com.br\\\/inicio\\\/category\\\/bahia\\\/#listItem\",\"name\":\"Bahia\"}}]},{\"@type\":\"Organization\",\"@id\":\"https:\\\/\\\/newsinfoco.com.br\\\/inicio\\\/#organization\",\"name\":\"News In Foco - Editado por Caio Pimenta\",\"description\":\"O principal site de noticias de Alagoinhas e regi\\u00e3o\",\"url\":\"https:\\\/\\\/newsinfoco.com.br\\\/inicio\\\/\"},{\"@type\":\"Person\",\"@id\":\"https:\\\/\\\/newsinfoco.com.br\\\/inicio\\\/author\\\/administrador\\\/#author\",\"url\":\"https:\\\/\\\/newsinfoco.com.br\\\/inicio\\\/author\\\/administrador\\\/\",\"name\":\"administrador\",\"image\":{\"@type\":\"ImageObject\",\"@id\":\"https:\\\/\\\/newsinfoco.com.br\\\/inicio\\\/governo-abre-inscricoes-para-construcao-de-moradias-em-areas-rurais\\\/#authorImage\",\"url\":\"https:\\\/\\\/secure.gravatar.com\\\/avatar\\\/c17a617433de8c1dc9584bb79aab7563b46f5bb7e1728c9b17d9cc3ce6a08e49?s=96&d=mm&r=g\",\"width\":96,\"height\":96,\"caption\":\"administrador\"}},{\"@type\":\"WebPage\",\"@id\":\"https:\\\/\\\/newsinfoco.com.br\\\/inicio\\\/governo-abre-inscricoes-para-construcao-de-moradias-em-areas-rurais\\\/#webpage\",\"url\":\"https:\\\/\\\/newsinfoco.com.br\\\/inicio\\\/governo-abre-inscricoes-para-construcao-de-moradias-em-areas-rurais\\\/\",\"name\":\"Governo abre inscri\\u00e7\\u00f5es para constru\\u00e7\\u00e3o de moradias em \\u00e1reas rurais - News In Foco - Editado por Caio Pimenta\",\"description\":\"Est\\u00e3o abertas at\\u00e9 o dia 2 de setembro de 2025 as inscri\\u00e7\\u00f5es para tr\\u00eas editais p\\u00fablicos da Companhia de Desenvolvimento e A\\u00e7\\u00e3o Regional (CAR), vinculada \\u00e0 Secretaria de Desenvolvimento Rural (SDR), voltados \\u00e0 Habita\\u00e7\\u00e3o Rural. As chamadas contemplam comunidades quilombolas, ind\\u00edgenas, de fundo e fecho de pasto, al\\u00e9m da finaliza\\u00e7\\u00e3o de moradias no campo. Juntos,\",\"inLanguage\":\"pt-BR\",\"isPartOf\":{\"@id\":\"https:\\\/\\\/newsinfoco.com.br\\\/inicio\\\/#website\"},\"breadcrumb\":{\"@id\":\"https:\\\/\\\/newsinfoco.com.br\\\/inicio\\\/governo-abre-inscricoes-para-construcao-de-moradias-em-areas-rurais\\\/#breadcrumblist\"},\"author\":{\"@id\":\"https:\\\/\\\/newsinfoco.com.br\\\/inicio\\\/author\\\/administrador\\\/#author\"},\"creator\":{\"@id\":\"https:\\\/\\\/newsinfoco.com.br\\\/inicio\\\/author\\\/administrador\\\/#author\"},\"image\":{\"@type\":\"ImageObject\",\"url\":\"https:\\\/\\\/newsinfoco.com.br\\\/inicio\\\/wp-content\\\/uploads\\\/2025\\\/08\\\/CAR-construcao-de-moradias-1.jpg\",\"@id\":\"https:\\\/\\\/newsinfoco.com.br\\\/inicio\\\/governo-abre-inscricoes-para-construcao-de-moradias-em-areas-rurais\\\/#mainImage\",\"width\":600,\"height\":420},\"primaryImageOfPage\":{\"@id\":\"https:\\\/\\\/newsinfoco.com.br\\\/inicio\\\/governo-abre-inscricoes-para-construcao-de-moradias-em-areas-rurais\\\/#mainImage\"},\"datePublished\":\"2025-08-02T14:46:00-03:00\",\"dateModified\":\"2025-08-02T14:46:00-03:00\"},{\"@type\":\"WebSite\",\"@id\":\"https:\\\/\\\/newsinfoco.com.br\\\/inicio\\\/#website\",\"url\":\"https:\\\/\\\/newsinfoco.com.br\\\/inicio\\\/\",\"name\":\"News In Foco - Editado por Caio Pimenta\",\"description\":\"O principal site de noticias de Alagoinhas e regi\\u00e3o\",\"inLanguage\":\"pt-BR\",\"publisher\":{\"@id\":\"https:\\\/\\\/newsinfoco.com.br\\\/inicio\\\/#organization\"}}]}\n\t\t<\/script>\n\t\t<!-- All in One SEO -->\n\n","aioseo_head_json":{"title":"Governo abre inscri\u00e7\u00f5es para constru\u00e7\u00e3o de moradias em \u00e1reas rurais - News In Foco - Editado por Caio Pimenta","description":"Est\u00e3o abertas at\u00e9 o dia 2 de setembro de 2025 as inscri\u00e7\u00f5es para tr\u00eas editais p\u00fablicos da Companhia de Desenvolvimento e A\u00e7\u00e3o Regional (CAR), vinculada \u00e0 Secretaria de Desenvolvimento Rural (SDR), voltados \u00e0 Habita\u00e7\u00e3o Rural. As chamadas contemplam comunidades quilombolas, ind\u00edgenas, de fundo e fecho de pasto, al\u00e9m da finaliza\u00e7\u00e3o de moradias no campo. Juntos,","canonical_url":"https:\/\/newsinfoco.com.br\/inicio\/governo-abre-inscricoes-para-construcao-de-moradias-em-areas-rurais\/","robots":"max-image-preview:large","keywords":"","webmasterTools":{"miscellaneous":""},"schema":{"@context":"https:\/\/schema.org","@graph":[{"@type":"BlogPosting","@id":"https:\/\/newsinfoco.com.br\/inicio\/governo-abre-inscricoes-para-construcao-de-moradias-em-areas-rurais\/#blogposting","name":"Governo abre inscri\u00e7\u00f5es para constru\u00e7\u00e3o de moradias em \u00e1reas rurais - News In Foco - Editado por Caio Pimenta","headline":"Governo abre inscri\u00e7\u00f5es para constru\u00e7\u00e3o de moradias em \u00e1reas rurais","author":{"@id":"https:\/\/newsinfoco.com.br\/inicio\/author\/administrador\/#author"},"publisher":{"@id":"https:\/\/newsinfoco.com.br\/inicio\/#organization"},"image":{"@type":"ImageObject","url":"https:\/\/newsinfoco.com.br\/inicio\/wp-content\/uploads\/2025\/08\/CAR-construcao-de-moradias-1.jpg","width":600,"height":420},"datePublished":"2025-08-02T14:46:00-03:00","dateModified":"2025-08-02T14:46:00-03:00","inLanguage":"pt-BR","mainEntityOfPage":{"@id":"https:\/\/newsinfoco.com.br\/inicio\/governo-abre-inscricoes-para-construcao-de-moradias-em-areas-rurais\/#webpage"},"isPartOf":{"@id":"https:\/\/newsinfoco.com.br\/inicio\/governo-abre-inscricoes-para-construcao-de-moradias-em-areas-rurais\/#webpage"},"articleSection":"Bahia"},{"@type":"BreadcrumbList","@id":"https:\/\/newsinfoco.com.br\/inicio\/governo-abre-inscricoes-para-construcao-de-moradias-em-areas-rurais\/#breadcrumblist","itemListElement":[{"@type":"ListItem","@id":"https:\/\/newsinfoco.com.br\/inicio#listItem","position":1,"name":"In\u00edcio","item":"https:\/\/newsinfoco.com.br\/inicio","nextItem":{"@type":"ListItem","@id":"https:\/\/newsinfoco.com.br\/inicio\/category\/bahia\/#listItem","name":"Bahia"}},{"@type":"ListItem","@id":"https:\/\/newsinfoco.com.br\/inicio\/category\/bahia\/#listItem","position":2,"name":"Bahia","item":"https:\/\/newsinfoco.com.br\/inicio\/category\/bahia\/","nextItem":{"@type":"ListItem","@id":"https:\/\/newsinfoco.com.br\/inicio\/governo-abre-inscricoes-para-construcao-de-moradias-em-areas-rurais\/#listItem","name":"Governo abre inscri\u00e7\u00f5es para constru\u00e7\u00e3o de moradias em \u00e1reas rurais"},"previousItem":{"@type":"ListItem","@id":"https:\/\/newsinfoco.com.br\/inicio#listItem","name":"In\u00edcio"}},{"@type":"ListItem","@id":"https:\/\/newsinfoco.com.br\/inicio\/governo-abre-inscricoes-para-construcao-de-moradias-em-areas-rurais\/#listItem","position":3,"name":"Governo abre inscri\u00e7\u00f5es para constru\u00e7\u00e3o de moradias em \u00e1reas rurais","previousItem":{"@type":"ListItem","@id":"https:\/\/newsinfoco.com.br\/inicio\/category\/bahia\/#listItem","name":"Bahia"}}]},{"@type":"Organization","@id":"https:\/\/newsinfoco.com.br\/inicio\/#organization","name":"News In Foco - Editado por Caio Pimenta","description":"O principal site de noticias de Alagoinhas e regi\u00e3o","url":"https:\/\/newsinfoco.com.br\/inicio\/"},{"@type":"Person","@id":"https:\/\/newsinfoco.com.br\/inicio\/author\/administrador\/#author","url":"https:\/\/newsinfoco.com.br\/inicio\/author\/administrador\/","name":"administrador","image":{"@type":"ImageObject","@id":"https:\/\/newsinfoco.com.br\/inicio\/governo-abre-inscricoes-para-construcao-de-moradias-em-areas-rurais\/#authorImage","url":"https:\/\/secure.gravatar.com\/avatar\/c17a617433de8c1dc9584bb79aab7563b46f5bb7e1728c9b17d9cc3ce6a08e49?s=96&d=mm&r=g","width":96,"height":96,"caption":"administrador"}},{"@type":"WebPage","@id":"https:\/\/newsinfoco.com.br\/inicio\/governo-abre-inscricoes-para-construcao-de-moradias-em-areas-rurais\/#webpage","url":"https:\/\/newsinfoco.com.br\/inicio\/governo-abre-inscricoes-para-construcao-de-moradias-em-areas-rurais\/","name":"Governo abre inscri\u00e7\u00f5es para constru\u00e7\u00e3o de moradias em \u00e1reas rurais - News In Foco - Editado por Caio Pimenta","description":"Est\u00e3o abertas at\u00e9 o dia 2 de setembro de 2025 as inscri\u00e7\u00f5es para tr\u00eas editais p\u00fablicos da Companhia de Desenvolvimento e A\u00e7\u00e3o Regional (CAR), vinculada \u00e0 Secretaria de Desenvolvimento Rural (SDR), voltados \u00e0 Habita\u00e7\u00e3o Rural. As chamadas contemplam comunidades quilombolas, ind\u00edgenas, de fundo e fecho de pasto, al\u00e9m da finaliza\u00e7\u00e3o de moradias no campo. Juntos,","inLanguage":"pt-BR","isPartOf":{"@id":"https:\/\/newsinfoco.com.br\/inicio\/#website"},"breadcrumb":{"@id":"https:\/\/newsinfoco.com.br\/inicio\/governo-abre-inscricoes-para-construcao-de-moradias-em-areas-rurais\/#breadcrumblist"},"author":{"@id":"https:\/\/newsinfoco.com.br\/inicio\/author\/administrador\/#author"},"creator":{"@id":"https:\/\/newsinfoco.com.br\/inicio\/author\/administrador\/#author"},"image":{"@type":"ImageObject","url":"https:\/\/newsinfoco.com.br\/inicio\/wp-content\/uploads\/2025\/08\/CAR-construcao-de-moradias-1.jpg","@id":"https:\/\/newsinfoco.com.br\/inicio\/governo-abre-inscricoes-para-construcao-de-moradias-em-areas-rurais\/#mainImage","width":600,"height":420},"primaryImageOfPage":{"@id":"https:\/\/newsinfoco.com.br\/inicio\/governo-abre-inscricoes-para-construcao-de-moradias-em-areas-rurais\/#mainImage"},"datePublished":"2025-08-02T14:46:00-03:00","dateModified":"2025-08-02T14:46:00-03:00"},{"@type":"WebSite","@id":"https:\/\/newsinfoco.com.br\/inicio\/#website","url":"https:\/\/newsinfoco.com.br\/inicio\/","name":"News In Foco - Editado por Caio Pimenta","description":"O principal site de noticias de Alagoinhas e regi\u00e3o","inLanguage":"pt-BR","publisher":{"@id":"https:\/\/newsinfoco.com.br\/inicio\/#organization"}}]},"og:locale":"pt_BR","og:site_name":"News In Foco - Editado por Caio Pimenta - O principal site de noticias de Alagoinhas e regi\u00e3o","og:type":"article","og:title":"Governo abre inscri\u00e7\u00f5es para constru\u00e7\u00e3o de moradias em \u00e1reas rurais - News In Foco - Editado por Caio Pimenta","og:description":"Est\u00e3o abertas at\u00e9 o dia 2 de setembro de 2025 as inscri\u00e7\u00f5es para tr\u00eas editais p\u00fablicos da Companhia de Desenvolvimento e A\u00e7\u00e3o Regional (CAR), vinculada \u00e0 Secretaria de Desenvolvimento Rural (SDR), voltados \u00e0 Habita\u00e7\u00e3o Rural. As chamadas contemplam comunidades quilombolas, ind\u00edgenas, de fundo e fecho de pasto, al\u00e9m da finaliza\u00e7\u00e3o de moradias no campo. Juntos,","og:url":"https:\/\/newsinfoco.com.br\/inicio\/governo-abre-inscricoes-para-construcao-de-moradias-em-areas-rurais\/","article:published_time":"2025-08-02T17:46:00+00:00","article:modified_time":"2025-08-02T17:46:00+00:00","twitter:card":"summary_large_image","twitter:title":"Governo abre inscri\u00e7\u00f5es para constru\u00e7\u00e3o de moradias em \u00e1reas rurais - News In Foco - Editado por Caio Pimenta","twitter:description":"Est\u00e3o abertas at\u00e9 o dia 2 de setembro de 2025 as inscri\u00e7\u00f5es para tr\u00eas editais p\u00fablicos da Companhia de Desenvolvimento e A\u00e7\u00e3o Regional (CAR), vinculada \u00e0 Secretaria de Desenvolvimento Rural (SDR), voltados \u00e0 Habita\u00e7\u00e3o Rural. As chamadas contemplam comunidades quilombolas, ind\u00edgenas, de fundo e fecho de pasto, al\u00e9m da finaliza\u00e7\u00e3o de moradias no campo. Juntos,"},"aioseo_meta_data":{"post_id":"43889","title":null,"description":null,"keywords":null,"keyphrases":{"focus":{"keyphrase":"","score":0,"analysis":{"keyphraseInTitle":{"score":0,"maxScore":9,"error":1}}},"additional":[]},"primary_term":null,"canonical_url":null,"og_title":null,"og_description":null,"og_object_type":"default","og_image_type":"default","og_image_url":null,"og_image_width":null,"og_image_height":null,"og_image_custom_url":null,"og_image_custom_fields":null,"og_video":"","og_custom_url":null,"og_article_section":null,"og_article_tags":null,"twitter_use_og":false,"twitter_card":"default","twitter_image_type":"default","twitter_image_url":null,"twitter_image_custom_url":null,"twitter_image_custom_fields":null,"twitter_title":null,"twitter_description":null,"schema":{"blockGraphs":[],"customGraphs":[],"default":{"data":{"Article":[],"Course":[],"Dataset":[],"FAQPage":[],"Movie":[],"Person":[],"Product":[],"ProductReview":[],"Car":[],"Recipe":[],"Service":[],"SoftwareApplication":[],"WebPage":[]},"graphName":"BlogPosting","isEnabled":true},"graphs":[]},"schema_type":"default","schema_type_options":null,"pillar_content":false,"robots_default":true,"robots_noindex":false,"robots_noarchive":false,"robots_nosnippet":false,"robots_nofollow":false,"robots_noimageindex":false,"robots_noodp":false,"robots_notranslate":false,"robots_max_snippet":"-1","robots_max_videopreview":"-1","robots_max_imagepreview":"large","priority":null,"frequency":"default","local_seo":null,"breadcrumb_settings":null,"limit_modified_date":false,"ai":{"faqs":[],"keyPoints":[],"titles":[],"descriptions":[],"socialPosts":{"email":[],"linkedin":[],"twitter":[],"facebook":[],"instagram":[]}},"created":"2025-08-02 17:46:00","updated":"2025-08-02 17:47:20","seo_analyzer_scan_date":null},"aioseo_breadcrumb":"<div class=\"aioseo-breadcrumbs\"><span class=\"aioseo-breadcrumb\">\n\t\t\t<a href=\"https:\/\/newsinfoco.com.br\/inicio\" title=\"In\u00edcio\">In\u00edcio<\/a>\n\t\t<\/span><span class=\"aioseo-breadcrumb-separator\">&raquo;<\/span><span class=\"aioseo-breadcrumb\">\n\t\t\t<a href=\"https:\/\/newsinfoco.com.br\/inicio\/category\/bahia\/\" title=\"Bahia\">Bahia<\/a>\n\t\t<\/span><span class=\"aioseo-breadcrumb-separator\">&raquo;<\/span><span class=\"aioseo-breadcrumb\">\n\t\t\tGoverno abre inscri\u00e7\u00f5es para constru\u00e7\u00e3o de moradias em \u00e1reas rurais\n\t\t<\/span><\/div>","aioseo_breadcrumb_json":[{"label":"In\u00edcio","link":"https:\/\/newsinfoco.com.br\/inicio"},{"label":"Bahia","link":"https:\/\/newsinfoco.com.br\/inicio\/category\/bahia\/"},{"label":"Governo abre inscri\u00e7\u00f5es para constru\u00e7\u00e3o de moradias em \u00e1reas rurais","link":"https:\/\/newsinfoco.com.br\/inicio\/governo-abre-inscricoes-para-construcao-de-moradias-em-areas-rurais\/"}],"_links":{"self":[{"href":"https:\/\/newsinfoco.com.br\/inicio\/wp-json\/wp\/v2\/posts\/43889","targetHints":{"allow":["GET"]}}],"collection":[{"href":"https:\/\/newsinfoco.com.br\/inicio\/wp-json\/wp\/v2\/posts"}],"about":[{"href":"https:\/\/newsinfoco.com.br\/inicio\/wp-json\/wp\/v2\/types\/post"}],"author":[{"embeddable":true,"href":"https:\/\/newsinfoco.com.br\/inicio\/wp-json\/wp\/v2\/users\/1"}],"replies":[{"embeddable":true,"href":"https:\/\/newsinfoco.com.br\/inicio\/wp-json\/wp\/v2\/comments?post=43889"}],"version-history":[{"count":1,"href":"https:\/\/newsinfoco.com.br\/inicio\/wp-json\/wp\/v2\/posts\/43889\/revisions"}],"predecessor-version":[{"id":43892,"href":"https:\/\/newsinfoco.com.br\/inicio\/wp-json\/wp\/v2\/posts\/43889\/revisions\/43892"}],"wp:featuredmedia":[{"embeddable":true,"href":"https:\/\/newsinfoco.com.br\/inicio\/wp-json\/wp\/v2\/media\/43891"}],"wp:attachment":[{"href":"https:\/\/newsinfoco.com.br\/inicio\/wp-json\/wp\/v2\/media?parent=43889"}],"wp:term":[{"taxonomy":"category","embeddable":true,"href":"https:\/\/newsinfoco.com.br\/inicio\/wp-json\/wp\/v2\/categories?post=43889"},{"taxonomy":"post_tag","embeddable":true,"href":"https:\/\/newsinfoco.com.br\/inicio\/wp-json\/wp\/v2\/tags?post=43889"}],"curies":[{"name":"wp","href":"https:\/\/api.w.org\/{rel}","templated":true}]}}