{"id":43925,"date":"2025-08-04T16:31:10","date_gmt":"2025-08-04T19:31:10","guid":{"rendered":"https:\/\/newsinfoco.com.br\/inicio\/?p=43925"},"modified":"2025-08-04T16:31:10","modified_gmt":"2025-08-04T19:31:10","slug":"caixa-lanca-programas-de-capacitacao-para-gestores-publicos","status":"publish","type":"post","link":"https:\/\/newsinfoco.com.br\/inicio\/caixa-lanca-programas-de-capacitacao-para-gestores-publicos\/","title":{"rendered":"Caixa lan\u00e7a programas de capacita\u00e7\u00e3o para gestores p\u00fablicos"},"content":{"rendered":"<p>Com foco na moderniza\u00e7\u00e3o da gest\u00e3o p\u00fablica por meio da inova\u00e7\u00e3o, a Caixa, em parceria com a Secretaria do Tesouro Nacional e a Funda\u00e7\u00e3o Dom Cabral (FDC), lan\u00e7ou, na sexta-feira (1\u00ba), dois programas de capacita\u00e7\u00e3o voltados ao desenvolvimento de lideran\u00e7as e agentes p\u00fablicos: \u201cServi\u00e7o P\u00fablico do Futuro\u201d e \u201cInova\u00e7\u00e3o na Gest\u00e3o P\u00fablica\u201d.<\/p>\n<p>O lan\u00e7amento, realizado no campus da FDC, em S\u00e3o Paulo, contou com a presen\u00e7a do vice-presidente de Governo da Caixa, Tiago Cordeiro, do presidente executivo da FDC, Antonio Batista da Silva Junior, e do secret\u00e1rio do Tesouro Nacional, Rog\u00e9rio Ceron de Oliveira.<\/p>\n<p>As iniciativas v\u00e3o beneficiar 80 agentes p\u00fablicos a serem selecionados, com o prop\u00f3sito de prepar\u00e1-los para liderar e atuar em um cen\u00e1rio de r\u00e1pidas transforma\u00e7\u00f5es tecnol\u00f3gicas, novas demandas sociais e crescente exig\u00eancia por servi\u00e7os p\u00fablicos mais eficientes e centrados no cidad\u00e3o. O per\u00edodo de inscri\u00e7\u00f5es abrir\u00e1 em breve. Os interessados devem acompanhar pelo site da Caixa e da FDC.<\/p>\n<p>O vice-presidente de Governo, Tiago Cordeiro, destacou que investir na capacita\u00e7\u00e3o em inova\u00e7\u00e3o para agentes p\u00fablicos \u00e9 fundamental para fortalecer a gest\u00e3o p\u00fablica em todo o pa\u00eds. \u201cA parceria com a Secretaria do Tesouro Nacional e com a FDC refor\u00e7a nosso compromisso com a moderniza\u00e7\u00e3o do servi\u00e7o para a entrega de solu\u00e7\u00f5es mais eficientes \u00e0 popula\u00e7\u00e3o\u201d, complementa.<\/p>\n<p>O secret\u00e1rio Rog\u00e9rio Ceron comentou a import\u00e2ncia da iniciativa. \u201cO Tesouro Nacional est\u00e1 empenhado em colaborar e apoiar que estados e munic\u00edpios se preparem para absorver novas tecnologias e utiliz\u00e1-las para gerar efici\u00eancia e levar a popula\u00e7\u00e3o servi\u00e7os p\u00fablicos cada vez mais melhores\u201d, afirma.<\/p>\n<p>Para o presidente-executivo da Funda\u00e7\u00e3o Dom Cabral, Antonio Batista da Silva Junior, \u201ca parceria da FDC com o STN e a CEF \u00e9 resultado de um esfor\u00e7o conjunto destinado ao fortalecimento de uma gest\u00e3o p\u00fablica eficiente, \u00e9tica e inovadora, capaz de gerar cada vez mais valor para a sociedade\u201d.<\/p>\n<p>O projeto \u00e9 operacionalizado pela Caixa e a capacita\u00e7\u00e3o \u00e9 gratuita para os participantes, pois \u00e9 financiada com os recursos provenientes da Portarias MF n\u00ba 808\/2023 e STN\/MF n\u00ba 1.478\/2023.<\/p>\n<p>A Portaria N\u00ba 808\/2023 visa fomentar o apoio das institui\u00e7\u00f5es financeiras a estados e munic\u00edpios em temas de gest\u00e3o p\u00fablica e parcerias p\u00fablico-privadas.<\/p>\n<p>De acordo com a Portaria, a concess\u00e3o de garantias em opera\u00e7\u00f5es de cr\u00e9dito contratadas pelos estados, Distrito Federal e munic\u00edpios est\u00e1 condicionada a contrapartida m\u00ednima das institui\u00e7\u00f5es financeiras, equivalente a 0,5% do valor das opera\u00e7\u00f5es de cr\u00e9dito com garantia da Uni\u00e3o, para aplica\u00e7\u00e3o no apoio ao aprimoramento da gest\u00e3o fiscal ou \u00e0 promo\u00e7\u00e3o de investimentos dos entes subnacionais.<\/p>\n<p><strong>Inova\u00e7\u00e3o em Gest\u00e3o P\u00fablica<\/strong><\/p>\n<p>Com abordagem pr\u00e1tica e foco estrat\u00e9gico, o programa Inova\u00e7\u00e3o em Gest\u00e3o P\u00fablica prop\u00f5e, em 80 horas-aulas, capacitar os participantes na ado\u00e7\u00e3o de solu\u00e7\u00f5es inovadoras e no uso de tecnologias emergentes no setor p\u00fablico. Os conte\u00fados abrangem temas como intelig\u00eancia artificial, big data, foresight e tend\u00eancias de inova\u00e7\u00e3o, estimulando tamb\u00e9m uma mentalidade voltada \u00e0 transforma\u00e7\u00e3o institucional.<\/p>\n<p>Servi\u00e7o P\u00fablico do Futuro<\/p>\n<p>J\u00e1 o programa Servi\u00e7o P\u00fablico do Futuro foi desenvolvido a partir de uma pesquisa realizada pelo N\u00facleo de Inova\u00e7\u00e3o, Intelig\u00eancia Artificial e Tecnologias Digitais da FDC, em parceria com o F\u00f3rum Econ\u00f4mico Mundial (WEF). O estudo aponta que, al\u00e9m das compet\u00eancias digitais, habilidades como adaptabilidade, flexibilidade e empatia ser\u00e3o essenciais para o servidor do futuro. A forma\u00e7\u00e3o oferece, em 55 horas-aulas, ferramentas pr\u00e1ticas para o desenvolvimento de lideran\u00e7as alinhadas \u00e0s mudan\u00e7as sociais e tecnol\u00f3gicas em curso.<\/p>\n<div class=\"conteudo_post\">\n<p>As duas iniciativas est\u00e3o alinhadas aos debates em torno da Reforma Administrativa no Congresso Nacional, que tem entre seus eixos centrais a valoriza\u00e7\u00e3o de compet\u00eancias e a promo\u00e7\u00e3o da inova\u00e7\u00e3o no servi\u00e7o p\u00fablico. A proposta \u00e9 contribuir para o fortalecimento da efici\u00eancia, da transpar\u00eancia e da qualidade dos servi\u00e7os oferecidos \u00e0 popula\u00e7\u00e3o.<\/p>\n<\/div>\n<div id=\"div-share\">\n<div class=\"conteudo_post\">\n<p>&nbsp;<\/p>\n<\/div>\n<\/div>\n<div id=\"div-share\">Bahia.Ba<\/div>\n<p>&nbsp;<\/p>\n<div class='share-to-whatsapp-wrapper'><div class='share-on-whsp'>Share on: <\/div><a data-text='Caixa lan\u00e7a programas de capacita\u00e7\u00e3o para gestores p\u00fablicos' data-link='https:\/\/newsinfoco.com.br\/inicio\/caixa-lanca-programas-de-capacitacao-para-gestores-publicos\/' class='whatsapp-button whatsapp-share'>WhatsApp<\/a><div class='clear '><\/div><\/div>","protected":false},"excerpt":{"rendered":"<p>Com foco na moderniza\u00e7\u00e3o da gest\u00e3o p\u00fablica por meio da inova\u00e7\u00e3o, a Caixa, em parceria com a Secretaria do Tesouro Nacional e a Funda\u00e7\u00e3o Dom Cabral (FDC), lan\u00e7ou, na sexta-feira (1\u00ba), dois programas de capacita\u00e7\u00e3o voltados ao desenvolvimento de lideran\u00e7as e agentes p\u00fablicos: \u201cServi\u00e7o P\u00fablico do Futuro\u201d e \u201cInova\u00e7\u00e3o na Gest\u00e3o P\u00fablica\u201d. O lan\u00e7amento, realizado [&hellip;]<\/p>\n","protected":false},"author":1,"featured_media":43926,"comment_status":"closed","ping_status":"closed","sticky":false,"template":"","format":"standard","meta":{"om_disable_all_campaigns":false,"rop_custom_images_group":[],"rop_custom_messages_group":[],"rop_publish_now":"initial","rop_publish_now_accounts":[],"rop_publish_now_history":[],"rop_publish_now_status":"pending","_exactmetrics_skip_tracking":false,"footnotes":""},"categories":[21],"tags":[],"class_list":["post-43925","post","type-post","status-publish","format-standard","has-post-thumbnail","hentry","category-brasil"],"aioseo_notices":[],"aioseo_head":"\n\t\t<!-- All in One SEO 4.9.10 - aioseo.com -->\n\t<meta name=\"description\" content=\"Com foco na moderniza\u00e7\u00e3o da gest\u00e3o p\u00fablica por meio da inova\u00e7\u00e3o, a Caixa, em parceria com a Secretaria do Tesouro Nacional e a Funda\u00e7\u00e3o Dom Cabral (FDC), lan\u00e7ou, na sexta-feira (1\u00ba), dois programas de capacita\u00e7\u00e3o voltados ao desenvolvimento de lideran\u00e7as e agentes p\u00fablicos: \u201cServi\u00e7o P\u00fablico do Futuro\u201d e \u201cInova\u00e7\u00e3o na Gest\u00e3o P\u00fablica\u201d. O lan\u00e7amento, realizado\" \/>\n\t<meta name=\"robots\" content=\"max-image-preview:large\" \/>\n\t<meta name=\"author\" content=\"administrador\"\/>\n\t<link rel=\"canonical\" href=\"https:\/\/newsinfoco.com.br\/inicio\/caixa-lanca-programas-de-capacitacao-para-gestores-publicos\/\" \/>\n\t<meta name=\"generator\" content=\"All in One SEO (AIOSEO) 4.9.10\" \/>\n\t\t<meta property=\"og:locale\" content=\"pt_BR\" \/>\n\t\t<meta property=\"og:site_name\" content=\"News In Foco - Editado por Caio Pimenta - O principal site de noticias de Alagoinhas e regi\u00e3o\" \/>\n\t\t<meta property=\"og:type\" content=\"article\" \/>\n\t\t<meta property=\"og:title\" content=\"Caixa lan\u00e7a programas de capacita\u00e7\u00e3o para gestores p\u00fablicos - News In Foco - Editado por Caio Pimenta\" \/>\n\t\t<meta property=\"og:description\" content=\"Com foco na moderniza\u00e7\u00e3o da gest\u00e3o p\u00fablica por meio da inova\u00e7\u00e3o, a Caixa, em parceria com a Secretaria do Tesouro Nacional e a Funda\u00e7\u00e3o Dom Cabral (FDC), lan\u00e7ou, na sexta-feira (1\u00ba), dois programas de capacita\u00e7\u00e3o voltados ao desenvolvimento de lideran\u00e7as e agentes p\u00fablicos: \u201cServi\u00e7o P\u00fablico do Futuro\u201d e \u201cInova\u00e7\u00e3o na Gest\u00e3o P\u00fablica\u201d. O lan\u00e7amento, realizado\" \/>\n\t\t<meta property=\"og:url\" content=\"https:\/\/newsinfoco.com.br\/inicio\/caixa-lanca-programas-de-capacitacao-para-gestores-publicos\/\" \/>\n\t\t<meta property=\"article:published_time\" content=\"2025-08-04T19:31:10+00:00\" \/>\n\t\t<meta property=\"article:modified_time\" content=\"2025-08-04T19:31:10+00:00\" \/>\n\t\t<meta name=\"twitter:card\" content=\"summary_large_image\" \/>\n\t\t<meta name=\"twitter:title\" content=\"Caixa lan\u00e7a programas de capacita\u00e7\u00e3o para gestores p\u00fablicos - News In Foco - Editado por Caio Pimenta\" \/>\n\t\t<meta name=\"twitter:description\" content=\"Com foco na moderniza\u00e7\u00e3o da gest\u00e3o p\u00fablica por meio da inova\u00e7\u00e3o, a Caixa, em parceria com a Secretaria do Tesouro Nacional e a Funda\u00e7\u00e3o Dom Cabral (FDC), lan\u00e7ou, na sexta-feira (1\u00ba), dois programas de capacita\u00e7\u00e3o voltados ao desenvolvimento de lideran\u00e7as e agentes p\u00fablicos: \u201cServi\u00e7o P\u00fablico do Futuro\u201d e \u201cInova\u00e7\u00e3o na Gest\u00e3o P\u00fablica\u201d. O lan\u00e7amento, realizado\" \/>\n\t\t<script type=\"application\/ld+json\" class=\"aioseo-schema\">\n\t\t\t{\"@context\":\"https:\\\/\\\/schema.org\",\"@graph\":[{\"@type\":\"BlogPosting\",\"@id\":\"https:\\\/\\\/newsinfoco.com.br\\\/inicio\\\/caixa-lanca-programas-de-capacitacao-para-gestores-publicos\\\/#blogposting\",\"name\":\"Caixa lan\\u00e7a programas de capacita\\u00e7\\u00e3o para gestores p\\u00fablicos - News In Foco - Editado por Caio Pimenta\",\"headline\":\"Caixa lan\\u00e7a programas de capacita\\u00e7\\u00e3o para gestores p\\u00fablicos\",\"author\":{\"@id\":\"https:\\\/\\\/newsinfoco.com.br\\\/inicio\\\/author\\\/administrador\\\/#author\"},\"publisher\":{\"@id\":\"https:\\\/\\\/newsinfoco.com.br\\\/inicio\\\/#organization\"},\"image\":{\"@type\":\"ImageObject\",\"url\":\"https:\\\/\\\/newsinfoco.com.br\\\/inicio\\\/wp-content\\\/uploads\\\/2025\\\/08\\\/Caixa-Marcelo-Camargo-Agencia-Brasil-1.jpg\",\"width\":600,\"height\":420},\"datePublished\":\"2025-08-04T16:31:10-03:00\",\"dateModified\":\"2025-08-04T16:31:10-03:00\",\"inLanguage\":\"pt-BR\",\"mainEntityOfPage\":{\"@id\":\"https:\\\/\\\/newsinfoco.com.br\\\/inicio\\\/caixa-lanca-programas-de-capacitacao-para-gestores-publicos\\\/#webpage\"},\"isPartOf\":{\"@id\":\"https:\\\/\\\/newsinfoco.com.br\\\/inicio\\\/caixa-lanca-programas-de-capacitacao-para-gestores-publicos\\\/#webpage\"},\"articleSection\":\"Brasil\"},{\"@type\":\"BreadcrumbList\",\"@id\":\"https:\\\/\\\/newsinfoco.com.br\\\/inicio\\\/caixa-lanca-programas-de-capacitacao-para-gestores-publicos\\\/#breadcrumblist\",\"itemListElement\":[{\"@type\":\"ListItem\",\"@id\":\"https:\\\/\\\/newsinfoco.com.br\\\/inicio#listItem\",\"position\":1,\"name\":\"In\\u00edcio\",\"item\":\"https:\\\/\\\/newsinfoco.com.br\\\/inicio\",\"nextItem\":{\"@type\":\"ListItem\",\"@id\":\"https:\\\/\\\/newsinfoco.com.br\\\/inicio\\\/category\\\/brasil\\\/#listItem\",\"name\":\"Brasil\"}},{\"@type\":\"ListItem\",\"@id\":\"https:\\\/\\\/newsinfoco.com.br\\\/inicio\\\/category\\\/brasil\\\/#listItem\",\"position\":2,\"name\":\"Brasil\",\"item\":\"https:\\\/\\\/newsinfoco.com.br\\\/inicio\\\/category\\\/brasil\\\/\",\"nextItem\":{\"@type\":\"ListItem\",\"@id\":\"https:\\\/\\\/newsinfoco.com.br\\\/inicio\\\/caixa-lanca-programas-de-capacitacao-para-gestores-publicos\\\/#listItem\",\"name\":\"Caixa lan\\u00e7a programas de capacita\\u00e7\\u00e3o para gestores p\\u00fablicos\"},\"previousItem\":{\"@type\":\"ListItem\",\"@id\":\"https:\\\/\\\/newsinfoco.com.br\\\/inicio#listItem\",\"name\":\"In\\u00edcio\"}},{\"@type\":\"ListItem\",\"@id\":\"https:\\\/\\\/newsinfoco.com.br\\\/inicio\\\/caixa-lanca-programas-de-capacitacao-para-gestores-publicos\\\/#listItem\",\"position\":3,\"name\":\"Caixa lan\\u00e7a programas de capacita\\u00e7\\u00e3o para gestores p\\u00fablicos\",\"previousItem\":{\"@type\":\"ListItem\",\"@id\":\"https:\\\/\\\/newsinfoco.com.br\\\/inicio\\\/category\\\/brasil\\\/#listItem\",\"name\":\"Brasil\"}}]},{\"@type\":\"Organization\",\"@id\":\"https:\\\/\\\/newsinfoco.com.br\\\/inicio\\\/#organization\",\"name\":\"News In Foco - Editado por Caio Pimenta\",\"description\":\"O principal site de noticias de Alagoinhas e regi\\u00e3o\",\"url\":\"https:\\\/\\\/newsinfoco.com.br\\\/inicio\\\/\"},{\"@type\":\"Person\",\"@id\":\"https:\\\/\\\/newsinfoco.com.br\\\/inicio\\\/author\\\/administrador\\\/#author\",\"url\":\"https:\\\/\\\/newsinfoco.com.br\\\/inicio\\\/author\\\/administrador\\\/\",\"name\":\"administrador\",\"image\":{\"@type\":\"ImageObject\",\"@id\":\"https:\\\/\\\/newsinfoco.com.br\\\/inicio\\\/caixa-lanca-programas-de-capacitacao-para-gestores-publicos\\\/#authorImage\",\"url\":\"https:\\\/\\\/secure.gravatar.com\\\/avatar\\\/c17a617433de8c1dc9584bb79aab7563b46f5bb7e1728c9b17d9cc3ce6a08e49?s=96&d=mm&r=g\",\"width\":96,\"height\":96,\"caption\":\"administrador\"}},{\"@type\":\"WebPage\",\"@id\":\"https:\\\/\\\/newsinfoco.com.br\\\/inicio\\\/caixa-lanca-programas-de-capacitacao-para-gestores-publicos\\\/#webpage\",\"url\":\"https:\\\/\\\/newsinfoco.com.br\\\/inicio\\\/caixa-lanca-programas-de-capacitacao-para-gestores-publicos\\\/\",\"name\":\"Caixa lan\\u00e7a programas de capacita\\u00e7\\u00e3o para gestores p\\u00fablicos - News In Foco - Editado por Caio Pimenta\",\"description\":\"Com foco na moderniza\\u00e7\\u00e3o da gest\\u00e3o p\\u00fablica por meio da inova\\u00e7\\u00e3o, a Caixa, em parceria com a Secretaria do Tesouro Nacional e a Funda\\u00e7\\u00e3o Dom Cabral (FDC), lan\\u00e7ou, na sexta-feira (1\\u00ba), dois programas de capacita\\u00e7\\u00e3o voltados ao desenvolvimento de lideran\\u00e7as e agentes p\\u00fablicos: \\u201cServi\\u00e7o P\\u00fablico do Futuro\\u201d e \\u201cInova\\u00e7\\u00e3o na Gest\\u00e3o P\\u00fablica\\u201d. O lan\\u00e7amento, realizado\",\"inLanguage\":\"pt-BR\",\"isPartOf\":{\"@id\":\"https:\\\/\\\/newsinfoco.com.br\\\/inicio\\\/#website\"},\"breadcrumb\":{\"@id\":\"https:\\\/\\\/newsinfoco.com.br\\\/inicio\\\/caixa-lanca-programas-de-capacitacao-para-gestores-publicos\\\/#breadcrumblist\"},\"author\":{\"@id\":\"https:\\\/\\\/newsinfoco.com.br\\\/inicio\\\/author\\\/administrador\\\/#author\"},\"creator\":{\"@id\":\"https:\\\/\\\/newsinfoco.com.br\\\/inicio\\\/author\\\/administrador\\\/#author\"},\"image\":{\"@type\":\"ImageObject\",\"url\":\"https:\\\/\\\/newsinfoco.com.br\\\/inicio\\\/wp-content\\\/uploads\\\/2025\\\/08\\\/Caixa-Marcelo-Camargo-Agencia-Brasil-1.jpg\",\"@id\":\"https:\\\/\\\/newsinfoco.com.br\\\/inicio\\\/caixa-lanca-programas-de-capacitacao-para-gestores-publicos\\\/#mainImage\",\"width\":600,\"height\":420},\"primaryImageOfPage\":{\"@id\":\"https:\\\/\\\/newsinfoco.com.br\\\/inicio\\\/caixa-lanca-programas-de-capacitacao-para-gestores-publicos\\\/#mainImage\"},\"datePublished\":\"2025-08-04T16:31:10-03:00\",\"dateModified\":\"2025-08-04T16:31:10-03:00\"},{\"@type\":\"WebSite\",\"@id\":\"https:\\\/\\\/newsinfoco.com.br\\\/inicio\\\/#website\",\"url\":\"https:\\\/\\\/newsinfoco.com.br\\\/inicio\\\/\",\"name\":\"News In Foco - Editado por Caio Pimenta\",\"description\":\"O principal site de noticias de Alagoinhas e regi\\u00e3o\",\"inLanguage\":\"pt-BR\",\"publisher\":{\"@id\":\"https:\\\/\\\/newsinfoco.com.br\\\/inicio\\\/#organization\"}}]}\n\t\t<\/script>\n\t\t<!-- All in One SEO -->\n\n","aioseo_head_json":{"title":"Caixa lan\u00e7a programas de capacita\u00e7\u00e3o para gestores p\u00fablicos - News In Foco - Editado por Caio Pimenta","description":"Com foco na moderniza\u00e7\u00e3o da gest\u00e3o p\u00fablica por meio da inova\u00e7\u00e3o, a Caixa, em parceria com a Secretaria do Tesouro Nacional e a Funda\u00e7\u00e3o Dom Cabral (FDC), lan\u00e7ou, na sexta-feira (1\u00ba), dois programas de capacita\u00e7\u00e3o voltados ao desenvolvimento de lideran\u00e7as e agentes p\u00fablicos: \u201cServi\u00e7o P\u00fablico do Futuro\u201d e \u201cInova\u00e7\u00e3o na Gest\u00e3o P\u00fablica\u201d. O lan\u00e7amento, realizado","canonical_url":"https:\/\/newsinfoco.com.br\/inicio\/caixa-lanca-programas-de-capacitacao-para-gestores-publicos\/","robots":"max-image-preview:large","keywords":"","webmasterTools":{"miscellaneous":""},"schema":{"@context":"https:\/\/schema.org","@graph":[{"@type":"BlogPosting","@id":"https:\/\/newsinfoco.com.br\/inicio\/caixa-lanca-programas-de-capacitacao-para-gestores-publicos\/#blogposting","name":"Caixa lan\u00e7a programas de capacita\u00e7\u00e3o para gestores p\u00fablicos - News In Foco - Editado por Caio Pimenta","headline":"Caixa lan\u00e7a programas de capacita\u00e7\u00e3o para gestores p\u00fablicos","author":{"@id":"https:\/\/newsinfoco.com.br\/inicio\/author\/administrador\/#author"},"publisher":{"@id":"https:\/\/newsinfoco.com.br\/inicio\/#organization"},"image":{"@type":"ImageObject","url":"https:\/\/newsinfoco.com.br\/inicio\/wp-content\/uploads\/2025\/08\/Caixa-Marcelo-Camargo-Agencia-Brasil-1.jpg","width":600,"height":420},"datePublished":"2025-08-04T16:31:10-03:00","dateModified":"2025-08-04T16:31:10-03:00","inLanguage":"pt-BR","mainEntityOfPage":{"@id":"https:\/\/newsinfoco.com.br\/inicio\/caixa-lanca-programas-de-capacitacao-para-gestores-publicos\/#webpage"},"isPartOf":{"@id":"https:\/\/newsinfoco.com.br\/inicio\/caixa-lanca-programas-de-capacitacao-para-gestores-publicos\/#webpage"},"articleSection":"Brasil"},{"@type":"BreadcrumbList","@id":"https:\/\/newsinfoco.com.br\/inicio\/caixa-lanca-programas-de-capacitacao-para-gestores-publicos\/#breadcrumblist","itemListElement":[{"@type":"ListItem","@id":"https:\/\/newsinfoco.com.br\/inicio#listItem","position":1,"name":"In\u00edcio","item":"https:\/\/newsinfoco.com.br\/inicio","nextItem":{"@type":"ListItem","@id":"https:\/\/newsinfoco.com.br\/inicio\/category\/brasil\/#listItem","name":"Brasil"}},{"@type":"ListItem","@id":"https:\/\/newsinfoco.com.br\/inicio\/category\/brasil\/#listItem","position":2,"name":"Brasil","item":"https:\/\/newsinfoco.com.br\/inicio\/category\/brasil\/","nextItem":{"@type":"ListItem","@id":"https:\/\/newsinfoco.com.br\/inicio\/caixa-lanca-programas-de-capacitacao-para-gestores-publicos\/#listItem","name":"Caixa lan\u00e7a programas de capacita\u00e7\u00e3o para gestores p\u00fablicos"},"previousItem":{"@type":"ListItem","@id":"https:\/\/newsinfoco.com.br\/inicio#listItem","name":"In\u00edcio"}},{"@type":"ListItem","@id":"https:\/\/newsinfoco.com.br\/inicio\/caixa-lanca-programas-de-capacitacao-para-gestores-publicos\/#listItem","position":3,"name":"Caixa lan\u00e7a programas de capacita\u00e7\u00e3o para gestores p\u00fablicos","previousItem":{"@type":"ListItem","@id":"https:\/\/newsinfoco.com.br\/inicio\/category\/brasil\/#listItem","name":"Brasil"}}]},{"@type":"Organization","@id":"https:\/\/newsinfoco.com.br\/inicio\/#organization","name":"News In Foco - Editado por Caio Pimenta","description":"O principal site de noticias de Alagoinhas e regi\u00e3o","url":"https:\/\/newsinfoco.com.br\/inicio\/"},{"@type":"Person","@id":"https:\/\/newsinfoco.com.br\/inicio\/author\/administrador\/#author","url":"https:\/\/newsinfoco.com.br\/inicio\/author\/administrador\/","name":"administrador","image":{"@type":"ImageObject","@id":"https:\/\/newsinfoco.com.br\/inicio\/caixa-lanca-programas-de-capacitacao-para-gestores-publicos\/#authorImage","url":"https:\/\/secure.gravatar.com\/avatar\/c17a617433de8c1dc9584bb79aab7563b46f5bb7e1728c9b17d9cc3ce6a08e49?s=96&d=mm&r=g","width":96,"height":96,"caption":"administrador"}},{"@type":"WebPage","@id":"https:\/\/newsinfoco.com.br\/inicio\/caixa-lanca-programas-de-capacitacao-para-gestores-publicos\/#webpage","url":"https:\/\/newsinfoco.com.br\/inicio\/caixa-lanca-programas-de-capacitacao-para-gestores-publicos\/","name":"Caixa lan\u00e7a programas de capacita\u00e7\u00e3o para gestores p\u00fablicos - News In Foco - Editado por Caio Pimenta","description":"Com foco na moderniza\u00e7\u00e3o da gest\u00e3o p\u00fablica por meio da inova\u00e7\u00e3o, a Caixa, em parceria com a Secretaria do Tesouro Nacional e a Funda\u00e7\u00e3o Dom Cabral (FDC), lan\u00e7ou, na sexta-feira (1\u00ba), dois programas de capacita\u00e7\u00e3o voltados ao desenvolvimento de lideran\u00e7as e agentes p\u00fablicos: \u201cServi\u00e7o P\u00fablico do Futuro\u201d e \u201cInova\u00e7\u00e3o na Gest\u00e3o P\u00fablica\u201d. O lan\u00e7amento, realizado","inLanguage":"pt-BR","isPartOf":{"@id":"https:\/\/newsinfoco.com.br\/inicio\/#website"},"breadcrumb":{"@id":"https:\/\/newsinfoco.com.br\/inicio\/caixa-lanca-programas-de-capacitacao-para-gestores-publicos\/#breadcrumblist"},"author":{"@id":"https:\/\/newsinfoco.com.br\/inicio\/author\/administrador\/#author"},"creator":{"@id":"https:\/\/newsinfoco.com.br\/inicio\/author\/administrador\/#author"},"image":{"@type":"ImageObject","url":"https:\/\/newsinfoco.com.br\/inicio\/wp-content\/uploads\/2025\/08\/Caixa-Marcelo-Camargo-Agencia-Brasil-1.jpg","@id":"https:\/\/newsinfoco.com.br\/inicio\/caixa-lanca-programas-de-capacitacao-para-gestores-publicos\/#mainImage","width":600,"height":420},"primaryImageOfPage":{"@id":"https:\/\/newsinfoco.com.br\/inicio\/caixa-lanca-programas-de-capacitacao-para-gestores-publicos\/#mainImage"},"datePublished":"2025-08-04T16:31:10-03:00","dateModified":"2025-08-04T16:31:10-03:00"},{"@type":"WebSite","@id":"https:\/\/newsinfoco.com.br\/inicio\/#website","url":"https:\/\/newsinfoco.com.br\/inicio\/","name":"News In Foco - Editado por Caio Pimenta","description":"O principal site de noticias de Alagoinhas e regi\u00e3o","inLanguage":"pt-BR","publisher":{"@id":"https:\/\/newsinfoco.com.br\/inicio\/#organization"}}]},"og:locale":"pt_BR","og:site_name":"News In Foco - Editado por Caio Pimenta - O principal site de noticias de Alagoinhas e regi\u00e3o","og:type":"article","og:title":"Caixa lan\u00e7a programas de capacita\u00e7\u00e3o para gestores p\u00fablicos - News In Foco - Editado por Caio Pimenta","og:description":"Com foco na moderniza\u00e7\u00e3o da gest\u00e3o p\u00fablica por meio da inova\u00e7\u00e3o, a Caixa, em parceria com a Secretaria do Tesouro Nacional e a Funda\u00e7\u00e3o Dom Cabral (FDC), lan\u00e7ou, na sexta-feira (1\u00ba), dois programas de capacita\u00e7\u00e3o voltados ao desenvolvimento de lideran\u00e7as e agentes p\u00fablicos: \u201cServi\u00e7o P\u00fablico do Futuro\u201d e \u201cInova\u00e7\u00e3o na Gest\u00e3o P\u00fablica\u201d. O lan\u00e7amento, realizado","og:url":"https:\/\/newsinfoco.com.br\/inicio\/caixa-lanca-programas-de-capacitacao-para-gestores-publicos\/","article:published_time":"2025-08-04T19:31:10+00:00","article:modified_time":"2025-08-04T19:31:10+00:00","twitter:card":"summary_large_image","twitter:title":"Caixa lan\u00e7a programas de capacita\u00e7\u00e3o para gestores p\u00fablicos - News In Foco - Editado por Caio Pimenta","twitter:description":"Com foco na moderniza\u00e7\u00e3o da gest\u00e3o p\u00fablica por meio da inova\u00e7\u00e3o, a Caixa, em parceria com a Secretaria do Tesouro Nacional e a Funda\u00e7\u00e3o Dom Cabral (FDC), lan\u00e7ou, na sexta-feira (1\u00ba), dois programas de capacita\u00e7\u00e3o voltados ao desenvolvimento de lideran\u00e7as e agentes p\u00fablicos: \u201cServi\u00e7o P\u00fablico do Futuro\u201d e \u201cInova\u00e7\u00e3o na Gest\u00e3o P\u00fablica\u201d. O lan\u00e7amento, realizado"},"aioseo_meta_data":{"post_id":"43925","title":null,"description":null,"keywords":null,"keyphrases":{"focus":{"keyphrase":"","score":0,"analysis":{"keyphraseInTitle":{"score":0,"maxScore":9,"error":1}}},"additional":[]},"primary_term":null,"canonical_url":null,"og_title":null,"og_description":null,"og_object_type":"default","og_image_type":"default","og_image_url":null,"og_image_width":null,"og_image_height":null,"og_image_custom_url":null,"og_image_custom_fields":null,"og_video":"","og_custom_url":null,"og_article_section":null,"og_article_tags":null,"twitter_use_og":false,"twitter_card":"default","twitter_image_type":"default","twitter_image_url":null,"twitter_image_custom_url":null,"twitter_image_custom_fields":null,"twitter_title":null,"twitter_description":null,"schema":{"blockGraphs":[],"customGraphs":[],"default":{"data":{"Article":[],"Course":[],"Dataset":[],"FAQPage":[],"Movie":[],"Person":[],"Product":[],"ProductReview":[],"Car":[],"Recipe":[],"Service":[],"SoftwareApplication":[],"WebPage":[]},"graphName":"BlogPosting","isEnabled":true},"graphs":[]},"schema_type":"default","schema_type_options":null,"pillar_content":false,"robots_default":true,"robots_noindex":false,"robots_noarchive":false,"robots_nosnippet":false,"robots_nofollow":false,"robots_noimageindex":false,"robots_noodp":false,"robots_notranslate":false,"robots_max_snippet":"-1","robots_max_videopreview":"-1","robots_max_imagepreview":"large","priority":null,"frequency":"default","local_seo":null,"breadcrumb_settings":null,"limit_modified_date":false,"ai":{"faqs":[],"keyPoints":[],"titles":[],"descriptions":[],"socialPosts":{"email":[],"linkedin":[],"twitter":[],"facebook":[],"instagram":[]}},"created":"2025-08-04 19:31:10","updated":"2025-08-04 19:42:44","seo_analyzer_scan_date":null},"aioseo_breadcrumb":"<div class=\"aioseo-breadcrumbs\"><span class=\"aioseo-breadcrumb\">\n\t\t\t<a href=\"https:\/\/newsinfoco.com.br\/inicio\" title=\"In\u00edcio\">In\u00edcio<\/a>\n\t\t<\/span><span class=\"aioseo-breadcrumb-separator\">&raquo;<\/span><span class=\"aioseo-breadcrumb\">\n\t\t\t<a href=\"https:\/\/newsinfoco.com.br\/inicio\/category\/brasil\/\" title=\"Brasil\">Brasil<\/a>\n\t\t<\/span><span class=\"aioseo-breadcrumb-separator\">&raquo;<\/span><span class=\"aioseo-breadcrumb\">\n\t\t\tCaixa lan\u00e7a programas de capacita\u00e7\u00e3o para gestores p\u00fablicos\n\t\t<\/span><\/div>","aioseo_breadcrumb_json":[{"label":"In\u00edcio","link":"https:\/\/newsinfoco.com.br\/inicio"},{"label":"Brasil","link":"https:\/\/newsinfoco.com.br\/inicio\/category\/brasil\/"},{"label":"Caixa lan\u00e7a programas de capacita\u00e7\u00e3o para gestores p\u00fablicos","link":"https:\/\/newsinfoco.com.br\/inicio\/caixa-lanca-programas-de-capacitacao-para-gestores-publicos\/"}],"_links":{"self":[{"href":"https:\/\/newsinfoco.com.br\/inicio\/wp-json\/wp\/v2\/posts\/43925","targetHints":{"allow":["GET"]}}],"collection":[{"href":"https:\/\/newsinfoco.com.br\/inicio\/wp-json\/wp\/v2\/posts"}],"about":[{"href":"https:\/\/newsinfoco.com.br\/inicio\/wp-json\/wp\/v2\/types\/post"}],"author":[{"embeddable":true,"href":"https:\/\/newsinfoco.com.br\/inicio\/wp-json\/wp\/v2\/users\/1"}],"replies":[{"embeddable":true,"href":"https:\/\/newsinfoco.com.br\/inicio\/wp-json\/wp\/v2\/comments?post=43925"}],"version-history":[{"count":1,"href":"https:\/\/newsinfoco.com.br\/inicio\/wp-json\/wp\/v2\/posts\/43925\/revisions"}],"predecessor-version":[{"id":43927,"href":"https:\/\/newsinfoco.com.br\/inicio\/wp-json\/wp\/v2\/posts\/43925\/revisions\/43927"}],"wp:featuredmedia":[{"embeddable":true,"href":"https:\/\/newsinfoco.com.br\/inicio\/wp-json\/wp\/v2\/media\/43926"}],"wp:attachment":[{"href":"https:\/\/newsinfoco.com.br\/inicio\/wp-json\/wp\/v2\/media?parent=43925"}],"wp:term":[{"taxonomy":"category","embeddable":true,"href":"https:\/\/newsinfoco.com.br\/inicio\/wp-json\/wp\/v2\/categories?post=43925"},{"taxonomy":"post_tag","embeddable":true,"href":"https:\/\/newsinfoco.com.br\/inicio\/wp-json\/wp\/v2\/tags?post=43925"}],"curies":[{"name":"wp","href":"https:\/\/api.w.org\/{rel}","templated":true}]}}