{"id":43928,"date":"2025-08-04T16:58:38","date_gmt":"2025-08-04T19:58:38","guid":{"rendered":"https:\/\/newsinfoco.com.br\/inicio\/?p=43928"},"modified":"2025-08-04T16:58:38","modified_gmt":"2025-08-04T19:58:38","slug":"funceb-abre-inscricoes-para-o-processo-seletivo-reda-2025","status":"publish","type":"post","link":"https:\/\/newsinfoco.com.br\/inicio\/funceb-abre-inscricoes-para-o-processo-seletivo-reda-2025\/","title":{"rendered":"Funceb abre inscri\u00e7\u00f5es para o Processo Seletivo REDA 2025"},"content":{"rendered":"<p>A Funda\u00e7\u00e3o Cultural do Estado da Bahia, unidade vinculada \u00e0 Secretaria de Cultura do Estado (SecultBa), abre inscri\u00e7\u00f5es entre os dias 6 e 12 de agosto de 2025, para o Processo Seletivo Simplificado para contrata\u00e7\u00e3o de pessoal, por tempo determinado, em Regime Especial de Direito Administrativo (REDA), ao atendimento de necessidade de servi\u00e7o tempor\u00e1rio e excepcional. S\u00e3o 50 vagas para T\u00e9cnico de N\u00edvel M\u00e9dio e Superior em \u00e1reas administrativas e art\u00edsticas, por meio do site www.selecao.ba.gov.br.<\/p>\n<p>O Processo Seletivo Simplificado ser\u00e1 realizado em duas etapas: Avalia\u00e7\u00e3o Curricular, de car\u00e1ter eliminat\u00f3rio e classificat\u00f3rio, atrav\u00e9s das informa\u00e7\u00f5es prestadas por meio do Formul\u00e1rio de Inscri\u00e7\u00e3o obrigat\u00f3rio e dos documentos apresentados; Audi\u00e7\u00e3o P\u00fablica, que avaliar\u00e1 habilidades e perfil profissional dos candidatos.<\/p>\n<p>A contrata\u00e7\u00e3o ser\u00e1 feita para Salvador, com atua\u00e7\u00e3o na sede da Funceb, no Teatro Castro Alves (BTCA\/Centro T\u00e9cnico) e no Centro de Forma\u00e7\u00e3o em Artes (CFA). Ter\u00e1 validade de um ano a contar da data da publica\u00e7\u00e3o da sua homologa\u00e7\u00e3o, podendo ser prorrogado uma vez, por igual per\u00edodo, a crit\u00e9rio da institui\u00e7\u00e3o. As remunera\u00e7\u00f5es v\u00e3o de R$ 2.161,87 a R$ 3.373,21.<\/p>\n<p><strong>Candidatos\/as &amp; Vagas<\/strong><\/p>\n<p>N\u00e3o poder\u00e3o ser contratados candidatos que j\u00e1 tiveram 72 meses de contrato em REDA com o Estado. Ser\u00e1 reservado percentual de 5% das vagas para candidatos com defici\u00eancia, como previsto na Lei estadual n\u00ba 6.677, e 30% aos candidatos autodeclarados negros (preto\/pardo), conforme disposto na Lei estadual n\u00ba 13.182.<\/p>\n<p>Apoio Administrativo N\u00edvel Superior (7), Apoio Contabilidade (3), Comunica\u00e7\u00e3o Social (2), Bailarino (a) (8), Cenografia (1), Professor(a) de Ballet Cl\u00e1ssico (1), Professor\/a de Teatro (1), Professor(a) de Dan\u00e7a Afrobrasileira (1), Professor(a) de Dan\u00e7a Contempor\u00e2nea (1), Professor(a) de Dan\u00e7a Moderna (1), Professor(a) de Dan\u00e7as Populares e Brincantes (1), Professor\/a de M\u00fasica (1), Apoio Administrativo N\u00edvel M\u00e9dio (12), Assistente de Arquivo (1), Camareira (1), Costureiro (1), Maquinista de Espet\u00e1culo (2), T\u00e9cnico de Som (1), Eletricista de Espet\u00e1culo (4).<\/p>\n<p>Para as vagas art\u00edsticas \u2013 Bailarino (a), Professor (a) de Ballet Cl\u00e1ssico \/ Dan\u00e7a Afrobrasileira \/ Dan\u00e7a Moderna \u2013 Contempor\u00e2nea \/ Dan\u00e7a Moderna \/ Dan\u00e7as Populares Brincantes\/ Teatro \/ M\u00fasica \u2013 haver\u00e1 avalia\u00e7\u00f5es pr\u00e1ticas\/audi\u00e7\u00f5es p\u00fablicas na Escola de Dan\u00e7a da FUNCEB (Pelourinho), onde ser\u00e3o avaliadas as habilidades t\u00e9cnicas, criativas e pedag\u00f3gicas das pessoas candidatas.<\/p>\n<p>As vagas destinadas \u00e0s \u00e1reas art\u00edsticas, como Bailarinos (as), atendem \u00e0 necessidade de ampliar as a\u00e7\u00f5es do Bal\u00e9 do Teatro Castro Alves (BTCA), bem como fortalecer o processo criativo da Companhia, ecoando na extens\u00e3o de suas apresenta\u00e7\u00f5es pela capital e interior. Fundado em abril de 1981, o BTCA foi a primeira companhia p\u00fablica de dan\u00e7a das regi\u00f5es Norte e Nordeste e \u00e9 a quinta companhia de dan\u00e7a do Brasil, uma refer\u00eancia na dan\u00e7a moderna e contempor\u00e2nea com mais de 100 montagens em seu repert\u00f3rio.<\/p>\n<div class=\"conteudo_post\">\n<p>J\u00e1 no Centro de Forma\u00e7\u00e3o em Artes (CFA), unidade que abriga a Escola de Dan\u00e7a da Funceb, as vagas docentes em Dan\u00e7a ser\u00e3o destinadas aos Cursos Preparat\u00f3rio e de Educa\u00e7\u00e3o Profissional T\u00e9cnico de N\u00edvel M\u00e9dio, que juntos re\u00fanem mais de 250 estudantes ao longo do ano. Tamb\u00e9m ser\u00e3o destinadas vagas de doc\u00eancia em Teatro (Curso de Inicia\u00e7\u00e3o Teatral) e M\u00fasica (Curso de Qualifica\u00e7\u00e3o em M\u00fasica), retomando forma\u00e7\u00f5es tradicionais do CFA.<\/p>\n<p>As inscri\u00e7\u00f5es para o processo seletivo ficar\u00e3o abertas, exclusivamente via Internet no site selecao.ba.gov.br, no per\u00edodo das 8h do dia 6 de agosto \u00e0s 23:59 do dia 12 de agosto de 2025 \u2013 hor\u00e1rio de Bras\u00edlia\/DF.<\/p>\n<\/div>\n<div id=\"div-share\">\n<div class=\"conteudo_post\"><\/div>\n<div id=\"div-share\"><\/div>\n<\/div>\n<div>\n<div class=\"trv-player-container\">\n<div class=\"trv-wrapper\">\n<div id=\"br_video_player_d60945cf5feb8796174f5c53236e7f9dc3c659f9\" class=\"trvd_video_player trvdfloater trv-right\">\n<div class=\"media-player\">\n<div class=\"trv-video\">\n<div>\n<div class=\"trv-player-container\">\n<div class=\"trv-wrapper\">\n<div id=\"br_video_player_d60945cf5feb8796174f5c53236e7f9dc3c659f9\" class=\"trvd_video_player trvdfloater trv-right\">\n<div class=\"media-player\">\n<div class=\"trv-video\">\n<div class=\"conteudo_post\">\n<p>Bahia.Ba<\/p>\n<\/div>\n<\/div>\n<\/div>\n<\/div>\n<\/div>\n<\/div>\n<\/div>\n<\/div>\n<\/div>\n<\/div>\n<\/div>\n<\/div>\n<\/div>\n<div class='share-to-whatsapp-wrapper'><div class='share-on-whsp'>Share on: <\/div><a data-text='Funceb abre inscri\u00e7\u00f5es para o Processo Seletivo REDA 2025' data-link='https:\/\/newsinfoco.com.br\/inicio\/funceb-abre-inscricoes-para-o-processo-seletivo-reda-2025\/' class='whatsapp-button whatsapp-share'>WhatsApp<\/a><div class='clear '><\/div><\/div>","protected":false},"excerpt":{"rendered":"<p>A Funda\u00e7\u00e3o Cultural do Estado da Bahia, unidade vinculada \u00e0 Secretaria de Cultura do Estado (SecultBa), abre inscri\u00e7\u00f5es entre os dias 6 e 12 de agosto de 2025, para o Processo Seletivo Simplificado para contrata\u00e7\u00e3o de pessoal, por tempo determinado, em Regime Especial de Direito Administrativo (REDA), ao atendimento de necessidade de servi\u00e7o tempor\u00e1rio e [&hellip;]<\/p>\n","protected":false},"author":1,"featured_media":43929,"comment_status":"closed","ping_status":"closed","sticky":false,"template":"","format":"standard","meta":{"om_disable_all_campaigns":false,"rop_custom_images_group":[],"rop_custom_messages_group":[],"rop_publish_now":"initial","rop_publish_now_accounts":[],"rop_publish_now_history":[],"rop_publish_now_status":"pending","_exactmetrics_skip_tracking":false,"footnotes":""},"categories":[19],"tags":[],"class_list":["post-43928","post","type-post","status-publish","format-standard","has-post-thumbnail","hentry","category-bahia"],"aioseo_notices":[],"aioseo_head":"\n\t\t<!-- All in One SEO 4.9.10 - aioseo.com -->\n\t<meta name=\"description\" content=\"A Funda\u00e7\u00e3o Cultural do Estado da Bahia, unidade vinculada \u00e0 Secretaria de Cultura do Estado (SecultBa), abre inscri\u00e7\u00f5es entre os dias 6 e 12 de agosto de 2025, para o Processo Seletivo Simplificado para contrata\u00e7\u00e3o de pessoal, por tempo determinado, em Regime Especial de Direito Administrativo (REDA), ao atendimento de necessidade de servi\u00e7o tempor\u00e1rio e\" \/>\n\t<meta name=\"robots\" content=\"max-image-preview:large\" \/>\n\t<meta name=\"author\" content=\"administrador\"\/>\n\t<link rel=\"canonical\" href=\"https:\/\/newsinfoco.com.br\/inicio\/funceb-abre-inscricoes-para-o-processo-seletivo-reda-2025\/\" \/>\n\t<meta name=\"generator\" content=\"All in One SEO (AIOSEO) 4.9.10\" \/>\n\t\t<meta property=\"og:locale\" content=\"pt_BR\" \/>\n\t\t<meta property=\"og:site_name\" content=\"News In Foco - Editado por Caio Pimenta - O principal site de noticias de Alagoinhas e regi\u00e3o\" \/>\n\t\t<meta property=\"og:type\" content=\"article\" \/>\n\t\t<meta property=\"og:title\" content=\"Funceb abre inscri\u00e7\u00f5es para o Processo Seletivo REDA 2025 - News In Foco - Editado por Caio Pimenta\" \/>\n\t\t<meta property=\"og:description\" content=\"A Funda\u00e7\u00e3o Cultural do Estado da Bahia, unidade vinculada \u00e0 Secretaria de Cultura do Estado (SecultBa), abre inscri\u00e7\u00f5es entre os dias 6 e 12 de agosto de 2025, para o Processo Seletivo Simplificado para contrata\u00e7\u00e3o de pessoal, por tempo determinado, em Regime Especial de Direito Administrativo (REDA), ao atendimento de necessidade de servi\u00e7o tempor\u00e1rio e\" \/>\n\t\t<meta property=\"og:url\" content=\"https:\/\/newsinfoco.com.br\/inicio\/funceb-abre-inscricoes-para-o-processo-seletivo-reda-2025\/\" \/>\n\t\t<meta property=\"article:published_time\" content=\"2025-08-04T19:58:38+00:00\" \/>\n\t\t<meta property=\"article:modified_time\" content=\"2025-08-04T19:58:38+00:00\" \/>\n\t\t<meta name=\"twitter:card\" content=\"summary_large_image\" \/>\n\t\t<meta name=\"twitter:title\" content=\"Funceb abre inscri\u00e7\u00f5es para o Processo Seletivo REDA 2025 - News In Foco - Editado por Caio Pimenta\" \/>\n\t\t<meta name=\"twitter:description\" content=\"A Funda\u00e7\u00e3o Cultural do Estado da Bahia, unidade vinculada \u00e0 Secretaria de Cultura do Estado (SecultBa), abre inscri\u00e7\u00f5es entre os dias 6 e 12 de agosto de 2025, para o Processo Seletivo Simplificado para contrata\u00e7\u00e3o de pessoal, por tempo determinado, em Regime Especial de Direito Administrativo (REDA), ao atendimento de necessidade de servi\u00e7o tempor\u00e1rio e\" \/>\n\t\t<script type=\"application\/ld+json\" class=\"aioseo-schema\">\n\t\t\t{\"@context\":\"https:\\\/\\\/schema.org\",\"@graph\":[{\"@type\":\"BlogPosting\",\"@id\":\"https:\\\/\\\/newsinfoco.com.br\\\/inicio\\\/funceb-abre-inscricoes-para-o-processo-seletivo-reda-2025\\\/#blogposting\",\"name\":\"Funceb abre inscri\\u00e7\\u00f5es para o Processo Seletivo REDA 2025 - News In Foco - Editado por Caio Pimenta\",\"headline\":\"Funceb abre inscri\\u00e7\\u00f5es para o Processo Seletivo REDA 2025\",\"author\":{\"@id\":\"https:\\\/\\\/newsinfoco.com.br\\\/inicio\\\/author\\\/administrador\\\/#author\"},\"publisher\":{\"@id\":\"https:\\\/\\\/newsinfoco.com.br\\\/inicio\\\/#organization\"},\"image\":{\"@type\":\"ImageObject\",\"url\":\"https:\\\/\\\/newsinfoco.com.br\\\/inicio\\\/wp-content\\\/uploads\\\/2025\\\/08\\\/solar-das-rosas-salvador.png\",\"width\":600,\"height\":420},\"datePublished\":\"2025-08-04T16:58:38-03:00\",\"dateModified\":\"2025-08-04T16:58:38-03:00\",\"inLanguage\":\"pt-BR\",\"mainEntityOfPage\":{\"@id\":\"https:\\\/\\\/newsinfoco.com.br\\\/inicio\\\/funceb-abre-inscricoes-para-o-processo-seletivo-reda-2025\\\/#webpage\"},\"isPartOf\":{\"@id\":\"https:\\\/\\\/newsinfoco.com.br\\\/inicio\\\/funceb-abre-inscricoes-para-o-processo-seletivo-reda-2025\\\/#webpage\"},\"articleSection\":\"Bahia\"},{\"@type\":\"BreadcrumbList\",\"@id\":\"https:\\\/\\\/newsinfoco.com.br\\\/inicio\\\/funceb-abre-inscricoes-para-o-processo-seletivo-reda-2025\\\/#breadcrumblist\",\"itemListElement\":[{\"@type\":\"ListItem\",\"@id\":\"https:\\\/\\\/newsinfoco.com.br\\\/inicio#listItem\",\"position\":1,\"name\":\"In\\u00edcio\",\"item\":\"https:\\\/\\\/newsinfoco.com.br\\\/inicio\",\"nextItem\":{\"@type\":\"ListItem\",\"@id\":\"https:\\\/\\\/newsinfoco.com.br\\\/inicio\\\/category\\\/bahia\\\/#listItem\",\"name\":\"Bahia\"}},{\"@type\":\"ListItem\",\"@id\":\"https:\\\/\\\/newsinfoco.com.br\\\/inicio\\\/category\\\/bahia\\\/#listItem\",\"position\":2,\"name\":\"Bahia\",\"item\":\"https:\\\/\\\/newsinfoco.com.br\\\/inicio\\\/category\\\/bahia\\\/\",\"nextItem\":{\"@type\":\"ListItem\",\"@id\":\"https:\\\/\\\/newsinfoco.com.br\\\/inicio\\\/funceb-abre-inscricoes-para-o-processo-seletivo-reda-2025\\\/#listItem\",\"name\":\"Funceb abre inscri\\u00e7\\u00f5es para o Processo Seletivo REDA 2025\"},\"previousItem\":{\"@type\":\"ListItem\",\"@id\":\"https:\\\/\\\/newsinfoco.com.br\\\/inicio#listItem\",\"name\":\"In\\u00edcio\"}},{\"@type\":\"ListItem\",\"@id\":\"https:\\\/\\\/newsinfoco.com.br\\\/inicio\\\/funceb-abre-inscricoes-para-o-processo-seletivo-reda-2025\\\/#listItem\",\"position\":3,\"name\":\"Funceb abre inscri\\u00e7\\u00f5es para o Processo Seletivo REDA 2025\",\"previousItem\":{\"@type\":\"ListItem\",\"@id\":\"https:\\\/\\\/newsinfoco.com.br\\\/inicio\\\/category\\\/bahia\\\/#listItem\",\"name\":\"Bahia\"}}]},{\"@type\":\"Organization\",\"@id\":\"https:\\\/\\\/newsinfoco.com.br\\\/inicio\\\/#organization\",\"name\":\"News In Foco - Editado por Caio Pimenta\",\"description\":\"O principal site de noticias de Alagoinhas e regi\\u00e3o\",\"url\":\"https:\\\/\\\/newsinfoco.com.br\\\/inicio\\\/\"},{\"@type\":\"Person\",\"@id\":\"https:\\\/\\\/newsinfoco.com.br\\\/inicio\\\/author\\\/administrador\\\/#author\",\"url\":\"https:\\\/\\\/newsinfoco.com.br\\\/inicio\\\/author\\\/administrador\\\/\",\"name\":\"administrador\",\"image\":{\"@type\":\"ImageObject\",\"@id\":\"https:\\\/\\\/newsinfoco.com.br\\\/inicio\\\/funceb-abre-inscricoes-para-o-processo-seletivo-reda-2025\\\/#authorImage\",\"url\":\"https:\\\/\\\/secure.gravatar.com\\\/avatar\\\/c17a617433de8c1dc9584bb79aab7563b46f5bb7e1728c9b17d9cc3ce6a08e49?s=96&d=mm&r=g\",\"width\":96,\"height\":96,\"caption\":\"administrador\"}},{\"@type\":\"WebPage\",\"@id\":\"https:\\\/\\\/newsinfoco.com.br\\\/inicio\\\/funceb-abre-inscricoes-para-o-processo-seletivo-reda-2025\\\/#webpage\",\"url\":\"https:\\\/\\\/newsinfoco.com.br\\\/inicio\\\/funceb-abre-inscricoes-para-o-processo-seletivo-reda-2025\\\/\",\"name\":\"Funceb abre inscri\\u00e7\\u00f5es para o Processo Seletivo REDA 2025 - News In Foco - Editado por Caio Pimenta\",\"description\":\"A Funda\\u00e7\\u00e3o Cultural do Estado da Bahia, unidade vinculada \\u00e0 Secretaria de Cultura do Estado (SecultBa), abre inscri\\u00e7\\u00f5es entre os dias 6 e 12 de agosto de 2025, para o Processo Seletivo Simplificado para contrata\\u00e7\\u00e3o de pessoal, por tempo determinado, em Regime Especial de Direito Administrativo (REDA), ao atendimento de necessidade de servi\\u00e7o tempor\\u00e1rio e\",\"inLanguage\":\"pt-BR\",\"isPartOf\":{\"@id\":\"https:\\\/\\\/newsinfoco.com.br\\\/inicio\\\/#website\"},\"breadcrumb\":{\"@id\":\"https:\\\/\\\/newsinfoco.com.br\\\/inicio\\\/funceb-abre-inscricoes-para-o-processo-seletivo-reda-2025\\\/#breadcrumblist\"},\"author\":{\"@id\":\"https:\\\/\\\/newsinfoco.com.br\\\/inicio\\\/author\\\/administrador\\\/#author\"},\"creator\":{\"@id\":\"https:\\\/\\\/newsinfoco.com.br\\\/inicio\\\/author\\\/administrador\\\/#author\"},\"image\":{\"@type\":\"ImageObject\",\"url\":\"https:\\\/\\\/newsinfoco.com.br\\\/inicio\\\/wp-content\\\/uploads\\\/2025\\\/08\\\/solar-das-rosas-salvador.png\",\"@id\":\"https:\\\/\\\/newsinfoco.com.br\\\/inicio\\\/funceb-abre-inscricoes-para-o-processo-seletivo-reda-2025\\\/#mainImage\",\"width\":600,\"height\":420},\"primaryImageOfPage\":{\"@id\":\"https:\\\/\\\/newsinfoco.com.br\\\/inicio\\\/funceb-abre-inscricoes-para-o-processo-seletivo-reda-2025\\\/#mainImage\"},\"datePublished\":\"2025-08-04T16:58:38-03:00\",\"dateModified\":\"2025-08-04T16:58:38-03:00\"},{\"@type\":\"WebSite\",\"@id\":\"https:\\\/\\\/newsinfoco.com.br\\\/inicio\\\/#website\",\"url\":\"https:\\\/\\\/newsinfoco.com.br\\\/inicio\\\/\",\"name\":\"News In Foco - Editado por Caio Pimenta\",\"description\":\"O principal site de noticias de Alagoinhas e regi\\u00e3o\",\"inLanguage\":\"pt-BR\",\"publisher\":{\"@id\":\"https:\\\/\\\/newsinfoco.com.br\\\/inicio\\\/#organization\"}}]}\n\t\t<\/script>\n\t\t<!-- All in One SEO -->\n\n","aioseo_head_json":{"title":"Funceb abre inscri\u00e7\u00f5es para o Processo Seletivo REDA 2025 - News In Foco - Editado por Caio Pimenta","description":"A Funda\u00e7\u00e3o Cultural do Estado da Bahia, unidade vinculada \u00e0 Secretaria de Cultura do Estado (SecultBa), abre inscri\u00e7\u00f5es entre os dias 6 e 12 de agosto de 2025, para o Processo Seletivo Simplificado para contrata\u00e7\u00e3o de pessoal, por tempo determinado, em Regime Especial de Direito Administrativo (REDA), ao atendimento de necessidade de servi\u00e7o tempor\u00e1rio e","canonical_url":"https:\/\/newsinfoco.com.br\/inicio\/funceb-abre-inscricoes-para-o-processo-seletivo-reda-2025\/","robots":"max-image-preview:large","keywords":"","webmasterTools":{"miscellaneous":""},"schema":{"@context":"https:\/\/schema.org","@graph":[{"@type":"BlogPosting","@id":"https:\/\/newsinfoco.com.br\/inicio\/funceb-abre-inscricoes-para-o-processo-seletivo-reda-2025\/#blogposting","name":"Funceb abre inscri\u00e7\u00f5es para o Processo Seletivo REDA 2025 - News In Foco - Editado por Caio Pimenta","headline":"Funceb abre inscri\u00e7\u00f5es para o Processo Seletivo REDA 2025","author":{"@id":"https:\/\/newsinfoco.com.br\/inicio\/author\/administrador\/#author"},"publisher":{"@id":"https:\/\/newsinfoco.com.br\/inicio\/#organization"},"image":{"@type":"ImageObject","url":"https:\/\/newsinfoco.com.br\/inicio\/wp-content\/uploads\/2025\/08\/solar-das-rosas-salvador.png","width":600,"height":420},"datePublished":"2025-08-04T16:58:38-03:00","dateModified":"2025-08-04T16:58:38-03:00","inLanguage":"pt-BR","mainEntityOfPage":{"@id":"https:\/\/newsinfoco.com.br\/inicio\/funceb-abre-inscricoes-para-o-processo-seletivo-reda-2025\/#webpage"},"isPartOf":{"@id":"https:\/\/newsinfoco.com.br\/inicio\/funceb-abre-inscricoes-para-o-processo-seletivo-reda-2025\/#webpage"},"articleSection":"Bahia"},{"@type":"BreadcrumbList","@id":"https:\/\/newsinfoco.com.br\/inicio\/funceb-abre-inscricoes-para-o-processo-seletivo-reda-2025\/#breadcrumblist","itemListElement":[{"@type":"ListItem","@id":"https:\/\/newsinfoco.com.br\/inicio#listItem","position":1,"name":"In\u00edcio","item":"https:\/\/newsinfoco.com.br\/inicio","nextItem":{"@type":"ListItem","@id":"https:\/\/newsinfoco.com.br\/inicio\/category\/bahia\/#listItem","name":"Bahia"}},{"@type":"ListItem","@id":"https:\/\/newsinfoco.com.br\/inicio\/category\/bahia\/#listItem","position":2,"name":"Bahia","item":"https:\/\/newsinfoco.com.br\/inicio\/category\/bahia\/","nextItem":{"@type":"ListItem","@id":"https:\/\/newsinfoco.com.br\/inicio\/funceb-abre-inscricoes-para-o-processo-seletivo-reda-2025\/#listItem","name":"Funceb abre inscri\u00e7\u00f5es para o Processo Seletivo REDA 2025"},"previousItem":{"@type":"ListItem","@id":"https:\/\/newsinfoco.com.br\/inicio#listItem","name":"In\u00edcio"}},{"@type":"ListItem","@id":"https:\/\/newsinfoco.com.br\/inicio\/funceb-abre-inscricoes-para-o-processo-seletivo-reda-2025\/#listItem","position":3,"name":"Funceb abre inscri\u00e7\u00f5es para o Processo Seletivo REDA 2025","previousItem":{"@type":"ListItem","@id":"https:\/\/newsinfoco.com.br\/inicio\/category\/bahia\/#listItem","name":"Bahia"}}]},{"@type":"Organization","@id":"https:\/\/newsinfoco.com.br\/inicio\/#organization","name":"News In Foco - Editado por Caio Pimenta","description":"O principal site de noticias de Alagoinhas e regi\u00e3o","url":"https:\/\/newsinfoco.com.br\/inicio\/"},{"@type":"Person","@id":"https:\/\/newsinfoco.com.br\/inicio\/author\/administrador\/#author","url":"https:\/\/newsinfoco.com.br\/inicio\/author\/administrador\/","name":"administrador","image":{"@type":"ImageObject","@id":"https:\/\/newsinfoco.com.br\/inicio\/funceb-abre-inscricoes-para-o-processo-seletivo-reda-2025\/#authorImage","url":"https:\/\/secure.gravatar.com\/avatar\/c17a617433de8c1dc9584bb79aab7563b46f5bb7e1728c9b17d9cc3ce6a08e49?s=96&d=mm&r=g","width":96,"height":96,"caption":"administrador"}},{"@type":"WebPage","@id":"https:\/\/newsinfoco.com.br\/inicio\/funceb-abre-inscricoes-para-o-processo-seletivo-reda-2025\/#webpage","url":"https:\/\/newsinfoco.com.br\/inicio\/funceb-abre-inscricoes-para-o-processo-seletivo-reda-2025\/","name":"Funceb abre inscri\u00e7\u00f5es para o Processo Seletivo REDA 2025 - News In Foco - Editado por Caio Pimenta","description":"A Funda\u00e7\u00e3o Cultural do Estado da Bahia, unidade vinculada \u00e0 Secretaria de Cultura do Estado (SecultBa), abre inscri\u00e7\u00f5es entre os dias 6 e 12 de agosto de 2025, para o Processo Seletivo Simplificado para contrata\u00e7\u00e3o de pessoal, por tempo determinado, em Regime Especial de Direito Administrativo (REDA), ao atendimento de necessidade de servi\u00e7o tempor\u00e1rio e","inLanguage":"pt-BR","isPartOf":{"@id":"https:\/\/newsinfoco.com.br\/inicio\/#website"},"breadcrumb":{"@id":"https:\/\/newsinfoco.com.br\/inicio\/funceb-abre-inscricoes-para-o-processo-seletivo-reda-2025\/#breadcrumblist"},"author":{"@id":"https:\/\/newsinfoco.com.br\/inicio\/author\/administrador\/#author"},"creator":{"@id":"https:\/\/newsinfoco.com.br\/inicio\/author\/administrador\/#author"},"image":{"@type":"ImageObject","url":"https:\/\/newsinfoco.com.br\/inicio\/wp-content\/uploads\/2025\/08\/solar-das-rosas-salvador.png","@id":"https:\/\/newsinfoco.com.br\/inicio\/funceb-abre-inscricoes-para-o-processo-seletivo-reda-2025\/#mainImage","width":600,"height":420},"primaryImageOfPage":{"@id":"https:\/\/newsinfoco.com.br\/inicio\/funceb-abre-inscricoes-para-o-processo-seletivo-reda-2025\/#mainImage"},"datePublished":"2025-08-04T16:58:38-03:00","dateModified":"2025-08-04T16:58:38-03:00"},{"@type":"WebSite","@id":"https:\/\/newsinfoco.com.br\/inicio\/#website","url":"https:\/\/newsinfoco.com.br\/inicio\/","name":"News In Foco - Editado por Caio Pimenta","description":"O principal site de noticias de Alagoinhas e regi\u00e3o","inLanguage":"pt-BR","publisher":{"@id":"https:\/\/newsinfoco.com.br\/inicio\/#organization"}}]},"og:locale":"pt_BR","og:site_name":"News In Foco - Editado por Caio Pimenta - O principal site de noticias de Alagoinhas e regi\u00e3o","og:type":"article","og:title":"Funceb abre inscri\u00e7\u00f5es para o Processo Seletivo REDA 2025 - News In Foco - Editado por Caio Pimenta","og:description":"A Funda\u00e7\u00e3o Cultural do Estado da Bahia, unidade vinculada \u00e0 Secretaria de Cultura do Estado (SecultBa), abre inscri\u00e7\u00f5es entre os dias 6 e 12 de agosto de 2025, para o Processo Seletivo Simplificado para contrata\u00e7\u00e3o de pessoal, por tempo determinado, em Regime Especial de Direito Administrativo (REDA), ao atendimento de necessidade de servi\u00e7o tempor\u00e1rio e","og:url":"https:\/\/newsinfoco.com.br\/inicio\/funceb-abre-inscricoes-para-o-processo-seletivo-reda-2025\/","article:published_time":"2025-08-04T19:58:38+00:00","article:modified_time":"2025-08-04T19:58:38+00:00","twitter:card":"summary_large_image","twitter:title":"Funceb abre inscri\u00e7\u00f5es para o Processo Seletivo REDA 2025 - News In Foco - Editado por Caio Pimenta","twitter:description":"A Funda\u00e7\u00e3o Cultural do Estado da Bahia, unidade vinculada \u00e0 Secretaria de Cultura do Estado (SecultBa), abre inscri\u00e7\u00f5es entre os dias 6 e 12 de agosto de 2025, para o Processo Seletivo Simplificado para contrata\u00e7\u00e3o de pessoal, por tempo determinado, em Regime Especial de Direito Administrativo (REDA), ao atendimento de necessidade de servi\u00e7o tempor\u00e1rio e"},"aioseo_meta_data":{"post_id":"43928","title":null,"description":null,"keywords":null,"keyphrases":{"focus":{"keyphrase":"","score":0,"analysis":{"keyphraseInTitle":{"score":0,"maxScore":9,"error":1}}},"additional":[]},"primary_term":null,"canonical_url":null,"og_title":null,"og_description":null,"og_object_type":"default","og_image_type":"default","og_image_url":null,"og_image_width":null,"og_image_height":null,"og_image_custom_url":null,"og_image_custom_fields":null,"og_video":"","og_custom_url":null,"og_article_section":null,"og_article_tags":null,"twitter_use_og":false,"twitter_card":"default","twitter_image_type":"default","twitter_image_url":null,"twitter_image_custom_url":null,"twitter_image_custom_fields":null,"twitter_title":null,"twitter_description":null,"schema":{"blockGraphs":[],"customGraphs":[],"default":{"data":{"Article":[],"Course":[],"Dataset":[],"FAQPage":[],"Movie":[],"Person":[],"Product":[],"ProductReview":[],"Car":[],"Recipe":[],"Service":[],"SoftwareApplication":[],"WebPage":[]},"graphName":"BlogPosting","isEnabled":true},"graphs":[]},"schema_type":"default","schema_type_options":null,"pillar_content":false,"robots_default":true,"robots_noindex":false,"robots_noarchive":false,"robots_nosnippet":false,"robots_nofollow":false,"robots_noimageindex":false,"robots_noodp":false,"robots_notranslate":false,"robots_max_snippet":"-1","robots_max_videopreview":"-1","robots_max_imagepreview":"large","priority":null,"frequency":"default","local_seo":null,"breadcrumb_settings":null,"limit_modified_date":false,"ai":{"faqs":[],"keyPoints":[],"titles":[],"descriptions":[],"socialPosts":{"email":[],"linkedin":[],"twitter":[],"facebook":[],"instagram":[]}},"created":"2025-08-04 19:58:38","updated":"2025-08-04 19:59:44","seo_analyzer_scan_date":null},"aioseo_breadcrumb":"<div class=\"aioseo-breadcrumbs\"><span class=\"aioseo-breadcrumb\">\n\t\t\t<a href=\"https:\/\/newsinfoco.com.br\/inicio\" title=\"In\u00edcio\">In\u00edcio<\/a>\n\t\t<\/span><span class=\"aioseo-breadcrumb-separator\">&raquo;<\/span><span class=\"aioseo-breadcrumb\">\n\t\t\t<a href=\"https:\/\/newsinfoco.com.br\/inicio\/category\/bahia\/\" title=\"Bahia\">Bahia<\/a>\n\t\t<\/span><span class=\"aioseo-breadcrumb-separator\">&raquo;<\/span><span class=\"aioseo-breadcrumb\">\n\t\t\tFunceb abre inscri\u00e7\u00f5es para o Processo Seletivo REDA 2025\n\t\t<\/span><\/div>","aioseo_breadcrumb_json":[{"label":"In\u00edcio","link":"https:\/\/newsinfoco.com.br\/inicio"},{"label":"Bahia","link":"https:\/\/newsinfoco.com.br\/inicio\/category\/bahia\/"},{"label":"Funceb abre inscri\u00e7\u00f5es para o Processo Seletivo REDA 2025","link":"https:\/\/newsinfoco.com.br\/inicio\/funceb-abre-inscricoes-para-o-processo-seletivo-reda-2025\/"}],"_links":{"self":[{"href":"https:\/\/newsinfoco.com.br\/inicio\/wp-json\/wp\/v2\/posts\/43928","targetHints":{"allow":["GET"]}}],"collection":[{"href":"https:\/\/newsinfoco.com.br\/inicio\/wp-json\/wp\/v2\/posts"}],"about":[{"href":"https:\/\/newsinfoco.com.br\/inicio\/wp-json\/wp\/v2\/types\/post"}],"author":[{"embeddable":true,"href":"https:\/\/newsinfoco.com.br\/inicio\/wp-json\/wp\/v2\/users\/1"}],"replies":[{"embeddable":true,"href":"https:\/\/newsinfoco.com.br\/inicio\/wp-json\/wp\/v2\/comments?post=43928"}],"version-history":[{"count":1,"href":"https:\/\/newsinfoco.com.br\/inicio\/wp-json\/wp\/v2\/posts\/43928\/revisions"}],"predecessor-version":[{"id":43930,"href":"https:\/\/newsinfoco.com.br\/inicio\/wp-json\/wp\/v2\/posts\/43928\/revisions\/43930"}],"wp:featuredmedia":[{"embeddable":true,"href":"https:\/\/newsinfoco.com.br\/inicio\/wp-json\/wp\/v2\/media\/43929"}],"wp:attachment":[{"href":"https:\/\/newsinfoco.com.br\/inicio\/wp-json\/wp\/v2\/media?parent=43928"}],"wp:term":[{"taxonomy":"category","embeddable":true,"href":"https:\/\/newsinfoco.com.br\/inicio\/wp-json\/wp\/v2\/categories?post=43928"},{"taxonomy":"post_tag","embeddable":true,"href":"https:\/\/newsinfoco.com.br\/inicio\/wp-json\/wp\/v2\/tags?post=43928"}],"curies":[{"name":"wp","href":"https:\/\/api.w.org\/{rel}","templated":true}]}}