{"id":43932,"date":"2025-08-04T17:02:21","date_gmt":"2025-08-04T20:02:21","guid":{"rendered":"https:\/\/newsinfoco.com.br\/inicio\/?p=43932"},"modified":"2025-08-04T17:02:21","modified_gmt":"2025-08-04T20:02:21","slug":"rede-de-hipermercados-vai-ampliar-presenca-em-alagoinhas","status":"publish","type":"post","link":"https:\/\/newsinfoco.com.br\/inicio\/rede-de-hipermercados-vai-ampliar-presenca-em-alagoinhas\/","title":{"rendered":"Rede de hipermercados vai ampliar presen\u00e7a em Alagoinhas"},"content":{"rendered":"<p>Nesta segunda-feira, 4 de agosto, a Prefeitura de Alagoinhas emitiu o Alvar\u00e1 de Obra para a implementa\u00e7\u00e3o da segunda loja da rede de hipermercados Atakarejo no munic\u00edpio. A previs\u00e3o \u00e9 que a nova unidade comece a ser constru\u00edda no fim deste ano e seja inaugurada no primeiro semestre de 2026. Com investimento de aproximadamente R$ 40 milh\u00f5es, a loja deve gerar cerca de 750 empregos, entre diretos e indiretos. Alagoinhas est\u00e1 na rota de expans\u00e3o da empresa, que at\u00e9 dezembro pretende chegar 55 hipermercados nos estados da Bahia e Sergipe.<\/p>\n<p>\u201cAntes de comprar o terreno, fizemos um estudo de viabilidade econ\u00f4mica e percebemos que Alagoinhas \u00e9 uma cidade de pujan\u00e7a econ\u00f4mica, tanto por conta das pessoas que moram aqui, quanto pelo p\u00fablico flutuante que \u00e9 muito grande. Ent\u00e3o, vimos uma demanda reprimida no munic\u00edpio e decidimos construir mais uma loja. \u00c9 importante destacar que, al\u00e9m dos empregos que ser\u00e3o gerados, o munic\u00edpio tamb\u00e9m ganhar\u00e1 com a arrecada\u00e7\u00e3o do ISS (Imposto Sobre Servi\u00e7o) da fase de obra, j\u00e1 que possu\u00edmos CNPJ local\u201d, comenta Luiz Paulo Albertazzi, gerente de Expans\u00e3o da empresa Atakarejo.<\/p>\n<p>O Alvar\u00e1 de Obra foi entregue pelo prefeito Gustavo Carmo, em reuni\u00e3o que contou com as presen\u00e7as do vice-prefeito, Luciano S\u00e9rgio, e do secret\u00e1rio Municipal de Mobilidade Urbana e Ordem P\u00fablica, Hilton Ribeiro. \u201cEstamos muito felizes com o an\u00fancio desse novo empreendimento, pois sabemos que o setor de com\u00e9rcio e varejo \u00e9 fundamental para gerar empregos, movimentar a economia local e oferecer mais op\u00e7\u00f5es de compras para a nossa popula\u00e7\u00e3o. A amplia\u00e7\u00e3o da rede Atakarejo comprova a for\u00e7a econ\u00f4mica de Alagoinhas e a postura da nossa gest\u00e3o em atrair grandes investimentos para a nossa cidade\u201d, diz Gustavo.<\/p>\n<p>O novo hipermercado funcionar\u00e1 em um terreno de 26 mil metros quadrados, localizado no bairro Alagoinhas Velha, pr\u00f3ximo \u00e0 rodovi\u00e1ria e \u00e0 BR-101. O projeto contempla uma \u00e1rea total constru\u00edda de 9 mil m\u00b2, com sal\u00e3o de vendas, mais de 200 vagas de estacionamento e uma galeria onde ser\u00e3o instaladas 11 lojas de segmentos variados. \u201cAlugaremos esses espa\u00e7os para casa lot\u00e9rica, petshop, cl\u00ednica, farm\u00e1cia, loja de conveni\u00eancia, entre outras, como forma de oferecer aos nossos clientes a comodidade de fazer suas compras e aproveitar outros servi\u00e7os agregados\u201d, explica Albertazzi.<\/p>\n<div class='share-to-whatsapp-wrapper'><div class='share-on-whsp'>Share on: <\/div><a data-text='Rede de hipermercados vai ampliar presen\u00e7a em Alagoinhas' data-link='https:\/\/newsinfoco.com.br\/inicio\/rede-de-hipermercados-vai-ampliar-presenca-em-alagoinhas\/' class='whatsapp-button whatsapp-share'>WhatsApp<\/a><div class='clear '><\/div><\/div>","protected":false},"excerpt":{"rendered":"<p>Nesta segunda-feira, 4 de agosto, a Prefeitura de Alagoinhas emitiu o Alvar\u00e1 de Obra para a implementa\u00e7\u00e3o da segunda loja da rede de hipermercados Atakarejo no munic\u00edpio. A previs\u00e3o \u00e9 que a nova unidade comece a ser constru\u00edda no fim deste ano e seja inaugurada no primeiro semestre de 2026. Com investimento de aproximadamente R$ [&hellip;]<\/p>\n","protected":false},"author":1,"featured_media":43933,"comment_status":"closed","ping_status":"closed","sticky":false,"template":"","format":"standard","meta":{"om_disable_all_campaigns":false,"rop_custom_images_group":[],"rop_custom_messages_group":[],"rop_publish_now":"initial","rop_publish_now_accounts":[],"rop_publish_now_history":[],"rop_publish_now_status":"pending","_exactmetrics_skip_tracking":false,"footnotes":""},"categories":[38,30,167],"tags":[],"class_list":["post-43932","post","type-post","status-publish","format-standard","has-post-thumbnail","hentry","category-alagoinhas-e-regiao","category-destaque","category-exclusivas"],"aioseo_notices":[],"aioseo_head":"\n\t\t<!-- All in One SEO 4.9.10 - aioseo.com -->\n\t<meta name=\"description\" content=\"Nesta segunda-feira, 4 de agosto, a Prefeitura de Alagoinhas emitiu o Alvar\u00e1 de Obra para a implementa\u00e7\u00e3o da segunda loja da rede de hipermercados Atakarejo no munic\u00edpio. A previs\u00e3o \u00e9 que a nova unidade comece a ser constru\u00edda no fim deste ano e seja inaugurada no primeiro semestre de 2026. Com investimento de aproximadamente R$\" \/>\n\t<meta name=\"robots\" content=\"max-image-preview:large\" \/>\n\t<meta name=\"author\" content=\"administrador\"\/>\n\t<link rel=\"canonical\" href=\"https:\/\/newsinfoco.com.br\/inicio\/rede-de-hipermercados-vai-ampliar-presenca-em-alagoinhas\/\" \/>\n\t<meta name=\"generator\" content=\"All in One SEO (AIOSEO) 4.9.10\" \/>\n\t\t<meta property=\"og:locale\" content=\"pt_BR\" \/>\n\t\t<meta property=\"og:site_name\" content=\"News In Foco - Editado por Caio Pimenta - O principal site de noticias de Alagoinhas e regi\u00e3o\" \/>\n\t\t<meta property=\"og:type\" content=\"article\" \/>\n\t\t<meta property=\"og:title\" content=\"Rede de hipermercados vai ampliar presen\u00e7a em Alagoinhas - News In Foco - Editado por Caio Pimenta\" \/>\n\t\t<meta property=\"og:description\" content=\"Nesta segunda-feira, 4 de agosto, a Prefeitura de Alagoinhas emitiu o Alvar\u00e1 de Obra para a implementa\u00e7\u00e3o da segunda loja da rede de hipermercados Atakarejo no munic\u00edpio. A previs\u00e3o \u00e9 que a nova unidade comece a ser constru\u00edda no fim deste ano e seja inaugurada no primeiro semestre de 2026. Com investimento de aproximadamente R$\" \/>\n\t\t<meta property=\"og:url\" content=\"https:\/\/newsinfoco.com.br\/inicio\/rede-de-hipermercados-vai-ampliar-presenca-em-alagoinhas\/\" \/>\n\t\t<meta property=\"article:published_time\" content=\"2025-08-04T20:02:21+00:00\" \/>\n\t\t<meta property=\"article:modified_time\" content=\"2025-08-04T20:02:21+00:00\" \/>\n\t\t<meta name=\"twitter:card\" content=\"summary_large_image\" \/>\n\t\t<meta name=\"twitter:title\" content=\"Rede de hipermercados vai ampliar presen\u00e7a em Alagoinhas - News In Foco - Editado por Caio Pimenta\" \/>\n\t\t<meta name=\"twitter:description\" content=\"Nesta segunda-feira, 4 de agosto, a Prefeitura de Alagoinhas emitiu o Alvar\u00e1 de Obra para a implementa\u00e7\u00e3o da segunda loja da rede de hipermercados Atakarejo no munic\u00edpio. A previs\u00e3o \u00e9 que a nova unidade comece a ser constru\u00edda no fim deste ano e seja inaugurada no primeiro semestre de 2026. Com investimento de aproximadamente R$\" \/>\n\t\t<script type=\"application\/ld+json\" class=\"aioseo-schema\">\n\t\t\t{\"@context\":\"https:\\\/\\\/schema.org\",\"@graph\":[{\"@type\":\"BlogPosting\",\"@id\":\"https:\\\/\\\/newsinfoco.com.br\\\/inicio\\\/rede-de-hipermercados-vai-ampliar-presenca-em-alagoinhas\\\/#blogposting\",\"name\":\"Rede de hipermercados vai ampliar presen\\u00e7a em Alagoinhas - News In Foco - Editado por Caio Pimenta\",\"headline\":\"Rede de hipermercados vai ampliar presen\\u00e7a em Alagoinhas\",\"author\":{\"@id\":\"https:\\\/\\\/newsinfoco.com.br\\\/inicio\\\/author\\\/administrador\\\/#author\"},\"publisher\":{\"@id\":\"https:\\\/\\\/newsinfoco.com.br\\\/inicio\\\/#organization\"},\"image\":{\"@type\":\"ImageObject\",\"url\":\"https:\\\/\\\/newsinfoco.com.br\\\/inicio\\\/wp-content\\\/uploads\\\/2025\\\/08\\\/IMG-20250804-WA0125.jpg\",\"width\":1600,\"height\":1072},\"datePublished\":\"2025-08-04T17:02:21-03:00\",\"dateModified\":\"2025-08-04T17:02:21-03:00\",\"inLanguage\":\"pt-BR\",\"mainEntityOfPage\":{\"@id\":\"https:\\\/\\\/newsinfoco.com.br\\\/inicio\\\/rede-de-hipermercados-vai-ampliar-presenca-em-alagoinhas\\\/#webpage\"},\"isPartOf\":{\"@id\":\"https:\\\/\\\/newsinfoco.com.br\\\/inicio\\\/rede-de-hipermercados-vai-ampliar-presenca-em-alagoinhas\\\/#webpage\"},\"articleSection\":\"Alagoinhas e Regi\\u00e3o, Destaque, Manchete\"},{\"@type\":\"BreadcrumbList\",\"@id\":\"https:\\\/\\\/newsinfoco.com.br\\\/inicio\\\/rede-de-hipermercados-vai-ampliar-presenca-em-alagoinhas\\\/#breadcrumblist\",\"itemListElement\":[{\"@type\":\"ListItem\",\"@id\":\"https:\\\/\\\/newsinfoco.com.br\\\/inicio#listItem\",\"position\":1,\"name\":\"In\\u00edcio\",\"item\":\"https:\\\/\\\/newsinfoco.com.br\\\/inicio\",\"nextItem\":{\"@type\":\"ListItem\",\"@id\":\"https:\\\/\\\/newsinfoco.com.br\\\/inicio\\\/category\\\/destaque\\\/#listItem\",\"name\":\"Destaque\"}},{\"@type\":\"ListItem\",\"@id\":\"https:\\\/\\\/newsinfoco.com.br\\\/inicio\\\/category\\\/destaque\\\/#listItem\",\"position\":2,\"name\":\"Destaque\",\"item\":\"https:\\\/\\\/newsinfoco.com.br\\\/inicio\\\/category\\\/destaque\\\/\",\"nextItem\":{\"@type\":\"ListItem\",\"@id\":\"https:\\\/\\\/newsinfoco.com.br\\\/inicio\\\/rede-de-hipermercados-vai-ampliar-presenca-em-alagoinhas\\\/#listItem\",\"name\":\"Rede de hipermercados vai ampliar presen\\u00e7a em Alagoinhas\"},\"previousItem\":{\"@type\":\"ListItem\",\"@id\":\"https:\\\/\\\/newsinfoco.com.br\\\/inicio#listItem\",\"name\":\"In\\u00edcio\"}},{\"@type\":\"ListItem\",\"@id\":\"https:\\\/\\\/newsinfoco.com.br\\\/inicio\\\/rede-de-hipermercados-vai-ampliar-presenca-em-alagoinhas\\\/#listItem\",\"position\":3,\"name\":\"Rede de hipermercados vai ampliar presen\\u00e7a em Alagoinhas\",\"previousItem\":{\"@type\":\"ListItem\",\"@id\":\"https:\\\/\\\/newsinfoco.com.br\\\/inicio\\\/category\\\/destaque\\\/#listItem\",\"name\":\"Destaque\"}}]},{\"@type\":\"Organization\",\"@id\":\"https:\\\/\\\/newsinfoco.com.br\\\/inicio\\\/#organization\",\"name\":\"News In Foco - Editado por Caio Pimenta\",\"description\":\"O principal site de noticias de Alagoinhas e regi\\u00e3o\",\"url\":\"https:\\\/\\\/newsinfoco.com.br\\\/inicio\\\/\"},{\"@type\":\"Person\",\"@id\":\"https:\\\/\\\/newsinfoco.com.br\\\/inicio\\\/author\\\/administrador\\\/#author\",\"url\":\"https:\\\/\\\/newsinfoco.com.br\\\/inicio\\\/author\\\/administrador\\\/\",\"name\":\"administrador\",\"image\":{\"@type\":\"ImageObject\",\"@id\":\"https:\\\/\\\/newsinfoco.com.br\\\/inicio\\\/rede-de-hipermercados-vai-ampliar-presenca-em-alagoinhas\\\/#authorImage\",\"url\":\"https:\\\/\\\/secure.gravatar.com\\\/avatar\\\/c17a617433de8c1dc9584bb79aab7563b46f5bb7e1728c9b17d9cc3ce6a08e49?s=96&d=mm&r=g\",\"width\":96,\"height\":96,\"caption\":\"administrador\"}},{\"@type\":\"WebPage\",\"@id\":\"https:\\\/\\\/newsinfoco.com.br\\\/inicio\\\/rede-de-hipermercados-vai-ampliar-presenca-em-alagoinhas\\\/#webpage\",\"url\":\"https:\\\/\\\/newsinfoco.com.br\\\/inicio\\\/rede-de-hipermercados-vai-ampliar-presenca-em-alagoinhas\\\/\",\"name\":\"Rede de hipermercados vai ampliar presen\\u00e7a em Alagoinhas - News In Foco - Editado por Caio Pimenta\",\"description\":\"Nesta segunda-feira, 4 de agosto, a Prefeitura de Alagoinhas emitiu o Alvar\\u00e1 de Obra para a implementa\\u00e7\\u00e3o da segunda loja da rede de hipermercados Atakarejo no munic\\u00edpio. A previs\\u00e3o \\u00e9 que a nova unidade comece a ser constru\\u00edda no fim deste ano e seja inaugurada no primeiro semestre de 2026. Com investimento de aproximadamente R$\",\"inLanguage\":\"pt-BR\",\"isPartOf\":{\"@id\":\"https:\\\/\\\/newsinfoco.com.br\\\/inicio\\\/#website\"},\"breadcrumb\":{\"@id\":\"https:\\\/\\\/newsinfoco.com.br\\\/inicio\\\/rede-de-hipermercados-vai-ampliar-presenca-em-alagoinhas\\\/#breadcrumblist\"},\"author\":{\"@id\":\"https:\\\/\\\/newsinfoco.com.br\\\/inicio\\\/author\\\/administrador\\\/#author\"},\"creator\":{\"@id\":\"https:\\\/\\\/newsinfoco.com.br\\\/inicio\\\/author\\\/administrador\\\/#author\"},\"image\":{\"@type\":\"ImageObject\",\"url\":\"https:\\\/\\\/newsinfoco.com.br\\\/inicio\\\/wp-content\\\/uploads\\\/2025\\\/08\\\/IMG-20250804-WA0125.jpg\",\"@id\":\"https:\\\/\\\/newsinfoco.com.br\\\/inicio\\\/rede-de-hipermercados-vai-ampliar-presenca-em-alagoinhas\\\/#mainImage\",\"width\":1600,\"height\":1072},\"primaryImageOfPage\":{\"@id\":\"https:\\\/\\\/newsinfoco.com.br\\\/inicio\\\/rede-de-hipermercados-vai-ampliar-presenca-em-alagoinhas\\\/#mainImage\"},\"datePublished\":\"2025-08-04T17:02:21-03:00\",\"dateModified\":\"2025-08-04T17:02:21-03:00\"},{\"@type\":\"WebSite\",\"@id\":\"https:\\\/\\\/newsinfoco.com.br\\\/inicio\\\/#website\",\"url\":\"https:\\\/\\\/newsinfoco.com.br\\\/inicio\\\/\",\"name\":\"News In Foco - Editado por Caio Pimenta\",\"description\":\"O principal site de noticias de Alagoinhas e regi\\u00e3o\",\"inLanguage\":\"pt-BR\",\"publisher\":{\"@id\":\"https:\\\/\\\/newsinfoco.com.br\\\/inicio\\\/#organization\"}}]}\n\t\t<\/script>\n\t\t<!-- All in One SEO -->\n\n","aioseo_head_json":{"title":"Rede de hipermercados vai ampliar presen\u00e7a em Alagoinhas - News In Foco - Editado por Caio Pimenta","description":"Nesta segunda-feira, 4 de agosto, a Prefeitura de Alagoinhas emitiu o Alvar\u00e1 de Obra para a implementa\u00e7\u00e3o da segunda loja da rede de hipermercados Atakarejo no munic\u00edpio. A previs\u00e3o \u00e9 que a nova unidade comece a ser constru\u00edda no fim deste ano e seja inaugurada no primeiro semestre de 2026. Com investimento de aproximadamente R$","canonical_url":"https:\/\/newsinfoco.com.br\/inicio\/rede-de-hipermercados-vai-ampliar-presenca-em-alagoinhas\/","robots":"max-image-preview:large","keywords":"","webmasterTools":{"miscellaneous":""},"schema":{"@context":"https:\/\/schema.org","@graph":[{"@type":"BlogPosting","@id":"https:\/\/newsinfoco.com.br\/inicio\/rede-de-hipermercados-vai-ampliar-presenca-em-alagoinhas\/#blogposting","name":"Rede de hipermercados vai ampliar presen\u00e7a em Alagoinhas - News In Foco - Editado por Caio Pimenta","headline":"Rede de hipermercados vai ampliar presen\u00e7a em Alagoinhas","author":{"@id":"https:\/\/newsinfoco.com.br\/inicio\/author\/administrador\/#author"},"publisher":{"@id":"https:\/\/newsinfoco.com.br\/inicio\/#organization"},"image":{"@type":"ImageObject","url":"https:\/\/newsinfoco.com.br\/inicio\/wp-content\/uploads\/2025\/08\/IMG-20250804-WA0125.jpg","width":1600,"height":1072},"datePublished":"2025-08-04T17:02:21-03:00","dateModified":"2025-08-04T17:02:21-03:00","inLanguage":"pt-BR","mainEntityOfPage":{"@id":"https:\/\/newsinfoco.com.br\/inicio\/rede-de-hipermercados-vai-ampliar-presenca-em-alagoinhas\/#webpage"},"isPartOf":{"@id":"https:\/\/newsinfoco.com.br\/inicio\/rede-de-hipermercados-vai-ampliar-presenca-em-alagoinhas\/#webpage"},"articleSection":"Alagoinhas e Regi\u00e3o, Destaque, Manchete"},{"@type":"BreadcrumbList","@id":"https:\/\/newsinfoco.com.br\/inicio\/rede-de-hipermercados-vai-ampliar-presenca-em-alagoinhas\/#breadcrumblist","itemListElement":[{"@type":"ListItem","@id":"https:\/\/newsinfoco.com.br\/inicio#listItem","position":1,"name":"In\u00edcio","item":"https:\/\/newsinfoco.com.br\/inicio","nextItem":{"@type":"ListItem","@id":"https:\/\/newsinfoco.com.br\/inicio\/category\/destaque\/#listItem","name":"Destaque"}},{"@type":"ListItem","@id":"https:\/\/newsinfoco.com.br\/inicio\/category\/destaque\/#listItem","position":2,"name":"Destaque","item":"https:\/\/newsinfoco.com.br\/inicio\/category\/destaque\/","nextItem":{"@type":"ListItem","@id":"https:\/\/newsinfoco.com.br\/inicio\/rede-de-hipermercados-vai-ampliar-presenca-em-alagoinhas\/#listItem","name":"Rede de hipermercados vai ampliar presen\u00e7a em Alagoinhas"},"previousItem":{"@type":"ListItem","@id":"https:\/\/newsinfoco.com.br\/inicio#listItem","name":"In\u00edcio"}},{"@type":"ListItem","@id":"https:\/\/newsinfoco.com.br\/inicio\/rede-de-hipermercados-vai-ampliar-presenca-em-alagoinhas\/#listItem","position":3,"name":"Rede de hipermercados vai ampliar presen\u00e7a em Alagoinhas","previousItem":{"@type":"ListItem","@id":"https:\/\/newsinfoco.com.br\/inicio\/category\/destaque\/#listItem","name":"Destaque"}}]},{"@type":"Organization","@id":"https:\/\/newsinfoco.com.br\/inicio\/#organization","name":"News In Foco - Editado por Caio Pimenta","description":"O principal site de noticias de Alagoinhas e regi\u00e3o","url":"https:\/\/newsinfoco.com.br\/inicio\/"},{"@type":"Person","@id":"https:\/\/newsinfoco.com.br\/inicio\/author\/administrador\/#author","url":"https:\/\/newsinfoco.com.br\/inicio\/author\/administrador\/","name":"administrador","image":{"@type":"ImageObject","@id":"https:\/\/newsinfoco.com.br\/inicio\/rede-de-hipermercados-vai-ampliar-presenca-em-alagoinhas\/#authorImage","url":"https:\/\/secure.gravatar.com\/avatar\/c17a617433de8c1dc9584bb79aab7563b46f5bb7e1728c9b17d9cc3ce6a08e49?s=96&d=mm&r=g","width":96,"height":96,"caption":"administrador"}},{"@type":"WebPage","@id":"https:\/\/newsinfoco.com.br\/inicio\/rede-de-hipermercados-vai-ampliar-presenca-em-alagoinhas\/#webpage","url":"https:\/\/newsinfoco.com.br\/inicio\/rede-de-hipermercados-vai-ampliar-presenca-em-alagoinhas\/","name":"Rede de hipermercados vai ampliar presen\u00e7a em Alagoinhas - News In Foco - Editado por Caio Pimenta","description":"Nesta segunda-feira, 4 de agosto, a Prefeitura de Alagoinhas emitiu o Alvar\u00e1 de Obra para a implementa\u00e7\u00e3o da segunda loja da rede de hipermercados Atakarejo no munic\u00edpio. A previs\u00e3o \u00e9 que a nova unidade comece a ser constru\u00edda no fim deste ano e seja inaugurada no primeiro semestre de 2026. Com investimento de aproximadamente R$","inLanguage":"pt-BR","isPartOf":{"@id":"https:\/\/newsinfoco.com.br\/inicio\/#website"},"breadcrumb":{"@id":"https:\/\/newsinfoco.com.br\/inicio\/rede-de-hipermercados-vai-ampliar-presenca-em-alagoinhas\/#breadcrumblist"},"author":{"@id":"https:\/\/newsinfoco.com.br\/inicio\/author\/administrador\/#author"},"creator":{"@id":"https:\/\/newsinfoco.com.br\/inicio\/author\/administrador\/#author"},"image":{"@type":"ImageObject","url":"https:\/\/newsinfoco.com.br\/inicio\/wp-content\/uploads\/2025\/08\/IMG-20250804-WA0125.jpg","@id":"https:\/\/newsinfoco.com.br\/inicio\/rede-de-hipermercados-vai-ampliar-presenca-em-alagoinhas\/#mainImage","width":1600,"height":1072},"primaryImageOfPage":{"@id":"https:\/\/newsinfoco.com.br\/inicio\/rede-de-hipermercados-vai-ampliar-presenca-em-alagoinhas\/#mainImage"},"datePublished":"2025-08-04T17:02:21-03:00","dateModified":"2025-08-04T17:02:21-03:00"},{"@type":"WebSite","@id":"https:\/\/newsinfoco.com.br\/inicio\/#website","url":"https:\/\/newsinfoco.com.br\/inicio\/","name":"News In Foco - Editado por Caio Pimenta","description":"O principal site de noticias de Alagoinhas e regi\u00e3o","inLanguage":"pt-BR","publisher":{"@id":"https:\/\/newsinfoco.com.br\/inicio\/#organization"}}]},"og:locale":"pt_BR","og:site_name":"News In Foco - Editado por Caio Pimenta - O principal site de noticias de Alagoinhas e regi\u00e3o","og:type":"article","og:title":"Rede de hipermercados vai ampliar presen\u00e7a em Alagoinhas - News In Foco - Editado por Caio Pimenta","og:description":"Nesta segunda-feira, 4 de agosto, a Prefeitura de Alagoinhas emitiu o Alvar\u00e1 de Obra para a implementa\u00e7\u00e3o da segunda loja da rede de hipermercados Atakarejo no munic\u00edpio. A previs\u00e3o \u00e9 que a nova unidade comece a ser constru\u00edda no fim deste ano e seja inaugurada no primeiro semestre de 2026. Com investimento de aproximadamente R$","og:url":"https:\/\/newsinfoco.com.br\/inicio\/rede-de-hipermercados-vai-ampliar-presenca-em-alagoinhas\/","article:published_time":"2025-08-04T20:02:21+00:00","article:modified_time":"2025-08-04T20:02:21+00:00","twitter:card":"summary_large_image","twitter:title":"Rede de hipermercados vai ampliar presen\u00e7a em Alagoinhas - News In Foco - Editado por Caio Pimenta","twitter:description":"Nesta segunda-feira, 4 de agosto, a Prefeitura de Alagoinhas emitiu o Alvar\u00e1 de Obra para a implementa\u00e7\u00e3o da segunda loja da rede de hipermercados Atakarejo no munic\u00edpio. A previs\u00e3o \u00e9 que a nova unidade comece a ser constru\u00edda no fim deste ano e seja inaugurada no primeiro semestre de 2026. Com investimento de aproximadamente R$"},"aioseo_meta_data":{"post_id":"43932","title":null,"description":null,"keywords":null,"keyphrases":{"focus":{"keyphrase":"","score":0,"analysis":{"keyphraseInTitle":{"score":0,"maxScore":9,"error":1}}},"additional":[]},"primary_term":null,"canonical_url":null,"og_title":null,"og_description":null,"og_object_type":"default","og_image_type":"default","og_image_url":null,"og_image_width":null,"og_image_height":null,"og_image_custom_url":null,"og_image_custom_fields":null,"og_video":"","og_custom_url":null,"og_article_section":null,"og_article_tags":null,"twitter_use_og":false,"twitter_card":"default","twitter_image_type":"default","twitter_image_url":null,"twitter_image_custom_url":null,"twitter_image_custom_fields":null,"twitter_title":null,"twitter_description":null,"schema":{"blockGraphs":[],"customGraphs":[],"default":{"data":{"Article":[],"Course":[],"Dataset":[],"FAQPage":[],"Movie":[],"Person":[],"Product":[],"ProductReview":[],"Car":[],"Recipe":[],"Service":[],"SoftwareApplication":[],"WebPage":[]},"graphName":"BlogPosting","isEnabled":true},"graphs":[]},"schema_type":"default","schema_type_options":null,"pillar_content":false,"robots_default":true,"robots_noindex":false,"robots_noarchive":false,"robots_nosnippet":false,"robots_nofollow":false,"robots_noimageindex":false,"robots_noodp":false,"robots_notranslate":false,"robots_max_snippet":"-1","robots_max_videopreview":"-1","robots_max_imagepreview":"large","priority":null,"frequency":"default","local_seo":null,"breadcrumb_settings":null,"limit_modified_date":false,"ai":{"faqs":[],"keyPoints":[],"titles":[],"descriptions":[],"socialPosts":{"email":[],"linkedin":[],"twitter":[],"facebook":[],"instagram":[]}},"created":"2025-08-04 20:02:22","updated":"2025-08-04 20:15:52","seo_analyzer_scan_date":null},"aioseo_breadcrumb":"<div class=\"aioseo-breadcrumbs\"><span class=\"aioseo-breadcrumb\">\n\t\t\t<a href=\"https:\/\/newsinfoco.com.br\/inicio\" title=\"In\u00edcio\">In\u00edcio<\/a>\n\t\t<\/span><span class=\"aioseo-breadcrumb-separator\">&raquo;<\/span><span class=\"aioseo-breadcrumb\">\n\t\t\t<a href=\"https:\/\/newsinfoco.com.br\/inicio\/category\/destaque\/\" title=\"Destaque\">Destaque<\/a>\n\t\t<\/span><span class=\"aioseo-breadcrumb-separator\">&raquo;<\/span><span class=\"aioseo-breadcrumb\">\n\t\t\tRede de hipermercados vai ampliar presen\u00e7a em Alagoinhas\n\t\t<\/span><\/div>","aioseo_breadcrumb_json":[{"label":"In\u00edcio","link":"https:\/\/newsinfoco.com.br\/inicio"},{"label":"Destaque","link":"https:\/\/newsinfoco.com.br\/inicio\/category\/destaque\/"},{"label":"Rede de hipermercados vai ampliar presen\u00e7a em Alagoinhas","link":"https:\/\/newsinfoco.com.br\/inicio\/rede-de-hipermercados-vai-ampliar-presenca-em-alagoinhas\/"}],"_links":{"self":[{"href":"https:\/\/newsinfoco.com.br\/inicio\/wp-json\/wp\/v2\/posts\/43932","targetHints":{"allow":["GET"]}}],"collection":[{"href":"https:\/\/newsinfoco.com.br\/inicio\/wp-json\/wp\/v2\/posts"}],"about":[{"href":"https:\/\/newsinfoco.com.br\/inicio\/wp-json\/wp\/v2\/types\/post"}],"author":[{"embeddable":true,"href":"https:\/\/newsinfoco.com.br\/inicio\/wp-json\/wp\/v2\/users\/1"}],"replies":[{"embeddable":true,"href":"https:\/\/newsinfoco.com.br\/inicio\/wp-json\/wp\/v2\/comments?post=43932"}],"version-history":[{"count":1,"href":"https:\/\/newsinfoco.com.br\/inicio\/wp-json\/wp\/v2\/posts\/43932\/revisions"}],"predecessor-version":[{"id":43934,"href":"https:\/\/newsinfoco.com.br\/inicio\/wp-json\/wp\/v2\/posts\/43932\/revisions\/43934"}],"wp:featuredmedia":[{"embeddable":true,"href":"https:\/\/newsinfoco.com.br\/inicio\/wp-json\/wp\/v2\/media\/43933"}],"wp:attachment":[{"href":"https:\/\/newsinfoco.com.br\/inicio\/wp-json\/wp\/v2\/media?parent=43932"}],"wp:term":[{"taxonomy":"category","embeddable":true,"href":"https:\/\/newsinfoco.com.br\/inicio\/wp-json\/wp\/v2\/categories?post=43932"},{"taxonomy":"post_tag","embeddable":true,"href":"https:\/\/newsinfoco.com.br\/inicio\/wp-json\/wp\/v2\/tags?post=43932"}],"curies":[{"name":"wp","href":"https:\/\/api.w.org\/{rel}","templated":true}]}}