{"id":43935,"date":"2025-08-04T17:15:52","date_gmt":"2025-08-04T20:15:52","guid":{"rendered":"https:\/\/newsinfoco.com.br\/inicio\/?p=43935"},"modified":"2025-08-04T17:15:52","modified_gmt":"2025-08-04T20:15:52","slug":"ssp-promove-4a-edicao-do-curso-de-nivelamento-interfederativo-para-guarda-municipais","status":"publish","type":"post","link":"https:\/\/newsinfoco.com.br\/inicio\/ssp-promove-4a-edicao-do-curso-de-nivelamento-interfederativo-para-guarda-municipais\/","title":{"rendered":"SSP promove 4\u00aa edi\u00e7\u00e3o do Curso de Nivelamento Interfederativo para Guarda Municipais"},"content":{"rendered":"<p>Com objetivo de qualificar os profissionais das Guardas Municipais e ampliar a integra\u00e7\u00e3o com For\u00e7as Policiais e de Bombeiros, a Secretaria da Seguran\u00e7a P\u00fablica (SSP), por meio da Superintend\u00eancia de Gest\u00e3o Integrada da A\u00e7\u00e3o Policial (SIAP), iniciou nesta segunda-feira (4), a 4\u00aa edi\u00e7\u00e3o do curso de Nivelamento Interfederativo em Seguran\u00e7a P\u00fablica.<\/p>\n<p>Participar\u00e3o da capacita\u00e7\u00e3o 61 guardas municipais das cidades de Barreiras, Brumado, Cachoeira, Camac\u00e3, D\u00e1rio Meira, Feira de Santana, Itamaraju, Jacobina, Itagi, Jita\u00fana, Juazeiro, Macarani, Maragogipe, Monte Santo, Nazar\u00e9, Palmeiras, Planalto, Riach\u00e3o das Neves, Salvador, S\u00e3o Francisco do Conde, S\u00e3o Gon\u00e7alo dos Campos, Senhor do Bonfim, Serra Dourada, Teixeira de Freitas, Tucano e Alagoinhas.<\/p>\n<p>Desde a sua primeira edi\u00e7\u00e3o, o curso j\u00e1 capacitou 207 guardas municipais em mais de 40 munic\u00edpios do estado.<\/p>\n<p>O secret\u00e1rio da SSP, Marcelo Werner destacou a integra\u00e7\u00e3o das Guardas com as For\u00e7as Estaduais. \u201cUnir esfor\u00e7os, atrav\u00e9s do compartilhamento de ensinamentos, \u00e9 o caminho para a manuten\u00e7\u00e3o da paz social em todo o territ\u00f3rio baiano\u201d, declarou.<\/p>\n<p>Bahia.Ba<\/p>\n<div>\n<div>\n<div class=\"trv-player-container\">\n<div class=\"trv-wrapper\">\n<div id=\"br_video_player_06d88378b50e2c3a2fd15c53236e7f9dc3c659f9\" class=\"trvd_video_player trvdinstream\">\n<div class=\"media-player\">\n<div class=\"trv-video\">\n<div id=\"truvid_ima_container20741\" class=\"truvid_ima_container\">\n<div>\n<div>\n<div>\n<div>\n<div class=\"trv-player-container\">\n<div class=\"trv-wrapper\">\n<div id=\"br_video_player_06d88378b50e2c3a2fd15c53236e7f9dc3c659f9\" class=\"trvd_video_player trvdinstream\">\n<div class=\"media-player\">\n<div class=\"trv-video\">\n<div id=\"truvid_ima_container20741\" class=\"truvid_ima_container\">\n<div>\n<div>\n<div>\n<div>\n<div class=\"trv-player-container\">\n<div class=\"trv-wrapper\">\n<div id=\"br_video_player_06d88378b50e2c3a2fd15c53236e7f9dc3c659f9\" class=\"trvd_video_player trvdinstream\">\n<div class=\"media-player\">\n<div class=\"trv-video\">\n<div id=\"truvid_ima_container20741\" class=\"truvid_ima_container\">\n<div>\n<div>\n<div>\n<div>\n<div class=\"trv-player-container\">\n<div class=\"trv-wrapper\">\n<div id=\"br_video_player_06d88378b50e2c3a2fd15c53236e7f9dc3c659f9\" class=\"trvd_video_player trvdinstream\">\n<div class=\"media-player\">\n<div class=\"trv-video\">\n<div id=\"truvid_ima_container20741\" class=\"truvid_ima_container\">\n<div>\n<div><\/div>\n<\/div>\n<\/div>\n<\/div>\n<\/div>\n<\/div>\n<\/div>\n<\/div>\n<\/div>\n<\/div>\n<\/div>\n<\/div>\n<\/div>\n<\/div>\n<\/div>\n<\/div>\n<\/div>\n<\/div>\n<\/div>\n<\/div>\n<\/div>\n<\/div>\n<\/div>\n<\/div>\n<\/div>\n<\/div>\n<\/div>\n<\/div>\n<\/div>\n<\/div>\n<\/div>\n<\/div>\n<\/div>\n<\/div>\n<\/div>\n<\/div>\n<\/div>\n<\/div>\n<\/div>\n<\/div>\n<div class='share-to-whatsapp-wrapper'><div class='share-on-whsp'>Share on: <\/div><a data-text='SSP promove 4\u00aa edi\u00e7\u00e3o do Curso de Nivelamento Interfederativo para Guarda Municipais' data-link='https:\/\/newsinfoco.com.br\/inicio\/ssp-promove-4a-edicao-do-curso-de-nivelamento-interfederativo-para-guarda-municipais\/' class='whatsapp-button whatsapp-share'>WhatsApp<\/a><div class='clear '><\/div><\/div>","protected":false},"excerpt":{"rendered":"<p>Com objetivo de qualificar os profissionais das Guardas Municipais e ampliar a integra\u00e7\u00e3o com For\u00e7as Policiais e de Bombeiros, a Secretaria da Seguran\u00e7a P\u00fablica (SSP), por meio da Superintend\u00eancia de Gest\u00e3o Integrada da A\u00e7\u00e3o Policial (SIAP), iniciou nesta segunda-feira (4), a 4\u00aa edi\u00e7\u00e3o do curso de Nivelamento Interfederativo em Seguran\u00e7a P\u00fablica. Participar\u00e3o da capacita\u00e7\u00e3o 61 [&hellip;]<\/p>\n","protected":false},"author":1,"featured_media":43936,"comment_status":"closed","ping_status":"closed","sticky":false,"template":"","format":"standard","meta":{"om_disable_all_campaigns":false,"rop_custom_images_group":[],"rop_custom_messages_group":[],"rop_publish_now":"initial","rop_publish_now_accounts":[],"rop_publish_now_history":[],"rop_publish_now_status":"pending","_exactmetrics_skip_tracking":false,"footnotes":""},"categories":[19],"tags":[],"class_list":["post-43935","post","type-post","status-publish","format-standard","has-post-thumbnail","hentry","category-bahia"],"aioseo_notices":[],"aioseo_head":"\n\t\t<!-- All in One SEO 4.9.10 - aioseo.com -->\n\t<meta name=\"description\" content=\"Com objetivo de qualificar os profissionais das Guardas Municipais e ampliar a integra\u00e7\u00e3o com For\u00e7as Policiais e de Bombeiros, a Secretaria da Seguran\u00e7a P\u00fablica (SSP), por meio da Superintend\u00eancia de Gest\u00e3o Integrada da A\u00e7\u00e3o Policial (SIAP), iniciou nesta segunda-feira (4), a 4\u00aa edi\u00e7\u00e3o do curso de Nivelamento Interfederativo em Seguran\u00e7a P\u00fablica. Participar\u00e3o da capacita\u00e7\u00e3o 61\" \/>\n\t<meta name=\"robots\" content=\"max-image-preview:large\" \/>\n\t<meta name=\"author\" content=\"administrador\"\/>\n\t<link rel=\"canonical\" href=\"https:\/\/newsinfoco.com.br\/inicio\/ssp-promove-4a-edicao-do-curso-de-nivelamento-interfederativo-para-guarda-municipais\/\" \/>\n\t<meta name=\"generator\" content=\"All in One SEO (AIOSEO) 4.9.10\" \/>\n\t\t<meta property=\"og:locale\" content=\"pt_BR\" \/>\n\t\t<meta property=\"og:site_name\" content=\"News In Foco - Editado por Caio Pimenta - O principal site de noticias de Alagoinhas e regi\u00e3o\" \/>\n\t\t<meta property=\"og:type\" content=\"article\" \/>\n\t\t<meta property=\"og:title\" content=\"SSP promove 4\u00aa edi\u00e7\u00e3o do Curso de Nivelamento Interfederativo para Guarda Municipais - News In Foco - Editado por Caio Pimenta\" \/>\n\t\t<meta property=\"og:description\" content=\"Com objetivo de qualificar os profissionais das Guardas Municipais e ampliar a integra\u00e7\u00e3o com For\u00e7as Policiais e de Bombeiros, a Secretaria da Seguran\u00e7a P\u00fablica (SSP), por meio da Superintend\u00eancia de Gest\u00e3o Integrada da A\u00e7\u00e3o Policial (SIAP), iniciou nesta segunda-feira (4), a 4\u00aa edi\u00e7\u00e3o do curso de Nivelamento Interfederativo em Seguran\u00e7a P\u00fablica. Participar\u00e3o da capacita\u00e7\u00e3o 61\" \/>\n\t\t<meta property=\"og:url\" content=\"https:\/\/newsinfoco.com.br\/inicio\/ssp-promove-4a-edicao-do-curso-de-nivelamento-interfederativo-para-guarda-municipais\/\" \/>\n\t\t<meta property=\"article:published_time\" content=\"2025-08-04T20:15:52+00:00\" \/>\n\t\t<meta property=\"article:modified_time\" content=\"2025-08-04T20:15:52+00:00\" \/>\n\t\t<meta name=\"twitter:card\" content=\"summary_large_image\" \/>\n\t\t<meta name=\"twitter:title\" content=\"SSP promove 4\u00aa edi\u00e7\u00e3o do Curso de Nivelamento Interfederativo para Guarda Municipais - News In Foco - Editado por Caio Pimenta\" \/>\n\t\t<meta name=\"twitter:description\" content=\"Com objetivo de qualificar os profissionais das Guardas Municipais e ampliar a integra\u00e7\u00e3o com For\u00e7as Policiais e de Bombeiros, a Secretaria da Seguran\u00e7a P\u00fablica (SSP), por meio da Superintend\u00eancia de Gest\u00e3o Integrada da A\u00e7\u00e3o Policial (SIAP), iniciou nesta segunda-feira (4), a 4\u00aa edi\u00e7\u00e3o do curso de Nivelamento Interfederativo em Seguran\u00e7a P\u00fablica. Participar\u00e3o da capacita\u00e7\u00e3o 61\" \/>\n\t\t<script type=\"application\/ld+json\" class=\"aioseo-schema\">\n\t\t\t{\"@context\":\"https:\\\/\\\/schema.org\",\"@graph\":[{\"@type\":\"BlogPosting\",\"@id\":\"https:\\\/\\\/newsinfoco.com.br\\\/inicio\\\/ssp-promove-4a-edicao-do-curso-de-nivelamento-interfederativo-para-guarda-municipais\\\/#blogposting\",\"name\":\"SSP promove 4\\u00aa edi\\u00e7\\u00e3o do Curso de Nivelamento Interfederativo para Guarda Municipais - News In Foco - Editado por Caio Pimenta\",\"headline\":\"SSP promove 4\\u00aa edi\\u00e7\\u00e3o do Curso de Nivelamento Interfederativo para Guarda Municipais\",\"author\":{\"@id\":\"https:\\\/\\\/newsinfoco.com.br\\\/inicio\\\/author\\\/administrador\\\/#author\"},\"publisher\":{\"@id\":\"https:\\\/\\\/newsinfoco.com.br\\\/inicio\\\/#organization\"},\"image\":{\"@type\":\"ImageObject\",\"url\":\"https:\\\/\\\/newsinfoco.com.br\\\/inicio\\\/wp-content\\\/uploads\\\/2025\\\/08\\\/Guarda-Municipal-1.png\",\"width\":600,\"height\":420},\"datePublished\":\"2025-08-04T17:15:52-03:00\",\"dateModified\":\"2025-08-04T17:15:52-03:00\",\"inLanguage\":\"pt-BR\",\"mainEntityOfPage\":{\"@id\":\"https:\\\/\\\/newsinfoco.com.br\\\/inicio\\\/ssp-promove-4a-edicao-do-curso-de-nivelamento-interfederativo-para-guarda-municipais\\\/#webpage\"},\"isPartOf\":{\"@id\":\"https:\\\/\\\/newsinfoco.com.br\\\/inicio\\\/ssp-promove-4a-edicao-do-curso-de-nivelamento-interfederativo-para-guarda-municipais\\\/#webpage\"},\"articleSection\":\"Bahia\"},{\"@type\":\"BreadcrumbList\",\"@id\":\"https:\\\/\\\/newsinfoco.com.br\\\/inicio\\\/ssp-promove-4a-edicao-do-curso-de-nivelamento-interfederativo-para-guarda-municipais\\\/#breadcrumblist\",\"itemListElement\":[{\"@type\":\"ListItem\",\"@id\":\"https:\\\/\\\/newsinfoco.com.br\\\/inicio#listItem\",\"position\":1,\"name\":\"In\\u00edcio\",\"item\":\"https:\\\/\\\/newsinfoco.com.br\\\/inicio\",\"nextItem\":{\"@type\":\"ListItem\",\"@id\":\"https:\\\/\\\/newsinfoco.com.br\\\/inicio\\\/category\\\/bahia\\\/#listItem\",\"name\":\"Bahia\"}},{\"@type\":\"ListItem\",\"@id\":\"https:\\\/\\\/newsinfoco.com.br\\\/inicio\\\/category\\\/bahia\\\/#listItem\",\"position\":2,\"name\":\"Bahia\",\"item\":\"https:\\\/\\\/newsinfoco.com.br\\\/inicio\\\/category\\\/bahia\\\/\",\"nextItem\":{\"@type\":\"ListItem\",\"@id\":\"https:\\\/\\\/newsinfoco.com.br\\\/inicio\\\/ssp-promove-4a-edicao-do-curso-de-nivelamento-interfederativo-para-guarda-municipais\\\/#listItem\",\"name\":\"SSP promove 4\\u00aa edi\\u00e7\\u00e3o do Curso de Nivelamento Interfederativo para Guarda Municipais\"},\"previousItem\":{\"@type\":\"ListItem\",\"@id\":\"https:\\\/\\\/newsinfoco.com.br\\\/inicio#listItem\",\"name\":\"In\\u00edcio\"}},{\"@type\":\"ListItem\",\"@id\":\"https:\\\/\\\/newsinfoco.com.br\\\/inicio\\\/ssp-promove-4a-edicao-do-curso-de-nivelamento-interfederativo-para-guarda-municipais\\\/#listItem\",\"position\":3,\"name\":\"SSP promove 4\\u00aa edi\\u00e7\\u00e3o do Curso de Nivelamento Interfederativo para Guarda Municipais\",\"previousItem\":{\"@type\":\"ListItem\",\"@id\":\"https:\\\/\\\/newsinfoco.com.br\\\/inicio\\\/category\\\/bahia\\\/#listItem\",\"name\":\"Bahia\"}}]},{\"@type\":\"Organization\",\"@id\":\"https:\\\/\\\/newsinfoco.com.br\\\/inicio\\\/#organization\",\"name\":\"News In Foco - Editado por Caio Pimenta\",\"description\":\"O principal site de noticias de Alagoinhas e regi\\u00e3o\",\"url\":\"https:\\\/\\\/newsinfoco.com.br\\\/inicio\\\/\"},{\"@type\":\"Person\",\"@id\":\"https:\\\/\\\/newsinfoco.com.br\\\/inicio\\\/author\\\/administrador\\\/#author\",\"url\":\"https:\\\/\\\/newsinfoco.com.br\\\/inicio\\\/author\\\/administrador\\\/\",\"name\":\"administrador\",\"image\":{\"@type\":\"ImageObject\",\"@id\":\"https:\\\/\\\/newsinfoco.com.br\\\/inicio\\\/ssp-promove-4a-edicao-do-curso-de-nivelamento-interfederativo-para-guarda-municipais\\\/#authorImage\",\"url\":\"https:\\\/\\\/secure.gravatar.com\\\/avatar\\\/c17a617433de8c1dc9584bb79aab7563b46f5bb7e1728c9b17d9cc3ce6a08e49?s=96&d=mm&r=g\",\"width\":96,\"height\":96,\"caption\":\"administrador\"}},{\"@type\":\"WebPage\",\"@id\":\"https:\\\/\\\/newsinfoco.com.br\\\/inicio\\\/ssp-promove-4a-edicao-do-curso-de-nivelamento-interfederativo-para-guarda-municipais\\\/#webpage\",\"url\":\"https:\\\/\\\/newsinfoco.com.br\\\/inicio\\\/ssp-promove-4a-edicao-do-curso-de-nivelamento-interfederativo-para-guarda-municipais\\\/\",\"name\":\"SSP promove 4\\u00aa edi\\u00e7\\u00e3o do Curso de Nivelamento Interfederativo para Guarda Municipais - News In Foco - Editado por Caio Pimenta\",\"description\":\"Com objetivo de qualificar os profissionais das Guardas Municipais e ampliar a integra\\u00e7\\u00e3o com For\\u00e7as Policiais e de Bombeiros, a Secretaria da Seguran\\u00e7a P\\u00fablica (SSP), por meio da Superintend\\u00eancia de Gest\\u00e3o Integrada da A\\u00e7\\u00e3o Policial (SIAP), iniciou nesta segunda-feira (4), a 4\\u00aa edi\\u00e7\\u00e3o do curso de Nivelamento Interfederativo em Seguran\\u00e7a P\\u00fablica. Participar\\u00e3o da capacita\\u00e7\\u00e3o 61\",\"inLanguage\":\"pt-BR\",\"isPartOf\":{\"@id\":\"https:\\\/\\\/newsinfoco.com.br\\\/inicio\\\/#website\"},\"breadcrumb\":{\"@id\":\"https:\\\/\\\/newsinfoco.com.br\\\/inicio\\\/ssp-promove-4a-edicao-do-curso-de-nivelamento-interfederativo-para-guarda-municipais\\\/#breadcrumblist\"},\"author\":{\"@id\":\"https:\\\/\\\/newsinfoco.com.br\\\/inicio\\\/author\\\/administrador\\\/#author\"},\"creator\":{\"@id\":\"https:\\\/\\\/newsinfoco.com.br\\\/inicio\\\/author\\\/administrador\\\/#author\"},\"image\":{\"@type\":\"ImageObject\",\"url\":\"https:\\\/\\\/newsinfoco.com.br\\\/inicio\\\/wp-content\\\/uploads\\\/2025\\\/08\\\/Guarda-Municipal-1.png\",\"@id\":\"https:\\\/\\\/newsinfoco.com.br\\\/inicio\\\/ssp-promove-4a-edicao-do-curso-de-nivelamento-interfederativo-para-guarda-municipais\\\/#mainImage\",\"width\":600,\"height\":420},\"primaryImageOfPage\":{\"@id\":\"https:\\\/\\\/newsinfoco.com.br\\\/inicio\\\/ssp-promove-4a-edicao-do-curso-de-nivelamento-interfederativo-para-guarda-municipais\\\/#mainImage\"},\"datePublished\":\"2025-08-04T17:15:52-03:00\",\"dateModified\":\"2025-08-04T17:15:52-03:00\"},{\"@type\":\"WebSite\",\"@id\":\"https:\\\/\\\/newsinfoco.com.br\\\/inicio\\\/#website\",\"url\":\"https:\\\/\\\/newsinfoco.com.br\\\/inicio\\\/\",\"name\":\"News In Foco - Editado por Caio Pimenta\",\"description\":\"O principal site de noticias de Alagoinhas e regi\\u00e3o\",\"inLanguage\":\"pt-BR\",\"publisher\":{\"@id\":\"https:\\\/\\\/newsinfoco.com.br\\\/inicio\\\/#organization\"}}]}\n\t\t<\/script>\n\t\t<!-- All in One SEO -->\n\n","aioseo_head_json":{"title":"SSP promove 4\u00aa edi\u00e7\u00e3o do Curso de Nivelamento Interfederativo para Guarda Municipais - News In Foco - Editado por Caio Pimenta","description":"Com objetivo de qualificar os profissionais das Guardas Municipais e ampliar a integra\u00e7\u00e3o com For\u00e7as Policiais e de Bombeiros, a Secretaria da Seguran\u00e7a P\u00fablica (SSP), por meio da Superintend\u00eancia de Gest\u00e3o Integrada da A\u00e7\u00e3o Policial (SIAP), iniciou nesta segunda-feira (4), a 4\u00aa edi\u00e7\u00e3o do curso de Nivelamento Interfederativo em Seguran\u00e7a P\u00fablica. Participar\u00e3o da capacita\u00e7\u00e3o 61","canonical_url":"https:\/\/newsinfoco.com.br\/inicio\/ssp-promove-4a-edicao-do-curso-de-nivelamento-interfederativo-para-guarda-municipais\/","robots":"max-image-preview:large","keywords":"","webmasterTools":{"miscellaneous":""},"schema":{"@context":"https:\/\/schema.org","@graph":[{"@type":"BlogPosting","@id":"https:\/\/newsinfoco.com.br\/inicio\/ssp-promove-4a-edicao-do-curso-de-nivelamento-interfederativo-para-guarda-municipais\/#blogposting","name":"SSP promove 4\u00aa edi\u00e7\u00e3o do Curso de Nivelamento Interfederativo para Guarda Municipais - News In Foco - Editado por Caio Pimenta","headline":"SSP promove 4\u00aa edi\u00e7\u00e3o do Curso de Nivelamento Interfederativo para Guarda Municipais","author":{"@id":"https:\/\/newsinfoco.com.br\/inicio\/author\/administrador\/#author"},"publisher":{"@id":"https:\/\/newsinfoco.com.br\/inicio\/#organization"},"image":{"@type":"ImageObject","url":"https:\/\/newsinfoco.com.br\/inicio\/wp-content\/uploads\/2025\/08\/Guarda-Municipal-1.png","width":600,"height":420},"datePublished":"2025-08-04T17:15:52-03:00","dateModified":"2025-08-04T17:15:52-03:00","inLanguage":"pt-BR","mainEntityOfPage":{"@id":"https:\/\/newsinfoco.com.br\/inicio\/ssp-promove-4a-edicao-do-curso-de-nivelamento-interfederativo-para-guarda-municipais\/#webpage"},"isPartOf":{"@id":"https:\/\/newsinfoco.com.br\/inicio\/ssp-promove-4a-edicao-do-curso-de-nivelamento-interfederativo-para-guarda-municipais\/#webpage"},"articleSection":"Bahia"},{"@type":"BreadcrumbList","@id":"https:\/\/newsinfoco.com.br\/inicio\/ssp-promove-4a-edicao-do-curso-de-nivelamento-interfederativo-para-guarda-municipais\/#breadcrumblist","itemListElement":[{"@type":"ListItem","@id":"https:\/\/newsinfoco.com.br\/inicio#listItem","position":1,"name":"In\u00edcio","item":"https:\/\/newsinfoco.com.br\/inicio","nextItem":{"@type":"ListItem","@id":"https:\/\/newsinfoco.com.br\/inicio\/category\/bahia\/#listItem","name":"Bahia"}},{"@type":"ListItem","@id":"https:\/\/newsinfoco.com.br\/inicio\/category\/bahia\/#listItem","position":2,"name":"Bahia","item":"https:\/\/newsinfoco.com.br\/inicio\/category\/bahia\/","nextItem":{"@type":"ListItem","@id":"https:\/\/newsinfoco.com.br\/inicio\/ssp-promove-4a-edicao-do-curso-de-nivelamento-interfederativo-para-guarda-municipais\/#listItem","name":"SSP promove 4\u00aa edi\u00e7\u00e3o do Curso de Nivelamento Interfederativo para Guarda Municipais"},"previousItem":{"@type":"ListItem","@id":"https:\/\/newsinfoco.com.br\/inicio#listItem","name":"In\u00edcio"}},{"@type":"ListItem","@id":"https:\/\/newsinfoco.com.br\/inicio\/ssp-promove-4a-edicao-do-curso-de-nivelamento-interfederativo-para-guarda-municipais\/#listItem","position":3,"name":"SSP promove 4\u00aa edi\u00e7\u00e3o do Curso de Nivelamento Interfederativo para Guarda Municipais","previousItem":{"@type":"ListItem","@id":"https:\/\/newsinfoco.com.br\/inicio\/category\/bahia\/#listItem","name":"Bahia"}}]},{"@type":"Organization","@id":"https:\/\/newsinfoco.com.br\/inicio\/#organization","name":"News In Foco - Editado por Caio Pimenta","description":"O principal site de noticias de Alagoinhas e regi\u00e3o","url":"https:\/\/newsinfoco.com.br\/inicio\/"},{"@type":"Person","@id":"https:\/\/newsinfoco.com.br\/inicio\/author\/administrador\/#author","url":"https:\/\/newsinfoco.com.br\/inicio\/author\/administrador\/","name":"administrador","image":{"@type":"ImageObject","@id":"https:\/\/newsinfoco.com.br\/inicio\/ssp-promove-4a-edicao-do-curso-de-nivelamento-interfederativo-para-guarda-municipais\/#authorImage","url":"https:\/\/secure.gravatar.com\/avatar\/c17a617433de8c1dc9584bb79aab7563b46f5bb7e1728c9b17d9cc3ce6a08e49?s=96&d=mm&r=g","width":96,"height":96,"caption":"administrador"}},{"@type":"WebPage","@id":"https:\/\/newsinfoco.com.br\/inicio\/ssp-promove-4a-edicao-do-curso-de-nivelamento-interfederativo-para-guarda-municipais\/#webpage","url":"https:\/\/newsinfoco.com.br\/inicio\/ssp-promove-4a-edicao-do-curso-de-nivelamento-interfederativo-para-guarda-municipais\/","name":"SSP promove 4\u00aa edi\u00e7\u00e3o do Curso de Nivelamento Interfederativo para Guarda Municipais - News In Foco - Editado por Caio Pimenta","description":"Com objetivo de qualificar os profissionais das Guardas Municipais e ampliar a integra\u00e7\u00e3o com For\u00e7as Policiais e de Bombeiros, a Secretaria da Seguran\u00e7a P\u00fablica (SSP), por meio da Superintend\u00eancia de Gest\u00e3o Integrada da A\u00e7\u00e3o Policial (SIAP), iniciou nesta segunda-feira (4), a 4\u00aa edi\u00e7\u00e3o do curso de Nivelamento Interfederativo em Seguran\u00e7a P\u00fablica. Participar\u00e3o da capacita\u00e7\u00e3o 61","inLanguage":"pt-BR","isPartOf":{"@id":"https:\/\/newsinfoco.com.br\/inicio\/#website"},"breadcrumb":{"@id":"https:\/\/newsinfoco.com.br\/inicio\/ssp-promove-4a-edicao-do-curso-de-nivelamento-interfederativo-para-guarda-municipais\/#breadcrumblist"},"author":{"@id":"https:\/\/newsinfoco.com.br\/inicio\/author\/administrador\/#author"},"creator":{"@id":"https:\/\/newsinfoco.com.br\/inicio\/author\/administrador\/#author"},"image":{"@type":"ImageObject","url":"https:\/\/newsinfoco.com.br\/inicio\/wp-content\/uploads\/2025\/08\/Guarda-Municipal-1.png","@id":"https:\/\/newsinfoco.com.br\/inicio\/ssp-promove-4a-edicao-do-curso-de-nivelamento-interfederativo-para-guarda-municipais\/#mainImage","width":600,"height":420},"primaryImageOfPage":{"@id":"https:\/\/newsinfoco.com.br\/inicio\/ssp-promove-4a-edicao-do-curso-de-nivelamento-interfederativo-para-guarda-municipais\/#mainImage"},"datePublished":"2025-08-04T17:15:52-03:00","dateModified":"2025-08-04T17:15:52-03:00"},{"@type":"WebSite","@id":"https:\/\/newsinfoco.com.br\/inicio\/#website","url":"https:\/\/newsinfoco.com.br\/inicio\/","name":"News In Foco - Editado por Caio Pimenta","description":"O principal site de noticias de Alagoinhas e regi\u00e3o","inLanguage":"pt-BR","publisher":{"@id":"https:\/\/newsinfoco.com.br\/inicio\/#organization"}}]},"og:locale":"pt_BR","og:site_name":"News In Foco - Editado por Caio Pimenta - O principal site de noticias de Alagoinhas e regi\u00e3o","og:type":"article","og:title":"SSP promove 4\u00aa edi\u00e7\u00e3o do Curso de Nivelamento Interfederativo para Guarda Municipais - News In Foco - Editado por Caio Pimenta","og:description":"Com objetivo de qualificar os profissionais das Guardas Municipais e ampliar a integra\u00e7\u00e3o com For\u00e7as Policiais e de Bombeiros, a Secretaria da Seguran\u00e7a P\u00fablica (SSP), por meio da Superintend\u00eancia de Gest\u00e3o Integrada da A\u00e7\u00e3o Policial (SIAP), iniciou nesta segunda-feira (4), a 4\u00aa edi\u00e7\u00e3o do curso de Nivelamento Interfederativo em Seguran\u00e7a P\u00fablica. Participar\u00e3o da capacita\u00e7\u00e3o 61","og:url":"https:\/\/newsinfoco.com.br\/inicio\/ssp-promove-4a-edicao-do-curso-de-nivelamento-interfederativo-para-guarda-municipais\/","article:published_time":"2025-08-04T20:15:52+00:00","article:modified_time":"2025-08-04T20:15:52+00:00","twitter:card":"summary_large_image","twitter:title":"SSP promove 4\u00aa edi\u00e7\u00e3o do Curso de Nivelamento Interfederativo para Guarda Municipais - News In Foco - Editado por Caio Pimenta","twitter:description":"Com objetivo de qualificar os profissionais das Guardas Municipais e ampliar a integra\u00e7\u00e3o com For\u00e7as Policiais e de Bombeiros, a Secretaria da Seguran\u00e7a P\u00fablica (SSP), por meio da Superintend\u00eancia de Gest\u00e3o Integrada da A\u00e7\u00e3o Policial (SIAP), iniciou nesta segunda-feira (4), a 4\u00aa edi\u00e7\u00e3o do curso de Nivelamento Interfederativo em Seguran\u00e7a P\u00fablica. Participar\u00e3o da capacita\u00e7\u00e3o 61"},"aioseo_meta_data":{"post_id":"43935","title":null,"description":null,"keywords":null,"keyphrases":{"focus":{"keyphrase":"","score":0,"analysis":{"keyphraseInTitle":{"score":0,"maxScore":9,"error":1}}},"additional":[]},"primary_term":null,"canonical_url":null,"og_title":null,"og_description":null,"og_object_type":"default","og_image_type":"default","og_image_url":null,"og_image_width":null,"og_image_height":null,"og_image_custom_url":null,"og_image_custom_fields":null,"og_video":"","og_custom_url":null,"og_article_section":null,"og_article_tags":null,"twitter_use_og":false,"twitter_card":"default","twitter_image_type":"default","twitter_image_url":null,"twitter_image_custom_url":null,"twitter_image_custom_fields":null,"twitter_title":null,"twitter_description":null,"schema":{"blockGraphs":[],"customGraphs":[],"default":{"data":{"Article":[],"Course":[],"Dataset":[],"FAQPage":[],"Movie":[],"Person":[],"Product":[],"ProductReview":[],"Car":[],"Recipe":[],"Service":[],"SoftwareApplication":[],"WebPage":[]},"graphName":"BlogPosting","isEnabled":true},"graphs":[]},"schema_type":"default","schema_type_options":null,"pillar_content":false,"robots_default":true,"robots_noindex":false,"robots_noarchive":false,"robots_nosnippet":false,"robots_nofollow":false,"robots_noimageindex":false,"robots_noodp":false,"robots_notranslate":false,"robots_max_snippet":"-1","robots_max_videopreview":"-1","robots_max_imagepreview":"large","priority":null,"frequency":"default","local_seo":null,"breadcrumb_settings":null,"limit_modified_date":false,"ai":{"faqs":[],"keyPoints":[],"titles":[],"descriptions":[],"socialPosts":{"email":[],"linkedin":[],"twitter":[],"facebook":[],"instagram":[]}},"created":"2025-08-04 20:15:52","updated":"2025-08-04 20:15:52","seo_analyzer_scan_date":null},"aioseo_breadcrumb":"<div class=\"aioseo-breadcrumbs\"><span class=\"aioseo-breadcrumb\">\n\t\t\t<a href=\"https:\/\/newsinfoco.com.br\/inicio\" title=\"In\u00edcio\">In\u00edcio<\/a>\n\t\t<\/span><span class=\"aioseo-breadcrumb-separator\">&raquo;<\/span><span class=\"aioseo-breadcrumb\">\n\t\t\t<a href=\"https:\/\/newsinfoco.com.br\/inicio\/category\/bahia\/\" title=\"Bahia\">Bahia<\/a>\n\t\t<\/span><span class=\"aioseo-breadcrumb-separator\">&raquo;<\/span><span class=\"aioseo-breadcrumb\">\n\t\t\tSSP promove 4\u00aa edi\u00e7\u00e3o do Curso de Nivelamento Interfederativo para Guarda Municipais\n\t\t<\/span><\/div>","aioseo_breadcrumb_json":[{"label":"In\u00edcio","link":"https:\/\/newsinfoco.com.br\/inicio"},{"label":"Bahia","link":"https:\/\/newsinfoco.com.br\/inicio\/category\/bahia\/"},{"label":"SSP promove 4\u00aa edi\u00e7\u00e3o do Curso de Nivelamento Interfederativo para Guarda Municipais","link":"https:\/\/newsinfoco.com.br\/inicio\/ssp-promove-4a-edicao-do-curso-de-nivelamento-interfederativo-para-guarda-municipais\/"}],"_links":{"self":[{"href":"https:\/\/newsinfoco.com.br\/inicio\/wp-json\/wp\/v2\/posts\/43935","targetHints":{"allow":["GET"]}}],"collection":[{"href":"https:\/\/newsinfoco.com.br\/inicio\/wp-json\/wp\/v2\/posts"}],"about":[{"href":"https:\/\/newsinfoco.com.br\/inicio\/wp-json\/wp\/v2\/types\/post"}],"author":[{"embeddable":true,"href":"https:\/\/newsinfoco.com.br\/inicio\/wp-json\/wp\/v2\/users\/1"}],"replies":[{"embeddable":true,"href":"https:\/\/newsinfoco.com.br\/inicio\/wp-json\/wp\/v2\/comments?post=43935"}],"version-history":[{"count":1,"href":"https:\/\/newsinfoco.com.br\/inicio\/wp-json\/wp\/v2\/posts\/43935\/revisions"}],"predecessor-version":[{"id":43937,"href":"https:\/\/newsinfoco.com.br\/inicio\/wp-json\/wp\/v2\/posts\/43935\/revisions\/43937"}],"wp:featuredmedia":[{"embeddable":true,"href":"https:\/\/newsinfoco.com.br\/inicio\/wp-json\/wp\/v2\/media\/43936"}],"wp:attachment":[{"href":"https:\/\/newsinfoco.com.br\/inicio\/wp-json\/wp\/v2\/media?parent=43935"}],"wp:term":[{"taxonomy":"category","embeddable":true,"href":"https:\/\/newsinfoco.com.br\/inicio\/wp-json\/wp\/v2\/categories?post=43935"},{"taxonomy":"post_tag","embeddable":true,"href":"https:\/\/newsinfoco.com.br\/inicio\/wp-json\/wp\/v2\/tags?post=43935"}],"curies":[{"name":"wp","href":"https:\/\/api.w.org\/{rel}","templated":true}]}}