{"id":43938,"date":"2025-08-04T17:23:40","date_gmt":"2025-08-04T20:23:40","guid":{"rendered":"https:\/\/newsinfoco.com.br\/inicio\/?p=43938"},"modified":"2025-08-04T17:23:40","modified_gmt":"2025-08-04T20:23:40","slug":"apresentadora-daniela-lima-e-demitida-da-globonews","status":"publish","type":"post","link":"https:\/\/newsinfoco.com.br\/inicio\/apresentadora-daniela-lima-e-demitida-da-globonews\/","title":{"rendered":"Apresentadora Daniela Lima \u00e9 demitida da GloboNews"},"content":{"rendered":"<p>A\u00a0<strong>jornalista Daniela Lima<\/strong>\u00a0foi demitida da\u00a0<strong>GloboNews<\/strong>\u00a0na manh\u00e3 desta segunda-feira (4). A sa\u00edda da apresentadora ocorre ap\u00f3s dois anos de servi\u00e7o no canal de not\u00edcias brasileiro.<\/p>\n<p>\u201cDepois de dois anos, deixo a GloboNews com a sensa\u00e7\u00e3o de miss\u00e3o cumprida, cabe\u00e7a erguida, \u00e1vida pelos pr\u00f3ximos desafios\u201d, escreveu Daniela no Instgram.<\/p>\n<p>Nos coment\u00e1rios, colegas de profiss\u00e3o e internautas comentaram sobre a informa\u00e7\u00e3o. \u201cFar\u00e1 muita falta, Dani. Sua paix\u00e3o pelo jornalismo e sua vitalidade contagiam. Um privil\u00e9gio conviver contigo nesse par de anos\u201d, disse a comentarista Fla\u0301via Oliveira.<\/p>\n<p>\u201cDani! Foi uma alegria cheia de honra ter voc\u00ea entre n\u00f3s. O jornalismo s\u00f3 ganha. S\u00f3 ganhamos. Que seus caminhos sejam amplos como vc os merece!!!\u201d, acrescentou a \u00e2ncora,\u00a0<span class=\"x1lliihq x1plvlek xryxfnj x1n2onr6 x1ji0vk5 x18bv5gf x193iq5w xeuugli x1fj9vlw x13faqbe x1vvkbs x1s928wv xhkezso x1gmr53x x1cpjm7i x1fgarty x1943h6x x1i0vuye xvs91rp x1s688f x5n08af x10wh9bi xpm28yp x8viiok x1o7cslx\" dir=\"auto\">Aline Midlej.\u00a0<\/span><\/p>\n<p>De acordo com informa\u00e7\u00f5es do portal TVPOP, a equipe respons\u00e1vel pelo Conex\u00e3o GloboNews s\u00f3 soube do desligamento de Daniela poucos minutos antes do in\u00edcio do programa desta segunda.<\/p>\n<p>Al\u00e9m de Daniela, outra baixa na empresa foi o analista de pol\u00edtica, Mauro Paulino. Na sexta-feira (1\u00ba), a jornalista Eliane Cantanh\u00eade anunciou que pediu demiss\u00e3o da emissora, que justificou que a decis\u00e3o foi motivada para reduzir a carga hor\u00e1ria de trabalho, o que foi negado pela Globo.<\/p>\n<p>\u201cComo parte do movimento permanente de renova\u00e7\u00e3o do quadro do canal, Eliane Cantanh\u00eade, Daniela Lima e Mauro Paulino n\u00e3o integram mais o time da GloboNews. A GloboNews agradece a eles a valiosa parceria na apresenta\u00e7\u00e3o e an\u00e1lise dos importantes acontecimentos pol\u00edticos do Brasil e do mundo\u201d, diz a Globo em nota ao TV POP.<\/p>\n<blockquote class=\"instagram-media\" data-instgrm-captioned=\"\" data-instgrm-permalink=\"https:\/\/www.instagram.com\/p\/DM7z7wRuDVo\/?utm_source=ig_embed&amp;utm_campaign=loading\" data-instgrm-version=\"14\">\n<div>Bahia.Ba<\/div>\n<\/blockquote>\n<div class='share-to-whatsapp-wrapper'><div class='share-on-whsp'>Share on: <\/div><a data-text='Apresentadora Daniela Lima \u00e9 demitida da GloboNews' data-link='https:\/\/newsinfoco.com.br\/inicio\/apresentadora-daniela-lima-e-demitida-da-globonews\/' class='whatsapp-button whatsapp-share'>WhatsApp<\/a><div class='clear '><\/div><\/div>","protected":false},"excerpt":{"rendered":"<p>A\u00a0jornalista Daniela Lima\u00a0foi demitida da\u00a0GloboNews\u00a0na manh\u00e3 desta segunda-feira (4). A sa\u00edda da apresentadora ocorre ap\u00f3s dois anos de servi\u00e7o no canal de not\u00edcias brasileiro. \u201cDepois de dois anos, deixo a GloboNews com a sensa\u00e7\u00e3o de miss\u00e3o cumprida, cabe\u00e7a erguida, \u00e1vida pelos pr\u00f3ximos desafios\u201d, escreveu Daniela no Instgram. Nos coment\u00e1rios, colegas de profiss\u00e3o e internautas comentaram [&hellip;]<\/p>\n","protected":false},"author":1,"featured_media":43939,"comment_status":"closed","ping_status":"closed","sticky":false,"template":"","format":"standard","meta":{"om_disable_all_campaigns":false,"rop_custom_images_group":[],"rop_custom_messages_group":[],"rop_publish_now":"initial","rop_publish_now_accounts":[],"rop_publish_now_history":[],"rop_publish_now_status":"pending","_exactmetrics_skip_tracking":false,"footnotes":""},"categories":[21],"tags":[],"class_list":["post-43938","post","type-post","status-publish","format-standard","has-post-thumbnail","hentry","category-brasil"],"aioseo_notices":[],"aioseo_head":"\n\t\t<!-- All in One SEO 4.9.10 - aioseo.com -->\n\t<meta name=\"description\" content=\"A jornalista Daniela Lima foi demitida da GloboNews na manh\u00e3 desta segunda-feira (4). A sa\u00edda da apresentadora ocorre ap\u00f3s dois anos de servi\u00e7o no canal de not\u00edcias brasileiro. \u201cDepois de dois anos, deixo a GloboNews com a sensa\u00e7\u00e3o de miss\u00e3o cumprida, cabe\u00e7a erguida, \u00e1vida pelos pr\u00f3ximos desafios\u201d, escreveu Daniela no Instgram. Nos coment\u00e1rios, colegas de profiss\u00e3o e internautas comentaram\" \/>\n\t<meta name=\"robots\" content=\"max-image-preview:large\" \/>\n\t<meta name=\"author\" content=\"administrador\"\/>\n\t<link rel=\"canonical\" href=\"https:\/\/newsinfoco.com.br\/inicio\/apresentadora-daniela-lima-e-demitida-da-globonews\/\" \/>\n\t<meta name=\"generator\" content=\"All in One SEO (AIOSEO) 4.9.10\" \/>\n\t\t<meta property=\"og:locale\" content=\"pt_BR\" \/>\n\t\t<meta property=\"og:site_name\" content=\"News In Foco - Editado por Caio Pimenta - O principal site de noticias de Alagoinhas e regi\u00e3o\" \/>\n\t\t<meta property=\"og:type\" content=\"article\" \/>\n\t\t<meta property=\"og:title\" content=\"Apresentadora Daniela Lima \u00e9 demitida da GloboNews - News In Foco - Editado por Caio Pimenta\" \/>\n\t\t<meta property=\"og:description\" content=\"A jornalista Daniela Lima foi demitida da GloboNews na manh\u00e3 desta segunda-feira (4). A sa\u00edda da apresentadora ocorre ap\u00f3s dois anos de servi\u00e7o no canal de not\u00edcias brasileiro. \u201cDepois de dois anos, deixo a GloboNews com a sensa\u00e7\u00e3o de miss\u00e3o cumprida, cabe\u00e7a erguida, \u00e1vida pelos pr\u00f3ximos desafios\u201d, escreveu Daniela no Instgram. Nos coment\u00e1rios, colegas de profiss\u00e3o e internautas comentaram\" \/>\n\t\t<meta property=\"og:url\" content=\"https:\/\/newsinfoco.com.br\/inicio\/apresentadora-daniela-lima-e-demitida-da-globonews\/\" \/>\n\t\t<meta property=\"article:published_time\" content=\"2025-08-04T20:23:40+00:00\" \/>\n\t\t<meta property=\"article:modified_time\" content=\"2025-08-04T20:23:40+00:00\" \/>\n\t\t<meta name=\"twitter:card\" content=\"summary_large_image\" \/>\n\t\t<meta name=\"twitter:title\" content=\"Apresentadora Daniela Lima \u00e9 demitida da GloboNews - News In Foco - Editado por Caio Pimenta\" \/>\n\t\t<meta name=\"twitter:description\" content=\"A jornalista Daniela Lima foi demitida da GloboNews na manh\u00e3 desta segunda-feira (4). A sa\u00edda da apresentadora ocorre ap\u00f3s dois anos de servi\u00e7o no canal de not\u00edcias brasileiro. \u201cDepois de dois anos, deixo a GloboNews com a sensa\u00e7\u00e3o de miss\u00e3o cumprida, cabe\u00e7a erguida, \u00e1vida pelos pr\u00f3ximos desafios\u201d, escreveu Daniela no Instgram. Nos coment\u00e1rios, colegas de profiss\u00e3o e internautas comentaram\" \/>\n\t\t<script type=\"application\/ld+json\" class=\"aioseo-schema\">\n\t\t\t{\"@context\":\"https:\\\/\\\/schema.org\",\"@graph\":[{\"@type\":\"BlogPosting\",\"@id\":\"https:\\\/\\\/newsinfoco.com.br\\\/inicio\\\/apresentadora-daniela-lima-e-demitida-da-globonews\\\/#blogposting\",\"name\":\"Apresentadora Daniela Lima \\u00e9 demitida da GloboNews - News In Foco - Editado por Caio Pimenta\",\"headline\":\"Apresentadora Daniela Lima \\u00e9 demitida da GloboNews\",\"author\":{\"@id\":\"https:\\\/\\\/newsinfoco.com.br\\\/inicio\\\/author\\\/administrador\\\/#author\"},\"publisher\":{\"@id\":\"https:\\\/\\\/newsinfoco.com.br\\\/inicio\\\/#organization\"},\"image\":{\"@type\":\"ImageObject\",\"url\":\"https:\\\/\\\/newsinfoco.com.br\\\/inicio\\\/wp-content\\\/uploads\\\/2025\\\/08\\\/DANIELA-LIMA.jpg\",\"width\":600,\"height\":420},\"datePublished\":\"2025-08-04T17:23:40-03:00\",\"dateModified\":\"2025-08-04T17:23:40-03:00\",\"inLanguage\":\"pt-BR\",\"mainEntityOfPage\":{\"@id\":\"https:\\\/\\\/newsinfoco.com.br\\\/inicio\\\/apresentadora-daniela-lima-e-demitida-da-globonews\\\/#webpage\"},\"isPartOf\":{\"@id\":\"https:\\\/\\\/newsinfoco.com.br\\\/inicio\\\/apresentadora-daniela-lima-e-demitida-da-globonews\\\/#webpage\"},\"articleSection\":\"Brasil\"},{\"@type\":\"BreadcrumbList\",\"@id\":\"https:\\\/\\\/newsinfoco.com.br\\\/inicio\\\/apresentadora-daniela-lima-e-demitida-da-globonews\\\/#breadcrumblist\",\"itemListElement\":[{\"@type\":\"ListItem\",\"@id\":\"https:\\\/\\\/newsinfoco.com.br\\\/inicio#listItem\",\"position\":1,\"name\":\"In\\u00edcio\",\"item\":\"https:\\\/\\\/newsinfoco.com.br\\\/inicio\",\"nextItem\":{\"@type\":\"ListItem\",\"@id\":\"https:\\\/\\\/newsinfoco.com.br\\\/inicio\\\/category\\\/brasil\\\/#listItem\",\"name\":\"Brasil\"}},{\"@type\":\"ListItem\",\"@id\":\"https:\\\/\\\/newsinfoco.com.br\\\/inicio\\\/category\\\/brasil\\\/#listItem\",\"position\":2,\"name\":\"Brasil\",\"item\":\"https:\\\/\\\/newsinfoco.com.br\\\/inicio\\\/category\\\/brasil\\\/\",\"nextItem\":{\"@type\":\"ListItem\",\"@id\":\"https:\\\/\\\/newsinfoco.com.br\\\/inicio\\\/apresentadora-daniela-lima-e-demitida-da-globonews\\\/#listItem\",\"name\":\"Apresentadora Daniela Lima \\u00e9 demitida da GloboNews\"},\"previousItem\":{\"@type\":\"ListItem\",\"@id\":\"https:\\\/\\\/newsinfoco.com.br\\\/inicio#listItem\",\"name\":\"In\\u00edcio\"}},{\"@type\":\"ListItem\",\"@id\":\"https:\\\/\\\/newsinfoco.com.br\\\/inicio\\\/apresentadora-daniela-lima-e-demitida-da-globonews\\\/#listItem\",\"position\":3,\"name\":\"Apresentadora Daniela Lima \\u00e9 demitida da GloboNews\",\"previousItem\":{\"@type\":\"ListItem\",\"@id\":\"https:\\\/\\\/newsinfoco.com.br\\\/inicio\\\/category\\\/brasil\\\/#listItem\",\"name\":\"Brasil\"}}]},{\"@type\":\"Organization\",\"@id\":\"https:\\\/\\\/newsinfoco.com.br\\\/inicio\\\/#organization\",\"name\":\"News In Foco - Editado por Caio Pimenta\",\"description\":\"O principal site de noticias de Alagoinhas e regi\\u00e3o\",\"url\":\"https:\\\/\\\/newsinfoco.com.br\\\/inicio\\\/\"},{\"@type\":\"Person\",\"@id\":\"https:\\\/\\\/newsinfoco.com.br\\\/inicio\\\/author\\\/administrador\\\/#author\",\"url\":\"https:\\\/\\\/newsinfoco.com.br\\\/inicio\\\/author\\\/administrador\\\/\",\"name\":\"administrador\",\"image\":{\"@type\":\"ImageObject\",\"@id\":\"https:\\\/\\\/newsinfoco.com.br\\\/inicio\\\/apresentadora-daniela-lima-e-demitida-da-globonews\\\/#authorImage\",\"url\":\"https:\\\/\\\/secure.gravatar.com\\\/avatar\\\/c17a617433de8c1dc9584bb79aab7563b46f5bb7e1728c9b17d9cc3ce6a08e49?s=96&d=mm&r=g\",\"width\":96,\"height\":96,\"caption\":\"administrador\"}},{\"@type\":\"WebPage\",\"@id\":\"https:\\\/\\\/newsinfoco.com.br\\\/inicio\\\/apresentadora-daniela-lima-e-demitida-da-globonews\\\/#webpage\",\"url\":\"https:\\\/\\\/newsinfoco.com.br\\\/inicio\\\/apresentadora-daniela-lima-e-demitida-da-globonews\\\/\",\"name\":\"Apresentadora Daniela Lima \\u00e9 demitida da GloboNews - News In Foco - Editado por Caio Pimenta\",\"description\":\"A jornalista Daniela Lima foi demitida da GloboNews na manh\\u00e3 desta segunda-feira (4). A sa\\u00edda da apresentadora ocorre ap\\u00f3s dois anos de servi\\u00e7o no canal de not\\u00edcias brasileiro. \\u201cDepois de dois anos, deixo a GloboNews com a sensa\\u00e7\\u00e3o de miss\\u00e3o cumprida, cabe\\u00e7a erguida, \\u00e1vida pelos pr\\u00f3ximos desafios\\u201d, escreveu Daniela no Instgram. Nos coment\\u00e1rios, colegas de profiss\\u00e3o e internautas comentaram\",\"inLanguage\":\"pt-BR\",\"isPartOf\":{\"@id\":\"https:\\\/\\\/newsinfoco.com.br\\\/inicio\\\/#website\"},\"breadcrumb\":{\"@id\":\"https:\\\/\\\/newsinfoco.com.br\\\/inicio\\\/apresentadora-daniela-lima-e-demitida-da-globonews\\\/#breadcrumblist\"},\"author\":{\"@id\":\"https:\\\/\\\/newsinfoco.com.br\\\/inicio\\\/author\\\/administrador\\\/#author\"},\"creator\":{\"@id\":\"https:\\\/\\\/newsinfoco.com.br\\\/inicio\\\/author\\\/administrador\\\/#author\"},\"image\":{\"@type\":\"ImageObject\",\"url\":\"https:\\\/\\\/newsinfoco.com.br\\\/inicio\\\/wp-content\\\/uploads\\\/2025\\\/08\\\/DANIELA-LIMA.jpg\",\"@id\":\"https:\\\/\\\/newsinfoco.com.br\\\/inicio\\\/apresentadora-daniela-lima-e-demitida-da-globonews\\\/#mainImage\",\"width\":600,\"height\":420},\"primaryImageOfPage\":{\"@id\":\"https:\\\/\\\/newsinfoco.com.br\\\/inicio\\\/apresentadora-daniela-lima-e-demitida-da-globonews\\\/#mainImage\"},\"datePublished\":\"2025-08-04T17:23:40-03:00\",\"dateModified\":\"2025-08-04T17:23:40-03:00\"},{\"@type\":\"WebSite\",\"@id\":\"https:\\\/\\\/newsinfoco.com.br\\\/inicio\\\/#website\",\"url\":\"https:\\\/\\\/newsinfoco.com.br\\\/inicio\\\/\",\"name\":\"News In Foco - Editado por Caio Pimenta\",\"description\":\"O principal site de noticias de Alagoinhas e regi\\u00e3o\",\"inLanguage\":\"pt-BR\",\"publisher\":{\"@id\":\"https:\\\/\\\/newsinfoco.com.br\\\/inicio\\\/#organization\"}}]}\n\t\t<\/script>\n\t\t<!-- All in One SEO -->\n\n","aioseo_head_json":{"title":"Apresentadora Daniela Lima \u00e9 demitida da GloboNews - News In Foco - Editado por Caio Pimenta","description":"A jornalista Daniela Lima foi demitida da GloboNews na manh\u00e3 desta segunda-feira (4). A sa\u00edda da apresentadora ocorre ap\u00f3s dois anos de servi\u00e7o no canal de not\u00edcias brasileiro. \u201cDepois de dois anos, deixo a GloboNews com a sensa\u00e7\u00e3o de miss\u00e3o cumprida, cabe\u00e7a erguida, \u00e1vida pelos pr\u00f3ximos desafios\u201d, escreveu Daniela no Instgram. Nos coment\u00e1rios, colegas de profiss\u00e3o e internautas comentaram","canonical_url":"https:\/\/newsinfoco.com.br\/inicio\/apresentadora-daniela-lima-e-demitida-da-globonews\/","robots":"max-image-preview:large","keywords":"","webmasterTools":{"miscellaneous":""},"schema":{"@context":"https:\/\/schema.org","@graph":[{"@type":"BlogPosting","@id":"https:\/\/newsinfoco.com.br\/inicio\/apresentadora-daniela-lima-e-demitida-da-globonews\/#blogposting","name":"Apresentadora Daniela Lima \u00e9 demitida da GloboNews - News In Foco - Editado por Caio Pimenta","headline":"Apresentadora Daniela Lima \u00e9 demitida da GloboNews","author":{"@id":"https:\/\/newsinfoco.com.br\/inicio\/author\/administrador\/#author"},"publisher":{"@id":"https:\/\/newsinfoco.com.br\/inicio\/#organization"},"image":{"@type":"ImageObject","url":"https:\/\/newsinfoco.com.br\/inicio\/wp-content\/uploads\/2025\/08\/DANIELA-LIMA.jpg","width":600,"height":420},"datePublished":"2025-08-04T17:23:40-03:00","dateModified":"2025-08-04T17:23:40-03:00","inLanguage":"pt-BR","mainEntityOfPage":{"@id":"https:\/\/newsinfoco.com.br\/inicio\/apresentadora-daniela-lima-e-demitida-da-globonews\/#webpage"},"isPartOf":{"@id":"https:\/\/newsinfoco.com.br\/inicio\/apresentadora-daniela-lima-e-demitida-da-globonews\/#webpage"},"articleSection":"Brasil"},{"@type":"BreadcrumbList","@id":"https:\/\/newsinfoco.com.br\/inicio\/apresentadora-daniela-lima-e-demitida-da-globonews\/#breadcrumblist","itemListElement":[{"@type":"ListItem","@id":"https:\/\/newsinfoco.com.br\/inicio#listItem","position":1,"name":"In\u00edcio","item":"https:\/\/newsinfoco.com.br\/inicio","nextItem":{"@type":"ListItem","@id":"https:\/\/newsinfoco.com.br\/inicio\/category\/brasil\/#listItem","name":"Brasil"}},{"@type":"ListItem","@id":"https:\/\/newsinfoco.com.br\/inicio\/category\/brasil\/#listItem","position":2,"name":"Brasil","item":"https:\/\/newsinfoco.com.br\/inicio\/category\/brasil\/","nextItem":{"@type":"ListItem","@id":"https:\/\/newsinfoco.com.br\/inicio\/apresentadora-daniela-lima-e-demitida-da-globonews\/#listItem","name":"Apresentadora Daniela Lima \u00e9 demitida da GloboNews"},"previousItem":{"@type":"ListItem","@id":"https:\/\/newsinfoco.com.br\/inicio#listItem","name":"In\u00edcio"}},{"@type":"ListItem","@id":"https:\/\/newsinfoco.com.br\/inicio\/apresentadora-daniela-lima-e-demitida-da-globonews\/#listItem","position":3,"name":"Apresentadora Daniela Lima \u00e9 demitida da GloboNews","previousItem":{"@type":"ListItem","@id":"https:\/\/newsinfoco.com.br\/inicio\/category\/brasil\/#listItem","name":"Brasil"}}]},{"@type":"Organization","@id":"https:\/\/newsinfoco.com.br\/inicio\/#organization","name":"News In Foco - Editado por Caio Pimenta","description":"O principal site de noticias de Alagoinhas e regi\u00e3o","url":"https:\/\/newsinfoco.com.br\/inicio\/"},{"@type":"Person","@id":"https:\/\/newsinfoco.com.br\/inicio\/author\/administrador\/#author","url":"https:\/\/newsinfoco.com.br\/inicio\/author\/administrador\/","name":"administrador","image":{"@type":"ImageObject","@id":"https:\/\/newsinfoco.com.br\/inicio\/apresentadora-daniela-lima-e-demitida-da-globonews\/#authorImage","url":"https:\/\/secure.gravatar.com\/avatar\/c17a617433de8c1dc9584bb79aab7563b46f5bb7e1728c9b17d9cc3ce6a08e49?s=96&d=mm&r=g","width":96,"height":96,"caption":"administrador"}},{"@type":"WebPage","@id":"https:\/\/newsinfoco.com.br\/inicio\/apresentadora-daniela-lima-e-demitida-da-globonews\/#webpage","url":"https:\/\/newsinfoco.com.br\/inicio\/apresentadora-daniela-lima-e-demitida-da-globonews\/","name":"Apresentadora Daniela Lima \u00e9 demitida da GloboNews - News In Foco - Editado por Caio Pimenta","description":"A jornalista Daniela Lima foi demitida da GloboNews na manh\u00e3 desta segunda-feira (4). A sa\u00edda da apresentadora ocorre ap\u00f3s dois anos de servi\u00e7o no canal de not\u00edcias brasileiro. \u201cDepois de dois anos, deixo a GloboNews com a sensa\u00e7\u00e3o de miss\u00e3o cumprida, cabe\u00e7a erguida, \u00e1vida pelos pr\u00f3ximos desafios\u201d, escreveu Daniela no Instgram. Nos coment\u00e1rios, colegas de profiss\u00e3o e internautas comentaram","inLanguage":"pt-BR","isPartOf":{"@id":"https:\/\/newsinfoco.com.br\/inicio\/#website"},"breadcrumb":{"@id":"https:\/\/newsinfoco.com.br\/inicio\/apresentadora-daniela-lima-e-demitida-da-globonews\/#breadcrumblist"},"author":{"@id":"https:\/\/newsinfoco.com.br\/inicio\/author\/administrador\/#author"},"creator":{"@id":"https:\/\/newsinfoco.com.br\/inicio\/author\/administrador\/#author"},"image":{"@type":"ImageObject","url":"https:\/\/newsinfoco.com.br\/inicio\/wp-content\/uploads\/2025\/08\/DANIELA-LIMA.jpg","@id":"https:\/\/newsinfoco.com.br\/inicio\/apresentadora-daniela-lima-e-demitida-da-globonews\/#mainImage","width":600,"height":420},"primaryImageOfPage":{"@id":"https:\/\/newsinfoco.com.br\/inicio\/apresentadora-daniela-lima-e-demitida-da-globonews\/#mainImage"},"datePublished":"2025-08-04T17:23:40-03:00","dateModified":"2025-08-04T17:23:40-03:00"},{"@type":"WebSite","@id":"https:\/\/newsinfoco.com.br\/inicio\/#website","url":"https:\/\/newsinfoco.com.br\/inicio\/","name":"News In Foco - Editado por Caio Pimenta","description":"O principal site de noticias de Alagoinhas e regi\u00e3o","inLanguage":"pt-BR","publisher":{"@id":"https:\/\/newsinfoco.com.br\/inicio\/#organization"}}]},"og:locale":"pt_BR","og:site_name":"News In Foco - Editado por Caio Pimenta - O principal site de noticias de Alagoinhas e regi\u00e3o","og:type":"article","og:title":"Apresentadora Daniela Lima \u00e9 demitida da GloboNews - News In Foco - Editado por Caio Pimenta","og:description":"A jornalista Daniela Lima foi demitida da GloboNews na manh\u00e3 desta segunda-feira (4). A sa\u00edda da apresentadora ocorre ap\u00f3s dois anos de servi\u00e7o no canal de not\u00edcias brasileiro. \u201cDepois de dois anos, deixo a GloboNews com a sensa\u00e7\u00e3o de miss\u00e3o cumprida, cabe\u00e7a erguida, \u00e1vida pelos pr\u00f3ximos desafios\u201d, escreveu Daniela no Instgram. Nos coment\u00e1rios, colegas de profiss\u00e3o e internautas comentaram","og:url":"https:\/\/newsinfoco.com.br\/inicio\/apresentadora-daniela-lima-e-demitida-da-globonews\/","article:published_time":"2025-08-04T20:23:40+00:00","article:modified_time":"2025-08-04T20:23:40+00:00","twitter:card":"summary_large_image","twitter:title":"Apresentadora Daniela Lima \u00e9 demitida da GloboNews - News In Foco - Editado por Caio Pimenta","twitter:description":"A jornalista Daniela Lima foi demitida da GloboNews na manh\u00e3 desta segunda-feira (4). A sa\u00edda da apresentadora ocorre ap\u00f3s dois anos de servi\u00e7o no canal de not\u00edcias brasileiro. \u201cDepois de dois anos, deixo a GloboNews com a sensa\u00e7\u00e3o de miss\u00e3o cumprida, cabe\u00e7a erguida, \u00e1vida pelos pr\u00f3ximos desafios\u201d, escreveu Daniela no Instgram. Nos coment\u00e1rios, colegas de profiss\u00e3o e internautas comentaram"},"aioseo_meta_data":{"post_id":"43938","title":null,"description":null,"keywords":null,"keyphrases":{"focus":{"keyphrase":"","score":0,"analysis":{"keyphraseInTitle":{"score":0,"maxScore":9,"error":1}}},"additional":[]},"primary_term":null,"canonical_url":null,"og_title":null,"og_description":null,"og_object_type":"default","og_image_type":"default","og_image_url":null,"og_image_width":null,"og_image_height":null,"og_image_custom_url":null,"og_image_custom_fields":null,"og_video":"","og_custom_url":null,"og_article_section":null,"og_article_tags":null,"twitter_use_og":false,"twitter_card":"default","twitter_image_type":"default","twitter_image_url":null,"twitter_image_custom_url":null,"twitter_image_custom_fields":null,"twitter_title":null,"twitter_description":null,"schema":{"blockGraphs":[],"customGraphs":[],"default":{"data":{"Article":[],"Course":[],"Dataset":[],"FAQPage":[],"Movie":[],"Person":[],"Product":[],"ProductReview":[],"Car":[],"Recipe":[],"Service":[],"SoftwareApplication":[],"WebPage":[]},"graphName":"BlogPosting","isEnabled":true},"graphs":[]},"schema_type":"default","schema_type_options":null,"pillar_content":false,"robots_default":true,"robots_noindex":false,"robots_noarchive":false,"robots_nosnippet":false,"robots_nofollow":false,"robots_noimageindex":false,"robots_noodp":false,"robots_notranslate":false,"robots_max_snippet":"-1","robots_max_videopreview":"-1","robots_max_imagepreview":"large","priority":null,"frequency":"default","local_seo":null,"breadcrumb_settings":null,"limit_modified_date":false,"ai":{"faqs":[],"keyPoints":[],"titles":[],"descriptions":[],"socialPosts":{"email":[],"linkedin":[],"twitter":[],"facebook":[],"instagram":[]}},"created":"2025-08-04 20:23:40","updated":"2025-08-04 20:31:58","seo_analyzer_scan_date":null},"aioseo_breadcrumb":"<div class=\"aioseo-breadcrumbs\"><span class=\"aioseo-breadcrumb\">\n\t\t\t<a href=\"https:\/\/newsinfoco.com.br\/inicio\" title=\"In\u00edcio\">In\u00edcio<\/a>\n\t\t<\/span><span class=\"aioseo-breadcrumb-separator\">&raquo;<\/span><span class=\"aioseo-breadcrumb\">\n\t\t\t<a href=\"https:\/\/newsinfoco.com.br\/inicio\/category\/brasil\/\" title=\"Brasil\">Brasil<\/a>\n\t\t<\/span><span class=\"aioseo-breadcrumb-separator\">&raquo;<\/span><span class=\"aioseo-breadcrumb\">\n\t\t\tApresentadora Daniela Lima \u00e9 demitida da GloboNews\n\t\t<\/span><\/div>","aioseo_breadcrumb_json":[{"label":"In\u00edcio","link":"https:\/\/newsinfoco.com.br\/inicio"},{"label":"Brasil","link":"https:\/\/newsinfoco.com.br\/inicio\/category\/brasil\/"},{"label":"Apresentadora Daniela Lima \u00e9 demitida da GloboNews","link":"https:\/\/newsinfoco.com.br\/inicio\/apresentadora-daniela-lima-e-demitida-da-globonews\/"}],"_links":{"self":[{"href":"https:\/\/newsinfoco.com.br\/inicio\/wp-json\/wp\/v2\/posts\/43938","targetHints":{"allow":["GET"]}}],"collection":[{"href":"https:\/\/newsinfoco.com.br\/inicio\/wp-json\/wp\/v2\/posts"}],"about":[{"href":"https:\/\/newsinfoco.com.br\/inicio\/wp-json\/wp\/v2\/types\/post"}],"author":[{"embeddable":true,"href":"https:\/\/newsinfoco.com.br\/inicio\/wp-json\/wp\/v2\/users\/1"}],"replies":[{"embeddable":true,"href":"https:\/\/newsinfoco.com.br\/inicio\/wp-json\/wp\/v2\/comments?post=43938"}],"version-history":[{"count":1,"href":"https:\/\/newsinfoco.com.br\/inicio\/wp-json\/wp\/v2\/posts\/43938\/revisions"}],"predecessor-version":[{"id":43940,"href":"https:\/\/newsinfoco.com.br\/inicio\/wp-json\/wp\/v2\/posts\/43938\/revisions\/43940"}],"wp:featuredmedia":[{"embeddable":true,"href":"https:\/\/newsinfoco.com.br\/inicio\/wp-json\/wp\/v2\/media\/43939"}],"wp:attachment":[{"href":"https:\/\/newsinfoco.com.br\/inicio\/wp-json\/wp\/v2\/media?parent=43938"}],"wp:term":[{"taxonomy":"category","embeddable":true,"href":"https:\/\/newsinfoco.com.br\/inicio\/wp-json\/wp\/v2\/categories?post=43938"},{"taxonomy":"post_tag","embeddable":true,"href":"https:\/\/newsinfoco.com.br\/inicio\/wp-json\/wp\/v2\/tags?post=43938"}],"curies":[{"name":"wp","href":"https:\/\/api.w.org\/{rel}","templated":true}]}}