{"id":43941,"date":"2025-08-04T17:30:05","date_gmt":"2025-08-04T20:30:05","guid":{"rendered":"https:\/\/newsinfoco.com.br\/inicio\/?p=43941"},"modified":"2025-08-04T17:30:05","modified_gmt":"2025-08-04T20:30:05","slug":"30o-pedido-de-impeachment-de-moraes-sera-protocolado-nesta-semana-diz-nikolas-ferreira","status":"publish","type":"post","link":"https:\/\/newsinfoco.com.br\/inicio\/30o-pedido-de-impeachment-de-moraes-sera-protocolado-nesta-semana-diz-nikolas-ferreira\/","title":{"rendered":"30\u00ba pedido de impeachment de Moraes ser\u00e1 protocolado nesta semana, diz Nikolas Ferreira"},"content":{"rendered":"<p>O deputado federal Nikolas Ferreira (PL-MG) afirmou no domingo (3), durante a manifesta\u00e7\u00e3o de bolsonaristas na Avenida Paulista, em S\u00e3o Paulo, que, nesta semana, ser\u00e1 protocolado o 30\u00ba pedido de impeachment do ministro do Supremo Tribunal Federal (STF), Alexandre de Moraes.<\/p>\n<p>Segundo mat\u00e9ria do InfoMoney, Nikolas ainda fez amea\u00e7as aos parlamentares, afirmando que, ou os senadores expurgam Moraes do STF ou eles ser\u00e3o expurgados do Congresso em 2026. \u201cEstamos escrevendo e vai chegar na mesa do Davi Alcolumbre [presidente do Senado Federal] essa semana\u201d, afirmou.<\/p>\n<div>\n<div>\n<div class=\"trv-player-container\">\n<div class=\"trv-wrapper\">\n<div id=\"br_video_player_89a867ae007f57326d3a5c53236e7f9dc3c659f9\" class=\"trvd_video_player trvdinstream\">\n<div class=\"media-player\">\n<div class=\"trv-video\">\n<div id=\"truvid_ima_container71779\" class=\"truvid_ima_container\">\n<div>\n<div>\n<div class=\"conteudo_post\">\n<p>O parlamentar tamb\u00e9m cobrou a pauta\u00e7\u00e3o do projeto de anistia para os condenados por envolvimento na tentativa de golpe de Estado em janeiro de 2023, direcionando sua fala especificamente ao presidente da C\u00e2mara dos Deputados, Hugo Motta.<\/p>\n<p>\u201cPresidente Hugo Motta, chegou a hora de dividir os meninos dos homens. N\u00e3o brinque com a vida das pessoas presas injustamente, e com penas desproporcionais por um jogo pol\u00edtico. S\u00f3 estou pedindo, paute a anistia, porque o resto n\u00f3s vamos fazer\u201d, disse Ferreira.<\/p>\n<\/div>\n<div id=\"div-share\">Bahia.Ba<\/div>\n<\/div>\n<\/div>\n<\/div>\n<\/div>\n<\/div>\n<\/div>\n<\/div>\n<\/div>\n<\/div>\n<\/div>\n<div class='share-to-whatsapp-wrapper'><div class='share-on-whsp'>Share on: <\/div><a data-text='30\u00ba pedido de impeachment de Moraes ser\u00e1 protocolado nesta semana, diz Nikolas Ferreira' data-link='https:\/\/newsinfoco.com.br\/inicio\/30o-pedido-de-impeachment-de-moraes-sera-protocolado-nesta-semana-diz-nikolas-ferreira\/' class='whatsapp-button whatsapp-share'>WhatsApp<\/a><div class='clear '><\/div><\/div>","protected":false},"excerpt":{"rendered":"<p>O deputado federal Nikolas Ferreira (PL-MG) afirmou no domingo (3), durante a manifesta\u00e7\u00e3o de bolsonaristas na Avenida Paulista, em S\u00e3o Paulo, que, nesta semana, ser\u00e1 protocolado o 30\u00ba pedido de impeachment do ministro do Supremo Tribunal Federal (STF), Alexandre de Moraes. Segundo mat\u00e9ria do InfoMoney, Nikolas ainda fez amea\u00e7as aos parlamentares, afirmando que, ou os [&hellip;]<\/p>\n","protected":false},"author":1,"featured_media":43942,"comment_status":"closed","ping_status":"closed","sticky":false,"template":"","format":"standard","meta":{"om_disable_all_campaigns":false,"rop_custom_images_group":[],"rop_custom_messages_group":[],"rop_publish_now":"initial","rop_publish_now_accounts":[],"rop_publish_now_history":[],"rop_publish_now_status":"pending","_exactmetrics_skip_tracking":false,"footnotes":""},"categories":[21],"tags":[],"class_list":["post-43941","post","type-post","status-publish","format-standard","has-post-thumbnail","hentry","category-brasil"],"aioseo_notices":[],"aioseo_head":"\n\t\t<!-- All in One SEO 4.9.10 - aioseo.com -->\n\t<meta name=\"description\" content=\"O deputado federal Nikolas Ferreira (PL-MG) afirmou no domingo (3), durante a manifesta\u00e7\u00e3o de bolsonaristas na Avenida Paulista, em S\u00e3o Paulo, que, nesta semana, ser\u00e1 protocolado o 30\u00ba pedido de impeachment do ministro do Supremo Tribunal Federal (STF), Alexandre de Moraes. Segundo mat\u00e9ria do InfoMoney, Nikolas ainda fez amea\u00e7as aos parlamentares, afirmando que, ou os\" \/>\n\t<meta name=\"robots\" content=\"max-image-preview:large\" \/>\n\t<meta name=\"author\" content=\"administrador\"\/>\n\t<link rel=\"canonical\" href=\"https:\/\/newsinfoco.com.br\/inicio\/30o-pedido-de-impeachment-de-moraes-sera-protocolado-nesta-semana-diz-nikolas-ferreira\/\" \/>\n\t<meta name=\"generator\" content=\"All in One SEO (AIOSEO) 4.9.10\" \/>\n\t\t<meta property=\"og:locale\" content=\"pt_BR\" \/>\n\t\t<meta property=\"og:site_name\" content=\"News In Foco - Editado por Caio Pimenta - O principal site de noticias de Alagoinhas e regi\u00e3o\" \/>\n\t\t<meta property=\"og:type\" content=\"article\" \/>\n\t\t<meta property=\"og:title\" content=\"30\u00ba pedido de impeachment de Moraes ser\u00e1 protocolado nesta semana, diz Nikolas Ferreira - News In Foco - Editado por Caio Pimenta\" \/>\n\t\t<meta property=\"og:description\" content=\"O deputado federal Nikolas Ferreira (PL-MG) afirmou no domingo (3), durante a manifesta\u00e7\u00e3o de bolsonaristas na Avenida Paulista, em S\u00e3o Paulo, que, nesta semana, ser\u00e1 protocolado o 30\u00ba pedido de impeachment do ministro do Supremo Tribunal Federal (STF), Alexandre de Moraes. Segundo mat\u00e9ria do InfoMoney, Nikolas ainda fez amea\u00e7as aos parlamentares, afirmando que, ou os\" \/>\n\t\t<meta property=\"og:url\" content=\"https:\/\/newsinfoco.com.br\/inicio\/30o-pedido-de-impeachment-de-moraes-sera-protocolado-nesta-semana-diz-nikolas-ferreira\/\" \/>\n\t\t<meta property=\"article:published_time\" content=\"2025-08-04T20:30:05+00:00\" \/>\n\t\t<meta property=\"article:modified_time\" content=\"2025-08-04T20:30:05+00:00\" \/>\n\t\t<meta name=\"twitter:card\" content=\"summary_large_image\" \/>\n\t\t<meta name=\"twitter:title\" content=\"30\u00ba pedido de impeachment de Moraes ser\u00e1 protocolado nesta semana, diz Nikolas Ferreira - News In Foco - Editado por Caio Pimenta\" \/>\n\t\t<meta name=\"twitter:description\" content=\"O deputado federal Nikolas Ferreira (PL-MG) afirmou no domingo (3), durante a manifesta\u00e7\u00e3o de bolsonaristas na Avenida Paulista, em S\u00e3o Paulo, que, nesta semana, ser\u00e1 protocolado o 30\u00ba pedido de impeachment do ministro do Supremo Tribunal Federal (STF), Alexandre de Moraes. Segundo mat\u00e9ria do InfoMoney, Nikolas ainda fez amea\u00e7as aos parlamentares, afirmando que, ou os\" \/>\n\t\t<script type=\"application\/ld+json\" class=\"aioseo-schema\">\n\t\t\t{\"@context\":\"https:\\\/\\\/schema.org\",\"@graph\":[{\"@type\":\"BlogPosting\",\"@id\":\"https:\\\/\\\/newsinfoco.com.br\\\/inicio\\\/30o-pedido-de-impeachment-de-moraes-sera-protocolado-nesta-semana-diz-nikolas-ferreira\\\/#blogposting\",\"name\":\"30\\u00ba pedido de impeachment de Moraes ser\\u00e1 protocolado nesta semana, diz Nikolas Ferreira - News In Foco - Editado por Caio Pimenta\",\"headline\":\"30\\u00ba pedido de impeachment de Moraes ser\\u00e1 protocolado nesta semana, diz Nikolas Ferreira\",\"author\":{\"@id\":\"https:\\\/\\\/newsinfoco.com.br\\\/inicio\\\/author\\\/administrador\\\/#author\"},\"publisher\":{\"@id\":\"https:\\\/\\\/newsinfoco.com.br\\\/inicio\\\/#organization\"},\"image\":{\"@type\":\"ImageObject\",\"url\":\"https:\\\/\\\/newsinfoco.com.br\\\/inicio\\\/wp-content\\\/uploads\\\/2025\\\/08\\\/nikolas-ferreira-1.png\",\"width\":600,\"height\":420},\"datePublished\":\"2025-08-04T17:30:05-03:00\",\"dateModified\":\"2025-08-04T17:30:05-03:00\",\"inLanguage\":\"pt-BR\",\"mainEntityOfPage\":{\"@id\":\"https:\\\/\\\/newsinfoco.com.br\\\/inicio\\\/30o-pedido-de-impeachment-de-moraes-sera-protocolado-nesta-semana-diz-nikolas-ferreira\\\/#webpage\"},\"isPartOf\":{\"@id\":\"https:\\\/\\\/newsinfoco.com.br\\\/inicio\\\/30o-pedido-de-impeachment-de-moraes-sera-protocolado-nesta-semana-diz-nikolas-ferreira\\\/#webpage\"},\"articleSection\":\"Brasil\"},{\"@type\":\"BreadcrumbList\",\"@id\":\"https:\\\/\\\/newsinfoco.com.br\\\/inicio\\\/30o-pedido-de-impeachment-de-moraes-sera-protocolado-nesta-semana-diz-nikolas-ferreira\\\/#breadcrumblist\",\"itemListElement\":[{\"@type\":\"ListItem\",\"@id\":\"https:\\\/\\\/newsinfoco.com.br\\\/inicio#listItem\",\"position\":1,\"name\":\"In\\u00edcio\",\"item\":\"https:\\\/\\\/newsinfoco.com.br\\\/inicio\",\"nextItem\":{\"@type\":\"ListItem\",\"@id\":\"https:\\\/\\\/newsinfoco.com.br\\\/inicio\\\/category\\\/brasil\\\/#listItem\",\"name\":\"Brasil\"}},{\"@type\":\"ListItem\",\"@id\":\"https:\\\/\\\/newsinfoco.com.br\\\/inicio\\\/category\\\/brasil\\\/#listItem\",\"position\":2,\"name\":\"Brasil\",\"item\":\"https:\\\/\\\/newsinfoco.com.br\\\/inicio\\\/category\\\/brasil\\\/\",\"nextItem\":{\"@type\":\"ListItem\",\"@id\":\"https:\\\/\\\/newsinfoco.com.br\\\/inicio\\\/30o-pedido-de-impeachment-de-moraes-sera-protocolado-nesta-semana-diz-nikolas-ferreira\\\/#listItem\",\"name\":\"30\\u00ba pedido de impeachment de Moraes ser\\u00e1 protocolado nesta semana, diz Nikolas Ferreira\"},\"previousItem\":{\"@type\":\"ListItem\",\"@id\":\"https:\\\/\\\/newsinfoco.com.br\\\/inicio#listItem\",\"name\":\"In\\u00edcio\"}},{\"@type\":\"ListItem\",\"@id\":\"https:\\\/\\\/newsinfoco.com.br\\\/inicio\\\/30o-pedido-de-impeachment-de-moraes-sera-protocolado-nesta-semana-diz-nikolas-ferreira\\\/#listItem\",\"position\":3,\"name\":\"30\\u00ba pedido de impeachment de Moraes ser\\u00e1 protocolado nesta semana, diz Nikolas Ferreira\",\"previousItem\":{\"@type\":\"ListItem\",\"@id\":\"https:\\\/\\\/newsinfoco.com.br\\\/inicio\\\/category\\\/brasil\\\/#listItem\",\"name\":\"Brasil\"}}]},{\"@type\":\"Organization\",\"@id\":\"https:\\\/\\\/newsinfoco.com.br\\\/inicio\\\/#organization\",\"name\":\"News In Foco - Editado por Caio Pimenta\",\"description\":\"O principal site de noticias de Alagoinhas e regi\\u00e3o\",\"url\":\"https:\\\/\\\/newsinfoco.com.br\\\/inicio\\\/\"},{\"@type\":\"Person\",\"@id\":\"https:\\\/\\\/newsinfoco.com.br\\\/inicio\\\/author\\\/administrador\\\/#author\",\"url\":\"https:\\\/\\\/newsinfoco.com.br\\\/inicio\\\/author\\\/administrador\\\/\",\"name\":\"administrador\",\"image\":{\"@type\":\"ImageObject\",\"@id\":\"https:\\\/\\\/newsinfoco.com.br\\\/inicio\\\/30o-pedido-de-impeachment-de-moraes-sera-protocolado-nesta-semana-diz-nikolas-ferreira\\\/#authorImage\",\"url\":\"https:\\\/\\\/secure.gravatar.com\\\/avatar\\\/c17a617433de8c1dc9584bb79aab7563b46f5bb7e1728c9b17d9cc3ce6a08e49?s=96&d=mm&r=g\",\"width\":96,\"height\":96,\"caption\":\"administrador\"}},{\"@type\":\"WebPage\",\"@id\":\"https:\\\/\\\/newsinfoco.com.br\\\/inicio\\\/30o-pedido-de-impeachment-de-moraes-sera-protocolado-nesta-semana-diz-nikolas-ferreira\\\/#webpage\",\"url\":\"https:\\\/\\\/newsinfoco.com.br\\\/inicio\\\/30o-pedido-de-impeachment-de-moraes-sera-protocolado-nesta-semana-diz-nikolas-ferreira\\\/\",\"name\":\"30\\u00ba pedido de impeachment de Moraes ser\\u00e1 protocolado nesta semana, diz Nikolas Ferreira - News In Foco - Editado por Caio Pimenta\",\"description\":\"O deputado federal Nikolas Ferreira (PL-MG) afirmou no domingo (3), durante a manifesta\\u00e7\\u00e3o de bolsonaristas na Avenida Paulista, em S\\u00e3o Paulo, que, nesta semana, ser\\u00e1 protocolado o 30\\u00ba pedido de impeachment do ministro do Supremo Tribunal Federal (STF), Alexandre de Moraes. Segundo mat\\u00e9ria do InfoMoney, Nikolas ainda fez amea\\u00e7as aos parlamentares, afirmando que, ou os\",\"inLanguage\":\"pt-BR\",\"isPartOf\":{\"@id\":\"https:\\\/\\\/newsinfoco.com.br\\\/inicio\\\/#website\"},\"breadcrumb\":{\"@id\":\"https:\\\/\\\/newsinfoco.com.br\\\/inicio\\\/30o-pedido-de-impeachment-de-moraes-sera-protocolado-nesta-semana-diz-nikolas-ferreira\\\/#breadcrumblist\"},\"author\":{\"@id\":\"https:\\\/\\\/newsinfoco.com.br\\\/inicio\\\/author\\\/administrador\\\/#author\"},\"creator\":{\"@id\":\"https:\\\/\\\/newsinfoco.com.br\\\/inicio\\\/author\\\/administrador\\\/#author\"},\"image\":{\"@type\":\"ImageObject\",\"url\":\"https:\\\/\\\/newsinfoco.com.br\\\/inicio\\\/wp-content\\\/uploads\\\/2025\\\/08\\\/nikolas-ferreira-1.png\",\"@id\":\"https:\\\/\\\/newsinfoco.com.br\\\/inicio\\\/30o-pedido-de-impeachment-de-moraes-sera-protocolado-nesta-semana-diz-nikolas-ferreira\\\/#mainImage\",\"width\":600,\"height\":420},\"primaryImageOfPage\":{\"@id\":\"https:\\\/\\\/newsinfoco.com.br\\\/inicio\\\/30o-pedido-de-impeachment-de-moraes-sera-protocolado-nesta-semana-diz-nikolas-ferreira\\\/#mainImage\"},\"datePublished\":\"2025-08-04T17:30:05-03:00\",\"dateModified\":\"2025-08-04T17:30:05-03:00\"},{\"@type\":\"WebSite\",\"@id\":\"https:\\\/\\\/newsinfoco.com.br\\\/inicio\\\/#website\",\"url\":\"https:\\\/\\\/newsinfoco.com.br\\\/inicio\\\/\",\"name\":\"News In Foco - Editado por Caio Pimenta\",\"description\":\"O principal site de noticias de Alagoinhas e regi\\u00e3o\",\"inLanguage\":\"pt-BR\",\"publisher\":{\"@id\":\"https:\\\/\\\/newsinfoco.com.br\\\/inicio\\\/#organization\"}}]}\n\t\t<\/script>\n\t\t<!-- All in One SEO -->\n\n","aioseo_head_json":{"title":"30\u00ba pedido de impeachment de Moraes ser\u00e1 protocolado nesta semana, diz Nikolas Ferreira - News In Foco - Editado por Caio Pimenta","description":"O deputado federal Nikolas Ferreira (PL-MG) afirmou no domingo (3), durante a manifesta\u00e7\u00e3o de bolsonaristas na Avenida Paulista, em S\u00e3o Paulo, que, nesta semana, ser\u00e1 protocolado o 30\u00ba pedido de impeachment do ministro do Supremo Tribunal Federal (STF), Alexandre de Moraes. Segundo mat\u00e9ria do InfoMoney, Nikolas ainda fez amea\u00e7as aos parlamentares, afirmando que, ou os","canonical_url":"https:\/\/newsinfoco.com.br\/inicio\/30o-pedido-de-impeachment-de-moraes-sera-protocolado-nesta-semana-diz-nikolas-ferreira\/","robots":"max-image-preview:large","keywords":"","webmasterTools":{"miscellaneous":""},"schema":{"@context":"https:\/\/schema.org","@graph":[{"@type":"BlogPosting","@id":"https:\/\/newsinfoco.com.br\/inicio\/30o-pedido-de-impeachment-de-moraes-sera-protocolado-nesta-semana-diz-nikolas-ferreira\/#blogposting","name":"30\u00ba pedido de impeachment de Moraes ser\u00e1 protocolado nesta semana, diz Nikolas Ferreira - News In Foco - Editado por Caio Pimenta","headline":"30\u00ba pedido de impeachment de Moraes ser\u00e1 protocolado nesta semana, diz Nikolas Ferreira","author":{"@id":"https:\/\/newsinfoco.com.br\/inicio\/author\/administrador\/#author"},"publisher":{"@id":"https:\/\/newsinfoco.com.br\/inicio\/#organization"},"image":{"@type":"ImageObject","url":"https:\/\/newsinfoco.com.br\/inicio\/wp-content\/uploads\/2025\/08\/nikolas-ferreira-1.png","width":600,"height":420},"datePublished":"2025-08-04T17:30:05-03:00","dateModified":"2025-08-04T17:30:05-03:00","inLanguage":"pt-BR","mainEntityOfPage":{"@id":"https:\/\/newsinfoco.com.br\/inicio\/30o-pedido-de-impeachment-de-moraes-sera-protocolado-nesta-semana-diz-nikolas-ferreira\/#webpage"},"isPartOf":{"@id":"https:\/\/newsinfoco.com.br\/inicio\/30o-pedido-de-impeachment-de-moraes-sera-protocolado-nesta-semana-diz-nikolas-ferreira\/#webpage"},"articleSection":"Brasil"},{"@type":"BreadcrumbList","@id":"https:\/\/newsinfoco.com.br\/inicio\/30o-pedido-de-impeachment-de-moraes-sera-protocolado-nesta-semana-diz-nikolas-ferreira\/#breadcrumblist","itemListElement":[{"@type":"ListItem","@id":"https:\/\/newsinfoco.com.br\/inicio#listItem","position":1,"name":"In\u00edcio","item":"https:\/\/newsinfoco.com.br\/inicio","nextItem":{"@type":"ListItem","@id":"https:\/\/newsinfoco.com.br\/inicio\/category\/brasil\/#listItem","name":"Brasil"}},{"@type":"ListItem","@id":"https:\/\/newsinfoco.com.br\/inicio\/category\/brasil\/#listItem","position":2,"name":"Brasil","item":"https:\/\/newsinfoco.com.br\/inicio\/category\/brasil\/","nextItem":{"@type":"ListItem","@id":"https:\/\/newsinfoco.com.br\/inicio\/30o-pedido-de-impeachment-de-moraes-sera-protocolado-nesta-semana-diz-nikolas-ferreira\/#listItem","name":"30\u00ba pedido de impeachment de Moraes ser\u00e1 protocolado nesta semana, diz Nikolas Ferreira"},"previousItem":{"@type":"ListItem","@id":"https:\/\/newsinfoco.com.br\/inicio#listItem","name":"In\u00edcio"}},{"@type":"ListItem","@id":"https:\/\/newsinfoco.com.br\/inicio\/30o-pedido-de-impeachment-de-moraes-sera-protocolado-nesta-semana-diz-nikolas-ferreira\/#listItem","position":3,"name":"30\u00ba pedido de impeachment de Moraes ser\u00e1 protocolado nesta semana, diz Nikolas Ferreira","previousItem":{"@type":"ListItem","@id":"https:\/\/newsinfoco.com.br\/inicio\/category\/brasil\/#listItem","name":"Brasil"}}]},{"@type":"Organization","@id":"https:\/\/newsinfoco.com.br\/inicio\/#organization","name":"News In Foco - Editado por Caio Pimenta","description":"O principal site de noticias de Alagoinhas e regi\u00e3o","url":"https:\/\/newsinfoco.com.br\/inicio\/"},{"@type":"Person","@id":"https:\/\/newsinfoco.com.br\/inicio\/author\/administrador\/#author","url":"https:\/\/newsinfoco.com.br\/inicio\/author\/administrador\/","name":"administrador","image":{"@type":"ImageObject","@id":"https:\/\/newsinfoco.com.br\/inicio\/30o-pedido-de-impeachment-de-moraes-sera-protocolado-nesta-semana-diz-nikolas-ferreira\/#authorImage","url":"https:\/\/secure.gravatar.com\/avatar\/c17a617433de8c1dc9584bb79aab7563b46f5bb7e1728c9b17d9cc3ce6a08e49?s=96&d=mm&r=g","width":96,"height":96,"caption":"administrador"}},{"@type":"WebPage","@id":"https:\/\/newsinfoco.com.br\/inicio\/30o-pedido-de-impeachment-de-moraes-sera-protocolado-nesta-semana-diz-nikolas-ferreira\/#webpage","url":"https:\/\/newsinfoco.com.br\/inicio\/30o-pedido-de-impeachment-de-moraes-sera-protocolado-nesta-semana-diz-nikolas-ferreira\/","name":"30\u00ba pedido de impeachment de Moraes ser\u00e1 protocolado nesta semana, diz Nikolas Ferreira - News In Foco - Editado por Caio Pimenta","description":"O deputado federal Nikolas Ferreira (PL-MG) afirmou no domingo (3), durante a manifesta\u00e7\u00e3o de bolsonaristas na Avenida Paulista, em S\u00e3o Paulo, que, nesta semana, ser\u00e1 protocolado o 30\u00ba pedido de impeachment do ministro do Supremo Tribunal Federal (STF), Alexandre de Moraes. Segundo mat\u00e9ria do InfoMoney, Nikolas ainda fez amea\u00e7as aos parlamentares, afirmando que, ou os","inLanguage":"pt-BR","isPartOf":{"@id":"https:\/\/newsinfoco.com.br\/inicio\/#website"},"breadcrumb":{"@id":"https:\/\/newsinfoco.com.br\/inicio\/30o-pedido-de-impeachment-de-moraes-sera-protocolado-nesta-semana-diz-nikolas-ferreira\/#breadcrumblist"},"author":{"@id":"https:\/\/newsinfoco.com.br\/inicio\/author\/administrador\/#author"},"creator":{"@id":"https:\/\/newsinfoco.com.br\/inicio\/author\/administrador\/#author"},"image":{"@type":"ImageObject","url":"https:\/\/newsinfoco.com.br\/inicio\/wp-content\/uploads\/2025\/08\/nikolas-ferreira-1.png","@id":"https:\/\/newsinfoco.com.br\/inicio\/30o-pedido-de-impeachment-de-moraes-sera-protocolado-nesta-semana-diz-nikolas-ferreira\/#mainImage","width":600,"height":420},"primaryImageOfPage":{"@id":"https:\/\/newsinfoco.com.br\/inicio\/30o-pedido-de-impeachment-de-moraes-sera-protocolado-nesta-semana-diz-nikolas-ferreira\/#mainImage"},"datePublished":"2025-08-04T17:30:05-03:00","dateModified":"2025-08-04T17:30:05-03:00"},{"@type":"WebSite","@id":"https:\/\/newsinfoco.com.br\/inicio\/#website","url":"https:\/\/newsinfoco.com.br\/inicio\/","name":"News In Foco - Editado por Caio Pimenta","description":"O principal site de noticias de Alagoinhas e regi\u00e3o","inLanguage":"pt-BR","publisher":{"@id":"https:\/\/newsinfoco.com.br\/inicio\/#organization"}}]},"og:locale":"pt_BR","og:site_name":"News In Foco - Editado por Caio Pimenta - O principal site de noticias de Alagoinhas e regi\u00e3o","og:type":"article","og:title":"30\u00ba pedido de impeachment de Moraes ser\u00e1 protocolado nesta semana, diz Nikolas Ferreira - News In Foco - Editado por Caio Pimenta","og:description":"O deputado federal Nikolas Ferreira (PL-MG) afirmou no domingo (3), durante a manifesta\u00e7\u00e3o de bolsonaristas na Avenida Paulista, em S\u00e3o Paulo, que, nesta semana, ser\u00e1 protocolado o 30\u00ba pedido de impeachment do ministro do Supremo Tribunal Federal (STF), Alexandre de Moraes. Segundo mat\u00e9ria do InfoMoney, Nikolas ainda fez amea\u00e7as aos parlamentares, afirmando que, ou os","og:url":"https:\/\/newsinfoco.com.br\/inicio\/30o-pedido-de-impeachment-de-moraes-sera-protocolado-nesta-semana-diz-nikolas-ferreira\/","article:published_time":"2025-08-04T20:30:05+00:00","article:modified_time":"2025-08-04T20:30:05+00:00","twitter:card":"summary_large_image","twitter:title":"30\u00ba pedido de impeachment de Moraes ser\u00e1 protocolado nesta semana, diz Nikolas Ferreira - News In Foco - Editado por Caio Pimenta","twitter:description":"O deputado federal Nikolas Ferreira (PL-MG) afirmou no domingo (3), durante a manifesta\u00e7\u00e3o de bolsonaristas na Avenida Paulista, em S\u00e3o Paulo, que, nesta semana, ser\u00e1 protocolado o 30\u00ba pedido de impeachment do ministro do Supremo Tribunal Federal (STF), Alexandre de Moraes. Segundo mat\u00e9ria do InfoMoney, Nikolas ainda fez amea\u00e7as aos parlamentares, afirmando que, ou os"},"aioseo_meta_data":{"post_id":"43941","title":null,"description":null,"keywords":null,"keyphrases":{"focus":{"keyphrase":"","score":0,"analysis":{"keyphraseInTitle":{"score":0,"maxScore":9,"error":1}}},"additional":[]},"primary_term":null,"canonical_url":null,"og_title":null,"og_description":null,"og_object_type":"default","og_image_type":"default","og_image_url":null,"og_image_width":null,"og_image_height":null,"og_image_custom_url":null,"og_image_custom_fields":null,"og_video":"","og_custom_url":null,"og_article_section":null,"og_article_tags":null,"twitter_use_og":false,"twitter_card":"default","twitter_image_type":"default","twitter_image_url":null,"twitter_image_custom_url":null,"twitter_image_custom_fields":null,"twitter_title":null,"twitter_description":null,"schema":{"blockGraphs":[],"customGraphs":[],"default":{"data":{"Article":[],"Course":[],"Dataset":[],"FAQPage":[],"Movie":[],"Person":[],"Product":[],"ProductReview":[],"Car":[],"Recipe":[],"Service":[],"SoftwareApplication":[],"WebPage":[]},"graphName":"BlogPosting","isEnabled":true},"graphs":[]},"schema_type":"default","schema_type_options":null,"pillar_content":false,"robots_default":true,"robots_noindex":false,"robots_noarchive":false,"robots_nosnippet":false,"robots_nofollow":false,"robots_noimageindex":false,"robots_noodp":false,"robots_notranslate":false,"robots_max_snippet":"-1","robots_max_videopreview":"-1","robots_max_imagepreview":"large","priority":null,"frequency":"default","local_seo":null,"breadcrumb_settings":null,"limit_modified_date":false,"ai":{"faqs":[],"keyPoints":[],"titles":[],"descriptions":[],"socialPosts":{"email":[],"linkedin":[],"twitter":[],"facebook":[],"instagram":[]}},"created":"2025-08-04 20:30:05","updated":"2025-08-04 20:31:58","seo_analyzer_scan_date":null},"aioseo_breadcrumb":"<div class=\"aioseo-breadcrumbs\"><span class=\"aioseo-breadcrumb\">\n\t\t\t<a href=\"https:\/\/newsinfoco.com.br\/inicio\" title=\"In\u00edcio\">In\u00edcio<\/a>\n\t\t<\/span><span class=\"aioseo-breadcrumb-separator\">&raquo;<\/span><span class=\"aioseo-breadcrumb\">\n\t\t\t<a href=\"https:\/\/newsinfoco.com.br\/inicio\/category\/brasil\/\" title=\"Brasil\">Brasil<\/a>\n\t\t<\/span><span class=\"aioseo-breadcrumb-separator\">&raquo;<\/span><span class=\"aioseo-breadcrumb\">\n\t\t\t30\u00ba pedido de impeachment de Moraes ser\u00e1 protocolado nesta semana, diz Nikolas Ferreira\n\t\t<\/span><\/div>","aioseo_breadcrumb_json":[{"label":"In\u00edcio","link":"https:\/\/newsinfoco.com.br\/inicio"},{"label":"Brasil","link":"https:\/\/newsinfoco.com.br\/inicio\/category\/brasil\/"},{"label":"30\u00ba pedido de impeachment de Moraes ser\u00e1 protocolado nesta semana, diz Nikolas Ferreira","link":"https:\/\/newsinfoco.com.br\/inicio\/30o-pedido-de-impeachment-de-moraes-sera-protocolado-nesta-semana-diz-nikolas-ferreira\/"}],"_links":{"self":[{"href":"https:\/\/newsinfoco.com.br\/inicio\/wp-json\/wp\/v2\/posts\/43941","targetHints":{"allow":["GET"]}}],"collection":[{"href":"https:\/\/newsinfoco.com.br\/inicio\/wp-json\/wp\/v2\/posts"}],"about":[{"href":"https:\/\/newsinfoco.com.br\/inicio\/wp-json\/wp\/v2\/types\/post"}],"author":[{"embeddable":true,"href":"https:\/\/newsinfoco.com.br\/inicio\/wp-json\/wp\/v2\/users\/1"}],"replies":[{"embeddable":true,"href":"https:\/\/newsinfoco.com.br\/inicio\/wp-json\/wp\/v2\/comments?post=43941"}],"version-history":[{"count":1,"href":"https:\/\/newsinfoco.com.br\/inicio\/wp-json\/wp\/v2\/posts\/43941\/revisions"}],"predecessor-version":[{"id":43943,"href":"https:\/\/newsinfoco.com.br\/inicio\/wp-json\/wp\/v2\/posts\/43941\/revisions\/43943"}],"wp:featuredmedia":[{"embeddable":true,"href":"https:\/\/newsinfoco.com.br\/inicio\/wp-json\/wp\/v2\/media\/43942"}],"wp:attachment":[{"href":"https:\/\/newsinfoco.com.br\/inicio\/wp-json\/wp\/v2\/media?parent=43941"}],"wp:term":[{"taxonomy":"category","embeddable":true,"href":"https:\/\/newsinfoco.com.br\/inicio\/wp-json\/wp\/v2\/categories?post=43941"},{"taxonomy":"post_tag","embeddable":true,"href":"https:\/\/newsinfoco.com.br\/inicio\/wp-json\/wp\/v2\/tags?post=43941"}],"curies":[{"name":"wp","href":"https:\/\/api.w.org\/{rel}","templated":true}]}}