{"id":43952,"date":"2025-08-05T15:22:41","date_gmt":"2025-08-05T18:22:41","guid":{"rendered":"https:\/\/newsinfoco.com.br\/inicio\/?p=43952"},"modified":"2025-08-05T15:22:41","modified_gmt":"2025-08-05T18:22:41","slug":"capoeira-livros-e-ancestralidade-escritora-joana-carneiro-visita-alunos-da-rede-municipal-de-ensino","status":"publish","type":"post","link":"https:\/\/newsinfoco.com.br\/inicio\/capoeira-livros-e-ancestralidade-escritora-joana-carneiro-visita-alunos-da-rede-municipal-de-ensino\/","title":{"rendered":"Capoeira, livros e ancestralidade: escritora Joana Carneiro visita alunos da Rede Municipal de Ensino"},"content":{"rendered":"<p>Os estudantes da Escola Municipal Quilombola M\u00e3e Ernestina, no Catuzinho, receberam, na tarde desta segunda-feira (4), a visita da escritora e capoeirista Joana Carneiro Vasconcelos, brasileira que vive em Mo\u00e7ambique h\u00e1 42 anos e atua com capoeira h\u00e1 25. A iniciativa partiu da vereadora Juci Cardoso e teve o apoio integral da Secretaria Municipal de Educa\u00e7\u00e3o (Seduc), dentro das pol\u00edticas p\u00fablicas que fortalecem uma educa\u00e7\u00e3o antirracista nas escolas da cidade.<\/p>\n<p>Autora da cole\u00e7\u00e3o Kioni, a pequena mandingueira, Joana idealizou um encontro que uniu conta\u00e7\u00e3o de hist\u00f3rias, m\u00fasica e capoeira. \u201c\u00c9 uma cole\u00e7\u00e3o com base tem\u00e1tica na capoeira, contada e cantada, com forte presen\u00e7a da musicalidade. S\u00e3o oito livros, cada um contendo tr\u00eas m\u00fasicas de capoeira de dom\u00ednio p\u00fablico integradas \u00e0 narrativa. A obra tamb\u00e9m inclui um jogo tradicional de rua, de origem mo\u00e7ambicana, como forma de resgatar o brincar e valorizar o tempo da inf\u00e2ncia. Essa \u00e9 minha miss\u00e3o enquanto mestra e autora\u201d, compartilhou Joana.<\/p>\n<p>Ela explicou ainda que, por meio das aventuras de Kioni, criou uma conta\u00e7\u00e3o multissensorial que estimula o corpo, o som, a imagina\u00e7\u00e3o e o movimento. \u201c\u00c9 uma experi\u00eancia pensada com cuidado, que envolve desafios e brincadeiras para que possamos nos conectar de verdade\u201d, disse a escritora, que j\u00e1 havia realizado uma atividade semelhante pela manh\u00e3 com estudantes da Escola Municipal Nova Esperan\u00e7a, no bairro Santa Terezinha.<\/p>\n<p>Para Maria Eduarda, de 8 anos, a apresenta\u00e7\u00e3o foi marcante e mobilizou toda a escola. \u201cTodo mundo ficou animado com a visita. A gente recebeu os livros e ainda teve muita ginga na roda de capoeira. \u00c9 bom porque a gente aprende brincando e se diverte tamb\u00e9m\u201d, contou a aluna. Os estudantes da M\u00e3e Ernestina participam com frequ\u00eancia de atividades voltadas ao enfrentamento do racismo.<\/p>\n<p>A vereadora Juci Cardoso destacou o envolvimento da Seduc. \u201cEssa a\u00e7\u00e3o trabalha a conta\u00e7\u00e3o de hist\u00f3rias com uma protagonista negra e capoeirista, valorizando a cultura afro-brasileira. \u00c9 uma parceria com a secretaria, alinhada ao curr\u00edculo antirracista, e serve para fortalecer a identidade e autoestima das crian\u00e7as. Estamos estruturando o programa Capoeira nas Escolas, que levar\u00e1 essa pr\u00e1tica para outras unidades. \u00c9 essencial que a Prefeitura de Alagoinhas assuma esse compromisso com a educa\u00e7\u00e3o inclusiva e representativa, especialmente em comunidades quilombolas\u201d, afirmou.<\/p>\n<p>A coordenadora pedag\u00f3gica da Seduc, Rosana Pimentel de Ara\u00fajo, refor\u00e7ou o impacto da atividade. \u201cEstamos trabalhando leitura e escrita, e essa conta\u00e7\u00e3o foi um verdadeiro presente. Joana esteve com as crian\u00e7as, dentro da escola, vivenciando esse momento. Isso tem um valor enorme tanto para os alunos quanto para a comunidade do entorno\u201d, concluiu.<\/p>\n<p>&nbsp;<\/p>\n<div class='share-to-whatsapp-wrapper'><div class='share-on-whsp'>Share on: <\/div><a data-text='Capoeira, livros e ancestralidade: escritora Joana Carneiro visita alunos da Rede Municipal de Ensino' data-link='https:\/\/newsinfoco.com.br\/inicio\/capoeira-livros-e-ancestralidade-escritora-joana-carneiro-visita-alunos-da-rede-municipal-de-ensino\/' class='whatsapp-button whatsapp-share'>WhatsApp<\/a><div class='clear '><\/div><\/div>","protected":false},"excerpt":{"rendered":"<p>Os estudantes da Escola Municipal Quilombola M\u00e3e Ernestina, no Catuzinho, receberam, na tarde desta segunda-feira (4), a visita da escritora e capoeirista Joana Carneiro Vasconcelos, brasileira que vive em Mo\u00e7ambique h\u00e1 42 anos e atua com capoeira h\u00e1 25. A iniciativa partiu da vereadora Juci Cardoso e teve o apoio integral da Secretaria Municipal de [&hellip;]<\/p>\n","protected":false},"author":1,"featured_media":43953,"comment_status":"closed","ping_status":"closed","sticky":false,"template":"","format":"standard","meta":{"om_disable_all_campaigns":false,"rop_custom_images_group":[],"rop_custom_messages_group":[],"rop_publish_now":"initial","rop_publish_now_accounts":[],"rop_publish_now_history":[],"rop_publish_now_status":"pending","_exactmetrics_skip_tracking":false,"footnotes":""},"categories":[38,167],"tags":[],"class_list":["post-43952","post","type-post","status-publish","format-standard","has-post-thumbnail","hentry","category-alagoinhas-e-regiao","category-exclusivas"],"aioseo_notices":[],"aioseo_head":"\n\t\t<!-- All in One SEO 4.9.10 - aioseo.com -->\n\t<meta name=\"description\" content=\"Os estudantes da Escola Municipal Quilombola M\u00e3e Ernestina, no Catuzinho, receberam, na tarde desta segunda-feira (4), a visita da escritora e capoeirista Joana Carneiro Vasconcelos, brasileira que vive em Mo\u00e7ambique h\u00e1 42 anos e atua com capoeira h\u00e1 25. A iniciativa partiu da vereadora Juci Cardoso e teve o apoio integral da Secretaria Municipal de\" \/>\n\t<meta name=\"robots\" content=\"max-image-preview:large\" \/>\n\t<meta name=\"author\" content=\"administrador\"\/>\n\t<link rel=\"canonical\" href=\"https:\/\/newsinfoco.com.br\/inicio\/capoeira-livros-e-ancestralidade-escritora-joana-carneiro-visita-alunos-da-rede-municipal-de-ensino\/\" \/>\n\t<meta name=\"generator\" content=\"All in One SEO (AIOSEO) 4.9.10\" \/>\n\t\t<meta property=\"og:locale\" content=\"pt_BR\" \/>\n\t\t<meta property=\"og:site_name\" content=\"News In Foco - Editado por Caio Pimenta - O principal site de noticias de Alagoinhas e regi\u00e3o\" \/>\n\t\t<meta property=\"og:type\" content=\"article\" \/>\n\t\t<meta property=\"og:title\" content=\"Capoeira, livros e ancestralidade: escritora Joana Carneiro visita alunos da Rede Municipal de Ensino - News In Foco - Editado por Caio Pimenta\" \/>\n\t\t<meta property=\"og:description\" content=\"Os estudantes da Escola Municipal Quilombola M\u00e3e Ernestina, no Catuzinho, receberam, na tarde desta segunda-feira (4), a visita da escritora e capoeirista Joana Carneiro Vasconcelos, brasileira que vive em Mo\u00e7ambique h\u00e1 42 anos e atua com capoeira h\u00e1 25. A iniciativa partiu da vereadora Juci Cardoso e teve o apoio integral da Secretaria Municipal de\" \/>\n\t\t<meta property=\"og:url\" content=\"https:\/\/newsinfoco.com.br\/inicio\/capoeira-livros-e-ancestralidade-escritora-joana-carneiro-visita-alunos-da-rede-municipal-de-ensino\/\" \/>\n\t\t<meta property=\"article:published_time\" content=\"2025-08-05T18:22:41+00:00\" \/>\n\t\t<meta property=\"article:modified_time\" content=\"2025-08-05T18:22:41+00:00\" \/>\n\t\t<meta name=\"twitter:card\" content=\"summary_large_image\" \/>\n\t\t<meta name=\"twitter:title\" content=\"Capoeira, livros e ancestralidade: escritora Joana Carneiro visita alunos da Rede Municipal de Ensino - News In Foco - Editado por Caio Pimenta\" \/>\n\t\t<meta name=\"twitter:description\" content=\"Os estudantes da Escola Municipal Quilombola M\u00e3e Ernestina, no Catuzinho, receberam, na tarde desta segunda-feira (4), a visita da escritora e capoeirista Joana Carneiro Vasconcelos, brasileira que vive em Mo\u00e7ambique h\u00e1 42 anos e atua com capoeira h\u00e1 25. A iniciativa partiu da vereadora Juci Cardoso e teve o apoio integral da Secretaria Municipal de\" \/>\n\t\t<script type=\"application\/ld+json\" class=\"aioseo-schema\">\n\t\t\t{\"@context\":\"https:\\\/\\\/schema.org\",\"@graph\":[{\"@type\":\"BlogPosting\",\"@id\":\"https:\\\/\\\/newsinfoco.com.br\\\/inicio\\\/capoeira-livros-e-ancestralidade-escritora-joana-carneiro-visita-alunos-da-rede-municipal-de-ensino\\\/#blogposting\",\"name\":\"Capoeira, livros e ancestralidade: escritora Joana Carneiro visita alunos da Rede Municipal de Ensino - News In Foco - Editado por Caio Pimenta\",\"headline\":\"Capoeira, livros e ancestralidade: escritora Joana Carneiro visita alunos da Rede Municipal de Ensino\",\"author\":{\"@id\":\"https:\\\/\\\/newsinfoco.com.br\\\/inicio\\\/author\\\/administrador\\\/#author\"},\"publisher\":{\"@id\":\"https:\\\/\\\/newsinfoco.com.br\\\/inicio\\\/#organization\"},\"image\":{\"@type\":\"ImageObject\",\"url\":\"https:\\\/\\\/newsinfoco.com.br\\\/inicio\\\/wp-content\\\/uploads\\\/2025\\\/08\\\/WhatsApp-Image-2025-08-04-at-16.56.19-1.jpeg\",\"width\":1600,\"height\":1066},\"datePublished\":\"2025-08-05T15:22:41-03:00\",\"dateModified\":\"2025-08-05T15:22:41-03:00\",\"inLanguage\":\"pt-BR\",\"mainEntityOfPage\":{\"@id\":\"https:\\\/\\\/newsinfoco.com.br\\\/inicio\\\/capoeira-livros-e-ancestralidade-escritora-joana-carneiro-visita-alunos-da-rede-municipal-de-ensino\\\/#webpage\"},\"isPartOf\":{\"@id\":\"https:\\\/\\\/newsinfoco.com.br\\\/inicio\\\/capoeira-livros-e-ancestralidade-escritora-joana-carneiro-visita-alunos-da-rede-municipal-de-ensino\\\/#webpage\"},\"articleSection\":\"Alagoinhas e Regi\\u00e3o, Manchete\"},{\"@type\":\"BreadcrumbList\",\"@id\":\"https:\\\/\\\/newsinfoco.com.br\\\/inicio\\\/capoeira-livros-e-ancestralidade-escritora-joana-carneiro-visita-alunos-da-rede-municipal-de-ensino\\\/#breadcrumblist\",\"itemListElement\":[{\"@type\":\"ListItem\",\"@id\":\"https:\\\/\\\/newsinfoco.com.br\\\/inicio#listItem\",\"position\":1,\"name\":\"In\\u00edcio\",\"item\":\"https:\\\/\\\/newsinfoco.com.br\\\/inicio\",\"nextItem\":{\"@type\":\"ListItem\",\"@id\":\"https:\\\/\\\/newsinfoco.com.br\\\/inicio\\\/category\\\/alagoinhas-e-regiao\\\/#listItem\",\"name\":\"Alagoinhas e Regi\\u00e3o\"}},{\"@type\":\"ListItem\",\"@id\":\"https:\\\/\\\/newsinfoco.com.br\\\/inicio\\\/category\\\/alagoinhas-e-regiao\\\/#listItem\",\"position\":2,\"name\":\"Alagoinhas e Regi\\u00e3o\",\"item\":\"https:\\\/\\\/newsinfoco.com.br\\\/inicio\\\/category\\\/alagoinhas-e-regiao\\\/\",\"nextItem\":{\"@type\":\"ListItem\",\"@id\":\"https:\\\/\\\/newsinfoco.com.br\\\/inicio\\\/capoeira-livros-e-ancestralidade-escritora-joana-carneiro-visita-alunos-da-rede-municipal-de-ensino\\\/#listItem\",\"name\":\"Capoeira, livros e ancestralidade: escritora Joana Carneiro visita alunos da Rede Municipal de Ensino\"},\"previousItem\":{\"@type\":\"ListItem\",\"@id\":\"https:\\\/\\\/newsinfoco.com.br\\\/inicio#listItem\",\"name\":\"In\\u00edcio\"}},{\"@type\":\"ListItem\",\"@id\":\"https:\\\/\\\/newsinfoco.com.br\\\/inicio\\\/capoeira-livros-e-ancestralidade-escritora-joana-carneiro-visita-alunos-da-rede-municipal-de-ensino\\\/#listItem\",\"position\":3,\"name\":\"Capoeira, livros e ancestralidade: escritora Joana Carneiro visita alunos da Rede Municipal de Ensino\",\"previousItem\":{\"@type\":\"ListItem\",\"@id\":\"https:\\\/\\\/newsinfoco.com.br\\\/inicio\\\/category\\\/alagoinhas-e-regiao\\\/#listItem\",\"name\":\"Alagoinhas e Regi\\u00e3o\"}}]},{\"@type\":\"Organization\",\"@id\":\"https:\\\/\\\/newsinfoco.com.br\\\/inicio\\\/#organization\",\"name\":\"News In Foco - Editado por Caio Pimenta\",\"description\":\"O principal site de noticias de Alagoinhas e regi\\u00e3o\",\"url\":\"https:\\\/\\\/newsinfoco.com.br\\\/inicio\\\/\"},{\"@type\":\"Person\",\"@id\":\"https:\\\/\\\/newsinfoco.com.br\\\/inicio\\\/author\\\/administrador\\\/#author\",\"url\":\"https:\\\/\\\/newsinfoco.com.br\\\/inicio\\\/author\\\/administrador\\\/\",\"name\":\"administrador\",\"image\":{\"@type\":\"ImageObject\",\"@id\":\"https:\\\/\\\/newsinfoco.com.br\\\/inicio\\\/capoeira-livros-e-ancestralidade-escritora-joana-carneiro-visita-alunos-da-rede-municipal-de-ensino\\\/#authorImage\",\"url\":\"https:\\\/\\\/secure.gravatar.com\\\/avatar\\\/c17a617433de8c1dc9584bb79aab7563b46f5bb7e1728c9b17d9cc3ce6a08e49?s=96&d=mm&r=g\",\"width\":96,\"height\":96,\"caption\":\"administrador\"}},{\"@type\":\"WebPage\",\"@id\":\"https:\\\/\\\/newsinfoco.com.br\\\/inicio\\\/capoeira-livros-e-ancestralidade-escritora-joana-carneiro-visita-alunos-da-rede-municipal-de-ensino\\\/#webpage\",\"url\":\"https:\\\/\\\/newsinfoco.com.br\\\/inicio\\\/capoeira-livros-e-ancestralidade-escritora-joana-carneiro-visita-alunos-da-rede-municipal-de-ensino\\\/\",\"name\":\"Capoeira, livros e ancestralidade: escritora Joana Carneiro visita alunos da Rede Municipal de Ensino - News In Foco - Editado por Caio Pimenta\",\"description\":\"Os estudantes da Escola Municipal Quilombola M\\u00e3e Ernestina, no Catuzinho, receberam, na tarde desta segunda-feira (4), a visita da escritora e capoeirista Joana Carneiro Vasconcelos, brasileira que vive em Mo\\u00e7ambique h\\u00e1 42 anos e atua com capoeira h\\u00e1 25. A iniciativa partiu da vereadora Juci Cardoso e teve o apoio integral da Secretaria Municipal de\",\"inLanguage\":\"pt-BR\",\"isPartOf\":{\"@id\":\"https:\\\/\\\/newsinfoco.com.br\\\/inicio\\\/#website\"},\"breadcrumb\":{\"@id\":\"https:\\\/\\\/newsinfoco.com.br\\\/inicio\\\/capoeira-livros-e-ancestralidade-escritora-joana-carneiro-visita-alunos-da-rede-municipal-de-ensino\\\/#breadcrumblist\"},\"author\":{\"@id\":\"https:\\\/\\\/newsinfoco.com.br\\\/inicio\\\/author\\\/administrador\\\/#author\"},\"creator\":{\"@id\":\"https:\\\/\\\/newsinfoco.com.br\\\/inicio\\\/author\\\/administrador\\\/#author\"},\"image\":{\"@type\":\"ImageObject\",\"url\":\"https:\\\/\\\/newsinfoco.com.br\\\/inicio\\\/wp-content\\\/uploads\\\/2025\\\/08\\\/WhatsApp-Image-2025-08-04-at-16.56.19-1.jpeg\",\"@id\":\"https:\\\/\\\/newsinfoco.com.br\\\/inicio\\\/capoeira-livros-e-ancestralidade-escritora-joana-carneiro-visita-alunos-da-rede-municipal-de-ensino\\\/#mainImage\",\"width\":1600,\"height\":1066},\"primaryImageOfPage\":{\"@id\":\"https:\\\/\\\/newsinfoco.com.br\\\/inicio\\\/capoeira-livros-e-ancestralidade-escritora-joana-carneiro-visita-alunos-da-rede-municipal-de-ensino\\\/#mainImage\"},\"datePublished\":\"2025-08-05T15:22:41-03:00\",\"dateModified\":\"2025-08-05T15:22:41-03:00\"},{\"@type\":\"WebSite\",\"@id\":\"https:\\\/\\\/newsinfoco.com.br\\\/inicio\\\/#website\",\"url\":\"https:\\\/\\\/newsinfoco.com.br\\\/inicio\\\/\",\"name\":\"News In Foco - Editado por Caio Pimenta\",\"description\":\"O principal site de noticias de Alagoinhas e regi\\u00e3o\",\"inLanguage\":\"pt-BR\",\"publisher\":{\"@id\":\"https:\\\/\\\/newsinfoco.com.br\\\/inicio\\\/#organization\"}}]}\n\t\t<\/script>\n\t\t<!-- All in One SEO -->\n\n","aioseo_head_json":{"title":"Capoeira, livros e ancestralidade: escritora Joana Carneiro visita alunos da Rede Municipal de Ensino - News In Foco - Editado por Caio Pimenta","description":"Os estudantes da Escola Municipal Quilombola M\u00e3e Ernestina, no Catuzinho, receberam, na tarde desta segunda-feira (4), a visita da escritora e capoeirista Joana Carneiro Vasconcelos, brasileira que vive em Mo\u00e7ambique h\u00e1 42 anos e atua com capoeira h\u00e1 25. A iniciativa partiu da vereadora Juci Cardoso e teve o apoio integral da Secretaria Municipal de","canonical_url":"https:\/\/newsinfoco.com.br\/inicio\/capoeira-livros-e-ancestralidade-escritora-joana-carneiro-visita-alunos-da-rede-municipal-de-ensino\/","robots":"max-image-preview:large","keywords":"","webmasterTools":{"miscellaneous":""},"schema":{"@context":"https:\/\/schema.org","@graph":[{"@type":"BlogPosting","@id":"https:\/\/newsinfoco.com.br\/inicio\/capoeira-livros-e-ancestralidade-escritora-joana-carneiro-visita-alunos-da-rede-municipal-de-ensino\/#blogposting","name":"Capoeira, livros e ancestralidade: escritora Joana Carneiro visita alunos da Rede Municipal de Ensino - News In Foco - Editado por Caio Pimenta","headline":"Capoeira, livros e ancestralidade: escritora Joana Carneiro visita alunos da Rede Municipal de Ensino","author":{"@id":"https:\/\/newsinfoco.com.br\/inicio\/author\/administrador\/#author"},"publisher":{"@id":"https:\/\/newsinfoco.com.br\/inicio\/#organization"},"image":{"@type":"ImageObject","url":"https:\/\/newsinfoco.com.br\/inicio\/wp-content\/uploads\/2025\/08\/WhatsApp-Image-2025-08-04-at-16.56.19-1.jpeg","width":1600,"height":1066},"datePublished":"2025-08-05T15:22:41-03:00","dateModified":"2025-08-05T15:22:41-03:00","inLanguage":"pt-BR","mainEntityOfPage":{"@id":"https:\/\/newsinfoco.com.br\/inicio\/capoeira-livros-e-ancestralidade-escritora-joana-carneiro-visita-alunos-da-rede-municipal-de-ensino\/#webpage"},"isPartOf":{"@id":"https:\/\/newsinfoco.com.br\/inicio\/capoeira-livros-e-ancestralidade-escritora-joana-carneiro-visita-alunos-da-rede-municipal-de-ensino\/#webpage"},"articleSection":"Alagoinhas e Regi\u00e3o, Manchete"},{"@type":"BreadcrumbList","@id":"https:\/\/newsinfoco.com.br\/inicio\/capoeira-livros-e-ancestralidade-escritora-joana-carneiro-visita-alunos-da-rede-municipal-de-ensino\/#breadcrumblist","itemListElement":[{"@type":"ListItem","@id":"https:\/\/newsinfoco.com.br\/inicio#listItem","position":1,"name":"In\u00edcio","item":"https:\/\/newsinfoco.com.br\/inicio","nextItem":{"@type":"ListItem","@id":"https:\/\/newsinfoco.com.br\/inicio\/category\/alagoinhas-e-regiao\/#listItem","name":"Alagoinhas e Regi\u00e3o"}},{"@type":"ListItem","@id":"https:\/\/newsinfoco.com.br\/inicio\/category\/alagoinhas-e-regiao\/#listItem","position":2,"name":"Alagoinhas e Regi\u00e3o","item":"https:\/\/newsinfoco.com.br\/inicio\/category\/alagoinhas-e-regiao\/","nextItem":{"@type":"ListItem","@id":"https:\/\/newsinfoco.com.br\/inicio\/capoeira-livros-e-ancestralidade-escritora-joana-carneiro-visita-alunos-da-rede-municipal-de-ensino\/#listItem","name":"Capoeira, livros e ancestralidade: escritora Joana Carneiro visita alunos da Rede Municipal de Ensino"},"previousItem":{"@type":"ListItem","@id":"https:\/\/newsinfoco.com.br\/inicio#listItem","name":"In\u00edcio"}},{"@type":"ListItem","@id":"https:\/\/newsinfoco.com.br\/inicio\/capoeira-livros-e-ancestralidade-escritora-joana-carneiro-visita-alunos-da-rede-municipal-de-ensino\/#listItem","position":3,"name":"Capoeira, livros e ancestralidade: escritora Joana Carneiro visita alunos da Rede Municipal de Ensino","previousItem":{"@type":"ListItem","@id":"https:\/\/newsinfoco.com.br\/inicio\/category\/alagoinhas-e-regiao\/#listItem","name":"Alagoinhas e Regi\u00e3o"}}]},{"@type":"Organization","@id":"https:\/\/newsinfoco.com.br\/inicio\/#organization","name":"News In Foco - Editado por Caio Pimenta","description":"O principal site de noticias de Alagoinhas e regi\u00e3o","url":"https:\/\/newsinfoco.com.br\/inicio\/"},{"@type":"Person","@id":"https:\/\/newsinfoco.com.br\/inicio\/author\/administrador\/#author","url":"https:\/\/newsinfoco.com.br\/inicio\/author\/administrador\/","name":"administrador","image":{"@type":"ImageObject","@id":"https:\/\/newsinfoco.com.br\/inicio\/capoeira-livros-e-ancestralidade-escritora-joana-carneiro-visita-alunos-da-rede-municipal-de-ensino\/#authorImage","url":"https:\/\/secure.gravatar.com\/avatar\/c17a617433de8c1dc9584bb79aab7563b46f5bb7e1728c9b17d9cc3ce6a08e49?s=96&d=mm&r=g","width":96,"height":96,"caption":"administrador"}},{"@type":"WebPage","@id":"https:\/\/newsinfoco.com.br\/inicio\/capoeira-livros-e-ancestralidade-escritora-joana-carneiro-visita-alunos-da-rede-municipal-de-ensino\/#webpage","url":"https:\/\/newsinfoco.com.br\/inicio\/capoeira-livros-e-ancestralidade-escritora-joana-carneiro-visita-alunos-da-rede-municipal-de-ensino\/","name":"Capoeira, livros e ancestralidade: escritora Joana Carneiro visita alunos da Rede Municipal de Ensino - News In Foco - Editado por Caio Pimenta","description":"Os estudantes da Escola Municipal Quilombola M\u00e3e Ernestina, no Catuzinho, receberam, na tarde desta segunda-feira (4), a visita da escritora e capoeirista Joana Carneiro Vasconcelos, brasileira que vive em Mo\u00e7ambique h\u00e1 42 anos e atua com capoeira h\u00e1 25. A iniciativa partiu da vereadora Juci Cardoso e teve o apoio integral da Secretaria Municipal de","inLanguage":"pt-BR","isPartOf":{"@id":"https:\/\/newsinfoco.com.br\/inicio\/#website"},"breadcrumb":{"@id":"https:\/\/newsinfoco.com.br\/inicio\/capoeira-livros-e-ancestralidade-escritora-joana-carneiro-visita-alunos-da-rede-municipal-de-ensino\/#breadcrumblist"},"author":{"@id":"https:\/\/newsinfoco.com.br\/inicio\/author\/administrador\/#author"},"creator":{"@id":"https:\/\/newsinfoco.com.br\/inicio\/author\/administrador\/#author"},"image":{"@type":"ImageObject","url":"https:\/\/newsinfoco.com.br\/inicio\/wp-content\/uploads\/2025\/08\/WhatsApp-Image-2025-08-04-at-16.56.19-1.jpeg","@id":"https:\/\/newsinfoco.com.br\/inicio\/capoeira-livros-e-ancestralidade-escritora-joana-carneiro-visita-alunos-da-rede-municipal-de-ensino\/#mainImage","width":1600,"height":1066},"primaryImageOfPage":{"@id":"https:\/\/newsinfoco.com.br\/inicio\/capoeira-livros-e-ancestralidade-escritora-joana-carneiro-visita-alunos-da-rede-municipal-de-ensino\/#mainImage"},"datePublished":"2025-08-05T15:22:41-03:00","dateModified":"2025-08-05T15:22:41-03:00"},{"@type":"WebSite","@id":"https:\/\/newsinfoco.com.br\/inicio\/#website","url":"https:\/\/newsinfoco.com.br\/inicio\/","name":"News In Foco - Editado por Caio Pimenta","description":"O principal site de noticias de Alagoinhas e regi\u00e3o","inLanguage":"pt-BR","publisher":{"@id":"https:\/\/newsinfoco.com.br\/inicio\/#organization"}}]},"og:locale":"pt_BR","og:site_name":"News In Foco - Editado por Caio Pimenta - O principal site de noticias de Alagoinhas e regi\u00e3o","og:type":"article","og:title":"Capoeira, livros e ancestralidade: escritora Joana Carneiro visita alunos da Rede Municipal de Ensino - News In Foco - Editado por Caio Pimenta","og:description":"Os estudantes da Escola Municipal Quilombola M\u00e3e Ernestina, no Catuzinho, receberam, na tarde desta segunda-feira (4), a visita da escritora e capoeirista Joana Carneiro Vasconcelos, brasileira que vive em Mo\u00e7ambique h\u00e1 42 anos e atua com capoeira h\u00e1 25. A iniciativa partiu da vereadora Juci Cardoso e teve o apoio integral da Secretaria Municipal de","og:url":"https:\/\/newsinfoco.com.br\/inicio\/capoeira-livros-e-ancestralidade-escritora-joana-carneiro-visita-alunos-da-rede-municipal-de-ensino\/","article:published_time":"2025-08-05T18:22:41+00:00","article:modified_time":"2025-08-05T18:22:41+00:00","twitter:card":"summary_large_image","twitter:title":"Capoeira, livros e ancestralidade: escritora Joana Carneiro visita alunos da Rede Municipal de Ensino - News In Foco - Editado por Caio Pimenta","twitter:description":"Os estudantes da Escola Municipal Quilombola M\u00e3e Ernestina, no Catuzinho, receberam, na tarde desta segunda-feira (4), a visita da escritora e capoeirista Joana Carneiro Vasconcelos, brasileira que vive em Mo\u00e7ambique h\u00e1 42 anos e atua com capoeira h\u00e1 25. A iniciativa partiu da vereadora Juci Cardoso e teve o apoio integral da Secretaria Municipal de"},"aioseo_meta_data":{"post_id":"43952","title":null,"description":null,"keywords":null,"keyphrases":{"focus":{"keyphrase":"","score":0,"analysis":{"keyphraseInTitle":{"score":0,"maxScore":9,"error":1}}},"additional":[]},"primary_term":null,"canonical_url":null,"og_title":null,"og_description":null,"og_object_type":"default","og_image_type":"default","og_image_url":null,"og_image_width":null,"og_image_height":null,"og_image_custom_url":null,"og_image_custom_fields":null,"og_video":"","og_custom_url":null,"og_article_section":null,"og_article_tags":null,"twitter_use_og":false,"twitter_card":"default","twitter_image_type":"default","twitter_image_url":null,"twitter_image_custom_url":null,"twitter_image_custom_fields":null,"twitter_title":null,"twitter_description":null,"schema":{"blockGraphs":[],"customGraphs":[],"default":{"data":{"Article":[],"Course":[],"Dataset":[],"FAQPage":[],"Movie":[],"Person":[],"Product":[],"ProductReview":[],"Car":[],"Recipe":[],"Service":[],"SoftwareApplication":[],"WebPage":[]},"graphName":"BlogPosting","isEnabled":true},"graphs":[]},"schema_type":"default","schema_type_options":null,"pillar_content":false,"robots_default":true,"robots_noindex":false,"robots_noarchive":false,"robots_nosnippet":false,"robots_nofollow":false,"robots_noimageindex":false,"robots_noodp":false,"robots_notranslate":false,"robots_max_snippet":"-1","robots_max_videopreview":"-1","robots_max_imagepreview":"large","priority":null,"frequency":"default","local_seo":null,"breadcrumb_settings":null,"limit_modified_date":false,"ai":{"faqs":[],"keyPoints":[],"titles":[],"descriptions":[],"socialPosts":{"email":[],"linkedin":[],"twitter":[],"facebook":[],"instagram":[]}},"created":"2025-08-05 18:22:41","updated":"2025-08-05 18:35:55","seo_analyzer_scan_date":null},"aioseo_breadcrumb":"<div class=\"aioseo-breadcrumbs\"><span class=\"aioseo-breadcrumb\">\n\t\t\t<a href=\"https:\/\/newsinfoco.com.br\/inicio\" title=\"In\u00edcio\">In\u00edcio<\/a>\n\t\t<\/span><span class=\"aioseo-breadcrumb-separator\">&raquo;<\/span><span class=\"aioseo-breadcrumb\">\n\t\t\t<a href=\"https:\/\/newsinfoco.com.br\/inicio\/category\/alagoinhas-e-regiao\/\" title=\"Alagoinhas e Regi\u00e3o\">Alagoinhas e Regi\u00e3o<\/a>\n\t\t<\/span><span class=\"aioseo-breadcrumb-separator\">&raquo;<\/span><span class=\"aioseo-breadcrumb\">\n\t\t\tCapoeira, livros e ancestralidade: escritora Joana Carneiro visita alunos da Rede Municipal de Ensino\n\t\t<\/span><\/div>","aioseo_breadcrumb_json":[{"label":"In\u00edcio","link":"https:\/\/newsinfoco.com.br\/inicio"},{"label":"Alagoinhas e Regi\u00e3o","link":"https:\/\/newsinfoco.com.br\/inicio\/category\/alagoinhas-e-regiao\/"},{"label":"Capoeira, livros e ancestralidade: escritora Joana Carneiro visita alunos da Rede Municipal de Ensino","link":"https:\/\/newsinfoco.com.br\/inicio\/capoeira-livros-e-ancestralidade-escritora-joana-carneiro-visita-alunos-da-rede-municipal-de-ensino\/"}],"_links":{"self":[{"href":"https:\/\/newsinfoco.com.br\/inicio\/wp-json\/wp\/v2\/posts\/43952","targetHints":{"allow":["GET"]}}],"collection":[{"href":"https:\/\/newsinfoco.com.br\/inicio\/wp-json\/wp\/v2\/posts"}],"about":[{"href":"https:\/\/newsinfoco.com.br\/inicio\/wp-json\/wp\/v2\/types\/post"}],"author":[{"embeddable":true,"href":"https:\/\/newsinfoco.com.br\/inicio\/wp-json\/wp\/v2\/users\/1"}],"replies":[{"embeddable":true,"href":"https:\/\/newsinfoco.com.br\/inicio\/wp-json\/wp\/v2\/comments?post=43952"}],"version-history":[{"count":1,"href":"https:\/\/newsinfoco.com.br\/inicio\/wp-json\/wp\/v2\/posts\/43952\/revisions"}],"predecessor-version":[{"id":43954,"href":"https:\/\/newsinfoco.com.br\/inicio\/wp-json\/wp\/v2\/posts\/43952\/revisions\/43954"}],"wp:featuredmedia":[{"embeddable":true,"href":"https:\/\/newsinfoco.com.br\/inicio\/wp-json\/wp\/v2\/media\/43953"}],"wp:attachment":[{"href":"https:\/\/newsinfoco.com.br\/inicio\/wp-json\/wp\/v2\/media?parent=43952"}],"wp:term":[{"taxonomy":"category","embeddable":true,"href":"https:\/\/newsinfoco.com.br\/inicio\/wp-json\/wp\/v2\/categories?post=43952"},{"taxonomy":"post_tag","embeddable":true,"href":"https:\/\/newsinfoco.com.br\/inicio\/wp-json\/wp\/v2\/tags?post=43952"}],"curies":[{"name":"wp","href":"https:\/\/api.w.org\/{rel}","templated":true}]}}