{"id":43955,"date":"2025-08-05T15:31:30","date_gmt":"2025-08-05T18:31:30","guid":{"rendered":"https:\/\/newsinfoco.com.br\/inicio\/?p=43955"},"modified":"2025-08-05T15:54:59","modified_gmt":"2025-08-05T18:54:59","slug":"governo-deve-lancar-programa-com-gas-de-graca-para-17-milhoes-de-familias-nesta-terca","status":"publish","type":"post","link":"https:\/\/newsinfoco.com.br\/inicio\/governo-deve-lancar-programa-com-gas-de-graca-para-17-milhoes-de-familias-nesta-terca\/","title":{"rendered":"Governo deve lan\u00e7ar programa com g\u00e1s de gra\u00e7a para 17 milh\u00f5es de fam\u00edlias nesta ter\u00e7a"},"content":{"rendered":"<p>O governo Federal deve lan\u00e7ar nesta ter\u00e7a-feira (5) o programa G\u00e1s para Todos, substituto do descontinuado Aux\u00edlio G\u00e1s, que promover\u00e1 o pagamento de um botij\u00e3o de 13 kg para fam\u00edlias que recebem at\u00e9 meio sal\u00e1rio-m\u00ednimo por m\u00eas. Ao todo, 17 milh\u00f5es de lares podem ser beneficiados com a medida.<\/p>\n<p>Segundo mat\u00e9ria do portal UOL, a proje\u00e7\u00e3o do governo \u00e9 atingir este n\u00famero de beneficiados at\u00e9 dezembro de 2027. Ser\u00e3o pagos seis botij\u00f5es ao ano para fam\u00edlias de tr\u00eas ou mais pessoas, ou quatro botij\u00f5es ao ano para fam\u00edlias de duas pessoas.<\/p>\n<div>\n<div>\n<div class=\"trv-player-container\">\n<div class=\"trv-wrapper\">\n<div id=\"br_video_player_07456f532430fa8ae7fd63adf91da79dc3c659f9\" class=\"trvd_video_player trvdinstream\">\n<div class=\"media-player\">\n<div class=\"trv-video\">\n<div id=\"truvid_ima_container97613\" class=\"truvid_ima_container\">\n<div>\n<div>\n<div>\n<div>\n<div class=\"trv-player-container\">\n<div class=\"trv-wrapper\">\n<div id=\"br_video_player_07456f532430fa8ae7fd63adf91da79dc3c659f9\" class=\"trvd_video_player trvdinstream\">\n<div class=\"media-player\">\n<div class=\"trv-video\">\n<div id=\"truvid_ima_container97613\" class=\"truvid_ima_container\">\n<div>\n<div>\n<div class=\"conteudo_post\">\n<p>Atualmente, o benef\u00edcio \u00e9 depositado com um adicional ao Bolsa Fam\u00edlia, no valor de R$ 108 (m\u00e9dia do pre\u00e7o do botij\u00e3o no pa\u00eds). Ter\u00e3o acesso a este benef\u00edcio apenas as fam\u00edlias que recebem at\u00e9 meio sal\u00e1rio-m\u00ednimo por m\u00eas (R$ 759). Al\u00e9m disso, \u00e9 necess\u00e1rio estar inscrito no Cad\u00danico (Cadastro \u00danico de Benef\u00edcios Sociais do governo).<\/p>\n<p>Os botij\u00f5es ser\u00e3o entregues sempre por meio de revendas cadastradas no programa. Esta \u00e9 a principal diferen\u00e7a entre o novo programa e o sistema atualmente em vigor, onde a pessoa recebe o dinheiro para comprar o g\u00e1s. Agora, o governo depositar\u00e1 o dinheiro diretamente ao revendedor.<\/p>\n<\/div>\n<div id=\"div-share\">Bahia.Ba<\/div>\n<\/div>\n<\/div>\n<\/div>\n<\/div>\n<\/div>\n<\/div>\n<\/div>\n<\/div>\n<\/div>\n<\/div>\n<\/div>\n<\/div>\n<\/div>\n<\/div>\n<\/div>\n<\/div>\n<\/div>\n<\/div>\n<\/div>\n<\/div>\n<div class='share-to-whatsapp-wrapper'><div class='share-on-whsp'>Share on: <\/div><a data-text='Governo deve lan\u00e7ar programa com g\u00e1s de gra\u00e7a para 17 milh\u00f5es de fam\u00edlias nesta ter\u00e7a' data-link='https:\/\/newsinfoco.com.br\/inicio\/governo-deve-lancar-programa-com-gas-de-graca-para-17-milhoes-de-familias-nesta-terca\/' class='whatsapp-button whatsapp-share'>WhatsApp<\/a><div class='clear '><\/div><\/div>","protected":false},"excerpt":{"rendered":"<p>O governo Federal deve lan\u00e7ar nesta ter\u00e7a-feira (5) o programa G\u00e1s para Todos, substituto do descontinuado Aux\u00edlio G\u00e1s, que promover\u00e1 o pagamento de um botij\u00e3o de 13 kg para fam\u00edlias que recebem at\u00e9 meio sal\u00e1rio-m\u00ednimo por m\u00eas. Ao todo, 17 milh\u00f5es de lares podem ser beneficiados com a medida. Segundo mat\u00e9ria do portal UOL, a [&hellip;]<\/p>\n","protected":false},"author":1,"featured_media":43956,"comment_status":"closed","ping_status":"closed","sticky":false,"template":"","format":"standard","meta":{"om_disable_all_campaigns":false,"rop_custom_images_group":[],"rop_custom_messages_group":[],"rop_publish_now":"initial","rop_publish_now_accounts":[],"rop_publish_now_history":[],"rop_publish_now_status":"pending","_exactmetrics_skip_tracking":false,"footnotes":""},"categories":[21],"tags":[],"class_list":["post-43955","post","type-post","status-publish","format-standard","has-post-thumbnail","hentry","category-brasil"],"aioseo_notices":[],"aioseo_head":"\n\t\t<!-- All in One SEO 4.9.10 - aioseo.com -->\n\t<meta name=\"description\" content=\"O governo Federal deve lan\u00e7ar nesta ter\u00e7a-feira (5) o programa G\u00e1s para Todos, substituto do descontinuado Aux\u00edlio G\u00e1s, que promover\u00e1 o pagamento de um botij\u00e3o de 13 kg para fam\u00edlias que recebem at\u00e9 meio sal\u00e1rio-m\u00ednimo por m\u00eas. Ao todo, 17 milh\u00f5es de lares podem ser beneficiados com a medida. Segundo mat\u00e9ria do portal UOL, a\" \/>\n\t<meta name=\"robots\" content=\"max-image-preview:large\" \/>\n\t<meta name=\"author\" content=\"administrador\"\/>\n\t<link rel=\"canonical\" href=\"https:\/\/newsinfoco.com.br\/inicio\/governo-deve-lancar-programa-com-gas-de-graca-para-17-milhoes-de-familias-nesta-terca\/\" \/>\n\t<meta name=\"generator\" content=\"All in One SEO (AIOSEO) 4.9.10\" \/>\n\t\t<meta property=\"og:locale\" content=\"pt_BR\" \/>\n\t\t<meta property=\"og:site_name\" content=\"News In Foco - Editado por Caio Pimenta - O principal site de noticias de Alagoinhas e regi\u00e3o\" \/>\n\t\t<meta property=\"og:type\" content=\"article\" \/>\n\t\t<meta property=\"og:title\" content=\"Governo deve lan\u00e7ar programa com g\u00e1s de gra\u00e7a para 17 milh\u00f5es de fam\u00edlias nesta ter\u00e7a - News In Foco - Editado por Caio Pimenta\" \/>\n\t\t<meta property=\"og:description\" content=\"O governo Federal deve lan\u00e7ar nesta ter\u00e7a-feira (5) o programa G\u00e1s para Todos, substituto do descontinuado Aux\u00edlio G\u00e1s, que promover\u00e1 o pagamento de um botij\u00e3o de 13 kg para fam\u00edlias que recebem at\u00e9 meio sal\u00e1rio-m\u00ednimo por m\u00eas. Ao todo, 17 milh\u00f5es de lares podem ser beneficiados com a medida. Segundo mat\u00e9ria do portal UOL, a\" \/>\n\t\t<meta property=\"og:url\" content=\"https:\/\/newsinfoco.com.br\/inicio\/governo-deve-lancar-programa-com-gas-de-graca-para-17-milhoes-de-familias-nesta-terca\/\" \/>\n\t\t<meta property=\"article:published_time\" content=\"2025-08-05T18:31:30+00:00\" \/>\n\t\t<meta property=\"article:modified_time\" content=\"2025-08-05T18:54:59+00:00\" \/>\n\t\t<meta name=\"twitter:card\" content=\"summary_large_image\" \/>\n\t\t<meta name=\"twitter:title\" content=\"Governo deve lan\u00e7ar programa com g\u00e1s de gra\u00e7a para 17 milh\u00f5es de fam\u00edlias nesta ter\u00e7a - News In Foco - Editado por Caio Pimenta\" \/>\n\t\t<meta name=\"twitter:description\" content=\"O governo Federal deve lan\u00e7ar nesta ter\u00e7a-feira (5) o programa G\u00e1s para Todos, substituto do descontinuado Aux\u00edlio G\u00e1s, que promover\u00e1 o pagamento de um botij\u00e3o de 13 kg para fam\u00edlias que recebem at\u00e9 meio sal\u00e1rio-m\u00ednimo por m\u00eas. Ao todo, 17 milh\u00f5es de lares podem ser beneficiados com a medida. Segundo mat\u00e9ria do portal UOL, a\" \/>\n\t\t<script type=\"application\/ld+json\" class=\"aioseo-schema\">\n\t\t\t{\"@context\":\"https:\\\/\\\/schema.org\",\"@graph\":[{\"@type\":\"BlogPosting\",\"@id\":\"https:\\\/\\\/newsinfoco.com.br\\\/inicio\\\/governo-deve-lancar-programa-com-gas-de-graca-para-17-milhoes-de-familias-nesta-terca\\\/#blogposting\",\"name\":\"Governo deve lan\\u00e7ar programa com g\\u00e1s de gra\\u00e7a para 17 milh\\u00f5es de fam\\u00edlias nesta ter\\u00e7a - News In Foco - Editado por Caio Pimenta\",\"headline\":\"Governo deve lan\\u00e7ar programa com g\\u00e1s de gra\\u00e7a para 17 milh\\u00f5es de fam\\u00edlias nesta ter\\u00e7a\",\"author\":{\"@id\":\"https:\\\/\\\/newsinfoco.com.br\\\/inicio\\\/author\\\/administrador\\\/#author\"},\"publisher\":{\"@id\":\"https:\\\/\\\/newsinfoco.com.br\\\/inicio\\\/#organization\"},\"image\":{\"@type\":\"ImageObject\",\"url\":\"https:\\\/\\\/newsinfoco.com.br\\\/inicio\\\/wp-content\\\/uploads\\\/2025\\\/08\\\/gas-de-cozinha_agencia_brasilia1.jpg\",\"width\":600,\"height\":420,\"caption\":\"CREATOR: gd-jpeg v1.0 (using IJG JPEG v80), quality = 90\"},\"datePublished\":\"2025-08-05T15:31:30-03:00\",\"dateModified\":\"2025-08-05T15:54:59-03:00\",\"inLanguage\":\"pt-BR\",\"mainEntityOfPage\":{\"@id\":\"https:\\\/\\\/newsinfoco.com.br\\\/inicio\\\/governo-deve-lancar-programa-com-gas-de-graca-para-17-milhoes-de-familias-nesta-terca\\\/#webpage\"},\"isPartOf\":{\"@id\":\"https:\\\/\\\/newsinfoco.com.br\\\/inicio\\\/governo-deve-lancar-programa-com-gas-de-graca-para-17-milhoes-de-familias-nesta-terca\\\/#webpage\"},\"articleSection\":\"Brasil\"},{\"@type\":\"BreadcrumbList\",\"@id\":\"https:\\\/\\\/newsinfoco.com.br\\\/inicio\\\/governo-deve-lancar-programa-com-gas-de-graca-para-17-milhoes-de-familias-nesta-terca\\\/#breadcrumblist\",\"itemListElement\":[{\"@type\":\"ListItem\",\"@id\":\"https:\\\/\\\/newsinfoco.com.br\\\/inicio#listItem\",\"position\":1,\"name\":\"In\\u00edcio\",\"item\":\"https:\\\/\\\/newsinfoco.com.br\\\/inicio\",\"nextItem\":{\"@type\":\"ListItem\",\"@id\":\"https:\\\/\\\/newsinfoco.com.br\\\/inicio\\\/category\\\/brasil\\\/#listItem\",\"name\":\"Brasil\"}},{\"@type\":\"ListItem\",\"@id\":\"https:\\\/\\\/newsinfoco.com.br\\\/inicio\\\/category\\\/brasil\\\/#listItem\",\"position\":2,\"name\":\"Brasil\",\"item\":\"https:\\\/\\\/newsinfoco.com.br\\\/inicio\\\/category\\\/brasil\\\/\",\"nextItem\":{\"@type\":\"ListItem\",\"@id\":\"https:\\\/\\\/newsinfoco.com.br\\\/inicio\\\/governo-deve-lancar-programa-com-gas-de-graca-para-17-milhoes-de-familias-nesta-terca\\\/#listItem\",\"name\":\"Governo deve lan\\u00e7ar programa com g\\u00e1s de gra\\u00e7a para 17 milh\\u00f5es de fam\\u00edlias nesta ter\\u00e7a\"},\"previousItem\":{\"@type\":\"ListItem\",\"@id\":\"https:\\\/\\\/newsinfoco.com.br\\\/inicio#listItem\",\"name\":\"In\\u00edcio\"}},{\"@type\":\"ListItem\",\"@id\":\"https:\\\/\\\/newsinfoco.com.br\\\/inicio\\\/governo-deve-lancar-programa-com-gas-de-graca-para-17-milhoes-de-familias-nesta-terca\\\/#listItem\",\"position\":3,\"name\":\"Governo deve lan\\u00e7ar programa com g\\u00e1s de gra\\u00e7a para 17 milh\\u00f5es de fam\\u00edlias nesta ter\\u00e7a\",\"previousItem\":{\"@type\":\"ListItem\",\"@id\":\"https:\\\/\\\/newsinfoco.com.br\\\/inicio\\\/category\\\/brasil\\\/#listItem\",\"name\":\"Brasil\"}}]},{\"@type\":\"Organization\",\"@id\":\"https:\\\/\\\/newsinfoco.com.br\\\/inicio\\\/#organization\",\"name\":\"News In Foco - Editado por Caio Pimenta\",\"description\":\"O principal site de noticias de Alagoinhas e regi\\u00e3o\",\"url\":\"https:\\\/\\\/newsinfoco.com.br\\\/inicio\\\/\"},{\"@type\":\"Person\",\"@id\":\"https:\\\/\\\/newsinfoco.com.br\\\/inicio\\\/author\\\/administrador\\\/#author\",\"url\":\"https:\\\/\\\/newsinfoco.com.br\\\/inicio\\\/author\\\/administrador\\\/\",\"name\":\"administrador\",\"image\":{\"@type\":\"ImageObject\",\"@id\":\"https:\\\/\\\/newsinfoco.com.br\\\/inicio\\\/governo-deve-lancar-programa-com-gas-de-graca-para-17-milhoes-de-familias-nesta-terca\\\/#authorImage\",\"url\":\"https:\\\/\\\/secure.gravatar.com\\\/avatar\\\/c17a617433de8c1dc9584bb79aab7563b46f5bb7e1728c9b17d9cc3ce6a08e49?s=96&d=mm&r=g\",\"width\":96,\"height\":96,\"caption\":\"administrador\"}},{\"@type\":\"WebPage\",\"@id\":\"https:\\\/\\\/newsinfoco.com.br\\\/inicio\\\/governo-deve-lancar-programa-com-gas-de-graca-para-17-milhoes-de-familias-nesta-terca\\\/#webpage\",\"url\":\"https:\\\/\\\/newsinfoco.com.br\\\/inicio\\\/governo-deve-lancar-programa-com-gas-de-graca-para-17-milhoes-de-familias-nesta-terca\\\/\",\"name\":\"Governo deve lan\\u00e7ar programa com g\\u00e1s de gra\\u00e7a para 17 milh\\u00f5es de fam\\u00edlias nesta ter\\u00e7a - News In Foco - Editado por Caio Pimenta\",\"description\":\"O governo Federal deve lan\\u00e7ar nesta ter\\u00e7a-feira (5) o programa G\\u00e1s para Todos, substituto do descontinuado Aux\\u00edlio G\\u00e1s, que promover\\u00e1 o pagamento de um botij\\u00e3o de 13 kg para fam\\u00edlias que recebem at\\u00e9 meio sal\\u00e1rio-m\\u00ednimo por m\\u00eas. Ao todo, 17 milh\\u00f5es de lares podem ser beneficiados com a medida. Segundo mat\\u00e9ria do portal UOL, a\",\"inLanguage\":\"pt-BR\",\"isPartOf\":{\"@id\":\"https:\\\/\\\/newsinfoco.com.br\\\/inicio\\\/#website\"},\"breadcrumb\":{\"@id\":\"https:\\\/\\\/newsinfoco.com.br\\\/inicio\\\/governo-deve-lancar-programa-com-gas-de-graca-para-17-milhoes-de-familias-nesta-terca\\\/#breadcrumblist\"},\"author\":{\"@id\":\"https:\\\/\\\/newsinfoco.com.br\\\/inicio\\\/author\\\/administrador\\\/#author\"},\"creator\":{\"@id\":\"https:\\\/\\\/newsinfoco.com.br\\\/inicio\\\/author\\\/administrador\\\/#author\"},\"image\":{\"@type\":\"ImageObject\",\"url\":\"https:\\\/\\\/newsinfoco.com.br\\\/inicio\\\/wp-content\\\/uploads\\\/2025\\\/08\\\/gas-de-cozinha_agencia_brasilia1.jpg\",\"@id\":\"https:\\\/\\\/newsinfoco.com.br\\\/inicio\\\/governo-deve-lancar-programa-com-gas-de-graca-para-17-milhoes-de-familias-nesta-terca\\\/#mainImage\",\"width\":600,\"height\":420,\"caption\":\"CREATOR: gd-jpeg v1.0 (using IJG JPEG v80), quality = 90\"},\"primaryImageOfPage\":{\"@id\":\"https:\\\/\\\/newsinfoco.com.br\\\/inicio\\\/governo-deve-lancar-programa-com-gas-de-graca-para-17-milhoes-de-familias-nesta-terca\\\/#mainImage\"},\"datePublished\":\"2025-08-05T15:31:30-03:00\",\"dateModified\":\"2025-08-05T15:54:59-03:00\"},{\"@type\":\"WebSite\",\"@id\":\"https:\\\/\\\/newsinfoco.com.br\\\/inicio\\\/#website\",\"url\":\"https:\\\/\\\/newsinfoco.com.br\\\/inicio\\\/\",\"name\":\"News In Foco - Editado por Caio Pimenta\",\"description\":\"O principal site de noticias de Alagoinhas e regi\\u00e3o\",\"inLanguage\":\"pt-BR\",\"publisher\":{\"@id\":\"https:\\\/\\\/newsinfoco.com.br\\\/inicio\\\/#organization\"}}]}\n\t\t<\/script>\n\t\t<!-- All in One SEO -->\n\n","aioseo_head_json":{"title":"Governo deve lan\u00e7ar programa com g\u00e1s de gra\u00e7a para 17 milh\u00f5es de fam\u00edlias nesta ter\u00e7a - News In Foco - Editado por Caio Pimenta","description":"O governo Federal deve lan\u00e7ar nesta ter\u00e7a-feira (5) o programa G\u00e1s para Todos, substituto do descontinuado Aux\u00edlio G\u00e1s, que promover\u00e1 o pagamento de um botij\u00e3o de 13 kg para fam\u00edlias que recebem at\u00e9 meio sal\u00e1rio-m\u00ednimo por m\u00eas. Ao todo, 17 milh\u00f5es de lares podem ser beneficiados com a medida. Segundo mat\u00e9ria do portal UOL, a","canonical_url":"https:\/\/newsinfoco.com.br\/inicio\/governo-deve-lancar-programa-com-gas-de-graca-para-17-milhoes-de-familias-nesta-terca\/","robots":"max-image-preview:large","keywords":"","webmasterTools":{"miscellaneous":""},"schema":{"@context":"https:\/\/schema.org","@graph":[{"@type":"BlogPosting","@id":"https:\/\/newsinfoco.com.br\/inicio\/governo-deve-lancar-programa-com-gas-de-graca-para-17-milhoes-de-familias-nesta-terca\/#blogposting","name":"Governo deve lan\u00e7ar programa com g\u00e1s de gra\u00e7a para 17 milh\u00f5es de fam\u00edlias nesta ter\u00e7a - News In Foco - Editado por Caio Pimenta","headline":"Governo deve lan\u00e7ar programa com g\u00e1s de gra\u00e7a para 17 milh\u00f5es de fam\u00edlias nesta ter\u00e7a","author":{"@id":"https:\/\/newsinfoco.com.br\/inicio\/author\/administrador\/#author"},"publisher":{"@id":"https:\/\/newsinfoco.com.br\/inicio\/#organization"},"image":{"@type":"ImageObject","url":"https:\/\/newsinfoco.com.br\/inicio\/wp-content\/uploads\/2025\/08\/gas-de-cozinha_agencia_brasilia1.jpg","width":600,"height":420,"caption":"CREATOR: gd-jpeg v1.0 (using IJG JPEG v80), quality = 90"},"datePublished":"2025-08-05T15:31:30-03:00","dateModified":"2025-08-05T15:54:59-03:00","inLanguage":"pt-BR","mainEntityOfPage":{"@id":"https:\/\/newsinfoco.com.br\/inicio\/governo-deve-lancar-programa-com-gas-de-graca-para-17-milhoes-de-familias-nesta-terca\/#webpage"},"isPartOf":{"@id":"https:\/\/newsinfoco.com.br\/inicio\/governo-deve-lancar-programa-com-gas-de-graca-para-17-milhoes-de-familias-nesta-terca\/#webpage"},"articleSection":"Brasil"},{"@type":"BreadcrumbList","@id":"https:\/\/newsinfoco.com.br\/inicio\/governo-deve-lancar-programa-com-gas-de-graca-para-17-milhoes-de-familias-nesta-terca\/#breadcrumblist","itemListElement":[{"@type":"ListItem","@id":"https:\/\/newsinfoco.com.br\/inicio#listItem","position":1,"name":"In\u00edcio","item":"https:\/\/newsinfoco.com.br\/inicio","nextItem":{"@type":"ListItem","@id":"https:\/\/newsinfoco.com.br\/inicio\/category\/brasil\/#listItem","name":"Brasil"}},{"@type":"ListItem","@id":"https:\/\/newsinfoco.com.br\/inicio\/category\/brasil\/#listItem","position":2,"name":"Brasil","item":"https:\/\/newsinfoco.com.br\/inicio\/category\/brasil\/","nextItem":{"@type":"ListItem","@id":"https:\/\/newsinfoco.com.br\/inicio\/governo-deve-lancar-programa-com-gas-de-graca-para-17-milhoes-de-familias-nesta-terca\/#listItem","name":"Governo deve lan\u00e7ar programa com g\u00e1s de gra\u00e7a para 17 milh\u00f5es de fam\u00edlias nesta ter\u00e7a"},"previousItem":{"@type":"ListItem","@id":"https:\/\/newsinfoco.com.br\/inicio#listItem","name":"In\u00edcio"}},{"@type":"ListItem","@id":"https:\/\/newsinfoco.com.br\/inicio\/governo-deve-lancar-programa-com-gas-de-graca-para-17-milhoes-de-familias-nesta-terca\/#listItem","position":3,"name":"Governo deve lan\u00e7ar programa com g\u00e1s de gra\u00e7a para 17 milh\u00f5es de fam\u00edlias nesta ter\u00e7a","previousItem":{"@type":"ListItem","@id":"https:\/\/newsinfoco.com.br\/inicio\/category\/brasil\/#listItem","name":"Brasil"}}]},{"@type":"Organization","@id":"https:\/\/newsinfoco.com.br\/inicio\/#organization","name":"News In Foco - Editado por Caio Pimenta","description":"O principal site de noticias de Alagoinhas e regi\u00e3o","url":"https:\/\/newsinfoco.com.br\/inicio\/"},{"@type":"Person","@id":"https:\/\/newsinfoco.com.br\/inicio\/author\/administrador\/#author","url":"https:\/\/newsinfoco.com.br\/inicio\/author\/administrador\/","name":"administrador","image":{"@type":"ImageObject","@id":"https:\/\/newsinfoco.com.br\/inicio\/governo-deve-lancar-programa-com-gas-de-graca-para-17-milhoes-de-familias-nesta-terca\/#authorImage","url":"https:\/\/secure.gravatar.com\/avatar\/c17a617433de8c1dc9584bb79aab7563b46f5bb7e1728c9b17d9cc3ce6a08e49?s=96&d=mm&r=g","width":96,"height":96,"caption":"administrador"}},{"@type":"WebPage","@id":"https:\/\/newsinfoco.com.br\/inicio\/governo-deve-lancar-programa-com-gas-de-graca-para-17-milhoes-de-familias-nesta-terca\/#webpage","url":"https:\/\/newsinfoco.com.br\/inicio\/governo-deve-lancar-programa-com-gas-de-graca-para-17-milhoes-de-familias-nesta-terca\/","name":"Governo deve lan\u00e7ar programa com g\u00e1s de gra\u00e7a para 17 milh\u00f5es de fam\u00edlias nesta ter\u00e7a - News In Foco - Editado por Caio Pimenta","description":"O governo Federal deve lan\u00e7ar nesta ter\u00e7a-feira (5) o programa G\u00e1s para Todos, substituto do descontinuado Aux\u00edlio G\u00e1s, que promover\u00e1 o pagamento de um botij\u00e3o de 13 kg para fam\u00edlias que recebem at\u00e9 meio sal\u00e1rio-m\u00ednimo por m\u00eas. Ao todo, 17 milh\u00f5es de lares podem ser beneficiados com a medida. Segundo mat\u00e9ria do portal UOL, a","inLanguage":"pt-BR","isPartOf":{"@id":"https:\/\/newsinfoco.com.br\/inicio\/#website"},"breadcrumb":{"@id":"https:\/\/newsinfoco.com.br\/inicio\/governo-deve-lancar-programa-com-gas-de-graca-para-17-milhoes-de-familias-nesta-terca\/#breadcrumblist"},"author":{"@id":"https:\/\/newsinfoco.com.br\/inicio\/author\/administrador\/#author"},"creator":{"@id":"https:\/\/newsinfoco.com.br\/inicio\/author\/administrador\/#author"},"image":{"@type":"ImageObject","url":"https:\/\/newsinfoco.com.br\/inicio\/wp-content\/uploads\/2025\/08\/gas-de-cozinha_agencia_brasilia1.jpg","@id":"https:\/\/newsinfoco.com.br\/inicio\/governo-deve-lancar-programa-com-gas-de-graca-para-17-milhoes-de-familias-nesta-terca\/#mainImage","width":600,"height":420,"caption":"CREATOR: gd-jpeg v1.0 (using IJG JPEG v80), quality = 90"},"primaryImageOfPage":{"@id":"https:\/\/newsinfoco.com.br\/inicio\/governo-deve-lancar-programa-com-gas-de-graca-para-17-milhoes-de-familias-nesta-terca\/#mainImage"},"datePublished":"2025-08-05T15:31:30-03:00","dateModified":"2025-08-05T15:54:59-03:00"},{"@type":"WebSite","@id":"https:\/\/newsinfoco.com.br\/inicio\/#website","url":"https:\/\/newsinfoco.com.br\/inicio\/","name":"News In Foco - Editado por Caio Pimenta","description":"O principal site de noticias de Alagoinhas e regi\u00e3o","inLanguage":"pt-BR","publisher":{"@id":"https:\/\/newsinfoco.com.br\/inicio\/#organization"}}]},"og:locale":"pt_BR","og:site_name":"News In Foco - Editado por Caio Pimenta - O principal site de noticias de Alagoinhas e regi\u00e3o","og:type":"article","og:title":"Governo deve lan\u00e7ar programa com g\u00e1s de gra\u00e7a para 17 milh\u00f5es de fam\u00edlias nesta ter\u00e7a - News In Foco - Editado por Caio Pimenta","og:description":"O governo Federal deve lan\u00e7ar nesta ter\u00e7a-feira (5) o programa G\u00e1s para Todos, substituto do descontinuado Aux\u00edlio G\u00e1s, que promover\u00e1 o pagamento de um botij\u00e3o de 13 kg para fam\u00edlias que recebem at\u00e9 meio sal\u00e1rio-m\u00ednimo por m\u00eas. Ao todo, 17 milh\u00f5es de lares podem ser beneficiados com a medida. Segundo mat\u00e9ria do portal UOL, a","og:url":"https:\/\/newsinfoco.com.br\/inicio\/governo-deve-lancar-programa-com-gas-de-graca-para-17-milhoes-de-familias-nesta-terca\/","article:published_time":"2025-08-05T18:31:30+00:00","article:modified_time":"2025-08-05T18:54:59+00:00","twitter:card":"summary_large_image","twitter:title":"Governo deve lan\u00e7ar programa com g\u00e1s de gra\u00e7a para 17 milh\u00f5es de fam\u00edlias nesta ter\u00e7a - News In Foco - Editado por Caio Pimenta","twitter:description":"O governo Federal deve lan\u00e7ar nesta ter\u00e7a-feira (5) o programa G\u00e1s para Todos, substituto do descontinuado Aux\u00edlio G\u00e1s, que promover\u00e1 o pagamento de um botij\u00e3o de 13 kg para fam\u00edlias que recebem at\u00e9 meio sal\u00e1rio-m\u00ednimo por m\u00eas. Ao todo, 17 milh\u00f5es de lares podem ser beneficiados com a medida. Segundo mat\u00e9ria do portal UOL, a"},"aioseo_meta_data":{"post_id":"43955","title":null,"description":null,"keywords":null,"keyphrases":{"focus":{"keyphrase":"","score":0,"analysis":{"keyphraseInTitle":{"score":0,"maxScore":9,"error":1}}},"additional":[]},"primary_term":null,"canonical_url":null,"og_title":null,"og_description":null,"og_object_type":"default","og_image_type":"default","og_image_url":null,"og_image_width":null,"og_image_height":null,"og_image_custom_url":null,"og_image_custom_fields":null,"og_video":"","og_custom_url":null,"og_article_section":null,"og_article_tags":null,"twitter_use_og":false,"twitter_card":"default","twitter_image_type":"default","twitter_image_url":null,"twitter_image_custom_url":null,"twitter_image_custom_fields":null,"twitter_title":null,"twitter_description":null,"schema":{"blockGraphs":[],"customGraphs":[],"default":{"data":{"Article":[],"Course":[],"Dataset":[],"FAQPage":[],"Movie":[],"Person":[],"Product":[],"ProductReview":[],"Car":[],"Recipe":[],"Service":[],"SoftwareApplication":[],"WebPage":[]},"graphName":"BlogPosting","isEnabled":true},"graphs":[]},"schema_type":"default","schema_type_options":null,"pillar_content":false,"robots_default":true,"robots_noindex":false,"robots_noarchive":false,"robots_nosnippet":false,"robots_nofollow":false,"robots_noimageindex":false,"robots_noodp":false,"robots_notranslate":false,"robots_max_snippet":"-1","robots_max_videopreview":"-1","robots_max_imagepreview":"large","priority":null,"frequency":"default","local_seo":null,"breadcrumb_settings":null,"limit_modified_date":false,"ai":{"faqs":[],"keyPoints":[],"titles":[],"descriptions":[],"socialPosts":{"email":[],"linkedin":[],"twitter":[],"facebook":[],"instagram":[]}},"created":"2025-08-05 18:31:30","updated":"2025-08-05 19:07:43","seo_analyzer_scan_date":null},"aioseo_breadcrumb":"<div class=\"aioseo-breadcrumbs\"><span class=\"aioseo-breadcrumb\">\n\t\t\t<a href=\"https:\/\/newsinfoco.com.br\/inicio\" title=\"In\u00edcio\">In\u00edcio<\/a>\n\t\t<\/span><span class=\"aioseo-breadcrumb-separator\">&raquo;<\/span><span class=\"aioseo-breadcrumb\">\n\t\t\t<a href=\"https:\/\/newsinfoco.com.br\/inicio\/category\/brasil\/\" title=\"Brasil\">Brasil<\/a>\n\t\t<\/span><span class=\"aioseo-breadcrumb-separator\">&raquo;<\/span><span class=\"aioseo-breadcrumb\">\n\t\t\tGoverno deve lan\u00e7ar programa com g\u00e1s de gra\u00e7a para 17 milh\u00f5es de fam\u00edlias nesta ter\u00e7a\n\t\t<\/span><\/div>","aioseo_breadcrumb_json":[{"label":"In\u00edcio","link":"https:\/\/newsinfoco.com.br\/inicio"},{"label":"Brasil","link":"https:\/\/newsinfoco.com.br\/inicio\/category\/brasil\/"},{"label":"Governo deve lan\u00e7ar programa com g\u00e1s de gra\u00e7a para 17 milh\u00f5es de fam\u00edlias nesta ter\u00e7a","link":"https:\/\/newsinfoco.com.br\/inicio\/governo-deve-lancar-programa-com-gas-de-graca-para-17-milhoes-de-familias-nesta-terca\/"}],"_links":{"self":[{"href":"https:\/\/newsinfoco.com.br\/inicio\/wp-json\/wp\/v2\/posts\/43955","targetHints":{"allow":["GET"]}}],"collection":[{"href":"https:\/\/newsinfoco.com.br\/inicio\/wp-json\/wp\/v2\/posts"}],"about":[{"href":"https:\/\/newsinfoco.com.br\/inicio\/wp-json\/wp\/v2\/types\/post"}],"author":[{"embeddable":true,"href":"https:\/\/newsinfoco.com.br\/inicio\/wp-json\/wp\/v2\/users\/1"}],"replies":[{"embeddable":true,"href":"https:\/\/newsinfoco.com.br\/inicio\/wp-json\/wp\/v2\/comments?post=43955"}],"version-history":[{"count":1,"href":"https:\/\/newsinfoco.com.br\/inicio\/wp-json\/wp\/v2\/posts\/43955\/revisions"}],"predecessor-version":[{"id":43957,"href":"https:\/\/newsinfoco.com.br\/inicio\/wp-json\/wp\/v2\/posts\/43955\/revisions\/43957"}],"wp:featuredmedia":[{"embeddable":true,"href":"https:\/\/newsinfoco.com.br\/inicio\/wp-json\/wp\/v2\/media\/43956"}],"wp:attachment":[{"href":"https:\/\/newsinfoco.com.br\/inicio\/wp-json\/wp\/v2\/media?parent=43955"}],"wp:term":[{"taxonomy":"category","embeddable":true,"href":"https:\/\/newsinfoco.com.br\/inicio\/wp-json\/wp\/v2\/categories?post=43955"},{"taxonomy":"post_tag","embeddable":true,"href":"https:\/\/newsinfoco.com.br\/inicio\/wp-json\/wp\/v2\/tags?post=43955"}],"curies":[{"name":"wp","href":"https:\/\/api.w.org\/{rel}","templated":true}]}}