{"id":43967,"date":"2025-08-05T16:36:06","date_gmt":"2025-08-05T19:36:06","guid":{"rendered":"https:\/\/newsinfoco.com.br\/inicio\/?p=43967"},"modified":"2025-08-05T16:36:06","modified_gmt":"2025-08-05T19:36:06","slug":"centro-cirurgico-em-salvador-homenageia-primeira-medica-negra-do-brasil","status":"publish","type":"post","link":"https:\/\/newsinfoco.com.br\/inicio\/centro-cirurgico-em-salvador-homenageia-primeira-medica-negra-do-brasil\/","title":{"rendered":"Centro cir\u00fargico em Salvador homenageia primeira m\u00e9dica negra do Brasil"},"content":{"rendered":"<p>A primeira mulher negra a se formar em medicina no Brasil, a baiana Maria Od\u00edlia Teixeira Lavigne, ser\u00e1 homenageada no centro cir\u00fargico da Alclin Hospital de Olhos, localizado no bairro do Itaigara, em Salvador. O espa\u00e7o da cl\u00ednica refer\u00eancia em exames e cirurgias oftalmol\u00f3gicas h\u00e1 mais de 35 anos ganhar\u00e1 o nome da pioneira que escreveu seu nome na hist\u00f3ria do pa\u00eds.<\/p>\n<p>Segundo mat\u00e9ria do portal Alma Preta, Maria Od\u00edlia \u00e9 natural de S\u00e3o F\u00e9lix, no Rec\u00f4ncavo Baiano e se formou em 15 de dezembro de 1909 na Faculdade de Medicina da Bahia, onde tamb\u00e9m se tornou a primeira professora da institui\u00e7\u00e3o, cinco anos depois. Sua tese abordou o tratamento de cirrose, tema ousado para \u00e9poca, e destoou do padr\u00e3o das poucas mulheres que se formaram antes dela, que se concentravam em \u00e1reas como ginecologia e pediatria.<\/p>\n<p>Filha de um m\u00e9dico humilde, Jos\u00e9 Teixeira, e de uma mulher negra, Maria Od\u00edlia superou obst\u00e1culos sociais e raciais que pareciam intranspon\u00edveis para a \u00e9poca, deixando S\u00e3o F\u00e9lix rumo a Salvador aos 13 anos. J\u00e1 na capital baiana, ela estudou no Gin\u00e1sio da Bahia e mais tarde ingressou na faculdade. Maria tamb\u00e9m possu\u00eda dom\u00ednio de cinco l\u00ednguas.<\/p>\n<p>Sua trajet\u00f3ria tornou-se, inclusive, tema de uma disserta\u00e7\u00e3o na Universidade Federal da Bahia (UFBA) em 2019.<\/p>\n<div>\n<div>\n<div class=\"trv-player-container\">\n<div class=\"trv-wrapper\">\n<div id=\"br_video_player_5dfd6e90232b31d3c9c963adf91da79dc3c659f9\" class=\"trvd_video_player trvdinstream\">\n<div class=\"media-player\">\n<div class=\"trv-video\">\n<div id=\"truvid_ima_container68330\" class=\"truvid_ima_container\">\n<div>\n<div>\n<div>\n<p>A primeira mulher negra a se formar em medicina no Brasil, a baiana Maria Od\u00edlia Teixeira Lavigne, ser\u00e1 homenageada no centro cir\u00fargico da Alclin Hospital de Olhos, localizado no bairro do Itaigara, em Salvador. O espa\u00e7o da cl\u00ednica refer\u00eancia em exames e cirurgias oftalmol\u00f3gicas h\u00e1 mais de 35 anos ganhar\u00e1 o nome da pioneira que escreveu seu nome na hist\u00f3ria do pa\u00eds.<\/p>\n<p>Segundo mat\u00e9ria do portal Alma Preta, Maria Od\u00edlia \u00e9 natural de S\u00e3o F\u00e9lix, no Rec\u00f4ncavo Baiano e se formou em 15 de dezembro de 1909 na Faculdade de Medicina da Bahia, onde tamb\u00e9m se tornou a primeira professora da institui\u00e7\u00e3o, cinco anos depois. Sua tese abordou o tratamento de cirrose, tema ousado para \u00e9poca, e destoou do padr\u00e3o das poucas mulheres que se formaram antes dela, que se concentravam em \u00e1reas como ginecologia e pediatria.<\/p>\n<p>Filha de um m\u00e9dico humilde, Jos\u00e9 Teixeira, e de uma mulher negra, Maria Od\u00edlia superou obst\u00e1culos sociais e raciais que pareciam intranspon\u00edveis para a \u00e9poca, deixando S\u00e3o F\u00e9lix rumo a Salvador aos 13 anos. J\u00e1 na capital baiana, ela estudou no Gin\u00e1sio da Bahia e mais tarde ingressou na faculdade. Maria tamb\u00e9m possu\u00eda dom\u00ednio de cinco l\u00ednguas.<\/p>\n<p>Sua trajet\u00f3ria tornou-se, inclusive, tema de uma disserta\u00e7\u00e3o na Universidade Federal da Bahia (UFBA) em 2019.<\/p>\n<div>\n<div>\n<div class=\"trv-player-container\">\n<div class=\"trv-wrapper\">\n<div id=\"br_video_player_5dfd6e90232b31d3c9c963adf91da79dc3c659f9\" class=\"trvd_video_player trvdinstream\">\n<div class=\"media-player\">\n<div class=\"trv-video\">\n<div id=\"truvid_ima_container68330\" class=\"truvid_ima_container\">\n<div>\n<div>\n<div>\n<div class=\"conteudo_post\">\n<p>\u201c\u00c9 uma honra poder eternizar o nome da minha av\u00f3, Dra. Maria Od\u00edlia Teixeira Lavigne, no centro cir\u00fargico da Alclin. Este gesto representa o reconhecimento de uma trajet\u00f3ria de supera\u00e7\u00e3o, coragem e pioneirismo. Que a hist\u00f3ria dela inspire profissionais e pacientes que passam por aqui, lembrando-nos da import\u00e2ncia de construirmos uma medicina mais humana, inclusiva e de excel\u00eancia\u201d, declara o diretor presidente da Alclin, Dr. Andr\u00e9 Luis Lavigne.<\/p>\n<p>A nomea\u00e7\u00e3o do centro cir\u00fargico ser\u00e1 oficializada em uma cerim\u00f4nia na sexta-feira (8), a partir das 19h. Na ocasi\u00e3o tamb\u00e9m ser\u00e3o homenageadas outras figuras m\u00e9dicas.<\/p>\n<\/div>\n<div id=\"div-share\">Bahia.Ba<\/div>\n<\/div>\n<\/div>\n<\/div>\n<\/div>\n<\/div>\n<\/div>\n<\/div>\n<\/div>\n<\/div>\n<\/div>\n<\/div>\n<\/div>\n<\/div>\n<\/div>\n<\/div>\n<\/div>\n<\/div>\n<\/div>\n<\/div>\n<\/div>\n<\/div>\n<\/div>\n<div class='share-to-whatsapp-wrapper'><div class='share-on-whsp'>Share on: <\/div><a data-text='Centro cir\u00fargico em Salvador homenageia primeira m\u00e9dica negra do Brasil' data-link='https:\/\/newsinfoco.com.br\/inicio\/centro-cirurgico-em-salvador-homenageia-primeira-medica-negra-do-brasil\/' class='whatsapp-button whatsapp-share'>WhatsApp<\/a><div class='clear '><\/div><\/div>","protected":false},"excerpt":{"rendered":"<p>A primeira mulher negra a se formar em medicina no Brasil, a baiana Maria Od\u00edlia Teixeira Lavigne, ser\u00e1 homenageada no centro cir\u00fargico da Alclin Hospital de Olhos, localizado no bairro do Itaigara, em Salvador. O espa\u00e7o da cl\u00ednica refer\u00eancia em exames e cirurgias oftalmol\u00f3gicas h\u00e1 mais de 35 anos ganhar\u00e1 o nome da pioneira que [&hellip;]<\/p>\n","protected":false},"author":1,"featured_media":43968,"comment_status":"closed","ping_status":"closed","sticky":false,"template":"","format":"standard","meta":{"om_disable_all_campaigns":false,"rop_custom_images_group":[],"rop_custom_messages_group":[],"rop_publish_now":"initial","rop_publish_now_accounts":[],"rop_publish_now_history":[],"rop_publish_now_status":"pending","_exactmetrics_skip_tracking":false,"footnotes":""},"categories":[19],"tags":[],"class_list":["post-43967","post","type-post","status-publish","format-standard","has-post-thumbnail","hentry","category-bahia"],"aioseo_notices":[],"aioseo_head":"\n\t\t<!-- All in One SEO 4.9.10 - aioseo.com -->\n\t<meta name=\"description\" content=\"A primeira mulher negra a se formar em medicina no Brasil, a baiana Maria Od\u00edlia Teixeira Lavigne, ser\u00e1 homenageada no centro cir\u00fargico da Alclin Hospital de Olhos, localizado no bairro do Itaigara, em Salvador. O espa\u00e7o da cl\u00ednica refer\u00eancia em exames e cirurgias oftalmol\u00f3gicas h\u00e1 mais de 35 anos ganhar\u00e1 o nome da pioneira que\" \/>\n\t<meta name=\"robots\" content=\"max-image-preview:large\" \/>\n\t<meta name=\"author\" content=\"administrador\"\/>\n\t<link rel=\"canonical\" href=\"https:\/\/newsinfoco.com.br\/inicio\/centro-cirurgico-em-salvador-homenageia-primeira-medica-negra-do-brasil\/\" \/>\n\t<meta name=\"generator\" content=\"All in One SEO (AIOSEO) 4.9.10\" \/>\n\t\t<meta property=\"og:locale\" content=\"pt_BR\" \/>\n\t\t<meta property=\"og:site_name\" content=\"News In Foco - Editado por Caio Pimenta - O principal site de noticias de Alagoinhas e regi\u00e3o\" \/>\n\t\t<meta property=\"og:type\" content=\"article\" \/>\n\t\t<meta property=\"og:title\" content=\"Centro cir\u00fargico em Salvador homenageia primeira m\u00e9dica negra do Brasil - News In Foco - Editado por Caio Pimenta\" \/>\n\t\t<meta property=\"og:description\" content=\"A primeira mulher negra a se formar em medicina no Brasil, a baiana Maria Od\u00edlia Teixeira Lavigne, ser\u00e1 homenageada no centro cir\u00fargico da Alclin Hospital de Olhos, localizado no bairro do Itaigara, em Salvador. O espa\u00e7o da cl\u00ednica refer\u00eancia em exames e cirurgias oftalmol\u00f3gicas h\u00e1 mais de 35 anos ganhar\u00e1 o nome da pioneira que\" \/>\n\t\t<meta property=\"og:url\" content=\"https:\/\/newsinfoco.com.br\/inicio\/centro-cirurgico-em-salvador-homenageia-primeira-medica-negra-do-brasil\/\" \/>\n\t\t<meta property=\"article:published_time\" content=\"2025-08-05T19:36:06+00:00\" \/>\n\t\t<meta property=\"article:modified_time\" content=\"2025-08-05T19:36:06+00:00\" \/>\n\t\t<meta name=\"twitter:card\" content=\"summary_large_image\" \/>\n\t\t<meta name=\"twitter:title\" content=\"Centro cir\u00fargico em Salvador homenageia primeira m\u00e9dica negra do Brasil - News In Foco - Editado por Caio Pimenta\" \/>\n\t\t<meta name=\"twitter:description\" content=\"A primeira mulher negra a se formar em medicina no Brasil, a baiana Maria Od\u00edlia Teixeira Lavigne, ser\u00e1 homenageada no centro cir\u00fargico da Alclin Hospital de Olhos, localizado no bairro do Itaigara, em Salvador. O espa\u00e7o da cl\u00ednica refer\u00eancia em exames e cirurgias oftalmol\u00f3gicas h\u00e1 mais de 35 anos ganhar\u00e1 o nome da pioneira que\" \/>\n\t\t<script type=\"application\/ld+json\" class=\"aioseo-schema\">\n\t\t\t{\"@context\":\"https:\\\/\\\/schema.org\",\"@graph\":[{\"@type\":\"BlogPosting\",\"@id\":\"https:\\\/\\\/newsinfoco.com.br\\\/inicio\\\/centro-cirurgico-em-salvador-homenageia-primeira-medica-negra-do-brasil\\\/#blogposting\",\"name\":\"Centro cir\\u00fargico em Salvador homenageia primeira m\\u00e9dica negra do Brasil - News In Foco - Editado por Caio Pimenta\",\"headline\":\"Centro cir\\u00fargico em Salvador homenageia primeira m\\u00e9dica negra do Brasil\",\"author\":{\"@id\":\"https:\\\/\\\/newsinfoco.com.br\\\/inicio\\\/author\\\/administrador\\\/#author\"},\"publisher\":{\"@id\":\"https:\\\/\\\/newsinfoco.com.br\\\/inicio\\\/#organization\"},\"image\":{\"@type\":\"ImageObject\",\"url\":\"https:\\\/\\\/newsinfoco.com.br\\\/inicio\\\/wp-content\\\/uploads\\\/2025\\\/08\\\/Maria-Odilia-Teixeira-Lavigne.png\",\"width\":600,\"height\":420},\"datePublished\":\"2025-08-05T16:36:06-03:00\",\"dateModified\":\"2025-08-05T16:36:06-03:00\",\"inLanguage\":\"pt-BR\",\"mainEntityOfPage\":{\"@id\":\"https:\\\/\\\/newsinfoco.com.br\\\/inicio\\\/centro-cirurgico-em-salvador-homenageia-primeira-medica-negra-do-brasil\\\/#webpage\"},\"isPartOf\":{\"@id\":\"https:\\\/\\\/newsinfoco.com.br\\\/inicio\\\/centro-cirurgico-em-salvador-homenageia-primeira-medica-negra-do-brasil\\\/#webpage\"},\"articleSection\":\"Bahia\"},{\"@type\":\"BreadcrumbList\",\"@id\":\"https:\\\/\\\/newsinfoco.com.br\\\/inicio\\\/centro-cirurgico-em-salvador-homenageia-primeira-medica-negra-do-brasil\\\/#breadcrumblist\",\"itemListElement\":[{\"@type\":\"ListItem\",\"@id\":\"https:\\\/\\\/newsinfoco.com.br\\\/inicio#listItem\",\"position\":1,\"name\":\"In\\u00edcio\",\"item\":\"https:\\\/\\\/newsinfoco.com.br\\\/inicio\",\"nextItem\":{\"@type\":\"ListItem\",\"@id\":\"https:\\\/\\\/newsinfoco.com.br\\\/inicio\\\/category\\\/bahia\\\/#listItem\",\"name\":\"Bahia\"}},{\"@type\":\"ListItem\",\"@id\":\"https:\\\/\\\/newsinfoco.com.br\\\/inicio\\\/category\\\/bahia\\\/#listItem\",\"position\":2,\"name\":\"Bahia\",\"item\":\"https:\\\/\\\/newsinfoco.com.br\\\/inicio\\\/category\\\/bahia\\\/\",\"nextItem\":{\"@type\":\"ListItem\",\"@id\":\"https:\\\/\\\/newsinfoco.com.br\\\/inicio\\\/centro-cirurgico-em-salvador-homenageia-primeira-medica-negra-do-brasil\\\/#listItem\",\"name\":\"Centro cir\\u00fargico em Salvador homenageia primeira m\\u00e9dica negra do Brasil\"},\"previousItem\":{\"@type\":\"ListItem\",\"@id\":\"https:\\\/\\\/newsinfoco.com.br\\\/inicio#listItem\",\"name\":\"In\\u00edcio\"}},{\"@type\":\"ListItem\",\"@id\":\"https:\\\/\\\/newsinfoco.com.br\\\/inicio\\\/centro-cirurgico-em-salvador-homenageia-primeira-medica-negra-do-brasil\\\/#listItem\",\"position\":3,\"name\":\"Centro cir\\u00fargico em Salvador homenageia primeira m\\u00e9dica negra do Brasil\",\"previousItem\":{\"@type\":\"ListItem\",\"@id\":\"https:\\\/\\\/newsinfoco.com.br\\\/inicio\\\/category\\\/bahia\\\/#listItem\",\"name\":\"Bahia\"}}]},{\"@type\":\"Organization\",\"@id\":\"https:\\\/\\\/newsinfoco.com.br\\\/inicio\\\/#organization\",\"name\":\"News In Foco - Editado por Caio Pimenta\",\"description\":\"O principal site de noticias de Alagoinhas e regi\\u00e3o\",\"url\":\"https:\\\/\\\/newsinfoco.com.br\\\/inicio\\\/\"},{\"@type\":\"Person\",\"@id\":\"https:\\\/\\\/newsinfoco.com.br\\\/inicio\\\/author\\\/administrador\\\/#author\",\"url\":\"https:\\\/\\\/newsinfoco.com.br\\\/inicio\\\/author\\\/administrador\\\/\",\"name\":\"administrador\",\"image\":{\"@type\":\"ImageObject\",\"@id\":\"https:\\\/\\\/newsinfoco.com.br\\\/inicio\\\/centro-cirurgico-em-salvador-homenageia-primeira-medica-negra-do-brasil\\\/#authorImage\",\"url\":\"https:\\\/\\\/secure.gravatar.com\\\/avatar\\\/c17a617433de8c1dc9584bb79aab7563b46f5bb7e1728c9b17d9cc3ce6a08e49?s=96&d=mm&r=g\",\"width\":96,\"height\":96,\"caption\":\"administrador\"}},{\"@type\":\"WebPage\",\"@id\":\"https:\\\/\\\/newsinfoco.com.br\\\/inicio\\\/centro-cirurgico-em-salvador-homenageia-primeira-medica-negra-do-brasil\\\/#webpage\",\"url\":\"https:\\\/\\\/newsinfoco.com.br\\\/inicio\\\/centro-cirurgico-em-salvador-homenageia-primeira-medica-negra-do-brasil\\\/\",\"name\":\"Centro cir\\u00fargico em Salvador homenageia primeira m\\u00e9dica negra do Brasil - News In Foco - Editado por Caio Pimenta\",\"description\":\"A primeira mulher negra a se formar em medicina no Brasil, a baiana Maria Od\\u00edlia Teixeira Lavigne, ser\\u00e1 homenageada no centro cir\\u00fargico da Alclin Hospital de Olhos, localizado no bairro do Itaigara, em Salvador. O espa\\u00e7o da cl\\u00ednica refer\\u00eancia em exames e cirurgias oftalmol\\u00f3gicas h\\u00e1 mais de 35 anos ganhar\\u00e1 o nome da pioneira que\",\"inLanguage\":\"pt-BR\",\"isPartOf\":{\"@id\":\"https:\\\/\\\/newsinfoco.com.br\\\/inicio\\\/#website\"},\"breadcrumb\":{\"@id\":\"https:\\\/\\\/newsinfoco.com.br\\\/inicio\\\/centro-cirurgico-em-salvador-homenageia-primeira-medica-negra-do-brasil\\\/#breadcrumblist\"},\"author\":{\"@id\":\"https:\\\/\\\/newsinfoco.com.br\\\/inicio\\\/author\\\/administrador\\\/#author\"},\"creator\":{\"@id\":\"https:\\\/\\\/newsinfoco.com.br\\\/inicio\\\/author\\\/administrador\\\/#author\"},\"image\":{\"@type\":\"ImageObject\",\"url\":\"https:\\\/\\\/newsinfoco.com.br\\\/inicio\\\/wp-content\\\/uploads\\\/2025\\\/08\\\/Maria-Odilia-Teixeira-Lavigne.png\",\"@id\":\"https:\\\/\\\/newsinfoco.com.br\\\/inicio\\\/centro-cirurgico-em-salvador-homenageia-primeira-medica-negra-do-brasil\\\/#mainImage\",\"width\":600,\"height\":420},\"primaryImageOfPage\":{\"@id\":\"https:\\\/\\\/newsinfoco.com.br\\\/inicio\\\/centro-cirurgico-em-salvador-homenageia-primeira-medica-negra-do-brasil\\\/#mainImage\"},\"datePublished\":\"2025-08-05T16:36:06-03:00\",\"dateModified\":\"2025-08-05T16:36:06-03:00\"},{\"@type\":\"WebSite\",\"@id\":\"https:\\\/\\\/newsinfoco.com.br\\\/inicio\\\/#website\",\"url\":\"https:\\\/\\\/newsinfoco.com.br\\\/inicio\\\/\",\"name\":\"News In Foco - Editado por Caio Pimenta\",\"description\":\"O principal site de noticias de Alagoinhas e regi\\u00e3o\",\"inLanguage\":\"pt-BR\",\"publisher\":{\"@id\":\"https:\\\/\\\/newsinfoco.com.br\\\/inicio\\\/#organization\"}}]}\n\t\t<\/script>\n\t\t<!-- All in One SEO -->\n\n","aioseo_head_json":{"title":"Centro cir\u00fargico em Salvador homenageia primeira m\u00e9dica negra do Brasil - News In Foco - Editado por Caio Pimenta","description":"A primeira mulher negra a se formar em medicina no Brasil, a baiana Maria Od\u00edlia Teixeira Lavigne, ser\u00e1 homenageada no centro cir\u00fargico da Alclin Hospital de Olhos, localizado no bairro do Itaigara, em Salvador. O espa\u00e7o da cl\u00ednica refer\u00eancia em exames e cirurgias oftalmol\u00f3gicas h\u00e1 mais de 35 anos ganhar\u00e1 o nome da pioneira que","canonical_url":"https:\/\/newsinfoco.com.br\/inicio\/centro-cirurgico-em-salvador-homenageia-primeira-medica-negra-do-brasil\/","robots":"max-image-preview:large","keywords":"","webmasterTools":{"miscellaneous":""},"schema":{"@context":"https:\/\/schema.org","@graph":[{"@type":"BlogPosting","@id":"https:\/\/newsinfoco.com.br\/inicio\/centro-cirurgico-em-salvador-homenageia-primeira-medica-negra-do-brasil\/#blogposting","name":"Centro cir\u00fargico em Salvador homenageia primeira m\u00e9dica negra do Brasil - News In Foco - Editado por Caio Pimenta","headline":"Centro cir\u00fargico em Salvador homenageia primeira m\u00e9dica negra do Brasil","author":{"@id":"https:\/\/newsinfoco.com.br\/inicio\/author\/administrador\/#author"},"publisher":{"@id":"https:\/\/newsinfoco.com.br\/inicio\/#organization"},"image":{"@type":"ImageObject","url":"https:\/\/newsinfoco.com.br\/inicio\/wp-content\/uploads\/2025\/08\/Maria-Odilia-Teixeira-Lavigne.png","width":600,"height":420},"datePublished":"2025-08-05T16:36:06-03:00","dateModified":"2025-08-05T16:36:06-03:00","inLanguage":"pt-BR","mainEntityOfPage":{"@id":"https:\/\/newsinfoco.com.br\/inicio\/centro-cirurgico-em-salvador-homenageia-primeira-medica-negra-do-brasil\/#webpage"},"isPartOf":{"@id":"https:\/\/newsinfoco.com.br\/inicio\/centro-cirurgico-em-salvador-homenageia-primeira-medica-negra-do-brasil\/#webpage"},"articleSection":"Bahia"},{"@type":"BreadcrumbList","@id":"https:\/\/newsinfoco.com.br\/inicio\/centro-cirurgico-em-salvador-homenageia-primeira-medica-negra-do-brasil\/#breadcrumblist","itemListElement":[{"@type":"ListItem","@id":"https:\/\/newsinfoco.com.br\/inicio#listItem","position":1,"name":"In\u00edcio","item":"https:\/\/newsinfoco.com.br\/inicio","nextItem":{"@type":"ListItem","@id":"https:\/\/newsinfoco.com.br\/inicio\/category\/bahia\/#listItem","name":"Bahia"}},{"@type":"ListItem","@id":"https:\/\/newsinfoco.com.br\/inicio\/category\/bahia\/#listItem","position":2,"name":"Bahia","item":"https:\/\/newsinfoco.com.br\/inicio\/category\/bahia\/","nextItem":{"@type":"ListItem","@id":"https:\/\/newsinfoco.com.br\/inicio\/centro-cirurgico-em-salvador-homenageia-primeira-medica-negra-do-brasil\/#listItem","name":"Centro cir\u00fargico em Salvador homenageia primeira m\u00e9dica negra do Brasil"},"previousItem":{"@type":"ListItem","@id":"https:\/\/newsinfoco.com.br\/inicio#listItem","name":"In\u00edcio"}},{"@type":"ListItem","@id":"https:\/\/newsinfoco.com.br\/inicio\/centro-cirurgico-em-salvador-homenageia-primeira-medica-negra-do-brasil\/#listItem","position":3,"name":"Centro cir\u00fargico em Salvador homenageia primeira m\u00e9dica negra do Brasil","previousItem":{"@type":"ListItem","@id":"https:\/\/newsinfoco.com.br\/inicio\/category\/bahia\/#listItem","name":"Bahia"}}]},{"@type":"Organization","@id":"https:\/\/newsinfoco.com.br\/inicio\/#organization","name":"News In Foco - Editado por Caio Pimenta","description":"O principal site de noticias de Alagoinhas e regi\u00e3o","url":"https:\/\/newsinfoco.com.br\/inicio\/"},{"@type":"Person","@id":"https:\/\/newsinfoco.com.br\/inicio\/author\/administrador\/#author","url":"https:\/\/newsinfoco.com.br\/inicio\/author\/administrador\/","name":"administrador","image":{"@type":"ImageObject","@id":"https:\/\/newsinfoco.com.br\/inicio\/centro-cirurgico-em-salvador-homenageia-primeira-medica-negra-do-brasil\/#authorImage","url":"https:\/\/secure.gravatar.com\/avatar\/c17a617433de8c1dc9584bb79aab7563b46f5bb7e1728c9b17d9cc3ce6a08e49?s=96&d=mm&r=g","width":96,"height":96,"caption":"administrador"}},{"@type":"WebPage","@id":"https:\/\/newsinfoco.com.br\/inicio\/centro-cirurgico-em-salvador-homenageia-primeira-medica-negra-do-brasil\/#webpage","url":"https:\/\/newsinfoco.com.br\/inicio\/centro-cirurgico-em-salvador-homenageia-primeira-medica-negra-do-brasil\/","name":"Centro cir\u00fargico em Salvador homenageia primeira m\u00e9dica negra do Brasil - News In Foco - Editado por Caio Pimenta","description":"A primeira mulher negra a se formar em medicina no Brasil, a baiana Maria Od\u00edlia Teixeira Lavigne, ser\u00e1 homenageada no centro cir\u00fargico da Alclin Hospital de Olhos, localizado no bairro do Itaigara, em Salvador. O espa\u00e7o da cl\u00ednica refer\u00eancia em exames e cirurgias oftalmol\u00f3gicas h\u00e1 mais de 35 anos ganhar\u00e1 o nome da pioneira que","inLanguage":"pt-BR","isPartOf":{"@id":"https:\/\/newsinfoco.com.br\/inicio\/#website"},"breadcrumb":{"@id":"https:\/\/newsinfoco.com.br\/inicio\/centro-cirurgico-em-salvador-homenageia-primeira-medica-negra-do-brasil\/#breadcrumblist"},"author":{"@id":"https:\/\/newsinfoco.com.br\/inicio\/author\/administrador\/#author"},"creator":{"@id":"https:\/\/newsinfoco.com.br\/inicio\/author\/administrador\/#author"},"image":{"@type":"ImageObject","url":"https:\/\/newsinfoco.com.br\/inicio\/wp-content\/uploads\/2025\/08\/Maria-Odilia-Teixeira-Lavigne.png","@id":"https:\/\/newsinfoco.com.br\/inicio\/centro-cirurgico-em-salvador-homenageia-primeira-medica-negra-do-brasil\/#mainImage","width":600,"height":420},"primaryImageOfPage":{"@id":"https:\/\/newsinfoco.com.br\/inicio\/centro-cirurgico-em-salvador-homenageia-primeira-medica-negra-do-brasil\/#mainImage"},"datePublished":"2025-08-05T16:36:06-03:00","dateModified":"2025-08-05T16:36:06-03:00"},{"@type":"WebSite","@id":"https:\/\/newsinfoco.com.br\/inicio\/#website","url":"https:\/\/newsinfoco.com.br\/inicio\/","name":"News In Foco - Editado por Caio Pimenta","description":"O principal site de noticias de Alagoinhas e regi\u00e3o","inLanguage":"pt-BR","publisher":{"@id":"https:\/\/newsinfoco.com.br\/inicio\/#organization"}}]},"og:locale":"pt_BR","og:site_name":"News In Foco - Editado por Caio Pimenta - O principal site de noticias de Alagoinhas e regi\u00e3o","og:type":"article","og:title":"Centro cir\u00fargico em Salvador homenageia primeira m\u00e9dica negra do Brasil - News In Foco - Editado por Caio Pimenta","og:description":"A primeira mulher negra a se formar em medicina no Brasil, a baiana Maria Od\u00edlia Teixeira Lavigne, ser\u00e1 homenageada no centro cir\u00fargico da Alclin Hospital de Olhos, localizado no bairro do Itaigara, em Salvador. O espa\u00e7o da cl\u00ednica refer\u00eancia em exames e cirurgias oftalmol\u00f3gicas h\u00e1 mais de 35 anos ganhar\u00e1 o nome da pioneira que","og:url":"https:\/\/newsinfoco.com.br\/inicio\/centro-cirurgico-em-salvador-homenageia-primeira-medica-negra-do-brasil\/","article:published_time":"2025-08-05T19:36:06+00:00","article:modified_time":"2025-08-05T19:36:06+00:00","twitter:card":"summary_large_image","twitter:title":"Centro cir\u00fargico em Salvador homenageia primeira m\u00e9dica negra do Brasil - News In Foco - Editado por Caio Pimenta","twitter:description":"A primeira mulher negra a se formar em medicina no Brasil, a baiana Maria Od\u00edlia Teixeira Lavigne, ser\u00e1 homenageada no centro cir\u00fargico da Alclin Hospital de Olhos, localizado no bairro do Itaigara, em Salvador. O espa\u00e7o da cl\u00ednica refer\u00eancia em exames e cirurgias oftalmol\u00f3gicas h\u00e1 mais de 35 anos ganhar\u00e1 o nome da pioneira que"},"aioseo_meta_data":{"post_id":"43967","title":null,"description":null,"keywords":null,"keyphrases":{"focus":{"keyphrase":"","score":0,"analysis":{"keyphraseInTitle":{"score":0,"maxScore":9,"error":1}}},"additional":[]},"primary_term":null,"canonical_url":null,"og_title":null,"og_description":null,"og_object_type":"default","og_image_type":"default","og_image_url":null,"og_image_width":null,"og_image_height":null,"og_image_custom_url":null,"og_image_custom_fields":null,"og_video":"","og_custom_url":null,"og_article_section":null,"og_article_tags":null,"twitter_use_og":false,"twitter_card":"default","twitter_image_type":"default","twitter_image_url":null,"twitter_image_custom_url":null,"twitter_image_custom_fields":null,"twitter_title":null,"twitter_description":null,"schema":{"blockGraphs":[],"customGraphs":[],"default":{"data":{"Article":[],"Course":[],"Dataset":[],"FAQPage":[],"Movie":[],"Person":[],"Product":[],"ProductReview":[],"Car":[],"Recipe":[],"Service":[],"SoftwareApplication":[],"WebPage":[]},"graphName":"BlogPosting","isEnabled":true},"graphs":[]},"schema_type":"default","schema_type_options":null,"pillar_content":false,"robots_default":true,"robots_noindex":false,"robots_noarchive":false,"robots_nosnippet":false,"robots_nofollow":false,"robots_noimageindex":false,"robots_noodp":false,"robots_notranslate":false,"robots_max_snippet":"-1","robots_max_videopreview":"-1","robots_max_imagepreview":"large","priority":null,"frequency":"default","local_seo":null,"breadcrumb_settings":null,"limit_modified_date":false,"ai":{"faqs":[],"keyPoints":[],"titles":[],"descriptions":[],"socialPosts":{"email":[],"linkedin":[],"twitter":[],"facebook":[],"instagram":[]}},"created":"2025-08-05 19:36:06","updated":"2025-08-05 19:40:49","seo_analyzer_scan_date":null},"aioseo_breadcrumb":"<div class=\"aioseo-breadcrumbs\"><span class=\"aioseo-breadcrumb\">\n\t\t\t<a href=\"https:\/\/newsinfoco.com.br\/inicio\" title=\"In\u00edcio\">In\u00edcio<\/a>\n\t\t<\/span><span class=\"aioseo-breadcrumb-separator\">&raquo;<\/span><span class=\"aioseo-breadcrumb\">\n\t\t\t<a href=\"https:\/\/newsinfoco.com.br\/inicio\/category\/bahia\/\" title=\"Bahia\">Bahia<\/a>\n\t\t<\/span><span class=\"aioseo-breadcrumb-separator\">&raquo;<\/span><span class=\"aioseo-breadcrumb\">\n\t\t\tCentro cir\u00fargico em Salvador homenageia primeira m\u00e9dica negra do Brasil\n\t\t<\/span><\/div>","aioseo_breadcrumb_json":[{"label":"In\u00edcio","link":"https:\/\/newsinfoco.com.br\/inicio"},{"label":"Bahia","link":"https:\/\/newsinfoco.com.br\/inicio\/category\/bahia\/"},{"label":"Centro cir\u00fargico em Salvador homenageia primeira m\u00e9dica negra do Brasil","link":"https:\/\/newsinfoco.com.br\/inicio\/centro-cirurgico-em-salvador-homenageia-primeira-medica-negra-do-brasil\/"}],"_links":{"self":[{"href":"https:\/\/newsinfoco.com.br\/inicio\/wp-json\/wp\/v2\/posts\/43967","targetHints":{"allow":["GET"]}}],"collection":[{"href":"https:\/\/newsinfoco.com.br\/inicio\/wp-json\/wp\/v2\/posts"}],"about":[{"href":"https:\/\/newsinfoco.com.br\/inicio\/wp-json\/wp\/v2\/types\/post"}],"author":[{"embeddable":true,"href":"https:\/\/newsinfoco.com.br\/inicio\/wp-json\/wp\/v2\/users\/1"}],"replies":[{"embeddable":true,"href":"https:\/\/newsinfoco.com.br\/inicio\/wp-json\/wp\/v2\/comments?post=43967"}],"version-history":[{"count":1,"href":"https:\/\/newsinfoco.com.br\/inicio\/wp-json\/wp\/v2\/posts\/43967\/revisions"}],"predecessor-version":[{"id":43969,"href":"https:\/\/newsinfoco.com.br\/inicio\/wp-json\/wp\/v2\/posts\/43967\/revisions\/43969"}],"wp:featuredmedia":[{"embeddable":true,"href":"https:\/\/newsinfoco.com.br\/inicio\/wp-json\/wp\/v2\/media\/43968"}],"wp:attachment":[{"href":"https:\/\/newsinfoco.com.br\/inicio\/wp-json\/wp\/v2\/media?parent=43967"}],"wp:term":[{"taxonomy":"category","embeddable":true,"href":"https:\/\/newsinfoco.com.br\/inicio\/wp-json\/wp\/v2\/categories?post=43967"},{"taxonomy":"post_tag","embeddable":true,"href":"https:\/\/newsinfoco.com.br\/inicio\/wp-json\/wp\/v2\/tags?post=43967"}],"curies":[{"name":"wp","href":"https:\/\/api.w.org\/{rel}","templated":true}]}}