{"id":43973,"date":"2025-08-05T17:11:14","date_gmt":"2025-08-05T20:11:14","guid":{"rendered":"https:\/\/newsinfoco.com.br\/inicio\/?p=43973"},"modified":"2025-08-05T17:52:24","modified_gmt":"2025-08-05T20:52:24","slug":"prisao-de-bolsonaro-deve-impactar-nas-negociacoes-entre-brasil-e-eua-diz-analista","status":"publish","type":"post","link":"https:\/\/newsinfoco.com.br\/inicio\/prisao-de-bolsonaro-deve-impactar-nas-negociacoes-entre-brasil-e-eua-diz-analista\/","title":{"rendered":"Pris\u00e3o de Bolsonaro deve impactar nas negocia\u00e7\u00f5es entre Brasil e EUA, diz analista"},"content":{"rendered":"<div class=\"trv-player-container\">\n<div class=\"trv-wrapper\">\n<div id=\"br_video_player_af303b7c1e964b7b3a8d63adf91da79dc3c659f9\" class=\"trvd_video_player trvdinstream\">\n<div class=\"media-player\">\n<div class=\"trv-video\">\n<div id=\"truvid_ima_container80241\" class=\"truvid_ima_container\">\n<div>\n<div class=\"trv-player-container\">\n<div class=\"trv-wrapper\">\n<div id=\"br_video_player_af303b7c1e964b7b3a8d63adf91da79dc3c659f9\" class=\"trvd_video_player trvdinstream\">\n<div class=\"media-player\">\n<div class=\"trv-video\">\n<div id=\"truvid_ima_container80241\" class=\"truvid_ima_container\">\n<div>\n<div>\n<div class=\"trv-player-container\">\n<div class=\"trv-wrapper\">\n<div id=\"br_video_player_af303b7c1e964b7b3a8d63adf91da79dc3c659f9\" class=\"trvd_video_player trvdinstream\">\n<div class=\"media-player\">\n<div class=\"trv-video\">\n<div id=\"truvid_ima_container80241\" class=\"truvid_ima_container\">\n<div>\n<div>\n<p>A decis\u00e3o do ministro Alexandre de Moraes, do Supremo Tribunal Federal (STF), de colocar o ex-presidente Jair Bolsonaro (PL) em pris\u00e3o domiciliar deve impactar o cen\u00e1rio econ\u00f4mico brasileiro, com possibilidade, inclusive, de influenciar nas negocia\u00e7\u00f5es entre Estados Unidos e Brasil sobre a tarifa de 50%, imposta pelo presidente Donald Trump, sobre produtos brasileiros.<\/p>\n<p>Segundo mat\u00e9ria do InfoMoney, o analista de investimentos Alison Correia, cofundador da Dom Investimentos, avalia que a pris\u00e3o n\u00e3o surpreende o mercado financeiro, que j\u00e1 vinha acompanhando o desenrolar do processo. \u201cEst\u00e1 claro que ele n\u00e3o ser\u00e1 considerado inocente. A senten\u00e7a parece apenas uma quest\u00e3o de tempo\u201d, afirma Correia.<\/p>\n<p>Para ele, a medida refor\u00e7a a necessidade de busca por uma nova lideran\u00e7a conservadora por parte da direita, tendo em vista a proximidade das elei\u00e7\u00f5es presidenciais de 2026. O nome mais cotado para assumir esta posi\u00e7\u00e3o \u00e9 o governador de S\u00e3o Paulo, Tarc\u00edsio de Freitas (Republicanos), visto como uma alternativa vi\u00e1vel para ocupar o espa\u00e7o deixado por Bolsonaro. \u201cO mercado j\u00e1 come\u00e7a a se mover nesse sentido\u201d, observa o analista.<\/p>\n<p>Por outro lado, o real impacto da medida contra Bolsonaro pode ocorrer nas negocia\u00e7\u00f5es comerciais entre Brasil e Estados Unidos. A rea\u00e7\u00e3o imediata do governo americano, que criticou o ministro Alexandre de Moraes por supostas viola\u00e7\u00f5es de direitos humanos, pode dificultar o di\u00e1logo em torno das tarifas que entram em vigor nesta quarta-feira (6).<\/p>\n<div>\n<div>\n<div class=\"trv-player-container\">\n<div class=\"trv-wrapper\">\n<div id=\"br_video_player_af303b7c1e964b7b3a8d63adf91da79dc3c659f9\" class=\"trvd_video_player trvdinstream\">\n<div class=\"media-player\">\n<div class=\"trv-video\">\n<div id=\"truvid_ima_container80241\" class=\"truvid_ima_container\">\n<div>\n<div>\n<div class=\"conteudo_post\">\n<p>Na linha de frente das negocia\u00e7\u00f5es, o ministro da Fazenda, Fernando Haddad (PT), vem tentando dialogar exce\u00e7\u00f5es \u00e0s tarifas com o governo americano, mas seus esfor\u00e7os diplom\u00e1ticos podem ser minados pelo contexto pol\u00edtico atual, diz Correia. A recente aproxima\u00e7\u00e3o entre Lula e Donald Trump, que chegou a sugerir abertura para di\u00e1logo, agora parece incerta. \u201cCom a pris\u00e3o de Bolsonaro e o retorno de figuras como Jos\u00e9 Dirceu \u00e0 diretoria do PT, o clima pol\u00edtico se torna ainda mais sens\u00edvel\u201d, complementa.<\/p>\n<p>Ve\u00edculos de imprensa ao redor do mundo complementam a vis\u00e3o de Correia sobre os impactos da pris\u00e3o de Bolsonaro nas negocia\u00e7\u00f5es Brasil-EUA, com muitos apontando uma escalada de tens\u00e3o Brasil-EUA ap\u00f3s pris\u00e3o domiciliar de Bolsonaro. Jornais como o Wall Street Journal, Washington Post e o The New York Post pontuaram o agravamento da crise diplom\u00e1tica, que vinha dando sinais de afrouxamento ap\u00f3s o governo americano poupar mais de 600 produtos brasileiros da taxa\u00e7\u00e3o e adiar em uma semana o in\u00edcio da cobran\u00e7a.<\/p>\n<\/div>\n<div id=\"div-share\">Bahia.Ba<\/div>\n<\/div>\n<\/div>\n<\/div>\n<\/div>\n<\/div>\n<\/div>\n<\/div>\n<\/div>\n<\/div>\n<\/div>\n<\/div>\n<\/div>\n<\/div>\n<\/div>\n<\/div>\n<\/div>\n<\/div>\n<\/div>\n<\/div>\n<\/div>\n<\/div>\n<\/div>\n<\/div>\n<\/div>\n<\/div>\n<\/div>\n<\/div>\n<\/div>\n<\/div>\n<\/div>\n<\/div>\n<\/div>\n<\/div>\n<div class='share-to-whatsapp-wrapper'><div class='share-on-whsp'>Share on: <\/div><a data-text='Pris\u00e3o de Bolsonaro deve impactar nas negocia\u00e7\u00f5es entre Brasil e EUA, diz analista' data-link='https:\/\/newsinfoco.com.br\/inicio\/prisao-de-bolsonaro-deve-impactar-nas-negociacoes-entre-brasil-e-eua-diz-analista\/' class='whatsapp-button whatsapp-share'>WhatsApp<\/a><div class='clear '><\/div><\/div>","protected":false},"excerpt":{"rendered":"<p>A decis\u00e3o do ministro Alexandre de Moraes, do Supremo Tribunal Federal (STF), de colocar o ex-presidente Jair Bolsonaro (PL) em pris\u00e3o domiciliar deve impactar o cen\u00e1rio econ\u00f4mico brasileiro, com possibilidade, inclusive, de influenciar nas negocia\u00e7\u00f5es entre Estados Unidos e Brasil sobre a tarifa de 50%, imposta pelo presidente Donald Trump, sobre produtos brasileiros. Segundo mat\u00e9ria [&hellip;]<\/p>\n","protected":false},"author":1,"featured_media":43974,"comment_status":"closed","ping_status":"closed","sticky":false,"template":"","format":"standard","meta":{"om_disable_all_campaigns":false,"rop_custom_images_group":[],"rop_custom_messages_group":[],"rop_publish_now":"initial","rop_publish_now_accounts":[],"rop_publish_now_history":[],"rop_publish_now_status":"pending","_exactmetrics_skip_tracking":false,"footnotes":""},"categories":[21],"tags":[],"class_list":["post-43973","post","type-post","status-publish","format-standard","has-post-thumbnail","hentry","category-brasil"],"aioseo_notices":[],"aioseo_head":"\n\t\t<!-- All in One SEO 4.9.10 - aioseo.com -->\n\t<meta name=\"description\" content=\"A decis\u00e3o do ministro Alexandre de Moraes, do Supremo Tribunal Federal (STF), de colocar o ex-presidente Jair Bolsonaro (PL) em pris\u00e3o domiciliar deve impactar o cen\u00e1rio econ\u00f4mico brasileiro, com possibilidade, inclusive, de influenciar nas negocia\u00e7\u00f5es entre Estados Unidos e Brasil sobre a tarifa de 50%, imposta pelo presidente Donald Trump, sobre produtos brasileiros. Segundo mat\u00e9ria\" \/>\n\t<meta name=\"robots\" content=\"max-image-preview:large\" \/>\n\t<meta name=\"author\" content=\"administrador\"\/>\n\t<link rel=\"canonical\" href=\"https:\/\/newsinfoco.com.br\/inicio\/prisao-de-bolsonaro-deve-impactar-nas-negociacoes-entre-brasil-e-eua-diz-analista\/\" \/>\n\t<meta name=\"generator\" content=\"All in One SEO (AIOSEO) 4.9.10\" \/>\n\t\t<meta property=\"og:locale\" content=\"pt_BR\" \/>\n\t\t<meta property=\"og:site_name\" content=\"News In Foco - Editado por Caio Pimenta - O principal site de noticias de Alagoinhas e regi\u00e3o\" \/>\n\t\t<meta property=\"og:type\" content=\"article\" \/>\n\t\t<meta property=\"og:title\" content=\"Pris\u00e3o de Bolsonaro deve impactar nas negocia\u00e7\u00f5es entre Brasil e EUA, diz analista - News In Foco - Editado por Caio Pimenta\" \/>\n\t\t<meta property=\"og:description\" content=\"A decis\u00e3o do ministro Alexandre de Moraes, do Supremo Tribunal Federal (STF), de colocar o ex-presidente Jair Bolsonaro (PL) em pris\u00e3o domiciliar deve impactar o cen\u00e1rio econ\u00f4mico brasileiro, com possibilidade, inclusive, de influenciar nas negocia\u00e7\u00f5es entre Estados Unidos e Brasil sobre a tarifa de 50%, imposta pelo presidente Donald Trump, sobre produtos brasileiros. Segundo mat\u00e9ria\" \/>\n\t\t<meta property=\"og:url\" content=\"https:\/\/newsinfoco.com.br\/inicio\/prisao-de-bolsonaro-deve-impactar-nas-negociacoes-entre-brasil-e-eua-diz-analista\/\" \/>\n\t\t<meta property=\"article:published_time\" content=\"2025-08-05T20:11:14+00:00\" \/>\n\t\t<meta property=\"article:modified_time\" content=\"2025-08-05T20:52:24+00:00\" \/>\n\t\t<meta name=\"twitter:card\" content=\"summary_large_image\" \/>\n\t\t<meta name=\"twitter:title\" content=\"Pris\u00e3o de Bolsonaro deve impactar nas negocia\u00e7\u00f5es entre Brasil e EUA, diz analista - News In Foco - Editado por Caio Pimenta\" \/>\n\t\t<meta name=\"twitter:description\" content=\"A decis\u00e3o do ministro Alexandre de Moraes, do Supremo Tribunal Federal (STF), de colocar o ex-presidente Jair Bolsonaro (PL) em pris\u00e3o domiciliar deve impactar o cen\u00e1rio econ\u00f4mico brasileiro, com possibilidade, inclusive, de influenciar nas negocia\u00e7\u00f5es entre Estados Unidos e Brasil sobre a tarifa de 50%, imposta pelo presidente Donald Trump, sobre produtos brasileiros. Segundo mat\u00e9ria\" \/>\n\t\t<script type=\"application\/ld+json\" class=\"aioseo-schema\">\n\t\t\t{\"@context\":\"https:\\\/\\\/schema.org\",\"@graph\":[{\"@type\":\"BlogPosting\",\"@id\":\"https:\\\/\\\/newsinfoco.com.br\\\/inicio\\\/prisao-de-bolsonaro-deve-impactar-nas-negociacoes-entre-brasil-e-eua-diz-analista\\\/#blogposting\",\"name\":\"Pris\\u00e3o de Bolsonaro deve impactar nas negocia\\u00e7\\u00f5es entre Brasil e EUA, diz analista - News In Foco - Editado por Caio Pimenta\",\"headline\":\"Pris\\u00e3o de Bolsonaro deve impactar nas negocia\\u00e7\\u00f5es entre Brasil e EUA, diz analista\",\"author\":{\"@id\":\"https:\\\/\\\/newsinfoco.com.br\\\/inicio\\\/author\\\/administrador\\\/#author\"},\"publisher\":{\"@id\":\"https:\\\/\\\/newsinfoco.com.br\\\/inicio\\\/#organization\"},\"image\":{\"@type\":\"ImageObject\",\"url\":\"https:\\\/\\\/newsinfoco.com.br\\\/inicio\\\/wp-content\\\/uploads\\\/2025\\\/08\\\/lula-bolsonaro-e-trump.png\",\"width\":600,\"height\":420},\"datePublished\":\"2025-08-05T17:11:14-03:00\",\"dateModified\":\"2025-08-05T17:52:24-03:00\",\"inLanguage\":\"pt-BR\",\"mainEntityOfPage\":{\"@id\":\"https:\\\/\\\/newsinfoco.com.br\\\/inicio\\\/prisao-de-bolsonaro-deve-impactar-nas-negociacoes-entre-brasil-e-eua-diz-analista\\\/#webpage\"},\"isPartOf\":{\"@id\":\"https:\\\/\\\/newsinfoco.com.br\\\/inicio\\\/prisao-de-bolsonaro-deve-impactar-nas-negociacoes-entre-brasil-e-eua-diz-analista\\\/#webpage\"},\"articleSection\":\"Brasil\"},{\"@type\":\"BreadcrumbList\",\"@id\":\"https:\\\/\\\/newsinfoco.com.br\\\/inicio\\\/prisao-de-bolsonaro-deve-impactar-nas-negociacoes-entre-brasil-e-eua-diz-analista\\\/#breadcrumblist\",\"itemListElement\":[{\"@type\":\"ListItem\",\"@id\":\"https:\\\/\\\/newsinfoco.com.br\\\/inicio#listItem\",\"position\":1,\"name\":\"In\\u00edcio\",\"item\":\"https:\\\/\\\/newsinfoco.com.br\\\/inicio\",\"nextItem\":{\"@type\":\"ListItem\",\"@id\":\"https:\\\/\\\/newsinfoco.com.br\\\/inicio\\\/category\\\/brasil\\\/#listItem\",\"name\":\"Brasil\"}},{\"@type\":\"ListItem\",\"@id\":\"https:\\\/\\\/newsinfoco.com.br\\\/inicio\\\/category\\\/brasil\\\/#listItem\",\"position\":2,\"name\":\"Brasil\",\"item\":\"https:\\\/\\\/newsinfoco.com.br\\\/inicio\\\/category\\\/brasil\\\/\",\"nextItem\":{\"@type\":\"ListItem\",\"@id\":\"https:\\\/\\\/newsinfoco.com.br\\\/inicio\\\/prisao-de-bolsonaro-deve-impactar-nas-negociacoes-entre-brasil-e-eua-diz-analista\\\/#listItem\",\"name\":\"Pris\\u00e3o de Bolsonaro deve impactar nas negocia\\u00e7\\u00f5es entre Brasil e EUA, diz analista\"},\"previousItem\":{\"@type\":\"ListItem\",\"@id\":\"https:\\\/\\\/newsinfoco.com.br\\\/inicio#listItem\",\"name\":\"In\\u00edcio\"}},{\"@type\":\"ListItem\",\"@id\":\"https:\\\/\\\/newsinfoco.com.br\\\/inicio\\\/prisao-de-bolsonaro-deve-impactar-nas-negociacoes-entre-brasil-e-eua-diz-analista\\\/#listItem\",\"position\":3,\"name\":\"Pris\\u00e3o de Bolsonaro deve impactar nas negocia\\u00e7\\u00f5es entre Brasil e EUA, diz analista\",\"previousItem\":{\"@type\":\"ListItem\",\"@id\":\"https:\\\/\\\/newsinfoco.com.br\\\/inicio\\\/category\\\/brasil\\\/#listItem\",\"name\":\"Brasil\"}}]},{\"@type\":\"Organization\",\"@id\":\"https:\\\/\\\/newsinfoco.com.br\\\/inicio\\\/#organization\",\"name\":\"News In Foco - Editado por Caio Pimenta\",\"description\":\"O principal site de noticias de Alagoinhas e regi\\u00e3o\",\"url\":\"https:\\\/\\\/newsinfoco.com.br\\\/inicio\\\/\"},{\"@type\":\"Person\",\"@id\":\"https:\\\/\\\/newsinfoco.com.br\\\/inicio\\\/author\\\/administrador\\\/#author\",\"url\":\"https:\\\/\\\/newsinfoco.com.br\\\/inicio\\\/author\\\/administrador\\\/\",\"name\":\"administrador\",\"image\":{\"@type\":\"ImageObject\",\"@id\":\"https:\\\/\\\/newsinfoco.com.br\\\/inicio\\\/prisao-de-bolsonaro-deve-impactar-nas-negociacoes-entre-brasil-e-eua-diz-analista\\\/#authorImage\",\"url\":\"https:\\\/\\\/secure.gravatar.com\\\/avatar\\\/c17a617433de8c1dc9584bb79aab7563b46f5bb7e1728c9b17d9cc3ce6a08e49?s=96&d=mm&r=g\",\"width\":96,\"height\":96,\"caption\":\"administrador\"}},{\"@type\":\"WebPage\",\"@id\":\"https:\\\/\\\/newsinfoco.com.br\\\/inicio\\\/prisao-de-bolsonaro-deve-impactar-nas-negociacoes-entre-brasil-e-eua-diz-analista\\\/#webpage\",\"url\":\"https:\\\/\\\/newsinfoco.com.br\\\/inicio\\\/prisao-de-bolsonaro-deve-impactar-nas-negociacoes-entre-brasil-e-eua-diz-analista\\\/\",\"name\":\"Pris\\u00e3o de Bolsonaro deve impactar nas negocia\\u00e7\\u00f5es entre Brasil e EUA, diz analista - News In Foco - Editado por Caio Pimenta\",\"description\":\"A decis\\u00e3o do ministro Alexandre de Moraes, do Supremo Tribunal Federal (STF), de colocar o ex-presidente Jair Bolsonaro (PL) em pris\\u00e3o domiciliar deve impactar o cen\\u00e1rio econ\\u00f4mico brasileiro, com possibilidade, inclusive, de influenciar nas negocia\\u00e7\\u00f5es entre Estados Unidos e Brasil sobre a tarifa de 50%, imposta pelo presidente Donald Trump, sobre produtos brasileiros. Segundo mat\\u00e9ria\",\"inLanguage\":\"pt-BR\",\"isPartOf\":{\"@id\":\"https:\\\/\\\/newsinfoco.com.br\\\/inicio\\\/#website\"},\"breadcrumb\":{\"@id\":\"https:\\\/\\\/newsinfoco.com.br\\\/inicio\\\/prisao-de-bolsonaro-deve-impactar-nas-negociacoes-entre-brasil-e-eua-diz-analista\\\/#breadcrumblist\"},\"author\":{\"@id\":\"https:\\\/\\\/newsinfoco.com.br\\\/inicio\\\/author\\\/administrador\\\/#author\"},\"creator\":{\"@id\":\"https:\\\/\\\/newsinfoco.com.br\\\/inicio\\\/author\\\/administrador\\\/#author\"},\"image\":{\"@type\":\"ImageObject\",\"url\":\"https:\\\/\\\/newsinfoco.com.br\\\/inicio\\\/wp-content\\\/uploads\\\/2025\\\/08\\\/lula-bolsonaro-e-trump.png\",\"@id\":\"https:\\\/\\\/newsinfoco.com.br\\\/inicio\\\/prisao-de-bolsonaro-deve-impactar-nas-negociacoes-entre-brasil-e-eua-diz-analista\\\/#mainImage\",\"width\":600,\"height\":420},\"primaryImageOfPage\":{\"@id\":\"https:\\\/\\\/newsinfoco.com.br\\\/inicio\\\/prisao-de-bolsonaro-deve-impactar-nas-negociacoes-entre-brasil-e-eua-diz-analista\\\/#mainImage\"},\"datePublished\":\"2025-08-05T17:11:14-03:00\",\"dateModified\":\"2025-08-05T17:52:24-03:00\"},{\"@type\":\"WebSite\",\"@id\":\"https:\\\/\\\/newsinfoco.com.br\\\/inicio\\\/#website\",\"url\":\"https:\\\/\\\/newsinfoco.com.br\\\/inicio\\\/\",\"name\":\"News In Foco - Editado por Caio Pimenta\",\"description\":\"O principal site de noticias de Alagoinhas e regi\\u00e3o\",\"inLanguage\":\"pt-BR\",\"publisher\":{\"@id\":\"https:\\\/\\\/newsinfoco.com.br\\\/inicio\\\/#organization\"}}]}\n\t\t<\/script>\n\t\t<!-- All in One SEO -->\n\n","aioseo_head_json":{"title":"Pris\u00e3o de Bolsonaro deve impactar nas negocia\u00e7\u00f5es entre Brasil e EUA, diz analista - News In Foco - Editado por Caio Pimenta","description":"A decis\u00e3o do ministro Alexandre de Moraes, do Supremo Tribunal Federal (STF), de colocar o ex-presidente Jair Bolsonaro (PL) em pris\u00e3o domiciliar deve impactar o cen\u00e1rio econ\u00f4mico brasileiro, com possibilidade, inclusive, de influenciar nas negocia\u00e7\u00f5es entre Estados Unidos e Brasil sobre a tarifa de 50%, imposta pelo presidente Donald Trump, sobre produtos brasileiros. Segundo mat\u00e9ria","canonical_url":"https:\/\/newsinfoco.com.br\/inicio\/prisao-de-bolsonaro-deve-impactar-nas-negociacoes-entre-brasil-e-eua-diz-analista\/","robots":"max-image-preview:large","keywords":"","webmasterTools":{"miscellaneous":""},"schema":{"@context":"https:\/\/schema.org","@graph":[{"@type":"BlogPosting","@id":"https:\/\/newsinfoco.com.br\/inicio\/prisao-de-bolsonaro-deve-impactar-nas-negociacoes-entre-brasil-e-eua-diz-analista\/#blogposting","name":"Pris\u00e3o de Bolsonaro deve impactar nas negocia\u00e7\u00f5es entre Brasil e EUA, diz analista - News In Foco - Editado por Caio Pimenta","headline":"Pris\u00e3o de Bolsonaro deve impactar nas negocia\u00e7\u00f5es entre Brasil e EUA, diz analista","author":{"@id":"https:\/\/newsinfoco.com.br\/inicio\/author\/administrador\/#author"},"publisher":{"@id":"https:\/\/newsinfoco.com.br\/inicio\/#organization"},"image":{"@type":"ImageObject","url":"https:\/\/newsinfoco.com.br\/inicio\/wp-content\/uploads\/2025\/08\/lula-bolsonaro-e-trump.png","width":600,"height":420},"datePublished":"2025-08-05T17:11:14-03:00","dateModified":"2025-08-05T17:52:24-03:00","inLanguage":"pt-BR","mainEntityOfPage":{"@id":"https:\/\/newsinfoco.com.br\/inicio\/prisao-de-bolsonaro-deve-impactar-nas-negociacoes-entre-brasil-e-eua-diz-analista\/#webpage"},"isPartOf":{"@id":"https:\/\/newsinfoco.com.br\/inicio\/prisao-de-bolsonaro-deve-impactar-nas-negociacoes-entre-brasil-e-eua-diz-analista\/#webpage"},"articleSection":"Brasil"},{"@type":"BreadcrumbList","@id":"https:\/\/newsinfoco.com.br\/inicio\/prisao-de-bolsonaro-deve-impactar-nas-negociacoes-entre-brasil-e-eua-diz-analista\/#breadcrumblist","itemListElement":[{"@type":"ListItem","@id":"https:\/\/newsinfoco.com.br\/inicio#listItem","position":1,"name":"In\u00edcio","item":"https:\/\/newsinfoco.com.br\/inicio","nextItem":{"@type":"ListItem","@id":"https:\/\/newsinfoco.com.br\/inicio\/category\/brasil\/#listItem","name":"Brasil"}},{"@type":"ListItem","@id":"https:\/\/newsinfoco.com.br\/inicio\/category\/brasil\/#listItem","position":2,"name":"Brasil","item":"https:\/\/newsinfoco.com.br\/inicio\/category\/brasil\/","nextItem":{"@type":"ListItem","@id":"https:\/\/newsinfoco.com.br\/inicio\/prisao-de-bolsonaro-deve-impactar-nas-negociacoes-entre-brasil-e-eua-diz-analista\/#listItem","name":"Pris\u00e3o de Bolsonaro deve impactar nas negocia\u00e7\u00f5es entre Brasil e EUA, diz analista"},"previousItem":{"@type":"ListItem","@id":"https:\/\/newsinfoco.com.br\/inicio#listItem","name":"In\u00edcio"}},{"@type":"ListItem","@id":"https:\/\/newsinfoco.com.br\/inicio\/prisao-de-bolsonaro-deve-impactar-nas-negociacoes-entre-brasil-e-eua-diz-analista\/#listItem","position":3,"name":"Pris\u00e3o de Bolsonaro deve impactar nas negocia\u00e7\u00f5es entre Brasil e EUA, diz analista","previousItem":{"@type":"ListItem","@id":"https:\/\/newsinfoco.com.br\/inicio\/category\/brasil\/#listItem","name":"Brasil"}}]},{"@type":"Organization","@id":"https:\/\/newsinfoco.com.br\/inicio\/#organization","name":"News In Foco - Editado por Caio Pimenta","description":"O principal site de noticias de Alagoinhas e regi\u00e3o","url":"https:\/\/newsinfoco.com.br\/inicio\/"},{"@type":"Person","@id":"https:\/\/newsinfoco.com.br\/inicio\/author\/administrador\/#author","url":"https:\/\/newsinfoco.com.br\/inicio\/author\/administrador\/","name":"administrador","image":{"@type":"ImageObject","@id":"https:\/\/newsinfoco.com.br\/inicio\/prisao-de-bolsonaro-deve-impactar-nas-negociacoes-entre-brasil-e-eua-diz-analista\/#authorImage","url":"https:\/\/secure.gravatar.com\/avatar\/c17a617433de8c1dc9584bb79aab7563b46f5bb7e1728c9b17d9cc3ce6a08e49?s=96&d=mm&r=g","width":96,"height":96,"caption":"administrador"}},{"@type":"WebPage","@id":"https:\/\/newsinfoco.com.br\/inicio\/prisao-de-bolsonaro-deve-impactar-nas-negociacoes-entre-brasil-e-eua-diz-analista\/#webpage","url":"https:\/\/newsinfoco.com.br\/inicio\/prisao-de-bolsonaro-deve-impactar-nas-negociacoes-entre-brasil-e-eua-diz-analista\/","name":"Pris\u00e3o de Bolsonaro deve impactar nas negocia\u00e7\u00f5es entre Brasil e EUA, diz analista - News In Foco - Editado por Caio Pimenta","description":"A decis\u00e3o do ministro Alexandre de Moraes, do Supremo Tribunal Federal (STF), de colocar o ex-presidente Jair Bolsonaro (PL) em pris\u00e3o domiciliar deve impactar o cen\u00e1rio econ\u00f4mico brasileiro, com possibilidade, inclusive, de influenciar nas negocia\u00e7\u00f5es entre Estados Unidos e Brasil sobre a tarifa de 50%, imposta pelo presidente Donald Trump, sobre produtos brasileiros. Segundo mat\u00e9ria","inLanguage":"pt-BR","isPartOf":{"@id":"https:\/\/newsinfoco.com.br\/inicio\/#website"},"breadcrumb":{"@id":"https:\/\/newsinfoco.com.br\/inicio\/prisao-de-bolsonaro-deve-impactar-nas-negociacoes-entre-brasil-e-eua-diz-analista\/#breadcrumblist"},"author":{"@id":"https:\/\/newsinfoco.com.br\/inicio\/author\/administrador\/#author"},"creator":{"@id":"https:\/\/newsinfoco.com.br\/inicio\/author\/administrador\/#author"},"image":{"@type":"ImageObject","url":"https:\/\/newsinfoco.com.br\/inicio\/wp-content\/uploads\/2025\/08\/lula-bolsonaro-e-trump.png","@id":"https:\/\/newsinfoco.com.br\/inicio\/prisao-de-bolsonaro-deve-impactar-nas-negociacoes-entre-brasil-e-eua-diz-analista\/#mainImage","width":600,"height":420},"primaryImageOfPage":{"@id":"https:\/\/newsinfoco.com.br\/inicio\/prisao-de-bolsonaro-deve-impactar-nas-negociacoes-entre-brasil-e-eua-diz-analista\/#mainImage"},"datePublished":"2025-08-05T17:11:14-03:00","dateModified":"2025-08-05T17:52:24-03:00"},{"@type":"WebSite","@id":"https:\/\/newsinfoco.com.br\/inicio\/#website","url":"https:\/\/newsinfoco.com.br\/inicio\/","name":"News In Foco - Editado por Caio Pimenta","description":"O principal site de noticias de Alagoinhas e regi\u00e3o","inLanguage":"pt-BR","publisher":{"@id":"https:\/\/newsinfoco.com.br\/inicio\/#organization"}}]},"og:locale":"pt_BR","og:site_name":"News In Foco - Editado por Caio Pimenta - O principal site de noticias de Alagoinhas e regi\u00e3o","og:type":"article","og:title":"Pris\u00e3o de Bolsonaro deve impactar nas negocia\u00e7\u00f5es entre Brasil e EUA, diz analista - News In Foco - Editado por Caio Pimenta","og:description":"A decis\u00e3o do ministro Alexandre de Moraes, do Supremo Tribunal Federal (STF), de colocar o ex-presidente Jair Bolsonaro (PL) em pris\u00e3o domiciliar deve impactar o cen\u00e1rio econ\u00f4mico brasileiro, com possibilidade, inclusive, de influenciar nas negocia\u00e7\u00f5es entre Estados Unidos e Brasil sobre a tarifa de 50%, imposta pelo presidente Donald Trump, sobre produtos brasileiros. Segundo mat\u00e9ria","og:url":"https:\/\/newsinfoco.com.br\/inicio\/prisao-de-bolsonaro-deve-impactar-nas-negociacoes-entre-brasil-e-eua-diz-analista\/","article:published_time":"2025-08-05T20:11:14+00:00","article:modified_time":"2025-08-05T20:52:24+00:00","twitter:card":"summary_large_image","twitter:title":"Pris\u00e3o de Bolsonaro deve impactar nas negocia\u00e7\u00f5es entre Brasil e EUA, diz analista - News In Foco - Editado por Caio Pimenta","twitter:description":"A decis\u00e3o do ministro Alexandre de Moraes, do Supremo Tribunal Federal (STF), de colocar o ex-presidente Jair Bolsonaro (PL) em pris\u00e3o domiciliar deve impactar o cen\u00e1rio econ\u00f4mico brasileiro, com possibilidade, inclusive, de influenciar nas negocia\u00e7\u00f5es entre Estados Unidos e Brasil sobre a tarifa de 50%, imposta pelo presidente Donald Trump, sobre produtos brasileiros. Segundo mat\u00e9ria"},"aioseo_meta_data":{"post_id":"43973","title":null,"description":null,"keywords":null,"keyphrases":{"focus":{"keyphrase":"","score":0,"analysis":{"keyphraseInTitle":{"score":0,"maxScore":9,"error":1}}},"additional":[]},"primary_term":null,"canonical_url":null,"og_title":null,"og_description":null,"og_object_type":"default","og_image_type":"default","og_image_url":null,"og_image_width":null,"og_image_height":null,"og_image_custom_url":null,"og_image_custom_fields":null,"og_video":"","og_custom_url":null,"og_article_section":null,"og_article_tags":null,"twitter_use_og":false,"twitter_card":"default","twitter_image_type":"default","twitter_image_url":null,"twitter_image_custom_url":null,"twitter_image_custom_fields":null,"twitter_title":null,"twitter_description":null,"schema":{"blockGraphs":[],"customGraphs":[],"default":{"data":{"Article":[],"Course":[],"Dataset":[],"FAQPage":[],"Movie":[],"Person":[],"Product":[],"ProductReview":[],"Car":[],"Recipe":[],"Service":[],"SoftwareApplication":[],"WebPage":[]},"graphName":"BlogPosting","isEnabled":true},"graphs":[]},"schema_type":"default","schema_type_options":null,"pillar_content":false,"robots_default":true,"robots_noindex":false,"robots_noarchive":false,"robots_nosnippet":false,"robots_nofollow":false,"robots_noimageindex":false,"robots_noodp":false,"robots_notranslate":false,"robots_max_snippet":"-1","robots_max_videopreview":"-1","robots_max_imagepreview":"large","priority":null,"frequency":"default","local_seo":null,"breadcrumb_settings":null,"limit_modified_date":false,"ai":{"faqs":[],"keyPoints":[],"titles":[],"descriptions":[],"socialPosts":{"email":[],"linkedin":[],"twitter":[],"facebook":[],"instagram":[]}},"created":"2025-08-05 20:11:14","updated":"2025-08-05 21:01:59","seo_analyzer_scan_date":null},"aioseo_breadcrumb":"<div class=\"aioseo-breadcrumbs\"><span class=\"aioseo-breadcrumb\">\n\t\t\t<a href=\"https:\/\/newsinfoco.com.br\/inicio\" title=\"In\u00edcio\">In\u00edcio<\/a>\n\t\t<\/span><span class=\"aioseo-breadcrumb-separator\">&raquo;<\/span><span class=\"aioseo-breadcrumb\">\n\t\t\t<a href=\"https:\/\/newsinfoco.com.br\/inicio\/category\/brasil\/\" title=\"Brasil\">Brasil<\/a>\n\t\t<\/span><span class=\"aioseo-breadcrumb-separator\">&raquo;<\/span><span class=\"aioseo-breadcrumb\">\n\t\t\tPris\u00e3o de Bolsonaro deve impactar nas negocia\u00e7\u00f5es entre Brasil e EUA, diz analista\n\t\t<\/span><\/div>","aioseo_breadcrumb_json":[{"label":"In\u00edcio","link":"https:\/\/newsinfoco.com.br\/inicio"},{"label":"Brasil","link":"https:\/\/newsinfoco.com.br\/inicio\/category\/brasil\/"},{"label":"Pris\u00e3o de Bolsonaro deve impactar nas negocia\u00e7\u00f5es entre Brasil e EUA, diz analista","link":"https:\/\/newsinfoco.com.br\/inicio\/prisao-de-bolsonaro-deve-impactar-nas-negociacoes-entre-brasil-e-eua-diz-analista\/"}],"_links":{"self":[{"href":"https:\/\/newsinfoco.com.br\/inicio\/wp-json\/wp\/v2\/posts\/43973","targetHints":{"allow":["GET"]}}],"collection":[{"href":"https:\/\/newsinfoco.com.br\/inicio\/wp-json\/wp\/v2\/posts"}],"about":[{"href":"https:\/\/newsinfoco.com.br\/inicio\/wp-json\/wp\/v2\/types\/post"}],"author":[{"embeddable":true,"href":"https:\/\/newsinfoco.com.br\/inicio\/wp-json\/wp\/v2\/users\/1"}],"replies":[{"embeddable":true,"href":"https:\/\/newsinfoco.com.br\/inicio\/wp-json\/wp\/v2\/comments?post=43973"}],"version-history":[{"count":2,"href":"https:\/\/newsinfoco.com.br\/inicio\/wp-json\/wp\/v2\/posts\/43973\/revisions"}],"predecessor-version":[{"id":43982,"href":"https:\/\/newsinfoco.com.br\/inicio\/wp-json\/wp\/v2\/posts\/43973\/revisions\/43982"}],"wp:featuredmedia":[{"embeddable":true,"href":"https:\/\/newsinfoco.com.br\/inicio\/wp-json\/wp\/v2\/media\/43974"}],"wp:attachment":[{"href":"https:\/\/newsinfoco.com.br\/inicio\/wp-json\/wp\/v2\/media?parent=43973"}],"wp:term":[{"taxonomy":"category","embeddable":true,"href":"https:\/\/newsinfoco.com.br\/inicio\/wp-json\/wp\/v2\/categories?post=43973"},{"taxonomy":"post_tag","embeddable":true,"href":"https:\/\/newsinfoco.com.br\/inicio\/wp-json\/wp\/v2\/tags?post=43973"}],"curies":[{"name":"wp","href":"https:\/\/api.w.org\/{rel}","templated":true}]}}