{"id":43976,"date":"2025-08-05T17:22:39","date_gmt":"2025-08-05T20:22:39","guid":{"rendered":"https:\/\/newsinfoco.com.br\/inicio\/?p=43976"},"modified":"2025-08-05T17:22:39","modified_gmt":"2025-08-05T20:22:39","slug":"governo-trump-acusa-moraes-de-violar-direitos-humanos-e-condena-prisao-de-bolsonaro","status":"publish","type":"post","link":"https:\/\/newsinfoco.com.br\/inicio\/governo-trump-acusa-moraes-de-violar-direitos-humanos-e-condena-prisao-de-bolsonaro\/","title":{"rendered":"Governo Trump acusa Moraes de violar direitos humanos e condena pris\u00e3o de Bolsonaro"},"content":{"rendered":"<p>O Escrit\u00f3rio para Assuntos do Hemisf\u00e9rio Ocidental do Departamento de Estado dos Estados Unidos (EUA) condenou a\u00a0<a href=\"https:\/\/bahia.ba\/politica\/urgente-moraes-decreta-prisao-domiciliar-de-jair-bolsonaro\/\" target=\"_blank\" rel=\"noopener\"><strong>pris\u00e3o domiciliar do ex-presidente Jair Bolsonaro<\/strong><\/a>\u00a0na \u00faltima segunda-feira, 4, por determina\u00e7\u00e3o do\u00a0<strong>ministro Alexandre de Moraes, do Supremo Tribunal Federal (STF).<\/strong><\/p>\n<p>\u201cOs Estados Unidos condenam a ordem de Moraes que imp\u00f5e pris\u00e3o domiciliar a Bolsonaro e responsabilizar\u00e3o todos aqueles que auxiliaram e incentivaram a conduta sancionada\u201d, diz a institui\u00e7\u00e3o.<\/p>\n<p>Em uma publica\u00e7\u00e3o no X (antigo Twitter), o \u00f3rg\u00e3o do governo Trump considerou a decis\u00e3o como uma forma de silenciamento e retalia\u00e7\u00e3o ao ex-presidente e ao grupo de oposi\u00e7\u00e3o. O comunicado publicado na noite de ontem \u00e9 uma cr\u00edtica ao posicionamento de Moraes.<\/p>\n<p>\u201cO juiz Moraes, agora um violador de direitos humanos sancionado pelos EUA, continua a usar as institui\u00e7\u00f5es brasileiras para silenciar a oposi\u00e7\u00e3o e amea\u00e7ar a democracia. Impor ainda mais restri\u00e7\u00f5es \u00e0 capacidade de Jair Bolsonaro de se defender em p\u00fablico n\u00e3o \u00e9 um servi\u00e7o p\u00fablico. Deixem Bolsonaro falar!\u201d, conclui a nota.<\/p>\n<p>No \u00faltimo dia 30, o governo americano incluiu o\u00a0<a href=\"https:\/\/bahia.ba\/politica\/governo-trump-usa-lei-magnitsky-para-punir-moraes-entenda-as-sancoes\/\" target=\"_blank\" rel=\"noopener\"><strong>ministro Alexandre de Moraes na lista dos sancionados pela Lei Magnitsky<\/strong><\/a>\u00a0contra o ministro Alexandre de Moraes, sob a justificativa de\u00a0\u201cconduzir uma ca\u00e7a \u00e0s bruxas ilegal contra cidad\u00e3os e empresas americanas e brasileiras\u201d, referindo-se ao ex-presidente.<\/p>\n<p>A legisla\u00e7\u00e3o tem o intuito de punir estrangeiros envolvidos em corrup\u00e7\u00e3o ou viola\u00e7\u00f5es de direitos humanos.<\/p>\n<p><strong>Entenda Lei Magnitsky<\/strong><\/p>\n<p>Criada em 2012 durante o governo de Barack Obama, a Lei Magnitsky foi inicialmente direcionada a punir autoridades russas envolvidas na morte do advogado Sergei Magnitsky, que denunciou um esquema de corrup\u00e7\u00e3o e morreu em uma pris\u00e3o de Moscou em 2009.<\/p>\n<div>\n<div>\n<div class=\"trv-player-container\">\n<div class=\"trv-wrapper\">\n<div id=\"br_video_player_e8f2a70de7084d0c7e5863adf91da79dc3c659f9\" class=\"trvd_video_player trvdinstream\">\n<div class=\"media-player\">\n<div class=\"trv-video\">\n<div id=\"truvid_ima_container90473\" class=\"truvid_ima_container\">\n<div>\n<div>\n<div class=\"conteudo_post\">\n<p>Em 2016, o escopo da legisla\u00e7\u00e3o foi ampliado por meio de uma emenda, permitindo que qualquer indiv\u00edduo, em qualquer pa\u00eds, possa ser sancionado por envolvimento em corrup\u00e7\u00e3o ou graves viola\u00e7\u00f5es de direitos humanos.<\/p>\n<p>As puni\u00e7\u00f5es incluem bloqueio de ativos, restri\u00e7\u00f5es financeiras e de imigra\u00e7\u00e3o, como cancelamento de vistos e proibi\u00e7\u00e3o de entrada nos EUA.<\/p>\n<\/div>\n<div id=\"div-share\">Bahia.Ba<\/div>\n<\/div>\n<\/div>\n<\/div>\n<\/div>\n<\/div>\n<\/div>\n<\/div>\n<\/div>\n<\/div>\n<\/div>\n<div class='share-to-whatsapp-wrapper'><div class='share-on-whsp'>Share on: <\/div><a data-text='Governo Trump acusa Moraes de violar direitos humanos e condena pris\u00e3o de Bolsonaro' data-link='https:\/\/newsinfoco.com.br\/inicio\/governo-trump-acusa-moraes-de-violar-direitos-humanos-e-condena-prisao-de-bolsonaro\/' class='whatsapp-button whatsapp-share'>WhatsApp<\/a><div class='clear '><\/div><\/div>","protected":false},"excerpt":{"rendered":"<p>O Escrit\u00f3rio para Assuntos do Hemisf\u00e9rio Ocidental do Departamento de Estado dos Estados Unidos (EUA) condenou a\u00a0pris\u00e3o domiciliar do ex-presidente Jair Bolsonaro\u00a0na \u00faltima segunda-feira, 4, por determina\u00e7\u00e3o do\u00a0ministro Alexandre de Moraes, do Supremo Tribunal Federal (STF). \u201cOs Estados Unidos condenam a ordem de Moraes que imp\u00f5e pris\u00e3o domiciliar a Bolsonaro e responsabilizar\u00e3o todos aqueles que [&hellip;]<\/p>\n","protected":false},"author":1,"featured_media":43977,"comment_status":"closed","ping_status":"closed","sticky":false,"template":"","format":"standard","meta":{"om_disable_all_campaigns":false,"rop_custom_images_group":[],"rop_custom_messages_group":[],"rop_publish_now":"initial","rop_publish_now_accounts":[],"rop_publish_now_history":[],"rop_publish_now_status":"pending","_exactmetrics_skip_tracking":false,"footnotes":""},"categories":[21],"tags":[],"class_list":["post-43976","post","type-post","status-publish","format-standard","has-post-thumbnail","hentry","category-brasil"],"aioseo_notices":[],"aioseo_head":"\n\t\t<!-- All in One SEO 4.9.10 - aioseo.com -->\n\t<meta name=\"description\" content=\"O Escrit\u00f3rio para Assuntos do Hemisf\u00e9rio Ocidental do Departamento de Estado dos Estados Unidos (EUA) condenou a pris\u00e3o domiciliar do ex-presidente Jair Bolsonaro na \u00faltima segunda-feira, 4, por determina\u00e7\u00e3o do ministro Alexandre de Moraes, do Supremo Tribunal Federal (STF). \u201cOs Estados Unidos condenam a ordem de Moraes que imp\u00f5e pris\u00e3o domiciliar a Bolsonaro e responsabilizar\u00e3o todos aqueles que\" \/>\n\t<meta name=\"robots\" content=\"max-image-preview:large\" \/>\n\t<meta name=\"author\" content=\"administrador\"\/>\n\t<link rel=\"canonical\" href=\"https:\/\/newsinfoco.com.br\/inicio\/governo-trump-acusa-moraes-de-violar-direitos-humanos-e-condena-prisao-de-bolsonaro\/\" \/>\n\t<meta name=\"generator\" content=\"All in One SEO (AIOSEO) 4.9.10\" \/>\n\t\t<meta property=\"og:locale\" content=\"pt_BR\" \/>\n\t\t<meta property=\"og:site_name\" content=\"News In Foco - Editado por Caio Pimenta - O principal site de noticias de Alagoinhas e regi\u00e3o\" \/>\n\t\t<meta property=\"og:type\" content=\"article\" \/>\n\t\t<meta property=\"og:title\" content=\"Governo Trump acusa Moraes de violar direitos humanos e condena pris\u00e3o de Bolsonaro - News In Foco - Editado por Caio Pimenta\" \/>\n\t\t<meta property=\"og:description\" content=\"O Escrit\u00f3rio para Assuntos do Hemisf\u00e9rio Ocidental do Departamento de Estado dos Estados Unidos (EUA) condenou a pris\u00e3o domiciliar do ex-presidente Jair Bolsonaro na \u00faltima segunda-feira, 4, por determina\u00e7\u00e3o do ministro Alexandre de Moraes, do Supremo Tribunal Federal (STF). \u201cOs Estados Unidos condenam a ordem de Moraes que imp\u00f5e pris\u00e3o domiciliar a Bolsonaro e responsabilizar\u00e3o todos aqueles que\" \/>\n\t\t<meta property=\"og:url\" content=\"https:\/\/newsinfoco.com.br\/inicio\/governo-trump-acusa-moraes-de-violar-direitos-humanos-e-condena-prisao-de-bolsonaro\/\" \/>\n\t\t<meta property=\"article:published_time\" content=\"2025-08-05T20:22:39+00:00\" \/>\n\t\t<meta property=\"article:modified_time\" content=\"2025-08-05T20:22:39+00:00\" \/>\n\t\t<meta name=\"twitter:card\" content=\"summary_large_image\" \/>\n\t\t<meta name=\"twitter:title\" content=\"Governo Trump acusa Moraes de violar direitos humanos e condena pris\u00e3o de Bolsonaro - News In Foco - Editado por Caio Pimenta\" \/>\n\t\t<meta name=\"twitter:description\" content=\"O Escrit\u00f3rio para Assuntos do Hemisf\u00e9rio Ocidental do Departamento de Estado dos Estados Unidos (EUA) condenou a pris\u00e3o domiciliar do ex-presidente Jair Bolsonaro na \u00faltima segunda-feira, 4, por determina\u00e7\u00e3o do ministro Alexandre de Moraes, do Supremo Tribunal Federal (STF). \u201cOs Estados Unidos condenam a ordem de Moraes que imp\u00f5e pris\u00e3o domiciliar a Bolsonaro e responsabilizar\u00e3o todos aqueles que\" \/>\n\t\t<script type=\"application\/ld+json\" class=\"aioseo-schema\">\n\t\t\t{\"@context\":\"https:\\\/\\\/schema.org\",\"@graph\":[{\"@type\":\"BlogPosting\",\"@id\":\"https:\\\/\\\/newsinfoco.com.br\\\/inicio\\\/governo-trump-acusa-moraes-de-violar-direitos-humanos-e-condena-prisao-de-bolsonaro\\\/#blogposting\",\"name\":\"Governo Trump acusa Moraes de violar direitos humanos e condena pris\\u00e3o de Bolsonaro - News In Foco - Editado por Caio Pimenta\",\"headline\":\"Governo Trump acusa Moraes de violar direitos humanos e condena pris\\u00e3o de Bolsonaro\",\"author\":{\"@id\":\"https:\\\/\\\/newsinfoco.com.br\\\/inicio\\\/author\\\/administrador\\\/#author\"},\"publisher\":{\"@id\":\"https:\\\/\\\/newsinfoco.com.br\\\/inicio\\\/#organization\"},\"image\":{\"@type\":\"ImageObject\",\"url\":\"https:\\\/\\\/newsinfoco.com.br\\\/inicio\\\/wp-content\\\/uploads\\\/2025\\\/08\\\/Presidente-Donald-Trump-e-Alexandre-de-Moraes.jpg\",\"width\":600,\"height\":420},\"datePublished\":\"2025-08-05T17:22:39-03:00\",\"dateModified\":\"2025-08-05T17:22:39-03:00\",\"inLanguage\":\"pt-BR\",\"mainEntityOfPage\":{\"@id\":\"https:\\\/\\\/newsinfoco.com.br\\\/inicio\\\/governo-trump-acusa-moraes-de-violar-direitos-humanos-e-condena-prisao-de-bolsonaro\\\/#webpage\"},\"isPartOf\":{\"@id\":\"https:\\\/\\\/newsinfoco.com.br\\\/inicio\\\/governo-trump-acusa-moraes-de-violar-direitos-humanos-e-condena-prisao-de-bolsonaro\\\/#webpage\"},\"articleSection\":\"Brasil\"},{\"@type\":\"BreadcrumbList\",\"@id\":\"https:\\\/\\\/newsinfoco.com.br\\\/inicio\\\/governo-trump-acusa-moraes-de-violar-direitos-humanos-e-condena-prisao-de-bolsonaro\\\/#breadcrumblist\",\"itemListElement\":[{\"@type\":\"ListItem\",\"@id\":\"https:\\\/\\\/newsinfoco.com.br\\\/inicio#listItem\",\"position\":1,\"name\":\"In\\u00edcio\",\"item\":\"https:\\\/\\\/newsinfoco.com.br\\\/inicio\",\"nextItem\":{\"@type\":\"ListItem\",\"@id\":\"https:\\\/\\\/newsinfoco.com.br\\\/inicio\\\/category\\\/brasil\\\/#listItem\",\"name\":\"Brasil\"}},{\"@type\":\"ListItem\",\"@id\":\"https:\\\/\\\/newsinfoco.com.br\\\/inicio\\\/category\\\/brasil\\\/#listItem\",\"position\":2,\"name\":\"Brasil\",\"item\":\"https:\\\/\\\/newsinfoco.com.br\\\/inicio\\\/category\\\/brasil\\\/\",\"nextItem\":{\"@type\":\"ListItem\",\"@id\":\"https:\\\/\\\/newsinfoco.com.br\\\/inicio\\\/governo-trump-acusa-moraes-de-violar-direitos-humanos-e-condena-prisao-de-bolsonaro\\\/#listItem\",\"name\":\"Governo Trump acusa Moraes de violar direitos humanos e condena pris\\u00e3o de Bolsonaro\"},\"previousItem\":{\"@type\":\"ListItem\",\"@id\":\"https:\\\/\\\/newsinfoco.com.br\\\/inicio#listItem\",\"name\":\"In\\u00edcio\"}},{\"@type\":\"ListItem\",\"@id\":\"https:\\\/\\\/newsinfoco.com.br\\\/inicio\\\/governo-trump-acusa-moraes-de-violar-direitos-humanos-e-condena-prisao-de-bolsonaro\\\/#listItem\",\"position\":3,\"name\":\"Governo Trump acusa Moraes de violar direitos humanos e condena pris\\u00e3o de Bolsonaro\",\"previousItem\":{\"@type\":\"ListItem\",\"@id\":\"https:\\\/\\\/newsinfoco.com.br\\\/inicio\\\/category\\\/brasil\\\/#listItem\",\"name\":\"Brasil\"}}]},{\"@type\":\"Organization\",\"@id\":\"https:\\\/\\\/newsinfoco.com.br\\\/inicio\\\/#organization\",\"name\":\"News In Foco - Editado por Caio Pimenta\",\"description\":\"O principal site de noticias de Alagoinhas e regi\\u00e3o\",\"url\":\"https:\\\/\\\/newsinfoco.com.br\\\/inicio\\\/\"},{\"@type\":\"Person\",\"@id\":\"https:\\\/\\\/newsinfoco.com.br\\\/inicio\\\/author\\\/administrador\\\/#author\",\"url\":\"https:\\\/\\\/newsinfoco.com.br\\\/inicio\\\/author\\\/administrador\\\/\",\"name\":\"administrador\",\"image\":{\"@type\":\"ImageObject\",\"@id\":\"https:\\\/\\\/newsinfoco.com.br\\\/inicio\\\/governo-trump-acusa-moraes-de-violar-direitos-humanos-e-condena-prisao-de-bolsonaro\\\/#authorImage\",\"url\":\"https:\\\/\\\/secure.gravatar.com\\\/avatar\\\/c17a617433de8c1dc9584bb79aab7563b46f5bb7e1728c9b17d9cc3ce6a08e49?s=96&d=mm&r=g\",\"width\":96,\"height\":96,\"caption\":\"administrador\"}},{\"@type\":\"WebPage\",\"@id\":\"https:\\\/\\\/newsinfoco.com.br\\\/inicio\\\/governo-trump-acusa-moraes-de-violar-direitos-humanos-e-condena-prisao-de-bolsonaro\\\/#webpage\",\"url\":\"https:\\\/\\\/newsinfoco.com.br\\\/inicio\\\/governo-trump-acusa-moraes-de-violar-direitos-humanos-e-condena-prisao-de-bolsonaro\\\/\",\"name\":\"Governo Trump acusa Moraes de violar direitos humanos e condena pris\\u00e3o de Bolsonaro - News In Foco - Editado por Caio Pimenta\",\"description\":\"O Escrit\\u00f3rio para Assuntos do Hemisf\\u00e9rio Ocidental do Departamento de Estado dos Estados Unidos (EUA) condenou a pris\\u00e3o domiciliar do ex-presidente Jair Bolsonaro na \\u00faltima segunda-feira, 4, por determina\\u00e7\\u00e3o do ministro Alexandre de Moraes, do Supremo Tribunal Federal (STF). \\u201cOs Estados Unidos condenam a ordem de Moraes que imp\\u00f5e pris\\u00e3o domiciliar a Bolsonaro e responsabilizar\\u00e3o todos aqueles que\",\"inLanguage\":\"pt-BR\",\"isPartOf\":{\"@id\":\"https:\\\/\\\/newsinfoco.com.br\\\/inicio\\\/#website\"},\"breadcrumb\":{\"@id\":\"https:\\\/\\\/newsinfoco.com.br\\\/inicio\\\/governo-trump-acusa-moraes-de-violar-direitos-humanos-e-condena-prisao-de-bolsonaro\\\/#breadcrumblist\"},\"author\":{\"@id\":\"https:\\\/\\\/newsinfoco.com.br\\\/inicio\\\/author\\\/administrador\\\/#author\"},\"creator\":{\"@id\":\"https:\\\/\\\/newsinfoco.com.br\\\/inicio\\\/author\\\/administrador\\\/#author\"},\"image\":{\"@type\":\"ImageObject\",\"url\":\"https:\\\/\\\/newsinfoco.com.br\\\/inicio\\\/wp-content\\\/uploads\\\/2025\\\/08\\\/Presidente-Donald-Trump-e-Alexandre-de-Moraes.jpg\",\"@id\":\"https:\\\/\\\/newsinfoco.com.br\\\/inicio\\\/governo-trump-acusa-moraes-de-violar-direitos-humanos-e-condena-prisao-de-bolsonaro\\\/#mainImage\",\"width\":600,\"height\":420},\"primaryImageOfPage\":{\"@id\":\"https:\\\/\\\/newsinfoco.com.br\\\/inicio\\\/governo-trump-acusa-moraes-de-violar-direitos-humanos-e-condena-prisao-de-bolsonaro\\\/#mainImage\"},\"datePublished\":\"2025-08-05T17:22:39-03:00\",\"dateModified\":\"2025-08-05T17:22:39-03:00\"},{\"@type\":\"WebSite\",\"@id\":\"https:\\\/\\\/newsinfoco.com.br\\\/inicio\\\/#website\",\"url\":\"https:\\\/\\\/newsinfoco.com.br\\\/inicio\\\/\",\"name\":\"News In Foco - Editado por Caio Pimenta\",\"description\":\"O principal site de noticias de Alagoinhas e regi\\u00e3o\",\"inLanguage\":\"pt-BR\",\"publisher\":{\"@id\":\"https:\\\/\\\/newsinfoco.com.br\\\/inicio\\\/#organization\"}}]}\n\t\t<\/script>\n\t\t<!-- All in One SEO -->\n\n","aioseo_head_json":{"title":"Governo Trump acusa Moraes de violar direitos humanos e condena pris\u00e3o de Bolsonaro - News In Foco - Editado por Caio Pimenta","description":"O Escrit\u00f3rio para Assuntos do Hemisf\u00e9rio Ocidental do Departamento de Estado dos Estados Unidos (EUA) condenou a pris\u00e3o domiciliar do ex-presidente Jair Bolsonaro na \u00faltima segunda-feira, 4, por determina\u00e7\u00e3o do ministro Alexandre de Moraes, do Supremo Tribunal Federal (STF). \u201cOs Estados Unidos condenam a ordem de Moraes que imp\u00f5e pris\u00e3o domiciliar a Bolsonaro e responsabilizar\u00e3o todos aqueles que","canonical_url":"https:\/\/newsinfoco.com.br\/inicio\/governo-trump-acusa-moraes-de-violar-direitos-humanos-e-condena-prisao-de-bolsonaro\/","robots":"max-image-preview:large","keywords":"","webmasterTools":{"miscellaneous":""},"schema":{"@context":"https:\/\/schema.org","@graph":[{"@type":"BlogPosting","@id":"https:\/\/newsinfoco.com.br\/inicio\/governo-trump-acusa-moraes-de-violar-direitos-humanos-e-condena-prisao-de-bolsonaro\/#blogposting","name":"Governo Trump acusa Moraes de violar direitos humanos e condena pris\u00e3o de Bolsonaro - News In Foco - Editado por Caio Pimenta","headline":"Governo Trump acusa Moraes de violar direitos humanos e condena pris\u00e3o de Bolsonaro","author":{"@id":"https:\/\/newsinfoco.com.br\/inicio\/author\/administrador\/#author"},"publisher":{"@id":"https:\/\/newsinfoco.com.br\/inicio\/#organization"},"image":{"@type":"ImageObject","url":"https:\/\/newsinfoco.com.br\/inicio\/wp-content\/uploads\/2025\/08\/Presidente-Donald-Trump-e-Alexandre-de-Moraes.jpg","width":600,"height":420},"datePublished":"2025-08-05T17:22:39-03:00","dateModified":"2025-08-05T17:22:39-03:00","inLanguage":"pt-BR","mainEntityOfPage":{"@id":"https:\/\/newsinfoco.com.br\/inicio\/governo-trump-acusa-moraes-de-violar-direitos-humanos-e-condena-prisao-de-bolsonaro\/#webpage"},"isPartOf":{"@id":"https:\/\/newsinfoco.com.br\/inicio\/governo-trump-acusa-moraes-de-violar-direitos-humanos-e-condena-prisao-de-bolsonaro\/#webpage"},"articleSection":"Brasil"},{"@type":"BreadcrumbList","@id":"https:\/\/newsinfoco.com.br\/inicio\/governo-trump-acusa-moraes-de-violar-direitos-humanos-e-condena-prisao-de-bolsonaro\/#breadcrumblist","itemListElement":[{"@type":"ListItem","@id":"https:\/\/newsinfoco.com.br\/inicio#listItem","position":1,"name":"In\u00edcio","item":"https:\/\/newsinfoco.com.br\/inicio","nextItem":{"@type":"ListItem","@id":"https:\/\/newsinfoco.com.br\/inicio\/category\/brasil\/#listItem","name":"Brasil"}},{"@type":"ListItem","@id":"https:\/\/newsinfoco.com.br\/inicio\/category\/brasil\/#listItem","position":2,"name":"Brasil","item":"https:\/\/newsinfoco.com.br\/inicio\/category\/brasil\/","nextItem":{"@type":"ListItem","@id":"https:\/\/newsinfoco.com.br\/inicio\/governo-trump-acusa-moraes-de-violar-direitos-humanos-e-condena-prisao-de-bolsonaro\/#listItem","name":"Governo Trump acusa Moraes de violar direitos humanos e condena pris\u00e3o de Bolsonaro"},"previousItem":{"@type":"ListItem","@id":"https:\/\/newsinfoco.com.br\/inicio#listItem","name":"In\u00edcio"}},{"@type":"ListItem","@id":"https:\/\/newsinfoco.com.br\/inicio\/governo-trump-acusa-moraes-de-violar-direitos-humanos-e-condena-prisao-de-bolsonaro\/#listItem","position":3,"name":"Governo Trump acusa Moraes de violar direitos humanos e condena pris\u00e3o de Bolsonaro","previousItem":{"@type":"ListItem","@id":"https:\/\/newsinfoco.com.br\/inicio\/category\/brasil\/#listItem","name":"Brasil"}}]},{"@type":"Organization","@id":"https:\/\/newsinfoco.com.br\/inicio\/#organization","name":"News In Foco - Editado por Caio Pimenta","description":"O principal site de noticias de Alagoinhas e regi\u00e3o","url":"https:\/\/newsinfoco.com.br\/inicio\/"},{"@type":"Person","@id":"https:\/\/newsinfoco.com.br\/inicio\/author\/administrador\/#author","url":"https:\/\/newsinfoco.com.br\/inicio\/author\/administrador\/","name":"administrador","image":{"@type":"ImageObject","@id":"https:\/\/newsinfoco.com.br\/inicio\/governo-trump-acusa-moraes-de-violar-direitos-humanos-e-condena-prisao-de-bolsonaro\/#authorImage","url":"https:\/\/secure.gravatar.com\/avatar\/c17a617433de8c1dc9584bb79aab7563b46f5bb7e1728c9b17d9cc3ce6a08e49?s=96&d=mm&r=g","width":96,"height":96,"caption":"administrador"}},{"@type":"WebPage","@id":"https:\/\/newsinfoco.com.br\/inicio\/governo-trump-acusa-moraes-de-violar-direitos-humanos-e-condena-prisao-de-bolsonaro\/#webpage","url":"https:\/\/newsinfoco.com.br\/inicio\/governo-trump-acusa-moraes-de-violar-direitos-humanos-e-condena-prisao-de-bolsonaro\/","name":"Governo Trump acusa Moraes de violar direitos humanos e condena pris\u00e3o de Bolsonaro - News In Foco - Editado por Caio Pimenta","description":"O Escrit\u00f3rio para Assuntos do Hemisf\u00e9rio Ocidental do Departamento de Estado dos Estados Unidos (EUA) condenou a pris\u00e3o domiciliar do ex-presidente Jair Bolsonaro na \u00faltima segunda-feira, 4, por determina\u00e7\u00e3o do ministro Alexandre de Moraes, do Supremo Tribunal Federal (STF). \u201cOs Estados Unidos condenam a ordem de Moraes que imp\u00f5e pris\u00e3o domiciliar a Bolsonaro e responsabilizar\u00e3o todos aqueles que","inLanguage":"pt-BR","isPartOf":{"@id":"https:\/\/newsinfoco.com.br\/inicio\/#website"},"breadcrumb":{"@id":"https:\/\/newsinfoco.com.br\/inicio\/governo-trump-acusa-moraes-de-violar-direitos-humanos-e-condena-prisao-de-bolsonaro\/#breadcrumblist"},"author":{"@id":"https:\/\/newsinfoco.com.br\/inicio\/author\/administrador\/#author"},"creator":{"@id":"https:\/\/newsinfoco.com.br\/inicio\/author\/administrador\/#author"},"image":{"@type":"ImageObject","url":"https:\/\/newsinfoco.com.br\/inicio\/wp-content\/uploads\/2025\/08\/Presidente-Donald-Trump-e-Alexandre-de-Moraes.jpg","@id":"https:\/\/newsinfoco.com.br\/inicio\/governo-trump-acusa-moraes-de-violar-direitos-humanos-e-condena-prisao-de-bolsonaro\/#mainImage","width":600,"height":420},"primaryImageOfPage":{"@id":"https:\/\/newsinfoco.com.br\/inicio\/governo-trump-acusa-moraes-de-violar-direitos-humanos-e-condena-prisao-de-bolsonaro\/#mainImage"},"datePublished":"2025-08-05T17:22:39-03:00","dateModified":"2025-08-05T17:22:39-03:00"},{"@type":"WebSite","@id":"https:\/\/newsinfoco.com.br\/inicio\/#website","url":"https:\/\/newsinfoco.com.br\/inicio\/","name":"News In Foco - Editado por Caio Pimenta","description":"O principal site de noticias de Alagoinhas e regi\u00e3o","inLanguage":"pt-BR","publisher":{"@id":"https:\/\/newsinfoco.com.br\/inicio\/#organization"}}]},"og:locale":"pt_BR","og:site_name":"News In Foco - Editado por Caio Pimenta - O principal site de noticias de Alagoinhas e regi\u00e3o","og:type":"article","og:title":"Governo Trump acusa Moraes de violar direitos humanos e condena pris\u00e3o de Bolsonaro - News In Foco - Editado por Caio Pimenta","og:description":"O Escrit\u00f3rio para Assuntos do Hemisf\u00e9rio Ocidental do Departamento de Estado dos Estados Unidos (EUA) condenou a pris\u00e3o domiciliar do ex-presidente Jair Bolsonaro na \u00faltima segunda-feira, 4, por determina\u00e7\u00e3o do ministro Alexandre de Moraes, do Supremo Tribunal Federal (STF). \u201cOs Estados Unidos condenam a ordem de Moraes que imp\u00f5e pris\u00e3o domiciliar a Bolsonaro e responsabilizar\u00e3o todos aqueles que","og:url":"https:\/\/newsinfoco.com.br\/inicio\/governo-trump-acusa-moraes-de-violar-direitos-humanos-e-condena-prisao-de-bolsonaro\/","article:published_time":"2025-08-05T20:22:39+00:00","article:modified_time":"2025-08-05T20:22:39+00:00","twitter:card":"summary_large_image","twitter:title":"Governo Trump acusa Moraes de violar direitos humanos e condena pris\u00e3o de Bolsonaro - News In Foco - Editado por Caio Pimenta","twitter:description":"O Escrit\u00f3rio para Assuntos do Hemisf\u00e9rio Ocidental do Departamento de Estado dos Estados Unidos (EUA) condenou a pris\u00e3o domiciliar do ex-presidente Jair Bolsonaro na \u00faltima segunda-feira, 4, por determina\u00e7\u00e3o do ministro Alexandre de Moraes, do Supremo Tribunal Federal (STF). \u201cOs Estados Unidos condenam a ordem de Moraes que imp\u00f5e pris\u00e3o domiciliar a Bolsonaro e responsabilizar\u00e3o todos aqueles que"},"aioseo_meta_data":{"post_id":"43976","title":null,"description":null,"keywords":null,"keyphrases":{"focus":{"keyphrase":"","score":0,"analysis":{"keyphraseInTitle":{"score":0,"maxScore":9,"error":1}}},"additional":[]},"primary_term":null,"canonical_url":null,"og_title":null,"og_description":null,"og_object_type":"default","og_image_type":"default","og_image_url":null,"og_image_width":null,"og_image_height":null,"og_image_custom_url":null,"og_image_custom_fields":null,"og_video":"","og_custom_url":null,"og_article_section":null,"og_article_tags":null,"twitter_use_og":false,"twitter_card":"default","twitter_image_type":"default","twitter_image_url":null,"twitter_image_custom_url":null,"twitter_image_custom_fields":null,"twitter_title":null,"twitter_description":null,"schema":{"blockGraphs":[],"customGraphs":[],"default":{"data":{"Article":[],"Course":[],"Dataset":[],"FAQPage":[],"Movie":[],"Person":[],"Product":[],"ProductReview":[],"Car":[],"Recipe":[],"Service":[],"SoftwareApplication":[],"WebPage":[]},"graphName":"BlogPosting","isEnabled":true},"graphs":[]},"schema_type":"default","schema_type_options":null,"pillar_content":false,"robots_default":true,"robots_noindex":false,"robots_noarchive":false,"robots_nosnippet":false,"robots_nofollow":false,"robots_noimageindex":false,"robots_noodp":false,"robots_notranslate":false,"robots_max_snippet":"-1","robots_max_videopreview":"-1","robots_max_imagepreview":"large","priority":null,"frequency":"default","local_seo":null,"breadcrumb_settings":null,"limit_modified_date":false,"ai":{"faqs":[],"keyPoints":[],"titles":[],"descriptions":[],"socialPosts":{"email":[],"linkedin":[],"twitter":[],"facebook":[],"instagram":[]}},"created":"2025-08-05 20:22:40","updated":"2025-08-05 20:28:57","seo_analyzer_scan_date":null},"aioseo_breadcrumb":"<div class=\"aioseo-breadcrumbs\"><span class=\"aioseo-breadcrumb\">\n\t\t\t<a href=\"https:\/\/newsinfoco.com.br\/inicio\" title=\"In\u00edcio\">In\u00edcio<\/a>\n\t\t<\/span><span class=\"aioseo-breadcrumb-separator\">&raquo;<\/span><span class=\"aioseo-breadcrumb\">\n\t\t\t<a href=\"https:\/\/newsinfoco.com.br\/inicio\/category\/brasil\/\" title=\"Brasil\">Brasil<\/a>\n\t\t<\/span><span class=\"aioseo-breadcrumb-separator\">&raquo;<\/span><span class=\"aioseo-breadcrumb\">\n\t\t\tGoverno Trump acusa Moraes de violar direitos humanos e condena pris\u00e3o de Bolsonaro\n\t\t<\/span><\/div>","aioseo_breadcrumb_json":[{"label":"In\u00edcio","link":"https:\/\/newsinfoco.com.br\/inicio"},{"label":"Brasil","link":"https:\/\/newsinfoco.com.br\/inicio\/category\/brasil\/"},{"label":"Governo Trump acusa Moraes de violar direitos humanos e condena pris\u00e3o de Bolsonaro","link":"https:\/\/newsinfoco.com.br\/inicio\/governo-trump-acusa-moraes-de-violar-direitos-humanos-e-condena-prisao-de-bolsonaro\/"}],"_links":{"self":[{"href":"https:\/\/newsinfoco.com.br\/inicio\/wp-json\/wp\/v2\/posts\/43976","targetHints":{"allow":["GET"]}}],"collection":[{"href":"https:\/\/newsinfoco.com.br\/inicio\/wp-json\/wp\/v2\/posts"}],"about":[{"href":"https:\/\/newsinfoco.com.br\/inicio\/wp-json\/wp\/v2\/types\/post"}],"author":[{"embeddable":true,"href":"https:\/\/newsinfoco.com.br\/inicio\/wp-json\/wp\/v2\/users\/1"}],"replies":[{"embeddable":true,"href":"https:\/\/newsinfoco.com.br\/inicio\/wp-json\/wp\/v2\/comments?post=43976"}],"version-history":[{"count":1,"href":"https:\/\/newsinfoco.com.br\/inicio\/wp-json\/wp\/v2\/posts\/43976\/revisions"}],"predecessor-version":[{"id":43978,"href":"https:\/\/newsinfoco.com.br\/inicio\/wp-json\/wp\/v2\/posts\/43976\/revisions\/43978"}],"wp:featuredmedia":[{"embeddable":true,"href":"https:\/\/newsinfoco.com.br\/inicio\/wp-json\/wp\/v2\/media\/43977"}],"wp:attachment":[{"href":"https:\/\/newsinfoco.com.br\/inicio\/wp-json\/wp\/v2\/media?parent=43976"}],"wp:term":[{"taxonomy":"category","embeddable":true,"href":"https:\/\/newsinfoco.com.br\/inicio\/wp-json\/wp\/v2\/categories?post=43976"},{"taxonomy":"post_tag","embeddable":true,"href":"https:\/\/newsinfoco.com.br\/inicio\/wp-json\/wp\/v2\/tags?post=43976"}],"curies":[{"name":"wp","href":"https:\/\/api.w.org\/{rel}","templated":true}]}}