{"id":43979,"date":"2025-08-05T17:32:53","date_gmt":"2025-08-05T20:32:53","guid":{"rendered":"https:\/\/newsinfoco.com.br\/inicio\/?p=43979"},"modified":"2025-08-05T17:32:53","modified_gmt":"2025-08-05T20:32:53","slug":"cenario-externo-esta-mais-incerto-e-adverso-com-tarifaco-de-trump-diz-ata-do-copom","status":"publish","type":"post","link":"https:\/\/newsinfoco.com.br\/inicio\/cenario-externo-esta-mais-incerto-e-adverso-com-tarifaco-de-trump-diz-ata-do-copom\/","title":{"rendered":"Cen\u00e1rio externo est\u00e1 mais incerto e adverso com tarifa\u00e7o de Trump, diz ata do Copom"},"content":{"rendered":"<p>O Comit\u00ea de Pol\u00edtica Monet\u00e1ria (Copom) do Banco Central afirmou nesta ter\u00e7a-feira (5), na ata referente \u00e0 \u00faltima reuni\u00e3o do colegiado, que ocorreu na semana passada, que o cen\u00e1rio externo est\u00e1 mais adverso e incerto do que antes com a taxa\u00e7\u00e3o dos Estados Unidos, promovida pelo presidente Donald Trump, prestes a entrar em vigor, na quarta-feira (6).<\/p>\n<p>\u201cSe, de um lado, a aprova\u00e7\u00e3o de alguns acordos comerciais, assim como os dados recentes de infla\u00e7\u00e3o e atividade da economia norte-americana poderiam sugerir uma situa\u00e7\u00e3o de redu\u00e7\u00e3o da incerteza global, de outro, a pol\u00edtica fiscal e, em particular para o Brasil, a pol\u00edtica comercial norte-americanas tornam o cen\u00e1rio mais incerto e mais adverso\u201d, considerou o colegiado.<\/p>\n<p>Segundo mat\u00e9ria do Estad\u00e3o, o documento do encontro de julho traz um longo par\u00e1grafo sobre o tarifa\u00e7o e suas poss\u00edveis consequ\u00eancias, com o colegiado avaliando que os efeitos depender\u00e3o da negocia\u00e7\u00e3o e percep\u00e7\u00e3o de risco. O texto, no entanto, n\u00e3o considera a isen\u00e7\u00e3o de quase 694 produtos, anunciada pelo governo americano no mesmo dia em que os membros do comit\u00ea se reuniam.<\/p>\n<p>A avalia\u00e7\u00e3o da c\u00fapula do BC pontua que eleva\u00e7\u00e3o das tarifas americanas tem impactos setoriais relevantes e impactos agregados ainda incertos a depender de como se encaminhar\u00e3o os pr\u00f3ximos passos da negocia\u00e7\u00e3o e a percep\u00e7\u00e3o de risco inerente ao processo.<\/p>\n<p>\u201cO Comit\u00ea acompanha com aten\u00e7\u00e3o os poss\u00edveis impactos sobre a economia real e sobre os ativos financeiros. A avalia\u00e7\u00e3o predominante no Comit\u00ea \u00e9 de que h\u00e1 maior incerteza no cen\u00e1rio externo e, consequentemente, o Copom deve preservar uma postura de cautela\u201d, trouxe o documento.<\/p>\n<p>Como usual, o Comit\u00ea informa que focar\u00e1 nos mecanismos de transmiss\u00e3o da conjuntura externa sobre a din\u00e2mica de infla\u00e7\u00e3o interna e seu impacto sobre o cen\u00e1rio prospectivo.<\/p>\n<p><strong>Taxa de juros<\/strong><\/p>\n<p>O comit\u00ea avaliou tamb\u00e9m, ao comentar sobre a taxa de juros (Selic), que elevada incerteza no cen\u00e1rio geopol\u00edtico e econ\u00f4mico mundial demanda uma maior cautela na condu\u00e7\u00e3o da pol\u00edtica monet\u00e1ria do Brasil, refor\u00e7ando a disposi\u00e7\u00e3o para uma rea\u00e7\u00e3o, caso seja necess\u00e1ria.<\/p>\n<p>\u201cO Comit\u00ea enfatiza que seguir\u00e1 vigilante, que os passos futuros da pol\u00edtica monet\u00e1ria poder\u00e3o ser ajustados e que n\u00e3o hesitar\u00e1 em retomar o ciclo de ajuste (dos juros) caso julgue apropriado\u201d, diz a ata. A reuni\u00e3o, realizada na semana passada, manteve a taxa Selic em 15% ao ano.<\/p>\n<p>Al\u00e9m disso, na an\u00e1lise do comit\u00ea, a redu\u00e7\u00e3o nas expectativas para a infla\u00e7\u00e3o futura indica a necessidade da ado\u00e7\u00e3o de uma pol\u00edtica de juros significativamente mais contracionista \u2013 ou seja, que esfrie a atividade econ\u00f4mica \u2013 por um per\u00edodo bastante prologando, visando garantir que a infla\u00e7\u00e3o atinja a meta, que \u00e9 de 3%.<\/p>\n<p>A avalia\u00e7\u00e3o do BC destaca tamb\u00e9m que o cen\u00e1rio atual, marcado proje\u00e7\u00f5es de infla\u00e7\u00e3o elevadas, indica a necessidade de mais resili\u00eancia na atividade econ\u00f4mica e press\u00f5es no mercado de trabalho, que tem se mostrado muito aquecido.<\/p>\n<p>O colegiado repetiu as suas proje\u00e7\u00f5es de infla\u00e7\u00e3o acumulada em 12 meses para 2025 (4,9%), 2026 (3,6%) e o primeiro trimestre de 2027 (3,4%). Todas as estimativas est\u00e3o acima do centro da meta, de 3%.<\/p>\n<div>\n<div>\n<div class=\"trv-player-container\">\n<div class=\"trv-wrapper\">\n<div id=\"br_video_player_6c4b03be8b2b24ff55d563adf91da79dc3c659f9\" class=\"trvd_video_player trvdinstream\">\n<div class=\"media-player\">\n<div class=\"trv-video\">\n<div id=\"truvid_ima_container60123\" class=\"truvid_ima_container\">\n<div>\n<div><\/div>\n<\/div>\n<\/div>\n<\/div>\n<\/div>\n<div>Bahia.Ba<\/div>\n<\/div>\n<\/div>\n<\/div>\n<\/div>\n<\/div>\n<div class='share-to-whatsapp-wrapper'><div class='share-on-whsp'>Share on: <\/div><a data-text='Cen\u00e1rio externo est\u00e1 mais incerto e adverso com tarifa\u00e7o de Trump, diz ata do Copom' data-link='https:\/\/newsinfoco.com.br\/inicio\/cenario-externo-esta-mais-incerto-e-adverso-com-tarifaco-de-trump-diz-ata-do-copom\/' class='whatsapp-button whatsapp-share'>WhatsApp<\/a><div class='clear '><\/div><\/div>","protected":false},"excerpt":{"rendered":"<p>O Comit\u00ea de Pol\u00edtica Monet\u00e1ria (Copom) do Banco Central afirmou nesta ter\u00e7a-feira (5), na ata referente \u00e0 \u00faltima reuni\u00e3o do colegiado, que ocorreu na semana passada, que o cen\u00e1rio externo est\u00e1 mais adverso e incerto do que antes com a taxa\u00e7\u00e3o dos Estados Unidos, promovida pelo presidente Donald Trump, prestes a entrar em vigor, na [&hellip;]<\/p>\n","protected":false},"author":1,"featured_media":43980,"comment_status":"closed","ping_status":"closed","sticky":false,"template":"","format":"standard","meta":{"om_disable_all_campaigns":false,"rop_custom_images_group":[],"rop_custom_messages_group":[],"rop_publish_now":"initial","rop_publish_now_accounts":[],"rop_publish_now_history":[],"rop_publish_now_status":"pending","_exactmetrics_skip_tracking":false,"footnotes":""},"categories":[21],"tags":[],"class_list":["post-43979","post","type-post","status-publish","format-standard","has-post-thumbnail","hentry","category-brasil"],"aioseo_notices":[],"aioseo_head":"\n\t\t<!-- All in One SEO 4.9.10 - aioseo.com -->\n\t<meta name=\"description\" content=\"O Comit\u00ea de Pol\u00edtica Monet\u00e1ria (Copom) do Banco Central afirmou nesta ter\u00e7a-feira (5), na ata referente \u00e0 \u00faltima reuni\u00e3o do colegiado, que ocorreu na semana passada, que o cen\u00e1rio externo est\u00e1 mais adverso e incerto do que antes com a taxa\u00e7\u00e3o dos Estados Unidos, promovida pelo presidente Donald Trump, prestes a entrar em vigor, na\" \/>\n\t<meta name=\"robots\" content=\"max-image-preview:large\" \/>\n\t<meta name=\"author\" content=\"administrador\"\/>\n\t<link rel=\"canonical\" href=\"https:\/\/newsinfoco.com.br\/inicio\/cenario-externo-esta-mais-incerto-e-adverso-com-tarifaco-de-trump-diz-ata-do-copom\/\" \/>\n\t<meta name=\"generator\" content=\"All in One SEO (AIOSEO) 4.9.10\" \/>\n\t\t<meta property=\"og:locale\" content=\"pt_BR\" \/>\n\t\t<meta property=\"og:site_name\" content=\"News In Foco - Editado por Caio Pimenta - O principal site de noticias de Alagoinhas e regi\u00e3o\" \/>\n\t\t<meta property=\"og:type\" content=\"article\" \/>\n\t\t<meta property=\"og:title\" content=\"Cen\u00e1rio externo est\u00e1 mais incerto e adverso com tarifa\u00e7o de Trump, diz ata do Copom - News In Foco - Editado por Caio Pimenta\" \/>\n\t\t<meta property=\"og:description\" content=\"O Comit\u00ea de Pol\u00edtica Monet\u00e1ria (Copom) do Banco Central afirmou nesta ter\u00e7a-feira (5), na ata referente \u00e0 \u00faltima reuni\u00e3o do colegiado, que ocorreu na semana passada, que o cen\u00e1rio externo est\u00e1 mais adverso e incerto do que antes com a taxa\u00e7\u00e3o dos Estados Unidos, promovida pelo presidente Donald Trump, prestes a entrar em vigor, na\" \/>\n\t\t<meta property=\"og:url\" content=\"https:\/\/newsinfoco.com.br\/inicio\/cenario-externo-esta-mais-incerto-e-adverso-com-tarifaco-de-trump-diz-ata-do-copom\/\" \/>\n\t\t<meta property=\"article:published_time\" content=\"2025-08-05T20:32:53+00:00\" \/>\n\t\t<meta property=\"article:modified_time\" content=\"2025-08-05T20:32:53+00:00\" \/>\n\t\t<meta name=\"twitter:card\" content=\"summary_large_image\" \/>\n\t\t<meta name=\"twitter:title\" content=\"Cen\u00e1rio externo est\u00e1 mais incerto e adverso com tarifa\u00e7o de Trump, diz ata do Copom - News In Foco - Editado por Caio Pimenta\" \/>\n\t\t<meta name=\"twitter:description\" content=\"O Comit\u00ea de Pol\u00edtica Monet\u00e1ria (Copom) do Banco Central afirmou nesta ter\u00e7a-feira (5), na ata referente \u00e0 \u00faltima reuni\u00e3o do colegiado, que ocorreu na semana passada, que o cen\u00e1rio externo est\u00e1 mais adverso e incerto do que antes com a taxa\u00e7\u00e3o dos Estados Unidos, promovida pelo presidente Donald Trump, prestes a entrar em vigor, na\" \/>\n\t\t<script type=\"application\/ld+json\" class=\"aioseo-schema\">\n\t\t\t{\"@context\":\"https:\\\/\\\/schema.org\",\"@graph\":[{\"@type\":\"BlogPosting\",\"@id\":\"https:\\\/\\\/newsinfoco.com.br\\\/inicio\\\/cenario-externo-esta-mais-incerto-e-adverso-com-tarifaco-de-trump-diz-ata-do-copom\\\/#blogposting\",\"name\":\"Cen\\u00e1rio externo est\\u00e1 mais incerto e adverso com tarifa\\u00e7o de Trump, diz ata do Copom - News In Foco - Editado por Caio Pimenta\",\"headline\":\"Cen\\u00e1rio externo est\\u00e1 mais incerto e adverso com tarifa\\u00e7o de Trump, diz ata do Copom\",\"author\":{\"@id\":\"https:\\\/\\\/newsinfoco.com.br\\\/inicio\\\/author\\\/administrador\\\/#author\"},\"publisher\":{\"@id\":\"https:\\\/\\\/newsinfoco.com.br\\\/inicio\\\/#organization\"},\"image\":{\"@type\":\"ImageObject\",\"url\":\"https:\\\/\\\/newsinfoco.com.br\\\/inicio\\\/wp-content\\\/uploads\\\/2025\\\/08\\\/Banco-central-2.png\",\"width\":600,\"height\":420},\"datePublished\":\"2025-08-05T17:32:53-03:00\",\"dateModified\":\"2025-08-05T17:32:53-03:00\",\"inLanguage\":\"pt-BR\",\"mainEntityOfPage\":{\"@id\":\"https:\\\/\\\/newsinfoco.com.br\\\/inicio\\\/cenario-externo-esta-mais-incerto-e-adverso-com-tarifaco-de-trump-diz-ata-do-copom\\\/#webpage\"},\"isPartOf\":{\"@id\":\"https:\\\/\\\/newsinfoco.com.br\\\/inicio\\\/cenario-externo-esta-mais-incerto-e-adverso-com-tarifaco-de-trump-diz-ata-do-copom\\\/#webpage\"},\"articleSection\":\"Brasil\"},{\"@type\":\"BreadcrumbList\",\"@id\":\"https:\\\/\\\/newsinfoco.com.br\\\/inicio\\\/cenario-externo-esta-mais-incerto-e-adverso-com-tarifaco-de-trump-diz-ata-do-copom\\\/#breadcrumblist\",\"itemListElement\":[{\"@type\":\"ListItem\",\"@id\":\"https:\\\/\\\/newsinfoco.com.br\\\/inicio#listItem\",\"position\":1,\"name\":\"In\\u00edcio\",\"item\":\"https:\\\/\\\/newsinfoco.com.br\\\/inicio\",\"nextItem\":{\"@type\":\"ListItem\",\"@id\":\"https:\\\/\\\/newsinfoco.com.br\\\/inicio\\\/category\\\/brasil\\\/#listItem\",\"name\":\"Brasil\"}},{\"@type\":\"ListItem\",\"@id\":\"https:\\\/\\\/newsinfoco.com.br\\\/inicio\\\/category\\\/brasil\\\/#listItem\",\"position\":2,\"name\":\"Brasil\",\"item\":\"https:\\\/\\\/newsinfoco.com.br\\\/inicio\\\/category\\\/brasil\\\/\",\"nextItem\":{\"@type\":\"ListItem\",\"@id\":\"https:\\\/\\\/newsinfoco.com.br\\\/inicio\\\/cenario-externo-esta-mais-incerto-e-adverso-com-tarifaco-de-trump-diz-ata-do-copom\\\/#listItem\",\"name\":\"Cen\\u00e1rio externo est\\u00e1 mais incerto e adverso com tarifa\\u00e7o de Trump, diz ata do Copom\"},\"previousItem\":{\"@type\":\"ListItem\",\"@id\":\"https:\\\/\\\/newsinfoco.com.br\\\/inicio#listItem\",\"name\":\"In\\u00edcio\"}},{\"@type\":\"ListItem\",\"@id\":\"https:\\\/\\\/newsinfoco.com.br\\\/inicio\\\/cenario-externo-esta-mais-incerto-e-adverso-com-tarifaco-de-trump-diz-ata-do-copom\\\/#listItem\",\"position\":3,\"name\":\"Cen\\u00e1rio externo est\\u00e1 mais incerto e adverso com tarifa\\u00e7o de Trump, diz ata do Copom\",\"previousItem\":{\"@type\":\"ListItem\",\"@id\":\"https:\\\/\\\/newsinfoco.com.br\\\/inicio\\\/category\\\/brasil\\\/#listItem\",\"name\":\"Brasil\"}}]},{\"@type\":\"Organization\",\"@id\":\"https:\\\/\\\/newsinfoco.com.br\\\/inicio\\\/#organization\",\"name\":\"News In Foco - Editado por Caio Pimenta\",\"description\":\"O principal site de noticias de Alagoinhas e regi\\u00e3o\",\"url\":\"https:\\\/\\\/newsinfoco.com.br\\\/inicio\\\/\"},{\"@type\":\"Person\",\"@id\":\"https:\\\/\\\/newsinfoco.com.br\\\/inicio\\\/author\\\/administrador\\\/#author\",\"url\":\"https:\\\/\\\/newsinfoco.com.br\\\/inicio\\\/author\\\/administrador\\\/\",\"name\":\"administrador\",\"image\":{\"@type\":\"ImageObject\",\"@id\":\"https:\\\/\\\/newsinfoco.com.br\\\/inicio\\\/cenario-externo-esta-mais-incerto-e-adverso-com-tarifaco-de-trump-diz-ata-do-copom\\\/#authorImage\",\"url\":\"https:\\\/\\\/secure.gravatar.com\\\/avatar\\\/c17a617433de8c1dc9584bb79aab7563b46f5bb7e1728c9b17d9cc3ce6a08e49?s=96&d=mm&r=g\",\"width\":96,\"height\":96,\"caption\":\"administrador\"}},{\"@type\":\"WebPage\",\"@id\":\"https:\\\/\\\/newsinfoco.com.br\\\/inicio\\\/cenario-externo-esta-mais-incerto-e-adverso-com-tarifaco-de-trump-diz-ata-do-copom\\\/#webpage\",\"url\":\"https:\\\/\\\/newsinfoco.com.br\\\/inicio\\\/cenario-externo-esta-mais-incerto-e-adverso-com-tarifaco-de-trump-diz-ata-do-copom\\\/\",\"name\":\"Cen\\u00e1rio externo est\\u00e1 mais incerto e adverso com tarifa\\u00e7o de Trump, diz ata do Copom - News In Foco - Editado por Caio Pimenta\",\"description\":\"O Comit\\u00ea de Pol\\u00edtica Monet\\u00e1ria (Copom) do Banco Central afirmou nesta ter\\u00e7a-feira (5), na ata referente \\u00e0 \\u00faltima reuni\\u00e3o do colegiado, que ocorreu na semana passada, que o cen\\u00e1rio externo est\\u00e1 mais adverso e incerto do que antes com a taxa\\u00e7\\u00e3o dos Estados Unidos, promovida pelo presidente Donald Trump, prestes a entrar em vigor, na\",\"inLanguage\":\"pt-BR\",\"isPartOf\":{\"@id\":\"https:\\\/\\\/newsinfoco.com.br\\\/inicio\\\/#website\"},\"breadcrumb\":{\"@id\":\"https:\\\/\\\/newsinfoco.com.br\\\/inicio\\\/cenario-externo-esta-mais-incerto-e-adverso-com-tarifaco-de-trump-diz-ata-do-copom\\\/#breadcrumblist\"},\"author\":{\"@id\":\"https:\\\/\\\/newsinfoco.com.br\\\/inicio\\\/author\\\/administrador\\\/#author\"},\"creator\":{\"@id\":\"https:\\\/\\\/newsinfoco.com.br\\\/inicio\\\/author\\\/administrador\\\/#author\"},\"image\":{\"@type\":\"ImageObject\",\"url\":\"https:\\\/\\\/newsinfoco.com.br\\\/inicio\\\/wp-content\\\/uploads\\\/2025\\\/08\\\/Banco-central-2.png\",\"@id\":\"https:\\\/\\\/newsinfoco.com.br\\\/inicio\\\/cenario-externo-esta-mais-incerto-e-adverso-com-tarifaco-de-trump-diz-ata-do-copom\\\/#mainImage\",\"width\":600,\"height\":420},\"primaryImageOfPage\":{\"@id\":\"https:\\\/\\\/newsinfoco.com.br\\\/inicio\\\/cenario-externo-esta-mais-incerto-e-adverso-com-tarifaco-de-trump-diz-ata-do-copom\\\/#mainImage\"},\"datePublished\":\"2025-08-05T17:32:53-03:00\",\"dateModified\":\"2025-08-05T17:32:53-03:00\"},{\"@type\":\"WebSite\",\"@id\":\"https:\\\/\\\/newsinfoco.com.br\\\/inicio\\\/#website\",\"url\":\"https:\\\/\\\/newsinfoco.com.br\\\/inicio\\\/\",\"name\":\"News In Foco - Editado por Caio Pimenta\",\"description\":\"O principal site de noticias de Alagoinhas e regi\\u00e3o\",\"inLanguage\":\"pt-BR\",\"publisher\":{\"@id\":\"https:\\\/\\\/newsinfoco.com.br\\\/inicio\\\/#organization\"}}]}\n\t\t<\/script>\n\t\t<!-- All in One SEO -->\n\n","aioseo_head_json":{"title":"Cen\u00e1rio externo est\u00e1 mais incerto e adverso com tarifa\u00e7o de Trump, diz ata do Copom - News In Foco - Editado por Caio Pimenta","description":"O Comit\u00ea de Pol\u00edtica Monet\u00e1ria (Copom) do Banco Central afirmou nesta ter\u00e7a-feira (5), na ata referente \u00e0 \u00faltima reuni\u00e3o do colegiado, que ocorreu na semana passada, que o cen\u00e1rio externo est\u00e1 mais adverso e incerto do que antes com a taxa\u00e7\u00e3o dos Estados Unidos, promovida pelo presidente Donald Trump, prestes a entrar em vigor, na","canonical_url":"https:\/\/newsinfoco.com.br\/inicio\/cenario-externo-esta-mais-incerto-e-adverso-com-tarifaco-de-trump-diz-ata-do-copom\/","robots":"max-image-preview:large","keywords":"","webmasterTools":{"miscellaneous":""},"schema":{"@context":"https:\/\/schema.org","@graph":[{"@type":"BlogPosting","@id":"https:\/\/newsinfoco.com.br\/inicio\/cenario-externo-esta-mais-incerto-e-adverso-com-tarifaco-de-trump-diz-ata-do-copom\/#blogposting","name":"Cen\u00e1rio externo est\u00e1 mais incerto e adverso com tarifa\u00e7o de Trump, diz ata do Copom - News In Foco - Editado por Caio Pimenta","headline":"Cen\u00e1rio externo est\u00e1 mais incerto e adverso com tarifa\u00e7o de Trump, diz ata do Copom","author":{"@id":"https:\/\/newsinfoco.com.br\/inicio\/author\/administrador\/#author"},"publisher":{"@id":"https:\/\/newsinfoco.com.br\/inicio\/#organization"},"image":{"@type":"ImageObject","url":"https:\/\/newsinfoco.com.br\/inicio\/wp-content\/uploads\/2025\/08\/Banco-central-2.png","width":600,"height":420},"datePublished":"2025-08-05T17:32:53-03:00","dateModified":"2025-08-05T17:32:53-03:00","inLanguage":"pt-BR","mainEntityOfPage":{"@id":"https:\/\/newsinfoco.com.br\/inicio\/cenario-externo-esta-mais-incerto-e-adverso-com-tarifaco-de-trump-diz-ata-do-copom\/#webpage"},"isPartOf":{"@id":"https:\/\/newsinfoco.com.br\/inicio\/cenario-externo-esta-mais-incerto-e-adverso-com-tarifaco-de-trump-diz-ata-do-copom\/#webpage"},"articleSection":"Brasil"},{"@type":"BreadcrumbList","@id":"https:\/\/newsinfoco.com.br\/inicio\/cenario-externo-esta-mais-incerto-e-adverso-com-tarifaco-de-trump-diz-ata-do-copom\/#breadcrumblist","itemListElement":[{"@type":"ListItem","@id":"https:\/\/newsinfoco.com.br\/inicio#listItem","position":1,"name":"In\u00edcio","item":"https:\/\/newsinfoco.com.br\/inicio","nextItem":{"@type":"ListItem","@id":"https:\/\/newsinfoco.com.br\/inicio\/category\/brasil\/#listItem","name":"Brasil"}},{"@type":"ListItem","@id":"https:\/\/newsinfoco.com.br\/inicio\/category\/brasil\/#listItem","position":2,"name":"Brasil","item":"https:\/\/newsinfoco.com.br\/inicio\/category\/brasil\/","nextItem":{"@type":"ListItem","@id":"https:\/\/newsinfoco.com.br\/inicio\/cenario-externo-esta-mais-incerto-e-adverso-com-tarifaco-de-trump-diz-ata-do-copom\/#listItem","name":"Cen\u00e1rio externo est\u00e1 mais incerto e adverso com tarifa\u00e7o de Trump, diz ata do Copom"},"previousItem":{"@type":"ListItem","@id":"https:\/\/newsinfoco.com.br\/inicio#listItem","name":"In\u00edcio"}},{"@type":"ListItem","@id":"https:\/\/newsinfoco.com.br\/inicio\/cenario-externo-esta-mais-incerto-e-adverso-com-tarifaco-de-trump-diz-ata-do-copom\/#listItem","position":3,"name":"Cen\u00e1rio externo est\u00e1 mais incerto e adverso com tarifa\u00e7o de Trump, diz ata do Copom","previousItem":{"@type":"ListItem","@id":"https:\/\/newsinfoco.com.br\/inicio\/category\/brasil\/#listItem","name":"Brasil"}}]},{"@type":"Organization","@id":"https:\/\/newsinfoco.com.br\/inicio\/#organization","name":"News In Foco - Editado por Caio Pimenta","description":"O principal site de noticias de Alagoinhas e regi\u00e3o","url":"https:\/\/newsinfoco.com.br\/inicio\/"},{"@type":"Person","@id":"https:\/\/newsinfoco.com.br\/inicio\/author\/administrador\/#author","url":"https:\/\/newsinfoco.com.br\/inicio\/author\/administrador\/","name":"administrador","image":{"@type":"ImageObject","@id":"https:\/\/newsinfoco.com.br\/inicio\/cenario-externo-esta-mais-incerto-e-adverso-com-tarifaco-de-trump-diz-ata-do-copom\/#authorImage","url":"https:\/\/secure.gravatar.com\/avatar\/c17a617433de8c1dc9584bb79aab7563b46f5bb7e1728c9b17d9cc3ce6a08e49?s=96&d=mm&r=g","width":96,"height":96,"caption":"administrador"}},{"@type":"WebPage","@id":"https:\/\/newsinfoco.com.br\/inicio\/cenario-externo-esta-mais-incerto-e-adverso-com-tarifaco-de-trump-diz-ata-do-copom\/#webpage","url":"https:\/\/newsinfoco.com.br\/inicio\/cenario-externo-esta-mais-incerto-e-adverso-com-tarifaco-de-trump-diz-ata-do-copom\/","name":"Cen\u00e1rio externo est\u00e1 mais incerto e adverso com tarifa\u00e7o de Trump, diz ata do Copom - News In Foco - Editado por Caio Pimenta","description":"O Comit\u00ea de Pol\u00edtica Monet\u00e1ria (Copom) do Banco Central afirmou nesta ter\u00e7a-feira (5), na ata referente \u00e0 \u00faltima reuni\u00e3o do colegiado, que ocorreu na semana passada, que o cen\u00e1rio externo est\u00e1 mais adverso e incerto do que antes com a taxa\u00e7\u00e3o dos Estados Unidos, promovida pelo presidente Donald Trump, prestes a entrar em vigor, na","inLanguage":"pt-BR","isPartOf":{"@id":"https:\/\/newsinfoco.com.br\/inicio\/#website"},"breadcrumb":{"@id":"https:\/\/newsinfoco.com.br\/inicio\/cenario-externo-esta-mais-incerto-e-adverso-com-tarifaco-de-trump-diz-ata-do-copom\/#breadcrumblist"},"author":{"@id":"https:\/\/newsinfoco.com.br\/inicio\/author\/administrador\/#author"},"creator":{"@id":"https:\/\/newsinfoco.com.br\/inicio\/author\/administrador\/#author"},"image":{"@type":"ImageObject","url":"https:\/\/newsinfoco.com.br\/inicio\/wp-content\/uploads\/2025\/08\/Banco-central-2.png","@id":"https:\/\/newsinfoco.com.br\/inicio\/cenario-externo-esta-mais-incerto-e-adverso-com-tarifaco-de-trump-diz-ata-do-copom\/#mainImage","width":600,"height":420},"primaryImageOfPage":{"@id":"https:\/\/newsinfoco.com.br\/inicio\/cenario-externo-esta-mais-incerto-e-adverso-com-tarifaco-de-trump-diz-ata-do-copom\/#mainImage"},"datePublished":"2025-08-05T17:32:53-03:00","dateModified":"2025-08-05T17:32:53-03:00"},{"@type":"WebSite","@id":"https:\/\/newsinfoco.com.br\/inicio\/#website","url":"https:\/\/newsinfoco.com.br\/inicio\/","name":"News In Foco - Editado por Caio Pimenta","description":"O principal site de noticias de Alagoinhas e regi\u00e3o","inLanguage":"pt-BR","publisher":{"@id":"https:\/\/newsinfoco.com.br\/inicio\/#organization"}}]},"og:locale":"pt_BR","og:site_name":"News In Foco - Editado por Caio Pimenta - O principal site de noticias de Alagoinhas e regi\u00e3o","og:type":"article","og:title":"Cen\u00e1rio externo est\u00e1 mais incerto e adverso com tarifa\u00e7o de Trump, diz ata do Copom - News In Foco - Editado por Caio Pimenta","og:description":"O Comit\u00ea de Pol\u00edtica Monet\u00e1ria (Copom) do Banco Central afirmou nesta ter\u00e7a-feira (5), na ata referente \u00e0 \u00faltima reuni\u00e3o do colegiado, que ocorreu na semana passada, que o cen\u00e1rio externo est\u00e1 mais adverso e incerto do que antes com a taxa\u00e7\u00e3o dos Estados Unidos, promovida pelo presidente Donald Trump, prestes a entrar em vigor, na","og:url":"https:\/\/newsinfoco.com.br\/inicio\/cenario-externo-esta-mais-incerto-e-adverso-com-tarifaco-de-trump-diz-ata-do-copom\/","article:published_time":"2025-08-05T20:32:53+00:00","article:modified_time":"2025-08-05T20:32:53+00:00","twitter:card":"summary_large_image","twitter:title":"Cen\u00e1rio externo est\u00e1 mais incerto e adverso com tarifa\u00e7o de Trump, diz ata do Copom - News In Foco - Editado por Caio Pimenta","twitter:description":"O Comit\u00ea de Pol\u00edtica Monet\u00e1ria (Copom) do Banco Central afirmou nesta ter\u00e7a-feira (5), na ata referente \u00e0 \u00faltima reuni\u00e3o do colegiado, que ocorreu na semana passada, que o cen\u00e1rio externo est\u00e1 mais adverso e incerto do que antes com a taxa\u00e7\u00e3o dos Estados Unidos, promovida pelo presidente Donald Trump, prestes a entrar em vigor, na"},"aioseo_meta_data":{"post_id":"43979","title":null,"description":null,"keywords":null,"keyphrases":{"focus":{"keyphrase":"","score":0,"analysis":{"keyphraseInTitle":{"score":0,"maxScore":9,"error":1}}},"additional":[]},"primary_term":null,"canonical_url":null,"og_title":null,"og_description":null,"og_object_type":"default","og_image_type":"default","og_image_url":null,"og_image_width":null,"og_image_height":null,"og_image_custom_url":null,"og_image_custom_fields":null,"og_video":"","og_custom_url":null,"og_article_section":null,"og_article_tags":null,"twitter_use_og":false,"twitter_card":"default","twitter_image_type":"default","twitter_image_url":null,"twitter_image_custom_url":null,"twitter_image_custom_fields":null,"twitter_title":null,"twitter_description":null,"schema":{"blockGraphs":[],"customGraphs":[],"default":{"data":{"Article":[],"Course":[],"Dataset":[],"FAQPage":[],"Movie":[],"Person":[],"Product":[],"ProductReview":[],"Car":[],"Recipe":[],"Service":[],"SoftwareApplication":[],"WebPage":[]},"graphName":"BlogPosting","isEnabled":true},"graphs":[]},"schema_type":"default","schema_type_options":null,"pillar_content":false,"robots_default":true,"robots_noindex":false,"robots_noarchive":false,"robots_nosnippet":false,"robots_nofollow":false,"robots_noimageindex":false,"robots_noodp":false,"robots_notranslate":false,"robots_max_snippet":"-1","robots_max_videopreview":"-1","robots_max_imagepreview":"large","priority":null,"frequency":"default","local_seo":null,"breadcrumb_settings":null,"limit_modified_date":false,"ai":{"faqs":[],"keyPoints":[],"titles":[],"descriptions":[],"socialPosts":{"email":[],"linkedin":[],"twitter":[],"facebook":[],"instagram":[]}},"created":"2025-08-05 20:32:53","updated":"2025-08-05 20:46:00","seo_analyzer_scan_date":null},"aioseo_breadcrumb":"<div class=\"aioseo-breadcrumbs\"><span class=\"aioseo-breadcrumb\">\n\t\t\t<a href=\"https:\/\/newsinfoco.com.br\/inicio\" title=\"In\u00edcio\">In\u00edcio<\/a>\n\t\t<\/span><span class=\"aioseo-breadcrumb-separator\">&raquo;<\/span><span class=\"aioseo-breadcrumb\">\n\t\t\t<a href=\"https:\/\/newsinfoco.com.br\/inicio\/category\/brasil\/\" title=\"Brasil\">Brasil<\/a>\n\t\t<\/span><span class=\"aioseo-breadcrumb-separator\">&raquo;<\/span><span class=\"aioseo-breadcrumb\">\n\t\t\tCen\u00e1rio externo est\u00e1 mais incerto e adverso com tarifa\u00e7o de Trump, diz ata do Copom\n\t\t<\/span><\/div>","aioseo_breadcrumb_json":[{"label":"In\u00edcio","link":"https:\/\/newsinfoco.com.br\/inicio"},{"label":"Brasil","link":"https:\/\/newsinfoco.com.br\/inicio\/category\/brasil\/"},{"label":"Cen\u00e1rio externo est\u00e1 mais incerto e adverso com tarifa\u00e7o de Trump, diz ata do Copom","link":"https:\/\/newsinfoco.com.br\/inicio\/cenario-externo-esta-mais-incerto-e-adverso-com-tarifaco-de-trump-diz-ata-do-copom\/"}],"_links":{"self":[{"href":"https:\/\/newsinfoco.com.br\/inicio\/wp-json\/wp\/v2\/posts\/43979","targetHints":{"allow":["GET"]}}],"collection":[{"href":"https:\/\/newsinfoco.com.br\/inicio\/wp-json\/wp\/v2\/posts"}],"about":[{"href":"https:\/\/newsinfoco.com.br\/inicio\/wp-json\/wp\/v2\/types\/post"}],"author":[{"embeddable":true,"href":"https:\/\/newsinfoco.com.br\/inicio\/wp-json\/wp\/v2\/users\/1"}],"replies":[{"embeddable":true,"href":"https:\/\/newsinfoco.com.br\/inicio\/wp-json\/wp\/v2\/comments?post=43979"}],"version-history":[{"count":1,"href":"https:\/\/newsinfoco.com.br\/inicio\/wp-json\/wp\/v2\/posts\/43979\/revisions"}],"predecessor-version":[{"id":43981,"href":"https:\/\/newsinfoco.com.br\/inicio\/wp-json\/wp\/v2\/posts\/43979\/revisions\/43981"}],"wp:featuredmedia":[{"embeddable":true,"href":"https:\/\/newsinfoco.com.br\/inicio\/wp-json\/wp\/v2\/media\/43980"}],"wp:attachment":[{"href":"https:\/\/newsinfoco.com.br\/inicio\/wp-json\/wp\/v2\/media?parent=43979"}],"wp:term":[{"taxonomy":"category","embeddable":true,"href":"https:\/\/newsinfoco.com.br\/inicio\/wp-json\/wp\/v2\/categories?post=43979"},{"taxonomy":"post_tag","embeddable":true,"href":"https:\/\/newsinfoco.com.br\/inicio\/wp-json\/wp\/v2\/tags?post=43979"}],"curies":[{"name":"wp","href":"https:\/\/api.w.org\/{rel}","templated":true}]}}