{"id":44022,"date":"2025-08-07T21:32:21","date_gmt":"2025-08-08T00:32:21","guid":{"rendered":"https:\/\/newsinfoco.com.br\/inicio\/?p=44022"},"modified":"2025-08-07T21:32:21","modified_gmt":"2025-08-08T00:32:21","slug":"alagoinhas-sera-palco-da-agrotech-em-2026-anunciam-organizadores-durante-feira-em-inhambupe","status":"publish","type":"post","link":"https:\/\/newsinfoco.com.br\/inicio\/alagoinhas-sera-palco-da-agrotech-em-2026-anunciam-organizadores-durante-feira-em-inhambupe\/","title":{"rendered":"Alagoinhas ser\u00e1 palco da Agrotech em 2026, anunciam organizadores durante feira em Inhambupe"},"content":{"rendered":"<p>A 4\u00aa edi\u00e7\u00e3o da Agrotech come\u00e7ou nesta quinta-feira, 7, no Parque &amp; Haras Limoeiro, na cidade de Inhambupe. Sob organiza\u00e7\u00e3o do Sindicato Rural de Inhambupe, a estimativa \u00e9 a de que o evento gere mais de R$ 69 milh\u00f5es em neg\u00f3cios, atraindo investidores do ramo do agroneg\u00f3cio de v\u00e1rios locais do Brasil. Durante a abertura do evento, os organizadores anunciaram a confirma\u00e7\u00e3o de que, em 2026, Alagoinhas receber\u00e1 sua pr\u00f3pria edi\u00e7\u00e3o da Agrotech, no Parque de Exposi\u00e7\u00f5es Miguel Fontes.<\/p>\n<p>A Secretaria Municipal de Desenvolvimento Rural e Meio Ambiente (SDRA) representa a Prefeitura de Alagoinhas no evento por meio de um estande que divulga as maravilhas naturais do munic\u00edpio e fomento do empreendedorismo rural. At\u00e9 o pr\u00f3ximo domingo, 10, o espa\u00e7o contar\u00e1 com a marca de Alagoinhas, contribuindo para a prospec\u00e7\u00e3o de parceiros para investimentos no ramo do agroneg\u00f3cio.<\/p>\n<p>\u201cVamos levar esse evento para Alagoinhas, j\u00e1 para o m\u00eas de mar\u00e7o. Para al\u00e9m do contato direto entre o prefeito Gustavo Carmo e o governador Jer\u00f4nimo Rodrigues, achamos que a cidade tem capacidade de fazermos um evento duas vezes maior do que o que estamos realizando em Inhambupe, porque Alagoinhas tem uma capacidade estrutural maior, com rede hoteleira, restaurantes e outros atrativos, o que atrairia muita gente de fora\u201d, informa o idealizador da Agrotech, Ant\u00f4nio Carlos de Sousa Leal.<\/p>\n<p>Gustavo Carmo reitera a import\u00e2ncia do evento de Alagoinhas fazer parte desta edi\u00e7\u00e3o da feira. \u201cNossa participa\u00e7\u00e3o \u00e9 importante e a maior da nossa regi\u00e3o, sendo a quinta maior feira da Bahia. Ent\u00e3o, a gente veio prestigiar esse evento do agro, que gera neg\u00f3cios e que fomenta a gera\u00e7\u00e3o de emprego e de renda em toda a nossa regi\u00e3o. O secret\u00e1rio da SDRA, Djalma dos Santos, e equipe est\u00e3o de parab\u00e9ns pela iniciativa de trazer Alagoinhas para Inhambupe neste projeto. Estamos fortalecendo as rela\u00e7\u00f5es na regi\u00e3o, dentro dessa perspectiva da gera\u00e7\u00e3o de emprego e renda. Quando pensamos no tamanho de Alagoinhas, a iniciativa da produ\u00e7\u00e3o rural, do agro, tamb\u00e9m nos interessa muito pela pujan\u00e7a do setor\u201d, enfatiza o prefeito.<\/p>\n<p>Por sua vez, Djalma Santos explica que a parceria Alagoinhas\/Inhambupe marca o in\u00edcio de uma rela\u00e7\u00e3o voltada ao incentivo da agricultura enquanto gera\u00e7\u00e3o direta de renda. \u201cAp\u00f3s conversa com Ant\u00f4nio Carlos, veio o convite para participarmos da quarta edi\u00e7\u00e3o do evento, al\u00e9m das tratativas de levarmos a Agrotech para Alagoinhas. A nossa participa\u00e7\u00e3o aqui \u00e9 muito importante pelo tamanho da feira, com v\u00e1rias empresas participantes, pessoas de fora do nosso Estado. Essa \u00e9 a primeira vez que nossa cidade participa da Agrotech e, quando acontecer em nossa cidade, receberemos todos de bra\u00e7os abertos, para mostrarmos nossos potenciais naturais\u201d, conclui o secret\u00e1rio.<\/p>\n<p>Ao falar sobre as quest\u00f5es naturais da cidade, o prefeito foi enf\u00e1tico em apontar Alagoinhas como um ambiente prop\u00edcio para o agroneg\u00f3cio, o que favorece a realiza\u00e7\u00e3o de a\u00e7\u00f5es desse porte no munic\u00edpio. \u201cTemos trabalhado no fomento da cadeia do petr\u00f3leo e g\u00e1s, no segmento de bebidas, cer\u00e2micas. Para al\u00e9m disso, Alagoinhas \u00e9 um dos munic\u00edpios que tem se destacado no Nordeste e no Brasil pela qualidade da nossa \u00e1gua e pela log\u00edstica, pois \u00e9 uma cidade pr\u00f3xima de Feira de Santana, Salvador, do Porto de Aratu, de Aracaju, do Litoral Norte e do Centro Norte da Bahia. Estes fatores formam, obviamente, uma condi\u00e7\u00e3o de fortalecimento para que nossa cidade tenha condi\u00e7\u00f5es para ter um ambiente de neg\u00f3cio desse porte\u201d, pontua o prefeito.<\/p>\n<p>&nbsp;<\/p>\n<p><a class=\"group1 cboxElement\" href=\"https:\/\/www.alagoinhas.ba.gov.br\/wp-content\/uploads\/2025\/08\/WhatsApp-Image-2025-08-07-at-14.56.40.jpeg\"><img loading=\"lazy\" decoding=\"async\" class=\"aligncenter size-full wp-image-82547\" src=\"https:\/\/www.alagoinhas.ba.gov.br\/wp-content\/uploads\/2025\/08\/WhatsApp-Image-2025-08-07-at-14.56.40.jpeg\" sizes=\"auto, (max-width: 1600px) 100vw, 1600px\" srcset=\"https:\/\/www.alagoinhas.ba.gov.br\/wp-content\/uploads\/2025\/08\/WhatsApp-Image-2025-08-07-at-14.56.40.jpeg 1600w, https:\/\/www.alagoinhas.ba.gov.br\/wp-content\/uploads\/2025\/08\/WhatsApp-Image-2025-08-07-at-14.56.40-300x200.jpeg 300w, https:\/\/www.alagoinhas.ba.gov.br\/wp-content\/uploads\/2025\/08\/WhatsApp-Image-2025-08-07-at-14.56.40-768x512.jpeg 768w, https:\/\/www.alagoinhas.ba.gov.br\/wp-content\/uploads\/2025\/08\/WhatsApp-Image-2025-08-07-at-14.56.40-1024x682.jpeg 1024w, https:\/\/www.alagoinhas.ba.gov.br\/wp-content\/uploads\/2025\/08\/WhatsApp-Image-2025-08-07-at-14.56.40-24x16.jpeg 24w\" alt=\"\" width=\"1600\" height=\"1066\" \/><\/a><\/p>\n<p>&nbsp;<\/p>\n<p><a class=\"group1 cboxElement\" href=\"https:\/\/www.alagoinhas.ba.gov.br\/wp-content\/uploads\/2025\/08\/WhatsApp-Image-2025-08-07-at-15.03.33.jpeg\"><img loading=\"lazy\" decoding=\"async\" class=\"aligncenter size-full wp-image-82546\" src=\"https:\/\/www.alagoinhas.ba.gov.br\/wp-content\/uploads\/2025\/08\/WhatsApp-Image-2025-08-07-at-15.03.33.jpeg\" sizes=\"auto, (max-width: 1600px) 100vw, 1600px\" srcset=\"https:\/\/www.alagoinhas.ba.gov.br\/wp-content\/uploads\/2025\/08\/WhatsApp-Image-2025-08-07-at-15.03.33.jpeg 1600w, https:\/\/www.alagoinhas.ba.gov.br\/wp-content\/uploads\/2025\/08\/WhatsApp-Image-2025-08-07-at-15.03.33-300x200.jpeg 300w, https:\/\/www.alagoinhas.ba.gov.br\/wp-content\/uploads\/2025\/08\/WhatsApp-Image-2025-08-07-at-15.03.33-768x512.jpeg 768w, https:\/\/www.alagoinhas.ba.gov.br\/wp-content\/uploads\/2025\/08\/WhatsApp-Image-2025-08-07-at-15.03.33-1024x682.jpeg 1024w, https:\/\/www.alagoinhas.ba.gov.br\/wp-content\/uploads\/2025\/08\/WhatsApp-Image-2025-08-07-at-15.03.33-24x16.jpeg 24w\" alt=\"\" width=\"1600\" height=\"1066\" \/><\/a><\/p>\n<p>&nbsp;<\/p>\n<p><a class=\"group1 cboxElement\" href=\"https:\/\/www.alagoinhas.ba.gov.br\/wp-content\/uploads\/2025\/08\/WhatsApp-Image-2025-08-07-at-15.03.36.jpeg\"><img loading=\"lazy\" decoding=\"async\" class=\"aligncenter size-full wp-image-82545\" src=\"https:\/\/www.alagoinhas.ba.gov.br\/wp-content\/uploads\/2025\/08\/WhatsApp-Image-2025-08-07-at-15.03.36.jpeg\" sizes=\"auto, (max-width: 1600px) 100vw, 1600px\" srcset=\"https:\/\/www.alagoinhas.ba.gov.br\/wp-content\/uploads\/2025\/08\/WhatsApp-Image-2025-08-07-at-15.03.36.jpeg 1600w, https:\/\/www.alagoinhas.ba.gov.br\/wp-content\/uploads\/2025\/08\/WhatsApp-Image-2025-08-07-at-15.03.36-300x200.jpeg 300w, https:\/\/www.alagoinhas.ba.gov.br\/wp-content\/uploads\/2025\/08\/WhatsApp-Image-2025-08-07-at-15.03.36-768x512.jpeg 768w, https:\/\/www.alagoinhas.ba.gov.br\/wp-content\/uploads\/2025\/08\/WhatsApp-Image-2025-08-07-at-15.03.36-1024x682.jpeg 1024w, https:\/\/www.alagoinhas.ba.gov.br\/wp-content\/uploads\/2025\/08\/WhatsApp-Image-2025-08-07-at-15.03.36-24x16.jpeg 24w\" alt=\"\" width=\"1600\" height=\"1066\" \/><\/a><\/p>\n<h5>Ant\u00f4nio Carlos de Sousa Leal e Djalma Santos<\/h5>\n<p>&nbsp;<\/p>\n<p><a class=\"group1 cboxElement\" href=\"https:\/\/www.alagoinhas.ba.gov.br\/wp-content\/uploads\/2025\/08\/WhatsApp-Image-2025-08-07-at-15.05.28.jpeg\"><img loading=\"lazy\" decoding=\"async\" class=\"aligncenter size-full wp-image-82544\" src=\"https:\/\/www.alagoinhas.ba.gov.br\/wp-content\/uploads\/2025\/08\/WhatsApp-Image-2025-08-07-at-15.05.28.jpeg\" sizes=\"auto, (max-width: 1600px) 100vw, 1600px\" srcset=\"https:\/\/www.alagoinhas.ba.gov.br\/wp-content\/uploads\/2025\/08\/WhatsApp-Image-2025-08-07-at-15.05.28.jpeg 1600w, https:\/\/www.alagoinhas.ba.gov.br\/wp-content\/uploads\/2025\/08\/WhatsApp-Image-2025-08-07-at-15.05.28-300x200.jpeg 300w, https:\/\/www.alagoinhas.ba.gov.br\/wp-content\/uploads\/2025\/08\/WhatsApp-Image-2025-08-07-at-15.05.28-768x512.jpeg 768w, https:\/\/www.alagoinhas.ba.gov.br\/wp-content\/uploads\/2025\/08\/WhatsApp-Image-2025-08-07-at-15.05.28-1024x682.jpeg 1024w, https:\/\/www.alagoinhas.ba.gov.br\/wp-content\/uploads\/2025\/08\/WhatsApp-Image-2025-08-07-at-15.05.28-24x16.jpeg 24w\" alt=\"\" width=\"1600\" height=\"1066\" \/><\/a><\/p>\n<p>&nbsp;<\/p>\n<p><a class=\"group1 cboxElement\" href=\"https:\/\/www.alagoinhas.ba.gov.br\/wp-content\/uploads\/2025\/08\/WhatsApp-Image-2025-08-07-at-15.06.53.jpeg\"><img loading=\"lazy\" decoding=\"async\" class=\"aligncenter size-full wp-image-82543\" src=\"https:\/\/www.alagoinhas.ba.gov.br\/wp-content\/uploads\/2025\/08\/WhatsApp-Image-2025-08-07-at-15.06.53.jpeg\" sizes=\"auto, (max-width: 1600px) 100vw, 1600px\" srcset=\"https:\/\/www.alagoinhas.ba.gov.br\/wp-content\/uploads\/2025\/08\/WhatsApp-Image-2025-08-07-at-15.06.53.jpeg 1600w, https:\/\/www.alagoinhas.ba.gov.br\/wp-content\/uploads\/2025\/08\/WhatsApp-Image-2025-08-07-at-15.06.53-300x200.jpeg 300w, https:\/\/www.alagoinhas.ba.gov.br\/wp-content\/uploads\/2025\/08\/WhatsApp-Image-2025-08-07-at-15.06.53-768x512.jpeg 768w, https:\/\/www.alagoinhas.ba.gov.br\/wp-content\/uploads\/2025\/08\/WhatsApp-Image-2025-08-07-at-15.06.53-1024x682.jpeg 1024w, https:\/\/www.alagoinhas.ba.gov.br\/wp-content\/uploads\/2025\/08\/WhatsApp-Image-2025-08-07-at-15.06.53-24x16.jpeg 24w\" alt=\"\" width=\"1600\" height=\"1066\" \/><\/a><\/p>\n<h5>Gustavo Carmo<\/h5>\n<p>&nbsp;<\/p>\n<p><a class=\"group1 cboxElement\" href=\"https:\/\/www.alagoinhas.ba.gov.br\/wp-content\/uploads\/2025\/08\/WhatsApp-Image-2025-08-07-at-15.06.54.jpeg\"><img loading=\"lazy\" decoding=\"async\" class=\"aligncenter size-full wp-image-82541\" src=\"https:\/\/www.alagoinhas.ba.gov.br\/wp-content\/uploads\/2025\/08\/WhatsApp-Image-2025-08-07-at-15.06.54.jpeg\" sizes=\"auto, (max-width: 1600px) 100vw, 1600px\" srcset=\"https:\/\/www.alagoinhas.ba.gov.br\/wp-content\/uploads\/2025\/08\/WhatsApp-Image-2025-08-07-at-15.06.54.jpeg 1600w, https:\/\/www.alagoinhas.ba.gov.br\/wp-content\/uploads\/2025\/08\/WhatsApp-Image-2025-08-07-at-15.06.54-300x200.jpeg 300w, https:\/\/www.alagoinhas.ba.gov.br\/wp-content\/uploads\/2025\/08\/WhatsApp-Image-2025-08-07-at-15.06.54-768x512.jpeg 768w, https:\/\/www.alagoinhas.ba.gov.br\/wp-content\/uploads\/2025\/08\/WhatsApp-Image-2025-08-07-at-15.06.54-1024x682.jpeg 1024w, https:\/\/www.alagoinhas.ba.gov.br\/wp-content\/uploads\/2025\/08\/WhatsApp-Image-2025-08-07-at-15.06.54-24x16.jpeg 24w\" alt=\"\" width=\"1600\" height=\"1066\" \/><\/a><\/p>\n<p>&nbsp;<\/p>\n<p><a class=\"group1 cboxElement\" href=\"https:\/\/www.alagoinhas.ba.gov.br\/wp-content\/uploads\/2025\/08\/WhatsApp-Image-2025-08-07-at-15.03.25.jpeg\"><img loading=\"lazy\" decoding=\"async\" class=\"aligncenter size-full wp-image-82540\" src=\"https:\/\/www.alagoinhas.ba.gov.br\/wp-content\/uploads\/2025\/08\/WhatsApp-Image-2025-08-07-at-15.03.25.jpeg\" sizes=\"auto, (max-width: 1600px) 100vw, 1600px\" srcset=\"https:\/\/www.alagoinhas.ba.gov.br\/wp-content\/uploads\/2025\/08\/WhatsApp-Image-2025-08-07-at-15.03.25.jpeg 1600w, https:\/\/www.alagoinhas.ba.gov.br\/wp-content\/uploads\/2025\/08\/WhatsApp-Image-2025-08-07-at-15.03.25-300x200.jpeg 300w, https:\/\/www.alagoinhas.ba.gov.br\/wp-content\/uploads\/2025\/08\/WhatsApp-Image-2025-08-07-at-15.03.25-768x512.jpeg 768w, https:\/\/www.alagoinhas.ba.gov.br\/wp-content\/uploads\/2025\/08\/WhatsApp-Image-2025-08-07-at-15.03.25-1024x682.jpeg 1024w, https:\/\/www.alagoinhas.ba.gov.br\/wp-content\/uploads\/2025\/08\/WhatsApp-Image-2025-08-07-at-15.03.25-24x16.jpeg 24w\" alt=\"\" width=\"1600\" height=\"1066\" \/><\/a><\/p>\n<p>&nbsp;<\/p>\n<p><a class=\"group1 cboxElement\" href=\"https:\/\/www.alagoinhas.ba.gov.br\/wp-content\/uploads\/2025\/08\/WhatsApp-Image-2025-08-07-at-15.03.29.jpeg\"><img loading=\"lazy\" decoding=\"async\" class=\"aligncenter size-full wp-image-82539\" src=\"https:\/\/www.alagoinhas.ba.gov.br\/wp-content\/uploads\/2025\/08\/WhatsApp-Image-2025-08-07-at-15.03.29.jpeg\" sizes=\"auto, (max-width: 1600px) 100vw, 1600px\" srcset=\"https:\/\/www.alagoinhas.ba.gov.br\/wp-content\/uploads\/2025\/08\/WhatsApp-Image-2025-08-07-at-15.03.29.jpeg 1600w, https:\/\/www.alagoinhas.ba.gov.br\/wp-content\/uploads\/2025\/08\/WhatsApp-Image-2025-08-07-at-15.03.29-300x200.jpeg 300w, https:\/\/www.alagoinhas.ba.gov.br\/wp-content\/uploads\/2025\/08\/WhatsApp-Image-2025-08-07-at-15.03.29-768x512.jpeg 768w, https:\/\/www.alagoinhas.ba.gov.br\/wp-content\/uploads\/2025\/08\/WhatsApp-Image-2025-08-07-at-15.03.29-1024x682.jpeg 1024w, https:\/\/www.alagoinhas.ba.gov.br\/wp-content\/uploads\/2025\/08\/WhatsApp-Image-2025-08-07-at-15.03.29-24x16.jpeg 24w\" alt=\"\" width=\"1600\" height=\"1066\" \/><\/a><\/p>\n<p>&nbsp;<\/p>\n<p><a class=\"group1 cboxElement\" href=\"https:\/\/www.alagoinhas.ba.gov.br\/wp-content\/uploads\/2025\/08\/WhatsApp-Image-2025-08-07-at-15.03.36-1.jpeg\"><img loading=\"lazy\" decoding=\"async\" class=\"aligncenter size-full wp-image-82538\" src=\"https:\/\/www.alagoinhas.ba.gov.br\/wp-content\/uploads\/2025\/08\/WhatsApp-Image-2025-08-07-at-15.03.36-1.jpeg\" sizes=\"auto, (max-width: 1600px) 100vw, 1600px\" srcset=\"https:\/\/www.alagoinhas.ba.gov.br\/wp-content\/uploads\/2025\/08\/WhatsApp-Image-2025-08-07-at-15.03.36-1.jpeg 1600w, https:\/\/www.alagoinhas.ba.gov.br\/wp-content\/uploads\/2025\/08\/WhatsApp-Image-2025-08-07-at-15.03.36-1-300x200.jpeg 300w, https:\/\/www.alagoinhas.ba.gov.br\/wp-content\/uploads\/2025\/08\/WhatsApp-Image-2025-08-07-at-15.03.36-1-768x512.jpeg 768w, https:\/\/www.alagoinhas.ba.gov.br\/wp-content\/uploads\/2025\/08\/WhatsApp-Image-2025-08-07-at-15.03.36-1-1024x682.jpeg 1024w, https:\/\/www.alagoinhas.ba.gov.br\/wp-content\/uploads\/2025\/08\/WhatsApp-Image-2025-08-07-at-15.03.36-1-24x16.jpeg 24w\" alt=\"\" width=\"1600\" height=\"1066\" \/><\/a><\/p>\n<p>&nbsp;<\/p>\n<p><a class=\"group1 cboxElement\" href=\"https:\/\/www.alagoinhas.ba.gov.br\/wp-content\/uploads\/2025\/08\/WhatsApp-Image-2025-08-07-at-15.05.27.jpeg\"><img loading=\"lazy\" decoding=\"async\" class=\"aligncenter size-full wp-image-82537\" src=\"https:\/\/www.alagoinhas.ba.gov.br\/wp-content\/uploads\/2025\/08\/WhatsApp-Image-2025-08-07-at-15.05.27.jpeg\" sizes=\"auto, (max-width: 1600px) 100vw, 1600px\" srcset=\"https:\/\/www.alagoinhas.ba.gov.br\/wp-content\/uploads\/2025\/08\/WhatsApp-Image-2025-08-07-at-15.05.27.jpeg 1600w, https:\/\/www.alagoinhas.ba.gov.br\/wp-content\/uploads\/2025\/08\/WhatsApp-Image-2025-08-07-at-15.05.27-300x200.jpeg 300w, https:\/\/www.alagoinhas.ba.gov.br\/wp-content\/uploads\/2025\/08\/WhatsApp-Image-2025-08-07-at-15.05.27-768x512.jpeg 768w, https:\/\/www.alagoinhas.ba.gov.br\/wp-content\/uploads\/2025\/08\/WhatsApp-Image-2025-08-07-at-15.05.27-1024x682.jpeg 1024w, https:\/\/www.alagoinhas.ba.gov.br\/wp-content\/uploads\/2025\/08\/WhatsApp-Image-2025-08-07-at-15.05.27-24x16.jpeg 24w\" alt=\"\" width=\"1600\" height=\"1066\" \/><\/a><\/p>\n<p>&nbsp;<\/p>\n<p><a class=\"group1 cboxElement\" href=\"https:\/\/www.alagoinhas.ba.gov.br\/wp-content\/uploads\/2025\/08\/WhatsApp-Image-2025-08-07-at-15.05.30.jpeg\"><img loading=\"lazy\" decoding=\"async\" class=\"aligncenter size-full wp-image-82536\" src=\"https:\/\/www.alagoinhas.ba.gov.br\/wp-content\/uploads\/2025\/08\/WhatsApp-Image-2025-08-07-at-15.05.30.jpeg\" sizes=\"auto, (max-width: 1600px) 100vw, 1600px\" srcset=\"https:\/\/www.alagoinhas.ba.gov.br\/wp-content\/uploads\/2025\/08\/WhatsApp-Image-2025-08-07-at-15.05.30.jpeg 1600w, https:\/\/www.alagoinhas.ba.gov.br\/wp-content\/uploads\/2025\/08\/WhatsApp-Image-2025-08-07-at-15.05.30-300x200.jpeg 300w, https:\/\/www.alagoinhas.ba.gov.br\/wp-content\/uploads\/2025\/08\/WhatsApp-Image-2025-08-07-at-15.05.30-768x512.jpeg 768w, https:\/\/www.alagoinhas.ba.gov.br\/wp-content\/uploads\/2025\/08\/WhatsApp-Image-2025-08-07-at-15.05.30-1024x682.jpeg 1024w, https:\/\/www.alagoinhas.ba.gov.br\/wp-content\/uploads\/2025\/08\/WhatsApp-Image-2025-08-07-at-15.05.30-24x16.jpeg 24w\" alt=\"\" width=\"1600\" height=\"1066\" \/><\/a><\/p>\n<h5>Ant\u00f4nio Carlos de Sousa Leal<\/h5>\n<h5><a class=\"group1 cboxElement\" href=\"https:\/\/www.alagoinhas.ba.gov.br\/wp-content\/uploads\/2025\/08\/WhatsApp-Image-2025-08-07-at-15.07.20.jpeg\"><img loading=\"lazy\" decoding=\"async\" class=\"aligncenter size-full wp-image-82535\" src=\"https:\/\/www.alagoinhas.ba.gov.br\/wp-content\/uploads\/2025\/08\/WhatsApp-Image-2025-08-07-at-15.07.20.jpeg\" sizes=\"auto, (max-width: 1600px) 100vw, 1600px\" srcset=\"https:\/\/www.alagoinhas.ba.gov.br\/wp-content\/uploads\/2025\/08\/WhatsApp-Image-2025-08-07-at-15.07.20.jpeg 1600w, https:\/\/www.alagoinhas.ba.gov.br\/wp-content\/uploads\/2025\/08\/WhatsApp-Image-2025-08-07-at-15.07.20-300x200.jpeg 300w, https:\/\/www.alagoinhas.ba.gov.br\/wp-content\/uploads\/2025\/08\/WhatsApp-Image-2025-08-07-at-15.07.20-768x512.jpeg 768w, https:\/\/www.alagoinhas.ba.gov.br\/wp-content\/uploads\/2025\/08\/WhatsApp-Image-2025-08-07-at-15.07.20-1024x682.jpeg 1024w, https:\/\/www.alagoinhas.ba.gov.br\/wp-content\/uploads\/2025\/08\/WhatsApp-Image-2025-08-07-at-15.07.20-24x16.jpeg 24w\" alt=\"\" width=\"1600\" height=\"1066\" \/><\/a><\/h5>\n<p>&nbsp;<\/p>\n<h6><strong>Fotos: Roberto Fonseca\/Secom\/Alagoinhas<\/strong><\/h6>\n<p>&nbsp;<\/p>\n<div class='share-to-whatsapp-wrapper'><div class='share-on-whsp'>Share on: <\/div><a data-text='Alagoinhas ser\u00e1 palco da Agrotech em 2026, anunciam organizadores durante feira em Inhambupe' data-link='https:\/\/newsinfoco.com.br\/inicio\/alagoinhas-sera-palco-da-agrotech-em-2026-anunciam-organizadores-durante-feira-em-inhambupe\/' class='whatsapp-button whatsapp-share'>WhatsApp<\/a><div class='clear '><\/div><\/div>","protected":false},"excerpt":{"rendered":"<p>A 4\u00aa edi\u00e7\u00e3o da Agrotech come\u00e7ou nesta quinta-feira, 7, no Parque &amp; Haras Limoeiro, na cidade de Inhambupe. Sob organiza\u00e7\u00e3o do Sindicato Rural de Inhambupe, a estimativa \u00e9 a de que o evento gere mais de R$ 69 milh\u00f5es em neg\u00f3cios, atraindo investidores do ramo do agroneg\u00f3cio de v\u00e1rios locais do Brasil. Durante a abertura [&hellip;]<\/p>\n","protected":false},"author":1,"featured_media":44023,"comment_status":"closed","ping_status":"closed","sticky":false,"template":"","format":"standard","meta":{"om_disable_all_campaigns":false,"rop_custom_images_group":[],"rop_custom_messages_group":[],"rop_publish_now":"initial","rop_publish_now_accounts":[],"rop_publish_now_history":[],"rop_publish_now_status":"pending","_exactmetrics_skip_tracking":false,"footnotes":""},"categories":[38,30,167],"tags":[],"class_list":["post-44022","post","type-post","status-publish","format-standard","has-post-thumbnail","hentry","category-alagoinhas-e-regiao","category-destaque","category-exclusivas"],"aioseo_notices":[],"aioseo_head":"\n\t\t<!-- All in One SEO 4.9.10 - aioseo.com -->\n\t<meta name=\"description\" content=\"A 4\u00aa edi\u00e7\u00e3o da Agrotech come\u00e7ou nesta quinta-feira, 7, no Parque &amp; Haras Limoeiro, na cidade de Inhambupe. Sob organiza\u00e7\u00e3o do Sindicato Rural de Inhambupe, a estimativa \u00e9 a de que o evento gere mais de R$ 69 milh\u00f5es em neg\u00f3cios, atraindo investidores do ramo do agroneg\u00f3cio de v\u00e1rios locais do Brasil. Durante a abertura\" \/>\n\t<meta name=\"robots\" content=\"max-image-preview:large\" \/>\n\t<meta name=\"author\" content=\"administrador\"\/>\n\t<link rel=\"canonical\" href=\"https:\/\/newsinfoco.com.br\/inicio\/alagoinhas-sera-palco-da-agrotech-em-2026-anunciam-organizadores-durante-feira-em-inhambupe\/\" \/>\n\t<meta name=\"generator\" content=\"All in One SEO (AIOSEO) 4.9.10\" \/>\n\t\t<meta property=\"og:locale\" content=\"pt_BR\" \/>\n\t\t<meta property=\"og:site_name\" content=\"News In Foco - Editado por Caio Pimenta - O principal site de noticias de Alagoinhas e regi\u00e3o\" \/>\n\t\t<meta property=\"og:type\" content=\"article\" \/>\n\t\t<meta property=\"og:title\" content=\"Alagoinhas ser\u00e1 palco da Agrotech em 2026, anunciam organizadores durante feira em Inhambupe - News In Foco - Editado por Caio Pimenta\" \/>\n\t\t<meta property=\"og:description\" content=\"A 4\u00aa edi\u00e7\u00e3o da Agrotech come\u00e7ou nesta quinta-feira, 7, no Parque &amp; Haras Limoeiro, na cidade de Inhambupe. Sob organiza\u00e7\u00e3o do Sindicato Rural de Inhambupe, a estimativa \u00e9 a de que o evento gere mais de R$ 69 milh\u00f5es em neg\u00f3cios, atraindo investidores do ramo do agroneg\u00f3cio de v\u00e1rios locais do Brasil. Durante a abertura\" \/>\n\t\t<meta property=\"og:url\" content=\"https:\/\/newsinfoco.com.br\/inicio\/alagoinhas-sera-palco-da-agrotech-em-2026-anunciam-organizadores-durante-feira-em-inhambupe\/\" \/>\n\t\t<meta property=\"article:published_time\" content=\"2025-08-08T00:32:21+00:00\" \/>\n\t\t<meta property=\"article:modified_time\" content=\"2025-08-08T00:32:21+00:00\" \/>\n\t\t<meta name=\"twitter:card\" content=\"summary_large_image\" \/>\n\t\t<meta name=\"twitter:title\" content=\"Alagoinhas ser\u00e1 palco da Agrotech em 2026, anunciam organizadores durante feira em Inhambupe - News In Foco - Editado por Caio Pimenta\" \/>\n\t\t<meta name=\"twitter:description\" content=\"A 4\u00aa edi\u00e7\u00e3o da Agrotech come\u00e7ou nesta quinta-feira, 7, no Parque &amp; Haras Limoeiro, na cidade de Inhambupe. Sob organiza\u00e7\u00e3o do Sindicato Rural de Inhambupe, a estimativa \u00e9 a de que o evento gere mais de R$ 69 milh\u00f5es em neg\u00f3cios, atraindo investidores do ramo do agroneg\u00f3cio de v\u00e1rios locais do Brasil. Durante a abertura\" \/>\n\t\t<script type=\"application\/ld+json\" class=\"aioseo-schema\">\n\t\t\t{\"@context\":\"https:\\\/\\\/schema.org\",\"@graph\":[{\"@type\":\"BlogPosting\",\"@id\":\"https:\\\/\\\/newsinfoco.com.br\\\/inicio\\\/alagoinhas-sera-palco-da-agrotech-em-2026-anunciam-organizadores-durante-feira-em-inhambupe\\\/#blogposting\",\"name\":\"Alagoinhas ser\\u00e1 palco da Agrotech em 2026, anunciam organizadores durante feira em Inhambupe - News In Foco - Editado por Caio Pimenta\",\"headline\":\"Alagoinhas ser\\u00e1 palco da Agrotech em 2026, anunciam organizadores durante feira em Inhambupe\",\"author\":{\"@id\":\"https:\\\/\\\/newsinfoco.com.br\\\/inicio\\\/author\\\/administrador\\\/#author\"},\"publisher\":{\"@id\":\"https:\\\/\\\/newsinfoco.com.br\\\/inicio\\\/#organization\"},\"image\":{\"@type\":\"ImageObject\",\"url\":\"https:\\\/\\\/newsinfoco.com.br\\\/inicio\\\/wp-content\\\/uploads\\\/2025\\\/08\\\/agrotech.jpeg\",\"width\":1600,\"height\":1066},\"datePublished\":\"2025-08-07T21:32:21-03:00\",\"dateModified\":\"2025-08-07T21:32:21-03:00\",\"inLanguage\":\"pt-BR\",\"mainEntityOfPage\":{\"@id\":\"https:\\\/\\\/newsinfoco.com.br\\\/inicio\\\/alagoinhas-sera-palco-da-agrotech-em-2026-anunciam-organizadores-durante-feira-em-inhambupe\\\/#webpage\"},\"isPartOf\":{\"@id\":\"https:\\\/\\\/newsinfoco.com.br\\\/inicio\\\/alagoinhas-sera-palco-da-agrotech-em-2026-anunciam-organizadores-durante-feira-em-inhambupe\\\/#webpage\"},\"articleSection\":\"Alagoinhas e Regi\\u00e3o, Destaque, Manchete\"},{\"@type\":\"BreadcrumbList\",\"@id\":\"https:\\\/\\\/newsinfoco.com.br\\\/inicio\\\/alagoinhas-sera-palco-da-agrotech-em-2026-anunciam-organizadores-durante-feira-em-inhambupe\\\/#breadcrumblist\",\"itemListElement\":[{\"@type\":\"ListItem\",\"@id\":\"https:\\\/\\\/newsinfoco.com.br\\\/inicio#listItem\",\"position\":1,\"name\":\"In\\u00edcio\",\"item\":\"https:\\\/\\\/newsinfoco.com.br\\\/inicio\",\"nextItem\":{\"@type\":\"ListItem\",\"@id\":\"https:\\\/\\\/newsinfoco.com.br\\\/inicio\\\/category\\\/destaque\\\/#listItem\",\"name\":\"Destaque\"}},{\"@type\":\"ListItem\",\"@id\":\"https:\\\/\\\/newsinfoco.com.br\\\/inicio\\\/category\\\/destaque\\\/#listItem\",\"position\":2,\"name\":\"Destaque\",\"item\":\"https:\\\/\\\/newsinfoco.com.br\\\/inicio\\\/category\\\/destaque\\\/\",\"nextItem\":{\"@type\":\"ListItem\",\"@id\":\"https:\\\/\\\/newsinfoco.com.br\\\/inicio\\\/alagoinhas-sera-palco-da-agrotech-em-2026-anunciam-organizadores-durante-feira-em-inhambupe\\\/#listItem\",\"name\":\"Alagoinhas ser\\u00e1 palco da Agrotech em 2026, anunciam organizadores durante feira em Inhambupe\"},\"previousItem\":{\"@type\":\"ListItem\",\"@id\":\"https:\\\/\\\/newsinfoco.com.br\\\/inicio#listItem\",\"name\":\"In\\u00edcio\"}},{\"@type\":\"ListItem\",\"@id\":\"https:\\\/\\\/newsinfoco.com.br\\\/inicio\\\/alagoinhas-sera-palco-da-agrotech-em-2026-anunciam-organizadores-durante-feira-em-inhambupe\\\/#listItem\",\"position\":3,\"name\":\"Alagoinhas ser\\u00e1 palco da Agrotech em 2026, anunciam organizadores durante feira em Inhambupe\",\"previousItem\":{\"@type\":\"ListItem\",\"@id\":\"https:\\\/\\\/newsinfoco.com.br\\\/inicio\\\/category\\\/destaque\\\/#listItem\",\"name\":\"Destaque\"}}]},{\"@type\":\"Organization\",\"@id\":\"https:\\\/\\\/newsinfoco.com.br\\\/inicio\\\/#organization\",\"name\":\"News In Foco - Editado por Caio Pimenta\",\"description\":\"O principal site de noticias de Alagoinhas e regi\\u00e3o\",\"url\":\"https:\\\/\\\/newsinfoco.com.br\\\/inicio\\\/\"},{\"@type\":\"Person\",\"@id\":\"https:\\\/\\\/newsinfoco.com.br\\\/inicio\\\/author\\\/administrador\\\/#author\",\"url\":\"https:\\\/\\\/newsinfoco.com.br\\\/inicio\\\/author\\\/administrador\\\/\",\"name\":\"administrador\",\"image\":{\"@type\":\"ImageObject\",\"@id\":\"https:\\\/\\\/newsinfoco.com.br\\\/inicio\\\/alagoinhas-sera-palco-da-agrotech-em-2026-anunciam-organizadores-durante-feira-em-inhambupe\\\/#authorImage\",\"url\":\"https:\\\/\\\/secure.gravatar.com\\\/avatar\\\/c17a617433de8c1dc9584bb79aab7563b46f5bb7e1728c9b17d9cc3ce6a08e49?s=96&d=mm&r=g\",\"width\":96,\"height\":96,\"caption\":\"administrador\"}},{\"@type\":\"WebPage\",\"@id\":\"https:\\\/\\\/newsinfoco.com.br\\\/inicio\\\/alagoinhas-sera-palco-da-agrotech-em-2026-anunciam-organizadores-durante-feira-em-inhambupe\\\/#webpage\",\"url\":\"https:\\\/\\\/newsinfoco.com.br\\\/inicio\\\/alagoinhas-sera-palco-da-agrotech-em-2026-anunciam-organizadores-durante-feira-em-inhambupe\\\/\",\"name\":\"Alagoinhas ser\\u00e1 palco da Agrotech em 2026, anunciam organizadores durante feira em Inhambupe - News In Foco - Editado por Caio Pimenta\",\"description\":\"A 4\\u00aa edi\\u00e7\\u00e3o da Agrotech come\\u00e7ou nesta quinta-feira, 7, no Parque & Haras Limoeiro, na cidade de Inhambupe. Sob organiza\\u00e7\\u00e3o do Sindicato Rural de Inhambupe, a estimativa \\u00e9 a de que o evento gere mais de R$ 69 milh\\u00f5es em neg\\u00f3cios, atraindo investidores do ramo do agroneg\\u00f3cio de v\\u00e1rios locais do Brasil. Durante a abertura\",\"inLanguage\":\"pt-BR\",\"isPartOf\":{\"@id\":\"https:\\\/\\\/newsinfoco.com.br\\\/inicio\\\/#website\"},\"breadcrumb\":{\"@id\":\"https:\\\/\\\/newsinfoco.com.br\\\/inicio\\\/alagoinhas-sera-palco-da-agrotech-em-2026-anunciam-organizadores-durante-feira-em-inhambupe\\\/#breadcrumblist\"},\"author\":{\"@id\":\"https:\\\/\\\/newsinfoco.com.br\\\/inicio\\\/author\\\/administrador\\\/#author\"},\"creator\":{\"@id\":\"https:\\\/\\\/newsinfoco.com.br\\\/inicio\\\/author\\\/administrador\\\/#author\"},\"image\":{\"@type\":\"ImageObject\",\"url\":\"https:\\\/\\\/newsinfoco.com.br\\\/inicio\\\/wp-content\\\/uploads\\\/2025\\\/08\\\/agrotech.jpeg\",\"@id\":\"https:\\\/\\\/newsinfoco.com.br\\\/inicio\\\/alagoinhas-sera-palco-da-agrotech-em-2026-anunciam-organizadores-durante-feira-em-inhambupe\\\/#mainImage\",\"width\":1600,\"height\":1066},\"primaryImageOfPage\":{\"@id\":\"https:\\\/\\\/newsinfoco.com.br\\\/inicio\\\/alagoinhas-sera-palco-da-agrotech-em-2026-anunciam-organizadores-durante-feira-em-inhambupe\\\/#mainImage\"},\"datePublished\":\"2025-08-07T21:32:21-03:00\",\"dateModified\":\"2025-08-07T21:32:21-03:00\"},{\"@type\":\"WebSite\",\"@id\":\"https:\\\/\\\/newsinfoco.com.br\\\/inicio\\\/#website\",\"url\":\"https:\\\/\\\/newsinfoco.com.br\\\/inicio\\\/\",\"name\":\"News In Foco - Editado por Caio Pimenta\",\"description\":\"O principal site de noticias de Alagoinhas e regi\\u00e3o\",\"inLanguage\":\"pt-BR\",\"publisher\":{\"@id\":\"https:\\\/\\\/newsinfoco.com.br\\\/inicio\\\/#organization\"}}]}\n\t\t<\/script>\n\t\t<!-- All in One SEO -->\n\n","aioseo_head_json":{"title":"Alagoinhas ser\u00e1 palco da Agrotech em 2026, anunciam organizadores durante feira em Inhambupe - News In Foco - Editado por Caio Pimenta","description":"A 4\u00aa edi\u00e7\u00e3o da Agrotech come\u00e7ou nesta quinta-feira, 7, no Parque & Haras Limoeiro, na cidade de Inhambupe. Sob organiza\u00e7\u00e3o do Sindicato Rural de Inhambupe, a estimativa \u00e9 a de que o evento gere mais de R$ 69 milh\u00f5es em neg\u00f3cios, atraindo investidores do ramo do agroneg\u00f3cio de v\u00e1rios locais do Brasil. Durante a abertura","canonical_url":"https:\/\/newsinfoco.com.br\/inicio\/alagoinhas-sera-palco-da-agrotech-em-2026-anunciam-organizadores-durante-feira-em-inhambupe\/","robots":"max-image-preview:large","keywords":"","webmasterTools":{"miscellaneous":""},"schema":{"@context":"https:\/\/schema.org","@graph":[{"@type":"BlogPosting","@id":"https:\/\/newsinfoco.com.br\/inicio\/alagoinhas-sera-palco-da-agrotech-em-2026-anunciam-organizadores-durante-feira-em-inhambupe\/#blogposting","name":"Alagoinhas ser\u00e1 palco da Agrotech em 2026, anunciam organizadores durante feira em Inhambupe - News In Foco - Editado por Caio Pimenta","headline":"Alagoinhas ser\u00e1 palco da Agrotech em 2026, anunciam organizadores durante feira em Inhambupe","author":{"@id":"https:\/\/newsinfoco.com.br\/inicio\/author\/administrador\/#author"},"publisher":{"@id":"https:\/\/newsinfoco.com.br\/inicio\/#organization"},"image":{"@type":"ImageObject","url":"https:\/\/newsinfoco.com.br\/inicio\/wp-content\/uploads\/2025\/08\/agrotech.jpeg","width":1600,"height":1066},"datePublished":"2025-08-07T21:32:21-03:00","dateModified":"2025-08-07T21:32:21-03:00","inLanguage":"pt-BR","mainEntityOfPage":{"@id":"https:\/\/newsinfoco.com.br\/inicio\/alagoinhas-sera-palco-da-agrotech-em-2026-anunciam-organizadores-durante-feira-em-inhambupe\/#webpage"},"isPartOf":{"@id":"https:\/\/newsinfoco.com.br\/inicio\/alagoinhas-sera-palco-da-agrotech-em-2026-anunciam-organizadores-durante-feira-em-inhambupe\/#webpage"},"articleSection":"Alagoinhas e Regi\u00e3o, Destaque, Manchete"},{"@type":"BreadcrumbList","@id":"https:\/\/newsinfoco.com.br\/inicio\/alagoinhas-sera-palco-da-agrotech-em-2026-anunciam-organizadores-durante-feira-em-inhambupe\/#breadcrumblist","itemListElement":[{"@type":"ListItem","@id":"https:\/\/newsinfoco.com.br\/inicio#listItem","position":1,"name":"In\u00edcio","item":"https:\/\/newsinfoco.com.br\/inicio","nextItem":{"@type":"ListItem","@id":"https:\/\/newsinfoco.com.br\/inicio\/category\/destaque\/#listItem","name":"Destaque"}},{"@type":"ListItem","@id":"https:\/\/newsinfoco.com.br\/inicio\/category\/destaque\/#listItem","position":2,"name":"Destaque","item":"https:\/\/newsinfoco.com.br\/inicio\/category\/destaque\/","nextItem":{"@type":"ListItem","@id":"https:\/\/newsinfoco.com.br\/inicio\/alagoinhas-sera-palco-da-agrotech-em-2026-anunciam-organizadores-durante-feira-em-inhambupe\/#listItem","name":"Alagoinhas ser\u00e1 palco da Agrotech em 2026, anunciam organizadores durante feira em Inhambupe"},"previousItem":{"@type":"ListItem","@id":"https:\/\/newsinfoco.com.br\/inicio#listItem","name":"In\u00edcio"}},{"@type":"ListItem","@id":"https:\/\/newsinfoco.com.br\/inicio\/alagoinhas-sera-palco-da-agrotech-em-2026-anunciam-organizadores-durante-feira-em-inhambupe\/#listItem","position":3,"name":"Alagoinhas ser\u00e1 palco da Agrotech em 2026, anunciam organizadores durante feira em Inhambupe","previousItem":{"@type":"ListItem","@id":"https:\/\/newsinfoco.com.br\/inicio\/category\/destaque\/#listItem","name":"Destaque"}}]},{"@type":"Organization","@id":"https:\/\/newsinfoco.com.br\/inicio\/#organization","name":"News In Foco - Editado por Caio Pimenta","description":"O principal site de noticias de Alagoinhas e regi\u00e3o","url":"https:\/\/newsinfoco.com.br\/inicio\/"},{"@type":"Person","@id":"https:\/\/newsinfoco.com.br\/inicio\/author\/administrador\/#author","url":"https:\/\/newsinfoco.com.br\/inicio\/author\/administrador\/","name":"administrador","image":{"@type":"ImageObject","@id":"https:\/\/newsinfoco.com.br\/inicio\/alagoinhas-sera-palco-da-agrotech-em-2026-anunciam-organizadores-durante-feira-em-inhambupe\/#authorImage","url":"https:\/\/secure.gravatar.com\/avatar\/c17a617433de8c1dc9584bb79aab7563b46f5bb7e1728c9b17d9cc3ce6a08e49?s=96&d=mm&r=g","width":96,"height":96,"caption":"administrador"}},{"@type":"WebPage","@id":"https:\/\/newsinfoco.com.br\/inicio\/alagoinhas-sera-palco-da-agrotech-em-2026-anunciam-organizadores-durante-feira-em-inhambupe\/#webpage","url":"https:\/\/newsinfoco.com.br\/inicio\/alagoinhas-sera-palco-da-agrotech-em-2026-anunciam-organizadores-durante-feira-em-inhambupe\/","name":"Alagoinhas ser\u00e1 palco da Agrotech em 2026, anunciam organizadores durante feira em Inhambupe - News In Foco - Editado por Caio Pimenta","description":"A 4\u00aa edi\u00e7\u00e3o da Agrotech come\u00e7ou nesta quinta-feira, 7, no Parque & Haras Limoeiro, na cidade de Inhambupe. Sob organiza\u00e7\u00e3o do Sindicato Rural de Inhambupe, a estimativa \u00e9 a de que o evento gere mais de R$ 69 milh\u00f5es em neg\u00f3cios, atraindo investidores do ramo do agroneg\u00f3cio de v\u00e1rios locais do Brasil. Durante a abertura","inLanguage":"pt-BR","isPartOf":{"@id":"https:\/\/newsinfoco.com.br\/inicio\/#website"},"breadcrumb":{"@id":"https:\/\/newsinfoco.com.br\/inicio\/alagoinhas-sera-palco-da-agrotech-em-2026-anunciam-organizadores-durante-feira-em-inhambupe\/#breadcrumblist"},"author":{"@id":"https:\/\/newsinfoco.com.br\/inicio\/author\/administrador\/#author"},"creator":{"@id":"https:\/\/newsinfoco.com.br\/inicio\/author\/administrador\/#author"},"image":{"@type":"ImageObject","url":"https:\/\/newsinfoco.com.br\/inicio\/wp-content\/uploads\/2025\/08\/agrotech.jpeg","@id":"https:\/\/newsinfoco.com.br\/inicio\/alagoinhas-sera-palco-da-agrotech-em-2026-anunciam-organizadores-durante-feira-em-inhambupe\/#mainImage","width":1600,"height":1066},"primaryImageOfPage":{"@id":"https:\/\/newsinfoco.com.br\/inicio\/alagoinhas-sera-palco-da-agrotech-em-2026-anunciam-organizadores-durante-feira-em-inhambupe\/#mainImage"},"datePublished":"2025-08-07T21:32:21-03:00","dateModified":"2025-08-07T21:32:21-03:00"},{"@type":"WebSite","@id":"https:\/\/newsinfoco.com.br\/inicio\/#website","url":"https:\/\/newsinfoco.com.br\/inicio\/","name":"News In Foco - Editado por Caio Pimenta","description":"O principal site de noticias de Alagoinhas e regi\u00e3o","inLanguage":"pt-BR","publisher":{"@id":"https:\/\/newsinfoco.com.br\/inicio\/#organization"}}]},"og:locale":"pt_BR","og:site_name":"News In Foco - Editado por Caio Pimenta - O principal site de noticias de Alagoinhas e regi\u00e3o","og:type":"article","og:title":"Alagoinhas ser\u00e1 palco da Agrotech em 2026, anunciam organizadores durante feira em Inhambupe - News In Foco - Editado por Caio Pimenta","og:description":"A 4\u00aa edi\u00e7\u00e3o da Agrotech come\u00e7ou nesta quinta-feira, 7, no Parque &amp; Haras Limoeiro, na cidade de Inhambupe. Sob organiza\u00e7\u00e3o do Sindicato Rural de Inhambupe, a estimativa \u00e9 a de que o evento gere mais de R$ 69 milh\u00f5es em neg\u00f3cios, atraindo investidores do ramo do agroneg\u00f3cio de v\u00e1rios locais do Brasil. Durante a abertura","og:url":"https:\/\/newsinfoco.com.br\/inicio\/alagoinhas-sera-palco-da-agrotech-em-2026-anunciam-organizadores-durante-feira-em-inhambupe\/","article:published_time":"2025-08-08T00:32:21+00:00","article:modified_time":"2025-08-08T00:32:21+00:00","twitter:card":"summary_large_image","twitter:title":"Alagoinhas ser\u00e1 palco da Agrotech em 2026, anunciam organizadores durante feira em Inhambupe - News In Foco - Editado por Caio Pimenta","twitter:description":"A 4\u00aa edi\u00e7\u00e3o da Agrotech come\u00e7ou nesta quinta-feira, 7, no Parque &amp; Haras Limoeiro, na cidade de Inhambupe. Sob organiza\u00e7\u00e3o do Sindicato Rural de Inhambupe, a estimativa \u00e9 a de que o evento gere mais de R$ 69 milh\u00f5es em neg\u00f3cios, atraindo investidores do ramo do agroneg\u00f3cio de v\u00e1rios locais do Brasil. Durante a abertura"},"aioseo_meta_data":{"post_id":"44022","title":null,"description":null,"keywords":null,"keyphrases":{"focus":{"keyphrase":"","score":0,"analysis":{"keyphraseInTitle":{"score":0,"maxScore":9,"error":1}}},"additional":[]},"primary_term":null,"canonical_url":null,"og_title":null,"og_description":null,"og_object_type":"default","og_image_type":"default","og_image_url":null,"og_image_width":null,"og_image_height":null,"og_image_custom_url":null,"og_image_custom_fields":null,"og_video":"","og_custom_url":null,"og_article_section":null,"og_article_tags":null,"twitter_use_og":false,"twitter_card":"default","twitter_image_type":"default","twitter_image_url":null,"twitter_image_custom_url":null,"twitter_image_custom_fields":null,"twitter_title":null,"twitter_description":null,"schema":{"blockGraphs":[],"customGraphs":[],"default":{"data":{"Article":[],"Course":[],"Dataset":[],"FAQPage":[],"Movie":[],"Person":[],"Product":[],"ProductReview":[],"Car":[],"Recipe":[],"Service":[],"SoftwareApplication":[],"WebPage":[]},"graphName":"BlogPosting","isEnabled":true},"graphs":[]},"schema_type":"default","schema_type_options":null,"pillar_content":false,"robots_default":true,"robots_noindex":false,"robots_noarchive":false,"robots_nosnippet":false,"robots_nofollow":false,"robots_noimageindex":false,"robots_noodp":false,"robots_notranslate":false,"robots_max_snippet":"-1","robots_max_videopreview":"-1","robots_max_imagepreview":"large","priority":null,"frequency":"default","local_seo":null,"breadcrumb_settings":null,"limit_modified_date":false,"ai":{"faqs":[],"keyPoints":[],"titles":[],"descriptions":[],"socialPosts":{"email":[],"linkedin":[],"twitter":[],"facebook":[],"instagram":[]}},"created":"2025-08-08 00:32:22","updated":"2025-08-08 00:42:01","seo_analyzer_scan_date":null},"aioseo_breadcrumb":"<div class=\"aioseo-breadcrumbs\"><span class=\"aioseo-breadcrumb\">\n\t\t\t<a href=\"https:\/\/newsinfoco.com.br\/inicio\" title=\"In\u00edcio\">In\u00edcio<\/a>\n\t\t<\/span><span class=\"aioseo-breadcrumb-separator\">&raquo;<\/span><span class=\"aioseo-breadcrumb\">\n\t\t\t<a href=\"https:\/\/newsinfoco.com.br\/inicio\/category\/destaque\/\" title=\"Destaque\">Destaque<\/a>\n\t\t<\/span><span class=\"aioseo-breadcrumb-separator\">&raquo;<\/span><span class=\"aioseo-breadcrumb\">\n\t\t\tAlagoinhas ser\u00e1 palco da Agrotech em 2026, anunciam organizadores durante feira em Inhambupe\n\t\t<\/span><\/div>","aioseo_breadcrumb_json":[{"label":"In\u00edcio","link":"https:\/\/newsinfoco.com.br\/inicio"},{"label":"Destaque","link":"https:\/\/newsinfoco.com.br\/inicio\/category\/destaque\/"},{"label":"Alagoinhas ser\u00e1 palco da Agrotech em 2026, anunciam organizadores durante feira em Inhambupe","link":"https:\/\/newsinfoco.com.br\/inicio\/alagoinhas-sera-palco-da-agrotech-em-2026-anunciam-organizadores-durante-feira-em-inhambupe\/"}],"_links":{"self":[{"href":"https:\/\/newsinfoco.com.br\/inicio\/wp-json\/wp\/v2\/posts\/44022","targetHints":{"allow":["GET"]}}],"collection":[{"href":"https:\/\/newsinfoco.com.br\/inicio\/wp-json\/wp\/v2\/posts"}],"about":[{"href":"https:\/\/newsinfoco.com.br\/inicio\/wp-json\/wp\/v2\/types\/post"}],"author":[{"embeddable":true,"href":"https:\/\/newsinfoco.com.br\/inicio\/wp-json\/wp\/v2\/users\/1"}],"replies":[{"embeddable":true,"href":"https:\/\/newsinfoco.com.br\/inicio\/wp-json\/wp\/v2\/comments?post=44022"}],"version-history":[{"count":1,"href":"https:\/\/newsinfoco.com.br\/inicio\/wp-json\/wp\/v2\/posts\/44022\/revisions"}],"predecessor-version":[{"id":44024,"href":"https:\/\/newsinfoco.com.br\/inicio\/wp-json\/wp\/v2\/posts\/44022\/revisions\/44024"}],"wp:featuredmedia":[{"embeddable":true,"href":"https:\/\/newsinfoco.com.br\/inicio\/wp-json\/wp\/v2\/media\/44023"}],"wp:attachment":[{"href":"https:\/\/newsinfoco.com.br\/inicio\/wp-json\/wp\/v2\/media?parent=44022"}],"wp:term":[{"taxonomy":"category","embeddable":true,"href":"https:\/\/newsinfoco.com.br\/inicio\/wp-json\/wp\/v2\/categories?post=44022"},{"taxonomy":"post_tag","embeddable":true,"href":"https:\/\/newsinfoco.com.br\/inicio\/wp-json\/wp\/v2\/tags?post=44022"}],"curies":[{"name":"wp","href":"https:\/\/api.w.org\/{rel}","templated":true}]}}