{"id":44045,"date":"2025-08-08T14:04:46","date_gmt":"2025-08-08T17:04:46","guid":{"rendered":"https:\/\/newsinfoco.com.br\/inicio\/?p=44045"},"modified":"2025-08-08T14:04:46","modified_gmt":"2025-08-08T17:04:46","slug":"audiencia-publica-apresenta-cenarios-e-tendencias-do-plano-diretor-de-desenvolvimento-municipal-de-alagoinhas","status":"publish","type":"post","link":"https:\/\/newsinfoco.com.br\/inicio\/audiencia-publica-apresenta-cenarios-e-tendencias-do-plano-diretor-de-desenvolvimento-municipal-de-alagoinhas\/","title":{"rendered":"Audi\u00eancia P\u00fablica apresenta cen\u00e1rios e tend\u00eancias do Plano Diretor de Desenvolvimento Municipal de Alagoinhas"},"content":{"rendered":"<p>Consolidando mais uma etapa do processo de participa\u00e7\u00e3o popular na elabora\u00e7\u00e3o dos instrumentos de planejamento do munic\u00edpio, a Prefeitura de Alagoinhas realizou, na noite da \u00faltima ter\u00e7a-feira, 6, no audit\u00f3rio do Centro Diocesano, uma audi\u00eancia p\u00fablica para apresenta\u00e7\u00e3o dos cen\u00e1rios e tend\u00eancias do Plano Diretor de Desenvolvimento Municipal (PDDM, com a pactua\u00e7\u00e3o das contribui\u00e7\u00f5es sociais colhidas nas Oficinas de Planejamento Participativo realizadas nos meses anteriores.<\/p>\n<p>O PDDM \u00e9 um instrumento legal e estrat\u00e9gico que orienta o crescimento e o desenvolvimento do munic\u00edpio a m\u00e9dio e longo prazo. A partir de princ\u00edpios, diretrizes e a\u00e7\u00f5es, o plano visa garantir o uso adequado do solo urbano e rural, promover justi\u00e7a social, sustentabilidade e efici\u00eancia na gest\u00e3o p\u00fablica. Junto com o Plano Plurianual (PPA) e a Lei Or\u00e7ament\u00e1ria Anual (LOA), o PDDM comp\u00f5e o trip\u00e9 de planejamento municipal.<\/p>\n<p>A audi\u00eancia contou com a presen\u00e7a dos delegados do Or\u00e7amento Participativo, eleitos nas oficinas realizadas nas diversas regi\u00f5es da cidade, e dos conselheiros do Conselho Municipal das Cidades, eleitos durante a 6\u00aa Confer\u00eancia Municipal das Cidades, no \u00faltimo m\u00eas de abril. Os delegados e conselheiros tomaram posse oficialmente e assumiram o compromisso de contribuir com o processo de constru\u00e7\u00e3o coletiva das pol\u00edticas p\u00fablicas do munic\u00edpio.<\/p>\n<p>\u00c0 frente do trabalho est\u00e3o a equipe do gabinete do vice-prefeito Luciano S\u00e9rgio e a Superintend\u00eancia de Participa\u00e7\u00e3o Popular, vinculada \u00e0 Secretaria de Governo. Para Fl\u00e1via Barbosa, assessora do gabinete do vice-prefeito, a audi\u00eancia teve como foco a an\u00e1lise dos cen\u00e1rios atuais de Alagoinhas, suas potencialidades, fragilidades e as tend\u00eancias para o futuro do munic\u00edpio. \u201cAs tend\u00eancias s\u00e3o prospectivas de futuro. Elas nos mostram, a partir dos dados, onde chegaremos implementando ou n\u00e3o as mudan\u00e7as necess\u00e1rias. O plano diretor \u00e9 formado por princ\u00edpios, diretrizes e a\u00e7\u00f5es estrat\u00e9gicas, ent\u00e3o precisamos estudar os dados e ouvir a comunidade para projetar tend\u00eancias e fazer as prospec\u00e7\u00f5es de futuro\u201d, explicou.<\/p>\n<p>Fl\u00e1via ressaltou ainda que a uni\u00e3o entre os dados t\u00e9cnicos e a escuta da popula\u00e7\u00e3o sobre o cotidiano da cidade fortalece o processo de planejamento. \u201cA jun\u00e7\u00e3o dos dados oficiais com a leitura da comunidade, que vive no dia a dia os problemas da cidade, oferece a certeza do horizonte a ser perseguido\u201d, pontuou.<\/p>\n<p>O vice-prefeito Luciano S\u00e9rgio destacou a prioridade que a gest\u00e3o municipal tem dado \u00e0 participa\u00e7\u00e3o popular. \u201cQuem est\u00e1 fora da administra\u00e7\u00e3o p\u00fablica tem a ideia de que os problemas devem ser resolvidos pelo prefeito, vice, secret\u00e1rios e vereadores. N\u00f3s estamos invertendo essa ideia. O dono do neg\u00f3cio \u00e9 a popula\u00e7\u00e3o, ent\u00e3o todos os passos de planejamento e organiza\u00e7\u00e3o, n\u00f3s estamos seguindo de m\u00e3os dadas com os cidad\u00e3os\u201d, afirmou.<\/p>\n<p>Para Hyltom dos Santos, ferrovi\u00e1rio aposentado e delegado do Or\u00e7amento Participativo pela regi\u00e3o Centro, a divis\u00e3o de responsabilidades entre poder p\u00fablico e popula\u00e7\u00e3o \u00e9 uma pr\u00e1tica positiva e necess\u00e1ria. \u201cN\u00f3s estamos discutindo pe\u00e7as muito importantes para nosso munic\u00edpio. Ao meu ver, estamos, de fato, organizando a cidade\u201d, afirmou.<\/p>\n<h4>Escola de Governo<\/h4>\n<p>Segundo Luciano S\u00e9rgio, os delegados e conselheiros ser\u00e3o preparados pela Escola de Governo, uma forma\u00e7\u00e3o com foco nos instrumentos de planejamento municipal, processo licitat\u00f3rio e funcionamento da estrutura administrativa da prefeitura. \u201cDaqui pra frente, vamos preparar o povo para entender a profundidade da responsabilidade de gerir um munic\u00edpio do porte de Alagoinhas, uma cidade que j\u00e1 \u00e9 vanguarda nessas discuss\u00f5es e que j\u00e1 serviu de refer\u00eancia, inclusive internacional, pela elabora\u00e7\u00e3o desses instrumentos. Estamos muito\u00a0felizes com a retomada desse processo com o prefeito Gustavo Carmo\u201d, completou.<\/p>\n<h5>Fotos: Roberto Fonseca\/Secom\/Alagoinhas<\/h5>\n<div class='share-to-whatsapp-wrapper'><div class='share-on-whsp'>Share on: <\/div><a data-text='Audi\u00eancia P\u00fablica apresenta cen\u00e1rios e tend\u00eancias do Plano Diretor de Desenvolvimento Municipal de Alagoinhas' data-link='https:\/\/newsinfoco.com.br\/inicio\/audiencia-publica-apresenta-cenarios-e-tendencias-do-plano-diretor-de-desenvolvimento-municipal-de-alagoinhas\/' class='whatsapp-button whatsapp-share'>WhatsApp<\/a><div class='clear '><\/div><\/div>","protected":false},"excerpt":{"rendered":"<p>Consolidando mais uma etapa do processo de participa\u00e7\u00e3o popular na elabora\u00e7\u00e3o dos instrumentos de planejamento do munic\u00edpio, a Prefeitura de Alagoinhas realizou, na noite da \u00faltima ter\u00e7a-feira, 6, no audit\u00f3rio do Centro Diocesano, uma audi\u00eancia p\u00fablica para apresenta\u00e7\u00e3o dos cen\u00e1rios e tend\u00eancias do Plano Diretor de Desenvolvimento Municipal (PDDM, com a pactua\u00e7\u00e3o das contribui\u00e7\u00f5es sociais [&hellip;]<\/p>\n","protected":false},"author":1,"featured_media":44047,"comment_status":"closed","ping_status":"closed","sticky":false,"template":"","format":"standard","meta":{"om_disable_all_campaigns":false,"rop_custom_images_group":[],"rop_custom_messages_group":[],"rop_publish_now":"initial","rop_publish_now_accounts":[],"rop_publish_now_history":[],"rop_publish_now_status":"pending","_exactmetrics_skip_tracking":false,"footnotes":""},"categories":[38,167],"tags":[],"class_list":["post-44045","post","type-post","status-publish","format-standard","has-post-thumbnail","hentry","category-alagoinhas-e-regiao","category-exclusivas"],"aioseo_notices":[],"aioseo_head":"\n\t\t<!-- All in One SEO 4.9.10 - aioseo.com -->\n\t<meta name=\"description\" content=\"Consolidando mais uma etapa do processo de participa\u00e7\u00e3o popular na elabora\u00e7\u00e3o dos instrumentos de planejamento do munic\u00edpio, a Prefeitura de Alagoinhas realizou, na noite da \u00faltima ter\u00e7a-feira, 6, no audit\u00f3rio do Centro Diocesano, uma audi\u00eancia p\u00fablica para apresenta\u00e7\u00e3o dos cen\u00e1rios e tend\u00eancias do Plano Diretor de Desenvolvimento Municipal (PDDM, com a pactua\u00e7\u00e3o das contribui\u00e7\u00f5es sociais\" \/>\n\t<meta name=\"robots\" content=\"max-image-preview:large\" \/>\n\t<meta name=\"author\" content=\"administrador\"\/>\n\t<link rel=\"canonical\" href=\"https:\/\/newsinfoco.com.br\/inicio\/audiencia-publica-apresenta-cenarios-e-tendencias-do-plano-diretor-de-desenvolvimento-municipal-de-alagoinhas\/\" \/>\n\t<meta name=\"generator\" content=\"All in One SEO (AIOSEO) 4.9.10\" \/>\n\t\t<meta property=\"og:locale\" content=\"pt_BR\" \/>\n\t\t<meta property=\"og:site_name\" content=\"News In Foco - Editado por Caio Pimenta - O principal site de noticias de Alagoinhas e regi\u00e3o\" \/>\n\t\t<meta property=\"og:type\" content=\"article\" \/>\n\t\t<meta property=\"og:title\" content=\"Audi\u00eancia P\u00fablica apresenta cen\u00e1rios e tend\u00eancias do Plano Diretor de Desenvolvimento Municipal de Alagoinhas - News In Foco - Editado por Caio Pimenta\" \/>\n\t\t<meta property=\"og:description\" content=\"Consolidando mais uma etapa do processo de participa\u00e7\u00e3o popular na elabora\u00e7\u00e3o dos instrumentos de planejamento do munic\u00edpio, a Prefeitura de Alagoinhas realizou, na noite da \u00faltima ter\u00e7a-feira, 6, no audit\u00f3rio do Centro Diocesano, uma audi\u00eancia p\u00fablica para apresenta\u00e7\u00e3o dos cen\u00e1rios e tend\u00eancias do Plano Diretor de Desenvolvimento Municipal (PDDM, com a pactua\u00e7\u00e3o das contribui\u00e7\u00f5es sociais\" \/>\n\t\t<meta property=\"og:url\" content=\"https:\/\/newsinfoco.com.br\/inicio\/audiencia-publica-apresenta-cenarios-e-tendencias-do-plano-diretor-de-desenvolvimento-municipal-de-alagoinhas\/\" \/>\n\t\t<meta property=\"article:published_time\" content=\"2025-08-08T17:04:46+00:00\" \/>\n\t\t<meta property=\"article:modified_time\" content=\"2025-08-08T17:04:46+00:00\" \/>\n\t\t<meta name=\"twitter:card\" content=\"summary_large_image\" \/>\n\t\t<meta name=\"twitter:title\" content=\"Audi\u00eancia P\u00fablica apresenta cen\u00e1rios e tend\u00eancias do Plano Diretor de Desenvolvimento Municipal de Alagoinhas - News In Foco - Editado por Caio Pimenta\" \/>\n\t\t<meta name=\"twitter:description\" content=\"Consolidando mais uma etapa do processo de participa\u00e7\u00e3o popular na elabora\u00e7\u00e3o dos instrumentos de planejamento do munic\u00edpio, a Prefeitura de Alagoinhas realizou, na noite da \u00faltima ter\u00e7a-feira, 6, no audit\u00f3rio do Centro Diocesano, uma audi\u00eancia p\u00fablica para apresenta\u00e7\u00e3o dos cen\u00e1rios e tend\u00eancias do Plano Diretor de Desenvolvimento Municipal (PDDM, com a pactua\u00e7\u00e3o das contribui\u00e7\u00f5es sociais\" \/>\n\t\t<script type=\"application\/ld+json\" class=\"aioseo-schema\">\n\t\t\t{\"@context\":\"https:\\\/\\\/schema.org\",\"@graph\":[{\"@type\":\"BlogPosting\",\"@id\":\"https:\\\/\\\/newsinfoco.com.br\\\/inicio\\\/audiencia-publica-apresenta-cenarios-e-tendencias-do-plano-diretor-de-desenvolvimento-municipal-de-alagoinhas\\\/#blogposting\",\"name\":\"Audi\\u00eancia P\\u00fablica apresenta cen\\u00e1rios e tend\\u00eancias do Plano Diretor de Desenvolvimento Municipal de Alagoinhas - News In Foco - Editado por Caio Pimenta\",\"headline\":\"Audi\\u00eancia P\\u00fablica apresenta cen\\u00e1rios e tend\\u00eancias do Plano Diretor de Desenvolvimento Municipal de Alagoinhas\",\"author\":{\"@id\":\"https:\\\/\\\/newsinfoco.com.br\\\/inicio\\\/author\\\/administrador\\\/#author\"},\"publisher\":{\"@id\":\"https:\\\/\\\/newsinfoco.com.br\\\/inicio\\\/#organization\"},\"image\":{\"@type\":\"ImageObject\",\"url\":\"https:\\\/\\\/newsinfoco.com.br\\\/inicio\\\/wp-content\\\/uploads\\\/2025\\\/08\\\/WhatsApp-Image-2025-08-07-at-16.36.54.jpeg\",\"width\":1600,\"height\":1066},\"datePublished\":\"2025-08-08T14:04:46-03:00\",\"dateModified\":\"2025-08-08T14:04:46-03:00\",\"inLanguage\":\"pt-BR\",\"mainEntityOfPage\":{\"@id\":\"https:\\\/\\\/newsinfoco.com.br\\\/inicio\\\/audiencia-publica-apresenta-cenarios-e-tendencias-do-plano-diretor-de-desenvolvimento-municipal-de-alagoinhas\\\/#webpage\"},\"isPartOf\":{\"@id\":\"https:\\\/\\\/newsinfoco.com.br\\\/inicio\\\/audiencia-publica-apresenta-cenarios-e-tendencias-do-plano-diretor-de-desenvolvimento-municipal-de-alagoinhas\\\/#webpage\"},\"articleSection\":\"Alagoinhas e Regi\\u00e3o, Manchete\"},{\"@type\":\"BreadcrumbList\",\"@id\":\"https:\\\/\\\/newsinfoco.com.br\\\/inicio\\\/audiencia-publica-apresenta-cenarios-e-tendencias-do-plano-diretor-de-desenvolvimento-municipal-de-alagoinhas\\\/#breadcrumblist\",\"itemListElement\":[{\"@type\":\"ListItem\",\"@id\":\"https:\\\/\\\/newsinfoco.com.br\\\/inicio#listItem\",\"position\":1,\"name\":\"In\\u00edcio\",\"item\":\"https:\\\/\\\/newsinfoco.com.br\\\/inicio\",\"nextItem\":{\"@type\":\"ListItem\",\"@id\":\"https:\\\/\\\/newsinfoco.com.br\\\/inicio\\\/category\\\/alagoinhas-e-regiao\\\/#listItem\",\"name\":\"Alagoinhas e Regi\\u00e3o\"}},{\"@type\":\"ListItem\",\"@id\":\"https:\\\/\\\/newsinfoco.com.br\\\/inicio\\\/category\\\/alagoinhas-e-regiao\\\/#listItem\",\"position\":2,\"name\":\"Alagoinhas e Regi\\u00e3o\",\"item\":\"https:\\\/\\\/newsinfoco.com.br\\\/inicio\\\/category\\\/alagoinhas-e-regiao\\\/\",\"nextItem\":{\"@type\":\"ListItem\",\"@id\":\"https:\\\/\\\/newsinfoco.com.br\\\/inicio\\\/audiencia-publica-apresenta-cenarios-e-tendencias-do-plano-diretor-de-desenvolvimento-municipal-de-alagoinhas\\\/#listItem\",\"name\":\"Audi\\u00eancia P\\u00fablica apresenta cen\\u00e1rios e tend\\u00eancias do Plano Diretor de Desenvolvimento Municipal de Alagoinhas\"},\"previousItem\":{\"@type\":\"ListItem\",\"@id\":\"https:\\\/\\\/newsinfoco.com.br\\\/inicio#listItem\",\"name\":\"In\\u00edcio\"}},{\"@type\":\"ListItem\",\"@id\":\"https:\\\/\\\/newsinfoco.com.br\\\/inicio\\\/audiencia-publica-apresenta-cenarios-e-tendencias-do-plano-diretor-de-desenvolvimento-municipal-de-alagoinhas\\\/#listItem\",\"position\":3,\"name\":\"Audi\\u00eancia P\\u00fablica apresenta cen\\u00e1rios e tend\\u00eancias do Plano Diretor de Desenvolvimento Municipal de Alagoinhas\",\"previousItem\":{\"@type\":\"ListItem\",\"@id\":\"https:\\\/\\\/newsinfoco.com.br\\\/inicio\\\/category\\\/alagoinhas-e-regiao\\\/#listItem\",\"name\":\"Alagoinhas e Regi\\u00e3o\"}}]},{\"@type\":\"Organization\",\"@id\":\"https:\\\/\\\/newsinfoco.com.br\\\/inicio\\\/#organization\",\"name\":\"News In Foco - Editado por Caio Pimenta\",\"description\":\"O principal site de noticias de Alagoinhas e regi\\u00e3o\",\"url\":\"https:\\\/\\\/newsinfoco.com.br\\\/inicio\\\/\"},{\"@type\":\"Person\",\"@id\":\"https:\\\/\\\/newsinfoco.com.br\\\/inicio\\\/author\\\/administrador\\\/#author\",\"url\":\"https:\\\/\\\/newsinfoco.com.br\\\/inicio\\\/author\\\/administrador\\\/\",\"name\":\"administrador\",\"image\":{\"@type\":\"ImageObject\",\"@id\":\"https:\\\/\\\/newsinfoco.com.br\\\/inicio\\\/audiencia-publica-apresenta-cenarios-e-tendencias-do-plano-diretor-de-desenvolvimento-municipal-de-alagoinhas\\\/#authorImage\",\"url\":\"https:\\\/\\\/secure.gravatar.com\\\/avatar\\\/c17a617433de8c1dc9584bb79aab7563b46f5bb7e1728c9b17d9cc3ce6a08e49?s=96&d=mm&r=g\",\"width\":96,\"height\":96,\"caption\":\"administrador\"}},{\"@type\":\"WebPage\",\"@id\":\"https:\\\/\\\/newsinfoco.com.br\\\/inicio\\\/audiencia-publica-apresenta-cenarios-e-tendencias-do-plano-diretor-de-desenvolvimento-municipal-de-alagoinhas\\\/#webpage\",\"url\":\"https:\\\/\\\/newsinfoco.com.br\\\/inicio\\\/audiencia-publica-apresenta-cenarios-e-tendencias-do-plano-diretor-de-desenvolvimento-municipal-de-alagoinhas\\\/\",\"name\":\"Audi\\u00eancia P\\u00fablica apresenta cen\\u00e1rios e tend\\u00eancias do Plano Diretor de Desenvolvimento Municipal de Alagoinhas - News In Foco - Editado por Caio Pimenta\",\"description\":\"Consolidando mais uma etapa do processo de participa\\u00e7\\u00e3o popular na elabora\\u00e7\\u00e3o dos instrumentos de planejamento do munic\\u00edpio, a Prefeitura de Alagoinhas realizou, na noite da \\u00faltima ter\\u00e7a-feira, 6, no audit\\u00f3rio do Centro Diocesano, uma audi\\u00eancia p\\u00fablica para apresenta\\u00e7\\u00e3o dos cen\\u00e1rios e tend\\u00eancias do Plano Diretor de Desenvolvimento Municipal (PDDM, com a pactua\\u00e7\\u00e3o das contribui\\u00e7\\u00f5es sociais\",\"inLanguage\":\"pt-BR\",\"isPartOf\":{\"@id\":\"https:\\\/\\\/newsinfoco.com.br\\\/inicio\\\/#website\"},\"breadcrumb\":{\"@id\":\"https:\\\/\\\/newsinfoco.com.br\\\/inicio\\\/audiencia-publica-apresenta-cenarios-e-tendencias-do-plano-diretor-de-desenvolvimento-municipal-de-alagoinhas\\\/#breadcrumblist\"},\"author\":{\"@id\":\"https:\\\/\\\/newsinfoco.com.br\\\/inicio\\\/author\\\/administrador\\\/#author\"},\"creator\":{\"@id\":\"https:\\\/\\\/newsinfoco.com.br\\\/inicio\\\/author\\\/administrador\\\/#author\"},\"image\":{\"@type\":\"ImageObject\",\"url\":\"https:\\\/\\\/newsinfoco.com.br\\\/inicio\\\/wp-content\\\/uploads\\\/2025\\\/08\\\/WhatsApp-Image-2025-08-07-at-16.36.54.jpeg\",\"@id\":\"https:\\\/\\\/newsinfoco.com.br\\\/inicio\\\/audiencia-publica-apresenta-cenarios-e-tendencias-do-plano-diretor-de-desenvolvimento-municipal-de-alagoinhas\\\/#mainImage\",\"width\":1600,\"height\":1066},\"primaryImageOfPage\":{\"@id\":\"https:\\\/\\\/newsinfoco.com.br\\\/inicio\\\/audiencia-publica-apresenta-cenarios-e-tendencias-do-plano-diretor-de-desenvolvimento-municipal-de-alagoinhas\\\/#mainImage\"},\"datePublished\":\"2025-08-08T14:04:46-03:00\",\"dateModified\":\"2025-08-08T14:04:46-03:00\"},{\"@type\":\"WebSite\",\"@id\":\"https:\\\/\\\/newsinfoco.com.br\\\/inicio\\\/#website\",\"url\":\"https:\\\/\\\/newsinfoco.com.br\\\/inicio\\\/\",\"name\":\"News In Foco - Editado por Caio Pimenta\",\"description\":\"O principal site de noticias de Alagoinhas e regi\\u00e3o\",\"inLanguage\":\"pt-BR\",\"publisher\":{\"@id\":\"https:\\\/\\\/newsinfoco.com.br\\\/inicio\\\/#organization\"}}]}\n\t\t<\/script>\n\t\t<!-- All in One SEO -->\n\n","aioseo_head_json":{"title":"Audi\u00eancia P\u00fablica apresenta cen\u00e1rios e tend\u00eancias do Plano Diretor de Desenvolvimento Municipal de Alagoinhas - News In Foco - Editado por Caio Pimenta","description":"Consolidando mais uma etapa do processo de participa\u00e7\u00e3o popular na elabora\u00e7\u00e3o dos instrumentos de planejamento do munic\u00edpio, a Prefeitura de Alagoinhas realizou, na noite da \u00faltima ter\u00e7a-feira, 6, no audit\u00f3rio do Centro Diocesano, uma audi\u00eancia p\u00fablica para apresenta\u00e7\u00e3o dos cen\u00e1rios e tend\u00eancias do Plano Diretor de Desenvolvimento Municipal (PDDM, com a pactua\u00e7\u00e3o das contribui\u00e7\u00f5es sociais","canonical_url":"https:\/\/newsinfoco.com.br\/inicio\/audiencia-publica-apresenta-cenarios-e-tendencias-do-plano-diretor-de-desenvolvimento-municipal-de-alagoinhas\/","robots":"max-image-preview:large","keywords":"","webmasterTools":{"miscellaneous":""},"schema":{"@context":"https:\/\/schema.org","@graph":[{"@type":"BlogPosting","@id":"https:\/\/newsinfoco.com.br\/inicio\/audiencia-publica-apresenta-cenarios-e-tendencias-do-plano-diretor-de-desenvolvimento-municipal-de-alagoinhas\/#blogposting","name":"Audi\u00eancia P\u00fablica apresenta cen\u00e1rios e tend\u00eancias do Plano Diretor de Desenvolvimento Municipal de Alagoinhas - News In Foco - Editado por Caio Pimenta","headline":"Audi\u00eancia P\u00fablica apresenta cen\u00e1rios e tend\u00eancias do Plano Diretor de Desenvolvimento Municipal de Alagoinhas","author":{"@id":"https:\/\/newsinfoco.com.br\/inicio\/author\/administrador\/#author"},"publisher":{"@id":"https:\/\/newsinfoco.com.br\/inicio\/#organization"},"image":{"@type":"ImageObject","url":"https:\/\/newsinfoco.com.br\/inicio\/wp-content\/uploads\/2025\/08\/WhatsApp-Image-2025-08-07-at-16.36.54.jpeg","width":1600,"height":1066},"datePublished":"2025-08-08T14:04:46-03:00","dateModified":"2025-08-08T14:04:46-03:00","inLanguage":"pt-BR","mainEntityOfPage":{"@id":"https:\/\/newsinfoco.com.br\/inicio\/audiencia-publica-apresenta-cenarios-e-tendencias-do-plano-diretor-de-desenvolvimento-municipal-de-alagoinhas\/#webpage"},"isPartOf":{"@id":"https:\/\/newsinfoco.com.br\/inicio\/audiencia-publica-apresenta-cenarios-e-tendencias-do-plano-diretor-de-desenvolvimento-municipal-de-alagoinhas\/#webpage"},"articleSection":"Alagoinhas e Regi\u00e3o, Manchete"},{"@type":"BreadcrumbList","@id":"https:\/\/newsinfoco.com.br\/inicio\/audiencia-publica-apresenta-cenarios-e-tendencias-do-plano-diretor-de-desenvolvimento-municipal-de-alagoinhas\/#breadcrumblist","itemListElement":[{"@type":"ListItem","@id":"https:\/\/newsinfoco.com.br\/inicio#listItem","position":1,"name":"In\u00edcio","item":"https:\/\/newsinfoco.com.br\/inicio","nextItem":{"@type":"ListItem","@id":"https:\/\/newsinfoco.com.br\/inicio\/category\/alagoinhas-e-regiao\/#listItem","name":"Alagoinhas e Regi\u00e3o"}},{"@type":"ListItem","@id":"https:\/\/newsinfoco.com.br\/inicio\/category\/alagoinhas-e-regiao\/#listItem","position":2,"name":"Alagoinhas e Regi\u00e3o","item":"https:\/\/newsinfoco.com.br\/inicio\/category\/alagoinhas-e-regiao\/","nextItem":{"@type":"ListItem","@id":"https:\/\/newsinfoco.com.br\/inicio\/audiencia-publica-apresenta-cenarios-e-tendencias-do-plano-diretor-de-desenvolvimento-municipal-de-alagoinhas\/#listItem","name":"Audi\u00eancia P\u00fablica apresenta cen\u00e1rios e tend\u00eancias do Plano Diretor de Desenvolvimento Municipal de Alagoinhas"},"previousItem":{"@type":"ListItem","@id":"https:\/\/newsinfoco.com.br\/inicio#listItem","name":"In\u00edcio"}},{"@type":"ListItem","@id":"https:\/\/newsinfoco.com.br\/inicio\/audiencia-publica-apresenta-cenarios-e-tendencias-do-plano-diretor-de-desenvolvimento-municipal-de-alagoinhas\/#listItem","position":3,"name":"Audi\u00eancia P\u00fablica apresenta cen\u00e1rios e tend\u00eancias do Plano Diretor de Desenvolvimento Municipal de Alagoinhas","previousItem":{"@type":"ListItem","@id":"https:\/\/newsinfoco.com.br\/inicio\/category\/alagoinhas-e-regiao\/#listItem","name":"Alagoinhas e Regi\u00e3o"}}]},{"@type":"Organization","@id":"https:\/\/newsinfoco.com.br\/inicio\/#organization","name":"News In Foco - Editado por Caio Pimenta","description":"O principal site de noticias de Alagoinhas e regi\u00e3o","url":"https:\/\/newsinfoco.com.br\/inicio\/"},{"@type":"Person","@id":"https:\/\/newsinfoco.com.br\/inicio\/author\/administrador\/#author","url":"https:\/\/newsinfoco.com.br\/inicio\/author\/administrador\/","name":"administrador","image":{"@type":"ImageObject","@id":"https:\/\/newsinfoco.com.br\/inicio\/audiencia-publica-apresenta-cenarios-e-tendencias-do-plano-diretor-de-desenvolvimento-municipal-de-alagoinhas\/#authorImage","url":"https:\/\/secure.gravatar.com\/avatar\/c17a617433de8c1dc9584bb79aab7563b46f5bb7e1728c9b17d9cc3ce6a08e49?s=96&d=mm&r=g","width":96,"height":96,"caption":"administrador"}},{"@type":"WebPage","@id":"https:\/\/newsinfoco.com.br\/inicio\/audiencia-publica-apresenta-cenarios-e-tendencias-do-plano-diretor-de-desenvolvimento-municipal-de-alagoinhas\/#webpage","url":"https:\/\/newsinfoco.com.br\/inicio\/audiencia-publica-apresenta-cenarios-e-tendencias-do-plano-diretor-de-desenvolvimento-municipal-de-alagoinhas\/","name":"Audi\u00eancia P\u00fablica apresenta cen\u00e1rios e tend\u00eancias do Plano Diretor de Desenvolvimento Municipal de Alagoinhas - News In Foco - Editado por Caio Pimenta","description":"Consolidando mais uma etapa do processo de participa\u00e7\u00e3o popular na elabora\u00e7\u00e3o dos instrumentos de planejamento do munic\u00edpio, a Prefeitura de Alagoinhas realizou, na noite da \u00faltima ter\u00e7a-feira, 6, no audit\u00f3rio do Centro Diocesano, uma audi\u00eancia p\u00fablica para apresenta\u00e7\u00e3o dos cen\u00e1rios e tend\u00eancias do Plano Diretor de Desenvolvimento Municipal (PDDM, com a pactua\u00e7\u00e3o das contribui\u00e7\u00f5es sociais","inLanguage":"pt-BR","isPartOf":{"@id":"https:\/\/newsinfoco.com.br\/inicio\/#website"},"breadcrumb":{"@id":"https:\/\/newsinfoco.com.br\/inicio\/audiencia-publica-apresenta-cenarios-e-tendencias-do-plano-diretor-de-desenvolvimento-municipal-de-alagoinhas\/#breadcrumblist"},"author":{"@id":"https:\/\/newsinfoco.com.br\/inicio\/author\/administrador\/#author"},"creator":{"@id":"https:\/\/newsinfoco.com.br\/inicio\/author\/administrador\/#author"},"image":{"@type":"ImageObject","url":"https:\/\/newsinfoco.com.br\/inicio\/wp-content\/uploads\/2025\/08\/WhatsApp-Image-2025-08-07-at-16.36.54.jpeg","@id":"https:\/\/newsinfoco.com.br\/inicio\/audiencia-publica-apresenta-cenarios-e-tendencias-do-plano-diretor-de-desenvolvimento-municipal-de-alagoinhas\/#mainImage","width":1600,"height":1066},"primaryImageOfPage":{"@id":"https:\/\/newsinfoco.com.br\/inicio\/audiencia-publica-apresenta-cenarios-e-tendencias-do-plano-diretor-de-desenvolvimento-municipal-de-alagoinhas\/#mainImage"},"datePublished":"2025-08-08T14:04:46-03:00","dateModified":"2025-08-08T14:04:46-03:00"},{"@type":"WebSite","@id":"https:\/\/newsinfoco.com.br\/inicio\/#website","url":"https:\/\/newsinfoco.com.br\/inicio\/","name":"News In Foco - Editado por Caio Pimenta","description":"O principal site de noticias de Alagoinhas e regi\u00e3o","inLanguage":"pt-BR","publisher":{"@id":"https:\/\/newsinfoco.com.br\/inicio\/#organization"}}]},"og:locale":"pt_BR","og:site_name":"News In Foco - Editado por Caio Pimenta - O principal site de noticias de Alagoinhas e regi\u00e3o","og:type":"article","og:title":"Audi\u00eancia P\u00fablica apresenta cen\u00e1rios e tend\u00eancias do Plano Diretor de Desenvolvimento Municipal de Alagoinhas - News In Foco - Editado por Caio Pimenta","og:description":"Consolidando mais uma etapa do processo de participa\u00e7\u00e3o popular na elabora\u00e7\u00e3o dos instrumentos de planejamento do munic\u00edpio, a Prefeitura de Alagoinhas realizou, na noite da \u00faltima ter\u00e7a-feira, 6, no audit\u00f3rio do Centro Diocesano, uma audi\u00eancia p\u00fablica para apresenta\u00e7\u00e3o dos cen\u00e1rios e tend\u00eancias do Plano Diretor de Desenvolvimento Municipal (PDDM, com a pactua\u00e7\u00e3o das contribui\u00e7\u00f5es sociais","og:url":"https:\/\/newsinfoco.com.br\/inicio\/audiencia-publica-apresenta-cenarios-e-tendencias-do-plano-diretor-de-desenvolvimento-municipal-de-alagoinhas\/","article:published_time":"2025-08-08T17:04:46+00:00","article:modified_time":"2025-08-08T17:04:46+00:00","twitter:card":"summary_large_image","twitter:title":"Audi\u00eancia P\u00fablica apresenta cen\u00e1rios e tend\u00eancias do Plano Diretor de Desenvolvimento Municipal de Alagoinhas - News In Foco - Editado por Caio Pimenta","twitter:description":"Consolidando mais uma etapa do processo de participa\u00e7\u00e3o popular na elabora\u00e7\u00e3o dos instrumentos de planejamento do munic\u00edpio, a Prefeitura de Alagoinhas realizou, na noite da \u00faltima ter\u00e7a-feira, 6, no audit\u00f3rio do Centro Diocesano, uma audi\u00eancia p\u00fablica para apresenta\u00e7\u00e3o dos cen\u00e1rios e tend\u00eancias do Plano Diretor de Desenvolvimento Municipal (PDDM, com a pactua\u00e7\u00e3o das contribui\u00e7\u00f5es sociais"},"aioseo_meta_data":{"post_id":"44045","title":null,"description":null,"keywords":null,"keyphrases":{"focus":{"keyphrase":"","score":0,"analysis":{"keyphraseInTitle":{"score":0,"maxScore":9,"error":1}}},"additional":[]},"primary_term":null,"canonical_url":null,"og_title":null,"og_description":null,"og_object_type":"default","og_image_type":"default","og_image_url":null,"og_image_width":null,"og_image_height":null,"og_image_custom_url":null,"og_image_custom_fields":null,"og_video":"","og_custom_url":null,"og_article_section":null,"og_article_tags":null,"twitter_use_og":false,"twitter_card":"default","twitter_image_type":"default","twitter_image_url":null,"twitter_image_custom_url":null,"twitter_image_custom_fields":null,"twitter_title":null,"twitter_description":null,"schema":{"blockGraphs":[],"customGraphs":[],"default":{"data":{"Article":[],"Course":[],"Dataset":[],"FAQPage":[],"Movie":[],"Person":[],"Product":[],"ProductReview":[],"Car":[],"Recipe":[],"Service":[],"SoftwareApplication":[],"WebPage":[]},"graphName":"BlogPosting","isEnabled":true},"graphs":[]},"schema_type":"default","schema_type_options":null,"pillar_content":false,"robots_default":true,"robots_noindex":false,"robots_noarchive":false,"robots_nosnippet":false,"robots_nofollow":false,"robots_noimageindex":false,"robots_noodp":false,"robots_notranslate":false,"robots_max_snippet":"-1","robots_max_videopreview":"-1","robots_max_imagepreview":"large","priority":null,"frequency":"default","local_seo":null,"breadcrumb_settings":null,"limit_modified_date":false,"ai":{"faqs":[],"keyPoints":[],"titles":[],"descriptions":[],"socialPosts":{"email":[],"linkedin":[],"twitter":[],"facebook":[],"instagram":[]}},"created":"2025-08-08 17:04:46","updated":"2025-08-08 17:14:09","seo_analyzer_scan_date":null},"aioseo_breadcrumb":"<div class=\"aioseo-breadcrumbs\"><span class=\"aioseo-breadcrumb\">\n\t\t\t<a href=\"https:\/\/newsinfoco.com.br\/inicio\" title=\"In\u00edcio\">In\u00edcio<\/a>\n\t\t<\/span><span class=\"aioseo-breadcrumb-separator\">&raquo;<\/span><span class=\"aioseo-breadcrumb\">\n\t\t\t<a href=\"https:\/\/newsinfoco.com.br\/inicio\/category\/alagoinhas-e-regiao\/\" title=\"Alagoinhas e Regi\u00e3o\">Alagoinhas e Regi\u00e3o<\/a>\n\t\t<\/span><span class=\"aioseo-breadcrumb-separator\">&raquo;<\/span><span class=\"aioseo-breadcrumb\">\n\t\t\tAudi\u00eancia P\u00fablica apresenta cen\u00e1rios e tend\u00eancias do Plano Diretor de Desenvolvimento Municipal de Alagoinhas\n\t\t<\/span><\/div>","aioseo_breadcrumb_json":[{"label":"In\u00edcio","link":"https:\/\/newsinfoco.com.br\/inicio"},{"label":"Alagoinhas e Regi\u00e3o","link":"https:\/\/newsinfoco.com.br\/inicio\/category\/alagoinhas-e-regiao\/"},{"label":"Audi\u00eancia P\u00fablica apresenta cen\u00e1rios e tend\u00eancias do Plano Diretor de Desenvolvimento Municipal de Alagoinhas","link":"https:\/\/newsinfoco.com.br\/inicio\/audiencia-publica-apresenta-cenarios-e-tendencias-do-plano-diretor-de-desenvolvimento-municipal-de-alagoinhas\/"}],"_links":{"self":[{"href":"https:\/\/newsinfoco.com.br\/inicio\/wp-json\/wp\/v2\/posts\/44045","targetHints":{"allow":["GET"]}}],"collection":[{"href":"https:\/\/newsinfoco.com.br\/inicio\/wp-json\/wp\/v2\/posts"}],"about":[{"href":"https:\/\/newsinfoco.com.br\/inicio\/wp-json\/wp\/v2\/types\/post"}],"author":[{"embeddable":true,"href":"https:\/\/newsinfoco.com.br\/inicio\/wp-json\/wp\/v2\/users\/1"}],"replies":[{"embeddable":true,"href":"https:\/\/newsinfoco.com.br\/inicio\/wp-json\/wp\/v2\/comments?post=44045"}],"version-history":[{"count":1,"href":"https:\/\/newsinfoco.com.br\/inicio\/wp-json\/wp\/v2\/posts\/44045\/revisions"}],"predecessor-version":[{"id":44048,"href":"https:\/\/newsinfoco.com.br\/inicio\/wp-json\/wp\/v2\/posts\/44045\/revisions\/44048"}],"wp:featuredmedia":[{"embeddable":true,"href":"https:\/\/newsinfoco.com.br\/inicio\/wp-json\/wp\/v2\/media\/44047"}],"wp:attachment":[{"href":"https:\/\/newsinfoco.com.br\/inicio\/wp-json\/wp\/v2\/media?parent=44045"}],"wp:term":[{"taxonomy":"category","embeddable":true,"href":"https:\/\/newsinfoco.com.br\/inicio\/wp-json\/wp\/v2\/categories?post=44045"},{"taxonomy":"post_tag","embeddable":true,"href":"https:\/\/newsinfoco.com.br\/inicio\/wp-json\/wp\/v2\/tags?post=44045"}],"curies":[{"name":"wp","href":"https:\/\/api.w.org\/{rel}","templated":true}]}}