{"id":44061,"date":"2025-08-08T15:04:16","date_gmt":"2025-08-08T18:04:16","guid":{"rendered":"https:\/\/newsinfoco.com.br\/inicio\/?p=44061"},"modified":"2025-08-08T15:04:16","modified_gmt":"2025-08-08T18:04:16","slug":"de-olho-em-2026-lula-mira-conversa-com-partido-de-hugo-motta","status":"publish","type":"post","link":"https:\/\/newsinfoco.com.br\/inicio\/de-olho-em-2026-lula-mira-conversa-com-partido-de-hugo-motta\/","title":{"rendered":"De olho em 2026, Lula mira conversa com partido de Hugo Motta"},"content":{"rendered":"<p>Depois de almo\u00e7ar com Gilberto Kassab e outros caciques do PSD, agora o presidente Luiz In\u00e1cio Lula da Silva (PT) mira uma reuni\u00e3o com lideran\u00e7as do Republicanos, partido do presidente da C\u00e2mara dos Deputados, Hugo Motta. A informa\u00e7\u00e3o \u00e9 da coluna de Igor Gadelha, do portal Metr\u00f3poles.<\/p>\n<p>O almo\u00e7o com as lideran\u00e7as do partido de Kassab ocorreu nesta quinta-feira (7), no Pal\u00e1cio da Alvorada, resid\u00eancia oficial do presidente da Rep\u00fablica, em Bras\u00edlia.<\/p>\n<p>Conforme relatos, Kassab fez quest\u00e3o de deixar claro ao presidente que o PSD tem pr\u00e9-candidato \u00e0 Presid\u00eancia da Rep\u00fablica em 2026, quando Lula pretende disputar a reelei\u00e7\u00e3o.<\/p>\n<p>De acordo ainda com informa\u00e7\u00f5es, o presidente pretende se reunir, nos pr\u00f3ximos dias, com o presidente nacional da sigla, Marcos Pereira, com o ministro dos Portos e Aeroportos, Silvio Costa Filho e com o pr\u00f3prio Hugo Motta.<\/p>\n<p>Nas \u00faltimas semanas, o petista j\u00e1 se reuniu com dirigentes e lideran\u00e7as dos partidos: PSB, Uni\u00e3o Brasil, MDB e o PSD.<\/p>\n<p><strong>Outros encontros<\/strong><\/p>\n<div>\n<div>\n<div class=\"trv-player-container\">\n<div class=\"trv-wrapper\">\n<div id=\"br_video_player_d88aeb26a41bb94a27686e9b2b8afe9dc3c659f9\" class=\"trvd_video_player trvdinstream\">\n<div class=\"media-player\"><\/div>\n<div class=\"trv-autoskip-container\">\n<div class=\"trv-autoskip-background\">\n<div class=\"trv-autoskip-line-top\">\n<div>\n<div class=\"conteudo_post\">\n<p data-start=\"0\" data-end=\"179\">No dia 29 de julho, o presidente Lula se reuniu com ministros do Uni\u00e3o Brasil \u2014 Celso Sabino (Turismo), Waldez G\u00f3es (Integra\u00e7\u00e3o Nacional) e Frederico de Siqueira (Comunica\u00e7\u00f5es).<\/p>\n<p data-start=\"181\" data-end=\"423\" data-is-last-node=\"\" data-is-only-node=\"\">O encontro tamb\u00e9m contou com a presen\u00e7a da ministra Gleisi Hoffmann (Rela\u00e7\u00f5es Institucionais), do PT. Durante a conversa, Lula cobrou maior alinhamento e fidelidade do Uni\u00e3o Brasil ao governo, especialmente nas vota\u00e7\u00f5es no Congresso Nacional.<\/p>\n<\/div>\n<div id=\"div-share\">Bahia.Ba<\/div>\n<\/div>\n<\/div>\n<div class=\"trv-autoskip-line-right\">\n<div><\/div>\n<\/div>\n<div class=\"trv-autoskip-line-bottom\">\n<div><\/div>\n<\/div>\n<div class=\"trv-autoskip-line-left\">\n<div><\/div>\n<\/div>\n<\/div>\n<div class=\"autoskip-btn autoskip-btn-blue\"><\/div>\n<div class=\"autoskip-btn autoskip-btn-gray\"><\/div>\n<\/div>\n<div><\/div>\n<p><img decoding=\"async\" src=\"https:\/\/ads.stickyadstv.com\/auto-user-sync?_fw_gdpr=0&amp;_fw_gdpr_consent=\" \/><img decoding=\"async\" src=\"https:\/\/ads.stickyadstv.com\/user-matching?id=2545&amp;_fw_gdpr=0&amp;_fw_gdpr_consent=\" \/><\/div>\n<\/div>\n<\/div>\n<\/div>\n<\/div>\n<div class='share-to-whatsapp-wrapper'><div class='share-on-whsp'>Share on: <\/div><a data-text='De olho em 2026, Lula mira conversa com partido de Hugo Motta' data-link='https:\/\/newsinfoco.com.br\/inicio\/de-olho-em-2026-lula-mira-conversa-com-partido-de-hugo-motta\/' class='whatsapp-button whatsapp-share'>WhatsApp<\/a><div class='clear '><\/div><\/div>","protected":false},"excerpt":{"rendered":"<p>Depois de almo\u00e7ar com Gilberto Kassab e outros caciques do PSD, agora o presidente Luiz In\u00e1cio Lula da Silva (PT) mira uma reuni\u00e3o com lideran\u00e7as do Republicanos, partido do presidente da C\u00e2mara dos Deputados, Hugo Motta. A informa\u00e7\u00e3o \u00e9 da coluna de Igor Gadelha, do portal Metr\u00f3poles. O almo\u00e7o com as lideran\u00e7as do partido de [&hellip;]<\/p>\n","protected":false},"author":1,"featured_media":44062,"comment_status":"closed","ping_status":"closed","sticky":false,"template":"","format":"standard","meta":{"om_disable_all_campaigns":false,"rop_custom_images_group":[],"rop_custom_messages_group":[],"rop_publish_now":"initial","rop_publish_now_accounts":[],"rop_publish_now_history":[],"rop_publish_now_status":"pending","_exactmetrics_skip_tracking":false,"footnotes":""},"categories":[21],"tags":[],"class_list":["post-44061","post","type-post","status-publish","format-standard","has-post-thumbnail","hentry","category-brasil"],"aioseo_notices":[],"aioseo_head":"\n\t\t<!-- All in One SEO 4.9.10 - aioseo.com -->\n\t<meta name=\"description\" content=\"Depois de almo\u00e7ar com Gilberto Kassab e outros caciques do PSD, agora o presidente Luiz In\u00e1cio Lula da Silva (PT) mira uma reuni\u00e3o com lideran\u00e7as do Republicanos, partido do presidente da C\u00e2mara dos Deputados, Hugo Motta. A informa\u00e7\u00e3o \u00e9 da coluna de Igor Gadelha, do portal Metr\u00f3poles. O almo\u00e7o com as lideran\u00e7as do partido de\" \/>\n\t<meta name=\"robots\" content=\"max-image-preview:large\" \/>\n\t<meta name=\"author\" content=\"administrador\"\/>\n\t<link rel=\"canonical\" href=\"https:\/\/newsinfoco.com.br\/inicio\/de-olho-em-2026-lula-mira-conversa-com-partido-de-hugo-motta\/\" \/>\n\t<meta name=\"generator\" content=\"All in One SEO (AIOSEO) 4.9.10\" \/>\n\t\t<meta property=\"og:locale\" content=\"pt_BR\" \/>\n\t\t<meta property=\"og:site_name\" content=\"News In Foco - Editado por Caio Pimenta - O principal site de noticias de Alagoinhas e regi\u00e3o\" \/>\n\t\t<meta property=\"og:type\" content=\"article\" \/>\n\t\t<meta property=\"og:title\" content=\"De olho em 2026, Lula mira conversa com partido de Hugo Motta - News In Foco - Editado por Caio Pimenta\" \/>\n\t\t<meta property=\"og:description\" content=\"Depois de almo\u00e7ar com Gilberto Kassab e outros caciques do PSD, agora o presidente Luiz In\u00e1cio Lula da Silva (PT) mira uma reuni\u00e3o com lideran\u00e7as do Republicanos, partido do presidente da C\u00e2mara dos Deputados, Hugo Motta. A informa\u00e7\u00e3o \u00e9 da coluna de Igor Gadelha, do portal Metr\u00f3poles. O almo\u00e7o com as lideran\u00e7as do partido de\" \/>\n\t\t<meta property=\"og:url\" content=\"https:\/\/newsinfoco.com.br\/inicio\/de-olho-em-2026-lula-mira-conversa-com-partido-de-hugo-motta\/\" \/>\n\t\t<meta property=\"article:published_time\" content=\"2025-08-08T18:04:16+00:00\" \/>\n\t\t<meta property=\"article:modified_time\" content=\"2025-08-08T18:04:16+00:00\" \/>\n\t\t<meta name=\"twitter:card\" content=\"summary_large_image\" \/>\n\t\t<meta name=\"twitter:title\" content=\"De olho em 2026, Lula mira conversa com partido de Hugo Motta - News In Foco - Editado por Caio Pimenta\" \/>\n\t\t<meta name=\"twitter:description\" content=\"Depois de almo\u00e7ar com Gilberto Kassab e outros caciques do PSD, agora o presidente Luiz In\u00e1cio Lula da Silva (PT) mira uma reuni\u00e3o com lideran\u00e7as do Republicanos, partido do presidente da C\u00e2mara dos Deputados, Hugo Motta. A informa\u00e7\u00e3o \u00e9 da coluna de Igor Gadelha, do portal Metr\u00f3poles. O almo\u00e7o com as lideran\u00e7as do partido de\" \/>\n\t\t<script type=\"application\/ld+json\" class=\"aioseo-schema\">\n\t\t\t{\"@context\":\"https:\\\/\\\/schema.org\",\"@graph\":[{\"@type\":\"BlogPosting\",\"@id\":\"https:\\\/\\\/newsinfoco.com.br\\\/inicio\\\/de-olho-em-2026-lula-mira-conversa-com-partido-de-hugo-motta\\\/#blogposting\",\"name\":\"De olho em 2026, Lula mira conversa com partido de Hugo Motta - News In Foco - Editado por Caio Pimenta\",\"headline\":\"De olho em 2026, Lula mira conversa com partido de Hugo Motta\",\"author\":{\"@id\":\"https:\\\/\\\/newsinfoco.com.br\\\/inicio\\\/author\\\/administrador\\\/#author\"},\"publisher\":{\"@id\":\"https:\\\/\\\/newsinfoco.com.br\\\/inicio\\\/#organization\"},\"image\":{\"@type\":\"ImageObject\",\"url\":\"https:\\\/\\\/newsinfoco.com.br\\\/inicio\\\/wp-content\\\/uploads\\\/2025\\\/08\\\/Lula-chama-Bolsonaro-de-fujao.jpg\",\"width\":600,\"height\":420},\"datePublished\":\"2025-08-08T15:04:16-03:00\",\"dateModified\":\"2025-08-08T15:04:16-03:00\",\"inLanguage\":\"pt-BR\",\"mainEntityOfPage\":{\"@id\":\"https:\\\/\\\/newsinfoco.com.br\\\/inicio\\\/de-olho-em-2026-lula-mira-conversa-com-partido-de-hugo-motta\\\/#webpage\"},\"isPartOf\":{\"@id\":\"https:\\\/\\\/newsinfoco.com.br\\\/inicio\\\/de-olho-em-2026-lula-mira-conversa-com-partido-de-hugo-motta\\\/#webpage\"},\"articleSection\":\"Brasil\"},{\"@type\":\"BreadcrumbList\",\"@id\":\"https:\\\/\\\/newsinfoco.com.br\\\/inicio\\\/de-olho-em-2026-lula-mira-conversa-com-partido-de-hugo-motta\\\/#breadcrumblist\",\"itemListElement\":[{\"@type\":\"ListItem\",\"@id\":\"https:\\\/\\\/newsinfoco.com.br\\\/inicio#listItem\",\"position\":1,\"name\":\"In\\u00edcio\",\"item\":\"https:\\\/\\\/newsinfoco.com.br\\\/inicio\",\"nextItem\":{\"@type\":\"ListItem\",\"@id\":\"https:\\\/\\\/newsinfoco.com.br\\\/inicio\\\/category\\\/brasil\\\/#listItem\",\"name\":\"Brasil\"}},{\"@type\":\"ListItem\",\"@id\":\"https:\\\/\\\/newsinfoco.com.br\\\/inicio\\\/category\\\/brasil\\\/#listItem\",\"position\":2,\"name\":\"Brasil\",\"item\":\"https:\\\/\\\/newsinfoco.com.br\\\/inicio\\\/category\\\/brasil\\\/\",\"nextItem\":{\"@type\":\"ListItem\",\"@id\":\"https:\\\/\\\/newsinfoco.com.br\\\/inicio\\\/de-olho-em-2026-lula-mira-conversa-com-partido-de-hugo-motta\\\/#listItem\",\"name\":\"De olho em 2026, Lula mira conversa com partido de Hugo Motta\"},\"previousItem\":{\"@type\":\"ListItem\",\"@id\":\"https:\\\/\\\/newsinfoco.com.br\\\/inicio#listItem\",\"name\":\"In\\u00edcio\"}},{\"@type\":\"ListItem\",\"@id\":\"https:\\\/\\\/newsinfoco.com.br\\\/inicio\\\/de-olho-em-2026-lula-mira-conversa-com-partido-de-hugo-motta\\\/#listItem\",\"position\":3,\"name\":\"De olho em 2026, Lula mira conversa com partido de Hugo Motta\",\"previousItem\":{\"@type\":\"ListItem\",\"@id\":\"https:\\\/\\\/newsinfoco.com.br\\\/inicio\\\/category\\\/brasil\\\/#listItem\",\"name\":\"Brasil\"}}]},{\"@type\":\"Organization\",\"@id\":\"https:\\\/\\\/newsinfoco.com.br\\\/inicio\\\/#organization\",\"name\":\"News In Foco - Editado por Caio Pimenta\",\"description\":\"O principal site de noticias de Alagoinhas e regi\\u00e3o\",\"url\":\"https:\\\/\\\/newsinfoco.com.br\\\/inicio\\\/\"},{\"@type\":\"Person\",\"@id\":\"https:\\\/\\\/newsinfoco.com.br\\\/inicio\\\/author\\\/administrador\\\/#author\",\"url\":\"https:\\\/\\\/newsinfoco.com.br\\\/inicio\\\/author\\\/administrador\\\/\",\"name\":\"administrador\",\"image\":{\"@type\":\"ImageObject\",\"@id\":\"https:\\\/\\\/newsinfoco.com.br\\\/inicio\\\/de-olho-em-2026-lula-mira-conversa-com-partido-de-hugo-motta\\\/#authorImage\",\"url\":\"https:\\\/\\\/secure.gravatar.com\\\/avatar\\\/c17a617433de8c1dc9584bb79aab7563b46f5bb7e1728c9b17d9cc3ce6a08e49?s=96&d=mm&r=g\",\"width\":96,\"height\":96,\"caption\":\"administrador\"}},{\"@type\":\"WebPage\",\"@id\":\"https:\\\/\\\/newsinfoco.com.br\\\/inicio\\\/de-olho-em-2026-lula-mira-conversa-com-partido-de-hugo-motta\\\/#webpage\",\"url\":\"https:\\\/\\\/newsinfoco.com.br\\\/inicio\\\/de-olho-em-2026-lula-mira-conversa-com-partido-de-hugo-motta\\\/\",\"name\":\"De olho em 2026, Lula mira conversa com partido de Hugo Motta - News In Foco - Editado por Caio Pimenta\",\"description\":\"Depois de almo\\u00e7ar com Gilberto Kassab e outros caciques do PSD, agora o presidente Luiz In\\u00e1cio Lula da Silva (PT) mira uma reuni\\u00e3o com lideran\\u00e7as do Republicanos, partido do presidente da C\\u00e2mara dos Deputados, Hugo Motta. A informa\\u00e7\\u00e3o \\u00e9 da coluna de Igor Gadelha, do portal Metr\\u00f3poles. O almo\\u00e7o com as lideran\\u00e7as do partido de\",\"inLanguage\":\"pt-BR\",\"isPartOf\":{\"@id\":\"https:\\\/\\\/newsinfoco.com.br\\\/inicio\\\/#website\"},\"breadcrumb\":{\"@id\":\"https:\\\/\\\/newsinfoco.com.br\\\/inicio\\\/de-olho-em-2026-lula-mira-conversa-com-partido-de-hugo-motta\\\/#breadcrumblist\"},\"author\":{\"@id\":\"https:\\\/\\\/newsinfoco.com.br\\\/inicio\\\/author\\\/administrador\\\/#author\"},\"creator\":{\"@id\":\"https:\\\/\\\/newsinfoco.com.br\\\/inicio\\\/author\\\/administrador\\\/#author\"},\"image\":{\"@type\":\"ImageObject\",\"url\":\"https:\\\/\\\/newsinfoco.com.br\\\/inicio\\\/wp-content\\\/uploads\\\/2025\\\/08\\\/Lula-chama-Bolsonaro-de-fujao.jpg\",\"@id\":\"https:\\\/\\\/newsinfoco.com.br\\\/inicio\\\/de-olho-em-2026-lula-mira-conversa-com-partido-de-hugo-motta\\\/#mainImage\",\"width\":600,\"height\":420},\"primaryImageOfPage\":{\"@id\":\"https:\\\/\\\/newsinfoco.com.br\\\/inicio\\\/de-olho-em-2026-lula-mira-conversa-com-partido-de-hugo-motta\\\/#mainImage\"},\"datePublished\":\"2025-08-08T15:04:16-03:00\",\"dateModified\":\"2025-08-08T15:04:16-03:00\"},{\"@type\":\"WebSite\",\"@id\":\"https:\\\/\\\/newsinfoco.com.br\\\/inicio\\\/#website\",\"url\":\"https:\\\/\\\/newsinfoco.com.br\\\/inicio\\\/\",\"name\":\"News In Foco - Editado por Caio Pimenta\",\"description\":\"O principal site de noticias de Alagoinhas e regi\\u00e3o\",\"inLanguage\":\"pt-BR\",\"publisher\":{\"@id\":\"https:\\\/\\\/newsinfoco.com.br\\\/inicio\\\/#organization\"}}]}\n\t\t<\/script>\n\t\t<!-- All in One SEO -->\n\n","aioseo_head_json":{"title":"De olho em 2026, Lula mira conversa com partido de Hugo Motta - News In Foco - Editado por Caio Pimenta","description":"Depois de almo\u00e7ar com Gilberto Kassab e outros caciques do PSD, agora o presidente Luiz In\u00e1cio Lula da Silva (PT) mira uma reuni\u00e3o com lideran\u00e7as do Republicanos, partido do presidente da C\u00e2mara dos Deputados, Hugo Motta. A informa\u00e7\u00e3o \u00e9 da coluna de Igor Gadelha, do portal Metr\u00f3poles. O almo\u00e7o com as lideran\u00e7as do partido de","canonical_url":"https:\/\/newsinfoco.com.br\/inicio\/de-olho-em-2026-lula-mira-conversa-com-partido-de-hugo-motta\/","robots":"max-image-preview:large","keywords":"","webmasterTools":{"miscellaneous":""},"schema":{"@context":"https:\/\/schema.org","@graph":[{"@type":"BlogPosting","@id":"https:\/\/newsinfoco.com.br\/inicio\/de-olho-em-2026-lula-mira-conversa-com-partido-de-hugo-motta\/#blogposting","name":"De olho em 2026, Lula mira conversa com partido de Hugo Motta - News In Foco - Editado por Caio Pimenta","headline":"De olho em 2026, Lula mira conversa com partido de Hugo Motta","author":{"@id":"https:\/\/newsinfoco.com.br\/inicio\/author\/administrador\/#author"},"publisher":{"@id":"https:\/\/newsinfoco.com.br\/inicio\/#organization"},"image":{"@type":"ImageObject","url":"https:\/\/newsinfoco.com.br\/inicio\/wp-content\/uploads\/2025\/08\/Lula-chama-Bolsonaro-de-fujao.jpg","width":600,"height":420},"datePublished":"2025-08-08T15:04:16-03:00","dateModified":"2025-08-08T15:04:16-03:00","inLanguage":"pt-BR","mainEntityOfPage":{"@id":"https:\/\/newsinfoco.com.br\/inicio\/de-olho-em-2026-lula-mira-conversa-com-partido-de-hugo-motta\/#webpage"},"isPartOf":{"@id":"https:\/\/newsinfoco.com.br\/inicio\/de-olho-em-2026-lula-mira-conversa-com-partido-de-hugo-motta\/#webpage"},"articleSection":"Brasil"},{"@type":"BreadcrumbList","@id":"https:\/\/newsinfoco.com.br\/inicio\/de-olho-em-2026-lula-mira-conversa-com-partido-de-hugo-motta\/#breadcrumblist","itemListElement":[{"@type":"ListItem","@id":"https:\/\/newsinfoco.com.br\/inicio#listItem","position":1,"name":"In\u00edcio","item":"https:\/\/newsinfoco.com.br\/inicio","nextItem":{"@type":"ListItem","@id":"https:\/\/newsinfoco.com.br\/inicio\/category\/brasil\/#listItem","name":"Brasil"}},{"@type":"ListItem","@id":"https:\/\/newsinfoco.com.br\/inicio\/category\/brasil\/#listItem","position":2,"name":"Brasil","item":"https:\/\/newsinfoco.com.br\/inicio\/category\/brasil\/","nextItem":{"@type":"ListItem","@id":"https:\/\/newsinfoco.com.br\/inicio\/de-olho-em-2026-lula-mira-conversa-com-partido-de-hugo-motta\/#listItem","name":"De olho em 2026, Lula mira conversa com partido de Hugo Motta"},"previousItem":{"@type":"ListItem","@id":"https:\/\/newsinfoco.com.br\/inicio#listItem","name":"In\u00edcio"}},{"@type":"ListItem","@id":"https:\/\/newsinfoco.com.br\/inicio\/de-olho-em-2026-lula-mira-conversa-com-partido-de-hugo-motta\/#listItem","position":3,"name":"De olho em 2026, Lula mira conversa com partido de Hugo Motta","previousItem":{"@type":"ListItem","@id":"https:\/\/newsinfoco.com.br\/inicio\/category\/brasil\/#listItem","name":"Brasil"}}]},{"@type":"Organization","@id":"https:\/\/newsinfoco.com.br\/inicio\/#organization","name":"News In Foco - Editado por Caio Pimenta","description":"O principal site de noticias de Alagoinhas e regi\u00e3o","url":"https:\/\/newsinfoco.com.br\/inicio\/"},{"@type":"Person","@id":"https:\/\/newsinfoco.com.br\/inicio\/author\/administrador\/#author","url":"https:\/\/newsinfoco.com.br\/inicio\/author\/administrador\/","name":"administrador","image":{"@type":"ImageObject","@id":"https:\/\/newsinfoco.com.br\/inicio\/de-olho-em-2026-lula-mira-conversa-com-partido-de-hugo-motta\/#authorImage","url":"https:\/\/secure.gravatar.com\/avatar\/c17a617433de8c1dc9584bb79aab7563b46f5bb7e1728c9b17d9cc3ce6a08e49?s=96&d=mm&r=g","width":96,"height":96,"caption":"administrador"}},{"@type":"WebPage","@id":"https:\/\/newsinfoco.com.br\/inicio\/de-olho-em-2026-lula-mira-conversa-com-partido-de-hugo-motta\/#webpage","url":"https:\/\/newsinfoco.com.br\/inicio\/de-olho-em-2026-lula-mira-conversa-com-partido-de-hugo-motta\/","name":"De olho em 2026, Lula mira conversa com partido de Hugo Motta - News In Foco - Editado por Caio Pimenta","description":"Depois de almo\u00e7ar com Gilberto Kassab e outros caciques do PSD, agora o presidente Luiz In\u00e1cio Lula da Silva (PT) mira uma reuni\u00e3o com lideran\u00e7as do Republicanos, partido do presidente da C\u00e2mara dos Deputados, Hugo Motta. A informa\u00e7\u00e3o \u00e9 da coluna de Igor Gadelha, do portal Metr\u00f3poles. O almo\u00e7o com as lideran\u00e7as do partido de","inLanguage":"pt-BR","isPartOf":{"@id":"https:\/\/newsinfoco.com.br\/inicio\/#website"},"breadcrumb":{"@id":"https:\/\/newsinfoco.com.br\/inicio\/de-olho-em-2026-lula-mira-conversa-com-partido-de-hugo-motta\/#breadcrumblist"},"author":{"@id":"https:\/\/newsinfoco.com.br\/inicio\/author\/administrador\/#author"},"creator":{"@id":"https:\/\/newsinfoco.com.br\/inicio\/author\/administrador\/#author"},"image":{"@type":"ImageObject","url":"https:\/\/newsinfoco.com.br\/inicio\/wp-content\/uploads\/2025\/08\/Lula-chama-Bolsonaro-de-fujao.jpg","@id":"https:\/\/newsinfoco.com.br\/inicio\/de-olho-em-2026-lula-mira-conversa-com-partido-de-hugo-motta\/#mainImage","width":600,"height":420},"primaryImageOfPage":{"@id":"https:\/\/newsinfoco.com.br\/inicio\/de-olho-em-2026-lula-mira-conversa-com-partido-de-hugo-motta\/#mainImage"},"datePublished":"2025-08-08T15:04:16-03:00","dateModified":"2025-08-08T15:04:16-03:00"},{"@type":"WebSite","@id":"https:\/\/newsinfoco.com.br\/inicio\/#website","url":"https:\/\/newsinfoco.com.br\/inicio\/","name":"News In Foco - Editado por Caio Pimenta","description":"O principal site de noticias de Alagoinhas e regi\u00e3o","inLanguage":"pt-BR","publisher":{"@id":"https:\/\/newsinfoco.com.br\/inicio\/#organization"}}]},"og:locale":"pt_BR","og:site_name":"News In Foco - Editado por Caio Pimenta - O principal site de noticias de Alagoinhas e regi\u00e3o","og:type":"article","og:title":"De olho em 2026, Lula mira conversa com partido de Hugo Motta - News In Foco - Editado por Caio Pimenta","og:description":"Depois de almo\u00e7ar com Gilberto Kassab e outros caciques do PSD, agora o presidente Luiz In\u00e1cio Lula da Silva (PT) mira uma reuni\u00e3o com lideran\u00e7as do Republicanos, partido do presidente da C\u00e2mara dos Deputados, Hugo Motta. A informa\u00e7\u00e3o \u00e9 da coluna de Igor Gadelha, do portal Metr\u00f3poles. O almo\u00e7o com as lideran\u00e7as do partido de","og:url":"https:\/\/newsinfoco.com.br\/inicio\/de-olho-em-2026-lula-mira-conversa-com-partido-de-hugo-motta\/","article:published_time":"2025-08-08T18:04:16+00:00","article:modified_time":"2025-08-08T18:04:16+00:00","twitter:card":"summary_large_image","twitter:title":"De olho em 2026, Lula mira conversa com partido de Hugo Motta - News In Foco - Editado por Caio Pimenta","twitter:description":"Depois de almo\u00e7ar com Gilberto Kassab e outros caciques do PSD, agora o presidente Luiz In\u00e1cio Lula da Silva (PT) mira uma reuni\u00e3o com lideran\u00e7as do Republicanos, partido do presidente da C\u00e2mara dos Deputados, Hugo Motta. A informa\u00e7\u00e3o \u00e9 da coluna de Igor Gadelha, do portal Metr\u00f3poles. O almo\u00e7o com as lideran\u00e7as do partido de"},"aioseo_meta_data":{"post_id":"44061","title":null,"description":null,"keywords":null,"keyphrases":{"focus":{"keyphrase":"","score":0,"analysis":{"keyphraseInTitle":{"score":0,"maxScore":9,"error":1}}},"additional":[]},"primary_term":null,"canonical_url":null,"og_title":null,"og_description":null,"og_object_type":"default","og_image_type":"default","og_image_url":null,"og_image_width":null,"og_image_height":null,"og_image_custom_url":null,"og_image_custom_fields":null,"og_video":"","og_custom_url":null,"og_article_section":null,"og_article_tags":null,"twitter_use_og":false,"twitter_card":"default","twitter_image_type":"default","twitter_image_url":null,"twitter_image_custom_url":null,"twitter_image_custom_fields":null,"twitter_title":null,"twitter_description":null,"schema":{"blockGraphs":[],"customGraphs":[],"default":{"data":{"Article":[],"Course":[],"Dataset":[],"FAQPage":[],"Movie":[],"Person":[],"Product":[],"ProductReview":[],"Car":[],"Recipe":[],"Service":[],"SoftwareApplication":[],"WebPage":[]},"graphName":"BlogPosting","isEnabled":true},"graphs":[]},"schema_type":"default","schema_type_options":null,"pillar_content":false,"robots_default":true,"robots_noindex":false,"robots_noarchive":false,"robots_nosnippet":false,"robots_nofollow":false,"robots_noimageindex":false,"robots_noodp":false,"robots_notranslate":false,"robots_max_snippet":"-1","robots_max_videopreview":"-1","robots_max_imagepreview":"large","priority":null,"frequency":"default","local_seo":null,"breadcrumb_settings":null,"limit_modified_date":false,"ai":{"faqs":[],"keyPoints":[],"titles":[],"descriptions":[],"socialPosts":{"email":[],"linkedin":[],"twitter":[],"facebook":[],"instagram":[]}},"created":"2025-08-08 18:04:16","updated":"2025-08-08 18:05:18","seo_analyzer_scan_date":null},"aioseo_breadcrumb":"<div class=\"aioseo-breadcrumbs\"><span class=\"aioseo-breadcrumb\">\n\t\t\t<a href=\"https:\/\/newsinfoco.com.br\/inicio\" title=\"In\u00edcio\">In\u00edcio<\/a>\n\t\t<\/span><span class=\"aioseo-breadcrumb-separator\">&raquo;<\/span><span class=\"aioseo-breadcrumb\">\n\t\t\t<a href=\"https:\/\/newsinfoco.com.br\/inicio\/category\/brasil\/\" title=\"Brasil\">Brasil<\/a>\n\t\t<\/span><span class=\"aioseo-breadcrumb-separator\">&raquo;<\/span><span class=\"aioseo-breadcrumb\">\n\t\t\tDe olho em 2026, Lula mira conversa com partido de Hugo Motta\n\t\t<\/span><\/div>","aioseo_breadcrumb_json":[{"label":"In\u00edcio","link":"https:\/\/newsinfoco.com.br\/inicio"},{"label":"Brasil","link":"https:\/\/newsinfoco.com.br\/inicio\/category\/brasil\/"},{"label":"De olho em 2026, Lula mira conversa com partido de Hugo Motta","link":"https:\/\/newsinfoco.com.br\/inicio\/de-olho-em-2026-lula-mira-conversa-com-partido-de-hugo-motta\/"}],"_links":{"self":[{"href":"https:\/\/newsinfoco.com.br\/inicio\/wp-json\/wp\/v2\/posts\/44061","targetHints":{"allow":["GET"]}}],"collection":[{"href":"https:\/\/newsinfoco.com.br\/inicio\/wp-json\/wp\/v2\/posts"}],"about":[{"href":"https:\/\/newsinfoco.com.br\/inicio\/wp-json\/wp\/v2\/types\/post"}],"author":[{"embeddable":true,"href":"https:\/\/newsinfoco.com.br\/inicio\/wp-json\/wp\/v2\/users\/1"}],"replies":[{"embeddable":true,"href":"https:\/\/newsinfoco.com.br\/inicio\/wp-json\/wp\/v2\/comments?post=44061"}],"version-history":[{"count":1,"href":"https:\/\/newsinfoco.com.br\/inicio\/wp-json\/wp\/v2\/posts\/44061\/revisions"}],"predecessor-version":[{"id":44063,"href":"https:\/\/newsinfoco.com.br\/inicio\/wp-json\/wp\/v2\/posts\/44061\/revisions\/44063"}],"wp:featuredmedia":[{"embeddable":true,"href":"https:\/\/newsinfoco.com.br\/inicio\/wp-json\/wp\/v2\/media\/44062"}],"wp:attachment":[{"href":"https:\/\/newsinfoco.com.br\/inicio\/wp-json\/wp\/v2\/media?parent=44061"}],"wp:term":[{"taxonomy":"category","embeddable":true,"href":"https:\/\/newsinfoco.com.br\/inicio\/wp-json\/wp\/v2\/categories?post=44061"},{"taxonomy":"post_tag","embeddable":true,"href":"https:\/\/newsinfoco.com.br\/inicio\/wp-json\/wp\/v2\/tags?post=44061"}],"curies":[{"name":"wp","href":"https:\/\/api.w.org\/{rel}","templated":true}]}}