{"id":44079,"date":"2025-08-08T16:47:39","date_gmt":"2025-08-08T19:47:39","guid":{"rendered":"https:\/\/newsinfoco.com.br\/inicio\/?p=44079"},"modified":"2025-08-08T16:47:39","modified_gmt":"2025-08-08T19:47:39","slug":"na-tribuna-popular-apae-denuncia-bloqueio-judicial-das-contas-e-mobiliza-campanha-pela-continuidade-dos-atendimentos","status":"publish","type":"post","link":"https:\/\/newsinfoco.com.br\/inicio\/na-tribuna-popular-apae-denuncia-bloqueio-judicial-das-contas-e-mobiliza-campanha-pela-continuidade-dos-atendimentos\/","title":{"rendered":"Na Tribuna Popular, APAE denuncia bloqueio judicial das contas e mobiliza campanha pela continuidade dos atendimentos"},"content":{"rendered":"<p>A Tribuna Popular da sess\u00e3o desta quinta-feira (07) foi marcada pela fala emocionada de Maria de Lourdes, professora e volunt\u00e1ria da Associa\u00e7\u00e3o de Pais e Amigos dos Excepcionais (APAE) de Alagoinhas. Representando tamb\u00e9m m\u00e3es de pessoas com defici\u00eancia, revelou a grave crise financeira enfrentada pela institui\u00e7\u00e3o ap\u00f3s o bloqueio judicial das contas, ocorrido no fim de junho, em raz\u00e3o de uma a\u00e7\u00e3o indenizat\u00f3ria decorrente de processo iniciado em 2019.<\/p>\n<p>Segundo Maria de Lourdes, o bloqueio tem comprometido inclusive pequenas doa\u00e7\u00f5es feitas por fam\u00edlias assistidas, e j\u00e1 deixou nove colaboradores sem sal\u00e1rio, incluindo psic\u00f3logos, professores e assistentes sociais. A educadora ressaltou que, embora a Prefeitura mantenha repasses por meio de projetos aprovados, esses recursos tamb\u00e9m n\u00e3o podem ser movimentados enquanto durar a restri\u00e7\u00e3o judicial.<\/p>\n<div class=\"wp-block-image\">\n<div class=\"elementor-column elementor-col-50 elementor-top-column elementor-element elementor-element-166fa74c\" data-id=\"166fa74c\" data-element_type=\"column\">\n<div class=\"elementor-widget-wrap elementor-element-populated\">\n<div class=\"elementor-element elementor-element-8956c80 elementor-widget elementor-widget-theme-post-content\" data-id=\"8956c80\" data-element_type=\"widget\" data-widget_type=\"theme-post-content.default\">\n<div class=\"elementor-widget-container\">\n<p>Diante da situa\u00e7\u00e3o, a APAE lan\u00e7a a campanha \u201cInclua Nossa Voz \u2013 N\u00e3o Deixe a APAE de Alagoinhas Fechar\u201d, que busca mobilizar toda a sociedade a contribuir com qualquer valor para evitar a suspens\u00e3o dos atendimentos. \u201cN\u00e3o viemos pedir a vereadores individualmente. Viemos legitimar, neste espa\u00e7o p\u00fablico, uma campanha que \u00e9 de toda a cidade\u201d, afirmou.<\/p>\n<p>Ao longo da exposi\u00e7\u00e3o, Maria de Lourdes agradeceu o apoio hist\u00f3rico da C\u00e2mara Municipal, de secretarias municipais e de parlamentares estaduais e federais que j\u00e1 destinaram recursos, mas alertou: sem a libera\u00e7\u00e3o das contas, a entidade corre risco real de encerrar suas atividades.<\/p>\n<p><strong>Apoio<\/strong><\/p>\n<p>A campanha mobilizou diversos parlamentares, que, sensibilizados, anunciaram contribui\u00e7\u00f5es pessoais e sugeriram a\u00e7\u00f5es coletivas para arrecadar fundos. O vereador Luciano Almeida se comprometeu a abrir a campanha com uma doa\u00e7\u00e3o de R$ 500 e buscar apoio de empres\u00e1rios e igrejas. J\u00e1 a vereadora Juci Cardoso prop\u00f4s a cria\u00e7\u00e3o de uma vaquinha virtual e a\u00e7\u00f5es de rua com QR Code do pix para ampliar a divulga\u00e7\u00e3o.<\/p>\n<p>O vereador Francisco Thor de Ninha destacou que a crise pode ser oportunidade para dar mais visibilidade \u00e0 causa da inclus\u00e3o e sugeriu um \u201cDia D\u201d com ped\u00e1gios solid\u00e1rios, enquanto o vereador Jorge da Farinha ofereceu uma TV de 42 polegadas para um bingo beneficente, ideia apoiada por outros vereadores, como a vereadora Luma Menezes, que tamb\u00e9m garantiu a doa\u00e7\u00e3o de pr\u00eamios. Tamb\u00e9m o vereador Cl\u00e1udio Abi\u00fade se disp\u00f4s a contribuir com a organiza\u00e7\u00e3o do evento com apresenta\u00e7\u00f5es musicais para atrair mais p\u00fablico e aumentar a arrecada\u00e7\u00e3o.<\/p>\n<p>Por fim, outros parlamentares, como a vereadora Raimunda Flor\u00eancio e os vereadores Caio Ramos, Edy da Sa\u00fade, Anderson Xar\u00e1, Jos\u00e9 Ed\u00e9sio e Osvaldo T\u00f3 manifestaram apoio e colocaram seus mandatos \u00e0 disposi\u00e7\u00e3o para buscar alternativas jur\u00eddicas e financeiras. Entre as propostas, surgiram ainda a articula\u00e7\u00e3o com o com\u00e9rcio local e sindicatos, sorteios pela Loteria Federal e visitas a empres\u00e1rios para doa\u00e7\u00f5es diretas.<\/p>\n<p><strong>Para assistir a sess\u00e3o na \u00edntegra, clique no link:\u00a0<\/strong><a href=\"https:\/\/www.youtube.com\/watch?v=zeXOb5Hywug&amp;t=7320s\" target=\"_blank\" rel=\"noopener\"><strong>TV C\u00e2mara Alagoinhas<\/strong><\/a><\/p>\n<p><strong>Ascom \u2013 C\u00e2mara Municipal de Alagoinhas<\/strong><\/p>\n<p><strong>Fotos \u2013 Jh\u00f4 Paz<\/strong><\/p>\n<\/div>\n<\/div>\n<\/div>\n<\/div>\n<div class=\"elementor-column elementor-col-50 elementor-top-column elementor-element elementor-element-263f143b\" data-id=\"263f143b\" data-element_type=\"column\">\n<div class=\"elementor-widget-wrap elementor-element-populated\">\n<div class=\"elementor-element elementor-element-19118fd7 elementor-widget elementor-widget-heading\" data-id=\"19118fd7\" data-element_type=\"widget\" data-widget_type=\"heading.default\">\n<div class=\"elementor-widget-container\"><\/div>\n<\/div>\n<\/div>\n<\/div>\n<\/div>\n<div class='share-to-whatsapp-wrapper'><div class='share-on-whsp'>Share on: <\/div><a data-text='Na Tribuna Popular, APAE denuncia bloqueio judicial das contas e mobiliza campanha pela continuidade dos atendimentos' data-link='https:\/\/newsinfoco.com.br\/inicio\/na-tribuna-popular-apae-denuncia-bloqueio-judicial-das-contas-e-mobiliza-campanha-pela-continuidade-dos-atendimentos\/' class='whatsapp-button whatsapp-share'>WhatsApp<\/a><div class='clear '><\/div><\/div>","protected":false},"excerpt":{"rendered":"<p>A Tribuna Popular da sess\u00e3o desta quinta-feira (07) foi marcada pela fala emocionada de Maria de Lourdes, professora e volunt\u00e1ria da Associa\u00e7\u00e3o de Pais e Amigos dos Excepcionais (APAE) de Alagoinhas. Representando tamb\u00e9m m\u00e3es de pessoas com defici\u00eancia, revelou a grave crise financeira enfrentada pela institui\u00e7\u00e3o ap\u00f3s o bloqueio judicial das contas, ocorrido no fim [&hellip;]<\/p>\n","protected":false},"author":1,"featured_media":44080,"comment_status":"closed","ping_status":"closed","sticky":false,"template":"","format":"standard","meta":{"om_disable_all_campaigns":false,"rop_custom_images_group":[],"rop_custom_messages_group":[],"rop_publish_now":"initial","rop_publish_now_accounts":[],"rop_publish_now_history":[],"rop_publish_now_status":"pending","_exactmetrics_skip_tracking":false,"footnotes":""},"categories":[38,167],"tags":[],"class_list":["post-44079","post","type-post","status-publish","format-standard","has-post-thumbnail","hentry","category-alagoinhas-e-regiao","category-exclusivas"],"aioseo_notices":[],"aioseo_head":"\n\t\t<!-- All in One SEO 4.9.10 - aioseo.com -->\n\t<meta name=\"description\" content=\"A Tribuna Popular da sess\u00e3o desta quinta-feira (07) foi marcada pela fala emocionada de Maria de Lourdes, professora e volunt\u00e1ria da Associa\u00e7\u00e3o de Pais e Amigos dos Excepcionais (APAE) de Alagoinhas. Representando tamb\u00e9m m\u00e3es de pessoas com defici\u00eancia, revelou a grave crise financeira enfrentada pela institui\u00e7\u00e3o ap\u00f3s o bloqueio judicial das contas, ocorrido no fim\" \/>\n\t<meta name=\"robots\" content=\"max-image-preview:large\" \/>\n\t<meta name=\"author\" content=\"administrador\"\/>\n\t<link rel=\"canonical\" href=\"https:\/\/newsinfoco.com.br\/inicio\/na-tribuna-popular-apae-denuncia-bloqueio-judicial-das-contas-e-mobiliza-campanha-pela-continuidade-dos-atendimentos\/\" \/>\n\t<meta name=\"generator\" content=\"All in One SEO (AIOSEO) 4.9.10\" \/>\n\t\t<meta property=\"og:locale\" content=\"pt_BR\" \/>\n\t\t<meta property=\"og:site_name\" content=\"News In Foco - Editado por Caio Pimenta - O principal site de noticias de Alagoinhas e regi\u00e3o\" \/>\n\t\t<meta property=\"og:type\" content=\"article\" \/>\n\t\t<meta property=\"og:title\" content=\"Na Tribuna Popular, APAE denuncia bloqueio judicial das contas e mobiliza campanha pela continuidade dos atendimentos - News In Foco - Editado por Caio Pimenta\" \/>\n\t\t<meta property=\"og:description\" content=\"A Tribuna Popular da sess\u00e3o desta quinta-feira (07) foi marcada pela fala emocionada de Maria de Lourdes, professora e volunt\u00e1ria da Associa\u00e7\u00e3o de Pais e Amigos dos Excepcionais (APAE) de Alagoinhas. Representando tamb\u00e9m m\u00e3es de pessoas com defici\u00eancia, revelou a grave crise financeira enfrentada pela institui\u00e7\u00e3o ap\u00f3s o bloqueio judicial das contas, ocorrido no fim\" \/>\n\t\t<meta property=\"og:url\" content=\"https:\/\/newsinfoco.com.br\/inicio\/na-tribuna-popular-apae-denuncia-bloqueio-judicial-das-contas-e-mobiliza-campanha-pela-continuidade-dos-atendimentos\/\" \/>\n\t\t<meta property=\"article:published_time\" content=\"2025-08-08T19:47:39+00:00\" \/>\n\t\t<meta property=\"article:modified_time\" content=\"2025-08-08T19:47:39+00:00\" \/>\n\t\t<meta name=\"twitter:card\" content=\"summary_large_image\" \/>\n\t\t<meta name=\"twitter:title\" content=\"Na Tribuna Popular, APAE denuncia bloqueio judicial das contas e mobiliza campanha pela continuidade dos atendimentos - News In Foco - Editado por Caio Pimenta\" \/>\n\t\t<meta name=\"twitter:description\" content=\"A Tribuna Popular da sess\u00e3o desta quinta-feira (07) foi marcada pela fala emocionada de Maria de Lourdes, professora e volunt\u00e1ria da Associa\u00e7\u00e3o de Pais e Amigos dos Excepcionais (APAE) de Alagoinhas. Representando tamb\u00e9m m\u00e3es de pessoas com defici\u00eancia, revelou a grave crise financeira enfrentada pela institui\u00e7\u00e3o ap\u00f3s o bloqueio judicial das contas, ocorrido no fim\" \/>\n\t\t<script type=\"application\/ld+json\" class=\"aioseo-schema\">\n\t\t\t{\"@context\":\"https:\\\/\\\/schema.org\",\"@graph\":[{\"@type\":\"BlogPosting\",\"@id\":\"https:\\\/\\\/newsinfoco.com.br\\\/inicio\\\/na-tribuna-popular-apae-denuncia-bloqueio-judicial-das-contas-e-mobiliza-campanha-pela-continuidade-dos-atendimentos\\\/#blogposting\",\"name\":\"Na Tribuna Popular, APAE denuncia bloqueio judicial das contas e mobiliza campanha pela continuidade dos atendimentos - News In Foco - Editado por Caio Pimenta\",\"headline\":\"Na Tribuna Popular, APAE denuncia bloqueio judicial das contas e mobiliza campanha pela continuidade dos atendimentos\",\"author\":{\"@id\":\"https:\\\/\\\/newsinfoco.com.br\\\/inicio\\\/author\\\/administrador\\\/#author\"},\"publisher\":{\"@id\":\"https:\\\/\\\/newsinfoco.com.br\\\/inicio\\\/#organization\"},\"image\":{\"@type\":\"ImageObject\",\"url\":\"https:\\\/\\\/newsinfoco.com.br\\\/inicio\\\/wp-content\\\/uploads\\\/2025\\\/08\\\/dd8f2824-3f56-4a7e-9717-0d02a971ab45-1-2048x1152-1.jpg\",\"width\":2048,\"height\":1152},\"datePublished\":\"2025-08-08T16:47:39-03:00\",\"dateModified\":\"2025-08-08T16:47:39-03:00\",\"inLanguage\":\"pt-BR\",\"mainEntityOfPage\":{\"@id\":\"https:\\\/\\\/newsinfoco.com.br\\\/inicio\\\/na-tribuna-popular-apae-denuncia-bloqueio-judicial-das-contas-e-mobiliza-campanha-pela-continuidade-dos-atendimentos\\\/#webpage\"},\"isPartOf\":{\"@id\":\"https:\\\/\\\/newsinfoco.com.br\\\/inicio\\\/na-tribuna-popular-apae-denuncia-bloqueio-judicial-das-contas-e-mobiliza-campanha-pela-continuidade-dos-atendimentos\\\/#webpage\"},\"articleSection\":\"Alagoinhas e Regi\\u00e3o, Manchete\"},{\"@type\":\"BreadcrumbList\",\"@id\":\"https:\\\/\\\/newsinfoco.com.br\\\/inicio\\\/na-tribuna-popular-apae-denuncia-bloqueio-judicial-das-contas-e-mobiliza-campanha-pela-continuidade-dos-atendimentos\\\/#breadcrumblist\",\"itemListElement\":[{\"@type\":\"ListItem\",\"@id\":\"https:\\\/\\\/newsinfoco.com.br\\\/inicio#listItem\",\"position\":1,\"name\":\"In\\u00edcio\",\"item\":\"https:\\\/\\\/newsinfoco.com.br\\\/inicio\",\"nextItem\":{\"@type\":\"ListItem\",\"@id\":\"https:\\\/\\\/newsinfoco.com.br\\\/inicio\\\/category\\\/alagoinhas-e-regiao\\\/#listItem\",\"name\":\"Alagoinhas e Regi\\u00e3o\"}},{\"@type\":\"ListItem\",\"@id\":\"https:\\\/\\\/newsinfoco.com.br\\\/inicio\\\/category\\\/alagoinhas-e-regiao\\\/#listItem\",\"position\":2,\"name\":\"Alagoinhas e Regi\\u00e3o\",\"item\":\"https:\\\/\\\/newsinfoco.com.br\\\/inicio\\\/category\\\/alagoinhas-e-regiao\\\/\",\"nextItem\":{\"@type\":\"ListItem\",\"@id\":\"https:\\\/\\\/newsinfoco.com.br\\\/inicio\\\/na-tribuna-popular-apae-denuncia-bloqueio-judicial-das-contas-e-mobiliza-campanha-pela-continuidade-dos-atendimentos\\\/#listItem\",\"name\":\"Na Tribuna Popular, APAE denuncia bloqueio judicial das contas e mobiliza campanha pela continuidade dos atendimentos\"},\"previousItem\":{\"@type\":\"ListItem\",\"@id\":\"https:\\\/\\\/newsinfoco.com.br\\\/inicio#listItem\",\"name\":\"In\\u00edcio\"}},{\"@type\":\"ListItem\",\"@id\":\"https:\\\/\\\/newsinfoco.com.br\\\/inicio\\\/na-tribuna-popular-apae-denuncia-bloqueio-judicial-das-contas-e-mobiliza-campanha-pela-continuidade-dos-atendimentos\\\/#listItem\",\"position\":3,\"name\":\"Na Tribuna Popular, APAE denuncia bloqueio judicial das contas e mobiliza campanha pela continuidade dos atendimentos\",\"previousItem\":{\"@type\":\"ListItem\",\"@id\":\"https:\\\/\\\/newsinfoco.com.br\\\/inicio\\\/category\\\/alagoinhas-e-regiao\\\/#listItem\",\"name\":\"Alagoinhas e Regi\\u00e3o\"}}]},{\"@type\":\"Organization\",\"@id\":\"https:\\\/\\\/newsinfoco.com.br\\\/inicio\\\/#organization\",\"name\":\"News In Foco - Editado por Caio Pimenta\",\"description\":\"O principal site de noticias de Alagoinhas e regi\\u00e3o\",\"url\":\"https:\\\/\\\/newsinfoco.com.br\\\/inicio\\\/\"},{\"@type\":\"Person\",\"@id\":\"https:\\\/\\\/newsinfoco.com.br\\\/inicio\\\/author\\\/administrador\\\/#author\",\"url\":\"https:\\\/\\\/newsinfoco.com.br\\\/inicio\\\/author\\\/administrador\\\/\",\"name\":\"administrador\",\"image\":{\"@type\":\"ImageObject\",\"@id\":\"https:\\\/\\\/newsinfoco.com.br\\\/inicio\\\/na-tribuna-popular-apae-denuncia-bloqueio-judicial-das-contas-e-mobiliza-campanha-pela-continuidade-dos-atendimentos\\\/#authorImage\",\"url\":\"https:\\\/\\\/secure.gravatar.com\\\/avatar\\\/c17a617433de8c1dc9584bb79aab7563b46f5bb7e1728c9b17d9cc3ce6a08e49?s=96&d=mm&r=g\",\"width\":96,\"height\":96,\"caption\":\"administrador\"}},{\"@type\":\"WebPage\",\"@id\":\"https:\\\/\\\/newsinfoco.com.br\\\/inicio\\\/na-tribuna-popular-apae-denuncia-bloqueio-judicial-das-contas-e-mobiliza-campanha-pela-continuidade-dos-atendimentos\\\/#webpage\",\"url\":\"https:\\\/\\\/newsinfoco.com.br\\\/inicio\\\/na-tribuna-popular-apae-denuncia-bloqueio-judicial-das-contas-e-mobiliza-campanha-pela-continuidade-dos-atendimentos\\\/\",\"name\":\"Na Tribuna Popular, APAE denuncia bloqueio judicial das contas e mobiliza campanha pela continuidade dos atendimentos - News In Foco - Editado por Caio Pimenta\",\"description\":\"A Tribuna Popular da sess\\u00e3o desta quinta-feira (07) foi marcada pela fala emocionada de Maria de Lourdes, professora e volunt\\u00e1ria da Associa\\u00e7\\u00e3o de Pais e Amigos dos Excepcionais (APAE) de Alagoinhas. Representando tamb\\u00e9m m\\u00e3es de pessoas com defici\\u00eancia, revelou a grave crise financeira enfrentada pela institui\\u00e7\\u00e3o ap\\u00f3s o bloqueio judicial das contas, ocorrido no fim\",\"inLanguage\":\"pt-BR\",\"isPartOf\":{\"@id\":\"https:\\\/\\\/newsinfoco.com.br\\\/inicio\\\/#website\"},\"breadcrumb\":{\"@id\":\"https:\\\/\\\/newsinfoco.com.br\\\/inicio\\\/na-tribuna-popular-apae-denuncia-bloqueio-judicial-das-contas-e-mobiliza-campanha-pela-continuidade-dos-atendimentos\\\/#breadcrumblist\"},\"author\":{\"@id\":\"https:\\\/\\\/newsinfoco.com.br\\\/inicio\\\/author\\\/administrador\\\/#author\"},\"creator\":{\"@id\":\"https:\\\/\\\/newsinfoco.com.br\\\/inicio\\\/author\\\/administrador\\\/#author\"},\"image\":{\"@type\":\"ImageObject\",\"url\":\"https:\\\/\\\/newsinfoco.com.br\\\/inicio\\\/wp-content\\\/uploads\\\/2025\\\/08\\\/dd8f2824-3f56-4a7e-9717-0d02a971ab45-1-2048x1152-1.jpg\",\"@id\":\"https:\\\/\\\/newsinfoco.com.br\\\/inicio\\\/na-tribuna-popular-apae-denuncia-bloqueio-judicial-das-contas-e-mobiliza-campanha-pela-continuidade-dos-atendimentos\\\/#mainImage\",\"width\":2048,\"height\":1152},\"primaryImageOfPage\":{\"@id\":\"https:\\\/\\\/newsinfoco.com.br\\\/inicio\\\/na-tribuna-popular-apae-denuncia-bloqueio-judicial-das-contas-e-mobiliza-campanha-pela-continuidade-dos-atendimentos\\\/#mainImage\"},\"datePublished\":\"2025-08-08T16:47:39-03:00\",\"dateModified\":\"2025-08-08T16:47:39-03:00\"},{\"@type\":\"WebSite\",\"@id\":\"https:\\\/\\\/newsinfoco.com.br\\\/inicio\\\/#website\",\"url\":\"https:\\\/\\\/newsinfoco.com.br\\\/inicio\\\/\",\"name\":\"News In Foco - Editado por Caio Pimenta\",\"description\":\"O principal site de noticias de Alagoinhas e regi\\u00e3o\",\"inLanguage\":\"pt-BR\",\"publisher\":{\"@id\":\"https:\\\/\\\/newsinfoco.com.br\\\/inicio\\\/#organization\"}}]}\n\t\t<\/script>\n\t\t<!-- All in One SEO -->\n\n","aioseo_head_json":{"title":"Na Tribuna Popular, APAE denuncia bloqueio judicial das contas e mobiliza campanha pela continuidade dos atendimentos - News In Foco - Editado por Caio Pimenta","description":"A Tribuna Popular da sess\u00e3o desta quinta-feira (07) foi marcada pela fala emocionada de Maria de Lourdes, professora e volunt\u00e1ria da Associa\u00e7\u00e3o de Pais e Amigos dos Excepcionais (APAE) de Alagoinhas. Representando tamb\u00e9m m\u00e3es de pessoas com defici\u00eancia, revelou a grave crise financeira enfrentada pela institui\u00e7\u00e3o ap\u00f3s o bloqueio judicial das contas, ocorrido no fim","canonical_url":"https:\/\/newsinfoco.com.br\/inicio\/na-tribuna-popular-apae-denuncia-bloqueio-judicial-das-contas-e-mobiliza-campanha-pela-continuidade-dos-atendimentos\/","robots":"max-image-preview:large","keywords":"","webmasterTools":{"miscellaneous":""},"schema":{"@context":"https:\/\/schema.org","@graph":[{"@type":"BlogPosting","@id":"https:\/\/newsinfoco.com.br\/inicio\/na-tribuna-popular-apae-denuncia-bloqueio-judicial-das-contas-e-mobiliza-campanha-pela-continuidade-dos-atendimentos\/#blogposting","name":"Na Tribuna Popular, APAE denuncia bloqueio judicial das contas e mobiliza campanha pela continuidade dos atendimentos - News In Foco - Editado por Caio Pimenta","headline":"Na Tribuna Popular, APAE denuncia bloqueio judicial das contas e mobiliza campanha pela continuidade dos atendimentos","author":{"@id":"https:\/\/newsinfoco.com.br\/inicio\/author\/administrador\/#author"},"publisher":{"@id":"https:\/\/newsinfoco.com.br\/inicio\/#organization"},"image":{"@type":"ImageObject","url":"https:\/\/newsinfoco.com.br\/inicio\/wp-content\/uploads\/2025\/08\/dd8f2824-3f56-4a7e-9717-0d02a971ab45-1-2048x1152-1.jpg","width":2048,"height":1152},"datePublished":"2025-08-08T16:47:39-03:00","dateModified":"2025-08-08T16:47:39-03:00","inLanguage":"pt-BR","mainEntityOfPage":{"@id":"https:\/\/newsinfoco.com.br\/inicio\/na-tribuna-popular-apae-denuncia-bloqueio-judicial-das-contas-e-mobiliza-campanha-pela-continuidade-dos-atendimentos\/#webpage"},"isPartOf":{"@id":"https:\/\/newsinfoco.com.br\/inicio\/na-tribuna-popular-apae-denuncia-bloqueio-judicial-das-contas-e-mobiliza-campanha-pela-continuidade-dos-atendimentos\/#webpage"},"articleSection":"Alagoinhas e Regi\u00e3o, Manchete"},{"@type":"BreadcrumbList","@id":"https:\/\/newsinfoco.com.br\/inicio\/na-tribuna-popular-apae-denuncia-bloqueio-judicial-das-contas-e-mobiliza-campanha-pela-continuidade-dos-atendimentos\/#breadcrumblist","itemListElement":[{"@type":"ListItem","@id":"https:\/\/newsinfoco.com.br\/inicio#listItem","position":1,"name":"In\u00edcio","item":"https:\/\/newsinfoco.com.br\/inicio","nextItem":{"@type":"ListItem","@id":"https:\/\/newsinfoco.com.br\/inicio\/category\/alagoinhas-e-regiao\/#listItem","name":"Alagoinhas e Regi\u00e3o"}},{"@type":"ListItem","@id":"https:\/\/newsinfoco.com.br\/inicio\/category\/alagoinhas-e-regiao\/#listItem","position":2,"name":"Alagoinhas e Regi\u00e3o","item":"https:\/\/newsinfoco.com.br\/inicio\/category\/alagoinhas-e-regiao\/","nextItem":{"@type":"ListItem","@id":"https:\/\/newsinfoco.com.br\/inicio\/na-tribuna-popular-apae-denuncia-bloqueio-judicial-das-contas-e-mobiliza-campanha-pela-continuidade-dos-atendimentos\/#listItem","name":"Na Tribuna Popular, APAE denuncia bloqueio judicial das contas e mobiliza campanha pela continuidade dos atendimentos"},"previousItem":{"@type":"ListItem","@id":"https:\/\/newsinfoco.com.br\/inicio#listItem","name":"In\u00edcio"}},{"@type":"ListItem","@id":"https:\/\/newsinfoco.com.br\/inicio\/na-tribuna-popular-apae-denuncia-bloqueio-judicial-das-contas-e-mobiliza-campanha-pela-continuidade-dos-atendimentos\/#listItem","position":3,"name":"Na Tribuna Popular, APAE denuncia bloqueio judicial das contas e mobiliza campanha pela continuidade dos atendimentos","previousItem":{"@type":"ListItem","@id":"https:\/\/newsinfoco.com.br\/inicio\/category\/alagoinhas-e-regiao\/#listItem","name":"Alagoinhas e Regi\u00e3o"}}]},{"@type":"Organization","@id":"https:\/\/newsinfoco.com.br\/inicio\/#organization","name":"News In Foco - Editado por Caio Pimenta","description":"O principal site de noticias de Alagoinhas e regi\u00e3o","url":"https:\/\/newsinfoco.com.br\/inicio\/"},{"@type":"Person","@id":"https:\/\/newsinfoco.com.br\/inicio\/author\/administrador\/#author","url":"https:\/\/newsinfoco.com.br\/inicio\/author\/administrador\/","name":"administrador","image":{"@type":"ImageObject","@id":"https:\/\/newsinfoco.com.br\/inicio\/na-tribuna-popular-apae-denuncia-bloqueio-judicial-das-contas-e-mobiliza-campanha-pela-continuidade-dos-atendimentos\/#authorImage","url":"https:\/\/secure.gravatar.com\/avatar\/c17a617433de8c1dc9584bb79aab7563b46f5bb7e1728c9b17d9cc3ce6a08e49?s=96&d=mm&r=g","width":96,"height":96,"caption":"administrador"}},{"@type":"WebPage","@id":"https:\/\/newsinfoco.com.br\/inicio\/na-tribuna-popular-apae-denuncia-bloqueio-judicial-das-contas-e-mobiliza-campanha-pela-continuidade-dos-atendimentos\/#webpage","url":"https:\/\/newsinfoco.com.br\/inicio\/na-tribuna-popular-apae-denuncia-bloqueio-judicial-das-contas-e-mobiliza-campanha-pela-continuidade-dos-atendimentos\/","name":"Na Tribuna Popular, APAE denuncia bloqueio judicial das contas e mobiliza campanha pela continuidade dos atendimentos - News In Foco - Editado por Caio Pimenta","description":"A Tribuna Popular da sess\u00e3o desta quinta-feira (07) foi marcada pela fala emocionada de Maria de Lourdes, professora e volunt\u00e1ria da Associa\u00e7\u00e3o de Pais e Amigos dos Excepcionais (APAE) de Alagoinhas. Representando tamb\u00e9m m\u00e3es de pessoas com defici\u00eancia, revelou a grave crise financeira enfrentada pela institui\u00e7\u00e3o ap\u00f3s o bloqueio judicial das contas, ocorrido no fim","inLanguage":"pt-BR","isPartOf":{"@id":"https:\/\/newsinfoco.com.br\/inicio\/#website"},"breadcrumb":{"@id":"https:\/\/newsinfoco.com.br\/inicio\/na-tribuna-popular-apae-denuncia-bloqueio-judicial-das-contas-e-mobiliza-campanha-pela-continuidade-dos-atendimentos\/#breadcrumblist"},"author":{"@id":"https:\/\/newsinfoco.com.br\/inicio\/author\/administrador\/#author"},"creator":{"@id":"https:\/\/newsinfoco.com.br\/inicio\/author\/administrador\/#author"},"image":{"@type":"ImageObject","url":"https:\/\/newsinfoco.com.br\/inicio\/wp-content\/uploads\/2025\/08\/dd8f2824-3f56-4a7e-9717-0d02a971ab45-1-2048x1152-1.jpg","@id":"https:\/\/newsinfoco.com.br\/inicio\/na-tribuna-popular-apae-denuncia-bloqueio-judicial-das-contas-e-mobiliza-campanha-pela-continuidade-dos-atendimentos\/#mainImage","width":2048,"height":1152},"primaryImageOfPage":{"@id":"https:\/\/newsinfoco.com.br\/inicio\/na-tribuna-popular-apae-denuncia-bloqueio-judicial-das-contas-e-mobiliza-campanha-pela-continuidade-dos-atendimentos\/#mainImage"},"datePublished":"2025-08-08T16:47:39-03:00","dateModified":"2025-08-08T16:47:39-03:00"},{"@type":"WebSite","@id":"https:\/\/newsinfoco.com.br\/inicio\/#website","url":"https:\/\/newsinfoco.com.br\/inicio\/","name":"News In Foco - Editado por Caio Pimenta","description":"O principal site de noticias de Alagoinhas e regi\u00e3o","inLanguage":"pt-BR","publisher":{"@id":"https:\/\/newsinfoco.com.br\/inicio\/#organization"}}]},"og:locale":"pt_BR","og:site_name":"News In Foco - Editado por Caio Pimenta - O principal site de noticias de Alagoinhas e regi\u00e3o","og:type":"article","og:title":"Na Tribuna Popular, APAE denuncia bloqueio judicial das contas e mobiliza campanha pela continuidade dos atendimentos - News In Foco - Editado por Caio Pimenta","og:description":"A Tribuna Popular da sess\u00e3o desta quinta-feira (07) foi marcada pela fala emocionada de Maria de Lourdes, professora e volunt\u00e1ria da Associa\u00e7\u00e3o de Pais e Amigos dos Excepcionais (APAE) de Alagoinhas. Representando tamb\u00e9m m\u00e3es de pessoas com defici\u00eancia, revelou a grave crise financeira enfrentada pela institui\u00e7\u00e3o ap\u00f3s o bloqueio judicial das contas, ocorrido no fim","og:url":"https:\/\/newsinfoco.com.br\/inicio\/na-tribuna-popular-apae-denuncia-bloqueio-judicial-das-contas-e-mobiliza-campanha-pela-continuidade-dos-atendimentos\/","article:published_time":"2025-08-08T19:47:39+00:00","article:modified_time":"2025-08-08T19:47:39+00:00","twitter:card":"summary_large_image","twitter:title":"Na Tribuna Popular, APAE denuncia bloqueio judicial das contas e mobiliza campanha pela continuidade dos atendimentos - News In Foco - Editado por Caio Pimenta","twitter:description":"A Tribuna Popular da sess\u00e3o desta quinta-feira (07) foi marcada pela fala emocionada de Maria de Lourdes, professora e volunt\u00e1ria da Associa\u00e7\u00e3o de Pais e Amigos dos Excepcionais (APAE) de Alagoinhas. Representando tamb\u00e9m m\u00e3es de pessoas com defici\u00eancia, revelou a grave crise financeira enfrentada pela institui\u00e7\u00e3o ap\u00f3s o bloqueio judicial das contas, ocorrido no fim"},"aioseo_meta_data":{"post_id":"44079","title":null,"description":null,"keywords":null,"keyphrases":{"focus":{"keyphrase":"","score":0,"analysis":{"keyphraseInTitle":{"score":0,"maxScore":9,"error":1}}},"additional":[]},"primary_term":null,"canonical_url":null,"og_title":null,"og_description":null,"og_object_type":"default","og_image_type":"default","og_image_url":null,"og_image_width":null,"og_image_height":null,"og_image_custom_url":null,"og_image_custom_fields":null,"og_video":"","og_custom_url":null,"og_article_section":null,"og_article_tags":null,"twitter_use_og":false,"twitter_card":"default","twitter_image_type":"default","twitter_image_url":null,"twitter_image_custom_url":null,"twitter_image_custom_fields":null,"twitter_title":null,"twitter_description":null,"schema":{"blockGraphs":[],"customGraphs":[],"default":{"data":{"Article":[],"Course":[],"Dataset":[],"FAQPage":[],"Movie":[],"Person":[],"Product":[],"ProductReview":[],"Car":[],"Recipe":[],"Service":[],"SoftwareApplication":[],"WebPage":[]},"graphName":"BlogPosting","isEnabled":true},"graphs":[]},"schema_type":"default","schema_type_options":null,"pillar_content":false,"robots_default":true,"robots_noindex":false,"robots_noarchive":false,"robots_nosnippet":false,"robots_nofollow":false,"robots_noimageindex":false,"robots_noodp":false,"robots_notranslate":false,"robots_max_snippet":"-1","robots_max_videopreview":"-1","robots_max_imagepreview":"large","priority":null,"frequency":"default","local_seo":null,"breadcrumb_settings":null,"limit_modified_date":false,"ai":{"faqs":[],"keyPoints":[],"titles":[],"descriptions":[],"socialPosts":{"email":[],"linkedin":[],"twitter":[],"facebook":[],"instagram":[]}},"created":"2025-08-08 19:47:39","updated":"2025-08-08 19:58:26","seo_analyzer_scan_date":null},"aioseo_breadcrumb":"<div class=\"aioseo-breadcrumbs\"><span class=\"aioseo-breadcrumb\">\n\t\t\t<a href=\"https:\/\/newsinfoco.com.br\/inicio\" title=\"In\u00edcio\">In\u00edcio<\/a>\n\t\t<\/span><span class=\"aioseo-breadcrumb-separator\">&raquo;<\/span><span class=\"aioseo-breadcrumb\">\n\t\t\t<a href=\"https:\/\/newsinfoco.com.br\/inicio\/category\/alagoinhas-e-regiao\/\" title=\"Alagoinhas e Regi\u00e3o\">Alagoinhas e Regi\u00e3o<\/a>\n\t\t<\/span><span class=\"aioseo-breadcrumb-separator\">&raquo;<\/span><span class=\"aioseo-breadcrumb\">\n\t\t\tNa Tribuna Popular, APAE denuncia bloqueio judicial das contas e mobiliza campanha pela continuidade dos atendimentos\n\t\t<\/span><\/div>","aioseo_breadcrumb_json":[{"label":"In\u00edcio","link":"https:\/\/newsinfoco.com.br\/inicio"},{"label":"Alagoinhas e Regi\u00e3o","link":"https:\/\/newsinfoco.com.br\/inicio\/category\/alagoinhas-e-regiao\/"},{"label":"Na Tribuna Popular, APAE denuncia bloqueio judicial das contas e mobiliza campanha pela continuidade dos atendimentos","link":"https:\/\/newsinfoco.com.br\/inicio\/na-tribuna-popular-apae-denuncia-bloqueio-judicial-das-contas-e-mobiliza-campanha-pela-continuidade-dos-atendimentos\/"}],"_links":{"self":[{"href":"https:\/\/newsinfoco.com.br\/inicio\/wp-json\/wp\/v2\/posts\/44079","targetHints":{"allow":["GET"]}}],"collection":[{"href":"https:\/\/newsinfoco.com.br\/inicio\/wp-json\/wp\/v2\/posts"}],"about":[{"href":"https:\/\/newsinfoco.com.br\/inicio\/wp-json\/wp\/v2\/types\/post"}],"author":[{"embeddable":true,"href":"https:\/\/newsinfoco.com.br\/inicio\/wp-json\/wp\/v2\/users\/1"}],"replies":[{"embeddable":true,"href":"https:\/\/newsinfoco.com.br\/inicio\/wp-json\/wp\/v2\/comments?post=44079"}],"version-history":[{"count":1,"href":"https:\/\/newsinfoco.com.br\/inicio\/wp-json\/wp\/v2\/posts\/44079\/revisions"}],"predecessor-version":[{"id":44081,"href":"https:\/\/newsinfoco.com.br\/inicio\/wp-json\/wp\/v2\/posts\/44079\/revisions\/44081"}],"wp:featuredmedia":[{"embeddable":true,"href":"https:\/\/newsinfoco.com.br\/inicio\/wp-json\/wp\/v2\/media\/44080"}],"wp:attachment":[{"href":"https:\/\/newsinfoco.com.br\/inicio\/wp-json\/wp\/v2\/media?parent=44079"}],"wp:term":[{"taxonomy":"category","embeddable":true,"href":"https:\/\/newsinfoco.com.br\/inicio\/wp-json\/wp\/v2\/categories?post=44079"},{"taxonomy":"post_tag","embeddable":true,"href":"https:\/\/newsinfoco.com.br\/inicio\/wp-json\/wp\/v2\/tags?post=44079"}],"curies":[{"name":"wp","href":"https:\/\/api.w.org\/{rel}","templated":true}]}}