{"id":44099,"date":"2025-08-11T14:16:02","date_gmt":"2025-08-11T17:16:02","guid":{"rendered":"https:\/\/newsinfoco.com.br\/inicio\/?p=44099"},"modified":"2025-08-11T14:16:02","modified_gmt":"2025-08-11T17:16:02","slug":"julho-das-pretas-celebrou-a-ancestralidade-da-mulher-negra","status":"publish","type":"post","link":"https:\/\/newsinfoco.com.br\/inicio\/julho-das-pretas-celebrou-a-ancestralidade-da-mulher-negra\/","title":{"rendered":"Julho das Pretas celebrou a ancestralidade da mulher negra"},"content":{"rendered":"<p>Um m\u00eas que trouxe \u00e0 tona o protagonismo das mulheres pretas, lembrando a for\u00e7a das hero\u00ednas, difundindo informa\u00e7\u00f5es que podem salvar vidas, conquistando novos espa\u00e7os de poder. Tudo isso aco<\/p>\n<p>Um m\u00eas que trouxe \u00e0 tona o protagonismo das mulheres pretas, lembrando a for\u00e7a das hero\u00ednas, difundindo informa\u00e7\u00f5es que podem salvar vidas, conquistando novos espa\u00e7os de poder. Tudo isso aconteceu no Julho das Pretas com a celebra\u00e7\u00e3o oficial de encerramento nesta sexta-feira, 08, na Creche Municipal da Baixa da Candeia.<\/p>\n<p>Com exposi\u00e7\u00e3o e desfile, a 2\u00aa edi\u00e7\u00e3o do Julho das Pretas na unidade escolar contou com a participa\u00e7\u00e3o das crian\u00e7as do Grupo 1 ao 5 com penteados afros e roupas com estampas, al\u00e9m da presen\u00e7a de familiares e corpo docente. Houve apresenta\u00e7\u00e3o de capoeira, exposi\u00e7\u00e3o de fotos com tem\u00e1tica africana e com mulheres pretas.<\/p>\n<p>A diretora interina da Creche, Zuleide Paz ,vibrou com o sucesso da campanha. \u201cEstou muito feliz com a exposi\u00e7\u00e3o em que as crian\u00e7as j\u00e1 come\u00e7am a entender a import\u00e2ncia e valorizar quem s\u00e3o porque, quando a gente se reconhece, a gente entende que cada um \u00e9 importante\u201d, explicou.<\/p>\n<p>Para Iranildes Barreto, coordenadora pedag\u00f3gica da Creche Municipal, esse momento de culmin\u00e2ncia \u00e9 de suma import\u00e2ncia para a forma\u00e7\u00e3o das crian\u00e7as. \u201cAqui s\u00e3o v\u00e1rias a\u00e7\u00f5es desenvolvidas, todas voltadas para a educa\u00e7\u00e3o antirracista, estruturando o curr\u00edculo educacional. Isso, de fato, visa a garantir uma educa\u00e7\u00e3o de qualidade, considerando essa inclus\u00e3o. Ent\u00e3o, fazemos esse processo pensando em dar continuidade ao trabalho de empoderamento, porque n\u00e3o chegamos aqui primeiro. E esses saberes s\u00e3o potencializados nas experi\u00eancias com essas crian\u00e7as, j\u00e1 que o curr\u00edculo da educa\u00e7\u00e3o infantil \u00e9 sustentado a partir de experi\u00eancias significativas\u201d, concluiu.<\/p>\n<p>Durante o m\u00eas de julho, foram realizadas diversas atividades com encontro com integrantes do Centro de Conviv\u00eancia da Pessoa Idosa (CCPI) e participantes dos Centros de Refer\u00eancia de Assist\u00eancia Social (Cras) de Boa Uni\u00e3o, Nova Bras\u00edlia, Pra\u00e7a do C\u00e9u e Mangal\u00f4 para, juntas, participarem da campanha \u201cPretagonistas\u201d, palestras, m\u00fasicas, apresenta\u00e7\u00f5es art\u00edsticas sobre empoderamento. Tamb\u00e9m foi lan\u00e7ada a revista Territ\u00f3rio Criativo, fruto de atividade pedag\u00f3gica da Escola Municipal Alagoinhas IV.<\/p>\n<p>nteceu no Julho das Pretas com a celebra\u00e7\u00e3o oficial de encerramento nesta sexta-feira, 08, na Creche Municipal da Baixa da Candeia.<\/p>\n<p>Com exposi\u00e7\u00e3o e desfile, a 2\u00aa edi\u00e7\u00e3o do Julho das Pretas na unidade escolar contou com a participa\u00e7\u00e3o das crian\u00e7as do Grupo 1 ao 5 com penteados afros e roupas com estampas, al\u00e9m da presen\u00e7a de familiares e corpo docente. Houve apresenta\u00e7\u00e3o de capoeira, exposi\u00e7\u00e3o de fotos com tem\u00e1tica africana e com mulheres pretas.<\/p>\n<p>A diretora interina da Creche, Zuleide Paz ,vibrou com o sucesso da campanha. \u201cEstou muito feliz com a exposi\u00e7\u00e3o em que as crian\u00e7as j\u00e1 come\u00e7am a entender a import\u00e2ncia e valorizar quem s\u00e3o porque, quando a gente se reconhece, a gente entende que cada um \u00e9 importante\u201d, explicou.<\/p>\n<p>Para Iranildes Barreto, coordenadora pedag\u00f3gica da Creche Municipal, esse momento de culmin\u00e2ncia \u00e9 de suma import\u00e2ncia para a forma\u00e7\u00e3o das crian\u00e7as. \u201cAqui s\u00e3o v\u00e1rias a\u00e7\u00f5es desenvolvidas, todas voltadas para a educa\u00e7\u00e3o antirracista, estruturando o curr\u00edculo educacional. Isso, de fato, visa a garantir uma educa\u00e7\u00e3o de qualidade, considerando essa inclus\u00e3o. Ent\u00e3o, fazemos esse processo pensando em dar continuidade ao trabalho de empoderamento, porque n\u00e3o chegamos aqui primeiro. E esses saberes s\u00e3o potencializados nas experi\u00eancias com essas crian\u00e7as, j\u00e1 que o curr\u00edculo da educa\u00e7\u00e3o infantil \u00e9 sustentado a partir de experi\u00eancias significativas\u201d, concluiu.<\/p>\n<p>Durante o m\u00eas de julho, foram realizadas diversas atividades com encontro com integrantes do Centro de Conviv\u00eancia da Pessoa Idosa (CCPI) e participantes dos Centros de Refer\u00eancia de Assist\u00eancia Social (Cras) de Boa Uni\u00e3o, Nova Bras\u00edlia, Pra\u00e7a do C\u00e9u e Mangal\u00f4 para, juntas, participarem da campanha \u201cPretagonistas\u201d, palestras, m\u00fasicas, apresenta\u00e7\u00f5es art\u00edsticas sobre empoderamento. Tamb\u00e9m foi lan\u00e7ada a revista Territ\u00f3rio Criativo, fruto de atividade pedag\u00f3gica da Escola Municipal Alagoinhas IV.<\/p>\n<p>Foto: Roberto Fonseca<\/p>\n<div class='share-to-whatsapp-wrapper'><div class='share-on-whsp'>Share on: <\/div><a data-text='Julho das Pretas celebrou a ancestralidade da mulher negra' data-link='https:\/\/newsinfoco.com.br\/inicio\/julho-das-pretas-celebrou-a-ancestralidade-da-mulher-negra\/' class='whatsapp-button whatsapp-share'>WhatsApp<\/a><div class='clear '><\/div><\/div>","protected":false},"excerpt":{"rendered":"<p>Um m\u00eas que trouxe \u00e0 tona o protagonismo das mulheres pretas, lembrando a for\u00e7a das hero\u00ednas, difundindo informa\u00e7\u00f5es que podem salvar vidas, conquistando novos espa\u00e7os de poder. Tudo isso aco Um m\u00eas que trouxe \u00e0 tona o protagonismo das mulheres pretas, lembrando a for\u00e7a das hero\u00ednas, difundindo informa\u00e7\u00f5es que podem salvar vidas, conquistando novos espa\u00e7os [&hellip;]<\/p>\n","protected":false},"author":1,"featured_media":44100,"comment_status":"closed","ping_status":"closed","sticky":false,"template":"","format":"standard","meta":{"om_disable_all_campaigns":false,"rop_custom_images_group":[],"rop_custom_messages_group":[],"rop_publish_now":"initial","rop_publish_now_accounts":[],"rop_publish_now_history":[],"rop_publish_now_status":"pending","_exactmetrics_skip_tracking":false,"footnotes":""},"categories":[38,167],"tags":[],"class_list":["post-44099","post","type-post","status-publish","format-standard","has-post-thumbnail","hentry","category-alagoinhas-e-regiao","category-exclusivas"],"aioseo_notices":[],"aioseo_head":"\n\t\t<!-- All in One SEO 4.9.10 - aioseo.com -->\n\t<meta name=\"description\" content=\"Um m\u00eas que trouxe \u00e0 tona o protagonismo das mulheres pretas, lembrando a for\u00e7a das hero\u00ednas, difundindo informa\u00e7\u00f5es que podem salvar vidas, conquistando novos espa\u00e7os de poder. Tudo isso aco Um m\u00eas que trouxe \u00e0 tona o protagonismo das mulheres pretas, lembrando a for\u00e7a das hero\u00ednas, difundindo informa\u00e7\u00f5es que podem salvar vidas, conquistando novos espa\u00e7os\" \/>\n\t<meta name=\"robots\" content=\"max-image-preview:large\" \/>\n\t<meta name=\"author\" content=\"administrador\"\/>\n\t<link rel=\"canonical\" href=\"https:\/\/newsinfoco.com.br\/inicio\/julho-das-pretas-celebrou-a-ancestralidade-da-mulher-negra\/\" \/>\n\t<meta name=\"generator\" content=\"All in One SEO (AIOSEO) 4.9.10\" \/>\n\t\t<meta property=\"og:locale\" content=\"pt_BR\" \/>\n\t\t<meta property=\"og:site_name\" content=\"News In Foco - Editado por Caio Pimenta - O principal site de noticias de Alagoinhas e regi\u00e3o\" \/>\n\t\t<meta property=\"og:type\" content=\"article\" \/>\n\t\t<meta property=\"og:title\" content=\"Julho das Pretas celebrou a ancestralidade da mulher negra - News In Foco - Editado por Caio Pimenta\" \/>\n\t\t<meta property=\"og:description\" content=\"Um m\u00eas que trouxe \u00e0 tona o protagonismo das mulheres pretas, lembrando a for\u00e7a das hero\u00ednas, difundindo informa\u00e7\u00f5es que podem salvar vidas, conquistando novos espa\u00e7os de poder. Tudo isso aco Um m\u00eas que trouxe \u00e0 tona o protagonismo das mulheres pretas, lembrando a for\u00e7a das hero\u00ednas, difundindo informa\u00e7\u00f5es que podem salvar vidas, conquistando novos espa\u00e7os\" \/>\n\t\t<meta property=\"og:url\" content=\"https:\/\/newsinfoco.com.br\/inicio\/julho-das-pretas-celebrou-a-ancestralidade-da-mulher-negra\/\" \/>\n\t\t<meta property=\"article:published_time\" content=\"2025-08-11T17:16:02+00:00\" \/>\n\t\t<meta property=\"article:modified_time\" content=\"2025-08-11T17:16:02+00:00\" \/>\n\t\t<meta name=\"twitter:card\" content=\"summary_large_image\" \/>\n\t\t<meta name=\"twitter:title\" content=\"Julho das Pretas celebrou a ancestralidade da mulher negra - News In Foco - Editado por Caio Pimenta\" \/>\n\t\t<meta name=\"twitter:description\" content=\"Um m\u00eas que trouxe \u00e0 tona o protagonismo das mulheres pretas, lembrando a for\u00e7a das hero\u00ednas, difundindo informa\u00e7\u00f5es que podem salvar vidas, conquistando novos espa\u00e7os de poder. Tudo isso aco Um m\u00eas que trouxe \u00e0 tona o protagonismo das mulheres pretas, lembrando a for\u00e7a das hero\u00ednas, difundindo informa\u00e7\u00f5es que podem salvar vidas, conquistando novos espa\u00e7os\" \/>\n\t\t<script type=\"application\/ld+json\" class=\"aioseo-schema\">\n\t\t\t{\"@context\":\"https:\\\/\\\/schema.org\",\"@graph\":[{\"@type\":\"BlogPosting\",\"@id\":\"https:\\\/\\\/newsinfoco.com.br\\\/inicio\\\/julho-das-pretas-celebrou-a-ancestralidade-da-mulher-negra\\\/#blogposting\",\"name\":\"Julho das Pretas celebrou a ancestralidade da mulher negra - News In Foco - Editado por Caio Pimenta\",\"headline\":\"Julho das Pretas celebrou a ancestralidade da mulher negra\",\"author\":{\"@id\":\"https:\\\/\\\/newsinfoco.com.br\\\/inicio\\\/author\\\/administrador\\\/#author\"},\"publisher\":{\"@id\":\"https:\\\/\\\/newsinfoco.com.br\\\/inicio\\\/#organization\"},\"image\":{\"@type\":\"ImageObject\",\"url\":\"https:\\\/\\\/newsinfoco.com.br\\\/inicio\\\/wp-content\\\/uploads\\\/2025\\\/08\\\/6b47d71a-05a4-4d00-9838-0913adab298f.jpg\",\"width\":1600,\"height\":1066},\"datePublished\":\"2025-08-11T14:16:02-03:00\",\"dateModified\":\"2025-08-11T14:16:02-03:00\",\"inLanguage\":\"pt-BR\",\"mainEntityOfPage\":{\"@id\":\"https:\\\/\\\/newsinfoco.com.br\\\/inicio\\\/julho-das-pretas-celebrou-a-ancestralidade-da-mulher-negra\\\/#webpage\"},\"isPartOf\":{\"@id\":\"https:\\\/\\\/newsinfoco.com.br\\\/inicio\\\/julho-das-pretas-celebrou-a-ancestralidade-da-mulher-negra\\\/#webpage\"},\"articleSection\":\"Alagoinhas e Regi\\u00e3o, Manchete\"},{\"@type\":\"BreadcrumbList\",\"@id\":\"https:\\\/\\\/newsinfoco.com.br\\\/inicio\\\/julho-das-pretas-celebrou-a-ancestralidade-da-mulher-negra\\\/#breadcrumblist\",\"itemListElement\":[{\"@type\":\"ListItem\",\"@id\":\"https:\\\/\\\/newsinfoco.com.br\\\/inicio#listItem\",\"position\":1,\"name\":\"In\\u00edcio\",\"item\":\"https:\\\/\\\/newsinfoco.com.br\\\/inicio\",\"nextItem\":{\"@type\":\"ListItem\",\"@id\":\"https:\\\/\\\/newsinfoco.com.br\\\/inicio\\\/category\\\/alagoinhas-e-regiao\\\/#listItem\",\"name\":\"Alagoinhas e Regi\\u00e3o\"}},{\"@type\":\"ListItem\",\"@id\":\"https:\\\/\\\/newsinfoco.com.br\\\/inicio\\\/category\\\/alagoinhas-e-regiao\\\/#listItem\",\"position\":2,\"name\":\"Alagoinhas e Regi\\u00e3o\",\"item\":\"https:\\\/\\\/newsinfoco.com.br\\\/inicio\\\/category\\\/alagoinhas-e-regiao\\\/\",\"nextItem\":{\"@type\":\"ListItem\",\"@id\":\"https:\\\/\\\/newsinfoco.com.br\\\/inicio\\\/julho-das-pretas-celebrou-a-ancestralidade-da-mulher-negra\\\/#listItem\",\"name\":\"Julho das Pretas celebrou a ancestralidade da mulher negra\"},\"previousItem\":{\"@type\":\"ListItem\",\"@id\":\"https:\\\/\\\/newsinfoco.com.br\\\/inicio#listItem\",\"name\":\"In\\u00edcio\"}},{\"@type\":\"ListItem\",\"@id\":\"https:\\\/\\\/newsinfoco.com.br\\\/inicio\\\/julho-das-pretas-celebrou-a-ancestralidade-da-mulher-negra\\\/#listItem\",\"position\":3,\"name\":\"Julho das Pretas celebrou a ancestralidade da mulher negra\",\"previousItem\":{\"@type\":\"ListItem\",\"@id\":\"https:\\\/\\\/newsinfoco.com.br\\\/inicio\\\/category\\\/alagoinhas-e-regiao\\\/#listItem\",\"name\":\"Alagoinhas e Regi\\u00e3o\"}}]},{\"@type\":\"Organization\",\"@id\":\"https:\\\/\\\/newsinfoco.com.br\\\/inicio\\\/#organization\",\"name\":\"News In Foco - Editado por Caio Pimenta\",\"description\":\"O principal site de noticias de Alagoinhas e regi\\u00e3o\",\"url\":\"https:\\\/\\\/newsinfoco.com.br\\\/inicio\\\/\"},{\"@type\":\"Person\",\"@id\":\"https:\\\/\\\/newsinfoco.com.br\\\/inicio\\\/author\\\/administrador\\\/#author\",\"url\":\"https:\\\/\\\/newsinfoco.com.br\\\/inicio\\\/author\\\/administrador\\\/\",\"name\":\"administrador\",\"image\":{\"@type\":\"ImageObject\",\"@id\":\"https:\\\/\\\/newsinfoco.com.br\\\/inicio\\\/julho-das-pretas-celebrou-a-ancestralidade-da-mulher-negra\\\/#authorImage\",\"url\":\"https:\\\/\\\/secure.gravatar.com\\\/avatar\\\/c17a617433de8c1dc9584bb79aab7563b46f5bb7e1728c9b17d9cc3ce6a08e49?s=96&d=mm&r=g\",\"width\":96,\"height\":96,\"caption\":\"administrador\"}},{\"@type\":\"WebPage\",\"@id\":\"https:\\\/\\\/newsinfoco.com.br\\\/inicio\\\/julho-das-pretas-celebrou-a-ancestralidade-da-mulher-negra\\\/#webpage\",\"url\":\"https:\\\/\\\/newsinfoco.com.br\\\/inicio\\\/julho-das-pretas-celebrou-a-ancestralidade-da-mulher-negra\\\/\",\"name\":\"Julho das Pretas celebrou a ancestralidade da mulher negra - News In Foco - Editado por Caio Pimenta\",\"description\":\"Um m\\u00eas que trouxe \\u00e0 tona o protagonismo das mulheres pretas, lembrando a for\\u00e7a das hero\\u00ednas, difundindo informa\\u00e7\\u00f5es que podem salvar vidas, conquistando novos espa\\u00e7os de poder. Tudo isso aco Um m\\u00eas que trouxe \\u00e0 tona o protagonismo das mulheres pretas, lembrando a for\\u00e7a das hero\\u00ednas, difundindo informa\\u00e7\\u00f5es que podem salvar vidas, conquistando novos espa\\u00e7os\",\"inLanguage\":\"pt-BR\",\"isPartOf\":{\"@id\":\"https:\\\/\\\/newsinfoco.com.br\\\/inicio\\\/#website\"},\"breadcrumb\":{\"@id\":\"https:\\\/\\\/newsinfoco.com.br\\\/inicio\\\/julho-das-pretas-celebrou-a-ancestralidade-da-mulher-negra\\\/#breadcrumblist\"},\"author\":{\"@id\":\"https:\\\/\\\/newsinfoco.com.br\\\/inicio\\\/author\\\/administrador\\\/#author\"},\"creator\":{\"@id\":\"https:\\\/\\\/newsinfoco.com.br\\\/inicio\\\/author\\\/administrador\\\/#author\"},\"image\":{\"@type\":\"ImageObject\",\"url\":\"https:\\\/\\\/newsinfoco.com.br\\\/inicio\\\/wp-content\\\/uploads\\\/2025\\\/08\\\/6b47d71a-05a4-4d00-9838-0913adab298f.jpg\",\"@id\":\"https:\\\/\\\/newsinfoco.com.br\\\/inicio\\\/julho-das-pretas-celebrou-a-ancestralidade-da-mulher-negra\\\/#mainImage\",\"width\":1600,\"height\":1066},\"primaryImageOfPage\":{\"@id\":\"https:\\\/\\\/newsinfoco.com.br\\\/inicio\\\/julho-das-pretas-celebrou-a-ancestralidade-da-mulher-negra\\\/#mainImage\"},\"datePublished\":\"2025-08-11T14:16:02-03:00\",\"dateModified\":\"2025-08-11T14:16:02-03:00\"},{\"@type\":\"WebSite\",\"@id\":\"https:\\\/\\\/newsinfoco.com.br\\\/inicio\\\/#website\",\"url\":\"https:\\\/\\\/newsinfoco.com.br\\\/inicio\\\/\",\"name\":\"News In Foco - Editado por Caio Pimenta\",\"description\":\"O principal site de noticias de Alagoinhas e regi\\u00e3o\",\"inLanguage\":\"pt-BR\",\"publisher\":{\"@id\":\"https:\\\/\\\/newsinfoco.com.br\\\/inicio\\\/#organization\"}}]}\n\t\t<\/script>\n\t\t<!-- All in One SEO -->\n\n","aioseo_head_json":{"title":"Julho das Pretas celebrou a ancestralidade da mulher negra - News In Foco - Editado por Caio Pimenta","description":"Um m\u00eas que trouxe \u00e0 tona o protagonismo das mulheres pretas, lembrando a for\u00e7a das hero\u00ednas, difundindo informa\u00e7\u00f5es que podem salvar vidas, conquistando novos espa\u00e7os de poder. Tudo isso aco Um m\u00eas que trouxe \u00e0 tona o protagonismo das mulheres pretas, lembrando a for\u00e7a das hero\u00ednas, difundindo informa\u00e7\u00f5es que podem salvar vidas, conquistando novos espa\u00e7os","canonical_url":"https:\/\/newsinfoco.com.br\/inicio\/julho-das-pretas-celebrou-a-ancestralidade-da-mulher-negra\/","robots":"max-image-preview:large","keywords":"","webmasterTools":{"miscellaneous":""},"schema":{"@context":"https:\/\/schema.org","@graph":[{"@type":"BlogPosting","@id":"https:\/\/newsinfoco.com.br\/inicio\/julho-das-pretas-celebrou-a-ancestralidade-da-mulher-negra\/#blogposting","name":"Julho das Pretas celebrou a ancestralidade da mulher negra - News In Foco - Editado por Caio Pimenta","headline":"Julho das Pretas celebrou a ancestralidade da mulher negra","author":{"@id":"https:\/\/newsinfoco.com.br\/inicio\/author\/administrador\/#author"},"publisher":{"@id":"https:\/\/newsinfoco.com.br\/inicio\/#organization"},"image":{"@type":"ImageObject","url":"https:\/\/newsinfoco.com.br\/inicio\/wp-content\/uploads\/2025\/08\/6b47d71a-05a4-4d00-9838-0913adab298f.jpg","width":1600,"height":1066},"datePublished":"2025-08-11T14:16:02-03:00","dateModified":"2025-08-11T14:16:02-03:00","inLanguage":"pt-BR","mainEntityOfPage":{"@id":"https:\/\/newsinfoco.com.br\/inicio\/julho-das-pretas-celebrou-a-ancestralidade-da-mulher-negra\/#webpage"},"isPartOf":{"@id":"https:\/\/newsinfoco.com.br\/inicio\/julho-das-pretas-celebrou-a-ancestralidade-da-mulher-negra\/#webpage"},"articleSection":"Alagoinhas e Regi\u00e3o, Manchete"},{"@type":"BreadcrumbList","@id":"https:\/\/newsinfoco.com.br\/inicio\/julho-das-pretas-celebrou-a-ancestralidade-da-mulher-negra\/#breadcrumblist","itemListElement":[{"@type":"ListItem","@id":"https:\/\/newsinfoco.com.br\/inicio#listItem","position":1,"name":"In\u00edcio","item":"https:\/\/newsinfoco.com.br\/inicio","nextItem":{"@type":"ListItem","@id":"https:\/\/newsinfoco.com.br\/inicio\/category\/alagoinhas-e-regiao\/#listItem","name":"Alagoinhas e Regi\u00e3o"}},{"@type":"ListItem","@id":"https:\/\/newsinfoco.com.br\/inicio\/category\/alagoinhas-e-regiao\/#listItem","position":2,"name":"Alagoinhas e Regi\u00e3o","item":"https:\/\/newsinfoco.com.br\/inicio\/category\/alagoinhas-e-regiao\/","nextItem":{"@type":"ListItem","@id":"https:\/\/newsinfoco.com.br\/inicio\/julho-das-pretas-celebrou-a-ancestralidade-da-mulher-negra\/#listItem","name":"Julho das Pretas celebrou a ancestralidade da mulher negra"},"previousItem":{"@type":"ListItem","@id":"https:\/\/newsinfoco.com.br\/inicio#listItem","name":"In\u00edcio"}},{"@type":"ListItem","@id":"https:\/\/newsinfoco.com.br\/inicio\/julho-das-pretas-celebrou-a-ancestralidade-da-mulher-negra\/#listItem","position":3,"name":"Julho das Pretas celebrou a ancestralidade da mulher negra","previousItem":{"@type":"ListItem","@id":"https:\/\/newsinfoco.com.br\/inicio\/category\/alagoinhas-e-regiao\/#listItem","name":"Alagoinhas e Regi\u00e3o"}}]},{"@type":"Organization","@id":"https:\/\/newsinfoco.com.br\/inicio\/#organization","name":"News In Foco - Editado por Caio Pimenta","description":"O principal site de noticias de Alagoinhas e regi\u00e3o","url":"https:\/\/newsinfoco.com.br\/inicio\/"},{"@type":"Person","@id":"https:\/\/newsinfoco.com.br\/inicio\/author\/administrador\/#author","url":"https:\/\/newsinfoco.com.br\/inicio\/author\/administrador\/","name":"administrador","image":{"@type":"ImageObject","@id":"https:\/\/newsinfoco.com.br\/inicio\/julho-das-pretas-celebrou-a-ancestralidade-da-mulher-negra\/#authorImage","url":"https:\/\/secure.gravatar.com\/avatar\/c17a617433de8c1dc9584bb79aab7563b46f5bb7e1728c9b17d9cc3ce6a08e49?s=96&d=mm&r=g","width":96,"height":96,"caption":"administrador"}},{"@type":"WebPage","@id":"https:\/\/newsinfoco.com.br\/inicio\/julho-das-pretas-celebrou-a-ancestralidade-da-mulher-negra\/#webpage","url":"https:\/\/newsinfoco.com.br\/inicio\/julho-das-pretas-celebrou-a-ancestralidade-da-mulher-negra\/","name":"Julho das Pretas celebrou a ancestralidade da mulher negra - News In Foco - Editado por Caio Pimenta","description":"Um m\u00eas que trouxe \u00e0 tona o protagonismo das mulheres pretas, lembrando a for\u00e7a das hero\u00ednas, difundindo informa\u00e7\u00f5es que podem salvar vidas, conquistando novos espa\u00e7os de poder. Tudo isso aco Um m\u00eas que trouxe \u00e0 tona o protagonismo das mulheres pretas, lembrando a for\u00e7a das hero\u00ednas, difundindo informa\u00e7\u00f5es que podem salvar vidas, conquistando novos espa\u00e7os","inLanguage":"pt-BR","isPartOf":{"@id":"https:\/\/newsinfoco.com.br\/inicio\/#website"},"breadcrumb":{"@id":"https:\/\/newsinfoco.com.br\/inicio\/julho-das-pretas-celebrou-a-ancestralidade-da-mulher-negra\/#breadcrumblist"},"author":{"@id":"https:\/\/newsinfoco.com.br\/inicio\/author\/administrador\/#author"},"creator":{"@id":"https:\/\/newsinfoco.com.br\/inicio\/author\/administrador\/#author"},"image":{"@type":"ImageObject","url":"https:\/\/newsinfoco.com.br\/inicio\/wp-content\/uploads\/2025\/08\/6b47d71a-05a4-4d00-9838-0913adab298f.jpg","@id":"https:\/\/newsinfoco.com.br\/inicio\/julho-das-pretas-celebrou-a-ancestralidade-da-mulher-negra\/#mainImage","width":1600,"height":1066},"primaryImageOfPage":{"@id":"https:\/\/newsinfoco.com.br\/inicio\/julho-das-pretas-celebrou-a-ancestralidade-da-mulher-negra\/#mainImage"},"datePublished":"2025-08-11T14:16:02-03:00","dateModified":"2025-08-11T14:16:02-03:00"},{"@type":"WebSite","@id":"https:\/\/newsinfoco.com.br\/inicio\/#website","url":"https:\/\/newsinfoco.com.br\/inicio\/","name":"News In Foco - Editado por Caio Pimenta","description":"O principal site de noticias de Alagoinhas e regi\u00e3o","inLanguage":"pt-BR","publisher":{"@id":"https:\/\/newsinfoco.com.br\/inicio\/#organization"}}]},"og:locale":"pt_BR","og:site_name":"News In Foco - Editado por Caio Pimenta - O principal site de noticias de Alagoinhas e regi\u00e3o","og:type":"article","og:title":"Julho das Pretas celebrou a ancestralidade da mulher negra - News In Foco - Editado por Caio Pimenta","og:description":"Um m\u00eas que trouxe \u00e0 tona o protagonismo das mulheres pretas, lembrando a for\u00e7a das hero\u00ednas, difundindo informa\u00e7\u00f5es que podem salvar vidas, conquistando novos espa\u00e7os de poder. Tudo isso aco Um m\u00eas que trouxe \u00e0 tona o protagonismo das mulheres pretas, lembrando a for\u00e7a das hero\u00ednas, difundindo informa\u00e7\u00f5es que podem salvar vidas, conquistando novos espa\u00e7os","og:url":"https:\/\/newsinfoco.com.br\/inicio\/julho-das-pretas-celebrou-a-ancestralidade-da-mulher-negra\/","article:published_time":"2025-08-11T17:16:02+00:00","article:modified_time":"2025-08-11T17:16:02+00:00","twitter:card":"summary_large_image","twitter:title":"Julho das Pretas celebrou a ancestralidade da mulher negra - News In Foco - Editado por Caio Pimenta","twitter:description":"Um m\u00eas que trouxe \u00e0 tona o protagonismo das mulheres pretas, lembrando a for\u00e7a das hero\u00ednas, difundindo informa\u00e7\u00f5es que podem salvar vidas, conquistando novos espa\u00e7os de poder. Tudo isso aco Um m\u00eas que trouxe \u00e0 tona o protagonismo das mulheres pretas, lembrando a for\u00e7a das hero\u00ednas, difundindo informa\u00e7\u00f5es que podem salvar vidas, conquistando novos espa\u00e7os"},"aioseo_meta_data":{"post_id":"44099","title":null,"description":null,"keywords":null,"keyphrases":{"focus":{"keyphrase":"","score":0,"analysis":{"keyphraseInTitle":{"score":0,"maxScore":9,"error":1}}},"additional":[]},"primary_term":null,"canonical_url":null,"og_title":null,"og_description":null,"og_object_type":"default","og_image_type":"default","og_image_url":null,"og_image_width":null,"og_image_height":null,"og_image_custom_url":null,"og_image_custom_fields":null,"og_video":"","og_custom_url":null,"og_article_section":null,"og_article_tags":null,"twitter_use_og":false,"twitter_card":"default","twitter_image_type":"default","twitter_image_url":null,"twitter_image_custom_url":null,"twitter_image_custom_fields":null,"twitter_title":null,"twitter_description":null,"schema":{"blockGraphs":[],"customGraphs":[],"default":{"data":{"Article":[],"Course":[],"Dataset":[],"FAQPage":[],"Movie":[],"Person":[],"Product":[],"ProductReview":[],"Car":[],"Recipe":[],"Service":[],"SoftwareApplication":[],"WebPage":[]},"graphName":"BlogPosting","isEnabled":true},"graphs":[]},"schema_type":"default","schema_type_options":null,"pillar_content":false,"robots_default":true,"robots_noindex":false,"robots_noarchive":false,"robots_nosnippet":false,"robots_nofollow":false,"robots_noimageindex":false,"robots_noodp":false,"robots_notranslate":false,"robots_max_snippet":"-1","robots_max_videopreview":"-1","robots_max_imagepreview":"large","priority":null,"frequency":"default","local_seo":null,"breadcrumb_settings":null,"limit_modified_date":false,"ai":{"faqs":[],"keyPoints":[],"titles":[],"descriptions":[],"socialPosts":{"email":[],"linkedin":[],"twitter":[],"facebook":[],"instagram":[]}},"created":"2025-08-11 17:16:02","updated":"2025-08-11 17:27:51","seo_analyzer_scan_date":null},"aioseo_breadcrumb":"<div class=\"aioseo-breadcrumbs\"><span class=\"aioseo-breadcrumb\">\n\t\t\t<a href=\"https:\/\/newsinfoco.com.br\/inicio\" title=\"In\u00edcio\">In\u00edcio<\/a>\n\t\t<\/span><span class=\"aioseo-breadcrumb-separator\">&raquo;<\/span><span class=\"aioseo-breadcrumb\">\n\t\t\t<a href=\"https:\/\/newsinfoco.com.br\/inicio\/category\/alagoinhas-e-regiao\/\" title=\"Alagoinhas e Regi\u00e3o\">Alagoinhas e Regi\u00e3o<\/a>\n\t\t<\/span><span class=\"aioseo-breadcrumb-separator\">&raquo;<\/span><span class=\"aioseo-breadcrumb\">\n\t\t\tJulho das Pretas celebrou a ancestralidade da mulher negra\n\t\t<\/span><\/div>","aioseo_breadcrumb_json":[{"label":"In\u00edcio","link":"https:\/\/newsinfoco.com.br\/inicio"},{"label":"Alagoinhas e Regi\u00e3o","link":"https:\/\/newsinfoco.com.br\/inicio\/category\/alagoinhas-e-regiao\/"},{"label":"Julho das Pretas celebrou a ancestralidade da mulher negra","link":"https:\/\/newsinfoco.com.br\/inicio\/julho-das-pretas-celebrou-a-ancestralidade-da-mulher-negra\/"}],"_links":{"self":[{"href":"https:\/\/newsinfoco.com.br\/inicio\/wp-json\/wp\/v2\/posts\/44099","targetHints":{"allow":["GET"]}}],"collection":[{"href":"https:\/\/newsinfoco.com.br\/inicio\/wp-json\/wp\/v2\/posts"}],"about":[{"href":"https:\/\/newsinfoco.com.br\/inicio\/wp-json\/wp\/v2\/types\/post"}],"author":[{"embeddable":true,"href":"https:\/\/newsinfoco.com.br\/inicio\/wp-json\/wp\/v2\/users\/1"}],"replies":[{"embeddable":true,"href":"https:\/\/newsinfoco.com.br\/inicio\/wp-json\/wp\/v2\/comments?post=44099"}],"version-history":[{"count":1,"href":"https:\/\/newsinfoco.com.br\/inicio\/wp-json\/wp\/v2\/posts\/44099\/revisions"}],"predecessor-version":[{"id":44101,"href":"https:\/\/newsinfoco.com.br\/inicio\/wp-json\/wp\/v2\/posts\/44099\/revisions\/44101"}],"wp:featuredmedia":[{"embeddable":true,"href":"https:\/\/newsinfoco.com.br\/inicio\/wp-json\/wp\/v2\/media\/44100"}],"wp:attachment":[{"href":"https:\/\/newsinfoco.com.br\/inicio\/wp-json\/wp\/v2\/media?parent=44099"}],"wp:term":[{"taxonomy":"category","embeddable":true,"href":"https:\/\/newsinfoco.com.br\/inicio\/wp-json\/wp\/v2\/categories?post=44099"},{"taxonomy":"post_tag","embeddable":true,"href":"https:\/\/newsinfoco.com.br\/inicio\/wp-json\/wp\/v2\/tags?post=44099"}],"curies":[{"name":"wp","href":"https:\/\/api.w.org\/{rel}","templated":true}]}}