{"id":44102,"date":"2025-08-11T14:45:37","date_gmt":"2025-08-11T17:45:37","guid":{"rendered":"https:\/\/newsinfoco.com.br\/inicio\/?p=44102"},"modified":"2025-08-11T14:45:37","modified_gmt":"2025-08-11T17:45:37","slug":"omc-confirma-queixa-formal-do-brasil-contra-os-eua-por-tarifaco-de-trump","status":"publish","type":"post","link":"https:\/\/newsinfoco.com.br\/inicio\/omc-confirma-queixa-formal-do-brasil-contra-os-eua-por-tarifaco-de-trump\/","title":{"rendered":"OMC confirma queixa formal do Brasil contra os EUA por tarifa\u00e7o de Trump"},"content":{"rendered":"<p>A Organiza\u00e7\u00e3o Mundial do Com\u00e9rcio (OMC) confirmou nesta segunda-feira (11) que o Brasil protocolou o pedido de consulta na entidade contra as medidas tarif\u00e1rias do presidente dos Estados Unidos, Donald Trump, contra o pa\u00eds.\u00a0<a href=\"https:\/\/bahia.ba\/politica\/governo-lula-aciona-omc-contra-os-eua-por-tarifaco\/\">O Minist\u00e9rio das Rela\u00e7\u00f5es Exteriores (MRE) brasileiro j\u00e1 havia anunciado a abertura da disputa na semana passada<\/a>, mas a nota da OMC diz que o documento come\u00e7ou a circular entre os membros da institui\u00e7\u00e3o apenas nesta segunda.<\/p>\n<p>No of\u00edcio, o governo brasileiro argumenta que os americanos violaram diversas disposi\u00e7\u00f5es do Acordo Geral sobre Tarifas e Com\u00e9rcio (GATT) de 1994 e do Entendimento sobre Solu\u00e7\u00e3o de Controv\u00e9rsias (DSU) com a taxa\u00e7\u00e3o. O argumento \u00e9 de que eventuais repara\u00e7\u00f5es deveriam ser buscadas por meio das regras dos tratados, n\u00e3o por tarifas.<\/p>\n<p>Segundo mat\u00e9ria do InfoMoney, os EUA impuseram a chamada \u201ctarifa rec\u00edproca\u201d de 10% aos produtos brasileiros \u2013 anunciada desde abril no \u201cLiberation Day\u201d \u2013 al\u00e9m de uma sobretaxa adicional de 40% pelo que consideraram como injusti\u00e7as no julgamento do ex-presidente da Rep\u00fablica Jair Bolsonaro.<\/p>\n<p>O Brasil afirma que Washington isentou alguns de seus parceiros comerciais do tarifa\u00e7o extra, mas n\u00e3o o pa\u00eds, o que representa uma \u201cdiscrimina\u00e7\u00e3o\u201d dos produtos nacionais. Bras\u00edlia complementa dizendo que os EUA excederam o limite permitido para que uma na\u00e7\u00e3o possa cobrar de itens estrangeiros.<\/p>\n<p>\u201cO Brasil aguarda com expectativa uma resposta dos Estados Unidos a este pedido e a fixa\u00e7\u00e3o de uma data mutuamente conveniente para a realiza\u00e7\u00e3o das consultas\u201d, conclui o documento.<\/p>\n<p>O pedido de consulta abre formalmente o per\u00edodo para que as duas partes discutam a quest\u00e3o em um prazo de at\u00e9 60 dias. Caso essas negocia\u00e7\u00f5es n\u00e3o rendam frutos, o autor da queixa pode requisitar a arbitragem de um painel.<\/p>\n<p>Bahia.Ba<\/p>\n<p>&nbsp;<\/p>\n<div>\n<div>\n<div class=\"trv-player-container\">\n<div class=\"trv-wrapper\">\n<div id=\"br_video_player_8b4aacac2d984d825b050868d33f7c9dc3c659f9\" class=\"trvd_video_player trvdinstream\">\n<div class=\"media-player\"><\/div>\n<div class=\"trv-autoskip-container\">\n<div class=\"trv-autoskip-background\">\n<div class=\"trv-autoskip-line-top\">\n<div><\/div>\n<\/div>\n<div class=\"trv-autoskip-line-right\">\n<div><\/div>\n<\/div>\n<div class=\"trv-autoskip-line-bottom\">\n<div><\/div>\n<\/div>\n<div class=\"trv-autoskip-line-left\">\n<div><\/div>\n<\/div>\n<\/div>\n<div class=\"autoskip-btn autoskip-btn-blue\"><\/div>\n<div class=\"autoskip-btn autoskip-btn-gray\"><\/div>\n<\/div>\n<div><\/div>\n<p><img decoding=\"async\" src=\"https:\/\/ads.stickyadstv.com\/auto-user-sync?_fw_gdpr=0&amp;_fw_gdpr_consent=\" \/><img decoding=\"async\" src=\"https:\/\/ads.stickyadstv.com\/user-matching?id=2545&amp;_fw_gdpr=0&amp;_fw_gdpr_consent=\" \/><\/p>\n<\/div>\n<\/div>\n<\/div>\n<\/div>\n<\/div>\n<div class='share-to-whatsapp-wrapper'><div class='share-on-whsp'>Share on: <\/div><a data-text='OMC confirma queixa formal do Brasil contra os EUA por tarifa\u00e7o de Trump' data-link='https:\/\/newsinfoco.com.br\/inicio\/omc-confirma-queixa-formal-do-brasil-contra-os-eua-por-tarifaco-de-trump\/' class='whatsapp-button whatsapp-share'>WhatsApp<\/a><div class='clear '><\/div><\/div>","protected":false},"excerpt":{"rendered":"<p>A Organiza\u00e7\u00e3o Mundial do Com\u00e9rcio (OMC) confirmou nesta segunda-feira (11) que o Brasil protocolou o pedido de consulta na entidade contra as medidas tarif\u00e1rias do presidente dos Estados Unidos, Donald Trump, contra o pa\u00eds.\u00a0O Minist\u00e9rio das Rela\u00e7\u00f5es Exteriores (MRE) brasileiro j\u00e1 havia anunciado a abertura da disputa na semana passada, mas a nota da OMC [&hellip;]<\/p>\n","protected":false},"author":1,"featured_media":44103,"comment_status":"closed","ping_status":"closed","sticky":false,"template":"","format":"standard","meta":{"om_disable_all_campaigns":false,"rop_custom_images_group":[],"rop_custom_messages_group":[],"rop_publish_now":"initial","rop_publish_now_accounts":[],"rop_publish_now_history":[],"rop_publish_now_status":"pending","_exactmetrics_skip_tracking":false,"footnotes":""},"categories":[21],"tags":[],"class_list":["post-44102","post","type-post","status-publish","format-standard","has-post-thumbnail","hentry","category-brasil"],"aioseo_notices":[],"aioseo_head":"\n\t\t<!-- All in One SEO 4.9.10 - aioseo.com -->\n\t<meta name=\"description\" content=\"A Organiza\u00e7\u00e3o Mundial do Com\u00e9rcio (OMC) confirmou nesta segunda-feira (11) que o Brasil protocolou o pedido de consulta na entidade contra as medidas tarif\u00e1rias do presidente dos Estados Unidos, Donald Trump, contra o pa\u00eds. O Minist\u00e9rio das Rela\u00e7\u00f5es Exteriores (MRE) brasileiro j\u00e1 havia anunciado a abertura da disputa na semana passada, mas a nota da OMC\" \/>\n\t<meta name=\"robots\" content=\"max-image-preview:large\" \/>\n\t<meta name=\"author\" content=\"administrador\"\/>\n\t<link rel=\"canonical\" href=\"https:\/\/newsinfoco.com.br\/inicio\/omc-confirma-queixa-formal-do-brasil-contra-os-eua-por-tarifaco-de-trump\/\" \/>\n\t<meta name=\"generator\" content=\"All in One SEO (AIOSEO) 4.9.10\" \/>\n\t\t<meta property=\"og:locale\" content=\"pt_BR\" \/>\n\t\t<meta property=\"og:site_name\" content=\"News In Foco - Editado por Caio Pimenta - O principal site de noticias de Alagoinhas e regi\u00e3o\" \/>\n\t\t<meta property=\"og:type\" content=\"article\" \/>\n\t\t<meta property=\"og:title\" content=\"OMC confirma queixa formal do Brasil contra os EUA por tarifa\u00e7o de Trump - News In Foco - Editado por Caio Pimenta\" \/>\n\t\t<meta property=\"og:description\" content=\"A Organiza\u00e7\u00e3o Mundial do Com\u00e9rcio (OMC) confirmou nesta segunda-feira (11) que o Brasil protocolou o pedido de consulta na entidade contra as medidas tarif\u00e1rias do presidente dos Estados Unidos, Donald Trump, contra o pa\u00eds. O Minist\u00e9rio das Rela\u00e7\u00f5es Exteriores (MRE) brasileiro j\u00e1 havia anunciado a abertura da disputa na semana passada, mas a nota da OMC\" \/>\n\t\t<meta property=\"og:url\" content=\"https:\/\/newsinfoco.com.br\/inicio\/omc-confirma-queixa-formal-do-brasil-contra-os-eua-por-tarifaco-de-trump\/\" \/>\n\t\t<meta property=\"article:published_time\" content=\"2025-08-11T17:45:37+00:00\" \/>\n\t\t<meta property=\"article:modified_time\" content=\"2025-08-11T17:45:37+00:00\" \/>\n\t\t<meta name=\"twitter:card\" content=\"summary_large_image\" \/>\n\t\t<meta name=\"twitter:title\" content=\"OMC confirma queixa formal do Brasil contra os EUA por tarifa\u00e7o de Trump - News In Foco - Editado por Caio Pimenta\" \/>\n\t\t<meta name=\"twitter:description\" content=\"A Organiza\u00e7\u00e3o Mundial do Com\u00e9rcio (OMC) confirmou nesta segunda-feira (11) que o Brasil protocolou o pedido de consulta na entidade contra as medidas tarif\u00e1rias do presidente dos Estados Unidos, Donald Trump, contra o pa\u00eds. O Minist\u00e9rio das Rela\u00e7\u00f5es Exteriores (MRE) brasileiro j\u00e1 havia anunciado a abertura da disputa na semana passada, mas a nota da OMC\" \/>\n\t\t<script type=\"application\/ld+json\" class=\"aioseo-schema\">\n\t\t\t{\"@context\":\"https:\\\/\\\/schema.org\",\"@graph\":[{\"@type\":\"BlogPosting\",\"@id\":\"https:\\\/\\\/newsinfoco.com.br\\\/inicio\\\/omc-confirma-queixa-formal-do-brasil-contra-os-eua-por-tarifaco-de-trump\\\/#blogposting\",\"name\":\"OMC confirma queixa formal do Brasil contra os EUA por tarifa\\u00e7o de Trump - News In Foco - Editado por Caio Pimenta\",\"headline\":\"OMC confirma queixa formal do Brasil contra os EUA por tarifa\\u00e7o de Trump\",\"author\":{\"@id\":\"https:\\\/\\\/newsinfoco.com.br\\\/inicio\\\/author\\\/administrador\\\/#author\"},\"publisher\":{\"@id\":\"https:\\\/\\\/newsinfoco.com.br\\\/inicio\\\/#organization\"},\"image\":{\"@type\":\"ImageObject\",\"url\":\"https:\\\/\\\/newsinfoco.com.br\\\/inicio\\\/wp-content\\\/uploads\\\/2025\\\/08\\\/Sede-da-Organizacao-Mundial-do-Comercio-em-Genebra-na-Suica-1.png\",\"width\":601,\"height\":420},\"datePublished\":\"2025-08-11T14:45:37-03:00\",\"dateModified\":\"2025-08-11T14:45:37-03:00\",\"inLanguage\":\"pt-BR\",\"mainEntityOfPage\":{\"@id\":\"https:\\\/\\\/newsinfoco.com.br\\\/inicio\\\/omc-confirma-queixa-formal-do-brasil-contra-os-eua-por-tarifaco-de-trump\\\/#webpage\"},\"isPartOf\":{\"@id\":\"https:\\\/\\\/newsinfoco.com.br\\\/inicio\\\/omc-confirma-queixa-formal-do-brasil-contra-os-eua-por-tarifaco-de-trump\\\/#webpage\"},\"articleSection\":\"Brasil\"},{\"@type\":\"BreadcrumbList\",\"@id\":\"https:\\\/\\\/newsinfoco.com.br\\\/inicio\\\/omc-confirma-queixa-formal-do-brasil-contra-os-eua-por-tarifaco-de-trump\\\/#breadcrumblist\",\"itemListElement\":[{\"@type\":\"ListItem\",\"@id\":\"https:\\\/\\\/newsinfoco.com.br\\\/inicio#listItem\",\"position\":1,\"name\":\"In\\u00edcio\",\"item\":\"https:\\\/\\\/newsinfoco.com.br\\\/inicio\",\"nextItem\":{\"@type\":\"ListItem\",\"@id\":\"https:\\\/\\\/newsinfoco.com.br\\\/inicio\\\/category\\\/brasil\\\/#listItem\",\"name\":\"Brasil\"}},{\"@type\":\"ListItem\",\"@id\":\"https:\\\/\\\/newsinfoco.com.br\\\/inicio\\\/category\\\/brasil\\\/#listItem\",\"position\":2,\"name\":\"Brasil\",\"item\":\"https:\\\/\\\/newsinfoco.com.br\\\/inicio\\\/category\\\/brasil\\\/\",\"nextItem\":{\"@type\":\"ListItem\",\"@id\":\"https:\\\/\\\/newsinfoco.com.br\\\/inicio\\\/omc-confirma-queixa-formal-do-brasil-contra-os-eua-por-tarifaco-de-trump\\\/#listItem\",\"name\":\"OMC confirma queixa formal do Brasil contra os EUA por tarifa\\u00e7o de Trump\"},\"previousItem\":{\"@type\":\"ListItem\",\"@id\":\"https:\\\/\\\/newsinfoco.com.br\\\/inicio#listItem\",\"name\":\"In\\u00edcio\"}},{\"@type\":\"ListItem\",\"@id\":\"https:\\\/\\\/newsinfoco.com.br\\\/inicio\\\/omc-confirma-queixa-formal-do-brasil-contra-os-eua-por-tarifaco-de-trump\\\/#listItem\",\"position\":3,\"name\":\"OMC confirma queixa formal do Brasil contra os EUA por tarifa\\u00e7o de Trump\",\"previousItem\":{\"@type\":\"ListItem\",\"@id\":\"https:\\\/\\\/newsinfoco.com.br\\\/inicio\\\/category\\\/brasil\\\/#listItem\",\"name\":\"Brasil\"}}]},{\"@type\":\"Organization\",\"@id\":\"https:\\\/\\\/newsinfoco.com.br\\\/inicio\\\/#organization\",\"name\":\"News In Foco - Editado por Caio Pimenta\",\"description\":\"O principal site de noticias de Alagoinhas e regi\\u00e3o\",\"url\":\"https:\\\/\\\/newsinfoco.com.br\\\/inicio\\\/\"},{\"@type\":\"Person\",\"@id\":\"https:\\\/\\\/newsinfoco.com.br\\\/inicio\\\/author\\\/administrador\\\/#author\",\"url\":\"https:\\\/\\\/newsinfoco.com.br\\\/inicio\\\/author\\\/administrador\\\/\",\"name\":\"administrador\",\"image\":{\"@type\":\"ImageObject\",\"@id\":\"https:\\\/\\\/newsinfoco.com.br\\\/inicio\\\/omc-confirma-queixa-formal-do-brasil-contra-os-eua-por-tarifaco-de-trump\\\/#authorImage\",\"url\":\"https:\\\/\\\/secure.gravatar.com\\\/avatar\\\/c17a617433de8c1dc9584bb79aab7563b46f5bb7e1728c9b17d9cc3ce6a08e49?s=96&d=mm&r=g\",\"width\":96,\"height\":96,\"caption\":\"administrador\"}},{\"@type\":\"WebPage\",\"@id\":\"https:\\\/\\\/newsinfoco.com.br\\\/inicio\\\/omc-confirma-queixa-formal-do-brasil-contra-os-eua-por-tarifaco-de-trump\\\/#webpage\",\"url\":\"https:\\\/\\\/newsinfoco.com.br\\\/inicio\\\/omc-confirma-queixa-formal-do-brasil-contra-os-eua-por-tarifaco-de-trump\\\/\",\"name\":\"OMC confirma queixa formal do Brasil contra os EUA por tarifa\\u00e7o de Trump - News In Foco - Editado por Caio Pimenta\",\"description\":\"A Organiza\\u00e7\\u00e3o Mundial do Com\\u00e9rcio (OMC) confirmou nesta segunda-feira (11) que o Brasil protocolou o pedido de consulta na entidade contra as medidas tarif\\u00e1rias do presidente dos Estados Unidos, Donald Trump, contra o pa\\u00eds. O Minist\\u00e9rio das Rela\\u00e7\\u00f5es Exteriores (MRE) brasileiro j\\u00e1 havia anunciado a abertura da disputa na semana passada, mas a nota da OMC\",\"inLanguage\":\"pt-BR\",\"isPartOf\":{\"@id\":\"https:\\\/\\\/newsinfoco.com.br\\\/inicio\\\/#website\"},\"breadcrumb\":{\"@id\":\"https:\\\/\\\/newsinfoco.com.br\\\/inicio\\\/omc-confirma-queixa-formal-do-brasil-contra-os-eua-por-tarifaco-de-trump\\\/#breadcrumblist\"},\"author\":{\"@id\":\"https:\\\/\\\/newsinfoco.com.br\\\/inicio\\\/author\\\/administrador\\\/#author\"},\"creator\":{\"@id\":\"https:\\\/\\\/newsinfoco.com.br\\\/inicio\\\/author\\\/administrador\\\/#author\"},\"image\":{\"@type\":\"ImageObject\",\"url\":\"https:\\\/\\\/newsinfoco.com.br\\\/inicio\\\/wp-content\\\/uploads\\\/2025\\\/08\\\/Sede-da-Organizacao-Mundial-do-Comercio-em-Genebra-na-Suica-1.png\",\"@id\":\"https:\\\/\\\/newsinfoco.com.br\\\/inicio\\\/omc-confirma-queixa-formal-do-brasil-contra-os-eua-por-tarifaco-de-trump\\\/#mainImage\",\"width\":601,\"height\":420},\"primaryImageOfPage\":{\"@id\":\"https:\\\/\\\/newsinfoco.com.br\\\/inicio\\\/omc-confirma-queixa-formal-do-brasil-contra-os-eua-por-tarifaco-de-trump\\\/#mainImage\"},\"datePublished\":\"2025-08-11T14:45:37-03:00\",\"dateModified\":\"2025-08-11T14:45:37-03:00\"},{\"@type\":\"WebSite\",\"@id\":\"https:\\\/\\\/newsinfoco.com.br\\\/inicio\\\/#website\",\"url\":\"https:\\\/\\\/newsinfoco.com.br\\\/inicio\\\/\",\"name\":\"News In Foco - Editado por Caio Pimenta\",\"description\":\"O principal site de noticias de Alagoinhas e regi\\u00e3o\",\"inLanguage\":\"pt-BR\",\"publisher\":{\"@id\":\"https:\\\/\\\/newsinfoco.com.br\\\/inicio\\\/#organization\"}}]}\n\t\t<\/script>\n\t\t<!-- All in One SEO -->\n\n","aioseo_head_json":{"title":"OMC confirma queixa formal do Brasil contra os EUA por tarifa\u00e7o de Trump - News In Foco - Editado por Caio Pimenta","description":"A Organiza\u00e7\u00e3o Mundial do Com\u00e9rcio (OMC) confirmou nesta segunda-feira (11) que o Brasil protocolou o pedido de consulta na entidade contra as medidas tarif\u00e1rias do presidente dos Estados Unidos, Donald Trump, contra o pa\u00eds. O Minist\u00e9rio das Rela\u00e7\u00f5es Exteriores (MRE) brasileiro j\u00e1 havia anunciado a abertura da disputa na semana passada, mas a nota da OMC","canonical_url":"https:\/\/newsinfoco.com.br\/inicio\/omc-confirma-queixa-formal-do-brasil-contra-os-eua-por-tarifaco-de-trump\/","robots":"max-image-preview:large","keywords":"","webmasterTools":{"miscellaneous":""},"schema":{"@context":"https:\/\/schema.org","@graph":[{"@type":"BlogPosting","@id":"https:\/\/newsinfoco.com.br\/inicio\/omc-confirma-queixa-formal-do-brasil-contra-os-eua-por-tarifaco-de-trump\/#blogposting","name":"OMC confirma queixa formal do Brasil contra os EUA por tarifa\u00e7o de Trump - News In Foco - Editado por Caio Pimenta","headline":"OMC confirma queixa formal do Brasil contra os EUA por tarifa\u00e7o de Trump","author":{"@id":"https:\/\/newsinfoco.com.br\/inicio\/author\/administrador\/#author"},"publisher":{"@id":"https:\/\/newsinfoco.com.br\/inicio\/#organization"},"image":{"@type":"ImageObject","url":"https:\/\/newsinfoco.com.br\/inicio\/wp-content\/uploads\/2025\/08\/Sede-da-Organizacao-Mundial-do-Comercio-em-Genebra-na-Suica-1.png","width":601,"height":420},"datePublished":"2025-08-11T14:45:37-03:00","dateModified":"2025-08-11T14:45:37-03:00","inLanguage":"pt-BR","mainEntityOfPage":{"@id":"https:\/\/newsinfoco.com.br\/inicio\/omc-confirma-queixa-formal-do-brasil-contra-os-eua-por-tarifaco-de-trump\/#webpage"},"isPartOf":{"@id":"https:\/\/newsinfoco.com.br\/inicio\/omc-confirma-queixa-formal-do-brasil-contra-os-eua-por-tarifaco-de-trump\/#webpage"},"articleSection":"Brasil"},{"@type":"BreadcrumbList","@id":"https:\/\/newsinfoco.com.br\/inicio\/omc-confirma-queixa-formal-do-brasil-contra-os-eua-por-tarifaco-de-trump\/#breadcrumblist","itemListElement":[{"@type":"ListItem","@id":"https:\/\/newsinfoco.com.br\/inicio#listItem","position":1,"name":"In\u00edcio","item":"https:\/\/newsinfoco.com.br\/inicio","nextItem":{"@type":"ListItem","@id":"https:\/\/newsinfoco.com.br\/inicio\/category\/brasil\/#listItem","name":"Brasil"}},{"@type":"ListItem","@id":"https:\/\/newsinfoco.com.br\/inicio\/category\/brasil\/#listItem","position":2,"name":"Brasil","item":"https:\/\/newsinfoco.com.br\/inicio\/category\/brasil\/","nextItem":{"@type":"ListItem","@id":"https:\/\/newsinfoco.com.br\/inicio\/omc-confirma-queixa-formal-do-brasil-contra-os-eua-por-tarifaco-de-trump\/#listItem","name":"OMC confirma queixa formal do Brasil contra os EUA por tarifa\u00e7o de Trump"},"previousItem":{"@type":"ListItem","@id":"https:\/\/newsinfoco.com.br\/inicio#listItem","name":"In\u00edcio"}},{"@type":"ListItem","@id":"https:\/\/newsinfoco.com.br\/inicio\/omc-confirma-queixa-formal-do-brasil-contra-os-eua-por-tarifaco-de-trump\/#listItem","position":3,"name":"OMC confirma queixa formal do Brasil contra os EUA por tarifa\u00e7o de Trump","previousItem":{"@type":"ListItem","@id":"https:\/\/newsinfoco.com.br\/inicio\/category\/brasil\/#listItem","name":"Brasil"}}]},{"@type":"Organization","@id":"https:\/\/newsinfoco.com.br\/inicio\/#organization","name":"News In Foco - Editado por Caio Pimenta","description":"O principal site de noticias de Alagoinhas e regi\u00e3o","url":"https:\/\/newsinfoco.com.br\/inicio\/"},{"@type":"Person","@id":"https:\/\/newsinfoco.com.br\/inicio\/author\/administrador\/#author","url":"https:\/\/newsinfoco.com.br\/inicio\/author\/administrador\/","name":"administrador","image":{"@type":"ImageObject","@id":"https:\/\/newsinfoco.com.br\/inicio\/omc-confirma-queixa-formal-do-brasil-contra-os-eua-por-tarifaco-de-trump\/#authorImage","url":"https:\/\/secure.gravatar.com\/avatar\/c17a617433de8c1dc9584bb79aab7563b46f5bb7e1728c9b17d9cc3ce6a08e49?s=96&d=mm&r=g","width":96,"height":96,"caption":"administrador"}},{"@type":"WebPage","@id":"https:\/\/newsinfoco.com.br\/inicio\/omc-confirma-queixa-formal-do-brasil-contra-os-eua-por-tarifaco-de-trump\/#webpage","url":"https:\/\/newsinfoco.com.br\/inicio\/omc-confirma-queixa-formal-do-brasil-contra-os-eua-por-tarifaco-de-trump\/","name":"OMC confirma queixa formal do Brasil contra os EUA por tarifa\u00e7o de Trump - News In Foco - Editado por Caio Pimenta","description":"A Organiza\u00e7\u00e3o Mundial do Com\u00e9rcio (OMC) confirmou nesta segunda-feira (11) que o Brasil protocolou o pedido de consulta na entidade contra as medidas tarif\u00e1rias do presidente dos Estados Unidos, Donald Trump, contra o pa\u00eds. O Minist\u00e9rio das Rela\u00e7\u00f5es Exteriores (MRE) brasileiro j\u00e1 havia anunciado a abertura da disputa na semana passada, mas a nota da OMC","inLanguage":"pt-BR","isPartOf":{"@id":"https:\/\/newsinfoco.com.br\/inicio\/#website"},"breadcrumb":{"@id":"https:\/\/newsinfoco.com.br\/inicio\/omc-confirma-queixa-formal-do-brasil-contra-os-eua-por-tarifaco-de-trump\/#breadcrumblist"},"author":{"@id":"https:\/\/newsinfoco.com.br\/inicio\/author\/administrador\/#author"},"creator":{"@id":"https:\/\/newsinfoco.com.br\/inicio\/author\/administrador\/#author"},"image":{"@type":"ImageObject","url":"https:\/\/newsinfoco.com.br\/inicio\/wp-content\/uploads\/2025\/08\/Sede-da-Organizacao-Mundial-do-Comercio-em-Genebra-na-Suica-1.png","@id":"https:\/\/newsinfoco.com.br\/inicio\/omc-confirma-queixa-formal-do-brasil-contra-os-eua-por-tarifaco-de-trump\/#mainImage","width":601,"height":420},"primaryImageOfPage":{"@id":"https:\/\/newsinfoco.com.br\/inicio\/omc-confirma-queixa-formal-do-brasil-contra-os-eua-por-tarifaco-de-trump\/#mainImage"},"datePublished":"2025-08-11T14:45:37-03:00","dateModified":"2025-08-11T14:45:37-03:00"},{"@type":"WebSite","@id":"https:\/\/newsinfoco.com.br\/inicio\/#website","url":"https:\/\/newsinfoco.com.br\/inicio\/","name":"News In Foco - Editado por Caio Pimenta","description":"O principal site de noticias de Alagoinhas e regi\u00e3o","inLanguage":"pt-BR","publisher":{"@id":"https:\/\/newsinfoco.com.br\/inicio\/#organization"}}]},"og:locale":"pt_BR","og:site_name":"News In Foco - Editado por Caio Pimenta - O principal site de noticias de Alagoinhas e regi\u00e3o","og:type":"article","og:title":"OMC confirma queixa formal do Brasil contra os EUA por tarifa\u00e7o de Trump - News In Foco - Editado por Caio Pimenta","og:description":"A Organiza\u00e7\u00e3o Mundial do Com\u00e9rcio (OMC) confirmou nesta segunda-feira (11) que o Brasil protocolou o pedido de consulta na entidade contra as medidas tarif\u00e1rias do presidente dos Estados Unidos, Donald Trump, contra o pa\u00eds. O Minist\u00e9rio das Rela\u00e7\u00f5es Exteriores (MRE) brasileiro j\u00e1 havia anunciado a abertura da disputa na semana passada, mas a nota da OMC","og:url":"https:\/\/newsinfoco.com.br\/inicio\/omc-confirma-queixa-formal-do-brasil-contra-os-eua-por-tarifaco-de-trump\/","article:published_time":"2025-08-11T17:45:37+00:00","article:modified_time":"2025-08-11T17:45:37+00:00","twitter:card":"summary_large_image","twitter:title":"OMC confirma queixa formal do Brasil contra os EUA por tarifa\u00e7o de Trump - News In Foco - Editado por Caio Pimenta","twitter:description":"A Organiza\u00e7\u00e3o Mundial do Com\u00e9rcio (OMC) confirmou nesta segunda-feira (11) que o Brasil protocolou o pedido de consulta na entidade contra as medidas tarif\u00e1rias do presidente dos Estados Unidos, Donald Trump, contra o pa\u00eds. O Minist\u00e9rio das Rela\u00e7\u00f5es Exteriores (MRE) brasileiro j\u00e1 havia anunciado a abertura da disputa na semana passada, mas a nota da OMC"},"aioseo_meta_data":{"post_id":"44102","title":null,"description":null,"keywords":null,"keyphrases":{"focus":{"keyphrase":"","score":0,"analysis":{"keyphraseInTitle":{"score":0,"maxScore":9,"error":1}}},"additional":[]},"primary_term":null,"canonical_url":null,"og_title":null,"og_description":null,"og_object_type":"default","og_image_type":"default","og_image_url":null,"og_image_width":null,"og_image_height":null,"og_image_custom_url":null,"og_image_custom_fields":null,"og_video":"","og_custom_url":null,"og_article_section":null,"og_article_tags":null,"twitter_use_og":false,"twitter_card":"default","twitter_image_type":"default","twitter_image_url":null,"twitter_image_custom_url":null,"twitter_image_custom_fields":null,"twitter_title":null,"twitter_description":null,"schema":{"blockGraphs":[],"customGraphs":[],"default":{"data":{"Article":[],"Course":[],"Dataset":[],"FAQPage":[],"Movie":[],"Person":[],"Product":[],"ProductReview":[],"Car":[],"Recipe":[],"Service":[],"SoftwareApplication":[],"WebPage":[]},"graphName":"BlogPosting","isEnabled":true},"graphs":[]},"schema_type":"default","schema_type_options":null,"pillar_content":false,"robots_default":true,"robots_noindex":false,"robots_noarchive":false,"robots_nosnippet":false,"robots_nofollow":false,"robots_noimageindex":false,"robots_noodp":false,"robots_notranslate":false,"robots_max_snippet":"-1","robots_max_videopreview":"-1","robots_max_imagepreview":"large","priority":null,"frequency":"default","local_seo":null,"breadcrumb_settings":null,"limit_modified_date":false,"ai":{"faqs":[],"keyPoints":[],"titles":[],"descriptions":[],"socialPosts":{"email":[],"linkedin":[],"twitter":[],"facebook":[],"instagram":[]}},"created":"2025-08-11 17:45:37","updated":"2025-08-11 17:59:50","seo_analyzer_scan_date":null},"aioseo_breadcrumb":"<div class=\"aioseo-breadcrumbs\"><span class=\"aioseo-breadcrumb\">\n\t\t\t<a href=\"https:\/\/newsinfoco.com.br\/inicio\" title=\"In\u00edcio\">In\u00edcio<\/a>\n\t\t<\/span><span class=\"aioseo-breadcrumb-separator\">&raquo;<\/span><span class=\"aioseo-breadcrumb\">\n\t\t\t<a href=\"https:\/\/newsinfoco.com.br\/inicio\/category\/brasil\/\" title=\"Brasil\">Brasil<\/a>\n\t\t<\/span><span class=\"aioseo-breadcrumb-separator\">&raquo;<\/span><span class=\"aioseo-breadcrumb\">\n\t\t\tOMC confirma queixa formal do Brasil contra os EUA por tarifa\u00e7o de Trump\n\t\t<\/span><\/div>","aioseo_breadcrumb_json":[{"label":"In\u00edcio","link":"https:\/\/newsinfoco.com.br\/inicio"},{"label":"Brasil","link":"https:\/\/newsinfoco.com.br\/inicio\/category\/brasil\/"},{"label":"OMC confirma queixa formal do Brasil contra os EUA por tarifa\u00e7o de Trump","link":"https:\/\/newsinfoco.com.br\/inicio\/omc-confirma-queixa-formal-do-brasil-contra-os-eua-por-tarifaco-de-trump\/"}],"_links":{"self":[{"href":"https:\/\/newsinfoco.com.br\/inicio\/wp-json\/wp\/v2\/posts\/44102","targetHints":{"allow":["GET"]}}],"collection":[{"href":"https:\/\/newsinfoco.com.br\/inicio\/wp-json\/wp\/v2\/posts"}],"about":[{"href":"https:\/\/newsinfoco.com.br\/inicio\/wp-json\/wp\/v2\/types\/post"}],"author":[{"embeddable":true,"href":"https:\/\/newsinfoco.com.br\/inicio\/wp-json\/wp\/v2\/users\/1"}],"replies":[{"embeddable":true,"href":"https:\/\/newsinfoco.com.br\/inicio\/wp-json\/wp\/v2\/comments?post=44102"}],"version-history":[{"count":1,"href":"https:\/\/newsinfoco.com.br\/inicio\/wp-json\/wp\/v2\/posts\/44102\/revisions"}],"predecessor-version":[{"id":44104,"href":"https:\/\/newsinfoco.com.br\/inicio\/wp-json\/wp\/v2\/posts\/44102\/revisions\/44104"}],"wp:featuredmedia":[{"embeddable":true,"href":"https:\/\/newsinfoco.com.br\/inicio\/wp-json\/wp\/v2\/media\/44103"}],"wp:attachment":[{"href":"https:\/\/newsinfoco.com.br\/inicio\/wp-json\/wp\/v2\/media?parent=44102"}],"wp:term":[{"taxonomy":"category","embeddable":true,"href":"https:\/\/newsinfoco.com.br\/inicio\/wp-json\/wp\/v2\/categories?post=44102"},{"taxonomy":"post_tag","embeddable":true,"href":"https:\/\/newsinfoco.com.br\/inicio\/wp-json\/wp\/v2\/tags?post=44102"}],"curies":[{"name":"wp","href":"https:\/\/api.w.org\/{rel}","templated":true}]}}