{"id":44117,"date":"2025-08-11T15:50:40","date_gmt":"2025-08-11T18:50:40","guid":{"rendered":"https:\/\/newsinfoco.com.br\/inicio\/?p=44117"},"modified":"2025-08-11T15:50:40","modified_gmt":"2025-08-11T18:50:40","slug":"quatro-cidades-baianas-estao-em-situacao-de-emergencia-por-estiagem","status":"publish","type":"post","link":"https:\/\/newsinfoco.com.br\/inicio\/quatro-cidades-baianas-estao-em-situacao-de-emergencia-por-estiagem\/","title":{"rendered":"Quatro cidades baianas est\u00e3o em situa\u00e7\u00e3o de emerg\u00eancia por estiagem"},"content":{"rendered":"<p>O governo da Bahia reconheceu a situa\u00e7\u00e3o de emerg\u00eancia em quatro munic\u00edpios do estados: Canudos, \u00c1gua Fria, Pirip\u00e1 e Brotas de Maca\u00fabas, por causa da\u00a0<strong>estiagem<\/strong>, que afeta diretamente as atividades econ\u00f4micas da regi\u00e3o.<\/p>\n<p>Os casos foram publicados no Di\u00e1rio Oficial do Estado (DOE), assinado pelo<b>\u00a0governador Jer\u00f4nimo Rodrigues (PT)<\/b>, e pelo secret\u00e1rio da Casa Civil, Afonso Florence, e \u00e9\u00a0<b>v\u00e1lido por 180 dias, isto \u00e9, seis meses.\u00a0<\/b>A medida foi divulgada no \u00faltimo s\u00e1bado, 9.<\/p>\n<p>Com a situa\u00e7\u00e3o de emerg\u00eancia declarada, as prefeituras podem solicitar recursos da gest\u00e3o estadual para a\u00e7\u00f5es de defesa civil, como compra de cestas b\u00e1sicas, \u00e1gua mineral, refei\u00e7\u00e3o para trabalhadores e volunt\u00e1rios, kits de limpeza de resid\u00eancia, higiene pessoal e dormit\u00f3rio, entre outros.<\/p>\n<p>Al\u00e9m dos citados, outra cidade que sofre com o per\u00edodo de estiagem \u00e9\u00a0<a href=\"https:\/\/bahia.ba\/municipios\/curaca-decreta-emergencia-por-estiagem-entenda-o-impacto\/\" target=\"_blank\" rel=\"noopener\"><strong>Cura\u00e7\u00e1<\/strong><\/a>, no norte baiano.<\/p>\n<p><strong>Munic\u00edpios afetados pela estiagem<\/strong><\/p>\n<ul>\n<li>\u00c1gua Fria;<\/li>\n<li>Canudos;<\/li>\n<li>Pirip\u00e1<\/li>\n<li>Brotas de Maca\u00fabas;<\/li>\n<li>Cura\u00e7\u00e1<\/li>\n<li>Boa Vista do Tupim;<\/li>\n<li>Tanque Novo;<\/li>\n<li>Boquira.<\/li>\n<\/ul>\n<p><strong>Entenda a diferen\u00e7a entre situa\u00e7\u00e3o de emerg\u00eancia e estado de calamidade p\u00fablica<\/strong><\/p>\n<p>Quando um munic\u00edpio ou estado enfrenta eventos extremos, como enchentes, secas ou deslizamentos de terra, \u00e9 poss\u00edvel decretar situa\u00e7\u00e3o de emerg\u00eancia ou estado de calamidade p\u00fablica.<\/p>\n<p>Esses reconhecimentos s\u00e3o essenciais para que o Minist\u00e9rio da Integra\u00e7\u00e3o e do Desenvolvimento Regional (MIDR) possa liberar recursos e apoiar a popula\u00e7\u00e3o afetada.<\/p>\n<div>\n<div class=\"trv-player-container\">\n<div class=\"trv-wrapper\">\n<div id=\"br_video_player_deab226d6d27f168fa840868d33f7c9dc3c659f9\" class=\"trvd_video_player trvdinstream\">\n<div class=\"conteudo_post\">\n<p>A situa\u00e7\u00e3o de emerg\u00eancia ocorre quando um desastre compromete parcialmente a capacidade de resposta do poder p\u00fablico local. Isso significa que o munic\u00edpio ainda consegue atuar, mas precisa de apoio externo para enfrentar os danos e restabelecer servi\u00e7os essenciais.<\/p>\n<p>J\u00e1 o estado de calamidade p\u00fablica \u00e9 declarado quando o impacto do desastre \u00e9 t\u00e3o grave que a capacidade de resposta da administra\u00e7\u00e3o p\u00fablica fica severamente comprometida, exigindo medidas mais amplas e urgentes.<\/p>\n<\/div>\n<div class=\"ui items\">\n<div class=\"item\">\n<div class=\"conteudo_post\">\n<p>A situa\u00e7\u00e3o de emerg\u00eancia ocorre quando um desastre compromete parcialmente a capacidade de resposta do poder p\u00fablico local. Isso significa que o munic\u00edpio ainda consegue atuar, mas precisa de apoio externo para enfrentar os danos e restabelecer servi\u00e7os essenciais.<\/p>\n<p>Bahia.Ba<\/p>\n<\/div>\n<div class=\"ui items\">\n<div class=\"item\"><\/div>\n<\/div>\n<\/div>\n<\/div>\n<\/div>\n<\/div>\n<\/div>\n<\/div>\n<div class='share-to-whatsapp-wrapper'><div class='share-on-whsp'>Share on: <\/div><a data-text='Quatro cidades baianas est\u00e3o em situa\u00e7\u00e3o de emerg\u00eancia por estiagem' data-link='https:\/\/newsinfoco.com.br\/inicio\/quatro-cidades-baianas-estao-em-situacao-de-emergencia-por-estiagem\/' class='whatsapp-button whatsapp-share'>WhatsApp<\/a><div class='clear '><\/div><\/div>","protected":false},"excerpt":{"rendered":"<p>O governo da Bahia reconheceu a situa\u00e7\u00e3o de emerg\u00eancia em quatro munic\u00edpios do estados: Canudos, \u00c1gua Fria, Pirip\u00e1 e Brotas de Maca\u00fabas, por causa da\u00a0estiagem, que afeta diretamente as atividades econ\u00f4micas da regi\u00e3o. Os casos foram publicados no Di\u00e1rio Oficial do Estado (DOE), assinado pelo\u00a0governador Jer\u00f4nimo Rodrigues (PT), e pelo secret\u00e1rio da Casa Civil, Afonso [&hellip;]<\/p>\n","protected":false},"author":1,"featured_media":44118,"comment_status":"closed","ping_status":"closed","sticky":false,"template":"","format":"standard","meta":{"om_disable_all_campaigns":false,"rop_custom_images_group":[],"rop_custom_messages_group":[],"rop_publish_now":"initial","rop_publish_now_accounts":[],"rop_publish_now_history":[],"rop_publish_now_status":"pending","_exactmetrics_skip_tracking":false,"footnotes":""},"categories":[19],"tags":[],"class_list":["post-44117","post","type-post","status-publish","format-standard","has-post-thumbnail","hentry","category-bahia"],"aioseo_notices":[],"aioseo_head":"\n\t\t<!-- All in One SEO 4.9.10 - aioseo.com -->\n\t<meta name=\"description\" content=\"O governo da Bahia reconheceu a situa\u00e7\u00e3o de emerg\u00eancia em quatro munic\u00edpios do estados: Canudos, \u00c1gua Fria, Pirip\u00e1 e Brotas de Maca\u00fabas, por causa da estiagem, que afeta diretamente as atividades econ\u00f4micas da regi\u00e3o. Os casos foram publicados no Di\u00e1rio Oficial do Estado (DOE), assinado pelo governador Jer\u00f4nimo Rodrigues (PT), e pelo secret\u00e1rio da Casa Civil, Afonso\" \/>\n\t<meta name=\"robots\" content=\"max-image-preview:large\" \/>\n\t<meta name=\"author\" content=\"administrador\"\/>\n\t<link rel=\"canonical\" href=\"https:\/\/newsinfoco.com.br\/inicio\/quatro-cidades-baianas-estao-em-situacao-de-emergencia-por-estiagem\/\" \/>\n\t<meta name=\"generator\" content=\"All in One SEO (AIOSEO) 4.9.10\" \/>\n\t\t<meta property=\"og:locale\" content=\"pt_BR\" \/>\n\t\t<meta property=\"og:site_name\" content=\"News In Foco - Editado por Caio Pimenta - O principal site de noticias de Alagoinhas e regi\u00e3o\" \/>\n\t\t<meta property=\"og:type\" content=\"article\" \/>\n\t\t<meta property=\"og:title\" content=\"Quatro cidades baianas est\u00e3o em situa\u00e7\u00e3o de emerg\u00eancia por estiagem - News In Foco - Editado por Caio Pimenta\" \/>\n\t\t<meta property=\"og:description\" content=\"O governo da Bahia reconheceu a situa\u00e7\u00e3o de emerg\u00eancia em quatro munic\u00edpios do estados: Canudos, \u00c1gua Fria, Pirip\u00e1 e Brotas de Maca\u00fabas, por causa da estiagem, que afeta diretamente as atividades econ\u00f4micas da regi\u00e3o. Os casos foram publicados no Di\u00e1rio Oficial do Estado (DOE), assinado pelo governador Jer\u00f4nimo Rodrigues (PT), e pelo secret\u00e1rio da Casa Civil, Afonso\" \/>\n\t\t<meta property=\"og:url\" content=\"https:\/\/newsinfoco.com.br\/inicio\/quatro-cidades-baianas-estao-em-situacao-de-emergencia-por-estiagem\/\" \/>\n\t\t<meta property=\"article:published_time\" content=\"2025-08-11T18:50:40+00:00\" \/>\n\t\t<meta property=\"article:modified_time\" content=\"2025-08-11T18:50:40+00:00\" \/>\n\t\t<meta name=\"twitter:card\" content=\"summary_large_image\" \/>\n\t\t<meta name=\"twitter:title\" content=\"Quatro cidades baianas est\u00e3o em situa\u00e7\u00e3o de emerg\u00eancia por estiagem - News In Foco - Editado por Caio Pimenta\" \/>\n\t\t<meta name=\"twitter:description\" content=\"O governo da Bahia reconheceu a situa\u00e7\u00e3o de emerg\u00eancia em quatro munic\u00edpios do estados: Canudos, \u00c1gua Fria, Pirip\u00e1 e Brotas de Maca\u00fabas, por causa da estiagem, que afeta diretamente as atividades econ\u00f4micas da regi\u00e3o. Os casos foram publicados no Di\u00e1rio Oficial do Estado (DOE), assinado pelo governador Jer\u00f4nimo Rodrigues (PT), e pelo secret\u00e1rio da Casa Civil, Afonso\" \/>\n\t\t<script type=\"application\/ld+json\" class=\"aioseo-schema\">\n\t\t\t{\"@context\":\"https:\\\/\\\/schema.org\",\"@graph\":[{\"@type\":\"BlogPosting\",\"@id\":\"https:\\\/\\\/newsinfoco.com.br\\\/inicio\\\/quatro-cidades-baianas-estao-em-situacao-de-emergencia-por-estiagem\\\/#blogposting\",\"name\":\"Quatro cidades baianas est\\u00e3o em situa\\u00e7\\u00e3o de emerg\\u00eancia por estiagem - News In Foco - Editado por Caio Pimenta\",\"headline\":\"Quatro cidades baianas est\\u00e3o em situa\\u00e7\\u00e3o de emerg\\u00eancia por estiagem\",\"author\":{\"@id\":\"https:\\\/\\\/newsinfoco.com.br\\\/inicio\\\/author\\\/administrador\\\/#author\"},\"publisher\":{\"@id\":\"https:\\\/\\\/newsinfoco.com.br\\\/inicio\\\/#organization\"},\"image\":{\"@type\":\"ImageObject\",\"url\":\"https:\\\/\\\/newsinfoco.com.br\\\/inicio\\\/wp-content\\\/uploads\\\/2025\\\/08\\\/semiarido_seca-3.jpg\",\"width\":600,\"height\":420},\"datePublished\":\"2025-08-11T15:50:40-03:00\",\"dateModified\":\"2025-08-11T15:50:40-03:00\",\"inLanguage\":\"pt-BR\",\"mainEntityOfPage\":{\"@id\":\"https:\\\/\\\/newsinfoco.com.br\\\/inicio\\\/quatro-cidades-baianas-estao-em-situacao-de-emergencia-por-estiagem\\\/#webpage\"},\"isPartOf\":{\"@id\":\"https:\\\/\\\/newsinfoco.com.br\\\/inicio\\\/quatro-cidades-baianas-estao-em-situacao-de-emergencia-por-estiagem\\\/#webpage\"},\"articleSection\":\"Bahia\"},{\"@type\":\"BreadcrumbList\",\"@id\":\"https:\\\/\\\/newsinfoco.com.br\\\/inicio\\\/quatro-cidades-baianas-estao-em-situacao-de-emergencia-por-estiagem\\\/#breadcrumblist\",\"itemListElement\":[{\"@type\":\"ListItem\",\"@id\":\"https:\\\/\\\/newsinfoco.com.br\\\/inicio#listItem\",\"position\":1,\"name\":\"In\\u00edcio\",\"item\":\"https:\\\/\\\/newsinfoco.com.br\\\/inicio\",\"nextItem\":{\"@type\":\"ListItem\",\"@id\":\"https:\\\/\\\/newsinfoco.com.br\\\/inicio\\\/category\\\/bahia\\\/#listItem\",\"name\":\"Bahia\"}},{\"@type\":\"ListItem\",\"@id\":\"https:\\\/\\\/newsinfoco.com.br\\\/inicio\\\/category\\\/bahia\\\/#listItem\",\"position\":2,\"name\":\"Bahia\",\"item\":\"https:\\\/\\\/newsinfoco.com.br\\\/inicio\\\/category\\\/bahia\\\/\",\"nextItem\":{\"@type\":\"ListItem\",\"@id\":\"https:\\\/\\\/newsinfoco.com.br\\\/inicio\\\/quatro-cidades-baianas-estao-em-situacao-de-emergencia-por-estiagem\\\/#listItem\",\"name\":\"Quatro cidades baianas est\\u00e3o em situa\\u00e7\\u00e3o de emerg\\u00eancia por estiagem\"},\"previousItem\":{\"@type\":\"ListItem\",\"@id\":\"https:\\\/\\\/newsinfoco.com.br\\\/inicio#listItem\",\"name\":\"In\\u00edcio\"}},{\"@type\":\"ListItem\",\"@id\":\"https:\\\/\\\/newsinfoco.com.br\\\/inicio\\\/quatro-cidades-baianas-estao-em-situacao-de-emergencia-por-estiagem\\\/#listItem\",\"position\":3,\"name\":\"Quatro cidades baianas est\\u00e3o em situa\\u00e7\\u00e3o de emerg\\u00eancia por estiagem\",\"previousItem\":{\"@type\":\"ListItem\",\"@id\":\"https:\\\/\\\/newsinfoco.com.br\\\/inicio\\\/category\\\/bahia\\\/#listItem\",\"name\":\"Bahia\"}}]},{\"@type\":\"Organization\",\"@id\":\"https:\\\/\\\/newsinfoco.com.br\\\/inicio\\\/#organization\",\"name\":\"News In Foco - Editado por Caio Pimenta\",\"description\":\"O principal site de noticias de Alagoinhas e regi\\u00e3o\",\"url\":\"https:\\\/\\\/newsinfoco.com.br\\\/inicio\\\/\"},{\"@type\":\"Person\",\"@id\":\"https:\\\/\\\/newsinfoco.com.br\\\/inicio\\\/author\\\/administrador\\\/#author\",\"url\":\"https:\\\/\\\/newsinfoco.com.br\\\/inicio\\\/author\\\/administrador\\\/\",\"name\":\"administrador\",\"image\":{\"@type\":\"ImageObject\",\"@id\":\"https:\\\/\\\/newsinfoco.com.br\\\/inicio\\\/quatro-cidades-baianas-estao-em-situacao-de-emergencia-por-estiagem\\\/#authorImage\",\"url\":\"https:\\\/\\\/secure.gravatar.com\\\/avatar\\\/c17a617433de8c1dc9584bb79aab7563b46f5bb7e1728c9b17d9cc3ce6a08e49?s=96&d=mm&r=g\",\"width\":96,\"height\":96,\"caption\":\"administrador\"}},{\"@type\":\"WebPage\",\"@id\":\"https:\\\/\\\/newsinfoco.com.br\\\/inicio\\\/quatro-cidades-baianas-estao-em-situacao-de-emergencia-por-estiagem\\\/#webpage\",\"url\":\"https:\\\/\\\/newsinfoco.com.br\\\/inicio\\\/quatro-cidades-baianas-estao-em-situacao-de-emergencia-por-estiagem\\\/\",\"name\":\"Quatro cidades baianas est\\u00e3o em situa\\u00e7\\u00e3o de emerg\\u00eancia por estiagem - News In Foco - Editado por Caio Pimenta\",\"description\":\"O governo da Bahia reconheceu a situa\\u00e7\\u00e3o de emerg\\u00eancia em quatro munic\\u00edpios do estados: Canudos, \\u00c1gua Fria, Pirip\\u00e1 e Brotas de Maca\\u00fabas, por causa da estiagem, que afeta diretamente as atividades econ\\u00f4micas da regi\\u00e3o. Os casos foram publicados no Di\\u00e1rio Oficial do Estado (DOE), assinado pelo governador Jer\\u00f4nimo Rodrigues (PT), e pelo secret\\u00e1rio da Casa Civil, Afonso\",\"inLanguage\":\"pt-BR\",\"isPartOf\":{\"@id\":\"https:\\\/\\\/newsinfoco.com.br\\\/inicio\\\/#website\"},\"breadcrumb\":{\"@id\":\"https:\\\/\\\/newsinfoco.com.br\\\/inicio\\\/quatro-cidades-baianas-estao-em-situacao-de-emergencia-por-estiagem\\\/#breadcrumblist\"},\"author\":{\"@id\":\"https:\\\/\\\/newsinfoco.com.br\\\/inicio\\\/author\\\/administrador\\\/#author\"},\"creator\":{\"@id\":\"https:\\\/\\\/newsinfoco.com.br\\\/inicio\\\/author\\\/administrador\\\/#author\"},\"image\":{\"@type\":\"ImageObject\",\"url\":\"https:\\\/\\\/newsinfoco.com.br\\\/inicio\\\/wp-content\\\/uploads\\\/2025\\\/08\\\/semiarido_seca-3.jpg\",\"@id\":\"https:\\\/\\\/newsinfoco.com.br\\\/inicio\\\/quatro-cidades-baianas-estao-em-situacao-de-emergencia-por-estiagem\\\/#mainImage\",\"width\":600,\"height\":420},\"primaryImageOfPage\":{\"@id\":\"https:\\\/\\\/newsinfoco.com.br\\\/inicio\\\/quatro-cidades-baianas-estao-em-situacao-de-emergencia-por-estiagem\\\/#mainImage\"},\"datePublished\":\"2025-08-11T15:50:40-03:00\",\"dateModified\":\"2025-08-11T15:50:40-03:00\"},{\"@type\":\"WebSite\",\"@id\":\"https:\\\/\\\/newsinfoco.com.br\\\/inicio\\\/#website\",\"url\":\"https:\\\/\\\/newsinfoco.com.br\\\/inicio\\\/\",\"name\":\"News In Foco - Editado por Caio Pimenta\",\"description\":\"O principal site de noticias de Alagoinhas e regi\\u00e3o\",\"inLanguage\":\"pt-BR\",\"publisher\":{\"@id\":\"https:\\\/\\\/newsinfoco.com.br\\\/inicio\\\/#organization\"}}]}\n\t\t<\/script>\n\t\t<!-- All in One SEO -->\n\n","aioseo_head_json":{"title":"Quatro cidades baianas est\u00e3o em situa\u00e7\u00e3o de emerg\u00eancia por estiagem - News In Foco - Editado por Caio Pimenta","description":"O governo da Bahia reconheceu a situa\u00e7\u00e3o de emerg\u00eancia em quatro munic\u00edpios do estados: Canudos, \u00c1gua Fria, Pirip\u00e1 e Brotas de Maca\u00fabas, por causa da estiagem, que afeta diretamente as atividades econ\u00f4micas da regi\u00e3o. Os casos foram publicados no Di\u00e1rio Oficial do Estado (DOE), assinado pelo governador Jer\u00f4nimo Rodrigues (PT), e pelo secret\u00e1rio da Casa Civil, Afonso","canonical_url":"https:\/\/newsinfoco.com.br\/inicio\/quatro-cidades-baianas-estao-em-situacao-de-emergencia-por-estiagem\/","robots":"max-image-preview:large","keywords":"","webmasterTools":{"miscellaneous":""},"schema":{"@context":"https:\/\/schema.org","@graph":[{"@type":"BlogPosting","@id":"https:\/\/newsinfoco.com.br\/inicio\/quatro-cidades-baianas-estao-em-situacao-de-emergencia-por-estiagem\/#blogposting","name":"Quatro cidades baianas est\u00e3o em situa\u00e7\u00e3o de emerg\u00eancia por estiagem - News In Foco - Editado por Caio Pimenta","headline":"Quatro cidades baianas est\u00e3o em situa\u00e7\u00e3o de emerg\u00eancia por estiagem","author":{"@id":"https:\/\/newsinfoco.com.br\/inicio\/author\/administrador\/#author"},"publisher":{"@id":"https:\/\/newsinfoco.com.br\/inicio\/#organization"},"image":{"@type":"ImageObject","url":"https:\/\/newsinfoco.com.br\/inicio\/wp-content\/uploads\/2025\/08\/semiarido_seca-3.jpg","width":600,"height":420},"datePublished":"2025-08-11T15:50:40-03:00","dateModified":"2025-08-11T15:50:40-03:00","inLanguage":"pt-BR","mainEntityOfPage":{"@id":"https:\/\/newsinfoco.com.br\/inicio\/quatro-cidades-baianas-estao-em-situacao-de-emergencia-por-estiagem\/#webpage"},"isPartOf":{"@id":"https:\/\/newsinfoco.com.br\/inicio\/quatro-cidades-baianas-estao-em-situacao-de-emergencia-por-estiagem\/#webpage"},"articleSection":"Bahia"},{"@type":"BreadcrumbList","@id":"https:\/\/newsinfoco.com.br\/inicio\/quatro-cidades-baianas-estao-em-situacao-de-emergencia-por-estiagem\/#breadcrumblist","itemListElement":[{"@type":"ListItem","@id":"https:\/\/newsinfoco.com.br\/inicio#listItem","position":1,"name":"In\u00edcio","item":"https:\/\/newsinfoco.com.br\/inicio","nextItem":{"@type":"ListItem","@id":"https:\/\/newsinfoco.com.br\/inicio\/category\/bahia\/#listItem","name":"Bahia"}},{"@type":"ListItem","@id":"https:\/\/newsinfoco.com.br\/inicio\/category\/bahia\/#listItem","position":2,"name":"Bahia","item":"https:\/\/newsinfoco.com.br\/inicio\/category\/bahia\/","nextItem":{"@type":"ListItem","@id":"https:\/\/newsinfoco.com.br\/inicio\/quatro-cidades-baianas-estao-em-situacao-de-emergencia-por-estiagem\/#listItem","name":"Quatro cidades baianas est\u00e3o em situa\u00e7\u00e3o de emerg\u00eancia por estiagem"},"previousItem":{"@type":"ListItem","@id":"https:\/\/newsinfoco.com.br\/inicio#listItem","name":"In\u00edcio"}},{"@type":"ListItem","@id":"https:\/\/newsinfoco.com.br\/inicio\/quatro-cidades-baianas-estao-em-situacao-de-emergencia-por-estiagem\/#listItem","position":3,"name":"Quatro cidades baianas est\u00e3o em situa\u00e7\u00e3o de emerg\u00eancia por estiagem","previousItem":{"@type":"ListItem","@id":"https:\/\/newsinfoco.com.br\/inicio\/category\/bahia\/#listItem","name":"Bahia"}}]},{"@type":"Organization","@id":"https:\/\/newsinfoco.com.br\/inicio\/#organization","name":"News In Foco - Editado por Caio Pimenta","description":"O principal site de noticias de Alagoinhas e regi\u00e3o","url":"https:\/\/newsinfoco.com.br\/inicio\/"},{"@type":"Person","@id":"https:\/\/newsinfoco.com.br\/inicio\/author\/administrador\/#author","url":"https:\/\/newsinfoco.com.br\/inicio\/author\/administrador\/","name":"administrador","image":{"@type":"ImageObject","@id":"https:\/\/newsinfoco.com.br\/inicio\/quatro-cidades-baianas-estao-em-situacao-de-emergencia-por-estiagem\/#authorImage","url":"https:\/\/secure.gravatar.com\/avatar\/c17a617433de8c1dc9584bb79aab7563b46f5bb7e1728c9b17d9cc3ce6a08e49?s=96&d=mm&r=g","width":96,"height":96,"caption":"administrador"}},{"@type":"WebPage","@id":"https:\/\/newsinfoco.com.br\/inicio\/quatro-cidades-baianas-estao-em-situacao-de-emergencia-por-estiagem\/#webpage","url":"https:\/\/newsinfoco.com.br\/inicio\/quatro-cidades-baianas-estao-em-situacao-de-emergencia-por-estiagem\/","name":"Quatro cidades baianas est\u00e3o em situa\u00e7\u00e3o de emerg\u00eancia por estiagem - News In Foco - Editado por Caio Pimenta","description":"O governo da Bahia reconheceu a situa\u00e7\u00e3o de emerg\u00eancia em quatro munic\u00edpios do estados: Canudos, \u00c1gua Fria, Pirip\u00e1 e Brotas de Maca\u00fabas, por causa da estiagem, que afeta diretamente as atividades econ\u00f4micas da regi\u00e3o. Os casos foram publicados no Di\u00e1rio Oficial do Estado (DOE), assinado pelo governador Jer\u00f4nimo Rodrigues (PT), e pelo secret\u00e1rio da Casa Civil, Afonso","inLanguage":"pt-BR","isPartOf":{"@id":"https:\/\/newsinfoco.com.br\/inicio\/#website"},"breadcrumb":{"@id":"https:\/\/newsinfoco.com.br\/inicio\/quatro-cidades-baianas-estao-em-situacao-de-emergencia-por-estiagem\/#breadcrumblist"},"author":{"@id":"https:\/\/newsinfoco.com.br\/inicio\/author\/administrador\/#author"},"creator":{"@id":"https:\/\/newsinfoco.com.br\/inicio\/author\/administrador\/#author"},"image":{"@type":"ImageObject","url":"https:\/\/newsinfoco.com.br\/inicio\/wp-content\/uploads\/2025\/08\/semiarido_seca-3.jpg","@id":"https:\/\/newsinfoco.com.br\/inicio\/quatro-cidades-baianas-estao-em-situacao-de-emergencia-por-estiagem\/#mainImage","width":600,"height":420},"primaryImageOfPage":{"@id":"https:\/\/newsinfoco.com.br\/inicio\/quatro-cidades-baianas-estao-em-situacao-de-emergencia-por-estiagem\/#mainImage"},"datePublished":"2025-08-11T15:50:40-03:00","dateModified":"2025-08-11T15:50:40-03:00"},{"@type":"WebSite","@id":"https:\/\/newsinfoco.com.br\/inicio\/#website","url":"https:\/\/newsinfoco.com.br\/inicio\/","name":"News In Foco - Editado por Caio Pimenta","description":"O principal site de noticias de Alagoinhas e regi\u00e3o","inLanguage":"pt-BR","publisher":{"@id":"https:\/\/newsinfoco.com.br\/inicio\/#organization"}}]},"og:locale":"pt_BR","og:site_name":"News In Foco - Editado por Caio Pimenta - O principal site de noticias de Alagoinhas e regi\u00e3o","og:type":"article","og:title":"Quatro cidades baianas est\u00e3o em situa\u00e7\u00e3o de emerg\u00eancia por estiagem - News In Foco - Editado por Caio Pimenta","og:description":"O governo da Bahia reconheceu a situa\u00e7\u00e3o de emerg\u00eancia em quatro munic\u00edpios do estados: Canudos, \u00c1gua Fria, Pirip\u00e1 e Brotas de Maca\u00fabas, por causa da estiagem, que afeta diretamente as atividades econ\u00f4micas da regi\u00e3o. Os casos foram publicados no Di\u00e1rio Oficial do Estado (DOE), assinado pelo governador Jer\u00f4nimo Rodrigues (PT), e pelo secret\u00e1rio da Casa Civil, Afonso","og:url":"https:\/\/newsinfoco.com.br\/inicio\/quatro-cidades-baianas-estao-em-situacao-de-emergencia-por-estiagem\/","article:published_time":"2025-08-11T18:50:40+00:00","article:modified_time":"2025-08-11T18:50:40+00:00","twitter:card":"summary_large_image","twitter:title":"Quatro cidades baianas est\u00e3o em situa\u00e7\u00e3o de emerg\u00eancia por estiagem - News In Foco - Editado por Caio Pimenta","twitter:description":"O governo da Bahia reconheceu a situa\u00e7\u00e3o de emerg\u00eancia em quatro munic\u00edpios do estados: Canudos, \u00c1gua Fria, Pirip\u00e1 e Brotas de Maca\u00fabas, por causa da estiagem, que afeta diretamente as atividades econ\u00f4micas da regi\u00e3o. Os casos foram publicados no Di\u00e1rio Oficial do Estado (DOE), assinado pelo governador Jer\u00f4nimo Rodrigues (PT), e pelo secret\u00e1rio da Casa Civil, Afonso"},"aioseo_meta_data":{"post_id":"44117","title":null,"description":null,"keywords":null,"keyphrases":{"focus":{"keyphrase":"","score":0,"analysis":{"keyphraseInTitle":{"score":0,"maxScore":9,"error":1}}},"additional":[]},"primary_term":null,"canonical_url":null,"og_title":null,"og_description":null,"og_object_type":"default","og_image_type":"default","og_image_url":null,"og_image_width":null,"og_image_height":null,"og_image_custom_url":null,"og_image_custom_fields":null,"og_video":"","og_custom_url":null,"og_article_section":null,"og_article_tags":null,"twitter_use_og":false,"twitter_card":"default","twitter_image_type":"default","twitter_image_url":null,"twitter_image_custom_url":null,"twitter_image_custom_fields":null,"twitter_title":null,"twitter_description":null,"schema":{"blockGraphs":[],"customGraphs":[],"default":{"data":{"Article":[],"Course":[],"Dataset":[],"FAQPage":[],"Movie":[],"Person":[],"Product":[],"ProductReview":[],"Car":[],"Recipe":[],"Service":[],"SoftwareApplication":[],"WebPage":[]},"graphName":"BlogPosting","isEnabled":true},"graphs":[]},"schema_type":"default","schema_type_options":null,"pillar_content":false,"robots_default":true,"robots_noindex":false,"robots_noarchive":false,"robots_nosnippet":false,"robots_nofollow":false,"robots_noimageindex":false,"robots_noodp":false,"robots_notranslate":false,"robots_max_snippet":"-1","robots_max_videopreview":"-1","robots_max_imagepreview":"large","priority":null,"frequency":"default","local_seo":null,"breadcrumb_settings":null,"limit_modified_date":false,"ai":{"faqs":[],"keyPoints":[],"titles":[],"descriptions":[],"socialPosts":{"email":[],"linkedin":[],"twitter":[],"facebook":[],"instagram":[]}},"created":"2025-08-11 18:50:41","updated":"2025-08-11 18:52:13","seo_analyzer_scan_date":null},"aioseo_breadcrumb":"<div class=\"aioseo-breadcrumbs\"><span class=\"aioseo-breadcrumb\">\n\t\t\t<a href=\"https:\/\/newsinfoco.com.br\/inicio\" title=\"In\u00edcio\">In\u00edcio<\/a>\n\t\t<\/span><span class=\"aioseo-breadcrumb-separator\">&raquo;<\/span><span class=\"aioseo-breadcrumb\">\n\t\t\t<a href=\"https:\/\/newsinfoco.com.br\/inicio\/category\/bahia\/\" title=\"Bahia\">Bahia<\/a>\n\t\t<\/span><span class=\"aioseo-breadcrumb-separator\">&raquo;<\/span><span class=\"aioseo-breadcrumb\">\n\t\t\tQuatro cidades baianas est\u00e3o em situa\u00e7\u00e3o de emerg\u00eancia por estiagem\n\t\t<\/span><\/div>","aioseo_breadcrumb_json":[{"label":"In\u00edcio","link":"https:\/\/newsinfoco.com.br\/inicio"},{"label":"Bahia","link":"https:\/\/newsinfoco.com.br\/inicio\/category\/bahia\/"},{"label":"Quatro cidades baianas est\u00e3o em situa\u00e7\u00e3o de emerg\u00eancia por estiagem","link":"https:\/\/newsinfoco.com.br\/inicio\/quatro-cidades-baianas-estao-em-situacao-de-emergencia-por-estiagem\/"}],"_links":{"self":[{"href":"https:\/\/newsinfoco.com.br\/inicio\/wp-json\/wp\/v2\/posts\/44117","targetHints":{"allow":["GET"]}}],"collection":[{"href":"https:\/\/newsinfoco.com.br\/inicio\/wp-json\/wp\/v2\/posts"}],"about":[{"href":"https:\/\/newsinfoco.com.br\/inicio\/wp-json\/wp\/v2\/types\/post"}],"author":[{"embeddable":true,"href":"https:\/\/newsinfoco.com.br\/inicio\/wp-json\/wp\/v2\/users\/1"}],"replies":[{"embeddable":true,"href":"https:\/\/newsinfoco.com.br\/inicio\/wp-json\/wp\/v2\/comments?post=44117"}],"version-history":[{"count":1,"href":"https:\/\/newsinfoco.com.br\/inicio\/wp-json\/wp\/v2\/posts\/44117\/revisions"}],"predecessor-version":[{"id":44119,"href":"https:\/\/newsinfoco.com.br\/inicio\/wp-json\/wp\/v2\/posts\/44117\/revisions\/44119"}],"wp:featuredmedia":[{"embeddable":true,"href":"https:\/\/newsinfoco.com.br\/inicio\/wp-json\/wp\/v2\/media\/44118"}],"wp:attachment":[{"href":"https:\/\/newsinfoco.com.br\/inicio\/wp-json\/wp\/v2\/media?parent=44117"}],"wp:term":[{"taxonomy":"category","embeddable":true,"href":"https:\/\/newsinfoco.com.br\/inicio\/wp-json\/wp\/v2\/categories?post=44117"},{"taxonomy":"post_tag","embeddable":true,"href":"https:\/\/newsinfoco.com.br\/inicio\/wp-json\/wp\/v2\/tags?post=44117"}],"curies":[{"name":"wp","href":"https:\/\/api.w.org\/{rel}","templated":true}]}}