{"id":44120,"date":"2025-08-11T15:57:58","date_gmt":"2025-08-11T18:57:58","guid":{"rendered":"https:\/\/newsinfoco.com.br\/inicio\/?p=44120"},"modified":"2025-08-11T15:57:58","modified_gmt":"2025-08-11T18:57:58","slug":"gilberto-gil-anuncia-novo-show-da-turne-tempo-rei-em-salvador-saiba-data","status":"publish","type":"post","link":"https:\/\/newsinfoco.com.br\/inicio\/gilberto-gil-anuncia-novo-show-da-turne-tempo-rei-em-salvador-saiba-data\/","title":{"rendered":"Gilberto Gil anuncia novo show da turn\u00ea \u2018Tempo Rei\u2019 em Salvador; saiba data"},"content":{"rendered":"<p>O cantor Gilberto Gil, 83, confirmou mais um show da turn\u00ea \u201cTempo Rei\u201d, em Salvador. O an\u00fancio foi feito pelo artista durante o Dia dos Pais, no domingo (10).<\/p>\n<p>A pr\u00f3xima apresenta\u00e7\u00e3o de Gilberto Gil na capital baiana est\u00e1 marcada para 20 de dezembro, na Casa de Apostas Arena Fonte Nova. Em um v\u00eddeo compartilhado no Instagram, o cantor afirmou ter \u201cfinalmente\u201d conseguido uma nova data.<\/p>\n<p>\u201cSalvador, finalmente conseguimos uma data. \u2018Tempo Rei\u2019 volta para Salvador dia 20 de dezembro\u201d, disse.<\/p>\n<p>A data para abertura da venda dos ingressos ainda n\u00e3o foi divulgada. Em entrevista ao Al\u00f4 Al\u00f4 Bahia, Flora Gil, esposa do empres\u00e1rio, afirmou que os convidados para o show em Salvador ser\u00e3o \u201cmuito especiais\u201d<\/p>\n<p><strong>Onde tudo come\u00e7ou\u00a0<\/strong><\/p>\n<p>A turn\u00ea \u201cTempo Rei\u201d teve in\u00edcio em Salvador, em 15 de mar\u00e7o. A abertura da despedida de Gilberto Gil dos palcos contou com homenagens a P<a href=\"https:\/\/bahia.ba\/entretenimento\/gilberto-gil-revela-data-de-retorno-aos-palcos-apos-morte-de-preta-gil\/\">reta Gil (1974-2025), que na \u00e9poca enfrentava a batalha contra o c\u00e2ncer<\/a>. A cantora, que acompanhou o show da arquibancada, emocionou-se durante a apresenta\u00e7\u00e3o do pai.<\/p>\n<p>. Bahia.Ba<\/p>\n<div class='share-to-whatsapp-wrapper'><div class='share-on-whsp'>Share on: <\/div><a data-text='Gilberto Gil anuncia novo show da turn\u00ea \u2018Tempo Rei\u2019 em Salvador; saiba data' data-link='https:\/\/newsinfoco.com.br\/inicio\/gilberto-gil-anuncia-novo-show-da-turne-tempo-rei-em-salvador-saiba-data\/' class='whatsapp-button whatsapp-share'>WhatsApp<\/a><div class='clear '><\/div><\/div>","protected":false},"excerpt":{"rendered":"<p>O cantor Gilberto Gil, 83, confirmou mais um show da turn\u00ea \u201cTempo Rei\u201d, em Salvador. O an\u00fancio foi feito pelo artista durante o Dia dos Pais, no domingo (10). A pr\u00f3xima apresenta\u00e7\u00e3o de Gilberto Gil na capital baiana est\u00e1 marcada para 20 de dezembro, na Casa de Apostas Arena Fonte Nova. Em um v\u00eddeo compartilhado [&hellip;]<\/p>\n","protected":false},"author":1,"featured_media":44121,"comment_status":"closed","ping_status":"closed","sticky":false,"template":"","format":"standard","meta":{"om_disable_all_campaigns":false,"rop_custom_images_group":[],"rop_custom_messages_group":[],"rop_publish_now":"initial","rop_publish_now_accounts":[],"rop_publish_now_history":[],"rop_publish_now_status":"pending","_exactmetrics_skip_tracking":false,"footnotes":""},"categories":[19],"tags":[],"class_list":["post-44120","post","type-post","status-publish","format-standard","has-post-thumbnail","hentry","category-bahia"],"aioseo_notices":[],"aioseo_head":"\n\t\t<!-- All in One SEO 4.9.10 - aioseo.com -->\n\t<meta name=\"description\" content=\"O cantor Gilberto Gil, 83, confirmou mais um show da turn\u00ea \u201cTempo Rei\u201d, em Salvador. O an\u00fancio foi feito pelo artista durante o Dia dos Pais, no domingo (10). A pr\u00f3xima apresenta\u00e7\u00e3o de Gilberto Gil na capital baiana est\u00e1 marcada para 20 de dezembro, na Casa de Apostas Arena Fonte Nova. Em um v\u00eddeo compartilhado\" \/>\n\t<meta name=\"robots\" content=\"max-image-preview:large\" \/>\n\t<meta name=\"author\" content=\"administrador\"\/>\n\t<link rel=\"canonical\" href=\"https:\/\/newsinfoco.com.br\/inicio\/gilberto-gil-anuncia-novo-show-da-turne-tempo-rei-em-salvador-saiba-data\/\" \/>\n\t<meta name=\"generator\" content=\"All in One SEO (AIOSEO) 4.9.10\" \/>\n\t\t<meta property=\"og:locale\" content=\"pt_BR\" \/>\n\t\t<meta property=\"og:site_name\" content=\"News In Foco - Editado por Caio Pimenta - O principal site de noticias de Alagoinhas e regi\u00e3o\" \/>\n\t\t<meta property=\"og:type\" content=\"article\" \/>\n\t\t<meta property=\"og:title\" content=\"Gilberto Gil anuncia novo show da turn\u00ea \u2018Tempo Rei\u2019 em Salvador; saiba data - News In Foco - Editado por Caio Pimenta\" \/>\n\t\t<meta property=\"og:description\" content=\"O cantor Gilberto Gil, 83, confirmou mais um show da turn\u00ea \u201cTempo Rei\u201d, em Salvador. O an\u00fancio foi feito pelo artista durante o Dia dos Pais, no domingo (10). A pr\u00f3xima apresenta\u00e7\u00e3o de Gilberto Gil na capital baiana est\u00e1 marcada para 20 de dezembro, na Casa de Apostas Arena Fonte Nova. Em um v\u00eddeo compartilhado\" \/>\n\t\t<meta property=\"og:url\" content=\"https:\/\/newsinfoco.com.br\/inicio\/gilberto-gil-anuncia-novo-show-da-turne-tempo-rei-em-salvador-saiba-data\/\" \/>\n\t\t<meta property=\"article:published_time\" content=\"2025-08-11T18:57:58+00:00\" \/>\n\t\t<meta property=\"article:modified_time\" content=\"2025-08-11T18:57:58+00:00\" \/>\n\t\t<meta name=\"twitter:card\" content=\"summary_large_image\" \/>\n\t\t<meta name=\"twitter:title\" content=\"Gilberto Gil anuncia novo show da turn\u00ea \u2018Tempo Rei\u2019 em Salvador; saiba data - News In Foco - Editado por Caio Pimenta\" \/>\n\t\t<meta name=\"twitter:description\" content=\"O cantor Gilberto Gil, 83, confirmou mais um show da turn\u00ea \u201cTempo Rei\u201d, em Salvador. O an\u00fancio foi feito pelo artista durante o Dia dos Pais, no domingo (10). A pr\u00f3xima apresenta\u00e7\u00e3o de Gilberto Gil na capital baiana est\u00e1 marcada para 20 de dezembro, na Casa de Apostas Arena Fonte Nova. Em um v\u00eddeo compartilhado\" \/>\n\t\t<script type=\"application\/ld+json\" class=\"aioseo-schema\">\n\t\t\t{\"@context\":\"https:\\\/\\\/schema.org\",\"@graph\":[{\"@type\":\"BlogPosting\",\"@id\":\"https:\\\/\\\/newsinfoco.com.br\\\/inicio\\\/gilberto-gil-anuncia-novo-show-da-turne-tempo-rei-em-salvador-saiba-data\\\/#blogposting\",\"name\":\"Gilberto Gil anuncia novo show da turn\\u00ea \\u2018Tempo Rei\\u2019 em Salvador; saiba data - News In Foco - Editado por Caio Pimenta\",\"headline\":\"Gilberto Gil anuncia novo show da turn\\u00ea \\u2018Tempo Rei\\u2019 em Salvador; saiba data\",\"author\":{\"@id\":\"https:\\\/\\\/newsinfoco.com.br\\\/inicio\\\/author\\\/administrador\\\/#author\"},\"publisher\":{\"@id\":\"https:\\\/\\\/newsinfoco.com.br\\\/inicio\\\/#organization\"},\"image\":{\"@type\":\"ImageObject\",\"url\":\"https:\\\/\\\/newsinfoco.com.br\\\/inicio\\\/wp-content\\\/uploads\\\/2025\\\/08\\\/GILBERTO-GIL.png\",\"width\":600,\"height\":420},\"datePublished\":\"2025-08-11T15:57:58-03:00\",\"dateModified\":\"2025-08-11T15:57:58-03:00\",\"inLanguage\":\"pt-BR\",\"mainEntityOfPage\":{\"@id\":\"https:\\\/\\\/newsinfoco.com.br\\\/inicio\\\/gilberto-gil-anuncia-novo-show-da-turne-tempo-rei-em-salvador-saiba-data\\\/#webpage\"},\"isPartOf\":{\"@id\":\"https:\\\/\\\/newsinfoco.com.br\\\/inicio\\\/gilberto-gil-anuncia-novo-show-da-turne-tempo-rei-em-salvador-saiba-data\\\/#webpage\"},\"articleSection\":\"Bahia\"},{\"@type\":\"BreadcrumbList\",\"@id\":\"https:\\\/\\\/newsinfoco.com.br\\\/inicio\\\/gilberto-gil-anuncia-novo-show-da-turne-tempo-rei-em-salvador-saiba-data\\\/#breadcrumblist\",\"itemListElement\":[{\"@type\":\"ListItem\",\"@id\":\"https:\\\/\\\/newsinfoco.com.br\\\/inicio#listItem\",\"position\":1,\"name\":\"In\\u00edcio\",\"item\":\"https:\\\/\\\/newsinfoco.com.br\\\/inicio\",\"nextItem\":{\"@type\":\"ListItem\",\"@id\":\"https:\\\/\\\/newsinfoco.com.br\\\/inicio\\\/category\\\/bahia\\\/#listItem\",\"name\":\"Bahia\"}},{\"@type\":\"ListItem\",\"@id\":\"https:\\\/\\\/newsinfoco.com.br\\\/inicio\\\/category\\\/bahia\\\/#listItem\",\"position\":2,\"name\":\"Bahia\",\"item\":\"https:\\\/\\\/newsinfoco.com.br\\\/inicio\\\/category\\\/bahia\\\/\",\"nextItem\":{\"@type\":\"ListItem\",\"@id\":\"https:\\\/\\\/newsinfoco.com.br\\\/inicio\\\/gilberto-gil-anuncia-novo-show-da-turne-tempo-rei-em-salvador-saiba-data\\\/#listItem\",\"name\":\"Gilberto Gil anuncia novo show da turn\\u00ea \\u2018Tempo Rei\\u2019 em Salvador; saiba data\"},\"previousItem\":{\"@type\":\"ListItem\",\"@id\":\"https:\\\/\\\/newsinfoco.com.br\\\/inicio#listItem\",\"name\":\"In\\u00edcio\"}},{\"@type\":\"ListItem\",\"@id\":\"https:\\\/\\\/newsinfoco.com.br\\\/inicio\\\/gilberto-gil-anuncia-novo-show-da-turne-tempo-rei-em-salvador-saiba-data\\\/#listItem\",\"position\":3,\"name\":\"Gilberto Gil anuncia novo show da turn\\u00ea \\u2018Tempo Rei\\u2019 em Salvador; saiba data\",\"previousItem\":{\"@type\":\"ListItem\",\"@id\":\"https:\\\/\\\/newsinfoco.com.br\\\/inicio\\\/category\\\/bahia\\\/#listItem\",\"name\":\"Bahia\"}}]},{\"@type\":\"Organization\",\"@id\":\"https:\\\/\\\/newsinfoco.com.br\\\/inicio\\\/#organization\",\"name\":\"News In Foco - Editado por Caio Pimenta\",\"description\":\"O principal site de noticias de Alagoinhas e regi\\u00e3o\",\"url\":\"https:\\\/\\\/newsinfoco.com.br\\\/inicio\\\/\"},{\"@type\":\"Person\",\"@id\":\"https:\\\/\\\/newsinfoco.com.br\\\/inicio\\\/author\\\/administrador\\\/#author\",\"url\":\"https:\\\/\\\/newsinfoco.com.br\\\/inicio\\\/author\\\/administrador\\\/\",\"name\":\"administrador\",\"image\":{\"@type\":\"ImageObject\",\"@id\":\"https:\\\/\\\/newsinfoco.com.br\\\/inicio\\\/gilberto-gil-anuncia-novo-show-da-turne-tempo-rei-em-salvador-saiba-data\\\/#authorImage\",\"url\":\"https:\\\/\\\/secure.gravatar.com\\\/avatar\\\/c17a617433de8c1dc9584bb79aab7563b46f5bb7e1728c9b17d9cc3ce6a08e49?s=96&d=mm&r=g\",\"width\":96,\"height\":96,\"caption\":\"administrador\"}},{\"@type\":\"WebPage\",\"@id\":\"https:\\\/\\\/newsinfoco.com.br\\\/inicio\\\/gilberto-gil-anuncia-novo-show-da-turne-tempo-rei-em-salvador-saiba-data\\\/#webpage\",\"url\":\"https:\\\/\\\/newsinfoco.com.br\\\/inicio\\\/gilberto-gil-anuncia-novo-show-da-turne-tempo-rei-em-salvador-saiba-data\\\/\",\"name\":\"Gilberto Gil anuncia novo show da turn\\u00ea \\u2018Tempo Rei\\u2019 em Salvador; saiba data - News In Foco - Editado por Caio Pimenta\",\"description\":\"O cantor Gilberto Gil, 83, confirmou mais um show da turn\\u00ea \\u201cTempo Rei\\u201d, em Salvador. O an\\u00fancio foi feito pelo artista durante o Dia dos Pais, no domingo (10). A pr\\u00f3xima apresenta\\u00e7\\u00e3o de Gilberto Gil na capital baiana est\\u00e1 marcada para 20 de dezembro, na Casa de Apostas Arena Fonte Nova. Em um v\\u00eddeo compartilhado\",\"inLanguage\":\"pt-BR\",\"isPartOf\":{\"@id\":\"https:\\\/\\\/newsinfoco.com.br\\\/inicio\\\/#website\"},\"breadcrumb\":{\"@id\":\"https:\\\/\\\/newsinfoco.com.br\\\/inicio\\\/gilberto-gil-anuncia-novo-show-da-turne-tempo-rei-em-salvador-saiba-data\\\/#breadcrumblist\"},\"author\":{\"@id\":\"https:\\\/\\\/newsinfoco.com.br\\\/inicio\\\/author\\\/administrador\\\/#author\"},\"creator\":{\"@id\":\"https:\\\/\\\/newsinfoco.com.br\\\/inicio\\\/author\\\/administrador\\\/#author\"},\"image\":{\"@type\":\"ImageObject\",\"url\":\"https:\\\/\\\/newsinfoco.com.br\\\/inicio\\\/wp-content\\\/uploads\\\/2025\\\/08\\\/GILBERTO-GIL.png\",\"@id\":\"https:\\\/\\\/newsinfoco.com.br\\\/inicio\\\/gilberto-gil-anuncia-novo-show-da-turne-tempo-rei-em-salvador-saiba-data\\\/#mainImage\",\"width\":600,\"height\":420},\"primaryImageOfPage\":{\"@id\":\"https:\\\/\\\/newsinfoco.com.br\\\/inicio\\\/gilberto-gil-anuncia-novo-show-da-turne-tempo-rei-em-salvador-saiba-data\\\/#mainImage\"},\"datePublished\":\"2025-08-11T15:57:58-03:00\",\"dateModified\":\"2025-08-11T15:57:58-03:00\"},{\"@type\":\"WebSite\",\"@id\":\"https:\\\/\\\/newsinfoco.com.br\\\/inicio\\\/#website\",\"url\":\"https:\\\/\\\/newsinfoco.com.br\\\/inicio\\\/\",\"name\":\"News In Foco - Editado por Caio Pimenta\",\"description\":\"O principal site de noticias de Alagoinhas e regi\\u00e3o\",\"inLanguage\":\"pt-BR\",\"publisher\":{\"@id\":\"https:\\\/\\\/newsinfoco.com.br\\\/inicio\\\/#organization\"}}]}\n\t\t<\/script>\n\t\t<!-- All in One SEO -->\n\n","aioseo_head_json":{"title":"Gilberto Gil anuncia novo show da turn\u00ea \u2018Tempo Rei\u2019 em Salvador; saiba data - News In Foco - Editado por Caio Pimenta","description":"O cantor Gilberto Gil, 83, confirmou mais um show da turn\u00ea \u201cTempo Rei\u201d, em Salvador. O an\u00fancio foi feito pelo artista durante o Dia dos Pais, no domingo (10). A pr\u00f3xima apresenta\u00e7\u00e3o de Gilberto Gil na capital baiana est\u00e1 marcada para 20 de dezembro, na Casa de Apostas Arena Fonte Nova. Em um v\u00eddeo compartilhado","canonical_url":"https:\/\/newsinfoco.com.br\/inicio\/gilberto-gil-anuncia-novo-show-da-turne-tempo-rei-em-salvador-saiba-data\/","robots":"max-image-preview:large","keywords":"","webmasterTools":{"miscellaneous":""},"schema":{"@context":"https:\/\/schema.org","@graph":[{"@type":"BlogPosting","@id":"https:\/\/newsinfoco.com.br\/inicio\/gilberto-gil-anuncia-novo-show-da-turne-tempo-rei-em-salvador-saiba-data\/#blogposting","name":"Gilberto Gil anuncia novo show da turn\u00ea \u2018Tempo Rei\u2019 em Salvador; saiba data - News In Foco - Editado por Caio Pimenta","headline":"Gilberto Gil anuncia novo show da turn\u00ea \u2018Tempo Rei\u2019 em Salvador; saiba data","author":{"@id":"https:\/\/newsinfoco.com.br\/inicio\/author\/administrador\/#author"},"publisher":{"@id":"https:\/\/newsinfoco.com.br\/inicio\/#organization"},"image":{"@type":"ImageObject","url":"https:\/\/newsinfoco.com.br\/inicio\/wp-content\/uploads\/2025\/08\/GILBERTO-GIL.png","width":600,"height":420},"datePublished":"2025-08-11T15:57:58-03:00","dateModified":"2025-08-11T15:57:58-03:00","inLanguage":"pt-BR","mainEntityOfPage":{"@id":"https:\/\/newsinfoco.com.br\/inicio\/gilberto-gil-anuncia-novo-show-da-turne-tempo-rei-em-salvador-saiba-data\/#webpage"},"isPartOf":{"@id":"https:\/\/newsinfoco.com.br\/inicio\/gilberto-gil-anuncia-novo-show-da-turne-tempo-rei-em-salvador-saiba-data\/#webpage"},"articleSection":"Bahia"},{"@type":"BreadcrumbList","@id":"https:\/\/newsinfoco.com.br\/inicio\/gilberto-gil-anuncia-novo-show-da-turne-tempo-rei-em-salvador-saiba-data\/#breadcrumblist","itemListElement":[{"@type":"ListItem","@id":"https:\/\/newsinfoco.com.br\/inicio#listItem","position":1,"name":"In\u00edcio","item":"https:\/\/newsinfoco.com.br\/inicio","nextItem":{"@type":"ListItem","@id":"https:\/\/newsinfoco.com.br\/inicio\/category\/bahia\/#listItem","name":"Bahia"}},{"@type":"ListItem","@id":"https:\/\/newsinfoco.com.br\/inicio\/category\/bahia\/#listItem","position":2,"name":"Bahia","item":"https:\/\/newsinfoco.com.br\/inicio\/category\/bahia\/","nextItem":{"@type":"ListItem","@id":"https:\/\/newsinfoco.com.br\/inicio\/gilberto-gil-anuncia-novo-show-da-turne-tempo-rei-em-salvador-saiba-data\/#listItem","name":"Gilberto Gil anuncia novo show da turn\u00ea \u2018Tempo Rei\u2019 em Salvador; saiba data"},"previousItem":{"@type":"ListItem","@id":"https:\/\/newsinfoco.com.br\/inicio#listItem","name":"In\u00edcio"}},{"@type":"ListItem","@id":"https:\/\/newsinfoco.com.br\/inicio\/gilberto-gil-anuncia-novo-show-da-turne-tempo-rei-em-salvador-saiba-data\/#listItem","position":3,"name":"Gilberto Gil anuncia novo show da turn\u00ea \u2018Tempo Rei\u2019 em Salvador; saiba data","previousItem":{"@type":"ListItem","@id":"https:\/\/newsinfoco.com.br\/inicio\/category\/bahia\/#listItem","name":"Bahia"}}]},{"@type":"Organization","@id":"https:\/\/newsinfoco.com.br\/inicio\/#organization","name":"News In Foco - Editado por Caio Pimenta","description":"O principal site de noticias de Alagoinhas e regi\u00e3o","url":"https:\/\/newsinfoco.com.br\/inicio\/"},{"@type":"Person","@id":"https:\/\/newsinfoco.com.br\/inicio\/author\/administrador\/#author","url":"https:\/\/newsinfoco.com.br\/inicio\/author\/administrador\/","name":"administrador","image":{"@type":"ImageObject","@id":"https:\/\/newsinfoco.com.br\/inicio\/gilberto-gil-anuncia-novo-show-da-turne-tempo-rei-em-salvador-saiba-data\/#authorImage","url":"https:\/\/secure.gravatar.com\/avatar\/c17a617433de8c1dc9584bb79aab7563b46f5bb7e1728c9b17d9cc3ce6a08e49?s=96&d=mm&r=g","width":96,"height":96,"caption":"administrador"}},{"@type":"WebPage","@id":"https:\/\/newsinfoco.com.br\/inicio\/gilberto-gil-anuncia-novo-show-da-turne-tempo-rei-em-salvador-saiba-data\/#webpage","url":"https:\/\/newsinfoco.com.br\/inicio\/gilberto-gil-anuncia-novo-show-da-turne-tempo-rei-em-salvador-saiba-data\/","name":"Gilberto Gil anuncia novo show da turn\u00ea \u2018Tempo Rei\u2019 em Salvador; saiba data - News In Foco - Editado por Caio Pimenta","description":"O cantor Gilberto Gil, 83, confirmou mais um show da turn\u00ea \u201cTempo Rei\u201d, em Salvador. O an\u00fancio foi feito pelo artista durante o Dia dos Pais, no domingo (10). A pr\u00f3xima apresenta\u00e7\u00e3o de Gilberto Gil na capital baiana est\u00e1 marcada para 20 de dezembro, na Casa de Apostas Arena Fonte Nova. Em um v\u00eddeo compartilhado","inLanguage":"pt-BR","isPartOf":{"@id":"https:\/\/newsinfoco.com.br\/inicio\/#website"},"breadcrumb":{"@id":"https:\/\/newsinfoco.com.br\/inicio\/gilberto-gil-anuncia-novo-show-da-turne-tempo-rei-em-salvador-saiba-data\/#breadcrumblist"},"author":{"@id":"https:\/\/newsinfoco.com.br\/inicio\/author\/administrador\/#author"},"creator":{"@id":"https:\/\/newsinfoco.com.br\/inicio\/author\/administrador\/#author"},"image":{"@type":"ImageObject","url":"https:\/\/newsinfoco.com.br\/inicio\/wp-content\/uploads\/2025\/08\/GILBERTO-GIL.png","@id":"https:\/\/newsinfoco.com.br\/inicio\/gilberto-gil-anuncia-novo-show-da-turne-tempo-rei-em-salvador-saiba-data\/#mainImage","width":600,"height":420},"primaryImageOfPage":{"@id":"https:\/\/newsinfoco.com.br\/inicio\/gilberto-gil-anuncia-novo-show-da-turne-tempo-rei-em-salvador-saiba-data\/#mainImage"},"datePublished":"2025-08-11T15:57:58-03:00","dateModified":"2025-08-11T15:57:58-03:00"},{"@type":"WebSite","@id":"https:\/\/newsinfoco.com.br\/inicio\/#website","url":"https:\/\/newsinfoco.com.br\/inicio\/","name":"News In Foco - Editado por Caio Pimenta","description":"O principal site de noticias de Alagoinhas e regi\u00e3o","inLanguage":"pt-BR","publisher":{"@id":"https:\/\/newsinfoco.com.br\/inicio\/#organization"}}]},"og:locale":"pt_BR","og:site_name":"News In Foco - Editado por Caio Pimenta - O principal site de noticias de Alagoinhas e regi\u00e3o","og:type":"article","og:title":"Gilberto Gil anuncia novo show da turn\u00ea \u2018Tempo Rei\u2019 em Salvador; saiba data - News In Foco - Editado por Caio Pimenta","og:description":"O cantor Gilberto Gil, 83, confirmou mais um show da turn\u00ea \u201cTempo Rei\u201d, em Salvador. O an\u00fancio foi feito pelo artista durante o Dia dos Pais, no domingo (10). A pr\u00f3xima apresenta\u00e7\u00e3o de Gilberto Gil na capital baiana est\u00e1 marcada para 20 de dezembro, na Casa de Apostas Arena Fonte Nova. Em um v\u00eddeo compartilhado","og:url":"https:\/\/newsinfoco.com.br\/inicio\/gilberto-gil-anuncia-novo-show-da-turne-tempo-rei-em-salvador-saiba-data\/","article:published_time":"2025-08-11T18:57:58+00:00","article:modified_time":"2025-08-11T18:57:58+00:00","twitter:card":"summary_large_image","twitter:title":"Gilberto Gil anuncia novo show da turn\u00ea \u2018Tempo Rei\u2019 em Salvador; saiba data - News In Foco - Editado por Caio Pimenta","twitter:description":"O cantor Gilberto Gil, 83, confirmou mais um show da turn\u00ea \u201cTempo Rei\u201d, em Salvador. O an\u00fancio foi feito pelo artista durante o Dia dos Pais, no domingo (10). A pr\u00f3xima apresenta\u00e7\u00e3o de Gilberto Gil na capital baiana est\u00e1 marcada para 20 de dezembro, na Casa de Apostas Arena Fonte Nova. Em um v\u00eddeo compartilhado"},"aioseo_meta_data":{"post_id":"44120","title":null,"description":null,"keywords":null,"keyphrases":{"focus":{"keyphrase":"","score":0,"analysis":{"keyphraseInTitle":{"score":0,"maxScore":9,"error":1}}},"additional":[]},"primary_term":null,"canonical_url":null,"og_title":null,"og_description":null,"og_object_type":"default","og_image_type":"default","og_image_url":null,"og_image_width":null,"og_image_height":null,"og_image_custom_url":null,"og_image_custom_fields":null,"og_video":"","og_custom_url":null,"og_article_section":null,"og_article_tags":null,"twitter_use_og":false,"twitter_card":"default","twitter_image_type":"default","twitter_image_url":null,"twitter_image_custom_url":null,"twitter_image_custom_fields":null,"twitter_title":null,"twitter_description":null,"schema":{"blockGraphs":[],"customGraphs":[],"default":{"data":{"Article":[],"Course":[],"Dataset":[],"FAQPage":[],"Movie":[],"Person":[],"Product":[],"ProductReview":[],"Car":[],"Recipe":[],"Service":[],"SoftwareApplication":[],"WebPage":[]},"graphName":"BlogPosting","isEnabled":true},"graphs":[]},"schema_type":"default","schema_type_options":null,"pillar_content":false,"robots_default":true,"robots_noindex":false,"robots_noarchive":false,"robots_nosnippet":false,"robots_nofollow":false,"robots_noimageindex":false,"robots_noodp":false,"robots_notranslate":false,"robots_max_snippet":"-1","robots_max_videopreview":"-1","robots_max_imagepreview":"large","priority":null,"frequency":"default","local_seo":null,"breadcrumb_settings":null,"limit_modified_date":false,"ai":{"faqs":[],"keyPoints":[],"titles":[],"descriptions":[],"socialPosts":{"email":[],"linkedin":[],"twitter":[],"facebook":[],"instagram":[]}},"created":"2025-08-11 18:57:58","updated":"2025-08-11 19:09:07","seo_analyzer_scan_date":null},"aioseo_breadcrumb":"<div class=\"aioseo-breadcrumbs\"><span class=\"aioseo-breadcrumb\">\n\t\t\t<a href=\"https:\/\/newsinfoco.com.br\/inicio\" title=\"In\u00edcio\">In\u00edcio<\/a>\n\t\t<\/span><span class=\"aioseo-breadcrumb-separator\">&raquo;<\/span><span class=\"aioseo-breadcrumb\">\n\t\t\t<a href=\"https:\/\/newsinfoco.com.br\/inicio\/category\/bahia\/\" title=\"Bahia\">Bahia<\/a>\n\t\t<\/span><span class=\"aioseo-breadcrumb-separator\">&raquo;<\/span><span class=\"aioseo-breadcrumb\">\n\t\t\tGilberto Gil anuncia novo show da turn\u00ea \u2018Tempo Rei\u2019 em Salvador; saiba data\n\t\t<\/span><\/div>","aioseo_breadcrumb_json":[{"label":"In\u00edcio","link":"https:\/\/newsinfoco.com.br\/inicio"},{"label":"Bahia","link":"https:\/\/newsinfoco.com.br\/inicio\/category\/bahia\/"},{"label":"Gilberto Gil anuncia novo show da turn\u00ea \u2018Tempo Rei\u2019 em Salvador; saiba data","link":"https:\/\/newsinfoco.com.br\/inicio\/gilberto-gil-anuncia-novo-show-da-turne-tempo-rei-em-salvador-saiba-data\/"}],"_links":{"self":[{"href":"https:\/\/newsinfoco.com.br\/inicio\/wp-json\/wp\/v2\/posts\/44120","targetHints":{"allow":["GET"]}}],"collection":[{"href":"https:\/\/newsinfoco.com.br\/inicio\/wp-json\/wp\/v2\/posts"}],"about":[{"href":"https:\/\/newsinfoco.com.br\/inicio\/wp-json\/wp\/v2\/types\/post"}],"author":[{"embeddable":true,"href":"https:\/\/newsinfoco.com.br\/inicio\/wp-json\/wp\/v2\/users\/1"}],"replies":[{"embeddable":true,"href":"https:\/\/newsinfoco.com.br\/inicio\/wp-json\/wp\/v2\/comments?post=44120"}],"version-history":[{"count":1,"href":"https:\/\/newsinfoco.com.br\/inicio\/wp-json\/wp\/v2\/posts\/44120\/revisions"}],"predecessor-version":[{"id":44122,"href":"https:\/\/newsinfoco.com.br\/inicio\/wp-json\/wp\/v2\/posts\/44120\/revisions\/44122"}],"wp:featuredmedia":[{"embeddable":true,"href":"https:\/\/newsinfoco.com.br\/inicio\/wp-json\/wp\/v2\/media\/44121"}],"wp:attachment":[{"href":"https:\/\/newsinfoco.com.br\/inicio\/wp-json\/wp\/v2\/media?parent=44120"}],"wp:term":[{"taxonomy":"category","embeddable":true,"href":"https:\/\/newsinfoco.com.br\/inicio\/wp-json\/wp\/v2\/categories?post=44120"},{"taxonomy":"post_tag","embeddable":true,"href":"https:\/\/newsinfoco.com.br\/inicio\/wp-json\/wp\/v2\/tags?post=44120"}],"curies":[{"name":"wp","href":"https:\/\/api.w.org\/{rel}","templated":true}]}}