{"id":44124,"date":"2025-08-11T16:07:34","date_gmt":"2025-08-11T19:07:34","guid":{"rendered":"https:\/\/newsinfoco.com.br\/inicio\/?p=44124"},"modified":"2025-08-11T16:07:34","modified_gmt":"2025-08-11T19:07:34","slug":"camara-pautara-projetos-de-exploracao-infantil-apos-denuncia-de-felca","status":"publish","type":"post","link":"https:\/\/newsinfoco.com.br\/inicio\/camara-pautara-projetos-de-exploracao-infantil-apos-denuncia-de-felca\/","title":{"rendered":"C\u00e2mara pautar\u00e1 projetos de explora\u00e7\u00e3o infantil ap\u00f3s den\u00fancia de Felca"},"content":{"rendered":"<p>A den\u00fancia feita pelo youtuber Felipe Bressanim, conhecido como Felca, sobre explora\u00e7\u00e3o infantil no mundo digital viralizou e mobilizou o Brasil. Ao tomar conhecimento sobre o assunto, o\u00a0<strong>presidente da C\u00e2mara dos Deputados, Hugo Motta (Republicanos-PB),<\/strong>\u00a0anunciou que pautar\u00e1 projetos sobre o assunto no Legislativo.<\/p>\n<p>\u201cEsse \u00e9 um tema urgente, que toca no cora\u00e7\u00e3o da nossa sociedade. Na C\u00e2mara, h\u00e1 uma s\u00e9rie de projetos importantes sobre o assunto. Nesta semana, vamos pautar e enfrentar essa discuss\u00e3o\u201d, disse Motta.<\/p>\n<p>As declara\u00e7\u00f5es do paraibano foram dadas nas redes sociais, no \u00faltimo domingo, 10, quando o pa\u00eds celebrou o Dia dos Pais. Na ocasi\u00e3o, ele ainda agradeceu a Felca por exp\u00f4r o problema social e colocou o Legislativo \u00e0 disposi\u00e7\u00e3o para debater o caso.<\/p>\n<p><strong>Entenda o caso<\/strong><\/p>\n<p>O y<strong>outuber Felca<\/strong>\u00a0publicou um v\u00eddeo no YouTube, na \u00faltima quarta-feira, 6, denunciando a explora\u00e7\u00e3o de menores protagonizada pelo\u00a0<strong>influenciador paraibano Hytalo Santos<\/strong>\u00a0e citando outros casos de explora\u00e7\u00e3o de menores.<\/p>\n<p>Entre os exemplos utilizados por ele no v\u00eddeo, est\u00e1 o de Kamyla Santos. Para Felca, o influenciador Hytalo Santos usa a imagem da jovem para lucrar e, mesmo sendo uma menor de idade, com 17 anos, \u00e9 explorada.<\/p>\n<p>O youtuber tamb\u00e9m traz v\u00e1rios trechos de v\u00eddeos publicados nas redes sociais de Hytalo com jovens e faz criticas sobre o assunto. Ele ainda fala sobre os poss\u00edveis rendimentos obtidos pelo paraibano com o Jogo do Tigrinho.<\/p>\n<p>O v\u00eddeo de Felca possui quase 50 minutos de dura\u00e7\u00e3o e j\u00e1 atingiu mais de 24 milh\u00f5es de visualiza\u00e7\u00f5es.<\/p>\n<p><strong>Projetos na C\u00e2mara<\/strong><\/p>\n<div>\n<div>\n<div class=\"trv-player-container\">\n<div class=\"trv-wrapper\">\n<div id=\"br_video_player_caeac19e6be8a09e082a0868d33f7c9dc3c659f9\" class=\"trvd_video_player trvdinstream\">\n<div class=\"media-player\">\n<div class=\"trv-video\">\n<div class=\"conteudo_post\">\n<p>O Legislativo brasileiro tem um s\u00e9rie de projetos que trata sobre a explora\u00e7\u00e3o infantil, entre eles, est\u00e1 o PL 2.602\/2025, apresentado pelo deputado Waldemar Oliveira (Avante-PE), que discute sobre a atua\u00e7\u00e3o de crian\u00e7as e adolescentes como influenciadores digitais mirins.<\/p>\n<p>A proposta, que entende como influenciador mirim, crian\u00e7a ou adolescente com idade inferior a 16 anos que, de modo regular e com finalidade econ\u00f4mica, prev\u00ea diversas regras para a perman\u00eancia desse p\u00fablico nas redes sociais como forma trabalhista.\u00a0<strong>Entre elas, est\u00e3o:<\/strong><\/p>\n<ul>\n<li>Autoriza\u00e7\u00e3o judicial para o uso das redes sociais;<\/li>\n<li>Hor\u00e1rios compat\u00edveis com frequ\u00eancia escolar;<\/li>\n<li>50% das receitas obtidas pelo influenciador devem ser depositadas em caderneta de poupan\u00e7a de banco oficial, e s\u00f3 pode ser movimentada ap\u00f3s o influenciador completar 18 anos;<\/li>\n<\/ul>\n<\/div>\n<div class=\"ui items\">\n<div class=\"item\">Bahia.Ba<\/div>\n<\/div>\n<\/div>\n<\/div>\n<\/div>\n<\/div>\n<\/div>\n<\/div>\n<\/div>\n<div class='share-to-whatsapp-wrapper'><div class='share-on-whsp'>Share on: <\/div><a data-text='C\u00e2mara pautar\u00e1 projetos de explora\u00e7\u00e3o infantil ap\u00f3s den\u00fancia de Felca' data-link='https:\/\/newsinfoco.com.br\/inicio\/camara-pautara-projetos-de-exploracao-infantil-apos-denuncia-de-felca\/' class='whatsapp-button whatsapp-share'>WhatsApp<\/a><div class='clear '><\/div><\/div>","protected":false},"excerpt":{"rendered":"<p>A den\u00fancia feita pelo youtuber Felipe Bressanim, conhecido como Felca, sobre explora\u00e7\u00e3o infantil no mundo digital viralizou e mobilizou o Brasil. Ao tomar conhecimento sobre o assunto, o\u00a0presidente da C\u00e2mara dos Deputados, Hugo Motta (Republicanos-PB),\u00a0anunciou que pautar\u00e1 projetos sobre o assunto no Legislativo. \u201cEsse \u00e9 um tema urgente, que toca no cora\u00e7\u00e3o da nossa sociedade. [&hellip;]<\/p>\n","protected":false},"author":1,"featured_media":44125,"comment_status":"closed","ping_status":"closed","sticky":false,"template":"","format":"standard","meta":{"om_disable_all_campaigns":false,"rop_custom_images_group":[],"rop_custom_messages_group":[],"rop_publish_now":"initial","rop_publish_now_accounts":[],"rop_publish_now_history":[],"rop_publish_now_status":"pending","_exactmetrics_skip_tracking":false,"footnotes":""},"categories":[21],"tags":[],"class_list":["post-44124","post","type-post","status-publish","format-standard","has-post-thumbnail","hentry","category-brasil"],"aioseo_notices":[],"aioseo_head":"\n\t\t<!-- All in One SEO 4.9.10 - aioseo.com -->\n\t<meta name=\"description\" content=\"A den\u00fancia feita pelo youtuber Felipe Bressanim, conhecido como Felca, sobre explora\u00e7\u00e3o infantil no mundo digital viralizou e mobilizou o Brasil. Ao tomar conhecimento sobre o assunto, o presidente da C\u00e2mara dos Deputados, Hugo Motta (Republicanos-PB), anunciou que pautar\u00e1 projetos sobre o assunto no Legislativo. \u201cEsse \u00e9 um tema urgente, que toca no cora\u00e7\u00e3o da nossa sociedade.\" \/>\n\t<meta name=\"robots\" content=\"max-image-preview:large\" \/>\n\t<meta name=\"author\" content=\"administrador\"\/>\n\t<link rel=\"canonical\" href=\"https:\/\/newsinfoco.com.br\/inicio\/camara-pautara-projetos-de-exploracao-infantil-apos-denuncia-de-felca\/\" \/>\n\t<meta name=\"generator\" content=\"All in One SEO (AIOSEO) 4.9.10\" \/>\n\t\t<meta property=\"og:locale\" content=\"pt_BR\" \/>\n\t\t<meta property=\"og:site_name\" content=\"News In Foco - Editado por Caio Pimenta - O principal site de noticias de Alagoinhas e regi\u00e3o\" \/>\n\t\t<meta property=\"og:type\" content=\"article\" \/>\n\t\t<meta property=\"og:title\" content=\"C\u00e2mara pautar\u00e1 projetos de explora\u00e7\u00e3o infantil ap\u00f3s den\u00fancia de Felca - News In Foco - Editado por Caio Pimenta\" \/>\n\t\t<meta property=\"og:description\" content=\"A den\u00fancia feita pelo youtuber Felipe Bressanim, conhecido como Felca, sobre explora\u00e7\u00e3o infantil no mundo digital viralizou e mobilizou o Brasil. Ao tomar conhecimento sobre o assunto, o presidente da C\u00e2mara dos Deputados, Hugo Motta (Republicanos-PB), anunciou que pautar\u00e1 projetos sobre o assunto no Legislativo. \u201cEsse \u00e9 um tema urgente, que toca no cora\u00e7\u00e3o da nossa sociedade.\" \/>\n\t\t<meta property=\"og:url\" content=\"https:\/\/newsinfoco.com.br\/inicio\/camara-pautara-projetos-de-exploracao-infantil-apos-denuncia-de-felca\/\" \/>\n\t\t<meta property=\"article:published_time\" content=\"2025-08-11T19:07:34+00:00\" \/>\n\t\t<meta property=\"article:modified_time\" content=\"2025-08-11T19:07:34+00:00\" \/>\n\t\t<meta name=\"twitter:card\" content=\"summary_large_image\" \/>\n\t\t<meta name=\"twitter:title\" content=\"C\u00e2mara pautar\u00e1 projetos de explora\u00e7\u00e3o infantil ap\u00f3s den\u00fancia de Felca - News In Foco - Editado por Caio Pimenta\" \/>\n\t\t<meta name=\"twitter:description\" content=\"A den\u00fancia feita pelo youtuber Felipe Bressanim, conhecido como Felca, sobre explora\u00e7\u00e3o infantil no mundo digital viralizou e mobilizou o Brasil. Ao tomar conhecimento sobre o assunto, o presidente da C\u00e2mara dos Deputados, Hugo Motta (Republicanos-PB), anunciou que pautar\u00e1 projetos sobre o assunto no Legislativo. \u201cEsse \u00e9 um tema urgente, que toca no cora\u00e7\u00e3o da nossa sociedade.\" \/>\n\t\t<script type=\"application\/ld+json\" class=\"aioseo-schema\">\n\t\t\t{\"@context\":\"https:\\\/\\\/schema.org\",\"@graph\":[{\"@type\":\"BlogPosting\",\"@id\":\"https:\\\/\\\/newsinfoco.com.br\\\/inicio\\\/camara-pautara-projetos-de-exploracao-infantil-apos-denuncia-de-felca\\\/#blogposting\",\"name\":\"C\\u00e2mara pautar\\u00e1 projetos de explora\\u00e7\\u00e3o infantil ap\\u00f3s den\\u00fancia de Felca - News In Foco - Editado por Caio Pimenta\",\"headline\":\"C\\u00e2mara pautar\\u00e1 projetos de explora\\u00e7\\u00e3o infantil ap\\u00f3s den\\u00fancia de Felca\",\"author\":{\"@id\":\"https:\\\/\\\/newsinfoco.com.br\\\/inicio\\\/author\\\/administrador\\\/#author\"},\"publisher\":{\"@id\":\"https:\\\/\\\/newsinfoco.com.br\\\/inicio\\\/#organization\"},\"image\":{\"@type\":\"ImageObject\",\"url\":\"https:\\\/\\\/newsinfoco.com.br\\\/inicio\\\/wp-content\\\/uploads\\\/2025\\\/08\\\/Policia-Federal-100-1.png\",\"width\":600,\"height\":420},\"datePublished\":\"2025-08-11T16:07:34-03:00\",\"dateModified\":\"2025-08-11T16:07:34-03:00\",\"inLanguage\":\"pt-BR\",\"mainEntityOfPage\":{\"@id\":\"https:\\\/\\\/newsinfoco.com.br\\\/inicio\\\/camara-pautara-projetos-de-exploracao-infantil-apos-denuncia-de-felca\\\/#webpage\"},\"isPartOf\":{\"@id\":\"https:\\\/\\\/newsinfoco.com.br\\\/inicio\\\/camara-pautara-projetos-de-exploracao-infantil-apos-denuncia-de-felca\\\/#webpage\"},\"articleSection\":\"Brasil\"},{\"@type\":\"BreadcrumbList\",\"@id\":\"https:\\\/\\\/newsinfoco.com.br\\\/inicio\\\/camara-pautara-projetos-de-exploracao-infantil-apos-denuncia-de-felca\\\/#breadcrumblist\",\"itemListElement\":[{\"@type\":\"ListItem\",\"@id\":\"https:\\\/\\\/newsinfoco.com.br\\\/inicio#listItem\",\"position\":1,\"name\":\"In\\u00edcio\",\"item\":\"https:\\\/\\\/newsinfoco.com.br\\\/inicio\",\"nextItem\":{\"@type\":\"ListItem\",\"@id\":\"https:\\\/\\\/newsinfoco.com.br\\\/inicio\\\/category\\\/brasil\\\/#listItem\",\"name\":\"Brasil\"}},{\"@type\":\"ListItem\",\"@id\":\"https:\\\/\\\/newsinfoco.com.br\\\/inicio\\\/category\\\/brasil\\\/#listItem\",\"position\":2,\"name\":\"Brasil\",\"item\":\"https:\\\/\\\/newsinfoco.com.br\\\/inicio\\\/category\\\/brasil\\\/\",\"nextItem\":{\"@type\":\"ListItem\",\"@id\":\"https:\\\/\\\/newsinfoco.com.br\\\/inicio\\\/camara-pautara-projetos-de-exploracao-infantil-apos-denuncia-de-felca\\\/#listItem\",\"name\":\"C\\u00e2mara pautar\\u00e1 projetos de explora\\u00e7\\u00e3o infantil ap\\u00f3s den\\u00fancia de Felca\"},\"previousItem\":{\"@type\":\"ListItem\",\"@id\":\"https:\\\/\\\/newsinfoco.com.br\\\/inicio#listItem\",\"name\":\"In\\u00edcio\"}},{\"@type\":\"ListItem\",\"@id\":\"https:\\\/\\\/newsinfoco.com.br\\\/inicio\\\/camara-pautara-projetos-de-exploracao-infantil-apos-denuncia-de-felca\\\/#listItem\",\"position\":3,\"name\":\"C\\u00e2mara pautar\\u00e1 projetos de explora\\u00e7\\u00e3o infantil ap\\u00f3s den\\u00fancia de Felca\",\"previousItem\":{\"@type\":\"ListItem\",\"@id\":\"https:\\\/\\\/newsinfoco.com.br\\\/inicio\\\/category\\\/brasil\\\/#listItem\",\"name\":\"Brasil\"}}]},{\"@type\":\"Organization\",\"@id\":\"https:\\\/\\\/newsinfoco.com.br\\\/inicio\\\/#organization\",\"name\":\"News In Foco - Editado por Caio Pimenta\",\"description\":\"O principal site de noticias de Alagoinhas e regi\\u00e3o\",\"url\":\"https:\\\/\\\/newsinfoco.com.br\\\/inicio\\\/\"},{\"@type\":\"Person\",\"@id\":\"https:\\\/\\\/newsinfoco.com.br\\\/inicio\\\/author\\\/administrador\\\/#author\",\"url\":\"https:\\\/\\\/newsinfoco.com.br\\\/inicio\\\/author\\\/administrador\\\/\",\"name\":\"administrador\",\"image\":{\"@type\":\"ImageObject\",\"@id\":\"https:\\\/\\\/newsinfoco.com.br\\\/inicio\\\/camara-pautara-projetos-de-exploracao-infantil-apos-denuncia-de-felca\\\/#authorImage\",\"url\":\"https:\\\/\\\/secure.gravatar.com\\\/avatar\\\/c17a617433de8c1dc9584bb79aab7563b46f5bb7e1728c9b17d9cc3ce6a08e49?s=96&d=mm&r=g\",\"width\":96,\"height\":96,\"caption\":\"administrador\"}},{\"@type\":\"WebPage\",\"@id\":\"https:\\\/\\\/newsinfoco.com.br\\\/inicio\\\/camara-pautara-projetos-de-exploracao-infantil-apos-denuncia-de-felca\\\/#webpage\",\"url\":\"https:\\\/\\\/newsinfoco.com.br\\\/inicio\\\/camara-pautara-projetos-de-exploracao-infantil-apos-denuncia-de-felca\\\/\",\"name\":\"C\\u00e2mara pautar\\u00e1 projetos de explora\\u00e7\\u00e3o infantil ap\\u00f3s den\\u00fancia de Felca - News In Foco - Editado por Caio Pimenta\",\"description\":\"A den\\u00fancia feita pelo youtuber Felipe Bressanim, conhecido como Felca, sobre explora\\u00e7\\u00e3o infantil no mundo digital viralizou e mobilizou o Brasil. Ao tomar conhecimento sobre o assunto, o presidente da C\\u00e2mara dos Deputados, Hugo Motta (Republicanos-PB), anunciou que pautar\\u00e1 projetos sobre o assunto no Legislativo. \\u201cEsse \\u00e9 um tema urgente, que toca no cora\\u00e7\\u00e3o da nossa sociedade.\",\"inLanguage\":\"pt-BR\",\"isPartOf\":{\"@id\":\"https:\\\/\\\/newsinfoco.com.br\\\/inicio\\\/#website\"},\"breadcrumb\":{\"@id\":\"https:\\\/\\\/newsinfoco.com.br\\\/inicio\\\/camara-pautara-projetos-de-exploracao-infantil-apos-denuncia-de-felca\\\/#breadcrumblist\"},\"author\":{\"@id\":\"https:\\\/\\\/newsinfoco.com.br\\\/inicio\\\/author\\\/administrador\\\/#author\"},\"creator\":{\"@id\":\"https:\\\/\\\/newsinfoco.com.br\\\/inicio\\\/author\\\/administrador\\\/#author\"},\"image\":{\"@type\":\"ImageObject\",\"url\":\"https:\\\/\\\/newsinfoco.com.br\\\/inicio\\\/wp-content\\\/uploads\\\/2025\\\/08\\\/Policia-Federal-100-1.png\",\"@id\":\"https:\\\/\\\/newsinfoco.com.br\\\/inicio\\\/camara-pautara-projetos-de-exploracao-infantil-apos-denuncia-de-felca\\\/#mainImage\",\"width\":600,\"height\":420},\"primaryImageOfPage\":{\"@id\":\"https:\\\/\\\/newsinfoco.com.br\\\/inicio\\\/camara-pautara-projetos-de-exploracao-infantil-apos-denuncia-de-felca\\\/#mainImage\"},\"datePublished\":\"2025-08-11T16:07:34-03:00\",\"dateModified\":\"2025-08-11T16:07:34-03:00\"},{\"@type\":\"WebSite\",\"@id\":\"https:\\\/\\\/newsinfoco.com.br\\\/inicio\\\/#website\",\"url\":\"https:\\\/\\\/newsinfoco.com.br\\\/inicio\\\/\",\"name\":\"News In Foco - Editado por Caio Pimenta\",\"description\":\"O principal site de noticias de Alagoinhas e regi\\u00e3o\",\"inLanguage\":\"pt-BR\",\"publisher\":{\"@id\":\"https:\\\/\\\/newsinfoco.com.br\\\/inicio\\\/#organization\"}}]}\n\t\t<\/script>\n\t\t<!-- All in One SEO -->\n\n","aioseo_head_json":{"title":"C\u00e2mara pautar\u00e1 projetos de explora\u00e7\u00e3o infantil ap\u00f3s den\u00fancia de Felca - News In Foco - Editado por Caio Pimenta","description":"A den\u00fancia feita pelo youtuber Felipe Bressanim, conhecido como Felca, sobre explora\u00e7\u00e3o infantil no mundo digital viralizou e mobilizou o Brasil. Ao tomar conhecimento sobre o assunto, o presidente da C\u00e2mara dos Deputados, Hugo Motta (Republicanos-PB), anunciou que pautar\u00e1 projetos sobre o assunto no Legislativo. \u201cEsse \u00e9 um tema urgente, que toca no cora\u00e7\u00e3o da nossa sociedade.","canonical_url":"https:\/\/newsinfoco.com.br\/inicio\/camara-pautara-projetos-de-exploracao-infantil-apos-denuncia-de-felca\/","robots":"max-image-preview:large","keywords":"","webmasterTools":{"miscellaneous":""},"schema":{"@context":"https:\/\/schema.org","@graph":[{"@type":"BlogPosting","@id":"https:\/\/newsinfoco.com.br\/inicio\/camara-pautara-projetos-de-exploracao-infantil-apos-denuncia-de-felca\/#blogposting","name":"C\u00e2mara pautar\u00e1 projetos de explora\u00e7\u00e3o infantil ap\u00f3s den\u00fancia de Felca - News In Foco - Editado por Caio Pimenta","headline":"C\u00e2mara pautar\u00e1 projetos de explora\u00e7\u00e3o infantil ap\u00f3s den\u00fancia de Felca","author":{"@id":"https:\/\/newsinfoco.com.br\/inicio\/author\/administrador\/#author"},"publisher":{"@id":"https:\/\/newsinfoco.com.br\/inicio\/#organization"},"image":{"@type":"ImageObject","url":"https:\/\/newsinfoco.com.br\/inicio\/wp-content\/uploads\/2025\/08\/Policia-Federal-100-1.png","width":600,"height":420},"datePublished":"2025-08-11T16:07:34-03:00","dateModified":"2025-08-11T16:07:34-03:00","inLanguage":"pt-BR","mainEntityOfPage":{"@id":"https:\/\/newsinfoco.com.br\/inicio\/camara-pautara-projetos-de-exploracao-infantil-apos-denuncia-de-felca\/#webpage"},"isPartOf":{"@id":"https:\/\/newsinfoco.com.br\/inicio\/camara-pautara-projetos-de-exploracao-infantil-apos-denuncia-de-felca\/#webpage"},"articleSection":"Brasil"},{"@type":"BreadcrumbList","@id":"https:\/\/newsinfoco.com.br\/inicio\/camara-pautara-projetos-de-exploracao-infantil-apos-denuncia-de-felca\/#breadcrumblist","itemListElement":[{"@type":"ListItem","@id":"https:\/\/newsinfoco.com.br\/inicio#listItem","position":1,"name":"In\u00edcio","item":"https:\/\/newsinfoco.com.br\/inicio","nextItem":{"@type":"ListItem","@id":"https:\/\/newsinfoco.com.br\/inicio\/category\/brasil\/#listItem","name":"Brasil"}},{"@type":"ListItem","@id":"https:\/\/newsinfoco.com.br\/inicio\/category\/brasil\/#listItem","position":2,"name":"Brasil","item":"https:\/\/newsinfoco.com.br\/inicio\/category\/brasil\/","nextItem":{"@type":"ListItem","@id":"https:\/\/newsinfoco.com.br\/inicio\/camara-pautara-projetos-de-exploracao-infantil-apos-denuncia-de-felca\/#listItem","name":"C\u00e2mara pautar\u00e1 projetos de explora\u00e7\u00e3o infantil ap\u00f3s den\u00fancia de Felca"},"previousItem":{"@type":"ListItem","@id":"https:\/\/newsinfoco.com.br\/inicio#listItem","name":"In\u00edcio"}},{"@type":"ListItem","@id":"https:\/\/newsinfoco.com.br\/inicio\/camara-pautara-projetos-de-exploracao-infantil-apos-denuncia-de-felca\/#listItem","position":3,"name":"C\u00e2mara pautar\u00e1 projetos de explora\u00e7\u00e3o infantil ap\u00f3s den\u00fancia de Felca","previousItem":{"@type":"ListItem","@id":"https:\/\/newsinfoco.com.br\/inicio\/category\/brasil\/#listItem","name":"Brasil"}}]},{"@type":"Organization","@id":"https:\/\/newsinfoco.com.br\/inicio\/#organization","name":"News In Foco - Editado por Caio Pimenta","description":"O principal site de noticias de Alagoinhas e regi\u00e3o","url":"https:\/\/newsinfoco.com.br\/inicio\/"},{"@type":"Person","@id":"https:\/\/newsinfoco.com.br\/inicio\/author\/administrador\/#author","url":"https:\/\/newsinfoco.com.br\/inicio\/author\/administrador\/","name":"administrador","image":{"@type":"ImageObject","@id":"https:\/\/newsinfoco.com.br\/inicio\/camara-pautara-projetos-de-exploracao-infantil-apos-denuncia-de-felca\/#authorImage","url":"https:\/\/secure.gravatar.com\/avatar\/c17a617433de8c1dc9584bb79aab7563b46f5bb7e1728c9b17d9cc3ce6a08e49?s=96&d=mm&r=g","width":96,"height":96,"caption":"administrador"}},{"@type":"WebPage","@id":"https:\/\/newsinfoco.com.br\/inicio\/camara-pautara-projetos-de-exploracao-infantil-apos-denuncia-de-felca\/#webpage","url":"https:\/\/newsinfoco.com.br\/inicio\/camara-pautara-projetos-de-exploracao-infantil-apos-denuncia-de-felca\/","name":"C\u00e2mara pautar\u00e1 projetos de explora\u00e7\u00e3o infantil ap\u00f3s den\u00fancia de Felca - News In Foco - Editado por Caio Pimenta","description":"A den\u00fancia feita pelo youtuber Felipe Bressanim, conhecido como Felca, sobre explora\u00e7\u00e3o infantil no mundo digital viralizou e mobilizou o Brasil. Ao tomar conhecimento sobre o assunto, o presidente da C\u00e2mara dos Deputados, Hugo Motta (Republicanos-PB), anunciou que pautar\u00e1 projetos sobre o assunto no Legislativo. \u201cEsse \u00e9 um tema urgente, que toca no cora\u00e7\u00e3o da nossa sociedade.","inLanguage":"pt-BR","isPartOf":{"@id":"https:\/\/newsinfoco.com.br\/inicio\/#website"},"breadcrumb":{"@id":"https:\/\/newsinfoco.com.br\/inicio\/camara-pautara-projetos-de-exploracao-infantil-apos-denuncia-de-felca\/#breadcrumblist"},"author":{"@id":"https:\/\/newsinfoco.com.br\/inicio\/author\/administrador\/#author"},"creator":{"@id":"https:\/\/newsinfoco.com.br\/inicio\/author\/administrador\/#author"},"image":{"@type":"ImageObject","url":"https:\/\/newsinfoco.com.br\/inicio\/wp-content\/uploads\/2025\/08\/Policia-Federal-100-1.png","@id":"https:\/\/newsinfoco.com.br\/inicio\/camara-pautara-projetos-de-exploracao-infantil-apos-denuncia-de-felca\/#mainImage","width":600,"height":420},"primaryImageOfPage":{"@id":"https:\/\/newsinfoco.com.br\/inicio\/camara-pautara-projetos-de-exploracao-infantil-apos-denuncia-de-felca\/#mainImage"},"datePublished":"2025-08-11T16:07:34-03:00","dateModified":"2025-08-11T16:07:34-03:00"},{"@type":"WebSite","@id":"https:\/\/newsinfoco.com.br\/inicio\/#website","url":"https:\/\/newsinfoco.com.br\/inicio\/","name":"News In Foco - Editado por Caio Pimenta","description":"O principal site de noticias de Alagoinhas e regi\u00e3o","inLanguage":"pt-BR","publisher":{"@id":"https:\/\/newsinfoco.com.br\/inicio\/#organization"}}]},"og:locale":"pt_BR","og:site_name":"News In Foco - Editado por Caio Pimenta - O principal site de noticias de Alagoinhas e regi\u00e3o","og:type":"article","og:title":"C\u00e2mara pautar\u00e1 projetos de explora\u00e7\u00e3o infantil ap\u00f3s den\u00fancia de Felca - News In Foco - Editado por Caio Pimenta","og:description":"A den\u00fancia feita pelo youtuber Felipe Bressanim, conhecido como Felca, sobre explora\u00e7\u00e3o infantil no mundo digital viralizou e mobilizou o Brasil. Ao tomar conhecimento sobre o assunto, o presidente da C\u00e2mara dos Deputados, Hugo Motta (Republicanos-PB), anunciou que pautar\u00e1 projetos sobre o assunto no Legislativo. \u201cEsse \u00e9 um tema urgente, que toca no cora\u00e7\u00e3o da nossa sociedade.","og:url":"https:\/\/newsinfoco.com.br\/inicio\/camara-pautara-projetos-de-exploracao-infantil-apos-denuncia-de-felca\/","article:published_time":"2025-08-11T19:07:34+00:00","article:modified_time":"2025-08-11T19:07:34+00:00","twitter:card":"summary_large_image","twitter:title":"C\u00e2mara pautar\u00e1 projetos de explora\u00e7\u00e3o infantil ap\u00f3s den\u00fancia de Felca - News In Foco - Editado por Caio Pimenta","twitter:description":"A den\u00fancia feita pelo youtuber Felipe Bressanim, conhecido como Felca, sobre explora\u00e7\u00e3o infantil no mundo digital viralizou e mobilizou o Brasil. Ao tomar conhecimento sobre o assunto, o presidente da C\u00e2mara dos Deputados, Hugo Motta (Republicanos-PB), anunciou que pautar\u00e1 projetos sobre o assunto no Legislativo. \u201cEsse \u00e9 um tema urgente, que toca no cora\u00e7\u00e3o da nossa sociedade."},"aioseo_meta_data":{"post_id":"44124","title":null,"description":null,"keywords":null,"keyphrases":{"focus":{"keyphrase":"","score":0,"analysis":{"keyphraseInTitle":{"score":0,"maxScore":9,"error":1}}},"additional":[]},"primary_term":null,"canonical_url":null,"og_title":null,"og_description":null,"og_object_type":"default","og_image_type":"default","og_image_url":null,"og_image_width":null,"og_image_height":null,"og_image_custom_url":null,"og_image_custom_fields":null,"og_video":"","og_custom_url":null,"og_article_section":null,"og_article_tags":null,"twitter_use_og":false,"twitter_card":"default","twitter_image_type":"default","twitter_image_url":null,"twitter_image_custom_url":null,"twitter_image_custom_fields":null,"twitter_title":null,"twitter_description":null,"schema":{"blockGraphs":[],"customGraphs":[],"default":{"data":{"Article":[],"Course":[],"Dataset":[],"FAQPage":[],"Movie":[],"Person":[],"Product":[],"ProductReview":[],"Car":[],"Recipe":[],"Service":[],"SoftwareApplication":[],"WebPage":[]},"graphName":"BlogPosting","isEnabled":true},"graphs":[]},"schema_type":"default","schema_type_options":null,"pillar_content":false,"robots_default":true,"robots_noindex":false,"robots_noarchive":false,"robots_nosnippet":false,"robots_nofollow":false,"robots_noimageindex":false,"robots_noodp":false,"robots_notranslate":false,"robots_max_snippet":"-1","robots_max_videopreview":"-1","robots_max_imagepreview":"large","priority":null,"frequency":"default","local_seo":null,"breadcrumb_settings":null,"limit_modified_date":false,"ai":{"faqs":[],"keyPoints":[],"titles":[],"descriptions":[],"socialPosts":{"email":[],"linkedin":[],"twitter":[],"facebook":[],"instagram":[]}},"created":"2025-08-11 19:07:35","updated":"2025-08-11 19:09:07","seo_analyzer_scan_date":null},"aioseo_breadcrumb":"<div class=\"aioseo-breadcrumbs\"><span class=\"aioseo-breadcrumb\">\n\t\t\t<a href=\"https:\/\/newsinfoco.com.br\/inicio\" title=\"In\u00edcio\">In\u00edcio<\/a>\n\t\t<\/span><span class=\"aioseo-breadcrumb-separator\">&raquo;<\/span><span class=\"aioseo-breadcrumb\">\n\t\t\t<a href=\"https:\/\/newsinfoco.com.br\/inicio\/category\/brasil\/\" title=\"Brasil\">Brasil<\/a>\n\t\t<\/span><span class=\"aioseo-breadcrumb-separator\">&raquo;<\/span><span class=\"aioseo-breadcrumb\">\n\t\t\tC\u00e2mara pautar\u00e1 projetos de explora\u00e7\u00e3o infantil ap\u00f3s den\u00fancia de Felca\n\t\t<\/span><\/div>","aioseo_breadcrumb_json":[{"label":"In\u00edcio","link":"https:\/\/newsinfoco.com.br\/inicio"},{"label":"Brasil","link":"https:\/\/newsinfoco.com.br\/inicio\/category\/brasil\/"},{"label":"C\u00e2mara pautar\u00e1 projetos de explora\u00e7\u00e3o infantil ap\u00f3s den\u00fancia de Felca","link":"https:\/\/newsinfoco.com.br\/inicio\/camara-pautara-projetos-de-exploracao-infantil-apos-denuncia-de-felca\/"}],"_links":{"self":[{"href":"https:\/\/newsinfoco.com.br\/inicio\/wp-json\/wp\/v2\/posts\/44124","targetHints":{"allow":["GET"]}}],"collection":[{"href":"https:\/\/newsinfoco.com.br\/inicio\/wp-json\/wp\/v2\/posts"}],"about":[{"href":"https:\/\/newsinfoco.com.br\/inicio\/wp-json\/wp\/v2\/types\/post"}],"author":[{"embeddable":true,"href":"https:\/\/newsinfoco.com.br\/inicio\/wp-json\/wp\/v2\/users\/1"}],"replies":[{"embeddable":true,"href":"https:\/\/newsinfoco.com.br\/inicio\/wp-json\/wp\/v2\/comments?post=44124"}],"version-history":[{"count":1,"href":"https:\/\/newsinfoco.com.br\/inicio\/wp-json\/wp\/v2\/posts\/44124\/revisions"}],"predecessor-version":[{"id":44126,"href":"https:\/\/newsinfoco.com.br\/inicio\/wp-json\/wp\/v2\/posts\/44124\/revisions\/44126"}],"wp:featuredmedia":[{"embeddable":true,"href":"https:\/\/newsinfoco.com.br\/inicio\/wp-json\/wp\/v2\/media\/44125"}],"wp:attachment":[{"href":"https:\/\/newsinfoco.com.br\/inicio\/wp-json\/wp\/v2\/media?parent=44124"}],"wp:term":[{"taxonomy":"category","embeddable":true,"href":"https:\/\/newsinfoco.com.br\/inicio\/wp-json\/wp\/v2\/categories?post=44124"},{"taxonomy":"post_tag","embeddable":true,"href":"https:\/\/newsinfoco.com.br\/inicio\/wp-json\/wp\/v2\/tags?post=44124"}],"curies":[{"name":"wp","href":"https:\/\/api.w.org\/{rel}","templated":true}]}}