{"id":44132,"date":"2025-08-12T12:08:00","date_gmt":"2025-08-12T15:08:00","guid":{"rendered":"https:\/\/newsinfoco.com.br\/inicio\/?p=44132"},"modified":"2025-08-12T12:08:00","modified_gmt":"2025-08-12T15:08:00","slug":"caravana-do-credibahia-chega-a-alagoinhas-para-fortalecer-microcredito-e-economia-solidaria","status":"publish","type":"post","link":"https:\/\/newsinfoco.com.br\/inicio\/caravana-do-credibahia-chega-a-alagoinhas-para-fortalecer-microcredito-e-economia-solidaria\/","title":{"rendered":"Caravana do CrediBahia chega a Alagoinhas para fortalecer microcr\u00e9dito e economia solid\u00e1ria"},"content":{"rendered":"<p>A Caravana do CrediBahia chega a Alagoinhas nesta ter\u00e7a-feira, 12, reunindo gestores p\u00fablicos municipais, agentes de cr\u00e9dito, empreendedores e representantes da sociedade civil organizada de 28 munic\u00edpios das regi\u00f5es Litoral Norte e Agreste Baiano, Semi\u00e1rido Nordeste II e Metropolitana\/Salvador. O evento, realizado pela Secretaria do Trabalho, Emprego, Renda e Esporte (Setre) do Governo do Estado da Bahia, conta com a colabora\u00e7\u00e3o da Prefeitura de Alagoinhas e marca o quarto encontro desta iniciativa, que vem percorrendo diversos munic\u00edpios baianos.<\/p>\n<p>O CrediBahia \u00e9 um programa estadual de microcr\u00e9dito voltado para apoiar empreendedores formais e informais que desejam iniciar, ampliar ou modernizar seus neg\u00f3cios. Por meio de parcerias com prefeituras, o programa oferece cr\u00e9dito com condi\u00e7\u00f5es facilitadas, aliado \u00e0 orienta\u00e7\u00e3o t\u00e9cnica, visando estimular o desenvolvimento econ\u00f4mico local e a gera\u00e7\u00e3o de emprego e renda.<\/p>\n<p>A programa\u00e7\u00e3o em Alagoinhas, incluiu palestra do superintendente de Economia Solid\u00e1ria da Setre, Wenceslau J\u00fanior, abordando o tema economia solid\u00e1ria e gest\u00e3o de cr\u00e9dito, al\u00e9m da apresenta\u00e7\u00e3o de um caso de sucesso no uso do programa e de oficina de planejamento com agentes de cr\u00e9dito e supervisores do CrediBahia.<\/p>\n<p>De acordo com Jos\u00e9 Paulo Cris\u00f3stomo, coordenador de Microcr\u00e9dito e Finan\u00e7as Solid\u00e1ria da Setre, a caravana tem como prop\u00f3sito fortalecer o empreendedorismo e a economia solid\u00e1ria nos munic\u00edpios, aproximando a gest\u00e3o municipal do programa e aprimorando o trabalho dos agentes de cr\u00e9dito. \u201c\u00c0 medida que ampliamos o n\u00famero de recursos e ampliamos a economia solid\u00e1ria com os empreendedores, consequentemente esse p\u00fablico gera mais oportunidade de trabalho, mais renda, mais emprego; e o desenvolvimento vem junto\u201d, afirma.<\/p>\n<h4>CrediBahia em Alagoinhas<\/h4>\n<p>Em Alagoinhas, o microcr\u00e9dito vem registrando crescimento expressivo. At\u00e9 a metade deste ano, o valor ofertado j\u00e1 iguala todo o montante concedido em 2024, e no m\u00eas de julho o munic\u00edpio conquistou a 5\u00aa posi\u00e7\u00e3o no Estado em n\u00famero de contratos firmados. A expectativa da Secretaria de Desenvolvimento Econ\u00f4mico e Emprego \u00e9 alcan\u00e7ar R$ 500 mil em cr\u00e9dito at\u00e9 dezembro.<\/p>\n<p>Para o secret\u00e1rio Deraldo Carlos, esse avan\u00e7o reflete o potencial do empreendedor local e a import\u00e2ncia do programa para a economia municipal: \u201cO microcr\u00e9dito \u00e9 uma ferramenta estrat\u00e9gica para impulsionar pequenos neg\u00f3cios e, consequentemente, movimentar a economia. Nossa meta \u00e9 aumentar o valor oferecido aos empreendedores de Alagoinhas, dando mais condi\u00e7\u00f5es para que eles invistam e cres\u00e7am\u201d, afirma.<\/p>\n<p>Entre as hist\u00f3rias de sucesso est\u00e1 a de Michelle Almeida, que comercializa roupas e acess\u00f3rios. Em 2023, ela contratou um empr\u00e9stimo de R$ 9 mil pelo CrediBahia e viu seu faturamento crescer significativamente. \u201cUsei o dinheiro para comprar mais produtos para revenda e tive um retorno muito bom. As parcelas ficaram baixinhas e consegui pagar com facilidade\u201d, conta Michelle.<\/p>\n<p>Foto: Roberto Fonseca<\/p>\n<div class='share-to-whatsapp-wrapper'><div class='share-on-whsp'>Share on: <\/div><a data-text='Caravana do CrediBahia chega a Alagoinhas para fortalecer microcr\u00e9dito e economia solid\u00e1ria' data-link='https:\/\/newsinfoco.com.br\/inicio\/caravana-do-credibahia-chega-a-alagoinhas-para-fortalecer-microcredito-e-economia-solidaria\/' class='whatsapp-button whatsapp-share'>WhatsApp<\/a><div class='clear '><\/div><\/div>","protected":false},"excerpt":{"rendered":"<p>A Caravana do CrediBahia chega a Alagoinhas nesta ter\u00e7a-feira, 12, reunindo gestores p\u00fablicos municipais, agentes de cr\u00e9dito, empreendedores e representantes da sociedade civil organizada de 28 munic\u00edpios das regi\u00f5es Litoral Norte e Agreste Baiano, Semi\u00e1rido Nordeste II e Metropolitana\/Salvador. O evento, realizado pela Secretaria do Trabalho, Emprego, Renda e Esporte (Setre) do Governo do Estado [&hellip;]<\/p>\n","protected":false},"author":1,"featured_media":44133,"comment_status":"closed","ping_status":"closed","sticky":false,"template":"","format":"standard","meta":{"om_disable_all_campaigns":false,"rop_custom_images_group":[],"rop_custom_messages_group":[],"rop_publish_now":"initial","rop_publish_now_accounts":[],"rop_publish_now_history":[],"rop_publish_now_status":"pending","_exactmetrics_skip_tracking":false,"footnotes":""},"categories":[38,167],"tags":[],"class_list":["post-44132","post","type-post","status-publish","format-standard","has-post-thumbnail","hentry","category-alagoinhas-e-regiao","category-exclusivas"],"aioseo_notices":[],"aioseo_head":"\n\t\t<!-- All in One SEO 4.9.10 - aioseo.com -->\n\t<meta name=\"description\" content=\"A Caravana do CrediBahia chega a Alagoinhas nesta ter\u00e7a-feira, 12, reunindo gestores p\u00fablicos municipais, agentes de cr\u00e9dito, empreendedores e representantes da sociedade civil organizada de 28 munic\u00edpios das regi\u00f5es Litoral Norte e Agreste Baiano, Semi\u00e1rido Nordeste II e Metropolitana\/Salvador. O evento, realizado pela Secretaria do Trabalho, Emprego, Renda e Esporte (Setre) do Governo do Estado\" \/>\n\t<meta name=\"robots\" content=\"max-image-preview:large\" \/>\n\t<meta name=\"author\" content=\"administrador\"\/>\n\t<link rel=\"canonical\" href=\"https:\/\/newsinfoco.com.br\/inicio\/caravana-do-credibahia-chega-a-alagoinhas-para-fortalecer-microcredito-e-economia-solidaria\/\" \/>\n\t<meta name=\"generator\" content=\"All in One SEO (AIOSEO) 4.9.10\" \/>\n\t\t<meta property=\"og:locale\" content=\"pt_BR\" \/>\n\t\t<meta property=\"og:site_name\" content=\"News In Foco - Editado por Caio Pimenta - O principal site de noticias de Alagoinhas e regi\u00e3o\" \/>\n\t\t<meta property=\"og:type\" content=\"article\" \/>\n\t\t<meta property=\"og:title\" content=\"Caravana do CrediBahia chega a Alagoinhas para fortalecer microcr\u00e9dito e economia solid\u00e1ria - News In Foco - Editado por Caio Pimenta\" \/>\n\t\t<meta property=\"og:description\" content=\"A Caravana do CrediBahia chega a Alagoinhas nesta ter\u00e7a-feira, 12, reunindo gestores p\u00fablicos municipais, agentes de cr\u00e9dito, empreendedores e representantes da sociedade civil organizada de 28 munic\u00edpios das regi\u00f5es Litoral Norte e Agreste Baiano, Semi\u00e1rido Nordeste II e Metropolitana\/Salvador. O evento, realizado pela Secretaria do Trabalho, Emprego, Renda e Esporte (Setre) do Governo do Estado\" \/>\n\t\t<meta property=\"og:url\" content=\"https:\/\/newsinfoco.com.br\/inicio\/caravana-do-credibahia-chega-a-alagoinhas-para-fortalecer-microcredito-e-economia-solidaria\/\" \/>\n\t\t<meta property=\"article:published_time\" content=\"2025-08-12T15:08:00+00:00\" \/>\n\t\t<meta property=\"article:modified_time\" content=\"2025-08-12T15:08:00+00:00\" \/>\n\t\t<meta name=\"twitter:card\" content=\"summary_large_image\" \/>\n\t\t<meta name=\"twitter:title\" content=\"Caravana do CrediBahia chega a Alagoinhas para fortalecer microcr\u00e9dito e economia solid\u00e1ria - News In Foco - Editado por Caio Pimenta\" \/>\n\t\t<meta name=\"twitter:description\" content=\"A Caravana do CrediBahia chega a Alagoinhas nesta ter\u00e7a-feira, 12, reunindo gestores p\u00fablicos municipais, agentes de cr\u00e9dito, empreendedores e representantes da sociedade civil organizada de 28 munic\u00edpios das regi\u00f5es Litoral Norte e Agreste Baiano, Semi\u00e1rido Nordeste II e Metropolitana\/Salvador. O evento, realizado pela Secretaria do Trabalho, Emprego, Renda e Esporte (Setre) do Governo do Estado\" \/>\n\t\t<script type=\"application\/ld+json\" class=\"aioseo-schema\">\n\t\t\t{\"@context\":\"https:\\\/\\\/schema.org\",\"@graph\":[{\"@type\":\"BlogPosting\",\"@id\":\"https:\\\/\\\/newsinfoco.com.br\\\/inicio\\\/caravana-do-credibahia-chega-a-alagoinhas-para-fortalecer-microcredito-e-economia-solidaria\\\/#blogposting\",\"name\":\"Caravana do CrediBahia chega a Alagoinhas para fortalecer microcr\\u00e9dito e economia solid\\u00e1ria - News In Foco - Editado por Caio Pimenta\",\"headline\":\"Caravana do CrediBahia chega a Alagoinhas para fortalecer microcr\\u00e9dito e economia solid\\u00e1ria\",\"author\":{\"@id\":\"https:\\\/\\\/newsinfoco.com.br\\\/inicio\\\/author\\\/administrador\\\/#author\"},\"publisher\":{\"@id\":\"https:\\\/\\\/newsinfoco.com.br\\\/inicio\\\/#organization\"},\"image\":{\"@type\":\"ImageObject\",\"url\":\"https:\\\/\\\/newsinfoco.com.br\\\/inicio\\\/wp-content\\\/uploads\\\/2025\\\/08\\\/WhatsApp-Image-2025-08-12-at-10.44.42.jpeg\",\"width\":1600,\"height\":1066},\"datePublished\":\"2025-08-12T12:08:00-03:00\",\"dateModified\":\"2025-08-12T12:08:00-03:00\",\"inLanguage\":\"pt-BR\",\"mainEntityOfPage\":{\"@id\":\"https:\\\/\\\/newsinfoco.com.br\\\/inicio\\\/caravana-do-credibahia-chega-a-alagoinhas-para-fortalecer-microcredito-e-economia-solidaria\\\/#webpage\"},\"isPartOf\":{\"@id\":\"https:\\\/\\\/newsinfoco.com.br\\\/inicio\\\/caravana-do-credibahia-chega-a-alagoinhas-para-fortalecer-microcredito-e-economia-solidaria\\\/#webpage\"},\"articleSection\":\"Alagoinhas e Regi\\u00e3o, Manchete\"},{\"@type\":\"BreadcrumbList\",\"@id\":\"https:\\\/\\\/newsinfoco.com.br\\\/inicio\\\/caravana-do-credibahia-chega-a-alagoinhas-para-fortalecer-microcredito-e-economia-solidaria\\\/#breadcrumblist\",\"itemListElement\":[{\"@type\":\"ListItem\",\"@id\":\"https:\\\/\\\/newsinfoco.com.br\\\/inicio#listItem\",\"position\":1,\"name\":\"In\\u00edcio\",\"item\":\"https:\\\/\\\/newsinfoco.com.br\\\/inicio\",\"nextItem\":{\"@type\":\"ListItem\",\"@id\":\"https:\\\/\\\/newsinfoco.com.br\\\/inicio\\\/category\\\/alagoinhas-e-regiao\\\/#listItem\",\"name\":\"Alagoinhas e Regi\\u00e3o\"}},{\"@type\":\"ListItem\",\"@id\":\"https:\\\/\\\/newsinfoco.com.br\\\/inicio\\\/category\\\/alagoinhas-e-regiao\\\/#listItem\",\"position\":2,\"name\":\"Alagoinhas e Regi\\u00e3o\",\"item\":\"https:\\\/\\\/newsinfoco.com.br\\\/inicio\\\/category\\\/alagoinhas-e-regiao\\\/\",\"nextItem\":{\"@type\":\"ListItem\",\"@id\":\"https:\\\/\\\/newsinfoco.com.br\\\/inicio\\\/caravana-do-credibahia-chega-a-alagoinhas-para-fortalecer-microcredito-e-economia-solidaria\\\/#listItem\",\"name\":\"Caravana do CrediBahia chega a Alagoinhas para fortalecer microcr\\u00e9dito e economia solid\\u00e1ria\"},\"previousItem\":{\"@type\":\"ListItem\",\"@id\":\"https:\\\/\\\/newsinfoco.com.br\\\/inicio#listItem\",\"name\":\"In\\u00edcio\"}},{\"@type\":\"ListItem\",\"@id\":\"https:\\\/\\\/newsinfoco.com.br\\\/inicio\\\/caravana-do-credibahia-chega-a-alagoinhas-para-fortalecer-microcredito-e-economia-solidaria\\\/#listItem\",\"position\":3,\"name\":\"Caravana do CrediBahia chega a Alagoinhas para fortalecer microcr\\u00e9dito e economia solid\\u00e1ria\",\"previousItem\":{\"@type\":\"ListItem\",\"@id\":\"https:\\\/\\\/newsinfoco.com.br\\\/inicio\\\/category\\\/alagoinhas-e-regiao\\\/#listItem\",\"name\":\"Alagoinhas e Regi\\u00e3o\"}}]},{\"@type\":\"Organization\",\"@id\":\"https:\\\/\\\/newsinfoco.com.br\\\/inicio\\\/#organization\",\"name\":\"News In Foco - Editado por Caio Pimenta\",\"description\":\"O principal site de noticias de Alagoinhas e regi\\u00e3o\",\"url\":\"https:\\\/\\\/newsinfoco.com.br\\\/inicio\\\/\"},{\"@type\":\"Person\",\"@id\":\"https:\\\/\\\/newsinfoco.com.br\\\/inicio\\\/author\\\/administrador\\\/#author\",\"url\":\"https:\\\/\\\/newsinfoco.com.br\\\/inicio\\\/author\\\/administrador\\\/\",\"name\":\"administrador\",\"image\":{\"@type\":\"ImageObject\",\"@id\":\"https:\\\/\\\/newsinfoco.com.br\\\/inicio\\\/caravana-do-credibahia-chega-a-alagoinhas-para-fortalecer-microcredito-e-economia-solidaria\\\/#authorImage\",\"url\":\"https:\\\/\\\/secure.gravatar.com\\\/avatar\\\/c17a617433de8c1dc9584bb79aab7563b46f5bb7e1728c9b17d9cc3ce6a08e49?s=96&d=mm&r=g\",\"width\":96,\"height\":96,\"caption\":\"administrador\"}},{\"@type\":\"WebPage\",\"@id\":\"https:\\\/\\\/newsinfoco.com.br\\\/inicio\\\/caravana-do-credibahia-chega-a-alagoinhas-para-fortalecer-microcredito-e-economia-solidaria\\\/#webpage\",\"url\":\"https:\\\/\\\/newsinfoco.com.br\\\/inicio\\\/caravana-do-credibahia-chega-a-alagoinhas-para-fortalecer-microcredito-e-economia-solidaria\\\/\",\"name\":\"Caravana do CrediBahia chega a Alagoinhas para fortalecer microcr\\u00e9dito e economia solid\\u00e1ria - News In Foco - Editado por Caio Pimenta\",\"description\":\"A Caravana do CrediBahia chega a Alagoinhas nesta ter\\u00e7a-feira, 12, reunindo gestores p\\u00fablicos municipais, agentes de cr\\u00e9dito, empreendedores e representantes da sociedade civil organizada de 28 munic\\u00edpios das regi\\u00f5es Litoral Norte e Agreste Baiano, Semi\\u00e1rido Nordeste II e Metropolitana\\\/Salvador. O evento, realizado pela Secretaria do Trabalho, Emprego, Renda e Esporte (Setre) do Governo do Estado\",\"inLanguage\":\"pt-BR\",\"isPartOf\":{\"@id\":\"https:\\\/\\\/newsinfoco.com.br\\\/inicio\\\/#website\"},\"breadcrumb\":{\"@id\":\"https:\\\/\\\/newsinfoco.com.br\\\/inicio\\\/caravana-do-credibahia-chega-a-alagoinhas-para-fortalecer-microcredito-e-economia-solidaria\\\/#breadcrumblist\"},\"author\":{\"@id\":\"https:\\\/\\\/newsinfoco.com.br\\\/inicio\\\/author\\\/administrador\\\/#author\"},\"creator\":{\"@id\":\"https:\\\/\\\/newsinfoco.com.br\\\/inicio\\\/author\\\/administrador\\\/#author\"},\"image\":{\"@type\":\"ImageObject\",\"url\":\"https:\\\/\\\/newsinfoco.com.br\\\/inicio\\\/wp-content\\\/uploads\\\/2025\\\/08\\\/WhatsApp-Image-2025-08-12-at-10.44.42.jpeg\",\"@id\":\"https:\\\/\\\/newsinfoco.com.br\\\/inicio\\\/caravana-do-credibahia-chega-a-alagoinhas-para-fortalecer-microcredito-e-economia-solidaria\\\/#mainImage\",\"width\":1600,\"height\":1066},\"primaryImageOfPage\":{\"@id\":\"https:\\\/\\\/newsinfoco.com.br\\\/inicio\\\/caravana-do-credibahia-chega-a-alagoinhas-para-fortalecer-microcredito-e-economia-solidaria\\\/#mainImage\"},\"datePublished\":\"2025-08-12T12:08:00-03:00\",\"dateModified\":\"2025-08-12T12:08:00-03:00\"},{\"@type\":\"WebSite\",\"@id\":\"https:\\\/\\\/newsinfoco.com.br\\\/inicio\\\/#website\",\"url\":\"https:\\\/\\\/newsinfoco.com.br\\\/inicio\\\/\",\"name\":\"News In Foco - Editado por Caio Pimenta\",\"description\":\"O principal site de noticias de Alagoinhas e regi\\u00e3o\",\"inLanguage\":\"pt-BR\",\"publisher\":{\"@id\":\"https:\\\/\\\/newsinfoco.com.br\\\/inicio\\\/#organization\"}}]}\n\t\t<\/script>\n\t\t<!-- All in One SEO -->\n\n","aioseo_head_json":{"title":"Caravana do CrediBahia chega a Alagoinhas para fortalecer microcr\u00e9dito e economia solid\u00e1ria - News In Foco - Editado por Caio Pimenta","description":"A Caravana do CrediBahia chega a Alagoinhas nesta ter\u00e7a-feira, 12, reunindo gestores p\u00fablicos municipais, agentes de cr\u00e9dito, empreendedores e representantes da sociedade civil organizada de 28 munic\u00edpios das regi\u00f5es Litoral Norte e Agreste Baiano, Semi\u00e1rido Nordeste II e Metropolitana\/Salvador. O evento, realizado pela Secretaria do Trabalho, Emprego, Renda e Esporte (Setre) do Governo do Estado","canonical_url":"https:\/\/newsinfoco.com.br\/inicio\/caravana-do-credibahia-chega-a-alagoinhas-para-fortalecer-microcredito-e-economia-solidaria\/","robots":"max-image-preview:large","keywords":"","webmasterTools":{"miscellaneous":""},"schema":{"@context":"https:\/\/schema.org","@graph":[{"@type":"BlogPosting","@id":"https:\/\/newsinfoco.com.br\/inicio\/caravana-do-credibahia-chega-a-alagoinhas-para-fortalecer-microcredito-e-economia-solidaria\/#blogposting","name":"Caravana do CrediBahia chega a Alagoinhas para fortalecer microcr\u00e9dito e economia solid\u00e1ria - News In Foco - Editado por Caio Pimenta","headline":"Caravana do CrediBahia chega a Alagoinhas para fortalecer microcr\u00e9dito e economia solid\u00e1ria","author":{"@id":"https:\/\/newsinfoco.com.br\/inicio\/author\/administrador\/#author"},"publisher":{"@id":"https:\/\/newsinfoco.com.br\/inicio\/#organization"},"image":{"@type":"ImageObject","url":"https:\/\/newsinfoco.com.br\/inicio\/wp-content\/uploads\/2025\/08\/WhatsApp-Image-2025-08-12-at-10.44.42.jpeg","width":1600,"height":1066},"datePublished":"2025-08-12T12:08:00-03:00","dateModified":"2025-08-12T12:08:00-03:00","inLanguage":"pt-BR","mainEntityOfPage":{"@id":"https:\/\/newsinfoco.com.br\/inicio\/caravana-do-credibahia-chega-a-alagoinhas-para-fortalecer-microcredito-e-economia-solidaria\/#webpage"},"isPartOf":{"@id":"https:\/\/newsinfoco.com.br\/inicio\/caravana-do-credibahia-chega-a-alagoinhas-para-fortalecer-microcredito-e-economia-solidaria\/#webpage"},"articleSection":"Alagoinhas e Regi\u00e3o, Manchete"},{"@type":"BreadcrumbList","@id":"https:\/\/newsinfoco.com.br\/inicio\/caravana-do-credibahia-chega-a-alagoinhas-para-fortalecer-microcredito-e-economia-solidaria\/#breadcrumblist","itemListElement":[{"@type":"ListItem","@id":"https:\/\/newsinfoco.com.br\/inicio#listItem","position":1,"name":"In\u00edcio","item":"https:\/\/newsinfoco.com.br\/inicio","nextItem":{"@type":"ListItem","@id":"https:\/\/newsinfoco.com.br\/inicio\/category\/alagoinhas-e-regiao\/#listItem","name":"Alagoinhas e Regi\u00e3o"}},{"@type":"ListItem","@id":"https:\/\/newsinfoco.com.br\/inicio\/category\/alagoinhas-e-regiao\/#listItem","position":2,"name":"Alagoinhas e Regi\u00e3o","item":"https:\/\/newsinfoco.com.br\/inicio\/category\/alagoinhas-e-regiao\/","nextItem":{"@type":"ListItem","@id":"https:\/\/newsinfoco.com.br\/inicio\/caravana-do-credibahia-chega-a-alagoinhas-para-fortalecer-microcredito-e-economia-solidaria\/#listItem","name":"Caravana do CrediBahia chega a Alagoinhas para fortalecer microcr\u00e9dito e economia solid\u00e1ria"},"previousItem":{"@type":"ListItem","@id":"https:\/\/newsinfoco.com.br\/inicio#listItem","name":"In\u00edcio"}},{"@type":"ListItem","@id":"https:\/\/newsinfoco.com.br\/inicio\/caravana-do-credibahia-chega-a-alagoinhas-para-fortalecer-microcredito-e-economia-solidaria\/#listItem","position":3,"name":"Caravana do CrediBahia chega a Alagoinhas para fortalecer microcr\u00e9dito e economia solid\u00e1ria","previousItem":{"@type":"ListItem","@id":"https:\/\/newsinfoco.com.br\/inicio\/category\/alagoinhas-e-regiao\/#listItem","name":"Alagoinhas e Regi\u00e3o"}}]},{"@type":"Organization","@id":"https:\/\/newsinfoco.com.br\/inicio\/#organization","name":"News In Foco - Editado por Caio Pimenta","description":"O principal site de noticias de Alagoinhas e regi\u00e3o","url":"https:\/\/newsinfoco.com.br\/inicio\/"},{"@type":"Person","@id":"https:\/\/newsinfoco.com.br\/inicio\/author\/administrador\/#author","url":"https:\/\/newsinfoco.com.br\/inicio\/author\/administrador\/","name":"administrador","image":{"@type":"ImageObject","@id":"https:\/\/newsinfoco.com.br\/inicio\/caravana-do-credibahia-chega-a-alagoinhas-para-fortalecer-microcredito-e-economia-solidaria\/#authorImage","url":"https:\/\/secure.gravatar.com\/avatar\/c17a617433de8c1dc9584bb79aab7563b46f5bb7e1728c9b17d9cc3ce6a08e49?s=96&d=mm&r=g","width":96,"height":96,"caption":"administrador"}},{"@type":"WebPage","@id":"https:\/\/newsinfoco.com.br\/inicio\/caravana-do-credibahia-chega-a-alagoinhas-para-fortalecer-microcredito-e-economia-solidaria\/#webpage","url":"https:\/\/newsinfoco.com.br\/inicio\/caravana-do-credibahia-chega-a-alagoinhas-para-fortalecer-microcredito-e-economia-solidaria\/","name":"Caravana do CrediBahia chega a Alagoinhas para fortalecer microcr\u00e9dito e economia solid\u00e1ria - News In Foco - Editado por Caio Pimenta","description":"A Caravana do CrediBahia chega a Alagoinhas nesta ter\u00e7a-feira, 12, reunindo gestores p\u00fablicos municipais, agentes de cr\u00e9dito, empreendedores e representantes da sociedade civil organizada de 28 munic\u00edpios das regi\u00f5es Litoral Norte e Agreste Baiano, Semi\u00e1rido Nordeste II e Metropolitana\/Salvador. O evento, realizado pela Secretaria do Trabalho, Emprego, Renda e Esporte (Setre) do Governo do Estado","inLanguage":"pt-BR","isPartOf":{"@id":"https:\/\/newsinfoco.com.br\/inicio\/#website"},"breadcrumb":{"@id":"https:\/\/newsinfoco.com.br\/inicio\/caravana-do-credibahia-chega-a-alagoinhas-para-fortalecer-microcredito-e-economia-solidaria\/#breadcrumblist"},"author":{"@id":"https:\/\/newsinfoco.com.br\/inicio\/author\/administrador\/#author"},"creator":{"@id":"https:\/\/newsinfoco.com.br\/inicio\/author\/administrador\/#author"},"image":{"@type":"ImageObject","url":"https:\/\/newsinfoco.com.br\/inicio\/wp-content\/uploads\/2025\/08\/WhatsApp-Image-2025-08-12-at-10.44.42.jpeg","@id":"https:\/\/newsinfoco.com.br\/inicio\/caravana-do-credibahia-chega-a-alagoinhas-para-fortalecer-microcredito-e-economia-solidaria\/#mainImage","width":1600,"height":1066},"primaryImageOfPage":{"@id":"https:\/\/newsinfoco.com.br\/inicio\/caravana-do-credibahia-chega-a-alagoinhas-para-fortalecer-microcredito-e-economia-solidaria\/#mainImage"},"datePublished":"2025-08-12T12:08:00-03:00","dateModified":"2025-08-12T12:08:00-03:00"},{"@type":"WebSite","@id":"https:\/\/newsinfoco.com.br\/inicio\/#website","url":"https:\/\/newsinfoco.com.br\/inicio\/","name":"News In Foco - Editado por Caio Pimenta","description":"O principal site de noticias de Alagoinhas e regi\u00e3o","inLanguage":"pt-BR","publisher":{"@id":"https:\/\/newsinfoco.com.br\/inicio\/#organization"}}]},"og:locale":"pt_BR","og:site_name":"News In Foco - Editado por Caio Pimenta - O principal site de noticias de Alagoinhas e regi\u00e3o","og:type":"article","og:title":"Caravana do CrediBahia chega a Alagoinhas para fortalecer microcr\u00e9dito e economia solid\u00e1ria - News In Foco - Editado por Caio Pimenta","og:description":"A Caravana do CrediBahia chega a Alagoinhas nesta ter\u00e7a-feira, 12, reunindo gestores p\u00fablicos municipais, agentes de cr\u00e9dito, empreendedores e representantes da sociedade civil organizada de 28 munic\u00edpios das regi\u00f5es Litoral Norte e Agreste Baiano, Semi\u00e1rido Nordeste II e Metropolitana\/Salvador. O evento, realizado pela Secretaria do Trabalho, Emprego, Renda e Esporte (Setre) do Governo do Estado","og:url":"https:\/\/newsinfoco.com.br\/inicio\/caravana-do-credibahia-chega-a-alagoinhas-para-fortalecer-microcredito-e-economia-solidaria\/","article:published_time":"2025-08-12T15:08:00+00:00","article:modified_time":"2025-08-12T15:08:00+00:00","twitter:card":"summary_large_image","twitter:title":"Caravana do CrediBahia chega a Alagoinhas para fortalecer microcr\u00e9dito e economia solid\u00e1ria - News In Foco - Editado por Caio Pimenta","twitter:description":"A Caravana do CrediBahia chega a Alagoinhas nesta ter\u00e7a-feira, 12, reunindo gestores p\u00fablicos municipais, agentes de cr\u00e9dito, empreendedores e representantes da sociedade civil organizada de 28 munic\u00edpios das regi\u00f5es Litoral Norte e Agreste Baiano, Semi\u00e1rido Nordeste II e Metropolitana\/Salvador. O evento, realizado pela Secretaria do Trabalho, Emprego, Renda e Esporte (Setre) do Governo do Estado"},"aioseo_meta_data":{"post_id":"44132","title":null,"description":null,"keywords":null,"keyphrases":{"focus":{"keyphrase":"","score":0,"analysis":{"keyphraseInTitle":{"score":0,"maxScore":9,"error":1}}},"additional":[]},"primary_term":null,"canonical_url":null,"og_title":null,"og_description":null,"og_object_type":"default","og_image_type":"default","og_image_url":null,"og_image_width":null,"og_image_height":null,"og_image_custom_url":null,"og_image_custom_fields":null,"og_video":"","og_custom_url":null,"og_article_section":null,"og_article_tags":null,"twitter_use_og":false,"twitter_card":"default","twitter_image_type":"default","twitter_image_url":null,"twitter_image_custom_url":null,"twitter_image_custom_fields":null,"twitter_title":null,"twitter_description":null,"schema":{"blockGraphs":[],"customGraphs":[],"default":{"data":{"Article":[],"Course":[],"Dataset":[],"FAQPage":[],"Movie":[],"Person":[],"Product":[],"ProductReview":[],"Car":[],"Recipe":[],"Service":[],"SoftwareApplication":[],"WebPage":[]},"graphName":"BlogPosting","isEnabled":true},"graphs":[]},"schema_type":"default","schema_type_options":null,"pillar_content":false,"robots_default":true,"robots_noindex":false,"robots_noarchive":false,"robots_nosnippet":false,"robots_nofollow":false,"robots_noimageindex":false,"robots_noodp":false,"robots_notranslate":false,"robots_max_snippet":"-1","robots_max_videopreview":"-1","robots_max_imagepreview":"large","priority":null,"frequency":"default","local_seo":null,"breadcrumb_settings":null,"limit_modified_date":false,"ai":{"faqs":[],"keyPoints":[],"titles":[],"descriptions":[],"socialPosts":{"email":[],"linkedin":[],"twitter":[],"facebook":[],"instagram":[]}},"created":"2025-08-12 15:08:00","updated":"2025-08-12 15:17:53","seo_analyzer_scan_date":null},"aioseo_breadcrumb":"<div class=\"aioseo-breadcrumbs\"><span class=\"aioseo-breadcrumb\">\n\t\t\t<a href=\"https:\/\/newsinfoco.com.br\/inicio\" title=\"In\u00edcio\">In\u00edcio<\/a>\n\t\t<\/span><span class=\"aioseo-breadcrumb-separator\">&raquo;<\/span><span class=\"aioseo-breadcrumb\">\n\t\t\t<a href=\"https:\/\/newsinfoco.com.br\/inicio\/category\/alagoinhas-e-regiao\/\" title=\"Alagoinhas e Regi\u00e3o\">Alagoinhas e Regi\u00e3o<\/a>\n\t\t<\/span><span class=\"aioseo-breadcrumb-separator\">&raquo;<\/span><span class=\"aioseo-breadcrumb\">\n\t\t\tCaravana do CrediBahia chega a Alagoinhas para fortalecer microcr\u00e9dito e economia solid\u00e1ria\n\t\t<\/span><\/div>","aioseo_breadcrumb_json":[{"label":"In\u00edcio","link":"https:\/\/newsinfoco.com.br\/inicio"},{"label":"Alagoinhas e Regi\u00e3o","link":"https:\/\/newsinfoco.com.br\/inicio\/category\/alagoinhas-e-regiao\/"},{"label":"Caravana do CrediBahia chega a Alagoinhas para fortalecer microcr\u00e9dito e economia solid\u00e1ria","link":"https:\/\/newsinfoco.com.br\/inicio\/caravana-do-credibahia-chega-a-alagoinhas-para-fortalecer-microcredito-e-economia-solidaria\/"}],"_links":{"self":[{"href":"https:\/\/newsinfoco.com.br\/inicio\/wp-json\/wp\/v2\/posts\/44132","targetHints":{"allow":["GET"]}}],"collection":[{"href":"https:\/\/newsinfoco.com.br\/inicio\/wp-json\/wp\/v2\/posts"}],"about":[{"href":"https:\/\/newsinfoco.com.br\/inicio\/wp-json\/wp\/v2\/types\/post"}],"author":[{"embeddable":true,"href":"https:\/\/newsinfoco.com.br\/inicio\/wp-json\/wp\/v2\/users\/1"}],"replies":[{"embeddable":true,"href":"https:\/\/newsinfoco.com.br\/inicio\/wp-json\/wp\/v2\/comments?post=44132"}],"version-history":[{"count":1,"href":"https:\/\/newsinfoco.com.br\/inicio\/wp-json\/wp\/v2\/posts\/44132\/revisions"}],"predecessor-version":[{"id":44134,"href":"https:\/\/newsinfoco.com.br\/inicio\/wp-json\/wp\/v2\/posts\/44132\/revisions\/44134"}],"wp:featuredmedia":[{"embeddable":true,"href":"https:\/\/newsinfoco.com.br\/inicio\/wp-json\/wp\/v2\/media\/44133"}],"wp:attachment":[{"href":"https:\/\/newsinfoco.com.br\/inicio\/wp-json\/wp\/v2\/media?parent=44132"}],"wp:term":[{"taxonomy":"category","embeddable":true,"href":"https:\/\/newsinfoco.com.br\/inicio\/wp-json\/wp\/v2\/categories?post=44132"},{"taxonomy":"post_tag","embeddable":true,"href":"https:\/\/newsinfoco.com.br\/inicio\/wp-json\/wp\/v2\/tags?post=44132"}],"curies":[{"name":"wp","href":"https:\/\/api.w.org\/{rel}","templated":true}]}}