{"id":44141,"date":"2025-08-12T12:50:35","date_gmt":"2025-08-12T15:50:35","guid":{"rendered":"https:\/\/newsinfoco.com.br\/inicio\/?p=44141"},"modified":"2025-08-12T12:50:35","modified_gmt":"2025-08-12T15:50:35","slug":"escola-de-governo-de-alagoinhas-inicia-atividades-este-mes","status":"publish","type":"post","link":"https:\/\/newsinfoco.com.br\/inicio\/escola-de-governo-de-alagoinhas-inicia-atividades-este-mes\/","title":{"rendered":"Escola de Governo de Alagoinhas inicia atividades este m\u00eas"},"content":{"rendered":"<p>A Prefeitura de Alagoinhas j\u00e1 tem data definida para o lan\u00e7amento oficial da\u00a0<a href=\"https:\/\/www.alagoinhas.ba.gov.br\/seag\/escola-governo\/\" target=\"_blank\" rel=\"noopener noreferrer\"><strong>Escola de Governo de Qualifica\u00e7\u00e3o e Desenvolvimento Profissional<\/strong><\/a>. A aula inaugural est\u00e1 marcada para o pr\u00f3ximo dia 28 de agosto, no Centro Territorial de Educa\u00e7\u00e3o Profissional do Litoral Norte e Agreste Baiano (CETEP\/LNAB), onde acontecer\u00e1 o Workshop Comunica\u00e7\u00e3o Eficaz: Fortalecendo Rela\u00e7\u00f5es e Melhorando o Servi\u00e7o P\u00fablico, voltado exclusivamente para servidores da Sa\u00fade. A capacita\u00e7\u00e3o ter\u00e1 carga hor\u00e1ria de quatro horas, com turmas nos dias 28 e 29, e aulas das 13h \u00e0s 17h30.<\/p>\n<p>Iniciativa in\u00e9dita no munic\u00edpio em parceria com a empresa UP Brasil, a Escola de Governo \u00e9 fruto de uma parceria entre a Secretaria de Efici\u00eancia e A\u00e7\u00f5es Governamentais (SEAG), Secretaria da Administra\u00e7\u00e3o e Inova\u00e7\u00e3o Tecnol\u00f3gica (SEAI) e a Controladoria Geral do Munic\u00edpio (COGER). O objetivo \u00e9 planejar, coordenar e executar programas de forma\u00e7\u00e3o, desenvolvimento e aperfei\u00e7oamento dos servidores p\u00fablicos municipais.<\/p>\n<p>O programa ter\u00e1 in\u00edcio com o workshop para profissionais da Sa\u00fade, mas j\u00e1 existem outros temas sendo preparados para os pr\u00f3ximos encontros. Nesta ter\u00e7a-feira, 12, a SEAG, SEAI e COGER reuniram representantes indicados por outras secretarias para atuar na formata\u00e7\u00e3o das a\u00e7\u00f5es, levantando as demandas de maior relev\u00e2ncia para atender \u00e0s \u00e1reas como replicadores das informa\u00e7\u00f5es da escola.<\/p>\n<p>O prefeito Gustavo Carmo destaca a import\u00e2ncia do investimento na capacita\u00e7\u00e3o dos servidores p\u00fablicos de Alagoinhas. \u201cEsses profissionais s\u00e3o a base do funcionamento da nossa cidade. S\u00e3o eles que levam sa\u00fade, educa\u00e7\u00e3o, seguran\u00e7a e tantos outros servi\u00e7os essenciais para a nossa popula\u00e7\u00e3o. Ao criar uma escola de capacita\u00e7\u00e3o para nossos servidores, estamos fortalecendo a qualidade do atendimento, promovendo a efici\u00eancia e garantindo que cada um deles esteja preparado para atender \u00e0s necessidades dos cidad\u00e3os\u201d, comenta.<\/p>\n<p>Para o secret\u00e1rio municipal de Efici\u00eancia e A\u00e7\u00f5es Governamentais, Ricardo Sales, a cria\u00e7\u00e3o da Escola de Governo refor\u00e7a o compromisso em ofertar excel\u00eancia no servi\u00e7o p\u00fablico. \u201cEstamos focados em promover a qualifica\u00e7\u00e3o de toda a equipe, desenvolvendo compet\u00eancias t\u00e9cnicas, gerenciais e comportamentais que v\u00e3o melhorar ainda mais a nossa gest\u00e3o p\u00fablica. Al\u00e9m disso, apoiamos a implementa\u00e7\u00e3o de pol\u00edticas p\u00fablicas por meio da qualifica\u00e7\u00e3o dos nossos quadros administrativos, buscando sempre parcerias com institui\u00e7\u00f5es de ensino e pesquisa, sejam p\u00fablicas ou privadas\u201d, diz.<\/p>\n<p>Segundo o secret\u00e1rio municipal da Administra\u00e7\u00e3o e Inova\u00e7\u00e3o Tecnol\u00f3gica, Bruno Nascimento, os resultados das capacita\u00e7\u00f5es ser\u00e3o acompanhados de perto. \u201cContinuaremos incentivando nossos servidores a valorizarem suas habilidades e conhecimentos. E, claro, incentivamos tamb\u00e9m que eles atuem como instrutores e professores, contribuindo para o desenvolvimento de todos. Nosso compromisso \u00e9 com uma gest\u00e3o cada vez melhor, mais eficiente e mais pr\u00f3xima dos cidad\u00e3os, e isso tamb\u00e9m inclui o est\u00edmulo \u00e0 cultura da inova\u00e7\u00e3o e da efici\u00eancia\u201d, avalia.<\/p>\n<p>A controladora geral do Munic\u00edpio, Menara Dami\u00e3o, ressalta que a Escola de Governo \u00e9 uma iniciativa fundamental para o fortalecimento da nossa gest\u00e3o p\u00fablica. \u201cEssa iniciativa capacita nossos servidores p\u00fablicos, garantindo que eles atuem com excel\u00eancia no controle or\u00e7ament\u00e1rio, cont\u00e1bil, financeiro, operacional e patrimonial das entidades da administra\u00e7\u00e3o direta e indireta. Nosso objetivo \u00e9 assegurar que todas as a\u00e7\u00f5es estejam alinhadas com princ\u00edpios como legalidade e economicidade. Neste contexto, trabalhar com transpar\u00eancia \u00e9 essencial para fortalecer a confian\u00e7a da popula\u00e7\u00e3o e garantir que cada recurso seja utilizado de forma respons\u00e1vel e eficiente\u201d, afirma.<\/p>\n<p><strong>Diversas modalidades<\/strong><\/p>\n<p>As atividades desenvolvidas pela Escola de Governo de Capacita\u00e7\u00e3o e Desenvolvimento Profissional do Munic\u00edpio de Alagoinhas ser\u00e3o ofertadas por agentes p\u00fablicos municipais da Administra\u00e7\u00e3o Direta e Indireta do Munic\u00edpio ou por terceiros, e poder\u00e3o celebrar conv\u00eanios, termos de coopera\u00e7\u00e3o dentre outras parcerias com institui\u00e7\u00f5es de ensino e pesquisa, organiza\u00e7\u00f5es da sociedade civil e governos estaduais e federal.<\/p>\n<p>A Escola prev\u00ea diversas modalidades de a\u00e7\u00f5es educacionais, como confer\u00eancias, congressos, cursos, encontros, exposi\u00e7\u00f5es, f\u00f3runs, palestras, rodas de conversas, oficinas, semin\u00e1rios e viagens de estudos. As a\u00e7\u00f5es ser\u00e3o financiadas por recursos pr\u00f3prios do or\u00e7amento municipal, parcerias e conv\u00eanios com entidades p\u00fablicas e privadas, recursos de fundos espec\u00edficos, quando houver, e por outros meios legais permitidos.<\/p>\n<p><strong>Mais informa\u00e7\u00f5es<\/strong>:\u00a0<a href=\"https:\/\/www.alagoinhas.ba.gov.br\/seag\/escola-governo\/\" target=\"_blank\" rel=\"noopener noreferrer\">alagoinhas.ba.gov.br\/seag\/escola-governo<\/a><\/p>\n<div class='share-to-whatsapp-wrapper'><div class='share-on-whsp'>Share on: <\/div><a data-text='Escola de Governo de Alagoinhas inicia atividades este m\u00eas' data-link='https:\/\/newsinfoco.com.br\/inicio\/escola-de-governo-de-alagoinhas-inicia-atividades-este-mes\/' class='whatsapp-button whatsapp-share'>WhatsApp<\/a><div class='clear '><\/div><\/div>","protected":false},"excerpt":{"rendered":"<p>A Prefeitura de Alagoinhas j\u00e1 tem data definida para o lan\u00e7amento oficial da\u00a0Escola de Governo de Qualifica\u00e7\u00e3o e Desenvolvimento Profissional. A aula inaugural est\u00e1 marcada para o pr\u00f3ximo dia 28 de agosto, no Centro Territorial de Educa\u00e7\u00e3o Profissional do Litoral Norte e Agreste Baiano (CETEP\/LNAB), onde acontecer\u00e1 o Workshop Comunica\u00e7\u00e3o Eficaz: Fortalecendo Rela\u00e7\u00f5es e Melhorando [&hellip;]<\/p>\n","protected":false},"author":1,"featured_media":44142,"comment_status":"closed","ping_status":"closed","sticky":false,"template":"","format":"standard","meta":{"om_disable_all_campaigns":false,"rop_custom_images_group":[],"rop_custom_messages_group":[],"rop_publish_now":"initial","rop_publish_now_accounts":[],"rop_publish_now_history":[],"rop_publish_now_status":"pending","_exactmetrics_skip_tracking":false,"footnotes":""},"categories":[38,167],"tags":[],"class_list":["post-44141","post","type-post","status-publish","format-standard","has-post-thumbnail","hentry","category-alagoinhas-e-regiao","category-exclusivas"],"aioseo_notices":[],"aioseo_head":"\n\t\t<!-- All in One SEO 4.9.10 - aioseo.com -->\n\t<meta name=\"description\" content=\"A Prefeitura de Alagoinhas j\u00e1 tem data definida para o lan\u00e7amento oficial da Escola de Governo de Qualifica\u00e7\u00e3o e Desenvolvimento Profissional. A aula inaugural est\u00e1 marcada para o pr\u00f3ximo dia 28 de agosto, no Centro Territorial de Educa\u00e7\u00e3o Profissional do Litoral Norte e Agreste Baiano (CETEP\/LNAB), onde acontecer\u00e1 o Workshop Comunica\u00e7\u00e3o Eficaz: Fortalecendo Rela\u00e7\u00f5es e Melhorando\" \/>\n\t<meta name=\"robots\" content=\"max-image-preview:large\" \/>\n\t<meta name=\"author\" content=\"administrador\"\/>\n\t<link rel=\"canonical\" href=\"https:\/\/newsinfoco.com.br\/inicio\/escola-de-governo-de-alagoinhas-inicia-atividades-este-mes\/\" \/>\n\t<meta name=\"generator\" content=\"All in One SEO (AIOSEO) 4.9.10\" \/>\n\t\t<meta property=\"og:locale\" content=\"pt_BR\" \/>\n\t\t<meta property=\"og:site_name\" content=\"News In Foco - Editado por Caio Pimenta - O principal site de noticias de Alagoinhas e regi\u00e3o\" \/>\n\t\t<meta property=\"og:type\" content=\"article\" \/>\n\t\t<meta property=\"og:title\" content=\"Escola de Governo de Alagoinhas inicia atividades este m\u00eas - News In Foco - Editado por Caio Pimenta\" \/>\n\t\t<meta property=\"og:description\" content=\"A Prefeitura de Alagoinhas j\u00e1 tem data definida para o lan\u00e7amento oficial da Escola de Governo de Qualifica\u00e7\u00e3o e Desenvolvimento Profissional. A aula inaugural est\u00e1 marcada para o pr\u00f3ximo dia 28 de agosto, no Centro Territorial de Educa\u00e7\u00e3o Profissional do Litoral Norte e Agreste Baiano (CETEP\/LNAB), onde acontecer\u00e1 o Workshop Comunica\u00e7\u00e3o Eficaz: Fortalecendo Rela\u00e7\u00f5es e Melhorando\" \/>\n\t\t<meta property=\"og:url\" content=\"https:\/\/newsinfoco.com.br\/inicio\/escola-de-governo-de-alagoinhas-inicia-atividades-este-mes\/\" \/>\n\t\t<meta property=\"article:published_time\" content=\"2025-08-12T15:50:35+00:00\" \/>\n\t\t<meta property=\"article:modified_time\" content=\"2025-08-12T15:50:35+00:00\" \/>\n\t\t<meta name=\"twitter:card\" content=\"summary_large_image\" \/>\n\t\t<meta name=\"twitter:title\" content=\"Escola de Governo de Alagoinhas inicia atividades este m\u00eas - News In Foco - Editado por Caio Pimenta\" \/>\n\t\t<meta name=\"twitter:description\" content=\"A Prefeitura de Alagoinhas j\u00e1 tem data definida para o lan\u00e7amento oficial da Escola de Governo de Qualifica\u00e7\u00e3o e Desenvolvimento Profissional. A aula inaugural est\u00e1 marcada para o pr\u00f3ximo dia 28 de agosto, no Centro Territorial de Educa\u00e7\u00e3o Profissional do Litoral Norte e Agreste Baiano (CETEP\/LNAB), onde acontecer\u00e1 o Workshop Comunica\u00e7\u00e3o Eficaz: Fortalecendo Rela\u00e7\u00f5es e Melhorando\" \/>\n\t\t<script type=\"application\/ld+json\" class=\"aioseo-schema\">\n\t\t\t{\"@context\":\"https:\\\/\\\/schema.org\",\"@graph\":[{\"@type\":\"BlogPosting\",\"@id\":\"https:\\\/\\\/newsinfoco.com.br\\\/inicio\\\/escola-de-governo-de-alagoinhas-inicia-atividades-este-mes\\\/#blogposting\",\"name\":\"Escola de Governo de Alagoinhas inicia atividades este m\\u00eas - News In Foco - Editado por Caio Pimenta\",\"headline\":\"Escola de Governo de Alagoinhas inicia atividades este m\\u00eas\",\"author\":{\"@id\":\"https:\\\/\\\/newsinfoco.com.br\\\/inicio\\\/author\\\/administrador\\\/#author\"},\"publisher\":{\"@id\":\"https:\\\/\\\/newsinfoco.com.br\\\/inicio\\\/#organization\"},\"image\":{\"@type\":\"ImageObject\",\"url\":\"https:\\\/\\\/newsinfoco.com.br\\\/inicio\\\/wp-content\\\/uploads\\\/2025\\\/08\\\/PSX_20250812_113115-scaled.jpg\",\"width\":2560,\"height\":1441},\"datePublished\":\"2025-08-12T12:50:35-03:00\",\"dateModified\":\"2025-08-12T12:50:35-03:00\",\"inLanguage\":\"pt-BR\",\"mainEntityOfPage\":{\"@id\":\"https:\\\/\\\/newsinfoco.com.br\\\/inicio\\\/escola-de-governo-de-alagoinhas-inicia-atividades-este-mes\\\/#webpage\"},\"isPartOf\":{\"@id\":\"https:\\\/\\\/newsinfoco.com.br\\\/inicio\\\/escola-de-governo-de-alagoinhas-inicia-atividades-este-mes\\\/#webpage\"},\"articleSection\":\"Alagoinhas e Regi\\u00e3o, Manchete\"},{\"@type\":\"BreadcrumbList\",\"@id\":\"https:\\\/\\\/newsinfoco.com.br\\\/inicio\\\/escola-de-governo-de-alagoinhas-inicia-atividades-este-mes\\\/#breadcrumblist\",\"itemListElement\":[{\"@type\":\"ListItem\",\"@id\":\"https:\\\/\\\/newsinfoco.com.br\\\/inicio#listItem\",\"position\":1,\"name\":\"In\\u00edcio\",\"item\":\"https:\\\/\\\/newsinfoco.com.br\\\/inicio\",\"nextItem\":{\"@type\":\"ListItem\",\"@id\":\"https:\\\/\\\/newsinfoco.com.br\\\/inicio\\\/category\\\/alagoinhas-e-regiao\\\/#listItem\",\"name\":\"Alagoinhas e Regi\\u00e3o\"}},{\"@type\":\"ListItem\",\"@id\":\"https:\\\/\\\/newsinfoco.com.br\\\/inicio\\\/category\\\/alagoinhas-e-regiao\\\/#listItem\",\"position\":2,\"name\":\"Alagoinhas e Regi\\u00e3o\",\"item\":\"https:\\\/\\\/newsinfoco.com.br\\\/inicio\\\/category\\\/alagoinhas-e-regiao\\\/\",\"nextItem\":{\"@type\":\"ListItem\",\"@id\":\"https:\\\/\\\/newsinfoco.com.br\\\/inicio\\\/escola-de-governo-de-alagoinhas-inicia-atividades-este-mes\\\/#listItem\",\"name\":\"Escola de Governo de Alagoinhas inicia atividades este m\\u00eas\"},\"previousItem\":{\"@type\":\"ListItem\",\"@id\":\"https:\\\/\\\/newsinfoco.com.br\\\/inicio#listItem\",\"name\":\"In\\u00edcio\"}},{\"@type\":\"ListItem\",\"@id\":\"https:\\\/\\\/newsinfoco.com.br\\\/inicio\\\/escola-de-governo-de-alagoinhas-inicia-atividades-este-mes\\\/#listItem\",\"position\":3,\"name\":\"Escola de Governo de Alagoinhas inicia atividades este m\\u00eas\",\"previousItem\":{\"@type\":\"ListItem\",\"@id\":\"https:\\\/\\\/newsinfoco.com.br\\\/inicio\\\/category\\\/alagoinhas-e-regiao\\\/#listItem\",\"name\":\"Alagoinhas e Regi\\u00e3o\"}}]},{\"@type\":\"Organization\",\"@id\":\"https:\\\/\\\/newsinfoco.com.br\\\/inicio\\\/#organization\",\"name\":\"News In Foco - Editado por Caio Pimenta\",\"description\":\"O principal site de noticias de Alagoinhas e regi\\u00e3o\",\"url\":\"https:\\\/\\\/newsinfoco.com.br\\\/inicio\\\/\"},{\"@type\":\"Person\",\"@id\":\"https:\\\/\\\/newsinfoco.com.br\\\/inicio\\\/author\\\/administrador\\\/#author\",\"url\":\"https:\\\/\\\/newsinfoco.com.br\\\/inicio\\\/author\\\/administrador\\\/\",\"name\":\"administrador\",\"image\":{\"@type\":\"ImageObject\",\"@id\":\"https:\\\/\\\/newsinfoco.com.br\\\/inicio\\\/escola-de-governo-de-alagoinhas-inicia-atividades-este-mes\\\/#authorImage\",\"url\":\"https:\\\/\\\/secure.gravatar.com\\\/avatar\\\/c17a617433de8c1dc9584bb79aab7563b46f5bb7e1728c9b17d9cc3ce6a08e49?s=96&d=mm&r=g\",\"width\":96,\"height\":96,\"caption\":\"administrador\"}},{\"@type\":\"WebPage\",\"@id\":\"https:\\\/\\\/newsinfoco.com.br\\\/inicio\\\/escola-de-governo-de-alagoinhas-inicia-atividades-este-mes\\\/#webpage\",\"url\":\"https:\\\/\\\/newsinfoco.com.br\\\/inicio\\\/escola-de-governo-de-alagoinhas-inicia-atividades-este-mes\\\/\",\"name\":\"Escola de Governo de Alagoinhas inicia atividades este m\\u00eas - News In Foco - Editado por Caio Pimenta\",\"description\":\"A Prefeitura de Alagoinhas j\\u00e1 tem data definida para o lan\\u00e7amento oficial da Escola de Governo de Qualifica\\u00e7\\u00e3o e Desenvolvimento Profissional. A aula inaugural est\\u00e1 marcada para o pr\\u00f3ximo dia 28 de agosto, no Centro Territorial de Educa\\u00e7\\u00e3o Profissional do Litoral Norte e Agreste Baiano (CETEP\\\/LNAB), onde acontecer\\u00e1 o Workshop Comunica\\u00e7\\u00e3o Eficaz: Fortalecendo Rela\\u00e7\\u00f5es e Melhorando\",\"inLanguage\":\"pt-BR\",\"isPartOf\":{\"@id\":\"https:\\\/\\\/newsinfoco.com.br\\\/inicio\\\/#website\"},\"breadcrumb\":{\"@id\":\"https:\\\/\\\/newsinfoco.com.br\\\/inicio\\\/escola-de-governo-de-alagoinhas-inicia-atividades-este-mes\\\/#breadcrumblist\"},\"author\":{\"@id\":\"https:\\\/\\\/newsinfoco.com.br\\\/inicio\\\/author\\\/administrador\\\/#author\"},\"creator\":{\"@id\":\"https:\\\/\\\/newsinfoco.com.br\\\/inicio\\\/author\\\/administrador\\\/#author\"},\"image\":{\"@type\":\"ImageObject\",\"url\":\"https:\\\/\\\/newsinfoco.com.br\\\/inicio\\\/wp-content\\\/uploads\\\/2025\\\/08\\\/PSX_20250812_113115-scaled.jpg\",\"@id\":\"https:\\\/\\\/newsinfoco.com.br\\\/inicio\\\/escola-de-governo-de-alagoinhas-inicia-atividades-este-mes\\\/#mainImage\",\"width\":2560,\"height\":1441},\"primaryImageOfPage\":{\"@id\":\"https:\\\/\\\/newsinfoco.com.br\\\/inicio\\\/escola-de-governo-de-alagoinhas-inicia-atividades-este-mes\\\/#mainImage\"},\"datePublished\":\"2025-08-12T12:50:35-03:00\",\"dateModified\":\"2025-08-12T12:50:35-03:00\"},{\"@type\":\"WebSite\",\"@id\":\"https:\\\/\\\/newsinfoco.com.br\\\/inicio\\\/#website\",\"url\":\"https:\\\/\\\/newsinfoco.com.br\\\/inicio\\\/\",\"name\":\"News In Foco - Editado por Caio Pimenta\",\"description\":\"O principal site de noticias de Alagoinhas e regi\\u00e3o\",\"inLanguage\":\"pt-BR\",\"publisher\":{\"@id\":\"https:\\\/\\\/newsinfoco.com.br\\\/inicio\\\/#organization\"}}]}\n\t\t<\/script>\n\t\t<!-- All in One SEO -->\n\n","aioseo_head_json":{"title":"Escola de Governo de Alagoinhas inicia atividades este m\u00eas - News In Foco - Editado por Caio Pimenta","description":"A Prefeitura de Alagoinhas j\u00e1 tem data definida para o lan\u00e7amento oficial da Escola de Governo de Qualifica\u00e7\u00e3o e Desenvolvimento Profissional. A aula inaugural est\u00e1 marcada para o pr\u00f3ximo dia 28 de agosto, no Centro Territorial de Educa\u00e7\u00e3o Profissional do Litoral Norte e Agreste Baiano (CETEP\/LNAB), onde acontecer\u00e1 o Workshop Comunica\u00e7\u00e3o Eficaz: Fortalecendo Rela\u00e7\u00f5es e Melhorando","canonical_url":"https:\/\/newsinfoco.com.br\/inicio\/escola-de-governo-de-alagoinhas-inicia-atividades-este-mes\/","robots":"max-image-preview:large","keywords":"","webmasterTools":{"miscellaneous":""},"schema":{"@context":"https:\/\/schema.org","@graph":[{"@type":"BlogPosting","@id":"https:\/\/newsinfoco.com.br\/inicio\/escola-de-governo-de-alagoinhas-inicia-atividades-este-mes\/#blogposting","name":"Escola de Governo de Alagoinhas inicia atividades este m\u00eas - News In Foco - Editado por Caio Pimenta","headline":"Escola de Governo de Alagoinhas inicia atividades este m\u00eas","author":{"@id":"https:\/\/newsinfoco.com.br\/inicio\/author\/administrador\/#author"},"publisher":{"@id":"https:\/\/newsinfoco.com.br\/inicio\/#organization"},"image":{"@type":"ImageObject","url":"https:\/\/newsinfoco.com.br\/inicio\/wp-content\/uploads\/2025\/08\/PSX_20250812_113115-scaled.jpg","width":2560,"height":1441},"datePublished":"2025-08-12T12:50:35-03:00","dateModified":"2025-08-12T12:50:35-03:00","inLanguage":"pt-BR","mainEntityOfPage":{"@id":"https:\/\/newsinfoco.com.br\/inicio\/escola-de-governo-de-alagoinhas-inicia-atividades-este-mes\/#webpage"},"isPartOf":{"@id":"https:\/\/newsinfoco.com.br\/inicio\/escola-de-governo-de-alagoinhas-inicia-atividades-este-mes\/#webpage"},"articleSection":"Alagoinhas e Regi\u00e3o, Manchete"},{"@type":"BreadcrumbList","@id":"https:\/\/newsinfoco.com.br\/inicio\/escola-de-governo-de-alagoinhas-inicia-atividades-este-mes\/#breadcrumblist","itemListElement":[{"@type":"ListItem","@id":"https:\/\/newsinfoco.com.br\/inicio#listItem","position":1,"name":"In\u00edcio","item":"https:\/\/newsinfoco.com.br\/inicio","nextItem":{"@type":"ListItem","@id":"https:\/\/newsinfoco.com.br\/inicio\/category\/alagoinhas-e-regiao\/#listItem","name":"Alagoinhas e Regi\u00e3o"}},{"@type":"ListItem","@id":"https:\/\/newsinfoco.com.br\/inicio\/category\/alagoinhas-e-regiao\/#listItem","position":2,"name":"Alagoinhas e Regi\u00e3o","item":"https:\/\/newsinfoco.com.br\/inicio\/category\/alagoinhas-e-regiao\/","nextItem":{"@type":"ListItem","@id":"https:\/\/newsinfoco.com.br\/inicio\/escola-de-governo-de-alagoinhas-inicia-atividades-este-mes\/#listItem","name":"Escola de Governo de Alagoinhas inicia atividades este m\u00eas"},"previousItem":{"@type":"ListItem","@id":"https:\/\/newsinfoco.com.br\/inicio#listItem","name":"In\u00edcio"}},{"@type":"ListItem","@id":"https:\/\/newsinfoco.com.br\/inicio\/escola-de-governo-de-alagoinhas-inicia-atividades-este-mes\/#listItem","position":3,"name":"Escola de Governo de Alagoinhas inicia atividades este m\u00eas","previousItem":{"@type":"ListItem","@id":"https:\/\/newsinfoco.com.br\/inicio\/category\/alagoinhas-e-regiao\/#listItem","name":"Alagoinhas e Regi\u00e3o"}}]},{"@type":"Organization","@id":"https:\/\/newsinfoco.com.br\/inicio\/#organization","name":"News In Foco - Editado por Caio Pimenta","description":"O principal site de noticias de Alagoinhas e regi\u00e3o","url":"https:\/\/newsinfoco.com.br\/inicio\/"},{"@type":"Person","@id":"https:\/\/newsinfoco.com.br\/inicio\/author\/administrador\/#author","url":"https:\/\/newsinfoco.com.br\/inicio\/author\/administrador\/","name":"administrador","image":{"@type":"ImageObject","@id":"https:\/\/newsinfoco.com.br\/inicio\/escola-de-governo-de-alagoinhas-inicia-atividades-este-mes\/#authorImage","url":"https:\/\/secure.gravatar.com\/avatar\/c17a617433de8c1dc9584bb79aab7563b46f5bb7e1728c9b17d9cc3ce6a08e49?s=96&d=mm&r=g","width":96,"height":96,"caption":"administrador"}},{"@type":"WebPage","@id":"https:\/\/newsinfoco.com.br\/inicio\/escola-de-governo-de-alagoinhas-inicia-atividades-este-mes\/#webpage","url":"https:\/\/newsinfoco.com.br\/inicio\/escola-de-governo-de-alagoinhas-inicia-atividades-este-mes\/","name":"Escola de Governo de Alagoinhas inicia atividades este m\u00eas - News In Foco - Editado por Caio Pimenta","description":"A Prefeitura de Alagoinhas j\u00e1 tem data definida para o lan\u00e7amento oficial da Escola de Governo de Qualifica\u00e7\u00e3o e Desenvolvimento Profissional. A aula inaugural est\u00e1 marcada para o pr\u00f3ximo dia 28 de agosto, no Centro Territorial de Educa\u00e7\u00e3o Profissional do Litoral Norte e Agreste Baiano (CETEP\/LNAB), onde acontecer\u00e1 o Workshop Comunica\u00e7\u00e3o Eficaz: Fortalecendo Rela\u00e7\u00f5es e Melhorando","inLanguage":"pt-BR","isPartOf":{"@id":"https:\/\/newsinfoco.com.br\/inicio\/#website"},"breadcrumb":{"@id":"https:\/\/newsinfoco.com.br\/inicio\/escola-de-governo-de-alagoinhas-inicia-atividades-este-mes\/#breadcrumblist"},"author":{"@id":"https:\/\/newsinfoco.com.br\/inicio\/author\/administrador\/#author"},"creator":{"@id":"https:\/\/newsinfoco.com.br\/inicio\/author\/administrador\/#author"},"image":{"@type":"ImageObject","url":"https:\/\/newsinfoco.com.br\/inicio\/wp-content\/uploads\/2025\/08\/PSX_20250812_113115-scaled.jpg","@id":"https:\/\/newsinfoco.com.br\/inicio\/escola-de-governo-de-alagoinhas-inicia-atividades-este-mes\/#mainImage","width":2560,"height":1441},"primaryImageOfPage":{"@id":"https:\/\/newsinfoco.com.br\/inicio\/escola-de-governo-de-alagoinhas-inicia-atividades-este-mes\/#mainImage"},"datePublished":"2025-08-12T12:50:35-03:00","dateModified":"2025-08-12T12:50:35-03:00"},{"@type":"WebSite","@id":"https:\/\/newsinfoco.com.br\/inicio\/#website","url":"https:\/\/newsinfoco.com.br\/inicio\/","name":"News In Foco - Editado por Caio Pimenta","description":"O principal site de noticias de Alagoinhas e regi\u00e3o","inLanguage":"pt-BR","publisher":{"@id":"https:\/\/newsinfoco.com.br\/inicio\/#organization"}}]},"og:locale":"pt_BR","og:site_name":"News In Foco - Editado por Caio Pimenta - O principal site de noticias de Alagoinhas e regi\u00e3o","og:type":"article","og:title":"Escola de Governo de Alagoinhas inicia atividades este m\u00eas - News In Foco - Editado por Caio Pimenta","og:description":"A Prefeitura de Alagoinhas j\u00e1 tem data definida para o lan\u00e7amento oficial da Escola de Governo de Qualifica\u00e7\u00e3o e Desenvolvimento Profissional. A aula inaugural est\u00e1 marcada para o pr\u00f3ximo dia 28 de agosto, no Centro Territorial de Educa\u00e7\u00e3o Profissional do Litoral Norte e Agreste Baiano (CETEP\/LNAB), onde acontecer\u00e1 o Workshop Comunica\u00e7\u00e3o Eficaz: Fortalecendo Rela\u00e7\u00f5es e Melhorando","og:url":"https:\/\/newsinfoco.com.br\/inicio\/escola-de-governo-de-alagoinhas-inicia-atividades-este-mes\/","article:published_time":"2025-08-12T15:50:35+00:00","article:modified_time":"2025-08-12T15:50:35+00:00","twitter:card":"summary_large_image","twitter:title":"Escola de Governo de Alagoinhas inicia atividades este m\u00eas - News In Foco - Editado por Caio Pimenta","twitter:description":"A Prefeitura de Alagoinhas j\u00e1 tem data definida para o lan\u00e7amento oficial da Escola de Governo de Qualifica\u00e7\u00e3o e Desenvolvimento Profissional. A aula inaugural est\u00e1 marcada para o pr\u00f3ximo dia 28 de agosto, no Centro Territorial de Educa\u00e7\u00e3o Profissional do Litoral Norte e Agreste Baiano (CETEP\/LNAB), onde acontecer\u00e1 o Workshop Comunica\u00e7\u00e3o Eficaz: Fortalecendo Rela\u00e7\u00f5es e Melhorando"},"aioseo_meta_data":{"post_id":"44141","title":null,"description":null,"keywords":null,"keyphrases":{"focus":{"keyphrase":"","score":0,"analysis":{"keyphraseInTitle":{"score":0,"maxScore":9,"error":1}}},"additional":[]},"primary_term":null,"canonical_url":null,"og_title":null,"og_description":null,"og_object_type":"default","og_image_type":"default","og_image_url":null,"og_image_width":null,"og_image_height":null,"og_image_custom_url":null,"og_image_custom_fields":null,"og_video":"","og_custom_url":null,"og_article_section":null,"og_article_tags":null,"twitter_use_og":false,"twitter_card":"default","twitter_image_type":"default","twitter_image_url":null,"twitter_image_custom_url":null,"twitter_image_custom_fields":null,"twitter_title":null,"twitter_description":null,"schema":{"blockGraphs":[],"customGraphs":[],"default":{"data":{"Article":[],"Course":[],"Dataset":[],"FAQPage":[],"Movie":[],"Person":[],"Product":[],"ProductReview":[],"Car":[],"Recipe":[],"Service":[],"SoftwareApplication":[],"WebPage":[]},"graphName":"BlogPosting","isEnabled":true},"graphs":[]},"schema_type":"default","schema_type_options":null,"pillar_content":false,"robots_default":true,"robots_noindex":false,"robots_noarchive":false,"robots_nosnippet":false,"robots_nofollow":false,"robots_noimageindex":false,"robots_noodp":false,"robots_notranslate":false,"robots_max_snippet":"-1","robots_max_videopreview":"-1","robots_max_imagepreview":"large","priority":null,"frequency":"default","local_seo":null,"breadcrumb_settings":null,"limit_modified_date":false,"ai":{"faqs":[],"keyPoints":[],"titles":[],"descriptions":[],"socialPosts":{"email":[],"linkedin":[],"twitter":[],"facebook":[],"instagram":[]}},"created":"2025-08-12 15:50:35","updated":"2025-08-12 15:51:44","seo_analyzer_scan_date":null},"aioseo_breadcrumb":"<div class=\"aioseo-breadcrumbs\"><span class=\"aioseo-breadcrumb\">\n\t\t\t<a href=\"https:\/\/newsinfoco.com.br\/inicio\" title=\"In\u00edcio\">In\u00edcio<\/a>\n\t\t<\/span><span class=\"aioseo-breadcrumb-separator\">&raquo;<\/span><span class=\"aioseo-breadcrumb\">\n\t\t\t<a href=\"https:\/\/newsinfoco.com.br\/inicio\/category\/alagoinhas-e-regiao\/\" title=\"Alagoinhas e Regi\u00e3o\">Alagoinhas e Regi\u00e3o<\/a>\n\t\t<\/span><span class=\"aioseo-breadcrumb-separator\">&raquo;<\/span><span class=\"aioseo-breadcrumb\">\n\t\t\tEscola de Governo de Alagoinhas inicia atividades este m\u00eas\n\t\t<\/span><\/div>","aioseo_breadcrumb_json":[{"label":"In\u00edcio","link":"https:\/\/newsinfoco.com.br\/inicio"},{"label":"Alagoinhas e Regi\u00e3o","link":"https:\/\/newsinfoco.com.br\/inicio\/category\/alagoinhas-e-regiao\/"},{"label":"Escola de Governo de Alagoinhas inicia atividades este m\u00eas","link":"https:\/\/newsinfoco.com.br\/inicio\/escola-de-governo-de-alagoinhas-inicia-atividades-este-mes\/"}],"_links":{"self":[{"href":"https:\/\/newsinfoco.com.br\/inicio\/wp-json\/wp\/v2\/posts\/44141","targetHints":{"allow":["GET"]}}],"collection":[{"href":"https:\/\/newsinfoco.com.br\/inicio\/wp-json\/wp\/v2\/posts"}],"about":[{"href":"https:\/\/newsinfoco.com.br\/inicio\/wp-json\/wp\/v2\/types\/post"}],"author":[{"embeddable":true,"href":"https:\/\/newsinfoco.com.br\/inicio\/wp-json\/wp\/v2\/users\/1"}],"replies":[{"embeddable":true,"href":"https:\/\/newsinfoco.com.br\/inicio\/wp-json\/wp\/v2\/comments?post=44141"}],"version-history":[{"count":1,"href":"https:\/\/newsinfoco.com.br\/inicio\/wp-json\/wp\/v2\/posts\/44141\/revisions"}],"predecessor-version":[{"id":44143,"href":"https:\/\/newsinfoco.com.br\/inicio\/wp-json\/wp\/v2\/posts\/44141\/revisions\/44143"}],"wp:featuredmedia":[{"embeddable":true,"href":"https:\/\/newsinfoco.com.br\/inicio\/wp-json\/wp\/v2\/media\/44142"}],"wp:attachment":[{"href":"https:\/\/newsinfoco.com.br\/inicio\/wp-json\/wp\/v2\/media?parent=44141"}],"wp:term":[{"taxonomy":"category","embeddable":true,"href":"https:\/\/newsinfoco.com.br\/inicio\/wp-json\/wp\/v2\/categories?post=44141"},{"taxonomy":"post_tag","embeddable":true,"href":"https:\/\/newsinfoco.com.br\/inicio\/wp-json\/wp\/v2\/tags?post=44141"}],"curies":[{"name":"wp","href":"https:\/\/api.w.org\/{rel}","templated":true}]}}