{"id":44177,"date":"2025-08-13T13:37:51","date_gmt":"2025-08-13T16:37:51","guid":{"rendered":"https:\/\/newsinfoco.com.br\/inicio\/?p=44177"},"modified":"2025-08-13T13:37:51","modified_gmt":"2025-08-13T16:37:51","slug":"secult-prorroga-inscricoes-para-selecao-de-representantes-territoriais-de-cultura","status":"publish","type":"post","link":"https:\/\/newsinfoco.com.br\/inicio\/secult-prorroga-inscricoes-para-selecao-de-representantes-territoriais-de-cultura\/","title":{"rendered":"Secult prorroga inscri\u00e7\u00f5es para sele\u00e7\u00e3o de Representantes Territoriais de Cultura"},"content":{"rendered":"<div class=\"trv-player-container\">\n<div class=\"trv-wrapper\">\n<div id=\"br_video_player_19aac85ceadebe807fd40868d33f7c9dc3c659f9\" class=\"trvd_video_player trvdinstream\">\n<div>A Secretaria de Cultura do Estado da Bahia (Secult-BA) prorrogou at\u00e9 esta sexta-feira (15), o prazo de inscri\u00e7\u00f5es para o processo seletivo que oferece 31 vagas tempor\u00e1rias para a fun\u00e7\u00e3o de Representante Territorial de Cultura (RTC), por meio do Regime Especial de Direito Administrativo (REDA).<\/div>\n<p>A sele\u00e7\u00e3o ser\u00e1 realizada em etapa \u00fanica, por meio de avalia\u00e7\u00e3o curricular, de car\u00e1ter eliminat\u00f3rio e classificat\u00f3rio. Os aprovados atuar\u00e3o em a\u00e7\u00f5es de articula\u00e7\u00e3o, mobiliza\u00e7\u00e3o e suporte t\u00e9cnico \u00e0s pol\u00edticas culturais estaduais nos munic\u00edpios que integram sua \u00e1rea de abrang\u00eancia.<\/p>\n<p>O processo contempla os 27 territ\u00f3rios de identidade da Bahia, com distribui\u00e7\u00e3o de vagas que considera as especificidades regionais e a diversidade cultural do estado. \u00c9 requisito que o candidato resida, obrigatoriamente, em um dos munic\u00edpios do territ\u00f3rio para o qual concorre.<\/p>\n<p>O cargo exige forma\u00e7\u00e3o superior em \u00e1reas como Hist\u00f3ria, Ci\u00eancias Humanas, Produ\u00e7\u00e3o Cultural, Artes, entre outras especificadas no edital. A carga hor\u00e1ria \u00e9 de 30 horas semanais, por 24 meses, com remunera\u00e7\u00e3o total de R$3.373,21, al\u00e9m de aux\u00edlio-refei\u00e7\u00e3o de R$20 por dia \u00fatil trabalhado, aux\u00edlio-transporte e possibilidade de ades\u00e3o \u00e0 assist\u00eancia m\u00e9dica do Estado, mediante contribui\u00e7\u00e3o.<\/p>\n<div>\n<div class=\"trv-player-container\">\n<div class=\"trv-wrapper\">\n<div id=\"br_video_player_19aac85ceadebe807fd40868d33f7c9dc3c659f9\" class=\"trvd_video_player trvdinstream\">\n<div class=\"media-player\">\n<div class=\"trv-video\">\n<div id=\"truvid_ima_container64174\" class=\"truvid_ima_container\">\n<div>\n<div><\/div>\n<\/div>\n<\/div>\n<\/div>\n<\/div>\n<div>\n<div class=\"conteudo_post\">\n<p>A atua\u00e7\u00e3o dos RTCs ser\u00e1 vinculada \u00e0 Superintend\u00eancia de Desenvolvimento Territorial da Cultura (Sudecult), com sede de trabalho nos equipamentos culturais da SecultBA ou em unidades do Governo do Estado nos munic\u00edpios. O edital tamb\u00e9m prev\u00ea a reserva de 30% das vagas para candidatos negros e 5% para pessoas com defici\u00eancia, conforme as legisla\u00e7\u00f5es estadual e federal.<\/p>\n<p>Confira o edital completo: (<a href=\"https:\/\/www.ba.gov.br\/cultura\/reda-rtcs-2025\">https:\/\/www.ba.gov.br\/cultura\/reda-rtcs-2025<\/a>)<\/p>\n<\/div>\n<div id=\"div-share\">Bahia.Ba<\/div>\n<\/div>\n<\/div>\n<\/div>\n<\/div>\n<\/div>\n<\/div>\n<\/div>\n<\/div>\n<div class='share-to-whatsapp-wrapper'><div class='share-on-whsp'>Share on: <\/div><a data-text='Secult prorroga inscri\u00e7\u00f5es para sele\u00e7\u00e3o de Representantes Territoriais de Cultura' data-link='https:\/\/newsinfoco.com.br\/inicio\/secult-prorroga-inscricoes-para-selecao-de-representantes-territoriais-de-cultura\/' class='whatsapp-button whatsapp-share'>WhatsApp<\/a><div class='clear '><\/div><\/div>","protected":false},"excerpt":{"rendered":"<p>A Secretaria de Cultura do Estado da Bahia (Secult-BA) prorrogou at\u00e9 esta sexta-feira (15), o prazo de inscri\u00e7\u00f5es para o processo seletivo que oferece 31 vagas tempor\u00e1rias para a fun\u00e7\u00e3o de Representante Territorial de Cultura (RTC), por meio do Regime Especial de Direito Administrativo (REDA). A sele\u00e7\u00e3o ser\u00e1 realizada em etapa \u00fanica, por meio de [&hellip;]<\/p>\n","protected":false},"author":1,"featured_media":44178,"comment_status":"closed","ping_status":"closed","sticky":false,"template":"","format":"standard","meta":{"om_disable_all_campaigns":false,"rop_custom_images_group":[],"rop_custom_messages_group":[],"rop_publish_now":"initial","rop_publish_now_accounts":[],"rop_publish_now_history":[],"rop_publish_now_status":"pending","_exactmetrics_skip_tracking":false,"footnotes":""},"categories":[19],"tags":[],"class_list":["post-44177","post","type-post","status-publish","format-standard","has-post-thumbnail","hentry","category-bahia"],"aioseo_notices":[],"aioseo_head":"\n\t\t<!-- All in One SEO 4.9.10 - aioseo.com -->\n\t<meta name=\"description\" content=\"A Secretaria de Cultura do Estado da Bahia (Secult-BA) prorrogou at\u00e9 esta sexta-feira (15), o prazo de inscri\u00e7\u00f5es para o processo seletivo que oferece 31 vagas tempor\u00e1rias para a fun\u00e7\u00e3o de Representante Territorial de Cultura (RTC), por meio do Regime Especial de Direito Administrativo (REDA). A sele\u00e7\u00e3o ser\u00e1 realizada em etapa \u00fanica, por meio de\" \/>\n\t<meta name=\"robots\" content=\"max-image-preview:large\" \/>\n\t<meta name=\"author\" content=\"administrador\"\/>\n\t<link rel=\"canonical\" href=\"https:\/\/newsinfoco.com.br\/inicio\/secult-prorroga-inscricoes-para-selecao-de-representantes-territoriais-de-cultura\/\" \/>\n\t<meta name=\"generator\" content=\"All in One SEO (AIOSEO) 4.9.10\" \/>\n\t\t<meta property=\"og:locale\" content=\"pt_BR\" \/>\n\t\t<meta property=\"og:site_name\" content=\"News In Foco - Editado por Caio Pimenta - O principal site de noticias de Alagoinhas e regi\u00e3o\" \/>\n\t\t<meta property=\"og:type\" content=\"article\" \/>\n\t\t<meta property=\"og:title\" content=\"Secult prorroga inscri\u00e7\u00f5es para sele\u00e7\u00e3o de Representantes Territoriais de Cultura - News In Foco - Editado por Caio Pimenta\" \/>\n\t\t<meta property=\"og:description\" content=\"A Secretaria de Cultura do Estado da Bahia (Secult-BA) prorrogou at\u00e9 esta sexta-feira (15), o prazo de inscri\u00e7\u00f5es para o processo seletivo que oferece 31 vagas tempor\u00e1rias para a fun\u00e7\u00e3o de Representante Territorial de Cultura (RTC), por meio do Regime Especial de Direito Administrativo (REDA). A sele\u00e7\u00e3o ser\u00e1 realizada em etapa \u00fanica, por meio de\" \/>\n\t\t<meta property=\"og:url\" content=\"https:\/\/newsinfoco.com.br\/inicio\/secult-prorroga-inscricoes-para-selecao-de-representantes-territoriais-de-cultura\/\" \/>\n\t\t<meta property=\"article:published_time\" content=\"2025-08-13T16:37:51+00:00\" \/>\n\t\t<meta property=\"article:modified_time\" content=\"2025-08-13T16:37:51+00:00\" \/>\n\t\t<meta name=\"twitter:card\" content=\"summary_large_image\" \/>\n\t\t<meta name=\"twitter:title\" content=\"Secult prorroga inscri\u00e7\u00f5es para sele\u00e7\u00e3o de Representantes Territoriais de Cultura - News In Foco - Editado por Caio Pimenta\" \/>\n\t\t<meta name=\"twitter:description\" content=\"A Secretaria de Cultura do Estado da Bahia (Secult-BA) prorrogou at\u00e9 esta sexta-feira (15), o prazo de inscri\u00e7\u00f5es para o processo seletivo que oferece 31 vagas tempor\u00e1rias para a fun\u00e7\u00e3o de Representante Territorial de Cultura (RTC), por meio do Regime Especial de Direito Administrativo (REDA). A sele\u00e7\u00e3o ser\u00e1 realizada em etapa \u00fanica, por meio de\" \/>\n\t\t<script type=\"application\/ld+json\" class=\"aioseo-schema\">\n\t\t\t{\"@context\":\"https:\\\/\\\/schema.org\",\"@graph\":[{\"@type\":\"BlogPosting\",\"@id\":\"https:\\\/\\\/newsinfoco.com.br\\\/inicio\\\/secult-prorroga-inscricoes-para-selecao-de-representantes-territoriais-de-cultura\\\/#blogposting\",\"name\":\"Secult prorroga inscri\\u00e7\\u00f5es para sele\\u00e7\\u00e3o de Representantes Territoriais de Cultura - News In Foco - Editado por Caio Pimenta\",\"headline\":\"Secult prorroga inscri\\u00e7\\u00f5es para sele\\u00e7\\u00e3o de Representantes Territoriais de Cultura\",\"author\":{\"@id\":\"https:\\\/\\\/newsinfoco.com.br\\\/inicio\\\/author\\\/administrador\\\/#author\"},\"publisher\":{\"@id\":\"https:\\\/\\\/newsinfoco.com.br\\\/inicio\\\/#organization\"},\"image\":{\"@type\":\"ImageObject\",\"url\":\"https:\\\/\\\/newsinfoco.com.br\\\/inicio\\\/wp-content\\\/uploads\\\/2025\\\/08\\\/sede-da-Secult-BA.png\",\"width\":600,\"height\":420},\"datePublished\":\"2025-08-13T13:37:51-03:00\",\"dateModified\":\"2025-08-13T13:37:51-03:00\",\"inLanguage\":\"pt-BR\",\"mainEntityOfPage\":{\"@id\":\"https:\\\/\\\/newsinfoco.com.br\\\/inicio\\\/secult-prorroga-inscricoes-para-selecao-de-representantes-territoriais-de-cultura\\\/#webpage\"},\"isPartOf\":{\"@id\":\"https:\\\/\\\/newsinfoco.com.br\\\/inicio\\\/secult-prorroga-inscricoes-para-selecao-de-representantes-territoriais-de-cultura\\\/#webpage\"},\"articleSection\":\"Bahia\"},{\"@type\":\"BreadcrumbList\",\"@id\":\"https:\\\/\\\/newsinfoco.com.br\\\/inicio\\\/secult-prorroga-inscricoes-para-selecao-de-representantes-territoriais-de-cultura\\\/#breadcrumblist\",\"itemListElement\":[{\"@type\":\"ListItem\",\"@id\":\"https:\\\/\\\/newsinfoco.com.br\\\/inicio#listItem\",\"position\":1,\"name\":\"In\\u00edcio\",\"item\":\"https:\\\/\\\/newsinfoco.com.br\\\/inicio\",\"nextItem\":{\"@type\":\"ListItem\",\"@id\":\"https:\\\/\\\/newsinfoco.com.br\\\/inicio\\\/category\\\/bahia\\\/#listItem\",\"name\":\"Bahia\"}},{\"@type\":\"ListItem\",\"@id\":\"https:\\\/\\\/newsinfoco.com.br\\\/inicio\\\/category\\\/bahia\\\/#listItem\",\"position\":2,\"name\":\"Bahia\",\"item\":\"https:\\\/\\\/newsinfoco.com.br\\\/inicio\\\/category\\\/bahia\\\/\",\"nextItem\":{\"@type\":\"ListItem\",\"@id\":\"https:\\\/\\\/newsinfoco.com.br\\\/inicio\\\/secult-prorroga-inscricoes-para-selecao-de-representantes-territoriais-de-cultura\\\/#listItem\",\"name\":\"Secult prorroga inscri\\u00e7\\u00f5es para sele\\u00e7\\u00e3o de Representantes Territoriais de Cultura\"},\"previousItem\":{\"@type\":\"ListItem\",\"@id\":\"https:\\\/\\\/newsinfoco.com.br\\\/inicio#listItem\",\"name\":\"In\\u00edcio\"}},{\"@type\":\"ListItem\",\"@id\":\"https:\\\/\\\/newsinfoco.com.br\\\/inicio\\\/secult-prorroga-inscricoes-para-selecao-de-representantes-territoriais-de-cultura\\\/#listItem\",\"position\":3,\"name\":\"Secult prorroga inscri\\u00e7\\u00f5es para sele\\u00e7\\u00e3o de Representantes Territoriais de Cultura\",\"previousItem\":{\"@type\":\"ListItem\",\"@id\":\"https:\\\/\\\/newsinfoco.com.br\\\/inicio\\\/category\\\/bahia\\\/#listItem\",\"name\":\"Bahia\"}}]},{\"@type\":\"Organization\",\"@id\":\"https:\\\/\\\/newsinfoco.com.br\\\/inicio\\\/#organization\",\"name\":\"News In Foco - Editado por Caio Pimenta\",\"description\":\"O principal site de noticias de Alagoinhas e regi\\u00e3o\",\"url\":\"https:\\\/\\\/newsinfoco.com.br\\\/inicio\\\/\"},{\"@type\":\"Person\",\"@id\":\"https:\\\/\\\/newsinfoco.com.br\\\/inicio\\\/author\\\/administrador\\\/#author\",\"url\":\"https:\\\/\\\/newsinfoco.com.br\\\/inicio\\\/author\\\/administrador\\\/\",\"name\":\"administrador\",\"image\":{\"@type\":\"ImageObject\",\"@id\":\"https:\\\/\\\/newsinfoco.com.br\\\/inicio\\\/secult-prorroga-inscricoes-para-selecao-de-representantes-territoriais-de-cultura\\\/#authorImage\",\"url\":\"https:\\\/\\\/secure.gravatar.com\\\/avatar\\\/c17a617433de8c1dc9584bb79aab7563b46f5bb7e1728c9b17d9cc3ce6a08e49?s=96&d=mm&r=g\",\"width\":96,\"height\":96,\"caption\":\"administrador\"}},{\"@type\":\"WebPage\",\"@id\":\"https:\\\/\\\/newsinfoco.com.br\\\/inicio\\\/secult-prorroga-inscricoes-para-selecao-de-representantes-territoriais-de-cultura\\\/#webpage\",\"url\":\"https:\\\/\\\/newsinfoco.com.br\\\/inicio\\\/secult-prorroga-inscricoes-para-selecao-de-representantes-territoriais-de-cultura\\\/\",\"name\":\"Secult prorroga inscri\\u00e7\\u00f5es para sele\\u00e7\\u00e3o de Representantes Territoriais de Cultura - News In Foco - Editado por Caio Pimenta\",\"description\":\"A Secretaria de Cultura do Estado da Bahia (Secult-BA) prorrogou at\\u00e9 esta sexta-feira (15), o prazo de inscri\\u00e7\\u00f5es para o processo seletivo que oferece 31 vagas tempor\\u00e1rias para a fun\\u00e7\\u00e3o de Representante Territorial de Cultura (RTC), por meio do Regime Especial de Direito Administrativo (REDA). A sele\\u00e7\\u00e3o ser\\u00e1 realizada em etapa \\u00fanica, por meio de\",\"inLanguage\":\"pt-BR\",\"isPartOf\":{\"@id\":\"https:\\\/\\\/newsinfoco.com.br\\\/inicio\\\/#website\"},\"breadcrumb\":{\"@id\":\"https:\\\/\\\/newsinfoco.com.br\\\/inicio\\\/secult-prorroga-inscricoes-para-selecao-de-representantes-territoriais-de-cultura\\\/#breadcrumblist\"},\"author\":{\"@id\":\"https:\\\/\\\/newsinfoco.com.br\\\/inicio\\\/author\\\/administrador\\\/#author\"},\"creator\":{\"@id\":\"https:\\\/\\\/newsinfoco.com.br\\\/inicio\\\/author\\\/administrador\\\/#author\"},\"image\":{\"@type\":\"ImageObject\",\"url\":\"https:\\\/\\\/newsinfoco.com.br\\\/inicio\\\/wp-content\\\/uploads\\\/2025\\\/08\\\/sede-da-Secult-BA.png\",\"@id\":\"https:\\\/\\\/newsinfoco.com.br\\\/inicio\\\/secult-prorroga-inscricoes-para-selecao-de-representantes-territoriais-de-cultura\\\/#mainImage\",\"width\":600,\"height\":420},\"primaryImageOfPage\":{\"@id\":\"https:\\\/\\\/newsinfoco.com.br\\\/inicio\\\/secult-prorroga-inscricoes-para-selecao-de-representantes-territoriais-de-cultura\\\/#mainImage\"},\"datePublished\":\"2025-08-13T13:37:51-03:00\",\"dateModified\":\"2025-08-13T13:37:51-03:00\"},{\"@type\":\"WebSite\",\"@id\":\"https:\\\/\\\/newsinfoco.com.br\\\/inicio\\\/#website\",\"url\":\"https:\\\/\\\/newsinfoco.com.br\\\/inicio\\\/\",\"name\":\"News In Foco - Editado por Caio Pimenta\",\"description\":\"O principal site de noticias de Alagoinhas e regi\\u00e3o\",\"inLanguage\":\"pt-BR\",\"publisher\":{\"@id\":\"https:\\\/\\\/newsinfoco.com.br\\\/inicio\\\/#organization\"}}]}\n\t\t<\/script>\n\t\t<!-- All in One SEO -->\n\n","aioseo_head_json":{"title":"Secult prorroga inscri\u00e7\u00f5es para sele\u00e7\u00e3o de Representantes Territoriais de Cultura - News In Foco - Editado por Caio Pimenta","description":"A Secretaria de Cultura do Estado da Bahia (Secult-BA) prorrogou at\u00e9 esta sexta-feira (15), o prazo de inscri\u00e7\u00f5es para o processo seletivo que oferece 31 vagas tempor\u00e1rias para a fun\u00e7\u00e3o de Representante Territorial de Cultura (RTC), por meio do Regime Especial de Direito Administrativo (REDA). A sele\u00e7\u00e3o ser\u00e1 realizada em etapa \u00fanica, por meio de","canonical_url":"https:\/\/newsinfoco.com.br\/inicio\/secult-prorroga-inscricoes-para-selecao-de-representantes-territoriais-de-cultura\/","robots":"max-image-preview:large","keywords":"","webmasterTools":{"miscellaneous":""},"schema":{"@context":"https:\/\/schema.org","@graph":[{"@type":"BlogPosting","@id":"https:\/\/newsinfoco.com.br\/inicio\/secult-prorroga-inscricoes-para-selecao-de-representantes-territoriais-de-cultura\/#blogposting","name":"Secult prorroga inscri\u00e7\u00f5es para sele\u00e7\u00e3o de Representantes Territoriais de Cultura - News In Foco - Editado por Caio Pimenta","headline":"Secult prorroga inscri\u00e7\u00f5es para sele\u00e7\u00e3o de Representantes Territoriais de Cultura","author":{"@id":"https:\/\/newsinfoco.com.br\/inicio\/author\/administrador\/#author"},"publisher":{"@id":"https:\/\/newsinfoco.com.br\/inicio\/#organization"},"image":{"@type":"ImageObject","url":"https:\/\/newsinfoco.com.br\/inicio\/wp-content\/uploads\/2025\/08\/sede-da-Secult-BA.png","width":600,"height":420},"datePublished":"2025-08-13T13:37:51-03:00","dateModified":"2025-08-13T13:37:51-03:00","inLanguage":"pt-BR","mainEntityOfPage":{"@id":"https:\/\/newsinfoco.com.br\/inicio\/secult-prorroga-inscricoes-para-selecao-de-representantes-territoriais-de-cultura\/#webpage"},"isPartOf":{"@id":"https:\/\/newsinfoco.com.br\/inicio\/secult-prorroga-inscricoes-para-selecao-de-representantes-territoriais-de-cultura\/#webpage"},"articleSection":"Bahia"},{"@type":"BreadcrumbList","@id":"https:\/\/newsinfoco.com.br\/inicio\/secult-prorroga-inscricoes-para-selecao-de-representantes-territoriais-de-cultura\/#breadcrumblist","itemListElement":[{"@type":"ListItem","@id":"https:\/\/newsinfoco.com.br\/inicio#listItem","position":1,"name":"In\u00edcio","item":"https:\/\/newsinfoco.com.br\/inicio","nextItem":{"@type":"ListItem","@id":"https:\/\/newsinfoco.com.br\/inicio\/category\/bahia\/#listItem","name":"Bahia"}},{"@type":"ListItem","@id":"https:\/\/newsinfoco.com.br\/inicio\/category\/bahia\/#listItem","position":2,"name":"Bahia","item":"https:\/\/newsinfoco.com.br\/inicio\/category\/bahia\/","nextItem":{"@type":"ListItem","@id":"https:\/\/newsinfoco.com.br\/inicio\/secult-prorroga-inscricoes-para-selecao-de-representantes-territoriais-de-cultura\/#listItem","name":"Secult prorroga inscri\u00e7\u00f5es para sele\u00e7\u00e3o de Representantes Territoriais de Cultura"},"previousItem":{"@type":"ListItem","@id":"https:\/\/newsinfoco.com.br\/inicio#listItem","name":"In\u00edcio"}},{"@type":"ListItem","@id":"https:\/\/newsinfoco.com.br\/inicio\/secult-prorroga-inscricoes-para-selecao-de-representantes-territoriais-de-cultura\/#listItem","position":3,"name":"Secult prorroga inscri\u00e7\u00f5es para sele\u00e7\u00e3o de Representantes Territoriais de Cultura","previousItem":{"@type":"ListItem","@id":"https:\/\/newsinfoco.com.br\/inicio\/category\/bahia\/#listItem","name":"Bahia"}}]},{"@type":"Organization","@id":"https:\/\/newsinfoco.com.br\/inicio\/#organization","name":"News In Foco - Editado por Caio Pimenta","description":"O principal site de noticias de Alagoinhas e regi\u00e3o","url":"https:\/\/newsinfoco.com.br\/inicio\/"},{"@type":"Person","@id":"https:\/\/newsinfoco.com.br\/inicio\/author\/administrador\/#author","url":"https:\/\/newsinfoco.com.br\/inicio\/author\/administrador\/","name":"administrador","image":{"@type":"ImageObject","@id":"https:\/\/newsinfoco.com.br\/inicio\/secult-prorroga-inscricoes-para-selecao-de-representantes-territoriais-de-cultura\/#authorImage","url":"https:\/\/secure.gravatar.com\/avatar\/c17a617433de8c1dc9584bb79aab7563b46f5bb7e1728c9b17d9cc3ce6a08e49?s=96&d=mm&r=g","width":96,"height":96,"caption":"administrador"}},{"@type":"WebPage","@id":"https:\/\/newsinfoco.com.br\/inicio\/secult-prorroga-inscricoes-para-selecao-de-representantes-territoriais-de-cultura\/#webpage","url":"https:\/\/newsinfoco.com.br\/inicio\/secult-prorroga-inscricoes-para-selecao-de-representantes-territoriais-de-cultura\/","name":"Secult prorroga inscri\u00e7\u00f5es para sele\u00e7\u00e3o de Representantes Territoriais de Cultura - News In Foco - Editado por Caio Pimenta","description":"A Secretaria de Cultura do Estado da Bahia (Secult-BA) prorrogou at\u00e9 esta sexta-feira (15), o prazo de inscri\u00e7\u00f5es para o processo seletivo que oferece 31 vagas tempor\u00e1rias para a fun\u00e7\u00e3o de Representante Territorial de Cultura (RTC), por meio do Regime Especial de Direito Administrativo (REDA). A sele\u00e7\u00e3o ser\u00e1 realizada em etapa \u00fanica, por meio de","inLanguage":"pt-BR","isPartOf":{"@id":"https:\/\/newsinfoco.com.br\/inicio\/#website"},"breadcrumb":{"@id":"https:\/\/newsinfoco.com.br\/inicio\/secult-prorroga-inscricoes-para-selecao-de-representantes-territoriais-de-cultura\/#breadcrumblist"},"author":{"@id":"https:\/\/newsinfoco.com.br\/inicio\/author\/administrador\/#author"},"creator":{"@id":"https:\/\/newsinfoco.com.br\/inicio\/author\/administrador\/#author"},"image":{"@type":"ImageObject","url":"https:\/\/newsinfoco.com.br\/inicio\/wp-content\/uploads\/2025\/08\/sede-da-Secult-BA.png","@id":"https:\/\/newsinfoco.com.br\/inicio\/secult-prorroga-inscricoes-para-selecao-de-representantes-territoriais-de-cultura\/#mainImage","width":600,"height":420},"primaryImageOfPage":{"@id":"https:\/\/newsinfoco.com.br\/inicio\/secult-prorroga-inscricoes-para-selecao-de-representantes-territoriais-de-cultura\/#mainImage"},"datePublished":"2025-08-13T13:37:51-03:00","dateModified":"2025-08-13T13:37:51-03:00"},{"@type":"WebSite","@id":"https:\/\/newsinfoco.com.br\/inicio\/#website","url":"https:\/\/newsinfoco.com.br\/inicio\/","name":"News In Foco - Editado por Caio Pimenta","description":"O principal site de noticias de Alagoinhas e regi\u00e3o","inLanguage":"pt-BR","publisher":{"@id":"https:\/\/newsinfoco.com.br\/inicio\/#organization"}}]},"og:locale":"pt_BR","og:site_name":"News In Foco - Editado por Caio Pimenta - O principal site de noticias de Alagoinhas e regi\u00e3o","og:type":"article","og:title":"Secult prorroga inscri\u00e7\u00f5es para sele\u00e7\u00e3o de Representantes Territoriais de Cultura - News In Foco - Editado por Caio Pimenta","og:description":"A Secretaria de Cultura do Estado da Bahia (Secult-BA) prorrogou at\u00e9 esta sexta-feira (15), o prazo de inscri\u00e7\u00f5es para o processo seletivo que oferece 31 vagas tempor\u00e1rias para a fun\u00e7\u00e3o de Representante Territorial de Cultura (RTC), por meio do Regime Especial de Direito Administrativo (REDA). A sele\u00e7\u00e3o ser\u00e1 realizada em etapa \u00fanica, por meio de","og:url":"https:\/\/newsinfoco.com.br\/inicio\/secult-prorroga-inscricoes-para-selecao-de-representantes-territoriais-de-cultura\/","article:published_time":"2025-08-13T16:37:51+00:00","article:modified_time":"2025-08-13T16:37:51+00:00","twitter:card":"summary_large_image","twitter:title":"Secult prorroga inscri\u00e7\u00f5es para sele\u00e7\u00e3o de Representantes Territoriais de Cultura - News In Foco - Editado por Caio Pimenta","twitter:description":"A Secretaria de Cultura do Estado da Bahia (Secult-BA) prorrogou at\u00e9 esta sexta-feira (15), o prazo de inscri\u00e7\u00f5es para o processo seletivo que oferece 31 vagas tempor\u00e1rias para a fun\u00e7\u00e3o de Representante Territorial de Cultura (RTC), por meio do Regime Especial de Direito Administrativo (REDA). A sele\u00e7\u00e3o ser\u00e1 realizada em etapa \u00fanica, por meio de"},"aioseo_meta_data":{"post_id":"44177","title":null,"description":null,"keywords":null,"keyphrases":{"focus":{"keyphrase":"","score":0,"analysis":{"keyphraseInTitle":{"score":0,"maxScore":9,"error":1}}},"additional":[]},"primary_term":null,"canonical_url":null,"og_title":null,"og_description":null,"og_object_type":"default","og_image_type":"default","og_image_url":null,"og_image_width":null,"og_image_height":null,"og_image_custom_url":null,"og_image_custom_fields":null,"og_video":"","og_custom_url":null,"og_article_section":null,"og_article_tags":null,"twitter_use_og":false,"twitter_card":"default","twitter_image_type":"default","twitter_image_url":null,"twitter_image_custom_url":null,"twitter_image_custom_fields":null,"twitter_title":null,"twitter_description":null,"schema":{"blockGraphs":[],"customGraphs":[],"default":{"data":{"Article":[],"Course":[],"Dataset":[],"FAQPage":[],"Movie":[],"Person":[],"Product":[],"ProductReview":[],"Car":[],"Recipe":[],"Service":[],"SoftwareApplication":[],"WebPage":[]},"graphName":"BlogPosting","isEnabled":true},"graphs":[]},"schema_type":"default","schema_type_options":null,"pillar_content":false,"robots_default":true,"robots_noindex":false,"robots_noarchive":false,"robots_nosnippet":false,"robots_nofollow":false,"robots_noimageindex":false,"robots_noodp":false,"robots_notranslate":false,"robots_max_snippet":"-1","robots_max_videopreview":"-1","robots_max_imagepreview":"large","priority":null,"frequency":"default","local_seo":null,"breadcrumb_settings":null,"limit_modified_date":false,"ai":{"faqs":[],"keyPoints":[],"titles":[],"descriptions":[],"socialPosts":{"email":[],"linkedin":[],"twitter":[],"facebook":[],"instagram":[]}},"created":"2025-08-13 16:37:51","updated":"2025-08-13 16:52:48","seo_analyzer_scan_date":null},"aioseo_breadcrumb":"<div class=\"aioseo-breadcrumbs\"><span class=\"aioseo-breadcrumb\">\n\t\t\t<a href=\"https:\/\/newsinfoco.com.br\/inicio\" title=\"In\u00edcio\">In\u00edcio<\/a>\n\t\t<\/span><span class=\"aioseo-breadcrumb-separator\">&raquo;<\/span><span class=\"aioseo-breadcrumb\">\n\t\t\t<a href=\"https:\/\/newsinfoco.com.br\/inicio\/category\/bahia\/\" title=\"Bahia\">Bahia<\/a>\n\t\t<\/span><span class=\"aioseo-breadcrumb-separator\">&raquo;<\/span><span class=\"aioseo-breadcrumb\">\n\t\t\tSecult prorroga inscri\u00e7\u00f5es para sele\u00e7\u00e3o de Representantes Territoriais de Cultura\n\t\t<\/span><\/div>","aioseo_breadcrumb_json":[{"label":"In\u00edcio","link":"https:\/\/newsinfoco.com.br\/inicio"},{"label":"Bahia","link":"https:\/\/newsinfoco.com.br\/inicio\/category\/bahia\/"},{"label":"Secult prorroga inscri\u00e7\u00f5es para sele\u00e7\u00e3o de Representantes Territoriais de Cultura","link":"https:\/\/newsinfoco.com.br\/inicio\/secult-prorroga-inscricoes-para-selecao-de-representantes-territoriais-de-cultura\/"}],"_links":{"self":[{"href":"https:\/\/newsinfoco.com.br\/inicio\/wp-json\/wp\/v2\/posts\/44177","targetHints":{"allow":["GET"]}}],"collection":[{"href":"https:\/\/newsinfoco.com.br\/inicio\/wp-json\/wp\/v2\/posts"}],"about":[{"href":"https:\/\/newsinfoco.com.br\/inicio\/wp-json\/wp\/v2\/types\/post"}],"author":[{"embeddable":true,"href":"https:\/\/newsinfoco.com.br\/inicio\/wp-json\/wp\/v2\/users\/1"}],"replies":[{"embeddable":true,"href":"https:\/\/newsinfoco.com.br\/inicio\/wp-json\/wp\/v2\/comments?post=44177"}],"version-history":[{"count":1,"href":"https:\/\/newsinfoco.com.br\/inicio\/wp-json\/wp\/v2\/posts\/44177\/revisions"}],"predecessor-version":[{"id":44179,"href":"https:\/\/newsinfoco.com.br\/inicio\/wp-json\/wp\/v2\/posts\/44177\/revisions\/44179"}],"wp:featuredmedia":[{"embeddable":true,"href":"https:\/\/newsinfoco.com.br\/inicio\/wp-json\/wp\/v2\/media\/44178"}],"wp:attachment":[{"href":"https:\/\/newsinfoco.com.br\/inicio\/wp-json\/wp\/v2\/media?parent=44177"}],"wp:term":[{"taxonomy":"category","embeddable":true,"href":"https:\/\/newsinfoco.com.br\/inicio\/wp-json\/wp\/v2\/categories?post=44177"},{"taxonomy":"post_tag","embeddable":true,"href":"https:\/\/newsinfoco.com.br\/inicio\/wp-json\/wp\/v2\/tags?post=44177"}],"curies":[{"name":"wp","href":"https:\/\/api.w.org\/{rel}","templated":true}]}}