{"id":44180,"date":"2025-08-13T13:47:11","date_gmt":"2025-08-13T16:47:11","guid":{"rendered":"https:\/\/newsinfoco.com.br\/inicio\/?p=44180"},"modified":"2025-08-13T13:47:11","modified_gmt":"2025-08-13T16:47:11","slug":"zambelli-passa-mal-antes-de-audiencia-que-pode-definir-sua-prisao-na-italia","status":"publish","type":"post","link":"https:\/\/newsinfoco.com.br\/inicio\/zambelli-passa-mal-antes-de-audiencia-que-pode-definir-sua-prisao-na-italia\/","title":{"rendered":"Zambelli passa mal antes de audi\u00eancia que pode definir sua pris\u00e3o na It\u00e1lia"},"content":{"rendered":"<p>A deputada federal Carla Zambelli (PL-SP) afirmou passar mal e recebeu atendimento m\u00e9dico no Tribunal de Apela\u00e7\u00f5es de Roma, onde comparecia para uma audi\u00eancia decisiva sobre a manuten\u00e7\u00e3o de sua pris\u00e3o na It\u00e1lia nesta quarta-feira (13). A parlamentar \u00e9 considerada foragida da Justi\u00e7a brasileira e est\u00e1 encarcerada no pa\u00eds europeu desde o final de julho.<\/p>\n<p>Segundo mat\u00e9ria do InfoMoney, a defesa de Zambelli insiste na tese de que os problemas m\u00e9dicos que acometem a deputada justificam seu pedido de liberdade, enquanto a Justi\u00e7a italiana analisa se ela permanecer\u00e1 presa ou poder\u00e1 responder ao processo em liberdade. A decis\u00e3o tamb\u00e9m ter\u00e1 impacto no ritmo de tramita\u00e7\u00e3o do pedido de extradi\u00e7\u00e3o feito pelo Brasil.<\/p>\n<p>Zambelli foi condenada pelo Supremo Tribunal Federal (STF) a 10 anos de pris\u00e3o por participa\u00e7\u00e3o na invas\u00e3o dos sistemas do Conselho Nacional de Justi\u00e7a (CNJ), a\u00e7\u00e3o realizada com apoio do hacker Walter Delgatti Neto.<\/p>\n<div>\n<div>\n<div class=\"trv-player-container\">\n<div class=\"trv-wrapper\">\n<div id=\"br_video_player_e72577c97f39dc177a810868d33f7c9dc3c659f9\" class=\"trvd_video_player trvdinstream\">\n<div class=\"conteudo_post\">\n<p>Dias ap\u00f3s a senten\u00e7a, a deputada deixou o pa\u00eds, partindo primeiro para os Estados Unidos, e depois informando estar na It\u00e1lia, onde possui dupla cidadania. O ministro Alexandre de Moraes expediu um mandado de pris\u00e3o preventiva, e a parlamentar foi detida em Roma.<\/p>\n<p>Mesmo durante o per\u00edodo em que esteve foragida, Zambelli manteve presen\u00e7a digital ativa, utilizando um perfil alternativo no Instagram onde publicava cr\u00edticas ao STF e ao governo federal. Em um v\u00eddeo recente, associou o aumento das tarifas impostas pelos Estados Unidos ao que chamou de \u201cTaxa Moraes\u201d, acusando o ministro de agir como \u201cditador\u201d.<\/p>\n<\/div>\n<div id=\"div-share\">\n<div class=\"conteudo_post\">\n<p>Dias ap\u00f3s a senten\u00e7a, a deputada deixou o pa\u00eds, partindo primeiro para os Estados Unidos, e depois informando estar na It\u00e1lia, onde possui dupla cidadania. O ministro Alexandre de Moraes expediu um mandado de pris\u00e3o preventiva, e a parlamentar foi detida em Roma.<\/p>\n<\/div>\n<div id=\"div-share\">\n<div id=\"div-share\">\n<div id=\"div-share\">\n<div id=\"div-share\">\n<div id=\"div-share\">Bahia.Ba<\/div>\n<\/div>\n<\/div>\n<\/div>\n<\/div>\n<\/div>\n<\/div>\n<\/div>\n<\/div>\n<\/div>\n<\/div>\n<div class='share-to-whatsapp-wrapper'><div class='share-on-whsp'>Share on: <\/div><a data-text='Zambelli passa mal antes de audi\u00eancia que pode definir sua pris\u00e3o na It\u00e1lia' data-link='https:\/\/newsinfoco.com.br\/inicio\/zambelli-passa-mal-antes-de-audiencia-que-pode-definir-sua-prisao-na-italia\/' class='whatsapp-button whatsapp-share'>WhatsApp<\/a><div class='clear '><\/div><\/div>","protected":false},"excerpt":{"rendered":"<p>A deputada federal Carla Zambelli (PL-SP) afirmou passar mal e recebeu atendimento m\u00e9dico no Tribunal de Apela\u00e7\u00f5es de Roma, onde comparecia para uma audi\u00eancia decisiva sobre a manuten\u00e7\u00e3o de sua pris\u00e3o na It\u00e1lia nesta quarta-feira (13). A parlamentar \u00e9 considerada foragida da Justi\u00e7a brasileira e est\u00e1 encarcerada no pa\u00eds europeu desde o final de julho. [&hellip;]<\/p>\n","protected":false},"author":1,"featured_media":44181,"comment_status":"closed","ping_status":"closed","sticky":false,"template":"","format":"standard","meta":{"om_disable_all_campaigns":false,"rop_custom_images_group":[],"rop_custom_messages_group":[],"rop_publish_now":"initial","rop_publish_now_accounts":[],"rop_publish_now_history":[],"rop_publish_now_status":"pending","_exactmetrics_skip_tracking":false,"footnotes":""},"categories":[21],"tags":[],"class_list":["post-44180","post","type-post","status-publish","format-standard","has-post-thumbnail","hentry","category-brasil"],"aioseo_notices":[],"aioseo_head":"\n\t\t<!-- All in One SEO 4.9.10 - aioseo.com -->\n\t<meta name=\"description\" content=\"A deputada federal Carla Zambelli (PL-SP) afirmou passar mal e recebeu atendimento m\u00e9dico no Tribunal de Apela\u00e7\u00f5es de Roma, onde comparecia para uma audi\u00eancia decisiva sobre a manuten\u00e7\u00e3o de sua pris\u00e3o na It\u00e1lia nesta quarta-feira (13). A parlamentar \u00e9 considerada foragida da Justi\u00e7a brasileira e est\u00e1 encarcerada no pa\u00eds europeu desde o final de julho.\" \/>\n\t<meta name=\"robots\" content=\"max-image-preview:large\" \/>\n\t<meta name=\"author\" content=\"administrador\"\/>\n\t<link rel=\"canonical\" href=\"https:\/\/newsinfoco.com.br\/inicio\/zambelli-passa-mal-antes-de-audiencia-que-pode-definir-sua-prisao-na-italia\/\" \/>\n\t<meta name=\"generator\" content=\"All in One SEO (AIOSEO) 4.9.10\" \/>\n\t\t<meta property=\"og:locale\" content=\"pt_BR\" \/>\n\t\t<meta property=\"og:site_name\" content=\"News In Foco - Editado por Caio Pimenta - O principal site de noticias de Alagoinhas e regi\u00e3o\" \/>\n\t\t<meta property=\"og:type\" content=\"article\" \/>\n\t\t<meta property=\"og:title\" content=\"Zambelli passa mal antes de audi\u00eancia que pode definir sua pris\u00e3o na It\u00e1lia - News In Foco - Editado por Caio Pimenta\" \/>\n\t\t<meta property=\"og:description\" content=\"A deputada federal Carla Zambelli (PL-SP) afirmou passar mal e recebeu atendimento m\u00e9dico no Tribunal de Apela\u00e7\u00f5es de Roma, onde comparecia para uma audi\u00eancia decisiva sobre a manuten\u00e7\u00e3o de sua pris\u00e3o na It\u00e1lia nesta quarta-feira (13). A parlamentar \u00e9 considerada foragida da Justi\u00e7a brasileira e est\u00e1 encarcerada no pa\u00eds europeu desde o final de julho.\" \/>\n\t\t<meta property=\"og:url\" content=\"https:\/\/newsinfoco.com.br\/inicio\/zambelli-passa-mal-antes-de-audiencia-que-pode-definir-sua-prisao-na-italia\/\" \/>\n\t\t<meta property=\"article:published_time\" content=\"2025-08-13T16:47:11+00:00\" \/>\n\t\t<meta property=\"article:modified_time\" content=\"2025-08-13T16:47:11+00:00\" \/>\n\t\t<meta name=\"twitter:card\" content=\"summary_large_image\" \/>\n\t\t<meta name=\"twitter:title\" content=\"Zambelli passa mal antes de audi\u00eancia que pode definir sua pris\u00e3o na It\u00e1lia - News In Foco - Editado por Caio Pimenta\" \/>\n\t\t<meta name=\"twitter:description\" content=\"A deputada federal Carla Zambelli (PL-SP) afirmou passar mal e recebeu atendimento m\u00e9dico no Tribunal de Apela\u00e7\u00f5es de Roma, onde comparecia para uma audi\u00eancia decisiva sobre a manuten\u00e7\u00e3o de sua pris\u00e3o na It\u00e1lia nesta quarta-feira (13). A parlamentar \u00e9 considerada foragida da Justi\u00e7a brasileira e est\u00e1 encarcerada no pa\u00eds europeu desde o final de julho.\" \/>\n\t\t<script type=\"application\/ld+json\" class=\"aioseo-schema\">\n\t\t\t{\"@context\":\"https:\\\/\\\/schema.org\",\"@graph\":[{\"@type\":\"BlogPosting\",\"@id\":\"https:\\\/\\\/newsinfoco.com.br\\\/inicio\\\/zambelli-passa-mal-antes-de-audiencia-que-pode-definir-sua-prisao-na-italia\\\/#blogposting\",\"name\":\"Zambelli passa mal antes de audi\\u00eancia que pode definir sua pris\\u00e3o na It\\u00e1lia - News In Foco - Editado por Caio Pimenta\",\"headline\":\"Zambelli passa mal antes de audi\\u00eancia que pode definir sua pris\\u00e3o na It\\u00e1lia\",\"author\":{\"@id\":\"https:\\\/\\\/newsinfoco.com.br\\\/inicio\\\/author\\\/administrador\\\/#author\"},\"publisher\":{\"@id\":\"https:\\\/\\\/newsinfoco.com.br\\\/inicio\\\/#organization\"},\"image\":{\"@type\":\"ImageObject\",\"url\":\"https:\\\/\\\/newsinfoco.com.br\\\/inicio\\\/wp-content\\\/uploads\\\/2025\\\/08\\\/ZAMBELLI-2-4.png\",\"width\":600,\"height\":420},\"datePublished\":\"2025-08-13T13:47:11-03:00\",\"dateModified\":\"2025-08-13T13:47:11-03:00\",\"inLanguage\":\"pt-BR\",\"mainEntityOfPage\":{\"@id\":\"https:\\\/\\\/newsinfoco.com.br\\\/inicio\\\/zambelli-passa-mal-antes-de-audiencia-que-pode-definir-sua-prisao-na-italia\\\/#webpage\"},\"isPartOf\":{\"@id\":\"https:\\\/\\\/newsinfoco.com.br\\\/inicio\\\/zambelli-passa-mal-antes-de-audiencia-que-pode-definir-sua-prisao-na-italia\\\/#webpage\"},\"articleSection\":\"Brasil\"},{\"@type\":\"BreadcrumbList\",\"@id\":\"https:\\\/\\\/newsinfoco.com.br\\\/inicio\\\/zambelli-passa-mal-antes-de-audiencia-que-pode-definir-sua-prisao-na-italia\\\/#breadcrumblist\",\"itemListElement\":[{\"@type\":\"ListItem\",\"@id\":\"https:\\\/\\\/newsinfoco.com.br\\\/inicio#listItem\",\"position\":1,\"name\":\"In\\u00edcio\",\"item\":\"https:\\\/\\\/newsinfoco.com.br\\\/inicio\",\"nextItem\":{\"@type\":\"ListItem\",\"@id\":\"https:\\\/\\\/newsinfoco.com.br\\\/inicio\\\/category\\\/brasil\\\/#listItem\",\"name\":\"Brasil\"}},{\"@type\":\"ListItem\",\"@id\":\"https:\\\/\\\/newsinfoco.com.br\\\/inicio\\\/category\\\/brasil\\\/#listItem\",\"position\":2,\"name\":\"Brasil\",\"item\":\"https:\\\/\\\/newsinfoco.com.br\\\/inicio\\\/category\\\/brasil\\\/\",\"nextItem\":{\"@type\":\"ListItem\",\"@id\":\"https:\\\/\\\/newsinfoco.com.br\\\/inicio\\\/zambelli-passa-mal-antes-de-audiencia-que-pode-definir-sua-prisao-na-italia\\\/#listItem\",\"name\":\"Zambelli passa mal antes de audi\\u00eancia que pode definir sua pris\\u00e3o na It\\u00e1lia\"},\"previousItem\":{\"@type\":\"ListItem\",\"@id\":\"https:\\\/\\\/newsinfoco.com.br\\\/inicio#listItem\",\"name\":\"In\\u00edcio\"}},{\"@type\":\"ListItem\",\"@id\":\"https:\\\/\\\/newsinfoco.com.br\\\/inicio\\\/zambelli-passa-mal-antes-de-audiencia-que-pode-definir-sua-prisao-na-italia\\\/#listItem\",\"position\":3,\"name\":\"Zambelli passa mal antes de audi\\u00eancia que pode definir sua pris\\u00e3o na It\\u00e1lia\",\"previousItem\":{\"@type\":\"ListItem\",\"@id\":\"https:\\\/\\\/newsinfoco.com.br\\\/inicio\\\/category\\\/brasil\\\/#listItem\",\"name\":\"Brasil\"}}]},{\"@type\":\"Organization\",\"@id\":\"https:\\\/\\\/newsinfoco.com.br\\\/inicio\\\/#organization\",\"name\":\"News In Foco - Editado por Caio Pimenta\",\"description\":\"O principal site de noticias de Alagoinhas e regi\\u00e3o\",\"url\":\"https:\\\/\\\/newsinfoco.com.br\\\/inicio\\\/\"},{\"@type\":\"Person\",\"@id\":\"https:\\\/\\\/newsinfoco.com.br\\\/inicio\\\/author\\\/administrador\\\/#author\",\"url\":\"https:\\\/\\\/newsinfoco.com.br\\\/inicio\\\/author\\\/administrador\\\/\",\"name\":\"administrador\",\"image\":{\"@type\":\"ImageObject\",\"@id\":\"https:\\\/\\\/newsinfoco.com.br\\\/inicio\\\/zambelli-passa-mal-antes-de-audiencia-que-pode-definir-sua-prisao-na-italia\\\/#authorImage\",\"url\":\"https:\\\/\\\/secure.gravatar.com\\\/avatar\\\/c17a617433de8c1dc9584bb79aab7563b46f5bb7e1728c9b17d9cc3ce6a08e49?s=96&d=mm&r=g\",\"width\":96,\"height\":96,\"caption\":\"administrador\"}},{\"@type\":\"WebPage\",\"@id\":\"https:\\\/\\\/newsinfoco.com.br\\\/inicio\\\/zambelli-passa-mal-antes-de-audiencia-que-pode-definir-sua-prisao-na-italia\\\/#webpage\",\"url\":\"https:\\\/\\\/newsinfoco.com.br\\\/inicio\\\/zambelli-passa-mal-antes-de-audiencia-que-pode-definir-sua-prisao-na-italia\\\/\",\"name\":\"Zambelli passa mal antes de audi\\u00eancia que pode definir sua pris\\u00e3o na It\\u00e1lia - News In Foco - Editado por Caio Pimenta\",\"description\":\"A deputada federal Carla Zambelli (PL-SP) afirmou passar mal e recebeu atendimento m\\u00e9dico no Tribunal de Apela\\u00e7\\u00f5es de Roma, onde comparecia para uma audi\\u00eancia decisiva sobre a manuten\\u00e7\\u00e3o de sua pris\\u00e3o na It\\u00e1lia nesta quarta-feira (13). A parlamentar \\u00e9 considerada foragida da Justi\\u00e7a brasileira e est\\u00e1 encarcerada no pa\\u00eds europeu desde o final de julho.\",\"inLanguage\":\"pt-BR\",\"isPartOf\":{\"@id\":\"https:\\\/\\\/newsinfoco.com.br\\\/inicio\\\/#website\"},\"breadcrumb\":{\"@id\":\"https:\\\/\\\/newsinfoco.com.br\\\/inicio\\\/zambelli-passa-mal-antes-de-audiencia-que-pode-definir-sua-prisao-na-italia\\\/#breadcrumblist\"},\"author\":{\"@id\":\"https:\\\/\\\/newsinfoco.com.br\\\/inicio\\\/author\\\/administrador\\\/#author\"},\"creator\":{\"@id\":\"https:\\\/\\\/newsinfoco.com.br\\\/inicio\\\/author\\\/administrador\\\/#author\"},\"image\":{\"@type\":\"ImageObject\",\"url\":\"https:\\\/\\\/newsinfoco.com.br\\\/inicio\\\/wp-content\\\/uploads\\\/2025\\\/08\\\/ZAMBELLI-2-4.png\",\"@id\":\"https:\\\/\\\/newsinfoco.com.br\\\/inicio\\\/zambelli-passa-mal-antes-de-audiencia-que-pode-definir-sua-prisao-na-italia\\\/#mainImage\",\"width\":600,\"height\":420},\"primaryImageOfPage\":{\"@id\":\"https:\\\/\\\/newsinfoco.com.br\\\/inicio\\\/zambelli-passa-mal-antes-de-audiencia-que-pode-definir-sua-prisao-na-italia\\\/#mainImage\"},\"datePublished\":\"2025-08-13T13:47:11-03:00\",\"dateModified\":\"2025-08-13T13:47:11-03:00\"},{\"@type\":\"WebSite\",\"@id\":\"https:\\\/\\\/newsinfoco.com.br\\\/inicio\\\/#website\",\"url\":\"https:\\\/\\\/newsinfoco.com.br\\\/inicio\\\/\",\"name\":\"News In Foco - Editado por Caio Pimenta\",\"description\":\"O principal site de noticias de Alagoinhas e regi\\u00e3o\",\"inLanguage\":\"pt-BR\",\"publisher\":{\"@id\":\"https:\\\/\\\/newsinfoco.com.br\\\/inicio\\\/#organization\"}}]}\n\t\t<\/script>\n\t\t<!-- All in One SEO -->\n\n","aioseo_head_json":{"title":"Zambelli passa mal antes de audi\u00eancia que pode definir sua pris\u00e3o na It\u00e1lia - News In Foco - Editado por Caio Pimenta","description":"A deputada federal Carla Zambelli (PL-SP) afirmou passar mal e recebeu atendimento m\u00e9dico no Tribunal de Apela\u00e7\u00f5es de Roma, onde comparecia para uma audi\u00eancia decisiva sobre a manuten\u00e7\u00e3o de sua pris\u00e3o na It\u00e1lia nesta quarta-feira (13). A parlamentar \u00e9 considerada foragida da Justi\u00e7a brasileira e est\u00e1 encarcerada no pa\u00eds europeu desde o final de julho.","canonical_url":"https:\/\/newsinfoco.com.br\/inicio\/zambelli-passa-mal-antes-de-audiencia-que-pode-definir-sua-prisao-na-italia\/","robots":"max-image-preview:large","keywords":"","webmasterTools":{"miscellaneous":""},"schema":{"@context":"https:\/\/schema.org","@graph":[{"@type":"BlogPosting","@id":"https:\/\/newsinfoco.com.br\/inicio\/zambelli-passa-mal-antes-de-audiencia-que-pode-definir-sua-prisao-na-italia\/#blogposting","name":"Zambelli passa mal antes de audi\u00eancia que pode definir sua pris\u00e3o na It\u00e1lia - News In Foco - Editado por Caio Pimenta","headline":"Zambelli passa mal antes de audi\u00eancia que pode definir sua pris\u00e3o na It\u00e1lia","author":{"@id":"https:\/\/newsinfoco.com.br\/inicio\/author\/administrador\/#author"},"publisher":{"@id":"https:\/\/newsinfoco.com.br\/inicio\/#organization"},"image":{"@type":"ImageObject","url":"https:\/\/newsinfoco.com.br\/inicio\/wp-content\/uploads\/2025\/08\/ZAMBELLI-2-4.png","width":600,"height":420},"datePublished":"2025-08-13T13:47:11-03:00","dateModified":"2025-08-13T13:47:11-03:00","inLanguage":"pt-BR","mainEntityOfPage":{"@id":"https:\/\/newsinfoco.com.br\/inicio\/zambelli-passa-mal-antes-de-audiencia-que-pode-definir-sua-prisao-na-italia\/#webpage"},"isPartOf":{"@id":"https:\/\/newsinfoco.com.br\/inicio\/zambelli-passa-mal-antes-de-audiencia-que-pode-definir-sua-prisao-na-italia\/#webpage"},"articleSection":"Brasil"},{"@type":"BreadcrumbList","@id":"https:\/\/newsinfoco.com.br\/inicio\/zambelli-passa-mal-antes-de-audiencia-que-pode-definir-sua-prisao-na-italia\/#breadcrumblist","itemListElement":[{"@type":"ListItem","@id":"https:\/\/newsinfoco.com.br\/inicio#listItem","position":1,"name":"In\u00edcio","item":"https:\/\/newsinfoco.com.br\/inicio","nextItem":{"@type":"ListItem","@id":"https:\/\/newsinfoco.com.br\/inicio\/category\/brasil\/#listItem","name":"Brasil"}},{"@type":"ListItem","@id":"https:\/\/newsinfoco.com.br\/inicio\/category\/brasil\/#listItem","position":2,"name":"Brasil","item":"https:\/\/newsinfoco.com.br\/inicio\/category\/brasil\/","nextItem":{"@type":"ListItem","@id":"https:\/\/newsinfoco.com.br\/inicio\/zambelli-passa-mal-antes-de-audiencia-que-pode-definir-sua-prisao-na-italia\/#listItem","name":"Zambelli passa mal antes de audi\u00eancia que pode definir sua pris\u00e3o na It\u00e1lia"},"previousItem":{"@type":"ListItem","@id":"https:\/\/newsinfoco.com.br\/inicio#listItem","name":"In\u00edcio"}},{"@type":"ListItem","@id":"https:\/\/newsinfoco.com.br\/inicio\/zambelli-passa-mal-antes-de-audiencia-que-pode-definir-sua-prisao-na-italia\/#listItem","position":3,"name":"Zambelli passa mal antes de audi\u00eancia que pode definir sua pris\u00e3o na It\u00e1lia","previousItem":{"@type":"ListItem","@id":"https:\/\/newsinfoco.com.br\/inicio\/category\/brasil\/#listItem","name":"Brasil"}}]},{"@type":"Organization","@id":"https:\/\/newsinfoco.com.br\/inicio\/#organization","name":"News In Foco - Editado por Caio Pimenta","description":"O principal site de noticias de Alagoinhas e regi\u00e3o","url":"https:\/\/newsinfoco.com.br\/inicio\/"},{"@type":"Person","@id":"https:\/\/newsinfoco.com.br\/inicio\/author\/administrador\/#author","url":"https:\/\/newsinfoco.com.br\/inicio\/author\/administrador\/","name":"administrador","image":{"@type":"ImageObject","@id":"https:\/\/newsinfoco.com.br\/inicio\/zambelli-passa-mal-antes-de-audiencia-que-pode-definir-sua-prisao-na-italia\/#authorImage","url":"https:\/\/secure.gravatar.com\/avatar\/c17a617433de8c1dc9584bb79aab7563b46f5bb7e1728c9b17d9cc3ce6a08e49?s=96&d=mm&r=g","width":96,"height":96,"caption":"administrador"}},{"@type":"WebPage","@id":"https:\/\/newsinfoco.com.br\/inicio\/zambelli-passa-mal-antes-de-audiencia-que-pode-definir-sua-prisao-na-italia\/#webpage","url":"https:\/\/newsinfoco.com.br\/inicio\/zambelli-passa-mal-antes-de-audiencia-que-pode-definir-sua-prisao-na-italia\/","name":"Zambelli passa mal antes de audi\u00eancia que pode definir sua pris\u00e3o na It\u00e1lia - News In Foco - Editado por Caio Pimenta","description":"A deputada federal Carla Zambelli (PL-SP) afirmou passar mal e recebeu atendimento m\u00e9dico no Tribunal de Apela\u00e7\u00f5es de Roma, onde comparecia para uma audi\u00eancia decisiva sobre a manuten\u00e7\u00e3o de sua pris\u00e3o na It\u00e1lia nesta quarta-feira (13). A parlamentar \u00e9 considerada foragida da Justi\u00e7a brasileira e est\u00e1 encarcerada no pa\u00eds europeu desde o final de julho.","inLanguage":"pt-BR","isPartOf":{"@id":"https:\/\/newsinfoco.com.br\/inicio\/#website"},"breadcrumb":{"@id":"https:\/\/newsinfoco.com.br\/inicio\/zambelli-passa-mal-antes-de-audiencia-que-pode-definir-sua-prisao-na-italia\/#breadcrumblist"},"author":{"@id":"https:\/\/newsinfoco.com.br\/inicio\/author\/administrador\/#author"},"creator":{"@id":"https:\/\/newsinfoco.com.br\/inicio\/author\/administrador\/#author"},"image":{"@type":"ImageObject","url":"https:\/\/newsinfoco.com.br\/inicio\/wp-content\/uploads\/2025\/08\/ZAMBELLI-2-4.png","@id":"https:\/\/newsinfoco.com.br\/inicio\/zambelli-passa-mal-antes-de-audiencia-que-pode-definir-sua-prisao-na-italia\/#mainImage","width":600,"height":420},"primaryImageOfPage":{"@id":"https:\/\/newsinfoco.com.br\/inicio\/zambelli-passa-mal-antes-de-audiencia-que-pode-definir-sua-prisao-na-italia\/#mainImage"},"datePublished":"2025-08-13T13:47:11-03:00","dateModified":"2025-08-13T13:47:11-03:00"},{"@type":"WebSite","@id":"https:\/\/newsinfoco.com.br\/inicio\/#website","url":"https:\/\/newsinfoco.com.br\/inicio\/","name":"News In Foco - Editado por Caio Pimenta","description":"O principal site de noticias de Alagoinhas e regi\u00e3o","inLanguage":"pt-BR","publisher":{"@id":"https:\/\/newsinfoco.com.br\/inicio\/#organization"}}]},"og:locale":"pt_BR","og:site_name":"News In Foco - Editado por Caio Pimenta - O principal site de noticias de Alagoinhas e regi\u00e3o","og:type":"article","og:title":"Zambelli passa mal antes de audi\u00eancia que pode definir sua pris\u00e3o na It\u00e1lia - News In Foco - Editado por Caio Pimenta","og:description":"A deputada federal Carla Zambelli (PL-SP) afirmou passar mal e recebeu atendimento m\u00e9dico no Tribunal de Apela\u00e7\u00f5es de Roma, onde comparecia para uma audi\u00eancia decisiva sobre a manuten\u00e7\u00e3o de sua pris\u00e3o na It\u00e1lia nesta quarta-feira (13). A parlamentar \u00e9 considerada foragida da Justi\u00e7a brasileira e est\u00e1 encarcerada no pa\u00eds europeu desde o final de julho.","og:url":"https:\/\/newsinfoco.com.br\/inicio\/zambelli-passa-mal-antes-de-audiencia-que-pode-definir-sua-prisao-na-italia\/","article:published_time":"2025-08-13T16:47:11+00:00","article:modified_time":"2025-08-13T16:47:11+00:00","twitter:card":"summary_large_image","twitter:title":"Zambelli passa mal antes de audi\u00eancia que pode definir sua pris\u00e3o na It\u00e1lia - News In Foco - Editado por Caio Pimenta","twitter:description":"A deputada federal Carla Zambelli (PL-SP) afirmou passar mal e recebeu atendimento m\u00e9dico no Tribunal de Apela\u00e7\u00f5es de Roma, onde comparecia para uma audi\u00eancia decisiva sobre a manuten\u00e7\u00e3o de sua pris\u00e3o na It\u00e1lia nesta quarta-feira (13). A parlamentar \u00e9 considerada foragida da Justi\u00e7a brasileira e est\u00e1 encarcerada no pa\u00eds europeu desde o final de julho."},"aioseo_meta_data":{"post_id":"44180","title":null,"description":null,"keywords":null,"keyphrases":{"focus":{"keyphrase":"","score":0,"analysis":{"keyphraseInTitle":{"score":0,"maxScore":9,"error":1}}},"additional":[]},"primary_term":null,"canonical_url":null,"og_title":null,"og_description":null,"og_object_type":"default","og_image_type":"default","og_image_url":null,"og_image_width":null,"og_image_height":null,"og_image_custom_url":null,"og_image_custom_fields":null,"og_video":"","og_custom_url":null,"og_article_section":null,"og_article_tags":null,"twitter_use_og":false,"twitter_card":"default","twitter_image_type":"default","twitter_image_url":null,"twitter_image_custom_url":null,"twitter_image_custom_fields":null,"twitter_title":null,"twitter_description":null,"schema":{"blockGraphs":[],"customGraphs":[],"default":{"data":{"Article":[],"Course":[],"Dataset":[],"FAQPage":[],"Movie":[],"Person":[],"Product":[],"ProductReview":[],"Car":[],"Recipe":[],"Service":[],"SoftwareApplication":[],"WebPage":[]},"graphName":"BlogPosting","isEnabled":true},"graphs":[]},"schema_type":"default","schema_type_options":null,"pillar_content":false,"robots_default":true,"robots_noindex":false,"robots_noarchive":false,"robots_nosnippet":false,"robots_nofollow":false,"robots_noimageindex":false,"robots_noodp":false,"robots_notranslate":false,"robots_max_snippet":"-1","robots_max_videopreview":"-1","robots_max_imagepreview":"large","priority":null,"frequency":"default","local_seo":null,"breadcrumb_settings":null,"limit_modified_date":false,"ai":{"faqs":[],"keyPoints":[],"titles":[],"descriptions":[],"socialPosts":{"email":[],"linkedin":[],"twitter":[],"facebook":[],"instagram":[]}},"created":"2025-08-13 16:47:11","updated":"2025-08-13 16:52:48","seo_analyzer_scan_date":null},"aioseo_breadcrumb":"<div class=\"aioseo-breadcrumbs\"><span class=\"aioseo-breadcrumb\">\n\t\t\t<a href=\"https:\/\/newsinfoco.com.br\/inicio\" title=\"In\u00edcio\">In\u00edcio<\/a>\n\t\t<\/span><span class=\"aioseo-breadcrumb-separator\">&raquo;<\/span><span class=\"aioseo-breadcrumb\">\n\t\t\t<a href=\"https:\/\/newsinfoco.com.br\/inicio\/category\/brasil\/\" title=\"Brasil\">Brasil<\/a>\n\t\t<\/span><span class=\"aioseo-breadcrumb-separator\">&raquo;<\/span><span class=\"aioseo-breadcrumb\">\n\t\t\tZambelli passa mal antes de audi\u00eancia que pode definir sua pris\u00e3o na It\u00e1lia\n\t\t<\/span><\/div>","aioseo_breadcrumb_json":[{"label":"In\u00edcio","link":"https:\/\/newsinfoco.com.br\/inicio"},{"label":"Brasil","link":"https:\/\/newsinfoco.com.br\/inicio\/category\/brasil\/"},{"label":"Zambelli passa mal antes de audi\u00eancia que pode definir sua pris\u00e3o na It\u00e1lia","link":"https:\/\/newsinfoco.com.br\/inicio\/zambelli-passa-mal-antes-de-audiencia-que-pode-definir-sua-prisao-na-italia\/"}],"_links":{"self":[{"href":"https:\/\/newsinfoco.com.br\/inicio\/wp-json\/wp\/v2\/posts\/44180","targetHints":{"allow":["GET"]}}],"collection":[{"href":"https:\/\/newsinfoco.com.br\/inicio\/wp-json\/wp\/v2\/posts"}],"about":[{"href":"https:\/\/newsinfoco.com.br\/inicio\/wp-json\/wp\/v2\/types\/post"}],"author":[{"embeddable":true,"href":"https:\/\/newsinfoco.com.br\/inicio\/wp-json\/wp\/v2\/users\/1"}],"replies":[{"embeddable":true,"href":"https:\/\/newsinfoco.com.br\/inicio\/wp-json\/wp\/v2\/comments?post=44180"}],"version-history":[{"count":1,"href":"https:\/\/newsinfoco.com.br\/inicio\/wp-json\/wp\/v2\/posts\/44180\/revisions"}],"predecessor-version":[{"id":44182,"href":"https:\/\/newsinfoco.com.br\/inicio\/wp-json\/wp\/v2\/posts\/44180\/revisions\/44182"}],"wp:featuredmedia":[{"embeddable":true,"href":"https:\/\/newsinfoco.com.br\/inicio\/wp-json\/wp\/v2\/media\/44181"}],"wp:attachment":[{"href":"https:\/\/newsinfoco.com.br\/inicio\/wp-json\/wp\/v2\/media?parent=44180"}],"wp:term":[{"taxonomy":"category","embeddable":true,"href":"https:\/\/newsinfoco.com.br\/inicio\/wp-json\/wp\/v2\/categories?post=44180"},{"taxonomy":"post_tag","embeddable":true,"href":"https:\/\/newsinfoco.com.br\/inicio\/wp-json\/wp\/v2\/tags?post=44180"}],"curies":[{"name":"wp","href":"https:\/\/api.w.org\/{rel}","templated":true}]}}